{"id":55456,"date":"2017-09-22T14:38:15","date_gmt":"2017-09-22T17:38:15","guid":{"rendered":"https:\/\/www.jornalja.com.br\/?p=55456"},"modified":"2017-09-22T14:38:15","modified_gmt":"2017-09-22T17:38:15","slug":"quando-o-campeonato-brasileiro-tinha-graca","status":"publish","type":"post","link":"https:\/\/www.jornalja.com.br\/arquivo\/quando-o-campeonato-brasileiro-tinha-graca\/","title":{"rendered":"Quando o Campeonato Brasileiro tinha gra\u00e7a"},"content":{"rendered":"<h2><\/h2>\n<h3>\u00a0<span class=\"assina\">EDUARDO MARETTI<\/span><\/h3>\n<p>Na era dos pontos corridos, \u00e9 bom lembrar de quando o Campeonato Brasileiro tinha gra\u00e7a, j\u00e1 que hoje o Brasileir\u00e3o n\u00e3o interessa a n\u00e3o ser para &#8220;se classificar para a Libertadores&#8221;.<br \/>\nNa \u00e9poca de ouro do boxe, era costume a gente (todo mundo) se referir a um grande combate como &#8220;a luta \u00a0do s\u00e9culo&#8221;. No futebol, como no boxe, isso \u00e9 discut\u00edvel, claro. Depende do ponto de vista.<br \/>\nMas n\u00e3o importa. O &#8220;jogo do s\u00e9culo&#8221; \u00a0aconteceu no dia 15 de dezembro de 2002, no Morumbi, quando o Santos bateu o Corinthians por 3 a 2 e sagrou-se campe\u00e3o brasileiro depois de 18 anos sem ganhar um t\u00edtulo importante. Foi o \u00faltimo campeonato antes da era dos pontos corridos, iniciada em 2003.<br \/>\nOs melhores momentos do jogo, com a narra\u00e7\u00e3o magistral (de r\u00e1dio) do grande Jos\u00e9 Silv\u00e9rio:<\/p>\n<p>Como disse um comentarista na \u00e9poca, aquilo &#8220;n\u00e3o foi um jogo de futebol, foi uma \u00f3pera&#8221;. Independentemente de eu ser santista, foi um dos maiores jogos de futebol que vi na vida. No caso, o maior, o &#8220;jogo do s\u00e9culo&#8221;.<br \/>\nEst\u00e1vamos l\u00e1, a fam\u00edlia reunida, Carmem (tamb\u00e9m conhecida como Jacar\u00e9 do Rio Claro ou Emin\u00eancia Parda) e Gabriel. Vimos tudo do lado esquerdo do Santos no primeiro tempo e do lado direito no segundo. De maneira que testemunhamos Robinho fazer as jogadas do primeiro e do segundo gols mais de perto (&#8220;mais&#8221; porque o Morumbi \u00e9 um est\u00e1dio enorme e voc\u00ea n\u00e3o fica t\u00e3o perto do campo como no maravilhoso Pacaembu ou na sagrada Vila Belmiro).<br \/>\nTamb\u00e9m vimos o monstro F\u00e1bio Costa, com suas defesas monumentais, numa das mais incr\u00edveis atua\u00e7\u00f5es de goleiro que j\u00e1 vi. E olha que j\u00e1 vi Cejas e Rodolfo Rodrigues, s\u00f3 pra falar de santistas. A 1 (um) minuto de jogo, F\u00e1bio Costa, que veio da Bahia, j\u00e1 come\u00e7ava a mostrar que aquele t\u00edtulo j\u00e1 estava escrito nas estrelas, como talvez dissesse Nelson Rodrigues. \u00c9 s\u00f3 ver o v\u00eddeo.<br \/>\n***<br \/>\nN\u00e3o publico aqui por efem\u00e9ride nem nada parecido. \u00c9 que postei esse v\u00eddeo acima no Facebook e resolvi registrar aqui porque em blog se registra mais definitivamente &#8212; no face, daqui a uma semana, ningu\u00e9m acha mais (a fragmenta\u00e7\u00e3o \u00e9 deliberada) &#8212; e, afinal, tenho amigos que n\u00e3o t\u00eam conta na rede social.<br \/>\nO Santos podia at\u00e9 perder por um gol de diferen\u00e7a que seria campe\u00e3o (porque ganhou o primeiro jogo de 2 a 0) e vencia por 1 a 0 at\u00e9 30 do segundo tempo. Mas, quando a gente come\u00e7ava a timidamente querer comemorar (nunca se comemora uma vit\u00f3ria contra o Corinthians de antem\u00e3o), eles empataram, aos 30, e viraram aos 39. Sofrimento, tens\u00e3o extrema, taquicardia, at\u00e9 falta de ar. Mais um gol e aquele maravilhoso time de meninos de Emerson Le\u00e3o perderia para a equipe de Carlos Alberto Parreira, um belo time de um grande t\u00e9cnico, diga-se.<br \/>\nMas, 3 minutos e meio depois do segundo gol corintiano, Elano marcou o segundo do Peixe, aos 43. O gol do t\u00edtulo. Elano saindo pra comemorar o gol e o t\u00edtulo levantando a camisa e mostrando a imagem de Nossa Sra. Aparecida, a padroeira do Brasil. Ou seja, foi um gol m\u00e1gico e espiritual para coroar um t\u00edtulo m\u00e1gico e espiritual. S\u00f3 santista entende isso.<br \/>\nEstava 2 a 2. Eram 43 do segundo tempo e o Corinthians, o sempre terr\u00edvel advers\u00e1rio, precisava ent\u00e3o fazer dois gols em 4 minutos. \u00c9ramos campe\u00f5es! Chor\u00e1vamos na arquibancada.<br \/>\nO gol do t\u00edtulo, talvez o maior gol que o maior ataque do mundo j\u00e1 fez (o Santos \u00e9 o time que mais fez gols na hist\u00f3ria do futebol, com cerca de 12.400 gols). A jogada foi um desenho geom\u00e9trico (pode conferir no v\u00eddeo), um tri\u00e2ngulo (Elano-Robinho-Elano) para a antologia do futebol.<br \/>\nElano seria, ali\u00e1s, autor do gol do t\u00edtulo brasileiro de 2004 tamb\u00e9m. Mas a\u00ed j\u00e1 era campeonato de pontos corridos, que os brasileiros resolveram copiar dos europeus para estragar nosso campeonato nacional, para regozijo da &#8220;cr\u00f4nica esportiva&#8221;, que at\u00e9 hoje bate palmas para essa estupidez.<br \/>\n*\u00a0Digo que o campeonato de 2002 foi o \u00faltimo que teve gra\u00e7a porque foram raros os que, a partir da era dos pontos corridos (2003), emocionaram. Curiosamente, um dos \u00fanicos foi o de 2004, quando de novo o campe\u00e3o foi o Santos, numa disputa que s\u00f3 terminou na \u00faltima rodada, aos 45 do segundo tempo.<br \/>\n***<br \/>\nAs escala\u00e7\u00f5es da final de 2002:<br \/>\nSantos: F\u00e1bio Costa; Maurinho, Andr\u00e9 Lu\u00eds, Alex e L\u00e9o; Paulo Almeida, Renato, Elano e Diego (Robert, depois Michel); Robinho e William (Alexandre). T\u00e9cnico: \u00c9merson Le\u00e3o<br \/>\nCorinthians: Doni; Rog\u00e9rio, Anderson, F\u00e1bio Luciano e Kl\u00e9ber; Vampeta, Fabinho (Fabr\u00edcio) e Renato (Marcinho); Gil, Deivid e Guilherme (Leandro). T\u00e9cnico: Carlos Alberto Parreira<br \/>\n<em>(Publicado originalmente no <a href=\"http:\/\/fatosetc.blogspot.com.br\/2017\/08\/para-nao-esquecer-final-do-campeonato.html\">blog do autor<\/a>)<\/em><\/p>\n","protected":false},"excerpt":{"rendered":"<p>\u00a0EDUARDO MARETTI Na era dos pontos corridos, \u00e9 bom lembrar de quando o Campeonato Brasileiro tinha gra\u00e7a, j\u00e1 que hoje o Brasileir\u00e3o n\u00e3o interessa a n\u00e3o ser para &#8220;se classificar para a Libertadores&#8221;. Na \u00e9poca de ouro do boxe, era costume a gente (todo mundo) se referir a um grande combate como &#8220;a luta \u00a0do [&hellip;]<\/p>\n","protected":false},"author":4,"featured_media":0,"comment_status":"open","ping_status":"closed","sticky":false,"template":"","format":"standard","meta":{"_jetpack_newsletter_access":"","_jetpack_dont_email_post_to_subs":false,"_jetpack_newsletter_tier_id":0,"_jetpack_memberships_contains_paywalled_content":false,"_jetpack_feature_clip_id":0,"_jetpack_memberships_contains_paid_content":false,"footnotes":"","jetpack_post_was_ever_published":false},"categories":[10],"tags":[],"class_list":["post-55456","post","type-post","status-publish","format-standard","hentry","category-analiseopiniao"],"aioseo_notices":[],"aioseo_head":"\n\t\t<!-- All in One SEO 5.0.1.1 - aioseo.com -->\n\t<meta name=\"robots\" content=\"max-image-preview:large\" \/>\n\t<meta name=\"author\" content=\"da Reda\u00e7\u00e3o\"\/>\n\t<link rel=\"canonical\" href=\"https:\/\/www.jornalja.com.br\/arquivo\/quando-o-campeonato-brasileiro-tinha-graca\/\" \/>\n\t<meta name=\"generator\" content=\"All in One SEO (AIOSEO) 5.0.1.1\" \/>\n\t\t<meta property=\"og:locale\" content=\"pt_BR\" \/>\n\t\t<meta property=\"og:site_name\" content=\"Arquivo | Jornal J\u00c1 | Porto Alegre\" \/>\n\t\t<meta property=\"og:type\" content=\"article\" \/>\n\t\t<meta property=\"og:title\" content=\"Quando o Campeonato Brasileiro tinha gra\u00e7a | Arquivo\" \/>\n\t\t<meta property=\"og:url\" content=\"https:\/\/www.jornalja.com.br\/arquivo\/quando-o-campeonato-brasileiro-tinha-graca\/\" \/>\n\t\t<meta property=\"og:image\" content=\"https:\/\/www.jornalja.com.br\/economics\/wp-content\/uploads\/sites\/11\/2026\/08\/ja-folhaderosto-facebook.jpg\" \/>\n\t\t<meta property=\"og:image:secure_url\" content=\"https:\/\/www.jornalja.com.br\/economics\/wp-content\/uploads\/sites\/11\/2026\/08\/ja-folhaderosto-facebook.jpg\" \/>\n\t\t<meta property=\"article:published_time\" content=\"2017-09-22T17:38:15+00:00\" \/>\n\t\t<meta property=\"article:modified_time\" content=\"2017-09-22T17:38:15+00:00\" \/>\n\t\t<meta name=\"twitter:card\" content=\"summary\" \/>\n\t\t<meta name=\"twitter:title\" content=\"Quando o Campeonato Brasileiro tinha gra\u00e7a | Arquivo\" \/>\n\t\t<meta name=\"twitter:image\" content=\"https:\/\/www.jornalja.com.br\/economics\/wp-content\/uploads\/sites\/11\/2026\/08\/ja-folhaderosto-facebook.jpg\" \/>\n\t\t<script type=\"application\/ld+json\" class=\"aioseo-schema\">\n\t\t\t{\"@context\":\"https:\\\/\\\/schema.org\",\"@graph\":[{\"@type\":\"BlogPosting\",\"@id\":\"https:\\\/\\\/www.jornalja.com.br\\\/arquivo\\\/quando-o-campeonato-brasileiro-tinha-graca\\\/#blogposting\",\"name\":\"Quando o Campeonato Brasileiro tinha gra\\u00e7a | Arquivo\",\"headline\":\"Quando o Campeonato Brasileiro tinha gra\\u00e7a\",\"author\":{\"@id\":\"https:\\\/\\\/www.jornalja.com.br\\\/arquivo\\\/author\\\/daredacao\\\/#author\"},\"publisher\":{\"@id\":\"https:\\\/\\\/www.jornalja.com.br\\\/arquivo\\\/#organization\"},\"image\":{\"@type\":\"ImageObject\",\"url\":\"https:\\\/\\\/www.jornalja.com.br\\\/wp-content\\\/uploads\\\/cards\\\/JAslogan.png\",\"@id\":\"https:\\\/\\\/www.jornalja.com.br\\\/arquivo\\\/#articleImage\"},\"datePublished\":\"2017-09-22T14:38:15-03:00\",\"dateModified\":\"2017-09-22T14:38:15-03:00\",\"inLanguage\":\"pt-BR\",\"mainEntityOfPage\":{\"@id\":\"https:\\\/\\\/www.jornalja.com.br\\\/arquivo\\\/quando-o-campeonato-brasileiro-tinha-graca\\\/#webpage\"},\"isPartOf\":{\"@id\":\"https:\\\/\\\/www.jornalja.com.br\\\/arquivo\\\/quando-o-campeonato-brasileiro-tinha-graca\\\/#webpage\"},\"articleSection\":\"AN\\u00c1LISE&amp;OPINI\\u00c3O\"},{\"@type\":\"BreadcrumbList\",\"@id\":\"https:\\\/\\\/www.jornalja.com.br\\\/arquivo\\\/quando-o-campeonato-brasileiro-tinha-graca\\\/#breadcrumblist\",\"itemListElement\":[{\"@type\":\"ListItem\",\"@id\":\"https:\\\/\\\/www.jornalja.com.br\\\/arquivo#listItem\",\"position\":1,\"name\":\"Home\",\"item\":\"https:\\\/\\\/www.jornalja.com.br\\\/arquivo\",\"nextItem\":{\"@type\":\"ListItem\",\"@id\":\"https:\\\/\\\/www.jornalja.com.br\\\/arquivo\\\/category\\\/analiseopiniao\\\/#listItem\",\"name\":\"AN\\u00c1LISE&amp;OPINI\\u00c3O\"}},{\"@type\":\"ListItem\",\"@id\":\"https:\\\/\\\/www.jornalja.com.br\\\/arquivo\\\/category\\\/analiseopiniao\\\/#listItem\",\"position\":2,\"name\":\"AN\\u00c1LISE&amp;OPINI\\u00c3O\",\"item\":\"https:\\\/\\\/www.jornalja.com.br\\\/arquivo\\\/category\\\/analiseopiniao\\\/\",\"nextItem\":{\"@type\":\"ListItem\",\"@id\":\"https:\\\/\\\/www.jornalja.com.br\\\/arquivo\\\/quando-o-campeonato-brasileiro-tinha-graca\\\/#listItem\",\"name\":\"Quando o Campeonato Brasileiro tinha gra\\u00e7a\"},\"previousItem\":{\"@type\":\"ListItem\",\"@id\":\"https:\\\/\\\/www.jornalja.com.br\\\/arquivo#listItem\",\"name\":\"Home\"}},{\"@type\":\"ListItem\",\"@id\":\"https:\\\/\\\/www.jornalja.com.br\\\/arquivo\\\/quando-o-campeonato-brasileiro-tinha-graca\\\/#listItem\",\"position\":3,\"name\":\"Quando o Campeonato Brasileiro tinha gra\\u00e7a\",\"previousItem\":{\"@type\":\"ListItem\",\"@id\":\"https:\\\/\\\/www.jornalja.com.br\\\/arquivo\\\/category\\\/analiseopiniao\\\/#listItem\",\"name\":\"AN\\u00c1LISE&amp;OPINI\\u00c3O\"}}]},{\"@type\":\"Organization\",\"@id\":\"https:\\\/\\\/www.jornalja.com.br\\\/arquivo\\\/#organization\",\"name\":\"Jornal J\\u00c1\",\"description\":\"Jornal J\\u00c1 | Porto Alegre\",\"url\":\"https:\\\/\\\/www.jornalja.com.br\\\/arquivo\\\/\",\"telephone\":\"+555133307272\",\"logo\":{\"@type\":\"ImageObject\",\"url\":\"https:\\\/\\\/www.jornalja.com.br\\\/wp-content\\\/uploads\\\/cards\\\/JAslogan.png\",\"@id\":\"https:\\\/\\\/www.jornalja.com.br\\\/arquivo\\\/quando-o-campeonato-brasileiro-tinha-graca\\\/#organizationLogo\"},\"image\":{\"@id\":\"https:\\\/\\\/www.jornalja.com.br\\\/arquivo\\\/quando-o-campeonato-brasileiro-tinha-graca\\\/#organizationLogo\"}},{\"@type\":\"Person\",\"@id\":\"https:\\\/\\\/www.jornalja.com.br\\\/arquivo\\\/author\\\/daredacao\\\/#author\",\"url\":\"https:\\\/\\\/www.jornalja.com.br\\\/arquivo\\\/author\\\/daredacao\\\/\",\"name\":\"da Reda\\u00e7\\u00e3o\",\"image\":{\"@type\":\"ImageObject\",\"@id\":\"https:\\\/\\\/www.jornalja.com.br\\\/arquivo\\\/quando-o-campeonato-brasileiro-tinha-graca\\\/#authorImage\",\"url\":\"https:\\\/\\\/secure.gravatar.com\\\/avatar\\\/469fd857d6605ad19919d27ed29d35a968a25f6e8fd9318356bbb7f57aae9c65?s=96&d=mm&r=g\",\"width\":96,\"height\":96,\"caption\":\"da Reda\\u00e7\\u00e3o\"}},{\"@type\":\"WebPage\",\"@id\":\"https:\\\/\\\/www.jornalja.com.br\\\/arquivo\\\/quando-o-campeonato-brasileiro-tinha-graca\\\/#webpage\",\"url\":\"https:\\\/\\\/www.jornalja.com.br\\\/arquivo\\\/quando-o-campeonato-brasileiro-tinha-graca\\\/\",\"name\":\"Quando o Campeonato Brasileiro tinha gra\\u00e7a | Arquivo\",\"inLanguage\":\"pt-BR\",\"isPartOf\":{\"@id\":\"https:\\\/\\\/www.jornalja.com.br\\\/arquivo\\\/#website\"},\"breadcrumb\":{\"@id\":\"https:\\\/\\\/www.jornalja.com.br\\\/arquivo\\\/quando-o-campeonato-brasileiro-tinha-graca\\\/#breadcrumblist\"},\"author\":{\"@id\":\"https:\\\/\\\/www.jornalja.com.br\\\/arquivo\\\/author\\\/daredacao\\\/#author\"},\"creator\":{\"@id\":\"https:\\\/\\\/www.jornalja.com.br\\\/arquivo\\\/author\\\/daredacao\\\/#author\"},\"datePublished\":\"2017-09-22T14:38:15-03:00\",\"dateModified\":\"2017-09-22T14:38:15-03:00\"},{\"@type\":\"WebSite\",\"@id\":\"https:\\\/\\\/www.jornalja.com.br\\\/arquivo\\\/#website\",\"url\":\"https:\\\/\\\/www.jornalja.com.br\\\/arquivo\\\/\",\"name\":\"Arquivo\",\"description\":\"Jornal J\\u00c1 | Porto Alegre\",\"inLanguage\":\"pt-BR\",\"publisher\":{\"@id\":\"https:\\\/\\\/www.jornalja.com.br\\\/arquivo\\\/#organization\"}}]}\n\t\t<\/script>\n\t\t<!-- All in One SEO -->\n\n","aioseo_head_json":{"title":"Quando o Campeonato Brasileiro tinha gra\u00e7a | Arquivo","description":"","canonical_url":"https:\/\/www.jornalja.com.br\/arquivo\/quando-o-campeonato-brasileiro-tinha-graca\/","robots":"max-image-preview:large","keywords":"","webmasterTools":{"miscellaneous":""},"schema":{"@context":"https:\/\/schema.org","@graph":[{"@type":"BlogPosting","@id":"https:\/\/www.jornalja.com.br\/arquivo\/quando-o-campeonato-brasileiro-tinha-graca\/#blogposting","name":"Quando o Campeonato Brasileiro tinha gra\u00e7a | Arquivo","headline":"Quando o Campeonato Brasileiro tinha gra\u00e7a","author":{"@id":"https:\/\/www.jornalja.com.br\/arquivo\/author\/daredacao\/#author"},"publisher":{"@id":"https:\/\/www.jornalja.com.br\/arquivo\/#organization"},"image":{"@type":"ImageObject","url":"https:\/\/www.jornalja.com.br\/wp-content\/uploads\/cards\/JAslogan.png","@id":"https:\/\/www.jornalja.com.br\/arquivo\/#articleImage"},"datePublished":"2017-09-22T14:38:15-03:00","dateModified":"2017-09-22T14:38:15-03:00","inLanguage":"pt-BR","mainEntityOfPage":{"@id":"https:\/\/www.jornalja.com.br\/arquivo\/quando-o-campeonato-brasileiro-tinha-graca\/#webpage"},"isPartOf":{"@id":"https:\/\/www.jornalja.com.br\/arquivo\/quando-o-campeonato-brasileiro-tinha-graca\/#webpage"},"articleSection":"AN\u00c1LISE&amp;OPINI\u00c3O"},{"@type":"BreadcrumbList","@id":"https:\/\/www.jornalja.com.br\/arquivo\/quando-o-campeonato-brasileiro-tinha-graca\/#breadcrumblist","itemListElement":[{"@type":"ListItem","@id":"https:\/\/www.jornalja.com.br\/arquivo#listItem","position":1,"name":"Home","item":"https:\/\/www.jornalja.com.br\/arquivo","nextItem":{"@type":"ListItem","@id":"https:\/\/www.jornalja.com.br\/arquivo\/category\/analiseopiniao\/#listItem","name":"AN\u00c1LISE&amp;OPINI\u00c3O"}},{"@type":"ListItem","@id":"https:\/\/www.jornalja.com.br\/arquivo\/category\/analiseopiniao\/#listItem","position":2,"name":"AN\u00c1LISE&amp;OPINI\u00c3O","item":"https:\/\/www.jornalja.com.br\/arquivo\/category\/analiseopiniao\/","nextItem":{"@type":"ListItem","@id":"https:\/\/www.jornalja.com.br\/arquivo\/quando-o-campeonato-brasileiro-tinha-graca\/#listItem","name":"Quando o Campeonato Brasileiro tinha gra\u00e7a"},"previousItem":{"@type":"ListItem","@id":"https:\/\/www.jornalja.com.br\/arquivo#listItem","name":"Home"}},{"@type":"ListItem","@id":"https:\/\/www.jornalja.com.br\/arquivo\/quando-o-campeonato-brasileiro-tinha-graca\/#listItem","position":3,"name":"Quando o Campeonato Brasileiro tinha gra\u00e7a","previousItem":{"@type":"ListItem","@id":"https:\/\/www.jornalja.com.br\/arquivo\/category\/analiseopiniao\/#listItem","name":"AN\u00c1LISE&amp;OPINI\u00c3O"}}]},{"@type":"Organization","@id":"https:\/\/www.jornalja.com.br\/arquivo\/#organization","name":"Jornal J\u00c1","description":"Jornal J\u00c1 | Porto Alegre","url":"https:\/\/www.jornalja.com.br\/arquivo\/","telephone":"+555133307272","logo":{"@type":"ImageObject","url":"https:\/\/www.jornalja.com.br\/wp-content\/uploads\/cards\/JAslogan.png","@id":"https:\/\/www.jornalja.com.br\/arquivo\/quando-o-campeonato-brasileiro-tinha-graca\/#organizationLogo"},"image":{"@id":"https:\/\/www.jornalja.com.br\/arquivo\/quando-o-campeonato-brasileiro-tinha-graca\/#organizationLogo"}},{"@type":"Person","@id":"https:\/\/www.jornalja.com.br\/arquivo\/author\/daredacao\/#author","url":"https:\/\/www.jornalja.com.br\/arquivo\/author\/daredacao\/","name":"da Reda\u00e7\u00e3o","image":{"@type":"ImageObject","@id":"https:\/\/www.jornalja.com.br\/arquivo\/quando-o-campeonato-brasileiro-tinha-graca\/#authorImage","url":"https:\/\/secure.gravatar.com\/avatar\/469fd857d6605ad19919d27ed29d35a968a25f6e8fd9318356bbb7f57aae9c65?s=96&d=mm&r=g","width":96,"height":96,"caption":"da Reda\u00e7\u00e3o"}},{"@type":"WebPage","@id":"https:\/\/www.jornalja.com.br\/arquivo\/quando-o-campeonato-brasileiro-tinha-graca\/#webpage","url":"https:\/\/www.jornalja.com.br\/arquivo\/quando-o-campeonato-brasileiro-tinha-graca\/","name":"Quando o Campeonato Brasileiro tinha gra\u00e7a | Arquivo","inLanguage":"pt-BR","isPartOf":{"@id":"https:\/\/www.jornalja.com.br\/arquivo\/#website"},"breadcrumb":{"@id":"https:\/\/www.jornalja.com.br\/arquivo\/quando-o-campeonato-brasileiro-tinha-graca\/#breadcrumblist"},"author":{"@id":"https:\/\/www.jornalja.com.br\/arquivo\/author\/daredacao\/#author"},"creator":{"@id":"https:\/\/www.jornalja.com.br\/arquivo\/author\/daredacao\/#author"},"datePublished":"2017-09-22T14:38:15-03:00","dateModified":"2017-09-22T14:38:15-03:00"},{"@type":"WebSite","@id":"https:\/\/www.jornalja.com.br\/arquivo\/#website","url":"https:\/\/www.jornalja.com.br\/arquivo\/","name":"Arquivo","description":"Jornal J\u00c1 | Porto Alegre","inLanguage":"pt-BR","publisher":{"@id":"https:\/\/www.jornalja.com.br\/arquivo\/#organization"}}]},"og:locale":"pt_BR","og:site_name":"Arquivo | Jornal J\u00c1 | Porto Alegre","og:type":"article","og:title":"Quando o Campeonato Brasileiro tinha gra\u00e7a | Arquivo","og:url":"https:\/\/www.jornalja.com.br\/arquivo\/quando-o-campeonato-brasileiro-tinha-graca\/","og:image":"https:\/\/www.jornalja.com.br\/economics\/wp-content\/uploads\/sites\/11\/2026\/08\/ja-folhaderosto-facebook.jpg","og:image:secure_url":"https:\/\/www.jornalja.com.br\/economics\/wp-content\/uploads\/sites\/11\/2026\/08\/ja-folhaderosto-facebook.jpg","article:published_time":"2017-09-22T17:38:15+00:00","article:modified_time":"2017-09-22T17:38:15+00:00","twitter:card":"summary","twitter:title":"Quando o Campeonato Brasileiro tinha gra\u00e7a | Arquivo","twitter:image":"https:\/\/www.jornalja.com.br\/economics\/wp-content\/uploads\/sites\/11\/2026\/08\/ja-folhaderosto-facebook.jpg"},"aioseo_meta_data":{"post_id":"55456","title":null,"description":null,"keywords":null,"keyphrases":null,"primary_term":null,"canonical_url":null,"og_title":null,"og_description":null,"og_object_type":"default","og_image_type":"default","og_image_url":null,"og_image_width":null,"og_image_height":null,"og_image_custom_url":null,"og_image_custom_fields":null,"og_video":null,"og_custom_url":null,"og_article_section":null,"og_article_tags":null,"twitter_use_og":false,"twitter_card":"default","twitter_image_type":"default","twitter_image_url":null,"twitter_image_custom_url":null,"twitter_image_custom_fields":null,"twitter_title":null,"twitter_description":null,"schema":{"blockGraphs":[],"customGraphs":[],"default":{"data":{"Article":[],"Course":[],"Dataset":[],"FAQPage":[],"Movie":[],"Person":[],"Product":[],"ProductReview":[],"Car":[],"Recipe":[],"Service":[],"SoftwareApplication":[],"WebPage":[]},"graphName":"","isEnabled":true},"graphs":[],"defaultGraph":"","defaultPostTypeGraph":""},"schema_type":null,"schema_type_options":null,"pillar_content":false,"robots_default":true,"robots_noindex":false,"robots_noarchive":false,"robots_nosnippet":false,"robots_nofollow":false,"robots_noimageindex":false,"robots_noodp":false,"robots_notranslate":false,"robots_max_snippet":null,"robots_max_videopreview":null,"robots_max_imagepreview":"large","priority":null,"frequency":null,"location":null,"local_seo":null,"breadcrumb_settings":null,"limit_modified_date":false,"ai":null,"created":"2020-12-20 20:24:05","updated":"2025-07-20 01:18:01","seo_analyzer_scan_date":null,"focus_keyword":null,"additional_keywords":null,"truseo_locale":null},"jetpack_sharing_enabled":true,"jetpack-related-posts":[{"id":14241,"url":"https:\/\/www.jornalja.com.br\/arquivo\/o-guaiba-nas-imagens-poeticas-de-achutti\/","url_meta":{"origin":55456,"position":0},"title":"O Gua\u00edba nas imagens po\u00e9ticas de Achutti","author":"da Reda\u00e7\u00e3o","date":"18 de junho de 2014","format":false,"excerpt":"Em \u201cO Gua\u00edba por Achutti\u201d \u2013 obra financiada via Minist\u00e9rio da Cultura, produ\u00e7\u00e3o executiva de Pedro Longhi, e Fl\u00e1vio Wild como designer \u2013, o fot\u00f3grafo revela a beleza e as mazelas de um espa\u00e7o aqu\u00e1tico de \u00e1guas sempre renovadas, cheio de hist\u00f3rias e lendas como as das cidades que foram\u2026","rel":"","context":"Em &quot;Cultura-Geral&quot;","block_context":{"text":"Cultura-Geral","link":"https:\/\/www.jornalja.com.br\/arquivo\/category\/materiasecundaria\/"},"img":{"alt_text":"","src":"","width":0,"height":0},"classes":[]},{"id":13101,"url":"https:\/\/www.jornalja.com.br\/arquivo\/morre-um-guerreiro-do-texto\/","url_meta":{"origin":55456,"position":1},"title":"Morre um guerreiro do texto","author":"Patr\u00edcia Marini","date":"14 de maio de 2014","format":false,"excerpt":"Por Ricardo Kotscho Reproduzido do blog do autor, 11\/5\/2014; t\u00edtulo original \u201cE l\u00e1 se foi o nosso Myltainho, guerreiro do texto\u201d. Mi\u00fado e franzino, meu amigo Myltainho era um valente e inconformado guerreiro na luta contra as injusti\u00e7as sociais, a hipocrisia, as maracutaias, o autoritarismo, a intoler\u00e2ncia, a viol\u00eancia, o\u2026","rel":"","context":"Em &quot;Geral&quot;","block_context":{"text":"Geral","link":"https:\/\/www.jornalja.com.br\/arquivo\/category\/geral\/"},"img":{"alt_text":"","src":"","width":0,"height":0},"classes":[]},{"id":13124,"url":"https:\/\/www.jornalja.com.br\/arquivo\/sangue-latino-no-iecine\/","url_meta":{"origin":55456,"position":2},"title":"Sangue latino no IECINE","author":"da Reda\u00e7\u00e3o","date":"18 de maio de 2014","format":false,"excerpt":"Francisco Ribeiro O Instituto Estadual de Cinema (IECINE) tem a frente, desde abril \u00faltimo, um novo diretor, o cineasta colombiano Juan Zapata, 36, que substitui Luiz Alberto Cassol. Radicado h\u00e1 dez anos em Porto Alegre, Zapata tem diante de si o desafio de conduzir at\u00e9 o final do ano um\u2026","rel":"","context":"Em &quot;Cultura-Geral&quot;","block_context":{"text":"Cultura-Geral","link":"https:\/\/www.jornalja.com.br\/arquivo\/category\/materiasecundaria\/"},"img":{"alt_text":"","src":"","width":0,"height":0},"classes":[]},{"id":5440,"url":"https:\/\/www.jornalja.com.br\/arquivo\/casarao-da-venancio-destino-permanece-incerto\/","url_meta":{"origin":55456,"position":3},"title":"Estado ainda n\u00e3o sabe o que fazer com casar\u00e3o abandonado h\u00e1 20 anos","author":"Elmar Bones","date":"6 de julho de 2009","format":false,"excerpt":"O casar\u00e3o amarelo, numa esquina nobre de Porto Alegre (Ven\u00e2ncio Aires com Jo\u00e3o Pessoa), j\u00e1 abrigou uma escola. H\u00e1 duas d\u00e9cadas, pelo menos, est\u00e1 abandonado, porque seu propriet\u00e1rio, o governo do Estado do Rio Grande do Sul, n\u00e3o consegue achar um destino para ele. Planos n\u00e3o faltaram. O governador Ol\u00edvio\u2026","rel":"","context":"Em &quot;X.Categorias velhas&quot;","block_context":{"text":"X.Categorias velhas","link":"https:\/\/www.jornalja.com.br\/arquivo\/category\/x-categorias-velhas\/"},"img":{"alt_text":"geraldo1","src":"https:\/\/i0.wp.com\/www.jornalja.com.br\/wp-content\/uploads\/2009\/07\/geraldo1.jpg?resize=350%2C200&ssl=1","width":350,"height":200},"classes":[]},{"id":13109,"url":"https:\/\/www.jornalja.com.br\/arquivo\/judiciario-reconhece-poluicao-eletromagnetica\/","url_meta":{"origin":55456,"position":4},"title":"Judici\u00e1rio reconhece polui\u00e7\u00e3o eletromagn\u00e9tica","author":"Patr\u00edcia Marini","date":"16 de maio de 2014","format":false,"excerpt":"A\u00e7\u00e3o de duas associa\u00e7\u00f5es de moradores foi acolhida pelo Tribunal de Justi\u00e7a de S\u00e3o Paulo que. em decis\u00e3o in\u00e9dita, determinou a redu\u00e7\u00e3o do campo eletromagn\u00e9tico gerado pelas linhas de transmiss\u00e3o de energia que cortam os bairros City Boa\u00e7ava e Alto de Pinheiros. \u00c9 a primeira vez que um tribunal do\u2026","rel":"","context":"Em &quot;X.Categorias velhas&quot;","block_context":{"text":"X.Categorias velhas","link":"https:\/\/www.jornalja.com.br\/arquivo\/category\/x-categorias-velhas\/"},"img":{"alt_text":"","src":"","width":0,"height":0},"classes":[]},{"id":13128,"url":"https:\/\/www.jornalja.com.br\/arquivo\/maconha-terra-diz-que-uso-medicinal-e-desculpa\/","url_meta":{"origin":55456,"position":5},"title":"Maconha: Terra diz que uso medicinal \u00e9 desculpa","author":"Patr\u00edcia Marini","date":"4 de junho de 2014","format":false,"excerpt":"A condi\u00e7\u00e3o de pol\u00edtico, em \u00e9poca de campanha de campanha eleitoral, tira for\u00e7a do discurso do m\u00e9dico Osmar Terra contra a legaliza\u00e7\u00e3o da maconha. A tese dele de que a libera\u00e7\u00e3o vai ampliar exponencialmente o consumo \u00e9 discutivel, o consumo \u00e9 corrente. Mas seus alertas quanto aos riscos tem que\u2026","rel":"","context":"Em &quot;X.Categorias velhas&quot;","block_context":{"text":"X.Categorias velhas","link":"https:\/\/www.jornalja.com.br\/arquivo\/category\/x-categorias-velhas\/"},"img":{"alt_text":"","src":"","width":0,"height":0},"classes":[]}],"jetpack_shortlink":"https:\/\/wp.me\/pbQjBd-eqs","jetpack_featured_media_url":"","_links":{"self":[{"href":"https:\/\/www.jornalja.com.br\/arquivo\/wp-json\/wp\/v2\/posts\/55456","targetHints":{"allow":["GET"]}}],"collection":[{"href":"https:\/\/www.jornalja.com.br\/arquivo\/wp-json\/wp\/v2\/posts"}],"about":[{"href":"https:\/\/www.jornalja.com.br\/arquivo\/wp-json\/wp\/v2\/types\/post"}],"author":[{"embeddable":true,"href":"https:\/\/www.jornalja.com.br\/arquivo\/wp-json\/wp\/v2\/users\/4"}],"replies":[{"embeddable":true,"href":"https:\/\/www.jornalja.com.br\/arquivo\/wp-json\/wp\/v2\/comments?post=55456"}],"version-history":[{"count":0,"href":"https:\/\/www.jornalja.com.br\/arquivo\/wp-json\/wp\/v2\/posts\/55456\/revisions"}],"wp:attachment":[{"href":"https:\/\/www.jornalja.com.br\/arquivo\/wp-json\/wp\/v2\/media?parent=55456"}],"wp:term":[{"taxonomy":"category","embeddable":true,"href":"https:\/\/www.jornalja.com.br\/arquivo\/wp-json\/wp\/v2\/categories?post=55456"},{"taxonomy":"post_tag","embeddable":true,"href":"https:\/\/www.jornalja.com.br\/arquivo\/wp-json\/wp\/v2\/tags?post=55456"}],"curies":[{"name":"wp","href":"https:\/\/api.w.org\/{rel}","templated":true}]}}