{"id":55461,"date":"2017-09-22T12:20:08","date_gmt":"2017-09-22T15:20:08","guid":{"rendered":"https:\/\/www.jornalja.com.br\/?p=55461"},"modified":"2017-09-22T12:20:08","modified_gmt":"2017-09-22T15:20:08","slug":"pm-e-condenado-a-12-anos-por-matar-sem-terra-pelas-costas","status":"publish","type":"post","link":"https:\/\/www.jornalja.com.br\/arquivo\/pm-e-condenado-a-12-anos-por-matar-sem-terra-pelas-costas\/","title":{"rendered":"PM \u00e9 condenado a 12 anos por matar sem-terra pelas costas"},"content":{"rendered":"<p>Ap\u00f3s oito anos e um m\u00eas do crime, e ainda mais 15 horas de julgamento, um j\u00fari popular condenou o agora ex-sargento da Brigada Militar Alexandre Curto dos Santos a 12 anos de pris\u00e3o por ele ter atirado, pelas costas, no trabalhador rural Elton Brum da Silva, que morreu aos 44 anos, durante desocupa\u00e7\u00e3o de uma fazendo no interior de S\u00e3o Gabriel, em 2009.<br \/>\nO policial foi condenado por homic\u00eddio qualificado, ou seja, por impossibilitar a defesa da v\u00edtima e a pena ser\u00e1 cumprida em regime inicial fechado. Santos teve a sua deten\u00e7\u00e3o decretada j\u00e1 no final do julgamento e tamb\u00e9m foi removido dos quadros da Brigada Militar. A defesa ainda pode recorrer da senten\u00e7a.<br \/>\nO julgamento durou 15 horas, at\u00e9 o come\u00e7o da madrugada desta sexta-feira, 22\/09, no Foro Central I da Comarca de Porto Alegre. O j\u00fari ocorreu em Porto Alegre por decis\u00e3o da 2\u00aa C\u00e2mara Criminal do Tribunal de Justi\u00e7a do RS. A pedido do Minist\u00e9rio P\u00fablico foi autorizado o desaforamento do j\u00fari da cidade de S\u00e3o Gabriel, na campanha ga\u00facha, por quest\u00f5es de seguran\u00e7a<br \/>\nA tese vencida da defesa era de de que a inten\u00e7\u00e3o do soldado n\u00e3o era de matar, mas houve uma troca entre as armas de calibre 12. Haveria uma com muni\u00e7\u00e3o letal e uma outra com muni\u00e7\u00e3o antimotim.<br \/>\nJ\u00e1 o promotor de justi\u00e7a Eug\u00eanio Paes Amorim mostrou que o r\u00e9u atirou pelas costas da v\u00edtima, que n\u00e3o estaria em posi\u00e7\u00e3o de agress\u00e3o. Para o MP, at\u00e9 mesmo se a arma fosse com muni\u00e7\u00e3o n\u00e3o letal o agricultor seria morto pela curta dist\u00e2ncia entre o autor do disparo e a v\u00edtima.<br \/>\nA primeira testemunha de acusa\u00e7\u00e3o a ser ouvida foi o Procurador do Estado Carlos C\u00e9sar D\u00b4Elia, que na \u00e9poca pertencia \u00e0 comiss\u00e3o estadual contra a tortura. Em seguida, falou a advogada Patr\u00edcia Lucy Machado Couto, integrante da comiss\u00e3o de direitos humanos da Assembleia Legislativa no per\u00edodo em que ocorreu o fato. Os dois confirmaram ter havido excesso por parte da BM no cumprimento da ordem judicial para que os integrantes do MST desocupassem a \u00e1rea.<br \/>\nEm defesa do r\u00e9u foi arrolado o Coronel Paulo Roberto Mendes, ex-comandante da Brigada Militar. Apesar de n\u00e3o ser mais o comandante na \u00e9poca da morte, ele prestou esclarecimentos sobre o procedimento padr\u00e3o da corpora\u00e7\u00e3o em casos como este.<br \/>\nDurante o seu depoimento, o r\u00e9u reafirmou ter trocado acidentalmente a sua arma por a de um colega, que possu\u00eda muni\u00e7\u00e3o letal. Disse ainda ter atirado porque viu algu\u00e9m segurando as r\u00e9deas de um cavalo da Brigada Militar. Ao disparar, alega n\u00e3o ter visto que a v\u00edtima estava de costas, devido presen\u00e7a de fuma\u00e7a. No entanto, a acusa\u00e7\u00e3o apresentou v\u00eddeo e fotografia da posi\u00e7\u00e3o em que se encontrava Brum no momento em que ocorreu o disparo: estava de costas e com as m\u00e3os nos bolsos. Al\u00e9m disto, n\u00e3o havia fuma\u00e7a no local. Segundo a per\u00edcia, Brum foi assassinado a uma dist\u00e2ncia de 3 a 5 metros.<br \/>\n<figure id=\"attachment_55315\" aria-describedby=\"caption-attachment-55315\" style=\"width: 200px\" class=\"wp-caption alignleft\"><img loading=\"lazy\" decoding=\"async\" class=\"wp-image-55315 size-thumbnail\" src=\"https:\/\/www.jornalja.com.br\/wp-content\/uploads\/2017\/09\/37325591105_b2a35c950f_b-200x229.jpg\" alt=\"\" width=\"200\" height=\"229\" \/><figcaption id=\"caption-attachment-55315\" class=\"wp-caption-text\">Elton Brum da Silva foi assassinado em agosto de 2009 \/ Reprodu\u00e7\u00e3o<\/figcaption><\/figure><br \/>\nO assassinato de Elton Brum da Silva ocorreu em 21 de agosto de 2009, durante a reintegra\u00e7\u00e3o de posse da Fazenda Southall, de dez mil hectares, localizada no interior de S\u00e3o Gabriel, oeste do RS.<br \/>\nA a\u00e7\u00e3o da BM contra cerca de 500 fam\u00edlias do MST resultou em dezenas de feridos e na morte de Brum. Ele deixou a esposa vi\u00fava e uma filha menor de idade.<br \/>\nNo ano passado, o Estado do RS foi condenado a indenizar a fam\u00edlia de Brum em R$ 140 mil, por danos morais, e a pagar uma pens\u00e3o de um sal\u00e1rio m\u00ednimo regional \u00e0 filha at\u00e9 a sua maioridade. A \u00e1rea onde Brum foi assassinado recebeu o nome de Assentamento Conquista do Caiboat\u00e9 e hoje abriga 225 fam\u00edlias, sendo refer\u00eancia na produ\u00e7\u00e3o agr\u00edcola da regi\u00e3o.<br \/>\nO julgamento foi acompanhado por integrantes do MST, a vi\u00fava e o pai da v\u00edtima. Conforme o dirigente estadual do MST, Ildo Pereira, a morte de Brum \u00e9 consequ\u00eancia da irresponsabilidade policial e do descaso dos governos com a pol\u00edtica p\u00fablica da Reforma Agr\u00e1ria. Isto, segundo ele, tem provocado o aumento dos conflitos no campo e resultado em mortes de trabalhadores inocentes, como foi o caso de Brum. \u201cO MST repudia qualquer tipo de viol\u00eancia, contra qualquer trabalhador e trabalhadora. Queremos que o ocorrido com Elton n\u00e3o se repita. Queremos que o Estado repense sua postura em a\u00e7\u00f5es de reintegra\u00e7\u00e3o de posse ou despejos, que n\u00e3o use de sua for\u00e7a para matar, nem reprimir lutas leg\u00edtimas\u201d, argumentou.<br \/>\n<figure id=\"attachment_55466\" aria-describedby=\"caption-attachment-55466\" style=\"width: 1150px\" class=\"wp-caption alignnone\"><img loading=\"lazy\" decoding=\"async\" class=\"wp-image-55466 size-full\" src=\"https:\/\/www.jornalja.com.br\/wp-content\/uploads\/2017\/09\/Vigi\u0301lia-Foto-Leti\u0301ca-Stasiak.jpg\" alt=\"\" width=\"1150\" height=\"792\" \/><figcaption id=\"caption-attachment-55466\" class=\"wp-caption-text\">Faixas e cartazes expostos no f\u00f3rum cobravam justi\u00e7a \/ Let\u00edcia Stasiak \/ MST<\/figcaption><\/figure><\/p>\n","protected":false},"excerpt":{"rendered":"<p>Ap\u00f3s oito anos e um m\u00eas do crime, e ainda mais 15 horas de julgamento, um j\u00fari popular condenou o agora ex-sargento da Brigada Militar Alexandre Curto dos Santos a 12 anos de pris\u00e3o por ele ter atirado, pelas costas, no trabalhador rural Elton Brum da Silva, que morreu aos 44 anos, durante desocupa\u00e7\u00e3o de [&hellip;]<\/p>\n","protected":false},"author":4,"featured_media":55462,"comment_status":"open","ping_status":"closed","sticky":false,"template":"","format":"standard","meta":{"_jetpack_newsletter_access":"","_jetpack_dont_email_post_to_subs":false,"_jetpack_newsletter_tier_id":0,"_jetpack_memberships_contains_paywalled_content":false,"_jetpack_feature_clip_id":0,"_jetpack_memberships_contains_paid_content":false,"footnotes":"","jetpack_post_was_ever_published":false},"categories":[26],"tags":[],"class_list":["post-55461","post","type-post","status-publish","format-standard","has-post-thumbnail","hentry","category-geral"],"aioseo_notices":[],"aioseo_head":"\n\t\t<!-- All in One SEO 5.0.1.1 - aioseo.com -->\n\t<meta name=\"robots\" content=\"max-image-preview:large\" \/>\n\t<meta name=\"author\" content=\"da Reda\u00e7\u00e3o\"\/>\n\t<link rel=\"canonical\" href=\"https:\/\/www.jornalja.com.br\/arquivo\/pm-e-condenado-a-12-anos-por-matar-sem-terra-pelas-costas\/\" \/>\n\t<meta name=\"generator\" content=\"All in One SEO (AIOSEO) 5.0.1.1\" \/>\n\t\t<meta property=\"og:locale\" content=\"pt_BR\" \/>\n\t\t<meta property=\"og:site_name\" content=\"Arquivo | Jornal J\u00c1 | Porto Alegre\" \/>\n\t\t<meta property=\"og:type\" content=\"article\" \/>\n\t\t<meta property=\"og:title\" content=\"PM \u00e9 condenado a 12 anos por matar sem-terra pelas costas | Arquivo\" \/>\n\t\t<meta property=\"og:url\" content=\"https:\/\/www.jornalja.com.br\/arquivo\/pm-e-condenado-a-12-anos-por-matar-sem-terra-pelas-costas\/\" \/>\n\t\t<meta property=\"og:image\" content=\"https:\/\/www.jornalja.com.br\/wp-content\/uploads\/2017\/09\/37325591105_b2a35c950f_b-200x229.jpg\" \/>\n\t\t<meta property=\"og:image:secure_url\" content=\"https:\/\/www.jornalja.com.br\/wp-content\/uploads\/2017\/09\/37325591105_b2a35c950f_b-200x229.jpg\" \/>\n\t\t<meta property=\"article:published_time\" content=\"2017-09-22T15:20:08+00:00\" \/>\n\t\t<meta property=\"article:modified_time\" content=\"2017-09-22T15:20:08+00:00\" \/>\n\t\t<meta name=\"twitter:card\" content=\"summary\" \/>\n\t\t<meta name=\"twitter:title\" content=\"PM \u00e9 condenado a 12 anos por matar sem-terra pelas costas | Arquivo\" \/>\n\t\t<meta name=\"twitter:image\" content=\"https:\/\/www.jornalja.com.br\/economics\/wp-content\/uploads\/sites\/11\/2026\/08\/ja-folhaderosto-facebook.jpg\" \/>\n\t\t<script type=\"application\/ld+json\" class=\"aioseo-schema\">\n\t\t\t{\"@context\":\"https:\\\/\\\/schema.org\",\"@graph\":[{\"@type\":\"BlogPosting\",\"@id\":\"https:\\\/\\\/www.jornalja.com.br\\\/arquivo\\\/pm-e-condenado-a-12-anos-por-matar-sem-terra-pelas-costas\\\/#blogposting\",\"name\":\"PM \\u00e9 condenado a 12 anos por matar sem-terra pelas costas | Arquivo\",\"headline\":\"PM \\u00e9 condenado a 12 anos por matar sem-terra pelas costas\",\"author\":{\"@id\":\"https:\\\/\\\/www.jornalja.com.br\\\/arquivo\\\/author\\\/daredacao\\\/#author\"},\"publisher\":{\"@id\":\"https:\\\/\\\/www.jornalja.com.br\\\/arquivo\\\/#organization\"},\"image\":{\"@type\":\"ImageObject\",\"url\":55462},\"datePublished\":\"2017-09-22T12:20:08-03:00\",\"dateModified\":\"2017-09-22T12:20:08-03:00\",\"inLanguage\":\"pt-BR\",\"mainEntityOfPage\":{\"@id\":\"https:\\\/\\\/www.jornalja.com.br\\\/arquivo\\\/pm-e-condenado-a-12-anos-por-matar-sem-terra-pelas-costas\\\/#webpage\"},\"isPartOf\":{\"@id\":\"https:\\\/\\\/www.jornalja.com.br\\\/arquivo\\\/pm-e-condenado-a-12-anos-por-matar-sem-terra-pelas-costas\\\/#webpage\"},\"articleSection\":\"Geral\"},{\"@type\":\"BreadcrumbList\",\"@id\":\"https:\\\/\\\/www.jornalja.com.br\\\/arquivo\\\/pm-e-condenado-a-12-anos-por-matar-sem-terra-pelas-costas\\\/#breadcrumblist\",\"itemListElement\":[{\"@type\":\"ListItem\",\"@id\":\"https:\\\/\\\/www.jornalja.com.br\\\/arquivo#listItem\",\"position\":1,\"name\":\"Home\",\"item\":\"https:\\\/\\\/www.jornalja.com.br\\\/arquivo\",\"nextItem\":{\"@type\":\"ListItem\",\"@id\":\"https:\\\/\\\/www.jornalja.com.br\\\/arquivo\\\/category\\\/geral\\\/#listItem\",\"name\":\"Geral\"}},{\"@type\":\"ListItem\",\"@id\":\"https:\\\/\\\/www.jornalja.com.br\\\/arquivo\\\/category\\\/geral\\\/#listItem\",\"position\":2,\"name\":\"Geral\",\"item\":\"https:\\\/\\\/www.jornalja.com.br\\\/arquivo\\\/category\\\/geral\\\/\",\"nextItem\":{\"@type\":\"ListItem\",\"@id\":\"https:\\\/\\\/www.jornalja.com.br\\\/arquivo\\\/pm-e-condenado-a-12-anos-por-matar-sem-terra-pelas-costas\\\/#listItem\",\"name\":\"PM \\u00e9 condenado a 12 anos por matar sem-terra pelas costas\"},\"previousItem\":{\"@type\":\"ListItem\",\"@id\":\"https:\\\/\\\/www.jornalja.com.br\\\/arquivo#listItem\",\"name\":\"Home\"}},{\"@type\":\"ListItem\",\"@id\":\"https:\\\/\\\/www.jornalja.com.br\\\/arquivo\\\/pm-e-condenado-a-12-anos-por-matar-sem-terra-pelas-costas\\\/#listItem\",\"position\":3,\"name\":\"PM \\u00e9 condenado a 12 anos por matar sem-terra pelas costas\",\"previousItem\":{\"@type\":\"ListItem\",\"@id\":\"https:\\\/\\\/www.jornalja.com.br\\\/arquivo\\\/category\\\/geral\\\/#listItem\",\"name\":\"Geral\"}}]},{\"@type\":\"Organization\",\"@id\":\"https:\\\/\\\/www.jornalja.com.br\\\/arquivo\\\/#organization\",\"name\":\"Jornal J\\u00c1\",\"description\":\"Jornal J\\u00c1 | Porto Alegre\",\"url\":\"https:\\\/\\\/www.jornalja.com.br\\\/arquivo\\\/\",\"telephone\":\"+555133307272\",\"logo\":{\"@type\":\"ImageObject\",\"url\":\"https:\\\/\\\/www.jornalja.com.br\\\/wp-content\\\/uploads\\\/cards\\\/JAslogan.png\",\"@id\":\"https:\\\/\\\/www.jornalja.com.br\\\/arquivo\\\/pm-e-condenado-a-12-anos-por-matar-sem-terra-pelas-costas\\\/#organizationLogo\"},\"image\":{\"@id\":\"https:\\\/\\\/www.jornalja.com.br\\\/arquivo\\\/pm-e-condenado-a-12-anos-por-matar-sem-terra-pelas-costas\\\/#organizationLogo\"}},{\"@type\":\"Person\",\"@id\":\"https:\\\/\\\/www.jornalja.com.br\\\/arquivo\\\/author\\\/daredacao\\\/#author\",\"url\":\"https:\\\/\\\/www.jornalja.com.br\\\/arquivo\\\/author\\\/daredacao\\\/\",\"name\":\"da Reda\\u00e7\\u00e3o\",\"image\":{\"@type\":\"ImageObject\",\"@id\":\"https:\\\/\\\/www.jornalja.com.br\\\/arquivo\\\/pm-e-condenado-a-12-anos-por-matar-sem-terra-pelas-costas\\\/#authorImage\",\"url\":\"https:\\\/\\\/secure.gravatar.com\\\/avatar\\\/469fd857d6605ad19919d27ed29d35a968a25f6e8fd9318356bbb7f57aae9c65?s=96&d=mm&r=g\",\"width\":96,\"height\":96,\"caption\":\"da Reda\\u00e7\\u00e3o\"}},{\"@type\":\"WebPage\",\"@id\":\"https:\\\/\\\/www.jornalja.com.br\\\/arquivo\\\/pm-e-condenado-a-12-anos-por-matar-sem-terra-pelas-costas\\\/#webpage\",\"url\":\"https:\\\/\\\/www.jornalja.com.br\\\/arquivo\\\/pm-e-condenado-a-12-anos-por-matar-sem-terra-pelas-costas\\\/\",\"name\":\"PM \\u00e9 condenado a 12 anos por matar sem-terra pelas costas | Arquivo\",\"inLanguage\":\"pt-BR\",\"isPartOf\":{\"@id\":\"https:\\\/\\\/www.jornalja.com.br\\\/arquivo\\\/#website\"},\"breadcrumb\":{\"@id\":\"https:\\\/\\\/www.jornalja.com.br\\\/arquivo\\\/pm-e-condenado-a-12-anos-por-matar-sem-terra-pelas-costas\\\/#breadcrumblist\"},\"author\":{\"@id\":\"https:\\\/\\\/www.jornalja.com.br\\\/arquivo\\\/author\\\/daredacao\\\/#author\"},\"creator\":{\"@id\":\"https:\\\/\\\/www.jornalja.com.br\\\/arquivo\\\/author\\\/daredacao\\\/#author\"},\"image\":{\"@type\":\"ImageObject\",\"url\":55462,\"@id\":\"https:\\\/\\\/www.jornalja.com.br\\\/arquivo\\\/pm-e-condenado-a-12-anos-por-matar-sem-terra-pelas-costas\\\/#mainImage\"},\"primaryImageOfPage\":{\"@id\":\"https:\\\/\\\/www.jornalja.com.br\\\/arquivo\\\/pm-e-condenado-a-12-anos-por-matar-sem-terra-pelas-costas\\\/#mainImage\"},\"datePublished\":\"2017-09-22T12:20:08-03:00\",\"dateModified\":\"2017-09-22T12:20:08-03:00\"},{\"@type\":\"WebSite\",\"@id\":\"https:\\\/\\\/www.jornalja.com.br\\\/arquivo\\\/#website\",\"url\":\"https:\\\/\\\/www.jornalja.com.br\\\/arquivo\\\/\",\"name\":\"Arquivo\",\"description\":\"Jornal J\\u00c1 | Porto Alegre\",\"inLanguage\":\"pt-BR\",\"publisher\":{\"@id\":\"https:\\\/\\\/www.jornalja.com.br\\\/arquivo\\\/#organization\"}}]}\n\t\t<\/script>\n\t\t<!-- All in One SEO -->\n\n","aioseo_head_json":{"title":"PM \u00e9 condenado a 12 anos por matar sem-terra pelas costas | Arquivo","description":"","canonical_url":"https:\/\/www.jornalja.com.br\/arquivo\/pm-e-condenado-a-12-anos-por-matar-sem-terra-pelas-costas\/","robots":"max-image-preview:large","keywords":"","webmasterTools":{"miscellaneous":""},"schema":{"@context":"https:\/\/schema.org","@graph":[{"@type":"BlogPosting","@id":"https:\/\/www.jornalja.com.br\/arquivo\/pm-e-condenado-a-12-anos-por-matar-sem-terra-pelas-costas\/#blogposting","name":"PM \u00e9 condenado a 12 anos por matar sem-terra pelas costas | Arquivo","headline":"PM \u00e9 condenado a 12 anos por matar sem-terra pelas costas","author":{"@id":"https:\/\/www.jornalja.com.br\/arquivo\/author\/daredacao\/#author"},"publisher":{"@id":"https:\/\/www.jornalja.com.br\/arquivo\/#organization"},"image":{"@type":"ImageObject","url":55462},"datePublished":"2017-09-22T12:20:08-03:00","dateModified":"2017-09-22T12:20:08-03:00","inLanguage":"pt-BR","mainEntityOfPage":{"@id":"https:\/\/www.jornalja.com.br\/arquivo\/pm-e-condenado-a-12-anos-por-matar-sem-terra-pelas-costas\/#webpage"},"isPartOf":{"@id":"https:\/\/www.jornalja.com.br\/arquivo\/pm-e-condenado-a-12-anos-por-matar-sem-terra-pelas-costas\/#webpage"},"articleSection":"Geral"},{"@type":"BreadcrumbList","@id":"https:\/\/www.jornalja.com.br\/arquivo\/pm-e-condenado-a-12-anos-por-matar-sem-terra-pelas-costas\/#breadcrumblist","itemListElement":[{"@type":"ListItem","@id":"https:\/\/www.jornalja.com.br\/arquivo#listItem","position":1,"name":"Home","item":"https:\/\/www.jornalja.com.br\/arquivo","nextItem":{"@type":"ListItem","@id":"https:\/\/www.jornalja.com.br\/arquivo\/category\/geral\/#listItem","name":"Geral"}},{"@type":"ListItem","@id":"https:\/\/www.jornalja.com.br\/arquivo\/category\/geral\/#listItem","position":2,"name":"Geral","item":"https:\/\/www.jornalja.com.br\/arquivo\/category\/geral\/","nextItem":{"@type":"ListItem","@id":"https:\/\/www.jornalja.com.br\/arquivo\/pm-e-condenado-a-12-anos-por-matar-sem-terra-pelas-costas\/#listItem","name":"PM \u00e9 condenado a 12 anos por matar sem-terra pelas costas"},"previousItem":{"@type":"ListItem","@id":"https:\/\/www.jornalja.com.br\/arquivo#listItem","name":"Home"}},{"@type":"ListItem","@id":"https:\/\/www.jornalja.com.br\/arquivo\/pm-e-condenado-a-12-anos-por-matar-sem-terra-pelas-costas\/#listItem","position":3,"name":"PM \u00e9 condenado a 12 anos por matar sem-terra pelas costas","previousItem":{"@type":"ListItem","@id":"https:\/\/www.jornalja.com.br\/arquivo\/category\/geral\/#listItem","name":"Geral"}}]},{"@type":"Organization","@id":"https:\/\/www.jornalja.com.br\/arquivo\/#organization","name":"Jornal J\u00c1","description":"Jornal J\u00c1 | Porto Alegre","url":"https:\/\/www.jornalja.com.br\/arquivo\/","telephone":"+555133307272","logo":{"@type":"ImageObject","url":"https:\/\/www.jornalja.com.br\/wp-content\/uploads\/cards\/JAslogan.png","@id":"https:\/\/www.jornalja.com.br\/arquivo\/pm-e-condenado-a-12-anos-por-matar-sem-terra-pelas-costas\/#organizationLogo"},"image":{"@id":"https:\/\/www.jornalja.com.br\/arquivo\/pm-e-condenado-a-12-anos-por-matar-sem-terra-pelas-costas\/#organizationLogo"}},{"@type":"Person","@id":"https:\/\/www.jornalja.com.br\/arquivo\/author\/daredacao\/#author","url":"https:\/\/www.jornalja.com.br\/arquivo\/author\/daredacao\/","name":"da Reda\u00e7\u00e3o","image":{"@type":"ImageObject","@id":"https:\/\/www.jornalja.com.br\/arquivo\/pm-e-condenado-a-12-anos-por-matar-sem-terra-pelas-costas\/#authorImage","url":"https:\/\/secure.gravatar.com\/avatar\/469fd857d6605ad19919d27ed29d35a968a25f6e8fd9318356bbb7f57aae9c65?s=96&d=mm&r=g","width":96,"height":96,"caption":"da Reda\u00e7\u00e3o"}},{"@type":"WebPage","@id":"https:\/\/www.jornalja.com.br\/arquivo\/pm-e-condenado-a-12-anos-por-matar-sem-terra-pelas-costas\/#webpage","url":"https:\/\/www.jornalja.com.br\/arquivo\/pm-e-condenado-a-12-anos-por-matar-sem-terra-pelas-costas\/","name":"PM \u00e9 condenado a 12 anos por matar sem-terra pelas costas | Arquivo","inLanguage":"pt-BR","isPartOf":{"@id":"https:\/\/www.jornalja.com.br\/arquivo\/#website"},"breadcrumb":{"@id":"https:\/\/www.jornalja.com.br\/arquivo\/pm-e-condenado-a-12-anos-por-matar-sem-terra-pelas-costas\/#breadcrumblist"},"author":{"@id":"https:\/\/www.jornalja.com.br\/arquivo\/author\/daredacao\/#author"},"creator":{"@id":"https:\/\/www.jornalja.com.br\/arquivo\/author\/daredacao\/#author"},"image":{"@type":"ImageObject","url":55462,"@id":"https:\/\/www.jornalja.com.br\/arquivo\/pm-e-condenado-a-12-anos-por-matar-sem-terra-pelas-costas\/#mainImage"},"primaryImageOfPage":{"@id":"https:\/\/www.jornalja.com.br\/arquivo\/pm-e-condenado-a-12-anos-por-matar-sem-terra-pelas-costas\/#mainImage"},"datePublished":"2017-09-22T12:20:08-03:00","dateModified":"2017-09-22T12:20:08-03:00"},{"@type":"WebSite","@id":"https:\/\/www.jornalja.com.br\/arquivo\/#website","url":"https:\/\/www.jornalja.com.br\/arquivo\/","name":"Arquivo","description":"Jornal J\u00c1 | Porto Alegre","inLanguage":"pt-BR","publisher":{"@id":"https:\/\/www.jornalja.com.br\/arquivo\/#organization"}}]},"og:locale":"pt_BR","og:site_name":"Arquivo | Jornal J\u00c1 | Porto Alegre","og:type":"article","og:title":"PM \u00e9 condenado a 12 anos por matar sem-terra pelas costas | Arquivo","og:url":"https:\/\/www.jornalja.com.br\/arquivo\/pm-e-condenado-a-12-anos-por-matar-sem-terra-pelas-costas\/","og:image":"https:\/\/www.jornalja.com.br\/wp-content\/uploads\/2017\/09\/37325591105_b2a35c950f_b-200x229.jpg","og:image:secure_url":"https:\/\/www.jornalja.com.br\/wp-content\/uploads\/2017\/09\/37325591105_b2a35c950f_b-200x229.jpg","article:published_time":"2017-09-22T15:20:08+00:00","article:modified_time":"2017-09-22T15:20:08+00:00","twitter:card":"summary","twitter:title":"PM \u00e9 condenado a 12 anos por matar sem-terra pelas costas | Arquivo","twitter:image":"https:\/\/www.jornalja.com.br\/economics\/wp-content\/uploads\/sites\/11\/2026\/08\/ja-folhaderosto-facebook.jpg"},"aioseo_meta_data":{"post_id":"55461","title":null,"description":null,"keywords":null,"keyphrases":null,"primary_term":null,"canonical_url":null,"og_title":null,"og_description":null,"og_object_type":"default","og_image_type":"default","og_image_url":null,"og_image_width":null,"og_image_height":null,"og_image_custom_url":null,"og_image_custom_fields":null,"og_video":null,"og_custom_url":null,"og_article_section":null,"og_article_tags":null,"twitter_use_og":false,"twitter_card":"default","twitter_image_type":"default","twitter_image_url":null,"twitter_image_custom_url":null,"twitter_image_custom_fields":null,"twitter_title":null,"twitter_description":null,"schema":{"blockGraphs":[],"customGraphs":[],"default":{"data":{"Article":[],"Course":[],"Dataset":[],"FAQPage":[],"Movie":[],"Person":[],"Product":[],"ProductReview":[],"Car":[],"Recipe":[],"Service":[],"SoftwareApplication":[],"WebPage":[]},"graphName":"","isEnabled":true},"graphs":[]},"schema_type":null,"schema_type_options":null,"pillar_content":false,"robots_default":true,"robots_noindex":false,"robots_noarchive":false,"robots_nosnippet":false,"robots_nofollow":false,"robots_noimageindex":false,"robots_noodp":false,"robots_notranslate":false,"robots_max_snippet":null,"robots_max_videopreview":null,"robots_max_imagepreview":"large","priority":null,"frequency":null,"location":null,"local_seo":null,"breadcrumb_settings":null,"limit_modified_date":false,"ai":null,"created":"2020-12-20 20:24:05","updated":"2025-07-20 01:18:01","seo_analyzer_scan_date":null,"focus_keyword":null,"additional_keywords":null,"truseo_locale":null},"jetpack_sharing_enabled":true,"jetpack-related-posts":[{"id":5440,"url":"https:\/\/www.jornalja.com.br\/arquivo\/casarao-da-venancio-destino-permanece-incerto\/","url_meta":{"origin":55461,"position":0},"title":"Estado ainda n\u00e3o sabe o que fazer com casar\u00e3o abandonado h\u00e1 20 anos","author":"Elmar Bones","date":"6 de julho de 2009","format":false,"excerpt":"O casar\u00e3o amarelo, numa esquina nobre de Porto Alegre (Ven\u00e2ncio Aires com Jo\u00e3o Pessoa), j\u00e1 abrigou uma escola. H\u00e1 duas d\u00e9cadas, pelo menos, est\u00e1 abandonado, porque seu propriet\u00e1rio, o governo do Estado do Rio Grande do Sul, n\u00e3o consegue achar um destino para ele. Planos n\u00e3o faltaram. O governador Ol\u00edvio\u2026","rel":"","context":"Em &quot;X.Categorias velhas&quot;","block_context":{"text":"X.Categorias velhas","link":"https:\/\/www.jornalja.com.br\/arquivo\/category\/x-categorias-velhas\/"},"img":{"alt_text":"geraldo1","src":"https:\/\/i0.wp.com\/www.jornalja.com.br\/wp-content\/uploads\/2009\/07\/geraldo1.jpg?resize=350%2C200&ssl=1","width":350,"height":200},"classes":[]},{"id":1280,"url":"https:\/\/www.jornalja.com.br\/arquivo\/o-menino-que-se-tornou-brizola\/","url_meta":{"origin":55461,"position":1},"title":"O Menino que se Tornou Brizola","author":"da Reda\u00e7\u00e3o","date":"28 de julho de 2008","format":false,"excerpt":"Autor: Cleber Dioni A vida de Leonel Brizola, com \u00eanfase para os primeiros anos em Porto Alegre, at\u00e9 o ex\u00edlio no Uruguai e a volta, quinze anos depois. \u00a0\"...\u00c9ramos todos jovens e nos identific\u00e1vamos com aquela massa an\u00f4nima a percorrer as ruas de Porto Alegre, gritando 'Get\u00falio', 'Get\u00falio' e empunhando\u2026","rel":"","context":"Em &quot;Livros&quot;","block_context":{"text":"Livros","link":"https:\/\/www.jornalja.com.br\/arquivo\/category\/livros\/"},"img":{"alt_text":"","src":"https:\/\/i0.wp.com\/www.jornalja.com.br\/wp-content\/uploads\/2008\/07\/brizola.gif?resize=350%2C200&ssl=1","width":350,"height":200},"classes":[]},{"id":13124,"url":"https:\/\/www.jornalja.com.br\/arquivo\/sangue-latino-no-iecine\/","url_meta":{"origin":55461,"position":2},"title":"Sangue latino no IECINE","author":"da Reda\u00e7\u00e3o","date":"18 de maio de 2014","format":false,"excerpt":"Francisco Ribeiro O Instituto Estadual de Cinema (IECINE) tem a frente, desde abril \u00faltimo, um novo diretor, o cineasta colombiano Juan Zapata, 36, que substitui Luiz Alberto Cassol. Radicado h\u00e1 dez anos em Porto Alegre, Zapata tem diante de si o desafio de conduzir at\u00e9 o final do ano um\u2026","rel":"","context":"Em &quot;Cultura-Geral&quot;","block_context":{"text":"Cultura-Geral","link":"https:\/\/www.jornalja.com.br\/arquivo\/category\/materiasecundaria\/"},"img":{"alt_text":"","src":"","width":0,"height":0},"classes":[]},{"id":14241,"url":"https:\/\/www.jornalja.com.br\/arquivo\/o-guaiba-nas-imagens-poeticas-de-achutti\/","url_meta":{"origin":55461,"position":3},"title":"O Gua\u00edba nas imagens po\u00e9ticas de Achutti","author":"da Reda\u00e7\u00e3o","date":"18 de junho de 2014","format":false,"excerpt":"Em \u201cO Gua\u00edba por Achutti\u201d \u2013 obra financiada via Minist\u00e9rio da Cultura, produ\u00e7\u00e3o executiva de Pedro Longhi, e Fl\u00e1vio Wild como designer \u2013, o fot\u00f3grafo revela a beleza e as mazelas de um espa\u00e7o aqu\u00e1tico de \u00e1guas sempre renovadas, cheio de hist\u00f3rias e lendas como as das cidades que foram\u2026","rel":"","context":"Em &quot;Cultura-Geral&quot;","block_context":{"text":"Cultura-Geral","link":"https:\/\/www.jornalja.com.br\/arquivo\/category\/materiasecundaria\/"},"img":{"alt_text":"","src":"","width":0,"height":0},"classes":[]},{"id":13240,"url":"https:\/\/www.jornalja.com.br\/arquivo\/plano-diretor-estamos-construindo-o-caos\/","url_meta":{"origin":55461,"position":4},"title":"Plano diretor: &quot;Estamos construindo o caos&quot;","author":"Patr\u00edcia Marini","date":"26 de maio de 2014","format":false,"excerpt":"Desabafo que arquiteta Eliana Castilhos, delegada da Regi\u00e3o de Planejamento 1, postou nas redes sociais \u00e9 um testemunho do ambiente que se criou no Conselho do Plano Diretor de Porto Alegre, onde a aprova\u00e7\u00e3o de grandes empreendimentos \u00e9 empurrada guela abaixo dos conselheiros. Ao CMDUA Como delegada da Regi\u00e3o de\u2026","rel":"","context":"Em &quot;Geral&quot;","block_context":{"text":"Geral","link":"https:\/\/www.jornalja.com.br\/arquivo\/category\/geral\/"},"img":{"alt_text":"","src":"","width":0,"height":0},"classes":[]},{"id":13239,"url":"https:\/\/www.jornalja.com.br\/arquivo\/conselho-desdenha-do-plano-diretor\/","url_meta":{"origin":55461,"position":5},"title":"Porto Alegre: Conselho detona Plano Diretor","author":"Patr\u00edcia Marini","date":"25 de maio de 2014","format":false,"excerpt":"Den\u00fancia do arquiteto e \u00a0urbanista Ibir\u00e1 Santos Lucas. Ele diz que os conselheiros est\u00e3o votando com \"enorme irresponsabilidade\". \"Mudam regime com a maior naturalidade,,,regularizam absurdos de constru\u00e7\u00f5es irregulares... \"O CMDUA est\u00e1 flexibilizando a lei do plano diretor, de uma forma impactante na vida da cidade. Mudam regime com a maior\u2026","rel":"","context":"Em &quot;Geral&quot;","block_context":{"text":"Geral","link":"https:\/\/www.jornalja.com.br\/arquivo\/category\/geral\/"},"img":{"alt_text":"","src":"","width":0,"height":0},"classes":[]}],"jetpack_shortlink":"https:\/\/wp.me\/pbQjBd-eqx","jetpack_featured_media_url":"","_links":{"self":[{"href":"https:\/\/www.jornalja.com.br\/arquivo\/wp-json\/wp\/v2\/posts\/55461","targetHints":{"allow":["GET"]}}],"collection":[{"href":"https:\/\/www.jornalja.com.br\/arquivo\/wp-json\/wp\/v2\/posts"}],"about":[{"href":"https:\/\/www.jornalja.com.br\/arquivo\/wp-json\/wp\/v2\/types\/post"}],"author":[{"embeddable":true,"href":"https:\/\/www.jornalja.com.br\/arquivo\/wp-json\/wp\/v2\/users\/4"}],"replies":[{"embeddable":true,"href":"https:\/\/www.jornalja.com.br\/arquivo\/wp-json\/wp\/v2\/comments?post=55461"}],"version-history":[{"count":0,"href":"https:\/\/www.jornalja.com.br\/arquivo\/wp-json\/wp\/v2\/posts\/55461\/revisions"}],"wp:attachment":[{"href":"https:\/\/www.jornalja.com.br\/arquivo\/wp-json\/wp\/v2\/media?parent=55461"}],"wp:term":[{"taxonomy":"category","embeddable":true,"href":"https:\/\/www.jornalja.com.br\/arquivo\/wp-json\/wp\/v2\/categories?post=55461"},{"taxonomy":"post_tag","embeddable":true,"href":"https:\/\/www.jornalja.com.br\/arquivo\/wp-json\/wp\/v2\/tags?post=55461"}],"curies":[{"name":"wp","href":"https:\/\/api.w.org\/{rel}","templated":true}]}}