{"id":55544,"date":"2017-09-24T12:01:25","date_gmt":"2017-09-24T15:01:25","guid":{"rendered":"https:\/\/www.jornalja.com.br\/?p=55544"},"modified":"2017-09-24T12:01:25","modified_gmt":"2017-09-24T15:01:25","slug":"camara-vota-revisao-do-iptu-nesta-segunda-feira","status":"publish","type":"post","link":"https:\/\/www.jornalja.com.br\/arquivo\/camara-vota-revisao-do-iptu-nesta-segunda-feira\/","title":{"rendered":"C\u00e2mara vota revis\u00e3o do IPTU nesta segunda-feira"},"content":{"rendered":"<p>A C\u00e2mara Municipal de Porto Alegre inicia nesta segunda-feira, 25\/9, a partir das 14 horas, a vota\u00e7\u00e3o do <a href=\"http:\/\/www.camarapoa.rs.gov.br\/processos\/132588\" target=\"_blank\" rel=\"noopener noreferrer\">projeto de lei<\/a> do Executivo que altera a legisla\u00e7\u00e3o do Imposto Predial e Territorial Urbano (IPTU) na Capital.<br \/>\nO governo do prefeito Nelson Marchezan J\u00fanior quer alterar a chamada planta gen\u00e9rica de valores (que estipula o valor venal dos im\u00f3veis) e definir crit\u00e9rios para corre\u00e7\u00f5es futuras destes valores; o projeto ainda extingue a al\u00edquota \u00fanica atual, de 0,85% para im\u00f3veis residenciais, e cria seis al\u00edquotas, que variam de 0% a 0,8%, conforme o valor da propriedade. O projeto ainda modifica a sistem\u00e1tica de isen\u00e7\u00f5es para o pagamento do tributo.<br \/>\n<span class=\"intertit\">Marchezan e PT juntos para aprovar revis\u00e3o do IPTU<\/span><br \/>\nA sess\u00e3o ser\u00e1 decisiva para o planejamento das finan\u00e7as do governo Marchezan. Se aprovado, o governo espera arrecadar ao menos R$ 70 milh\u00f5es a mais anualmente.<br \/>\nCom forte resist\u00eancia dentro da pr\u00f3pria base, Marchezan trabalha para conseguir aprovar o projeto com a ajuda de onde menos se espera e pretende contar com os quatro votos do PT para angariar os 19 necess\u00e1rios \u00e0 aprova\u00e7\u00e3o. Hoje, o governo teria entre nove e dez votos garantidos. Contar com o PT \u00e9 fundamental.<br \/>\nNa base h\u00e1 posi\u00e7\u00f5es fortemente contr\u00e1rias a medida. O vereador Ricardo Gomes (PP), ex-secret\u00e1rio da atual gest\u00e3o, reitera sua contrariedade: \u201cSomos contra o aumento de imposto. O governo tem de encontrar outras solu\u00e7\u00f5es\u201d. O PP deve ter tr\u00eas de quatro votos contra. Felipe Camozzato (NOVO), considerado liberal de cartilha, tamb\u00e9m deve votar contra.<br \/>\nJ\u00e1 a oposi\u00e7\u00e3o se mostrou a favor do IPTU progressivo, por\u00e9m, os dois partidos, PT e PSOL, tem diverg\u00eancias. Na bancada do PSOL \u00e9 defendido uma ampla discuss\u00e3o do projeto. No PT, a vereadora Sofia Cavedon \u00e9 uma das parlamentares que defende a altera\u00e7\u00e3o do valor venal na planta de im\u00f3veis. Ela lembra que a revis\u00e3o do IPTU foi tentada na \u00faltima gest\u00e3o do PT, em 2001, mas que o projeto foi recusado.<br \/>\n<span class=\"intertit\">Al\u00edquotas<\/span><br \/>\nO projeto prop\u00f5e que a planta gen\u00e9rica de valores seja atualizada a cada quatro anos, com uma faixa de isen\u00e7\u00e3o (al\u00edquota de 0%) para im\u00f3veis de valor venal de at\u00e9 R$ 60 mil. A al\u00edquota \u00fanica atual, de 0,85%, deixa de existir. As demais al\u00edquotas ser\u00e3o de 0,4% a 0,8%, conforme o valor do im\u00f3vel.<br \/>\nSegundo a Prefeitura, o repasse do reajuste causado pela mudan\u00e7a na lei ser\u00e1 distribu\u00eddo ao longo de quatro anos, com um limitador de 30% de aumento ao ano nos primeiros tr\u00eas anos. As al\u00edquotas ser\u00e3o as seguintes:<br \/>\n0% para im\u00f3veis at\u00e9 R$ 60 mil;<br \/>\n0,4% para im\u00f3veis entre R$ 60 e R$ 100 mil;<br \/>\n0,5% para im\u00f3veis entre R$ 100 mil e R$ 300 mil;<br \/>\n0,6% para im\u00f3veis entre R$ 300 mil e R$ 500 mil;<br \/>\n0,7% para im\u00f3veis entre R$ 500 mil e R$ 1 milh\u00e3o;<br \/>\n0,8% para m\u00f3veis de mais de R$ 1 milh\u00e3o.<br \/>\n<span class=\"intertit\">Isen\u00e7\u00f5es<\/span><br \/>\nA proposta do Executivo acaba com as isen\u00e7\u00f5es para entidades culturais, recreativas e esportivas sem fins lucrativos, como clubes de futebol e clubes sociais.<br \/>\nO projeto tamb\u00e9m altera a regra para concess\u00e3o de isen\u00e7\u00e3o de IPTU a aposentados com renda de at\u00e9 tr\u00eas sal\u00e1rios-m\u00ednimos e que possuam um \u00fanico im\u00f3vel na cidade. Pela proposta, para ter direito \u00e0 isen\u00e7\u00e3o, &#8220;o aposentado n\u00e3o poder\u00e1 ter outro im\u00f3vel em qualquer localidade, como uma casa na praia ou na serra&#8221;, explica o Executivo.<\/p>\n<p align=\"justify\">At\u00e9 o momento, os vereadores ainda apresentaram 22 emendas e tr\u00eas subemendas ao projeto. As altera\u00e7\u00f5es ser\u00e3o discutidas tamb\u00e9m nesta segunda.<\/p>\n","protected":false},"excerpt":{"rendered":"<p>A C\u00e2mara Municipal de Porto Alegre inicia nesta segunda-feira, 25\/9, a partir das 14 horas, a vota\u00e7\u00e3o do projeto de lei do Executivo que altera a legisla\u00e7\u00e3o do Imposto Predial e Territorial Urbano (IPTU) na Capital. O governo do prefeito Nelson Marchezan J\u00fanior quer alterar a chamada planta gen\u00e9rica de valores (que estipula o valor [&hellip;]<\/p>\n","protected":false},"author":4,"featured_media":55545,"comment_status":"open","ping_status":"closed","sticky":false,"template":"","format":"standard","meta":{"_jetpack_newsletter_access":"","_jetpack_dont_email_post_to_subs":false,"_jetpack_newsletter_tier_id":0,"_jetpack_memberships_contains_paywalled_content":false,"_jetpack_feature_clip_id":0,"_jetpack_memberships_contains_paid_content":false,"footnotes":"","jetpack_post_was_ever_published":false},"categories":[26,2016],"tags":[],"class_list":["post-55544","post","type-post","status-publish","format-standard","has-post-thumbnail","hentry","category-geral","category-materia-vencida"],"aioseo_notices":[],"aioseo_head":"\n\t\t<!-- All in One SEO 5.0.1.1 - aioseo.com -->\n\t<meta name=\"robots\" content=\"max-image-preview:large\" \/>\n\t<meta name=\"author\" content=\"da Reda\u00e7\u00e3o\"\/>\n\t<link rel=\"canonical\" href=\"https:\/\/www.jornalja.com.br\/arquivo\/camara-vota-revisao-do-iptu-nesta-segunda-feira\/\" \/>\n\t<meta name=\"generator\" content=\"All in One SEO (AIOSEO) 5.0.1.1\" \/>\n\t\t<meta property=\"og:locale\" content=\"pt_BR\" \/>\n\t\t<meta property=\"og:site_name\" content=\"Arquivo | Jornal J\u00c1 | Porto Alegre\" \/>\n\t\t<meta property=\"og:type\" content=\"article\" \/>\n\t\t<meta property=\"og:title\" content=\"C\u00e2mara vota revis\u00e3o do IPTU nesta segunda-feira | Arquivo\" \/>\n\t\t<meta property=\"og:url\" content=\"https:\/\/www.jornalja.com.br\/arquivo\/camara-vota-revisao-do-iptu-nesta-segunda-feira\/\" \/>\n\t\t<meta property=\"og:image\" content=\"https:\/\/www.jornalja.com.br\/economics\/wp-content\/uploads\/sites\/11\/2026\/08\/ja-folhaderosto-facebook.jpg\" \/>\n\t\t<meta property=\"og:image:secure_url\" content=\"https:\/\/www.jornalja.com.br\/economics\/wp-content\/uploads\/sites\/11\/2026\/08\/ja-folhaderosto-facebook.jpg\" \/>\n\t\t<meta property=\"article:published_time\" content=\"2017-09-24T15:01:25+00:00\" \/>\n\t\t<meta property=\"article:modified_time\" content=\"2017-09-24T15:01:25+00:00\" \/>\n\t\t<meta name=\"twitter:card\" content=\"summary\" \/>\n\t\t<meta name=\"twitter:title\" content=\"C\u00e2mara vota revis\u00e3o do IPTU nesta segunda-feira | Arquivo\" \/>\n\t\t<meta name=\"twitter:image\" content=\"https:\/\/www.jornalja.com.br\/economics\/wp-content\/uploads\/sites\/11\/2026\/08\/ja-folhaderosto-facebook.jpg\" \/>\n\t\t<script type=\"application\/ld+json\" class=\"aioseo-schema\">\n\t\t\t{\"@context\":\"https:\\\/\\\/schema.org\",\"@graph\":[{\"@type\":\"BlogPosting\",\"@id\":\"https:\\\/\\\/www.jornalja.com.br\\\/arquivo\\\/camara-vota-revisao-do-iptu-nesta-segunda-feira\\\/#blogposting\",\"name\":\"C\\u00e2mara vota revis\\u00e3o do IPTU nesta segunda-feira | Arquivo\",\"headline\":\"C\\u00e2mara vota revis\\u00e3o do IPTU nesta segunda-feira\",\"author\":{\"@id\":\"https:\\\/\\\/www.jornalja.com.br\\\/arquivo\\\/author\\\/daredacao\\\/#author\"},\"publisher\":{\"@id\":\"https:\\\/\\\/www.jornalja.com.br\\\/arquivo\\\/#organization\"},\"image\":{\"@type\":\"ImageObject\",\"url\":55545},\"datePublished\":\"2017-09-24T12:01:25-03:00\",\"dateModified\":\"2017-09-24T12:01:25-03:00\",\"inLanguage\":\"pt-BR\",\"mainEntityOfPage\":{\"@id\":\"https:\\\/\\\/www.jornalja.com.br\\\/arquivo\\\/camara-vota-revisao-do-iptu-nesta-segunda-feira\\\/#webpage\"},\"isPartOf\":{\"@id\":\"https:\\\/\\\/www.jornalja.com.br\\\/arquivo\\\/camara-vota-revisao-do-iptu-nesta-segunda-feira\\\/#webpage\"},\"articleSection\":\"Geral, Mat\\u00e9ria vencida\"},{\"@type\":\"BreadcrumbList\",\"@id\":\"https:\\\/\\\/www.jornalja.com.br\\\/arquivo\\\/camara-vota-revisao-do-iptu-nesta-segunda-feira\\\/#breadcrumblist\",\"itemListElement\":[{\"@type\":\"ListItem\",\"@id\":\"https:\\\/\\\/www.jornalja.com.br\\\/arquivo#listItem\",\"position\":1,\"name\":\"Home\",\"item\":\"https:\\\/\\\/www.jornalja.com.br\\\/arquivo\",\"nextItem\":{\"@type\":\"ListItem\",\"@id\":\"https:\\\/\\\/www.jornalja.com.br\\\/arquivo\\\/category\\\/geral\\\/#listItem\",\"name\":\"Geral\"}},{\"@type\":\"ListItem\",\"@id\":\"https:\\\/\\\/www.jornalja.com.br\\\/arquivo\\\/category\\\/geral\\\/#listItem\",\"position\":2,\"name\":\"Geral\",\"item\":\"https:\\\/\\\/www.jornalja.com.br\\\/arquivo\\\/category\\\/geral\\\/\",\"nextItem\":{\"@type\":\"ListItem\",\"@id\":\"https:\\\/\\\/www.jornalja.com.br\\\/arquivo\\\/camara-vota-revisao-do-iptu-nesta-segunda-feira\\\/#listItem\",\"name\":\"C\\u00e2mara vota revis\\u00e3o do IPTU nesta segunda-feira\"},\"previousItem\":{\"@type\":\"ListItem\",\"@id\":\"https:\\\/\\\/www.jornalja.com.br\\\/arquivo#listItem\",\"name\":\"Home\"}},{\"@type\":\"ListItem\",\"@id\":\"https:\\\/\\\/www.jornalja.com.br\\\/arquivo\\\/camara-vota-revisao-do-iptu-nesta-segunda-feira\\\/#listItem\",\"position\":3,\"name\":\"C\\u00e2mara vota revis\\u00e3o do IPTU nesta segunda-feira\",\"previousItem\":{\"@type\":\"ListItem\",\"@id\":\"https:\\\/\\\/www.jornalja.com.br\\\/arquivo\\\/category\\\/geral\\\/#listItem\",\"name\":\"Geral\"}}]},{\"@type\":\"Organization\",\"@id\":\"https:\\\/\\\/www.jornalja.com.br\\\/arquivo\\\/#organization\",\"name\":\"Jornal J\\u00c1\",\"description\":\"Jornal J\\u00c1 | Porto Alegre\",\"url\":\"https:\\\/\\\/www.jornalja.com.br\\\/arquivo\\\/\",\"telephone\":\"+555133307272\",\"logo\":{\"@type\":\"ImageObject\",\"url\":\"https:\\\/\\\/www.jornalja.com.br\\\/wp-content\\\/uploads\\\/cards\\\/JAslogan.png\",\"@id\":\"https:\\\/\\\/www.jornalja.com.br\\\/arquivo\\\/camara-vota-revisao-do-iptu-nesta-segunda-feira\\\/#organizationLogo\"},\"image\":{\"@id\":\"https:\\\/\\\/www.jornalja.com.br\\\/arquivo\\\/camara-vota-revisao-do-iptu-nesta-segunda-feira\\\/#organizationLogo\"}},{\"@type\":\"Person\",\"@id\":\"https:\\\/\\\/www.jornalja.com.br\\\/arquivo\\\/author\\\/daredacao\\\/#author\",\"url\":\"https:\\\/\\\/www.jornalja.com.br\\\/arquivo\\\/author\\\/daredacao\\\/\",\"name\":\"da Reda\\u00e7\\u00e3o\",\"image\":{\"@type\":\"ImageObject\",\"@id\":\"https:\\\/\\\/www.jornalja.com.br\\\/arquivo\\\/camara-vota-revisao-do-iptu-nesta-segunda-feira\\\/#authorImage\",\"url\":\"https:\\\/\\\/secure.gravatar.com\\\/avatar\\\/469fd857d6605ad19919d27ed29d35a968a25f6e8fd9318356bbb7f57aae9c65?s=96&d=mm&r=g\",\"width\":96,\"height\":96,\"caption\":\"da Reda\\u00e7\\u00e3o\"}},{\"@type\":\"WebPage\",\"@id\":\"https:\\\/\\\/www.jornalja.com.br\\\/arquivo\\\/camara-vota-revisao-do-iptu-nesta-segunda-feira\\\/#webpage\",\"url\":\"https:\\\/\\\/www.jornalja.com.br\\\/arquivo\\\/camara-vota-revisao-do-iptu-nesta-segunda-feira\\\/\",\"name\":\"C\\u00e2mara vota revis\\u00e3o do IPTU nesta segunda-feira | Arquivo\",\"inLanguage\":\"pt-BR\",\"isPartOf\":{\"@id\":\"https:\\\/\\\/www.jornalja.com.br\\\/arquivo\\\/#website\"},\"breadcrumb\":{\"@id\":\"https:\\\/\\\/www.jornalja.com.br\\\/arquivo\\\/camara-vota-revisao-do-iptu-nesta-segunda-feira\\\/#breadcrumblist\"},\"author\":{\"@id\":\"https:\\\/\\\/www.jornalja.com.br\\\/arquivo\\\/author\\\/daredacao\\\/#author\"},\"creator\":{\"@id\":\"https:\\\/\\\/www.jornalja.com.br\\\/arquivo\\\/author\\\/daredacao\\\/#author\"},\"image\":{\"@type\":\"ImageObject\",\"url\":55545,\"@id\":\"https:\\\/\\\/www.jornalja.com.br\\\/arquivo\\\/camara-vota-revisao-do-iptu-nesta-segunda-feira\\\/#mainImage\"},\"primaryImageOfPage\":{\"@id\":\"https:\\\/\\\/www.jornalja.com.br\\\/arquivo\\\/camara-vota-revisao-do-iptu-nesta-segunda-feira\\\/#mainImage\"},\"datePublished\":\"2017-09-24T12:01:25-03:00\",\"dateModified\":\"2017-09-24T12:01:25-03:00\"},{\"@type\":\"WebSite\",\"@id\":\"https:\\\/\\\/www.jornalja.com.br\\\/arquivo\\\/#website\",\"url\":\"https:\\\/\\\/www.jornalja.com.br\\\/arquivo\\\/\",\"name\":\"Arquivo\",\"description\":\"Jornal J\\u00c1 | Porto Alegre\",\"inLanguage\":\"pt-BR\",\"publisher\":{\"@id\":\"https:\\\/\\\/www.jornalja.com.br\\\/arquivo\\\/#organization\"}}]}\n\t\t<\/script>\n\t\t<!-- All in One SEO -->\n\n","aioseo_head_json":{"title":"C\u00e2mara vota revis\u00e3o do IPTU nesta segunda-feira | Arquivo","description":"","canonical_url":"https:\/\/www.jornalja.com.br\/arquivo\/camara-vota-revisao-do-iptu-nesta-segunda-feira\/","robots":"max-image-preview:large","keywords":"","webmasterTools":{"miscellaneous":""},"schema":{"@context":"https:\/\/schema.org","@graph":[{"@type":"BlogPosting","@id":"https:\/\/www.jornalja.com.br\/arquivo\/camara-vota-revisao-do-iptu-nesta-segunda-feira\/#blogposting","name":"C\u00e2mara vota revis\u00e3o do IPTU nesta segunda-feira | Arquivo","headline":"C\u00e2mara vota revis\u00e3o do IPTU nesta segunda-feira","author":{"@id":"https:\/\/www.jornalja.com.br\/arquivo\/author\/daredacao\/#author"},"publisher":{"@id":"https:\/\/www.jornalja.com.br\/arquivo\/#organization"},"image":{"@type":"ImageObject","url":55545},"datePublished":"2017-09-24T12:01:25-03:00","dateModified":"2017-09-24T12:01:25-03:00","inLanguage":"pt-BR","mainEntityOfPage":{"@id":"https:\/\/www.jornalja.com.br\/arquivo\/camara-vota-revisao-do-iptu-nesta-segunda-feira\/#webpage"},"isPartOf":{"@id":"https:\/\/www.jornalja.com.br\/arquivo\/camara-vota-revisao-do-iptu-nesta-segunda-feira\/#webpage"},"articleSection":"Geral, Mat\u00e9ria vencida"},{"@type":"BreadcrumbList","@id":"https:\/\/www.jornalja.com.br\/arquivo\/camara-vota-revisao-do-iptu-nesta-segunda-feira\/#breadcrumblist","itemListElement":[{"@type":"ListItem","@id":"https:\/\/www.jornalja.com.br\/arquivo#listItem","position":1,"name":"Home","item":"https:\/\/www.jornalja.com.br\/arquivo","nextItem":{"@type":"ListItem","@id":"https:\/\/www.jornalja.com.br\/arquivo\/category\/geral\/#listItem","name":"Geral"}},{"@type":"ListItem","@id":"https:\/\/www.jornalja.com.br\/arquivo\/category\/geral\/#listItem","position":2,"name":"Geral","item":"https:\/\/www.jornalja.com.br\/arquivo\/category\/geral\/","nextItem":{"@type":"ListItem","@id":"https:\/\/www.jornalja.com.br\/arquivo\/camara-vota-revisao-do-iptu-nesta-segunda-feira\/#listItem","name":"C\u00e2mara vota revis\u00e3o do IPTU nesta segunda-feira"},"previousItem":{"@type":"ListItem","@id":"https:\/\/www.jornalja.com.br\/arquivo#listItem","name":"Home"}},{"@type":"ListItem","@id":"https:\/\/www.jornalja.com.br\/arquivo\/camara-vota-revisao-do-iptu-nesta-segunda-feira\/#listItem","position":3,"name":"C\u00e2mara vota revis\u00e3o do IPTU nesta segunda-feira","previousItem":{"@type":"ListItem","@id":"https:\/\/www.jornalja.com.br\/arquivo\/category\/geral\/#listItem","name":"Geral"}}]},{"@type":"Organization","@id":"https:\/\/www.jornalja.com.br\/arquivo\/#organization","name":"Jornal J\u00c1","description":"Jornal J\u00c1 | Porto Alegre","url":"https:\/\/www.jornalja.com.br\/arquivo\/","telephone":"+555133307272","logo":{"@type":"ImageObject","url":"https:\/\/www.jornalja.com.br\/wp-content\/uploads\/cards\/JAslogan.png","@id":"https:\/\/www.jornalja.com.br\/arquivo\/camara-vota-revisao-do-iptu-nesta-segunda-feira\/#organizationLogo"},"image":{"@id":"https:\/\/www.jornalja.com.br\/arquivo\/camara-vota-revisao-do-iptu-nesta-segunda-feira\/#organizationLogo"}},{"@type":"Person","@id":"https:\/\/www.jornalja.com.br\/arquivo\/author\/daredacao\/#author","url":"https:\/\/www.jornalja.com.br\/arquivo\/author\/daredacao\/","name":"da Reda\u00e7\u00e3o","image":{"@type":"ImageObject","@id":"https:\/\/www.jornalja.com.br\/arquivo\/camara-vota-revisao-do-iptu-nesta-segunda-feira\/#authorImage","url":"https:\/\/secure.gravatar.com\/avatar\/469fd857d6605ad19919d27ed29d35a968a25f6e8fd9318356bbb7f57aae9c65?s=96&d=mm&r=g","width":96,"height":96,"caption":"da Reda\u00e7\u00e3o"}},{"@type":"WebPage","@id":"https:\/\/www.jornalja.com.br\/arquivo\/camara-vota-revisao-do-iptu-nesta-segunda-feira\/#webpage","url":"https:\/\/www.jornalja.com.br\/arquivo\/camara-vota-revisao-do-iptu-nesta-segunda-feira\/","name":"C\u00e2mara vota revis\u00e3o do IPTU nesta segunda-feira | Arquivo","inLanguage":"pt-BR","isPartOf":{"@id":"https:\/\/www.jornalja.com.br\/arquivo\/#website"},"breadcrumb":{"@id":"https:\/\/www.jornalja.com.br\/arquivo\/camara-vota-revisao-do-iptu-nesta-segunda-feira\/#breadcrumblist"},"author":{"@id":"https:\/\/www.jornalja.com.br\/arquivo\/author\/daredacao\/#author"},"creator":{"@id":"https:\/\/www.jornalja.com.br\/arquivo\/author\/daredacao\/#author"},"image":{"@type":"ImageObject","url":55545,"@id":"https:\/\/www.jornalja.com.br\/arquivo\/camara-vota-revisao-do-iptu-nesta-segunda-feira\/#mainImage"},"primaryImageOfPage":{"@id":"https:\/\/www.jornalja.com.br\/arquivo\/camara-vota-revisao-do-iptu-nesta-segunda-feira\/#mainImage"},"datePublished":"2017-09-24T12:01:25-03:00","dateModified":"2017-09-24T12:01:25-03:00"},{"@type":"WebSite","@id":"https:\/\/www.jornalja.com.br\/arquivo\/#website","url":"https:\/\/www.jornalja.com.br\/arquivo\/","name":"Arquivo","description":"Jornal J\u00c1 | Porto Alegre","inLanguage":"pt-BR","publisher":{"@id":"https:\/\/www.jornalja.com.br\/arquivo\/#organization"}}]},"og:locale":"pt_BR","og:site_name":"Arquivo | Jornal J\u00c1 | Porto Alegre","og:type":"article","og:title":"C\u00e2mara vota revis\u00e3o do IPTU nesta segunda-feira | Arquivo","og:url":"https:\/\/www.jornalja.com.br\/arquivo\/camara-vota-revisao-do-iptu-nesta-segunda-feira\/","og:image":"https:\/\/www.jornalja.com.br\/economics\/wp-content\/uploads\/sites\/11\/2026\/08\/ja-folhaderosto-facebook.jpg","og:image:secure_url":"https:\/\/www.jornalja.com.br\/economics\/wp-content\/uploads\/sites\/11\/2026\/08\/ja-folhaderosto-facebook.jpg","article:published_time":"2017-09-24T15:01:25+00:00","article:modified_time":"2017-09-24T15:01:25+00:00","twitter:card":"summary","twitter:title":"C\u00e2mara vota revis\u00e3o do IPTU nesta segunda-feira | Arquivo","twitter:image":"https:\/\/www.jornalja.com.br\/economics\/wp-content\/uploads\/sites\/11\/2026\/08\/ja-folhaderosto-facebook.jpg"},"aioseo_meta_data":{"post_id":"55544","title":null,"description":null,"keywords":null,"keyphrases":null,"primary_term":null,"canonical_url":null,"og_title":null,"og_description":null,"og_object_type":"default","og_image_type":"default","og_image_url":null,"og_image_width":null,"og_image_height":null,"og_image_custom_url":null,"og_image_custom_fields":null,"og_video":null,"og_custom_url":null,"og_article_section":null,"og_article_tags":null,"twitter_use_og":false,"twitter_card":"default","twitter_image_type":"default","twitter_image_url":null,"twitter_image_custom_url":null,"twitter_image_custom_fields":null,"twitter_title":null,"twitter_description":null,"schema":{"blockGraphs":[],"customGraphs":[],"default":{"data":{"Article":[],"Course":[],"Dataset":[],"FAQPage":[],"Movie":[],"Person":[],"Product":[],"ProductReview":[],"Car":[],"Recipe":[],"Service":[],"SoftwareApplication":[],"WebPage":[]},"graphName":"","isEnabled":true},"graphs":[],"defaultGraph":"","defaultPostTypeGraph":""},"schema_type":null,"schema_type_options":null,"pillar_content":false,"robots_default":true,"robots_noindex":false,"robots_noarchive":false,"robots_nosnippet":false,"robots_nofollow":false,"robots_noimageindex":false,"robots_noodp":false,"robots_notranslate":false,"robots_max_snippet":null,"robots_max_videopreview":null,"robots_max_imagepreview":"large","priority":null,"frequency":null,"location":null,"local_seo":null,"breadcrumb_settings":null,"limit_modified_date":false,"ai":null,"created":"2020-12-20 20:24:05","updated":"2025-07-20 01:18:58","seo_analyzer_scan_date":null,"focus_keyword":null,"additional_keywords":null,"truseo_locale":null},"jetpack_sharing_enabled":true,"jetpack-related-posts":[{"id":13240,"url":"https:\/\/www.jornalja.com.br\/arquivo\/plano-diretor-estamos-construindo-o-caos\/","url_meta":{"origin":55544,"position":0},"title":"Plano diretor: &quot;Estamos construindo o caos&quot;","author":"Patr\u00edcia Marini","date":"26 de maio de 2014","format":false,"excerpt":"Desabafo que arquiteta Eliana Castilhos, delegada da Regi\u00e3o de Planejamento 1, postou nas redes sociais \u00e9 um testemunho do ambiente que se criou no Conselho do Plano Diretor de Porto Alegre, onde a aprova\u00e7\u00e3o de grandes empreendimentos \u00e9 empurrada guela abaixo dos conselheiros. Ao CMDUA Como delegada da Regi\u00e3o de\u2026","rel":"","context":"Em &quot;Geral&quot;","block_context":{"text":"Geral","link":"https:\/\/www.jornalja.com.br\/arquivo\/category\/geral\/"},"img":{"alt_text":"","src":"","width":0,"height":0},"classes":[]},{"id":5440,"url":"https:\/\/www.jornalja.com.br\/arquivo\/casarao-da-venancio-destino-permanece-incerto\/","url_meta":{"origin":55544,"position":1},"title":"Estado ainda n\u00e3o sabe o que fazer com casar\u00e3o abandonado h\u00e1 20 anos","author":"Elmar Bones","date":"6 de julho de 2009","format":false,"excerpt":"O casar\u00e3o amarelo, numa esquina nobre de Porto Alegre (Ven\u00e2ncio Aires com Jo\u00e3o Pessoa), j\u00e1 abrigou uma escola. H\u00e1 duas d\u00e9cadas, pelo menos, est\u00e1 abandonado, porque seu propriet\u00e1rio, o governo do Estado do Rio Grande do Sul, n\u00e3o consegue achar um destino para ele. Planos n\u00e3o faltaram. O governador Ol\u00edvio\u2026","rel":"","context":"Em &quot;X.Categorias velhas&quot;","block_context":{"text":"X.Categorias velhas","link":"https:\/\/www.jornalja.com.br\/arquivo\/category\/x-categorias-velhas\/"},"img":{"alt_text":"geraldo1","src":"https:\/\/i0.wp.com\/www.jornalja.com.br\/wp-content\/uploads\/2009\/07\/geraldo1.jpg?resize=350%2C200&ssl=1","width":350,"height":200},"classes":[]},{"id":13124,"url":"https:\/\/www.jornalja.com.br\/arquivo\/sangue-latino-no-iecine\/","url_meta":{"origin":55544,"position":2},"title":"Sangue latino no IECINE","author":"da Reda\u00e7\u00e3o","date":"18 de maio de 2014","format":false,"excerpt":"Francisco Ribeiro O Instituto Estadual de Cinema (IECINE) tem a frente, desde abril \u00faltimo, um novo diretor, o cineasta colombiano Juan Zapata, 36, que substitui Luiz Alberto Cassol. Radicado h\u00e1 dez anos em Porto Alegre, Zapata tem diante de si o desafio de conduzir at\u00e9 o final do ano um\u2026","rel":"","context":"Em &quot;Cultura-Geral&quot;","block_context":{"text":"Cultura-Geral","link":"https:\/\/www.jornalja.com.br\/arquivo\/category\/materiasecundaria\/"},"img":{"alt_text":"","src":"","width":0,"height":0},"classes":[]},{"id":12960,"url":"https:\/\/www.jornalja.com.br\/arquivo\/populacao-culpa-empresas-pela-greve-dos-rodoviarios\/","url_meta":{"origin":55544,"position":3},"title":"Popula\u00e7\u00e3o culpa empresas pela greve","author":"Patr\u00edcia Marini","date":"14 de fevereiro de 2014","format":false,"excerpt":"Pesquisa divulgada na edi\u00e7\u00e3o do jornal Metro desta sexta-feira,14, comprova o velho ditado: \u00e9 poss\u00edvel enganar muitos por algum tempo, mas n\u00e3o \u00e9 poss\u00edvel enganar a todos o tempo inteiro. A principal revela\u00e7\u00e3o foi que 59,8% dos entrevistados apontaram as empresas como as principais respons\u00e1veis pela grave e 46% culparam\u2026","rel":"","context":"Em &quot;X.Categorias velhas&quot;","block_context":{"text":"X.Categorias velhas","link":"https:\/\/www.jornalja.com.br\/arquivo\/category\/x-categorias-velhas\/"},"img":{"alt_text":"","src":"","width":0,"height":0},"classes":[]},{"id":13101,"url":"https:\/\/www.jornalja.com.br\/arquivo\/morre-um-guerreiro-do-texto\/","url_meta":{"origin":55544,"position":4},"title":"Morre um guerreiro do texto","author":"Patr\u00edcia Marini","date":"14 de maio de 2014","format":false,"excerpt":"Por Ricardo Kotscho Reproduzido do blog do autor, 11\/5\/2014; t\u00edtulo original \u201cE l\u00e1 se foi o nosso Myltainho, guerreiro do texto\u201d. Mi\u00fado e franzino, meu amigo Myltainho era um valente e inconformado guerreiro na luta contra as injusti\u00e7as sociais, a hipocrisia, as maracutaias, o autoritarismo, a intoler\u00e2ncia, a viol\u00eancia, o\u2026","rel":"","context":"Em &quot;Geral&quot;","block_context":{"text":"Geral","link":"https:\/\/www.jornalja.com.br\/arquivo\/category\/geral\/"},"img":{"alt_text":"","src":"","width":0,"height":0},"classes":[]}],"jetpack_shortlink":"https:\/\/wp.me\/pbQjBd-erS","jetpack_featured_media_url":"","_links":{"self":[{"href":"https:\/\/www.jornalja.com.br\/arquivo\/wp-json\/wp\/v2\/posts\/55544","targetHints":{"allow":["GET"]}}],"collection":[{"href":"https:\/\/www.jornalja.com.br\/arquivo\/wp-json\/wp\/v2\/posts"}],"about":[{"href":"https:\/\/www.jornalja.com.br\/arquivo\/wp-json\/wp\/v2\/types\/post"}],"author":[{"embeddable":true,"href":"https:\/\/www.jornalja.com.br\/arquivo\/wp-json\/wp\/v2\/users\/4"}],"replies":[{"embeddable":true,"href":"https:\/\/www.jornalja.com.br\/arquivo\/wp-json\/wp\/v2\/comments?post=55544"}],"version-history":[{"count":0,"href":"https:\/\/www.jornalja.com.br\/arquivo\/wp-json\/wp\/v2\/posts\/55544\/revisions"}],"wp:attachment":[{"href":"https:\/\/www.jornalja.com.br\/arquivo\/wp-json\/wp\/v2\/media?parent=55544"}],"wp:term":[{"taxonomy":"category","embeddable":true,"href":"https:\/\/www.jornalja.com.br\/arquivo\/wp-json\/wp\/v2\/categories?post=55544"},{"taxonomy":"post_tag","embeddable":true,"href":"https:\/\/www.jornalja.com.br\/arquivo\/wp-json\/wp\/v2\/tags?post=55544"}],"curies":[{"name":"wp","href":"https:\/\/api.w.org\/{rel}","templated":true}]}}