{"id":55596,"date":"2017-09-25T22:24:59","date_gmt":"2017-09-26T01:24:59","guid":{"rendered":"https:\/\/www.jornalja.com.br\/?p=55596"},"modified":"2017-09-25T22:24:59","modified_gmt":"2017-09-26T01:24:59","slug":"governo-negocia-emendas-ate-com-a-oposicao-para-aprovar-revisao-do-iptu","status":"publish","type":"post","link":"https:\/\/www.jornalja.com.br\/arquivo\/governo-negocia-emendas-ate-com-a-oposicao-para-aprovar-revisao-do-iptu\/","title":{"rendered":"Governo negocia emendas at\u00e9 com a oposi\u00e7\u00e3o para aprovar revis\u00e3o do IPTU"},"content":{"rendered":"<p>Ficou para quarta-feira, dia 27, a decis\u00e3o sobre o projeto que altera o Imposto Predial e Territorial Urbano (IPTU) em Porto Alegre. A agitada sess\u00e3o plen\u00e1ria desta segunda-feira na C\u00e2mara de Vereadores durou quase quatro horas e abriu a discuss\u00e3o para a mat\u00e9ria, que ainda n\u00e3o tem resultado certo.<br \/>\n&#8220;Desde o projeto do Uber n\u00e3o via um movimento t\u00e3o grande&#8221; comentou um assessor da Diretoria Legislativa (DL). A toda hora vereadores e assessores parlamentares chegavam ao balc\u00e3o da DL para protocolar emendas e subemendas. A sess\u00e3o que come\u00e7ou com 22 emendas apregoadas encerrou com 39. At\u00e9 o final das discuss\u00e3o mais emendas ainda podem ser apresentadas.<br \/>\nO Governo, que se articulou bem para a aprova\u00e7\u00e3o do projeto, tem hoje quase certo os 19 votos necess\u00e1rios.<br \/>\nPela manh\u00e3 reuniu os l\u00edderes dos partidos da base pedindo que votassem favor\u00e1veis ao projeto. No per\u00edodo da tarde a for\u00e7a-tarefa continuou, o vice-prefeito Gustavo Paim, o secret\u00e1rio Leonardo Busatto e o ex-vereador Matheus Ayres, agora chefe de gabinete de Paim, estiveram na C\u00e2mara tentando convencer parlamentares em d\u00favida.<br \/>\n&#8220;\u00c9 preciso revisar o IPTU que j\u00e1 est\u00e1 defasado. N\u00e3o \u00e9 um projeto de Governo, \u00e9 para a cidade&#8221;, salientou Busatto.<br \/>\nO entra e sai na sala do presidente da casa, C\u00e1ssio Trogildo (PTB), foi constante. Apesar de ter aparentemente todos os votos necess\u00e1rios, o resultado final ainda n\u00e3o \u00e9 certo. Muitos vereadores condicionam seus votos a uma aprova\u00e7\u00e3o de suas emendas.<br \/>\n<span class=\"intertit\">Votos do PT podem ser decisivos <\/span><br \/>\n\u00c9 o caso da bancada do PT. O partido que defende a revis\u00e3o do IPTU protocolou duas emendas. O governo precisa dos 4 votos do maior partido da oposi\u00e7\u00e3o. O PSOL j\u00e1 declarou que ir\u00e1 votar contra o projeto.<br \/>\nEmpres\u00e1rios e representantes de clubes tamb\u00e9m estiveram na sess\u00e3o. Eles s\u00e3o contra o projeto que aumenta em at\u00e9 13% o valor da arrecada\u00e7\u00e3o j\u00e1 no primeiro ano. Para os clubes, a proposta prev\u00ea a retirada da isen\u00e7\u00e3o.<br \/>\nA discuss\u00e3o do projeto ir\u00e1 recome\u00e7ar nesta quarta-feira.<br \/>\nO projeto prop\u00f5e que a planta gen\u00e9rica de valores seja atualizada a cada quatro anos, com uma faixa de isen\u00e7\u00e3o (al\u00edquota de 0%) para im\u00f3veis de valor venal de at\u00e9 R$ 60 mil. A al\u00edquota \u00fanica atual para im\u00f3veis residenciais, de 0,85%, deixa de existir.<br \/>\nSegundo a Prefeitura, o repasse do reajuste causado pela mudan\u00e7a na lei ser\u00e1 distribu\u00eddo ao longo de quatro anos, com um limitador de 30% de aumento ao ano nos primeiros tr\u00eas anos. As al\u00edquotas ser\u00e3o as seguintes:<br \/>\n\u2022 0% para im\u00f3veis at\u00e9 R$ 60 mil;<br \/>\n\u2022 0,4% para im\u00f3veis entre R$ 60 e R$ 100 mil;<br \/>\n\u2022 0,5% para im\u00f3veis entre R$ 100 mil e R$ 300 mil;<br \/>\n\u2022 0,6% para im\u00f3veis entre R$ 300 mil e R$ 500 mil;<br \/>\n\u2022 0,7% para im\u00f3veis entre R$ 500 mil e R$ 1 milh\u00e3o;<br \/>\n\u2022 0,8% para im\u00f3veis de mais de R$ 1 milh\u00e3o;<br \/>\n* 0,9% para im\u00f3veis n\u00e3o-residenciais.<br \/>\n<span class=\"intertit\">Isen\u00e7\u00f5es<\/span><br \/>\nA proposta do Executivo acaba com as isen\u00e7\u00f5es para entidades culturais, recreativas e esportivas sem fins lucrativos, como clubes de futebol e clubes sociais. O projeto tamb\u00e9m altera a regra para concess\u00e3o de isen\u00e7\u00e3o de IPTU a aposentados com renda de at\u00e9 tr\u00eas sal\u00e1rios m\u00ednimos e que possuam um \u00fanico im\u00f3vel na cidade. Pela proposta, para ter direito \u00e0 isen\u00e7\u00e3o, &#8220;o aposentado n\u00e3o poder\u00e1 ter outro im\u00f3vel em qualquer localidade, como uma casa na praia ou na serra&#8221;, diz o projeto.<br \/>\n&nbsp;<\/p>\n","protected":false},"excerpt":{"rendered":"<p>Ficou para quarta-feira, dia 27, a decis\u00e3o sobre o projeto que altera o Imposto Predial e Territorial Urbano (IPTU) em Porto Alegre. A agitada sess\u00e3o plen\u00e1ria desta segunda-feira na C\u00e2mara de Vereadores durou quase quatro horas e abriu a discuss\u00e3o para a mat\u00e9ria, que ainda n\u00e3o tem resultado certo. &#8220;Desde o projeto do Uber n\u00e3o [&hellip;]<\/p>\n","protected":false},"author":4,"featured_media":55605,"comment_status":"open","ping_status":"closed","sticky":false,"template":"","format":"standard","meta":{"_jetpack_newsletter_access":"","_jetpack_dont_email_post_to_subs":false,"_jetpack_newsletter_tier_id":0,"_jetpack_memberships_contains_paywalled_content":false,"_jetpack_feature_clip_id":0,"_jetpack_memberships_contains_paid_content":false,"footnotes":"","jetpack_post_was_ever_published":false},"categories":[26],"tags":[],"class_list":["post-55596","post","type-post","status-publish","format-standard","has-post-thumbnail","hentry","category-geral"],"aioseo_notices":[],"aioseo_head":"\n\t\t<!-- All in One SEO 5.0.1.1 - aioseo.com -->\n\t<meta name=\"robots\" content=\"max-image-preview:large\" \/>\n\t<meta name=\"author\" content=\"da Reda\u00e7\u00e3o\"\/>\n\t<link rel=\"canonical\" href=\"https:\/\/www.jornalja.com.br\/arquivo\/governo-negocia-emendas-ate-com-a-oposicao-para-aprovar-revisao-do-iptu\/\" \/>\n\t<meta name=\"generator\" content=\"All in One SEO (AIOSEO) 5.0.1.1\" \/>\n\t\t<meta property=\"og:locale\" content=\"pt_BR\" \/>\n\t\t<meta property=\"og:site_name\" content=\"Arquivo | Jornal J\u00c1 | Porto Alegre\" \/>\n\t\t<meta property=\"og:type\" content=\"article\" \/>\n\t\t<meta property=\"og:title\" content=\"Governo negocia emendas at\u00e9 com a oposi\u00e7\u00e3o para aprovar revis\u00e3o do IPTU | Arquivo\" \/>\n\t\t<meta property=\"og:url\" content=\"https:\/\/www.jornalja.com.br\/arquivo\/governo-negocia-emendas-ate-com-a-oposicao-para-aprovar-revisao-do-iptu\/\" \/>\n\t\t<meta property=\"og:image\" content=\"https:\/\/www.jornalja.com.br\/economics\/wp-content\/uploads\/sites\/11\/2026\/08\/ja-folhaderosto-facebook.jpg\" \/>\n\t\t<meta property=\"og:image:secure_url\" content=\"https:\/\/www.jornalja.com.br\/economics\/wp-content\/uploads\/sites\/11\/2026\/08\/ja-folhaderosto-facebook.jpg\" \/>\n\t\t<meta property=\"article:published_time\" content=\"2017-09-26T01:24:59+00:00\" \/>\n\t\t<meta property=\"article:modified_time\" content=\"2017-09-26T01:24:59+00:00\" \/>\n\t\t<meta name=\"twitter:card\" content=\"summary\" \/>\n\t\t<meta name=\"twitter:title\" content=\"Governo negocia emendas at\u00e9 com a oposi\u00e7\u00e3o para aprovar revis\u00e3o do IPTU | Arquivo\" \/>\n\t\t<meta name=\"twitter:image\" content=\"https:\/\/www.jornalja.com.br\/economics\/wp-content\/uploads\/sites\/11\/2026\/08\/ja-folhaderosto-facebook.jpg\" \/>\n\t\t<script type=\"application\/ld+json\" class=\"aioseo-schema\">\n\t\t\t{\"@context\":\"https:\\\/\\\/schema.org\",\"@graph\":[{\"@type\":\"BlogPosting\",\"@id\":\"https:\\\/\\\/www.jornalja.com.br\\\/arquivo\\\/governo-negocia-emendas-ate-com-a-oposicao-para-aprovar-revisao-do-iptu\\\/#blogposting\",\"name\":\"Governo negocia emendas at\\u00e9 com a oposi\\u00e7\\u00e3o para aprovar revis\\u00e3o do IPTU | Arquivo\",\"headline\":\"Governo negocia emendas at\\u00e9 com a oposi\\u00e7\\u00e3o para aprovar revis\\u00e3o do IPTU\",\"author\":{\"@id\":\"https:\\\/\\\/www.jornalja.com.br\\\/arquivo\\\/author\\\/daredacao\\\/#author\"},\"publisher\":{\"@id\":\"https:\\\/\\\/www.jornalja.com.br\\\/arquivo\\\/#organization\"},\"image\":{\"@type\":\"ImageObject\",\"url\":55605},\"datePublished\":\"2017-09-25T22:24:59-03:00\",\"dateModified\":\"2017-09-25T22:24:59-03:00\",\"inLanguage\":\"pt-BR\",\"mainEntityOfPage\":{\"@id\":\"https:\\\/\\\/www.jornalja.com.br\\\/arquivo\\\/governo-negocia-emendas-ate-com-a-oposicao-para-aprovar-revisao-do-iptu\\\/#webpage\"},\"isPartOf\":{\"@id\":\"https:\\\/\\\/www.jornalja.com.br\\\/arquivo\\\/governo-negocia-emendas-ate-com-a-oposicao-para-aprovar-revisao-do-iptu\\\/#webpage\"},\"articleSection\":\"Geral\"},{\"@type\":\"BreadcrumbList\",\"@id\":\"https:\\\/\\\/www.jornalja.com.br\\\/arquivo\\\/governo-negocia-emendas-ate-com-a-oposicao-para-aprovar-revisao-do-iptu\\\/#breadcrumblist\",\"itemListElement\":[{\"@type\":\"ListItem\",\"@id\":\"https:\\\/\\\/www.jornalja.com.br\\\/arquivo#listItem\",\"position\":1,\"name\":\"Home\",\"item\":\"https:\\\/\\\/www.jornalja.com.br\\\/arquivo\",\"nextItem\":{\"@type\":\"ListItem\",\"@id\":\"https:\\\/\\\/www.jornalja.com.br\\\/arquivo\\\/category\\\/geral\\\/#listItem\",\"name\":\"Geral\"}},{\"@type\":\"ListItem\",\"@id\":\"https:\\\/\\\/www.jornalja.com.br\\\/arquivo\\\/category\\\/geral\\\/#listItem\",\"position\":2,\"name\":\"Geral\",\"item\":\"https:\\\/\\\/www.jornalja.com.br\\\/arquivo\\\/category\\\/geral\\\/\",\"nextItem\":{\"@type\":\"ListItem\",\"@id\":\"https:\\\/\\\/www.jornalja.com.br\\\/arquivo\\\/governo-negocia-emendas-ate-com-a-oposicao-para-aprovar-revisao-do-iptu\\\/#listItem\",\"name\":\"Governo negocia emendas at\\u00e9 com a oposi\\u00e7\\u00e3o para aprovar revis\\u00e3o do IPTU\"},\"previousItem\":{\"@type\":\"ListItem\",\"@id\":\"https:\\\/\\\/www.jornalja.com.br\\\/arquivo#listItem\",\"name\":\"Home\"}},{\"@type\":\"ListItem\",\"@id\":\"https:\\\/\\\/www.jornalja.com.br\\\/arquivo\\\/governo-negocia-emendas-ate-com-a-oposicao-para-aprovar-revisao-do-iptu\\\/#listItem\",\"position\":3,\"name\":\"Governo negocia emendas at\\u00e9 com a oposi\\u00e7\\u00e3o para aprovar revis\\u00e3o do IPTU\",\"previousItem\":{\"@type\":\"ListItem\",\"@id\":\"https:\\\/\\\/www.jornalja.com.br\\\/arquivo\\\/category\\\/geral\\\/#listItem\",\"name\":\"Geral\"}}]},{\"@type\":\"Organization\",\"@id\":\"https:\\\/\\\/www.jornalja.com.br\\\/arquivo\\\/#organization\",\"name\":\"Jornal J\\u00c1\",\"description\":\"Jornal J\\u00c1 | Porto Alegre\",\"url\":\"https:\\\/\\\/www.jornalja.com.br\\\/arquivo\\\/\",\"telephone\":\"+555133307272\",\"logo\":{\"@type\":\"ImageObject\",\"url\":\"https:\\\/\\\/www.jornalja.com.br\\\/wp-content\\\/uploads\\\/cards\\\/JAslogan.png\",\"@id\":\"https:\\\/\\\/www.jornalja.com.br\\\/arquivo\\\/governo-negocia-emendas-ate-com-a-oposicao-para-aprovar-revisao-do-iptu\\\/#organizationLogo\"},\"image\":{\"@id\":\"https:\\\/\\\/www.jornalja.com.br\\\/arquivo\\\/governo-negocia-emendas-ate-com-a-oposicao-para-aprovar-revisao-do-iptu\\\/#organizationLogo\"}},{\"@type\":\"Person\",\"@id\":\"https:\\\/\\\/www.jornalja.com.br\\\/arquivo\\\/author\\\/daredacao\\\/#author\",\"url\":\"https:\\\/\\\/www.jornalja.com.br\\\/arquivo\\\/author\\\/daredacao\\\/\",\"name\":\"da Reda\\u00e7\\u00e3o\",\"image\":{\"@type\":\"ImageObject\",\"@id\":\"https:\\\/\\\/www.jornalja.com.br\\\/arquivo\\\/governo-negocia-emendas-ate-com-a-oposicao-para-aprovar-revisao-do-iptu\\\/#authorImage\",\"url\":\"https:\\\/\\\/secure.gravatar.com\\\/avatar\\\/469fd857d6605ad19919d27ed29d35a968a25f6e8fd9318356bbb7f57aae9c65?s=96&d=mm&r=g\",\"width\":96,\"height\":96,\"caption\":\"da Reda\\u00e7\\u00e3o\"}},{\"@type\":\"WebPage\",\"@id\":\"https:\\\/\\\/www.jornalja.com.br\\\/arquivo\\\/governo-negocia-emendas-ate-com-a-oposicao-para-aprovar-revisao-do-iptu\\\/#webpage\",\"url\":\"https:\\\/\\\/www.jornalja.com.br\\\/arquivo\\\/governo-negocia-emendas-ate-com-a-oposicao-para-aprovar-revisao-do-iptu\\\/\",\"name\":\"Governo negocia emendas at\\u00e9 com a oposi\\u00e7\\u00e3o para aprovar revis\\u00e3o do IPTU | Arquivo\",\"inLanguage\":\"pt-BR\",\"isPartOf\":{\"@id\":\"https:\\\/\\\/www.jornalja.com.br\\\/arquivo\\\/#website\"},\"breadcrumb\":{\"@id\":\"https:\\\/\\\/www.jornalja.com.br\\\/arquivo\\\/governo-negocia-emendas-ate-com-a-oposicao-para-aprovar-revisao-do-iptu\\\/#breadcrumblist\"},\"author\":{\"@id\":\"https:\\\/\\\/www.jornalja.com.br\\\/arquivo\\\/author\\\/daredacao\\\/#author\"},\"creator\":{\"@id\":\"https:\\\/\\\/www.jornalja.com.br\\\/arquivo\\\/author\\\/daredacao\\\/#author\"},\"image\":{\"@type\":\"ImageObject\",\"url\":55605,\"@id\":\"https:\\\/\\\/www.jornalja.com.br\\\/arquivo\\\/governo-negocia-emendas-ate-com-a-oposicao-para-aprovar-revisao-do-iptu\\\/#mainImage\"},\"primaryImageOfPage\":{\"@id\":\"https:\\\/\\\/www.jornalja.com.br\\\/arquivo\\\/governo-negocia-emendas-ate-com-a-oposicao-para-aprovar-revisao-do-iptu\\\/#mainImage\"},\"datePublished\":\"2017-09-25T22:24:59-03:00\",\"dateModified\":\"2017-09-25T22:24:59-03:00\"},{\"@type\":\"WebSite\",\"@id\":\"https:\\\/\\\/www.jornalja.com.br\\\/arquivo\\\/#website\",\"url\":\"https:\\\/\\\/www.jornalja.com.br\\\/arquivo\\\/\",\"name\":\"Arquivo\",\"description\":\"Jornal J\\u00c1 | Porto Alegre\",\"inLanguage\":\"pt-BR\",\"publisher\":{\"@id\":\"https:\\\/\\\/www.jornalja.com.br\\\/arquivo\\\/#organization\"}}]}\n\t\t<\/script>\n\t\t<!-- All in One SEO -->\n\n","aioseo_head_json":{"title":"Governo negocia emendas at\u00e9 com a oposi\u00e7\u00e3o para aprovar revis\u00e3o do IPTU | Arquivo","description":"","canonical_url":"https:\/\/www.jornalja.com.br\/arquivo\/governo-negocia-emendas-ate-com-a-oposicao-para-aprovar-revisao-do-iptu\/","robots":"max-image-preview:large","keywords":"","webmasterTools":{"miscellaneous":""},"schema":{"@context":"https:\/\/schema.org","@graph":[{"@type":"BlogPosting","@id":"https:\/\/www.jornalja.com.br\/arquivo\/governo-negocia-emendas-ate-com-a-oposicao-para-aprovar-revisao-do-iptu\/#blogposting","name":"Governo negocia emendas at\u00e9 com a oposi\u00e7\u00e3o para aprovar revis\u00e3o do IPTU | Arquivo","headline":"Governo negocia emendas at\u00e9 com a oposi\u00e7\u00e3o para aprovar revis\u00e3o do IPTU","author":{"@id":"https:\/\/www.jornalja.com.br\/arquivo\/author\/daredacao\/#author"},"publisher":{"@id":"https:\/\/www.jornalja.com.br\/arquivo\/#organization"},"image":{"@type":"ImageObject","url":55605},"datePublished":"2017-09-25T22:24:59-03:00","dateModified":"2017-09-25T22:24:59-03:00","inLanguage":"pt-BR","mainEntityOfPage":{"@id":"https:\/\/www.jornalja.com.br\/arquivo\/governo-negocia-emendas-ate-com-a-oposicao-para-aprovar-revisao-do-iptu\/#webpage"},"isPartOf":{"@id":"https:\/\/www.jornalja.com.br\/arquivo\/governo-negocia-emendas-ate-com-a-oposicao-para-aprovar-revisao-do-iptu\/#webpage"},"articleSection":"Geral"},{"@type":"BreadcrumbList","@id":"https:\/\/www.jornalja.com.br\/arquivo\/governo-negocia-emendas-ate-com-a-oposicao-para-aprovar-revisao-do-iptu\/#breadcrumblist","itemListElement":[{"@type":"ListItem","@id":"https:\/\/www.jornalja.com.br\/arquivo#listItem","position":1,"name":"Home","item":"https:\/\/www.jornalja.com.br\/arquivo","nextItem":{"@type":"ListItem","@id":"https:\/\/www.jornalja.com.br\/arquivo\/category\/geral\/#listItem","name":"Geral"}},{"@type":"ListItem","@id":"https:\/\/www.jornalja.com.br\/arquivo\/category\/geral\/#listItem","position":2,"name":"Geral","item":"https:\/\/www.jornalja.com.br\/arquivo\/category\/geral\/","nextItem":{"@type":"ListItem","@id":"https:\/\/www.jornalja.com.br\/arquivo\/governo-negocia-emendas-ate-com-a-oposicao-para-aprovar-revisao-do-iptu\/#listItem","name":"Governo negocia emendas at\u00e9 com a oposi\u00e7\u00e3o para aprovar revis\u00e3o do IPTU"},"previousItem":{"@type":"ListItem","@id":"https:\/\/www.jornalja.com.br\/arquivo#listItem","name":"Home"}},{"@type":"ListItem","@id":"https:\/\/www.jornalja.com.br\/arquivo\/governo-negocia-emendas-ate-com-a-oposicao-para-aprovar-revisao-do-iptu\/#listItem","position":3,"name":"Governo negocia emendas at\u00e9 com a oposi\u00e7\u00e3o para aprovar revis\u00e3o do IPTU","previousItem":{"@type":"ListItem","@id":"https:\/\/www.jornalja.com.br\/arquivo\/category\/geral\/#listItem","name":"Geral"}}]},{"@type":"Organization","@id":"https:\/\/www.jornalja.com.br\/arquivo\/#organization","name":"Jornal J\u00c1","description":"Jornal J\u00c1 | Porto Alegre","url":"https:\/\/www.jornalja.com.br\/arquivo\/","telephone":"+555133307272","logo":{"@type":"ImageObject","url":"https:\/\/www.jornalja.com.br\/wp-content\/uploads\/cards\/JAslogan.png","@id":"https:\/\/www.jornalja.com.br\/arquivo\/governo-negocia-emendas-ate-com-a-oposicao-para-aprovar-revisao-do-iptu\/#organizationLogo"},"image":{"@id":"https:\/\/www.jornalja.com.br\/arquivo\/governo-negocia-emendas-ate-com-a-oposicao-para-aprovar-revisao-do-iptu\/#organizationLogo"}},{"@type":"Person","@id":"https:\/\/www.jornalja.com.br\/arquivo\/author\/daredacao\/#author","url":"https:\/\/www.jornalja.com.br\/arquivo\/author\/daredacao\/","name":"da Reda\u00e7\u00e3o","image":{"@type":"ImageObject","@id":"https:\/\/www.jornalja.com.br\/arquivo\/governo-negocia-emendas-ate-com-a-oposicao-para-aprovar-revisao-do-iptu\/#authorImage","url":"https:\/\/secure.gravatar.com\/avatar\/469fd857d6605ad19919d27ed29d35a968a25f6e8fd9318356bbb7f57aae9c65?s=96&d=mm&r=g","width":96,"height":96,"caption":"da Reda\u00e7\u00e3o"}},{"@type":"WebPage","@id":"https:\/\/www.jornalja.com.br\/arquivo\/governo-negocia-emendas-ate-com-a-oposicao-para-aprovar-revisao-do-iptu\/#webpage","url":"https:\/\/www.jornalja.com.br\/arquivo\/governo-negocia-emendas-ate-com-a-oposicao-para-aprovar-revisao-do-iptu\/","name":"Governo negocia emendas at\u00e9 com a oposi\u00e7\u00e3o para aprovar revis\u00e3o do IPTU | Arquivo","inLanguage":"pt-BR","isPartOf":{"@id":"https:\/\/www.jornalja.com.br\/arquivo\/#website"},"breadcrumb":{"@id":"https:\/\/www.jornalja.com.br\/arquivo\/governo-negocia-emendas-ate-com-a-oposicao-para-aprovar-revisao-do-iptu\/#breadcrumblist"},"author":{"@id":"https:\/\/www.jornalja.com.br\/arquivo\/author\/daredacao\/#author"},"creator":{"@id":"https:\/\/www.jornalja.com.br\/arquivo\/author\/daredacao\/#author"},"image":{"@type":"ImageObject","url":55605,"@id":"https:\/\/www.jornalja.com.br\/arquivo\/governo-negocia-emendas-ate-com-a-oposicao-para-aprovar-revisao-do-iptu\/#mainImage"},"primaryImageOfPage":{"@id":"https:\/\/www.jornalja.com.br\/arquivo\/governo-negocia-emendas-ate-com-a-oposicao-para-aprovar-revisao-do-iptu\/#mainImage"},"datePublished":"2017-09-25T22:24:59-03:00","dateModified":"2017-09-25T22:24:59-03:00"},{"@type":"WebSite","@id":"https:\/\/www.jornalja.com.br\/arquivo\/#website","url":"https:\/\/www.jornalja.com.br\/arquivo\/","name":"Arquivo","description":"Jornal J\u00c1 | Porto Alegre","inLanguage":"pt-BR","publisher":{"@id":"https:\/\/www.jornalja.com.br\/arquivo\/#organization"}}]},"og:locale":"pt_BR","og:site_name":"Arquivo | Jornal J\u00c1 | Porto Alegre","og:type":"article","og:title":"Governo negocia emendas at\u00e9 com a oposi\u00e7\u00e3o para aprovar revis\u00e3o do IPTU | Arquivo","og:url":"https:\/\/www.jornalja.com.br\/arquivo\/governo-negocia-emendas-ate-com-a-oposicao-para-aprovar-revisao-do-iptu\/","og:image":"https:\/\/www.jornalja.com.br\/economics\/wp-content\/uploads\/sites\/11\/2026\/08\/ja-folhaderosto-facebook.jpg","og:image:secure_url":"https:\/\/www.jornalja.com.br\/economics\/wp-content\/uploads\/sites\/11\/2026\/08\/ja-folhaderosto-facebook.jpg","article:published_time":"2017-09-26T01:24:59+00:00","article:modified_time":"2017-09-26T01:24:59+00:00","twitter:card":"summary","twitter:title":"Governo negocia emendas at\u00e9 com a oposi\u00e7\u00e3o para aprovar revis\u00e3o do IPTU | Arquivo","twitter:image":"https:\/\/www.jornalja.com.br\/economics\/wp-content\/uploads\/sites\/11\/2026\/08\/ja-folhaderosto-facebook.jpg"},"aioseo_meta_data":{"post_id":"55596","title":null,"description":null,"keywords":null,"keyphrases":null,"primary_term":null,"canonical_url":null,"og_title":null,"og_description":null,"og_object_type":"default","og_image_type":"default","og_image_url":null,"og_image_width":null,"og_image_height":null,"og_image_custom_url":null,"og_image_custom_fields":null,"og_video":null,"og_custom_url":null,"og_article_section":null,"og_article_tags":null,"twitter_use_og":false,"twitter_card":"default","twitter_image_type":"default","twitter_image_url":null,"twitter_image_custom_url":null,"twitter_image_custom_fields":null,"twitter_title":null,"twitter_description":null,"schema":{"blockGraphs":[],"customGraphs":[],"default":{"data":{"Article":[],"Course":[],"Dataset":[],"FAQPage":[],"Movie":[],"Person":[],"Product":[],"ProductReview":[],"Car":[],"Recipe":[],"Service":[],"SoftwareApplication":[],"WebPage":[]},"graphName":"","isEnabled":true},"graphs":[],"defaultGraph":"","defaultPostTypeGraph":""},"schema_type":null,"schema_type_options":null,"pillar_content":false,"robots_default":true,"robots_noindex":false,"robots_noarchive":false,"robots_nosnippet":false,"robots_nofollow":false,"robots_noimageindex":false,"robots_noodp":false,"robots_notranslate":false,"robots_max_snippet":null,"robots_max_videopreview":null,"robots_max_imagepreview":"large","priority":null,"frequency":null,"location":null,"local_seo":null,"breadcrumb_settings":null,"limit_modified_date":false,"ai":null,"created":"2020-12-20 20:24:05","updated":"2025-07-20 01:19:47","seo_analyzer_scan_date":null,"focus_keyword":null,"additional_keywords":null,"truseo_locale":null},"jetpack_sharing_enabled":true,"jetpack-related-posts":[{"id":13240,"url":"https:\/\/www.jornalja.com.br\/arquivo\/plano-diretor-estamos-construindo-o-caos\/","url_meta":{"origin":55596,"position":0},"title":"Plano diretor: &quot;Estamos construindo o caos&quot;","author":"Patr\u00edcia Marini","date":"26 de maio de 2014","format":false,"excerpt":"Desabafo que arquiteta Eliana Castilhos, delegada da Regi\u00e3o de Planejamento 1, postou nas redes sociais \u00e9 um testemunho do ambiente que se criou no Conselho do Plano Diretor de Porto Alegre, onde a aprova\u00e7\u00e3o de grandes empreendimentos \u00e9 empurrada guela abaixo dos conselheiros. Ao CMDUA Como delegada da Regi\u00e3o de\u2026","rel":"","context":"Em &quot;Geral&quot;","block_context":{"text":"Geral","link":"https:\/\/www.jornalja.com.br\/arquivo\/category\/geral\/"},"img":{"alt_text":"","src":"","width":0,"height":0},"classes":[]},{"id":13124,"url":"https:\/\/www.jornalja.com.br\/arquivo\/sangue-latino-no-iecine\/","url_meta":{"origin":55596,"position":1},"title":"Sangue latino no IECINE","author":"da Reda\u00e7\u00e3o","date":"18 de maio de 2014","format":false,"excerpt":"Francisco Ribeiro O Instituto Estadual de Cinema (IECINE) tem a frente, desde abril \u00faltimo, um novo diretor, o cineasta colombiano Juan Zapata, 36, que substitui Luiz Alberto Cassol. Radicado h\u00e1 dez anos em Porto Alegre, Zapata tem diante de si o desafio de conduzir at\u00e9 o final do ano um\u2026","rel":"","context":"Em &quot;Cultura-Geral&quot;","block_context":{"text":"Cultura-Geral","link":"https:\/\/www.jornalja.com.br\/arquivo\/category\/materiasecundaria\/"},"img":{"alt_text":"","src":"","width":0,"height":0},"classes":[]},{"id":5440,"url":"https:\/\/www.jornalja.com.br\/arquivo\/casarao-da-venancio-destino-permanece-incerto\/","url_meta":{"origin":55596,"position":2},"title":"Estado ainda n\u00e3o sabe o que fazer com casar\u00e3o abandonado h\u00e1 20 anos","author":"Elmar Bones","date":"6 de julho de 2009","format":false,"excerpt":"O casar\u00e3o amarelo, numa esquina nobre de Porto Alegre (Ven\u00e2ncio Aires com Jo\u00e3o Pessoa), j\u00e1 abrigou uma escola. H\u00e1 duas d\u00e9cadas, pelo menos, est\u00e1 abandonado, porque seu propriet\u00e1rio, o governo do Estado do Rio Grande do Sul, n\u00e3o consegue achar um destino para ele. Planos n\u00e3o faltaram. O governador Ol\u00edvio\u2026","rel":"","context":"Em &quot;X.Categorias velhas&quot;","block_context":{"text":"X.Categorias velhas","link":"https:\/\/www.jornalja.com.br\/arquivo\/category\/x-categorias-velhas\/"},"img":{"alt_text":"geraldo1","src":"https:\/\/i0.wp.com\/www.jornalja.com.br\/wp-content\/uploads\/2009\/07\/geraldo1.jpg?resize=350%2C200&ssl=1","width":350,"height":200},"classes":[]},{"id":13128,"url":"https:\/\/www.jornalja.com.br\/arquivo\/maconha-terra-diz-que-uso-medicinal-e-desculpa\/","url_meta":{"origin":55596,"position":3},"title":"Maconha: Terra diz que uso medicinal \u00e9 desculpa","author":"Patr\u00edcia Marini","date":"4 de junho de 2014","format":false,"excerpt":"A condi\u00e7\u00e3o de pol\u00edtico, em \u00e9poca de campanha de campanha eleitoral, tira for\u00e7a do discurso do m\u00e9dico Osmar Terra contra a legaliza\u00e7\u00e3o da maconha. A tese dele de que a libera\u00e7\u00e3o vai ampliar exponencialmente o consumo \u00e9 discutivel, o consumo \u00e9 corrente. Mas seus alertas quanto aos riscos tem que\u2026","rel":"","context":"Em &quot;X.Categorias velhas&quot;","block_context":{"text":"X.Categorias velhas","link":"https:\/\/www.jornalja.com.br\/arquivo\/category\/x-categorias-velhas\/"},"img":{"alt_text":"","src":"","width":0,"height":0},"classes":[]},{"id":13239,"url":"https:\/\/www.jornalja.com.br\/arquivo\/conselho-desdenha-do-plano-diretor\/","url_meta":{"origin":55596,"position":4},"title":"Porto Alegre: Conselho detona Plano Diretor","author":"Patr\u00edcia Marini","date":"25 de maio de 2014","format":false,"excerpt":"Den\u00fancia do arquiteto e \u00a0urbanista Ibir\u00e1 Santos Lucas. Ele diz que os conselheiros est\u00e3o votando com \"enorme irresponsabilidade\". \"Mudam regime com a maior naturalidade,,,regularizam absurdos de constru\u00e7\u00f5es irregulares... \"O CMDUA est\u00e1 flexibilizando a lei do plano diretor, de uma forma impactante na vida da cidade. Mudam regime com a maior\u2026","rel":"","context":"Em &quot;Geral&quot;","block_context":{"text":"Geral","link":"https:\/\/www.jornalja.com.br\/arquivo\/category\/geral\/"},"img":{"alt_text":"","src":"","width":0,"height":0},"classes":[]},{"id":13101,"url":"https:\/\/www.jornalja.com.br\/arquivo\/morre-um-guerreiro-do-texto\/","url_meta":{"origin":55596,"position":5},"title":"Morre um guerreiro do texto","author":"Patr\u00edcia Marini","date":"14 de maio de 2014","format":false,"excerpt":"Por Ricardo Kotscho Reproduzido do blog do autor, 11\/5\/2014; t\u00edtulo original \u201cE l\u00e1 se foi o nosso Myltainho, guerreiro do texto\u201d. Mi\u00fado e franzino, meu amigo Myltainho era um valente e inconformado guerreiro na luta contra as injusti\u00e7as sociais, a hipocrisia, as maracutaias, o autoritarismo, a intoler\u00e2ncia, a viol\u00eancia, o\u2026","rel":"","context":"Em &quot;Geral&quot;","block_context":{"text":"Geral","link":"https:\/\/www.jornalja.com.br\/arquivo\/category\/geral\/"},"img":{"alt_text":"","src":"","width":0,"height":0},"classes":[]}],"jetpack_shortlink":"https:\/\/wp.me\/pbQjBd-esI","jetpack_featured_media_url":"","_links":{"self":[{"href":"https:\/\/www.jornalja.com.br\/arquivo\/wp-json\/wp\/v2\/posts\/55596","targetHints":{"allow":["GET"]}}],"collection":[{"href":"https:\/\/www.jornalja.com.br\/arquivo\/wp-json\/wp\/v2\/posts"}],"about":[{"href":"https:\/\/www.jornalja.com.br\/arquivo\/wp-json\/wp\/v2\/types\/post"}],"author":[{"embeddable":true,"href":"https:\/\/www.jornalja.com.br\/arquivo\/wp-json\/wp\/v2\/users\/4"}],"replies":[{"embeddable":true,"href":"https:\/\/www.jornalja.com.br\/arquivo\/wp-json\/wp\/v2\/comments?post=55596"}],"version-history":[{"count":0,"href":"https:\/\/www.jornalja.com.br\/arquivo\/wp-json\/wp\/v2\/posts\/55596\/revisions"}],"wp:attachment":[{"href":"https:\/\/www.jornalja.com.br\/arquivo\/wp-json\/wp\/v2\/media?parent=55596"}],"wp:term":[{"taxonomy":"category","embeddable":true,"href":"https:\/\/www.jornalja.com.br\/arquivo\/wp-json\/wp\/v2\/categories?post=55596"},{"taxonomy":"post_tag","embeddable":true,"href":"https:\/\/www.jornalja.com.br\/arquivo\/wp-json\/wp\/v2\/tags?post=55596"}],"curies":[{"name":"wp","href":"https:\/\/api.w.org\/{rel}","templated":true}]}}