{"id":55608,"date":"2017-09-26T15:21:11","date_gmt":"2017-09-26T18:21:11","guid":{"rendered":"https:\/\/www.jornalja.com.br\/?p=55608"},"modified":"2017-09-26T15:21:11","modified_gmt":"2017-09-26T18:21:11","slug":"congresso-da-ajuris-em-bento-goncalves-debate-o-papel-do-juiz","status":"publish","type":"post","link":"https:\/\/www.jornalja.com.br\/arquivo\/congresso-da-ajuris-em-bento-goncalves-debate-o-papel-do-juiz\/","title":{"rendered":"Congresso da Ajuris em Bento Gon\u00e7alves debate o papel do juiz"},"content":{"rendered":"<p>Promovido pela Associa\u00e7\u00e3o dos Ju\u00edzes do Rio Grande do Sul (Ajuris), o Congresso Estadual de Magistrados, acontece na quinta e sexta-feira desta semana em Bento Gon\u00e7alves, com o tema &#8220;Entre redes e muros: ju\u00edzes e seus labirintos&#8221;.<br \/>\nO ministro do Superior Tribunal de Justi\u00e7a (STJ) Herman Benjamin e o professor de Hist\u00f3ria Leandro Karnal est\u00e3o entre os principais palestrantes.<br \/>\nO presidente da Ajuris, Gilberto Sch\u00e4fer, acredita que o 12\u00ba Congresso Estadual de Magistrados ocorre em um dos momentos mais graves da vida nacional desde que o evento bienal come\u00e7ou a ser realizado, em 1991.<br \/>\nPara ele, no entanto, \u00e9 nessa hora que o Judici\u00e1rio deve afirmar-se como um dos esteios da democracia e do estado democr\u00e1tico de direito.<br \/>\nAnalisando a conjuntura, as investiga\u00e7\u00f5es e julgamentos de atos relacionados \u00e0 pr\u00e1tica de corrup\u00e7\u00e3o, Sch\u00e4fer diz que \u00e9 preciso, mais do que nunca, \u201cresguardar a independ\u00eancia do Judici\u00e1rio e dos magistrados contra todo e qualquer tipo de press\u00e3o\u201d.<br \/>\nNa quinta-feira, 28, a sess\u00e3o solene de abertura inicia-se \u00e0s 15h e depois realiza-se o painel &#8220;Muros e pontes no horizonte dos ju\u00edzes&#8221;, com a magistrada Andr\u00e9a Pach\u00e1, titular da 4\u00aa Vara de \u00d3rf\u00e3os e Sucess\u00f5es do Rio de Janeiro, o professor da USP e pesquisador da hist\u00f3ria do Direito Jos\u00e9 Reinaldo de Lima Lopes e o doutor em Filosofia e professor do mestrado e do doutorado da Unisinos Jos\u00e9 Rodrigo Rodriguez.<br \/>\nNa sexta, 29, \u00e0s 10h30, acontece o painel Entre redes e muros: ju\u00edzes e seus labirintos, com o ministro do Superior Tribunal de Justi\u00e7a (STJ) e do Tribunal Superior Eleitoral (TSE) Herman Benjamin, que tamb\u00e9m \u00e9 corregedor-geral da Justi\u00e7a Eleitoral.<br \/>\n\u00c0s 19h, o historiador Leandro Karnal falar\u00e1 sobre o tema central do congresso, encerrando o evento no Hotel Dall\u00b4Onder.<br \/>\nO encontro abre espa\u00e7o para apresenta\u00e7\u00e3o de teses. Ao todo, foram inscritas dez teses sobre a atua\u00e7\u00e3o da magistratura diante do cen\u00e1rio atual \u00e0 luz da tem\u00e1tica \u201cEntre redes e muros: ju\u00edzes e seus labirintos\u201d. As proposi\u00e7\u00f5es ser\u00e3o discutidas e deliberadas pelo Plen\u00e1rio do Congresso na sexta-feira \u00e0 tarde.<br \/>\nO tema \u201cEntre redes e muros: ju\u00edzes e seus labirintos\u201d prop\u00f5e o debate sobre o papel dos magistrados no cen\u00e1rio atual das redes, em que lixo digital, tribunal das massas, circula\u00e7\u00e3o da p\u00f3s-verdade, privacidade violada s\u00e3o desafios para a atua\u00e7\u00e3o dos ju\u00edzes, bem como muros a serem superados, como a desigualdade, os exclu\u00eddos, a exaspera\u00e7\u00e3o da disputa pol\u00edtica, a fragmenta\u00e7\u00e3o ideol\u00f3gica, a cultura do medo. Nesses labirintos, os ju\u00edzes estaduais ga\u00fachos refletir\u00e3o sobre os caminhos da magistratura.<br \/>\n<span class=\"culturadestaque\">Programa\u00e7\u00e3o<\/span><br \/>\n<strong>28\/09 \u2013 QUINTA-FEIRA<\/strong><br \/>\nDas 10h \u00e0s 14h30 \u2013 Credenciamento<br \/>\n15h \u2013 Sess\u00e3o Solene de abertura<br \/>\n16h30 \u2013 Painel: \u201cMuros e pontes no horizonte dos Ju\u00edzes\u201d &#8211; Jos\u00e9 Reinaldo de Lima Lopes, mestre e doutor em Direito e professor da Faculdade de Direito da Universidade de S\u00e3o Paulo; Jos\u00e9 Rodrigo Rodriguez, mestre em Direito, doutor em Filosofia e professor da Unisinos; Andr\u00e9a Pach\u00e1, ju\u00edza de Direito do Tribunal de Justi\u00e7a do Rio de Janeiro<br \/>\n18h30 \u2013 coffee break<br \/>\n20h30 \u2013 Jantar com apresenta\u00e7\u00e3o da Banda Movie Star Experience<br \/>\n<strong>29\/09 \u2013 SEXTA-FEIRA<\/strong><br \/>\n10h \u2013 Palestra: ministro Antonio Herman de Vasconcellos e Benjamin, corregedor-geral da Justi\u00e7a Eleitoral do TSE.<br \/>\n14h \u2013 Apresenta\u00e7\u00e3o de Teses e Plen\u00e1ria<br \/>\n16h45 \u2013 Coffee break<br \/>\n17h \u2013 Palestra: Leandro Karnal, doutor em Hist\u00f3ria Social e professor de Filosofia da Universidade Estadual de Campinas (Unicamp)<br \/>\n21h \u2013 Jantar de encerramento com apresenta\u00e7\u00e3o da Banda Judges<br \/>\nDivulga\u00e7\u00e3o dos ganhadores do Concurso Cultural \u201cFotografe a sua Comarca\u201d.<\/p>\n","protected":false},"excerpt":{"rendered":"<p>Promovido pela Associa\u00e7\u00e3o dos Ju\u00edzes do Rio Grande do Sul (Ajuris), o Congresso Estadual de Magistrados, acontece na quinta e sexta-feira desta semana em Bento Gon\u00e7alves, com o tema &#8220;Entre redes e muros: ju\u00edzes e seus labirintos&#8221;. O ministro do Superior Tribunal de Justi\u00e7a (STJ) Herman Benjamin e o professor de Hist\u00f3ria Leandro Karnal est\u00e3o [&hellip;]<\/p>\n","protected":false},"author":4,"featured_media":55637,"comment_status":"open","ping_status":"closed","sticky":false,"template":"","format":"standard","meta":{"_jetpack_newsletter_access":"","_jetpack_dont_email_post_to_subs":false,"_jetpack_newsletter_tier_id":0,"_jetpack_memberships_contains_paywalled_content":false,"_jetpack_feature_clip_id":0,"_jetpack_memberships_contains_paid_content":false,"footnotes":"","jetpack_post_was_ever_published":false},"categories":[26],"tags":[],"class_list":["post-55608","post","type-post","status-publish","format-standard","has-post-thumbnail","hentry","category-geral"],"aioseo_notices":[],"aioseo_head":"\n\t\t<!-- All in One SEO 5.0.1.1 - aioseo.com -->\n\t<meta name=\"robots\" content=\"max-image-preview:large\" \/>\n\t<meta name=\"author\" content=\"da Reda\u00e7\u00e3o\"\/>\n\t<link rel=\"canonical\" href=\"https:\/\/www.jornalja.com.br\/arquivo\/congresso-da-ajuris-em-bento-goncalves-debate-o-papel-do-juiz\/\" \/>\n\t<meta name=\"generator\" content=\"All in One SEO (AIOSEO) 5.0.1.1\" \/>\n\t\t<meta property=\"og:locale\" content=\"pt_BR\" \/>\n\t\t<meta property=\"og:site_name\" content=\"Arquivo | Jornal J\u00c1 | Porto Alegre\" \/>\n\t\t<meta property=\"og:type\" content=\"article\" \/>\n\t\t<meta property=\"og:title\" content=\"Congresso da Ajuris em Bento Gon\u00e7alves debate o papel do juiz | Arquivo\" \/>\n\t\t<meta property=\"og:url\" content=\"https:\/\/www.jornalja.com.br\/arquivo\/congresso-da-ajuris-em-bento-goncalves-debate-o-papel-do-juiz\/\" \/>\n\t\t<meta property=\"og:image\" content=\"https:\/\/www.jornalja.com.br\/economics\/wp-content\/uploads\/sites\/11\/2026\/08\/ja-folhaderosto-facebook.jpg\" \/>\n\t\t<meta property=\"og:image:secure_url\" content=\"https:\/\/www.jornalja.com.br\/economics\/wp-content\/uploads\/sites\/11\/2026\/08\/ja-folhaderosto-facebook.jpg\" \/>\n\t\t<meta property=\"article:published_time\" content=\"2017-09-26T18:21:11+00:00\" \/>\n\t\t<meta property=\"article:modified_time\" content=\"2017-09-26T18:21:11+00:00\" \/>\n\t\t<meta name=\"twitter:card\" content=\"summary\" \/>\n\t\t<meta name=\"twitter:title\" content=\"Congresso da Ajuris em Bento Gon\u00e7alves debate o papel do juiz | Arquivo\" \/>\n\t\t<meta name=\"twitter:image\" content=\"https:\/\/www.jornalja.com.br\/economics\/wp-content\/uploads\/sites\/11\/2026\/08\/ja-folhaderosto-facebook.jpg\" \/>\n\t\t<script type=\"application\/ld+json\" class=\"aioseo-schema\">\n\t\t\t{\"@context\":\"https:\\\/\\\/schema.org\",\"@graph\":[{\"@type\":\"BlogPosting\",\"@id\":\"https:\\\/\\\/www.jornalja.com.br\\\/arquivo\\\/congresso-da-ajuris-em-bento-goncalves-debate-o-papel-do-juiz\\\/#blogposting\",\"name\":\"Congresso da Ajuris em Bento Gon\\u00e7alves debate o papel do juiz | Arquivo\",\"headline\":\"Congresso da Ajuris em Bento Gon\\u00e7alves debate o papel do juiz\",\"author\":{\"@id\":\"https:\\\/\\\/www.jornalja.com.br\\\/arquivo\\\/author\\\/daredacao\\\/#author\"},\"publisher\":{\"@id\":\"https:\\\/\\\/www.jornalja.com.br\\\/arquivo\\\/#organization\"},\"image\":{\"@type\":\"ImageObject\",\"url\":55637},\"datePublished\":\"2017-09-26T15:21:11-03:00\",\"dateModified\":\"2017-09-26T15:21:11-03:00\",\"inLanguage\":\"pt-BR\",\"mainEntityOfPage\":{\"@id\":\"https:\\\/\\\/www.jornalja.com.br\\\/arquivo\\\/congresso-da-ajuris-em-bento-goncalves-debate-o-papel-do-juiz\\\/#webpage\"},\"isPartOf\":{\"@id\":\"https:\\\/\\\/www.jornalja.com.br\\\/arquivo\\\/congresso-da-ajuris-em-bento-goncalves-debate-o-papel-do-juiz\\\/#webpage\"},\"articleSection\":\"Geral\"},{\"@type\":\"BreadcrumbList\",\"@id\":\"https:\\\/\\\/www.jornalja.com.br\\\/arquivo\\\/congresso-da-ajuris-em-bento-goncalves-debate-o-papel-do-juiz\\\/#breadcrumblist\",\"itemListElement\":[{\"@type\":\"ListItem\",\"@id\":\"https:\\\/\\\/www.jornalja.com.br\\\/arquivo#listItem\",\"position\":1,\"name\":\"Home\",\"item\":\"https:\\\/\\\/www.jornalja.com.br\\\/arquivo\",\"nextItem\":{\"@type\":\"ListItem\",\"@id\":\"https:\\\/\\\/www.jornalja.com.br\\\/arquivo\\\/category\\\/geral\\\/#listItem\",\"name\":\"Geral\"}},{\"@type\":\"ListItem\",\"@id\":\"https:\\\/\\\/www.jornalja.com.br\\\/arquivo\\\/category\\\/geral\\\/#listItem\",\"position\":2,\"name\":\"Geral\",\"item\":\"https:\\\/\\\/www.jornalja.com.br\\\/arquivo\\\/category\\\/geral\\\/\",\"nextItem\":{\"@type\":\"ListItem\",\"@id\":\"https:\\\/\\\/www.jornalja.com.br\\\/arquivo\\\/congresso-da-ajuris-em-bento-goncalves-debate-o-papel-do-juiz\\\/#listItem\",\"name\":\"Congresso da Ajuris em Bento Gon\\u00e7alves debate o papel do juiz\"},\"previousItem\":{\"@type\":\"ListItem\",\"@id\":\"https:\\\/\\\/www.jornalja.com.br\\\/arquivo#listItem\",\"name\":\"Home\"}},{\"@type\":\"ListItem\",\"@id\":\"https:\\\/\\\/www.jornalja.com.br\\\/arquivo\\\/congresso-da-ajuris-em-bento-goncalves-debate-o-papel-do-juiz\\\/#listItem\",\"position\":3,\"name\":\"Congresso da Ajuris em Bento Gon\\u00e7alves debate o papel do juiz\",\"previousItem\":{\"@type\":\"ListItem\",\"@id\":\"https:\\\/\\\/www.jornalja.com.br\\\/arquivo\\\/category\\\/geral\\\/#listItem\",\"name\":\"Geral\"}}]},{\"@type\":\"Organization\",\"@id\":\"https:\\\/\\\/www.jornalja.com.br\\\/arquivo\\\/#organization\",\"name\":\"Jornal J\\u00c1\",\"description\":\"Jornal J\\u00c1 | Porto Alegre\",\"url\":\"https:\\\/\\\/www.jornalja.com.br\\\/arquivo\\\/\",\"telephone\":\"+555133307272\",\"logo\":{\"@type\":\"ImageObject\",\"url\":\"https:\\\/\\\/www.jornalja.com.br\\\/wp-content\\\/uploads\\\/cards\\\/JAslogan.png\",\"@id\":\"https:\\\/\\\/www.jornalja.com.br\\\/arquivo\\\/congresso-da-ajuris-em-bento-goncalves-debate-o-papel-do-juiz\\\/#organizationLogo\"},\"image\":{\"@id\":\"https:\\\/\\\/www.jornalja.com.br\\\/arquivo\\\/congresso-da-ajuris-em-bento-goncalves-debate-o-papel-do-juiz\\\/#organizationLogo\"}},{\"@type\":\"Person\",\"@id\":\"https:\\\/\\\/www.jornalja.com.br\\\/arquivo\\\/author\\\/daredacao\\\/#author\",\"url\":\"https:\\\/\\\/www.jornalja.com.br\\\/arquivo\\\/author\\\/daredacao\\\/\",\"name\":\"da Reda\\u00e7\\u00e3o\",\"image\":{\"@type\":\"ImageObject\",\"@id\":\"https:\\\/\\\/www.jornalja.com.br\\\/arquivo\\\/congresso-da-ajuris-em-bento-goncalves-debate-o-papel-do-juiz\\\/#authorImage\",\"url\":\"https:\\\/\\\/secure.gravatar.com\\\/avatar\\\/469fd857d6605ad19919d27ed29d35a968a25f6e8fd9318356bbb7f57aae9c65?s=96&d=mm&r=g\",\"width\":96,\"height\":96,\"caption\":\"da Reda\\u00e7\\u00e3o\"}},{\"@type\":\"WebPage\",\"@id\":\"https:\\\/\\\/www.jornalja.com.br\\\/arquivo\\\/congresso-da-ajuris-em-bento-goncalves-debate-o-papel-do-juiz\\\/#webpage\",\"url\":\"https:\\\/\\\/www.jornalja.com.br\\\/arquivo\\\/congresso-da-ajuris-em-bento-goncalves-debate-o-papel-do-juiz\\\/\",\"name\":\"Congresso da Ajuris em Bento Gon\\u00e7alves debate o papel do juiz | Arquivo\",\"inLanguage\":\"pt-BR\",\"isPartOf\":{\"@id\":\"https:\\\/\\\/www.jornalja.com.br\\\/arquivo\\\/#website\"},\"breadcrumb\":{\"@id\":\"https:\\\/\\\/www.jornalja.com.br\\\/arquivo\\\/congresso-da-ajuris-em-bento-goncalves-debate-o-papel-do-juiz\\\/#breadcrumblist\"},\"author\":{\"@id\":\"https:\\\/\\\/www.jornalja.com.br\\\/arquivo\\\/author\\\/daredacao\\\/#author\"},\"creator\":{\"@id\":\"https:\\\/\\\/www.jornalja.com.br\\\/arquivo\\\/author\\\/daredacao\\\/#author\"},\"image\":{\"@type\":\"ImageObject\",\"url\":55637,\"@id\":\"https:\\\/\\\/www.jornalja.com.br\\\/arquivo\\\/congresso-da-ajuris-em-bento-goncalves-debate-o-papel-do-juiz\\\/#mainImage\"},\"primaryImageOfPage\":{\"@id\":\"https:\\\/\\\/www.jornalja.com.br\\\/arquivo\\\/congresso-da-ajuris-em-bento-goncalves-debate-o-papel-do-juiz\\\/#mainImage\"},\"datePublished\":\"2017-09-26T15:21:11-03:00\",\"dateModified\":\"2017-09-26T15:21:11-03:00\"},{\"@type\":\"WebSite\",\"@id\":\"https:\\\/\\\/www.jornalja.com.br\\\/arquivo\\\/#website\",\"url\":\"https:\\\/\\\/www.jornalja.com.br\\\/arquivo\\\/\",\"name\":\"Arquivo\",\"description\":\"Jornal J\\u00c1 | Porto Alegre\",\"inLanguage\":\"pt-BR\",\"publisher\":{\"@id\":\"https:\\\/\\\/www.jornalja.com.br\\\/arquivo\\\/#organization\"}}]}\n\t\t<\/script>\n\t\t<!-- All in One SEO -->\n\n","aioseo_head_json":{"title":"Congresso da Ajuris em Bento Gon\u00e7alves debate o papel do juiz | Arquivo","description":"","canonical_url":"https:\/\/www.jornalja.com.br\/arquivo\/congresso-da-ajuris-em-bento-goncalves-debate-o-papel-do-juiz\/","robots":"max-image-preview:large","keywords":"","webmasterTools":{"miscellaneous":""},"schema":{"@context":"https:\/\/schema.org","@graph":[{"@type":"BlogPosting","@id":"https:\/\/www.jornalja.com.br\/arquivo\/congresso-da-ajuris-em-bento-goncalves-debate-o-papel-do-juiz\/#blogposting","name":"Congresso da Ajuris em Bento Gon\u00e7alves debate o papel do juiz | Arquivo","headline":"Congresso da Ajuris em Bento Gon\u00e7alves debate o papel do juiz","author":{"@id":"https:\/\/www.jornalja.com.br\/arquivo\/author\/daredacao\/#author"},"publisher":{"@id":"https:\/\/www.jornalja.com.br\/arquivo\/#organization"},"image":{"@type":"ImageObject","url":55637},"datePublished":"2017-09-26T15:21:11-03:00","dateModified":"2017-09-26T15:21:11-03:00","inLanguage":"pt-BR","mainEntityOfPage":{"@id":"https:\/\/www.jornalja.com.br\/arquivo\/congresso-da-ajuris-em-bento-goncalves-debate-o-papel-do-juiz\/#webpage"},"isPartOf":{"@id":"https:\/\/www.jornalja.com.br\/arquivo\/congresso-da-ajuris-em-bento-goncalves-debate-o-papel-do-juiz\/#webpage"},"articleSection":"Geral"},{"@type":"BreadcrumbList","@id":"https:\/\/www.jornalja.com.br\/arquivo\/congresso-da-ajuris-em-bento-goncalves-debate-o-papel-do-juiz\/#breadcrumblist","itemListElement":[{"@type":"ListItem","@id":"https:\/\/www.jornalja.com.br\/arquivo#listItem","position":1,"name":"Home","item":"https:\/\/www.jornalja.com.br\/arquivo","nextItem":{"@type":"ListItem","@id":"https:\/\/www.jornalja.com.br\/arquivo\/category\/geral\/#listItem","name":"Geral"}},{"@type":"ListItem","@id":"https:\/\/www.jornalja.com.br\/arquivo\/category\/geral\/#listItem","position":2,"name":"Geral","item":"https:\/\/www.jornalja.com.br\/arquivo\/category\/geral\/","nextItem":{"@type":"ListItem","@id":"https:\/\/www.jornalja.com.br\/arquivo\/congresso-da-ajuris-em-bento-goncalves-debate-o-papel-do-juiz\/#listItem","name":"Congresso da Ajuris em Bento Gon\u00e7alves debate o papel do juiz"},"previousItem":{"@type":"ListItem","@id":"https:\/\/www.jornalja.com.br\/arquivo#listItem","name":"Home"}},{"@type":"ListItem","@id":"https:\/\/www.jornalja.com.br\/arquivo\/congresso-da-ajuris-em-bento-goncalves-debate-o-papel-do-juiz\/#listItem","position":3,"name":"Congresso da Ajuris em Bento Gon\u00e7alves debate o papel do juiz","previousItem":{"@type":"ListItem","@id":"https:\/\/www.jornalja.com.br\/arquivo\/category\/geral\/#listItem","name":"Geral"}}]},{"@type":"Organization","@id":"https:\/\/www.jornalja.com.br\/arquivo\/#organization","name":"Jornal J\u00c1","description":"Jornal J\u00c1 | Porto Alegre","url":"https:\/\/www.jornalja.com.br\/arquivo\/","telephone":"+555133307272","logo":{"@type":"ImageObject","url":"https:\/\/www.jornalja.com.br\/wp-content\/uploads\/cards\/JAslogan.png","@id":"https:\/\/www.jornalja.com.br\/arquivo\/congresso-da-ajuris-em-bento-goncalves-debate-o-papel-do-juiz\/#organizationLogo"},"image":{"@id":"https:\/\/www.jornalja.com.br\/arquivo\/congresso-da-ajuris-em-bento-goncalves-debate-o-papel-do-juiz\/#organizationLogo"}},{"@type":"Person","@id":"https:\/\/www.jornalja.com.br\/arquivo\/author\/daredacao\/#author","url":"https:\/\/www.jornalja.com.br\/arquivo\/author\/daredacao\/","name":"da Reda\u00e7\u00e3o","image":{"@type":"ImageObject","@id":"https:\/\/www.jornalja.com.br\/arquivo\/congresso-da-ajuris-em-bento-goncalves-debate-o-papel-do-juiz\/#authorImage","url":"https:\/\/secure.gravatar.com\/avatar\/469fd857d6605ad19919d27ed29d35a968a25f6e8fd9318356bbb7f57aae9c65?s=96&d=mm&r=g","width":96,"height":96,"caption":"da Reda\u00e7\u00e3o"}},{"@type":"WebPage","@id":"https:\/\/www.jornalja.com.br\/arquivo\/congresso-da-ajuris-em-bento-goncalves-debate-o-papel-do-juiz\/#webpage","url":"https:\/\/www.jornalja.com.br\/arquivo\/congresso-da-ajuris-em-bento-goncalves-debate-o-papel-do-juiz\/","name":"Congresso da Ajuris em Bento Gon\u00e7alves debate o papel do juiz | Arquivo","inLanguage":"pt-BR","isPartOf":{"@id":"https:\/\/www.jornalja.com.br\/arquivo\/#website"},"breadcrumb":{"@id":"https:\/\/www.jornalja.com.br\/arquivo\/congresso-da-ajuris-em-bento-goncalves-debate-o-papel-do-juiz\/#breadcrumblist"},"author":{"@id":"https:\/\/www.jornalja.com.br\/arquivo\/author\/daredacao\/#author"},"creator":{"@id":"https:\/\/www.jornalja.com.br\/arquivo\/author\/daredacao\/#author"},"image":{"@type":"ImageObject","url":55637,"@id":"https:\/\/www.jornalja.com.br\/arquivo\/congresso-da-ajuris-em-bento-goncalves-debate-o-papel-do-juiz\/#mainImage"},"primaryImageOfPage":{"@id":"https:\/\/www.jornalja.com.br\/arquivo\/congresso-da-ajuris-em-bento-goncalves-debate-o-papel-do-juiz\/#mainImage"},"datePublished":"2017-09-26T15:21:11-03:00","dateModified":"2017-09-26T15:21:11-03:00"},{"@type":"WebSite","@id":"https:\/\/www.jornalja.com.br\/arquivo\/#website","url":"https:\/\/www.jornalja.com.br\/arquivo\/","name":"Arquivo","description":"Jornal J\u00c1 | Porto Alegre","inLanguage":"pt-BR","publisher":{"@id":"https:\/\/www.jornalja.com.br\/arquivo\/#organization"}}]},"og:locale":"pt_BR","og:site_name":"Arquivo | Jornal J\u00c1 | Porto Alegre","og:type":"article","og:title":"Congresso da Ajuris em Bento Gon\u00e7alves debate o papel do juiz | Arquivo","og:url":"https:\/\/www.jornalja.com.br\/arquivo\/congresso-da-ajuris-em-bento-goncalves-debate-o-papel-do-juiz\/","og:image":"https:\/\/www.jornalja.com.br\/economics\/wp-content\/uploads\/sites\/11\/2026\/08\/ja-folhaderosto-facebook.jpg","og:image:secure_url":"https:\/\/www.jornalja.com.br\/economics\/wp-content\/uploads\/sites\/11\/2026\/08\/ja-folhaderosto-facebook.jpg","article:published_time":"2017-09-26T18:21:11+00:00","article:modified_time":"2017-09-26T18:21:11+00:00","twitter:card":"summary","twitter:title":"Congresso da Ajuris em Bento Gon\u00e7alves debate o papel do juiz | Arquivo","twitter:image":"https:\/\/www.jornalja.com.br\/economics\/wp-content\/uploads\/sites\/11\/2026\/08\/ja-folhaderosto-facebook.jpg"},"aioseo_meta_data":{"post_id":"55608","title":null,"description":null,"keywords":null,"keyphrases":null,"primary_term":null,"canonical_url":null,"og_title":null,"og_description":null,"og_object_type":"default","og_image_type":"default","og_image_url":null,"og_image_width":null,"og_image_height":null,"og_image_custom_url":null,"og_image_custom_fields":null,"og_video":null,"og_custom_url":null,"og_article_section":null,"og_article_tags":null,"twitter_use_og":false,"twitter_card":"default","twitter_image_type":"default","twitter_image_url":null,"twitter_image_custom_url":null,"twitter_image_custom_fields":null,"twitter_title":null,"twitter_description":null,"schema":{"blockGraphs":[],"customGraphs":[],"default":{"data":{"Article":[],"Course":[],"Dataset":[],"FAQPage":[],"Movie":[],"Person":[],"Product":[],"ProductReview":[],"Car":[],"Recipe":[],"Service":[],"SoftwareApplication":[],"WebPage":[]},"graphName":"","isEnabled":true},"graphs":[],"defaultGraph":"","defaultPostTypeGraph":""},"schema_type":null,"schema_type_options":null,"pillar_content":false,"robots_default":true,"robots_noindex":false,"robots_noarchive":false,"robots_nosnippet":false,"robots_nofollow":false,"robots_noimageindex":false,"robots_noodp":false,"robots_notranslate":false,"robots_max_snippet":null,"robots_max_videopreview":null,"robots_max_imagepreview":"large","priority":null,"frequency":null,"location":null,"local_seo":null,"breadcrumb_settings":null,"limit_modified_date":false,"ai":null,"created":"2020-12-20 20:24:05","updated":"2025-07-20 01:19:47","seo_analyzer_scan_date":null,"focus_keyword":null,"additional_keywords":null,"truseo_locale":null},"jetpack_sharing_enabled":true,"jetpack-related-posts":[{"id":13124,"url":"https:\/\/www.jornalja.com.br\/arquivo\/sangue-latino-no-iecine\/","url_meta":{"origin":55608,"position":0},"title":"Sangue latino no IECINE","author":"da Reda\u00e7\u00e3o","date":"18 de maio de 2014","format":false,"excerpt":"Francisco Ribeiro O Instituto Estadual de Cinema (IECINE) tem a frente, desde abril \u00faltimo, um novo diretor, o cineasta colombiano Juan Zapata, 36, que substitui Luiz Alberto Cassol. Radicado h\u00e1 dez anos em Porto Alegre, Zapata tem diante de si o desafio de conduzir at\u00e9 o final do ano um\u2026","rel":"","context":"Em &quot;Cultura-Geral&quot;","block_context":{"text":"Cultura-Geral","link":"https:\/\/www.jornalja.com.br\/arquivo\/category\/materiasecundaria\/"},"img":{"alt_text":"","src":"","width":0,"height":0},"classes":[]}],"jetpack_shortlink":"https:\/\/wp.me\/pbQjBd-esU","jetpack_featured_media_url":"","_links":{"self":[{"href":"https:\/\/www.jornalja.com.br\/arquivo\/wp-json\/wp\/v2\/posts\/55608","targetHints":{"allow":["GET"]}}],"collection":[{"href":"https:\/\/www.jornalja.com.br\/arquivo\/wp-json\/wp\/v2\/posts"}],"about":[{"href":"https:\/\/www.jornalja.com.br\/arquivo\/wp-json\/wp\/v2\/types\/post"}],"author":[{"embeddable":true,"href":"https:\/\/www.jornalja.com.br\/arquivo\/wp-json\/wp\/v2\/users\/4"}],"replies":[{"embeddable":true,"href":"https:\/\/www.jornalja.com.br\/arquivo\/wp-json\/wp\/v2\/comments?post=55608"}],"version-history":[{"count":0,"href":"https:\/\/www.jornalja.com.br\/arquivo\/wp-json\/wp\/v2\/posts\/55608\/revisions"}],"wp:attachment":[{"href":"https:\/\/www.jornalja.com.br\/arquivo\/wp-json\/wp\/v2\/media?parent=55608"}],"wp:term":[{"taxonomy":"category","embeddable":true,"href":"https:\/\/www.jornalja.com.br\/arquivo\/wp-json\/wp\/v2\/categories?post=55608"},{"taxonomy":"post_tag","embeddable":true,"href":"https:\/\/www.jornalja.com.br\/arquivo\/wp-json\/wp\/v2\/tags?post=55608"}],"curies":[{"name":"wp","href":"https:\/\/api.w.org\/{rel}","templated":true}]}}