{"id":55612,"date":"2017-09-26T16:11:50","date_gmt":"2017-09-26T19:11:50","guid":{"rendered":"https:\/\/www.jornalja.com.br\/?p=55612"},"modified":"2017-09-26T16:11:50","modified_gmt":"2017-09-26T19:11:50","slug":"nao-cabe-ao-exercito-interferir-na-conducao-politica-do-pais-diz-general","status":"publish","type":"post","link":"https:\/\/www.jornalja.com.br\/arquivo\/nao-cabe-ao-exercito-interferir-na-conducao-politica-do-pais-diz-general\/","title":{"rendered":"\u201cN\u00e3o cabe ao Ex\u00e9rcito interferir na condu\u00e7\u00e3o pol\u00edtica do pa\u00eds\u201d, diz general"},"content":{"rendered":"<p>O general Edson Leal Pujol, comandante Militar do Sul, disse nesta ter\u00e7a-feira pela manh\u00e3, em entrevista coletiva na Associa\u00e7\u00e3o Comercial de Porto Alegre (ACPA), que a classe pol\u00edtica \u00e9 quem tem a responsabilidade de restabelecer a confian\u00e7a da popula\u00e7\u00e3o nas institui\u00e7\u00f5es.<br \/>\n\u201cApesar de tudo, as institui\u00e7\u00f5es est\u00e3o funcionando de acordo com as leis estabelecidas, n\u00e3o somos um ente pol\u00edtico, n\u00f3s temos que nos restringir \u00e0 atua\u00e7\u00e3o prevista na Constitui\u00e7\u00e3o. N\u00e3o nos cabe interferir na condu\u00e7\u00e3o pol\u00edtica do pa\u00eds, portanto, o emprego do Ex\u00e9rcito n\u00e3o \u00e9 a solu\u00e7\u00e3o\u201d, afirmou.<br \/>\nO oficial falou tamb\u00e9m sobre a proposta que tramita no Congresso Nacional de permitir que empresas estrangeiras possam comprar terras na faixa de fronteira \u2013 a menos de cem metros do limite territorial.<br \/>\n\u201cAl\u00e9m da garantir a lei e a ordem, e os poderes constitucionais, cabe ao Ex\u00e9rcito defender a soberania do pa\u00eds e as suas fronteiras, ent\u00e3o nos posicionamos contra essa autoriza\u00e7\u00e3o quando fomos consultados\u201d, ressaltou.<br \/>\nAp\u00f3s o encontro com os jornalistas, o general Pujol foi o palestrante do Menu Porto Alegre, evento promovido pela ACPA, onde falou a cerca de cem convidados sobre a estrutura e o trabalho realizado atualmente pelo Comando Militar do Sul, que possui 55 mil militares, de um efetivo total de 200 mil, ou seja, um quarto do Ex\u00e9rcito Brasileiro.<br \/>\nO general Pujol, natural de Dom Pedrito, foi chefe do Centro de Intelig\u00eancia do Ex\u00e9rcito, em Bras\u00edlia, Comandante das For\u00e7as de Paz da MINUSTAH, no Haiti, e Secret\u00e1rio-Executivo do Gabinete de Seguran\u00e7a Institucional da Presid\u00eancia da Rep\u00fablica.<br \/>\nComandou a Academia Militar das Agulhas Negras (RJ) e foi\u00a0secret\u00e1rio de Economia e Finan\u00e7as, em Bras\u00edlia\/DF, entre in\u00fameras outras atua\u00e7\u00f5es no Brasil. No exterior, exerceu, entre outras, as fun\u00e7\u00f5es de Observador Militar da ONU em El Salvador (ONUSAL), e de Adido de Defesa, Naval e do Ex\u00e9rcito junto \u00e0 Embaixada Brasileira no Suriname.<\/p>\n","protected":false},"excerpt":{"rendered":"<p>O general Edson Leal Pujol, comandante Militar do Sul, disse nesta ter\u00e7a-feira pela manh\u00e3, em entrevista coletiva na Associa\u00e7\u00e3o Comercial de Porto Alegre (ACPA), que a classe pol\u00edtica \u00e9 quem tem a responsabilidade de restabelecer a confian\u00e7a da popula\u00e7\u00e3o nas institui\u00e7\u00f5es. \u201cApesar de tudo, as institui\u00e7\u00f5es est\u00e3o funcionando de acordo com as leis estabelecidas, n\u00e3o [&hellip;]<\/p>\n","protected":false},"author":4,"featured_media":55620,"comment_status":"open","ping_status":"closed","sticky":false,"template":"","format":"standard","meta":{"_jetpack_newsletter_access":"","_jetpack_dont_email_post_to_subs":false,"_jetpack_newsletter_tier_id":0,"_jetpack_memberships_contains_paywalled_content":false,"_jetpack_feature_clip_id":0,"_jetpack_memberships_contains_paid_content":false,"footnotes":"","jetpack_post_was_ever_published":false},"categories":[26],"tags":[],"class_list":["post-55612","post","type-post","status-publish","format-standard","has-post-thumbnail","hentry","category-geral"],"aioseo_notices":[],"aioseo_head":"\n\t\t<!-- All in One SEO 5.0.1.1 - aioseo.com -->\n\t<meta name=\"robots\" content=\"max-image-preview:large\" \/>\n\t<meta name=\"author\" content=\"da Reda\u00e7\u00e3o\"\/>\n\t<link rel=\"canonical\" href=\"https:\/\/www.jornalja.com.br\/arquivo\/nao-cabe-ao-exercito-interferir-na-conducao-politica-do-pais-diz-general\/\" \/>\n\t<meta name=\"generator\" content=\"All in One SEO (AIOSEO) 5.0.1.1\" \/>\n\t\t<meta property=\"og:locale\" content=\"pt_BR\" \/>\n\t\t<meta property=\"og:site_name\" content=\"Arquivo | Jornal J\u00c1 | Porto Alegre\" \/>\n\t\t<meta property=\"og:type\" content=\"article\" \/>\n\t\t<meta property=\"og:title\" content=\"\u201cN\u00e3o cabe ao Ex\u00e9rcito interferir na condu\u00e7\u00e3o pol\u00edtica do pa\u00eds\u201d, diz general | Arquivo\" \/>\n\t\t<meta property=\"og:url\" content=\"https:\/\/www.jornalja.com.br\/arquivo\/nao-cabe-ao-exercito-interferir-na-conducao-politica-do-pais-diz-general\/\" \/>\n\t\t<meta property=\"og:image\" content=\"https:\/\/www.jornalja.com.br\/economics\/wp-content\/uploads\/sites\/11\/2026\/08\/ja-folhaderosto-facebook.jpg\" \/>\n\t\t<meta property=\"og:image:secure_url\" content=\"https:\/\/www.jornalja.com.br\/economics\/wp-content\/uploads\/sites\/11\/2026\/08\/ja-folhaderosto-facebook.jpg\" \/>\n\t\t<meta property=\"article:published_time\" content=\"2017-09-26T19:11:50+00:00\" \/>\n\t\t<meta property=\"article:modified_time\" content=\"2017-09-26T19:11:50+00:00\" \/>\n\t\t<meta name=\"twitter:card\" content=\"summary\" \/>\n\t\t<meta name=\"twitter:title\" content=\"\u201cN\u00e3o cabe ao Ex\u00e9rcito interferir na condu\u00e7\u00e3o pol\u00edtica do pa\u00eds\u201d, diz general | Arquivo\" \/>\n\t\t<meta name=\"twitter:image\" content=\"https:\/\/www.jornalja.com.br\/economics\/wp-content\/uploads\/sites\/11\/2026\/08\/ja-folhaderosto-facebook.jpg\" \/>\n\t\t<script type=\"application\/ld+json\" class=\"aioseo-schema\">\n\t\t\t{\"@context\":\"https:\\\/\\\/schema.org\",\"@graph\":[{\"@type\":\"BlogPosting\",\"@id\":\"https:\\\/\\\/www.jornalja.com.br\\\/arquivo\\\/nao-cabe-ao-exercito-interferir-na-conducao-politica-do-pais-diz-general\\\/#blogposting\",\"name\":\"\\u201cN\\u00e3o cabe ao Ex\\u00e9rcito interferir na condu\\u00e7\\u00e3o pol\\u00edtica do pa\\u00eds\\u201d, diz general | Arquivo\",\"headline\":\"\\u201cN\\u00e3o cabe ao Ex\\u00e9rcito interferir na condu\\u00e7\\u00e3o pol\\u00edtica do pa\\u00eds\\u201d, diz general\",\"author\":{\"@id\":\"https:\\\/\\\/www.jornalja.com.br\\\/arquivo\\\/author\\\/daredacao\\\/#author\"},\"publisher\":{\"@id\":\"https:\\\/\\\/www.jornalja.com.br\\\/arquivo\\\/#organization\"},\"image\":{\"@type\":\"ImageObject\",\"url\":55620},\"datePublished\":\"2017-09-26T16:11:50-03:00\",\"dateModified\":\"2017-09-26T16:11:50-03:00\",\"inLanguage\":\"pt-BR\",\"mainEntityOfPage\":{\"@id\":\"https:\\\/\\\/www.jornalja.com.br\\\/arquivo\\\/nao-cabe-ao-exercito-interferir-na-conducao-politica-do-pais-diz-general\\\/#webpage\"},\"isPartOf\":{\"@id\":\"https:\\\/\\\/www.jornalja.com.br\\\/arquivo\\\/nao-cabe-ao-exercito-interferir-na-conducao-politica-do-pais-diz-general\\\/#webpage\"},\"articleSection\":\"Geral\"},{\"@type\":\"BreadcrumbList\",\"@id\":\"https:\\\/\\\/www.jornalja.com.br\\\/arquivo\\\/nao-cabe-ao-exercito-interferir-na-conducao-politica-do-pais-diz-general\\\/#breadcrumblist\",\"itemListElement\":[{\"@type\":\"ListItem\",\"@id\":\"https:\\\/\\\/www.jornalja.com.br\\\/arquivo#listItem\",\"position\":1,\"name\":\"Home\",\"item\":\"https:\\\/\\\/www.jornalja.com.br\\\/arquivo\",\"nextItem\":{\"@type\":\"ListItem\",\"@id\":\"https:\\\/\\\/www.jornalja.com.br\\\/arquivo\\\/category\\\/geral\\\/#listItem\",\"name\":\"Geral\"}},{\"@type\":\"ListItem\",\"@id\":\"https:\\\/\\\/www.jornalja.com.br\\\/arquivo\\\/category\\\/geral\\\/#listItem\",\"position\":2,\"name\":\"Geral\",\"item\":\"https:\\\/\\\/www.jornalja.com.br\\\/arquivo\\\/category\\\/geral\\\/\",\"nextItem\":{\"@type\":\"ListItem\",\"@id\":\"https:\\\/\\\/www.jornalja.com.br\\\/arquivo\\\/nao-cabe-ao-exercito-interferir-na-conducao-politica-do-pais-diz-general\\\/#listItem\",\"name\":\"\\u201cN\\u00e3o cabe ao Ex\\u00e9rcito interferir na condu\\u00e7\\u00e3o pol\\u00edtica do pa\\u00eds\\u201d, diz general\"},\"previousItem\":{\"@type\":\"ListItem\",\"@id\":\"https:\\\/\\\/www.jornalja.com.br\\\/arquivo#listItem\",\"name\":\"Home\"}},{\"@type\":\"ListItem\",\"@id\":\"https:\\\/\\\/www.jornalja.com.br\\\/arquivo\\\/nao-cabe-ao-exercito-interferir-na-conducao-politica-do-pais-diz-general\\\/#listItem\",\"position\":3,\"name\":\"\\u201cN\\u00e3o cabe ao Ex\\u00e9rcito interferir na condu\\u00e7\\u00e3o pol\\u00edtica do pa\\u00eds\\u201d, diz general\",\"previousItem\":{\"@type\":\"ListItem\",\"@id\":\"https:\\\/\\\/www.jornalja.com.br\\\/arquivo\\\/category\\\/geral\\\/#listItem\",\"name\":\"Geral\"}}]},{\"@type\":\"Organization\",\"@id\":\"https:\\\/\\\/www.jornalja.com.br\\\/arquivo\\\/#organization\",\"name\":\"Jornal J\\u00c1\",\"description\":\"Jornal J\\u00c1 | Porto Alegre\",\"url\":\"https:\\\/\\\/www.jornalja.com.br\\\/arquivo\\\/\",\"telephone\":\"+555133307272\",\"logo\":{\"@type\":\"ImageObject\",\"url\":\"https:\\\/\\\/www.jornalja.com.br\\\/wp-content\\\/uploads\\\/cards\\\/JAslogan.png\",\"@id\":\"https:\\\/\\\/www.jornalja.com.br\\\/arquivo\\\/nao-cabe-ao-exercito-interferir-na-conducao-politica-do-pais-diz-general\\\/#organizationLogo\"},\"image\":{\"@id\":\"https:\\\/\\\/www.jornalja.com.br\\\/arquivo\\\/nao-cabe-ao-exercito-interferir-na-conducao-politica-do-pais-diz-general\\\/#organizationLogo\"}},{\"@type\":\"Person\",\"@id\":\"https:\\\/\\\/www.jornalja.com.br\\\/arquivo\\\/author\\\/daredacao\\\/#author\",\"url\":\"https:\\\/\\\/www.jornalja.com.br\\\/arquivo\\\/author\\\/daredacao\\\/\",\"name\":\"da Reda\\u00e7\\u00e3o\",\"image\":{\"@type\":\"ImageObject\",\"@id\":\"https:\\\/\\\/www.jornalja.com.br\\\/arquivo\\\/nao-cabe-ao-exercito-interferir-na-conducao-politica-do-pais-diz-general\\\/#authorImage\",\"url\":\"https:\\\/\\\/secure.gravatar.com\\\/avatar\\\/469fd857d6605ad19919d27ed29d35a968a25f6e8fd9318356bbb7f57aae9c65?s=96&d=mm&r=g\",\"width\":96,\"height\":96,\"caption\":\"da Reda\\u00e7\\u00e3o\"}},{\"@type\":\"WebPage\",\"@id\":\"https:\\\/\\\/www.jornalja.com.br\\\/arquivo\\\/nao-cabe-ao-exercito-interferir-na-conducao-politica-do-pais-diz-general\\\/#webpage\",\"url\":\"https:\\\/\\\/www.jornalja.com.br\\\/arquivo\\\/nao-cabe-ao-exercito-interferir-na-conducao-politica-do-pais-diz-general\\\/\",\"name\":\"\\u201cN\\u00e3o cabe ao Ex\\u00e9rcito interferir na condu\\u00e7\\u00e3o pol\\u00edtica do pa\\u00eds\\u201d, diz general | Arquivo\",\"inLanguage\":\"pt-BR\",\"isPartOf\":{\"@id\":\"https:\\\/\\\/www.jornalja.com.br\\\/arquivo\\\/#website\"},\"breadcrumb\":{\"@id\":\"https:\\\/\\\/www.jornalja.com.br\\\/arquivo\\\/nao-cabe-ao-exercito-interferir-na-conducao-politica-do-pais-diz-general\\\/#breadcrumblist\"},\"author\":{\"@id\":\"https:\\\/\\\/www.jornalja.com.br\\\/arquivo\\\/author\\\/daredacao\\\/#author\"},\"creator\":{\"@id\":\"https:\\\/\\\/www.jornalja.com.br\\\/arquivo\\\/author\\\/daredacao\\\/#author\"},\"image\":{\"@type\":\"ImageObject\",\"url\":55620,\"@id\":\"https:\\\/\\\/www.jornalja.com.br\\\/arquivo\\\/nao-cabe-ao-exercito-interferir-na-conducao-politica-do-pais-diz-general\\\/#mainImage\"},\"primaryImageOfPage\":{\"@id\":\"https:\\\/\\\/www.jornalja.com.br\\\/arquivo\\\/nao-cabe-ao-exercito-interferir-na-conducao-politica-do-pais-diz-general\\\/#mainImage\"},\"datePublished\":\"2017-09-26T16:11:50-03:00\",\"dateModified\":\"2017-09-26T16:11:50-03:00\"},{\"@type\":\"WebSite\",\"@id\":\"https:\\\/\\\/www.jornalja.com.br\\\/arquivo\\\/#website\",\"url\":\"https:\\\/\\\/www.jornalja.com.br\\\/arquivo\\\/\",\"name\":\"Arquivo\",\"description\":\"Jornal J\\u00c1 | Porto Alegre\",\"inLanguage\":\"pt-BR\",\"publisher\":{\"@id\":\"https:\\\/\\\/www.jornalja.com.br\\\/arquivo\\\/#organization\"}}]}\n\t\t<\/script>\n\t\t<!-- All in One SEO -->\n\n","aioseo_head_json":{"title":"\u201cN\u00e3o cabe ao Ex\u00e9rcito interferir na condu\u00e7\u00e3o pol\u00edtica do pa\u00eds\u201d, diz general | Arquivo","description":"","canonical_url":"https:\/\/www.jornalja.com.br\/arquivo\/nao-cabe-ao-exercito-interferir-na-conducao-politica-do-pais-diz-general\/","robots":"max-image-preview:large","keywords":"","webmasterTools":{"miscellaneous":""},"schema":{"@context":"https:\/\/schema.org","@graph":[{"@type":"BlogPosting","@id":"https:\/\/www.jornalja.com.br\/arquivo\/nao-cabe-ao-exercito-interferir-na-conducao-politica-do-pais-diz-general\/#blogposting","name":"\u201cN\u00e3o cabe ao Ex\u00e9rcito interferir na condu\u00e7\u00e3o pol\u00edtica do pa\u00eds\u201d, diz general | Arquivo","headline":"\u201cN\u00e3o cabe ao Ex\u00e9rcito interferir na condu\u00e7\u00e3o pol\u00edtica do pa\u00eds\u201d, diz general","author":{"@id":"https:\/\/www.jornalja.com.br\/arquivo\/author\/daredacao\/#author"},"publisher":{"@id":"https:\/\/www.jornalja.com.br\/arquivo\/#organization"},"image":{"@type":"ImageObject","url":55620},"datePublished":"2017-09-26T16:11:50-03:00","dateModified":"2017-09-26T16:11:50-03:00","inLanguage":"pt-BR","mainEntityOfPage":{"@id":"https:\/\/www.jornalja.com.br\/arquivo\/nao-cabe-ao-exercito-interferir-na-conducao-politica-do-pais-diz-general\/#webpage"},"isPartOf":{"@id":"https:\/\/www.jornalja.com.br\/arquivo\/nao-cabe-ao-exercito-interferir-na-conducao-politica-do-pais-diz-general\/#webpage"},"articleSection":"Geral"},{"@type":"BreadcrumbList","@id":"https:\/\/www.jornalja.com.br\/arquivo\/nao-cabe-ao-exercito-interferir-na-conducao-politica-do-pais-diz-general\/#breadcrumblist","itemListElement":[{"@type":"ListItem","@id":"https:\/\/www.jornalja.com.br\/arquivo#listItem","position":1,"name":"Home","item":"https:\/\/www.jornalja.com.br\/arquivo","nextItem":{"@type":"ListItem","@id":"https:\/\/www.jornalja.com.br\/arquivo\/category\/geral\/#listItem","name":"Geral"}},{"@type":"ListItem","@id":"https:\/\/www.jornalja.com.br\/arquivo\/category\/geral\/#listItem","position":2,"name":"Geral","item":"https:\/\/www.jornalja.com.br\/arquivo\/category\/geral\/","nextItem":{"@type":"ListItem","@id":"https:\/\/www.jornalja.com.br\/arquivo\/nao-cabe-ao-exercito-interferir-na-conducao-politica-do-pais-diz-general\/#listItem","name":"\u201cN\u00e3o cabe ao Ex\u00e9rcito interferir na condu\u00e7\u00e3o pol\u00edtica do pa\u00eds\u201d, diz general"},"previousItem":{"@type":"ListItem","@id":"https:\/\/www.jornalja.com.br\/arquivo#listItem","name":"Home"}},{"@type":"ListItem","@id":"https:\/\/www.jornalja.com.br\/arquivo\/nao-cabe-ao-exercito-interferir-na-conducao-politica-do-pais-diz-general\/#listItem","position":3,"name":"\u201cN\u00e3o cabe ao Ex\u00e9rcito interferir na condu\u00e7\u00e3o pol\u00edtica do pa\u00eds\u201d, diz general","previousItem":{"@type":"ListItem","@id":"https:\/\/www.jornalja.com.br\/arquivo\/category\/geral\/#listItem","name":"Geral"}}]},{"@type":"Organization","@id":"https:\/\/www.jornalja.com.br\/arquivo\/#organization","name":"Jornal J\u00c1","description":"Jornal J\u00c1 | Porto Alegre","url":"https:\/\/www.jornalja.com.br\/arquivo\/","telephone":"+555133307272","logo":{"@type":"ImageObject","url":"https:\/\/www.jornalja.com.br\/wp-content\/uploads\/cards\/JAslogan.png","@id":"https:\/\/www.jornalja.com.br\/arquivo\/nao-cabe-ao-exercito-interferir-na-conducao-politica-do-pais-diz-general\/#organizationLogo"},"image":{"@id":"https:\/\/www.jornalja.com.br\/arquivo\/nao-cabe-ao-exercito-interferir-na-conducao-politica-do-pais-diz-general\/#organizationLogo"}},{"@type":"Person","@id":"https:\/\/www.jornalja.com.br\/arquivo\/author\/daredacao\/#author","url":"https:\/\/www.jornalja.com.br\/arquivo\/author\/daredacao\/","name":"da Reda\u00e7\u00e3o","image":{"@type":"ImageObject","@id":"https:\/\/www.jornalja.com.br\/arquivo\/nao-cabe-ao-exercito-interferir-na-conducao-politica-do-pais-diz-general\/#authorImage","url":"https:\/\/secure.gravatar.com\/avatar\/469fd857d6605ad19919d27ed29d35a968a25f6e8fd9318356bbb7f57aae9c65?s=96&d=mm&r=g","width":96,"height":96,"caption":"da Reda\u00e7\u00e3o"}},{"@type":"WebPage","@id":"https:\/\/www.jornalja.com.br\/arquivo\/nao-cabe-ao-exercito-interferir-na-conducao-politica-do-pais-diz-general\/#webpage","url":"https:\/\/www.jornalja.com.br\/arquivo\/nao-cabe-ao-exercito-interferir-na-conducao-politica-do-pais-diz-general\/","name":"\u201cN\u00e3o cabe ao Ex\u00e9rcito interferir na condu\u00e7\u00e3o pol\u00edtica do pa\u00eds\u201d, diz general | Arquivo","inLanguage":"pt-BR","isPartOf":{"@id":"https:\/\/www.jornalja.com.br\/arquivo\/#website"},"breadcrumb":{"@id":"https:\/\/www.jornalja.com.br\/arquivo\/nao-cabe-ao-exercito-interferir-na-conducao-politica-do-pais-diz-general\/#breadcrumblist"},"author":{"@id":"https:\/\/www.jornalja.com.br\/arquivo\/author\/daredacao\/#author"},"creator":{"@id":"https:\/\/www.jornalja.com.br\/arquivo\/author\/daredacao\/#author"},"image":{"@type":"ImageObject","url":55620,"@id":"https:\/\/www.jornalja.com.br\/arquivo\/nao-cabe-ao-exercito-interferir-na-conducao-politica-do-pais-diz-general\/#mainImage"},"primaryImageOfPage":{"@id":"https:\/\/www.jornalja.com.br\/arquivo\/nao-cabe-ao-exercito-interferir-na-conducao-politica-do-pais-diz-general\/#mainImage"},"datePublished":"2017-09-26T16:11:50-03:00","dateModified":"2017-09-26T16:11:50-03:00"},{"@type":"WebSite","@id":"https:\/\/www.jornalja.com.br\/arquivo\/#website","url":"https:\/\/www.jornalja.com.br\/arquivo\/","name":"Arquivo","description":"Jornal J\u00c1 | Porto Alegre","inLanguage":"pt-BR","publisher":{"@id":"https:\/\/www.jornalja.com.br\/arquivo\/#organization"}}]},"og:locale":"pt_BR","og:site_name":"Arquivo | Jornal J\u00c1 | Porto Alegre","og:type":"article","og:title":"\u201cN\u00e3o cabe ao Ex\u00e9rcito interferir na condu\u00e7\u00e3o pol\u00edtica do pa\u00eds\u201d, diz general | Arquivo","og:url":"https:\/\/www.jornalja.com.br\/arquivo\/nao-cabe-ao-exercito-interferir-na-conducao-politica-do-pais-diz-general\/","og:image":"https:\/\/www.jornalja.com.br\/economics\/wp-content\/uploads\/sites\/11\/2026\/08\/ja-folhaderosto-facebook.jpg","og:image:secure_url":"https:\/\/www.jornalja.com.br\/economics\/wp-content\/uploads\/sites\/11\/2026\/08\/ja-folhaderosto-facebook.jpg","article:published_time":"2017-09-26T19:11:50+00:00","article:modified_time":"2017-09-26T19:11:50+00:00","twitter:card":"summary","twitter:title":"\u201cN\u00e3o cabe ao Ex\u00e9rcito interferir na condu\u00e7\u00e3o pol\u00edtica do pa\u00eds\u201d, diz general | Arquivo","twitter:image":"https:\/\/www.jornalja.com.br\/economics\/wp-content\/uploads\/sites\/11\/2026\/08\/ja-folhaderosto-facebook.jpg"},"aioseo_meta_data":{"post_id":"55612","title":null,"description":null,"keywords":null,"keyphrases":null,"primary_term":null,"canonical_url":null,"og_title":null,"og_description":null,"og_object_type":"default","og_image_type":"default","og_image_url":null,"og_image_width":null,"og_image_height":null,"og_image_custom_url":null,"og_image_custom_fields":null,"og_video":null,"og_custom_url":null,"og_article_section":null,"og_article_tags":null,"twitter_use_og":false,"twitter_card":"default","twitter_image_type":"default","twitter_image_url":null,"twitter_image_custom_url":null,"twitter_image_custom_fields":null,"twitter_title":null,"twitter_description":null,"schema":{"blockGraphs":[],"customGraphs":[],"default":{"data":{"Article":[],"Course":[],"Dataset":[],"FAQPage":[],"Movie":[],"Person":[],"Product":[],"ProductReview":[],"Car":[],"Recipe":[],"Service":[],"SoftwareApplication":[],"WebPage":[]},"graphName":"","isEnabled":true},"graphs":[],"defaultGraph":"","defaultPostTypeGraph":""},"schema_type":null,"schema_type_options":null,"pillar_content":false,"robots_default":true,"robots_noindex":false,"robots_noarchive":false,"robots_nosnippet":false,"robots_nofollow":false,"robots_noimageindex":false,"robots_noodp":false,"robots_notranslate":false,"robots_max_snippet":null,"robots_max_videopreview":null,"robots_max_imagepreview":"large","priority":null,"frequency":null,"location":null,"local_seo":null,"breadcrumb_settings":null,"limit_modified_date":false,"ai":null,"created":"2020-12-20 20:24:05","updated":"2025-07-20 01:19:47","seo_analyzer_scan_date":null,"focus_keyword":null,"additional_keywords":null,"truseo_locale":null},"jetpack_sharing_enabled":true,"jetpack-related-posts":[{"id":13124,"url":"https:\/\/www.jornalja.com.br\/arquivo\/sangue-latino-no-iecine\/","url_meta":{"origin":55612,"position":0},"title":"Sangue latino no IECINE","author":"da Reda\u00e7\u00e3o","date":"18 de maio de 2014","format":false,"excerpt":"Francisco Ribeiro O Instituto Estadual de Cinema (IECINE) tem a frente, desde abril \u00faltimo, um novo diretor, o cineasta colombiano Juan Zapata, 36, que substitui Luiz Alberto Cassol. Radicado h\u00e1 dez anos em Porto Alegre, Zapata tem diante de si o desafio de conduzir at\u00e9 o final do ano um\u2026","rel":"","context":"Em &quot;Cultura-Geral&quot;","block_context":{"text":"Cultura-Geral","link":"https:\/\/www.jornalja.com.br\/arquivo\/category\/materiasecundaria\/"},"img":{"alt_text":"","src":"","width":0,"height":0},"classes":[]},{"id":13240,"url":"https:\/\/www.jornalja.com.br\/arquivo\/plano-diretor-estamos-construindo-o-caos\/","url_meta":{"origin":55612,"position":1},"title":"Plano diretor: &quot;Estamos construindo o caos&quot;","author":"Patr\u00edcia Marini","date":"26 de maio de 2014","format":false,"excerpt":"Desabafo que arquiteta Eliana Castilhos, delegada da Regi\u00e3o de Planejamento 1, postou nas redes sociais \u00e9 um testemunho do ambiente que se criou no Conselho do Plano Diretor de Porto Alegre, onde a aprova\u00e7\u00e3o de grandes empreendimentos \u00e9 empurrada guela abaixo dos conselheiros. Ao CMDUA Como delegada da Regi\u00e3o de\u2026","rel":"","context":"Em &quot;Geral&quot;","block_context":{"text":"Geral","link":"https:\/\/www.jornalja.com.br\/arquivo\/category\/geral\/"},"img":{"alt_text":"","src":"","width":0,"height":0},"classes":[]},{"id":14241,"url":"https:\/\/www.jornalja.com.br\/arquivo\/o-guaiba-nas-imagens-poeticas-de-achutti\/","url_meta":{"origin":55612,"position":2},"title":"O Gua\u00edba nas imagens po\u00e9ticas de Achutti","author":"da Reda\u00e7\u00e3o","date":"18 de junho de 2014","format":false,"excerpt":"Em \u201cO Gua\u00edba por Achutti\u201d \u2013 obra financiada via Minist\u00e9rio da Cultura, produ\u00e7\u00e3o executiva de Pedro Longhi, e Fl\u00e1vio Wild como designer \u2013, o fot\u00f3grafo revela a beleza e as mazelas de um espa\u00e7o aqu\u00e1tico de \u00e1guas sempre renovadas, cheio de hist\u00f3rias e lendas como as das cidades que foram\u2026","rel":"","context":"Em &quot;Cultura-Geral&quot;","block_context":{"text":"Cultura-Geral","link":"https:\/\/www.jornalja.com.br\/arquivo\/category\/materiasecundaria\/"},"img":{"alt_text":"","src":"","width":0,"height":0},"classes":[]},{"id":13128,"url":"https:\/\/www.jornalja.com.br\/arquivo\/maconha-terra-diz-que-uso-medicinal-e-desculpa\/","url_meta":{"origin":55612,"position":3},"title":"Maconha: Terra diz que uso medicinal \u00e9 desculpa","author":"Patr\u00edcia Marini","date":"4 de junho de 2014","format":false,"excerpt":"A condi\u00e7\u00e3o de pol\u00edtico, em \u00e9poca de campanha de campanha eleitoral, tira for\u00e7a do discurso do m\u00e9dico Osmar Terra contra a legaliza\u00e7\u00e3o da maconha. A tese dele de que a libera\u00e7\u00e3o vai ampliar exponencialmente o consumo \u00e9 discutivel, o consumo \u00e9 corrente. Mas seus alertas quanto aos riscos tem que\u2026","rel":"","context":"Em &quot;X.Categorias velhas&quot;","block_context":{"text":"X.Categorias velhas","link":"https:\/\/www.jornalja.com.br\/arquivo\/category\/x-categorias-velhas\/"},"img":{"alt_text":"","src":"","width":0,"height":0},"classes":[]},{"id":13101,"url":"https:\/\/www.jornalja.com.br\/arquivo\/morre-um-guerreiro-do-texto\/","url_meta":{"origin":55612,"position":4},"title":"Morre um guerreiro do texto","author":"Patr\u00edcia Marini","date":"14 de maio de 2014","format":false,"excerpt":"Por Ricardo Kotscho Reproduzido do blog do autor, 11\/5\/2014; t\u00edtulo original \u201cE l\u00e1 se foi o nosso Myltainho, guerreiro do texto\u201d. Mi\u00fado e franzino, meu amigo Myltainho era um valente e inconformado guerreiro na luta contra as injusti\u00e7as sociais, a hipocrisia, as maracutaias, o autoritarismo, a intoler\u00e2ncia, a viol\u00eancia, o\u2026","rel":"","context":"Em &quot;Geral&quot;","block_context":{"text":"Geral","link":"https:\/\/www.jornalja.com.br\/arquivo\/category\/geral\/"},"img":{"alt_text":"","src":"","width":0,"height":0},"classes":[]},{"id":5440,"url":"https:\/\/www.jornalja.com.br\/arquivo\/casarao-da-venancio-destino-permanece-incerto\/","url_meta":{"origin":55612,"position":5},"title":"Estado ainda n\u00e3o sabe o que fazer com casar\u00e3o abandonado h\u00e1 20 anos","author":"Elmar Bones","date":"6 de julho de 2009","format":false,"excerpt":"O casar\u00e3o amarelo, numa esquina nobre de Porto Alegre (Ven\u00e2ncio Aires com Jo\u00e3o Pessoa), j\u00e1 abrigou uma escola. H\u00e1 duas d\u00e9cadas, pelo menos, est\u00e1 abandonado, porque seu propriet\u00e1rio, o governo do Estado do Rio Grande do Sul, n\u00e3o consegue achar um destino para ele. Planos n\u00e3o faltaram. O governador Ol\u00edvio\u2026","rel":"","context":"Em &quot;X.Categorias velhas&quot;","block_context":{"text":"X.Categorias velhas","link":"https:\/\/www.jornalja.com.br\/arquivo\/category\/x-categorias-velhas\/"},"img":{"alt_text":"geraldo1","src":"https:\/\/i0.wp.com\/www.jornalja.com.br\/wp-content\/uploads\/2009\/07\/geraldo1.jpg?resize=350%2C200&ssl=1","width":350,"height":200},"classes":[]}],"jetpack_shortlink":"https:\/\/wp.me\/pbQjBd-esY","jetpack_featured_media_url":"","_links":{"self":[{"href":"https:\/\/www.jornalja.com.br\/arquivo\/wp-json\/wp\/v2\/posts\/55612","targetHints":{"allow":["GET"]}}],"collection":[{"href":"https:\/\/www.jornalja.com.br\/arquivo\/wp-json\/wp\/v2\/posts"}],"about":[{"href":"https:\/\/www.jornalja.com.br\/arquivo\/wp-json\/wp\/v2\/types\/post"}],"author":[{"embeddable":true,"href":"https:\/\/www.jornalja.com.br\/arquivo\/wp-json\/wp\/v2\/users\/4"}],"replies":[{"embeddable":true,"href":"https:\/\/www.jornalja.com.br\/arquivo\/wp-json\/wp\/v2\/comments?post=55612"}],"version-history":[{"count":0,"href":"https:\/\/www.jornalja.com.br\/arquivo\/wp-json\/wp\/v2\/posts\/55612\/revisions"}],"wp:attachment":[{"href":"https:\/\/www.jornalja.com.br\/arquivo\/wp-json\/wp\/v2\/media?parent=55612"}],"wp:term":[{"taxonomy":"category","embeddable":true,"href":"https:\/\/www.jornalja.com.br\/arquivo\/wp-json\/wp\/v2\/categories?post=55612"},{"taxonomy":"post_tag","embeddable":true,"href":"https:\/\/www.jornalja.com.br\/arquivo\/wp-json\/wp\/v2\/tags?post=55612"}],"curies":[{"name":"wp","href":"https:\/\/api.w.org\/{rel}","templated":true}]}}