{"id":55622,"date":"2017-09-26T17:31:53","date_gmt":"2017-09-26T20:31:53","guid":{"rendered":"https:\/\/www.jornalja.com.br\/?p=55622"},"modified":"2017-09-26T17:31:53","modified_gmt":"2017-09-26T20:31:53","slug":"mp-de-contas-pede-que-tce-faca-auditoria-sobre-os-parcelamentos-de-marchezan","status":"publish","type":"post","link":"https:\/\/www.jornalja.com.br\/arquivo\/mp-de-contas-pede-que-tce-faca-auditoria-sobre-os-parcelamentos-de-marchezan\/","title":{"rendered":"MP de Contas pede auditoria sobre os parcelamentos de sal\u00e1rios no governo Marchezan"},"content":{"rendered":"<p>O Minist\u00e9rio P\u00fablico de Contas (MPC) do Rio Grande do Sul expediu hoje, 26\/09, requerimento ao Tribunal de Contas do Estado (TCE) para que realize-se uma auditoria sobre os parcelamentos de sal\u00e1rios realizados pelo prefeito Nelson Marchezan J\u00fanior desde junho.<br \/>\nA medida acata uma representa\u00e7\u00e3o do Sindicato dos Municip\u00e1rios de Porto Alegre (Simpa) que, juntamente com o vereadora Sofia Cavedon (PT), protocolou em 11 de setembro no MPC requerimento solicitando a verifica\u00e7\u00e3o dos controles cont\u00e1beis do Munic\u00edpio.<br \/>\nO documento do MPC encaminhado nesta ter\u00e7a-feira trata do Processo de Contas de Gest\u00e3o do Executivo Municipal de Porto Alegre referente ao exerc\u00edcio de 2017.<br \/>\nConfira os principais pontos do despacho do Procurador-geral Geraldo Da Camino:<br \/>\n&#8220;&#8230;Considerando a gravidade e a relev\u00e2ncia do tema, e tendo em conta que a mat\u00e9ria em tela se coloca no conjunto das compet\u00eancias deste Tribunal (art. 71 da Carta Magna), oMinist\u00e9rio P\u00fablico de Contas requer:<br \/>\n1\u00ba) auditoria sobre a efetiva disponibilidade de recursos financeiros para o cumprimento de todas as obriga\u00e7\u00f5es salariais at\u00e9 o \u00faltimo dia \u00fatil do m\u00eas, conforme estabelece a Lei Org\u00e2nica do Munic\u00edpio\u2026<br \/>\n2\u00ba) determina\u00e7\u00e3o \u00e0 Dire\u00e7\u00e3o de Controle e Fiscaliza\u00e7\u00e3o para que, na hip\u00f3tese de identificar a exist\u00eancia de disponibilidade financeira, considerando os aspectos anteriormente delineados, submeta, de imediato, tal ocorr\u00eancia \u00e0 aprecia\u00e7\u00e3o do Conselheiro-Relator, para que, considerando<br \/>\na) o descumprimento ao disposto no artigo 39 da Lei Org\u00e2nica do Munic\u00edpio de Porto Alegre, que estabelece que o pagamento mensal da retribui\u00e7\u00e3o dos servidores, dos proventos e das pens\u00f5es ser\u00e1 realizado at\u00e9 o \u00faltimo dia \u00fatil do m\u00eas a que corresponder, a configurar, em combina\u00e7\u00e3o com a disponibilidade financeira detectada, o fumus boni juris;<br \/>\nb) que situa\u00e7\u00f5es especiais devem merecer a pronta aten\u00e7\u00e3o e interven\u00e7\u00e3o desta Corte, para que potenciais infra\u00e7\u00f5es possam ser debeladas, notadamente quando presente fundado receio de grave les\u00e3o aos direitos dos servidores e, por consequ\u00eancia, ao interesse p\u00fablico, recomenda-se a\u00e7\u00e3o para que, no m\u00ednimo, a ilegalidade n\u00e3o seja ampliada, presente o periculum in mora, determine, com fulcro no inciso XI do artigo 12 do RITCE7 e artigo 42 da Lei Org\u00e2nica do TCE8, como medida acautelat\u00f3ria ao Er\u00e1rio, que o Gestor utilize integralmente tais disponibilidades para o pagamento da remunera\u00e7\u00e3o dos servidores municipais, at\u00e9 ulterior pronunciamento da Corte sobre a mat\u00e9ria.<br \/>\n3\u00ba) verifica\u00e7\u00e3o da poss\u00edvel ocorr\u00eancia de despesas com multa di\u00e1ria pelo atraso no pagamento da remunera\u00e7\u00e3o dos servidores municipais, considerando o teor da decis\u00e3o judicial proferida.<br \/>\n4\u00ba) intima\u00e7\u00e3o do Gestor ao qual sejam atribu\u00eddas as responsabilidades ap\u00f3s a elabora\u00e7\u00e3o de Informe T\u00e9cnico, em homenagem ao contradit\u00f3rio e a ampla defesa, para que, querendo, manifeste-se sobre eventuais irregularidades decorrentes da an\u00e1lise ora proposta.<\/p>\n","protected":false},"excerpt":{"rendered":"<p>O Minist\u00e9rio P\u00fablico de Contas (MPC) do Rio Grande do Sul expediu hoje, 26\/09, requerimento ao Tribunal de Contas do Estado (TCE) para que realize-se uma auditoria sobre os parcelamentos de sal\u00e1rios realizados pelo prefeito Nelson Marchezan J\u00fanior desde junho. A medida acata uma representa\u00e7\u00e3o do Sindicato dos Municip\u00e1rios de Porto Alegre (Simpa) que, juntamente [&hellip;]<\/p>\n","protected":false},"author":4,"featured_media":55647,"comment_status":"open","ping_status":"closed","sticky":false,"template":"","format":"standard","meta":{"_jetpack_newsletter_access":"","_jetpack_dont_email_post_to_subs":false,"_jetpack_newsletter_tier_id":0,"_jetpack_memberships_contains_paywalled_content":false,"_jetpack_feature_clip_id":0,"_jetpack_memberships_contains_paid_content":false,"footnotes":"","jetpack_post_was_ever_published":false},"categories":[26],"tags":[],"class_list":["post-55622","post","type-post","status-publish","format-standard","has-post-thumbnail","hentry","category-geral"],"aioseo_notices":[],"aioseo_head":"\n\t\t<!-- All in One SEO 5.0.1.1 - aioseo.com -->\n\t<meta name=\"robots\" content=\"max-image-preview:large\" \/>\n\t<meta name=\"author\" content=\"da Reda\u00e7\u00e3o\"\/>\n\t<link rel=\"canonical\" href=\"https:\/\/www.jornalja.com.br\/arquivo\/mp-de-contas-pede-que-tce-faca-auditoria-sobre-os-parcelamentos-de-marchezan\/\" \/>\n\t<meta name=\"generator\" content=\"All in One SEO (AIOSEO) 5.0.1.1\" \/>\n\t\t<meta property=\"og:locale\" content=\"pt_BR\" \/>\n\t\t<meta property=\"og:site_name\" content=\"Arquivo | Jornal J\u00c1 | Porto Alegre\" \/>\n\t\t<meta property=\"og:type\" content=\"article\" \/>\n\t\t<meta property=\"og:title\" content=\"MP de Contas pede auditoria sobre os parcelamentos de sal\u00e1rios no governo Marchezan | Arquivo\" \/>\n\t\t<meta property=\"og:url\" content=\"https:\/\/www.jornalja.com.br\/arquivo\/mp-de-contas-pede-que-tce-faca-auditoria-sobre-os-parcelamentos-de-marchezan\/\" \/>\n\t\t<meta property=\"og:image\" content=\"https:\/\/www.jornalja.com.br\/economics\/wp-content\/uploads\/sites\/11\/2026\/08\/ja-folhaderosto-facebook.jpg\" \/>\n\t\t<meta property=\"og:image:secure_url\" content=\"https:\/\/www.jornalja.com.br\/economics\/wp-content\/uploads\/sites\/11\/2026\/08\/ja-folhaderosto-facebook.jpg\" \/>\n\t\t<meta property=\"article:published_time\" content=\"2017-09-26T20:31:53+00:00\" \/>\n\t\t<meta property=\"article:modified_time\" content=\"2017-09-26T20:31:53+00:00\" \/>\n\t\t<meta name=\"twitter:card\" content=\"summary\" \/>\n\t\t<meta name=\"twitter:title\" content=\"MP de Contas pede auditoria sobre os parcelamentos de sal\u00e1rios no governo Marchezan | Arquivo\" \/>\n\t\t<meta name=\"twitter:image\" content=\"https:\/\/www.jornalja.com.br\/economics\/wp-content\/uploads\/sites\/11\/2026\/08\/ja-folhaderosto-facebook.jpg\" \/>\n\t\t<script type=\"application\/ld+json\" class=\"aioseo-schema\">\n\t\t\t{\"@context\":\"https:\\\/\\\/schema.org\",\"@graph\":[{\"@type\":\"BlogPosting\",\"@id\":\"https:\\\/\\\/www.jornalja.com.br\\\/arquivo\\\/mp-de-contas-pede-que-tce-faca-auditoria-sobre-os-parcelamentos-de-marchezan\\\/#blogposting\",\"name\":\"MP de Contas pede auditoria sobre os parcelamentos de sal\\u00e1rios no governo Marchezan | Arquivo\",\"headline\":\"MP de Contas pede auditoria sobre os parcelamentos de sal\\u00e1rios no governo Marchezan\",\"author\":{\"@id\":\"https:\\\/\\\/www.jornalja.com.br\\\/arquivo\\\/author\\\/daredacao\\\/#author\"},\"publisher\":{\"@id\":\"https:\\\/\\\/www.jornalja.com.br\\\/arquivo\\\/#organization\"},\"image\":{\"@type\":\"ImageObject\",\"url\":55647},\"datePublished\":\"2017-09-26T17:31:53-03:00\",\"dateModified\":\"2017-09-26T17:31:53-03:00\",\"inLanguage\":\"pt-BR\",\"mainEntityOfPage\":{\"@id\":\"https:\\\/\\\/www.jornalja.com.br\\\/arquivo\\\/mp-de-contas-pede-que-tce-faca-auditoria-sobre-os-parcelamentos-de-marchezan\\\/#webpage\"},\"isPartOf\":{\"@id\":\"https:\\\/\\\/www.jornalja.com.br\\\/arquivo\\\/mp-de-contas-pede-que-tce-faca-auditoria-sobre-os-parcelamentos-de-marchezan\\\/#webpage\"},\"articleSection\":\"Geral\"},{\"@type\":\"BreadcrumbList\",\"@id\":\"https:\\\/\\\/www.jornalja.com.br\\\/arquivo\\\/mp-de-contas-pede-que-tce-faca-auditoria-sobre-os-parcelamentos-de-marchezan\\\/#breadcrumblist\",\"itemListElement\":[{\"@type\":\"ListItem\",\"@id\":\"https:\\\/\\\/www.jornalja.com.br\\\/arquivo#listItem\",\"position\":1,\"name\":\"Home\",\"item\":\"https:\\\/\\\/www.jornalja.com.br\\\/arquivo\",\"nextItem\":{\"@type\":\"ListItem\",\"@id\":\"https:\\\/\\\/www.jornalja.com.br\\\/arquivo\\\/category\\\/geral\\\/#listItem\",\"name\":\"Geral\"}},{\"@type\":\"ListItem\",\"@id\":\"https:\\\/\\\/www.jornalja.com.br\\\/arquivo\\\/category\\\/geral\\\/#listItem\",\"position\":2,\"name\":\"Geral\",\"item\":\"https:\\\/\\\/www.jornalja.com.br\\\/arquivo\\\/category\\\/geral\\\/\",\"nextItem\":{\"@type\":\"ListItem\",\"@id\":\"https:\\\/\\\/www.jornalja.com.br\\\/arquivo\\\/mp-de-contas-pede-que-tce-faca-auditoria-sobre-os-parcelamentos-de-marchezan\\\/#listItem\",\"name\":\"MP de Contas pede auditoria sobre os parcelamentos de sal\\u00e1rios no governo Marchezan\"},\"previousItem\":{\"@type\":\"ListItem\",\"@id\":\"https:\\\/\\\/www.jornalja.com.br\\\/arquivo#listItem\",\"name\":\"Home\"}},{\"@type\":\"ListItem\",\"@id\":\"https:\\\/\\\/www.jornalja.com.br\\\/arquivo\\\/mp-de-contas-pede-que-tce-faca-auditoria-sobre-os-parcelamentos-de-marchezan\\\/#listItem\",\"position\":3,\"name\":\"MP de Contas pede auditoria sobre os parcelamentos de sal\\u00e1rios no governo Marchezan\",\"previousItem\":{\"@type\":\"ListItem\",\"@id\":\"https:\\\/\\\/www.jornalja.com.br\\\/arquivo\\\/category\\\/geral\\\/#listItem\",\"name\":\"Geral\"}}]},{\"@type\":\"Organization\",\"@id\":\"https:\\\/\\\/www.jornalja.com.br\\\/arquivo\\\/#organization\",\"name\":\"Jornal J\\u00c1\",\"description\":\"Jornal J\\u00c1 | Porto Alegre\",\"url\":\"https:\\\/\\\/www.jornalja.com.br\\\/arquivo\\\/\",\"telephone\":\"+555133307272\",\"logo\":{\"@type\":\"ImageObject\",\"url\":\"https:\\\/\\\/www.jornalja.com.br\\\/wp-content\\\/uploads\\\/cards\\\/JAslogan.png\",\"@id\":\"https:\\\/\\\/www.jornalja.com.br\\\/arquivo\\\/mp-de-contas-pede-que-tce-faca-auditoria-sobre-os-parcelamentos-de-marchezan\\\/#organizationLogo\"},\"image\":{\"@id\":\"https:\\\/\\\/www.jornalja.com.br\\\/arquivo\\\/mp-de-contas-pede-que-tce-faca-auditoria-sobre-os-parcelamentos-de-marchezan\\\/#organizationLogo\"}},{\"@type\":\"Person\",\"@id\":\"https:\\\/\\\/www.jornalja.com.br\\\/arquivo\\\/author\\\/daredacao\\\/#author\",\"url\":\"https:\\\/\\\/www.jornalja.com.br\\\/arquivo\\\/author\\\/daredacao\\\/\",\"name\":\"da Reda\\u00e7\\u00e3o\",\"image\":{\"@type\":\"ImageObject\",\"@id\":\"https:\\\/\\\/www.jornalja.com.br\\\/arquivo\\\/mp-de-contas-pede-que-tce-faca-auditoria-sobre-os-parcelamentos-de-marchezan\\\/#authorImage\",\"url\":\"https:\\\/\\\/secure.gravatar.com\\\/avatar\\\/469fd857d6605ad19919d27ed29d35a968a25f6e8fd9318356bbb7f57aae9c65?s=96&d=mm&r=g\",\"width\":96,\"height\":96,\"caption\":\"da Reda\\u00e7\\u00e3o\"}},{\"@type\":\"WebPage\",\"@id\":\"https:\\\/\\\/www.jornalja.com.br\\\/arquivo\\\/mp-de-contas-pede-que-tce-faca-auditoria-sobre-os-parcelamentos-de-marchezan\\\/#webpage\",\"url\":\"https:\\\/\\\/www.jornalja.com.br\\\/arquivo\\\/mp-de-contas-pede-que-tce-faca-auditoria-sobre-os-parcelamentos-de-marchezan\\\/\",\"name\":\"MP de Contas pede auditoria sobre os parcelamentos de sal\\u00e1rios no governo Marchezan | Arquivo\",\"inLanguage\":\"pt-BR\",\"isPartOf\":{\"@id\":\"https:\\\/\\\/www.jornalja.com.br\\\/arquivo\\\/#website\"},\"breadcrumb\":{\"@id\":\"https:\\\/\\\/www.jornalja.com.br\\\/arquivo\\\/mp-de-contas-pede-que-tce-faca-auditoria-sobre-os-parcelamentos-de-marchezan\\\/#breadcrumblist\"},\"author\":{\"@id\":\"https:\\\/\\\/www.jornalja.com.br\\\/arquivo\\\/author\\\/daredacao\\\/#author\"},\"creator\":{\"@id\":\"https:\\\/\\\/www.jornalja.com.br\\\/arquivo\\\/author\\\/daredacao\\\/#author\"},\"image\":{\"@type\":\"ImageObject\",\"url\":55647,\"@id\":\"https:\\\/\\\/www.jornalja.com.br\\\/arquivo\\\/mp-de-contas-pede-que-tce-faca-auditoria-sobre-os-parcelamentos-de-marchezan\\\/#mainImage\"},\"primaryImageOfPage\":{\"@id\":\"https:\\\/\\\/www.jornalja.com.br\\\/arquivo\\\/mp-de-contas-pede-que-tce-faca-auditoria-sobre-os-parcelamentos-de-marchezan\\\/#mainImage\"},\"datePublished\":\"2017-09-26T17:31:53-03:00\",\"dateModified\":\"2017-09-26T17:31:53-03:00\"},{\"@type\":\"WebSite\",\"@id\":\"https:\\\/\\\/www.jornalja.com.br\\\/arquivo\\\/#website\",\"url\":\"https:\\\/\\\/www.jornalja.com.br\\\/arquivo\\\/\",\"name\":\"Arquivo\",\"description\":\"Jornal J\\u00c1 | Porto Alegre\",\"inLanguage\":\"pt-BR\",\"publisher\":{\"@id\":\"https:\\\/\\\/www.jornalja.com.br\\\/arquivo\\\/#organization\"}}]}\n\t\t<\/script>\n\t\t<!-- All in One SEO -->\n\n","aioseo_head_json":{"title":"MP de Contas pede auditoria sobre os parcelamentos de sal\u00e1rios no governo Marchezan | Arquivo","description":"","canonical_url":"https:\/\/www.jornalja.com.br\/arquivo\/mp-de-contas-pede-que-tce-faca-auditoria-sobre-os-parcelamentos-de-marchezan\/","robots":"max-image-preview:large","keywords":"","webmasterTools":{"miscellaneous":""},"schema":{"@context":"https:\/\/schema.org","@graph":[{"@type":"BlogPosting","@id":"https:\/\/www.jornalja.com.br\/arquivo\/mp-de-contas-pede-que-tce-faca-auditoria-sobre-os-parcelamentos-de-marchezan\/#blogposting","name":"MP de Contas pede auditoria sobre os parcelamentos de sal\u00e1rios no governo Marchezan | Arquivo","headline":"MP de Contas pede auditoria sobre os parcelamentos de sal\u00e1rios no governo Marchezan","author":{"@id":"https:\/\/www.jornalja.com.br\/arquivo\/author\/daredacao\/#author"},"publisher":{"@id":"https:\/\/www.jornalja.com.br\/arquivo\/#organization"},"image":{"@type":"ImageObject","url":55647},"datePublished":"2017-09-26T17:31:53-03:00","dateModified":"2017-09-26T17:31:53-03:00","inLanguage":"pt-BR","mainEntityOfPage":{"@id":"https:\/\/www.jornalja.com.br\/arquivo\/mp-de-contas-pede-que-tce-faca-auditoria-sobre-os-parcelamentos-de-marchezan\/#webpage"},"isPartOf":{"@id":"https:\/\/www.jornalja.com.br\/arquivo\/mp-de-contas-pede-que-tce-faca-auditoria-sobre-os-parcelamentos-de-marchezan\/#webpage"},"articleSection":"Geral"},{"@type":"BreadcrumbList","@id":"https:\/\/www.jornalja.com.br\/arquivo\/mp-de-contas-pede-que-tce-faca-auditoria-sobre-os-parcelamentos-de-marchezan\/#breadcrumblist","itemListElement":[{"@type":"ListItem","@id":"https:\/\/www.jornalja.com.br\/arquivo#listItem","position":1,"name":"Home","item":"https:\/\/www.jornalja.com.br\/arquivo","nextItem":{"@type":"ListItem","@id":"https:\/\/www.jornalja.com.br\/arquivo\/category\/geral\/#listItem","name":"Geral"}},{"@type":"ListItem","@id":"https:\/\/www.jornalja.com.br\/arquivo\/category\/geral\/#listItem","position":2,"name":"Geral","item":"https:\/\/www.jornalja.com.br\/arquivo\/category\/geral\/","nextItem":{"@type":"ListItem","@id":"https:\/\/www.jornalja.com.br\/arquivo\/mp-de-contas-pede-que-tce-faca-auditoria-sobre-os-parcelamentos-de-marchezan\/#listItem","name":"MP de Contas pede auditoria sobre os parcelamentos de sal\u00e1rios no governo Marchezan"},"previousItem":{"@type":"ListItem","@id":"https:\/\/www.jornalja.com.br\/arquivo#listItem","name":"Home"}},{"@type":"ListItem","@id":"https:\/\/www.jornalja.com.br\/arquivo\/mp-de-contas-pede-que-tce-faca-auditoria-sobre-os-parcelamentos-de-marchezan\/#listItem","position":3,"name":"MP de Contas pede auditoria sobre os parcelamentos de sal\u00e1rios no governo Marchezan","previousItem":{"@type":"ListItem","@id":"https:\/\/www.jornalja.com.br\/arquivo\/category\/geral\/#listItem","name":"Geral"}}]},{"@type":"Organization","@id":"https:\/\/www.jornalja.com.br\/arquivo\/#organization","name":"Jornal J\u00c1","description":"Jornal J\u00c1 | Porto Alegre","url":"https:\/\/www.jornalja.com.br\/arquivo\/","telephone":"+555133307272","logo":{"@type":"ImageObject","url":"https:\/\/www.jornalja.com.br\/wp-content\/uploads\/cards\/JAslogan.png","@id":"https:\/\/www.jornalja.com.br\/arquivo\/mp-de-contas-pede-que-tce-faca-auditoria-sobre-os-parcelamentos-de-marchezan\/#organizationLogo"},"image":{"@id":"https:\/\/www.jornalja.com.br\/arquivo\/mp-de-contas-pede-que-tce-faca-auditoria-sobre-os-parcelamentos-de-marchezan\/#organizationLogo"}},{"@type":"Person","@id":"https:\/\/www.jornalja.com.br\/arquivo\/author\/daredacao\/#author","url":"https:\/\/www.jornalja.com.br\/arquivo\/author\/daredacao\/","name":"da Reda\u00e7\u00e3o","image":{"@type":"ImageObject","@id":"https:\/\/www.jornalja.com.br\/arquivo\/mp-de-contas-pede-que-tce-faca-auditoria-sobre-os-parcelamentos-de-marchezan\/#authorImage","url":"https:\/\/secure.gravatar.com\/avatar\/469fd857d6605ad19919d27ed29d35a968a25f6e8fd9318356bbb7f57aae9c65?s=96&d=mm&r=g","width":96,"height":96,"caption":"da Reda\u00e7\u00e3o"}},{"@type":"WebPage","@id":"https:\/\/www.jornalja.com.br\/arquivo\/mp-de-contas-pede-que-tce-faca-auditoria-sobre-os-parcelamentos-de-marchezan\/#webpage","url":"https:\/\/www.jornalja.com.br\/arquivo\/mp-de-contas-pede-que-tce-faca-auditoria-sobre-os-parcelamentos-de-marchezan\/","name":"MP de Contas pede auditoria sobre os parcelamentos de sal\u00e1rios no governo Marchezan | Arquivo","inLanguage":"pt-BR","isPartOf":{"@id":"https:\/\/www.jornalja.com.br\/arquivo\/#website"},"breadcrumb":{"@id":"https:\/\/www.jornalja.com.br\/arquivo\/mp-de-contas-pede-que-tce-faca-auditoria-sobre-os-parcelamentos-de-marchezan\/#breadcrumblist"},"author":{"@id":"https:\/\/www.jornalja.com.br\/arquivo\/author\/daredacao\/#author"},"creator":{"@id":"https:\/\/www.jornalja.com.br\/arquivo\/author\/daredacao\/#author"},"image":{"@type":"ImageObject","url":55647,"@id":"https:\/\/www.jornalja.com.br\/arquivo\/mp-de-contas-pede-que-tce-faca-auditoria-sobre-os-parcelamentos-de-marchezan\/#mainImage"},"primaryImageOfPage":{"@id":"https:\/\/www.jornalja.com.br\/arquivo\/mp-de-contas-pede-que-tce-faca-auditoria-sobre-os-parcelamentos-de-marchezan\/#mainImage"},"datePublished":"2017-09-26T17:31:53-03:00","dateModified":"2017-09-26T17:31:53-03:00"},{"@type":"WebSite","@id":"https:\/\/www.jornalja.com.br\/arquivo\/#website","url":"https:\/\/www.jornalja.com.br\/arquivo\/","name":"Arquivo","description":"Jornal J\u00c1 | Porto Alegre","inLanguage":"pt-BR","publisher":{"@id":"https:\/\/www.jornalja.com.br\/arquivo\/#organization"}}]},"og:locale":"pt_BR","og:site_name":"Arquivo | Jornal J\u00c1 | Porto Alegre","og:type":"article","og:title":"MP de Contas pede auditoria sobre os parcelamentos de sal\u00e1rios no governo Marchezan | Arquivo","og:url":"https:\/\/www.jornalja.com.br\/arquivo\/mp-de-contas-pede-que-tce-faca-auditoria-sobre-os-parcelamentos-de-marchezan\/","og:image":"https:\/\/www.jornalja.com.br\/economics\/wp-content\/uploads\/sites\/11\/2026\/08\/ja-folhaderosto-facebook.jpg","og:image:secure_url":"https:\/\/www.jornalja.com.br\/economics\/wp-content\/uploads\/sites\/11\/2026\/08\/ja-folhaderosto-facebook.jpg","article:published_time":"2017-09-26T20:31:53+00:00","article:modified_time":"2017-09-26T20:31:53+00:00","twitter:card":"summary","twitter:title":"MP de Contas pede auditoria sobre os parcelamentos de sal\u00e1rios no governo Marchezan | Arquivo","twitter:image":"https:\/\/www.jornalja.com.br\/economics\/wp-content\/uploads\/sites\/11\/2026\/08\/ja-folhaderosto-facebook.jpg"},"aioseo_meta_data":{"post_id":"55622","title":null,"description":null,"keywords":null,"keyphrases":null,"primary_term":null,"canonical_url":null,"og_title":null,"og_description":null,"og_object_type":"default","og_image_type":"default","og_image_url":null,"og_image_width":null,"og_image_height":null,"og_image_custom_url":null,"og_image_custom_fields":null,"og_video":null,"og_custom_url":null,"og_article_section":null,"og_article_tags":null,"twitter_use_og":false,"twitter_card":"default","twitter_image_type":"default","twitter_image_url":null,"twitter_image_custom_url":null,"twitter_image_custom_fields":null,"twitter_title":null,"twitter_description":null,"schema":{"blockGraphs":[],"customGraphs":[],"default":{"data":{"Article":[],"Course":[],"Dataset":[],"FAQPage":[],"Movie":[],"Person":[],"Product":[],"ProductReview":[],"Car":[],"Recipe":[],"Service":[],"SoftwareApplication":[],"WebPage":[]},"graphName":"","isEnabled":true},"graphs":[],"defaultGraph":"","defaultPostTypeGraph":""},"schema_type":null,"schema_type_options":null,"pillar_content":false,"robots_default":true,"robots_noindex":false,"robots_noarchive":false,"robots_nosnippet":false,"robots_nofollow":false,"robots_noimageindex":false,"robots_noodp":false,"robots_notranslate":false,"robots_max_snippet":null,"robots_max_videopreview":null,"robots_max_imagepreview":"large","priority":null,"frequency":null,"location":null,"local_seo":null,"breadcrumb_settings":null,"limit_modified_date":false,"ai":null,"created":"2020-12-20 20:24:05","updated":"2025-07-20 01:21:48","seo_analyzer_scan_date":null,"focus_keyword":null,"additional_keywords":null,"truseo_locale":null},"jetpack_sharing_enabled":true,"jetpack-related-posts":[{"id":13240,"url":"https:\/\/www.jornalja.com.br\/arquivo\/plano-diretor-estamos-construindo-o-caos\/","url_meta":{"origin":55622,"position":0},"title":"Plano diretor: &quot;Estamos construindo o caos&quot;","author":"Patr\u00edcia Marini","date":"26 de maio de 2014","format":false,"excerpt":"Desabafo que arquiteta Eliana Castilhos, delegada da Regi\u00e3o de Planejamento 1, postou nas redes sociais \u00e9 um testemunho do ambiente que se criou no Conselho do Plano Diretor de Porto Alegre, onde a aprova\u00e7\u00e3o de grandes empreendimentos \u00e9 empurrada guela abaixo dos conselheiros. Ao CMDUA Como delegada da Regi\u00e3o de\u2026","rel":"","context":"Em &quot;Geral&quot;","block_context":{"text":"Geral","link":"https:\/\/www.jornalja.com.br\/arquivo\/category\/geral\/"},"img":{"alt_text":"","src":"","width":0,"height":0},"classes":[]},{"id":13124,"url":"https:\/\/www.jornalja.com.br\/arquivo\/sangue-latino-no-iecine\/","url_meta":{"origin":55622,"position":1},"title":"Sangue latino no IECINE","author":"da Reda\u00e7\u00e3o","date":"18 de maio de 2014","format":false,"excerpt":"Francisco Ribeiro O Instituto Estadual de Cinema (IECINE) tem a frente, desde abril \u00faltimo, um novo diretor, o cineasta colombiano Juan Zapata, 36, que substitui Luiz Alberto Cassol. Radicado h\u00e1 dez anos em Porto Alegre, Zapata tem diante de si o desafio de conduzir at\u00e9 o final do ano um\u2026","rel":"","context":"Em &quot;Cultura-Geral&quot;","block_context":{"text":"Cultura-Geral","link":"https:\/\/www.jornalja.com.br\/arquivo\/category\/materiasecundaria\/"},"img":{"alt_text":"","src":"","width":0,"height":0},"classes":[]},{"id":1280,"url":"https:\/\/www.jornalja.com.br\/arquivo\/o-menino-que-se-tornou-brizola\/","url_meta":{"origin":55622,"position":2},"title":"O Menino que se Tornou Brizola","author":"da Reda\u00e7\u00e3o","date":"28 de julho de 2008","format":false,"excerpt":"Autor: Cleber Dioni A vida de Leonel Brizola, com \u00eanfase para os primeiros anos em Porto Alegre, at\u00e9 o ex\u00edlio no Uruguai e a volta, quinze anos depois. \u00a0\"...\u00c9ramos todos jovens e nos identific\u00e1vamos com aquela massa an\u00f4nima a percorrer as ruas de Porto Alegre, gritando 'Get\u00falio', 'Get\u00falio' e empunhando\u2026","rel":"","context":"Em &quot;Livros&quot;","block_context":{"text":"Livros","link":"https:\/\/www.jornalja.com.br\/arquivo\/category\/livros\/"},"img":{"alt_text":"","src":"https:\/\/i0.wp.com\/www.jornalja.com.br\/wp-content\/uploads\/2008\/07\/brizola.gif?resize=350%2C200&ssl=1","width":350,"height":200},"classes":[]},{"id":14241,"url":"https:\/\/www.jornalja.com.br\/arquivo\/o-guaiba-nas-imagens-poeticas-de-achutti\/","url_meta":{"origin":55622,"position":3},"title":"O Gua\u00edba nas imagens po\u00e9ticas de Achutti","author":"da Reda\u00e7\u00e3o","date":"18 de junho de 2014","format":false,"excerpt":"Em \u201cO Gua\u00edba por Achutti\u201d \u2013 obra financiada via Minist\u00e9rio da Cultura, produ\u00e7\u00e3o executiva de Pedro Longhi, e Fl\u00e1vio Wild como designer \u2013, o fot\u00f3grafo revela a beleza e as mazelas de um espa\u00e7o aqu\u00e1tico de \u00e1guas sempre renovadas, cheio de hist\u00f3rias e lendas como as das cidades que foram\u2026","rel":"","context":"Em &quot;Cultura-Geral&quot;","block_context":{"text":"Cultura-Geral","link":"https:\/\/www.jornalja.com.br\/arquivo\/category\/materiasecundaria\/"},"img":{"alt_text":"","src":"","width":0,"height":0},"classes":[]},{"id":13239,"url":"https:\/\/www.jornalja.com.br\/arquivo\/conselho-desdenha-do-plano-diretor\/","url_meta":{"origin":55622,"position":4},"title":"Porto Alegre: Conselho detona Plano Diretor","author":"Patr\u00edcia Marini","date":"25 de maio de 2014","format":false,"excerpt":"Den\u00fancia do arquiteto e \u00a0urbanista Ibir\u00e1 Santos Lucas. Ele diz que os conselheiros est\u00e3o votando com \"enorme irresponsabilidade\". \"Mudam regime com a maior naturalidade,,,regularizam absurdos de constru\u00e7\u00f5es irregulares... \"O CMDUA est\u00e1 flexibilizando a lei do plano diretor, de uma forma impactante na vida da cidade. Mudam regime com a maior\u2026","rel":"","context":"Em &quot;Geral&quot;","block_context":{"text":"Geral","link":"https:\/\/www.jornalja.com.br\/arquivo\/category\/geral\/"},"img":{"alt_text":"","src":"","width":0,"height":0},"classes":[]},{"id":5440,"url":"https:\/\/www.jornalja.com.br\/arquivo\/casarao-da-venancio-destino-permanece-incerto\/","url_meta":{"origin":55622,"position":5},"title":"Estado ainda n\u00e3o sabe o que fazer com casar\u00e3o abandonado h\u00e1 20 anos","author":"Elmar Bones","date":"6 de julho de 2009","format":false,"excerpt":"O casar\u00e3o amarelo, numa esquina nobre de Porto Alegre (Ven\u00e2ncio Aires com Jo\u00e3o Pessoa), j\u00e1 abrigou uma escola. H\u00e1 duas d\u00e9cadas, pelo menos, est\u00e1 abandonado, porque seu propriet\u00e1rio, o governo do Estado do Rio Grande do Sul, n\u00e3o consegue achar um destino para ele. Planos n\u00e3o faltaram. O governador Ol\u00edvio\u2026","rel":"","context":"Em &quot;X.Categorias velhas&quot;","block_context":{"text":"X.Categorias velhas","link":"https:\/\/www.jornalja.com.br\/arquivo\/category\/x-categorias-velhas\/"},"img":{"alt_text":"geraldo1","src":"https:\/\/i0.wp.com\/www.jornalja.com.br\/wp-content\/uploads\/2009\/07\/geraldo1.jpg?resize=350%2C200&ssl=1","width":350,"height":200},"classes":[]}],"jetpack_shortlink":"https:\/\/wp.me\/pbQjBd-et8","jetpack_featured_media_url":"","_links":{"self":[{"href":"https:\/\/www.jornalja.com.br\/arquivo\/wp-json\/wp\/v2\/posts\/55622","targetHints":{"allow":["GET"]}}],"collection":[{"href":"https:\/\/www.jornalja.com.br\/arquivo\/wp-json\/wp\/v2\/posts"}],"about":[{"href":"https:\/\/www.jornalja.com.br\/arquivo\/wp-json\/wp\/v2\/types\/post"}],"author":[{"embeddable":true,"href":"https:\/\/www.jornalja.com.br\/arquivo\/wp-json\/wp\/v2\/users\/4"}],"replies":[{"embeddable":true,"href":"https:\/\/www.jornalja.com.br\/arquivo\/wp-json\/wp\/v2\/comments?post=55622"}],"version-history":[{"count":0,"href":"https:\/\/www.jornalja.com.br\/arquivo\/wp-json\/wp\/v2\/posts\/55622\/revisions"}],"wp:attachment":[{"href":"https:\/\/www.jornalja.com.br\/arquivo\/wp-json\/wp\/v2\/media?parent=55622"}],"wp:term":[{"taxonomy":"category","embeddable":true,"href":"https:\/\/www.jornalja.com.br\/arquivo\/wp-json\/wp\/v2\/categories?post=55622"},{"taxonomy":"post_tag","embeddable":true,"href":"https:\/\/www.jornalja.com.br\/arquivo\/wp-json\/wp\/v2\/tags?post=55622"}],"curies":[{"name":"wp","href":"https:\/\/api.w.org\/{rel}","templated":true}]}}