{"id":55649,"date":"2017-09-26T23:39:14","date_gmt":"2017-09-27T02:39:14","guid":{"rendered":"https:\/\/www.jornalja.com.br\/?p=55649"},"modified":"2017-09-26T23:39:14","modified_gmt":"2017-09-27T02:39:14","slug":"estudos-para-ppp-da-iluminacao-publica-em-porto-alegre-serao-concluidos-em-seis-meses","status":"publish","type":"post","link":"https:\/\/www.jornalja.com.br\/arquivo\/estudos-para-ppp-da-iluminacao-publica-em-porto-alegre-serao-concluidos-em-seis-meses\/","title":{"rendered":"Estudos para PPP da ilumina\u00e7\u00e3o p\u00fablica em Porto Alegre ser\u00e3o conclu\u00eddos em seis meses"},"content":{"rendered":"<p>Uma equipe t\u00e9cnica do Banco Nacional de Desenvolvimento Econ\u00f4mico e Social (BNDES) come\u00e7ou nesta ter\u00e7a-feira, 26\/09, um estudo para estrutura\u00e7\u00e3o, implementa\u00e7\u00e3o e gest\u00e3o do parque de ilumina\u00e7\u00e3o p\u00fablica de Porto Alegre, primeira Parceria P\u00fablico-Privada (PPP) a ser concretizada na cidade.<br \/>\nAs secretarias municipais de Parcerias Estrat\u00e9gicas, de Servi\u00e7os Urbanos, por meio da Divis\u00e3o de Ilumina\u00e7\u00e3o P\u00fablica, de Cultura, da Fazenda e do Meio Ambiente e da Sustentabilidade ter\u00e3o um calend\u00e1rio de reuni\u00f5es com o BNDES, que criou um plano de trabalho, j\u00e1 validado pela prefeitura, prevendo de 5 a 6 meses para a estrutura\u00e7\u00e3o do projeto.<br \/>\nAl\u00e9m da introdu\u00e7\u00e3o da equipe t\u00e9cnica, ser\u00e1 feito um alinhamento das premissas gerais utilizadas pelo BNDES na modelagem de projetos e o aprofundamento de alguns aspectos t\u00e9cnicos, jur\u00eddicos e financeiros que ser\u00e3o necess\u00e1rios para o in\u00edcio desta primeira etapa do processo.<br \/>\nPara o secret\u00e1rio de Parcerias Estrat\u00e9gicas Bruno Vanuzzi, esta etapa \u00e9 de grande import\u00e2ncia para que a modelagem da Parceria P\u00fablico-Privada seja o mais precisa poss\u00edvel e de acordo com o que a sociedade quer e necessita. \u201cEstamos muito satisfeitos com o andamento da PPP capitaneada pelo BNDES. Esse projeto tem o potencial de oferecer uma cidade muito mais iluminada em curto espa\u00e7o de tempo\u201d, disse o secret\u00e1rio de Servi\u00e7os Urbanos, Ramiro Ros\u00e1rio.<br \/>\nO cons\u00f3rcio vencedor do preg\u00e3o eletr\u00f4nico realizado pelo BNDES \u00e9 formado pelas sociedades Houer Consultoria e Concess\u00f5es, RSI Engenharia Ltda. EPP, Maciel Rocha Sociedade de Advogados e Albino Sociedade de Advogados.<br \/>\nPara a prefeitura, o resultado do projeto permitir\u00e1 que a rede de ilumina\u00e7\u00e3o p\u00fablica de Porto Alegre seja modernizada no prazo de 2 a 3 anos. A promessa \u00e9 a troca de todos os seus 104 mil pontos de lumin\u00e1rias e a amplia\u00e7\u00e3o do servi\u00e7o onde for necess\u00e1rio, com a instala\u00e7\u00e3o de l\u00e2mpadas LED e a aplica\u00e7\u00e3o de novas tecnologias que permitir\u00e3o mais luz com menor gasto de energia e gest\u00e3o inteligente da rede.<br \/>\nA PPP de ilumina\u00e7\u00e3o p\u00fablica \u00e9 a primeira a ser feita em Porto Alegre.<br \/>\n&nbsp;<\/p>\n","protected":false},"excerpt":{"rendered":"<p>Uma equipe t\u00e9cnica do Banco Nacional de Desenvolvimento Econ\u00f4mico e Social (BNDES) come\u00e7ou nesta ter\u00e7a-feira, 26\/09, um estudo para estrutura\u00e7\u00e3o, implementa\u00e7\u00e3o e gest\u00e3o do parque de ilumina\u00e7\u00e3o p\u00fablica de Porto Alegre, primeira Parceria P\u00fablico-Privada (PPP) a ser concretizada na cidade. As secretarias municipais de Parcerias Estrat\u00e9gicas, de Servi\u00e7os Urbanos, por meio da Divis\u00e3o de Ilumina\u00e7\u00e3o [&hellip;]<\/p>\n","protected":false},"author":4,"featured_media":55650,"comment_status":"open","ping_status":"closed","sticky":false,"template":"","format":"standard","meta":{"_jetpack_newsletter_access":"","_jetpack_dont_email_post_to_subs":false,"_jetpack_newsletter_tier_id":0,"_jetpack_memberships_contains_paywalled_content":false,"_jetpack_feature_clip_id":0,"_jetpack_memberships_contains_paid_content":false,"footnotes":"","jetpack_post_was_ever_published":false},"categories":[26],"tags":[],"class_list":["post-55649","post","type-post","status-publish","format-standard","has-post-thumbnail","hentry","category-geral"],"aioseo_notices":[],"aioseo_head":"\n\t\t<!-- All in One SEO 5.0.1.1 - aioseo.com -->\n\t<meta name=\"robots\" content=\"max-image-preview:large\" \/>\n\t<meta name=\"author\" content=\"da Reda\u00e7\u00e3o\"\/>\n\t<link rel=\"canonical\" href=\"https:\/\/www.jornalja.com.br\/arquivo\/estudos-para-ppp-da-iluminacao-publica-em-porto-alegre-serao-concluidos-em-seis-meses\/\" \/>\n\t<meta name=\"generator\" content=\"All in One SEO (AIOSEO) 5.0.1.1\" \/>\n\t\t<meta property=\"og:locale\" content=\"pt_BR\" \/>\n\t\t<meta property=\"og:site_name\" content=\"Arquivo | Jornal J\u00c1 | Porto Alegre\" \/>\n\t\t<meta property=\"og:type\" content=\"article\" \/>\n\t\t<meta property=\"og:title\" content=\"Estudos para PPP da ilumina\u00e7\u00e3o p\u00fablica em Porto Alegre ser\u00e3o conclu\u00eddos em seis meses | Arquivo\" \/>\n\t\t<meta property=\"og:url\" content=\"https:\/\/www.jornalja.com.br\/arquivo\/estudos-para-ppp-da-iluminacao-publica-em-porto-alegre-serao-concluidos-em-seis-meses\/\" \/>\n\t\t<meta property=\"og:image\" content=\"https:\/\/www.jornalja.com.br\/economics\/wp-content\/uploads\/sites\/11\/2026\/08\/ja-folhaderosto-facebook.jpg\" \/>\n\t\t<meta property=\"og:image:secure_url\" content=\"https:\/\/www.jornalja.com.br\/economics\/wp-content\/uploads\/sites\/11\/2026\/08\/ja-folhaderosto-facebook.jpg\" \/>\n\t\t<meta property=\"article:published_time\" content=\"2017-09-27T02:39:14+00:00\" \/>\n\t\t<meta property=\"article:modified_time\" content=\"2017-09-27T02:39:14+00:00\" \/>\n\t\t<meta name=\"twitter:card\" content=\"summary\" \/>\n\t\t<meta name=\"twitter:title\" content=\"Estudos para PPP da ilumina\u00e7\u00e3o p\u00fablica em Porto Alegre ser\u00e3o conclu\u00eddos em seis meses | Arquivo\" \/>\n\t\t<meta name=\"twitter:image\" content=\"https:\/\/www.jornalja.com.br\/economics\/wp-content\/uploads\/sites\/11\/2026\/08\/ja-folhaderosto-facebook.jpg\" \/>\n\t\t<script type=\"application\/ld+json\" class=\"aioseo-schema\">\n\t\t\t{\"@context\":\"https:\\\/\\\/schema.org\",\"@graph\":[{\"@type\":\"BlogPosting\",\"@id\":\"https:\\\/\\\/www.jornalja.com.br\\\/arquivo\\\/estudos-para-ppp-da-iluminacao-publica-em-porto-alegre-serao-concluidos-em-seis-meses\\\/#blogposting\",\"name\":\"Estudos para PPP da ilumina\\u00e7\\u00e3o p\\u00fablica em Porto Alegre ser\\u00e3o conclu\\u00eddos em seis meses | Arquivo\",\"headline\":\"Estudos para PPP da ilumina\\u00e7\\u00e3o p\\u00fablica em Porto Alegre ser\\u00e3o conclu\\u00eddos em seis meses\",\"author\":{\"@id\":\"https:\\\/\\\/www.jornalja.com.br\\\/arquivo\\\/author\\\/daredacao\\\/#author\"},\"publisher\":{\"@id\":\"https:\\\/\\\/www.jornalja.com.br\\\/arquivo\\\/#organization\"},\"image\":{\"@type\":\"ImageObject\",\"url\":55650},\"datePublished\":\"2017-09-26T23:39:14-03:00\",\"dateModified\":\"2017-09-26T23:39:14-03:00\",\"inLanguage\":\"pt-BR\",\"mainEntityOfPage\":{\"@id\":\"https:\\\/\\\/www.jornalja.com.br\\\/arquivo\\\/estudos-para-ppp-da-iluminacao-publica-em-porto-alegre-serao-concluidos-em-seis-meses\\\/#webpage\"},\"isPartOf\":{\"@id\":\"https:\\\/\\\/www.jornalja.com.br\\\/arquivo\\\/estudos-para-ppp-da-iluminacao-publica-em-porto-alegre-serao-concluidos-em-seis-meses\\\/#webpage\"},\"articleSection\":\"Geral\"},{\"@type\":\"BreadcrumbList\",\"@id\":\"https:\\\/\\\/www.jornalja.com.br\\\/arquivo\\\/estudos-para-ppp-da-iluminacao-publica-em-porto-alegre-serao-concluidos-em-seis-meses\\\/#breadcrumblist\",\"itemListElement\":[{\"@type\":\"ListItem\",\"@id\":\"https:\\\/\\\/www.jornalja.com.br\\\/arquivo#listItem\",\"position\":1,\"name\":\"Home\",\"item\":\"https:\\\/\\\/www.jornalja.com.br\\\/arquivo\",\"nextItem\":{\"@type\":\"ListItem\",\"@id\":\"https:\\\/\\\/www.jornalja.com.br\\\/arquivo\\\/category\\\/geral\\\/#listItem\",\"name\":\"Geral\"}},{\"@type\":\"ListItem\",\"@id\":\"https:\\\/\\\/www.jornalja.com.br\\\/arquivo\\\/category\\\/geral\\\/#listItem\",\"position\":2,\"name\":\"Geral\",\"item\":\"https:\\\/\\\/www.jornalja.com.br\\\/arquivo\\\/category\\\/geral\\\/\",\"nextItem\":{\"@type\":\"ListItem\",\"@id\":\"https:\\\/\\\/www.jornalja.com.br\\\/arquivo\\\/estudos-para-ppp-da-iluminacao-publica-em-porto-alegre-serao-concluidos-em-seis-meses\\\/#listItem\",\"name\":\"Estudos para PPP da ilumina\\u00e7\\u00e3o p\\u00fablica em Porto Alegre ser\\u00e3o conclu\\u00eddos em seis meses\"},\"previousItem\":{\"@type\":\"ListItem\",\"@id\":\"https:\\\/\\\/www.jornalja.com.br\\\/arquivo#listItem\",\"name\":\"Home\"}},{\"@type\":\"ListItem\",\"@id\":\"https:\\\/\\\/www.jornalja.com.br\\\/arquivo\\\/estudos-para-ppp-da-iluminacao-publica-em-porto-alegre-serao-concluidos-em-seis-meses\\\/#listItem\",\"position\":3,\"name\":\"Estudos para PPP da ilumina\\u00e7\\u00e3o p\\u00fablica em Porto Alegre ser\\u00e3o conclu\\u00eddos em seis meses\",\"previousItem\":{\"@type\":\"ListItem\",\"@id\":\"https:\\\/\\\/www.jornalja.com.br\\\/arquivo\\\/category\\\/geral\\\/#listItem\",\"name\":\"Geral\"}}]},{\"@type\":\"Organization\",\"@id\":\"https:\\\/\\\/www.jornalja.com.br\\\/arquivo\\\/#organization\",\"name\":\"Jornal J\\u00c1\",\"description\":\"Jornal J\\u00c1 | Porto Alegre\",\"url\":\"https:\\\/\\\/www.jornalja.com.br\\\/arquivo\\\/\",\"telephone\":\"+555133307272\",\"logo\":{\"@type\":\"ImageObject\",\"url\":\"https:\\\/\\\/www.jornalja.com.br\\\/wp-content\\\/uploads\\\/cards\\\/JAslogan.png\",\"@id\":\"https:\\\/\\\/www.jornalja.com.br\\\/arquivo\\\/estudos-para-ppp-da-iluminacao-publica-em-porto-alegre-serao-concluidos-em-seis-meses\\\/#organizationLogo\"},\"image\":{\"@id\":\"https:\\\/\\\/www.jornalja.com.br\\\/arquivo\\\/estudos-para-ppp-da-iluminacao-publica-em-porto-alegre-serao-concluidos-em-seis-meses\\\/#organizationLogo\"}},{\"@type\":\"Person\",\"@id\":\"https:\\\/\\\/www.jornalja.com.br\\\/arquivo\\\/author\\\/daredacao\\\/#author\",\"url\":\"https:\\\/\\\/www.jornalja.com.br\\\/arquivo\\\/author\\\/daredacao\\\/\",\"name\":\"da Reda\\u00e7\\u00e3o\",\"image\":{\"@type\":\"ImageObject\",\"@id\":\"https:\\\/\\\/www.jornalja.com.br\\\/arquivo\\\/estudos-para-ppp-da-iluminacao-publica-em-porto-alegre-serao-concluidos-em-seis-meses\\\/#authorImage\",\"url\":\"https:\\\/\\\/secure.gravatar.com\\\/avatar\\\/469fd857d6605ad19919d27ed29d35a968a25f6e8fd9318356bbb7f57aae9c65?s=96&d=mm&r=g\",\"width\":96,\"height\":96,\"caption\":\"da Reda\\u00e7\\u00e3o\"}},{\"@type\":\"WebPage\",\"@id\":\"https:\\\/\\\/www.jornalja.com.br\\\/arquivo\\\/estudos-para-ppp-da-iluminacao-publica-em-porto-alegre-serao-concluidos-em-seis-meses\\\/#webpage\",\"url\":\"https:\\\/\\\/www.jornalja.com.br\\\/arquivo\\\/estudos-para-ppp-da-iluminacao-publica-em-porto-alegre-serao-concluidos-em-seis-meses\\\/\",\"name\":\"Estudos para PPP da ilumina\\u00e7\\u00e3o p\\u00fablica em Porto Alegre ser\\u00e3o conclu\\u00eddos em seis meses | Arquivo\",\"inLanguage\":\"pt-BR\",\"isPartOf\":{\"@id\":\"https:\\\/\\\/www.jornalja.com.br\\\/arquivo\\\/#website\"},\"breadcrumb\":{\"@id\":\"https:\\\/\\\/www.jornalja.com.br\\\/arquivo\\\/estudos-para-ppp-da-iluminacao-publica-em-porto-alegre-serao-concluidos-em-seis-meses\\\/#breadcrumblist\"},\"author\":{\"@id\":\"https:\\\/\\\/www.jornalja.com.br\\\/arquivo\\\/author\\\/daredacao\\\/#author\"},\"creator\":{\"@id\":\"https:\\\/\\\/www.jornalja.com.br\\\/arquivo\\\/author\\\/daredacao\\\/#author\"},\"image\":{\"@type\":\"ImageObject\",\"url\":55650,\"@id\":\"https:\\\/\\\/www.jornalja.com.br\\\/arquivo\\\/estudos-para-ppp-da-iluminacao-publica-em-porto-alegre-serao-concluidos-em-seis-meses\\\/#mainImage\"},\"primaryImageOfPage\":{\"@id\":\"https:\\\/\\\/www.jornalja.com.br\\\/arquivo\\\/estudos-para-ppp-da-iluminacao-publica-em-porto-alegre-serao-concluidos-em-seis-meses\\\/#mainImage\"},\"datePublished\":\"2017-09-26T23:39:14-03:00\",\"dateModified\":\"2017-09-26T23:39:14-03:00\"},{\"@type\":\"WebSite\",\"@id\":\"https:\\\/\\\/www.jornalja.com.br\\\/arquivo\\\/#website\",\"url\":\"https:\\\/\\\/www.jornalja.com.br\\\/arquivo\\\/\",\"name\":\"Arquivo\",\"description\":\"Jornal J\\u00c1 | Porto Alegre\",\"inLanguage\":\"pt-BR\",\"publisher\":{\"@id\":\"https:\\\/\\\/www.jornalja.com.br\\\/arquivo\\\/#organization\"}}]}\n\t\t<\/script>\n\t\t<!-- All in One SEO -->\n\n","aioseo_head_json":{"title":"Estudos para PPP da ilumina\u00e7\u00e3o p\u00fablica em Porto Alegre ser\u00e3o conclu\u00eddos em seis meses | Arquivo","description":"","canonical_url":"https:\/\/www.jornalja.com.br\/arquivo\/estudos-para-ppp-da-iluminacao-publica-em-porto-alegre-serao-concluidos-em-seis-meses\/","robots":"max-image-preview:large","keywords":"","webmasterTools":{"miscellaneous":""},"schema":{"@context":"https:\/\/schema.org","@graph":[{"@type":"BlogPosting","@id":"https:\/\/www.jornalja.com.br\/arquivo\/estudos-para-ppp-da-iluminacao-publica-em-porto-alegre-serao-concluidos-em-seis-meses\/#blogposting","name":"Estudos para PPP da ilumina\u00e7\u00e3o p\u00fablica em Porto Alegre ser\u00e3o conclu\u00eddos em seis meses | Arquivo","headline":"Estudos para PPP da ilumina\u00e7\u00e3o p\u00fablica em Porto Alegre ser\u00e3o conclu\u00eddos em seis meses","author":{"@id":"https:\/\/www.jornalja.com.br\/arquivo\/author\/daredacao\/#author"},"publisher":{"@id":"https:\/\/www.jornalja.com.br\/arquivo\/#organization"},"image":{"@type":"ImageObject","url":55650},"datePublished":"2017-09-26T23:39:14-03:00","dateModified":"2017-09-26T23:39:14-03:00","inLanguage":"pt-BR","mainEntityOfPage":{"@id":"https:\/\/www.jornalja.com.br\/arquivo\/estudos-para-ppp-da-iluminacao-publica-em-porto-alegre-serao-concluidos-em-seis-meses\/#webpage"},"isPartOf":{"@id":"https:\/\/www.jornalja.com.br\/arquivo\/estudos-para-ppp-da-iluminacao-publica-em-porto-alegre-serao-concluidos-em-seis-meses\/#webpage"},"articleSection":"Geral"},{"@type":"BreadcrumbList","@id":"https:\/\/www.jornalja.com.br\/arquivo\/estudos-para-ppp-da-iluminacao-publica-em-porto-alegre-serao-concluidos-em-seis-meses\/#breadcrumblist","itemListElement":[{"@type":"ListItem","@id":"https:\/\/www.jornalja.com.br\/arquivo#listItem","position":1,"name":"Home","item":"https:\/\/www.jornalja.com.br\/arquivo","nextItem":{"@type":"ListItem","@id":"https:\/\/www.jornalja.com.br\/arquivo\/category\/geral\/#listItem","name":"Geral"}},{"@type":"ListItem","@id":"https:\/\/www.jornalja.com.br\/arquivo\/category\/geral\/#listItem","position":2,"name":"Geral","item":"https:\/\/www.jornalja.com.br\/arquivo\/category\/geral\/","nextItem":{"@type":"ListItem","@id":"https:\/\/www.jornalja.com.br\/arquivo\/estudos-para-ppp-da-iluminacao-publica-em-porto-alegre-serao-concluidos-em-seis-meses\/#listItem","name":"Estudos para PPP da ilumina\u00e7\u00e3o p\u00fablica em Porto Alegre ser\u00e3o conclu\u00eddos em seis meses"},"previousItem":{"@type":"ListItem","@id":"https:\/\/www.jornalja.com.br\/arquivo#listItem","name":"Home"}},{"@type":"ListItem","@id":"https:\/\/www.jornalja.com.br\/arquivo\/estudos-para-ppp-da-iluminacao-publica-em-porto-alegre-serao-concluidos-em-seis-meses\/#listItem","position":3,"name":"Estudos para PPP da ilumina\u00e7\u00e3o p\u00fablica em Porto Alegre ser\u00e3o conclu\u00eddos em seis meses","previousItem":{"@type":"ListItem","@id":"https:\/\/www.jornalja.com.br\/arquivo\/category\/geral\/#listItem","name":"Geral"}}]},{"@type":"Organization","@id":"https:\/\/www.jornalja.com.br\/arquivo\/#organization","name":"Jornal J\u00c1","description":"Jornal J\u00c1 | Porto Alegre","url":"https:\/\/www.jornalja.com.br\/arquivo\/","telephone":"+555133307272","logo":{"@type":"ImageObject","url":"https:\/\/www.jornalja.com.br\/wp-content\/uploads\/cards\/JAslogan.png","@id":"https:\/\/www.jornalja.com.br\/arquivo\/estudos-para-ppp-da-iluminacao-publica-em-porto-alegre-serao-concluidos-em-seis-meses\/#organizationLogo"},"image":{"@id":"https:\/\/www.jornalja.com.br\/arquivo\/estudos-para-ppp-da-iluminacao-publica-em-porto-alegre-serao-concluidos-em-seis-meses\/#organizationLogo"}},{"@type":"Person","@id":"https:\/\/www.jornalja.com.br\/arquivo\/author\/daredacao\/#author","url":"https:\/\/www.jornalja.com.br\/arquivo\/author\/daredacao\/","name":"da Reda\u00e7\u00e3o","image":{"@type":"ImageObject","@id":"https:\/\/www.jornalja.com.br\/arquivo\/estudos-para-ppp-da-iluminacao-publica-em-porto-alegre-serao-concluidos-em-seis-meses\/#authorImage","url":"https:\/\/secure.gravatar.com\/avatar\/469fd857d6605ad19919d27ed29d35a968a25f6e8fd9318356bbb7f57aae9c65?s=96&d=mm&r=g","width":96,"height":96,"caption":"da Reda\u00e7\u00e3o"}},{"@type":"WebPage","@id":"https:\/\/www.jornalja.com.br\/arquivo\/estudos-para-ppp-da-iluminacao-publica-em-porto-alegre-serao-concluidos-em-seis-meses\/#webpage","url":"https:\/\/www.jornalja.com.br\/arquivo\/estudos-para-ppp-da-iluminacao-publica-em-porto-alegre-serao-concluidos-em-seis-meses\/","name":"Estudos para PPP da ilumina\u00e7\u00e3o p\u00fablica em Porto Alegre ser\u00e3o conclu\u00eddos em seis meses | Arquivo","inLanguage":"pt-BR","isPartOf":{"@id":"https:\/\/www.jornalja.com.br\/arquivo\/#website"},"breadcrumb":{"@id":"https:\/\/www.jornalja.com.br\/arquivo\/estudos-para-ppp-da-iluminacao-publica-em-porto-alegre-serao-concluidos-em-seis-meses\/#breadcrumblist"},"author":{"@id":"https:\/\/www.jornalja.com.br\/arquivo\/author\/daredacao\/#author"},"creator":{"@id":"https:\/\/www.jornalja.com.br\/arquivo\/author\/daredacao\/#author"},"image":{"@type":"ImageObject","url":55650,"@id":"https:\/\/www.jornalja.com.br\/arquivo\/estudos-para-ppp-da-iluminacao-publica-em-porto-alegre-serao-concluidos-em-seis-meses\/#mainImage"},"primaryImageOfPage":{"@id":"https:\/\/www.jornalja.com.br\/arquivo\/estudos-para-ppp-da-iluminacao-publica-em-porto-alegre-serao-concluidos-em-seis-meses\/#mainImage"},"datePublished":"2017-09-26T23:39:14-03:00","dateModified":"2017-09-26T23:39:14-03:00"},{"@type":"WebSite","@id":"https:\/\/www.jornalja.com.br\/arquivo\/#website","url":"https:\/\/www.jornalja.com.br\/arquivo\/","name":"Arquivo","description":"Jornal J\u00c1 | Porto Alegre","inLanguage":"pt-BR","publisher":{"@id":"https:\/\/www.jornalja.com.br\/arquivo\/#organization"}}]},"og:locale":"pt_BR","og:site_name":"Arquivo | Jornal J\u00c1 | Porto Alegre","og:type":"article","og:title":"Estudos para PPP da ilumina\u00e7\u00e3o p\u00fablica em Porto Alegre ser\u00e3o conclu\u00eddos em seis meses | Arquivo","og:url":"https:\/\/www.jornalja.com.br\/arquivo\/estudos-para-ppp-da-iluminacao-publica-em-porto-alegre-serao-concluidos-em-seis-meses\/","og:image":"https:\/\/www.jornalja.com.br\/economics\/wp-content\/uploads\/sites\/11\/2026\/08\/ja-folhaderosto-facebook.jpg","og:image:secure_url":"https:\/\/www.jornalja.com.br\/economics\/wp-content\/uploads\/sites\/11\/2026\/08\/ja-folhaderosto-facebook.jpg","article:published_time":"2017-09-27T02:39:14+00:00","article:modified_time":"2017-09-27T02:39:14+00:00","twitter:card":"summary","twitter:title":"Estudos para PPP da ilumina\u00e7\u00e3o p\u00fablica em Porto Alegre ser\u00e3o conclu\u00eddos em seis meses | Arquivo","twitter:image":"https:\/\/www.jornalja.com.br\/economics\/wp-content\/uploads\/sites\/11\/2026\/08\/ja-folhaderosto-facebook.jpg"},"aioseo_meta_data":{"post_id":"55649","title":null,"description":null,"keywords":null,"keyphrases":null,"primary_term":null,"canonical_url":null,"og_title":null,"og_description":null,"og_object_type":"default","og_image_type":"default","og_image_url":null,"og_image_width":null,"og_image_height":null,"og_image_custom_url":null,"og_image_custom_fields":null,"og_video":null,"og_custom_url":null,"og_article_section":null,"og_article_tags":null,"twitter_use_og":false,"twitter_card":"default","twitter_image_type":"default","twitter_image_url":null,"twitter_image_custom_url":null,"twitter_image_custom_fields":null,"twitter_title":null,"twitter_description":null,"schema":{"blockGraphs":[],"customGraphs":[],"default":{"data":{"Article":[],"Course":[],"Dataset":[],"FAQPage":[],"Movie":[],"Person":[],"Product":[],"ProductReview":[],"Car":[],"Recipe":[],"Service":[],"SoftwareApplication":[],"WebPage":[]},"graphName":"","isEnabled":true},"graphs":[]},"schema_type":null,"schema_type_options":null,"pillar_content":false,"robots_default":true,"robots_noindex":false,"robots_noarchive":false,"robots_nosnippet":false,"robots_nofollow":false,"robots_noimageindex":false,"robots_noodp":false,"robots_notranslate":false,"robots_max_snippet":null,"robots_max_videopreview":null,"robots_max_imagepreview":"large","priority":null,"frequency":null,"location":null,"local_seo":null,"breadcrumb_settings":null,"limit_modified_date":false,"ai":null,"created":"2020-12-20 20:24:05","updated":"2025-07-20 01:21:48","seo_analyzer_scan_date":null,"focus_keyword":null,"additional_keywords":null,"truseo_locale":null},"jetpack_sharing_enabled":true,"jetpack-related-posts":[{"id":14241,"url":"https:\/\/www.jornalja.com.br\/arquivo\/o-guaiba-nas-imagens-poeticas-de-achutti\/","url_meta":{"origin":55649,"position":0},"title":"O Gua\u00edba nas imagens po\u00e9ticas de Achutti","author":"da Reda\u00e7\u00e3o","date":"18 de junho de 2014","format":false,"excerpt":"Em \u201cO Gua\u00edba por Achutti\u201d \u2013 obra financiada via Minist\u00e9rio da Cultura, produ\u00e7\u00e3o executiva de Pedro Longhi, e Fl\u00e1vio Wild como designer \u2013, o fot\u00f3grafo revela a beleza e as mazelas de um espa\u00e7o aqu\u00e1tico de \u00e1guas sempre renovadas, cheio de hist\u00f3rias e lendas como as das cidades que foram\u2026","rel":"","context":"Em &quot;Cultura-Geral&quot;","block_context":{"text":"Cultura-Geral","link":"https:\/\/www.jornalja.com.br\/arquivo\/category\/materiasecundaria\/"},"img":{"alt_text":"","src":"","width":0,"height":0},"classes":[]},{"id":13240,"url":"https:\/\/www.jornalja.com.br\/arquivo\/plano-diretor-estamos-construindo-o-caos\/","url_meta":{"origin":55649,"position":1},"title":"Plano diretor: &quot;Estamos construindo o caos&quot;","author":"Patr\u00edcia Marini","date":"26 de maio de 2014","format":false,"excerpt":"Desabafo que arquiteta Eliana Castilhos, delegada da Regi\u00e3o de Planejamento 1, postou nas redes sociais \u00e9 um testemunho do ambiente que se criou no Conselho do Plano Diretor de Porto Alegre, onde a aprova\u00e7\u00e3o de grandes empreendimentos \u00e9 empurrada guela abaixo dos conselheiros. Ao CMDUA Como delegada da Regi\u00e3o de\u2026","rel":"","context":"Em &quot;Geral&quot;","block_context":{"text":"Geral","link":"https:\/\/www.jornalja.com.br\/arquivo\/category\/geral\/"},"img":{"alt_text":"","src":"","width":0,"height":0},"classes":[]},{"id":13124,"url":"https:\/\/www.jornalja.com.br\/arquivo\/sangue-latino-no-iecine\/","url_meta":{"origin":55649,"position":2},"title":"Sangue latino no IECINE","author":"da Reda\u00e7\u00e3o","date":"18 de maio de 2014","format":false,"excerpt":"Francisco Ribeiro O Instituto Estadual de Cinema (IECINE) tem a frente, desde abril \u00faltimo, um novo diretor, o cineasta colombiano Juan Zapata, 36, que substitui Luiz Alberto Cassol. Radicado h\u00e1 dez anos em Porto Alegre, Zapata tem diante de si o desafio de conduzir at\u00e9 o final do ano um\u2026","rel":"","context":"Em &quot;Cultura-Geral&quot;","block_context":{"text":"Cultura-Geral","link":"https:\/\/www.jornalja.com.br\/arquivo\/category\/materiasecundaria\/"},"img":{"alt_text":"","src":"","width":0,"height":0},"classes":[]},{"id":1280,"url":"https:\/\/www.jornalja.com.br\/arquivo\/o-menino-que-se-tornou-brizola\/","url_meta":{"origin":55649,"position":3},"title":"O Menino que se Tornou Brizola","author":"da Reda\u00e7\u00e3o","date":"28 de julho de 2008","format":false,"excerpt":"Autor: Cleber Dioni A vida de Leonel Brizola, com \u00eanfase para os primeiros anos em Porto Alegre, at\u00e9 o ex\u00edlio no Uruguai e a volta, quinze anos depois. \u00a0\"...\u00c9ramos todos jovens e nos identific\u00e1vamos com aquela massa an\u00f4nima a percorrer as ruas de Porto Alegre, gritando 'Get\u00falio', 'Get\u00falio' e empunhando\u2026","rel":"","context":"Em &quot;Livros&quot;","block_context":{"text":"Livros","link":"https:\/\/www.jornalja.com.br\/arquivo\/category\/livros\/"},"img":{"alt_text":"","src":"https:\/\/i0.wp.com\/www.jornalja.com.br\/wp-content\/uploads\/2008\/07\/brizola.gif?resize=350%2C200&ssl=1","width":350,"height":200},"classes":[]},{"id":5440,"url":"https:\/\/www.jornalja.com.br\/arquivo\/casarao-da-venancio-destino-permanece-incerto\/","url_meta":{"origin":55649,"position":4},"title":"Estado ainda n\u00e3o sabe o que fazer com casar\u00e3o abandonado h\u00e1 20 anos","author":"Elmar Bones","date":"6 de julho de 2009","format":false,"excerpt":"O casar\u00e3o amarelo, numa esquina nobre de Porto Alegre (Ven\u00e2ncio Aires com Jo\u00e3o Pessoa), j\u00e1 abrigou uma escola. H\u00e1 duas d\u00e9cadas, pelo menos, est\u00e1 abandonado, porque seu propriet\u00e1rio, o governo do Estado do Rio Grande do Sul, n\u00e3o consegue achar um destino para ele. Planos n\u00e3o faltaram. O governador Ol\u00edvio\u2026","rel":"","context":"Em &quot;X.Categorias velhas&quot;","block_context":{"text":"X.Categorias velhas","link":"https:\/\/www.jornalja.com.br\/arquivo\/category\/x-categorias-velhas\/"},"img":{"alt_text":"geraldo1","src":"https:\/\/i0.wp.com\/www.jornalja.com.br\/wp-content\/uploads\/2009\/07\/geraldo1.jpg?resize=350%2C200&ssl=1","width":350,"height":200},"classes":[]},{"id":12960,"url":"https:\/\/www.jornalja.com.br\/arquivo\/populacao-culpa-empresas-pela-greve-dos-rodoviarios\/","url_meta":{"origin":55649,"position":5},"title":"Popula\u00e7\u00e3o culpa empresas pela greve","author":"Patr\u00edcia Marini","date":"14 de fevereiro de 2014","format":false,"excerpt":"Pesquisa divulgada na edi\u00e7\u00e3o do jornal Metro desta sexta-feira,14, comprova o velho ditado: \u00e9 poss\u00edvel enganar muitos por algum tempo, mas n\u00e3o \u00e9 poss\u00edvel enganar a todos o tempo inteiro. A principal revela\u00e7\u00e3o foi que 59,8% dos entrevistados apontaram as empresas como as principais respons\u00e1veis pela grave e 46% culparam\u2026","rel":"","context":"Em &quot;X.Categorias velhas&quot;","block_context":{"text":"X.Categorias velhas","link":"https:\/\/www.jornalja.com.br\/arquivo\/category\/x-categorias-velhas\/"},"img":{"alt_text":"","src":"","width":0,"height":0},"classes":[]}],"jetpack_shortlink":"https:\/\/wp.me\/pbQjBd-etz","jetpack_featured_media_url":"","_links":{"self":[{"href":"https:\/\/www.jornalja.com.br\/arquivo\/wp-json\/wp\/v2\/posts\/55649","targetHints":{"allow":["GET"]}}],"collection":[{"href":"https:\/\/www.jornalja.com.br\/arquivo\/wp-json\/wp\/v2\/posts"}],"about":[{"href":"https:\/\/www.jornalja.com.br\/arquivo\/wp-json\/wp\/v2\/types\/post"}],"author":[{"embeddable":true,"href":"https:\/\/www.jornalja.com.br\/arquivo\/wp-json\/wp\/v2\/users\/4"}],"replies":[{"embeddable":true,"href":"https:\/\/www.jornalja.com.br\/arquivo\/wp-json\/wp\/v2\/comments?post=55649"}],"version-history":[{"count":0,"href":"https:\/\/www.jornalja.com.br\/arquivo\/wp-json\/wp\/v2\/posts\/55649\/revisions"}],"wp:attachment":[{"href":"https:\/\/www.jornalja.com.br\/arquivo\/wp-json\/wp\/v2\/media?parent=55649"}],"wp:term":[{"taxonomy":"category","embeddable":true,"href":"https:\/\/www.jornalja.com.br\/arquivo\/wp-json\/wp\/v2\/categories?post=55649"},{"taxonomy":"post_tag","embeddable":true,"href":"https:\/\/www.jornalja.com.br\/arquivo\/wp-json\/wp\/v2\/tags?post=55649"}],"curies":[{"name":"wp","href":"https:\/\/api.w.org\/{rel}","templated":true}]}}