{"id":55652,"date":"2017-09-27T10:40:14","date_gmt":"2017-09-27T13:40:14","guid":{"rendered":"https:\/\/www.jornalja.com.br\/?p=55652"},"modified":"2017-09-27T10:40:14","modified_gmt":"2017-09-27T13:40:14","slug":"cidade-baixa-nem-moradores-nem-comerciantes-querem-fechamento-de-bares-mais-cedo","status":"publish","type":"post","link":"https:\/\/www.jornalja.com.br\/arquivo\/cidade-baixa-nem-moradores-nem-comerciantes-querem-fechamento-de-bares-mais-cedo\/","title":{"rendered":"Cidade Baixa: nem moradores, nem comerciantes querem fechamento de bares mais cedo"},"content":{"rendered":"<p>A C\u00e2mara de Vereadores de Porto Alegre sediou na noite desta ter\u00e7a-feira, 26\/09,\u00a0 mais um debate sobre a noite bo\u00eamia do Bairro Cidade Baixa. O tema voltou a virar pauta, pois, o<a href=\"https:\/\/www.jornalja.com.br\/mp-pede-intervencao-da-prefeitura-na-noite-da-cidade-baixa\/\"> Minist\u00e9rio P\u00fablico cobrou da Prefeitura uma interven\u00e7\u00e3o no bairro, no dia 17 de agosto.<\/a><br \/>\nNa \u00e9poca, os promotores justificaram a iniciativa pelas reclama\u00e7\u00f5es de moradores em rela\u00e7\u00e3o ao hor\u00e1rio de funcionamento das casas noturnas e estabelecimentos que funcionam em desacordo com os respectivos licenciamentos.<br \/>\nA Promotoria de Justi\u00e7a de Defesa do Meio Ambiente <a href=\"https:\/\/www.jornalja.com.br\/decreto-sobre-a-cidade-baixa-sera-apresentado-em-reuniao-publica\/\">pediu a revis\u00e3o do decreto 17.902, <\/a>que estabelece o hor\u00e1rio do funcionamento das atividades de bares, restaurantes, caf\u00e9 e lancherias da CB.<br \/>\nDas diversas opini\u00f5es e diverg\u00eancias expostas durante a audi\u00eancia, houve apenas uma unanimidade: tanto moradores como empres\u00e1rios n\u00e3o querem a redu\u00e7\u00e3o do hor\u00e1rio do funcionamento do com\u00e9rcio.<br \/>\nA cobran\u00e7a aos servi\u00e7os da Prefeitura tamb\u00e9m veio de todos os lados, por\u00e9m com diverg\u00eancias. Uns cobram maior fiscaliza\u00e7\u00e3o e rigor das autua\u00e7\u00f5es do governo em rela\u00e7\u00e3o aos vendedores ambulantes e comerciantes ilegais.<br \/>\nJ\u00e1 outros defendem a instala\u00e7\u00e3o de banheiros qu\u00edmicos em algumas ruas de maior movimento e um melhor servi\u00e7o de limpeza por parte do DMLU.<br \/>\nH\u00e1 tamb\u00e9m os que acham que o problema \u00e9 de quem fica na rua, bebendo na frente dos bares ou consumindo drogas il\u00edcitas, conforme foi relatado por moradores que tamb\u00e9m participaram do encontro.<br \/>\nZilton Tadeu, presidente da Associa\u00e7\u00e3o dos Moradores da Cidade Baixa, defendeu que bares encerrem suas atividades externas \u00e0s 22h e que poderiam continuar seu funcionamento internamente at\u00e9 mais tarde. &#8220;Funcionem o tempo todo, s\u00f3 nos deixem descansar&#8221;, exclamou.<br \/>\nPara a representante da Associa\u00e7\u00e3o dos Comerciantes da Cidade Baixa, Maria Isabel Nehme, os empreendedores precisam de uma legisla\u00e7\u00e3o clara, e a partir dela, cumprirem. &#8220;Queremos o bairro vivo. N\u00f3s empres\u00e1rios, moradores, todo mundo que ali utiliza&#8221;.<br \/>\nA Prefeitura tem at\u00e9 o final de outubro, conforme um acordo com o MP, para apresentar um novo decreto. &#8220;Estamos ouvindo a sociedade&#8221;, declarou o representante da Prefeitura e funcion\u00e1rio da Secretaria de Desenvolvimento Econ\u00f4mico, Andr\u00e9 Flores.\u00a0Segundo ele, a mudan\u00e7a no decreto tamb\u00e9m n\u00e3o deve passar pelo o hor\u00e1rio nos funcionamentos. &#8220;N\u00f3s tamb\u00e9m n\u00e3o verificamos isso como um problema&#8221;.<br \/>\n<figure id=\"attachment_55668\" aria-describedby=\"caption-attachment-55668\" style=\"width: 1150px\" class=\"wp-caption alignnone\"><img loading=\"lazy\" decoding=\"async\" class=\"wp-image-55668 size-large\" src=\"https:\/\/www.jornalja.com.br\/wp-content\/uploads\/2017\/09\/EDE_8528-1-1150x766.jpg\" alt=\"\" width=\"1150\" height=\"766\" \/><figcaption id=\"caption-attachment-55668\" class=\"wp-caption-text\">Reuni\u00e3o P\u00fablica para debater novo decreto para a cidade baixa e o funcionamento de estabelecimentos lotou sal\u00e3o na C\u00e2mara \/ Ederson Nunes \/ CMPA<\/figcaption><\/figure><br \/>\nEm sua fala aos presentes, Andr\u00e9 destacou as a\u00e7\u00f5es realizadas pela Prefeitura nos \u00faltimos seis meses. A\u00a0SMDE j\u00e1 realizou 16 reuni\u00f5es para tratar o tema. H\u00e1 102 atividades licenciadas na CB, a Prefeitura aplicou 72 autua\u00e7\u00f5es, 10 interdi\u00e7\u00f5es em 21 opera\u00e7\u00f5es de fiscaliza\u00e7\u00e3o realizadas em conjunto com a Guarda Municipal, EPTC e Brigada Militar. Ainda foram autuados 141 ambulantes e apreendidas 1242 mercadorias.<br \/>\nO proponente da audi\u00eancia p\u00fablica, C\u00e1ssio Trogildo, ressaltou a import\u00e2ncia do tema e disse que a C\u00e2mara est\u00e1 a disposi\u00e7\u00e3o para uma \u00faltima reuni\u00e3o antes da apresenta\u00e7\u00e3o final do decreto ao MP, mas que de sua parte n\u00e3o haver\u00e1 mais audi\u00eancias para discutir o tema, que j\u00e1 foi assunto pelo menos sete vezes em outras oportunidades no Legislativo, somente este ano.<br \/>\nDiversos \u00f3rg\u00e3os da Prefeitura, como a Secretaria do Meio Ambiente, o DMLU e a EPTC, fazem parte do Grupo de Trabalho que est\u00e1 organizando a proposta para um novo decreto.<br \/>\nAl\u00e9m de Andr\u00e9 Flores, o\u00a0plen\u00e1rio Ana Terra esteve lotado de moradores, donos de estabelecimentos e representantes de associa\u00e7\u00f5es de ambas categorias. A Brigada Militar tamb\u00e9m esteve representada com o Tenente-Coronel Amorim, respons\u00e1vel pelo 9\u00aa BPM (Batalh\u00e3o de Pol\u00edcia Militar), que faz a seguran\u00e7a da regi\u00e3o. O MP, requerente e provocador do debate, n\u00e3o compareceu.<br \/>\n&nbsp;<\/p>\n","protected":false},"excerpt":{"rendered":"<p>A C\u00e2mara de Vereadores de Porto Alegre sediou na noite desta ter\u00e7a-feira, 26\/09,\u00a0 mais um debate sobre a noite bo\u00eamia do Bairro Cidade Baixa. O tema voltou a virar pauta, pois, o Minist\u00e9rio P\u00fablico cobrou da Prefeitura uma interven\u00e7\u00e3o no bairro, no dia 17 de agosto. Na \u00e9poca, os promotores justificaram a iniciativa pelas reclama\u00e7\u00f5es [&hellip;]<\/p>\n","protected":false},"author":4,"featured_media":55667,"comment_status":"open","ping_status":"closed","sticky":false,"template":"","format":"standard","meta":{"_jetpack_newsletter_access":"","_jetpack_dont_email_post_to_subs":false,"_jetpack_newsletter_tier_id":0,"_jetpack_memberships_contains_paywalled_content":false,"_jetpack_feature_clip_id":0,"_jetpack_memberships_contains_paid_content":false,"footnotes":"","jetpack_post_was_ever_published":false},"categories":[26],"tags":[],"class_list":["post-55652","post","type-post","status-publish","format-standard","has-post-thumbnail","hentry","category-geral"],"aioseo_notices":[],"aioseo_head":"\n\t\t<!-- All in One SEO 5.0.1.1 - aioseo.com -->\n\t<meta name=\"robots\" content=\"max-image-preview:large\" \/>\n\t<meta name=\"author\" content=\"da Reda\u00e7\u00e3o\"\/>\n\t<link rel=\"canonical\" href=\"https:\/\/www.jornalja.com.br\/arquivo\/cidade-baixa-nem-moradores-nem-comerciantes-querem-fechamento-de-bares-mais-cedo\/\" \/>\n\t<meta name=\"generator\" content=\"All in One SEO (AIOSEO) 5.0.1.1\" \/>\n\t\t<meta property=\"og:locale\" content=\"pt_BR\" \/>\n\t\t<meta property=\"og:site_name\" content=\"Arquivo | Jornal J\u00c1 | Porto Alegre\" \/>\n\t\t<meta property=\"og:type\" content=\"article\" \/>\n\t\t<meta property=\"og:title\" content=\"Cidade Baixa: nem moradores, nem comerciantes querem fechamento de bares mais cedo | Arquivo\" \/>\n\t\t<meta property=\"og:url\" content=\"https:\/\/www.jornalja.com.br\/arquivo\/cidade-baixa-nem-moradores-nem-comerciantes-querem-fechamento-de-bares-mais-cedo\/\" \/>\n\t\t<meta property=\"og:image\" content=\"https:\/\/www.jornalja.com.br\/wp-content\/uploads\/2017\/09\/EDE_8528-1-1150x766.jpg\" \/>\n\t\t<meta property=\"og:image:secure_url\" content=\"https:\/\/www.jornalja.com.br\/wp-content\/uploads\/2017\/09\/EDE_8528-1-1150x766.jpg\" \/>\n\t\t<meta property=\"article:published_time\" content=\"2017-09-27T13:40:14+00:00\" \/>\n\t\t<meta property=\"article:modified_time\" content=\"2017-09-27T13:40:14+00:00\" \/>\n\t\t<meta name=\"twitter:card\" content=\"summary\" \/>\n\t\t<meta name=\"twitter:title\" content=\"Cidade Baixa: nem moradores, nem comerciantes querem fechamento de bares mais cedo | Arquivo\" \/>\n\t\t<meta name=\"twitter:image\" content=\"https:\/\/www.jornalja.com.br\/economics\/wp-content\/uploads\/sites\/11\/2026\/08\/ja-folhaderosto-facebook.jpg\" \/>\n\t\t<script type=\"application\/ld+json\" class=\"aioseo-schema\">\n\t\t\t{\"@context\":\"https:\\\/\\\/schema.org\",\"@graph\":[{\"@type\":\"BlogPosting\",\"@id\":\"https:\\\/\\\/www.jornalja.com.br\\\/arquivo\\\/cidade-baixa-nem-moradores-nem-comerciantes-querem-fechamento-de-bares-mais-cedo\\\/#blogposting\",\"name\":\"Cidade Baixa: nem moradores, nem comerciantes querem fechamento de bares mais cedo | Arquivo\",\"headline\":\"Cidade Baixa: nem moradores, nem comerciantes querem fechamento de bares mais cedo\",\"author\":{\"@id\":\"https:\\\/\\\/www.jornalja.com.br\\\/arquivo\\\/author\\\/daredacao\\\/#author\"},\"publisher\":{\"@id\":\"https:\\\/\\\/www.jornalja.com.br\\\/arquivo\\\/#organization\"},\"image\":{\"@type\":\"ImageObject\",\"url\":55667},\"datePublished\":\"2017-09-27T10:40:14-03:00\",\"dateModified\":\"2017-09-27T10:40:14-03:00\",\"inLanguage\":\"pt-BR\",\"mainEntityOfPage\":{\"@id\":\"https:\\\/\\\/www.jornalja.com.br\\\/arquivo\\\/cidade-baixa-nem-moradores-nem-comerciantes-querem-fechamento-de-bares-mais-cedo\\\/#webpage\"},\"isPartOf\":{\"@id\":\"https:\\\/\\\/www.jornalja.com.br\\\/arquivo\\\/cidade-baixa-nem-moradores-nem-comerciantes-querem-fechamento-de-bares-mais-cedo\\\/#webpage\"},\"articleSection\":\"Geral\"},{\"@type\":\"BreadcrumbList\",\"@id\":\"https:\\\/\\\/www.jornalja.com.br\\\/arquivo\\\/cidade-baixa-nem-moradores-nem-comerciantes-querem-fechamento-de-bares-mais-cedo\\\/#breadcrumblist\",\"itemListElement\":[{\"@type\":\"ListItem\",\"@id\":\"https:\\\/\\\/www.jornalja.com.br\\\/arquivo#listItem\",\"position\":1,\"name\":\"Home\",\"item\":\"https:\\\/\\\/www.jornalja.com.br\\\/arquivo\",\"nextItem\":{\"@type\":\"ListItem\",\"@id\":\"https:\\\/\\\/www.jornalja.com.br\\\/arquivo\\\/category\\\/geral\\\/#listItem\",\"name\":\"Geral\"}},{\"@type\":\"ListItem\",\"@id\":\"https:\\\/\\\/www.jornalja.com.br\\\/arquivo\\\/category\\\/geral\\\/#listItem\",\"position\":2,\"name\":\"Geral\",\"item\":\"https:\\\/\\\/www.jornalja.com.br\\\/arquivo\\\/category\\\/geral\\\/\",\"nextItem\":{\"@type\":\"ListItem\",\"@id\":\"https:\\\/\\\/www.jornalja.com.br\\\/arquivo\\\/cidade-baixa-nem-moradores-nem-comerciantes-querem-fechamento-de-bares-mais-cedo\\\/#listItem\",\"name\":\"Cidade Baixa: nem moradores, nem comerciantes querem fechamento de bares mais cedo\"},\"previousItem\":{\"@type\":\"ListItem\",\"@id\":\"https:\\\/\\\/www.jornalja.com.br\\\/arquivo#listItem\",\"name\":\"Home\"}},{\"@type\":\"ListItem\",\"@id\":\"https:\\\/\\\/www.jornalja.com.br\\\/arquivo\\\/cidade-baixa-nem-moradores-nem-comerciantes-querem-fechamento-de-bares-mais-cedo\\\/#listItem\",\"position\":3,\"name\":\"Cidade Baixa: nem moradores, nem comerciantes querem fechamento de bares mais cedo\",\"previousItem\":{\"@type\":\"ListItem\",\"@id\":\"https:\\\/\\\/www.jornalja.com.br\\\/arquivo\\\/category\\\/geral\\\/#listItem\",\"name\":\"Geral\"}}]},{\"@type\":\"Organization\",\"@id\":\"https:\\\/\\\/www.jornalja.com.br\\\/arquivo\\\/#organization\",\"name\":\"Jornal J\\u00c1\",\"description\":\"Jornal J\\u00c1 | Porto Alegre\",\"url\":\"https:\\\/\\\/www.jornalja.com.br\\\/arquivo\\\/\",\"telephone\":\"+555133307272\",\"logo\":{\"@type\":\"ImageObject\",\"url\":\"https:\\\/\\\/www.jornalja.com.br\\\/wp-content\\\/uploads\\\/cards\\\/JAslogan.png\",\"@id\":\"https:\\\/\\\/www.jornalja.com.br\\\/arquivo\\\/cidade-baixa-nem-moradores-nem-comerciantes-querem-fechamento-de-bares-mais-cedo\\\/#organizationLogo\"},\"image\":{\"@id\":\"https:\\\/\\\/www.jornalja.com.br\\\/arquivo\\\/cidade-baixa-nem-moradores-nem-comerciantes-querem-fechamento-de-bares-mais-cedo\\\/#organizationLogo\"}},{\"@type\":\"Person\",\"@id\":\"https:\\\/\\\/www.jornalja.com.br\\\/arquivo\\\/author\\\/daredacao\\\/#author\",\"url\":\"https:\\\/\\\/www.jornalja.com.br\\\/arquivo\\\/author\\\/daredacao\\\/\",\"name\":\"da Reda\\u00e7\\u00e3o\",\"image\":{\"@type\":\"ImageObject\",\"@id\":\"https:\\\/\\\/www.jornalja.com.br\\\/arquivo\\\/cidade-baixa-nem-moradores-nem-comerciantes-querem-fechamento-de-bares-mais-cedo\\\/#authorImage\",\"url\":\"https:\\\/\\\/secure.gravatar.com\\\/avatar\\\/469fd857d6605ad19919d27ed29d35a968a25f6e8fd9318356bbb7f57aae9c65?s=96&d=mm&r=g\",\"width\":96,\"height\":96,\"caption\":\"da Reda\\u00e7\\u00e3o\"}},{\"@type\":\"WebPage\",\"@id\":\"https:\\\/\\\/www.jornalja.com.br\\\/arquivo\\\/cidade-baixa-nem-moradores-nem-comerciantes-querem-fechamento-de-bares-mais-cedo\\\/#webpage\",\"url\":\"https:\\\/\\\/www.jornalja.com.br\\\/arquivo\\\/cidade-baixa-nem-moradores-nem-comerciantes-querem-fechamento-de-bares-mais-cedo\\\/\",\"name\":\"Cidade Baixa: nem moradores, nem comerciantes querem fechamento de bares mais cedo | Arquivo\",\"inLanguage\":\"pt-BR\",\"isPartOf\":{\"@id\":\"https:\\\/\\\/www.jornalja.com.br\\\/arquivo\\\/#website\"},\"breadcrumb\":{\"@id\":\"https:\\\/\\\/www.jornalja.com.br\\\/arquivo\\\/cidade-baixa-nem-moradores-nem-comerciantes-querem-fechamento-de-bares-mais-cedo\\\/#breadcrumblist\"},\"author\":{\"@id\":\"https:\\\/\\\/www.jornalja.com.br\\\/arquivo\\\/author\\\/daredacao\\\/#author\"},\"creator\":{\"@id\":\"https:\\\/\\\/www.jornalja.com.br\\\/arquivo\\\/author\\\/daredacao\\\/#author\"},\"image\":{\"@type\":\"ImageObject\",\"url\":55667,\"@id\":\"https:\\\/\\\/www.jornalja.com.br\\\/arquivo\\\/cidade-baixa-nem-moradores-nem-comerciantes-querem-fechamento-de-bares-mais-cedo\\\/#mainImage\"},\"primaryImageOfPage\":{\"@id\":\"https:\\\/\\\/www.jornalja.com.br\\\/arquivo\\\/cidade-baixa-nem-moradores-nem-comerciantes-querem-fechamento-de-bares-mais-cedo\\\/#mainImage\"},\"datePublished\":\"2017-09-27T10:40:14-03:00\",\"dateModified\":\"2017-09-27T10:40:14-03:00\"},{\"@type\":\"WebSite\",\"@id\":\"https:\\\/\\\/www.jornalja.com.br\\\/arquivo\\\/#website\",\"url\":\"https:\\\/\\\/www.jornalja.com.br\\\/arquivo\\\/\",\"name\":\"Arquivo\",\"description\":\"Jornal J\\u00c1 | Porto Alegre\",\"inLanguage\":\"pt-BR\",\"publisher\":{\"@id\":\"https:\\\/\\\/www.jornalja.com.br\\\/arquivo\\\/#organization\"}}]}\n\t\t<\/script>\n\t\t<!-- All in One SEO -->\n\n","aioseo_head_json":{"title":"Cidade Baixa: nem moradores, nem comerciantes querem fechamento de bares mais cedo | Arquivo","description":"","canonical_url":"https:\/\/www.jornalja.com.br\/arquivo\/cidade-baixa-nem-moradores-nem-comerciantes-querem-fechamento-de-bares-mais-cedo\/","robots":"max-image-preview:large","keywords":"","webmasterTools":{"miscellaneous":""},"schema":{"@context":"https:\/\/schema.org","@graph":[{"@type":"BlogPosting","@id":"https:\/\/www.jornalja.com.br\/arquivo\/cidade-baixa-nem-moradores-nem-comerciantes-querem-fechamento-de-bares-mais-cedo\/#blogposting","name":"Cidade Baixa: nem moradores, nem comerciantes querem fechamento de bares mais cedo | Arquivo","headline":"Cidade Baixa: nem moradores, nem comerciantes querem fechamento de bares mais cedo","author":{"@id":"https:\/\/www.jornalja.com.br\/arquivo\/author\/daredacao\/#author"},"publisher":{"@id":"https:\/\/www.jornalja.com.br\/arquivo\/#organization"},"image":{"@type":"ImageObject","url":55667},"datePublished":"2017-09-27T10:40:14-03:00","dateModified":"2017-09-27T10:40:14-03:00","inLanguage":"pt-BR","mainEntityOfPage":{"@id":"https:\/\/www.jornalja.com.br\/arquivo\/cidade-baixa-nem-moradores-nem-comerciantes-querem-fechamento-de-bares-mais-cedo\/#webpage"},"isPartOf":{"@id":"https:\/\/www.jornalja.com.br\/arquivo\/cidade-baixa-nem-moradores-nem-comerciantes-querem-fechamento-de-bares-mais-cedo\/#webpage"},"articleSection":"Geral"},{"@type":"BreadcrumbList","@id":"https:\/\/www.jornalja.com.br\/arquivo\/cidade-baixa-nem-moradores-nem-comerciantes-querem-fechamento-de-bares-mais-cedo\/#breadcrumblist","itemListElement":[{"@type":"ListItem","@id":"https:\/\/www.jornalja.com.br\/arquivo#listItem","position":1,"name":"Home","item":"https:\/\/www.jornalja.com.br\/arquivo","nextItem":{"@type":"ListItem","@id":"https:\/\/www.jornalja.com.br\/arquivo\/category\/geral\/#listItem","name":"Geral"}},{"@type":"ListItem","@id":"https:\/\/www.jornalja.com.br\/arquivo\/category\/geral\/#listItem","position":2,"name":"Geral","item":"https:\/\/www.jornalja.com.br\/arquivo\/category\/geral\/","nextItem":{"@type":"ListItem","@id":"https:\/\/www.jornalja.com.br\/arquivo\/cidade-baixa-nem-moradores-nem-comerciantes-querem-fechamento-de-bares-mais-cedo\/#listItem","name":"Cidade Baixa: nem moradores, nem comerciantes querem fechamento de bares mais cedo"},"previousItem":{"@type":"ListItem","@id":"https:\/\/www.jornalja.com.br\/arquivo#listItem","name":"Home"}},{"@type":"ListItem","@id":"https:\/\/www.jornalja.com.br\/arquivo\/cidade-baixa-nem-moradores-nem-comerciantes-querem-fechamento-de-bares-mais-cedo\/#listItem","position":3,"name":"Cidade Baixa: nem moradores, nem comerciantes querem fechamento de bares mais cedo","previousItem":{"@type":"ListItem","@id":"https:\/\/www.jornalja.com.br\/arquivo\/category\/geral\/#listItem","name":"Geral"}}]},{"@type":"Organization","@id":"https:\/\/www.jornalja.com.br\/arquivo\/#organization","name":"Jornal J\u00c1","description":"Jornal J\u00c1 | Porto Alegre","url":"https:\/\/www.jornalja.com.br\/arquivo\/","telephone":"+555133307272","logo":{"@type":"ImageObject","url":"https:\/\/www.jornalja.com.br\/wp-content\/uploads\/cards\/JAslogan.png","@id":"https:\/\/www.jornalja.com.br\/arquivo\/cidade-baixa-nem-moradores-nem-comerciantes-querem-fechamento-de-bares-mais-cedo\/#organizationLogo"},"image":{"@id":"https:\/\/www.jornalja.com.br\/arquivo\/cidade-baixa-nem-moradores-nem-comerciantes-querem-fechamento-de-bares-mais-cedo\/#organizationLogo"}},{"@type":"Person","@id":"https:\/\/www.jornalja.com.br\/arquivo\/author\/daredacao\/#author","url":"https:\/\/www.jornalja.com.br\/arquivo\/author\/daredacao\/","name":"da Reda\u00e7\u00e3o","image":{"@type":"ImageObject","@id":"https:\/\/www.jornalja.com.br\/arquivo\/cidade-baixa-nem-moradores-nem-comerciantes-querem-fechamento-de-bares-mais-cedo\/#authorImage","url":"https:\/\/secure.gravatar.com\/avatar\/469fd857d6605ad19919d27ed29d35a968a25f6e8fd9318356bbb7f57aae9c65?s=96&d=mm&r=g","width":96,"height":96,"caption":"da Reda\u00e7\u00e3o"}},{"@type":"WebPage","@id":"https:\/\/www.jornalja.com.br\/arquivo\/cidade-baixa-nem-moradores-nem-comerciantes-querem-fechamento-de-bares-mais-cedo\/#webpage","url":"https:\/\/www.jornalja.com.br\/arquivo\/cidade-baixa-nem-moradores-nem-comerciantes-querem-fechamento-de-bares-mais-cedo\/","name":"Cidade Baixa: nem moradores, nem comerciantes querem fechamento de bares mais cedo | Arquivo","inLanguage":"pt-BR","isPartOf":{"@id":"https:\/\/www.jornalja.com.br\/arquivo\/#website"},"breadcrumb":{"@id":"https:\/\/www.jornalja.com.br\/arquivo\/cidade-baixa-nem-moradores-nem-comerciantes-querem-fechamento-de-bares-mais-cedo\/#breadcrumblist"},"author":{"@id":"https:\/\/www.jornalja.com.br\/arquivo\/author\/daredacao\/#author"},"creator":{"@id":"https:\/\/www.jornalja.com.br\/arquivo\/author\/daredacao\/#author"},"image":{"@type":"ImageObject","url":55667,"@id":"https:\/\/www.jornalja.com.br\/arquivo\/cidade-baixa-nem-moradores-nem-comerciantes-querem-fechamento-de-bares-mais-cedo\/#mainImage"},"primaryImageOfPage":{"@id":"https:\/\/www.jornalja.com.br\/arquivo\/cidade-baixa-nem-moradores-nem-comerciantes-querem-fechamento-de-bares-mais-cedo\/#mainImage"},"datePublished":"2017-09-27T10:40:14-03:00","dateModified":"2017-09-27T10:40:14-03:00"},{"@type":"WebSite","@id":"https:\/\/www.jornalja.com.br\/arquivo\/#website","url":"https:\/\/www.jornalja.com.br\/arquivo\/","name":"Arquivo","description":"Jornal J\u00c1 | Porto Alegre","inLanguage":"pt-BR","publisher":{"@id":"https:\/\/www.jornalja.com.br\/arquivo\/#organization"}}]},"og:locale":"pt_BR","og:site_name":"Arquivo | Jornal J\u00c1 | Porto Alegre","og:type":"article","og:title":"Cidade Baixa: nem moradores, nem comerciantes querem fechamento de bares mais cedo | Arquivo","og:url":"https:\/\/www.jornalja.com.br\/arquivo\/cidade-baixa-nem-moradores-nem-comerciantes-querem-fechamento-de-bares-mais-cedo\/","og:image":"https:\/\/www.jornalja.com.br\/wp-content\/uploads\/2017\/09\/EDE_8528-1-1150x766.jpg","og:image:secure_url":"https:\/\/www.jornalja.com.br\/wp-content\/uploads\/2017\/09\/EDE_8528-1-1150x766.jpg","article:published_time":"2017-09-27T13:40:14+00:00","article:modified_time":"2017-09-27T13:40:14+00:00","twitter:card":"summary","twitter:title":"Cidade Baixa: nem moradores, nem comerciantes querem fechamento de bares mais cedo | Arquivo","twitter:image":"https:\/\/www.jornalja.com.br\/economics\/wp-content\/uploads\/sites\/11\/2026\/08\/ja-folhaderosto-facebook.jpg"},"aioseo_meta_data":{"post_id":"55652","title":null,"description":null,"keywords":null,"keyphrases":null,"primary_term":null,"canonical_url":null,"og_title":null,"og_description":null,"og_object_type":"default","og_image_type":"default","og_image_url":null,"og_image_width":null,"og_image_height":null,"og_image_custom_url":null,"og_image_custom_fields":null,"og_video":null,"og_custom_url":null,"og_article_section":null,"og_article_tags":null,"twitter_use_og":false,"twitter_card":"default","twitter_image_type":"default","twitter_image_url":null,"twitter_image_custom_url":null,"twitter_image_custom_fields":null,"twitter_title":null,"twitter_description":null,"schema":{"blockGraphs":[],"customGraphs":[],"default":{"data":{"Article":[],"Course":[],"Dataset":[],"FAQPage":[],"Movie":[],"Person":[],"Product":[],"ProductReview":[],"Car":[],"Recipe":[],"Service":[],"SoftwareApplication":[],"WebPage":[]},"graphName":"","isEnabled":true},"graphs":[],"defaultGraph":"","defaultPostTypeGraph":""},"schema_type":null,"schema_type_options":null,"pillar_content":false,"robots_default":true,"robots_noindex":false,"robots_noarchive":false,"robots_nosnippet":false,"robots_nofollow":false,"robots_noimageindex":false,"robots_noodp":false,"robots_notranslate":false,"robots_max_snippet":null,"robots_max_videopreview":null,"robots_max_imagepreview":"large","priority":null,"frequency":null,"location":null,"local_seo":null,"breadcrumb_settings":null,"limit_modified_date":false,"ai":null,"created":"2020-12-20 20:24:05","updated":"2025-07-20 01:21:48","seo_analyzer_scan_date":null,"focus_keyword":null,"additional_keywords":null,"truseo_locale":null},"jetpack_sharing_enabled":true,"jetpack-related-posts":[{"id":13109,"url":"https:\/\/www.jornalja.com.br\/arquivo\/judiciario-reconhece-poluicao-eletromagnetica\/","url_meta":{"origin":55652,"position":0},"title":"Judici\u00e1rio reconhece polui\u00e7\u00e3o eletromagn\u00e9tica","author":"Patr\u00edcia Marini","date":"16 de maio de 2014","format":false,"excerpt":"A\u00e7\u00e3o de duas associa\u00e7\u00f5es de moradores foi acolhida pelo Tribunal de Justi\u00e7a de S\u00e3o Paulo que. em decis\u00e3o in\u00e9dita, determinou a redu\u00e7\u00e3o do campo eletromagn\u00e9tico gerado pelas linhas de transmiss\u00e3o de energia que cortam os bairros City Boa\u00e7ava e Alto de Pinheiros. \u00c9 a primeira vez que um tribunal do\u2026","rel":"","context":"Em &quot;X.Categorias velhas&quot;","block_context":{"text":"X.Categorias velhas","link":"https:\/\/www.jornalja.com.br\/arquivo\/category\/x-categorias-velhas\/"},"img":{"alt_text":"","src":"","width":0,"height":0},"classes":[]},{"id":14241,"url":"https:\/\/www.jornalja.com.br\/arquivo\/o-guaiba-nas-imagens-poeticas-de-achutti\/","url_meta":{"origin":55652,"position":1},"title":"O Gua\u00edba nas imagens po\u00e9ticas de Achutti","author":"da Reda\u00e7\u00e3o","date":"18 de junho de 2014","format":false,"excerpt":"Em \u201cO Gua\u00edba por Achutti\u201d \u2013 obra financiada via Minist\u00e9rio da Cultura, produ\u00e7\u00e3o executiva de Pedro Longhi, e Fl\u00e1vio Wild como designer \u2013, o fot\u00f3grafo revela a beleza e as mazelas de um espa\u00e7o aqu\u00e1tico de \u00e1guas sempre renovadas, cheio de hist\u00f3rias e lendas como as das cidades que foram\u2026","rel":"","context":"Em &quot;Cultura-Geral&quot;","block_context":{"text":"Cultura-Geral","link":"https:\/\/www.jornalja.com.br\/arquivo\/category\/materiasecundaria\/"},"img":{"alt_text":"","src":"","width":0,"height":0},"classes":[]},{"id":5440,"url":"https:\/\/www.jornalja.com.br\/arquivo\/casarao-da-venancio-destino-permanece-incerto\/","url_meta":{"origin":55652,"position":2},"title":"Estado ainda n\u00e3o sabe o que fazer com casar\u00e3o abandonado h\u00e1 20 anos","author":"Elmar Bones","date":"6 de julho de 2009","format":false,"excerpt":"O casar\u00e3o amarelo, numa esquina nobre de Porto Alegre (Ven\u00e2ncio Aires com Jo\u00e3o Pessoa), j\u00e1 abrigou uma escola. H\u00e1 duas d\u00e9cadas, pelo menos, est\u00e1 abandonado, porque seu propriet\u00e1rio, o governo do Estado do Rio Grande do Sul, n\u00e3o consegue achar um destino para ele. Planos n\u00e3o faltaram. O governador Ol\u00edvio\u2026","rel":"","context":"Em &quot;X.Categorias velhas&quot;","block_context":{"text":"X.Categorias velhas","link":"https:\/\/www.jornalja.com.br\/arquivo\/category\/x-categorias-velhas\/"},"img":{"alt_text":"geraldo1","src":"https:\/\/i0.wp.com\/www.jornalja.com.br\/wp-content\/uploads\/2009\/07\/geraldo1.jpg?resize=350%2C200&ssl=1","width":350,"height":200},"classes":[]},{"id":13124,"url":"https:\/\/www.jornalja.com.br\/arquivo\/sangue-latino-no-iecine\/","url_meta":{"origin":55652,"position":3},"title":"Sangue latino no IECINE","author":"da Reda\u00e7\u00e3o","date":"18 de maio de 2014","format":false,"excerpt":"Francisco Ribeiro O Instituto Estadual de Cinema (IECINE) tem a frente, desde abril \u00faltimo, um novo diretor, o cineasta colombiano Juan Zapata, 36, que substitui Luiz Alberto Cassol. Radicado h\u00e1 dez anos em Porto Alegre, Zapata tem diante de si o desafio de conduzir at\u00e9 o final do ano um\u2026","rel":"","context":"Em &quot;Cultura-Geral&quot;","block_context":{"text":"Cultura-Geral","link":"https:\/\/www.jornalja.com.br\/arquivo\/category\/materiasecundaria\/"},"img":{"alt_text":"","src":"","width":0,"height":0},"classes":[]},{"id":13101,"url":"https:\/\/www.jornalja.com.br\/arquivo\/morre-um-guerreiro-do-texto\/","url_meta":{"origin":55652,"position":4},"title":"Morre um guerreiro do texto","author":"Patr\u00edcia Marini","date":"14 de maio de 2014","format":false,"excerpt":"Por Ricardo Kotscho Reproduzido do blog do autor, 11\/5\/2014; t\u00edtulo original \u201cE l\u00e1 se foi o nosso Myltainho, guerreiro do texto\u201d. Mi\u00fado e franzino, meu amigo Myltainho era um valente e inconformado guerreiro na luta contra as injusti\u00e7as sociais, a hipocrisia, as maracutaias, o autoritarismo, a intoler\u00e2ncia, a viol\u00eancia, o\u2026","rel":"","context":"Em &quot;Geral&quot;","block_context":{"text":"Geral","link":"https:\/\/www.jornalja.com.br\/arquivo\/category\/geral\/"},"img":{"alt_text":"","src":"","width":0,"height":0},"classes":[]},{"id":13239,"url":"https:\/\/www.jornalja.com.br\/arquivo\/conselho-desdenha-do-plano-diretor\/","url_meta":{"origin":55652,"position":5},"title":"Porto Alegre: Conselho detona Plano Diretor","author":"Patr\u00edcia Marini","date":"25 de maio de 2014","format":false,"excerpt":"Den\u00fancia do arquiteto e \u00a0urbanista Ibir\u00e1 Santos Lucas. Ele diz que os conselheiros est\u00e3o votando com \"enorme irresponsabilidade\". \"Mudam regime com a maior naturalidade,,,regularizam absurdos de constru\u00e7\u00f5es irregulares... \"O CMDUA est\u00e1 flexibilizando a lei do plano diretor, de uma forma impactante na vida da cidade. Mudam regime com a maior\u2026","rel":"","context":"Em &quot;Geral&quot;","block_context":{"text":"Geral","link":"https:\/\/www.jornalja.com.br\/arquivo\/category\/geral\/"},"img":{"alt_text":"","src":"","width":0,"height":0},"classes":[]}],"jetpack_shortlink":"https:\/\/wp.me\/pbQjBd-etC","jetpack_featured_media_url":"","_links":{"self":[{"href":"https:\/\/www.jornalja.com.br\/arquivo\/wp-json\/wp\/v2\/posts\/55652","targetHints":{"allow":["GET"]}}],"collection":[{"href":"https:\/\/www.jornalja.com.br\/arquivo\/wp-json\/wp\/v2\/posts"}],"about":[{"href":"https:\/\/www.jornalja.com.br\/arquivo\/wp-json\/wp\/v2\/types\/post"}],"author":[{"embeddable":true,"href":"https:\/\/www.jornalja.com.br\/arquivo\/wp-json\/wp\/v2\/users\/4"}],"replies":[{"embeddable":true,"href":"https:\/\/www.jornalja.com.br\/arquivo\/wp-json\/wp\/v2\/comments?post=55652"}],"version-history":[{"count":0,"href":"https:\/\/www.jornalja.com.br\/arquivo\/wp-json\/wp\/v2\/posts\/55652\/revisions"}],"wp:attachment":[{"href":"https:\/\/www.jornalja.com.br\/arquivo\/wp-json\/wp\/v2\/media?parent=55652"}],"wp:term":[{"taxonomy":"category","embeddable":true,"href":"https:\/\/www.jornalja.com.br\/arquivo\/wp-json\/wp\/v2\/categories?post=55652"},{"taxonomy":"post_tag","embeddable":true,"href":"https:\/\/www.jornalja.com.br\/arquivo\/wp-json\/wp\/v2\/tags?post=55652"}],"curies":[{"name":"wp","href":"https:\/\/api.w.org\/{rel}","templated":true}]}}