{"id":55661,"date":"2017-09-26T19:18:30","date_gmt":"2017-09-26T22:18:30","guid":{"rendered":"https:\/\/www.jornalja.com.br\/?p=55661"},"modified":"2017-09-26T19:18:30","modified_gmt":"2017-09-26T22:18:30","slug":"para-frear-acoes-na-justica-piratini-apresenta-projeto-de-indenizacao-por-atraso-de-salarios","status":"publish","type":"post","link":"https:\/\/www.jornalja.com.br\/arquivo\/para-frear-acoes-na-justica-piratini-apresenta-projeto-de-indenizacao-por-atraso-de-salarios\/","title":{"rendered":"Para frear a\u00e7\u00f5es na Justi\u00e7a, Piratini apresenta projeto de indeniza\u00e7\u00e3o por atraso de sal\u00e1rios"},"content":{"rendered":"<p>O governo do Estado encaminhou, na tarde desta ter\u00e7a-feira, 26\/09, \u00e0 Assembleia Legislativa, projeto de lei complementar (PLC) que estabelece indeniza\u00e7\u00e3o aos servidores p\u00fablicos, ativos e inativos, e pensionistas, pelos dias de atraso no pagamento dos sal\u00e1rios.<br \/>\nA indeniza\u00e7\u00e3o ser\u00e1 calculada pelo \u00edndice da poupan\u00e7a e ser\u00e1 retroativa ao in\u00edcio do parcelamento dos sal\u00e1rios, em 1\u00ba de julho de 2015. Em m\u00e9dia, cada servidor deve receber R$ 200 por pagamento atrasado. O PLC tramitar\u00e1 em regime de urg\u00eancia. A medida foi anunciada em entrevista coletiva no Pal\u00e1cio Piratini.<br \/>\nNa pr\u00e1tica, \u00e9 uma tentativa do Governo de evitar novas a\u00e7\u00f5es judiciais devido ao parcelamento e a nova medida de <a href=\"https:\/\/www.jornalja.com.br\/governo-rs-passa-a-pagar-primeiro-os-servidores-com-salarios-menores\/\">pagar primeiro os servidores com menor sal\u00e1rio<\/a>. &#8220;A medida tem como objetivo evitar mais preju\u00edzos aos servidores p\u00fablicos, diante das atuais circunst\u00e2ncias do Tesouro do Estado&#8221;, ponderou o chefe da Casa Civil, F\u00e1bio Branco, que reconheceu a inten\u00e7\u00e3o do governo de evitar o ajuizamento de a\u00e7\u00f5es de cobran\u00e7a contra o Estado.<br \/>\nBranco anunciou ainda que o governo est\u00e1 pedindo regime de urg\u00eancia para projeto que j\u00e1 tramita na Assembleia e trata da corre\u00e7\u00e3o, tamb\u00e9m pelo \u00edndice da poupan\u00e7a, pelo atraso no pagamento do 13\u00ba sal\u00e1rio.<br \/>\nJ\u00e1 o secret\u00e1rio da Fazenda, Giovani Feltes, explicou que a indeniza\u00e7\u00e3o ser\u00e1 paga na folha do m\u00eas subsequente \u00e0quele em que ocorrer o atraso do sal\u00e1rio e ser\u00e1 calculada exclusivamente sobre a parcela n\u00e3o paga no prazo legal e por dia de atraso. A indeniza\u00e7\u00e3o relativa aos atrasos de sal\u00e1rios retroativos, a contar de 1\u00ba de julho de 2015, ser\u00e1 paga no m\u00eas subsequente ao da publica\u00e7\u00e3o da lei complementar.<\/p>\n","protected":false},"excerpt":{"rendered":"<p>O governo do Estado encaminhou, na tarde desta ter\u00e7a-feira, 26\/09, \u00e0 Assembleia Legislativa, projeto de lei complementar (PLC) que estabelece indeniza\u00e7\u00e3o aos servidores p\u00fablicos, ativos e inativos, e pensionistas, pelos dias de atraso no pagamento dos sal\u00e1rios. A indeniza\u00e7\u00e3o ser\u00e1 calculada pelo \u00edndice da poupan\u00e7a e ser\u00e1 retroativa ao in\u00edcio do parcelamento dos sal\u00e1rios, em [&hellip;]<\/p>\n","protected":false},"author":4,"featured_media":55662,"comment_status":"open","ping_status":"closed","sticky":false,"template":"","format":"standard","meta":{"_jetpack_newsletter_access":"","_jetpack_dont_email_post_to_subs":false,"_jetpack_newsletter_tier_id":0,"_jetpack_memberships_contains_paywalled_content":false,"_jetpack_feature_clip_id":0,"_jetpack_memberships_contains_paid_content":false,"footnotes":"","jetpack_post_was_ever_published":false},"categories":[26],"tags":[],"class_list":["post-55661","post","type-post","status-publish","format-standard","has-post-thumbnail","hentry","category-geral"],"aioseo_notices":[],"aioseo_head":"\n\t\t<!-- All in One SEO 5.0.1.1 - aioseo.com -->\n\t<meta name=\"robots\" content=\"max-image-preview:large\" \/>\n\t<meta name=\"author\" content=\"da Reda\u00e7\u00e3o\"\/>\n\t<link rel=\"canonical\" href=\"https:\/\/www.jornalja.com.br\/arquivo\/para-frear-acoes-na-justica-piratini-apresenta-projeto-de-indenizacao-por-atraso-de-salarios\/\" \/>\n\t<meta name=\"generator\" content=\"All in One SEO (AIOSEO) 5.0.1.1\" \/>\n\t\t<meta property=\"og:locale\" content=\"pt_BR\" \/>\n\t\t<meta property=\"og:site_name\" content=\"Arquivo | Jornal J\u00c1 | Porto Alegre\" \/>\n\t\t<meta property=\"og:type\" content=\"article\" \/>\n\t\t<meta property=\"og:title\" content=\"Para frear a\u00e7\u00f5es na Justi\u00e7a, Piratini apresenta projeto de indeniza\u00e7\u00e3o por atraso de sal\u00e1rios | Arquivo\" \/>\n\t\t<meta property=\"og:url\" content=\"https:\/\/www.jornalja.com.br\/arquivo\/para-frear-acoes-na-justica-piratini-apresenta-projeto-de-indenizacao-por-atraso-de-salarios\/\" \/>\n\t\t<meta property=\"og:image\" content=\"https:\/\/www.jornalja.com.br\/economics\/wp-content\/uploads\/sites\/11\/2026\/08\/ja-folhaderosto-facebook.jpg\" \/>\n\t\t<meta property=\"og:image:secure_url\" content=\"https:\/\/www.jornalja.com.br\/economics\/wp-content\/uploads\/sites\/11\/2026\/08\/ja-folhaderosto-facebook.jpg\" \/>\n\t\t<meta property=\"article:published_time\" content=\"2017-09-26T22:18:30+00:00\" \/>\n\t\t<meta property=\"article:modified_time\" content=\"2017-09-26T22:18:30+00:00\" \/>\n\t\t<meta name=\"twitter:card\" content=\"summary\" \/>\n\t\t<meta name=\"twitter:title\" content=\"Para frear a\u00e7\u00f5es na Justi\u00e7a, Piratini apresenta projeto de indeniza\u00e7\u00e3o por atraso de sal\u00e1rios | Arquivo\" \/>\n\t\t<meta name=\"twitter:image\" content=\"https:\/\/www.jornalja.com.br\/economics\/wp-content\/uploads\/sites\/11\/2026\/08\/ja-folhaderosto-facebook.jpg\" \/>\n\t\t<script type=\"application\/ld+json\" class=\"aioseo-schema\">\n\t\t\t{\"@context\":\"https:\\\/\\\/schema.org\",\"@graph\":[{\"@type\":\"BlogPosting\",\"@id\":\"https:\\\/\\\/www.jornalja.com.br\\\/arquivo\\\/para-frear-acoes-na-justica-piratini-apresenta-projeto-de-indenizacao-por-atraso-de-salarios\\\/#blogposting\",\"name\":\"Para frear a\\u00e7\\u00f5es na Justi\\u00e7a, Piratini apresenta projeto de indeniza\\u00e7\\u00e3o por atraso de sal\\u00e1rios | Arquivo\",\"headline\":\"Para frear a\\u00e7\\u00f5es na Justi\\u00e7a, Piratini apresenta projeto de indeniza\\u00e7\\u00e3o por atraso de sal\\u00e1rios\",\"author\":{\"@id\":\"https:\\\/\\\/www.jornalja.com.br\\\/arquivo\\\/author\\\/daredacao\\\/#author\"},\"publisher\":{\"@id\":\"https:\\\/\\\/www.jornalja.com.br\\\/arquivo\\\/#organization\"},\"image\":{\"@type\":\"ImageObject\",\"url\":55662},\"datePublished\":\"2017-09-26T19:18:30-03:00\",\"dateModified\":\"2017-09-26T19:18:30-03:00\",\"inLanguage\":\"pt-BR\",\"mainEntityOfPage\":{\"@id\":\"https:\\\/\\\/www.jornalja.com.br\\\/arquivo\\\/para-frear-acoes-na-justica-piratini-apresenta-projeto-de-indenizacao-por-atraso-de-salarios\\\/#webpage\"},\"isPartOf\":{\"@id\":\"https:\\\/\\\/www.jornalja.com.br\\\/arquivo\\\/para-frear-acoes-na-justica-piratini-apresenta-projeto-de-indenizacao-por-atraso-de-salarios\\\/#webpage\"},\"articleSection\":\"Geral\"},{\"@type\":\"BreadcrumbList\",\"@id\":\"https:\\\/\\\/www.jornalja.com.br\\\/arquivo\\\/para-frear-acoes-na-justica-piratini-apresenta-projeto-de-indenizacao-por-atraso-de-salarios\\\/#breadcrumblist\",\"itemListElement\":[{\"@type\":\"ListItem\",\"@id\":\"https:\\\/\\\/www.jornalja.com.br\\\/arquivo#listItem\",\"position\":1,\"name\":\"Home\",\"item\":\"https:\\\/\\\/www.jornalja.com.br\\\/arquivo\",\"nextItem\":{\"@type\":\"ListItem\",\"@id\":\"https:\\\/\\\/www.jornalja.com.br\\\/arquivo\\\/category\\\/geral\\\/#listItem\",\"name\":\"Geral\"}},{\"@type\":\"ListItem\",\"@id\":\"https:\\\/\\\/www.jornalja.com.br\\\/arquivo\\\/category\\\/geral\\\/#listItem\",\"position\":2,\"name\":\"Geral\",\"item\":\"https:\\\/\\\/www.jornalja.com.br\\\/arquivo\\\/category\\\/geral\\\/\",\"nextItem\":{\"@type\":\"ListItem\",\"@id\":\"https:\\\/\\\/www.jornalja.com.br\\\/arquivo\\\/para-frear-acoes-na-justica-piratini-apresenta-projeto-de-indenizacao-por-atraso-de-salarios\\\/#listItem\",\"name\":\"Para frear a\\u00e7\\u00f5es na Justi\\u00e7a, Piratini apresenta projeto de indeniza\\u00e7\\u00e3o por atraso de sal\\u00e1rios\"},\"previousItem\":{\"@type\":\"ListItem\",\"@id\":\"https:\\\/\\\/www.jornalja.com.br\\\/arquivo#listItem\",\"name\":\"Home\"}},{\"@type\":\"ListItem\",\"@id\":\"https:\\\/\\\/www.jornalja.com.br\\\/arquivo\\\/para-frear-acoes-na-justica-piratini-apresenta-projeto-de-indenizacao-por-atraso-de-salarios\\\/#listItem\",\"position\":3,\"name\":\"Para frear a\\u00e7\\u00f5es na Justi\\u00e7a, Piratini apresenta projeto de indeniza\\u00e7\\u00e3o por atraso de sal\\u00e1rios\",\"previousItem\":{\"@type\":\"ListItem\",\"@id\":\"https:\\\/\\\/www.jornalja.com.br\\\/arquivo\\\/category\\\/geral\\\/#listItem\",\"name\":\"Geral\"}}]},{\"@type\":\"Organization\",\"@id\":\"https:\\\/\\\/www.jornalja.com.br\\\/arquivo\\\/#organization\",\"name\":\"Jornal J\\u00c1\",\"description\":\"Jornal J\\u00c1 | Porto Alegre\",\"url\":\"https:\\\/\\\/www.jornalja.com.br\\\/arquivo\\\/\",\"telephone\":\"+555133307272\",\"logo\":{\"@type\":\"ImageObject\",\"url\":\"https:\\\/\\\/www.jornalja.com.br\\\/wp-content\\\/uploads\\\/cards\\\/JAslogan.png\",\"@id\":\"https:\\\/\\\/www.jornalja.com.br\\\/arquivo\\\/para-frear-acoes-na-justica-piratini-apresenta-projeto-de-indenizacao-por-atraso-de-salarios\\\/#organizationLogo\"},\"image\":{\"@id\":\"https:\\\/\\\/www.jornalja.com.br\\\/arquivo\\\/para-frear-acoes-na-justica-piratini-apresenta-projeto-de-indenizacao-por-atraso-de-salarios\\\/#organizationLogo\"}},{\"@type\":\"Person\",\"@id\":\"https:\\\/\\\/www.jornalja.com.br\\\/arquivo\\\/author\\\/daredacao\\\/#author\",\"url\":\"https:\\\/\\\/www.jornalja.com.br\\\/arquivo\\\/author\\\/daredacao\\\/\",\"name\":\"da Reda\\u00e7\\u00e3o\",\"image\":{\"@type\":\"ImageObject\",\"@id\":\"https:\\\/\\\/www.jornalja.com.br\\\/arquivo\\\/para-frear-acoes-na-justica-piratini-apresenta-projeto-de-indenizacao-por-atraso-de-salarios\\\/#authorImage\",\"url\":\"https:\\\/\\\/secure.gravatar.com\\\/avatar\\\/469fd857d6605ad19919d27ed29d35a968a25f6e8fd9318356bbb7f57aae9c65?s=96&d=mm&r=g\",\"width\":96,\"height\":96,\"caption\":\"da Reda\\u00e7\\u00e3o\"}},{\"@type\":\"WebPage\",\"@id\":\"https:\\\/\\\/www.jornalja.com.br\\\/arquivo\\\/para-frear-acoes-na-justica-piratini-apresenta-projeto-de-indenizacao-por-atraso-de-salarios\\\/#webpage\",\"url\":\"https:\\\/\\\/www.jornalja.com.br\\\/arquivo\\\/para-frear-acoes-na-justica-piratini-apresenta-projeto-de-indenizacao-por-atraso-de-salarios\\\/\",\"name\":\"Para frear a\\u00e7\\u00f5es na Justi\\u00e7a, Piratini apresenta projeto de indeniza\\u00e7\\u00e3o por atraso de sal\\u00e1rios | Arquivo\",\"inLanguage\":\"pt-BR\",\"isPartOf\":{\"@id\":\"https:\\\/\\\/www.jornalja.com.br\\\/arquivo\\\/#website\"},\"breadcrumb\":{\"@id\":\"https:\\\/\\\/www.jornalja.com.br\\\/arquivo\\\/para-frear-acoes-na-justica-piratini-apresenta-projeto-de-indenizacao-por-atraso-de-salarios\\\/#breadcrumblist\"},\"author\":{\"@id\":\"https:\\\/\\\/www.jornalja.com.br\\\/arquivo\\\/author\\\/daredacao\\\/#author\"},\"creator\":{\"@id\":\"https:\\\/\\\/www.jornalja.com.br\\\/arquivo\\\/author\\\/daredacao\\\/#author\"},\"image\":{\"@type\":\"ImageObject\",\"url\":55662,\"@id\":\"https:\\\/\\\/www.jornalja.com.br\\\/arquivo\\\/para-frear-acoes-na-justica-piratini-apresenta-projeto-de-indenizacao-por-atraso-de-salarios\\\/#mainImage\"},\"primaryImageOfPage\":{\"@id\":\"https:\\\/\\\/www.jornalja.com.br\\\/arquivo\\\/para-frear-acoes-na-justica-piratini-apresenta-projeto-de-indenizacao-por-atraso-de-salarios\\\/#mainImage\"},\"datePublished\":\"2017-09-26T19:18:30-03:00\",\"dateModified\":\"2017-09-26T19:18:30-03:00\"},{\"@type\":\"WebSite\",\"@id\":\"https:\\\/\\\/www.jornalja.com.br\\\/arquivo\\\/#website\",\"url\":\"https:\\\/\\\/www.jornalja.com.br\\\/arquivo\\\/\",\"name\":\"Arquivo\",\"description\":\"Jornal J\\u00c1 | Porto Alegre\",\"inLanguage\":\"pt-BR\",\"publisher\":{\"@id\":\"https:\\\/\\\/www.jornalja.com.br\\\/arquivo\\\/#organization\"}}]}\n\t\t<\/script>\n\t\t<!-- All in One SEO -->\n\n","aioseo_head_json":{"title":"Para frear a\u00e7\u00f5es na Justi\u00e7a, Piratini apresenta projeto de indeniza\u00e7\u00e3o por atraso de sal\u00e1rios | Arquivo","description":"","canonical_url":"https:\/\/www.jornalja.com.br\/arquivo\/para-frear-acoes-na-justica-piratini-apresenta-projeto-de-indenizacao-por-atraso-de-salarios\/","robots":"max-image-preview:large","keywords":"","webmasterTools":{"miscellaneous":""},"schema":{"@context":"https:\/\/schema.org","@graph":[{"@type":"BlogPosting","@id":"https:\/\/www.jornalja.com.br\/arquivo\/para-frear-acoes-na-justica-piratini-apresenta-projeto-de-indenizacao-por-atraso-de-salarios\/#blogposting","name":"Para frear a\u00e7\u00f5es na Justi\u00e7a, Piratini apresenta projeto de indeniza\u00e7\u00e3o por atraso de sal\u00e1rios | Arquivo","headline":"Para frear a\u00e7\u00f5es na Justi\u00e7a, Piratini apresenta projeto de indeniza\u00e7\u00e3o por atraso de sal\u00e1rios","author":{"@id":"https:\/\/www.jornalja.com.br\/arquivo\/author\/daredacao\/#author"},"publisher":{"@id":"https:\/\/www.jornalja.com.br\/arquivo\/#organization"},"image":{"@type":"ImageObject","url":55662},"datePublished":"2017-09-26T19:18:30-03:00","dateModified":"2017-09-26T19:18:30-03:00","inLanguage":"pt-BR","mainEntityOfPage":{"@id":"https:\/\/www.jornalja.com.br\/arquivo\/para-frear-acoes-na-justica-piratini-apresenta-projeto-de-indenizacao-por-atraso-de-salarios\/#webpage"},"isPartOf":{"@id":"https:\/\/www.jornalja.com.br\/arquivo\/para-frear-acoes-na-justica-piratini-apresenta-projeto-de-indenizacao-por-atraso-de-salarios\/#webpage"},"articleSection":"Geral"},{"@type":"BreadcrumbList","@id":"https:\/\/www.jornalja.com.br\/arquivo\/para-frear-acoes-na-justica-piratini-apresenta-projeto-de-indenizacao-por-atraso-de-salarios\/#breadcrumblist","itemListElement":[{"@type":"ListItem","@id":"https:\/\/www.jornalja.com.br\/arquivo#listItem","position":1,"name":"Home","item":"https:\/\/www.jornalja.com.br\/arquivo","nextItem":{"@type":"ListItem","@id":"https:\/\/www.jornalja.com.br\/arquivo\/category\/geral\/#listItem","name":"Geral"}},{"@type":"ListItem","@id":"https:\/\/www.jornalja.com.br\/arquivo\/category\/geral\/#listItem","position":2,"name":"Geral","item":"https:\/\/www.jornalja.com.br\/arquivo\/category\/geral\/","nextItem":{"@type":"ListItem","@id":"https:\/\/www.jornalja.com.br\/arquivo\/para-frear-acoes-na-justica-piratini-apresenta-projeto-de-indenizacao-por-atraso-de-salarios\/#listItem","name":"Para frear a\u00e7\u00f5es na Justi\u00e7a, Piratini apresenta projeto de indeniza\u00e7\u00e3o por atraso de sal\u00e1rios"},"previousItem":{"@type":"ListItem","@id":"https:\/\/www.jornalja.com.br\/arquivo#listItem","name":"Home"}},{"@type":"ListItem","@id":"https:\/\/www.jornalja.com.br\/arquivo\/para-frear-acoes-na-justica-piratini-apresenta-projeto-de-indenizacao-por-atraso-de-salarios\/#listItem","position":3,"name":"Para frear a\u00e7\u00f5es na Justi\u00e7a, Piratini apresenta projeto de indeniza\u00e7\u00e3o por atraso de sal\u00e1rios","previousItem":{"@type":"ListItem","@id":"https:\/\/www.jornalja.com.br\/arquivo\/category\/geral\/#listItem","name":"Geral"}}]},{"@type":"Organization","@id":"https:\/\/www.jornalja.com.br\/arquivo\/#organization","name":"Jornal J\u00c1","description":"Jornal J\u00c1 | Porto Alegre","url":"https:\/\/www.jornalja.com.br\/arquivo\/","telephone":"+555133307272","logo":{"@type":"ImageObject","url":"https:\/\/www.jornalja.com.br\/wp-content\/uploads\/cards\/JAslogan.png","@id":"https:\/\/www.jornalja.com.br\/arquivo\/para-frear-acoes-na-justica-piratini-apresenta-projeto-de-indenizacao-por-atraso-de-salarios\/#organizationLogo"},"image":{"@id":"https:\/\/www.jornalja.com.br\/arquivo\/para-frear-acoes-na-justica-piratini-apresenta-projeto-de-indenizacao-por-atraso-de-salarios\/#organizationLogo"}},{"@type":"Person","@id":"https:\/\/www.jornalja.com.br\/arquivo\/author\/daredacao\/#author","url":"https:\/\/www.jornalja.com.br\/arquivo\/author\/daredacao\/","name":"da Reda\u00e7\u00e3o","image":{"@type":"ImageObject","@id":"https:\/\/www.jornalja.com.br\/arquivo\/para-frear-acoes-na-justica-piratini-apresenta-projeto-de-indenizacao-por-atraso-de-salarios\/#authorImage","url":"https:\/\/secure.gravatar.com\/avatar\/469fd857d6605ad19919d27ed29d35a968a25f6e8fd9318356bbb7f57aae9c65?s=96&d=mm&r=g","width":96,"height":96,"caption":"da Reda\u00e7\u00e3o"}},{"@type":"WebPage","@id":"https:\/\/www.jornalja.com.br\/arquivo\/para-frear-acoes-na-justica-piratini-apresenta-projeto-de-indenizacao-por-atraso-de-salarios\/#webpage","url":"https:\/\/www.jornalja.com.br\/arquivo\/para-frear-acoes-na-justica-piratini-apresenta-projeto-de-indenizacao-por-atraso-de-salarios\/","name":"Para frear a\u00e7\u00f5es na Justi\u00e7a, Piratini apresenta projeto de indeniza\u00e7\u00e3o por atraso de sal\u00e1rios | Arquivo","inLanguage":"pt-BR","isPartOf":{"@id":"https:\/\/www.jornalja.com.br\/arquivo\/#website"},"breadcrumb":{"@id":"https:\/\/www.jornalja.com.br\/arquivo\/para-frear-acoes-na-justica-piratini-apresenta-projeto-de-indenizacao-por-atraso-de-salarios\/#breadcrumblist"},"author":{"@id":"https:\/\/www.jornalja.com.br\/arquivo\/author\/daredacao\/#author"},"creator":{"@id":"https:\/\/www.jornalja.com.br\/arquivo\/author\/daredacao\/#author"},"image":{"@type":"ImageObject","url":55662,"@id":"https:\/\/www.jornalja.com.br\/arquivo\/para-frear-acoes-na-justica-piratini-apresenta-projeto-de-indenizacao-por-atraso-de-salarios\/#mainImage"},"primaryImageOfPage":{"@id":"https:\/\/www.jornalja.com.br\/arquivo\/para-frear-acoes-na-justica-piratini-apresenta-projeto-de-indenizacao-por-atraso-de-salarios\/#mainImage"},"datePublished":"2017-09-26T19:18:30-03:00","dateModified":"2017-09-26T19:18:30-03:00"},{"@type":"WebSite","@id":"https:\/\/www.jornalja.com.br\/arquivo\/#website","url":"https:\/\/www.jornalja.com.br\/arquivo\/","name":"Arquivo","description":"Jornal J\u00c1 | Porto Alegre","inLanguage":"pt-BR","publisher":{"@id":"https:\/\/www.jornalja.com.br\/arquivo\/#organization"}}]},"og:locale":"pt_BR","og:site_name":"Arquivo | Jornal J\u00c1 | Porto Alegre","og:type":"article","og:title":"Para frear a\u00e7\u00f5es na Justi\u00e7a, Piratini apresenta projeto de indeniza\u00e7\u00e3o por atraso de sal\u00e1rios | Arquivo","og:url":"https:\/\/www.jornalja.com.br\/arquivo\/para-frear-acoes-na-justica-piratini-apresenta-projeto-de-indenizacao-por-atraso-de-salarios\/","og:image":"https:\/\/www.jornalja.com.br\/economics\/wp-content\/uploads\/sites\/11\/2026\/08\/ja-folhaderosto-facebook.jpg","og:image:secure_url":"https:\/\/www.jornalja.com.br\/economics\/wp-content\/uploads\/sites\/11\/2026\/08\/ja-folhaderosto-facebook.jpg","article:published_time":"2017-09-26T22:18:30+00:00","article:modified_time":"2017-09-26T22:18:30+00:00","twitter:card":"summary","twitter:title":"Para frear a\u00e7\u00f5es na Justi\u00e7a, Piratini apresenta projeto de indeniza\u00e7\u00e3o por atraso de sal\u00e1rios | Arquivo","twitter:image":"https:\/\/www.jornalja.com.br\/economics\/wp-content\/uploads\/sites\/11\/2026\/08\/ja-folhaderosto-facebook.jpg"},"aioseo_meta_data":{"post_id":"55661","title":null,"description":null,"keywords":null,"keyphrases":null,"primary_term":null,"canonical_url":null,"og_title":null,"og_description":null,"og_object_type":"default","og_image_type":"default","og_image_url":null,"og_image_width":null,"og_image_height":null,"og_image_custom_url":null,"og_image_custom_fields":null,"og_video":null,"og_custom_url":null,"og_article_section":null,"og_article_tags":null,"twitter_use_og":false,"twitter_card":"default","twitter_image_type":"default","twitter_image_url":null,"twitter_image_custom_url":null,"twitter_image_custom_fields":null,"twitter_title":null,"twitter_description":null,"schema":{"blockGraphs":[],"customGraphs":[],"default":{"data":{"Article":[],"Course":[],"Dataset":[],"FAQPage":[],"Movie":[],"Person":[],"Product":[],"ProductReview":[],"Car":[],"Recipe":[],"Service":[],"SoftwareApplication":[],"WebPage":[]},"graphName":"","isEnabled":true},"graphs":[],"defaultGraph":"","defaultPostTypeGraph":""},"schema_type":null,"schema_type_options":null,"pillar_content":false,"robots_default":true,"robots_noindex":false,"robots_noarchive":false,"robots_nosnippet":false,"robots_nofollow":false,"robots_noimageindex":false,"robots_noodp":false,"robots_notranslate":false,"robots_max_snippet":null,"robots_max_videopreview":null,"robots_max_imagepreview":"large","priority":null,"frequency":null,"location":null,"local_seo":null,"breadcrumb_settings":null,"limit_modified_date":false,"ai":null,"created":"2020-12-20 20:24:05","updated":"2025-07-20 01:21:48","seo_analyzer_scan_date":null,"focus_keyword":null,"additional_keywords":null,"truseo_locale":null},"jetpack_sharing_enabled":true,"jetpack-related-posts":[{"id":13240,"url":"https:\/\/www.jornalja.com.br\/arquivo\/plano-diretor-estamos-construindo-o-caos\/","url_meta":{"origin":55661,"position":0},"title":"Plano diretor: &quot;Estamos construindo o caos&quot;","author":"Patr\u00edcia Marini","date":"26 de maio de 2014","format":false,"excerpt":"Desabafo que arquiteta Eliana Castilhos, delegada da Regi\u00e3o de Planejamento 1, postou nas redes sociais \u00e9 um testemunho do ambiente que se criou no Conselho do Plano Diretor de Porto Alegre, onde a aprova\u00e7\u00e3o de grandes empreendimentos \u00e9 empurrada guela abaixo dos conselheiros. Ao CMDUA Como delegada da Regi\u00e3o de\u2026","rel":"","context":"Em &quot;Geral&quot;","block_context":{"text":"Geral","link":"https:\/\/www.jornalja.com.br\/arquivo\/category\/geral\/"},"img":{"alt_text":"","src":"","width":0,"height":0},"classes":[]},{"id":5440,"url":"https:\/\/www.jornalja.com.br\/arquivo\/casarao-da-venancio-destino-permanece-incerto\/","url_meta":{"origin":55661,"position":1},"title":"Estado ainda n\u00e3o sabe o que fazer com casar\u00e3o abandonado h\u00e1 20 anos","author":"Elmar Bones","date":"6 de julho de 2009","format":false,"excerpt":"O casar\u00e3o amarelo, numa esquina nobre de Porto Alegre (Ven\u00e2ncio Aires com Jo\u00e3o Pessoa), j\u00e1 abrigou uma escola. H\u00e1 duas d\u00e9cadas, pelo menos, est\u00e1 abandonado, porque seu propriet\u00e1rio, o governo do Estado do Rio Grande do Sul, n\u00e3o consegue achar um destino para ele. Planos n\u00e3o faltaram. O governador Ol\u00edvio\u2026","rel":"","context":"Em &quot;X.Categorias velhas&quot;","block_context":{"text":"X.Categorias velhas","link":"https:\/\/www.jornalja.com.br\/arquivo\/category\/x-categorias-velhas\/"},"img":{"alt_text":"geraldo1","src":"https:\/\/i0.wp.com\/www.jornalja.com.br\/wp-content\/uploads\/2009\/07\/geraldo1.jpg?resize=350%2C200&ssl=1","width":350,"height":200},"classes":[]},{"id":13124,"url":"https:\/\/www.jornalja.com.br\/arquivo\/sangue-latino-no-iecine\/","url_meta":{"origin":55661,"position":2},"title":"Sangue latino no IECINE","author":"da Reda\u00e7\u00e3o","date":"18 de maio de 2014","format":false,"excerpt":"Francisco Ribeiro O Instituto Estadual de Cinema (IECINE) tem a frente, desde abril \u00faltimo, um novo diretor, o cineasta colombiano Juan Zapata, 36, que substitui Luiz Alberto Cassol. Radicado h\u00e1 dez anos em Porto Alegre, Zapata tem diante de si o desafio de conduzir at\u00e9 o final do ano um\u2026","rel":"","context":"Em &quot;Cultura-Geral&quot;","block_context":{"text":"Cultura-Geral","link":"https:\/\/www.jornalja.com.br\/arquivo\/category\/materiasecundaria\/"},"img":{"alt_text":"","src":"","width":0,"height":0},"classes":[]},{"id":14241,"url":"https:\/\/www.jornalja.com.br\/arquivo\/o-guaiba-nas-imagens-poeticas-de-achutti\/","url_meta":{"origin":55661,"position":3},"title":"O Gua\u00edba nas imagens po\u00e9ticas de Achutti","author":"da Reda\u00e7\u00e3o","date":"18 de junho de 2014","format":false,"excerpt":"Em \u201cO Gua\u00edba por Achutti\u201d \u2013 obra financiada via Minist\u00e9rio da Cultura, produ\u00e7\u00e3o executiva de Pedro Longhi, e Fl\u00e1vio Wild como designer \u2013, o fot\u00f3grafo revela a beleza e as mazelas de um espa\u00e7o aqu\u00e1tico de \u00e1guas sempre renovadas, cheio de hist\u00f3rias e lendas como as das cidades que foram\u2026","rel":"","context":"Em &quot;Cultura-Geral&quot;","block_context":{"text":"Cultura-Geral","link":"https:\/\/www.jornalja.com.br\/arquivo\/category\/materiasecundaria\/"},"img":{"alt_text":"","src":"","width":0,"height":0},"classes":[]},{"id":13128,"url":"https:\/\/www.jornalja.com.br\/arquivo\/maconha-terra-diz-que-uso-medicinal-e-desculpa\/","url_meta":{"origin":55661,"position":4},"title":"Maconha: Terra diz que uso medicinal \u00e9 desculpa","author":"Patr\u00edcia Marini","date":"4 de junho de 2014","format":false,"excerpt":"A condi\u00e7\u00e3o de pol\u00edtico, em \u00e9poca de campanha de campanha eleitoral, tira for\u00e7a do discurso do m\u00e9dico Osmar Terra contra a legaliza\u00e7\u00e3o da maconha. A tese dele de que a libera\u00e7\u00e3o vai ampliar exponencialmente o consumo \u00e9 discutivel, o consumo \u00e9 corrente. Mas seus alertas quanto aos riscos tem que\u2026","rel":"","context":"Em &quot;X.Categorias velhas&quot;","block_context":{"text":"X.Categorias velhas","link":"https:\/\/www.jornalja.com.br\/arquivo\/category\/x-categorias-velhas\/"},"img":{"alt_text":"","src":"","width":0,"height":0},"classes":[]},{"id":13101,"url":"https:\/\/www.jornalja.com.br\/arquivo\/morre-um-guerreiro-do-texto\/","url_meta":{"origin":55661,"position":5},"title":"Morre um guerreiro do texto","author":"Patr\u00edcia Marini","date":"14 de maio de 2014","format":false,"excerpt":"Por Ricardo Kotscho Reproduzido do blog do autor, 11\/5\/2014; t\u00edtulo original \u201cE l\u00e1 se foi o nosso Myltainho, guerreiro do texto\u201d. Mi\u00fado e franzino, meu amigo Myltainho era um valente e inconformado guerreiro na luta contra as injusti\u00e7as sociais, a hipocrisia, as maracutaias, o autoritarismo, a intoler\u00e2ncia, a viol\u00eancia, o\u2026","rel":"","context":"Em &quot;Geral&quot;","block_context":{"text":"Geral","link":"https:\/\/www.jornalja.com.br\/arquivo\/category\/geral\/"},"img":{"alt_text":"","src":"","width":0,"height":0},"classes":[]}],"jetpack_shortlink":"https:\/\/wp.me\/pbQjBd-etL","jetpack_featured_media_url":"","_links":{"self":[{"href":"https:\/\/www.jornalja.com.br\/arquivo\/wp-json\/wp\/v2\/posts\/55661","targetHints":{"allow":["GET"]}}],"collection":[{"href":"https:\/\/www.jornalja.com.br\/arquivo\/wp-json\/wp\/v2\/posts"}],"about":[{"href":"https:\/\/www.jornalja.com.br\/arquivo\/wp-json\/wp\/v2\/types\/post"}],"author":[{"embeddable":true,"href":"https:\/\/www.jornalja.com.br\/arquivo\/wp-json\/wp\/v2\/users\/4"}],"replies":[{"embeddable":true,"href":"https:\/\/www.jornalja.com.br\/arquivo\/wp-json\/wp\/v2\/comments?post=55661"}],"version-history":[{"count":0,"href":"https:\/\/www.jornalja.com.br\/arquivo\/wp-json\/wp\/v2\/posts\/55661\/revisions"}],"wp:attachment":[{"href":"https:\/\/www.jornalja.com.br\/arquivo\/wp-json\/wp\/v2\/media?parent=55661"}],"wp:term":[{"taxonomy":"category","embeddable":true,"href":"https:\/\/www.jornalja.com.br\/arquivo\/wp-json\/wp\/v2\/categories?post=55661"},{"taxonomy":"post_tag","embeddable":true,"href":"https:\/\/www.jornalja.com.br\/arquivo\/wp-json\/wp\/v2\/tags?post=55661"}],"curies":[{"name":"wp","href":"https:\/\/api.w.org\/{rel}","templated":true}]}}