{"id":55697,"date":"2017-09-27T18:30:53","date_gmt":"2017-09-27T21:30:53","guid":{"rendered":"https:\/\/www.jornalja.com.br\/?p=55697"},"modified":"2017-09-27T18:30:53","modified_gmt":"2017-09-27T21:30:53","slug":"deputados-de-oposicao-defendem-estatais-de-energia-na-assembleia","status":"publish","type":"post","link":"https:\/\/www.jornalja.com.br\/arquivo\/deputados-de-oposicao-defendem-estatais-de-energia-na-assembleia\/","title":{"rendered":"Deputados de oposi\u00e7\u00e3o defendem estatais de energia na Assembleia"},"content":{"rendered":"<p>O grande expediente especial da Assembleia Legislativa ga\u00facha nesta quarta-feira, 27\/09, discutiu o projeto de privatiza\u00e7\u00f5es do governo Sartori. Proposto pelo deputado Pedro Ruas (PSOL), o encontro destacou a import\u00e2ncia da CEEE, CRM e Sulg\u00e1s para o desenvolvimento do Rio Grande do Sul e avaliou as estatais de energia como patrim\u00f4nio estrat\u00e9gico dos ga\u00fachos.<br \/>\n\u201cComo pode um governo que representa a sociedade ter t\u00e3o pouco apre\u00e7o pelo que \u00e9 de todos\u201d, disse Ruas. O deputado citou recente viagem do governador Sartori para Bras\u00edlia para \u201cdispor em todos os sentidos do patrim\u00f4nio que \u00e9 nosso\u201d. Para Pedro Ruas a negocia\u00e7\u00e3o \u00e9 conduzida com desprezo: \u201cvendemos o fil\u00e9 e ficamos com a carne de pesco\u00e7o. Tudo isso ignorando o lucro da CEEE em 2015, de R$ 500 milh\u00f5es, e o fato de que as empresas s\u00e3o lucrativas apesar de gest\u00f5es temerosas&#8221;, afirmou Ruas.<br \/>\nSobre a Companhia Riograndense de Minera\u00e7\u00e3o, a CRM, Pedro Ruas referiu o potencial de 90% das reservas de carv\u00e3o mineral do pa\u00eds em solo ga\u00facho. &#8220;E o governador Sartori, em visita ao Jap\u00e3o&#8221; \u2013 contou o deputado da tribuna \u2013 &#8220;manifestou surpresa e encantamento ao conhecer usina termoel\u00e9trica a carv\u00e3o e o aproveitamento dos res\u00edduos do carv\u00e3o, transformados em tijolos&#8221;. Essa experi\u00eancia, o tijolo de cinza de carv\u00e3o, relatou, em 1999 j\u00e1 era realizada pela Funda\u00e7\u00e3o de Ci\u00eancia e Tecnologia, a Cientec.<br \/>\nSobre a comercializa\u00e7\u00e3o de g\u00e1s, salientou que a Sulg\u00e1s tamb\u00e9m \u00e9 modelo, \u201cs\u00f3 em Porto Alegre s\u00e3o 450 quil\u00f4metros, quero ver como vai ficar com a venda da Sulg\u00e1s\u201d, indagou. A inten\u00e7\u00e3o do governo, continuou Ruas, \u201c\u00e9 vender algo que tem muito valor de mercado\u201d, afirmou, criticando essa vis\u00e3o de desconstru\u00e7\u00e3o da gest\u00e3o.<br \/>\nO parlamentar acredita que a realiza\u00e7\u00e3o de plebiscito para decidir sobre a privatiza\u00e7\u00e3o ou n\u00e3o das empresas ser\u00e1 uma oportunidade de reverter o que considera um panorama negativo. &#8220;Mostraremos \u00e0 popula\u00e7\u00e3o os favorecimentos do governo aos sonegadores e o valor das empresas estatais para recompor o crescimento estadual&#8221;, observou.<br \/>\nPedro Ruas ainda cobrou transpar\u00eancia do governador, considerando que antes de negociar o patrim\u00f4nio dos ga\u00fachos Sartori deveria reavaliar as isen\u00e7\u00f5es fiscais. \u201cAs isen\u00e7\u00f5es alcan\u00e7am R$ 9 bilh\u00f5es, a sonega\u00e7\u00e3o \u00e9 de R$ 7,8 bilh\u00f5es ao ano, e desconhecemos medidas de combate \u00e0 sonega\u00e7\u00e3o\u201d.<br \/>\nNa avalia\u00e7\u00e3o do parlamentar, \u201ctrata-se de incapacidade de gest\u00e3o\u201d, apontando para os preju\u00edzos provocados ao Estado pela vig\u00eancia da Lei Kandir, que alcan\u00e7a R$ 4 bilh\u00f5es anuais, pedindo a revoga\u00e7\u00e3o dessa medida que \u201cs\u00f3 beneficia o agroneg\u00f3cio\u201d.<br \/>\nO encontro durou cerca de uma hora, e foi acompanhado por cerca de 100 pessoas nas tribunas da AL. Al\u00e9m do deputado do PSOL, ainda falaram a deputada Juliana Brizola (PDT), que questionou o fim do legado trabalhista hist\u00f3rico de Leonel Brizola e lembrou do interesse de grupos internacionais no carv\u00e3o ga\u00facho. \u201c\u00c9 o que est\u00e1 no subsolo o que interessa, sabem disso, e estamos entregando\u201d, disse.<br \/>\nManuela d\u2019\u00c1vila (PCdoB) tamb\u00e9m apontou que o Governo Sartori n\u00e3o apresenta solu\u00e7\u00f5es vi\u00e1veis e anunciou que busca votos para a instala\u00e7\u00e3o de uma CPI dos parcelamentos dos sal\u00e1rios. Ainda manifestaram-se sobre o assunto, com posi\u00e7\u00f5es contr\u00e1rias as vendas das estatais, a deputada Regina Becker Fortunati (Rede), e o deputado Tarc\u00edsio Zimmermann (PT).<\/p>\n","protected":false},"excerpt":{"rendered":"<p>O grande expediente especial da Assembleia Legislativa ga\u00facha nesta quarta-feira, 27\/09, discutiu o projeto de privatiza\u00e7\u00f5es do governo Sartori. Proposto pelo deputado Pedro Ruas (PSOL), o encontro destacou a import\u00e2ncia da CEEE, CRM e Sulg\u00e1s para o desenvolvimento do Rio Grande do Sul e avaliou as estatais de energia como patrim\u00f4nio estrat\u00e9gico dos ga\u00fachos. \u201cComo [&hellip;]<\/p>\n","protected":false},"author":4,"featured_media":55698,"comment_status":"open","ping_status":"closed","sticky":false,"template":"","format":"standard","meta":{"_jetpack_newsletter_access":"","_jetpack_dont_email_post_to_subs":false,"_jetpack_newsletter_tier_id":0,"_jetpack_memberships_contains_paywalled_content":false,"_jetpack_feature_clip_id":0,"_jetpack_memberships_contains_paid_content":false,"footnotes":"","jetpack_post_was_ever_published":false},"categories":[26],"tags":[],"class_list":["post-55697","post","type-post","status-publish","format-standard","has-post-thumbnail","hentry","category-geral"],"aioseo_notices":[],"aioseo_head":"\n\t\t<!-- All in One SEO 5.0.1.1 - aioseo.com -->\n\t<meta name=\"robots\" content=\"max-image-preview:large\" \/>\n\t<meta name=\"author\" content=\"da Reda\u00e7\u00e3o\"\/>\n\t<link rel=\"canonical\" href=\"https:\/\/www.jornalja.com.br\/arquivo\/deputados-de-oposicao-defendem-estatais-de-energia-na-assembleia\/\" \/>\n\t<meta name=\"generator\" content=\"All in One SEO (AIOSEO) 5.0.1.1\" \/>\n\t\t<meta property=\"og:locale\" content=\"pt_BR\" \/>\n\t\t<meta property=\"og:site_name\" content=\"Arquivo | Jornal J\u00c1 | Porto Alegre\" \/>\n\t\t<meta property=\"og:type\" content=\"article\" \/>\n\t\t<meta property=\"og:title\" content=\"Deputados de oposi\u00e7\u00e3o defendem estatais de energia na Assembleia | Arquivo\" \/>\n\t\t<meta property=\"og:url\" content=\"https:\/\/www.jornalja.com.br\/arquivo\/deputados-de-oposicao-defendem-estatais-de-energia-na-assembleia\/\" \/>\n\t\t<meta property=\"og:image\" content=\"https:\/\/www.jornalja.com.br\/economics\/wp-content\/uploads\/sites\/11\/2026\/08\/ja-folhaderosto-facebook.jpg\" \/>\n\t\t<meta property=\"og:image:secure_url\" content=\"https:\/\/www.jornalja.com.br\/economics\/wp-content\/uploads\/sites\/11\/2026\/08\/ja-folhaderosto-facebook.jpg\" \/>\n\t\t<meta property=\"article:published_time\" content=\"2017-09-27T21:30:53+00:00\" \/>\n\t\t<meta property=\"article:modified_time\" content=\"2017-09-27T21:30:53+00:00\" \/>\n\t\t<meta name=\"twitter:card\" content=\"summary\" \/>\n\t\t<meta name=\"twitter:title\" content=\"Deputados de oposi\u00e7\u00e3o defendem estatais de energia na Assembleia | Arquivo\" \/>\n\t\t<meta name=\"twitter:image\" content=\"https:\/\/www.jornalja.com.br\/economics\/wp-content\/uploads\/sites\/11\/2026\/08\/ja-folhaderosto-facebook.jpg\" \/>\n\t\t<script type=\"application\/ld+json\" class=\"aioseo-schema\">\n\t\t\t{\"@context\":\"https:\\\/\\\/schema.org\",\"@graph\":[{\"@type\":\"BlogPosting\",\"@id\":\"https:\\\/\\\/www.jornalja.com.br\\\/arquivo\\\/deputados-de-oposicao-defendem-estatais-de-energia-na-assembleia\\\/#blogposting\",\"name\":\"Deputados de oposi\\u00e7\\u00e3o defendem estatais de energia na Assembleia | Arquivo\",\"headline\":\"Deputados de oposi\\u00e7\\u00e3o defendem estatais de energia na Assembleia\",\"author\":{\"@id\":\"https:\\\/\\\/www.jornalja.com.br\\\/arquivo\\\/author\\\/daredacao\\\/#author\"},\"publisher\":{\"@id\":\"https:\\\/\\\/www.jornalja.com.br\\\/arquivo\\\/#organization\"},\"image\":{\"@type\":\"ImageObject\",\"url\":55698},\"datePublished\":\"2017-09-27T18:30:53-03:00\",\"dateModified\":\"2017-09-27T18:30:53-03:00\",\"inLanguage\":\"pt-BR\",\"mainEntityOfPage\":{\"@id\":\"https:\\\/\\\/www.jornalja.com.br\\\/arquivo\\\/deputados-de-oposicao-defendem-estatais-de-energia-na-assembleia\\\/#webpage\"},\"isPartOf\":{\"@id\":\"https:\\\/\\\/www.jornalja.com.br\\\/arquivo\\\/deputados-de-oposicao-defendem-estatais-de-energia-na-assembleia\\\/#webpage\"},\"articleSection\":\"Geral\"},{\"@type\":\"BreadcrumbList\",\"@id\":\"https:\\\/\\\/www.jornalja.com.br\\\/arquivo\\\/deputados-de-oposicao-defendem-estatais-de-energia-na-assembleia\\\/#breadcrumblist\",\"itemListElement\":[{\"@type\":\"ListItem\",\"@id\":\"https:\\\/\\\/www.jornalja.com.br\\\/arquivo#listItem\",\"position\":1,\"name\":\"Home\",\"item\":\"https:\\\/\\\/www.jornalja.com.br\\\/arquivo\",\"nextItem\":{\"@type\":\"ListItem\",\"@id\":\"https:\\\/\\\/www.jornalja.com.br\\\/arquivo\\\/category\\\/geral\\\/#listItem\",\"name\":\"Geral\"}},{\"@type\":\"ListItem\",\"@id\":\"https:\\\/\\\/www.jornalja.com.br\\\/arquivo\\\/category\\\/geral\\\/#listItem\",\"position\":2,\"name\":\"Geral\",\"item\":\"https:\\\/\\\/www.jornalja.com.br\\\/arquivo\\\/category\\\/geral\\\/\",\"nextItem\":{\"@type\":\"ListItem\",\"@id\":\"https:\\\/\\\/www.jornalja.com.br\\\/arquivo\\\/deputados-de-oposicao-defendem-estatais-de-energia-na-assembleia\\\/#listItem\",\"name\":\"Deputados de oposi\\u00e7\\u00e3o defendem estatais de energia na Assembleia\"},\"previousItem\":{\"@type\":\"ListItem\",\"@id\":\"https:\\\/\\\/www.jornalja.com.br\\\/arquivo#listItem\",\"name\":\"Home\"}},{\"@type\":\"ListItem\",\"@id\":\"https:\\\/\\\/www.jornalja.com.br\\\/arquivo\\\/deputados-de-oposicao-defendem-estatais-de-energia-na-assembleia\\\/#listItem\",\"position\":3,\"name\":\"Deputados de oposi\\u00e7\\u00e3o defendem estatais de energia na Assembleia\",\"previousItem\":{\"@type\":\"ListItem\",\"@id\":\"https:\\\/\\\/www.jornalja.com.br\\\/arquivo\\\/category\\\/geral\\\/#listItem\",\"name\":\"Geral\"}}]},{\"@type\":\"Organization\",\"@id\":\"https:\\\/\\\/www.jornalja.com.br\\\/arquivo\\\/#organization\",\"name\":\"Jornal J\\u00c1\",\"description\":\"Jornal J\\u00c1 | Porto Alegre\",\"url\":\"https:\\\/\\\/www.jornalja.com.br\\\/arquivo\\\/\",\"telephone\":\"+555133307272\",\"logo\":{\"@type\":\"ImageObject\",\"url\":\"https:\\\/\\\/www.jornalja.com.br\\\/wp-content\\\/uploads\\\/cards\\\/JAslogan.png\",\"@id\":\"https:\\\/\\\/www.jornalja.com.br\\\/arquivo\\\/deputados-de-oposicao-defendem-estatais-de-energia-na-assembleia\\\/#organizationLogo\"},\"image\":{\"@id\":\"https:\\\/\\\/www.jornalja.com.br\\\/arquivo\\\/deputados-de-oposicao-defendem-estatais-de-energia-na-assembleia\\\/#organizationLogo\"}},{\"@type\":\"Person\",\"@id\":\"https:\\\/\\\/www.jornalja.com.br\\\/arquivo\\\/author\\\/daredacao\\\/#author\",\"url\":\"https:\\\/\\\/www.jornalja.com.br\\\/arquivo\\\/author\\\/daredacao\\\/\",\"name\":\"da Reda\\u00e7\\u00e3o\",\"image\":{\"@type\":\"ImageObject\",\"@id\":\"https:\\\/\\\/www.jornalja.com.br\\\/arquivo\\\/deputados-de-oposicao-defendem-estatais-de-energia-na-assembleia\\\/#authorImage\",\"url\":\"https:\\\/\\\/secure.gravatar.com\\\/avatar\\\/469fd857d6605ad19919d27ed29d35a968a25f6e8fd9318356bbb7f57aae9c65?s=96&d=mm&r=g\",\"width\":96,\"height\":96,\"caption\":\"da Reda\\u00e7\\u00e3o\"}},{\"@type\":\"WebPage\",\"@id\":\"https:\\\/\\\/www.jornalja.com.br\\\/arquivo\\\/deputados-de-oposicao-defendem-estatais-de-energia-na-assembleia\\\/#webpage\",\"url\":\"https:\\\/\\\/www.jornalja.com.br\\\/arquivo\\\/deputados-de-oposicao-defendem-estatais-de-energia-na-assembleia\\\/\",\"name\":\"Deputados de oposi\\u00e7\\u00e3o defendem estatais de energia na Assembleia | Arquivo\",\"inLanguage\":\"pt-BR\",\"isPartOf\":{\"@id\":\"https:\\\/\\\/www.jornalja.com.br\\\/arquivo\\\/#website\"},\"breadcrumb\":{\"@id\":\"https:\\\/\\\/www.jornalja.com.br\\\/arquivo\\\/deputados-de-oposicao-defendem-estatais-de-energia-na-assembleia\\\/#breadcrumblist\"},\"author\":{\"@id\":\"https:\\\/\\\/www.jornalja.com.br\\\/arquivo\\\/author\\\/daredacao\\\/#author\"},\"creator\":{\"@id\":\"https:\\\/\\\/www.jornalja.com.br\\\/arquivo\\\/author\\\/daredacao\\\/#author\"},\"image\":{\"@type\":\"ImageObject\",\"url\":55698,\"@id\":\"https:\\\/\\\/www.jornalja.com.br\\\/arquivo\\\/deputados-de-oposicao-defendem-estatais-de-energia-na-assembleia\\\/#mainImage\"},\"primaryImageOfPage\":{\"@id\":\"https:\\\/\\\/www.jornalja.com.br\\\/arquivo\\\/deputados-de-oposicao-defendem-estatais-de-energia-na-assembleia\\\/#mainImage\"},\"datePublished\":\"2017-09-27T18:30:53-03:00\",\"dateModified\":\"2017-09-27T18:30:53-03:00\"},{\"@type\":\"WebSite\",\"@id\":\"https:\\\/\\\/www.jornalja.com.br\\\/arquivo\\\/#website\",\"url\":\"https:\\\/\\\/www.jornalja.com.br\\\/arquivo\\\/\",\"name\":\"Arquivo\",\"description\":\"Jornal J\\u00c1 | Porto Alegre\",\"inLanguage\":\"pt-BR\",\"publisher\":{\"@id\":\"https:\\\/\\\/www.jornalja.com.br\\\/arquivo\\\/#organization\"}}]}\n\t\t<\/script>\n\t\t<!-- All in One SEO -->\n\n","aioseo_head_json":{"title":"Deputados de oposi\u00e7\u00e3o defendem estatais de energia na Assembleia | Arquivo","description":"","canonical_url":"https:\/\/www.jornalja.com.br\/arquivo\/deputados-de-oposicao-defendem-estatais-de-energia-na-assembleia\/","robots":"max-image-preview:large","keywords":"","webmasterTools":{"miscellaneous":""},"schema":{"@context":"https:\/\/schema.org","@graph":[{"@type":"BlogPosting","@id":"https:\/\/www.jornalja.com.br\/arquivo\/deputados-de-oposicao-defendem-estatais-de-energia-na-assembleia\/#blogposting","name":"Deputados de oposi\u00e7\u00e3o defendem estatais de energia na Assembleia | Arquivo","headline":"Deputados de oposi\u00e7\u00e3o defendem estatais de energia na Assembleia","author":{"@id":"https:\/\/www.jornalja.com.br\/arquivo\/author\/daredacao\/#author"},"publisher":{"@id":"https:\/\/www.jornalja.com.br\/arquivo\/#organization"},"image":{"@type":"ImageObject","url":55698},"datePublished":"2017-09-27T18:30:53-03:00","dateModified":"2017-09-27T18:30:53-03:00","inLanguage":"pt-BR","mainEntityOfPage":{"@id":"https:\/\/www.jornalja.com.br\/arquivo\/deputados-de-oposicao-defendem-estatais-de-energia-na-assembleia\/#webpage"},"isPartOf":{"@id":"https:\/\/www.jornalja.com.br\/arquivo\/deputados-de-oposicao-defendem-estatais-de-energia-na-assembleia\/#webpage"},"articleSection":"Geral"},{"@type":"BreadcrumbList","@id":"https:\/\/www.jornalja.com.br\/arquivo\/deputados-de-oposicao-defendem-estatais-de-energia-na-assembleia\/#breadcrumblist","itemListElement":[{"@type":"ListItem","@id":"https:\/\/www.jornalja.com.br\/arquivo#listItem","position":1,"name":"Home","item":"https:\/\/www.jornalja.com.br\/arquivo","nextItem":{"@type":"ListItem","@id":"https:\/\/www.jornalja.com.br\/arquivo\/category\/geral\/#listItem","name":"Geral"}},{"@type":"ListItem","@id":"https:\/\/www.jornalja.com.br\/arquivo\/category\/geral\/#listItem","position":2,"name":"Geral","item":"https:\/\/www.jornalja.com.br\/arquivo\/category\/geral\/","nextItem":{"@type":"ListItem","@id":"https:\/\/www.jornalja.com.br\/arquivo\/deputados-de-oposicao-defendem-estatais-de-energia-na-assembleia\/#listItem","name":"Deputados de oposi\u00e7\u00e3o defendem estatais de energia na Assembleia"},"previousItem":{"@type":"ListItem","@id":"https:\/\/www.jornalja.com.br\/arquivo#listItem","name":"Home"}},{"@type":"ListItem","@id":"https:\/\/www.jornalja.com.br\/arquivo\/deputados-de-oposicao-defendem-estatais-de-energia-na-assembleia\/#listItem","position":3,"name":"Deputados de oposi\u00e7\u00e3o defendem estatais de energia na Assembleia","previousItem":{"@type":"ListItem","@id":"https:\/\/www.jornalja.com.br\/arquivo\/category\/geral\/#listItem","name":"Geral"}}]},{"@type":"Organization","@id":"https:\/\/www.jornalja.com.br\/arquivo\/#organization","name":"Jornal J\u00c1","description":"Jornal J\u00c1 | Porto Alegre","url":"https:\/\/www.jornalja.com.br\/arquivo\/","telephone":"+555133307272","logo":{"@type":"ImageObject","url":"https:\/\/www.jornalja.com.br\/wp-content\/uploads\/cards\/JAslogan.png","@id":"https:\/\/www.jornalja.com.br\/arquivo\/deputados-de-oposicao-defendem-estatais-de-energia-na-assembleia\/#organizationLogo"},"image":{"@id":"https:\/\/www.jornalja.com.br\/arquivo\/deputados-de-oposicao-defendem-estatais-de-energia-na-assembleia\/#organizationLogo"}},{"@type":"Person","@id":"https:\/\/www.jornalja.com.br\/arquivo\/author\/daredacao\/#author","url":"https:\/\/www.jornalja.com.br\/arquivo\/author\/daredacao\/","name":"da Reda\u00e7\u00e3o","image":{"@type":"ImageObject","@id":"https:\/\/www.jornalja.com.br\/arquivo\/deputados-de-oposicao-defendem-estatais-de-energia-na-assembleia\/#authorImage","url":"https:\/\/secure.gravatar.com\/avatar\/469fd857d6605ad19919d27ed29d35a968a25f6e8fd9318356bbb7f57aae9c65?s=96&d=mm&r=g","width":96,"height":96,"caption":"da Reda\u00e7\u00e3o"}},{"@type":"WebPage","@id":"https:\/\/www.jornalja.com.br\/arquivo\/deputados-de-oposicao-defendem-estatais-de-energia-na-assembleia\/#webpage","url":"https:\/\/www.jornalja.com.br\/arquivo\/deputados-de-oposicao-defendem-estatais-de-energia-na-assembleia\/","name":"Deputados de oposi\u00e7\u00e3o defendem estatais de energia na Assembleia | Arquivo","inLanguage":"pt-BR","isPartOf":{"@id":"https:\/\/www.jornalja.com.br\/arquivo\/#website"},"breadcrumb":{"@id":"https:\/\/www.jornalja.com.br\/arquivo\/deputados-de-oposicao-defendem-estatais-de-energia-na-assembleia\/#breadcrumblist"},"author":{"@id":"https:\/\/www.jornalja.com.br\/arquivo\/author\/daredacao\/#author"},"creator":{"@id":"https:\/\/www.jornalja.com.br\/arquivo\/author\/daredacao\/#author"},"image":{"@type":"ImageObject","url":55698,"@id":"https:\/\/www.jornalja.com.br\/arquivo\/deputados-de-oposicao-defendem-estatais-de-energia-na-assembleia\/#mainImage"},"primaryImageOfPage":{"@id":"https:\/\/www.jornalja.com.br\/arquivo\/deputados-de-oposicao-defendem-estatais-de-energia-na-assembleia\/#mainImage"},"datePublished":"2017-09-27T18:30:53-03:00","dateModified":"2017-09-27T18:30:53-03:00"},{"@type":"WebSite","@id":"https:\/\/www.jornalja.com.br\/arquivo\/#website","url":"https:\/\/www.jornalja.com.br\/arquivo\/","name":"Arquivo","description":"Jornal J\u00c1 | Porto Alegre","inLanguage":"pt-BR","publisher":{"@id":"https:\/\/www.jornalja.com.br\/arquivo\/#organization"}}]},"og:locale":"pt_BR","og:site_name":"Arquivo | Jornal J\u00c1 | Porto Alegre","og:type":"article","og:title":"Deputados de oposi\u00e7\u00e3o defendem estatais de energia na Assembleia | Arquivo","og:url":"https:\/\/www.jornalja.com.br\/arquivo\/deputados-de-oposicao-defendem-estatais-de-energia-na-assembleia\/","og:image":"https:\/\/www.jornalja.com.br\/economics\/wp-content\/uploads\/sites\/11\/2026\/08\/ja-folhaderosto-facebook.jpg","og:image:secure_url":"https:\/\/www.jornalja.com.br\/economics\/wp-content\/uploads\/sites\/11\/2026\/08\/ja-folhaderosto-facebook.jpg","article:published_time":"2017-09-27T21:30:53+00:00","article:modified_time":"2017-09-27T21:30:53+00:00","twitter:card":"summary","twitter:title":"Deputados de oposi\u00e7\u00e3o defendem estatais de energia na Assembleia | Arquivo","twitter:image":"https:\/\/www.jornalja.com.br\/economics\/wp-content\/uploads\/sites\/11\/2026\/08\/ja-folhaderosto-facebook.jpg"},"aioseo_meta_data":{"post_id":"55697","title":null,"description":null,"keywords":null,"keyphrases":null,"primary_term":null,"canonical_url":null,"og_title":null,"og_description":null,"og_object_type":"default","og_image_type":"default","og_image_url":null,"og_image_width":null,"og_image_height":null,"og_image_custom_url":null,"og_image_custom_fields":null,"og_video":null,"og_custom_url":null,"og_article_section":null,"og_article_tags":null,"twitter_use_og":false,"twitter_card":"default","twitter_image_type":"default","twitter_image_url":null,"twitter_image_custom_url":null,"twitter_image_custom_fields":null,"twitter_title":null,"twitter_description":null,"schema":{"blockGraphs":[],"customGraphs":[],"default":{"data":{"Article":[],"Course":[],"Dataset":[],"FAQPage":[],"Movie":[],"Person":[],"Product":[],"ProductReview":[],"Car":[],"Recipe":[],"Service":[],"SoftwareApplication":[],"WebPage":[]},"graphName":"","isEnabled":true},"graphs":[],"defaultGraph":"","defaultPostTypeGraph":""},"schema_type":null,"schema_type_options":null,"pillar_content":false,"robots_default":true,"robots_noindex":false,"robots_noarchive":false,"robots_nosnippet":false,"robots_nofollow":false,"robots_noimageindex":false,"robots_noodp":false,"robots_notranslate":false,"robots_max_snippet":null,"robots_max_videopreview":null,"robots_max_imagepreview":"large","priority":null,"frequency":null,"location":null,"local_seo":null,"breadcrumb_settings":null,"limit_modified_date":false,"ai":null,"created":"2020-12-20 20:24:05","updated":"2025-07-20 01:26:12","seo_analyzer_scan_date":null,"focus_keyword":null,"additional_keywords":null,"truseo_locale":null},"jetpack_sharing_enabled":true,"jetpack-related-posts":[{"id":5440,"url":"https:\/\/www.jornalja.com.br\/arquivo\/casarao-da-venancio-destino-permanece-incerto\/","url_meta":{"origin":55697,"position":0},"title":"Estado ainda n\u00e3o sabe o que fazer com casar\u00e3o abandonado h\u00e1 20 anos","author":"Elmar Bones","date":"6 de julho de 2009","format":false,"excerpt":"O casar\u00e3o amarelo, numa esquina nobre de Porto Alegre (Ven\u00e2ncio Aires com Jo\u00e3o Pessoa), j\u00e1 abrigou uma escola. H\u00e1 duas d\u00e9cadas, pelo menos, est\u00e1 abandonado, porque seu propriet\u00e1rio, o governo do Estado do Rio Grande do Sul, n\u00e3o consegue achar um destino para ele. Planos n\u00e3o faltaram. O governador Ol\u00edvio\u2026","rel":"","context":"Em &quot;X.Categorias velhas&quot;","block_context":{"text":"X.Categorias velhas","link":"https:\/\/www.jornalja.com.br\/arquivo\/category\/x-categorias-velhas\/"},"img":{"alt_text":"geraldo1","src":"https:\/\/i0.wp.com\/www.jornalja.com.br\/wp-content\/uploads\/2009\/07\/geraldo1.jpg?resize=350%2C200&ssl=1","width":350,"height":200},"classes":[]},{"id":13124,"url":"https:\/\/www.jornalja.com.br\/arquivo\/sangue-latino-no-iecine\/","url_meta":{"origin":55697,"position":1},"title":"Sangue latino no IECINE","author":"da Reda\u00e7\u00e3o","date":"18 de maio de 2014","format":false,"excerpt":"Francisco Ribeiro O Instituto Estadual de Cinema (IECINE) tem a frente, desde abril \u00faltimo, um novo diretor, o cineasta colombiano Juan Zapata, 36, que substitui Luiz Alberto Cassol. Radicado h\u00e1 dez anos em Porto Alegre, Zapata tem diante de si o desafio de conduzir at\u00e9 o final do ano um\u2026","rel":"","context":"Em &quot;Cultura-Geral&quot;","block_context":{"text":"Cultura-Geral","link":"https:\/\/www.jornalja.com.br\/arquivo\/category\/materiasecundaria\/"},"img":{"alt_text":"","src":"","width":0,"height":0},"classes":[]},{"id":1280,"url":"https:\/\/www.jornalja.com.br\/arquivo\/o-menino-que-se-tornou-brizola\/","url_meta":{"origin":55697,"position":2},"title":"O Menino que se Tornou Brizola","author":"da Reda\u00e7\u00e3o","date":"28 de julho de 2008","format":false,"excerpt":"Autor: Cleber Dioni A vida de Leonel Brizola, com \u00eanfase para os primeiros anos em Porto Alegre, at\u00e9 o ex\u00edlio no Uruguai e a volta, quinze anos depois. \u00a0\"...\u00c9ramos todos jovens e nos identific\u00e1vamos com aquela massa an\u00f4nima a percorrer as ruas de Porto Alegre, gritando 'Get\u00falio', 'Get\u00falio' e empunhando\u2026","rel":"","context":"Em &quot;Livros&quot;","block_context":{"text":"Livros","link":"https:\/\/www.jornalja.com.br\/arquivo\/category\/livros\/"},"img":{"alt_text":"","src":"https:\/\/i0.wp.com\/www.jornalja.com.br\/wp-content\/uploads\/2008\/07\/brizola.gif?resize=350%2C200&ssl=1","width":350,"height":200},"classes":[]},{"id":13128,"url":"https:\/\/www.jornalja.com.br\/arquivo\/maconha-terra-diz-que-uso-medicinal-e-desculpa\/","url_meta":{"origin":55697,"position":3},"title":"Maconha: Terra diz que uso medicinal \u00e9 desculpa","author":"Patr\u00edcia Marini","date":"4 de junho de 2014","format":false,"excerpt":"A condi\u00e7\u00e3o de pol\u00edtico, em \u00e9poca de campanha de campanha eleitoral, tira for\u00e7a do discurso do m\u00e9dico Osmar Terra contra a legaliza\u00e7\u00e3o da maconha. A tese dele de que a libera\u00e7\u00e3o vai ampliar exponencialmente o consumo \u00e9 discutivel, o consumo \u00e9 corrente. Mas seus alertas quanto aos riscos tem que\u2026","rel":"","context":"Em &quot;X.Categorias velhas&quot;","block_context":{"text":"X.Categorias velhas","link":"https:\/\/www.jornalja.com.br\/arquivo\/category\/x-categorias-velhas\/"},"img":{"alt_text":"","src":"","width":0,"height":0},"classes":[]},{"id":13240,"url":"https:\/\/www.jornalja.com.br\/arquivo\/plano-diretor-estamos-construindo-o-caos\/","url_meta":{"origin":55697,"position":4},"title":"Plano diretor: &quot;Estamos construindo o caos&quot;","author":"Patr\u00edcia Marini","date":"26 de maio de 2014","format":false,"excerpt":"Desabafo que arquiteta Eliana Castilhos, delegada da Regi\u00e3o de Planejamento 1, postou nas redes sociais \u00e9 um testemunho do ambiente que se criou no Conselho do Plano Diretor de Porto Alegre, onde a aprova\u00e7\u00e3o de grandes empreendimentos \u00e9 empurrada guela abaixo dos conselheiros. Ao CMDUA Como delegada da Regi\u00e3o de\u2026","rel":"","context":"Em &quot;Geral&quot;","block_context":{"text":"Geral","link":"https:\/\/www.jornalja.com.br\/arquivo\/category\/geral\/"},"img":{"alt_text":"","src":"","width":0,"height":0},"classes":[]},{"id":13109,"url":"https:\/\/www.jornalja.com.br\/arquivo\/judiciario-reconhece-poluicao-eletromagnetica\/","url_meta":{"origin":55697,"position":5},"title":"Judici\u00e1rio reconhece polui\u00e7\u00e3o eletromagn\u00e9tica","author":"Patr\u00edcia Marini","date":"16 de maio de 2014","format":false,"excerpt":"A\u00e7\u00e3o de duas associa\u00e7\u00f5es de moradores foi acolhida pelo Tribunal de Justi\u00e7a de S\u00e3o Paulo que. em decis\u00e3o in\u00e9dita, determinou a redu\u00e7\u00e3o do campo eletromagn\u00e9tico gerado pelas linhas de transmiss\u00e3o de energia que cortam os bairros City Boa\u00e7ava e Alto de Pinheiros. \u00c9 a primeira vez que um tribunal do\u2026","rel":"","context":"Em &quot;X.Categorias velhas&quot;","block_context":{"text":"X.Categorias velhas","link":"https:\/\/www.jornalja.com.br\/arquivo\/category\/x-categorias-velhas\/"},"img":{"alt_text":"","src":"","width":0,"height":0},"classes":[]}],"jetpack_shortlink":"https:\/\/wp.me\/pbQjBd-eul","jetpack_featured_media_url":"","_links":{"self":[{"href":"https:\/\/www.jornalja.com.br\/arquivo\/wp-json\/wp\/v2\/posts\/55697","targetHints":{"allow":["GET"]}}],"collection":[{"href":"https:\/\/www.jornalja.com.br\/arquivo\/wp-json\/wp\/v2\/posts"}],"about":[{"href":"https:\/\/www.jornalja.com.br\/arquivo\/wp-json\/wp\/v2\/types\/post"}],"author":[{"embeddable":true,"href":"https:\/\/www.jornalja.com.br\/arquivo\/wp-json\/wp\/v2\/users\/4"}],"replies":[{"embeddable":true,"href":"https:\/\/www.jornalja.com.br\/arquivo\/wp-json\/wp\/v2\/comments?post=55697"}],"version-history":[{"count":0,"href":"https:\/\/www.jornalja.com.br\/arquivo\/wp-json\/wp\/v2\/posts\/55697\/revisions"}],"wp:attachment":[{"href":"https:\/\/www.jornalja.com.br\/arquivo\/wp-json\/wp\/v2\/media?parent=55697"}],"wp:term":[{"taxonomy":"category","embeddable":true,"href":"https:\/\/www.jornalja.com.br\/arquivo\/wp-json\/wp\/v2\/categories?post=55697"},{"taxonomy":"post_tag","embeddable":true,"href":"https:\/\/www.jornalja.com.br\/arquivo\/wp-json\/wp\/v2\/tags?post=55697"}],"curies":[{"name":"wp","href":"https:\/\/api.w.org\/{rel}","templated":true}]}}