{"id":55706,"date":"2017-09-27T15:19:00","date_gmt":"2017-09-27T18:19:00","guid":{"rendered":"https:\/\/www.jornalja.com.br\/?p=55706"},"modified":"2017-09-27T15:19:00","modified_gmt":"2017-09-27T18:19:00","slug":"usinas-hidreletricas-operadas-pela-cemig-sao-leiloadas-por-r-121-bilhoes","status":"publish","type":"post","link":"https:\/\/www.jornalja.com.br\/arquivo\/usinas-hidreletricas-operadas-pela-cemig-sao-leiloadas-por-r-121-bilhoes\/","title":{"rendered":"Usinas hidrel\u00e9tricas operadas pela Cemig s\u00e3o leiloadas por R$ 12,1 bilh\u00f5es"},"content":{"rendered":"<p>O governo federal arrecadou R$ 12,1 bilh\u00f5es com o leil\u00e3o de quatro usinas hidrel\u00e9tricas operadas pela Companhia Energ\u00e9tica de Minas Gerais (Cemig).<br \/>\nO primeiro lote, da hidrel\u00e9trica de S\u00e3o Sim\u00e3o, em Goi\u00e1s e Minas Gerais, foi arrematado pelo grupo chin\u00eas Spic Pacif Energy PTY, \u00fanica proposta oferecida, por R$ 7,18 bilh\u00f5es, \u00e1gio de 6,51%.<br \/>\nVenceu a disputa pelo segundo lote, referente \u00e0 hidrel\u00e9trica Jaguara, em Minas Gerais e S\u00e3o Paulo, o Cons\u00f3rcio Engie Brasil Minas Gera\u00e7\u00e3o, por R$ 2,17 bilh\u00f5es, \u00e1gio de 13,59%.<br \/>\nO Cons\u00f3rcio Engie tamb\u00e9m arrematou o terceiro lote, da hidrel\u00e9trica de Miranda, Minas Gerais, por R$ 1,36 bilh\u00e3o, \u00e1gio de 22,42%.<br \/>\nO \u00faltimo lote, de Volta Grande, em Minas Gerais e S\u00e3o Paulo, foi arrematado pela Enel Brasil S.A., com \u00e1gio de 9,84% e valor de R$ 1,4 bilh\u00e3o. Todos os contratos t\u00eam prazo de 30 anos.<br \/>\nO montante arrecadado ser\u00e1 usado pelo governo para tentar fechar as contas deste ano, com o deficit previsto de R$ 159 bilh\u00f5es.<br \/>\nOs vencedores ofertaram o maior valor de notifica\u00e7\u00e3o pela outorga, respeitado o valor m\u00ednimo para cada usina.<br \/>\n<span class=\"intertit\">Protestos<\/span><br \/>\nMovimentos sindicais protestavam contra o preg\u00e3o. Eles argumentam que o leil\u00e3o entregar\u00e1 o patrim\u00f4nio nacional para estrangeiros, o que implicar\u00e1 no aumento das contas de luz.<br \/>\nJ\u00e1 o vice-presidente da C\u00e2mara Federal, o deputado F\u00e1bio Ramalho (PMDB-MG), que \u00e9 tamb\u00e9m coordenador da bancada mineira, reclamou do fato de o governo Temer n\u00e3o ter concordado em negociar a concess\u00e3o para a Cemig da usina de Miranda. Segundo Ramalho, o Executivo federal &#8220;n\u00e3o cumpriu&#8221; um suposto acordo para enviar ao Supremo Tribunal Federal (STF) uma proposta na qual a estatal de Minas pagaria R$ 1,1 bilh\u00e3o, at\u00e9 15 de dezembro, pela hidrel\u00e9trica.<br \/>\n\u201cEstamos diante de um governo que s\u00f3 pensa nos bancos. Temos um ministro que s\u00f3 pensa em banco e como eles v\u00e3o continuar a ganhar dinheiro&#8221;, escreveu Ramalho em trecho da nota divulgada ap\u00f3s a realiza\u00e7\u00e3o do leil\u00e3o.<\/p>\n","protected":false},"excerpt":{"rendered":"<p>O governo federal arrecadou R$ 12,1 bilh\u00f5es com o leil\u00e3o de quatro usinas hidrel\u00e9tricas operadas pela Companhia Energ\u00e9tica de Minas Gerais (Cemig). O primeiro lote, da hidrel\u00e9trica de S\u00e3o Sim\u00e3o, em Goi\u00e1s e Minas Gerais, foi arrematado pelo grupo chin\u00eas Spic Pacif Energy PTY, \u00fanica proposta oferecida, por R$ 7,18 bilh\u00f5es, \u00e1gio de 6,51%. Venceu [&hellip;]<\/p>\n","protected":false},"author":4,"featured_media":0,"comment_status":"open","ping_status":"closed","sticky":false,"template":"","format":"standard","meta":{"_jetpack_newsletter_access":"","_jetpack_dont_email_post_to_subs":false,"_jetpack_newsletter_tier_id":0,"_jetpack_memberships_contains_paywalled_content":false,"_jetpack_feature_clip_id":0,"_jetpack_memberships_contains_paid_content":false,"footnotes":"","jetpack_post_was_ever_published":false},"categories":[2022],"tags":[],"class_list":["post-55706","post","type-post","status-publish","format-standard","hentry","category-notas"],"aioseo_notices":[],"aioseo_head":"\n\t\t<!-- All in One SEO 5.0.1.1 - aioseo.com -->\n\t<meta name=\"robots\" content=\"max-image-preview:large\" \/>\n\t<meta name=\"author\" content=\"da Reda\u00e7\u00e3o\"\/>\n\t<link rel=\"canonical\" href=\"https:\/\/www.jornalja.com.br\/arquivo\/usinas-hidreletricas-operadas-pela-cemig-sao-leiloadas-por-r-121-bilhoes\/\" \/>\n\t<meta name=\"generator\" content=\"All in One SEO (AIOSEO) 5.0.1.1\" \/>\n\t\t<meta property=\"og:locale\" content=\"pt_BR\" \/>\n\t\t<meta property=\"og:site_name\" content=\"Arquivo | Jornal J\u00c1 | Porto Alegre\" \/>\n\t\t<meta property=\"og:type\" content=\"article\" \/>\n\t\t<meta property=\"og:title\" content=\"Usinas hidrel\u00e9tricas operadas pela Cemig s\u00e3o leiloadas por R$ 12,1 bilh\u00f5es | Arquivo\" \/>\n\t\t<meta property=\"og:url\" content=\"https:\/\/www.jornalja.com.br\/arquivo\/usinas-hidreletricas-operadas-pela-cemig-sao-leiloadas-por-r-121-bilhoes\/\" \/>\n\t\t<meta property=\"og:image\" content=\"https:\/\/www.jornalja.com.br\/economics\/wp-content\/uploads\/sites\/11\/2026\/08\/ja-folhaderosto-facebook.jpg\" \/>\n\t\t<meta property=\"og:image:secure_url\" content=\"https:\/\/www.jornalja.com.br\/economics\/wp-content\/uploads\/sites\/11\/2026\/08\/ja-folhaderosto-facebook.jpg\" \/>\n\t\t<meta property=\"article:published_time\" content=\"2017-09-27T18:19:00+00:00\" \/>\n\t\t<meta property=\"article:modified_time\" content=\"2017-09-27T18:19:00+00:00\" \/>\n\t\t<meta name=\"twitter:card\" content=\"summary\" \/>\n\t\t<meta name=\"twitter:title\" content=\"Usinas hidrel\u00e9tricas operadas pela Cemig s\u00e3o leiloadas por R$ 12,1 bilh\u00f5es | Arquivo\" \/>\n\t\t<meta name=\"twitter:image\" content=\"https:\/\/www.jornalja.com.br\/economics\/wp-content\/uploads\/sites\/11\/2026\/08\/ja-folhaderosto-facebook.jpg\" \/>\n\t\t<script type=\"application\/ld+json\" class=\"aioseo-schema\">\n\t\t\t{\"@context\":\"https:\\\/\\\/schema.org\",\"@graph\":[{\"@type\":\"BlogPosting\",\"@id\":\"https:\\\/\\\/www.jornalja.com.br\\\/arquivo\\\/usinas-hidreletricas-operadas-pela-cemig-sao-leiloadas-por-r-121-bilhoes\\\/#blogposting\",\"name\":\"Usinas hidrel\\u00e9tricas operadas pela Cemig s\\u00e3o leiloadas por R$ 12,1 bilh\\u00f5es | Arquivo\",\"headline\":\"Usinas hidrel\\u00e9tricas operadas pela Cemig s\\u00e3o leiloadas por R$ 12,1 bilh\\u00f5es\",\"author\":{\"@id\":\"https:\\\/\\\/www.jornalja.com.br\\\/arquivo\\\/author\\\/daredacao\\\/#author\"},\"publisher\":{\"@id\":\"https:\\\/\\\/www.jornalja.com.br\\\/arquivo\\\/#organization\"},\"image\":{\"@type\":\"ImageObject\",\"url\":\"https:\\\/\\\/www.jornalja.com.br\\\/wp-content\\\/uploads\\\/cards\\\/JAslogan.png\",\"@id\":\"https:\\\/\\\/www.jornalja.com.br\\\/arquivo\\\/#articleImage\"},\"datePublished\":\"2017-09-27T15:19:00-03:00\",\"dateModified\":\"2017-09-27T15:19:00-03:00\",\"inLanguage\":\"pt-BR\",\"mainEntityOfPage\":{\"@id\":\"https:\\\/\\\/www.jornalja.com.br\\\/arquivo\\\/usinas-hidreletricas-operadas-pela-cemig-sao-leiloadas-por-r-121-bilhoes\\\/#webpage\"},\"isPartOf\":{\"@id\":\"https:\\\/\\\/www.jornalja.com.br\\\/arquivo\\\/usinas-hidreletricas-operadas-pela-cemig-sao-leiloadas-por-r-121-bilhoes\\\/#webpage\"},\"articleSection\":\"NOTAS\"},{\"@type\":\"BreadcrumbList\",\"@id\":\"https:\\\/\\\/www.jornalja.com.br\\\/arquivo\\\/usinas-hidreletricas-operadas-pela-cemig-sao-leiloadas-por-r-121-bilhoes\\\/#breadcrumblist\",\"itemListElement\":[{\"@type\":\"ListItem\",\"@id\":\"https:\\\/\\\/www.jornalja.com.br\\\/arquivo#listItem\",\"position\":1,\"name\":\"Home\",\"item\":\"https:\\\/\\\/www.jornalja.com.br\\\/arquivo\",\"nextItem\":{\"@type\":\"ListItem\",\"@id\":\"https:\\\/\\\/www.jornalja.com.br\\\/arquivo\\\/category\\\/notas\\\/#listItem\",\"name\":\"NOTAS\"}},{\"@type\":\"ListItem\",\"@id\":\"https:\\\/\\\/www.jornalja.com.br\\\/arquivo\\\/category\\\/notas\\\/#listItem\",\"position\":2,\"name\":\"NOTAS\",\"item\":\"https:\\\/\\\/www.jornalja.com.br\\\/arquivo\\\/category\\\/notas\\\/\",\"nextItem\":{\"@type\":\"ListItem\",\"@id\":\"https:\\\/\\\/www.jornalja.com.br\\\/arquivo\\\/usinas-hidreletricas-operadas-pela-cemig-sao-leiloadas-por-r-121-bilhoes\\\/#listItem\",\"name\":\"Usinas hidrel\\u00e9tricas operadas pela Cemig s\\u00e3o leiloadas por R$ 12,1 bilh\\u00f5es\"},\"previousItem\":{\"@type\":\"ListItem\",\"@id\":\"https:\\\/\\\/www.jornalja.com.br\\\/arquivo#listItem\",\"name\":\"Home\"}},{\"@type\":\"ListItem\",\"@id\":\"https:\\\/\\\/www.jornalja.com.br\\\/arquivo\\\/usinas-hidreletricas-operadas-pela-cemig-sao-leiloadas-por-r-121-bilhoes\\\/#listItem\",\"position\":3,\"name\":\"Usinas hidrel\\u00e9tricas operadas pela Cemig s\\u00e3o leiloadas por R$ 12,1 bilh\\u00f5es\",\"previousItem\":{\"@type\":\"ListItem\",\"@id\":\"https:\\\/\\\/www.jornalja.com.br\\\/arquivo\\\/category\\\/notas\\\/#listItem\",\"name\":\"NOTAS\"}}]},{\"@type\":\"Organization\",\"@id\":\"https:\\\/\\\/www.jornalja.com.br\\\/arquivo\\\/#organization\",\"name\":\"Jornal J\\u00c1\",\"description\":\"Jornal J\\u00c1 | Porto Alegre\",\"url\":\"https:\\\/\\\/www.jornalja.com.br\\\/arquivo\\\/\",\"telephone\":\"+555133307272\",\"logo\":{\"@type\":\"ImageObject\",\"url\":\"https:\\\/\\\/www.jornalja.com.br\\\/wp-content\\\/uploads\\\/cards\\\/JAslogan.png\",\"@id\":\"https:\\\/\\\/www.jornalja.com.br\\\/arquivo\\\/usinas-hidreletricas-operadas-pela-cemig-sao-leiloadas-por-r-121-bilhoes\\\/#organizationLogo\"},\"image\":{\"@id\":\"https:\\\/\\\/www.jornalja.com.br\\\/arquivo\\\/usinas-hidreletricas-operadas-pela-cemig-sao-leiloadas-por-r-121-bilhoes\\\/#organizationLogo\"}},{\"@type\":\"Person\",\"@id\":\"https:\\\/\\\/www.jornalja.com.br\\\/arquivo\\\/author\\\/daredacao\\\/#author\",\"url\":\"https:\\\/\\\/www.jornalja.com.br\\\/arquivo\\\/author\\\/daredacao\\\/\",\"name\":\"da Reda\\u00e7\\u00e3o\",\"image\":{\"@type\":\"ImageObject\",\"@id\":\"https:\\\/\\\/www.jornalja.com.br\\\/arquivo\\\/usinas-hidreletricas-operadas-pela-cemig-sao-leiloadas-por-r-121-bilhoes\\\/#authorImage\",\"url\":\"https:\\\/\\\/secure.gravatar.com\\\/avatar\\\/469fd857d6605ad19919d27ed29d35a968a25f6e8fd9318356bbb7f57aae9c65?s=96&d=mm&r=g\",\"width\":96,\"height\":96,\"caption\":\"da Reda\\u00e7\\u00e3o\"}},{\"@type\":\"WebPage\",\"@id\":\"https:\\\/\\\/www.jornalja.com.br\\\/arquivo\\\/usinas-hidreletricas-operadas-pela-cemig-sao-leiloadas-por-r-121-bilhoes\\\/#webpage\",\"url\":\"https:\\\/\\\/www.jornalja.com.br\\\/arquivo\\\/usinas-hidreletricas-operadas-pela-cemig-sao-leiloadas-por-r-121-bilhoes\\\/\",\"name\":\"Usinas hidrel\\u00e9tricas operadas pela Cemig s\\u00e3o leiloadas por R$ 12,1 bilh\\u00f5es | Arquivo\",\"inLanguage\":\"pt-BR\",\"isPartOf\":{\"@id\":\"https:\\\/\\\/www.jornalja.com.br\\\/arquivo\\\/#website\"},\"breadcrumb\":{\"@id\":\"https:\\\/\\\/www.jornalja.com.br\\\/arquivo\\\/usinas-hidreletricas-operadas-pela-cemig-sao-leiloadas-por-r-121-bilhoes\\\/#breadcrumblist\"},\"author\":{\"@id\":\"https:\\\/\\\/www.jornalja.com.br\\\/arquivo\\\/author\\\/daredacao\\\/#author\"},\"creator\":{\"@id\":\"https:\\\/\\\/www.jornalja.com.br\\\/arquivo\\\/author\\\/daredacao\\\/#author\"},\"datePublished\":\"2017-09-27T15:19:00-03:00\",\"dateModified\":\"2017-09-27T15:19:00-03:00\"},{\"@type\":\"WebSite\",\"@id\":\"https:\\\/\\\/www.jornalja.com.br\\\/arquivo\\\/#website\",\"url\":\"https:\\\/\\\/www.jornalja.com.br\\\/arquivo\\\/\",\"name\":\"Arquivo\",\"description\":\"Jornal J\\u00c1 | Porto Alegre\",\"inLanguage\":\"pt-BR\",\"publisher\":{\"@id\":\"https:\\\/\\\/www.jornalja.com.br\\\/arquivo\\\/#organization\"}}]}\n\t\t<\/script>\n\t\t<!-- All in One SEO -->\n\n","aioseo_head_json":{"title":"Usinas hidrel\u00e9tricas operadas pela Cemig s\u00e3o leiloadas por R$ 12,1 bilh\u00f5es | Arquivo","description":"","canonical_url":"https:\/\/www.jornalja.com.br\/arquivo\/usinas-hidreletricas-operadas-pela-cemig-sao-leiloadas-por-r-121-bilhoes\/","robots":"max-image-preview:large","keywords":"","webmasterTools":{"miscellaneous":""},"schema":{"@context":"https:\/\/schema.org","@graph":[{"@type":"BlogPosting","@id":"https:\/\/www.jornalja.com.br\/arquivo\/usinas-hidreletricas-operadas-pela-cemig-sao-leiloadas-por-r-121-bilhoes\/#blogposting","name":"Usinas hidrel\u00e9tricas operadas pela Cemig s\u00e3o leiloadas por R$ 12,1 bilh\u00f5es | Arquivo","headline":"Usinas hidrel\u00e9tricas operadas pela Cemig s\u00e3o leiloadas por R$ 12,1 bilh\u00f5es","author":{"@id":"https:\/\/www.jornalja.com.br\/arquivo\/author\/daredacao\/#author"},"publisher":{"@id":"https:\/\/www.jornalja.com.br\/arquivo\/#organization"},"image":{"@type":"ImageObject","url":"https:\/\/www.jornalja.com.br\/wp-content\/uploads\/cards\/JAslogan.png","@id":"https:\/\/www.jornalja.com.br\/arquivo\/#articleImage"},"datePublished":"2017-09-27T15:19:00-03:00","dateModified":"2017-09-27T15:19:00-03:00","inLanguage":"pt-BR","mainEntityOfPage":{"@id":"https:\/\/www.jornalja.com.br\/arquivo\/usinas-hidreletricas-operadas-pela-cemig-sao-leiloadas-por-r-121-bilhoes\/#webpage"},"isPartOf":{"@id":"https:\/\/www.jornalja.com.br\/arquivo\/usinas-hidreletricas-operadas-pela-cemig-sao-leiloadas-por-r-121-bilhoes\/#webpage"},"articleSection":"NOTAS"},{"@type":"BreadcrumbList","@id":"https:\/\/www.jornalja.com.br\/arquivo\/usinas-hidreletricas-operadas-pela-cemig-sao-leiloadas-por-r-121-bilhoes\/#breadcrumblist","itemListElement":[{"@type":"ListItem","@id":"https:\/\/www.jornalja.com.br\/arquivo#listItem","position":1,"name":"Home","item":"https:\/\/www.jornalja.com.br\/arquivo","nextItem":{"@type":"ListItem","@id":"https:\/\/www.jornalja.com.br\/arquivo\/category\/notas\/#listItem","name":"NOTAS"}},{"@type":"ListItem","@id":"https:\/\/www.jornalja.com.br\/arquivo\/category\/notas\/#listItem","position":2,"name":"NOTAS","item":"https:\/\/www.jornalja.com.br\/arquivo\/category\/notas\/","nextItem":{"@type":"ListItem","@id":"https:\/\/www.jornalja.com.br\/arquivo\/usinas-hidreletricas-operadas-pela-cemig-sao-leiloadas-por-r-121-bilhoes\/#listItem","name":"Usinas hidrel\u00e9tricas operadas pela Cemig s\u00e3o leiloadas por R$ 12,1 bilh\u00f5es"},"previousItem":{"@type":"ListItem","@id":"https:\/\/www.jornalja.com.br\/arquivo#listItem","name":"Home"}},{"@type":"ListItem","@id":"https:\/\/www.jornalja.com.br\/arquivo\/usinas-hidreletricas-operadas-pela-cemig-sao-leiloadas-por-r-121-bilhoes\/#listItem","position":3,"name":"Usinas hidrel\u00e9tricas operadas pela Cemig s\u00e3o leiloadas por R$ 12,1 bilh\u00f5es","previousItem":{"@type":"ListItem","@id":"https:\/\/www.jornalja.com.br\/arquivo\/category\/notas\/#listItem","name":"NOTAS"}}]},{"@type":"Organization","@id":"https:\/\/www.jornalja.com.br\/arquivo\/#organization","name":"Jornal J\u00c1","description":"Jornal J\u00c1 | Porto Alegre","url":"https:\/\/www.jornalja.com.br\/arquivo\/","telephone":"+555133307272","logo":{"@type":"ImageObject","url":"https:\/\/www.jornalja.com.br\/wp-content\/uploads\/cards\/JAslogan.png","@id":"https:\/\/www.jornalja.com.br\/arquivo\/usinas-hidreletricas-operadas-pela-cemig-sao-leiloadas-por-r-121-bilhoes\/#organizationLogo"},"image":{"@id":"https:\/\/www.jornalja.com.br\/arquivo\/usinas-hidreletricas-operadas-pela-cemig-sao-leiloadas-por-r-121-bilhoes\/#organizationLogo"}},{"@type":"Person","@id":"https:\/\/www.jornalja.com.br\/arquivo\/author\/daredacao\/#author","url":"https:\/\/www.jornalja.com.br\/arquivo\/author\/daredacao\/","name":"da Reda\u00e7\u00e3o","image":{"@type":"ImageObject","@id":"https:\/\/www.jornalja.com.br\/arquivo\/usinas-hidreletricas-operadas-pela-cemig-sao-leiloadas-por-r-121-bilhoes\/#authorImage","url":"https:\/\/secure.gravatar.com\/avatar\/469fd857d6605ad19919d27ed29d35a968a25f6e8fd9318356bbb7f57aae9c65?s=96&d=mm&r=g","width":96,"height":96,"caption":"da Reda\u00e7\u00e3o"}},{"@type":"WebPage","@id":"https:\/\/www.jornalja.com.br\/arquivo\/usinas-hidreletricas-operadas-pela-cemig-sao-leiloadas-por-r-121-bilhoes\/#webpage","url":"https:\/\/www.jornalja.com.br\/arquivo\/usinas-hidreletricas-operadas-pela-cemig-sao-leiloadas-por-r-121-bilhoes\/","name":"Usinas hidrel\u00e9tricas operadas pela Cemig s\u00e3o leiloadas por R$ 12,1 bilh\u00f5es | Arquivo","inLanguage":"pt-BR","isPartOf":{"@id":"https:\/\/www.jornalja.com.br\/arquivo\/#website"},"breadcrumb":{"@id":"https:\/\/www.jornalja.com.br\/arquivo\/usinas-hidreletricas-operadas-pela-cemig-sao-leiloadas-por-r-121-bilhoes\/#breadcrumblist"},"author":{"@id":"https:\/\/www.jornalja.com.br\/arquivo\/author\/daredacao\/#author"},"creator":{"@id":"https:\/\/www.jornalja.com.br\/arquivo\/author\/daredacao\/#author"},"datePublished":"2017-09-27T15:19:00-03:00","dateModified":"2017-09-27T15:19:00-03:00"},{"@type":"WebSite","@id":"https:\/\/www.jornalja.com.br\/arquivo\/#website","url":"https:\/\/www.jornalja.com.br\/arquivo\/","name":"Arquivo","description":"Jornal J\u00c1 | Porto Alegre","inLanguage":"pt-BR","publisher":{"@id":"https:\/\/www.jornalja.com.br\/arquivo\/#organization"}}]},"og:locale":"pt_BR","og:site_name":"Arquivo | Jornal J\u00c1 | Porto Alegre","og:type":"article","og:title":"Usinas hidrel\u00e9tricas operadas pela Cemig s\u00e3o leiloadas por R$ 12,1 bilh\u00f5es | Arquivo","og:url":"https:\/\/www.jornalja.com.br\/arquivo\/usinas-hidreletricas-operadas-pela-cemig-sao-leiloadas-por-r-121-bilhoes\/","og:image":"https:\/\/www.jornalja.com.br\/economics\/wp-content\/uploads\/sites\/11\/2026\/08\/ja-folhaderosto-facebook.jpg","og:image:secure_url":"https:\/\/www.jornalja.com.br\/economics\/wp-content\/uploads\/sites\/11\/2026\/08\/ja-folhaderosto-facebook.jpg","article:published_time":"2017-09-27T18:19:00+00:00","article:modified_time":"2017-09-27T18:19:00+00:00","twitter:card":"summary","twitter:title":"Usinas hidrel\u00e9tricas operadas pela Cemig s\u00e3o leiloadas por R$ 12,1 bilh\u00f5es | Arquivo","twitter:image":"https:\/\/www.jornalja.com.br\/economics\/wp-content\/uploads\/sites\/11\/2026\/08\/ja-folhaderosto-facebook.jpg"},"aioseo_meta_data":{"post_id":"55706","title":null,"description":null,"keywords":null,"keyphrases":null,"primary_term":null,"canonical_url":null,"og_title":null,"og_description":null,"og_object_type":"default","og_image_type":"default","og_image_url":null,"og_image_width":null,"og_image_height":null,"og_image_custom_url":null,"og_image_custom_fields":null,"og_video":null,"og_custom_url":null,"og_article_section":null,"og_article_tags":null,"twitter_use_og":false,"twitter_card":"default","twitter_image_type":"default","twitter_image_url":null,"twitter_image_custom_url":null,"twitter_image_custom_fields":null,"twitter_title":null,"twitter_description":null,"schema":{"blockGraphs":[],"customGraphs":[],"default":{"data":{"Article":[],"Course":[],"Dataset":[],"FAQPage":[],"Movie":[],"Person":[],"Product":[],"ProductReview":[],"Car":[],"Recipe":[],"Service":[],"SoftwareApplication":[],"WebPage":[]},"graphName":"","isEnabled":true},"graphs":[],"defaultGraph":"","defaultPostTypeGraph":""},"schema_type":null,"schema_type_options":null,"pillar_content":false,"robots_default":true,"robots_noindex":false,"robots_noarchive":false,"robots_nosnippet":false,"robots_nofollow":false,"robots_noimageindex":false,"robots_noodp":false,"robots_notranslate":false,"robots_max_snippet":null,"robots_max_videopreview":null,"robots_max_imagepreview":"large","priority":null,"frequency":null,"location":null,"local_seo":null,"breadcrumb_settings":null,"limit_modified_date":false,"ai":null,"created":"2020-12-20 20:24:05","updated":"2025-07-20 01:21:48","seo_analyzer_scan_date":null,"focus_keyword":null,"additional_keywords":null,"truseo_locale":null},"jetpack_sharing_enabled":true,"jetpack-related-posts":[{"id":13109,"url":"https:\/\/www.jornalja.com.br\/arquivo\/judiciario-reconhece-poluicao-eletromagnetica\/","url_meta":{"origin":55706,"position":0},"title":"Judici\u00e1rio reconhece polui\u00e7\u00e3o eletromagn\u00e9tica","author":"Patr\u00edcia Marini","date":"16 de maio de 2014","format":false,"excerpt":"A\u00e7\u00e3o de duas associa\u00e7\u00f5es de moradores foi acolhida pelo Tribunal de Justi\u00e7a de S\u00e3o Paulo que. em decis\u00e3o in\u00e9dita, determinou a redu\u00e7\u00e3o do campo eletromagn\u00e9tico gerado pelas linhas de transmiss\u00e3o de energia que cortam os bairros City Boa\u00e7ava e Alto de Pinheiros. \u00c9 a primeira vez que um tribunal do\u2026","rel":"","context":"Em &quot;X.Categorias velhas&quot;","block_context":{"text":"X.Categorias velhas","link":"https:\/\/www.jornalja.com.br\/arquivo\/category\/x-categorias-velhas\/"},"img":{"alt_text":"","src":"","width":0,"height":0},"classes":[]},{"id":13101,"url":"https:\/\/www.jornalja.com.br\/arquivo\/morre-um-guerreiro-do-texto\/","url_meta":{"origin":55706,"position":1},"title":"Morre um guerreiro do texto","author":"Patr\u00edcia Marini","date":"14 de maio de 2014","format":false,"excerpt":"Por Ricardo Kotscho Reproduzido do blog do autor, 11\/5\/2014; t\u00edtulo original \u201cE l\u00e1 se foi o nosso Myltainho, guerreiro do texto\u201d. Mi\u00fado e franzino, meu amigo Myltainho era um valente e inconformado guerreiro na luta contra as injusti\u00e7as sociais, a hipocrisia, as maracutaias, o autoritarismo, a intoler\u00e2ncia, a viol\u00eancia, o\u2026","rel":"","context":"Em &quot;Geral&quot;","block_context":{"text":"Geral","link":"https:\/\/www.jornalja.com.br\/arquivo\/category\/geral\/"},"img":{"alt_text":"","src":"","width":0,"height":0},"classes":[]},{"id":13124,"url":"https:\/\/www.jornalja.com.br\/arquivo\/sangue-latino-no-iecine\/","url_meta":{"origin":55706,"position":2},"title":"Sangue latino no IECINE","author":"da Reda\u00e7\u00e3o","date":"18 de maio de 2014","format":false,"excerpt":"Francisco Ribeiro O Instituto Estadual de Cinema (IECINE) tem a frente, desde abril \u00faltimo, um novo diretor, o cineasta colombiano Juan Zapata, 36, que substitui Luiz Alberto Cassol. Radicado h\u00e1 dez anos em Porto Alegre, Zapata tem diante de si o desafio de conduzir at\u00e9 o final do ano um\u2026","rel":"","context":"Em &quot;Cultura-Geral&quot;","block_context":{"text":"Cultura-Geral","link":"https:\/\/www.jornalja.com.br\/arquivo\/category\/materiasecundaria\/"},"img":{"alt_text":"","src":"","width":0,"height":0},"classes":[]}],"jetpack_shortlink":"https:\/\/wp.me\/pbQjBd-euu","jetpack_featured_media_url":"","_links":{"self":[{"href":"https:\/\/www.jornalja.com.br\/arquivo\/wp-json\/wp\/v2\/posts\/55706","targetHints":{"allow":["GET"]}}],"collection":[{"href":"https:\/\/www.jornalja.com.br\/arquivo\/wp-json\/wp\/v2\/posts"}],"about":[{"href":"https:\/\/www.jornalja.com.br\/arquivo\/wp-json\/wp\/v2\/types\/post"}],"author":[{"embeddable":true,"href":"https:\/\/www.jornalja.com.br\/arquivo\/wp-json\/wp\/v2\/users\/4"}],"replies":[{"embeddable":true,"href":"https:\/\/www.jornalja.com.br\/arquivo\/wp-json\/wp\/v2\/comments?post=55706"}],"version-history":[{"count":0,"href":"https:\/\/www.jornalja.com.br\/arquivo\/wp-json\/wp\/v2\/posts\/55706\/revisions"}],"wp:attachment":[{"href":"https:\/\/www.jornalja.com.br\/arquivo\/wp-json\/wp\/v2\/media?parent=55706"}],"wp:term":[{"taxonomy":"category","embeddable":true,"href":"https:\/\/www.jornalja.com.br\/arquivo\/wp-json\/wp\/v2\/categories?post=55706"},{"taxonomy":"post_tag","embeddable":true,"href":"https:\/\/www.jornalja.com.br\/arquivo\/wp-json\/wp\/v2\/tags?post=55706"}],"curies":[{"name":"wp","href":"https:\/\/api.w.org\/{rel}","templated":true}]}}