{"id":55709,"date":"2017-09-28T01:28:18","date_gmt":"2017-09-28T04:28:18","guid":{"rendered":"https:\/\/www.jornalja.com.br\/?p=55709"},"modified":"2017-09-28T01:28:18","modified_gmt":"2017-09-28T04:28:18","slug":"apos-quinze-horas-de-sessao-camara-rejeita-revisao-de-iptu","status":"publish","type":"post","link":"https:\/\/www.jornalja.com.br\/arquivo\/apos-quinze-horas-de-sessao-camara-rejeita-revisao-de-iptu\/","title":{"rendered":"Ap\u00f3s quinze horas de sess\u00e3o, C\u00e2mara rejeita revis\u00e3o de IPTU da Capital"},"content":{"rendered":"<p>Ap\u00f3s mais de quinze horas de sess\u00e3o, a C\u00e2mara de Vereadores de Porto Alegre, por\u00a0 25 votos contr\u00e1rios a 10 favor\u00e1veis e uma absten\u00e7\u00e3o, rejeitou na madrugada desta quinta-feira, 28\/09, o projeto de lei que alteraria os valores do Imposto Predial e Territorial Urbano (IPTU) de Porto Alegre.<br \/>\nEssa \u00e9 a mais fragorosa derrota do governo Nelson Marchezan J\u00fanior em nove meses de gest\u00e3o.<br \/>\nAo longo de dezesseis horas de negocia\u00e7\u00e3o o texto inicial recebeu 42 emendas, al\u00e9m de 12 subemendas, uma Mensagem Retificativa do Executivo e uma subemenda a esta Mensagem. Foram votadas 33 emendas das 42 apresentadas, nove foram retiradas. Mas, com a rejei\u00e7\u00e3o final do projeto, nenhuma delas tem validade.<br \/>\nSeguem em vigor as regras atuais do IPTU, com al\u00edquota \u00fanica de 0,85% sobre os im\u00f3veis residenciais. A atual planta de valores, que define o valor venal dos im\u00f3veis, e que est\u00e1 desatualizada desde 1991, tamb\u00e9m fica sem altera\u00e7\u00f5es.<br \/>\nAinda antes da vota\u00e7\u00e3o do texto principal do projeto, o l\u00edder do governo na C\u00e2mara, vereador Mois\u00e9s Maluco do Bem (PSDB), foi \u00e0 tribuna e leu nota do prefeito Marchezan Jr. na qual o chefe do Executivo reconheceu a derrota do projeto. Na nota, o prefeito lamenta &#8220;a falta de compreens\u00e3o da Casa em rela\u00e7\u00e3o ao momento grave pelo qual passa a cidade&#8221;. Segundo ele, o projeto do IPTU \u00e9 uma proposta que buscava promover justi\u00e7a entre os contribuintes. &#8220;Porto Alegre continuar\u00e1 sendo a capital mais atrasada no pa\u00eds na cobran\u00e7a do IPTU&#8221;, finalizou Marchezan.<br \/>\n<span class=\"intertit\">Como foi o dia<\/span><br \/>\nJ\u00e1 pela manh\u00e3, com a sess\u00e3o extraordin\u00e1ria iniciada por volta das 9h30, vereadores que ainda n\u00e3o haviam falado na tribuna foram ao microfone discursar contra e a favor do projeto e continuavam a discuss\u00e3o que come\u00e7ou ainda na tarde da \u00faltima segunda-feira, dia 25.<br \/>\n<figure id=\"attachment_55719\" aria-describedby=\"caption-attachment-55719\" style=\"width: 400px\" class=\"wp-caption alignnone\"><img loading=\"lazy\" decoding=\"async\" class=\"size-medium wp-image-55719\" src=\"https:\/\/www.jornalja.com.br\/wp-content\/uploads\/2017\/09\/TON_5981-400x170.jpg\" alt=\"\" width=\"400\" height=\"170\" \/><figcaption id=\"caption-attachment-55719\" class=\"wp-caption-text\">Movimenta\u00e7\u00e3o de\u00a0 populares durante a sess\u00e3o \/ Tonico Alvares \/ CMPA<\/figcaption><\/figure><br \/>\nAo longo da tarde, discursos acalorados contra e a favor da proposta eram ouvidos na tribuna. Nos bastidores, o Secret\u00e1rio Municipal da Fazenda, Leonardo Busatto, e o Vice-Prefeito, Gustavo Paim, tentavam convencer os vereadores. N\u00e3o deu certo.<br \/>\n&#8220;Quer\u00edamos fazer justi\u00e7a tribut\u00e1ria, mas n\u00e3o foi poss\u00edvel. N\u00e3o \u00e9 aumento de imposto como muitos vereadores disseram no dia de hoje&#8221;, lamentou o l\u00edder do governo, Mois\u00e9s Barboza (PSDB).<br \/>\nJ\u00e1 o ex-l\u00edder, Cl\u00e0udio Janta (SDD), foi contra o projeto. Em um de seus discursos foi enf\u00e1tico: &#8220;O projeto \u00e9 p\u00e9ssimo e por isso o governo n\u00e3o conseguiu nem o apoio da sua base&#8221;, bradou na tribuna.<br \/>\nNas redes sociais o prefeito Nelson Marchezan J\u00fanior, ap\u00f3s muita resist\u00eancia e uma tentativa de encerrar a terceira sess\u00e3o extraordin\u00e1ria, j\u00e1 com treze horas de discuss\u00e3o, admitiu a derrota.<\/p>\n","protected":false},"excerpt":{"rendered":"<p>Ap\u00f3s mais de quinze horas de sess\u00e3o, a C\u00e2mara de Vereadores de Porto Alegre, por\u00a0 25 votos contr\u00e1rios a 10 favor\u00e1veis e uma absten\u00e7\u00e3o, rejeitou na madrugada desta quinta-feira, 28\/09, o projeto de lei que alteraria os valores do Imposto Predial e Territorial Urbano (IPTU) de Porto Alegre. Essa \u00e9 a mais fragorosa derrota do [&hellip;]<\/p>\n","protected":false},"author":4,"featured_media":55720,"comment_status":"open","ping_status":"closed","sticky":false,"template":"","format":"standard","meta":{"_jetpack_newsletter_access":"","_jetpack_dont_email_post_to_subs":false,"_jetpack_newsletter_tier_id":0,"_jetpack_memberships_contains_paywalled_content":false,"_jetpack_feature_clip_id":0,"_jetpack_memberships_contains_paid_content":false,"footnotes":"","jetpack_post_was_ever_published":false},"categories":[26],"tags":[],"class_list":["post-55709","post","type-post","status-publish","format-standard","has-post-thumbnail","hentry","category-geral"],"aioseo_notices":[],"aioseo_head":"\n\t\t<!-- All in One SEO 5.0.1.1 - aioseo.com -->\n\t<meta name=\"robots\" content=\"max-image-preview:large\" \/>\n\t<meta name=\"author\" content=\"da Reda\u00e7\u00e3o\"\/>\n\t<link rel=\"canonical\" href=\"https:\/\/www.jornalja.com.br\/arquivo\/apos-quinze-horas-de-sessao-camara-rejeita-revisao-de-iptu\/\" \/>\n\t<meta name=\"generator\" content=\"All in One SEO (AIOSEO) 5.0.1.1\" \/>\n\t\t<meta property=\"og:locale\" content=\"pt_BR\" \/>\n\t\t<meta property=\"og:site_name\" content=\"Arquivo | Jornal J\u00c1 | Porto Alegre\" \/>\n\t\t<meta property=\"og:type\" content=\"article\" \/>\n\t\t<meta property=\"og:title\" content=\"Ap\u00f3s quinze horas de sess\u00e3o, C\u00e2mara rejeita revis\u00e3o de IPTU da Capital | Arquivo\" \/>\n\t\t<meta property=\"og:url\" content=\"https:\/\/www.jornalja.com.br\/arquivo\/apos-quinze-horas-de-sessao-camara-rejeita-revisao-de-iptu\/\" \/>\n\t\t<meta property=\"og:image\" content=\"https:\/\/www.jornalja.com.br\/wp-content\/uploads\/2017\/09\/TON_5981-400x170.jpg\" \/>\n\t\t<meta property=\"og:image:secure_url\" content=\"https:\/\/www.jornalja.com.br\/wp-content\/uploads\/2017\/09\/TON_5981-400x170.jpg\" \/>\n\t\t<meta property=\"article:published_time\" content=\"2017-09-28T04:28:18+00:00\" \/>\n\t\t<meta property=\"article:modified_time\" content=\"2017-09-28T04:28:18+00:00\" \/>\n\t\t<meta name=\"twitter:card\" content=\"summary\" \/>\n\t\t<meta name=\"twitter:title\" content=\"Ap\u00f3s quinze horas de sess\u00e3o, C\u00e2mara rejeita revis\u00e3o de IPTU da Capital | Arquivo\" \/>\n\t\t<meta name=\"twitter:image\" content=\"https:\/\/www.jornalja.com.br\/economics\/wp-content\/uploads\/sites\/11\/2026\/08\/ja-folhaderosto-facebook.jpg\" \/>\n\t\t<script type=\"application\/ld+json\" class=\"aioseo-schema\">\n\t\t\t{\"@context\":\"https:\\\/\\\/schema.org\",\"@graph\":[{\"@type\":\"BlogPosting\",\"@id\":\"https:\\\/\\\/www.jornalja.com.br\\\/arquivo\\\/apos-quinze-horas-de-sessao-camara-rejeita-revisao-de-iptu\\\/#blogposting\",\"name\":\"Ap\\u00f3s quinze horas de sess\\u00e3o, C\\u00e2mara rejeita revis\\u00e3o de IPTU da Capital | Arquivo\",\"headline\":\"Ap\\u00f3s quinze horas de sess\\u00e3o, C\\u00e2mara rejeita revis\\u00e3o de IPTU da Capital\",\"author\":{\"@id\":\"https:\\\/\\\/www.jornalja.com.br\\\/arquivo\\\/author\\\/daredacao\\\/#author\"},\"publisher\":{\"@id\":\"https:\\\/\\\/www.jornalja.com.br\\\/arquivo\\\/#organization\"},\"image\":{\"@type\":\"ImageObject\",\"url\":55720},\"datePublished\":\"2017-09-28T01:28:18-03:00\",\"dateModified\":\"2017-09-28T01:28:18-03:00\",\"inLanguage\":\"pt-BR\",\"mainEntityOfPage\":{\"@id\":\"https:\\\/\\\/www.jornalja.com.br\\\/arquivo\\\/apos-quinze-horas-de-sessao-camara-rejeita-revisao-de-iptu\\\/#webpage\"},\"isPartOf\":{\"@id\":\"https:\\\/\\\/www.jornalja.com.br\\\/arquivo\\\/apos-quinze-horas-de-sessao-camara-rejeita-revisao-de-iptu\\\/#webpage\"},\"articleSection\":\"Geral\"},{\"@type\":\"BreadcrumbList\",\"@id\":\"https:\\\/\\\/www.jornalja.com.br\\\/arquivo\\\/apos-quinze-horas-de-sessao-camara-rejeita-revisao-de-iptu\\\/#breadcrumblist\",\"itemListElement\":[{\"@type\":\"ListItem\",\"@id\":\"https:\\\/\\\/www.jornalja.com.br\\\/arquivo#listItem\",\"position\":1,\"name\":\"Home\",\"item\":\"https:\\\/\\\/www.jornalja.com.br\\\/arquivo\",\"nextItem\":{\"@type\":\"ListItem\",\"@id\":\"https:\\\/\\\/www.jornalja.com.br\\\/arquivo\\\/category\\\/geral\\\/#listItem\",\"name\":\"Geral\"}},{\"@type\":\"ListItem\",\"@id\":\"https:\\\/\\\/www.jornalja.com.br\\\/arquivo\\\/category\\\/geral\\\/#listItem\",\"position\":2,\"name\":\"Geral\",\"item\":\"https:\\\/\\\/www.jornalja.com.br\\\/arquivo\\\/category\\\/geral\\\/\",\"nextItem\":{\"@type\":\"ListItem\",\"@id\":\"https:\\\/\\\/www.jornalja.com.br\\\/arquivo\\\/apos-quinze-horas-de-sessao-camara-rejeita-revisao-de-iptu\\\/#listItem\",\"name\":\"Ap\\u00f3s quinze horas de sess\\u00e3o, C\\u00e2mara rejeita revis\\u00e3o de IPTU da Capital\"},\"previousItem\":{\"@type\":\"ListItem\",\"@id\":\"https:\\\/\\\/www.jornalja.com.br\\\/arquivo#listItem\",\"name\":\"Home\"}},{\"@type\":\"ListItem\",\"@id\":\"https:\\\/\\\/www.jornalja.com.br\\\/arquivo\\\/apos-quinze-horas-de-sessao-camara-rejeita-revisao-de-iptu\\\/#listItem\",\"position\":3,\"name\":\"Ap\\u00f3s quinze horas de sess\\u00e3o, C\\u00e2mara rejeita revis\\u00e3o de IPTU da Capital\",\"previousItem\":{\"@type\":\"ListItem\",\"@id\":\"https:\\\/\\\/www.jornalja.com.br\\\/arquivo\\\/category\\\/geral\\\/#listItem\",\"name\":\"Geral\"}}]},{\"@type\":\"Organization\",\"@id\":\"https:\\\/\\\/www.jornalja.com.br\\\/arquivo\\\/#organization\",\"name\":\"Jornal J\\u00c1\",\"description\":\"Jornal J\\u00c1 | Porto Alegre\",\"url\":\"https:\\\/\\\/www.jornalja.com.br\\\/arquivo\\\/\",\"telephone\":\"+555133307272\",\"logo\":{\"@type\":\"ImageObject\",\"url\":\"https:\\\/\\\/www.jornalja.com.br\\\/wp-content\\\/uploads\\\/cards\\\/JAslogan.png\",\"@id\":\"https:\\\/\\\/www.jornalja.com.br\\\/arquivo\\\/apos-quinze-horas-de-sessao-camara-rejeita-revisao-de-iptu\\\/#organizationLogo\"},\"image\":{\"@id\":\"https:\\\/\\\/www.jornalja.com.br\\\/arquivo\\\/apos-quinze-horas-de-sessao-camara-rejeita-revisao-de-iptu\\\/#organizationLogo\"}},{\"@type\":\"Person\",\"@id\":\"https:\\\/\\\/www.jornalja.com.br\\\/arquivo\\\/author\\\/daredacao\\\/#author\",\"url\":\"https:\\\/\\\/www.jornalja.com.br\\\/arquivo\\\/author\\\/daredacao\\\/\",\"name\":\"da Reda\\u00e7\\u00e3o\",\"image\":{\"@type\":\"ImageObject\",\"@id\":\"https:\\\/\\\/www.jornalja.com.br\\\/arquivo\\\/apos-quinze-horas-de-sessao-camara-rejeita-revisao-de-iptu\\\/#authorImage\",\"url\":\"https:\\\/\\\/secure.gravatar.com\\\/avatar\\\/469fd857d6605ad19919d27ed29d35a968a25f6e8fd9318356bbb7f57aae9c65?s=96&d=mm&r=g\",\"width\":96,\"height\":96,\"caption\":\"da Reda\\u00e7\\u00e3o\"}},{\"@type\":\"WebPage\",\"@id\":\"https:\\\/\\\/www.jornalja.com.br\\\/arquivo\\\/apos-quinze-horas-de-sessao-camara-rejeita-revisao-de-iptu\\\/#webpage\",\"url\":\"https:\\\/\\\/www.jornalja.com.br\\\/arquivo\\\/apos-quinze-horas-de-sessao-camara-rejeita-revisao-de-iptu\\\/\",\"name\":\"Ap\\u00f3s quinze horas de sess\\u00e3o, C\\u00e2mara rejeita revis\\u00e3o de IPTU da Capital | Arquivo\",\"inLanguage\":\"pt-BR\",\"isPartOf\":{\"@id\":\"https:\\\/\\\/www.jornalja.com.br\\\/arquivo\\\/#website\"},\"breadcrumb\":{\"@id\":\"https:\\\/\\\/www.jornalja.com.br\\\/arquivo\\\/apos-quinze-horas-de-sessao-camara-rejeita-revisao-de-iptu\\\/#breadcrumblist\"},\"author\":{\"@id\":\"https:\\\/\\\/www.jornalja.com.br\\\/arquivo\\\/author\\\/daredacao\\\/#author\"},\"creator\":{\"@id\":\"https:\\\/\\\/www.jornalja.com.br\\\/arquivo\\\/author\\\/daredacao\\\/#author\"},\"image\":{\"@type\":\"ImageObject\",\"url\":55720,\"@id\":\"https:\\\/\\\/www.jornalja.com.br\\\/arquivo\\\/apos-quinze-horas-de-sessao-camara-rejeita-revisao-de-iptu\\\/#mainImage\"},\"primaryImageOfPage\":{\"@id\":\"https:\\\/\\\/www.jornalja.com.br\\\/arquivo\\\/apos-quinze-horas-de-sessao-camara-rejeita-revisao-de-iptu\\\/#mainImage\"},\"datePublished\":\"2017-09-28T01:28:18-03:00\",\"dateModified\":\"2017-09-28T01:28:18-03:00\"},{\"@type\":\"WebSite\",\"@id\":\"https:\\\/\\\/www.jornalja.com.br\\\/arquivo\\\/#website\",\"url\":\"https:\\\/\\\/www.jornalja.com.br\\\/arquivo\\\/\",\"name\":\"Arquivo\",\"description\":\"Jornal J\\u00c1 | Porto Alegre\",\"inLanguage\":\"pt-BR\",\"publisher\":{\"@id\":\"https:\\\/\\\/www.jornalja.com.br\\\/arquivo\\\/#organization\"}}]}\n\t\t<\/script>\n\t\t<!-- All in One SEO -->\n\n","aioseo_head_json":{"title":"Ap\u00f3s quinze horas de sess\u00e3o, C\u00e2mara rejeita revis\u00e3o de IPTU da Capital | Arquivo","description":"","canonical_url":"https:\/\/www.jornalja.com.br\/arquivo\/apos-quinze-horas-de-sessao-camara-rejeita-revisao-de-iptu\/","robots":"max-image-preview:large","keywords":"","webmasterTools":{"miscellaneous":""},"schema":{"@context":"https:\/\/schema.org","@graph":[{"@type":"BlogPosting","@id":"https:\/\/www.jornalja.com.br\/arquivo\/apos-quinze-horas-de-sessao-camara-rejeita-revisao-de-iptu\/#blogposting","name":"Ap\u00f3s quinze horas de sess\u00e3o, C\u00e2mara rejeita revis\u00e3o de IPTU da Capital | Arquivo","headline":"Ap\u00f3s quinze horas de sess\u00e3o, C\u00e2mara rejeita revis\u00e3o de IPTU da Capital","author":{"@id":"https:\/\/www.jornalja.com.br\/arquivo\/author\/daredacao\/#author"},"publisher":{"@id":"https:\/\/www.jornalja.com.br\/arquivo\/#organization"},"image":{"@type":"ImageObject","url":55720},"datePublished":"2017-09-28T01:28:18-03:00","dateModified":"2017-09-28T01:28:18-03:00","inLanguage":"pt-BR","mainEntityOfPage":{"@id":"https:\/\/www.jornalja.com.br\/arquivo\/apos-quinze-horas-de-sessao-camara-rejeita-revisao-de-iptu\/#webpage"},"isPartOf":{"@id":"https:\/\/www.jornalja.com.br\/arquivo\/apos-quinze-horas-de-sessao-camara-rejeita-revisao-de-iptu\/#webpage"},"articleSection":"Geral"},{"@type":"BreadcrumbList","@id":"https:\/\/www.jornalja.com.br\/arquivo\/apos-quinze-horas-de-sessao-camara-rejeita-revisao-de-iptu\/#breadcrumblist","itemListElement":[{"@type":"ListItem","@id":"https:\/\/www.jornalja.com.br\/arquivo#listItem","position":1,"name":"Home","item":"https:\/\/www.jornalja.com.br\/arquivo","nextItem":{"@type":"ListItem","@id":"https:\/\/www.jornalja.com.br\/arquivo\/category\/geral\/#listItem","name":"Geral"}},{"@type":"ListItem","@id":"https:\/\/www.jornalja.com.br\/arquivo\/category\/geral\/#listItem","position":2,"name":"Geral","item":"https:\/\/www.jornalja.com.br\/arquivo\/category\/geral\/","nextItem":{"@type":"ListItem","@id":"https:\/\/www.jornalja.com.br\/arquivo\/apos-quinze-horas-de-sessao-camara-rejeita-revisao-de-iptu\/#listItem","name":"Ap\u00f3s quinze horas de sess\u00e3o, C\u00e2mara rejeita revis\u00e3o de IPTU da Capital"},"previousItem":{"@type":"ListItem","@id":"https:\/\/www.jornalja.com.br\/arquivo#listItem","name":"Home"}},{"@type":"ListItem","@id":"https:\/\/www.jornalja.com.br\/arquivo\/apos-quinze-horas-de-sessao-camara-rejeita-revisao-de-iptu\/#listItem","position":3,"name":"Ap\u00f3s quinze horas de sess\u00e3o, C\u00e2mara rejeita revis\u00e3o de IPTU da Capital","previousItem":{"@type":"ListItem","@id":"https:\/\/www.jornalja.com.br\/arquivo\/category\/geral\/#listItem","name":"Geral"}}]},{"@type":"Organization","@id":"https:\/\/www.jornalja.com.br\/arquivo\/#organization","name":"Jornal J\u00c1","description":"Jornal J\u00c1 | Porto Alegre","url":"https:\/\/www.jornalja.com.br\/arquivo\/","telephone":"+555133307272","logo":{"@type":"ImageObject","url":"https:\/\/www.jornalja.com.br\/wp-content\/uploads\/cards\/JAslogan.png","@id":"https:\/\/www.jornalja.com.br\/arquivo\/apos-quinze-horas-de-sessao-camara-rejeita-revisao-de-iptu\/#organizationLogo"},"image":{"@id":"https:\/\/www.jornalja.com.br\/arquivo\/apos-quinze-horas-de-sessao-camara-rejeita-revisao-de-iptu\/#organizationLogo"}},{"@type":"Person","@id":"https:\/\/www.jornalja.com.br\/arquivo\/author\/daredacao\/#author","url":"https:\/\/www.jornalja.com.br\/arquivo\/author\/daredacao\/","name":"da Reda\u00e7\u00e3o","image":{"@type":"ImageObject","@id":"https:\/\/www.jornalja.com.br\/arquivo\/apos-quinze-horas-de-sessao-camara-rejeita-revisao-de-iptu\/#authorImage","url":"https:\/\/secure.gravatar.com\/avatar\/469fd857d6605ad19919d27ed29d35a968a25f6e8fd9318356bbb7f57aae9c65?s=96&d=mm&r=g","width":96,"height":96,"caption":"da Reda\u00e7\u00e3o"}},{"@type":"WebPage","@id":"https:\/\/www.jornalja.com.br\/arquivo\/apos-quinze-horas-de-sessao-camara-rejeita-revisao-de-iptu\/#webpage","url":"https:\/\/www.jornalja.com.br\/arquivo\/apos-quinze-horas-de-sessao-camara-rejeita-revisao-de-iptu\/","name":"Ap\u00f3s quinze horas de sess\u00e3o, C\u00e2mara rejeita revis\u00e3o de IPTU da Capital | Arquivo","inLanguage":"pt-BR","isPartOf":{"@id":"https:\/\/www.jornalja.com.br\/arquivo\/#website"},"breadcrumb":{"@id":"https:\/\/www.jornalja.com.br\/arquivo\/apos-quinze-horas-de-sessao-camara-rejeita-revisao-de-iptu\/#breadcrumblist"},"author":{"@id":"https:\/\/www.jornalja.com.br\/arquivo\/author\/daredacao\/#author"},"creator":{"@id":"https:\/\/www.jornalja.com.br\/arquivo\/author\/daredacao\/#author"},"image":{"@type":"ImageObject","url":55720,"@id":"https:\/\/www.jornalja.com.br\/arquivo\/apos-quinze-horas-de-sessao-camara-rejeita-revisao-de-iptu\/#mainImage"},"primaryImageOfPage":{"@id":"https:\/\/www.jornalja.com.br\/arquivo\/apos-quinze-horas-de-sessao-camara-rejeita-revisao-de-iptu\/#mainImage"},"datePublished":"2017-09-28T01:28:18-03:00","dateModified":"2017-09-28T01:28:18-03:00"},{"@type":"WebSite","@id":"https:\/\/www.jornalja.com.br\/arquivo\/#website","url":"https:\/\/www.jornalja.com.br\/arquivo\/","name":"Arquivo","description":"Jornal J\u00c1 | Porto Alegre","inLanguage":"pt-BR","publisher":{"@id":"https:\/\/www.jornalja.com.br\/arquivo\/#organization"}}]},"og:locale":"pt_BR","og:site_name":"Arquivo | Jornal J\u00c1 | Porto Alegre","og:type":"article","og:title":"Ap\u00f3s quinze horas de sess\u00e3o, C\u00e2mara rejeita revis\u00e3o de IPTU da Capital | Arquivo","og:url":"https:\/\/www.jornalja.com.br\/arquivo\/apos-quinze-horas-de-sessao-camara-rejeita-revisao-de-iptu\/","og:image":"https:\/\/www.jornalja.com.br\/wp-content\/uploads\/2017\/09\/TON_5981-400x170.jpg","og:image:secure_url":"https:\/\/www.jornalja.com.br\/wp-content\/uploads\/2017\/09\/TON_5981-400x170.jpg","article:published_time":"2017-09-28T04:28:18+00:00","article:modified_time":"2017-09-28T04:28:18+00:00","twitter:card":"summary","twitter:title":"Ap\u00f3s quinze horas de sess\u00e3o, C\u00e2mara rejeita revis\u00e3o de IPTU da Capital | Arquivo","twitter:image":"https:\/\/www.jornalja.com.br\/economics\/wp-content\/uploads\/sites\/11\/2026\/08\/ja-folhaderosto-facebook.jpg"},"aioseo_meta_data":{"post_id":"55709","title":null,"description":null,"keywords":null,"keyphrases":null,"primary_term":null,"canonical_url":null,"og_title":null,"og_description":null,"og_object_type":"default","og_image_type":"default","og_image_url":null,"og_image_width":null,"og_image_height":null,"og_image_custom_url":null,"og_image_custom_fields":null,"og_video":null,"og_custom_url":null,"og_article_section":null,"og_article_tags":null,"twitter_use_og":false,"twitter_card":"default","twitter_image_type":"default","twitter_image_url":null,"twitter_image_custom_url":null,"twitter_image_custom_fields":null,"twitter_title":null,"twitter_description":null,"schema":{"blockGraphs":[],"customGraphs":[],"default":{"data":{"Article":[],"Course":[],"Dataset":[],"FAQPage":[],"Movie":[],"Person":[],"Product":[],"ProductReview":[],"Car":[],"Recipe":[],"Service":[],"SoftwareApplication":[],"WebPage":[]},"graphName":"","isEnabled":true},"graphs":[],"defaultGraph":"","defaultPostTypeGraph":""},"schema_type":null,"schema_type_options":null,"pillar_content":false,"robots_default":true,"robots_noindex":false,"robots_noarchive":false,"robots_nosnippet":false,"robots_nofollow":false,"robots_noimageindex":false,"robots_noodp":false,"robots_notranslate":false,"robots_max_snippet":null,"robots_max_videopreview":null,"robots_max_imagepreview":"large","priority":null,"frequency":null,"location":null,"local_seo":null,"breadcrumb_settings":null,"limit_modified_date":false,"ai":null,"created":"2020-12-20 20:24:05","updated":"2025-07-20 01:26:12","seo_analyzer_scan_date":null,"focus_keyword":null,"additional_keywords":null,"truseo_locale":null},"jetpack_sharing_enabled":true,"jetpack-related-posts":[{"id":1280,"url":"https:\/\/www.jornalja.com.br\/arquivo\/o-menino-que-se-tornou-brizola\/","url_meta":{"origin":55709,"position":0},"title":"O Menino que se Tornou Brizola","author":"da Reda\u00e7\u00e3o","date":"28 de julho de 2008","format":false,"excerpt":"Autor: Cleber Dioni A vida de Leonel Brizola, com \u00eanfase para os primeiros anos em Porto Alegre, at\u00e9 o ex\u00edlio no Uruguai e a volta, quinze anos depois. \u00a0\"...\u00c9ramos todos jovens e nos identific\u00e1vamos com aquela massa an\u00f4nima a percorrer as ruas de Porto Alegre, gritando 'Get\u00falio', 'Get\u00falio' e empunhando\u2026","rel":"","context":"Em &quot;Livros&quot;","block_context":{"text":"Livros","link":"https:\/\/www.jornalja.com.br\/arquivo\/category\/livros\/"},"img":{"alt_text":"","src":"https:\/\/i0.wp.com\/www.jornalja.com.br\/wp-content\/uploads\/2008\/07\/brizola.gif?resize=350%2C200&ssl=1","width":350,"height":200},"classes":[]},{"id":13240,"url":"https:\/\/www.jornalja.com.br\/arquivo\/plano-diretor-estamos-construindo-o-caos\/","url_meta":{"origin":55709,"position":1},"title":"Plano diretor: &quot;Estamos construindo o caos&quot;","author":"Patr\u00edcia Marini","date":"26 de maio de 2014","format":false,"excerpt":"Desabafo que arquiteta Eliana Castilhos, delegada da Regi\u00e3o de Planejamento 1, postou nas redes sociais \u00e9 um testemunho do ambiente que se criou no Conselho do Plano Diretor de Porto Alegre, onde a aprova\u00e7\u00e3o de grandes empreendimentos \u00e9 empurrada guela abaixo dos conselheiros. Ao CMDUA Como delegada da Regi\u00e3o de\u2026","rel":"","context":"Em &quot;Geral&quot;","block_context":{"text":"Geral","link":"https:\/\/www.jornalja.com.br\/arquivo\/category\/geral\/"},"img":{"alt_text":"","src":"","width":0,"height":0},"classes":[]},{"id":13239,"url":"https:\/\/www.jornalja.com.br\/arquivo\/conselho-desdenha-do-plano-diretor\/","url_meta":{"origin":55709,"position":2},"title":"Porto Alegre: Conselho detona Plano Diretor","author":"Patr\u00edcia Marini","date":"25 de maio de 2014","format":false,"excerpt":"Den\u00fancia do arquiteto e \u00a0urbanista Ibir\u00e1 Santos Lucas. Ele diz que os conselheiros est\u00e3o votando com \"enorme irresponsabilidade\". \"Mudam regime com a maior naturalidade,,,regularizam absurdos de constru\u00e7\u00f5es irregulares... \"O CMDUA est\u00e1 flexibilizando a lei do plano diretor, de uma forma impactante na vida da cidade. Mudam regime com a maior\u2026","rel":"","context":"Em &quot;Geral&quot;","block_context":{"text":"Geral","link":"https:\/\/www.jornalja.com.br\/arquivo\/category\/geral\/"},"img":{"alt_text":"","src":"","width":0,"height":0},"classes":[]},{"id":13124,"url":"https:\/\/www.jornalja.com.br\/arquivo\/sangue-latino-no-iecine\/","url_meta":{"origin":55709,"position":3},"title":"Sangue latino no IECINE","author":"da Reda\u00e7\u00e3o","date":"18 de maio de 2014","format":false,"excerpt":"Francisco Ribeiro O Instituto Estadual de Cinema (IECINE) tem a frente, desde abril \u00faltimo, um novo diretor, o cineasta colombiano Juan Zapata, 36, que substitui Luiz Alberto Cassol. Radicado h\u00e1 dez anos em Porto Alegre, Zapata tem diante de si o desafio de conduzir at\u00e9 o final do ano um\u2026","rel":"","context":"Em &quot;Cultura-Geral&quot;","block_context":{"text":"Cultura-Geral","link":"https:\/\/www.jornalja.com.br\/arquivo\/category\/materiasecundaria\/"},"img":{"alt_text":"","src":"","width":0,"height":0},"classes":[]},{"id":14241,"url":"https:\/\/www.jornalja.com.br\/arquivo\/o-guaiba-nas-imagens-poeticas-de-achutti\/","url_meta":{"origin":55709,"position":4},"title":"O Gua\u00edba nas imagens po\u00e9ticas de Achutti","author":"da Reda\u00e7\u00e3o","date":"18 de junho de 2014","format":false,"excerpt":"Em \u201cO Gua\u00edba por Achutti\u201d \u2013 obra financiada via Minist\u00e9rio da Cultura, produ\u00e7\u00e3o executiva de Pedro Longhi, e Fl\u00e1vio Wild como designer \u2013, o fot\u00f3grafo revela a beleza e as mazelas de um espa\u00e7o aqu\u00e1tico de \u00e1guas sempre renovadas, cheio de hist\u00f3rias e lendas como as das cidades que foram\u2026","rel":"","context":"Em &quot;Cultura-Geral&quot;","block_context":{"text":"Cultura-Geral","link":"https:\/\/www.jornalja.com.br\/arquivo\/category\/materiasecundaria\/"},"img":{"alt_text":"","src":"","width":0,"height":0},"classes":[]},{"id":13109,"url":"https:\/\/www.jornalja.com.br\/arquivo\/judiciario-reconhece-poluicao-eletromagnetica\/","url_meta":{"origin":55709,"position":5},"title":"Judici\u00e1rio reconhece polui\u00e7\u00e3o eletromagn\u00e9tica","author":"Patr\u00edcia Marini","date":"16 de maio de 2014","format":false,"excerpt":"A\u00e7\u00e3o de duas associa\u00e7\u00f5es de moradores foi acolhida pelo Tribunal de Justi\u00e7a de S\u00e3o Paulo que. em decis\u00e3o in\u00e9dita, determinou a redu\u00e7\u00e3o do campo eletromagn\u00e9tico gerado pelas linhas de transmiss\u00e3o de energia que cortam os bairros City Boa\u00e7ava e Alto de Pinheiros. \u00c9 a primeira vez que um tribunal do\u2026","rel":"","context":"Em &quot;X.Categorias velhas&quot;","block_context":{"text":"X.Categorias velhas","link":"https:\/\/www.jornalja.com.br\/arquivo\/category\/x-categorias-velhas\/"},"img":{"alt_text":"","src":"","width":0,"height":0},"classes":[]}],"jetpack_shortlink":"https:\/\/wp.me\/pbQjBd-eux","jetpack_featured_media_url":"","_links":{"self":[{"href":"https:\/\/www.jornalja.com.br\/arquivo\/wp-json\/wp\/v2\/posts\/55709","targetHints":{"allow":["GET"]}}],"collection":[{"href":"https:\/\/www.jornalja.com.br\/arquivo\/wp-json\/wp\/v2\/posts"}],"about":[{"href":"https:\/\/www.jornalja.com.br\/arquivo\/wp-json\/wp\/v2\/types\/post"}],"author":[{"embeddable":true,"href":"https:\/\/www.jornalja.com.br\/arquivo\/wp-json\/wp\/v2\/users\/4"}],"replies":[{"embeddable":true,"href":"https:\/\/www.jornalja.com.br\/arquivo\/wp-json\/wp\/v2\/comments?post=55709"}],"version-history":[{"count":0,"href":"https:\/\/www.jornalja.com.br\/arquivo\/wp-json\/wp\/v2\/posts\/55709\/revisions"}],"wp:attachment":[{"href":"https:\/\/www.jornalja.com.br\/arquivo\/wp-json\/wp\/v2\/media?parent=55709"}],"wp:term":[{"taxonomy":"category","embeddable":true,"href":"https:\/\/www.jornalja.com.br\/arquivo\/wp-json\/wp\/v2\/categories?post=55709"},{"taxonomy":"post_tag","embeddable":true,"href":"https:\/\/www.jornalja.com.br\/arquivo\/wp-json\/wp\/v2\/tags?post=55709"}],"curies":[{"name":"wp","href":"https:\/\/api.w.org\/{rel}","templated":true}]}}