{"id":55733,"date":"2017-09-28T22:38:20","date_gmt":"2017-09-29T01:38:20","guid":{"rendered":"https:\/\/www.jornalja.com.br\/?p=55733"},"modified":"2017-09-28T22:38:20","modified_gmt":"2017-09-29T01:38:20","slug":"derrota-no-projeto-de-revisao-do-iptu-expoe-fragilidade-politica-de-marchezan-na-camara","status":"publish","type":"post","link":"https:\/\/www.jornalja.com.br\/arquivo\/derrota-no-projeto-de-revisao-do-iptu-expoe-fragilidade-politica-de-marchezan-na-camara\/","title":{"rendered":"Derrota no projeto de revis\u00e3o do IPTU exp\u00f5e fragilidade pol\u00edtica de Marchezan na C\u00e2mara"},"content":{"rendered":"<p>Uma base dividida, uma oposi\u00e7\u00e3o tamb\u00e9m em d\u00favida, uma interven\u00e7\u00e3o do governador, tentativa de barrar a\u00a0vota\u00e7\u00e3o, secret\u00e1rio que foi embora mais cedo, vereadora magoada e uma derrota acachapante do governo Marchezan J\u00fanior depois de quase 16 horas. Esses foram alguns dos ingredientes que apimentaram a longa sess\u00e3o de <a href=\"https:\/\/www.jornalja.com.br\/apos-quinze-horas-de-sessao-camara-rejeita-revisao-de-iptu\/\">vota\u00e7\u00e3o de revis\u00e3o do Imposto Predial e Territorial Urbano (IPTU)<\/a> em Porto Alegre, que foi da manh\u00e3 de quarta-feira, 27, at\u00e9 o in\u00edcio da madrugada de quinta, 28\/09.<br \/>\nUma sess\u00e3o extraordin\u00e1ria foi iniciada por volta das 9h30. Vereadores se revesaram ao microfone, em discursos contra e a favor do projeto, que, principalmente, revisava a planta de valores dos im\u00f3veis da cidade (o valor venal de cada im\u00f3vel). A \u00faltima atualiza\u00e7\u00e3o completa dos valores foi feita 26 anos atr\u00e1s, em 1991.<br \/>\nSe na segunda-feira, quando a discuss\u00e3o do projeto foi aberta, o ex-vereador Matheus Ayres (PP), que agora faz a articula\u00e7\u00e3o pol\u00edtica do Pa\u00e7o junto aos vereadores, garantia a vit\u00f3ria do governo, ainda no come\u00e7o da sess\u00e3o o discurso j\u00e1 era outro. Mas, na parte da manh\u00e3, o governo parecia ainda ter os votos necess\u00e1rios para aprova\u00e7\u00e3o do<a href=\"http:\/\/www.camarapoa.rs.gov.br\/processos\/132588\"> projeto de lei.<\/a><br \/>\nPor volta das 11 horas come\u00e7ou-se a discuss\u00e3o das primeiras emendas, das 42 apresentadas. Foi discutida e aprovada a manuten\u00e7\u00e3o da isen\u00e7\u00e3o para entidades culturais, recreativas e esportivas sem fins lucrativo.<br \/>\nA segunda emenda, do vereado C\u00e1ssio Trogildo (PTB), limitava em 20% o aumento do imposto individual, at\u00e9 o ano de 2029. O plano original do governo era que a corre\u00e7\u00e3o ocorresse at\u00e9 2021. Ainda, uma subemenda do vereador Reginaldo Pujol (DEM) reduzia o percentual para 10%.<br \/>\nIniciava-se ali a primeira grande discuss\u00e3o da sess\u00e3o. Pujol sempre deixou claro oficialmente que seu voto dependia da aprova\u00e7\u00e3o de suas emendas. E o \u00e2nimo foi se exaltando a cada pronunciamento dos parlamentares na tribuna.<br \/>\nO vereador Jo\u00e3o Carlos Nedel (PP) pediu que a subemenda fosse rejeitada, pois, a arrecada\u00e7\u00e3o do governo no ano 2018 seria menor do que atualmente. Foi a declara\u00e7\u00e3o que faltava para que os vereadores contr\u00e1rios ao projeto voltassem a tribuna e criticassem o governo. \u201cO vereador Nedel \u00e9 o verdadeiro r\u00e9u confesso, pedindo que n\u00e3o se arrecade menos\u201d, bradou o ex-l\u00edder de Marchezan na casa, Cl\u00e0udio Janta (SDD).<br \/>\nO l\u00edder do governo, Mois\u00e9s Barboza Maluco do Bem (PSDB), foi \u00e0 tribuna e disse que n\u00e3o era aumento de imposto e sim uma corre\u00e7\u00e3o de quem hoje paga menos e deveria pagar mais e de que quem paga mais e ir\u00e1 pagar menos, com a aprova\u00e7\u00e3o do projeto.<br \/>\nA subemenda foi derrotada por um voto. Come\u00e7ava a debandada de quem condicionava a aprova\u00e7\u00e3o do projeto a inclus\u00e3o de suas emendas.<br \/>\nO rel\u00f3gio j\u00e1 marcava 14h e apenas duas emendas e uma subemenda haviam sido apreciadas. O presidente encerrou a sess\u00e3o para o almo\u00e7o por aproximadamente uma hora.<br \/>\nEram 15h29 quando a sess\u00e3o foi retomada. O secret\u00e1rio da Fazenda, Leonardo Busatto, come\u00e7ava um corpo a corpo no plen\u00e1rio. Busatto j\u00e1 havia comparecido no Legislativo na segunda-feira quando na sala do presidente dialogava e tirava as d\u00favidas dos parlamentares indecisos. Se a a\u00e7\u00e3o do secret\u00e1rio era um sinal positivo, externamente, o prefeito Nelson Marchezan colocava o sucesso do pleito em risco.<br \/>\nEle divulgou um v\u00eddeo, via redes sociais, no qual passeava por diversas partes da cidade explicando a necessidade da revis\u00e3o do imposto. No mesmo v\u00eddeo,\u00a0o prefeito cobrava os vereadores e pedia que parassem de pensar em si pr\u00f3prios e pensassem na popula\u00e7\u00e3o. O v\u00eddeo deixou alguns vereadores irados.<br \/>\nO tempo passava e as chances de aprova\u00e7\u00e3o do projeto ia se esvaindo.<br \/>\nO \u00e1pice aconteceu por volta das 21h20. J\u00e1 se completavam quase 12 horas de plen\u00e1ria, entre discuss\u00e3o, pausas, idas e vindas. O vereador Cl\u00e0udio Janta, ex-l\u00edder do governo, ainda da base, mas opositor do projeto, foi \u00e0 tribuna e exibiu mais um v\u00eddeo de Marchezan.<br \/>\nNo um minuto mostrado \u00e0 plateia, o prefeito falava mal do PT.<br \/>\nEra uma estrat\u00e9gia de retirar o apoio da bancada petista, que at\u00e9 ent\u00e3o mostrava-se favor\u00e1vel ao projeto caso suas emendas fossem apoiadas. &#8220;\u00c9 esse prefeito que voc\u00eas ir\u00e3o apoiar? Esse projeto \u00e9 ruim, \u00e9 t\u00e3o ruim que o prefeito n\u00e3o teve apoio de toda sua base, \u00e9 t\u00e3o ruim que o prefeito precisa dos votos do PT pra ser aprovado.&#8221; bradou Janta, minando qualquer acordo que poderia angariar alguns votos ao projeto, j\u00e1 que o PT sempre se mostrou favor\u00e1vel a ado\u00e7\u00e3o de al\u00edquotas progressivas, um dos pontos da nova lei.<br \/>\n<figure id=\"attachment_55744\" aria-describedby=\"caption-attachment-55744\" style=\"width: 400px\" class=\"wp-caption alignnone\"><img loading=\"lazy\" decoding=\"async\" class=\"size-medium wp-image-55744\" src=\"https:\/\/www.jornalja.com.br\/wp-content\/uploads\/2017\/09\/TON_6033-400x266.jpg\" alt=\"\" width=\"400\" height=\"266\" \/><figcaption id=\"caption-attachment-55744\" class=\"wp-caption-text\">Vereador Janta mostrou v\u00eddeo de Marchezan e criticou duramente postura do prefeito \/ Tonico Alvares \/ CMPA<\/figcaption><\/figure><br \/>\nJanta falava na tribuna enquanto o l\u00edder do governo, Mois\u00e9s Maluco do Bem, distribu\u00eda esfirras aos demais parlamentares.<br \/>\nO constrangimento se abatia na C\u00e2mara de Vereadores. De um lado vereadores aplaudiam, outros riam. Nas galerias, que ainda contava com algumas pessoas contr\u00e1rias ao projeto, se ouviam aplausos a cada cr\u00edtica dirigida ao prefeito.<br \/>\nO golpe final nas pretens\u00f5es de Marchezan veio quando uma subemenda e emenda do partido dos trabalhadores foi derrotada.<br \/>\n<span class=\"intertit\">Marchezan pediu ajuda \u00e0 Sartori, mas n\u00e3o levou votos do PMDB<\/span><br \/>\nAinda no in\u00edcio da tarde, com a vota\u00e7\u00e3o j\u00e1 comprometida, Marchezan pediu diretamente ao governador Jos\u00e9 Ivo Sartori que intervisse. Ele queria o apoio da bancada do PMDB, detentora de cinco votos. Vereadores e dirigentes do partido garantem: O chefe da casa-civil, F\u00e1bio Branco, e o l\u00edder do governo na Assembleia Legislativa, Gabriel Souza, foram os interlocutores, por telefone, da tentativa de apoio ao projeto.<br \/>\nA interven\u00e7\u00e3o estaria sendo cobrada devido ao apoio do partido tucano ao projeto de aumento de imposto do governador Sartori em 2015. A bancada do PSDB ajudou Sartori a dar o tarifa\u00e7o e Marchezan pediu reciprocidade.<br \/>\n&#8220;O fato ocorreu, mas eu n\u00e3o recebi nenhuma liga\u00e7\u00e3o&#8221;, confirmou um vereador do PMDB. Assessores parlamentares tamb\u00e9m confirmaram \u00e0 reportagem que as liga\u00e7\u00f5es ocorreram e que o epis\u00f3dio desagradou os parlamentares do partido. O tiro de Marchezan saiu pela culatra. Ao final da vota\u00e7\u00e3o, nenhum vereador do governador votou a favor do projeto.<br \/>\n<span class=\"intertit\">L\u00edder demorou a jogar a toalha<\/span><br \/>\nEram 22h30 e o clima de derrota j\u00e1 era vis\u00edvel entre os aliados. Por\u00e9m, Barboza ainda n\u00e3o havia jogado a toalha. &#8220;Acredito ainda que os vereadores fa\u00e7am essa corre\u00e7\u00e3o necess\u00e1ria para a cidade de Porto Alegre&#8221;, falou o l\u00edder.<br \/>\nO tempo avan\u00e7ava e as manobras para barrar a vota\u00e7\u00e3o do governo come\u00e7aram. Primeiro tentou-se retirar o qu\u00f3rum. Circulava nos bastidores que o vice-prefeito Gustavo Paim ligou para vereadores de seu partido e orientou que sa\u00edssem do plen\u00e1rio. Nenhum parlamentar confirmou o pedido.<br \/>\nChegava ao fim o tempo limite de quatro horas de dura\u00e7\u00e3o de uma sess\u00e3o extraordin\u00e1ria, que s\u00f3 pode ser chamada pelo presidente da casa. O governo havia pedido para o presidente que n\u00e3o chamasse mais uma extraordin\u00e1ria, seria a quarta do dia. Foi quando iniciou-se uma discuss\u00e3o entre os parlamentares. L\u00edderes dos partidos foram at\u00e9 a frente do presidente Cassio Trogildo e pediram que convocasse uma nova reuni\u00e3o. Trogildo, em primeira ordem, recusou. Os vereadores revoltados insistiram. &#8220;Perdeu perdeu, C\u00e1ssio faz parte&#8221;, bradou um dos parlamentares.<br \/>\nOs minutos passavam-se e a tens\u00e3o ia aumentando. Alguns vereadores ainda discursavam no t\u00e9rmino da terceira sess\u00e3o extraordin\u00e1ria. Ap\u00f3s mais alguns minutos de negocia\u00e7\u00e3o e insist\u00eancia, C\u00e1ssio cedeu. &#8220;Eu sou um presidente das maiorias e estou vendo que todos vereadores est\u00e3o aqui e querem continuar a vota\u00e7\u00e3o, irei abrir mais uma sess\u00e3o&#8221; declarou ele.<br \/>\nO governo enfim\u00a0aceitava a derrota, mesmo que ainda n\u00e3o oficialmente.<br \/>\nMinutos antes o secret\u00e1rio Leonardo Bussato j\u00e1 havia ido embora do recinto sem querer dar declara\u00e7\u00e3o oficial aos rep\u00f3rteres, limitando-se a um breve di\u00e1logo:<br \/>\n&#8211; N\u00e3o posso falar antes do resultado, mas j\u00e1 acabou.<br \/>\n&#8211; Jogou a toalha secret\u00e1rio?<br \/>\n&#8211; N\u00e3o, eles podem aprovar&#8230;<br \/>\nBussato entrou num carro e saiu do Legislativo. Ainda faltavam duas horas para a derrota.<br \/>\n<figure id=\"attachment_55745\" aria-describedby=\"caption-attachment-55745\" style=\"width: 400px\" class=\"wp-caption alignnone\"><img loading=\"lazy\" decoding=\"async\" class=\"size-medium wp-image-55745\" src=\"https:\/\/www.jornalja.com.br\/wp-content\/uploads\/2017\/09\/LOC_8429-400x266.jpg\" alt=\"\" width=\"400\" height=\"266\" \/><figcaption id=\"caption-attachment-55745\" class=\"wp-caption-text\">O vereador l\u00edder do governo, Mois\u00e9s Maluco do Bem, l\u00ea comunicado do prefeito Nelson Marchezan reconhecendo a derrota \/ Leonardo Contursi \/ CMPA<\/figcaption><\/figure><br \/>\nUma hora ap\u00f3s isso o l\u00edder Mois\u00e9s Barboza, o Maluco do Bem, reconhecia oficialmente a derrota e lia uma nota do prefeito Nelson Marchezan J\u00fanior:<br \/>\n<strong><em>&#8211; Lamento profundamente a falta de compreens\u00e3o do momento grave pelo qual Porto Alegre passa na infraestrutura e nos servi\u00e7os oferecidos \u00e0 popula\u00e7\u00e3o, resultado do n\u00e3o enfrentamento de problemas hist\u00f3ricos e evidentes;<\/em><\/strong><\/p>\n<div class=\"text_exposed_show\">\n<strong><em>&#8211; Todo o esfor\u00e7o desta gest\u00e3o \u00e9 no sentido de reduzir a m\u00e1quina para que caiba nas receitas, seja mais eficiente e atenda melhor aqueles que precisam do poder p\u00fablico. Foi nessa estrat\u00e9gia que reduzimos em mais de R$ 500 milh\u00f5es o d\u00e9ficit herdado, cortamos CCs e diminu\u00edmos despesas administrativas, aumentando recursos para sa\u00fade, educa\u00e7\u00e3o e seguran\u00e7a;<\/em><\/strong><br \/>\n<strong><em>&#8211; O projeto do IPTU real iria promover justi\u00e7a entre os contribuintes, porque hoje muitos pagam mais do que devem, enquanto outros pagam menos do que o seu patrim\u00f4nio real permite e exige;<\/em><\/strong><br \/>\n<strong><em>&#8211; A atualiza\u00e7\u00e3o da planta de valores n\u00e3o \u00e9 um projeto do nosso governo. Os estudos existem no corpo t\u00e9cnico da prefeitura h\u00e1 muito anos. Houve omiss\u00e3o. E essa omiss\u00e3o de 26 anos segue agora o curso de uma bola de neve \u2013 Porto Alegre continuar\u00e1 sendo a capital mais atrasada do pa\u00eds na justi\u00e7a da cobran\u00e7a do IPTU;<\/em><\/strong><br \/>\n<strong><em>&#8211; Temos a convic\u00e7\u00e3o de que o atual IPTU de Porto Alegre \u00e9 um instrumento de injusti\u00e7a social e tribut\u00e1ria. E a partir de amanh\u00e3 j\u00e1 iniciaremos um novo debate para mudar essa realidade;<\/em><\/strong><br \/>\n<strong><em>&#8211; As nossas batalhas s\u00e3o di\u00e1rias na administra\u00e7\u00e3o da cidade e seguiremos trabalhando para romper as barreiras do comodismo e, assim, construir resultados concretos em busca da Porto Alegre que todos querem, mas para a qual nem todos t\u00eam a disposi\u00e7\u00e3o de contribuir al\u00e9m dos pr\u00f3prios interesses.<\/em><\/strong>\n<\/div>\n<p>Ap\u00f3s isso, algumas emendas ainda foram votadas e veio a vota\u00e7\u00e3o do projeto. Quase todos os l\u00edderes, que tem direito ao encaminhamento, falaram.<br \/>\nA essa altura, uma das mais chateadas era a vereadora M\u00f4nica Leal, da base do governo. Ela era contra o projeto e lamentou as declara\u00e7\u00f5es do prefeito: &#8220;Elas foram agressivas, eu n\u00e3o fiz campanha contra, eu n\u00e3o falei mal&#8221;, comentou a parlamentar, que disse tamb\u00e9m estar triste e chocada.<br \/>\nQuando o rel\u00f3gio marcou 1h22 minutos, o placar mostrou &#8211; vinte e cinco vereadores, uma maioria absoluta, decidiram rejeitar o projeto. Dez votaram a favor e um, o vereador Pujol, se absteve.<br \/>\nMarchezan deve agora reestudar e reenviar o projeto para a C\u00e2mara. Mas n\u00e3o tem como as mudan\u00e7as serem implantadas no pr\u00f3ximo ano. Qualquer altera\u00e7\u00e3o no IPTU fica pra 2019.<br \/>\nAo menos, um novo projeto ter\u00e1 mais tempo de discuss\u00e3o e an\u00e1lise dos vereadores, j\u00e1 que o reprovado teve apenas 45 dias de circula\u00e7\u00e3o pelo Legislativo, tempo considerado pequeno por alguns vereadores que votaram contra.<br \/>\nAt\u00e9 l\u00e1, o prefeito tem a dif\u00edcil miss\u00e3o de melhorar seu relacionamento com a C\u00e2mara, que sem d\u00favidas, depois deste pleito, ficou ainda mais conflituoso.<br \/>\n<span class=\"culturadestaque\">Como foi a vota\u00e7\u00e3o<\/span><br \/>\nVotaram contra o projeto os vereadores:<br \/>\nFelipe Camozzato (NOVO),<br \/>\nJo\u00e3o Bosco Vaz (PDT),<br \/>\nMauro Zacher (PDT),<br \/>\nM\u00e1rcio Bins Ely (PDT),<br \/>\nAndr\u00e9 Car\u00fas (PMDB),<br \/>\nComandante N\u00e1dia (PMDB),<br \/>\nIdenir Cecchim (PMDB),<br \/>\nMendes Ribeiro (PMDB),<br \/>\nValter Nagelstein (PMDB),<br \/>\nCassi\u00e1 Carpes (PP),<br \/>\nM\u00f4nica Leal (PP),<br \/>\nRicardo Gomes (PP),<br \/>\nAlvoni Medina (PRB),<br \/>\nJos\u00e9 Freitas (PRB),<br \/>\nProfessor Wambert (PROS),<br \/>\nPaulinho Motorista (PSB),<br \/>\nFernanda Melchionna (PSOL),<br \/>\nProfessor Alex Fraga (PSOL),<br \/>\nRoberto Robaina (PSOL),<br \/>\nAdeli Sell (PT),<br \/>\nAldacir Oliboni (PT),<br \/>\nMarcelo Sgarbossa (PT),<br \/>\nSofia Cavedon (PT),<br \/>\nDr. Thiago Duarte (DEM),<br \/>\ne Cl\u00e1udio Janta (SD).<br \/>\nA favor, votaram os vereadores:<br \/>\nRodrigo Maroni (PODEMOS),<br \/>\nJo\u00e3o Carlos Nedel (PP),<br \/>\nAirto Ferronato (PSB),<br \/>\nTarciso Flecha Negra (PSD),<br \/>\nMois\u00e9s Maluco do Bem (PSDB),<br \/>\nCassio Trogildo (PTB),<br \/>\nLuciano Marcant\u00f4nio (PTB),<br \/>\nPaulo Brum (PTB),<br \/>\nMauro Pinheiro (REDE),<br \/>\ne Dr. Goulart (PTB).<br \/>\n&nbsp;<br \/>\nO vereador Reginaldo Pujol (DEM) se absteve.<\/p>\n","protected":false},"excerpt":{"rendered":"<p>Uma base dividida, uma oposi\u00e7\u00e3o tamb\u00e9m em d\u00favida, uma interven\u00e7\u00e3o do governador, tentativa de barrar a\u00a0vota\u00e7\u00e3o, secret\u00e1rio que foi embora mais cedo, vereadora magoada e uma derrota acachapante do governo Marchezan J\u00fanior depois de quase 16 horas. Esses foram alguns dos ingredientes que apimentaram a longa sess\u00e3o de vota\u00e7\u00e3o de revis\u00e3o do Imposto Predial e [&hellip;]<\/p>\n","protected":false},"author":4,"featured_media":55743,"comment_status":"open","ping_status":"closed","sticky":false,"template":"","format":"standard","meta":{"_jetpack_newsletter_access":"","_jetpack_dont_email_post_to_subs":false,"_jetpack_newsletter_tier_id":0,"_jetpack_memberships_contains_paywalled_content":false,"_jetpack_feature_clip_id":0,"_jetpack_memberships_contains_paid_content":false,"footnotes":"","jetpack_post_was_ever_published":false},"categories":[26],"tags":[],"class_list":["post-55733","post","type-post","status-publish","format-standard","has-post-thumbnail","hentry","category-geral"],"aioseo_notices":[],"aioseo_head":"\n\t\t<!-- All in One SEO 5.0.1.1 - aioseo.com -->\n\t<meta name=\"robots\" content=\"max-image-preview:large\" \/>\n\t<meta name=\"author\" content=\"da Reda\u00e7\u00e3o\"\/>\n\t<link rel=\"canonical\" href=\"https:\/\/www.jornalja.com.br\/arquivo\/derrota-no-projeto-de-revisao-do-iptu-expoe-fragilidade-politica-de-marchezan-na-camara\/\" \/>\n\t<meta name=\"generator\" content=\"All in One SEO (AIOSEO) 5.0.1.1\" \/>\n\t\t<meta property=\"og:locale\" content=\"pt_BR\" \/>\n\t\t<meta property=\"og:site_name\" content=\"Arquivo | Jornal J\u00c1 | Porto Alegre\" \/>\n\t\t<meta property=\"og:type\" content=\"article\" \/>\n\t\t<meta property=\"og:title\" content=\"Derrota no projeto de revis\u00e3o do IPTU exp\u00f5e fragilidade pol\u00edtica de Marchezan na C\u00e2mara | Arquivo\" \/>\n\t\t<meta property=\"og:url\" content=\"https:\/\/www.jornalja.com.br\/arquivo\/derrota-no-projeto-de-revisao-do-iptu-expoe-fragilidade-politica-de-marchezan-na-camara\/\" \/>\n\t\t<meta property=\"og:image\" content=\"https:\/\/www.jornalja.com.br\/wp-content\/uploads\/2017\/09\/TON_6033-400x266.jpg\" \/>\n\t\t<meta property=\"og:image:secure_url\" content=\"https:\/\/www.jornalja.com.br\/wp-content\/uploads\/2017\/09\/TON_6033-400x266.jpg\" \/>\n\t\t<meta property=\"article:published_time\" content=\"2017-09-29T01:38:20+00:00\" \/>\n\t\t<meta property=\"article:modified_time\" content=\"2017-09-29T01:38:20+00:00\" \/>\n\t\t<meta name=\"twitter:card\" content=\"summary\" \/>\n\t\t<meta name=\"twitter:title\" content=\"Derrota no projeto de revis\u00e3o do IPTU exp\u00f5e fragilidade pol\u00edtica de Marchezan na C\u00e2mara | Arquivo\" \/>\n\t\t<meta name=\"twitter:image\" content=\"https:\/\/www.jornalja.com.br\/economics\/wp-content\/uploads\/sites\/11\/2026\/08\/ja-folhaderosto-facebook.jpg\" \/>\n\t\t<script type=\"application\/ld+json\" class=\"aioseo-schema\">\n\t\t\t{\"@context\":\"https:\\\/\\\/schema.org\",\"@graph\":[{\"@type\":\"BlogPosting\",\"@id\":\"https:\\\/\\\/www.jornalja.com.br\\\/arquivo\\\/derrota-no-projeto-de-revisao-do-iptu-expoe-fragilidade-politica-de-marchezan-na-camara\\\/#blogposting\",\"name\":\"Derrota no projeto de revis\\u00e3o do IPTU exp\\u00f5e fragilidade pol\\u00edtica de Marchezan na C\\u00e2mara | Arquivo\",\"headline\":\"Derrota no projeto de revis\\u00e3o do IPTU exp\\u00f5e fragilidade pol\\u00edtica de Marchezan na C\\u00e2mara\",\"author\":{\"@id\":\"https:\\\/\\\/www.jornalja.com.br\\\/arquivo\\\/author\\\/daredacao\\\/#author\"},\"publisher\":{\"@id\":\"https:\\\/\\\/www.jornalja.com.br\\\/arquivo\\\/#organization\"},\"image\":{\"@type\":\"ImageObject\",\"url\":55743},\"datePublished\":\"2017-09-28T22:38:20-03:00\",\"dateModified\":\"2017-09-28T22:38:20-03:00\",\"inLanguage\":\"pt-BR\",\"mainEntityOfPage\":{\"@id\":\"https:\\\/\\\/www.jornalja.com.br\\\/arquivo\\\/derrota-no-projeto-de-revisao-do-iptu-expoe-fragilidade-politica-de-marchezan-na-camara\\\/#webpage\"},\"isPartOf\":{\"@id\":\"https:\\\/\\\/www.jornalja.com.br\\\/arquivo\\\/derrota-no-projeto-de-revisao-do-iptu-expoe-fragilidade-politica-de-marchezan-na-camara\\\/#webpage\"},\"articleSection\":\"Geral\"},{\"@type\":\"BreadcrumbList\",\"@id\":\"https:\\\/\\\/www.jornalja.com.br\\\/arquivo\\\/derrota-no-projeto-de-revisao-do-iptu-expoe-fragilidade-politica-de-marchezan-na-camara\\\/#breadcrumblist\",\"itemListElement\":[{\"@type\":\"ListItem\",\"@id\":\"https:\\\/\\\/www.jornalja.com.br\\\/arquivo#listItem\",\"position\":1,\"name\":\"Home\",\"item\":\"https:\\\/\\\/www.jornalja.com.br\\\/arquivo\",\"nextItem\":{\"@type\":\"ListItem\",\"@id\":\"https:\\\/\\\/www.jornalja.com.br\\\/arquivo\\\/category\\\/geral\\\/#listItem\",\"name\":\"Geral\"}},{\"@type\":\"ListItem\",\"@id\":\"https:\\\/\\\/www.jornalja.com.br\\\/arquivo\\\/category\\\/geral\\\/#listItem\",\"position\":2,\"name\":\"Geral\",\"item\":\"https:\\\/\\\/www.jornalja.com.br\\\/arquivo\\\/category\\\/geral\\\/\",\"nextItem\":{\"@type\":\"ListItem\",\"@id\":\"https:\\\/\\\/www.jornalja.com.br\\\/arquivo\\\/derrota-no-projeto-de-revisao-do-iptu-expoe-fragilidade-politica-de-marchezan-na-camara\\\/#listItem\",\"name\":\"Derrota no projeto de revis\\u00e3o do IPTU exp\\u00f5e fragilidade pol\\u00edtica de Marchezan na C\\u00e2mara\"},\"previousItem\":{\"@type\":\"ListItem\",\"@id\":\"https:\\\/\\\/www.jornalja.com.br\\\/arquivo#listItem\",\"name\":\"Home\"}},{\"@type\":\"ListItem\",\"@id\":\"https:\\\/\\\/www.jornalja.com.br\\\/arquivo\\\/derrota-no-projeto-de-revisao-do-iptu-expoe-fragilidade-politica-de-marchezan-na-camara\\\/#listItem\",\"position\":3,\"name\":\"Derrota no projeto de revis\\u00e3o do IPTU exp\\u00f5e fragilidade pol\\u00edtica de Marchezan na C\\u00e2mara\",\"previousItem\":{\"@type\":\"ListItem\",\"@id\":\"https:\\\/\\\/www.jornalja.com.br\\\/arquivo\\\/category\\\/geral\\\/#listItem\",\"name\":\"Geral\"}}]},{\"@type\":\"Organization\",\"@id\":\"https:\\\/\\\/www.jornalja.com.br\\\/arquivo\\\/#organization\",\"name\":\"Jornal J\\u00c1\",\"description\":\"Jornal J\\u00c1 | Porto Alegre\",\"url\":\"https:\\\/\\\/www.jornalja.com.br\\\/arquivo\\\/\",\"telephone\":\"+555133307272\",\"logo\":{\"@type\":\"ImageObject\",\"url\":\"https:\\\/\\\/www.jornalja.com.br\\\/wp-content\\\/uploads\\\/cards\\\/JAslogan.png\",\"@id\":\"https:\\\/\\\/www.jornalja.com.br\\\/arquivo\\\/derrota-no-projeto-de-revisao-do-iptu-expoe-fragilidade-politica-de-marchezan-na-camara\\\/#organizationLogo\"},\"image\":{\"@id\":\"https:\\\/\\\/www.jornalja.com.br\\\/arquivo\\\/derrota-no-projeto-de-revisao-do-iptu-expoe-fragilidade-politica-de-marchezan-na-camara\\\/#organizationLogo\"}},{\"@type\":\"Person\",\"@id\":\"https:\\\/\\\/www.jornalja.com.br\\\/arquivo\\\/author\\\/daredacao\\\/#author\",\"url\":\"https:\\\/\\\/www.jornalja.com.br\\\/arquivo\\\/author\\\/daredacao\\\/\",\"name\":\"da Reda\\u00e7\\u00e3o\",\"image\":{\"@type\":\"ImageObject\",\"@id\":\"https:\\\/\\\/www.jornalja.com.br\\\/arquivo\\\/derrota-no-projeto-de-revisao-do-iptu-expoe-fragilidade-politica-de-marchezan-na-camara\\\/#authorImage\",\"url\":\"https:\\\/\\\/secure.gravatar.com\\\/avatar\\\/469fd857d6605ad19919d27ed29d35a968a25f6e8fd9318356bbb7f57aae9c65?s=96&d=mm&r=g\",\"width\":96,\"height\":96,\"caption\":\"da Reda\\u00e7\\u00e3o\"}},{\"@type\":\"WebPage\",\"@id\":\"https:\\\/\\\/www.jornalja.com.br\\\/arquivo\\\/derrota-no-projeto-de-revisao-do-iptu-expoe-fragilidade-politica-de-marchezan-na-camara\\\/#webpage\",\"url\":\"https:\\\/\\\/www.jornalja.com.br\\\/arquivo\\\/derrota-no-projeto-de-revisao-do-iptu-expoe-fragilidade-politica-de-marchezan-na-camara\\\/\",\"name\":\"Derrota no projeto de revis\\u00e3o do IPTU exp\\u00f5e fragilidade pol\\u00edtica de Marchezan na C\\u00e2mara | Arquivo\",\"inLanguage\":\"pt-BR\",\"isPartOf\":{\"@id\":\"https:\\\/\\\/www.jornalja.com.br\\\/arquivo\\\/#website\"},\"breadcrumb\":{\"@id\":\"https:\\\/\\\/www.jornalja.com.br\\\/arquivo\\\/derrota-no-projeto-de-revisao-do-iptu-expoe-fragilidade-politica-de-marchezan-na-camara\\\/#breadcrumblist\"},\"author\":{\"@id\":\"https:\\\/\\\/www.jornalja.com.br\\\/arquivo\\\/author\\\/daredacao\\\/#author\"},\"creator\":{\"@id\":\"https:\\\/\\\/www.jornalja.com.br\\\/arquivo\\\/author\\\/daredacao\\\/#author\"},\"image\":{\"@type\":\"ImageObject\",\"url\":55743,\"@id\":\"https:\\\/\\\/www.jornalja.com.br\\\/arquivo\\\/derrota-no-projeto-de-revisao-do-iptu-expoe-fragilidade-politica-de-marchezan-na-camara\\\/#mainImage\"},\"primaryImageOfPage\":{\"@id\":\"https:\\\/\\\/www.jornalja.com.br\\\/arquivo\\\/derrota-no-projeto-de-revisao-do-iptu-expoe-fragilidade-politica-de-marchezan-na-camara\\\/#mainImage\"},\"datePublished\":\"2017-09-28T22:38:20-03:00\",\"dateModified\":\"2017-09-28T22:38:20-03:00\"},{\"@type\":\"WebSite\",\"@id\":\"https:\\\/\\\/www.jornalja.com.br\\\/arquivo\\\/#website\",\"url\":\"https:\\\/\\\/www.jornalja.com.br\\\/arquivo\\\/\",\"name\":\"Arquivo\",\"description\":\"Jornal J\\u00c1 | Porto Alegre\",\"inLanguage\":\"pt-BR\",\"publisher\":{\"@id\":\"https:\\\/\\\/www.jornalja.com.br\\\/arquivo\\\/#organization\"}}]}\n\t\t<\/script>\n\t\t<!-- All in One SEO -->\n\n","aioseo_head_json":{"title":"Derrota no projeto de revis\u00e3o do IPTU exp\u00f5e fragilidade pol\u00edtica de Marchezan na C\u00e2mara | Arquivo","description":"","canonical_url":"https:\/\/www.jornalja.com.br\/arquivo\/derrota-no-projeto-de-revisao-do-iptu-expoe-fragilidade-politica-de-marchezan-na-camara\/","robots":"max-image-preview:large","keywords":"","webmasterTools":{"miscellaneous":""},"schema":{"@context":"https:\/\/schema.org","@graph":[{"@type":"BlogPosting","@id":"https:\/\/www.jornalja.com.br\/arquivo\/derrota-no-projeto-de-revisao-do-iptu-expoe-fragilidade-politica-de-marchezan-na-camara\/#blogposting","name":"Derrota no projeto de revis\u00e3o do IPTU exp\u00f5e fragilidade pol\u00edtica de Marchezan na C\u00e2mara | Arquivo","headline":"Derrota no projeto de revis\u00e3o do IPTU exp\u00f5e fragilidade pol\u00edtica de Marchezan na C\u00e2mara","author":{"@id":"https:\/\/www.jornalja.com.br\/arquivo\/author\/daredacao\/#author"},"publisher":{"@id":"https:\/\/www.jornalja.com.br\/arquivo\/#organization"},"image":{"@type":"ImageObject","url":55743},"datePublished":"2017-09-28T22:38:20-03:00","dateModified":"2017-09-28T22:38:20-03:00","inLanguage":"pt-BR","mainEntityOfPage":{"@id":"https:\/\/www.jornalja.com.br\/arquivo\/derrota-no-projeto-de-revisao-do-iptu-expoe-fragilidade-politica-de-marchezan-na-camara\/#webpage"},"isPartOf":{"@id":"https:\/\/www.jornalja.com.br\/arquivo\/derrota-no-projeto-de-revisao-do-iptu-expoe-fragilidade-politica-de-marchezan-na-camara\/#webpage"},"articleSection":"Geral"},{"@type":"BreadcrumbList","@id":"https:\/\/www.jornalja.com.br\/arquivo\/derrota-no-projeto-de-revisao-do-iptu-expoe-fragilidade-politica-de-marchezan-na-camara\/#breadcrumblist","itemListElement":[{"@type":"ListItem","@id":"https:\/\/www.jornalja.com.br\/arquivo#listItem","position":1,"name":"Home","item":"https:\/\/www.jornalja.com.br\/arquivo","nextItem":{"@type":"ListItem","@id":"https:\/\/www.jornalja.com.br\/arquivo\/category\/geral\/#listItem","name":"Geral"}},{"@type":"ListItem","@id":"https:\/\/www.jornalja.com.br\/arquivo\/category\/geral\/#listItem","position":2,"name":"Geral","item":"https:\/\/www.jornalja.com.br\/arquivo\/category\/geral\/","nextItem":{"@type":"ListItem","@id":"https:\/\/www.jornalja.com.br\/arquivo\/derrota-no-projeto-de-revisao-do-iptu-expoe-fragilidade-politica-de-marchezan-na-camara\/#listItem","name":"Derrota no projeto de revis\u00e3o do IPTU exp\u00f5e fragilidade pol\u00edtica de Marchezan na C\u00e2mara"},"previousItem":{"@type":"ListItem","@id":"https:\/\/www.jornalja.com.br\/arquivo#listItem","name":"Home"}},{"@type":"ListItem","@id":"https:\/\/www.jornalja.com.br\/arquivo\/derrota-no-projeto-de-revisao-do-iptu-expoe-fragilidade-politica-de-marchezan-na-camara\/#listItem","position":3,"name":"Derrota no projeto de revis\u00e3o do IPTU exp\u00f5e fragilidade pol\u00edtica de Marchezan na C\u00e2mara","previousItem":{"@type":"ListItem","@id":"https:\/\/www.jornalja.com.br\/arquivo\/category\/geral\/#listItem","name":"Geral"}}]},{"@type":"Organization","@id":"https:\/\/www.jornalja.com.br\/arquivo\/#organization","name":"Jornal J\u00c1","description":"Jornal J\u00c1 | Porto Alegre","url":"https:\/\/www.jornalja.com.br\/arquivo\/","telephone":"+555133307272","logo":{"@type":"ImageObject","url":"https:\/\/www.jornalja.com.br\/wp-content\/uploads\/cards\/JAslogan.png","@id":"https:\/\/www.jornalja.com.br\/arquivo\/derrota-no-projeto-de-revisao-do-iptu-expoe-fragilidade-politica-de-marchezan-na-camara\/#organizationLogo"},"image":{"@id":"https:\/\/www.jornalja.com.br\/arquivo\/derrota-no-projeto-de-revisao-do-iptu-expoe-fragilidade-politica-de-marchezan-na-camara\/#organizationLogo"}},{"@type":"Person","@id":"https:\/\/www.jornalja.com.br\/arquivo\/author\/daredacao\/#author","url":"https:\/\/www.jornalja.com.br\/arquivo\/author\/daredacao\/","name":"da Reda\u00e7\u00e3o","image":{"@type":"ImageObject","@id":"https:\/\/www.jornalja.com.br\/arquivo\/derrota-no-projeto-de-revisao-do-iptu-expoe-fragilidade-politica-de-marchezan-na-camara\/#authorImage","url":"https:\/\/secure.gravatar.com\/avatar\/469fd857d6605ad19919d27ed29d35a968a25f6e8fd9318356bbb7f57aae9c65?s=96&d=mm&r=g","width":96,"height":96,"caption":"da Reda\u00e7\u00e3o"}},{"@type":"WebPage","@id":"https:\/\/www.jornalja.com.br\/arquivo\/derrota-no-projeto-de-revisao-do-iptu-expoe-fragilidade-politica-de-marchezan-na-camara\/#webpage","url":"https:\/\/www.jornalja.com.br\/arquivo\/derrota-no-projeto-de-revisao-do-iptu-expoe-fragilidade-politica-de-marchezan-na-camara\/","name":"Derrota no projeto de revis\u00e3o do IPTU exp\u00f5e fragilidade pol\u00edtica de Marchezan na C\u00e2mara | Arquivo","inLanguage":"pt-BR","isPartOf":{"@id":"https:\/\/www.jornalja.com.br\/arquivo\/#website"},"breadcrumb":{"@id":"https:\/\/www.jornalja.com.br\/arquivo\/derrota-no-projeto-de-revisao-do-iptu-expoe-fragilidade-politica-de-marchezan-na-camara\/#breadcrumblist"},"author":{"@id":"https:\/\/www.jornalja.com.br\/arquivo\/author\/daredacao\/#author"},"creator":{"@id":"https:\/\/www.jornalja.com.br\/arquivo\/author\/daredacao\/#author"},"image":{"@type":"ImageObject","url":55743,"@id":"https:\/\/www.jornalja.com.br\/arquivo\/derrota-no-projeto-de-revisao-do-iptu-expoe-fragilidade-politica-de-marchezan-na-camara\/#mainImage"},"primaryImageOfPage":{"@id":"https:\/\/www.jornalja.com.br\/arquivo\/derrota-no-projeto-de-revisao-do-iptu-expoe-fragilidade-politica-de-marchezan-na-camara\/#mainImage"},"datePublished":"2017-09-28T22:38:20-03:00","dateModified":"2017-09-28T22:38:20-03:00"},{"@type":"WebSite","@id":"https:\/\/www.jornalja.com.br\/arquivo\/#website","url":"https:\/\/www.jornalja.com.br\/arquivo\/","name":"Arquivo","description":"Jornal J\u00c1 | Porto Alegre","inLanguage":"pt-BR","publisher":{"@id":"https:\/\/www.jornalja.com.br\/arquivo\/#organization"}}]},"og:locale":"pt_BR","og:site_name":"Arquivo | Jornal J\u00c1 | Porto Alegre","og:type":"article","og:title":"Derrota no projeto de revis\u00e3o do IPTU exp\u00f5e fragilidade pol\u00edtica de Marchezan na C\u00e2mara | Arquivo","og:url":"https:\/\/www.jornalja.com.br\/arquivo\/derrota-no-projeto-de-revisao-do-iptu-expoe-fragilidade-politica-de-marchezan-na-camara\/","og:image":"https:\/\/www.jornalja.com.br\/wp-content\/uploads\/2017\/09\/TON_6033-400x266.jpg","og:image:secure_url":"https:\/\/www.jornalja.com.br\/wp-content\/uploads\/2017\/09\/TON_6033-400x266.jpg","article:published_time":"2017-09-29T01:38:20+00:00","article:modified_time":"2017-09-29T01:38:20+00:00","twitter:card":"summary","twitter:title":"Derrota no projeto de revis\u00e3o do IPTU exp\u00f5e fragilidade pol\u00edtica de Marchezan na C\u00e2mara | Arquivo","twitter:image":"https:\/\/www.jornalja.com.br\/economics\/wp-content\/uploads\/sites\/11\/2026\/08\/ja-folhaderosto-facebook.jpg"},"aioseo_meta_data":{"post_id":"55733","title":null,"description":null,"keywords":null,"keyphrases":null,"primary_term":null,"canonical_url":null,"og_title":null,"og_description":null,"og_object_type":"default","og_image_type":"default","og_image_url":null,"og_image_width":null,"og_image_height":null,"og_image_custom_url":null,"og_image_custom_fields":null,"og_video":null,"og_custom_url":null,"og_article_section":null,"og_article_tags":null,"twitter_use_og":false,"twitter_card":"default","twitter_image_type":"default","twitter_image_url":null,"twitter_image_custom_url":null,"twitter_image_custom_fields":null,"twitter_title":null,"twitter_description":null,"schema":{"blockGraphs":[],"customGraphs":[],"default":{"data":{"Article":[],"Course":[],"Dataset":[],"FAQPage":[],"Movie":[],"Person":[],"Product":[],"ProductReview":[],"Car":[],"Recipe":[],"Service":[],"SoftwareApplication":[],"WebPage":[]},"graphName":"","isEnabled":true},"graphs":[],"defaultGraph":"","defaultPostTypeGraph":""},"schema_type":null,"schema_type_options":null,"pillar_content":false,"robots_default":true,"robots_noindex":false,"robots_noarchive":false,"robots_nosnippet":false,"robots_nofollow":false,"robots_noimageindex":false,"robots_noodp":false,"robots_notranslate":false,"robots_max_snippet":null,"robots_max_videopreview":null,"robots_max_imagepreview":"large","priority":null,"frequency":null,"location":null,"local_seo":null,"breadcrumb_settings":null,"limit_modified_date":false,"ai":null,"created":"2020-12-20 20:24:05","updated":"2025-07-20 01:26:12","seo_analyzer_scan_date":null,"focus_keyword":null,"additional_keywords":null,"truseo_locale":null},"jetpack_sharing_enabled":true,"jetpack-related-posts":[{"id":13240,"url":"https:\/\/www.jornalja.com.br\/arquivo\/plano-diretor-estamos-construindo-o-caos\/","url_meta":{"origin":55733,"position":0},"title":"Plano diretor: &quot;Estamos construindo o caos&quot;","author":"Patr\u00edcia Marini","date":"26 de maio de 2014","format":false,"excerpt":"Desabafo que arquiteta Eliana Castilhos, delegada da Regi\u00e3o de Planejamento 1, postou nas redes sociais \u00e9 um testemunho do ambiente que se criou no Conselho do Plano Diretor de Porto Alegre, onde a aprova\u00e7\u00e3o de grandes empreendimentos \u00e9 empurrada guela abaixo dos conselheiros. Ao CMDUA Como delegada da Regi\u00e3o de\u2026","rel":"","context":"Em &quot;Geral&quot;","block_context":{"text":"Geral","link":"https:\/\/www.jornalja.com.br\/arquivo\/category\/geral\/"},"img":{"alt_text":"","src":"","width":0,"height":0},"classes":[]},{"id":13101,"url":"https:\/\/www.jornalja.com.br\/arquivo\/morre-um-guerreiro-do-texto\/","url_meta":{"origin":55733,"position":1},"title":"Morre um guerreiro do texto","author":"Patr\u00edcia Marini","date":"14 de maio de 2014","format":false,"excerpt":"Por Ricardo Kotscho Reproduzido do blog do autor, 11\/5\/2014; t\u00edtulo original \u201cE l\u00e1 se foi o nosso Myltainho, guerreiro do texto\u201d. Mi\u00fado e franzino, meu amigo Myltainho era um valente e inconformado guerreiro na luta contra as injusti\u00e7as sociais, a hipocrisia, as maracutaias, o autoritarismo, a intoler\u00e2ncia, a viol\u00eancia, o\u2026","rel":"","context":"Em &quot;Geral&quot;","block_context":{"text":"Geral","link":"https:\/\/www.jornalja.com.br\/arquivo\/category\/geral\/"},"img":{"alt_text":"","src":"","width":0,"height":0},"classes":[]},{"id":13239,"url":"https:\/\/www.jornalja.com.br\/arquivo\/conselho-desdenha-do-plano-diretor\/","url_meta":{"origin":55733,"position":2},"title":"Porto Alegre: Conselho detona Plano Diretor","author":"Patr\u00edcia Marini","date":"25 de maio de 2014","format":false,"excerpt":"Den\u00fancia do arquiteto e \u00a0urbanista Ibir\u00e1 Santos Lucas. Ele diz que os conselheiros est\u00e3o votando com \"enorme irresponsabilidade\". \"Mudam regime com a maior naturalidade,,,regularizam absurdos de constru\u00e7\u00f5es irregulares... \"O CMDUA est\u00e1 flexibilizando a lei do plano diretor, de uma forma impactante na vida da cidade. Mudam regime com a maior\u2026","rel":"","context":"Em &quot;Geral&quot;","block_context":{"text":"Geral","link":"https:\/\/www.jornalja.com.br\/arquivo\/category\/geral\/"},"img":{"alt_text":"","src":"","width":0,"height":0},"classes":[]},{"id":13124,"url":"https:\/\/www.jornalja.com.br\/arquivo\/sangue-latino-no-iecine\/","url_meta":{"origin":55733,"position":3},"title":"Sangue latino no IECINE","author":"da Reda\u00e7\u00e3o","date":"18 de maio de 2014","format":false,"excerpt":"Francisco Ribeiro O Instituto Estadual de Cinema (IECINE) tem a frente, desde abril \u00faltimo, um novo diretor, o cineasta colombiano Juan Zapata, 36, que substitui Luiz Alberto Cassol. Radicado h\u00e1 dez anos em Porto Alegre, Zapata tem diante de si o desafio de conduzir at\u00e9 o final do ano um\u2026","rel":"","context":"Em &quot;Cultura-Geral&quot;","block_context":{"text":"Cultura-Geral","link":"https:\/\/www.jornalja.com.br\/arquivo\/category\/materiasecundaria\/"},"img":{"alt_text":"","src":"","width":0,"height":0},"classes":[]},{"id":5440,"url":"https:\/\/www.jornalja.com.br\/arquivo\/casarao-da-venancio-destino-permanece-incerto\/","url_meta":{"origin":55733,"position":4},"title":"Estado ainda n\u00e3o sabe o que fazer com casar\u00e3o abandonado h\u00e1 20 anos","author":"Elmar Bones","date":"6 de julho de 2009","format":false,"excerpt":"O casar\u00e3o amarelo, numa esquina nobre de Porto Alegre (Ven\u00e2ncio Aires com Jo\u00e3o Pessoa), j\u00e1 abrigou uma escola. H\u00e1 duas d\u00e9cadas, pelo menos, est\u00e1 abandonado, porque seu propriet\u00e1rio, o governo do Estado do Rio Grande do Sul, n\u00e3o consegue achar um destino para ele. Planos n\u00e3o faltaram. O governador Ol\u00edvio\u2026","rel":"","context":"Em &quot;X.Categorias velhas&quot;","block_context":{"text":"X.Categorias velhas","link":"https:\/\/www.jornalja.com.br\/arquivo\/category\/x-categorias-velhas\/"},"img":{"alt_text":"geraldo1","src":"https:\/\/i0.wp.com\/www.jornalja.com.br\/wp-content\/uploads\/2009\/07\/geraldo1.jpg?resize=350%2C200&ssl=1","width":350,"height":200},"classes":[]},{"id":14241,"url":"https:\/\/www.jornalja.com.br\/arquivo\/o-guaiba-nas-imagens-poeticas-de-achutti\/","url_meta":{"origin":55733,"position":5},"title":"O Gua\u00edba nas imagens po\u00e9ticas de Achutti","author":"da Reda\u00e7\u00e3o","date":"18 de junho de 2014","format":false,"excerpt":"Em \u201cO Gua\u00edba por Achutti\u201d \u2013 obra financiada via Minist\u00e9rio da Cultura, produ\u00e7\u00e3o executiva de Pedro Longhi, e Fl\u00e1vio Wild como designer \u2013, o fot\u00f3grafo revela a beleza e as mazelas de um espa\u00e7o aqu\u00e1tico de \u00e1guas sempre renovadas, cheio de hist\u00f3rias e lendas como as das cidades que foram\u2026","rel":"","context":"Em &quot;Cultura-Geral&quot;","block_context":{"text":"Cultura-Geral","link":"https:\/\/www.jornalja.com.br\/arquivo\/category\/materiasecundaria\/"},"img":{"alt_text":"","src":"","width":0,"height":0},"classes":[]}],"jetpack_shortlink":"https:\/\/wp.me\/pbQjBd-euV","jetpack_featured_media_url":"","_links":{"self":[{"href":"https:\/\/www.jornalja.com.br\/arquivo\/wp-json\/wp\/v2\/posts\/55733","targetHints":{"allow":["GET"]}}],"collection":[{"href":"https:\/\/www.jornalja.com.br\/arquivo\/wp-json\/wp\/v2\/posts"}],"about":[{"href":"https:\/\/www.jornalja.com.br\/arquivo\/wp-json\/wp\/v2\/types\/post"}],"author":[{"embeddable":true,"href":"https:\/\/www.jornalja.com.br\/arquivo\/wp-json\/wp\/v2\/users\/4"}],"replies":[{"embeddable":true,"href":"https:\/\/www.jornalja.com.br\/arquivo\/wp-json\/wp\/v2\/comments?post=55733"}],"version-history":[{"count":0,"href":"https:\/\/www.jornalja.com.br\/arquivo\/wp-json\/wp\/v2\/posts\/55733\/revisions"}],"wp:attachment":[{"href":"https:\/\/www.jornalja.com.br\/arquivo\/wp-json\/wp\/v2\/media?parent=55733"}],"wp:term":[{"taxonomy":"category","embeddable":true,"href":"https:\/\/www.jornalja.com.br\/arquivo\/wp-json\/wp\/v2\/categories?post=55733"},{"taxonomy":"post_tag","embeddable":true,"href":"https:\/\/www.jornalja.com.br\/arquivo\/wp-json\/wp\/v2\/tags?post=55733"}],"curies":[{"name":"wp","href":"https:\/\/api.w.org\/{rel}","templated":true}]}}