{"id":55750,"date":"2017-09-28T20:54:57","date_gmt":"2017-09-28T23:54:57","guid":{"rendered":"https:\/\/www.jornalja.com.br\/?p=55750"},"modified":"2017-09-28T20:54:57","modified_gmt":"2017-09-28T23:54:57","slug":"mpfrs-recomenda-imediata-reabertura-da-exposicao-queermuseu-em-porto-alegre","status":"publish","type":"post","link":"https:\/\/www.jornalja.com.br\/arquivo\/mpfrs-recomenda-imediata-reabertura-da-exposicao-queermuseu-em-porto-alegre\/","title":{"rendered":"MPF\/RS recomenda imediata reabertura da exposi\u00e7\u00e3o \u201cQueermuseu\u201d em Porto Alegre"},"content":{"rendered":"<p>O Minist\u00e9rio P\u00fablico Federal no Rio Grande do Sul (MPF\/RS) recomendou ao Santander Cultural a imediata reabertura da exposi\u00e7\u00e3o \u201cQueermuseu \u2013 Cartografias da diferen\u00e7a da arte brasileira\u201d at\u00e9 a data em que estava previsto originalmente seu encerramento. A exposi\u00e7\u00e3o deveria ficar em cartaz at\u00e9 8 de outubro, mas foi cancelada no dia 10 deste m\u00eas. O MPF deu prazo de 24h para o Santander Cultural responder se acatar\u00e1 ou n\u00e3o a recomenda\u00e7\u00e3o.<br \/>\nA recomenda\u00e7\u00e3o da Procuradoria Regional dos Direitos do Cidad\u00e3o, do MPF, ressalta que os organizadores da exposi\u00e7\u00e3o poder\u00e3o adotar medidas informativas ou de prote\u00e7\u00e3o \u00e0 inf\u00e2ncia e \u00e0 adolesc\u00eancia em rela\u00e7\u00e3o a eventuais representa\u00e7\u00f5es de nudez, viol\u00eancia ou sexo nas obras expostas e tamb\u00e9m medidas visando a garantia da seguran\u00e7a das obras e dos visitantes.<br \/>\nO MPF tamb\u00e9m recomenda que o Santander Cultural realize, a suas custas, nova exposi\u00e7\u00e3o em propor\u00e7\u00f5es e objetivos similares \u00e0 que foi interrompida, preferencialmente com tem\u00e1tica relacionada a diferen\u00e7a e a diversidade, e que esta esteja aberta aos visitantes em per\u00edodo n\u00e3o inferior a tr\u00eas vezes o tempo em que a \u201cQueermuseu\u201d permaneceu sem visita\u00e7\u00e3o &#8211; a t\u00edtulo de compensa\u00e7\u00e3o pelo per\u00edodo em que a exposi\u00e7\u00e3o permaneceu sem acesso ao p\u00fablico em geral.<br \/>\nO procurador\u00a0regional dos Direitos do Cidad\u00e3o, Fabiano de Moraes, ressalta no texto da recomenda\u00e7\u00e3o que o precedente do fechamento de uma exposi\u00e7\u00e3o art\u00edstica causa um efeito delet\u00e9rio a toda liberdade de express\u00e3o art\u00edstica, trazendo \u00e0 mem\u00f3ria situa\u00e7\u00f5es perigosas da hist\u00f3ria da humanidade como os epis\u00f3dios envolvendo a \u201cArte Degenerada\u201d (<em>Entartete Kunst<\/em>), com a destrui\u00e7\u00e3o de obras na Alemanha durante o per\u00edodo de governo nazista.<br \/>\n<strong>Manifesta\u00e7\u00e3o<\/strong>\u00a0&#8211; Outro ponto destacado pelo MPF \u00e9 que as obras que trouxeram maior revolta em postagens nas redes sociais n\u00e3o t\u00eam qualquer apologia ou incentivo \u00e0 pedofilia, conforme manifesta\u00e7\u00e3o p\u00fablica &#8211; divulgada por diversos meios de comunica\u00e7\u00e3o &#8211; dos promotores de Justi\u00e7a do Minist\u00e9rio P\u00fablico do Rio Grande do Sul com atribui\u00e7\u00e3o na garantia dos direitos das crian\u00e7as e dos adolescentes que estiveram visitando as obras.<br \/>\nPara Fabiano, as principais pol\u00eamicas que cercaram a exposi\u00e7\u00e3o Queermuseu seriam contornadas, em grande parte, com a inclus\u00e3o de informa\u00e7\u00e3o, por parte dos organizadores, de aviso aos respons\u00e1veis por crian\u00e7as e adolescentes em rela\u00e7\u00e3o ao teor de algumas obras existentes na exposi\u00e7\u00e3o, mesmo que tal exig\u00eancia n\u00e3o esteja clara no Estatuto da Crian\u00e7a e Adolescente.<br \/>\n<a class=\"external-link\" title=\"\" href=\"http:\/\/www.mpf.mp.br\/rs\/sala-de-imprensa\/docs\/recomendacoes\/2017\/recomendacao-queermuseu-porto-alegre\/view\" target=\"_blank\" rel=\"noopener noreferrer\">Leia aqui a \u00edntegra da recomenda\u00e7\u00e3o<\/a><\/p>\n","protected":false},"excerpt":{"rendered":"<p>O Minist\u00e9rio P\u00fablico Federal no Rio Grande do Sul (MPF\/RS) recomendou ao Santander Cultural a imediata reabertura da exposi\u00e7\u00e3o \u201cQueermuseu \u2013 Cartografias da diferen\u00e7a da arte brasileira\u201d at\u00e9 a data em que estava previsto originalmente seu encerramento. A exposi\u00e7\u00e3o deveria ficar em cartaz at\u00e9 8 de outubro, mas foi cancelada no dia 10 deste m\u00eas. [&hellip;]<\/p>\n","protected":false},"author":4,"featured_media":55751,"comment_status":"open","ping_status":"closed","sticky":false,"template":"","format":"standard","meta":{"_jetpack_newsletter_access":"","_jetpack_dont_email_post_to_subs":false,"_jetpack_newsletter_tier_id":0,"_jetpack_memberships_contains_paywalled_content":false,"_jetpack_feature_clip_id":0,"_jetpack_memberships_contains_paid_content":false,"footnotes":"","jetpack_post_was_ever_published":false},"categories":[26],"tags":[],"class_list":["post-55750","post","type-post","status-publish","format-standard","has-post-thumbnail","hentry","category-geral"],"aioseo_notices":[],"aioseo_head":"\n\t\t<!-- All in One SEO 5.0.1.1 - aioseo.com -->\n\t<meta name=\"robots\" content=\"max-image-preview:large\" \/>\n\t<meta name=\"author\" content=\"da Reda\u00e7\u00e3o\"\/>\n\t<link rel=\"canonical\" href=\"https:\/\/www.jornalja.com.br\/arquivo\/mpfrs-recomenda-imediata-reabertura-da-exposicao-queermuseu-em-porto-alegre\/\" \/>\n\t<meta name=\"generator\" content=\"All in One SEO (AIOSEO) 5.0.1.1\" \/>\n\t\t<meta property=\"og:locale\" content=\"pt_BR\" \/>\n\t\t<meta property=\"og:site_name\" content=\"Arquivo | Jornal J\u00c1 | Porto Alegre\" \/>\n\t\t<meta property=\"og:type\" content=\"article\" \/>\n\t\t<meta property=\"og:title\" content=\"MPF\/RS recomenda imediata reabertura da exposi\u00e7\u00e3o \u201cQueermuseu\u201d em Porto Alegre | Arquivo\" \/>\n\t\t<meta property=\"og:url\" content=\"https:\/\/www.jornalja.com.br\/arquivo\/mpfrs-recomenda-imediata-reabertura-da-exposicao-queermuseu-em-porto-alegre\/\" \/>\n\t\t<meta property=\"og:image\" content=\"https:\/\/www.jornalja.com.br\/economics\/wp-content\/uploads\/sites\/11\/2026\/08\/ja-folhaderosto-facebook.jpg\" \/>\n\t\t<meta property=\"og:image:secure_url\" content=\"https:\/\/www.jornalja.com.br\/economics\/wp-content\/uploads\/sites\/11\/2026\/08\/ja-folhaderosto-facebook.jpg\" \/>\n\t\t<meta property=\"article:published_time\" content=\"2017-09-28T23:54:57+00:00\" \/>\n\t\t<meta property=\"article:modified_time\" content=\"2017-09-28T23:54:57+00:00\" \/>\n\t\t<meta name=\"twitter:card\" content=\"summary\" \/>\n\t\t<meta name=\"twitter:title\" content=\"MPF\/RS recomenda imediata reabertura da exposi\u00e7\u00e3o \u201cQueermuseu\u201d em Porto Alegre | Arquivo\" \/>\n\t\t<meta name=\"twitter:image\" content=\"https:\/\/www.jornalja.com.br\/economics\/wp-content\/uploads\/sites\/11\/2026\/08\/ja-folhaderosto-facebook.jpg\" \/>\n\t\t<script type=\"application\/ld+json\" class=\"aioseo-schema\">\n\t\t\t{\"@context\":\"https:\\\/\\\/schema.org\",\"@graph\":[{\"@type\":\"BlogPosting\",\"@id\":\"https:\\\/\\\/www.jornalja.com.br\\\/arquivo\\\/mpfrs-recomenda-imediata-reabertura-da-exposicao-queermuseu-em-porto-alegre\\\/#blogposting\",\"name\":\"MPF\\\/RS recomenda imediata reabertura da exposi\\u00e7\\u00e3o \\u201cQueermuseu\\u201d em Porto Alegre | Arquivo\",\"headline\":\"MPF\\\/RS recomenda imediata reabertura da exposi\\u00e7\\u00e3o \\u201cQueermuseu\\u201d em Porto Alegre\",\"author\":{\"@id\":\"https:\\\/\\\/www.jornalja.com.br\\\/arquivo\\\/author\\\/daredacao\\\/#author\"},\"publisher\":{\"@id\":\"https:\\\/\\\/www.jornalja.com.br\\\/arquivo\\\/#organization\"},\"image\":{\"@type\":\"ImageObject\",\"url\":55751},\"datePublished\":\"2017-09-28T20:54:57-03:00\",\"dateModified\":\"2017-09-28T20:54:57-03:00\",\"inLanguage\":\"pt-BR\",\"mainEntityOfPage\":{\"@id\":\"https:\\\/\\\/www.jornalja.com.br\\\/arquivo\\\/mpfrs-recomenda-imediata-reabertura-da-exposicao-queermuseu-em-porto-alegre\\\/#webpage\"},\"isPartOf\":{\"@id\":\"https:\\\/\\\/www.jornalja.com.br\\\/arquivo\\\/mpfrs-recomenda-imediata-reabertura-da-exposicao-queermuseu-em-porto-alegre\\\/#webpage\"},\"articleSection\":\"Geral\"},{\"@type\":\"BreadcrumbList\",\"@id\":\"https:\\\/\\\/www.jornalja.com.br\\\/arquivo\\\/mpfrs-recomenda-imediata-reabertura-da-exposicao-queermuseu-em-porto-alegre\\\/#breadcrumblist\",\"itemListElement\":[{\"@type\":\"ListItem\",\"@id\":\"https:\\\/\\\/www.jornalja.com.br\\\/arquivo#listItem\",\"position\":1,\"name\":\"Home\",\"item\":\"https:\\\/\\\/www.jornalja.com.br\\\/arquivo\",\"nextItem\":{\"@type\":\"ListItem\",\"@id\":\"https:\\\/\\\/www.jornalja.com.br\\\/arquivo\\\/category\\\/geral\\\/#listItem\",\"name\":\"Geral\"}},{\"@type\":\"ListItem\",\"@id\":\"https:\\\/\\\/www.jornalja.com.br\\\/arquivo\\\/category\\\/geral\\\/#listItem\",\"position\":2,\"name\":\"Geral\",\"item\":\"https:\\\/\\\/www.jornalja.com.br\\\/arquivo\\\/category\\\/geral\\\/\",\"nextItem\":{\"@type\":\"ListItem\",\"@id\":\"https:\\\/\\\/www.jornalja.com.br\\\/arquivo\\\/mpfrs-recomenda-imediata-reabertura-da-exposicao-queermuseu-em-porto-alegre\\\/#listItem\",\"name\":\"MPF\\\/RS recomenda imediata reabertura da exposi\\u00e7\\u00e3o \\u201cQueermuseu\\u201d em Porto Alegre\"},\"previousItem\":{\"@type\":\"ListItem\",\"@id\":\"https:\\\/\\\/www.jornalja.com.br\\\/arquivo#listItem\",\"name\":\"Home\"}},{\"@type\":\"ListItem\",\"@id\":\"https:\\\/\\\/www.jornalja.com.br\\\/arquivo\\\/mpfrs-recomenda-imediata-reabertura-da-exposicao-queermuseu-em-porto-alegre\\\/#listItem\",\"position\":3,\"name\":\"MPF\\\/RS recomenda imediata reabertura da exposi\\u00e7\\u00e3o \\u201cQueermuseu\\u201d em Porto Alegre\",\"previousItem\":{\"@type\":\"ListItem\",\"@id\":\"https:\\\/\\\/www.jornalja.com.br\\\/arquivo\\\/category\\\/geral\\\/#listItem\",\"name\":\"Geral\"}}]},{\"@type\":\"Organization\",\"@id\":\"https:\\\/\\\/www.jornalja.com.br\\\/arquivo\\\/#organization\",\"name\":\"Jornal J\\u00c1\",\"description\":\"Jornal J\\u00c1 | Porto Alegre\",\"url\":\"https:\\\/\\\/www.jornalja.com.br\\\/arquivo\\\/\",\"telephone\":\"+555133307272\",\"logo\":{\"@type\":\"ImageObject\",\"url\":\"https:\\\/\\\/www.jornalja.com.br\\\/wp-content\\\/uploads\\\/cards\\\/JAslogan.png\",\"@id\":\"https:\\\/\\\/www.jornalja.com.br\\\/arquivo\\\/mpfrs-recomenda-imediata-reabertura-da-exposicao-queermuseu-em-porto-alegre\\\/#organizationLogo\"},\"image\":{\"@id\":\"https:\\\/\\\/www.jornalja.com.br\\\/arquivo\\\/mpfrs-recomenda-imediata-reabertura-da-exposicao-queermuseu-em-porto-alegre\\\/#organizationLogo\"}},{\"@type\":\"Person\",\"@id\":\"https:\\\/\\\/www.jornalja.com.br\\\/arquivo\\\/author\\\/daredacao\\\/#author\",\"url\":\"https:\\\/\\\/www.jornalja.com.br\\\/arquivo\\\/author\\\/daredacao\\\/\",\"name\":\"da Reda\\u00e7\\u00e3o\",\"image\":{\"@type\":\"ImageObject\",\"@id\":\"https:\\\/\\\/www.jornalja.com.br\\\/arquivo\\\/mpfrs-recomenda-imediata-reabertura-da-exposicao-queermuseu-em-porto-alegre\\\/#authorImage\",\"url\":\"https:\\\/\\\/secure.gravatar.com\\\/avatar\\\/469fd857d6605ad19919d27ed29d35a968a25f6e8fd9318356bbb7f57aae9c65?s=96&d=mm&r=g\",\"width\":96,\"height\":96,\"caption\":\"da Reda\\u00e7\\u00e3o\"}},{\"@type\":\"WebPage\",\"@id\":\"https:\\\/\\\/www.jornalja.com.br\\\/arquivo\\\/mpfrs-recomenda-imediata-reabertura-da-exposicao-queermuseu-em-porto-alegre\\\/#webpage\",\"url\":\"https:\\\/\\\/www.jornalja.com.br\\\/arquivo\\\/mpfrs-recomenda-imediata-reabertura-da-exposicao-queermuseu-em-porto-alegre\\\/\",\"name\":\"MPF\\\/RS recomenda imediata reabertura da exposi\\u00e7\\u00e3o \\u201cQueermuseu\\u201d em Porto Alegre | Arquivo\",\"inLanguage\":\"pt-BR\",\"isPartOf\":{\"@id\":\"https:\\\/\\\/www.jornalja.com.br\\\/arquivo\\\/#website\"},\"breadcrumb\":{\"@id\":\"https:\\\/\\\/www.jornalja.com.br\\\/arquivo\\\/mpfrs-recomenda-imediata-reabertura-da-exposicao-queermuseu-em-porto-alegre\\\/#breadcrumblist\"},\"author\":{\"@id\":\"https:\\\/\\\/www.jornalja.com.br\\\/arquivo\\\/author\\\/daredacao\\\/#author\"},\"creator\":{\"@id\":\"https:\\\/\\\/www.jornalja.com.br\\\/arquivo\\\/author\\\/daredacao\\\/#author\"},\"image\":{\"@type\":\"ImageObject\",\"url\":55751,\"@id\":\"https:\\\/\\\/www.jornalja.com.br\\\/arquivo\\\/mpfrs-recomenda-imediata-reabertura-da-exposicao-queermuseu-em-porto-alegre\\\/#mainImage\"},\"primaryImageOfPage\":{\"@id\":\"https:\\\/\\\/www.jornalja.com.br\\\/arquivo\\\/mpfrs-recomenda-imediata-reabertura-da-exposicao-queermuseu-em-porto-alegre\\\/#mainImage\"},\"datePublished\":\"2017-09-28T20:54:57-03:00\",\"dateModified\":\"2017-09-28T20:54:57-03:00\"},{\"@type\":\"WebSite\",\"@id\":\"https:\\\/\\\/www.jornalja.com.br\\\/arquivo\\\/#website\",\"url\":\"https:\\\/\\\/www.jornalja.com.br\\\/arquivo\\\/\",\"name\":\"Arquivo\",\"description\":\"Jornal J\\u00c1 | Porto Alegre\",\"inLanguage\":\"pt-BR\",\"publisher\":{\"@id\":\"https:\\\/\\\/www.jornalja.com.br\\\/arquivo\\\/#organization\"}}]}\n\t\t<\/script>\n\t\t<!-- All in One SEO -->\n\n","aioseo_head_json":{"title":"MPF\/RS recomenda imediata reabertura da exposi\u00e7\u00e3o \u201cQueermuseu\u201d em Porto Alegre | Arquivo","description":"","canonical_url":"https:\/\/www.jornalja.com.br\/arquivo\/mpfrs-recomenda-imediata-reabertura-da-exposicao-queermuseu-em-porto-alegre\/","robots":"max-image-preview:large","keywords":"","webmasterTools":{"miscellaneous":""},"schema":{"@context":"https:\/\/schema.org","@graph":[{"@type":"BlogPosting","@id":"https:\/\/www.jornalja.com.br\/arquivo\/mpfrs-recomenda-imediata-reabertura-da-exposicao-queermuseu-em-porto-alegre\/#blogposting","name":"MPF\/RS recomenda imediata reabertura da exposi\u00e7\u00e3o \u201cQueermuseu\u201d em Porto Alegre | Arquivo","headline":"MPF\/RS recomenda imediata reabertura da exposi\u00e7\u00e3o \u201cQueermuseu\u201d em Porto Alegre","author":{"@id":"https:\/\/www.jornalja.com.br\/arquivo\/author\/daredacao\/#author"},"publisher":{"@id":"https:\/\/www.jornalja.com.br\/arquivo\/#organization"},"image":{"@type":"ImageObject","url":55751},"datePublished":"2017-09-28T20:54:57-03:00","dateModified":"2017-09-28T20:54:57-03:00","inLanguage":"pt-BR","mainEntityOfPage":{"@id":"https:\/\/www.jornalja.com.br\/arquivo\/mpfrs-recomenda-imediata-reabertura-da-exposicao-queermuseu-em-porto-alegre\/#webpage"},"isPartOf":{"@id":"https:\/\/www.jornalja.com.br\/arquivo\/mpfrs-recomenda-imediata-reabertura-da-exposicao-queermuseu-em-porto-alegre\/#webpage"},"articleSection":"Geral"},{"@type":"BreadcrumbList","@id":"https:\/\/www.jornalja.com.br\/arquivo\/mpfrs-recomenda-imediata-reabertura-da-exposicao-queermuseu-em-porto-alegre\/#breadcrumblist","itemListElement":[{"@type":"ListItem","@id":"https:\/\/www.jornalja.com.br\/arquivo#listItem","position":1,"name":"Home","item":"https:\/\/www.jornalja.com.br\/arquivo","nextItem":{"@type":"ListItem","@id":"https:\/\/www.jornalja.com.br\/arquivo\/category\/geral\/#listItem","name":"Geral"}},{"@type":"ListItem","@id":"https:\/\/www.jornalja.com.br\/arquivo\/category\/geral\/#listItem","position":2,"name":"Geral","item":"https:\/\/www.jornalja.com.br\/arquivo\/category\/geral\/","nextItem":{"@type":"ListItem","@id":"https:\/\/www.jornalja.com.br\/arquivo\/mpfrs-recomenda-imediata-reabertura-da-exposicao-queermuseu-em-porto-alegre\/#listItem","name":"MPF\/RS recomenda imediata reabertura da exposi\u00e7\u00e3o \u201cQueermuseu\u201d em Porto Alegre"},"previousItem":{"@type":"ListItem","@id":"https:\/\/www.jornalja.com.br\/arquivo#listItem","name":"Home"}},{"@type":"ListItem","@id":"https:\/\/www.jornalja.com.br\/arquivo\/mpfrs-recomenda-imediata-reabertura-da-exposicao-queermuseu-em-porto-alegre\/#listItem","position":3,"name":"MPF\/RS recomenda imediata reabertura da exposi\u00e7\u00e3o \u201cQueermuseu\u201d em Porto Alegre","previousItem":{"@type":"ListItem","@id":"https:\/\/www.jornalja.com.br\/arquivo\/category\/geral\/#listItem","name":"Geral"}}]},{"@type":"Organization","@id":"https:\/\/www.jornalja.com.br\/arquivo\/#organization","name":"Jornal J\u00c1","description":"Jornal J\u00c1 | Porto Alegre","url":"https:\/\/www.jornalja.com.br\/arquivo\/","telephone":"+555133307272","logo":{"@type":"ImageObject","url":"https:\/\/www.jornalja.com.br\/wp-content\/uploads\/cards\/JAslogan.png","@id":"https:\/\/www.jornalja.com.br\/arquivo\/mpfrs-recomenda-imediata-reabertura-da-exposicao-queermuseu-em-porto-alegre\/#organizationLogo"},"image":{"@id":"https:\/\/www.jornalja.com.br\/arquivo\/mpfrs-recomenda-imediata-reabertura-da-exposicao-queermuseu-em-porto-alegre\/#organizationLogo"}},{"@type":"Person","@id":"https:\/\/www.jornalja.com.br\/arquivo\/author\/daredacao\/#author","url":"https:\/\/www.jornalja.com.br\/arquivo\/author\/daredacao\/","name":"da Reda\u00e7\u00e3o","image":{"@type":"ImageObject","@id":"https:\/\/www.jornalja.com.br\/arquivo\/mpfrs-recomenda-imediata-reabertura-da-exposicao-queermuseu-em-porto-alegre\/#authorImage","url":"https:\/\/secure.gravatar.com\/avatar\/469fd857d6605ad19919d27ed29d35a968a25f6e8fd9318356bbb7f57aae9c65?s=96&d=mm&r=g","width":96,"height":96,"caption":"da Reda\u00e7\u00e3o"}},{"@type":"WebPage","@id":"https:\/\/www.jornalja.com.br\/arquivo\/mpfrs-recomenda-imediata-reabertura-da-exposicao-queermuseu-em-porto-alegre\/#webpage","url":"https:\/\/www.jornalja.com.br\/arquivo\/mpfrs-recomenda-imediata-reabertura-da-exposicao-queermuseu-em-porto-alegre\/","name":"MPF\/RS recomenda imediata reabertura da exposi\u00e7\u00e3o \u201cQueermuseu\u201d em Porto Alegre | Arquivo","inLanguage":"pt-BR","isPartOf":{"@id":"https:\/\/www.jornalja.com.br\/arquivo\/#website"},"breadcrumb":{"@id":"https:\/\/www.jornalja.com.br\/arquivo\/mpfrs-recomenda-imediata-reabertura-da-exposicao-queermuseu-em-porto-alegre\/#breadcrumblist"},"author":{"@id":"https:\/\/www.jornalja.com.br\/arquivo\/author\/daredacao\/#author"},"creator":{"@id":"https:\/\/www.jornalja.com.br\/arquivo\/author\/daredacao\/#author"},"image":{"@type":"ImageObject","url":55751,"@id":"https:\/\/www.jornalja.com.br\/arquivo\/mpfrs-recomenda-imediata-reabertura-da-exposicao-queermuseu-em-porto-alegre\/#mainImage"},"primaryImageOfPage":{"@id":"https:\/\/www.jornalja.com.br\/arquivo\/mpfrs-recomenda-imediata-reabertura-da-exposicao-queermuseu-em-porto-alegre\/#mainImage"},"datePublished":"2017-09-28T20:54:57-03:00","dateModified":"2017-09-28T20:54:57-03:00"},{"@type":"WebSite","@id":"https:\/\/www.jornalja.com.br\/arquivo\/#website","url":"https:\/\/www.jornalja.com.br\/arquivo\/","name":"Arquivo","description":"Jornal J\u00c1 | Porto Alegre","inLanguage":"pt-BR","publisher":{"@id":"https:\/\/www.jornalja.com.br\/arquivo\/#organization"}}]},"og:locale":"pt_BR","og:site_name":"Arquivo | Jornal J\u00c1 | Porto Alegre","og:type":"article","og:title":"MPF\/RS recomenda imediata reabertura da exposi\u00e7\u00e3o \u201cQueermuseu\u201d em Porto Alegre | Arquivo","og:url":"https:\/\/www.jornalja.com.br\/arquivo\/mpfrs-recomenda-imediata-reabertura-da-exposicao-queermuseu-em-porto-alegre\/","og:image":"https:\/\/www.jornalja.com.br\/economics\/wp-content\/uploads\/sites\/11\/2026\/08\/ja-folhaderosto-facebook.jpg","og:image:secure_url":"https:\/\/www.jornalja.com.br\/economics\/wp-content\/uploads\/sites\/11\/2026\/08\/ja-folhaderosto-facebook.jpg","article:published_time":"2017-09-28T23:54:57+00:00","article:modified_time":"2017-09-28T23:54:57+00:00","twitter:card":"summary","twitter:title":"MPF\/RS recomenda imediata reabertura da exposi\u00e7\u00e3o \u201cQueermuseu\u201d em Porto Alegre | Arquivo","twitter:image":"https:\/\/www.jornalja.com.br\/economics\/wp-content\/uploads\/sites\/11\/2026\/08\/ja-folhaderosto-facebook.jpg"},"aioseo_meta_data":{"post_id":"55750","title":null,"description":null,"keywords":null,"keyphrases":null,"primary_term":null,"canonical_url":null,"og_title":null,"og_description":null,"og_object_type":"default","og_image_type":"default","og_image_url":null,"og_image_width":null,"og_image_height":null,"og_image_custom_url":null,"og_image_custom_fields":null,"og_video":null,"og_custom_url":null,"og_article_section":null,"og_article_tags":null,"twitter_use_og":false,"twitter_card":"default","twitter_image_type":"default","twitter_image_url":null,"twitter_image_custom_url":null,"twitter_image_custom_fields":null,"twitter_title":null,"twitter_description":null,"schema":{"blockGraphs":[],"customGraphs":[],"default":{"data":{"Article":[],"Course":[],"Dataset":[],"FAQPage":[],"Movie":[],"Person":[],"Product":[],"ProductReview":[],"Car":[],"Recipe":[],"Service":[],"SoftwareApplication":[],"WebPage":[]},"graphName":"","isEnabled":true},"graphs":[],"defaultGraph":"","defaultPostTypeGraph":""},"schema_type":null,"schema_type_options":null,"pillar_content":false,"robots_default":true,"robots_noindex":false,"robots_noarchive":false,"robots_nosnippet":false,"robots_nofollow":false,"robots_noimageindex":false,"robots_noodp":false,"robots_notranslate":false,"robots_max_snippet":null,"robots_max_videopreview":null,"robots_max_imagepreview":"large","priority":null,"frequency":null,"location":null,"local_seo":null,"breadcrumb_settings":null,"limit_modified_date":false,"ai":null,"created":"2020-12-20 20:24:05","updated":"2025-07-20 01:26:12","seo_analyzer_scan_date":null,"focus_keyword":null,"additional_keywords":null,"truseo_locale":null},"jetpack_sharing_enabled":true,"jetpack-related-posts":[{"id":13109,"url":"https:\/\/www.jornalja.com.br\/arquivo\/judiciario-reconhece-poluicao-eletromagnetica\/","url_meta":{"origin":55750,"position":0},"title":"Judici\u00e1rio reconhece polui\u00e7\u00e3o eletromagn\u00e9tica","author":"Patr\u00edcia Marini","date":"16 de maio de 2014","format":false,"excerpt":"A\u00e7\u00e3o de duas associa\u00e7\u00f5es de moradores foi acolhida pelo Tribunal de Justi\u00e7a de S\u00e3o Paulo que. em decis\u00e3o in\u00e9dita, determinou a redu\u00e7\u00e3o do campo eletromagn\u00e9tico gerado pelas linhas de transmiss\u00e3o de energia que cortam os bairros City Boa\u00e7ava e Alto de Pinheiros. \u00c9 a primeira vez que um tribunal do\u2026","rel":"","context":"Em &quot;X.Categorias velhas&quot;","block_context":{"text":"X.Categorias velhas","link":"https:\/\/www.jornalja.com.br\/arquivo\/category\/x-categorias-velhas\/"},"img":{"alt_text":"","src":"","width":0,"height":0},"classes":[]},{"id":13101,"url":"https:\/\/www.jornalja.com.br\/arquivo\/morre-um-guerreiro-do-texto\/","url_meta":{"origin":55750,"position":1},"title":"Morre um guerreiro do texto","author":"Patr\u00edcia Marini","date":"14 de maio de 2014","format":false,"excerpt":"Por Ricardo Kotscho Reproduzido do blog do autor, 11\/5\/2014; t\u00edtulo original \u201cE l\u00e1 se foi o nosso Myltainho, guerreiro do texto\u201d. Mi\u00fado e franzino, meu amigo Myltainho era um valente e inconformado guerreiro na luta contra as injusti\u00e7as sociais, a hipocrisia, as maracutaias, o autoritarismo, a intoler\u00e2ncia, a viol\u00eancia, o\u2026","rel":"","context":"Em &quot;Geral&quot;","block_context":{"text":"Geral","link":"https:\/\/www.jornalja.com.br\/arquivo\/category\/geral\/"},"img":{"alt_text":"","src":"","width":0,"height":0},"classes":[]},{"id":13128,"url":"https:\/\/www.jornalja.com.br\/arquivo\/maconha-terra-diz-que-uso-medicinal-e-desculpa\/","url_meta":{"origin":55750,"position":2},"title":"Maconha: Terra diz que uso medicinal \u00e9 desculpa","author":"Patr\u00edcia Marini","date":"4 de junho de 2014","format":false,"excerpt":"A condi\u00e7\u00e3o de pol\u00edtico, em \u00e9poca de campanha de campanha eleitoral, tira for\u00e7a do discurso do m\u00e9dico Osmar Terra contra a legaliza\u00e7\u00e3o da maconha. A tese dele de que a libera\u00e7\u00e3o vai ampliar exponencialmente o consumo \u00e9 discutivel, o consumo \u00e9 corrente. Mas seus alertas quanto aos riscos tem que\u2026","rel":"","context":"Em &quot;X.Categorias velhas&quot;","block_context":{"text":"X.Categorias velhas","link":"https:\/\/www.jornalja.com.br\/arquivo\/category\/x-categorias-velhas\/"},"img":{"alt_text":"","src":"","width":0,"height":0},"classes":[]},{"id":13124,"url":"https:\/\/www.jornalja.com.br\/arquivo\/sangue-latino-no-iecine\/","url_meta":{"origin":55750,"position":3},"title":"Sangue latino no IECINE","author":"da Reda\u00e7\u00e3o","date":"18 de maio de 2014","format":false,"excerpt":"Francisco Ribeiro O Instituto Estadual de Cinema (IECINE) tem a frente, desde abril \u00faltimo, um novo diretor, o cineasta colombiano Juan Zapata, 36, que substitui Luiz Alberto Cassol. Radicado h\u00e1 dez anos em Porto Alegre, Zapata tem diante de si o desafio de conduzir at\u00e9 o final do ano um\u2026","rel":"","context":"Em &quot;Cultura-Geral&quot;","block_context":{"text":"Cultura-Geral","link":"https:\/\/www.jornalja.com.br\/arquivo\/category\/materiasecundaria\/"},"img":{"alt_text":"","src":"","width":0,"height":0},"classes":[]},{"id":5440,"url":"https:\/\/www.jornalja.com.br\/arquivo\/casarao-da-venancio-destino-permanece-incerto\/","url_meta":{"origin":55750,"position":4},"title":"Estado ainda n\u00e3o sabe o que fazer com casar\u00e3o abandonado h\u00e1 20 anos","author":"Elmar Bones","date":"6 de julho de 2009","format":false,"excerpt":"O casar\u00e3o amarelo, numa esquina nobre de Porto Alegre (Ven\u00e2ncio Aires com Jo\u00e3o Pessoa), j\u00e1 abrigou uma escola. H\u00e1 duas d\u00e9cadas, pelo menos, est\u00e1 abandonado, porque seu propriet\u00e1rio, o governo do Estado do Rio Grande do Sul, n\u00e3o consegue achar um destino para ele. Planos n\u00e3o faltaram. O governador Ol\u00edvio\u2026","rel":"","context":"Em &quot;X.Categorias velhas&quot;","block_context":{"text":"X.Categorias velhas","link":"https:\/\/www.jornalja.com.br\/arquivo\/category\/x-categorias-velhas\/"},"img":{"alt_text":"geraldo1","src":"https:\/\/i0.wp.com\/www.jornalja.com.br\/wp-content\/uploads\/2009\/07\/geraldo1.jpg?resize=350%2C200&ssl=1","width":350,"height":200},"classes":[]},{"id":13240,"url":"https:\/\/www.jornalja.com.br\/arquivo\/plano-diretor-estamos-construindo-o-caos\/","url_meta":{"origin":55750,"position":5},"title":"Plano diretor: &quot;Estamos construindo o caos&quot;","author":"Patr\u00edcia Marini","date":"26 de maio de 2014","format":false,"excerpt":"Desabafo que arquiteta Eliana Castilhos, delegada da Regi\u00e3o de Planejamento 1, postou nas redes sociais \u00e9 um testemunho do ambiente que se criou no Conselho do Plano Diretor de Porto Alegre, onde a aprova\u00e7\u00e3o de grandes empreendimentos \u00e9 empurrada guela abaixo dos conselheiros. Ao CMDUA Como delegada da Regi\u00e3o de\u2026","rel":"","context":"Em &quot;Geral&quot;","block_context":{"text":"Geral","link":"https:\/\/www.jornalja.com.br\/arquivo\/category\/geral\/"},"img":{"alt_text":"","src":"","width":0,"height":0},"classes":[]}],"jetpack_shortlink":"https:\/\/wp.me\/pbQjBd-evc","jetpack_featured_media_url":"","_links":{"self":[{"href":"https:\/\/www.jornalja.com.br\/arquivo\/wp-json\/wp\/v2\/posts\/55750","targetHints":{"allow":["GET"]}}],"collection":[{"href":"https:\/\/www.jornalja.com.br\/arquivo\/wp-json\/wp\/v2\/posts"}],"about":[{"href":"https:\/\/www.jornalja.com.br\/arquivo\/wp-json\/wp\/v2\/types\/post"}],"author":[{"embeddable":true,"href":"https:\/\/www.jornalja.com.br\/arquivo\/wp-json\/wp\/v2\/users\/4"}],"replies":[{"embeddable":true,"href":"https:\/\/www.jornalja.com.br\/arquivo\/wp-json\/wp\/v2\/comments?post=55750"}],"version-history":[{"count":0,"href":"https:\/\/www.jornalja.com.br\/arquivo\/wp-json\/wp\/v2\/posts\/55750\/revisions"}],"wp:attachment":[{"href":"https:\/\/www.jornalja.com.br\/arquivo\/wp-json\/wp\/v2\/media?parent=55750"}],"wp:term":[{"taxonomy":"category","embeddable":true,"href":"https:\/\/www.jornalja.com.br\/arquivo\/wp-json\/wp\/v2\/categories?post=55750"},{"taxonomy":"post_tag","embeddable":true,"href":"https:\/\/www.jornalja.com.br\/arquivo\/wp-json\/wp\/v2\/tags?post=55750"}],"curies":[{"name":"wp","href":"https:\/\/api.w.org\/{rel}","templated":true}]}}