{"id":55771,"date":"2017-09-29T11:34:27","date_gmt":"2017-09-29T14:34:27","guid":{"rendered":"https:\/\/www.jornalja.com.br\/?p=55771"},"modified":"2017-09-29T11:34:27","modified_gmt":"2017-09-29T14:34:27","slug":"servidores-fazem-vigilia-no-hps-contra-parcelamento-de-salarios-e-corte-de-gratificacoes","status":"publish","type":"post","link":"https:\/\/www.jornalja.com.br\/arquivo\/servidores-fazem-vigilia-no-hps-contra-parcelamento-de-salarios-e-corte-de-gratificacoes\/","title":{"rendered":"Servidores fazem vig\u00edlia no HPS contra parcelamento de sal\u00e1rios e corte de gratifica\u00e7\u00f5es"},"content":{"rendered":"<p>Nesta quinta-feira, 28\/09, servidores municipais de Porto Alegre fizeram o que chamaram de uma vig\u00edlia luminosa, com lanternas e velas, em frente ao Hospital Pronto Socorro (HPS).<br \/>\nO ato foi realizado enquanto acontecia uma audi\u00eancia da Comiss\u00e3o Especial da C\u00e2mara de Vereadores que analisar\u00e1 os Projetos de Lei 07, 08, 10 e 11\/2017, enviados pelo prefeito Nelson Marchezan Jr ao legislativo municipal. Os municip\u00e1rios s\u00e3o contra os Pls.<br \/>\nDe acordo com levantamento feito pelo Sindicato dos Municip\u00e1rios de Porto Alegre (SIMPA), os projetos de lei retiram at\u00e9 50% da remunera\u00e7\u00e3o do servidor. Para o sindicato, o estudo mostra as perdas a curto, m\u00e9dio e longo prazo por \u00e1rea de atua\u00e7\u00e3o e cargo. A amostra foi realizada com 142 servidores de forma aleat\u00f3ria. Os PLs geram perdas porque mudam a forma de contar os avan\u00e7os, passando a ser quinqu\u00eanio de 3%, acabam com as gratifica\u00e7\u00f5es de 15% e 25% e permitem a retirada unilateral dos regimes pelos gestores, sem consulta ao servidor.<br \/>\nPara o Simpa, com essas medidas, o Plano de Carreira do municip\u00e1rio deixa de existir.<br \/>\nNesta sexta-feira, o Simpa realiza uma assembleia geral, \u00e0s 18h, no Largo Zumbi dos Palmares, com indicativo de greve devido ao parcelamento dos sal\u00e1rios e os projetos enviados ao Legislativo.<br \/>\nNa audi\u00eancia da comiss\u00e3o, no sexto andar do HPS, o vereador Dr. Thiago Duarte (DEM) disse que \u201cOs m\u00e9ritos por esse ato s\u00e3o todos de voc\u00eas, pois os cargos n\u00e3o pertencem a governos\u201d, destacou o presidente da comiss\u00e3o. \u201cVamos mostrar que n\u00e3o \u00e9 poss\u00edvel realizar qualquer vota\u00e7\u00e3o desses projetos sem que a comiss\u00e3o termine os seus trabalhos. E, quem decide quando terminam esses trabalhos s\u00e3o os vereadores e mais ningu\u00e9m\u201d, avisou Dr, Thiago.<br \/>\nA servidora Rita de C\u00e1ssia El\u00f3i, formada em administra\u00e7\u00e3o de empresas, com especializa\u00e7\u00e3o em gest\u00e3o de pessoas, explicou a situa\u00e7\u00e3o. Se forem aprovados, de imediato se torna extinta a licen\u00e7a-pr\u00eamio, os sal\u00e1rios poder\u00e3o ser honrados at\u00e9 o dia cinco de cada m\u00eas e parcelados, e o 13\u00ba poder\u00e1 ser pago at\u00e9 o 5\u00ba dia \u00fatil de janeiro, p\u00f3s-virada de ano.<br \/>\nC\u00e1ssia detalhou ainda como ficariam os vencimentos do funcionalismo com a extin\u00e7\u00e3o das gratifica\u00e7\u00f5es por dedica\u00e7\u00e3o exclusiva, al\u00e9m do fato de que, se o regime vier a ser ser congelado, haveria perda para os servidores, e os avan\u00e7os, ap\u00f3s o oitavo, passariam de 5% para 3%, e as gratifica\u00e7\u00f5es adicionais de 15 ou 25% perderiam a proporcionalidade. \u201cN\u00e3o se discutiu nada de melhoria, o foco \u00e9 redu\u00e7\u00e3o salarial. N\u00e3o h\u00e1 nada t\u00e9cnico que justifique as medidas\u201d, pontuou C\u00e1ssia<br \/>\nPara o presidente da Associa\u00e7\u00e3o dos Servidores do HPS, Everaldo Nunes da Silva, as proposta do Executivo se configuram num ataque brutal aos servidores do HPS. \u201cMarchezan ser\u00e1 o gestor da desqualifica\u00e7\u00e3o do servi\u00e7o p\u00fablico\u201d, afirmou Silva.<\/p>\n","protected":false},"excerpt":{"rendered":"<p>Nesta quinta-feira, 28\/09, servidores municipais de Porto Alegre fizeram o que chamaram de uma vig\u00edlia luminosa, com lanternas e velas, em frente ao Hospital Pronto Socorro (HPS). O ato foi realizado enquanto acontecia uma audi\u00eancia da Comiss\u00e3o Especial da C\u00e2mara de Vereadores que analisar\u00e1 os Projetos de Lei 07, 08, 10 e 11\/2017, enviados pelo [&hellip;]<\/p>\n","protected":false},"author":4,"featured_media":55773,"comment_status":"open","ping_status":"closed","sticky":false,"template":"","format":"standard","meta":{"_jetpack_newsletter_access":"","_jetpack_dont_email_post_to_subs":false,"_jetpack_newsletter_tier_id":0,"_jetpack_memberships_contains_paywalled_content":false,"_jetpack_feature_clip_id":0,"_jetpack_memberships_contains_paid_content":false,"footnotes":"","jetpack_post_was_ever_published":false},"categories":[26],"tags":[],"class_list":["post-55771","post","type-post","status-publish","format-standard","has-post-thumbnail","hentry","category-geral"],"aioseo_notices":[],"aioseo_head":"\n\t\t<!-- All in One SEO 5.0.1.1 - aioseo.com -->\n\t<meta name=\"robots\" content=\"max-image-preview:large\" \/>\n\t<meta name=\"author\" content=\"da Reda\u00e7\u00e3o\"\/>\n\t<link rel=\"canonical\" href=\"https:\/\/www.jornalja.com.br\/arquivo\/servidores-fazem-vigilia-no-hps-contra-parcelamento-de-salarios-e-corte-de-gratificacoes\/\" \/>\n\t<meta name=\"generator\" content=\"All in One SEO (AIOSEO) 5.0.1.1\" \/>\n\t\t<meta property=\"og:locale\" content=\"pt_BR\" \/>\n\t\t<meta property=\"og:site_name\" content=\"Arquivo | Jornal J\u00c1 | Porto Alegre\" \/>\n\t\t<meta property=\"og:type\" content=\"article\" \/>\n\t\t<meta property=\"og:title\" content=\"Servidores fazem vig\u00edlia no HPS contra parcelamento de sal\u00e1rios e corte de gratifica\u00e7\u00f5es | Arquivo\" \/>\n\t\t<meta property=\"og:url\" content=\"https:\/\/www.jornalja.com.br\/arquivo\/servidores-fazem-vigilia-no-hps-contra-parcelamento-de-salarios-e-corte-de-gratificacoes\/\" \/>\n\t\t<meta property=\"og:image\" content=\"https:\/\/www.jornalja.com.br\/economics\/wp-content\/uploads\/sites\/11\/2026\/08\/ja-folhaderosto-facebook.jpg\" \/>\n\t\t<meta property=\"og:image:secure_url\" content=\"https:\/\/www.jornalja.com.br\/economics\/wp-content\/uploads\/sites\/11\/2026\/08\/ja-folhaderosto-facebook.jpg\" \/>\n\t\t<meta property=\"article:published_time\" content=\"2017-09-29T14:34:27+00:00\" \/>\n\t\t<meta property=\"article:modified_time\" content=\"2017-09-29T14:34:27+00:00\" \/>\n\t\t<meta name=\"twitter:card\" content=\"summary\" \/>\n\t\t<meta name=\"twitter:title\" content=\"Servidores fazem vig\u00edlia no HPS contra parcelamento de sal\u00e1rios e corte de gratifica\u00e7\u00f5es | Arquivo\" \/>\n\t\t<meta name=\"twitter:image\" content=\"https:\/\/www.jornalja.com.br\/economics\/wp-content\/uploads\/sites\/11\/2026\/08\/ja-folhaderosto-facebook.jpg\" \/>\n\t\t<script type=\"application\/ld+json\" class=\"aioseo-schema\">\n\t\t\t{\"@context\":\"https:\\\/\\\/schema.org\",\"@graph\":[{\"@type\":\"BlogPosting\",\"@id\":\"https:\\\/\\\/www.jornalja.com.br\\\/arquivo\\\/servidores-fazem-vigilia-no-hps-contra-parcelamento-de-salarios-e-corte-de-gratificacoes\\\/#blogposting\",\"name\":\"Servidores fazem vig\\u00edlia no HPS contra parcelamento de sal\\u00e1rios e corte de gratifica\\u00e7\\u00f5es | Arquivo\",\"headline\":\"Servidores fazem vig\\u00edlia no HPS contra parcelamento de sal\\u00e1rios e corte de gratifica\\u00e7\\u00f5es\",\"author\":{\"@id\":\"https:\\\/\\\/www.jornalja.com.br\\\/arquivo\\\/author\\\/daredacao\\\/#author\"},\"publisher\":{\"@id\":\"https:\\\/\\\/www.jornalja.com.br\\\/arquivo\\\/#organization\"},\"image\":{\"@type\":\"ImageObject\",\"url\":55773},\"datePublished\":\"2017-09-29T11:34:27-03:00\",\"dateModified\":\"2017-09-29T11:34:27-03:00\",\"inLanguage\":\"pt-BR\",\"mainEntityOfPage\":{\"@id\":\"https:\\\/\\\/www.jornalja.com.br\\\/arquivo\\\/servidores-fazem-vigilia-no-hps-contra-parcelamento-de-salarios-e-corte-de-gratificacoes\\\/#webpage\"},\"isPartOf\":{\"@id\":\"https:\\\/\\\/www.jornalja.com.br\\\/arquivo\\\/servidores-fazem-vigilia-no-hps-contra-parcelamento-de-salarios-e-corte-de-gratificacoes\\\/#webpage\"},\"articleSection\":\"Geral\"},{\"@type\":\"BreadcrumbList\",\"@id\":\"https:\\\/\\\/www.jornalja.com.br\\\/arquivo\\\/servidores-fazem-vigilia-no-hps-contra-parcelamento-de-salarios-e-corte-de-gratificacoes\\\/#breadcrumblist\",\"itemListElement\":[{\"@type\":\"ListItem\",\"@id\":\"https:\\\/\\\/www.jornalja.com.br\\\/arquivo#listItem\",\"position\":1,\"name\":\"Home\",\"item\":\"https:\\\/\\\/www.jornalja.com.br\\\/arquivo\",\"nextItem\":{\"@type\":\"ListItem\",\"@id\":\"https:\\\/\\\/www.jornalja.com.br\\\/arquivo\\\/category\\\/geral\\\/#listItem\",\"name\":\"Geral\"}},{\"@type\":\"ListItem\",\"@id\":\"https:\\\/\\\/www.jornalja.com.br\\\/arquivo\\\/category\\\/geral\\\/#listItem\",\"position\":2,\"name\":\"Geral\",\"item\":\"https:\\\/\\\/www.jornalja.com.br\\\/arquivo\\\/category\\\/geral\\\/\",\"nextItem\":{\"@type\":\"ListItem\",\"@id\":\"https:\\\/\\\/www.jornalja.com.br\\\/arquivo\\\/servidores-fazem-vigilia-no-hps-contra-parcelamento-de-salarios-e-corte-de-gratificacoes\\\/#listItem\",\"name\":\"Servidores fazem vig\\u00edlia no HPS contra parcelamento de sal\\u00e1rios e corte de gratifica\\u00e7\\u00f5es\"},\"previousItem\":{\"@type\":\"ListItem\",\"@id\":\"https:\\\/\\\/www.jornalja.com.br\\\/arquivo#listItem\",\"name\":\"Home\"}},{\"@type\":\"ListItem\",\"@id\":\"https:\\\/\\\/www.jornalja.com.br\\\/arquivo\\\/servidores-fazem-vigilia-no-hps-contra-parcelamento-de-salarios-e-corte-de-gratificacoes\\\/#listItem\",\"position\":3,\"name\":\"Servidores fazem vig\\u00edlia no HPS contra parcelamento de sal\\u00e1rios e corte de gratifica\\u00e7\\u00f5es\",\"previousItem\":{\"@type\":\"ListItem\",\"@id\":\"https:\\\/\\\/www.jornalja.com.br\\\/arquivo\\\/category\\\/geral\\\/#listItem\",\"name\":\"Geral\"}}]},{\"@type\":\"Organization\",\"@id\":\"https:\\\/\\\/www.jornalja.com.br\\\/arquivo\\\/#organization\",\"name\":\"Jornal J\\u00c1\",\"description\":\"Jornal J\\u00c1 | Porto Alegre\",\"url\":\"https:\\\/\\\/www.jornalja.com.br\\\/arquivo\\\/\",\"telephone\":\"+555133307272\",\"logo\":{\"@type\":\"ImageObject\",\"url\":\"https:\\\/\\\/www.jornalja.com.br\\\/wp-content\\\/uploads\\\/cards\\\/JAslogan.png\",\"@id\":\"https:\\\/\\\/www.jornalja.com.br\\\/arquivo\\\/servidores-fazem-vigilia-no-hps-contra-parcelamento-de-salarios-e-corte-de-gratificacoes\\\/#organizationLogo\"},\"image\":{\"@id\":\"https:\\\/\\\/www.jornalja.com.br\\\/arquivo\\\/servidores-fazem-vigilia-no-hps-contra-parcelamento-de-salarios-e-corte-de-gratificacoes\\\/#organizationLogo\"}},{\"@type\":\"Person\",\"@id\":\"https:\\\/\\\/www.jornalja.com.br\\\/arquivo\\\/author\\\/daredacao\\\/#author\",\"url\":\"https:\\\/\\\/www.jornalja.com.br\\\/arquivo\\\/author\\\/daredacao\\\/\",\"name\":\"da Reda\\u00e7\\u00e3o\",\"image\":{\"@type\":\"ImageObject\",\"@id\":\"https:\\\/\\\/www.jornalja.com.br\\\/arquivo\\\/servidores-fazem-vigilia-no-hps-contra-parcelamento-de-salarios-e-corte-de-gratificacoes\\\/#authorImage\",\"url\":\"https:\\\/\\\/secure.gravatar.com\\\/avatar\\\/469fd857d6605ad19919d27ed29d35a968a25f6e8fd9318356bbb7f57aae9c65?s=96&d=mm&r=g\",\"width\":96,\"height\":96,\"caption\":\"da Reda\\u00e7\\u00e3o\"}},{\"@type\":\"WebPage\",\"@id\":\"https:\\\/\\\/www.jornalja.com.br\\\/arquivo\\\/servidores-fazem-vigilia-no-hps-contra-parcelamento-de-salarios-e-corte-de-gratificacoes\\\/#webpage\",\"url\":\"https:\\\/\\\/www.jornalja.com.br\\\/arquivo\\\/servidores-fazem-vigilia-no-hps-contra-parcelamento-de-salarios-e-corte-de-gratificacoes\\\/\",\"name\":\"Servidores fazem vig\\u00edlia no HPS contra parcelamento de sal\\u00e1rios e corte de gratifica\\u00e7\\u00f5es | Arquivo\",\"inLanguage\":\"pt-BR\",\"isPartOf\":{\"@id\":\"https:\\\/\\\/www.jornalja.com.br\\\/arquivo\\\/#website\"},\"breadcrumb\":{\"@id\":\"https:\\\/\\\/www.jornalja.com.br\\\/arquivo\\\/servidores-fazem-vigilia-no-hps-contra-parcelamento-de-salarios-e-corte-de-gratificacoes\\\/#breadcrumblist\"},\"author\":{\"@id\":\"https:\\\/\\\/www.jornalja.com.br\\\/arquivo\\\/author\\\/daredacao\\\/#author\"},\"creator\":{\"@id\":\"https:\\\/\\\/www.jornalja.com.br\\\/arquivo\\\/author\\\/daredacao\\\/#author\"},\"image\":{\"@type\":\"ImageObject\",\"url\":55773,\"@id\":\"https:\\\/\\\/www.jornalja.com.br\\\/arquivo\\\/servidores-fazem-vigilia-no-hps-contra-parcelamento-de-salarios-e-corte-de-gratificacoes\\\/#mainImage\"},\"primaryImageOfPage\":{\"@id\":\"https:\\\/\\\/www.jornalja.com.br\\\/arquivo\\\/servidores-fazem-vigilia-no-hps-contra-parcelamento-de-salarios-e-corte-de-gratificacoes\\\/#mainImage\"},\"datePublished\":\"2017-09-29T11:34:27-03:00\",\"dateModified\":\"2017-09-29T11:34:27-03:00\"},{\"@type\":\"WebSite\",\"@id\":\"https:\\\/\\\/www.jornalja.com.br\\\/arquivo\\\/#website\",\"url\":\"https:\\\/\\\/www.jornalja.com.br\\\/arquivo\\\/\",\"name\":\"Arquivo\",\"description\":\"Jornal J\\u00c1 | Porto Alegre\",\"inLanguage\":\"pt-BR\",\"publisher\":{\"@id\":\"https:\\\/\\\/www.jornalja.com.br\\\/arquivo\\\/#organization\"}}]}\n\t\t<\/script>\n\t\t<!-- All in One SEO -->\n\n","aioseo_head_json":{"title":"Servidores fazem vig\u00edlia no HPS contra parcelamento de sal\u00e1rios e corte de gratifica\u00e7\u00f5es | Arquivo","description":"","canonical_url":"https:\/\/www.jornalja.com.br\/arquivo\/servidores-fazem-vigilia-no-hps-contra-parcelamento-de-salarios-e-corte-de-gratificacoes\/","robots":"max-image-preview:large","keywords":"","webmasterTools":{"miscellaneous":""},"schema":{"@context":"https:\/\/schema.org","@graph":[{"@type":"BlogPosting","@id":"https:\/\/www.jornalja.com.br\/arquivo\/servidores-fazem-vigilia-no-hps-contra-parcelamento-de-salarios-e-corte-de-gratificacoes\/#blogposting","name":"Servidores fazem vig\u00edlia no HPS contra parcelamento de sal\u00e1rios e corte de gratifica\u00e7\u00f5es | Arquivo","headline":"Servidores fazem vig\u00edlia no HPS contra parcelamento de sal\u00e1rios e corte de gratifica\u00e7\u00f5es","author":{"@id":"https:\/\/www.jornalja.com.br\/arquivo\/author\/daredacao\/#author"},"publisher":{"@id":"https:\/\/www.jornalja.com.br\/arquivo\/#organization"},"image":{"@type":"ImageObject","url":55773},"datePublished":"2017-09-29T11:34:27-03:00","dateModified":"2017-09-29T11:34:27-03:00","inLanguage":"pt-BR","mainEntityOfPage":{"@id":"https:\/\/www.jornalja.com.br\/arquivo\/servidores-fazem-vigilia-no-hps-contra-parcelamento-de-salarios-e-corte-de-gratificacoes\/#webpage"},"isPartOf":{"@id":"https:\/\/www.jornalja.com.br\/arquivo\/servidores-fazem-vigilia-no-hps-contra-parcelamento-de-salarios-e-corte-de-gratificacoes\/#webpage"},"articleSection":"Geral"},{"@type":"BreadcrumbList","@id":"https:\/\/www.jornalja.com.br\/arquivo\/servidores-fazem-vigilia-no-hps-contra-parcelamento-de-salarios-e-corte-de-gratificacoes\/#breadcrumblist","itemListElement":[{"@type":"ListItem","@id":"https:\/\/www.jornalja.com.br\/arquivo#listItem","position":1,"name":"Home","item":"https:\/\/www.jornalja.com.br\/arquivo","nextItem":{"@type":"ListItem","@id":"https:\/\/www.jornalja.com.br\/arquivo\/category\/geral\/#listItem","name":"Geral"}},{"@type":"ListItem","@id":"https:\/\/www.jornalja.com.br\/arquivo\/category\/geral\/#listItem","position":2,"name":"Geral","item":"https:\/\/www.jornalja.com.br\/arquivo\/category\/geral\/","nextItem":{"@type":"ListItem","@id":"https:\/\/www.jornalja.com.br\/arquivo\/servidores-fazem-vigilia-no-hps-contra-parcelamento-de-salarios-e-corte-de-gratificacoes\/#listItem","name":"Servidores fazem vig\u00edlia no HPS contra parcelamento de sal\u00e1rios e corte de gratifica\u00e7\u00f5es"},"previousItem":{"@type":"ListItem","@id":"https:\/\/www.jornalja.com.br\/arquivo#listItem","name":"Home"}},{"@type":"ListItem","@id":"https:\/\/www.jornalja.com.br\/arquivo\/servidores-fazem-vigilia-no-hps-contra-parcelamento-de-salarios-e-corte-de-gratificacoes\/#listItem","position":3,"name":"Servidores fazem vig\u00edlia no HPS contra parcelamento de sal\u00e1rios e corte de gratifica\u00e7\u00f5es","previousItem":{"@type":"ListItem","@id":"https:\/\/www.jornalja.com.br\/arquivo\/category\/geral\/#listItem","name":"Geral"}}]},{"@type":"Organization","@id":"https:\/\/www.jornalja.com.br\/arquivo\/#organization","name":"Jornal J\u00c1","description":"Jornal J\u00c1 | Porto Alegre","url":"https:\/\/www.jornalja.com.br\/arquivo\/","telephone":"+555133307272","logo":{"@type":"ImageObject","url":"https:\/\/www.jornalja.com.br\/wp-content\/uploads\/cards\/JAslogan.png","@id":"https:\/\/www.jornalja.com.br\/arquivo\/servidores-fazem-vigilia-no-hps-contra-parcelamento-de-salarios-e-corte-de-gratificacoes\/#organizationLogo"},"image":{"@id":"https:\/\/www.jornalja.com.br\/arquivo\/servidores-fazem-vigilia-no-hps-contra-parcelamento-de-salarios-e-corte-de-gratificacoes\/#organizationLogo"}},{"@type":"Person","@id":"https:\/\/www.jornalja.com.br\/arquivo\/author\/daredacao\/#author","url":"https:\/\/www.jornalja.com.br\/arquivo\/author\/daredacao\/","name":"da Reda\u00e7\u00e3o","image":{"@type":"ImageObject","@id":"https:\/\/www.jornalja.com.br\/arquivo\/servidores-fazem-vigilia-no-hps-contra-parcelamento-de-salarios-e-corte-de-gratificacoes\/#authorImage","url":"https:\/\/secure.gravatar.com\/avatar\/469fd857d6605ad19919d27ed29d35a968a25f6e8fd9318356bbb7f57aae9c65?s=96&d=mm&r=g","width":96,"height":96,"caption":"da Reda\u00e7\u00e3o"}},{"@type":"WebPage","@id":"https:\/\/www.jornalja.com.br\/arquivo\/servidores-fazem-vigilia-no-hps-contra-parcelamento-de-salarios-e-corte-de-gratificacoes\/#webpage","url":"https:\/\/www.jornalja.com.br\/arquivo\/servidores-fazem-vigilia-no-hps-contra-parcelamento-de-salarios-e-corte-de-gratificacoes\/","name":"Servidores fazem vig\u00edlia no HPS contra parcelamento de sal\u00e1rios e corte de gratifica\u00e7\u00f5es | Arquivo","inLanguage":"pt-BR","isPartOf":{"@id":"https:\/\/www.jornalja.com.br\/arquivo\/#website"},"breadcrumb":{"@id":"https:\/\/www.jornalja.com.br\/arquivo\/servidores-fazem-vigilia-no-hps-contra-parcelamento-de-salarios-e-corte-de-gratificacoes\/#breadcrumblist"},"author":{"@id":"https:\/\/www.jornalja.com.br\/arquivo\/author\/daredacao\/#author"},"creator":{"@id":"https:\/\/www.jornalja.com.br\/arquivo\/author\/daredacao\/#author"},"image":{"@type":"ImageObject","url":55773,"@id":"https:\/\/www.jornalja.com.br\/arquivo\/servidores-fazem-vigilia-no-hps-contra-parcelamento-de-salarios-e-corte-de-gratificacoes\/#mainImage"},"primaryImageOfPage":{"@id":"https:\/\/www.jornalja.com.br\/arquivo\/servidores-fazem-vigilia-no-hps-contra-parcelamento-de-salarios-e-corte-de-gratificacoes\/#mainImage"},"datePublished":"2017-09-29T11:34:27-03:00","dateModified":"2017-09-29T11:34:27-03:00"},{"@type":"WebSite","@id":"https:\/\/www.jornalja.com.br\/arquivo\/#website","url":"https:\/\/www.jornalja.com.br\/arquivo\/","name":"Arquivo","description":"Jornal J\u00c1 | Porto Alegre","inLanguage":"pt-BR","publisher":{"@id":"https:\/\/www.jornalja.com.br\/arquivo\/#organization"}}]},"og:locale":"pt_BR","og:site_name":"Arquivo | Jornal J\u00c1 | Porto Alegre","og:type":"article","og:title":"Servidores fazem vig\u00edlia no HPS contra parcelamento de sal\u00e1rios e corte de gratifica\u00e7\u00f5es | Arquivo","og:url":"https:\/\/www.jornalja.com.br\/arquivo\/servidores-fazem-vigilia-no-hps-contra-parcelamento-de-salarios-e-corte-de-gratificacoes\/","og:image":"https:\/\/www.jornalja.com.br\/economics\/wp-content\/uploads\/sites\/11\/2026\/08\/ja-folhaderosto-facebook.jpg","og:image:secure_url":"https:\/\/www.jornalja.com.br\/economics\/wp-content\/uploads\/sites\/11\/2026\/08\/ja-folhaderosto-facebook.jpg","article:published_time":"2017-09-29T14:34:27+00:00","article:modified_time":"2017-09-29T14:34:27+00:00","twitter:card":"summary","twitter:title":"Servidores fazem vig\u00edlia no HPS contra parcelamento de sal\u00e1rios e corte de gratifica\u00e7\u00f5es | Arquivo","twitter:image":"https:\/\/www.jornalja.com.br\/economics\/wp-content\/uploads\/sites\/11\/2026\/08\/ja-folhaderosto-facebook.jpg"},"aioseo_meta_data":{"post_id":"55771","title":null,"description":null,"keywords":null,"keyphrases":null,"primary_term":null,"canonical_url":null,"og_title":null,"og_description":null,"og_object_type":"default","og_image_type":"default","og_image_url":null,"og_image_width":null,"og_image_height":null,"og_image_custom_url":null,"og_image_custom_fields":null,"og_video":null,"og_custom_url":null,"og_article_section":null,"og_article_tags":null,"twitter_use_og":false,"twitter_card":"default","twitter_image_type":"default","twitter_image_url":null,"twitter_image_custom_url":null,"twitter_image_custom_fields":null,"twitter_title":null,"twitter_description":null,"schema":{"blockGraphs":[],"customGraphs":[],"default":{"data":{"Article":[],"Course":[],"Dataset":[],"FAQPage":[],"Movie":[],"Person":[],"Product":[],"ProductReview":[],"Car":[],"Recipe":[],"Service":[],"SoftwareApplication":[],"WebPage":[]},"graphName":"","isEnabled":true},"graphs":[],"defaultGraph":"","defaultPostTypeGraph":""},"schema_type":null,"schema_type_options":null,"pillar_content":false,"robots_default":true,"robots_noindex":false,"robots_noarchive":false,"robots_nosnippet":false,"robots_nofollow":false,"robots_noimageindex":false,"robots_noodp":false,"robots_notranslate":false,"robots_max_snippet":null,"robots_max_videopreview":null,"robots_max_imagepreview":"large","priority":null,"frequency":null,"location":null,"local_seo":null,"breadcrumb_settings":null,"limit_modified_date":false,"ai":null,"created":"2020-12-20 20:24:05","updated":"2025-07-20 01:28:41","seo_analyzer_scan_date":null,"focus_keyword":null,"additional_keywords":null,"truseo_locale":null},"jetpack_sharing_enabled":true,"jetpack-related-posts":[{"id":1280,"url":"https:\/\/www.jornalja.com.br\/arquivo\/o-menino-que-se-tornou-brizola\/","url_meta":{"origin":55771,"position":0},"title":"O Menino que se Tornou Brizola","author":"da Reda\u00e7\u00e3o","date":"28 de julho de 2008","format":false,"excerpt":"Autor: Cleber Dioni A vida de Leonel Brizola, com \u00eanfase para os primeiros anos em Porto Alegre, at\u00e9 o ex\u00edlio no Uruguai e a volta, quinze anos depois. \u00a0\"...\u00c9ramos todos jovens e nos identific\u00e1vamos com aquela massa an\u00f4nima a percorrer as ruas de Porto Alegre, gritando 'Get\u00falio', 'Get\u00falio' e empunhando\u2026","rel":"","context":"Em &quot;Livros&quot;","block_context":{"text":"Livros","link":"https:\/\/www.jornalja.com.br\/arquivo\/category\/livros\/"},"img":{"alt_text":"","src":"https:\/\/i0.wp.com\/www.jornalja.com.br\/wp-content\/uploads\/2008\/07\/brizola.gif?resize=350%2C200&ssl=1","width":350,"height":200},"classes":[]},{"id":13240,"url":"https:\/\/www.jornalja.com.br\/arquivo\/plano-diretor-estamos-construindo-o-caos\/","url_meta":{"origin":55771,"position":1},"title":"Plano diretor: &quot;Estamos construindo o caos&quot;","author":"Patr\u00edcia Marini","date":"26 de maio de 2014","format":false,"excerpt":"Desabafo que arquiteta Eliana Castilhos, delegada da Regi\u00e3o de Planejamento 1, postou nas redes sociais \u00e9 um testemunho do ambiente que se criou no Conselho do Plano Diretor de Porto Alegre, onde a aprova\u00e7\u00e3o de grandes empreendimentos \u00e9 empurrada guela abaixo dos conselheiros. Ao CMDUA Como delegada da Regi\u00e3o de\u2026","rel":"","context":"Em &quot;Geral&quot;","block_context":{"text":"Geral","link":"https:\/\/www.jornalja.com.br\/arquivo\/category\/geral\/"},"img":{"alt_text":"","src":"","width":0,"height":0},"classes":[]},{"id":13239,"url":"https:\/\/www.jornalja.com.br\/arquivo\/conselho-desdenha-do-plano-diretor\/","url_meta":{"origin":55771,"position":2},"title":"Porto Alegre: Conselho detona Plano Diretor","author":"Patr\u00edcia Marini","date":"25 de maio de 2014","format":false,"excerpt":"Den\u00fancia do arquiteto e \u00a0urbanista Ibir\u00e1 Santos Lucas. Ele diz que os conselheiros est\u00e3o votando com \"enorme irresponsabilidade\". \"Mudam regime com a maior naturalidade,,,regularizam absurdos de constru\u00e7\u00f5es irregulares... \"O CMDUA est\u00e1 flexibilizando a lei do plano diretor, de uma forma impactante na vida da cidade. Mudam regime com a maior\u2026","rel":"","context":"Em &quot;Geral&quot;","block_context":{"text":"Geral","link":"https:\/\/www.jornalja.com.br\/arquivo\/category\/geral\/"},"img":{"alt_text":"","src":"","width":0,"height":0},"classes":[]},{"id":13124,"url":"https:\/\/www.jornalja.com.br\/arquivo\/sangue-latino-no-iecine\/","url_meta":{"origin":55771,"position":3},"title":"Sangue latino no IECINE","author":"da Reda\u00e7\u00e3o","date":"18 de maio de 2014","format":false,"excerpt":"Francisco Ribeiro O Instituto Estadual de Cinema (IECINE) tem a frente, desde abril \u00faltimo, um novo diretor, o cineasta colombiano Juan Zapata, 36, que substitui Luiz Alberto Cassol. Radicado h\u00e1 dez anos em Porto Alegre, Zapata tem diante de si o desafio de conduzir at\u00e9 o final do ano um\u2026","rel":"","context":"Em &quot;Cultura-Geral&quot;","block_context":{"text":"Cultura-Geral","link":"https:\/\/www.jornalja.com.br\/arquivo\/category\/materiasecundaria\/"},"img":{"alt_text":"","src":"","width":0,"height":0},"classes":[]},{"id":14241,"url":"https:\/\/www.jornalja.com.br\/arquivo\/o-guaiba-nas-imagens-poeticas-de-achutti\/","url_meta":{"origin":55771,"position":4},"title":"O Gua\u00edba nas imagens po\u00e9ticas de Achutti","author":"da Reda\u00e7\u00e3o","date":"18 de junho de 2014","format":false,"excerpt":"Em \u201cO Gua\u00edba por Achutti\u201d \u2013 obra financiada via Minist\u00e9rio da Cultura, produ\u00e7\u00e3o executiva de Pedro Longhi, e Fl\u00e1vio Wild como designer \u2013, o fot\u00f3grafo revela a beleza e as mazelas de um espa\u00e7o aqu\u00e1tico de \u00e1guas sempre renovadas, cheio de hist\u00f3rias e lendas como as das cidades que foram\u2026","rel":"","context":"Em &quot;Cultura-Geral&quot;","block_context":{"text":"Cultura-Geral","link":"https:\/\/www.jornalja.com.br\/arquivo\/category\/materiasecundaria\/"},"img":{"alt_text":"","src":"","width":0,"height":0},"classes":[]},{"id":5440,"url":"https:\/\/www.jornalja.com.br\/arquivo\/casarao-da-venancio-destino-permanece-incerto\/","url_meta":{"origin":55771,"position":5},"title":"Estado ainda n\u00e3o sabe o que fazer com casar\u00e3o abandonado h\u00e1 20 anos","author":"Elmar Bones","date":"6 de julho de 2009","format":false,"excerpt":"O casar\u00e3o amarelo, numa esquina nobre de Porto Alegre (Ven\u00e2ncio Aires com Jo\u00e3o Pessoa), j\u00e1 abrigou uma escola. H\u00e1 duas d\u00e9cadas, pelo menos, est\u00e1 abandonado, porque seu propriet\u00e1rio, o governo do Estado do Rio Grande do Sul, n\u00e3o consegue achar um destino para ele. Planos n\u00e3o faltaram. O governador Ol\u00edvio\u2026","rel":"","context":"Em &quot;X.Categorias velhas&quot;","block_context":{"text":"X.Categorias velhas","link":"https:\/\/www.jornalja.com.br\/arquivo\/category\/x-categorias-velhas\/"},"img":{"alt_text":"geraldo1","src":"https:\/\/i0.wp.com\/www.jornalja.com.br\/wp-content\/uploads\/2009\/07\/geraldo1.jpg?resize=350%2C200&ssl=1","width":350,"height":200},"classes":[]}],"jetpack_shortlink":"https:\/\/wp.me\/pbQjBd-evx","jetpack_featured_media_url":"","_links":{"self":[{"href":"https:\/\/www.jornalja.com.br\/arquivo\/wp-json\/wp\/v2\/posts\/55771","targetHints":{"allow":["GET"]}}],"collection":[{"href":"https:\/\/www.jornalja.com.br\/arquivo\/wp-json\/wp\/v2\/posts"}],"about":[{"href":"https:\/\/www.jornalja.com.br\/arquivo\/wp-json\/wp\/v2\/types\/post"}],"author":[{"embeddable":true,"href":"https:\/\/www.jornalja.com.br\/arquivo\/wp-json\/wp\/v2\/users\/4"}],"replies":[{"embeddable":true,"href":"https:\/\/www.jornalja.com.br\/arquivo\/wp-json\/wp\/v2\/comments?post=55771"}],"version-history":[{"count":0,"href":"https:\/\/www.jornalja.com.br\/arquivo\/wp-json\/wp\/v2\/posts\/55771\/revisions"}],"wp:attachment":[{"href":"https:\/\/www.jornalja.com.br\/arquivo\/wp-json\/wp\/v2\/media?parent=55771"}],"wp:term":[{"taxonomy":"category","embeddable":true,"href":"https:\/\/www.jornalja.com.br\/arquivo\/wp-json\/wp\/v2\/categories?post=55771"},{"taxonomy":"post_tag","embeddable":true,"href":"https:\/\/www.jornalja.com.br\/arquivo\/wp-json\/wp\/v2\/tags?post=55771"}],"curies":[{"name":"wp","href":"https:\/\/api.w.org\/{rel}","templated":true}]}}