{"id":55782,"date":"2017-09-30T07:49:24","date_gmt":"2017-09-30T10:49:24","guid":{"rendered":"https:\/\/www.jornalja.com.br\/?p=55782"},"modified":"2017-09-30T07:49:24","modified_gmt":"2017-09-30T10:49:24","slug":"descrenca-no-sistema-politico-pode-levar-a-tragedias-adverte-ministro-do-stj","status":"publish","type":"post","link":"https:\/\/www.jornalja.com.br\/arquivo\/descrenca-no-sistema-politico-pode-levar-a-tragedias-adverte-ministro-do-stj\/","title":{"rendered":"Descren\u00e7a no sistema pol\u00edtico &quot;pode levar a trag\u00e9dias&quot;, adverte ministro do STJ"},"content":{"rendered":"<p>O ministro Herman Benjamin, do Superior Tribunal de Justi\u00e7a (STJ) e do Tribunal Superior Eleitoral (TSE), do qual \u00e9 corregedor, sustentou nesta sexta-feira (29), em palestra no Congresso Estadual de Magistrados, promovido pela Ajuris em Bento Gon\u00e7alves, que n\u00e3o h\u00e1 quest\u00e3o mais importante no pa\u00eds do que a reforma do sistema pol\u00edtico-eleitoral.<br \/>\n\u201cSe n\u00f3s n\u00e3o mudarmos o arranjo pol\u00edtico-institucional, os riscos s\u00e3o enormes e alguns deles podem nos levar a trag\u00e9dias. Primeiro, a trag\u00e9dia do descr\u00e9dito no sistema pol\u00edtico-eleitoral. Se n\u00f3s n\u00e3o acreditarmos no voto popular, a porta estar\u00e1 escancarada para o desastre pol\u00edtico. O que salva o Brasil da guerra civil, do sangue correndo na rua, \u00e9 que a popula\u00e7\u00e3o ainda acredita, a cada dois anos, numa cren\u00e7a renovada, cada vez exigindo mais otimismo, que alguma coisa vai mudar\u201d, disse ele para a plateia de magistrados ga\u00fachos.<br \/>\nO ministro defendeu a alternativa do financiamento p\u00fablico de campanha. \u201cSou absolutamente favor\u00e1vel ao fundo p\u00fablico\u201d, disse ele, para quem \u00e9 preciso \u201centender o processo pol\u00edtico-eleitoral como algo que pertence a n\u00f3s\u201d, em vez de deix\u00e1-lo \u00e0 merc\u00ea dos aproveitadores. \u00c9 a forma pela qual, segundo ele, pode-se dar condi\u00e7\u00f5es para que o processo eleitoral, ao qual tudo se relaciona, seja democr\u00e1tico.<br \/>\nBenjamin descartou o financiamento empresarial, que considerou ter sido \u201ca madrasta da democracia brasileira\u201d, aludindo aos casos de corrup\u00e7\u00e3o. Na sua opini\u00e3o, o caixa 2 \u201c\u00e9 um passaporte para escravid\u00e3o\u201d at\u00e9 mesmo de pol\u00edtico honesto que acaba ref\u00e9m de doadores envolvidos com crimes.<br \/>\nDe acordo com ele, a Justi\u00e7a Eleitoral brasileira, apesar de ser uma das melhores do mundo, n\u00e3o consegue controlar esse tipo de financiamento. \u201c\u00c9 imposs\u00edvel controlar o financiamento empresarial\u201d. Quanto \u00e0 hip\u00f3tese de os candidatos bancarem suas despesas de campanha, resultaria na \u201caberra\u00e7\u00e3o\u201d de um \u201cparlamento recheado de ricos\u201d.<br \/>\nHerman Benjamin lamentou que ainda exista compra de voto no Brasil, n\u00e3o s\u00f3 nas regi\u00f5es mais remotas, como tamb\u00e9m nas \u00e1reas mais ricas. E, pior, n\u00e3o s\u00f3 compra do mandato, como tamb\u00e9m do produto do mandato, que \u00e9 a lei. \u201cO que fazemos com a lei comprada? Qual a natureza jur\u00eddica de uma lei comprada?\u201d, indagou, demonstrando muita preocupa\u00e7\u00e3o com essa anomalia, desprovida de legitimidade popular. Sem citar nomes, avan\u00e7ou em caso em que houve compra de lei e tamb\u00e9m de medida provis\u00f3ria.<br \/>\nMas ele condenou a generaliza\u00e7\u00e3o na cr\u00edtica aos pol\u00edticos. \u201cN\u00e3o podemos generalizar e n\u00e3o vamos imaginar que o Parlamento \u00e9 dominado por representantes de m\u00e1 f\u00e9. Posso afian\u00e7ar que a esmagadora maioria tem preocupa\u00e7\u00e3o com o pa\u00eds. Mas h\u00e1 uma minoria, infelizmente, que consegue negociar at\u00e9 mesmo um texto legal\u201d. O magistrado disse que h\u00e1 pol\u00edticos que veem o Poder Judici\u00e1rio n\u00e3o mais como uma institui\u00e7\u00e3o distante, mas como uma fonte de mandado de pris\u00e3o.<br \/>\n&nbsp;<\/p>\n","protected":false},"excerpt":{"rendered":"<p>O ministro Herman Benjamin, do Superior Tribunal de Justi\u00e7a (STJ) e do Tribunal Superior Eleitoral (TSE), do qual \u00e9 corregedor, sustentou nesta sexta-feira (29), em palestra no Congresso Estadual de Magistrados, promovido pela Ajuris em Bento Gon\u00e7alves, que n\u00e3o h\u00e1 quest\u00e3o mais importante no pa\u00eds do que a reforma do sistema pol\u00edtico-eleitoral. \u201cSe n\u00f3s n\u00e3o [&hellip;]<\/p>\n","protected":false},"author":4,"featured_media":55784,"comment_status":"open","ping_status":"closed","sticky":false,"template":"","format":"standard","meta":{"_jetpack_newsletter_access":"","_jetpack_dont_email_post_to_subs":false,"_jetpack_newsletter_tier_id":0,"_jetpack_memberships_contains_paywalled_content":false,"_jetpack_feature_clip_id":0,"_jetpack_memberships_contains_paid_content":false,"footnotes":"","jetpack_post_was_ever_published":false},"categories":[26],"tags":[],"class_list":["post-55782","post","type-post","status-publish","format-standard","has-post-thumbnail","hentry","category-geral"],"aioseo_notices":[],"aioseo_head":"\n\t\t<!-- All in One SEO 5.0.1.1 - aioseo.com -->\n\t<meta name=\"robots\" content=\"max-image-preview:large\" \/>\n\t<meta name=\"author\" content=\"da Reda\u00e7\u00e3o\"\/>\n\t<link rel=\"canonical\" href=\"https:\/\/www.jornalja.com.br\/arquivo\/descrenca-no-sistema-politico-pode-levar-a-tragedias-adverte-ministro-do-stj\/\" \/>\n\t<meta name=\"generator\" content=\"All in One SEO (AIOSEO) 5.0.1.1\" \/>\n\t\t<meta property=\"og:locale\" content=\"pt_BR\" \/>\n\t\t<meta property=\"og:site_name\" content=\"Arquivo | Jornal J\u00c1 | Porto Alegre\" \/>\n\t\t<meta property=\"og:type\" content=\"article\" \/>\n\t\t<meta property=\"og:title\" content=\"Descren\u00e7a no sistema pol\u00edtico &quot;pode levar a trag\u00e9dias&quot;, adverte ministro do STJ | Arquivo\" \/>\n\t\t<meta property=\"og:url\" content=\"https:\/\/www.jornalja.com.br\/arquivo\/descrenca-no-sistema-politico-pode-levar-a-tragedias-adverte-ministro-do-stj\/\" \/>\n\t\t<meta property=\"og:image\" content=\"https:\/\/www.jornalja.com.br\/economics\/wp-content\/uploads\/sites\/11\/2026\/08\/ja-folhaderosto-facebook.jpg\" \/>\n\t\t<meta property=\"og:image:secure_url\" content=\"https:\/\/www.jornalja.com.br\/economics\/wp-content\/uploads\/sites\/11\/2026\/08\/ja-folhaderosto-facebook.jpg\" \/>\n\t\t<meta property=\"article:published_time\" content=\"2017-09-30T10:49:24+00:00\" \/>\n\t\t<meta property=\"article:modified_time\" content=\"2017-09-30T10:49:24+00:00\" \/>\n\t\t<meta name=\"twitter:card\" content=\"summary\" \/>\n\t\t<meta name=\"twitter:title\" content=\"Descren\u00e7a no sistema pol\u00edtico &quot;pode levar a trag\u00e9dias&quot;, adverte ministro do STJ | Arquivo\" \/>\n\t\t<meta name=\"twitter:image\" content=\"https:\/\/www.jornalja.com.br\/economics\/wp-content\/uploads\/sites\/11\/2026\/08\/ja-folhaderosto-facebook.jpg\" \/>\n\t\t<script type=\"application\/ld+json\" class=\"aioseo-schema\">\n\t\t\t{\"@context\":\"https:\\\/\\\/schema.org\",\"@graph\":[{\"@type\":\"BlogPosting\",\"@id\":\"https:\\\/\\\/www.jornalja.com.br\\\/arquivo\\\/descrenca-no-sistema-politico-pode-levar-a-tragedias-adverte-ministro-do-stj\\\/#blogposting\",\"name\":\"Descren\\u00e7a no sistema pol\\u00edtico \\\"pode levar a trag\\u00e9dias\\\", adverte ministro do STJ | Arquivo\",\"headline\":\"Descren\\u00e7a no sistema pol\\u00edtico &quot;pode levar a trag\\u00e9dias&quot;, adverte ministro do STJ\",\"author\":{\"@id\":\"https:\\\/\\\/www.jornalja.com.br\\\/arquivo\\\/author\\\/daredacao\\\/#author\"},\"publisher\":{\"@id\":\"https:\\\/\\\/www.jornalja.com.br\\\/arquivo\\\/#organization\"},\"image\":{\"@type\":\"ImageObject\",\"url\":55784},\"datePublished\":\"2017-09-30T07:49:24-03:00\",\"dateModified\":\"2017-09-30T07:49:24-03:00\",\"inLanguage\":\"pt-BR\",\"mainEntityOfPage\":{\"@id\":\"https:\\\/\\\/www.jornalja.com.br\\\/arquivo\\\/descrenca-no-sistema-politico-pode-levar-a-tragedias-adverte-ministro-do-stj\\\/#webpage\"},\"isPartOf\":{\"@id\":\"https:\\\/\\\/www.jornalja.com.br\\\/arquivo\\\/descrenca-no-sistema-politico-pode-levar-a-tragedias-adverte-ministro-do-stj\\\/#webpage\"},\"articleSection\":\"Geral\"},{\"@type\":\"BreadcrumbList\",\"@id\":\"https:\\\/\\\/www.jornalja.com.br\\\/arquivo\\\/descrenca-no-sistema-politico-pode-levar-a-tragedias-adverte-ministro-do-stj\\\/#breadcrumblist\",\"itemListElement\":[{\"@type\":\"ListItem\",\"@id\":\"https:\\\/\\\/www.jornalja.com.br\\\/arquivo#listItem\",\"position\":1,\"name\":\"Home\",\"item\":\"https:\\\/\\\/www.jornalja.com.br\\\/arquivo\",\"nextItem\":{\"@type\":\"ListItem\",\"@id\":\"https:\\\/\\\/www.jornalja.com.br\\\/arquivo\\\/category\\\/geral\\\/#listItem\",\"name\":\"Geral\"}},{\"@type\":\"ListItem\",\"@id\":\"https:\\\/\\\/www.jornalja.com.br\\\/arquivo\\\/category\\\/geral\\\/#listItem\",\"position\":2,\"name\":\"Geral\",\"item\":\"https:\\\/\\\/www.jornalja.com.br\\\/arquivo\\\/category\\\/geral\\\/\",\"nextItem\":{\"@type\":\"ListItem\",\"@id\":\"https:\\\/\\\/www.jornalja.com.br\\\/arquivo\\\/descrenca-no-sistema-politico-pode-levar-a-tragedias-adverte-ministro-do-stj\\\/#listItem\",\"name\":\"Descren\\u00e7a no sistema pol\\u00edtico &quot;pode levar a trag\\u00e9dias&quot;, adverte ministro do STJ\"},\"previousItem\":{\"@type\":\"ListItem\",\"@id\":\"https:\\\/\\\/www.jornalja.com.br\\\/arquivo#listItem\",\"name\":\"Home\"}},{\"@type\":\"ListItem\",\"@id\":\"https:\\\/\\\/www.jornalja.com.br\\\/arquivo\\\/descrenca-no-sistema-politico-pode-levar-a-tragedias-adverte-ministro-do-stj\\\/#listItem\",\"position\":3,\"name\":\"Descren\\u00e7a no sistema pol\\u00edtico &quot;pode levar a trag\\u00e9dias&quot;, adverte ministro do STJ\",\"previousItem\":{\"@type\":\"ListItem\",\"@id\":\"https:\\\/\\\/www.jornalja.com.br\\\/arquivo\\\/category\\\/geral\\\/#listItem\",\"name\":\"Geral\"}}]},{\"@type\":\"Organization\",\"@id\":\"https:\\\/\\\/www.jornalja.com.br\\\/arquivo\\\/#organization\",\"name\":\"Jornal J\\u00c1\",\"description\":\"Jornal J\\u00c1 | Porto Alegre\",\"url\":\"https:\\\/\\\/www.jornalja.com.br\\\/arquivo\\\/\",\"telephone\":\"+555133307272\",\"logo\":{\"@type\":\"ImageObject\",\"url\":\"https:\\\/\\\/www.jornalja.com.br\\\/wp-content\\\/uploads\\\/cards\\\/JAslogan.png\",\"@id\":\"https:\\\/\\\/www.jornalja.com.br\\\/arquivo\\\/descrenca-no-sistema-politico-pode-levar-a-tragedias-adverte-ministro-do-stj\\\/#organizationLogo\"},\"image\":{\"@id\":\"https:\\\/\\\/www.jornalja.com.br\\\/arquivo\\\/descrenca-no-sistema-politico-pode-levar-a-tragedias-adverte-ministro-do-stj\\\/#organizationLogo\"}},{\"@type\":\"Person\",\"@id\":\"https:\\\/\\\/www.jornalja.com.br\\\/arquivo\\\/author\\\/daredacao\\\/#author\",\"url\":\"https:\\\/\\\/www.jornalja.com.br\\\/arquivo\\\/author\\\/daredacao\\\/\",\"name\":\"da Reda\\u00e7\\u00e3o\",\"image\":{\"@type\":\"ImageObject\",\"@id\":\"https:\\\/\\\/www.jornalja.com.br\\\/arquivo\\\/descrenca-no-sistema-politico-pode-levar-a-tragedias-adverte-ministro-do-stj\\\/#authorImage\",\"url\":\"https:\\\/\\\/secure.gravatar.com\\\/avatar\\\/469fd857d6605ad19919d27ed29d35a968a25f6e8fd9318356bbb7f57aae9c65?s=96&d=mm&r=g\",\"width\":96,\"height\":96,\"caption\":\"da Reda\\u00e7\\u00e3o\"}},{\"@type\":\"WebPage\",\"@id\":\"https:\\\/\\\/www.jornalja.com.br\\\/arquivo\\\/descrenca-no-sistema-politico-pode-levar-a-tragedias-adverte-ministro-do-stj\\\/#webpage\",\"url\":\"https:\\\/\\\/www.jornalja.com.br\\\/arquivo\\\/descrenca-no-sistema-politico-pode-levar-a-tragedias-adverte-ministro-do-stj\\\/\",\"name\":\"Descren\\u00e7a no sistema pol\\u00edtico \\\"pode levar a trag\\u00e9dias\\\", adverte ministro do STJ | Arquivo\",\"inLanguage\":\"pt-BR\",\"isPartOf\":{\"@id\":\"https:\\\/\\\/www.jornalja.com.br\\\/arquivo\\\/#website\"},\"breadcrumb\":{\"@id\":\"https:\\\/\\\/www.jornalja.com.br\\\/arquivo\\\/descrenca-no-sistema-politico-pode-levar-a-tragedias-adverte-ministro-do-stj\\\/#breadcrumblist\"},\"author\":{\"@id\":\"https:\\\/\\\/www.jornalja.com.br\\\/arquivo\\\/author\\\/daredacao\\\/#author\"},\"creator\":{\"@id\":\"https:\\\/\\\/www.jornalja.com.br\\\/arquivo\\\/author\\\/daredacao\\\/#author\"},\"image\":{\"@type\":\"ImageObject\",\"url\":55784,\"@id\":\"https:\\\/\\\/www.jornalja.com.br\\\/arquivo\\\/descrenca-no-sistema-politico-pode-levar-a-tragedias-adverte-ministro-do-stj\\\/#mainImage\"},\"primaryImageOfPage\":{\"@id\":\"https:\\\/\\\/www.jornalja.com.br\\\/arquivo\\\/descrenca-no-sistema-politico-pode-levar-a-tragedias-adverte-ministro-do-stj\\\/#mainImage\"},\"datePublished\":\"2017-09-30T07:49:24-03:00\",\"dateModified\":\"2017-09-30T07:49:24-03:00\"},{\"@type\":\"WebSite\",\"@id\":\"https:\\\/\\\/www.jornalja.com.br\\\/arquivo\\\/#website\",\"url\":\"https:\\\/\\\/www.jornalja.com.br\\\/arquivo\\\/\",\"name\":\"Arquivo\",\"description\":\"Jornal J\\u00c1 | Porto Alegre\",\"inLanguage\":\"pt-BR\",\"publisher\":{\"@id\":\"https:\\\/\\\/www.jornalja.com.br\\\/arquivo\\\/#organization\"}}]}\n\t\t<\/script>\n\t\t<!-- All in One SEO -->\n\n","aioseo_head_json":{"title":"Descren\u00e7a no sistema pol\u00edtico \"pode levar a trag\u00e9dias\", adverte ministro do STJ | Arquivo","description":"","canonical_url":"https:\/\/www.jornalja.com.br\/arquivo\/descrenca-no-sistema-politico-pode-levar-a-tragedias-adverte-ministro-do-stj\/","robots":"max-image-preview:large","keywords":"","webmasterTools":{"miscellaneous":""},"schema":{"@context":"https:\/\/schema.org","@graph":[{"@type":"BlogPosting","@id":"https:\/\/www.jornalja.com.br\/arquivo\/descrenca-no-sistema-politico-pode-levar-a-tragedias-adverte-ministro-do-stj\/#blogposting","name":"Descren\u00e7a no sistema pol\u00edtico \"pode levar a trag\u00e9dias\", adverte ministro do STJ | Arquivo","headline":"Descren\u00e7a no sistema pol\u00edtico &quot;pode levar a trag\u00e9dias&quot;, adverte ministro do STJ","author":{"@id":"https:\/\/www.jornalja.com.br\/arquivo\/author\/daredacao\/#author"},"publisher":{"@id":"https:\/\/www.jornalja.com.br\/arquivo\/#organization"},"image":{"@type":"ImageObject","url":55784},"datePublished":"2017-09-30T07:49:24-03:00","dateModified":"2017-09-30T07:49:24-03:00","inLanguage":"pt-BR","mainEntityOfPage":{"@id":"https:\/\/www.jornalja.com.br\/arquivo\/descrenca-no-sistema-politico-pode-levar-a-tragedias-adverte-ministro-do-stj\/#webpage"},"isPartOf":{"@id":"https:\/\/www.jornalja.com.br\/arquivo\/descrenca-no-sistema-politico-pode-levar-a-tragedias-adverte-ministro-do-stj\/#webpage"},"articleSection":"Geral"},{"@type":"BreadcrumbList","@id":"https:\/\/www.jornalja.com.br\/arquivo\/descrenca-no-sistema-politico-pode-levar-a-tragedias-adverte-ministro-do-stj\/#breadcrumblist","itemListElement":[{"@type":"ListItem","@id":"https:\/\/www.jornalja.com.br\/arquivo#listItem","position":1,"name":"Home","item":"https:\/\/www.jornalja.com.br\/arquivo","nextItem":{"@type":"ListItem","@id":"https:\/\/www.jornalja.com.br\/arquivo\/category\/geral\/#listItem","name":"Geral"}},{"@type":"ListItem","@id":"https:\/\/www.jornalja.com.br\/arquivo\/category\/geral\/#listItem","position":2,"name":"Geral","item":"https:\/\/www.jornalja.com.br\/arquivo\/category\/geral\/","nextItem":{"@type":"ListItem","@id":"https:\/\/www.jornalja.com.br\/arquivo\/descrenca-no-sistema-politico-pode-levar-a-tragedias-adverte-ministro-do-stj\/#listItem","name":"Descren\u00e7a no sistema pol\u00edtico &quot;pode levar a trag\u00e9dias&quot;, adverte ministro do STJ"},"previousItem":{"@type":"ListItem","@id":"https:\/\/www.jornalja.com.br\/arquivo#listItem","name":"Home"}},{"@type":"ListItem","@id":"https:\/\/www.jornalja.com.br\/arquivo\/descrenca-no-sistema-politico-pode-levar-a-tragedias-adverte-ministro-do-stj\/#listItem","position":3,"name":"Descren\u00e7a no sistema pol\u00edtico &quot;pode levar a trag\u00e9dias&quot;, adverte ministro do STJ","previousItem":{"@type":"ListItem","@id":"https:\/\/www.jornalja.com.br\/arquivo\/category\/geral\/#listItem","name":"Geral"}}]},{"@type":"Organization","@id":"https:\/\/www.jornalja.com.br\/arquivo\/#organization","name":"Jornal J\u00c1","description":"Jornal J\u00c1 | Porto Alegre","url":"https:\/\/www.jornalja.com.br\/arquivo\/","telephone":"+555133307272","logo":{"@type":"ImageObject","url":"https:\/\/www.jornalja.com.br\/wp-content\/uploads\/cards\/JAslogan.png","@id":"https:\/\/www.jornalja.com.br\/arquivo\/descrenca-no-sistema-politico-pode-levar-a-tragedias-adverte-ministro-do-stj\/#organizationLogo"},"image":{"@id":"https:\/\/www.jornalja.com.br\/arquivo\/descrenca-no-sistema-politico-pode-levar-a-tragedias-adverte-ministro-do-stj\/#organizationLogo"}},{"@type":"Person","@id":"https:\/\/www.jornalja.com.br\/arquivo\/author\/daredacao\/#author","url":"https:\/\/www.jornalja.com.br\/arquivo\/author\/daredacao\/","name":"da Reda\u00e7\u00e3o","image":{"@type":"ImageObject","@id":"https:\/\/www.jornalja.com.br\/arquivo\/descrenca-no-sistema-politico-pode-levar-a-tragedias-adverte-ministro-do-stj\/#authorImage","url":"https:\/\/secure.gravatar.com\/avatar\/469fd857d6605ad19919d27ed29d35a968a25f6e8fd9318356bbb7f57aae9c65?s=96&d=mm&r=g","width":96,"height":96,"caption":"da Reda\u00e7\u00e3o"}},{"@type":"WebPage","@id":"https:\/\/www.jornalja.com.br\/arquivo\/descrenca-no-sistema-politico-pode-levar-a-tragedias-adverte-ministro-do-stj\/#webpage","url":"https:\/\/www.jornalja.com.br\/arquivo\/descrenca-no-sistema-politico-pode-levar-a-tragedias-adverte-ministro-do-stj\/","name":"Descren\u00e7a no sistema pol\u00edtico \"pode levar a trag\u00e9dias\", adverte ministro do STJ | Arquivo","inLanguage":"pt-BR","isPartOf":{"@id":"https:\/\/www.jornalja.com.br\/arquivo\/#website"},"breadcrumb":{"@id":"https:\/\/www.jornalja.com.br\/arquivo\/descrenca-no-sistema-politico-pode-levar-a-tragedias-adverte-ministro-do-stj\/#breadcrumblist"},"author":{"@id":"https:\/\/www.jornalja.com.br\/arquivo\/author\/daredacao\/#author"},"creator":{"@id":"https:\/\/www.jornalja.com.br\/arquivo\/author\/daredacao\/#author"},"image":{"@type":"ImageObject","url":55784,"@id":"https:\/\/www.jornalja.com.br\/arquivo\/descrenca-no-sistema-politico-pode-levar-a-tragedias-adverte-ministro-do-stj\/#mainImage"},"primaryImageOfPage":{"@id":"https:\/\/www.jornalja.com.br\/arquivo\/descrenca-no-sistema-politico-pode-levar-a-tragedias-adverte-ministro-do-stj\/#mainImage"},"datePublished":"2017-09-30T07:49:24-03:00","dateModified":"2017-09-30T07:49:24-03:00"},{"@type":"WebSite","@id":"https:\/\/www.jornalja.com.br\/arquivo\/#website","url":"https:\/\/www.jornalja.com.br\/arquivo\/","name":"Arquivo","description":"Jornal J\u00c1 | Porto Alegre","inLanguage":"pt-BR","publisher":{"@id":"https:\/\/www.jornalja.com.br\/arquivo\/#organization"}}]},"og:locale":"pt_BR","og:site_name":"Arquivo | Jornal J\u00c1 | Porto Alegre","og:type":"article","og:title":"Descren\u00e7a no sistema pol\u00edtico &quot;pode levar a trag\u00e9dias&quot;, adverte ministro do STJ | Arquivo","og:url":"https:\/\/www.jornalja.com.br\/arquivo\/descrenca-no-sistema-politico-pode-levar-a-tragedias-adverte-ministro-do-stj\/","og:image":"https:\/\/www.jornalja.com.br\/economics\/wp-content\/uploads\/sites\/11\/2026\/08\/ja-folhaderosto-facebook.jpg","og:image:secure_url":"https:\/\/www.jornalja.com.br\/economics\/wp-content\/uploads\/sites\/11\/2026\/08\/ja-folhaderosto-facebook.jpg","article:published_time":"2017-09-30T10:49:24+00:00","article:modified_time":"2017-09-30T10:49:24+00:00","twitter:card":"summary","twitter:title":"Descren\u00e7a no sistema pol\u00edtico &quot;pode levar a trag\u00e9dias&quot;, adverte ministro do STJ | Arquivo","twitter:image":"https:\/\/www.jornalja.com.br\/economics\/wp-content\/uploads\/sites\/11\/2026\/08\/ja-folhaderosto-facebook.jpg"},"aioseo_meta_data":{"post_id":"55782","title":null,"description":null,"keywords":null,"keyphrases":null,"primary_term":null,"canonical_url":null,"og_title":null,"og_description":null,"og_object_type":"default","og_image_type":"default","og_image_url":null,"og_image_width":null,"og_image_height":null,"og_image_custom_url":null,"og_image_custom_fields":null,"og_video":null,"og_custom_url":null,"og_article_section":null,"og_article_tags":null,"twitter_use_og":false,"twitter_card":"default","twitter_image_type":"default","twitter_image_url":null,"twitter_image_custom_url":null,"twitter_image_custom_fields":null,"twitter_title":null,"twitter_description":null,"schema":{"blockGraphs":[],"customGraphs":[],"default":{"data":{"Article":[],"Course":[],"Dataset":[],"FAQPage":[],"Movie":[],"Person":[],"Product":[],"ProductReview":[],"Car":[],"Recipe":[],"Service":[],"SoftwareApplication":[],"WebPage":[]},"graphName":"","isEnabled":true},"graphs":[],"defaultGraph":"","defaultPostTypeGraph":""},"schema_type":null,"schema_type_options":null,"pillar_content":false,"robots_default":true,"robots_noindex":false,"robots_noarchive":false,"robots_nosnippet":false,"robots_nofollow":false,"robots_noimageindex":false,"robots_noodp":false,"robots_notranslate":false,"robots_max_snippet":null,"robots_max_videopreview":null,"robots_max_imagepreview":"large","priority":null,"frequency":null,"location":null,"local_seo":null,"breadcrumb_settings":null,"limit_modified_date":false,"ai":null,"created":"2020-12-20 20:24:05","updated":"2025-07-20 01:28:41","seo_analyzer_scan_date":null,"focus_keyword":null,"additional_keywords":null,"truseo_locale":null},"jetpack_sharing_enabled":true,"jetpack-related-posts":[{"id":13128,"url":"https:\/\/www.jornalja.com.br\/arquivo\/maconha-terra-diz-que-uso-medicinal-e-desculpa\/","url_meta":{"origin":55782,"position":0},"title":"Maconha: Terra diz que uso medicinal \u00e9 desculpa","author":"Patr\u00edcia Marini","date":"4 de junho de 2014","format":false,"excerpt":"A condi\u00e7\u00e3o de pol\u00edtico, em \u00e9poca de campanha de campanha eleitoral, tira for\u00e7a do discurso do m\u00e9dico Osmar Terra contra a legaliza\u00e7\u00e3o da maconha. A tese dele de que a libera\u00e7\u00e3o vai ampliar exponencialmente o consumo \u00e9 discutivel, o consumo \u00e9 corrente. Mas seus alertas quanto aos riscos tem que\u2026","rel":"","context":"Em &quot;X.Categorias velhas&quot;","block_context":{"text":"X.Categorias velhas","link":"https:\/\/www.jornalja.com.br\/arquivo\/category\/x-categorias-velhas\/"},"img":{"alt_text":"","src":"","width":0,"height":0},"classes":[]},{"id":13109,"url":"https:\/\/www.jornalja.com.br\/arquivo\/judiciario-reconhece-poluicao-eletromagnetica\/","url_meta":{"origin":55782,"position":1},"title":"Judici\u00e1rio reconhece polui\u00e7\u00e3o eletromagn\u00e9tica","author":"Patr\u00edcia Marini","date":"16 de maio de 2014","format":false,"excerpt":"A\u00e7\u00e3o de duas associa\u00e7\u00f5es de moradores foi acolhida pelo Tribunal de Justi\u00e7a de S\u00e3o Paulo que. em decis\u00e3o in\u00e9dita, determinou a redu\u00e7\u00e3o do campo eletromagn\u00e9tico gerado pelas linhas de transmiss\u00e3o de energia que cortam os bairros City Boa\u00e7ava e Alto de Pinheiros. \u00c9 a primeira vez que um tribunal do\u2026","rel":"","context":"Em &quot;X.Categorias velhas&quot;","block_context":{"text":"X.Categorias velhas","link":"https:\/\/www.jornalja.com.br\/arquivo\/category\/x-categorias-velhas\/"},"img":{"alt_text":"","src":"","width":0,"height":0},"classes":[]},{"id":13124,"url":"https:\/\/www.jornalja.com.br\/arquivo\/sangue-latino-no-iecine\/","url_meta":{"origin":55782,"position":2},"title":"Sangue latino no IECINE","author":"da Reda\u00e7\u00e3o","date":"18 de maio de 2014","format":false,"excerpt":"Francisco Ribeiro O Instituto Estadual de Cinema (IECINE) tem a frente, desde abril \u00faltimo, um novo diretor, o cineasta colombiano Juan Zapata, 36, que substitui Luiz Alberto Cassol. Radicado h\u00e1 dez anos em Porto Alegre, Zapata tem diante de si o desafio de conduzir at\u00e9 o final do ano um\u2026","rel":"","context":"Em &quot;Cultura-Geral&quot;","block_context":{"text":"Cultura-Geral","link":"https:\/\/www.jornalja.com.br\/arquivo\/category\/materiasecundaria\/"},"img":{"alt_text":"","src":"","width":0,"height":0},"classes":[]},{"id":14241,"url":"https:\/\/www.jornalja.com.br\/arquivo\/o-guaiba-nas-imagens-poeticas-de-achutti\/","url_meta":{"origin":55782,"position":3},"title":"O Gua\u00edba nas imagens po\u00e9ticas de Achutti","author":"da Reda\u00e7\u00e3o","date":"18 de junho de 2014","format":false,"excerpt":"Em \u201cO Gua\u00edba por Achutti\u201d \u2013 obra financiada via Minist\u00e9rio da Cultura, produ\u00e7\u00e3o executiva de Pedro Longhi, e Fl\u00e1vio Wild como designer \u2013, o fot\u00f3grafo revela a beleza e as mazelas de um espa\u00e7o aqu\u00e1tico de \u00e1guas sempre renovadas, cheio de hist\u00f3rias e lendas como as das cidades que foram\u2026","rel":"","context":"Em &quot;Cultura-Geral&quot;","block_context":{"text":"Cultura-Geral","link":"https:\/\/www.jornalja.com.br\/arquivo\/category\/materiasecundaria\/"},"img":{"alt_text":"","src":"","width":0,"height":0},"classes":[]},{"id":13240,"url":"https:\/\/www.jornalja.com.br\/arquivo\/plano-diretor-estamos-construindo-o-caos\/","url_meta":{"origin":55782,"position":4},"title":"Plano diretor: &quot;Estamos construindo o caos&quot;","author":"Patr\u00edcia Marini","date":"26 de maio de 2014","format":false,"excerpt":"Desabafo que arquiteta Eliana Castilhos, delegada da Regi\u00e3o de Planejamento 1, postou nas redes sociais \u00e9 um testemunho do ambiente que se criou no Conselho do Plano Diretor de Porto Alegre, onde a aprova\u00e7\u00e3o de grandes empreendimentos \u00e9 empurrada guela abaixo dos conselheiros. Ao CMDUA Como delegada da Regi\u00e3o de\u2026","rel":"","context":"Em &quot;Geral&quot;","block_context":{"text":"Geral","link":"https:\/\/www.jornalja.com.br\/arquivo\/category\/geral\/"},"img":{"alt_text":"","src":"","width":0,"height":0},"classes":[]},{"id":5440,"url":"https:\/\/www.jornalja.com.br\/arquivo\/casarao-da-venancio-destino-permanece-incerto\/","url_meta":{"origin":55782,"position":5},"title":"Estado ainda n\u00e3o sabe o que fazer com casar\u00e3o abandonado h\u00e1 20 anos","author":"Elmar Bones","date":"6 de julho de 2009","format":false,"excerpt":"O casar\u00e3o amarelo, numa esquina nobre de Porto Alegre (Ven\u00e2ncio Aires com Jo\u00e3o Pessoa), j\u00e1 abrigou uma escola. H\u00e1 duas d\u00e9cadas, pelo menos, est\u00e1 abandonado, porque seu propriet\u00e1rio, o governo do Estado do Rio Grande do Sul, n\u00e3o consegue achar um destino para ele. Planos n\u00e3o faltaram. O governador Ol\u00edvio\u2026","rel":"","context":"Em &quot;X.Categorias velhas&quot;","block_context":{"text":"X.Categorias velhas","link":"https:\/\/www.jornalja.com.br\/arquivo\/category\/x-categorias-velhas\/"},"img":{"alt_text":"geraldo1","src":"https:\/\/i0.wp.com\/www.jornalja.com.br\/wp-content\/uploads\/2009\/07\/geraldo1.jpg?resize=350%2C200&ssl=1","width":350,"height":200},"classes":[]}],"jetpack_shortlink":"https:\/\/wp.me\/pbQjBd-evI","jetpack_featured_media_url":"","_links":{"self":[{"href":"https:\/\/www.jornalja.com.br\/arquivo\/wp-json\/wp\/v2\/posts\/55782","targetHints":{"allow":["GET"]}}],"collection":[{"href":"https:\/\/www.jornalja.com.br\/arquivo\/wp-json\/wp\/v2\/posts"}],"about":[{"href":"https:\/\/www.jornalja.com.br\/arquivo\/wp-json\/wp\/v2\/types\/post"}],"author":[{"embeddable":true,"href":"https:\/\/www.jornalja.com.br\/arquivo\/wp-json\/wp\/v2\/users\/4"}],"replies":[{"embeddable":true,"href":"https:\/\/www.jornalja.com.br\/arquivo\/wp-json\/wp\/v2\/comments?post=55782"}],"version-history":[{"count":0,"href":"https:\/\/www.jornalja.com.br\/arquivo\/wp-json\/wp\/v2\/posts\/55782\/revisions"}],"wp:attachment":[{"href":"https:\/\/www.jornalja.com.br\/arquivo\/wp-json\/wp\/v2\/media?parent=55782"}],"wp:term":[{"taxonomy":"category","embeddable":true,"href":"https:\/\/www.jornalja.com.br\/arquivo\/wp-json\/wp\/v2\/categories?post=55782"},{"taxonomy":"post_tag","embeddable":true,"href":"https:\/\/www.jornalja.com.br\/arquivo\/wp-json\/wp\/v2\/tags?post=55782"}],"curies":[{"name":"wp","href":"https:\/\/api.w.org\/{rel}","templated":true}]}}