{"id":55787,"date":"2017-09-29T20:53:10","date_gmt":"2017-09-29T23:53:10","guid":{"rendered":"https:\/\/www.jornalja.com.br\/?p=55787"},"modified":"2017-09-29T20:53:10","modified_gmt":"2017-09-29T23:53:10","slug":"professores-mantem-greve-e-milhares-de-servidores-protestam-contra-atraso-de-salarios-na-capital","status":"publish","type":"post","link":"https:\/\/www.jornalja.com.br\/arquivo\/professores-mantem-greve-e-milhares-de-servidores-protestam-contra-atraso-de-salarios-na-capital\/","title":{"rendered":"Professores mant\u00eam greve e milhares de servidores protestam contra atraso de sal\u00e1rios"},"content":{"rendered":"<p>Os professores da rede estadual no Rio Grande do Sul v\u00e3o manter a greve contra o parcelamento dos sal\u00e1rios, iniciada h\u00e1 25 dias. A decis\u00e3o foi tomada em assembleia nesta sexta-feira, 29\/09, em Porto Alegre.<br \/>\nO novo calend\u00e1rio de pagamentos, anunciado pelo governador Jos\u00e9 Ivo Sartori, que come\u00e7a <a href=\"https:\/\/www.jornalja.com.br\/governo-rs-passa-a-pagar-primeiro-os-servidores-com-salarios-menores\/\">pelos sal\u00e1rios mais baixos<\/a>, mas mant\u00e9m o parcelamento para as demais faixas, n\u00e3o demoveu os professores. O dep\u00f3sito integral para quem ganha at\u00e9 R$ 1.750 l\u00edquidos foi considerado \u201cinsuficiente&#8221; pela categoria.<br \/>\nO Cpers estima que a ades\u00e3o \u00e0 greve j\u00e1 chegou a 70% e que deve aumentar com a nova decis\u00e3o. Mais de 10 mil professores participaram da assembleia no gin\u00e1sio Gigantinho, conforme a dire\u00e7\u00e3o do sindicato.<br \/>\nAo iniciar o encontro, a presidente, Helenir Sch\u00fcrer, destacou que a forte mobiliza\u00e7\u00e3o foi constru\u00edda na base da categoria e que ser\u00e1 mantida, acima de tudo, pela dignidade dos educadores. \u201cFizemos o governo sair da sua zona de conforto. Somos bem claros, queremos o pagamento dos nossos sal\u00e1rios, integralmente, no \u00faltimo dia do m\u00eas trabalhado. Queremos o pagamento dos juros, mas n\u00e3o os de poupan\u00e7a. J\u00e1 ganhamos uma a\u00e7\u00e3o coletiva para recebermos os juros com a corre\u00e7\u00e3o monet\u00e1ria e vamos cobrar. A cada dia que passa o governo aprofunda a possibilidade de n\u00e3o terminarmos o ano letivo\u201d, afirmou a professora.<br \/>\n<span class=\"intertit\">Marcha reuniu 40 entidades<\/span><br \/>\nDa assembleia, onde decidiram manter a greve, os professores iniciaram uma caminhada pelas ruas de Porto Alegre, at\u00e9 o Largo Gl\u00eanio Peres, no Centro. L\u00e1, se uniram com outros servidores estaduais que protestavam tamb\u00e9m contra o parcelamento.<br \/>\nOs funcion\u00e1rios p\u00fablicos, capitaneados pelos professores e entidades de representantes da seguran\u00e7a, policiais civis e agentes penitenci\u00e1rios, iniciaram novo ato, que reuniu mais de 10 mil pessoas, segundo a BM.<br \/>\nO protesto conjunto contou com apoio de 40 entidades e sindicatos. \u201cAbre-se a possibilidade de se discutir com os servidores a constru\u00e7\u00e3o de uma greve geral\u201d, falou Helenir Sch\u00fcrer, do Cpers.<br \/>\nJuntos, eles rumaram para a Pra\u00e7a da Matriz, em frente ao Pal\u00e1cio Piratini, sede do governo do Estado. O efetivo policial foi refor\u00e7ado no local.<br \/>\n<figure id=\"attachment_55798\" aria-describedby=\"caption-attachment-55798\" style=\"width: 1150px\" class=\"wp-caption alignnone\"><img loading=\"lazy\" decoding=\"async\" class=\"wp-image-55798 size-full\" src=\"https:\/\/www.jornalja.com.br\/wp-content\/uploads\/2017\/09\/22118025_10208637136520613_1950641538_o.jpg\" alt=\"\" width=\"1150\" height=\"764\" \/><figcaption id=\"caption-attachment-55798\" class=\"wp-caption-text\">Seguran\u00e7a foi refor\u00e7ada na porta do Pal\u00e1cio Piratini \/ Ricardo Stricher \/ J\u00c1<\/figcaption><\/figure><br \/>\nApesar do aparato de seguran\u00e7a, o ato foi pac\u00edfico. Por volta de 16h, ap\u00f3s horas de manifesta\u00e7\u00f5es, os manifestantes come\u00e7aram a dispersar.<br \/>\nNo fim da tarde, o governo estadual emitiu uma nota &#8220;conclamando os professores a voltarem \u00e0s salas de aula e anunciando o corte do ponto dos que n\u00e3o comparecerem a partir de segunda-feira&#8221;.<br \/>\nDe acordo com o governo, 47% dos servidores da Educa\u00e7\u00e3o receberam os sal\u00e1rios integralmente nesta sexta e, at\u00e9 o dia 11 de outubro, todos estar\u00e3o com os sal\u00e1rios quitados, assim como ocorre com a maioria dos trabalhadores.<br \/>\nEm resposta ao corte do Governo, o Cpers se manifestou: &#8220;Como \u00e9 que se corta o ponto de quem n\u00e3o recebe sal\u00e1rio?&#8221;. A entidade informa que pretende entrar com medida judicial contestando a decis\u00e3o.<br \/>\nVeja abaixo a nota do governo, intitulada &#8220;Decis\u00e3o de cortar ponto de grevistas atende interesse p\u00fablico&#8221;<br \/>\n<em>Hoje, dia 29 de setembro, 47% dos servidores da Educa\u00e7\u00e3o j\u00e1 receberam seus sal\u00e1rios integralmente. At\u00e9 o dia 11 de outubro, praticamente todos estar\u00e3o quitados, assim como ocorre com a maioria dos trabalhadores em geral. Mesmo assim, com o apoio irrespons\u00e1vel da oposi\u00e7\u00e3o, o Cpers decidiu manter a greve por per\u00edodo indeterminado.<\/em><br \/>\n<em>N\u00e3o chegamos a esta crise por vontade do atual governo. E para sair dela, precisamos de responsabilidade pol\u00edtica e financeira, n\u00e3o de populismo e demagogia. Estamos fazendo todos os esfor\u00e7os para recuperar os servi\u00e7os p\u00fablicos e normalizar o pagamento dos servidores. O governo sempre manteve o di\u00e1logo e, nesta semana, anunciou o pagamento priorit\u00e1rio a quem ganha menos e a indeniza\u00e7\u00e3o pelos dias de atraso.<\/em><br \/>\n<em>Alertamos a popula\u00e7\u00e3o para a tentativa de gerar tens\u00e3o social, comandada justamente pelos atores pol\u00edticos que agravaram a atual crise quando estavam no governo. Infelizmente, n\u00e3o est\u00e3o preocupados com a educa\u00e7\u00e3o, mas com seus pr\u00f3prios objetivos eleitorais.<\/em><br \/>\n<em>Em virtude disso, tendo em vista o interesse p\u00fablico, n\u00e3o resta outra alternativa sen\u00e3o o corte do ponto dos grevistas. Conclamamos os professores a manter as aulas. Pedimos a colabora\u00e7\u00e3o dos pais e da comunidade escolar. A responsabilidade pela preserva\u00e7\u00e3o do ano letivo \u00e9 compartilhada por toda a sociedade. O governo do Estado segue aberto ao di\u00e1logo.<\/em><\/p>\n","protected":false},"excerpt":{"rendered":"<p>Os professores da rede estadual no Rio Grande do Sul v\u00e3o manter a greve contra o parcelamento dos sal\u00e1rios, iniciada h\u00e1 25 dias. A decis\u00e3o foi tomada em assembleia nesta sexta-feira, 29\/09, em Porto Alegre. O novo calend\u00e1rio de pagamentos, anunciado pelo governador Jos\u00e9 Ivo Sartori, que come\u00e7a pelos sal\u00e1rios mais baixos, mas mant\u00e9m o [&hellip;]<\/p>\n","protected":false},"author":4,"featured_media":55797,"comment_status":"open","ping_status":"closed","sticky":false,"template":"","format":"standard","meta":{"_jetpack_newsletter_access":"","_jetpack_dont_email_post_to_subs":false,"_jetpack_newsletter_tier_id":0,"_jetpack_memberships_contains_paywalled_content":false,"_jetpack_feature_clip_id":0,"_jetpack_memberships_contains_paid_content":false,"footnotes":"","jetpack_post_was_ever_published":false},"categories":[26],"tags":[],"class_list":["post-55787","post","type-post","status-publish","format-standard","has-post-thumbnail","hentry","category-geral"],"aioseo_notices":[],"aioseo_head":"\n\t\t<!-- All in One SEO 5.0.1.1 - aioseo.com -->\n\t<meta name=\"robots\" content=\"max-image-preview:large\" \/>\n\t<meta name=\"author\" content=\"da Reda\u00e7\u00e3o\"\/>\n\t<link rel=\"canonical\" href=\"https:\/\/www.jornalja.com.br\/arquivo\/professores-mantem-greve-e-milhares-de-servidores-protestam-contra-atraso-de-salarios-na-capital\/\" \/>\n\t<meta name=\"generator\" content=\"All in One SEO (AIOSEO) 5.0.1.1\" \/>\n\t\t<meta property=\"og:locale\" content=\"pt_BR\" \/>\n\t\t<meta property=\"og:site_name\" content=\"Arquivo | Jornal J\u00c1 | Porto Alegre\" \/>\n\t\t<meta property=\"og:type\" content=\"article\" \/>\n\t\t<meta property=\"og:title\" content=\"Professores mant\u00eam greve e milhares de servidores protestam contra atraso de sal\u00e1rios | Arquivo\" \/>\n\t\t<meta property=\"og:url\" content=\"https:\/\/www.jornalja.com.br\/arquivo\/professores-mantem-greve-e-milhares-de-servidores-protestam-contra-atraso-de-salarios-na-capital\/\" \/>\n\t\t<meta property=\"og:image\" content=\"https:\/\/www.jornalja.com.br\/wp-content\/uploads\/2017\/09\/22118025_10208637136520613_1950641538_o.jpg\" \/>\n\t\t<meta property=\"og:image:secure_url\" content=\"https:\/\/www.jornalja.com.br\/wp-content\/uploads\/2017\/09\/22118025_10208637136520613_1950641538_o.jpg\" \/>\n\t\t<meta property=\"article:published_time\" content=\"2017-09-29T23:53:10+00:00\" \/>\n\t\t<meta property=\"article:modified_time\" content=\"2017-09-29T23:53:10+00:00\" \/>\n\t\t<meta name=\"twitter:card\" content=\"summary\" \/>\n\t\t<meta name=\"twitter:title\" content=\"Professores mant\u00eam greve e milhares de servidores protestam contra atraso de sal\u00e1rios | Arquivo\" \/>\n\t\t<meta name=\"twitter:image\" content=\"https:\/\/www.jornalja.com.br\/economics\/wp-content\/uploads\/sites\/11\/2026\/08\/ja-folhaderosto-facebook.jpg\" \/>\n\t\t<script type=\"application\/ld+json\" class=\"aioseo-schema\">\n\t\t\t{\"@context\":\"https:\\\/\\\/schema.org\",\"@graph\":[{\"@type\":\"BlogPosting\",\"@id\":\"https:\\\/\\\/www.jornalja.com.br\\\/arquivo\\\/professores-mantem-greve-e-milhares-de-servidores-protestam-contra-atraso-de-salarios-na-capital\\\/#blogposting\",\"name\":\"Professores mant\\u00eam greve e milhares de servidores protestam contra atraso de sal\\u00e1rios | Arquivo\",\"headline\":\"Professores mant\\u00eam greve e milhares de servidores protestam contra atraso de sal\\u00e1rios\",\"author\":{\"@id\":\"https:\\\/\\\/www.jornalja.com.br\\\/arquivo\\\/author\\\/daredacao\\\/#author\"},\"publisher\":{\"@id\":\"https:\\\/\\\/www.jornalja.com.br\\\/arquivo\\\/#organization\"},\"image\":{\"@type\":\"ImageObject\",\"url\":55797},\"datePublished\":\"2017-09-29T20:53:10-03:00\",\"dateModified\":\"2017-09-29T20:53:10-03:00\",\"inLanguage\":\"pt-BR\",\"mainEntityOfPage\":{\"@id\":\"https:\\\/\\\/www.jornalja.com.br\\\/arquivo\\\/professores-mantem-greve-e-milhares-de-servidores-protestam-contra-atraso-de-salarios-na-capital\\\/#webpage\"},\"isPartOf\":{\"@id\":\"https:\\\/\\\/www.jornalja.com.br\\\/arquivo\\\/professores-mantem-greve-e-milhares-de-servidores-protestam-contra-atraso-de-salarios-na-capital\\\/#webpage\"},\"articleSection\":\"Geral\"},{\"@type\":\"BreadcrumbList\",\"@id\":\"https:\\\/\\\/www.jornalja.com.br\\\/arquivo\\\/professores-mantem-greve-e-milhares-de-servidores-protestam-contra-atraso-de-salarios-na-capital\\\/#breadcrumblist\",\"itemListElement\":[{\"@type\":\"ListItem\",\"@id\":\"https:\\\/\\\/www.jornalja.com.br\\\/arquivo#listItem\",\"position\":1,\"name\":\"Home\",\"item\":\"https:\\\/\\\/www.jornalja.com.br\\\/arquivo\",\"nextItem\":{\"@type\":\"ListItem\",\"@id\":\"https:\\\/\\\/www.jornalja.com.br\\\/arquivo\\\/category\\\/geral\\\/#listItem\",\"name\":\"Geral\"}},{\"@type\":\"ListItem\",\"@id\":\"https:\\\/\\\/www.jornalja.com.br\\\/arquivo\\\/category\\\/geral\\\/#listItem\",\"position\":2,\"name\":\"Geral\",\"item\":\"https:\\\/\\\/www.jornalja.com.br\\\/arquivo\\\/category\\\/geral\\\/\",\"nextItem\":{\"@type\":\"ListItem\",\"@id\":\"https:\\\/\\\/www.jornalja.com.br\\\/arquivo\\\/professores-mantem-greve-e-milhares-de-servidores-protestam-contra-atraso-de-salarios-na-capital\\\/#listItem\",\"name\":\"Professores mant\\u00eam greve e milhares de servidores protestam contra atraso de sal\\u00e1rios\"},\"previousItem\":{\"@type\":\"ListItem\",\"@id\":\"https:\\\/\\\/www.jornalja.com.br\\\/arquivo#listItem\",\"name\":\"Home\"}},{\"@type\":\"ListItem\",\"@id\":\"https:\\\/\\\/www.jornalja.com.br\\\/arquivo\\\/professores-mantem-greve-e-milhares-de-servidores-protestam-contra-atraso-de-salarios-na-capital\\\/#listItem\",\"position\":3,\"name\":\"Professores mant\\u00eam greve e milhares de servidores protestam contra atraso de sal\\u00e1rios\",\"previousItem\":{\"@type\":\"ListItem\",\"@id\":\"https:\\\/\\\/www.jornalja.com.br\\\/arquivo\\\/category\\\/geral\\\/#listItem\",\"name\":\"Geral\"}}]},{\"@type\":\"Organization\",\"@id\":\"https:\\\/\\\/www.jornalja.com.br\\\/arquivo\\\/#organization\",\"name\":\"Jornal J\\u00c1\",\"description\":\"Jornal J\\u00c1 | Porto Alegre\",\"url\":\"https:\\\/\\\/www.jornalja.com.br\\\/arquivo\\\/\",\"telephone\":\"+555133307272\",\"logo\":{\"@type\":\"ImageObject\",\"url\":\"https:\\\/\\\/www.jornalja.com.br\\\/wp-content\\\/uploads\\\/cards\\\/JAslogan.png\",\"@id\":\"https:\\\/\\\/www.jornalja.com.br\\\/arquivo\\\/professores-mantem-greve-e-milhares-de-servidores-protestam-contra-atraso-de-salarios-na-capital\\\/#organizationLogo\"},\"image\":{\"@id\":\"https:\\\/\\\/www.jornalja.com.br\\\/arquivo\\\/professores-mantem-greve-e-milhares-de-servidores-protestam-contra-atraso-de-salarios-na-capital\\\/#organizationLogo\"}},{\"@type\":\"Person\",\"@id\":\"https:\\\/\\\/www.jornalja.com.br\\\/arquivo\\\/author\\\/daredacao\\\/#author\",\"url\":\"https:\\\/\\\/www.jornalja.com.br\\\/arquivo\\\/author\\\/daredacao\\\/\",\"name\":\"da Reda\\u00e7\\u00e3o\",\"image\":{\"@type\":\"ImageObject\",\"@id\":\"https:\\\/\\\/www.jornalja.com.br\\\/arquivo\\\/professores-mantem-greve-e-milhares-de-servidores-protestam-contra-atraso-de-salarios-na-capital\\\/#authorImage\",\"url\":\"https:\\\/\\\/secure.gravatar.com\\\/avatar\\\/469fd857d6605ad19919d27ed29d35a968a25f6e8fd9318356bbb7f57aae9c65?s=96&d=mm&r=g\",\"width\":96,\"height\":96,\"caption\":\"da Reda\\u00e7\\u00e3o\"}},{\"@type\":\"WebPage\",\"@id\":\"https:\\\/\\\/www.jornalja.com.br\\\/arquivo\\\/professores-mantem-greve-e-milhares-de-servidores-protestam-contra-atraso-de-salarios-na-capital\\\/#webpage\",\"url\":\"https:\\\/\\\/www.jornalja.com.br\\\/arquivo\\\/professores-mantem-greve-e-milhares-de-servidores-protestam-contra-atraso-de-salarios-na-capital\\\/\",\"name\":\"Professores mant\\u00eam greve e milhares de servidores protestam contra atraso de sal\\u00e1rios | Arquivo\",\"inLanguage\":\"pt-BR\",\"isPartOf\":{\"@id\":\"https:\\\/\\\/www.jornalja.com.br\\\/arquivo\\\/#website\"},\"breadcrumb\":{\"@id\":\"https:\\\/\\\/www.jornalja.com.br\\\/arquivo\\\/professores-mantem-greve-e-milhares-de-servidores-protestam-contra-atraso-de-salarios-na-capital\\\/#breadcrumblist\"},\"author\":{\"@id\":\"https:\\\/\\\/www.jornalja.com.br\\\/arquivo\\\/author\\\/daredacao\\\/#author\"},\"creator\":{\"@id\":\"https:\\\/\\\/www.jornalja.com.br\\\/arquivo\\\/author\\\/daredacao\\\/#author\"},\"image\":{\"@type\":\"ImageObject\",\"url\":55797,\"@id\":\"https:\\\/\\\/www.jornalja.com.br\\\/arquivo\\\/professores-mantem-greve-e-milhares-de-servidores-protestam-contra-atraso-de-salarios-na-capital\\\/#mainImage\"},\"primaryImageOfPage\":{\"@id\":\"https:\\\/\\\/www.jornalja.com.br\\\/arquivo\\\/professores-mantem-greve-e-milhares-de-servidores-protestam-contra-atraso-de-salarios-na-capital\\\/#mainImage\"},\"datePublished\":\"2017-09-29T20:53:10-03:00\",\"dateModified\":\"2017-09-29T20:53:10-03:00\"},{\"@type\":\"WebSite\",\"@id\":\"https:\\\/\\\/www.jornalja.com.br\\\/arquivo\\\/#website\",\"url\":\"https:\\\/\\\/www.jornalja.com.br\\\/arquivo\\\/\",\"name\":\"Arquivo\",\"description\":\"Jornal J\\u00c1 | Porto Alegre\",\"inLanguage\":\"pt-BR\",\"publisher\":{\"@id\":\"https:\\\/\\\/www.jornalja.com.br\\\/arquivo\\\/#organization\"}}]}\n\t\t<\/script>\n\t\t<!-- All in One SEO -->\n\n","aioseo_head_json":{"title":"Professores mant\u00eam greve e milhares de servidores protestam contra atraso de sal\u00e1rios | Arquivo","description":"","canonical_url":"https:\/\/www.jornalja.com.br\/arquivo\/professores-mantem-greve-e-milhares-de-servidores-protestam-contra-atraso-de-salarios-na-capital\/","robots":"max-image-preview:large","keywords":"","webmasterTools":{"miscellaneous":""},"schema":{"@context":"https:\/\/schema.org","@graph":[{"@type":"BlogPosting","@id":"https:\/\/www.jornalja.com.br\/arquivo\/professores-mantem-greve-e-milhares-de-servidores-protestam-contra-atraso-de-salarios-na-capital\/#blogposting","name":"Professores mant\u00eam greve e milhares de servidores protestam contra atraso de sal\u00e1rios | Arquivo","headline":"Professores mant\u00eam greve e milhares de servidores protestam contra atraso de sal\u00e1rios","author":{"@id":"https:\/\/www.jornalja.com.br\/arquivo\/author\/daredacao\/#author"},"publisher":{"@id":"https:\/\/www.jornalja.com.br\/arquivo\/#organization"},"image":{"@type":"ImageObject","url":55797},"datePublished":"2017-09-29T20:53:10-03:00","dateModified":"2017-09-29T20:53:10-03:00","inLanguage":"pt-BR","mainEntityOfPage":{"@id":"https:\/\/www.jornalja.com.br\/arquivo\/professores-mantem-greve-e-milhares-de-servidores-protestam-contra-atraso-de-salarios-na-capital\/#webpage"},"isPartOf":{"@id":"https:\/\/www.jornalja.com.br\/arquivo\/professores-mantem-greve-e-milhares-de-servidores-protestam-contra-atraso-de-salarios-na-capital\/#webpage"},"articleSection":"Geral"},{"@type":"BreadcrumbList","@id":"https:\/\/www.jornalja.com.br\/arquivo\/professores-mantem-greve-e-milhares-de-servidores-protestam-contra-atraso-de-salarios-na-capital\/#breadcrumblist","itemListElement":[{"@type":"ListItem","@id":"https:\/\/www.jornalja.com.br\/arquivo#listItem","position":1,"name":"Home","item":"https:\/\/www.jornalja.com.br\/arquivo","nextItem":{"@type":"ListItem","@id":"https:\/\/www.jornalja.com.br\/arquivo\/category\/geral\/#listItem","name":"Geral"}},{"@type":"ListItem","@id":"https:\/\/www.jornalja.com.br\/arquivo\/category\/geral\/#listItem","position":2,"name":"Geral","item":"https:\/\/www.jornalja.com.br\/arquivo\/category\/geral\/","nextItem":{"@type":"ListItem","@id":"https:\/\/www.jornalja.com.br\/arquivo\/professores-mantem-greve-e-milhares-de-servidores-protestam-contra-atraso-de-salarios-na-capital\/#listItem","name":"Professores mant\u00eam greve e milhares de servidores protestam contra atraso de sal\u00e1rios"},"previousItem":{"@type":"ListItem","@id":"https:\/\/www.jornalja.com.br\/arquivo#listItem","name":"Home"}},{"@type":"ListItem","@id":"https:\/\/www.jornalja.com.br\/arquivo\/professores-mantem-greve-e-milhares-de-servidores-protestam-contra-atraso-de-salarios-na-capital\/#listItem","position":3,"name":"Professores mant\u00eam greve e milhares de servidores protestam contra atraso de sal\u00e1rios","previousItem":{"@type":"ListItem","@id":"https:\/\/www.jornalja.com.br\/arquivo\/category\/geral\/#listItem","name":"Geral"}}]},{"@type":"Organization","@id":"https:\/\/www.jornalja.com.br\/arquivo\/#organization","name":"Jornal J\u00c1","description":"Jornal J\u00c1 | Porto Alegre","url":"https:\/\/www.jornalja.com.br\/arquivo\/","telephone":"+555133307272","logo":{"@type":"ImageObject","url":"https:\/\/www.jornalja.com.br\/wp-content\/uploads\/cards\/JAslogan.png","@id":"https:\/\/www.jornalja.com.br\/arquivo\/professores-mantem-greve-e-milhares-de-servidores-protestam-contra-atraso-de-salarios-na-capital\/#organizationLogo"},"image":{"@id":"https:\/\/www.jornalja.com.br\/arquivo\/professores-mantem-greve-e-milhares-de-servidores-protestam-contra-atraso-de-salarios-na-capital\/#organizationLogo"}},{"@type":"Person","@id":"https:\/\/www.jornalja.com.br\/arquivo\/author\/daredacao\/#author","url":"https:\/\/www.jornalja.com.br\/arquivo\/author\/daredacao\/","name":"da Reda\u00e7\u00e3o","image":{"@type":"ImageObject","@id":"https:\/\/www.jornalja.com.br\/arquivo\/professores-mantem-greve-e-milhares-de-servidores-protestam-contra-atraso-de-salarios-na-capital\/#authorImage","url":"https:\/\/secure.gravatar.com\/avatar\/469fd857d6605ad19919d27ed29d35a968a25f6e8fd9318356bbb7f57aae9c65?s=96&d=mm&r=g","width":96,"height":96,"caption":"da Reda\u00e7\u00e3o"}},{"@type":"WebPage","@id":"https:\/\/www.jornalja.com.br\/arquivo\/professores-mantem-greve-e-milhares-de-servidores-protestam-contra-atraso-de-salarios-na-capital\/#webpage","url":"https:\/\/www.jornalja.com.br\/arquivo\/professores-mantem-greve-e-milhares-de-servidores-protestam-contra-atraso-de-salarios-na-capital\/","name":"Professores mant\u00eam greve e milhares de servidores protestam contra atraso de sal\u00e1rios | Arquivo","inLanguage":"pt-BR","isPartOf":{"@id":"https:\/\/www.jornalja.com.br\/arquivo\/#website"},"breadcrumb":{"@id":"https:\/\/www.jornalja.com.br\/arquivo\/professores-mantem-greve-e-milhares-de-servidores-protestam-contra-atraso-de-salarios-na-capital\/#breadcrumblist"},"author":{"@id":"https:\/\/www.jornalja.com.br\/arquivo\/author\/daredacao\/#author"},"creator":{"@id":"https:\/\/www.jornalja.com.br\/arquivo\/author\/daredacao\/#author"},"image":{"@type":"ImageObject","url":55797,"@id":"https:\/\/www.jornalja.com.br\/arquivo\/professores-mantem-greve-e-milhares-de-servidores-protestam-contra-atraso-de-salarios-na-capital\/#mainImage"},"primaryImageOfPage":{"@id":"https:\/\/www.jornalja.com.br\/arquivo\/professores-mantem-greve-e-milhares-de-servidores-protestam-contra-atraso-de-salarios-na-capital\/#mainImage"},"datePublished":"2017-09-29T20:53:10-03:00","dateModified":"2017-09-29T20:53:10-03:00"},{"@type":"WebSite","@id":"https:\/\/www.jornalja.com.br\/arquivo\/#website","url":"https:\/\/www.jornalja.com.br\/arquivo\/","name":"Arquivo","description":"Jornal J\u00c1 | Porto Alegre","inLanguage":"pt-BR","publisher":{"@id":"https:\/\/www.jornalja.com.br\/arquivo\/#organization"}}]},"og:locale":"pt_BR","og:site_name":"Arquivo | Jornal J\u00c1 | Porto Alegre","og:type":"article","og:title":"Professores mant\u00eam greve e milhares de servidores protestam contra atraso de sal\u00e1rios | Arquivo","og:url":"https:\/\/www.jornalja.com.br\/arquivo\/professores-mantem-greve-e-milhares-de-servidores-protestam-contra-atraso-de-salarios-na-capital\/","og:image":"https:\/\/www.jornalja.com.br\/wp-content\/uploads\/2017\/09\/22118025_10208637136520613_1950641538_o.jpg","og:image:secure_url":"https:\/\/www.jornalja.com.br\/wp-content\/uploads\/2017\/09\/22118025_10208637136520613_1950641538_o.jpg","article:published_time":"2017-09-29T23:53:10+00:00","article:modified_time":"2017-09-29T23:53:10+00:00","twitter:card":"summary","twitter:title":"Professores mant\u00eam greve e milhares de servidores protestam contra atraso de sal\u00e1rios | Arquivo","twitter:image":"https:\/\/www.jornalja.com.br\/economics\/wp-content\/uploads\/sites\/11\/2026\/08\/ja-folhaderosto-facebook.jpg"},"aioseo_meta_data":{"post_id":"55787","title":null,"description":null,"keywords":null,"keyphrases":null,"primary_term":null,"canonical_url":null,"og_title":null,"og_description":null,"og_object_type":"default","og_image_type":"default","og_image_url":null,"og_image_width":null,"og_image_height":null,"og_image_custom_url":null,"og_image_custom_fields":null,"og_video":null,"og_custom_url":null,"og_article_section":null,"og_article_tags":null,"twitter_use_og":false,"twitter_card":"default","twitter_image_type":"default","twitter_image_url":null,"twitter_image_custom_url":null,"twitter_image_custom_fields":null,"twitter_title":null,"twitter_description":null,"schema":{"blockGraphs":[],"customGraphs":[],"default":{"data":{"Article":[],"Course":[],"Dataset":[],"FAQPage":[],"Movie":[],"Person":[],"Product":[],"ProductReview":[],"Car":[],"Recipe":[],"Service":[],"SoftwareApplication":[],"WebPage":[]},"graphName":"","isEnabled":true},"graphs":[],"defaultGraph":"","defaultPostTypeGraph":""},"schema_type":null,"schema_type_options":null,"pillar_content":false,"robots_default":true,"robots_noindex":false,"robots_noarchive":false,"robots_nosnippet":false,"robots_nofollow":false,"robots_noimageindex":false,"robots_noodp":false,"robots_notranslate":false,"robots_max_snippet":null,"robots_max_videopreview":null,"robots_max_imagepreview":"large","priority":null,"frequency":null,"location":null,"local_seo":null,"breadcrumb_settings":null,"limit_modified_date":false,"ai":null,"created":"2020-12-20 20:24:05","updated":"2025-07-20 01:28:41","seo_analyzer_scan_date":null,"focus_keyword":null,"additional_keywords":null,"truseo_locale":null},"jetpack_sharing_enabled":true,"jetpack-related-posts":[{"id":12960,"url":"https:\/\/www.jornalja.com.br\/arquivo\/populacao-culpa-empresas-pela-greve-dos-rodoviarios\/","url_meta":{"origin":55787,"position":0},"title":"Popula\u00e7\u00e3o culpa empresas pela greve","author":"Patr\u00edcia Marini","date":"14 de fevereiro de 2014","format":false,"excerpt":"Pesquisa divulgada na edi\u00e7\u00e3o do jornal Metro desta sexta-feira,14, comprova o velho ditado: \u00e9 poss\u00edvel enganar muitos por algum tempo, mas n\u00e3o \u00e9 poss\u00edvel enganar a todos o tempo inteiro. A principal revela\u00e7\u00e3o foi que 59,8% dos entrevistados apontaram as empresas como as principais respons\u00e1veis pela grave e 46% culparam\u2026","rel":"","context":"Em &quot;X.Categorias velhas&quot;","block_context":{"text":"X.Categorias velhas","link":"https:\/\/www.jornalja.com.br\/arquivo\/category\/x-categorias-velhas\/"},"img":{"alt_text":"","src":"","width":0,"height":0},"classes":[]},{"id":13109,"url":"https:\/\/www.jornalja.com.br\/arquivo\/judiciario-reconhece-poluicao-eletromagnetica\/","url_meta":{"origin":55787,"position":1},"title":"Judici\u00e1rio reconhece polui\u00e7\u00e3o eletromagn\u00e9tica","author":"Patr\u00edcia Marini","date":"16 de maio de 2014","format":false,"excerpt":"A\u00e7\u00e3o de duas associa\u00e7\u00f5es de moradores foi acolhida pelo Tribunal de Justi\u00e7a de S\u00e3o Paulo que. em decis\u00e3o in\u00e9dita, determinou a redu\u00e7\u00e3o do campo eletromagn\u00e9tico gerado pelas linhas de transmiss\u00e3o de energia que cortam os bairros City Boa\u00e7ava e Alto de Pinheiros. \u00c9 a primeira vez que um tribunal do\u2026","rel":"","context":"Em &quot;X.Categorias velhas&quot;","block_context":{"text":"X.Categorias velhas","link":"https:\/\/www.jornalja.com.br\/arquivo\/category\/x-categorias-velhas\/"},"img":{"alt_text":"","src":"","width":0,"height":0},"classes":[]},{"id":13124,"url":"https:\/\/www.jornalja.com.br\/arquivo\/sangue-latino-no-iecine\/","url_meta":{"origin":55787,"position":2},"title":"Sangue latino no IECINE","author":"da Reda\u00e7\u00e3o","date":"18 de maio de 2014","format":false,"excerpt":"Francisco Ribeiro O Instituto Estadual de Cinema (IECINE) tem a frente, desde abril \u00faltimo, um novo diretor, o cineasta colombiano Juan Zapata, 36, que substitui Luiz Alberto Cassol. Radicado h\u00e1 dez anos em Porto Alegre, Zapata tem diante de si o desafio de conduzir at\u00e9 o final do ano um\u2026","rel":"","context":"Em &quot;Cultura-Geral&quot;","block_context":{"text":"Cultura-Geral","link":"https:\/\/www.jornalja.com.br\/arquivo\/category\/materiasecundaria\/"},"img":{"alt_text":"","src":"","width":0,"height":0},"classes":[]},{"id":13240,"url":"https:\/\/www.jornalja.com.br\/arquivo\/plano-diretor-estamos-construindo-o-caos\/","url_meta":{"origin":55787,"position":3},"title":"Plano diretor: &quot;Estamos construindo o caos&quot;","author":"Patr\u00edcia Marini","date":"26 de maio de 2014","format":false,"excerpt":"Desabafo que arquiteta Eliana Castilhos, delegada da Regi\u00e3o de Planejamento 1, postou nas redes sociais \u00e9 um testemunho do ambiente que se criou no Conselho do Plano Diretor de Porto Alegre, onde a aprova\u00e7\u00e3o de grandes empreendimentos \u00e9 empurrada guela abaixo dos conselheiros. Ao CMDUA Como delegada da Regi\u00e3o de\u2026","rel":"","context":"Em &quot;Geral&quot;","block_context":{"text":"Geral","link":"https:\/\/www.jornalja.com.br\/arquivo\/category\/geral\/"},"img":{"alt_text":"","src":"","width":0,"height":0},"classes":[]},{"id":13101,"url":"https:\/\/www.jornalja.com.br\/arquivo\/morre-um-guerreiro-do-texto\/","url_meta":{"origin":55787,"position":4},"title":"Morre um guerreiro do texto","author":"Patr\u00edcia Marini","date":"14 de maio de 2014","format":false,"excerpt":"Por Ricardo Kotscho Reproduzido do blog do autor, 11\/5\/2014; t\u00edtulo original \u201cE l\u00e1 se foi o nosso Myltainho, guerreiro do texto\u201d. Mi\u00fado e franzino, meu amigo Myltainho era um valente e inconformado guerreiro na luta contra as injusti\u00e7as sociais, a hipocrisia, as maracutaias, o autoritarismo, a intoler\u00e2ncia, a viol\u00eancia, o\u2026","rel":"","context":"Em &quot;Geral&quot;","block_context":{"text":"Geral","link":"https:\/\/www.jornalja.com.br\/arquivo\/category\/geral\/"},"img":{"alt_text":"","src":"","width":0,"height":0},"classes":[]},{"id":14241,"url":"https:\/\/www.jornalja.com.br\/arquivo\/o-guaiba-nas-imagens-poeticas-de-achutti\/","url_meta":{"origin":55787,"position":5},"title":"O Gua\u00edba nas imagens po\u00e9ticas de Achutti","author":"da Reda\u00e7\u00e3o","date":"18 de junho de 2014","format":false,"excerpt":"Em \u201cO Gua\u00edba por Achutti\u201d \u2013 obra financiada via Minist\u00e9rio da Cultura, produ\u00e7\u00e3o executiva de Pedro Longhi, e Fl\u00e1vio Wild como designer \u2013, o fot\u00f3grafo revela a beleza e as mazelas de um espa\u00e7o aqu\u00e1tico de \u00e1guas sempre renovadas, cheio de hist\u00f3rias e lendas como as das cidades que foram\u2026","rel":"","context":"Em &quot;Cultura-Geral&quot;","block_context":{"text":"Cultura-Geral","link":"https:\/\/www.jornalja.com.br\/arquivo\/category\/materiasecundaria\/"},"img":{"alt_text":"","src":"","width":0,"height":0},"classes":[]}],"jetpack_shortlink":"https:\/\/wp.me\/pbQjBd-evN","jetpack_featured_media_url":"","_links":{"self":[{"href":"https:\/\/www.jornalja.com.br\/arquivo\/wp-json\/wp\/v2\/posts\/55787","targetHints":{"allow":["GET"]}}],"collection":[{"href":"https:\/\/www.jornalja.com.br\/arquivo\/wp-json\/wp\/v2\/posts"}],"about":[{"href":"https:\/\/www.jornalja.com.br\/arquivo\/wp-json\/wp\/v2\/types\/post"}],"author":[{"embeddable":true,"href":"https:\/\/www.jornalja.com.br\/arquivo\/wp-json\/wp\/v2\/users\/4"}],"replies":[{"embeddable":true,"href":"https:\/\/www.jornalja.com.br\/arquivo\/wp-json\/wp\/v2\/comments?post=55787"}],"version-history":[{"count":0,"href":"https:\/\/www.jornalja.com.br\/arquivo\/wp-json\/wp\/v2\/posts\/55787\/revisions"}],"wp:attachment":[{"href":"https:\/\/www.jornalja.com.br\/arquivo\/wp-json\/wp\/v2\/media?parent=55787"}],"wp:term":[{"taxonomy":"category","embeddable":true,"href":"https:\/\/www.jornalja.com.br\/arquivo\/wp-json\/wp\/v2\/categories?post=55787"},{"taxonomy":"post_tag","embeddable":true,"href":"https:\/\/www.jornalja.com.br\/arquivo\/wp-json\/wp\/v2\/tags?post=55787"}],"curies":[{"name":"wp","href":"https:\/\/api.w.org\/{rel}","templated":true}]}}