{"id":55804,"date":"2017-09-29T21:07:20","date_gmt":"2017-09-30T00:07:20","guid":{"rendered":"https:\/\/www.jornalja.com.br\/?p=55804"},"modified":"2017-09-29T21:07:20","modified_gmt":"2017-09-30T00:07:20","slug":"municiparios-decidem-entrar-em-greve-a-partir-do-proximo-dia-5","status":"publish","type":"post","link":"https:\/\/www.jornalja.com.br\/arquivo\/municiparios-decidem-entrar-em-greve-a-partir-do-proximo-dia-5\/","title":{"rendered":"Municip\u00e1rios decidem entrar em greve a partir do pr\u00f3ximo dia 5"},"content":{"rendered":"<p align=\"left\">Em assembleia geral, que contou com cerca de tr\u00eas mil servidores municipais de Porto Alegre, realizada na noite desta sexta-feira, 29\/09, no Largo Zumbi dos Palmares, a categoria decidiu, por larga maioria, pela greve a partir do dia 5 de outubro.<\/p>\n<p align=\"left\">A notifica\u00e7\u00e3o ao prefeito Nelson Marchezan J\u00fanior ser\u00e1 feita na pr\u00f3xima segunda-feira, dia 2. Ainda ficou acertado um novo encontro para o dia 10, quando haver\u00e1 assembleia de avalia\u00e7\u00e3o do movimento.<\/p>\n<p align=\"left\">A assembleia desta sexta ainda decidiu por ter um comando de greve aberto \u2014 que ir\u00e1 se reunir na pr\u00f3xima segunda-feira, \u00e0s 18h, no Simpa \u2014 e um comando de negocia\u00e7\u00e3o, formado pela diretoria e cinco representantes da categoria.<\/p>\n<p align=\"left\">Segundo o Sindicato dos Municip\u00e1rios de Porto Alegre (Simpa), \u201ca greve de hoje foi deflagrada ap\u00f3s um longo processo de tentativa de di\u00e1logo com a prefeitura, cujo cap\u00edtulo mais recente aconteceu nesta tarde. Na reuni\u00e3o entre a dire\u00e7\u00e3o do Simpa e o secret\u00e1rio de Gest\u00e3o e Planejamento, Jos\u00e9 Alfredo Parode, n\u00e3o houve avan\u00e7os nos itens da pauta da categoria, nem no que diz respeito \u00e0 retirada dos projetos que est\u00e3o na C\u00e2mara e ao fim do parcelamento. Paralelamente, a categoria se mobilizou realizando atos e atividades para possibilitar a realiza\u00e7\u00e3o de uma assembleia massiva e representativa\u201d.<\/p>\n<p align=\"left\">A diretora do Simpa, Luciane Pereira, disse no ato que: \u201cSer servidor, hoje, \u00e9 um ato de resist\u00eancia\u201d. O diretor Jonas Tarc\u00edsio Reis enfatizou que \u201cMarchezan n\u00e3o representa Porto Alegre\u201d e \u201cvai engolir estes projetos; vamos tomar as ruas j\u00e1!\u201d.<\/p>\n<p>Os municip\u00e1rios contestam as contas da Prefeitura, que, desde junho, parcela parte dos sal\u00e1rios dos servidores e alega enorme deficit financeiro. O Executivo tamb\u00e9m j\u00e1 encaminhou \u00e0 C\u00e2mara de Vereadores projetos de lei que alteram as gratifica\u00e7\u00f5es dos servidores.<br \/>\nO Minist\u00e9rio P\u00fablico de Contas (MPC) do Rio Grande do Sul expediu no dia 26\/09 requerimento ao Tribunal de Contas do Estado (TCE) para que realize-se uma auditoria sobre os parcelamentos de sal\u00e1rios realizados pelo prefeito Nelson Marchezan J\u00fanior.<br \/>\nA medida acata uma representa\u00e7\u00e3o do Sindicato dos Municip\u00e1rios de Porto Alegre (Simpa) que, juntamente com o vereadora Sofia Cavedon (PT), protocolou em 11 de setembro no MPC requerimento solicitando a verifica\u00e7\u00e3o dos controles cont\u00e1beis do Munic\u00edpio. O TCE acolheu o recurso e dever\u00e1 determinar prazo para a Prefeitura apresentar as justificativas para o n\u00e3o pagamento da folha integralmente em parcela \u00fanica. J\u00e1 h\u00e1 uma decis\u00e3o judicial que pro\u00edbe o parcelamento dos sal\u00e1rios.<\/p>\n","protected":false},"excerpt":{"rendered":"<p>Em assembleia geral, que contou com cerca de tr\u00eas mil servidores municipais de Porto Alegre, realizada na noite desta sexta-feira, 29\/09, no Largo Zumbi dos Palmares, a categoria decidiu, por larga maioria, pela greve a partir do dia 5 de outubro. A notifica\u00e7\u00e3o ao prefeito Nelson Marchezan J\u00fanior ser\u00e1 feita na pr\u00f3xima segunda-feira, dia 2. [&hellip;]<\/p>\n","protected":false},"author":4,"featured_media":55805,"comment_status":"open","ping_status":"closed","sticky":false,"template":"","format":"standard","meta":{"_jetpack_newsletter_access":"","_jetpack_dont_email_post_to_subs":false,"_jetpack_newsletter_tier_id":0,"_jetpack_memberships_contains_paywalled_content":false,"_jetpack_feature_clip_id":0,"_jetpack_memberships_contains_paid_content":false,"footnotes":"","jetpack_post_was_ever_published":false},"categories":[26],"tags":[],"class_list":["post-55804","post","type-post","status-publish","format-standard","has-post-thumbnail","hentry","category-geral"],"aioseo_notices":[],"aioseo_head":"\n\t\t<!-- All in One SEO 5.0.1.1 - aioseo.com -->\n\t<meta name=\"robots\" content=\"max-image-preview:large\" \/>\n\t<meta name=\"author\" content=\"da Reda\u00e7\u00e3o\"\/>\n\t<link rel=\"canonical\" href=\"https:\/\/www.jornalja.com.br\/arquivo\/municiparios-decidem-entrar-em-greve-a-partir-do-proximo-dia-5\/\" \/>\n\t<meta name=\"generator\" content=\"All in One SEO (AIOSEO) 5.0.1.1\" \/>\n\t\t<meta property=\"og:locale\" content=\"pt_BR\" \/>\n\t\t<meta property=\"og:site_name\" content=\"Arquivo | Jornal J\u00c1 | Porto Alegre\" \/>\n\t\t<meta property=\"og:type\" content=\"article\" \/>\n\t\t<meta property=\"og:title\" content=\"Municip\u00e1rios decidem entrar em greve a partir do pr\u00f3ximo dia 5 | Arquivo\" \/>\n\t\t<meta property=\"og:url\" content=\"https:\/\/www.jornalja.com.br\/arquivo\/municiparios-decidem-entrar-em-greve-a-partir-do-proximo-dia-5\/\" \/>\n\t\t<meta property=\"og:image\" content=\"https:\/\/www.jornalja.com.br\/economics\/wp-content\/uploads\/sites\/11\/2026\/08\/ja-folhaderosto-facebook.jpg\" \/>\n\t\t<meta property=\"og:image:secure_url\" content=\"https:\/\/www.jornalja.com.br\/economics\/wp-content\/uploads\/sites\/11\/2026\/08\/ja-folhaderosto-facebook.jpg\" \/>\n\t\t<meta property=\"article:published_time\" content=\"2017-09-30T00:07:20+00:00\" \/>\n\t\t<meta property=\"article:modified_time\" content=\"2017-09-30T00:07:20+00:00\" \/>\n\t\t<meta name=\"twitter:card\" content=\"summary\" \/>\n\t\t<meta name=\"twitter:title\" content=\"Municip\u00e1rios decidem entrar em greve a partir do pr\u00f3ximo dia 5 | Arquivo\" \/>\n\t\t<meta name=\"twitter:image\" content=\"https:\/\/www.jornalja.com.br\/economics\/wp-content\/uploads\/sites\/11\/2026\/08\/ja-folhaderosto-facebook.jpg\" \/>\n\t\t<script type=\"application\/ld+json\" class=\"aioseo-schema\">\n\t\t\t{\"@context\":\"https:\\\/\\\/schema.org\",\"@graph\":[{\"@type\":\"BlogPosting\",\"@id\":\"https:\\\/\\\/www.jornalja.com.br\\\/arquivo\\\/municiparios-decidem-entrar-em-greve-a-partir-do-proximo-dia-5\\\/#blogposting\",\"name\":\"Municip\\u00e1rios decidem entrar em greve a partir do pr\\u00f3ximo dia 5 | Arquivo\",\"headline\":\"Municip\\u00e1rios decidem entrar em greve a partir do pr\\u00f3ximo dia 5\",\"author\":{\"@id\":\"https:\\\/\\\/www.jornalja.com.br\\\/arquivo\\\/author\\\/daredacao\\\/#author\"},\"publisher\":{\"@id\":\"https:\\\/\\\/www.jornalja.com.br\\\/arquivo\\\/#organization\"},\"image\":{\"@type\":\"ImageObject\",\"url\":55805},\"datePublished\":\"2017-09-29T21:07:20-03:00\",\"dateModified\":\"2017-09-29T21:07:20-03:00\",\"inLanguage\":\"pt-BR\",\"mainEntityOfPage\":{\"@id\":\"https:\\\/\\\/www.jornalja.com.br\\\/arquivo\\\/municiparios-decidem-entrar-em-greve-a-partir-do-proximo-dia-5\\\/#webpage\"},\"isPartOf\":{\"@id\":\"https:\\\/\\\/www.jornalja.com.br\\\/arquivo\\\/municiparios-decidem-entrar-em-greve-a-partir-do-proximo-dia-5\\\/#webpage\"},\"articleSection\":\"Geral\"},{\"@type\":\"BreadcrumbList\",\"@id\":\"https:\\\/\\\/www.jornalja.com.br\\\/arquivo\\\/municiparios-decidem-entrar-em-greve-a-partir-do-proximo-dia-5\\\/#breadcrumblist\",\"itemListElement\":[{\"@type\":\"ListItem\",\"@id\":\"https:\\\/\\\/www.jornalja.com.br\\\/arquivo#listItem\",\"position\":1,\"name\":\"Home\",\"item\":\"https:\\\/\\\/www.jornalja.com.br\\\/arquivo\",\"nextItem\":{\"@type\":\"ListItem\",\"@id\":\"https:\\\/\\\/www.jornalja.com.br\\\/arquivo\\\/category\\\/geral\\\/#listItem\",\"name\":\"Geral\"}},{\"@type\":\"ListItem\",\"@id\":\"https:\\\/\\\/www.jornalja.com.br\\\/arquivo\\\/category\\\/geral\\\/#listItem\",\"position\":2,\"name\":\"Geral\",\"item\":\"https:\\\/\\\/www.jornalja.com.br\\\/arquivo\\\/category\\\/geral\\\/\",\"nextItem\":{\"@type\":\"ListItem\",\"@id\":\"https:\\\/\\\/www.jornalja.com.br\\\/arquivo\\\/municiparios-decidem-entrar-em-greve-a-partir-do-proximo-dia-5\\\/#listItem\",\"name\":\"Municip\\u00e1rios decidem entrar em greve a partir do pr\\u00f3ximo dia 5\"},\"previousItem\":{\"@type\":\"ListItem\",\"@id\":\"https:\\\/\\\/www.jornalja.com.br\\\/arquivo#listItem\",\"name\":\"Home\"}},{\"@type\":\"ListItem\",\"@id\":\"https:\\\/\\\/www.jornalja.com.br\\\/arquivo\\\/municiparios-decidem-entrar-em-greve-a-partir-do-proximo-dia-5\\\/#listItem\",\"position\":3,\"name\":\"Municip\\u00e1rios decidem entrar em greve a partir do pr\\u00f3ximo dia 5\",\"previousItem\":{\"@type\":\"ListItem\",\"@id\":\"https:\\\/\\\/www.jornalja.com.br\\\/arquivo\\\/category\\\/geral\\\/#listItem\",\"name\":\"Geral\"}}]},{\"@type\":\"Organization\",\"@id\":\"https:\\\/\\\/www.jornalja.com.br\\\/arquivo\\\/#organization\",\"name\":\"Jornal J\\u00c1\",\"description\":\"Jornal J\\u00c1 | Porto Alegre\",\"url\":\"https:\\\/\\\/www.jornalja.com.br\\\/arquivo\\\/\",\"telephone\":\"+555133307272\",\"logo\":{\"@type\":\"ImageObject\",\"url\":\"https:\\\/\\\/www.jornalja.com.br\\\/wp-content\\\/uploads\\\/cards\\\/JAslogan.png\",\"@id\":\"https:\\\/\\\/www.jornalja.com.br\\\/arquivo\\\/municiparios-decidem-entrar-em-greve-a-partir-do-proximo-dia-5\\\/#organizationLogo\"},\"image\":{\"@id\":\"https:\\\/\\\/www.jornalja.com.br\\\/arquivo\\\/municiparios-decidem-entrar-em-greve-a-partir-do-proximo-dia-5\\\/#organizationLogo\"}},{\"@type\":\"Person\",\"@id\":\"https:\\\/\\\/www.jornalja.com.br\\\/arquivo\\\/author\\\/daredacao\\\/#author\",\"url\":\"https:\\\/\\\/www.jornalja.com.br\\\/arquivo\\\/author\\\/daredacao\\\/\",\"name\":\"da Reda\\u00e7\\u00e3o\",\"image\":{\"@type\":\"ImageObject\",\"@id\":\"https:\\\/\\\/www.jornalja.com.br\\\/arquivo\\\/municiparios-decidem-entrar-em-greve-a-partir-do-proximo-dia-5\\\/#authorImage\",\"url\":\"https:\\\/\\\/secure.gravatar.com\\\/avatar\\\/469fd857d6605ad19919d27ed29d35a968a25f6e8fd9318356bbb7f57aae9c65?s=96&d=mm&r=g\",\"width\":96,\"height\":96,\"caption\":\"da Reda\\u00e7\\u00e3o\"}},{\"@type\":\"WebPage\",\"@id\":\"https:\\\/\\\/www.jornalja.com.br\\\/arquivo\\\/municiparios-decidem-entrar-em-greve-a-partir-do-proximo-dia-5\\\/#webpage\",\"url\":\"https:\\\/\\\/www.jornalja.com.br\\\/arquivo\\\/municiparios-decidem-entrar-em-greve-a-partir-do-proximo-dia-5\\\/\",\"name\":\"Municip\\u00e1rios decidem entrar em greve a partir do pr\\u00f3ximo dia 5 | Arquivo\",\"inLanguage\":\"pt-BR\",\"isPartOf\":{\"@id\":\"https:\\\/\\\/www.jornalja.com.br\\\/arquivo\\\/#website\"},\"breadcrumb\":{\"@id\":\"https:\\\/\\\/www.jornalja.com.br\\\/arquivo\\\/municiparios-decidem-entrar-em-greve-a-partir-do-proximo-dia-5\\\/#breadcrumblist\"},\"author\":{\"@id\":\"https:\\\/\\\/www.jornalja.com.br\\\/arquivo\\\/author\\\/daredacao\\\/#author\"},\"creator\":{\"@id\":\"https:\\\/\\\/www.jornalja.com.br\\\/arquivo\\\/author\\\/daredacao\\\/#author\"},\"image\":{\"@type\":\"ImageObject\",\"url\":55805,\"@id\":\"https:\\\/\\\/www.jornalja.com.br\\\/arquivo\\\/municiparios-decidem-entrar-em-greve-a-partir-do-proximo-dia-5\\\/#mainImage\"},\"primaryImageOfPage\":{\"@id\":\"https:\\\/\\\/www.jornalja.com.br\\\/arquivo\\\/municiparios-decidem-entrar-em-greve-a-partir-do-proximo-dia-5\\\/#mainImage\"},\"datePublished\":\"2017-09-29T21:07:20-03:00\",\"dateModified\":\"2017-09-29T21:07:20-03:00\"},{\"@type\":\"WebSite\",\"@id\":\"https:\\\/\\\/www.jornalja.com.br\\\/arquivo\\\/#website\",\"url\":\"https:\\\/\\\/www.jornalja.com.br\\\/arquivo\\\/\",\"name\":\"Arquivo\",\"description\":\"Jornal J\\u00c1 | Porto Alegre\",\"inLanguage\":\"pt-BR\",\"publisher\":{\"@id\":\"https:\\\/\\\/www.jornalja.com.br\\\/arquivo\\\/#organization\"}}]}\n\t\t<\/script>\n\t\t<!-- All in One SEO -->\n\n","aioseo_head_json":{"title":"Municip\u00e1rios decidem entrar em greve a partir do pr\u00f3ximo dia 5 | Arquivo","description":"","canonical_url":"https:\/\/www.jornalja.com.br\/arquivo\/municiparios-decidem-entrar-em-greve-a-partir-do-proximo-dia-5\/","robots":"max-image-preview:large","keywords":"","webmasterTools":{"miscellaneous":""},"schema":{"@context":"https:\/\/schema.org","@graph":[{"@type":"BlogPosting","@id":"https:\/\/www.jornalja.com.br\/arquivo\/municiparios-decidem-entrar-em-greve-a-partir-do-proximo-dia-5\/#blogposting","name":"Municip\u00e1rios decidem entrar em greve a partir do pr\u00f3ximo dia 5 | Arquivo","headline":"Municip\u00e1rios decidem entrar em greve a partir do pr\u00f3ximo dia 5","author":{"@id":"https:\/\/www.jornalja.com.br\/arquivo\/author\/daredacao\/#author"},"publisher":{"@id":"https:\/\/www.jornalja.com.br\/arquivo\/#organization"},"image":{"@type":"ImageObject","url":55805},"datePublished":"2017-09-29T21:07:20-03:00","dateModified":"2017-09-29T21:07:20-03:00","inLanguage":"pt-BR","mainEntityOfPage":{"@id":"https:\/\/www.jornalja.com.br\/arquivo\/municiparios-decidem-entrar-em-greve-a-partir-do-proximo-dia-5\/#webpage"},"isPartOf":{"@id":"https:\/\/www.jornalja.com.br\/arquivo\/municiparios-decidem-entrar-em-greve-a-partir-do-proximo-dia-5\/#webpage"},"articleSection":"Geral"},{"@type":"BreadcrumbList","@id":"https:\/\/www.jornalja.com.br\/arquivo\/municiparios-decidem-entrar-em-greve-a-partir-do-proximo-dia-5\/#breadcrumblist","itemListElement":[{"@type":"ListItem","@id":"https:\/\/www.jornalja.com.br\/arquivo#listItem","position":1,"name":"Home","item":"https:\/\/www.jornalja.com.br\/arquivo","nextItem":{"@type":"ListItem","@id":"https:\/\/www.jornalja.com.br\/arquivo\/category\/geral\/#listItem","name":"Geral"}},{"@type":"ListItem","@id":"https:\/\/www.jornalja.com.br\/arquivo\/category\/geral\/#listItem","position":2,"name":"Geral","item":"https:\/\/www.jornalja.com.br\/arquivo\/category\/geral\/","nextItem":{"@type":"ListItem","@id":"https:\/\/www.jornalja.com.br\/arquivo\/municiparios-decidem-entrar-em-greve-a-partir-do-proximo-dia-5\/#listItem","name":"Municip\u00e1rios decidem entrar em greve a partir do pr\u00f3ximo dia 5"},"previousItem":{"@type":"ListItem","@id":"https:\/\/www.jornalja.com.br\/arquivo#listItem","name":"Home"}},{"@type":"ListItem","@id":"https:\/\/www.jornalja.com.br\/arquivo\/municiparios-decidem-entrar-em-greve-a-partir-do-proximo-dia-5\/#listItem","position":3,"name":"Municip\u00e1rios decidem entrar em greve a partir do pr\u00f3ximo dia 5","previousItem":{"@type":"ListItem","@id":"https:\/\/www.jornalja.com.br\/arquivo\/category\/geral\/#listItem","name":"Geral"}}]},{"@type":"Organization","@id":"https:\/\/www.jornalja.com.br\/arquivo\/#organization","name":"Jornal J\u00c1","description":"Jornal J\u00c1 | Porto Alegre","url":"https:\/\/www.jornalja.com.br\/arquivo\/","telephone":"+555133307272","logo":{"@type":"ImageObject","url":"https:\/\/www.jornalja.com.br\/wp-content\/uploads\/cards\/JAslogan.png","@id":"https:\/\/www.jornalja.com.br\/arquivo\/municiparios-decidem-entrar-em-greve-a-partir-do-proximo-dia-5\/#organizationLogo"},"image":{"@id":"https:\/\/www.jornalja.com.br\/arquivo\/municiparios-decidem-entrar-em-greve-a-partir-do-proximo-dia-5\/#organizationLogo"}},{"@type":"Person","@id":"https:\/\/www.jornalja.com.br\/arquivo\/author\/daredacao\/#author","url":"https:\/\/www.jornalja.com.br\/arquivo\/author\/daredacao\/","name":"da Reda\u00e7\u00e3o","image":{"@type":"ImageObject","@id":"https:\/\/www.jornalja.com.br\/arquivo\/municiparios-decidem-entrar-em-greve-a-partir-do-proximo-dia-5\/#authorImage","url":"https:\/\/secure.gravatar.com\/avatar\/469fd857d6605ad19919d27ed29d35a968a25f6e8fd9318356bbb7f57aae9c65?s=96&d=mm&r=g","width":96,"height":96,"caption":"da Reda\u00e7\u00e3o"}},{"@type":"WebPage","@id":"https:\/\/www.jornalja.com.br\/arquivo\/municiparios-decidem-entrar-em-greve-a-partir-do-proximo-dia-5\/#webpage","url":"https:\/\/www.jornalja.com.br\/arquivo\/municiparios-decidem-entrar-em-greve-a-partir-do-proximo-dia-5\/","name":"Municip\u00e1rios decidem entrar em greve a partir do pr\u00f3ximo dia 5 | Arquivo","inLanguage":"pt-BR","isPartOf":{"@id":"https:\/\/www.jornalja.com.br\/arquivo\/#website"},"breadcrumb":{"@id":"https:\/\/www.jornalja.com.br\/arquivo\/municiparios-decidem-entrar-em-greve-a-partir-do-proximo-dia-5\/#breadcrumblist"},"author":{"@id":"https:\/\/www.jornalja.com.br\/arquivo\/author\/daredacao\/#author"},"creator":{"@id":"https:\/\/www.jornalja.com.br\/arquivo\/author\/daredacao\/#author"},"image":{"@type":"ImageObject","url":55805,"@id":"https:\/\/www.jornalja.com.br\/arquivo\/municiparios-decidem-entrar-em-greve-a-partir-do-proximo-dia-5\/#mainImage"},"primaryImageOfPage":{"@id":"https:\/\/www.jornalja.com.br\/arquivo\/municiparios-decidem-entrar-em-greve-a-partir-do-proximo-dia-5\/#mainImage"},"datePublished":"2017-09-29T21:07:20-03:00","dateModified":"2017-09-29T21:07:20-03:00"},{"@type":"WebSite","@id":"https:\/\/www.jornalja.com.br\/arquivo\/#website","url":"https:\/\/www.jornalja.com.br\/arquivo\/","name":"Arquivo","description":"Jornal J\u00c1 | Porto Alegre","inLanguage":"pt-BR","publisher":{"@id":"https:\/\/www.jornalja.com.br\/arquivo\/#organization"}}]},"og:locale":"pt_BR","og:site_name":"Arquivo | Jornal J\u00c1 | Porto Alegre","og:type":"article","og:title":"Municip\u00e1rios decidem entrar em greve a partir do pr\u00f3ximo dia 5 | Arquivo","og:url":"https:\/\/www.jornalja.com.br\/arquivo\/municiparios-decidem-entrar-em-greve-a-partir-do-proximo-dia-5\/","og:image":"https:\/\/www.jornalja.com.br\/economics\/wp-content\/uploads\/sites\/11\/2026\/08\/ja-folhaderosto-facebook.jpg","og:image:secure_url":"https:\/\/www.jornalja.com.br\/economics\/wp-content\/uploads\/sites\/11\/2026\/08\/ja-folhaderosto-facebook.jpg","article:published_time":"2017-09-30T00:07:20+00:00","article:modified_time":"2017-09-30T00:07:20+00:00","twitter:card":"summary","twitter:title":"Municip\u00e1rios decidem entrar em greve a partir do pr\u00f3ximo dia 5 | Arquivo","twitter:image":"https:\/\/www.jornalja.com.br\/economics\/wp-content\/uploads\/sites\/11\/2026\/08\/ja-folhaderosto-facebook.jpg"},"aioseo_meta_data":{"post_id":"55804","title":null,"description":null,"keywords":null,"keyphrases":null,"primary_term":null,"canonical_url":null,"og_title":null,"og_description":null,"og_object_type":"default","og_image_type":"default","og_image_url":null,"og_image_width":null,"og_image_height":null,"og_image_custom_url":null,"og_image_custom_fields":null,"og_video":null,"og_custom_url":null,"og_article_section":null,"og_article_tags":null,"twitter_use_og":false,"twitter_card":"default","twitter_image_type":"default","twitter_image_url":null,"twitter_image_custom_url":null,"twitter_image_custom_fields":null,"twitter_title":null,"twitter_description":null,"schema":{"blockGraphs":[],"customGraphs":[],"default":{"data":{"Article":[],"Course":[],"Dataset":[],"FAQPage":[],"Movie":[],"Person":[],"Product":[],"ProductReview":[],"Car":[],"Recipe":[],"Service":[],"SoftwareApplication":[],"WebPage":[]},"graphName":"","isEnabled":true},"graphs":[]},"schema_type":null,"schema_type_options":null,"pillar_content":false,"robots_default":true,"robots_noindex":false,"robots_noarchive":false,"robots_nosnippet":false,"robots_nofollow":false,"robots_noimageindex":false,"robots_noodp":false,"robots_notranslate":false,"robots_max_snippet":null,"robots_max_videopreview":null,"robots_max_imagepreview":"large","priority":null,"frequency":null,"location":null,"local_seo":null,"breadcrumb_settings":null,"limit_modified_date":false,"ai":null,"created":"2020-12-20 20:24:05","updated":"2025-07-20 01:28:41","seo_analyzer_scan_date":null,"focus_keyword":null,"additional_keywords":null,"truseo_locale":null},"jetpack_sharing_enabled":true,"jetpack-related-posts":[{"id":12960,"url":"https:\/\/www.jornalja.com.br\/arquivo\/populacao-culpa-empresas-pela-greve-dos-rodoviarios\/","url_meta":{"origin":55804,"position":0},"title":"Popula\u00e7\u00e3o culpa empresas pela greve","author":"Patr\u00edcia Marini","date":"14 de fevereiro de 2014","format":false,"excerpt":"Pesquisa divulgada na edi\u00e7\u00e3o do jornal Metro desta sexta-feira,14, comprova o velho ditado: \u00e9 poss\u00edvel enganar muitos por algum tempo, mas n\u00e3o \u00e9 poss\u00edvel enganar a todos o tempo inteiro. A principal revela\u00e7\u00e3o foi que 59,8% dos entrevistados apontaram as empresas como as principais respons\u00e1veis pela grave e 46% culparam\u2026","rel":"","context":"Em &quot;X.Categorias velhas&quot;","block_context":{"text":"X.Categorias velhas","link":"https:\/\/www.jornalja.com.br\/arquivo\/category\/x-categorias-velhas\/"},"img":{"alt_text":"","src":"","width":0,"height":0},"classes":[]},{"id":13124,"url":"https:\/\/www.jornalja.com.br\/arquivo\/sangue-latino-no-iecine\/","url_meta":{"origin":55804,"position":1},"title":"Sangue latino no IECINE","author":"da Reda\u00e7\u00e3o","date":"18 de maio de 2014","format":false,"excerpt":"Francisco Ribeiro O Instituto Estadual de Cinema (IECINE) tem a frente, desde abril \u00faltimo, um novo diretor, o cineasta colombiano Juan Zapata, 36, que substitui Luiz Alberto Cassol. Radicado h\u00e1 dez anos em Porto Alegre, Zapata tem diante de si o desafio de conduzir at\u00e9 o final do ano um\u2026","rel":"","context":"Em &quot;Cultura-Geral&quot;","block_context":{"text":"Cultura-Geral","link":"https:\/\/www.jornalja.com.br\/arquivo\/category\/materiasecundaria\/"},"img":{"alt_text":"","src":"","width":0,"height":0},"classes":[]},{"id":5440,"url":"https:\/\/www.jornalja.com.br\/arquivo\/casarao-da-venancio-destino-permanece-incerto\/","url_meta":{"origin":55804,"position":2},"title":"Estado ainda n\u00e3o sabe o que fazer com casar\u00e3o abandonado h\u00e1 20 anos","author":"Elmar Bones","date":"6 de julho de 2009","format":false,"excerpt":"O casar\u00e3o amarelo, numa esquina nobre de Porto Alegre (Ven\u00e2ncio Aires com Jo\u00e3o Pessoa), j\u00e1 abrigou uma escola. H\u00e1 duas d\u00e9cadas, pelo menos, est\u00e1 abandonado, porque seu propriet\u00e1rio, o governo do Estado do Rio Grande do Sul, n\u00e3o consegue achar um destino para ele. Planos n\u00e3o faltaram. O governador Ol\u00edvio\u2026","rel":"","context":"Em &quot;X.Categorias velhas&quot;","block_context":{"text":"X.Categorias velhas","link":"https:\/\/www.jornalja.com.br\/arquivo\/category\/x-categorias-velhas\/"},"img":{"alt_text":"geraldo1","src":"https:\/\/i0.wp.com\/www.jornalja.com.br\/wp-content\/uploads\/2009\/07\/geraldo1.jpg?resize=350%2C200&ssl=1","width":350,"height":200},"classes":[]},{"id":13240,"url":"https:\/\/www.jornalja.com.br\/arquivo\/plano-diretor-estamos-construindo-o-caos\/","url_meta":{"origin":55804,"position":3},"title":"Plano diretor: &quot;Estamos construindo o caos&quot;","author":"Patr\u00edcia Marini","date":"26 de maio de 2014","format":false,"excerpt":"Desabafo que arquiteta Eliana Castilhos, delegada da Regi\u00e3o de Planejamento 1, postou nas redes sociais \u00e9 um testemunho do ambiente que se criou no Conselho do Plano Diretor de Porto Alegre, onde a aprova\u00e7\u00e3o de grandes empreendimentos \u00e9 empurrada guela abaixo dos conselheiros. Ao CMDUA Como delegada da Regi\u00e3o de\u2026","rel":"","context":"Em &quot;Geral&quot;","block_context":{"text":"Geral","link":"https:\/\/www.jornalja.com.br\/arquivo\/category\/geral\/"},"img":{"alt_text":"","src":"","width":0,"height":0},"classes":[]},{"id":13101,"url":"https:\/\/www.jornalja.com.br\/arquivo\/morre-um-guerreiro-do-texto\/","url_meta":{"origin":55804,"position":4},"title":"Morre um guerreiro do texto","author":"Patr\u00edcia Marini","date":"14 de maio de 2014","format":false,"excerpt":"Por Ricardo Kotscho Reproduzido do blog do autor, 11\/5\/2014; t\u00edtulo original \u201cE l\u00e1 se foi o nosso Myltainho, guerreiro do texto\u201d. Mi\u00fado e franzino, meu amigo Myltainho era um valente e inconformado guerreiro na luta contra as injusti\u00e7as sociais, a hipocrisia, as maracutaias, o autoritarismo, a intoler\u00e2ncia, a viol\u00eancia, o\u2026","rel":"","context":"Em &quot;Geral&quot;","block_context":{"text":"Geral","link":"https:\/\/www.jornalja.com.br\/arquivo\/category\/geral\/"},"img":{"alt_text":"","src":"","width":0,"height":0},"classes":[]},{"id":1280,"url":"https:\/\/www.jornalja.com.br\/arquivo\/o-menino-que-se-tornou-brizola\/","url_meta":{"origin":55804,"position":5},"title":"O Menino que se Tornou Brizola","author":"da Reda\u00e7\u00e3o","date":"28 de julho de 2008","format":false,"excerpt":"Autor: Cleber Dioni A vida de Leonel Brizola, com \u00eanfase para os primeiros anos em Porto Alegre, at\u00e9 o ex\u00edlio no Uruguai e a volta, quinze anos depois. \u00a0\"...\u00c9ramos todos jovens e nos identific\u00e1vamos com aquela massa an\u00f4nima a percorrer as ruas de Porto Alegre, gritando 'Get\u00falio', 'Get\u00falio' e empunhando\u2026","rel":"","context":"Em &quot;Livros&quot;","block_context":{"text":"Livros","link":"https:\/\/www.jornalja.com.br\/arquivo\/category\/livros\/"},"img":{"alt_text":"","src":"https:\/\/i0.wp.com\/www.jornalja.com.br\/wp-content\/uploads\/2008\/07\/brizola.gif?resize=350%2C200&ssl=1","width":350,"height":200},"classes":[]}],"jetpack_shortlink":"https:\/\/wp.me\/pbQjBd-ew4","jetpack_featured_media_url":"","_links":{"self":[{"href":"https:\/\/www.jornalja.com.br\/arquivo\/wp-json\/wp\/v2\/posts\/55804","targetHints":{"allow":["GET"]}}],"collection":[{"href":"https:\/\/www.jornalja.com.br\/arquivo\/wp-json\/wp\/v2\/posts"}],"about":[{"href":"https:\/\/www.jornalja.com.br\/arquivo\/wp-json\/wp\/v2\/types\/post"}],"author":[{"embeddable":true,"href":"https:\/\/www.jornalja.com.br\/arquivo\/wp-json\/wp\/v2\/users\/4"}],"replies":[{"embeddable":true,"href":"https:\/\/www.jornalja.com.br\/arquivo\/wp-json\/wp\/v2\/comments?post=55804"}],"version-history":[{"count":0,"href":"https:\/\/www.jornalja.com.br\/arquivo\/wp-json\/wp\/v2\/posts\/55804\/revisions"}],"wp:attachment":[{"href":"https:\/\/www.jornalja.com.br\/arquivo\/wp-json\/wp\/v2\/media?parent=55804"}],"wp:term":[{"taxonomy":"category","embeddable":true,"href":"https:\/\/www.jornalja.com.br\/arquivo\/wp-json\/wp\/v2\/categories?post=55804"},{"taxonomy":"post_tag","embeddable":true,"href":"https:\/\/www.jornalja.com.br\/arquivo\/wp-json\/wp\/v2\/tags?post=55804"}],"curies":[{"name":"wp","href":"https:\/\/api.w.org\/{rel}","templated":true}]}}