{"id":55820,"date":"2017-10-01T07:54:51","date_gmt":"2017-10-01T10:54:51","guid":{"rendered":"https:\/\/www.jornalja.com.br\/?p=55820"},"modified":"2017-10-01T07:54:51","modified_gmt":"2017-10-01T10:54:51","slug":"permissionarios-pagarao-ppci-do-mercado-publico-em-troca-de-divida-com-a-prefeitura","status":"publish","type":"post","link":"https:\/\/www.jornalja.com.br\/arquivo\/permissionarios-pagarao-ppci-do-mercado-publico-em-troca-de-divida-com-a-prefeitura\/","title":{"rendered":"Permission\u00e1rios pagar\u00e3o PPCI do Mercado P\u00fablico em troca de d\u00edvida com a Prefeitura"},"content":{"rendered":"<p>O munic\u00edpio e a associa\u00e7\u00e3o que re\u00fane os permission\u00e1rios do Mercado P\u00fablico assinaram na \u00faltima semana um acordo que repassa aos comerciantes a responsabilidade pela elabora\u00e7\u00e3o e execu\u00e7\u00e3o do Plano de Preven\u00e7\u00e3o Contra Inc\u00eandios (PPCI) do Mercado P\u00fablico, at\u00e9 a expedi\u00e7\u00e3o do respectivo alvar\u00e1 de inc\u00eandio.<br \/>\nO valor das obras para adequa\u00e7\u00e3o do pr\u00e9dio ser\u00e1 abatido de d\u00edvida que a Associa\u00e7\u00e3o do Com\u00e9rcio do Mercado P\u00fablico Central (Ascompe) tem com o munic\u00edpio, decorrente de a\u00e7\u00f5es trabalhistas relativas ao per\u00edodo em que a associa\u00e7\u00e3o geriu o Mercado P\u00fablico. Nessas a\u00e7\u00f5es, o munic\u00edpio foi condenado subsidiariamente ao pagamento das indeniza\u00e7\u00f5es, que somam cerca de R$700 mil. Com o acordo, a prefeitura n\u00e3o ir\u00e1 ser ressarcida e os permission\u00e1rios ficam respons\u00e1veis pelo PPCI.<br \/>\nAssinado pelo procurador-geral adjunto de Dom\u00ednio P\u00fablico, Urbanismo e Meio Ambiente, Roberto da Silva Rocha, pelo presidente da Ascompec, Jo\u00e3o Alberto Cruz de Melo, e permission\u00e1rios, o acordo dever\u00e1 ser homologado pela Justi\u00e7a, j\u00e1 que a obriga\u00e7\u00e3o de fazer o PPCI \u00e9 objeto de Termo de Ajustamento de Conduta firmado pelo munic\u00edpio e Minist\u00e9rio P\u00fablico na a\u00e7\u00e3o civil p\u00fablica Processo n. 001\/1.16.0158968-0.<br \/>\nA Associa\u00e7\u00e3o do Com\u00e9rcio do Mercado P\u00fablico Central (Ascompec) ter\u00e1 60 dias para cumprir a obriga\u00e7\u00e3o.<br \/>\nEm dificuldades financeiras, a prefeitura diz que n\u00e3o teria condi\u00e7\u00f5es de arcar com o custo do PPCI. A negocia\u00e7\u00e3o com a associa\u00e7\u00e3o dos permission\u00e1rios teve in\u00edcio em julho, quando a proposta foi apresentada pela Ascompec.<br \/>\nDurante a reuni\u00e3o que precedeu a assinatura do termo de acordo, o procurador-geral adjunto, Roberto da Silva Rocha, lembrou que o acordo resolve dois problemas: impede a interdi\u00e7\u00e3o do Mercado P\u00fablico, que precisa do PPCI para continuar funcionando, e o passivo trabalhista deixado pela associa\u00e7\u00e3o no per\u00edodo em que foi respons\u00e1vel pela gest\u00e3o do Mercado P\u00fablico.<br \/>\n\u201cEstamos resolvendo aqui uma quest\u00e3o do passado. A entidade est\u00e1 admitindo a responsabilidade pelo passivo deixado. O futuro do Mercado P\u00fablico \u00e9 outra quest\u00e3o, que est\u00e1 em an\u00e1lise pelas secretarias de Desenvolvimento Econ\u00f4mico e de Parcerias Estrat\u00e9gicas\u201d, explica Rocha.<br \/>\nO Mercado foi inaugurado em 1869 e reformado pela \u00faltima vez em 1997. Em 2003 o segundo andar pegou fogo e desde ent\u00e3o est\u00e1 interditado. O Prefeito Nelson Marchezan J\u00fanior j\u00e1 manifestou<a href=\"https:\/\/www.jornalja.com.br\/55226-2\/\"> interesse que uma Parceria P\u00fablico Privada (PPP) <\/a>assuma a gest\u00e3o do local. Os permission\u00e1rios tem d\u00favidas e dizem n\u00e3o querer que o espa\u00e7o perca ser car\u00e1ter popular.<\/p>\n","protected":false},"excerpt":{"rendered":"<p>O munic\u00edpio e a associa\u00e7\u00e3o que re\u00fane os permission\u00e1rios do Mercado P\u00fablico assinaram na \u00faltima semana um acordo que repassa aos comerciantes a responsabilidade pela elabora\u00e7\u00e3o e execu\u00e7\u00e3o do Plano de Preven\u00e7\u00e3o Contra Inc\u00eandios (PPCI) do Mercado P\u00fablico, at\u00e9 a expedi\u00e7\u00e3o do respectivo alvar\u00e1 de inc\u00eandio. O valor das obras para adequa\u00e7\u00e3o do pr\u00e9dio ser\u00e1 [&hellip;]<\/p>\n","protected":false},"author":4,"featured_media":55821,"comment_status":"open","ping_status":"closed","sticky":false,"template":"","format":"standard","meta":{"_jetpack_newsletter_access":"","_jetpack_dont_email_post_to_subs":false,"_jetpack_newsletter_tier_id":0,"_jetpack_memberships_contains_paywalled_content":false,"_jetpack_feature_clip_id":0,"_jetpack_memberships_contains_paid_content":false,"footnotes":"","jetpack_post_was_ever_published":false},"categories":[26],"tags":[],"class_list":["post-55820","post","type-post","status-publish","format-standard","has-post-thumbnail","hentry","category-geral"],"aioseo_notices":[],"aioseo_head":"\n\t\t<!-- All in One SEO 5.0.1.1 - aioseo.com -->\n\t<meta name=\"robots\" content=\"max-image-preview:large\" \/>\n\t<meta name=\"author\" content=\"da Reda\u00e7\u00e3o\"\/>\n\t<link rel=\"canonical\" href=\"https:\/\/www.jornalja.com.br\/arquivo\/permissionarios-pagarao-ppci-do-mercado-publico-em-troca-de-divida-com-a-prefeitura\/\" \/>\n\t<meta name=\"generator\" content=\"All in One SEO (AIOSEO) 5.0.1.1\" \/>\n\t\t<meta property=\"og:locale\" content=\"pt_BR\" \/>\n\t\t<meta property=\"og:site_name\" content=\"Arquivo | Jornal J\u00c1 | Porto Alegre\" \/>\n\t\t<meta property=\"og:type\" content=\"article\" \/>\n\t\t<meta property=\"og:title\" content=\"Permission\u00e1rios pagar\u00e3o PPCI do Mercado P\u00fablico em troca de d\u00edvida com a Prefeitura | Arquivo\" \/>\n\t\t<meta property=\"og:url\" content=\"https:\/\/www.jornalja.com.br\/arquivo\/permissionarios-pagarao-ppci-do-mercado-publico-em-troca-de-divida-com-a-prefeitura\/\" \/>\n\t\t<meta property=\"og:image\" content=\"https:\/\/www.jornalja.com.br\/economics\/wp-content\/uploads\/sites\/11\/2026\/08\/ja-folhaderosto-facebook.jpg\" \/>\n\t\t<meta property=\"og:image:secure_url\" content=\"https:\/\/www.jornalja.com.br\/economics\/wp-content\/uploads\/sites\/11\/2026\/08\/ja-folhaderosto-facebook.jpg\" \/>\n\t\t<meta property=\"article:published_time\" content=\"2017-10-01T10:54:51+00:00\" \/>\n\t\t<meta property=\"article:modified_time\" content=\"2017-10-01T10:54:51+00:00\" \/>\n\t\t<meta name=\"twitter:card\" content=\"summary\" \/>\n\t\t<meta name=\"twitter:title\" content=\"Permission\u00e1rios pagar\u00e3o PPCI do Mercado P\u00fablico em troca de d\u00edvida com a Prefeitura | Arquivo\" \/>\n\t\t<meta name=\"twitter:image\" content=\"https:\/\/www.jornalja.com.br\/economics\/wp-content\/uploads\/sites\/11\/2026\/08\/ja-folhaderosto-facebook.jpg\" \/>\n\t\t<script type=\"application\/ld+json\" class=\"aioseo-schema\">\n\t\t\t{\"@context\":\"https:\\\/\\\/schema.org\",\"@graph\":[{\"@type\":\"BlogPosting\",\"@id\":\"https:\\\/\\\/www.jornalja.com.br\\\/arquivo\\\/permissionarios-pagarao-ppci-do-mercado-publico-em-troca-de-divida-com-a-prefeitura\\\/#blogposting\",\"name\":\"Permission\\u00e1rios pagar\\u00e3o PPCI do Mercado P\\u00fablico em troca de d\\u00edvida com a Prefeitura | Arquivo\",\"headline\":\"Permission\\u00e1rios pagar\\u00e3o PPCI do Mercado P\\u00fablico em troca de d\\u00edvida com a Prefeitura\",\"author\":{\"@id\":\"https:\\\/\\\/www.jornalja.com.br\\\/arquivo\\\/author\\\/daredacao\\\/#author\"},\"publisher\":{\"@id\":\"https:\\\/\\\/www.jornalja.com.br\\\/arquivo\\\/#organization\"},\"image\":{\"@type\":\"ImageObject\",\"url\":55821},\"datePublished\":\"2017-10-01T07:54:51-03:00\",\"dateModified\":\"2017-10-01T07:54:51-03:00\",\"inLanguage\":\"pt-BR\",\"mainEntityOfPage\":{\"@id\":\"https:\\\/\\\/www.jornalja.com.br\\\/arquivo\\\/permissionarios-pagarao-ppci-do-mercado-publico-em-troca-de-divida-com-a-prefeitura\\\/#webpage\"},\"isPartOf\":{\"@id\":\"https:\\\/\\\/www.jornalja.com.br\\\/arquivo\\\/permissionarios-pagarao-ppci-do-mercado-publico-em-troca-de-divida-com-a-prefeitura\\\/#webpage\"},\"articleSection\":\"Geral\"},{\"@type\":\"BreadcrumbList\",\"@id\":\"https:\\\/\\\/www.jornalja.com.br\\\/arquivo\\\/permissionarios-pagarao-ppci-do-mercado-publico-em-troca-de-divida-com-a-prefeitura\\\/#breadcrumblist\",\"itemListElement\":[{\"@type\":\"ListItem\",\"@id\":\"https:\\\/\\\/www.jornalja.com.br\\\/arquivo#listItem\",\"position\":1,\"name\":\"Home\",\"item\":\"https:\\\/\\\/www.jornalja.com.br\\\/arquivo\",\"nextItem\":{\"@type\":\"ListItem\",\"@id\":\"https:\\\/\\\/www.jornalja.com.br\\\/arquivo\\\/category\\\/geral\\\/#listItem\",\"name\":\"Geral\"}},{\"@type\":\"ListItem\",\"@id\":\"https:\\\/\\\/www.jornalja.com.br\\\/arquivo\\\/category\\\/geral\\\/#listItem\",\"position\":2,\"name\":\"Geral\",\"item\":\"https:\\\/\\\/www.jornalja.com.br\\\/arquivo\\\/category\\\/geral\\\/\",\"nextItem\":{\"@type\":\"ListItem\",\"@id\":\"https:\\\/\\\/www.jornalja.com.br\\\/arquivo\\\/permissionarios-pagarao-ppci-do-mercado-publico-em-troca-de-divida-com-a-prefeitura\\\/#listItem\",\"name\":\"Permission\\u00e1rios pagar\\u00e3o PPCI do Mercado P\\u00fablico em troca de d\\u00edvida com a Prefeitura\"},\"previousItem\":{\"@type\":\"ListItem\",\"@id\":\"https:\\\/\\\/www.jornalja.com.br\\\/arquivo#listItem\",\"name\":\"Home\"}},{\"@type\":\"ListItem\",\"@id\":\"https:\\\/\\\/www.jornalja.com.br\\\/arquivo\\\/permissionarios-pagarao-ppci-do-mercado-publico-em-troca-de-divida-com-a-prefeitura\\\/#listItem\",\"position\":3,\"name\":\"Permission\\u00e1rios pagar\\u00e3o PPCI do Mercado P\\u00fablico em troca de d\\u00edvida com a Prefeitura\",\"previousItem\":{\"@type\":\"ListItem\",\"@id\":\"https:\\\/\\\/www.jornalja.com.br\\\/arquivo\\\/category\\\/geral\\\/#listItem\",\"name\":\"Geral\"}}]},{\"@type\":\"Organization\",\"@id\":\"https:\\\/\\\/www.jornalja.com.br\\\/arquivo\\\/#organization\",\"name\":\"Jornal J\\u00c1\",\"description\":\"Jornal J\\u00c1 | Porto Alegre\",\"url\":\"https:\\\/\\\/www.jornalja.com.br\\\/arquivo\\\/\",\"telephone\":\"+555133307272\",\"logo\":{\"@type\":\"ImageObject\",\"url\":\"https:\\\/\\\/www.jornalja.com.br\\\/wp-content\\\/uploads\\\/cards\\\/JAslogan.png\",\"@id\":\"https:\\\/\\\/www.jornalja.com.br\\\/arquivo\\\/permissionarios-pagarao-ppci-do-mercado-publico-em-troca-de-divida-com-a-prefeitura\\\/#organizationLogo\"},\"image\":{\"@id\":\"https:\\\/\\\/www.jornalja.com.br\\\/arquivo\\\/permissionarios-pagarao-ppci-do-mercado-publico-em-troca-de-divida-com-a-prefeitura\\\/#organizationLogo\"}},{\"@type\":\"Person\",\"@id\":\"https:\\\/\\\/www.jornalja.com.br\\\/arquivo\\\/author\\\/daredacao\\\/#author\",\"url\":\"https:\\\/\\\/www.jornalja.com.br\\\/arquivo\\\/author\\\/daredacao\\\/\",\"name\":\"da Reda\\u00e7\\u00e3o\",\"image\":{\"@type\":\"ImageObject\",\"@id\":\"https:\\\/\\\/www.jornalja.com.br\\\/arquivo\\\/permissionarios-pagarao-ppci-do-mercado-publico-em-troca-de-divida-com-a-prefeitura\\\/#authorImage\",\"url\":\"https:\\\/\\\/secure.gravatar.com\\\/avatar\\\/469fd857d6605ad19919d27ed29d35a968a25f6e8fd9318356bbb7f57aae9c65?s=96&d=mm&r=g\",\"width\":96,\"height\":96,\"caption\":\"da Reda\\u00e7\\u00e3o\"}},{\"@type\":\"WebPage\",\"@id\":\"https:\\\/\\\/www.jornalja.com.br\\\/arquivo\\\/permissionarios-pagarao-ppci-do-mercado-publico-em-troca-de-divida-com-a-prefeitura\\\/#webpage\",\"url\":\"https:\\\/\\\/www.jornalja.com.br\\\/arquivo\\\/permissionarios-pagarao-ppci-do-mercado-publico-em-troca-de-divida-com-a-prefeitura\\\/\",\"name\":\"Permission\\u00e1rios pagar\\u00e3o PPCI do Mercado P\\u00fablico em troca de d\\u00edvida com a Prefeitura | Arquivo\",\"inLanguage\":\"pt-BR\",\"isPartOf\":{\"@id\":\"https:\\\/\\\/www.jornalja.com.br\\\/arquivo\\\/#website\"},\"breadcrumb\":{\"@id\":\"https:\\\/\\\/www.jornalja.com.br\\\/arquivo\\\/permissionarios-pagarao-ppci-do-mercado-publico-em-troca-de-divida-com-a-prefeitura\\\/#breadcrumblist\"},\"author\":{\"@id\":\"https:\\\/\\\/www.jornalja.com.br\\\/arquivo\\\/author\\\/daredacao\\\/#author\"},\"creator\":{\"@id\":\"https:\\\/\\\/www.jornalja.com.br\\\/arquivo\\\/author\\\/daredacao\\\/#author\"},\"image\":{\"@type\":\"ImageObject\",\"url\":55821,\"@id\":\"https:\\\/\\\/www.jornalja.com.br\\\/arquivo\\\/permissionarios-pagarao-ppci-do-mercado-publico-em-troca-de-divida-com-a-prefeitura\\\/#mainImage\"},\"primaryImageOfPage\":{\"@id\":\"https:\\\/\\\/www.jornalja.com.br\\\/arquivo\\\/permissionarios-pagarao-ppci-do-mercado-publico-em-troca-de-divida-com-a-prefeitura\\\/#mainImage\"},\"datePublished\":\"2017-10-01T07:54:51-03:00\",\"dateModified\":\"2017-10-01T07:54:51-03:00\"},{\"@type\":\"WebSite\",\"@id\":\"https:\\\/\\\/www.jornalja.com.br\\\/arquivo\\\/#website\",\"url\":\"https:\\\/\\\/www.jornalja.com.br\\\/arquivo\\\/\",\"name\":\"Arquivo\",\"description\":\"Jornal J\\u00c1 | Porto Alegre\",\"inLanguage\":\"pt-BR\",\"publisher\":{\"@id\":\"https:\\\/\\\/www.jornalja.com.br\\\/arquivo\\\/#organization\"}}]}\n\t\t<\/script>\n\t\t<!-- All in One SEO -->\n\n","aioseo_head_json":{"title":"Permission\u00e1rios pagar\u00e3o PPCI do Mercado P\u00fablico em troca de d\u00edvida com a Prefeitura | Arquivo","description":"","canonical_url":"https:\/\/www.jornalja.com.br\/arquivo\/permissionarios-pagarao-ppci-do-mercado-publico-em-troca-de-divida-com-a-prefeitura\/","robots":"max-image-preview:large","keywords":"","webmasterTools":{"miscellaneous":""},"schema":{"@context":"https:\/\/schema.org","@graph":[{"@type":"BlogPosting","@id":"https:\/\/www.jornalja.com.br\/arquivo\/permissionarios-pagarao-ppci-do-mercado-publico-em-troca-de-divida-com-a-prefeitura\/#blogposting","name":"Permission\u00e1rios pagar\u00e3o PPCI do Mercado P\u00fablico em troca de d\u00edvida com a Prefeitura | Arquivo","headline":"Permission\u00e1rios pagar\u00e3o PPCI do Mercado P\u00fablico em troca de d\u00edvida com a Prefeitura","author":{"@id":"https:\/\/www.jornalja.com.br\/arquivo\/author\/daredacao\/#author"},"publisher":{"@id":"https:\/\/www.jornalja.com.br\/arquivo\/#organization"},"image":{"@type":"ImageObject","url":55821},"datePublished":"2017-10-01T07:54:51-03:00","dateModified":"2017-10-01T07:54:51-03:00","inLanguage":"pt-BR","mainEntityOfPage":{"@id":"https:\/\/www.jornalja.com.br\/arquivo\/permissionarios-pagarao-ppci-do-mercado-publico-em-troca-de-divida-com-a-prefeitura\/#webpage"},"isPartOf":{"@id":"https:\/\/www.jornalja.com.br\/arquivo\/permissionarios-pagarao-ppci-do-mercado-publico-em-troca-de-divida-com-a-prefeitura\/#webpage"},"articleSection":"Geral"},{"@type":"BreadcrumbList","@id":"https:\/\/www.jornalja.com.br\/arquivo\/permissionarios-pagarao-ppci-do-mercado-publico-em-troca-de-divida-com-a-prefeitura\/#breadcrumblist","itemListElement":[{"@type":"ListItem","@id":"https:\/\/www.jornalja.com.br\/arquivo#listItem","position":1,"name":"Home","item":"https:\/\/www.jornalja.com.br\/arquivo","nextItem":{"@type":"ListItem","@id":"https:\/\/www.jornalja.com.br\/arquivo\/category\/geral\/#listItem","name":"Geral"}},{"@type":"ListItem","@id":"https:\/\/www.jornalja.com.br\/arquivo\/category\/geral\/#listItem","position":2,"name":"Geral","item":"https:\/\/www.jornalja.com.br\/arquivo\/category\/geral\/","nextItem":{"@type":"ListItem","@id":"https:\/\/www.jornalja.com.br\/arquivo\/permissionarios-pagarao-ppci-do-mercado-publico-em-troca-de-divida-com-a-prefeitura\/#listItem","name":"Permission\u00e1rios pagar\u00e3o PPCI do Mercado P\u00fablico em troca de d\u00edvida com a Prefeitura"},"previousItem":{"@type":"ListItem","@id":"https:\/\/www.jornalja.com.br\/arquivo#listItem","name":"Home"}},{"@type":"ListItem","@id":"https:\/\/www.jornalja.com.br\/arquivo\/permissionarios-pagarao-ppci-do-mercado-publico-em-troca-de-divida-com-a-prefeitura\/#listItem","position":3,"name":"Permission\u00e1rios pagar\u00e3o PPCI do Mercado P\u00fablico em troca de d\u00edvida com a Prefeitura","previousItem":{"@type":"ListItem","@id":"https:\/\/www.jornalja.com.br\/arquivo\/category\/geral\/#listItem","name":"Geral"}}]},{"@type":"Organization","@id":"https:\/\/www.jornalja.com.br\/arquivo\/#organization","name":"Jornal J\u00c1","description":"Jornal J\u00c1 | Porto Alegre","url":"https:\/\/www.jornalja.com.br\/arquivo\/","telephone":"+555133307272","logo":{"@type":"ImageObject","url":"https:\/\/www.jornalja.com.br\/wp-content\/uploads\/cards\/JAslogan.png","@id":"https:\/\/www.jornalja.com.br\/arquivo\/permissionarios-pagarao-ppci-do-mercado-publico-em-troca-de-divida-com-a-prefeitura\/#organizationLogo"},"image":{"@id":"https:\/\/www.jornalja.com.br\/arquivo\/permissionarios-pagarao-ppci-do-mercado-publico-em-troca-de-divida-com-a-prefeitura\/#organizationLogo"}},{"@type":"Person","@id":"https:\/\/www.jornalja.com.br\/arquivo\/author\/daredacao\/#author","url":"https:\/\/www.jornalja.com.br\/arquivo\/author\/daredacao\/","name":"da Reda\u00e7\u00e3o","image":{"@type":"ImageObject","@id":"https:\/\/www.jornalja.com.br\/arquivo\/permissionarios-pagarao-ppci-do-mercado-publico-em-troca-de-divida-com-a-prefeitura\/#authorImage","url":"https:\/\/secure.gravatar.com\/avatar\/469fd857d6605ad19919d27ed29d35a968a25f6e8fd9318356bbb7f57aae9c65?s=96&d=mm&r=g","width":96,"height":96,"caption":"da Reda\u00e7\u00e3o"}},{"@type":"WebPage","@id":"https:\/\/www.jornalja.com.br\/arquivo\/permissionarios-pagarao-ppci-do-mercado-publico-em-troca-de-divida-com-a-prefeitura\/#webpage","url":"https:\/\/www.jornalja.com.br\/arquivo\/permissionarios-pagarao-ppci-do-mercado-publico-em-troca-de-divida-com-a-prefeitura\/","name":"Permission\u00e1rios pagar\u00e3o PPCI do Mercado P\u00fablico em troca de d\u00edvida com a Prefeitura | Arquivo","inLanguage":"pt-BR","isPartOf":{"@id":"https:\/\/www.jornalja.com.br\/arquivo\/#website"},"breadcrumb":{"@id":"https:\/\/www.jornalja.com.br\/arquivo\/permissionarios-pagarao-ppci-do-mercado-publico-em-troca-de-divida-com-a-prefeitura\/#breadcrumblist"},"author":{"@id":"https:\/\/www.jornalja.com.br\/arquivo\/author\/daredacao\/#author"},"creator":{"@id":"https:\/\/www.jornalja.com.br\/arquivo\/author\/daredacao\/#author"},"image":{"@type":"ImageObject","url":55821,"@id":"https:\/\/www.jornalja.com.br\/arquivo\/permissionarios-pagarao-ppci-do-mercado-publico-em-troca-de-divida-com-a-prefeitura\/#mainImage"},"primaryImageOfPage":{"@id":"https:\/\/www.jornalja.com.br\/arquivo\/permissionarios-pagarao-ppci-do-mercado-publico-em-troca-de-divida-com-a-prefeitura\/#mainImage"},"datePublished":"2017-10-01T07:54:51-03:00","dateModified":"2017-10-01T07:54:51-03:00"},{"@type":"WebSite","@id":"https:\/\/www.jornalja.com.br\/arquivo\/#website","url":"https:\/\/www.jornalja.com.br\/arquivo\/","name":"Arquivo","description":"Jornal J\u00c1 | Porto Alegre","inLanguage":"pt-BR","publisher":{"@id":"https:\/\/www.jornalja.com.br\/arquivo\/#organization"}}]},"og:locale":"pt_BR","og:site_name":"Arquivo | Jornal J\u00c1 | Porto Alegre","og:type":"article","og:title":"Permission\u00e1rios pagar\u00e3o PPCI do Mercado P\u00fablico em troca de d\u00edvida com a Prefeitura | Arquivo","og:url":"https:\/\/www.jornalja.com.br\/arquivo\/permissionarios-pagarao-ppci-do-mercado-publico-em-troca-de-divida-com-a-prefeitura\/","og:image":"https:\/\/www.jornalja.com.br\/economics\/wp-content\/uploads\/sites\/11\/2026\/08\/ja-folhaderosto-facebook.jpg","og:image:secure_url":"https:\/\/www.jornalja.com.br\/economics\/wp-content\/uploads\/sites\/11\/2026\/08\/ja-folhaderosto-facebook.jpg","article:published_time":"2017-10-01T10:54:51+00:00","article:modified_time":"2017-10-01T10:54:51+00:00","twitter:card":"summary","twitter:title":"Permission\u00e1rios pagar\u00e3o PPCI do Mercado P\u00fablico em troca de d\u00edvida com a Prefeitura | Arquivo","twitter:image":"https:\/\/www.jornalja.com.br\/economics\/wp-content\/uploads\/sites\/11\/2026\/08\/ja-folhaderosto-facebook.jpg"},"aioseo_meta_data":{"post_id":"55820","title":null,"description":null,"keywords":null,"keyphrases":null,"primary_term":null,"canonical_url":null,"og_title":null,"og_description":null,"og_object_type":"default","og_image_type":"default","og_image_url":null,"og_image_width":null,"og_image_height":null,"og_image_custom_url":null,"og_image_custom_fields":null,"og_video":null,"og_custom_url":null,"og_article_section":null,"og_article_tags":null,"twitter_use_og":false,"twitter_card":"default","twitter_image_type":"default","twitter_image_url":null,"twitter_image_custom_url":null,"twitter_image_custom_fields":null,"twitter_title":null,"twitter_description":null,"schema":{"blockGraphs":[],"customGraphs":[],"default":{"data":{"Article":[],"Course":[],"Dataset":[],"FAQPage":[],"Movie":[],"Person":[],"Product":[],"ProductReview":[],"Car":[],"Recipe":[],"Service":[],"SoftwareApplication":[],"WebPage":[]},"graphName":"","isEnabled":true},"graphs":[]},"schema_type":null,"schema_type_options":null,"pillar_content":false,"robots_default":true,"robots_noindex":false,"robots_noarchive":false,"robots_nosnippet":false,"robots_nofollow":false,"robots_noimageindex":false,"robots_noodp":false,"robots_notranslate":false,"robots_max_snippet":null,"robots_max_videopreview":null,"robots_max_imagepreview":"large","priority":null,"frequency":null,"location":null,"local_seo":null,"breadcrumb_settings":null,"limit_modified_date":false,"ai":null,"created":"2020-12-20 20:24:05","updated":"2025-07-20 01:33:23","seo_analyzer_scan_date":null,"focus_keyword":null,"additional_keywords":null,"truseo_locale":null},"jetpack_sharing_enabled":true,"jetpack-related-posts":[{"id":13124,"url":"https:\/\/www.jornalja.com.br\/arquivo\/sangue-latino-no-iecine\/","url_meta":{"origin":55820,"position":0},"title":"Sangue latino no IECINE","author":"da Reda\u00e7\u00e3o","date":"18 de maio de 2014","format":false,"excerpt":"Francisco Ribeiro O Instituto Estadual de Cinema (IECINE) tem a frente, desde abril \u00faltimo, um novo diretor, o cineasta colombiano Juan Zapata, 36, que substitui Luiz Alberto Cassol. Radicado h\u00e1 dez anos em Porto Alegre, Zapata tem diante de si o desafio de conduzir at\u00e9 o final do ano um\u2026","rel":"","context":"Em &quot;Cultura-Geral&quot;","block_context":{"text":"Cultura-Geral","link":"https:\/\/www.jornalja.com.br\/arquivo\/category\/materiasecundaria\/"},"img":{"alt_text":"","src":"","width":0,"height":0},"classes":[]},{"id":14241,"url":"https:\/\/www.jornalja.com.br\/arquivo\/o-guaiba-nas-imagens-poeticas-de-achutti\/","url_meta":{"origin":55820,"position":1},"title":"O Gua\u00edba nas imagens po\u00e9ticas de Achutti","author":"da Reda\u00e7\u00e3o","date":"18 de junho de 2014","format":false,"excerpt":"Em \u201cO Gua\u00edba por Achutti\u201d \u2013 obra financiada via Minist\u00e9rio da Cultura, produ\u00e7\u00e3o executiva de Pedro Longhi, e Fl\u00e1vio Wild como designer \u2013, o fot\u00f3grafo revela a beleza e as mazelas de um espa\u00e7o aqu\u00e1tico de \u00e1guas sempre renovadas, cheio de hist\u00f3rias e lendas como as das cidades que foram\u2026","rel":"","context":"Em &quot;Cultura-Geral&quot;","block_context":{"text":"Cultura-Geral","link":"https:\/\/www.jornalja.com.br\/arquivo\/category\/materiasecundaria\/"},"img":{"alt_text":"","src":"","width":0,"height":0},"classes":[]},{"id":13109,"url":"https:\/\/www.jornalja.com.br\/arquivo\/judiciario-reconhece-poluicao-eletromagnetica\/","url_meta":{"origin":55820,"position":2},"title":"Judici\u00e1rio reconhece polui\u00e7\u00e3o eletromagn\u00e9tica","author":"Patr\u00edcia Marini","date":"16 de maio de 2014","format":false,"excerpt":"A\u00e7\u00e3o de duas associa\u00e7\u00f5es de moradores foi acolhida pelo Tribunal de Justi\u00e7a de S\u00e3o Paulo que. em decis\u00e3o in\u00e9dita, determinou a redu\u00e7\u00e3o do campo eletromagn\u00e9tico gerado pelas linhas de transmiss\u00e3o de energia que cortam os bairros City Boa\u00e7ava e Alto de Pinheiros. \u00c9 a primeira vez que um tribunal do\u2026","rel":"","context":"Em &quot;X.Categorias velhas&quot;","block_context":{"text":"X.Categorias velhas","link":"https:\/\/www.jornalja.com.br\/arquivo\/category\/x-categorias-velhas\/"},"img":{"alt_text":"","src":"","width":0,"height":0},"classes":[]},{"id":5440,"url":"https:\/\/www.jornalja.com.br\/arquivo\/casarao-da-venancio-destino-permanece-incerto\/","url_meta":{"origin":55820,"position":3},"title":"Estado ainda n\u00e3o sabe o que fazer com casar\u00e3o abandonado h\u00e1 20 anos","author":"Elmar Bones","date":"6 de julho de 2009","format":false,"excerpt":"O casar\u00e3o amarelo, numa esquina nobre de Porto Alegre (Ven\u00e2ncio Aires com Jo\u00e3o Pessoa), j\u00e1 abrigou uma escola. H\u00e1 duas d\u00e9cadas, pelo menos, est\u00e1 abandonado, porque seu propriet\u00e1rio, o governo do Estado do Rio Grande do Sul, n\u00e3o consegue achar um destino para ele. Planos n\u00e3o faltaram. O governador Ol\u00edvio\u2026","rel":"","context":"Em &quot;X.Categorias velhas&quot;","block_context":{"text":"X.Categorias velhas","link":"https:\/\/www.jornalja.com.br\/arquivo\/category\/x-categorias-velhas\/"},"img":{"alt_text":"geraldo1","src":"https:\/\/i0.wp.com\/www.jornalja.com.br\/wp-content\/uploads\/2009\/07\/geraldo1.jpg?resize=350%2C200&ssl=1","width":350,"height":200},"classes":[]},{"id":12960,"url":"https:\/\/www.jornalja.com.br\/arquivo\/populacao-culpa-empresas-pela-greve-dos-rodoviarios\/","url_meta":{"origin":55820,"position":4},"title":"Popula\u00e7\u00e3o culpa empresas pela greve","author":"Patr\u00edcia Marini","date":"14 de fevereiro de 2014","format":false,"excerpt":"Pesquisa divulgada na edi\u00e7\u00e3o do jornal Metro desta sexta-feira,14, comprova o velho ditado: \u00e9 poss\u00edvel enganar muitos por algum tempo, mas n\u00e3o \u00e9 poss\u00edvel enganar a todos o tempo inteiro. A principal revela\u00e7\u00e3o foi que 59,8% dos entrevistados apontaram as empresas como as principais respons\u00e1veis pela grave e 46% culparam\u2026","rel":"","context":"Em &quot;X.Categorias velhas&quot;","block_context":{"text":"X.Categorias velhas","link":"https:\/\/www.jornalja.com.br\/arquivo\/category\/x-categorias-velhas\/"},"img":{"alt_text":"","src":"","width":0,"height":0},"classes":[]},{"id":13128,"url":"https:\/\/www.jornalja.com.br\/arquivo\/maconha-terra-diz-que-uso-medicinal-e-desculpa\/","url_meta":{"origin":55820,"position":5},"title":"Maconha: Terra diz que uso medicinal \u00e9 desculpa","author":"Patr\u00edcia Marini","date":"4 de junho de 2014","format":false,"excerpt":"A condi\u00e7\u00e3o de pol\u00edtico, em \u00e9poca de campanha de campanha eleitoral, tira for\u00e7a do discurso do m\u00e9dico Osmar Terra contra a legaliza\u00e7\u00e3o da maconha. A tese dele de que a libera\u00e7\u00e3o vai ampliar exponencialmente o consumo \u00e9 discutivel, o consumo \u00e9 corrente. Mas seus alertas quanto aos riscos tem que\u2026","rel":"","context":"Em &quot;X.Categorias velhas&quot;","block_context":{"text":"X.Categorias velhas","link":"https:\/\/www.jornalja.com.br\/arquivo\/category\/x-categorias-velhas\/"},"img":{"alt_text":"","src":"","width":0,"height":0},"classes":[]}],"jetpack_shortlink":"https:\/\/wp.me\/pbQjBd-ewk","jetpack_featured_media_url":"","_links":{"self":[{"href":"https:\/\/www.jornalja.com.br\/arquivo\/wp-json\/wp\/v2\/posts\/55820","targetHints":{"allow":["GET"]}}],"collection":[{"href":"https:\/\/www.jornalja.com.br\/arquivo\/wp-json\/wp\/v2\/posts"}],"about":[{"href":"https:\/\/www.jornalja.com.br\/arquivo\/wp-json\/wp\/v2\/types\/post"}],"author":[{"embeddable":true,"href":"https:\/\/www.jornalja.com.br\/arquivo\/wp-json\/wp\/v2\/users\/4"}],"replies":[{"embeddable":true,"href":"https:\/\/www.jornalja.com.br\/arquivo\/wp-json\/wp\/v2\/comments?post=55820"}],"version-history":[{"count":0,"href":"https:\/\/www.jornalja.com.br\/arquivo\/wp-json\/wp\/v2\/posts\/55820\/revisions"}],"wp:attachment":[{"href":"https:\/\/www.jornalja.com.br\/arquivo\/wp-json\/wp\/v2\/media?parent=55820"}],"wp:term":[{"taxonomy":"category","embeddable":true,"href":"https:\/\/www.jornalja.com.br\/arquivo\/wp-json\/wp\/v2\/categories?post=55820"},{"taxonomy":"post_tag","embeddable":true,"href":"https:\/\/www.jornalja.com.br\/arquivo\/wp-json\/wp\/v2\/tags?post=55820"}],"curies":[{"name":"wp","href":"https:\/\/api.w.org\/{rel}","templated":true}]}}