{"id":55870,"date":"2017-10-02T16:36:03","date_gmt":"2017-10-02T19:36:03","guid":{"rendered":"https:\/\/www.jornalja.com.br\/?p=55870"},"modified":"2017-10-02T16:36:03","modified_gmt":"2017-10-02T19:36:03","slug":"temporal-deixa-estragos-em-pelo-menos-21-cidades-no-rs","status":"publish","type":"post","link":"https:\/\/www.jornalja.com.br\/arquivo\/temporal-deixa-estragos-em-pelo-menos-21-cidades-no-rs\/","title":{"rendered":"Temporal deixa estragos em pelo menos 21 cidades no RS"},"content":{"rendered":"<p>A Defesa Civil do Rio Grande do Sul divulgou, nesta segunda-feira, 02\/10, boletim com as mais recentes informa\u00e7\u00f5es sobre os munic\u00edpios atingidos pelos fortes ventos e pelas chuvas que impactaram parte do Rio Grande do Sul no fim da tarde deste domingo.<br \/>\nSegundo o \u00f3rg\u00e3o, 21 munic\u00edpios apresentaram algum tipo de preju\u00edzo. \u00c0s 10h30, o \u00f3rg\u00e3o fez um sobrevoo para averiguar a situa\u00e7\u00e3o dos munic\u00edpios impactados.<br \/>\nNa noite de domingo, cerca de 600 mil pessoas ficaram sem energia, na come\u00e7o da tarde desta segunda ainda haviam mais de 200 mil pontos sem luz.<br \/>\nAs rajadas de vento atingiram 120km\/h em alguns pontos. Quase mil casa ficaram destelhadas no Estado e ocorreram dois acidentes com mortes ligados ao temporal. O subchefe da Defesa Civil, tenente-coronel Jarbas Trois de \u00c1vila, sobrevoou os munic\u00edpios da Regi\u00e3o Metropolitana atingidos pelo temporal.<br \/>\nPara o subchefe da Defesa Civil, \u201ccom o sobrevoo podemos analisar, no local, de forma exata, a situa\u00e7\u00e3o das \u00e1reas afetadas\u201d, explicou. Al\u00e9m do sobrevoo, a Defesa Civil segue com o acompanhamento das Coordenadorias Regionais em conjunto com os munic\u00edpios, oferecendo a ajuda necess\u00e1ria aos \u00f3rg\u00e3os de seguran\u00e7a das localidades atingidas.<br \/>\nEm Porto Alegre, o Gin\u00e1sio de Esportes da Brigada Militar, localizado no cruzamento da Avenida Ipiranga com a Rua Silva S\u00f3, teve parte do telhado arrancada com a for\u00e7a da ventania.<br \/>\nA cobertura do Circo da R\u00fassia, instalado no bairro Praia de Belas, foi derrubada com as rajadas de vento que ultrapassaram os 100 quil\u00f4metros por hora na Capital. Cerca de 70 pessoas estavam no local e houve ao menos uma pessoa ferida.<br \/>\nO concerto da OSPA, no Jardim Bot\u00e2nico, foi suspenso e houve tumulto no local, mas n\u00e3o houve registro de feridos graves. Outras 20 ruas ficaram parcialmente ou totalmente bloqueadas por quedas de \u00e1rvores e postes de luz.<br \/>\n<figure id=\"attachment_55872\" aria-describedby=\"caption-attachment-55872\" style=\"width: 400px\" class=\"wp-caption alignnone\"><img loading=\"lazy\" decoding=\"async\" class=\"size-medium wp-image-55872\" src=\"https:\/\/www.jornalja.com.br\/wp-content\/uploads\/2017\/10\/1506960759_2017-10-02-Montenegro-Estragos-temporal-Casa03-400x267.jpg\" alt=\"\" width=\"400\" height=\"267\" \/><figcaption id=\"caption-attachment-55872\" class=\"wp-caption-text\">Os ventos fortes destelharam 300 casas em Montenegro, segundo a Defesa Civil local \/ Nabor Goulart \/ Casa Civil<\/figcaption><\/figure><br \/>\nEm Montenegro, a Defesa Civil do Estado confirmou o registro de destelhamento de 300 casas e v\u00e1rias fam\u00edlias j\u00e1 receberam lonas como medida provis\u00f3ria. Agora, os coordenadores da Regional Metropolitana est\u00e3o auxiliando os munic\u00edpios no processo de poss\u00edvel decreta\u00e7\u00e3o de Situa\u00e7\u00e3o de Emerg\u00eancia.<br \/>\nO governador Jos\u00e9 Ivo Sartori manifestou-se sobre o trabalho da Defesa Civil do Estado e afirmou que a prioridade \u00e9 o atendimento \u00e0s pessoas e o restabelecimento dos servi\u00e7os. &#8220;Estou desde ontem em contato permanente com as equipes da Defesa Civil e com os prefeitos. A prioridade \u00e9 o socorro imediato \u00e0s v\u00edtimas e o restabelecimento de servi\u00e7os essenciais, como acesso \u00e0 \u00e1gua e \u00e0 luz e o desbloqueio de vias&#8221;, disse em nota divulgada pelo Pal\u00e1cio Piratini.<br \/>\nQualquer informa\u00e7\u00e3o ou pedido de aux\u00edlio podem ser encaminhados por meio do telefone 199.<br \/>\n<span class=\"intertit\">Duas mortes em acidentes<\/span><br \/>\nUm motorista, que trafegava pela RS-155, entre Santo Augusto e Iju\u00ed, na noroeste do Estado ga\u00facha, morreu ao ter o seu carro atingido por uma \u00e1rvore. Albino de Jesus, com idade estimada em 60 anos, morreu no local devido ao impacto.<br \/>\nJ\u00e1 em Sapiranga, a jovem Aline Aparecida Nunes Cortes de Mello, de 28 anos, foi decapitada por um fio de luz. O acidente ocorreu na Avenida Travess\u00e3o Ferrabraz. A jovem teve a cabe\u00e7a decepada ao ser atingida por um fio de um poste da rede el\u00e9trica que caiu neste domingo. Aline estava em uma motocicleta conduzida pelo marido. O casal trafegava na rua e n\u00e3o percebeu que o poste estava ca\u00eddo com fios no meio da rua. O marido conseguiu desviar o corpo ao se aproximar dos fios e n\u00e3o teve les\u00f5es graves.<br \/>\n<span class=\"culturadestaque\">Balan\u00e7o da Defesa Civil:<\/span><\/p>\n<table border=\"1\" cellspacing=\"0\" cellpadding=\"0\">\n<tbody>\n<tr>\n<td><strong>Munic\u00edpio<\/strong><\/td>\n<td><strong>Dano<\/strong><\/td>\n<\/tr>\n<tr>\n<td>Santo Augusto<\/td>\n<td>1 \u00f3bito (\u00e1rvore sobre carro na RS-155 entre Santo Augusto e Iju\u00ed)<\/td>\n<\/tr>\n<tr>\n<td>Porto Alegre<\/td>\n<td>5 pessoas feridas | Destelhamento (atualizando informa\u00e7\u00e3o)<\/td>\n<\/tr>\n<tr>\n<td>Iju\u00ed<\/td>\n<td>Destelhamento (300 resid\u00eancias) | Queda de \u00e1rvores<\/td>\n<\/tr>\n<tr>\n<td>Montenegro<\/td>\n<td>Destelhamento (300 resid\u00eancias, segundo Defesa Civil local)<\/td>\n<\/tr>\n<tr>\n<td>Tupanciret\u00e3<\/td>\n<td>Destelhamento (100 resid\u00eancias)<\/td>\n<\/tr>\n<tr>\n<td>Santa Cruz do Sul<\/td>\n<td>Dano na estrutura no parque da Oktobertfest | Queda de \u00e1rvores | Danos diversos em 85 resid\u00eancias<\/td>\n<\/tr>\n<tr>\n<td>Ven\u00e2ncio Aires<\/td>\n<td>Destelhamento (64 resid\u00eancias)<\/td>\n<\/tr>\n<tr>\n<td>J\u00falio de Castilhos<\/td>\n<td>Destelhamento (50 resid\u00eancias)<\/td>\n<\/tr>\n<tr>\n<td>Soledade<\/td>\n<td>Destelhamento (20 resid\u00eancias)<\/td>\n<\/tr>\n<tr>\n<td>Lajeado<\/td>\n<td>Destelhamento (18 resid\u00eancias)<\/td>\n<\/tr>\n<tr>\n<td>Ernestina<\/td>\n<td>Destelhamento (18 resid\u00eancias)<\/td>\n<\/tr>\n<tr>\n<td>Canudos do Vale<\/td>\n<td>Destelhamento (6 resid\u00eancias)<\/td>\n<\/tr>\n<tr>\n<td>Harmonia<\/td>\n<td>Destelhamento (4 resid\u00eancias)<\/td>\n<\/tr>\n<tr>\n<td>Bag\u00e9<\/td>\n<td>Destelhamento (3 resid\u00eancias) | 1 fam\u00edlia desalojada<\/td>\n<\/tr>\n<tr>\n<td>Mato Queimado<\/td>\n<td>Destelhamento (3 resid\u00eancias)<\/td>\n<\/tr>\n<tr>\n<td>Arroio do Meio<\/td>\n<td>Destelhamento (2 resid\u00eancias)<\/td>\n<\/tr>\n<tr>\n<td>Uruguaiana<\/td>\n<td>Destelhamento (1 resid\u00eancia) | 1 fam\u00edlia desalojada<\/td>\n<\/tr>\n<tr>\n<td>S\u00e3o Pedro da Serra<\/td>\n<td>Destelhamento (1 resid\u00eancia) | 1 fam\u00edlia desalojada<\/td>\n<\/tr>\n<tr>\n<td>S\u00e3o Miguel das Miss\u00f5es<\/td>\n<td>Falta de \u00e1gua e energia el\u00e9trica |\u00a0Postes ca\u00eddos na RS-536<\/td>\n<\/tr>\n<tr>\n<td>Cachoeira do Sul<\/td>\n<td>Queda de \u00e1rvores na BR-290<\/td>\n<\/tr>\n<tr>\n<td>Santo \u00c2ngelo<\/td>\n<td>Destelhamentos (atualizando informa\u00e7\u00e3o)<\/td>\n<\/tr>\n<\/tbody>\n<\/table>\n<p>&nbsp;<\/p>\n","protected":false},"excerpt":{"rendered":"<p>A Defesa Civil do Rio Grande do Sul divulgou, nesta segunda-feira, 02\/10, boletim com as mais recentes informa\u00e7\u00f5es sobre os munic\u00edpios atingidos pelos fortes ventos e pelas chuvas que impactaram parte do Rio Grande do Sul no fim da tarde deste domingo. Segundo o \u00f3rg\u00e3o, 21 munic\u00edpios apresentaram algum tipo de preju\u00edzo. \u00c0s 10h30, o [&hellip;]<\/p>\n","protected":false},"author":4,"featured_media":55871,"comment_status":"open","ping_status":"closed","sticky":false,"template":"","format":"standard","meta":{"_jetpack_newsletter_access":"","_jetpack_dont_email_post_to_subs":false,"_jetpack_newsletter_tier_id":0,"_jetpack_memberships_contains_paywalled_content":false,"_jetpack_feature_clip_id":0,"_jetpack_memberships_contains_paid_content":false,"footnotes":"","jetpack_post_was_ever_published":false},"categories":[26],"tags":[],"class_list":["post-55870","post","type-post","status-publish","format-standard","has-post-thumbnail","hentry","category-geral"],"aioseo_notices":[],"aioseo_head":"\n\t\t<!-- All in One SEO 5.0.1.1 - aioseo.com -->\n\t<meta name=\"robots\" content=\"max-image-preview:large\" \/>\n\t<meta name=\"author\" content=\"da Reda\u00e7\u00e3o\"\/>\n\t<link rel=\"canonical\" href=\"https:\/\/www.jornalja.com.br\/arquivo\/temporal-deixa-estragos-em-pelo-menos-21-cidades-no-rs\/\" \/>\n\t<meta name=\"generator\" content=\"All in One SEO (AIOSEO) 5.0.1.1\" \/>\n\t\t<meta property=\"og:locale\" content=\"pt_BR\" \/>\n\t\t<meta property=\"og:site_name\" content=\"Arquivo | Jornal J\u00c1 | Porto Alegre\" \/>\n\t\t<meta property=\"og:type\" content=\"article\" \/>\n\t\t<meta property=\"og:title\" content=\"Temporal deixa estragos em pelo menos 21 cidades no RS | Arquivo\" \/>\n\t\t<meta property=\"og:url\" content=\"https:\/\/www.jornalja.com.br\/arquivo\/temporal-deixa-estragos-em-pelo-menos-21-cidades-no-rs\/\" \/>\n\t\t<meta property=\"og:image\" content=\"https:\/\/www.jornalja.com.br\/wp-content\/uploads\/2017\/10\/1506960759_2017-10-02-Montenegro-Estragos-temporal-Casa03-400x267.jpg\" \/>\n\t\t<meta property=\"og:image:secure_url\" content=\"https:\/\/www.jornalja.com.br\/wp-content\/uploads\/2017\/10\/1506960759_2017-10-02-Montenegro-Estragos-temporal-Casa03-400x267.jpg\" \/>\n\t\t<meta property=\"article:published_time\" content=\"2017-10-02T19:36:03+00:00\" \/>\n\t\t<meta property=\"article:modified_time\" content=\"2017-10-02T19:36:03+00:00\" \/>\n\t\t<meta name=\"twitter:card\" content=\"summary\" \/>\n\t\t<meta name=\"twitter:title\" content=\"Temporal deixa estragos em pelo menos 21 cidades no RS | Arquivo\" \/>\n\t\t<meta name=\"twitter:image\" content=\"https:\/\/www.jornalja.com.br\/economics\/wp-content\/uploads\/sites\/11\/2026\/08\/ja-folhaderosto-facebook.jpg\" \/>\n\t\t<script type=\"application\/ld+json\" class=\"aioseo-schema\">\n\t\t\t{\"@context\":\"https:\\\/\\\/schema.org\",\"@graph\":[{\"@type\":\"BlogPosting\",\"@id\":\"https:\\\/\\\/www.jornalja.com.br\\\/arquivo\\\/temporal-deixa-estragos-em-pelo-menos-21-cidades-no-rs\\\/#blogposting\",\"name\":\"Temporal deixa estragos em pelo menos 21 cidades no RS | Arquivo\",\"headline\":\"Temporal deixa estragos em pelo menos 21 cidades no RS\",\"author\":{\"@id\":\"https:\\\/\\\/www.jornalja.com.br\\\/arquivo\\\/author\\\/daredacao\\\/#author\"},\"publisher\":{\"@id\":\"https:\\\/\\\/www.jornalja.com.br\\\/arquivo\\\/#organization\"},\"image\":{\"@type\":\"ImageObject\",\"url\":55871},\"datePublished\":\"2017-10-02T16:36:03-03:00\",\"dateModified\":\"2017-10-02T16:36:03-03:00\",\"inLanguage\":\"pt-BR\",\"mainEntityOfPage\":{\"@id\":\"https:\\\/\\\/www.jornalja.com.br\\\/arquivo\\\/temporal-deixa-estragos-em-pelo-menos-21-cidades-no-rs\\\/#webpage\"},\"isPartOf\":{\"@id\":\"https:\\\/\\\/www.jornalja.com.br\\\/arquivo\\\/temporal-deixa-estragos-em-pelo-menos-21-cidades-no-rs\\\/#webpage\"},\"articleSection\":\"Geral\"},{\"@type\":\"BreadcrumbList\",\"@id\":\"https:\\\/\\\/www.jornalja.com.br\\\/arquivo\\\/temporal-deixa-estragos-em-pelo-menos-21-cidades-no-rs\\\/#breadcrumblist\",\"itemListElement\":[{\"@type\":\"ListItem\",\"@id\":\"https:\\\/\\\/www.jornalja.com.br\\\/arquivo#listItem\",\"position\":1,\"name\":\"Home\",\"item\":\"https:\\\/\\\/www.jornalja.com.br\\\/arquivo\",\"nextItem\":{\"@type\":\"ListItem\",\"@id\":\"https:\\\/\\\/www.jornalja.com.br\\\/arquivo\\\/category\\\/geral\\\/#listItem\",\"name\":\"Geral\"}},{\"@type\":\"ListItem\",\"@id\":\"https:\\\/\\\/www.jornalja.com.br\\\/arquivo\\\/category\\\/geral\\\/#listItem\",\"position\":2,\"name\":\"Geral\",\"item\":\"https:\\\/\\\/www.jornalja.com.br\\\/arquivo\\\/category\\\/geral\\\/\",\"nextItem\":{\"@type\":\"ListItem\",\"@id\":\"https:\\\/\\\/www.jornalja.com.br\\\/arquivo\\\/temporal-deixa-estragos-em-pelo-menos-21-cidades-no-rs\\\/#listItem\",\"name\":\"Temporal deixa estragos em pelo menos 21 cidades no RS\"},\"previousItem\":{\"@type\":\"ListItem\",\"@id\":\"https:\\\/\\\/www.jornalja.com.br\\\/arquivo#listItem\",\"name\":\"Home\"}},{\"@type\":\"ListItem\",\"@id\":\"https:\\\/\\\/www.jornalja.com.br\\\/arquivo\\\/temporal-deixa-estragos-em-pelo-menos-21-cidades-no-rs\\\/#listItem\",\"position\":3,\"name\":\"Temporal deixa estragos em pelo menos 21 cidades no RS\",\"previousItem\":{\"@type\":\"ListItem\",\"@id\":\"https:\\\/\\\/www.jornalja.com.br\\\/arquivo\\\/category\\\/geral\\\/#listItem\",\"name\":\"Geral\"}}]},{\"@type\":\"Organization\",\"@id\":\"https:\\\/\\\/www.jornalja.com.br\\\/arquivo\\\/#organization\",\"name\":\"Jornal J\\u00c1\",\"description\":\"Jornal J\\u00c1 | Porto Alegre\",\"url\":\"https:\\\/\\\/www.jornalja.com.br\\\/arquivo\\\/\",\"telephone\":\"+555133307272\",\"logo\":{\"@type\":\"ImageObject\",\"url\":\"https:\\\/\\\/www.jornalja.com.br\\\/wp-content\\\/uploads\\\/cards\\\/JAslogan.png\",\"@id\":\"https:\\\/\\\/www.jornalja.com.br\\\/arquivo\\\/temporal-deixa-estragos-em-pelo-menos-21-cidades-no-rs\\\/#organizationLogo\"},\"image\":{\"@id\":\"https:\\\/\\\/www.jornalja.com.br\\\/arquivo\\\/temporal-deixa-estragos-em-pelo-menos-21-cidades-no-rs\\\/#organizationLogo\"}},{\"@type\":\"Person\",\"@id\":\"https:\\\/\\\/www.jornalja.com.br\\\/arquivo\\\/author\\\/daredacao\\\/#author\",\"url\":\"https:\\\/\\\/www.jornalja.com.br\\\/arquivo\\\/author\\\/daredacao\\\/\",\"name\":\"da Reda\\u00e7\\u00e3o\",\"image\":{\"@type\":\"ImageObject\",\"@id\":\"https:\\\/\\\/www.jornalja.com.br\\\/arquivo\\\/temporal-deixa-estragos-em-pelo-menos-21-cidades-no-rs\\\/#authorImage\",\"url\":\"https:\\\/\\\/secure.gravatar.com\\\/avatar\\\/469fd857d6605ad19919d27ed29d35a968a25f6e8fd9318356bbb7f57aae9c65?s=96&d=mm&r=g\",\"width\":96,\"height\":96,\"caption\":\"da Reda\\u00e7\\u00e3o\"}},{\"@type\":\"WebPage\",\"@id\":\"https:\\\/\\\/www.jornalja.com.br\\\/arquivo\\\/temporal-deixa-estragos-em-pelo-menos-21-cidades-no-rs\\\/#webpage\",\"url\":\"https:\\\/\\\/www.jornalja.com.br\\\/arquivo\\\/temporal-deixa-estragos-em-pelo-menos-21-cidades-no-rs\\\/\",\"name\":\"Temporal deixa estragos em pelo menos 21 cidades no RS | Arquivo\",\"inLanguage\":\"pt-BR\",\"isPartOf\":{\"@id\":\"https:\\\/\\\/www.jornalja.com.br\\\/arquivo\\\/#website\"},\"breadcrumb\":{\"@id\":\"https:\\\/\\\/www.jornalja.com.br\\\/arquivo\\\/temporal-deixa-estragos-em-pelo-menos-21-cidades-no-rs\\\/#breadcrumblist\"},\"author\":{\"@id\":\"https:\\\/\\\/www.jornalja.com.br\\\/arquivo\\\/author\\\/daredacao\\\/#author\"},\"creator\":{\"@id\":\"https:\\\/\\\/www.jornalja.com.br\\\/arquivo\\\/author\\\/daredacao\\\/#author\"},\"image\":{\"@type\":\"ImageObject\",\"url\":55871,\"@id\":\"https:\\\/\\\/www.jornalja.com.br\\\/arquivo\\\/temporal-deixa-estragos-em-pelo-menos-21-cidades-no-rs\\\/#mainImage\"},\"primaryImageOfPage\":{\"@id\":\"https:\\\/\\\/www.jornalja.com.br\\\/arquivo\\\/temporal-deixa-estragos-em-pelo-menos-21-cidades-no-rs\\\/#mainImage\"},\"datePublished\":\"2017-10-02T16:36:03-03:00\",\"dateModified\":\"2017-10-02T16:36:03-03:00\"},{\"@type\":\"WebSite\",\"@id\":\"https:\\\/\\\/www.jornalja.com.br\\\/arquivo\\\/#website\",\"url\":\"https:\\\/\\\/www.jornalja.com.br\\\/arquivo\\\/\",\"name\":\"Arquivo\",\"description\":\"Jornal J\\u00c1 | Porto Alegre\",\"inLanguage\":\"pt-BR\",\"publisher\":{\"@id\":\"https:\\\/\\\/www.jornalja.com.br\\\/arquivo\\\/#organization\"}}]}\n\t\t<\/script>\n\t\t<!-- All in One SEO -->\n\n","aioseo_head_json":{"title":"Temporal deixa estragos em pelo menos 21 cidades no RS | Arquivo","description":"","canonical_url":"https:\/\/www.jornalja.com.br\/arquivo\/temporal-deixa-estragos-em-pelo-menos-21-cidades-no-rs\/","robots":"max-image-preview:large","keywords":"","webmasterTools":{"miscellaneous":""},"schema":{"@context":"https:\/\/schema.org","@graph":[{"@type":"BlogPosting","@id":"https:\/\/www.jornalja.com.br\/arquivo\/temporal-deixa-estragos-em-pelo-menos-21-cidades-no-rs\/#blogposting","name":"Temporal deixa estragos em pelo menos 21 cidades no RS | Arquivo","headline":"Temporal deixa estragos em pelo menos 21 cidades no RS","author":{"@id":"https:\/\/www.jornalja.com.br\/arquivo\/author\/daredacao\/#author"},"publisher":{"@id":"https:\/\/www.jornalja.com.br\/arquivo\/#organization"},"image":{"@type":"ImageObject","url":55871},"datePublished":"2017-10-02T16:36:03-03:00","dateModified":"2017-10-02T16:36:03-03:00","inLanguage":"pt-BR","mainEntityOfPage":{"@id":"https:\/\/www.jornalja.com.br\/arquivo\/temporal-deixa-estragos-em-pelo-menos-21-cidades-no-rs\/#webpage"},"isPartOf":{"@id":"https:\/\/www.jornalja.com.br\/arquivo\/temporal-deixa-estragos-em-pelo-menos-21-cidades-no-rs\/#webpage"},"articleSection":"Geral"},{"@type":"BreadcrumbList","@id":"https:\/\/www.jornalja.com.br\/arquivo\/temporal-deixa-estragos-em-pelo-menos-21-cidades-no-rs\/#breadcrumblist","itemListElement":[{"@type":"ListItem","@id":"https:\/\/www.jornalja.com.br\/arquivo#listItem","position":1,"name":"Home","item":"https:\/\/www.jornalja.com.br\/arquivo","nextItem":{"@type":"ListItem","@id":"https:\/\/www.jornalja.com.br\/arquivo\/category\/geral\/#listItem","name":"Geral"}},{"@type":"ListItem","@id":"https:\/\/www.jornalja.com.br\/arquivo\/category\/geral\/#listItem","position":2,"name":"Geral","item":"https:\/\/www.jornalja.com.br\/arquivo\/category\/geral\/","nextItem":{"@type":"ListItem","@id":"https:\/\/www.jornalja.com.br\/arquivo\/temporal-deixa-estragos-em-pelo-menos-21-cidades-no-rs\/#listItem","name":"Temporal deixa estragos em pelo menos 21 cidades no RS"},"previousItem":{"@type":"ListItem","@id":"https:\/\/www.jornalja.com.br\/arquivo#listItem","name":"Home"}},{"@type":"ListItem","@id":"https:\/\/www.jornalja.com.br\/arquivo\/temporal-deixa-estragos-em-pelo-menos-21-cidades-no-rs\/#listItem","position":3,"name":"Temporal deixa estragos em pelo menos 21 cidades no RS","previousItem":{"@type":"ListItem","@id":"https:\/\/www.jornalja.com.br\/arquivo\/category\/geral\/#listItem","name":"Geral"}}]},{"@type":"Organization","@id":"https:\/\/www.jornalja.com.br\/arquivo\/#organization","name":"Jornal J\u00c1","description":"Jornal J\u00c1 | Porto Alegre","url":"https:\/\/www.jornalja.com.br\/arquivo\/","telephone":"+555133307272","logo":{"@type":"ImageObject","url":"https:\/\/www.jornalja.com.br\/wp-content\/uploads\/cards\/JAslogan.png","@id":"https:\/\/www.jornalja.com.br\/arquivo\/temporal-deixa-estragos-em-pelo-menos-21-cidades-no-rs\/#organizationLogo"},"image":{"@id":"https:\/\/www.jornalja.com.br\/arquivo\/temporal-deixa-estragos-em-pelo-menos-21-cidades-no-rs\/#organizationLogo"}},{"@type":"Person","@id":"https:\/\/www.jornalja.com.br\/arquivo\/author\/daredacao\/#author","url":"https:\/\/www.jornalja.com.br\/arquivo\/author\/daredacao\/","name":"da Reda\u00e7\u00e3o","image":{"@type":"ImageObject","@id":"https:\/\/www.jornalja.com.br\/arquivo\/temporal-deixa-estragos-em-pelo-menos-21-cidades-no-rs\/#authorImage","url":"https:\/\/secure.gravatar.com\/avatar\/469fd857d6605ad19919d27ed29d35a968a25f6e8fd9318356bbb7f57aae9c65?s=96&d=mm&r=g","width":96,"height":96,"caption":"da Reda\u00e7\u00e3o"}},{"@type":"WebPage","@id":"https:\/\/www.jornalja.com.br\/arquivo\/temporal-deixa-estragos-em-pelo-menos-21-cidades-no-rs\/#webpage","url":"https:\/\/www.jornalja.com.br\/arquivo\/temporal-deixa-estragos-em-pelo-menos-21-cidades-no-rs\/","name":"Temporal deixa estragos em pelo menos 21 cidades no RS | Arquivo","inLanguage":"pt-BR","isPartOf":{"@id":"https:\/\/www.jornalja.com.br\/arquivo\/#website"},"breadcrumb":{"@id":"https:\/\/www.jornalja.com.br\/arquivo\/temporal-deixa-estragos-em-pelo-menos-21-cidades-no-rs\/#breadcrumblist"},"author":{"@id":"https:\/\/www.jornalja.com.br\/arquivo\/author\/daredacao\/#author"},"creator":{"@id":"https:\/\/www.jornalja.com.br\/arquivo\/author\/daredacao\/#author"},"image":{"@type":"ImageObject","url":55871,"@id":"https:\/\/www.jornalja.com.br\/arquivo\/temporal-deixa-estragos-em-pelo-menos-21-cidades-no-rs\/#mainImage"},"primaryImageOfPage":{"@id":"https:\/\/www.jornalja.com.br\/arquivo\/temporal-deixa-estragos-em-pelo-menos-21-cidades-no-rs\/#mainImage"},"datePublished":"2017-10-02T16:36:03-03:00","dateModified":"2017-10-02T16:36:03-03:00"},{"@type":"WebSite","@id":"https:\/\/www.jornalja.com.br\/arquivo\/#website","url":"https:\/\/www.jornalja.com.br\/arquivo\/","name":"Arquivo","description":"Jornal J\u00c1 | Porto Alegre","inLanguage":"pt-BR","publisher":{"@id":"https:\/\/www.jornalja.com.br\/arquivo\/#organization"}}]},"og:locale":"pt_BR","og:site_name":"Arquivo | Jornal J\u00c1 | Porto Alegre","og:type":"article","og:title":"Temporal deixa estragos em pelo menos 21 cidades no RS | Arquivo","og:url":"https:\/\/www.jornalja.com.br\/arquivo\/temporal-deixa-estragos-em-pelo-menos-21-cidades-no-rs\/","og:image":"https:\/\/www.jornalja.com.br\/wp-content\/uploads\/2017\/10\/1506960759_2017-10-02-Montenegro-Estragos-temporal-Casa03-400x267.jpg","og:image:secure_url":"https:\/\/www.jornalja.com.br\/wp-content\/uploads\/2017\/10\/1506960759_2017-10-02-Montenegro-Estragos-temporal-Casa03-400x267.jpg","article:published_time":"2017-10-02T19:36:03+00:00","article:modified_time":"2017-10-02T19:36:03+00:00","twitter:card":"summary","twitter:title":"Temporal deixa estragos em pelo menos 21 cidades no RS | Arquivo","twitter:image":"https:\/\/www.jornalja.com.br\/economics\/wp-content\/uploads\/sites\/11\/2026\/08\/ja-folhaderosto-facebook.jpg"},"aioseo_meta_data":{"post_id":"55870","title":null,"description":null,"keywords":null,"keyphrases":null,"primary_term":null,"canonical_url":null,"og_title":null,"og_description":null,"og_object_type":"default","og_image_type":"default","og_image_url":null,"og_image_width":null,"og_image_height":null,"og_image_custom_url":null,"og_image_custom_fields":null,"og_video":null,"og_custom_url":null,"og_article_section":null,"og_article_tags":null,"twitter_use_og":false,"twitter_card":"default","twitter_image_type":"default","twitter_image_url":null,"twitter_image_custom_url":null,"twitter_image_custom_fields":null,"twitter_title":null,"twitter_description":null,"schema":{"blockGraphs":[],"customGraphs":[],"default":{"data":{"Article":[],"Course":[],"Dataset":[],"FAQPage":[],"Movie":[],"Person":[],"Product":[],"ProductReview":[],"Car":[],"Recipe":[],"Service":[],"SoftwareApplication":[],"WebPage":[]},"graphName":"","isEnabled":true},"graphs":[]},"schema_type":null,"schema_type_options":null,"pillar_content":false,"robots_default":true,"robots_noindex":false,"robots_noarchive":false,"robots_nosnippet":false,"robots_nofollow":false,"robots_noimageindex":false,"robots_noodp":false,"robots_notranslate":false,"robots_max_snippet":null,"robots_max_videopreview":null,"robots_max_imagepreview":"large","priority":null,"frequency":null,"location":null,"local_seo":null,"breadcrumb_settings":null,"limit_modified_date":false,"ai":null,"created":"2020-12-20 20:24:05","updated":"2025-07-20 01:33:23","seo_analyzer_scan_date":null,"focus_keyword":null,"additional_keywords":null,"truseo_locale":null},"jetpack_sharing_enabled":true,"jetpack-related-posts":[{"id":13240,"url":"https:\/\/www.jornalja.com.br\/arquivo\/plano-diretor-estamos-construindo-o-caos\/","url_meta":{"origin":55870,"position":0},"title":"Plano diretor: &quot;Estamos construindo o caos&quot;","author":"Patr\u00edcia Marini","date":"26 de maio de 2014","format":false,"excerpt":"Desabafo que arquiteta Eliana Castilhos, delegada da Regi\u00e3o de Planejamento 1, postou nas redes sociais \u00e9 um testemunho do ambiente que se criou no Conselho do Plano Diretor de Porto Alegre, onde a aprova\u00e7\u00e3o de grandes empreendimentos \u00e9 empurrada guela abaixo dos conselheiros. Ao CMDUA Como delegada da Regi\u00e3o de\u2026","rel":"","context":"Em &quot;Geral&quot;","block_context":{"text":"Geral","link":"https:\/\/www.jornalja.com.br\/arquivo\/category\/geral\/"},"img":{"alt_text":"","src":"","width":0,"height":0},"classes":[]},{"id":13124,"url":"https:\/\/www.jornalja.com.br\/arquivo\/sangue-latino-no-iecine\/","url_meta":{"origin":55870,"position":1},"title":"Sangue latino no IECINE","author":"da Reda\u00e7\u00e3o","date":"18 de maio de 2014","format":false,"excerpt":"Francisco Ribeiro O Instituto Estadual de Cinema (IECINE) tem a frente, desde abril \u00faltimo, um novo diretor, o cineasta colombiano Juan Zapata, 36, que substitui Luiz Alberto Cassol. Radicado h\u00e1 dez anos em Porto Alegre, Zapata tem diante de si o desafio de conduzir at\u00e9 o final do ano um\u2026","rel":"","context":"Em &quot;Cultura-Geral&quot;","block_context":{"text":"Cultura-Geral","link":"https:\/\/www.jornalja.com.br\/arquivo\/category\/materiasecundaria\/"},"img":{"alt_text":"","src":"","width":0,"height":0},"classes":[]},{"id":5440,"url":"https:\/\/www.jornalja.com.br\/arquivo\/casarao-da-venancio-destino-permanece-incerto\/","url_meta":{"origin":55870,"position":2},"title":"Estado ainda n\u00e3o sabe o que fazer com casar\u00e3o abandonado h\u00e1 20 anos","author":"Elmar Bones","date":"6 de julho de 2009","format":false,"excerpt":"O casar\u00e3o amarelo, numa esquina nobre de Porto Alegre (Ven\u00e2ncio Aires com Jo\u00e3o Pessoa), j\u00e1 abrigou uma escola. H\u00e1 duas d\u00e9cadas, pelo menos, est\u00e1 abandonado, porque seu propriet\u00e1rio, o governo do Estado do Rio Grande do Sul, n\u00e3o consegue achar um destino para ele. Planos n\u00e3o faltaram. O governador Ol\u00edvio\u2026","rel":"","context":"Em &quot;X.Categorias velhas&quot;","block_context":{"text":"X.Categorias velhas","link":"https:\/\/www.jornalja.com.br\/arquivo\/category\/x-categorias-velhas\/"},"img":{"alt_text":"geraldo1","src":"https:\/\/i0.wp.com\/www.jornalja.com.br\/wp-content\/uploads\/2009\/07\/geraldo1.jpg?resize=350%2C200&ssl=1","width":350,"height":200},"classes":[]},{"id":14241,"url":"https:\/\/www.jornalja.com.br\/arquivo\/o-guaiba-nas-imagens-poeticas-de-achutti\/","url_meta":{"origin":55870,"position":3},"title":"O Gua\u00edba nas imagens po\u00e9ticas de Achutti","author":"da Reda\u00e7\u00e3o","date":"18 de junho de 2014","format":false,"excerpt":"Em \u201cO Gua\u00edba por Achutti\u201d \u2013 obra financiada via Minist\u00e9rio da Cultura, produ\u00e7\u00e3o executiva de Pedro Longhi, e Fl\u00e1vio Wild como designer \u2013, o fot\u00f3grafo revela a beleza e as mazelas de um espa\u00e7o aqu\u00e1tico de \u00e1guas sempre renovadas, cheio de hist\u00f3rias e lendas como as das cidades que foram\u2026","rel":"","context":"Em &quot;Cultura-Geral&quot;","block_context":{"text":"Cultura-Geral","link":"https:\/\/www.jornalja.com.br\/arquivo\/category\/materiasecundaria\/"},"img":{"alt_text":"","src":"","width":0,"height":0},"classes":[]},{"id":13109,"url":"https:\/\/www.jornalja.com.br\/arquivo\/judiciario-reconhece-poluicao-eletromagnetica\/","url_meta":{"origin":55870,"position":4},"title":"Judici\u00e1rio reconhece polui\u00e7\u00e3o eletromagn\u00e9tica","author":"Patr\u00edcia Marini","date":"16 de maio de 2014","format":false,"excerpt":"A\u00e7\u00e3o de duas associa\u00e7\u00f5es de moradores foi acolhida pelo Tribunal de Justi\u00e7a de S\u00e3o Paulo que. em decis\u00e3o in\u00e9dita, determinou a redu\u00e7\u00e3o do campo eletromagn\u00e9tico gerado pelas linhas de transmiss\u00e3o de energia que cortam os bairros City Boa\u00e7ava e Alto de Pinheiros. \u00c9 a primeira vez que um tribunal do\u2026","rel":"","context":"Em &quot;X.Categorias velhas&quot;","block_context":{"text":"X.Categorias velhas","link":"https:\/\/www.jornalja.com.br\/arquivo\/category\/x-categorias-velhas\/"},"img":{"alt_text":"","src":"","width":0,"height":0},"classes":[]},{"id":12960,"url":"https:\/\/www.jornalja.com.br\/arquivo\/populacao-culpa-empresas-pela-greve-dos-rodoviarios\/","url_meta":{"origin":55870,"position":5},"title":"Popula\u00e7\u00e3o culpa empresas pela greve","author":"Patr\u00edcia Marini","date":"14 de fevereiro de 2014","format":false,"excerpt":"Pesquisa divulgada na edi\u00e7\u00e3o do jornal Metro desta sexta-feira,14, comprova o velho ditado: \u00e9 poss\u00edvel enganar muitos por algum tempo, mas n\u00e3o \u00e9 poss\u00edvel enganar a todos o tempo inteiro. A principal revela\u00e7\u00e3o foi que 59,8% dos entrevistados apontaram as empresas como as principais respons\u00e1veis pela grave e 46% culparam\u2026","rel":"","context":"Em &quot;X.Categorias velhas&quot;","block_context":{"text":"X.Categorias velhas","link":"https:\/\/www.jornalja.com.br\/arquivo\/category\/x-categorias-velhas\/"},"img":{"alt_text":"","src":"","width":0,"height":0},"classes":[]}],"jetpack_shortlink":"https:\/\/wp.me\/pbQjBd-ex8","jetpack_featured_media_url":"","_links":{"self":[{"href":"https:\/\/www.jornalja.com.br\/arquivo\/wp-json\/wp\/v2\/posts\/55870","targetHints":{"allow":["GET"]}}],"collection":[{"href":"https:\/\/www.jornalja.com.br\/arquivo\/wp-json\/wp\/v2\/posts"}],"about":[{"href":"https:\/\/www.jornalja.com.br\/arquivo\/wp-json\/wp\/v2\/types\/post"}],"author":[{"embeddable":true,"href":"https:\/\/www.jornalja.com.br\/arquivo\/wp-json\/wp\/v2\/users\/4"}],"replies":[{"embeddable":true,"href":"https:\/\/www.jornalja.com.br\/arquivo\/wp-json\/wp\/v2\/comments?post=55870"}],"version-history":[{"count":0,"href":"https:\/\/www.jornalja.com.br\/arquivo\/wp-json\/wp\/v2\/posts\/55870\/revisions"}],"wp:attachment":[{"href":"https:\/\/www.jornalja.com.br\/arquivo\/wp-json\/wp\/v2\/media?parent=55870"}],"wp:term":[{"taxonomy":"category","embeddable":true,"href":"https:\/\/www.jornalja.com.br\/arquivo\/wp-json\/wp\/v2\/categories?post=55870"},{"taxonomy":"post_tag","embeddable":true,"href":"https:\/\/www.jornalja.com.br\/arquivo\/wp-json\/wp\/v2\/tags?post=55870"}],"curies":[{"name":"wp","href":"https:\/\/api.w.org\/{rel}","templated":true}]}}