{"id":55924,"date":"2017-10-03T18:31:04","date_gmt":"2017-10-03T21:31:04","guid":{"rendered":"https:\/\/www.jornalja.com.br\/?p=55924"},"modified":"2017-10-03T18:31:04","modified_gmt":"2017-10-03T21:31:04","slug":"especialistas-de-11-paises-debatem-politicas-publicas-para-agroecologia-na-assembleia-legislativa","status":"publish","type":"post","link":"https:\/\/www.jornalja.com.br\/arquivo\/especialistas-de-11-paises-debatem-politicas-publicas-para-agroecologia-na-assembleia-legislativa\/","title":{"rendered":"Especialistas de 11 pa\u00edses debatem pol\u00edticas p\u00fablicas para agroecologia, na AL"},"content":{"rendered":"<p>A partir desta quarta-feira, 04\/10, a Assembleia Legislativa do RS recebe um debate internacional sobre agroecologia.<br \/>\nNos dias, 4, 5 e 6, o Semin\u00e1rio Pol\u00edticas P\u00fablicas para Agroecologia na Am\u00e9rica Latina e Caribe reunir\u00e1 no Teatro Dante Barone 42 especialistas de onze pa\u00edses para tratar da rela\u00e7\u00e3o entre a agroecologia e a alimenta\u00e7\u00e3o saud\u00e1vel.<br \/>\nEstar\u00e3o em debate as concep\u00e7\u00f5es que norteiam a elabora\u00e7\u00e3o de pol\u00edticas p\u00fablicas para o segmento, as propostas para impulsionar a atividade e as experi\u00eancias locais e continentais de produ\u00e7\u00e3o autossustent\u00e1vel social, econ\u00f4mica e ecologicamente. \u201cQueremos que a alimenta\u00e7\u00e3o saud\u00e1vel e a seguran\u00e7a alimentar da popula\u00e7\u00e3o sejam uma causa do Parlamento ga\u00facho\u201d, afirma o presidente da Assembleia Legislativa, Edegar Pretto (PT).<br \/>\nAutor de tr\u00eas projetos de lei que tramitam no Legislativo para restringir o uso de agrot\u00f3xicos nas lavouras ga\u00fachas, Pretto considera que o atual modelo agr\u00edcola, baseado no uso intensivo dessas subst\u00e2ncias, est\u00e1 vencido. Ele defende a busca de outras possibilidades que permitam a produ\u00e7\u00e3o em larga escala sem colocar em risco a sa\u00fade da popula\u00e7\u00e3o e o meio ambiente. \u201c\u00c9 poss\u00edvel abrir m\u00e3o do uso de veneno e adotar solu\u00e7\u00f5es tecnol\u00f3gicas em bases razo\u00e1veis de produtividade, sem agredir a natureza e sem colocar a sa\u00fade das pessoas em risco. E os agricultores familiares s\u00e3o fundamentais neste processo\u201d, defende Pretto.<br \/>\n<span class=\"intertit\">Abertura re\u00fane FAO\/ONU, Via Campesina e Bela Gil<\/span><br \/>\nOs nove pain\u00e9is que integram o evento contar\u00e3o com representantes de 24 entidades internacionais ligadas \u00e0 produ\u00e7\u00e3o agroecol\u00f3gica e ao consumo consciente de alimentos.<br \/>\nO painel de abertura do semin\u00e1rio abordar\u00e1 a rela\u00e7\u00e3o entre agroecologia e alimenta\u00e7\u00e3o saud\u00e1vel.<br \/>\nA atividade, que ocorrer\u00e1 dia 4, reunir\u00e1 na mesma mesa o pesquisador franc\u00eas Patrick Caron, presidente do Painel de Alto N\u00edvel de Especialidades (HLPE) do Comit\u00ea de Seguran\u00e7a Alimentar da Organiza\u00e7\u00e3o das Na\u00e7\u00f5es Unidas para a Agricultura e Alimenta\u00e7\u00e3o (FAO), a chef de cozinha natural e apresentadora do canal GNT, Bela Gil, e o dirigente do Movimento dos Pequenos Agricultores (MPA) e da Via Campesina, frei S\u00e9rgio G\u00f6ergen.<br \/>\nO semin\u00e1rio \u00e9 promovido pelo Parlamento ga\u00facho, Programa de P\u00f3s-Gradua\u00e7\u00e3o em Desenvolvimento Rural da Universidade Federal do Rio Grande do Sul (UFRGS), Red Pol\u00edticas P\u00fablicas y Desarrollo Rural em America Latina e Organiza\u00e7\u00e3o das Na\u00e7\u00f5es Unidas para Agricultura e Alimenta\u00e7\u00e3o (FAO).<br \/>\nA maior rede de certifica\u00e7\u00e3o participativa de produtos org\u00e2nicos do Brasil, a Ecovida, tamb\u00e9m ter\u00e1 participa\u00e7\u00e3o, assim como a Coordena\u00e7\u00e3o das Organiza\u00e7\u00f5es dos Produtores Familiares do Mercosul (Coprofam), o Movimiento Agroecol\u00f3gico de America Latina y el Caribe (MAELA) e a Via Campesina, todos vinculados aos produtores org\u00e2nicos e agroecol\u00f3gicos. Al\u00e9m disso, assentados da Reforma Agr\u00e1ria no Rio Grande do Sul ter\u00e3o espa\u00e7o para mostrar a experi\u00eancia que os transformou nos maiores produtores de arroz org\u00e2nico da Am\u00e9rica Latina.<br \/>\n<span class=\"intertit\">Brasil \u00e9 campe\u00e3o mundial em uso de agrot\u00f3xicos<\/span><br \/>\nO tema vai ao encontro de uma preocupa\u00e7\u00e3o hist\u00f3rica de movimentos populares, que cada vez mais encontra eco junto \u00e0 sociedade civil organizada, \u00e0 \u00e1rea m\u00e9dica e \u00e0 popula\u00e7\u00e3o em geral, que \u00e9 o uso abusivo de agrot\u00f3xicos na produ\u00e7\u00e3o agr\u00edcola convencional.<br \/>\nO temor n\u00e3o \u00e9 \u00e0 toa. Desde 2008, o Brasil ocupa o posto de campe\u00e3o mundial no uso de agroqu\u00edmicos nas lavouras. Segundo a Associa\u00e7\u00e3o Brasileira de Sa\u00fade Coletiva (Abrasco), cada brasileiro consome 4,5 litros do produto por ano. A m\u00e9dia sobe para 8,3 litros anuais no Rio Grande do Sul, sendo a Regi\u00e3o Noroeste, onde est\u00e3o localizadas as principais lavouras de soja do estado, a l\u00edder na utiliza\u00e7\u00e3o dessas subst\u00e2ncias.<br \/>\nOs \u00faltimos resultados do Programa de An\u00e1lise de Res\u00edduos de Agrot\u00f3xicos da Ag\u00eancia Nacional de Vigil\u00e2ncia Sanit\u00e1ria (Anvisa) revelaram amostras com res\u00edduos de agrot\u00f3xicos em quantidades acima do limite m\u00e1ximo permitido e com presen\u00e7a de subst\u00e2ncias qu\u00edmicas n\u00e3o permitidas para o alimento pesquisado. Al\u00e9m disso, apontam para a presen\u00e7a de agrot\u00f3xicos em processo de banimento ou que nunca tiveram registro no Brasil.<br \/>\nAdepto do princ\u00edpio da precau\u00e7\u00e3o e defensor de a\u00e7\u00f5es para a redu\u00e7\u00e3o progressiva e sustentada do uso de agrot\u00f3xicos, o Instituto Nacional do C\u00e2ncer (INCA) lan\u00e7ou uma nota de posicionamento, em abril de 2015, alertando para os riscos que estas subst\u00e2ncias representam para a sa\u00fade humana. Conforme a entidade, al\u00e9m das intoxica\u00e7\u00f5es agudas, que afetam pessoas expostas em seu ambiente de trabalho, essas subst\u00e2ncias produzem intoxica\u00e7\u00f5es cr\u00f4nicas, que podem atingir toda a popula\u00e7\u00e3o e s\u00e3o resultado de exposi\u00e7\u00e3o m\u00faltipla, permanente e, geralmente, em doses baixas. Os efeitos envolvem infertilidade, impot\u00eancia, abortos, malforma\u00e7\u00f5es, desregula\u00e7\u00e3o hormonal e c\u00e2ncer.<br \/>\nAs inscri\u00e7\u00f5es para o Semin\u00e1rio s\u00e3o limitadas e <a href=\"http:\/\/docs.google.com\/forms\/d\/e\/1FAIpQLSdNZLsREsHW7z1Sb2fGfvHecIhCH2b3tw1RUWWHymf2cX_Svg\/viewform\" target=\"_blank\" rel=\"noopener noreferrer\">devem ser feitas neste link<\/a>.<br \/>\n<strong>Confira a programa\u00e7\u00e3o completa:<\/strong><br \/>\n<strong>Quarta-feira (4)<\/strong><br \/>\n18h30 \u2013\u00a0F\u00f3rum dos Grandes Debates: Agroecologia e alimenta\u00e7\u00e3o saud\u00e1vel: desafios para a interven\u00e7\u00e3o do Estado. Coordena\u00e7\u00e3o: deputado Edegar Pretto (presidente da ALRS). Palestrantes: Patrick Caron (HLPE-FAO\/ONU, CIRAD, Fran\u00e7a); Bela Gill (Chef de cozinha, Brasil); Frei S\u00e9rgio G\u00f6rgen (OFM, MPA, Via Campesina, Brasil)<br \/>\n<strong>Quinta-feira (5)<\/strong><br \/>\n8h30 &#8211; 9h &#8211;\u00a0Abertura e apresenta\u00e7\u00e3o do estudo da Red PP-AL. Participantes: deputado Edegar Pretto (presidente da ALRS); Gabriela Coelho de Souza (coordenadora do PGDR-UFRGS); Jean-Fran\u00e7ois Le Coq (coordenador da Rede PP-AL); Maria Mercedes Patrouilleau (INTA, Red PP-AL)<br \/>\n9h &#8211; 11h &#8211;\u00a0Concep\u00e7\u00f5es e coaliz\u00f5es na constru\u00e7\u00e3o de pol\u00edticas p\u00fablicas a favor da agroecologia: os casos de Brasil, Costa Rica e Chile. Coordena\u00e7\u00e3o: Doris Sayago (CDS-UnB, Brasil). Palestrantes: Fernando Saenz (UNA-CINPE, Costa Rica) e Muriel Bonin (CIRAD, Fran\u00e7a); Cl\u00e1udia Job Schmitt (CPDA-UFRRJ, Brasil) e Paulo Niederle (PGDR\/PPGS-UFRGS, Brasil); Constanza Saa (INDAP, Chile) e Mina Namdar-Irani (INDAP, Chile)<br \/>\n11h &#8211; 12h30 &#8211;\u00a0Trajet\u00f3ria dos movimentos e pol\u00edticas a favor da agroecologia: os casos de Cuba, Nicar\u00e1gua e Brasil. Coordena\u00e7\u00e3o: Sergio Schneider (PGDR\/PPGS-UFRGS, Brasil). Palestrantes: Lu\u00eds V\u00e1squez (INISAV, Cuba) e Eric Sabourin (CIRAD, Fran\u00e7a &#8211; UnB, Brasil); Sandrine Fr\u00e9guin-Gresh (CIRAD, Fran\u00e7a e UCA, Nicar\u00e1gua); Mario Lucio de \u00c1vila (FUPUnB, Brasil) e William Santos de Assis (PPGAA-UFPA, Brasil)<br \/>\n14h &#8211; 15h40 &#8211;\u00a0Os instrumentos de pol\u00edticas p\u00fablicas a favor da agroecologia: os casos de Argentina, El Salvador e M\u00e9xico. Coordena\u00e7\u00e3o: Alberto Bracagioli Neto (PGDR-UFRGS, Brasil). Palestrantes: Eduardo Cittadini (INTA, Argentina) e Maria Mercedes Patrouilleau (INTA, Argentina); Gonzalo Chapela (Universidade de Chapingo, M\u00e9xico); Wilfredo Moran (PRISMA, El Salvador) e Jean-Fran\u00e7ois Le Coq (CIAT, Col\u00f4mbia e CIRAD, Fran\u00e7a)<br \/>\n16h &#8211; 17h30 &#8211;\u00a0As pol\u00edticas p\u00fablicas a favor da agroecologia na Am\u00e9rica Latina e Caribe: conclus\u00f5es e perspectivas do estudo. Coordena\u00e7\u00e3o: Hermes Morales (IPA, Uruguai). Palestrantes: Eric Sabourin (CIRAD, Fran\u00e7a &#8211; UnB, Brasil); Valter Bianchini (FAO, Brasil); Paulo Petersen (ASPTA, Alianza por la Agroecolog\u00eda, Brasil)<br \/>\n<strong>Sexta-feira (6)<\/strong><br \/>\n8h30 &#8211; 10h45\u00a0&#8211; Experi\u00eancias e propostas de pol\u00edticas p\u00fablicas para a agroecologia das organiza\u00e7\u00f5es de agricultores e movimentos sociais da Am\u00e9rica Latina e Caribe. Coordena\u00e7\u00e3o: Fl\u00e1via Char\u00e3o Marques (PGDR-UFRGS, Brasil). Palestrantes: Guido de Soto (MAELA, Chile); Fernando Lopes (COPROFAM, Uruguai); Adalberto Martins (Via Campesina-CLOC, Brasil); Ticiana Imbroisi (REAF, SEAD-Brasil)<br \/>\n10h45 &#8211; 12h30 &#8211;\u00a0Experi\u00eancias e propostas de pol\u00edticas p\u00fablicas para a agroecologia das organiza\u00e7\u00f5es internacionais de desenvolvimento da Am\u00e9rica Latina e Caribe. Coordena\u00e7\u00e3o: Marie-Gabrielle Piketty (CIRAD, Fran\u00e7a). Palestrantes: Dulclair Sternadt (FAO, Chile); Byron Miranda (IICA, Costa Rica); Jean-Luc Battini (CIRAD, Brasil e Mercosul); Fr\u00e9d\u00e9ric Goulet (CIRAD, Fran\u00e7a e INTA, Argentina)<br \/>\n14h &#8211; 17h30 &#8211;\u00a0Experi\u00eancias locais em pol\u00edticas p\u00fablicas para a agroecologia. Coordena\u00e7\u00e3o: Catia Grisa (PGDR-UFRGS, Brasil). Palestrantes: Clenio Pillon (Embrapa Clima Temperado); Marcos Regelin (RedeCoop); Alvir Longhi (Rede Ecovida de Agroecologia); Agda Regina Ikuta (SDR, Comit\u00ea Gestor PLEAPO); Juliano Ferreira de S\u00e1 (Frente Parlamentar Ga\u00facha em Defesa da Alimenta\u00e7\u00e3o Saud\u00e1vel); Emerson Giacomelli (Grupo Gestor do Arroz Agroecol\u00f3gico do MST)<\/p>\n","protected":false},"excerpt":{"rendered":"<p>A partir desta quarta-feira, 04\/10, a Assembleia Legislativa do RS recebe um debate internacional sobre agroecologia. Nos dias, 4, 5 e 6, o Semin\u00e1rio Pol\u00edticas P\u00fablicas para Agroecologia na Am\u00e9rica Latina e Caribe reunir\u00e1 no Teatro Dante Barone 42 especialistas de onze pa\u00edses para tratar da rela\u00e7\u00e3o entre a agroecologia e a alimenta\u00e7\u00e3o saud\u00e1vel. Estar\u00e3o [&hellip;]<\/p>\n","protected":false},"author":4,"featured_media":55958,"comment_status":"open","ping_status":"closed","sticky":false,"template":"","format":"standard","meta":{"_jetpack_newsletter_access":"","_jetpack_dont_email_post_to_subs":false,"_jetpack_newsletter_tier_id":0,"_jetpack_memberships_contains_paywalled_content":false,"_jetpack_feature_clip_id":0,"_jetpack_memberships_contains_paid_content":false,"footnotes":"","jetpack_post_was_ever_published":false},"categories":[26],"tags":[],"class_list":["post-55924","post","type-post","status-publish","format-standard","has-post-thumbnail","hentry","category-geral"],"aioseo_notices":[],"aioseo_head":"\n\t\t<!-- All in One SEO 5.0.1.1 - aioseo.com -->\n\t<meta name=\"robots\" content=\"max-image-preview:large\" \/>\n\t<meta name=\"author\" content=\"da Reda\u00e7\u00e3o\"\/>\n\t<link rel=\"canonical\" href=\"https:\/\/www.jornalja.com.br\/arquivo\/especialistas-de-11-paises-debatem-politicas-publicas-para-agroecologia-na-assembleia-legislativa\/\" \/>\n\t<meta name=\"generator\" content=\"All in One SEO (AIOSEO) 5.0.1.1\" \/>\n\t\t<meta property=\"og:locale\" content=\"pt_BR\" \/>\n\t\t<meta property=\"og:site_name\" content=\"Arquivo | Jornal J\u00c1 | Porto Alegre\" \/>\n\t\t<meta property=\"og:type\" content=\"article\" \/>\n\t\t<meta property=\"og:title\" content=\"Especialistas de 11 pa\u00edses debatem pol\u00edticas p\u00fablicas para agroecologia, na AL | Arquivo\" \/>\n\t\t<meta property=\"og:url\" content=\"https:\/\/www.jornalja.com.br\/arquivo\/especialistas-de-11-paises-debatem-politicas-publicas-para-agroecologia-na-assembleia-legislativa\/\" \/>\n\t\t<meta property=\"og:image\" content=\"https:\/\/www.jornalja.com.br\/economics\/wp-content\/uploads\/sites\/11\/2026\/08\/ja-folhaderosto-facebook.jpg\" \/>\n\t\t<meta property=\"og:image:secure_url\" content=\"https:\/\/www.jornalja.com.br\/economics\/wp-content\/uploads\/sites\/11\/2026\/08\/ja-folhaderosto-facebook.jpg\" \/>\n\t\t<meta property=\"article:published_time\" content=\"2017-10-03T21:31:04+00:00\" \/>\n\t\t<meta property=\"article:modified_time\" content=\"2017-10-03T21:31:04+00:00\" \/>\n\t\t<meta name=\"twitter:card\" content=\"summary\" \/>\n\t\t<meta name=\"twitter:title\" content=\"Especialistas de 11 pa\u00edses debatem pol\u00edticas p\u00fablicas para agroecologia, na AL | Arquivo\" \/>\n\t\t<meta name=\"twitter:image\" content=\"https:\/\/www.jornalja.com.br\/economics\/wp-content\/uploads\/sites\/11\/2026\/08\/ja-folhaderosto-facebook.jpg\" \/>\n\t\t<script type=\"application\/ld+json\" class=\"aioseo-schema\">\n\t\t\t{\"@context\":\"https:\\\/\\\/schema.org\",\"@graph\":[{\"@type\":\"BlogPosting\",\"@id\":\"https:\\\/\\\/www.jornalja.com.br\\\/arquivo\\\/especialistas-de-11-paises-debatem-politicas-publicas-para-agroecologia-na-assembleia-legislativa\\\/#blogposting\",\"name\":\"Especialistas de 11 pa\\u00edses debatem pol\\u00edticas p\\u00fablicas para agroecologia, na AL | Arquivo\",\"headline\":\"Especialistas de 11 pa\\u00edses debatem pol\\u00edticas p\\u00fablicas para agroecologia, na AL\",\"author\":{\"@id\":\"https:\\\/\\\/www.jornalja.com.br\\\/arquivo\\\/author\\\/daredacao\\\/#author\"},\"publisher\":{\"@id\":\"https:\\\/\\\/www.jornalja.com.br\\\/arquivo\\\/#organization\"},\"image\":{\"@type\":\"ImageObject\",\"url\":55958},\"datePublished\":\"2017-10-03T18:31:04-03:00\",\"dateModified\":\"2017-10-03T18:31:04-03:00\",\"inLanguage\":\"pt-BR\",\"mainEntityOfPage\":{\"@id\":\"https:\\\/\\\/www.jornalja.com.br\\\/arquivo\\\/especialistas-de-11-paises-debatem-politicas-publicas-para-agroecologia-na-assembleia-legislativa\\\/#webpage\"},\"isPartOf\":{\"@id\":\"https:\\\/\\\/www.jornalja.com.br\\\/arquivo\\\/especialistas-de-11-paises-debatem-politicas-publicas-para-agroecologia-na-assembleia-legislativa\\\/#webpage\"},\"articleSection\":\"Geral\"},{\"@type\":\"BreadcrumbList\",\"@id\":\"https:\\\/\\\/www.jornalja.com.br\\\/arquivo\\\/especialistas-de-11-paises-debatem-politicas-publicas-para-agroecologia-na-assembleia-legislativa\\\/#breadcrumblist\",\"itemListElement\":[{\"@type\":\"ListItem\",\"@id\":\"https:\\\/\\\/www.jornalja.com.br\\\/arquivo#listItem\",\"position\":1,\"name\":\"Home\",\"item\":\"https:\\\/\\\/www.jornalja.com.br\\\/arquivo\",\"nextItem\":{\"@type\":\"ListItem\",\"@id\":\"https:\\\/\\\/www.jornalja.com.br\\\/arquivo\\\/category\\\/geral\\\/#listItem\",\"name\":\"Geral\"}},{\"@type\":\"ListItem\",\"@id\":\"https:\\\/\\\/www.jornalja.com.br\\\/arquivo\\\/category\\\/geral\\\/#listItem\",\"position\":2,\"name\":\"Geral\",\"item\":\"https:\\\/\\\/www.jornalja.com.br\\\/arquivo\\\/category\\\/geral\\\/\",\"nextItem\":{\"@type\":\"ListItem\",\"@id\":\"https:\\\/\\\/www.jornalja.com.br\\\/arquivo\\\/especialistas-de-11-paises-debatem-politicas-publicas-para-agroecologia-na-assembleia-legislativa\\\/#listItem\",\"name\":\"Especialistas de 11 pa\\u00edses debatem pol\\u00edticas p\\u00fablicas para agroecologia, na AL\"},\"previousItem\":{\"@type\":\"ListItem\",\"@id\":\"https:\\\/\\\/www.jornalja.com.br\\\/arquivo#listItem\",\"name\":\"Home\"}},{\"@type\":\"ListItem\",\"@id\":\"https:\\\/\\\/www.jornalja.com.br\\\/arquivo\\\/especialistas-de-11-paises-debatem-politicas-publicas-para-agroecologia-na-assembleia-legislativa\\\/#listItem\",\"position\":3,\"name\":\"Especialistas de 11 pa\\u00edses debatem pol\\u00edticas p\\u00fablicas para agroecologia, na AL\",\"previousItem\":{\"@type\":\"ListItem\",\"@id\":\"https:\\\/\\\/www.jornalja.com.br\\\/arquivo\\\/category\\\/geral\\\/#listItem\",\"name\":\"Geral\"}}]},{\"@type\":\"Organization\",\"@id\":\"https:\\\/\\\/www.jornalja.com.br\\\/arquivo\\\/#organization\",\"name\":\"Jornal J\\u00c1\",\"description\":\"Jornal J\\u00c1 | Porto Alegre\",\"url\":\"https:\\\/\\\/www.jornalja.com.br\\\/arquivo\\\/\",\"telephone\":\"+555133307272\",\"logo\":{\"@type\":\"ImageObject\",\"url\":\"https:\\\/\\\/www.jornalja.com.br\\\/wp-content\\\/uploads\\\/cards\\\/JAslogan.png\",\"@id\":\"https:\\\/\\\/www.jornalja.com.br\\\/arquivo\\\/especialistas-de-11-paises-debatem-politicas-publicas-para-agroecologia-na-assembleia-legislativa\\\/#organizationLogo\"},\"image\":{\"@id\":\"https:\\\/\\\/www.jornalja.com.br\\\/arquivo\\\/especialistas-de-11-paises-debatem-politicas-publicas-para-agroecologia-na-assembleia-legislativa\\\/#organizationLogo\"}},{\"@type\":\"Person\",\"@id\":\"https:\\\/\\\/www.jornalja.com.br\\\/arquivo\\\/author\\\/daredacao\\\/#author\",\"url\":\"https:\\\/\\\/www.jornalja.com.br\\\/arquivo\\\/author\\\/daredacao\\\/\",\"name\":\"da Reda\\u00e7\\u00e3o\",\"image\":{\"@type\":\"ImageObject\",\"@id\":\"https:\\\/\\\/www.jornalja.com.br\\\/arquivo\\\/especialistas-de-11-paises-debatem-politicas-publicas-para-agroecologia-na-assembleia-legislativa\\\/#authorImage\",\"url\":\"https:\\\/\\\/secure.gravatar.com\\\/avatar\\\/469fd857d6605ad19919d27ed29d35a968a25f6e8fd9318356bbb7f57aae9c65?s=96&d=mm&r=g\",\"width\":96,\"height\":96,\"caption\":\"da Reda\\u00e7\\u00e3o\"}},{\"@type\":\"WebPage\",\"@id\":\"https:\\\/\\\/www.jornalja.com.br\\\/arquivo\\\/especialistas-de-11-paises-debatem-politicas-publicas-para-agroecologia-na-assembleia-legislativa\\\/#webpage\",\"url\":\"https:\\\/\\\/www.jornalja.com.br\\\/arquivo\\\/especialistas-de-11-paises-debatem-politicas-publicas-para-agroecologia-na-assembleia-legislativa\\\/\",\"name\":\"Especialistas de 11 pa\\u00edses debatem pol\\u00edticas p\\u00fablicas para agroecologia, na AL | Arquivo\",\"inLanguage\":\"pt-BR\",\"isPartOf\":{\"@id\":\"https:\\\/\\\/www.jornalja.com.br\\\/arquivo\\\/#website\"},\"breadcrumb\":{\"@id\":\"https:\\\/\\\/www.jornalja.com.br\\\/arquivo\\\/especialistas-de-11-paises-debatem-politicas-publicas-para-agroecologia-na-assembleia-legislativa\\\/#breadcrumblist\"},\"author\":{\"@id\":\"https:\\\/\\\/www.jornalja.com.br\\\/arquivo\\\/author\\\/daredacao\\\/#author\"},\"creator\":{\"@id\":\"https:\\\/\\\/www.jornalja.com.br\\\/arquivo\\\/author\\\/daredacao\\\/#author\"},\"image\":{\"@type\":\"ImageObject\",\"url\":55958,\"@id\":\"https:\\\/\\\/www.jornalja.com.br\\\/arquivo\\\/especialistas-de-11-paises-debatem-politicas-publicas-para-agroecologia-na-assembleia-legislativa\\\/#mainImage\"},\"primaryImageOfPage\":{\"@id\":\"https:\\\/\\\/www.jornalja.com.br\\\/arquivo\\\/especialistas-de-11-paises-debatem-politicas-publicas-para-agroecologia-na-assembleia-legislativa\\\/#mainImage\"},\"datePublished\":\"2017-10-03T18:31:04-03:00\",\"dateModified\":\"2017-10-03T18:31:04-03:00\"},{\"@type\":\"WebSite\",\"@id\":\"https:\\\/\\\/www.jornalja.com.br\\\/arquivo\\\/#website\",\"url\":\"https:\\\/\\\/www.jornalja.com.br\\\/arquivo\\\/\",\"name\":\"Arquivo\",\"description\":\"Jornal J\\u00c1 | Porto Alegre\",\"inLanguage\":\"pt-BR\",\"publisher\":{\"@id\":\"https:\\\/\\\/www.jornalja.com.br\\\/arquivo\\\/#organization\"}}]}\n\t\t<\/script>\n\t\t<!-- All in One SEO -->\n\n","aioseo_head_json":{"title":"Especialistas de 11 pa\u00edses debatem pol\u00edticas p\u00fablicas para agroecologia, na AL | Arquivo","description":"","canonical_url":"https:\/\/www.jornalja.com.br\/arquivo\/especialistas-de-11-paises-debatem-politicas-publicas-para-agroecologia-na-assembleia-legislativa\/","robots":"max-image-preview:large","keywords":"","webmasterTools":{"miscellaneous":""},"schema":{"@context":"https:\/\/schema.org","@graph":[{"@type":"BlogPosting","@id":"https:\/\/www.jornalja.com.br\/arquivo\/especialistas-de-11-paises-debatem-politicas-publicas-para-agroecologia-na-assembleia-legislativa\/#blogposting","name":"Especialistas de 11 pa\u00edses debatem pol\u00edticas p\u00fablicas para agroecologia, na AL | Arquivo","headline":"Especialistas de 11 pa\u00edses debatem pol\u00edticas p\u00fablicas para agroecologia, na AL","author":{"@id":"https:\/\/www.jornalja.com.br\/arquivo\/author\/daredacao\/#author"},"publisher":{"@id":"https:\/\/www.jornalja.com.br\/arquivo\/#organization"},"image":{"@type":"ImageObject","url":55958},"datePublished":"2017-10-03T18:31:04-03:00","dateModified":"2017-10-03T18:31:04-03:00","inLanguage":"pt-BR","mainEntityOfPage":{"@id":"https:\/\/www.jornalja.com.br\/arquivo\/especialistas-de-11-paises-debatem-politicas-publicas-para-agroecologia-na-assembleia-legislativa\/#webpage"},"isPartOf":{"@id":"https:\/\/www.jornalja.com.br\/arquivo\/especialistas-de-11-paises-debatem-politicas-publicas-para-agroecologia-na-assembleia-legislativa\/#webpage"},"articleSection":"Geral"},{"@type":"BreadcrumbList","@id":"https:\/\/www.jornalja.com.br\/arquivo\/especialistas-de-11-paises-debatem-politicas-publicas-para-agroecologia-na-assembleia-legislativa\/#breadcrumblist","itemListElement":[{"@type":"ListItem","@id":"https:\/\/www.jornalja.com.br\/arquivo#listItem","position":1,"name":"Home","item":"https:\/\/www.jornalja.com.br\/arquivo","nextItem":{"@type":"ListItem","@id":"https:\/\/www.jornalja.com.br\/arquivo\/category\/geral\/#listItem","name":"Geral"}},{"@type":"ListItem","@id":"https:\/\/www.jornalja.com.br\/arquivo\/category\/geral\/#listItem","position":2,"name":"Geral","item":"https:\/\/www.jornalja.com.br\/arquivo\/category\/geral\/","nextItem":{"@type":"ListItem","@id":"https:\/\/www.jornalja.com.br\/arquivo\/especialistas-de-11-paises-debatem-politicas-publicas-para-agroecologia-na-assembleia-legislativa\/#listItem","name":"Especialistas de 11 pa\u00edses debatem pol\u00edticas p\u00fablicas para agroecologia, na AL"},"previousItem":{"@type":"ListItem","@id":"https:\/\/www.jornalja.com.br\/arquivo#listItem","name":"Home"}},{"@type":"ListItem","@id":"https:\/\/www.jornalja.com.br\/arquivo\/especialistas-de-11-paises-debatem-politicas-publicas-para-agroecologia-na-assembleia-legislativa\/#listItem","position":3,"name":"Especialistas de 11 pa\u00edses debatem pol\u00edticas p\u00fablicas para agroecologia, na AL","previousItem":{"@type":"ListItem","@id":"https:\/\/www.jornalja.com.br\/arquivo\/category\/geral\/#listItem","name":"Geral"}}]},{"@type":"Organization","@id":"https:\/\/www.jornalja.com.br\/arquivo\/#organization","name":"Jornal J\u00c1","description":"Jornal J\u00c1 | Porto Alegre","url":"https:\/\/www.jornalja.com.br\/arquivo\/","telephone":"+555133307272","logo":{"@type":"ImageObject","url":"https:\/\/www.jornalja.com.br\/wp-content\/uploads\/cards\/JAslogan.png","@id":"https:\/\/www.jornalja.com.br\/arquivo\/especialistas-de-11-paises-debatem-politicas-publicas-para-agroecologia-na-assembleia-legislativa\/#organizationLogo"},"image":{"@id":"https:\/\/www.jornalja.com.br\/arquivo\/especialistas-de-11-paises-debatem-politicas-publicas-para-agroecologia-na-assembleia-legislativa\/#organizationLogo"}},{"@type":"Person","@id":"https:\/\/www.jornalja.com.br\/arquivo\/author\/daredacao\/#author","url":"https:\/\/www.jornalja.com.br\/arquivo\/author\/daredacao\/","name":"da Reda\u00e7\u00e3o","image":{"@type":"ImageObject","@id":"https:\/\/www.jornalja.com.br\/arquivo\/especialistas-de-11-paises-debatem-politicas-publicas-para-agroecologia-na-assembleia-legislativa\/#authorImage","url":"https:\/\/secure.gravatar.com\/avatar\/469fd857d6605ad19919d27ed29d35a968a25f6e8fd9318356bbb7f57aae9c65?s=96&d=mm&r=g","width":96,"height":96,"caption":"da Reda\u00e7\u00e3o"}},{"@type":"WebPage","@id":"https:\/\/www.jornalja.com.br\/arquivo\/especialistas-de-11-paises-debatem-politicas-publicas-para-agroecologia-na-assembleia-legislativa\/#webpage","url":"https:\/\/www.jornalja.com.br\/arquivo\/especialistas-de-11-paises-debatem-politicas-publicas-para-agroecologia-na-assembleia-legislativa\/","name":"Especialistas de 11 pa\u00edses debatem pol\u00edticas p\u00fablicas para agroecologia, na AL | Arquivo","inLanguage":"pt-BR","isPartOf":{"@id":"https:\/\/www.jornalja.com.br\/arquivo\/#website"},"breadcrumb":{"@id":"https:\/\/www.jornalja.com.br\/arquivo\/especialistas-de-11-paises-debatem-politicas-publicas-para-agroecologia-na-assembleia-legislativa\/#breadcrumblist"},"author":{"@id":"https:\/\/www.jornalja.com.br\/arquivo\/author\/daredacao\/#author"},"creator":{"@id":"https:\/\/www.jornalja.com.br\/arquivo\/author\/daredacao\/#author"},"image":{"@type":"ImageObject","url":55958,"@id":"https:\/\/www.jornalja.com.br\/arquivo\/especialistas-de-11-paises-debatem-politicas-publicas-para-agroecologia-na-assembleia-legislativa\/#mainImage"},"primaryImageOfPage":{"@id":"https:\/\/www.jornalja.com.br\/arquivo\/especialistas-de-11-paises-debatem-politicas-publicas-para-agroecologia-na-assembleia-legislativa\/#mainImage"},"datePublished":"2017-10-03T18:31:04-03:00","dateModified":"2017-10-03T18:31:04-03:00"},{"@type":"WebSite","@id":"https:\/\/www.jornalja.com.br\/arquivo\/#website","url":"https:\/\/www.jornalja.com.br\/arquivo\/","name":"Arquivo","description":"Jornal J\u00c1 | Porto Alegre","inLanguage":"pt-BR","publisher":{"@id":"https:\/\/www.jornalja.com.br\/arquivo\/#organization"}}]},"og:locale":"pt_BR","og:site_name":"Arquivo | Jornal J\u00c1 | Porto Alegre","og:type":"article","og:title":"Especialistas de 11 pa\u00edses debatem pol\u00edticas p\u00fablicas para agroecologia, na AL | Arquivo","og:url":"https:\/\/www.jornalja.com.br\/arquivo\/especialistas-de-11-paises-debatem-politicas-publicas-para-agroecologia-na-assembleia-legislativa\/","og:image":"https:\/\/www.jornalja.com.br\/economics\/wp-content\/uploads\/sites\/11\/2026\/08\/ja-folhaderosto-facebook.jpg","og:image:secure_url":"https:\/\/www.jornalja.com.br\/economics\/wp-content\/uploads\/sites\/11\/2026\/08\/ja-folhaderosto-facebook.jpg","article:published_time":"2017-10-03T21:31:04+00:00","article:modified_time":"2017-10-03T21:31:04+00:00","twitter:card":"summary","twitter:title":"Especialistas de 11 pa\u00edses debatem pol\u00edticas p\u00fablicas para agroecologia, na AL | Arquivo","twitter:image":"https:\/\/www.jornalja.com.br\/economics\/wp-content\/uploads\/sites\/11\/2026\/08\/ja-folhaderosto-facebook.jpg"},"aioseo_meta_data":{"post_id":"55924","title":null,"description":null,"keywords":null,"keyphrases":null,"primary_term":null,"canonical_url":null,"og_title":null,"og_description":null,"og_object_type":"default","og_image_type":"default","og_image_url":null,"og_image_width":null,"og_image_height":null,"og_image_custom_url":null,"og_image_custom_fields":null,"og_video":null,"og_custom_url":null,"og_article_section":null,"og_article_tags":null,"twitter_use_og":false,"twitter_card":"default","twitter_image_type":"default","twitter_image_url":null,"twitter_image_custom_url":null,"twitter_image_custom_fields":null,"twitter_title":null,"twitter_description":null,"schema":{"blockGraphs":[],"customGraphs":[],"default":{"data":{"Article":[],"Course":[],"Dataset":[],"FAQPage":[],"Movie":[],"Person":[],"Product":[],"ProductReview":[],"Car":[],"Recipe":[],"Service":[],"SoftwareApplication":[],"WebPage":[]},"graphName":"","isEnabled":true},"graphs":[],"defaultGraph":"","defaultPostTypeGraph":""},"schema_type":null,"schema_type_options":null,"pillar_content":false,"robots_default":true,"robots_noindex":false,"robots_noarchive":false,"robots_nosnippet":false,"robots_nofollow":false,"robots_noimageindex":false,"robots_noodp":false,"robots_notranslate":false,"robots_max_snippet":null,"robots_max_videopreview":null,"robots_max_imagepreview":"large","priority":null,"frequency":null,"location":null,"local_seo":null,"breadcrumb_settings":null,"limit_modified_date":false,"ai":null,"created":"2020-12-20 20:24:05","updated":"2025-07-20 01:37:57","seo_analyzer_scan_date":null,"focus_keyword":null,"additional_keywords":null,"truseo_locale":null},"jetpack_sharing_enabled":true,"jetpack-related-posts":[{"id":13128,"url":"https:\/\/www.jornalja.com.br\/arquivo\/maconha-terra-diz-que-uso-medicinal-e-desculpa\/","url_meta":{"origin":55924,"position":0},"title":"Maconha: Terra diz que uso medicinal \u00e9 desculpa","author":"Patr\u00edcia Marini","date":"4 de junho de 2014","format":false,"excerpt":"A condi\u00e7\u00e3o de pol\u00edtico, em \u00e9poca de campanha de campanha eleitoral, tira for\u00e7a do discurso do m\u00e9dico Osmar Terra contra a legaliza\u00e7\u00e3o da maconha. A tese dele de que a libera\u00e7\u00e3o vai ampliar exponencialmente o consumo \u00e9 discutivel, o consumo \u00e9 corrente. Mas seus alertas quanto aos riscos tem que\u2026","rel":"","context":"Em &quot;X.Categorias velhas&quot;","block_context":{"text":"X.Categorias velhas","link":"https:\/\/www.jornalja.com.br\/arquivo\/category\/x-categorias-velhas\/"},"img":{"alt_text":"","src":"","width":0,"height":0},"classes":[]},{"id":13109,"url":"https:\/\/www.jornalja.com.br\/arquivo\/judiciario-reconhece-poluicao-eletromagnetica\/","url_meta":{"origin":55924,"position":1},"title":"Judici\u00e1rio reconhece polui\u00e7\u00e3o eletromagn\u00e9tica","author":"Patr\u00edcia Marini","date":"16 de maio de 2014","format":false,"excerpt":"A\u00e7\u00e3o de duas associa\u00e7\u00f5es de moradores foi acolhida pelo Tribunal de Justi\u00e7a de S\u00e3o Paulo que. em decis\u00e3o in\u00e9dita, determinou a redu\u00e7\u00e3o do campo eletromagn\u00e9tico gerado pelas linhas de transmiss\u00e3o de energia que cortam os bairros City Boa\u00e7ava e Alto de Pinheiros. \u00c9 a primeira vez que um tribunal do\u2026","rel":"","context":"Em &quot;X.Categorias velhas&quot;","block_context":{"text":"X.Categorias velhas","link":"https:\/\/www.jornalja.com.br\/arquivo\/category\/x-categorias-velhas\/"},"img":{"alt_text":"","src":"","width":0,"height":0},"classes":[]},{"id":13124,"url":"https:\/\/www.jornalja.com.br\/arquivo\/sangue-latino-no-iecine\/","url_meta":{"origin":55924,"position":2},"title":"Sangue latino no IECINE","author":"da Reda\u00e7\u00e3o","date":"18 de maio de 2014","format":false,"excerpt":"Francisco Ribeiro O Instituto Estadual de Cinema (IECINE) tem a frente, desde abril \u00faltimo, um novo diretor, o cineasta colombiano Juan Zapata, 36, que substitui Luiz Alberto Cassol. Radicado h\u00e1 dez anos em Porto Alegre, Zapata tem diante de si o desafio de conduzir at\u00e9 o final do ano um\u2026","rel":"","context":"Em &quot;Cultura-Geral&quot;","block_context":{"text":"Cultura-Geral","link":"https:\/\/www.jornalja.com.br\/arquivo\/category\/materiasecundaria\/"},"img":{"alt_text":"","src":"","width":0,"height":0},"classes":[]},{"id":14241,"url":"https:\/\/www.jornalja.com.br\/arquivo\/o-guaiba-nas-imagens-poeticas-de-achutti\/","url_meta":{"origin":55924,"position":3},"title":"O Gua\u00edba nas imagens po\u00e9ticas de Achutti","author":"da Reda\u00e7\u00e3o","date":"18 de junho de 2014","format":false,"excerpt":"Em \u201cO Gua\u00edba por Achutti\u201d \u2013 obra financiada via Minist\u00e9rio da Cultura, produ\u00e7\u00e3o executiva de Pedro Longhi, e Fl\u00e1vio Wild como designer \u2013, o fot\u00f3grafo revela a beleza e as mazelas de um espa\u00e7o aqu\u00e1tico de \u00e1guas sempre renovadas, cheio de hist\u00f3rias e lendas como as das cidades que foram\u2026","rel":"","context":"Em &quot;Cultura-Geral&quot;","block_context":{"text":"Cultura-Geral","link":"https:\/\/www.jornalja.com.br\/arquivo\/category\/materiasecundaria\/"},"img":{"alt_text":"","src":"","width":0,"height":0},"classes":[]},{"id":5440,"url":"https:\/\/www.jornalja.com.br\/arquivo\/casarao-da-venancio-destino-permanece-incerto\/","url_meta":{"origin":55924,"position":4},"title":"Estado ainda n\u00e3o sabe o que fazer com casar\u00e3o abandonado h\u00e1 20 anos","author":"Elmar Bones","date":"6 de julho de 2009","format":false,"excerpt":"O casar\u00e3o amarelo, numa esquina nobre de Porto Alegre (Ven\u00e2ncio Aires com Jo\u00e3o Pessoa), j\u00e1 abrigou uma escola. H\u00e1 duas d\u00e9cadas, pelo menos, est\u00e1 abandonado, porque seu propriet\u00e1rio, o governo do Estado do Rio Grande do Sul, n\u00e3o consegue achar um destino para ele. Planos n\u00e3o faltaram. O governador Ol\u00edvio\u2026","rel":"","context":"Em &quot;X.Categorias velhas&quot;","block_context":{"text":"X.Categorias velhas","link":"https:\/\/www.jornalja.com.br\/arquivo\/category\/x-categorias-velhas\/"},"img":{"alt_text":"geraldo1","src":"https:\/\/i0.wp.com\/www.jornalja.com.br\/wp-content\/uploads\/2009\/07\/geraldo1.jpg?resize=350%2C200&ssl=1","width":350,"height":200},"classes":[]},{"id":12960,"url":"https:\/\/www.jornalja.com.br\/arquivo\/populacao-culpa-empresas-pela-greve-dos-rodoviarios\/","url_meta":{"origin":55924,"position":5},"title":"Popula\u00e7\u00e3o culpa empresas pela greve","author":"Patr\u00edcia Marini","date":"14 de fevereiro de 2014","format":false,"excerpt":"Pesquisa divulgada na edi\u00e7\u00e3o do jornal Metro desta sexta-feira,14, comprova o velho ditado: \u00e9 poss\u00edvel enganar muitos por algum tempo, mas n\u00e3o \u00e9 poss\u00edvel enganar a todos o tempo inteiro. A principal revela\u00e7\u00e3o foi que 59,8% dos entrevistados apontaram as empresas como as principais respons\u00e1veis pela grave e 46% culparam\u2026","rel":"","context":"Em &quot;X.Categorias velhas&quot;","block_context":{"text":"X.Categorias velhas","link":"https:\/\/www.jornalja.com.br\/arquivo\/category\/x-categorias-velhas\/"},"img":{"alt_text":"","src":"","width":0,"height":0},"classes":[]}],"jetpack_shortlink":"https:\/\/wp.me\/pbQjBd-ey0","jetpack_featured_media_url":"","_links":{"self":[{"href":"https:\/\/www.jornalja.com.br\/arquivo\/wp-json\/wp\/v2\/posts\/55924","targetHints":{"allow":["GET"]}}],"collection":[{"href":"https:\/\/www.jornalja.com.br\/arquivo\/wp-json\/wp\/v2\/posts"}],"about":[{"href":"https:\/\/www.jornalja.com.br\/arquivo\/wp-json\/wp\/v2\/types\/post"}],"author":[{"embeddable":true,"href":"https:\/\/www.jornalja.com.br\/arquivo\/wp-json\/wp\/v2\/users\/4"}],"replies":[{"embeddable":true,"href":"https:\/\/www.jornalja.com.br\/arquivo\/wp-json\/wp\/v2\/comments?post=55924"}],"version-history":[{"count":0,"href":"https:\/\/www.jornalja.com.br\/arquivo\/wp-json\/wp\/v2\/posts\/55924\/revisions"}],"wp:attachment":[{"href":"https:\/\/www.jornalja.com.br\/arquivo\/wp-json\/wp\/v2\/media?parent=55924"}],"wp:term":[{"taxonomy":"category","embeddable":true,"href":"https:\/\/www.jornalja.com.br\/arquivo\/wp-json\/wp\/v2\/categories?post=55924"},{"taxonomy":"post_tag","embeddable":true,"href":"https:\/\/www.jornalja.com.br\/arquivo\/wp-json\/wp\/v2\/tags?post=55924"}],"curies":[{"name":"wp","href":"https:\/\/api.w.org\/{rel}","templated":true}]}}