{"id":55975,"date":"2017-10-04T10:06:38","date_gmt":"2017-10-04T13:06:38","guid":{"rendered":"https:\/\/www.jornalja.com.br\/?p=55975"},"modified":"2017-10-04T10:06:38","modified_gmt":"2017-10-04T13:06:38","slug":"foro-da-tristeza-realiza-feira-ecologica-nesta-quarta-feira-a-tarde","status":"publish","type":"post","link":"https:\/\/www.jornalja.com.br\/arquivo\/foro-da-tristeza-realiza-feira-ecologica-nesta-quarta-feira-a-tarde\/","title":{"rendered":"Foro da Tristeza realiza feira ecol\u00f3gica nesta quarta-feira \u00e0 tarde"},"content":{"rendered":"<p>Nesta quarta-feira (4\/10), pela primeira vez haver\u00e1 a comercializa\u00e7\u00e3o de produtos org\u00e2nicos no Foro da Tristeza, na Zona Sul de Porto Alegre. A feira ecol\u00f3gica acontece das 14h \u00e0s 17h, no 8\u00ba andar do Foro.<br \/>\nOs produtos org\u00e2nicos que ser\u00e3o ofertados s\u00e3o produzidos pela Fam\u00edlia Cibulski, de Eldorado do Sul. Os produtores v\u00eam do assentamento integra\u00e7\u00e3o ga\u00facha e atuam na produ\u00e7\u00e3o h\u00e1 mais de 20 anos.<br \/>\nUma ampla oferta de produtos frescos e da \u00e9poca estar\u00e1 dispon\u00edvel: variedades de hortali\u00e7as e frutas como banana prata, bergamota e laranja de suco. Al\u00e9m de gr\u00e3os como arroz integral, caf\u00e9, feij\u00e3o carioca, gergelim e linha\u00e7a. Mel, ovos e suco de uva tamb\u00e9m ser\u00e3o oferecidos na feira. E ainda, p\u00e3es, bolos muffins e mini-pizzas, todos integrais.<br \/>\nA feira ecol\u00f3gica no Foro da Tristeza ser\u00e1 realizada quinzenalmente e a pr\u00f3xima edi\u00e7\u00e3o est\u00e1 programada para o dia 18 de outubro, no mesmo local e hor\u00e1rio.<br \/>\nTamb\u00e9m t\u00eam feiras ecol\u00f3gicas, todas as quartas-feiras, 9h \u00e0s 14h, no Tribunal de Justi\u00e7a (Av. Borges de Medeiros, 1565, 14\u00ba andar) e no Foro\u00a0Central, pr\u00e9dio II (Rua Manoelito de Ornellas, 55).<\/p>\n","protected":false},"excerpt":{"rendered":"<p>Nesta quarta-feira (4\/10), pela primeira vez haver\u00e1 a comercializa\u00e7\u00e3o de produtos org\u00e2nicos no Foro da Tristeza, na Zona Sul de Porto Alegre. A feira ecol\u00f3gica acontece das 14h \u00e0s 17h, no 8\u00ba andar do Foro. Os produtos org\u00e2nicos que ser\u00e3o ofertados s\u00e3o produzidos pela Fam\u00edlia Cibulski, de Eldorado do Sul. Os produtores v\u00eam do assentamento [&hellip;]<\/p>\n","protected":false},"author":4,"featured_media":0,"comment_status":"open","ping_status":"closed","sticky":false,"template":"","format":"standard","meta":{"_jetpack_newsletter_access":"","_jetpack_dont_email_post_to_subs":false,"_jetpack_newsletter_tier_id":0,"_jetpack_memberships_contains_paywalled_content":false,"_jetpack_feature_clip_id":0,"_jetpack_memberships_contains_paid_content":false,"footnotes":"","jetpack_post_was_ever_published":false},"categories":[2022],"tags":[],"class_list":["post-55975","post","type-post","status-publish","format-standard","hentry","category-notas"],"aioseo_notices":[],"aioseo_head":"\n\t\t<!-- All in One SEO 5.0.1.1 - aioseo.com -->\n\t<meta name=\"robots\" content=\"max-image-preview:large\" \/>\n\t<meta name=\"author\" content=\"da Reda\u00e7\u00e3o\"\/>\n\t<link rel=\"canonical\" href=\"https:\/\/www.jornalja.com.br\/arquivo\/foro-da-tristeza-realiza-feira-ecologica-nesta-quarta-feira-a-tarde\/\" \/>\n\t<meta name=\"generator\" content=\"All in One SEO (AIOSEO) 5.0.1.1\" \/>\n\t\t<meta property=\"og:locale\" content=\"pt_BR\" \/>\n\t\t<meta property=\"og:site_name\" content=\"Arquivo | Jornal J\u00c1 | Porto Alegre\" \/>\n\t\t<meta property=\"og:type\" content=\"article\" \/>\n\t\t<meta property=\"og:title\" content=\"Foro da Tristeza realiza feira ecol\u00f3gica nesta quarta-feira \u00e0 tarde | Arquivo\" \/>\n\t\t<meta property=\"og:url\" content=\"https:\/\/www.jornalja.com.br\/arquivo\/foro-da-tristeza-realiza-feira-ecologica-nesta-quarta-feira-a-tarde\/\" \/>\n\t\t<meta property=\"og:image\" content=\"https:\/\/www.jornalja.com.br\/economics\/wp-content\/uploads\/sites\/11\/2026\/08\/ja-folhaderosto-facebook.jpg\" \/>\n\t\t<meta property=\"og:image:secure_url\" content=\"https:\/\/www.jornalja.com.br\/economics\/wp-content\/uploads\/sites\/11\/2026\/08\/ja-folhaderosto-facebook.jpg\" \/>\n\t\t<meta property=\"article:published_time\" content=\"2017-10-04T13:06:38+00:00\" \/>\n\t\t<meta property=\"article:modified_time\" content=\"2017-10-04T13:06:38+00:00\" \/>\n\t\t<meta name=\"twitter:card\" content=\"summary\" \/>\n\t\t<meta name=\"twitter:title\" content=\"Foro da Tristeza realiza feira ecol\u00f3gica nesta quarta-feira \u00e0 tarde | Arquivo\" \/>\n\t\t<meta name=\"twitter:image\" content=\"https:\/\/www.jornalja.com.br\/economics\/wp-content\/uploads\/sites\/11\/2026\/08\/ja-folhaderosto-facebook.jpg\" \/>\n\t\t<script type=\"application\/ld+json\" class=\"aioseo-schema\">\n\t\t\t{\"@context\":\"https:\\\/\\\/schema.org\",\"@graph\":[{\"@type\":\"BlogPosting\",\"@id\":\"https:\\\/\\\/www.jornalja.com.br\\\/arquivo\\\/foro-da-tristeza-realiza-feira-ecologica-nesta-quarta-feira-a-tarde\\\/#blogposting\",\"name\":\"Foro da Tristeza realiza feira ecol\\u00f3gica nesta quarta-feira \\u00e0 tarde | Arquivo\",\"headline\":\"Foro da Tristeza realiza feira ecol\\u00f3gica nesta quarta-feira \\u00e0 tarde\",\"author\":{\"@id\":\"https:\\\/\\\/www.jornalja.com.br\\\/arquivo\\\/author\\\/daredacao\\\/#author\"},\"publisher\":{\"@id\":\"https:\\\/\\\/www.jornalja.com.br\\\/arquivo\\\/#organization\"},\"image\":{\"@type\":\"ImageObject\",\"url\":\"https:\\\/\\\/www.jornalja.com.br\\\/wp-content\\\/uploads\\\/cards\\\/JAslogan.png\",\"@id\":\"https:\\\/\\\/www.jornalja.com.br\\\/arquivo\\\/#articleImage\"},\"datePublished\":\"2017-10-04T10:06:38-03:00\",\"dateModified\":\"2017-10-04T10:06:38-03:00\",\"inLanguage\":\"pt-BR\",\"mainEntityOfPage\":{\"@id\":\"https:\\\/\\\/www.jornalja.com.br\\\/arquivo\\\/foro-da-tristeza-realiza-feira-ecologica-nesta-quarta-feira-a-tarde\\\/#webpage\"},\"isPartOf\":{\"@id\":\"https:\\\/\\\/www.jornalja.com.br\\\/arquivo\\\/foro-da-tristeza-realiza-feira-ecologica-nesta-quarta-feira-a-tarde\\\/#webpage\"},\"articleSection\":\"NOTAS\"},{\"@type\":\"BreadcrumbList\",\"@id\":\"https:\\\/\\\/www.jornalja.com.br\\\/arquivo\\\/foro-da-tristeza-realiza-feira-ecologica-nesta-quarta-feira-a-tarde\\\/#breadcrumblist\",\"itemListElement\":[{\"@type\":\"ListItem\",\"@id\":\"https:\\\/\\\/www.jornalja.com.br\\\/arquivo#listItem\",\"position\":1,\"name\":\"Home\",\"item\":\"https:\\\/\\\/www.jornalja.com.br\\\/arquivo\",\"nextItem\":{\"@type\":\"ListItem\",\"@id\":\"https:\\\/\\\/www.jornalja.com.br\\\/arquivo\\\/category\\\/notas\\\/#listItem\",\"name\":\"NOTAS\"}},{\"@type\":\"ListItem\",\"@id\":\"https:\\\/\\\/www.jornalja.com.br\\\/arquivo\\\/category\\\/notas\\\/#listItem\",\"position\":2,\"name\":\"NOTAS\",\"item\":\"https:\\\/\\\/www.jornalja.com.br\\\/arquivo\\\/category\\\/notas\\\/\",\"nextItem\":{\"@type\":\"ListItem\",\"@id\":\"https:\\\/\\\/www.jornalja.com.br\\\/arquivo\\\/foro-da-tristeza-realiza-feira-ecologica-nesta-quarta-feira-a-tarde\\\/#listItem\",\"name\":\"Foro da Tristeza realiza feira ecol\\u00f3gica nesta quarta-feira \\u00e0 tarde\"},\"previousItem\":{\"@type\":\"ListItem\",\"@id\":\"https:\\\/\\\/www.jornalja.com.br\\\/arquivo#listItem\",\"name\":\"Home\"}},{\"@type\":\"ListItem\",\"@id\":\"https:\\\/\\\/www.jornalja.com.br\\\/arquivo\\\/foro-da-tristeza-realiza-feira-ecologica-nesta-quarta-feira-a-tarde\\\/#listItem\",\"position\":3,\"name\":\"Foro da Tristeza realiza feira ecol\\u00f3gica nesta quarta-feira \\u00e0 tarde\",\"previousItem\":{\"@type\":\"ListItem\",\"@id\":\"https:\\\/\\\/www.jornalja.com.br\\\/arquivo\\\/category\\\/notas\\\/#listItem\",\"name\":\"NOTAS\"}}]},{\"@type\":\"Organization\",\"@id\":\"https:\\\/\\\/www.jornalja.com.br\\\/arquivo\\\/#organization\",\"name\":\"Jornal J\\u00c1\",\"description\":\"Jornal J\\u00c1 | Porto Alegre\",\"url\":\"https:\\\/\\\/www.jornalja.com.br\\\/arquivo\\\/\",\"telephone\":\"+555133307272\",\"logo\":{\"@type\":\"ImageObject\",\"url\":\"https:\\\/\\\/www.jornalja.com.br\\\/wp-content\\\/uploads\\\/cards\\\/JAslogan.png\",\"@id\":\"https:\\\/\\\/www.jornalja.com.br\\\/arquivo\\\/foro-da-tristeza-realiza-feira-ecologica-nesta-quarta-feira-a-tarde\\\/#organizationLogo\"},\"image\":{\"@id\":\"https:\\\/\\\/www.jornalja.com.br\\\/arquivo\\\/foro-da-tristeza-realiza-feira-ecologica-nesta-quarta-feira-a-tarde\\\/#organizationLogo\"}},{\"@type\":\"Person\",\"@id\":\"https:\\\/\\\/www.jornalja.com.br\\\/arquivo\\\/author\\\/daredacao\\\/#author\",\"url\":\"https:\\\/\\\/www.jornalja.com.br\\\/arquivo\\\/author\\\/daredacao\\\/\",\"name\":\"da Reda\\u00e7\\u00e3o\",\"image\":{\"@type\":\"ImageObject\",\"@id\":\"https:\\\/\\\/www.jornalja.com.br\\\/arquivo\\\/foro-da-tristeza-realiza-feira-ecologica-nesta-quarta-feira-a-tarde\\\/#authorImage\",\"url\":\"https:\\\/\\\/secure.gravatar.com\\\/avatar\\\/469fd857d6605ad19919d27ed29d35a968a25f6e8fd9318356bbb7f57aae9c65?s=96&d=mm&r=g\",\"width\":96,\"height\":96,\"caption\":\"da Reda\\u00e7\\u00e3o\"}},{\"@type\":\"WebPage\",\"@id\":\"https:\\\/\\\/www.jornalja.com.br\\\/arquivo\\\/foro-da-tristeza-realiza-feira-ecologica-nesta-quarta-feira-a-tarde\\\/#webpage\",\"url\":\"https:\\\/\\\/www.jornalja.com.br\\\/arquivo\\\/foro-da-tristeza-realiza-feira-ecologica-nesta-quarta-feira-a-tarde\\\/\",\"name\":\"Foro da Tristeza realiza feira ecol\\u00f3gica nesta quarta-feira \\u00e0 tarde | Arquivo\",\"inLanguage\":\"pt-BR\",\"isPartOf\":{\"@id\":\"https:\\\/\\\/www.jornalja.com.br\\\/arquivo\\\/#website\"},\"breadcrumb\":{\"@id\":\"https:\\\/\\\/www.jornalja.com.br\\\/arquivo\\\/foro-da-tristeza-realiza-feira-ecologica-nesta-quarta-feira-a-tarde\\\/#breadcrumblist\"},\"author\":{\"@id\":\"https:\\\/\\\/www.jornalja.com.br\\\/arquivo\\\/author\\\/daredacao\\\/#author\"},\"creator\":{\"@id\":\"https:\\\/\\\/www.jornalja.com.br\\\/arquivo\\\/author\\\/daredacao\\\/#author\"},\"datePublished\":\"2017-10-04T10:06:38-03:00\",\"dateModified\":\"2017-10-04T10:06:38-03:00\"},{\"@type\":\"WebSite\",\"@id\":\"https:\\\/\\\/www.jornalja.com.br\\\/arquivo\\\/#website\",\"url\":\"https:\\\/\\\/www.jornalja.com.br\\\/arquivo\\\/\",\"name\":\"Arquivo\",\"description\":\"Jornal J\\u00c1 | Porto Alegre\",\"inLanguage\":\"pt-BR\",\"publisher\":{\"@id\":\"https:\\\/\\\/www.jornalja.com.br\\\/arquivo\\\/#organization\"}}]}\n\t\t<\/script>\n\t\t<!-- All in One SEO -->\n\n","aioseo_head_json":{"title":"Foro da Tristeza realiza feira ecol\u00f3gica nesta quarta-feira \u00e0 tarde | Arquivo","description":"","canonical_url":"https:\/\/www.jornalja.com.br\/arquivo\/foro-da-tristeza-realiza-feira-ecologica-nesta-quarta-feira-a-tarde\/","robots":"max-image-preview:large","keywords":"","webmasterTools":{"miscellaneous":""},"schema":{"@context":"https:\/\/schema.org","@graph":[{"@type":"BlogPosting","@id":"https:\/\/www.jornalja.com.br\/arquivo\/foro-da-tristeza-realiza-feira-ecologica-nesta-quarta-feira-a-tarde\/#blogposting","name":"Foro da Tristeza realiza feira ecol\u00f3gica nesta quarta-feira \u00e0 tarde | Arquivo","headline":"Foro da Tristeza realiza feira ecol\u00f3gica nesta quarta-feira \u00e0 tarde","author":{"@id":"https:\/\/www.jornalja.com.br\/arquivo\/author\/daredacao\/#author"},"publisher":{"@id":"https:\/\/www.jornalja.com.br\/arquivo\/#organization"},"image":{"@type":"ImageObject","url":"https:\/\/www.jornalja.com.br\/wp-content\/uploads\/cards\/JAslogan.png","@id":"https:\/\/www.jornalja.com.br\/arquivo\/#articleImage"},"datePublished":"2017-10-04T10:06:38-03:00","dateModified":"2017-10-04T10:06:38-03:00","inLanguage":"pt-BR","mainEntityOfPage":{"@id":"https:\/\/www.jornalja.com.br\/arquivo\/foro-da-tristeza-realiza-feira-ecologica-nesta-quarta-feira-a-tarde\/#webpage"},"isPartOf":{"@id":"https:\/\/www.jornalja.com.br\/arquivo\/foro-da-tristeza-realiza-feira-ecologica-nesta-quarta-feira-a-tarde\/#webpage"},"articleSection":"NOTAS"},{"@type":"BreadcrumbList","@id":"https:\/\/www.jornalja.com.br\/arquivo\/foro-da-tristeza-realiza-feira-ecologica-nesta-quarta-feira-a-tarde\/#breadcrumblist","itemListElement":[{"@type":"ListItem","@id":"https:\/\/www.jornalja.com.br\/arquivo#listItem","position":1,"name":"Home","item":"https:\/\/www.jornalja.com.br\/arquivo","nextItem":{"@type":"ListItem","@id":"https:\/\/www.jornalja.com.br\/arquivo\/category\/notas\/#listItem","name":"NOTAS"}},{"@type":"ListItem","@id":"https:\/\/www.jornalja.com.br\/arquivo\/category\/notas\/#listItem","position":2,"name":"NOTAS","item":"https:\/\/www.jornalja.com.br\/arquivo\/category\/notas\/","nextItem":{"@type":"ListItem","@id":"https:\/\/www.jornalja.com.br\/arquivo\/foro-da-tristeza-realiza-feira-ecologica-nesta-quarta-feira-a-tarde\/#listItem","name":"Foro da Tristeza realiza feira ecol\u00f3gica nesta quarta-feira \u00e0 tarde"},"previousItem":{"@type":"ListItem","@id":"https:\/\/www.jornalja.com.br\/arquivo#listItem","name":"Home"}},{"@type":"ListItem","@id":"https:\/\/www.jornalja.com.br\/arquivo\/foro-da-tristeza-realiza-feira-ecologica-nesta-quarta-feira-a-tarde\/#listItem","position":3,"name":"Foro da Tristeza realiza feira ecol\u00f3gica nesta quarta-feira \u00e0 tarde","previousItem":{"@type":"ListItem","@id":"https:\/\/www.jornalja.com.br\/arquivo\/category\/notas\/#listItem","name":"NOTAS"}}]},{"@type":"Organization","@id":"https:\/\/www.jornalja.com.br\/arquivo\/#organization","name":"Jornal J\u00c1","description":"Jornal J\u00c1 | Porto Alegre","url":"https:\/\/www.jornalja.com.br\/arquivo\/","telephone":"+555133307272","logo":{"@type":"ImageObject","url":"https:\/\/www.jornalja.com.br\/wp-content\/uploads\/cards\/JAslogan.png","@id":"https:\/\/www.jornalja.com.br\/arquivo\/foro-da-tristeza-realiza-feira-ecologica-nesta-quarta-feira-a-tarde\/#organizationLogo"},"image":{"@id":"https:\/\/www.jornalja.com.br\/arquivo\/foro-da-tristeza-realiza-feira-ecologica-nesta-quarta-feira-a-tarde\/#organizationLogo"}},{"@type":"Person","@id":"https:\/\/www.jornalja.com.br\/arquivo\/author\/daredacao\/#author","url":"https:\/\/www.jornalja.com.br\/arquivo\/author\/daredacao\/","name":"da Reda\u00e7\u00e3o","image":{"@type":"ImageObject","@id":"https:\/\/www.jornalja.com.br\/arquivo\/foro-da-tristeza-realiza-feira-ecologica-nesta-quarta-feira-a-tarde\/#authorImage","url":"https:\/\/secure.gravatar.com\/avatar\/469fd857d6605ad19919d27ed29d35a968a25f6e8fd9318356bbb7f57aae9c65?s=96&d=mm&r=g","width":96,"height":96,"caption":"da Reda\u00e7\u00e3o"}},{"@type":"WebPage","@id":"https:\/\/www.jornalja.com.br\/arquivo\/foro-da-tristeza-realiza-feira-ecologica-nesta-quarta-feira-a-tarde\/#webpage","url":"https:\/\/www.jornalja.com.br\/arquivo\/foro-da-tristeza-realiza-feira-ecologica-nesta-quarta-feira-a-tarde\/","name":"Foro da Tristeza realiza feira ecol\u00f3gica nesta quarta-feira \u00e0 tarde | Arquivo","inLanguage":"pt-BR","isPartOf":{"@id":"https:\/\/www.jornalja.com.br\/arquivo\/#website"},"breadcrumb":{"@id":"https:\/\/www.jornalja.com.br\/arquivo\/foro-da-tristeza-realiza-feira-ecologica-nesta-quarta-feira-a-tarde\/#breadcrumblist"},"author":{"@id":"https:\/\/www.jornalja.com.br\/arquivo\/author\/daredacao\/#author"},"creator":{"@id":"https:\/\/www.jornalja.com.br\/arquivo\/author\/daredacao\/#author"},"datePublished":"2017-10-04T10:06:38-03:00","dateModified":"2017-10-04T10:06:38-03:00"},{"@type":"WebSite","@id":"https:\/\/www.jornalja.com.br\/arquivo\/#website","url":"https:\/\/www.jornalja.com.br\/arquivo\/","name":"Arquivo","description":"Jornal J\u00c1 | Porto Alegre","inLanguage":"pt-BR","publisher":{"@id":"https:\/\/www.jornalja.com.br\/arquivo\/#organization"}}]},"og:locale":"pt_BR","og:site_name":"Arquivo | Jornal J\u00c1 | Porto Alegre","og:type":"article","og:title":"Foro da Tristeza realiza feira ecol\u00f3gica nesta quarta-feira \u00e0 tarde | Arquivo","og:url":"https:\/\/www.jornalja.com.br\/arquivo\/foro-da-tristeza-realiza-feira-ecologica-nesta-quarta-feira-a-tarde\/","og:image":"https:\/\/www.jornalja.com.br\/economics\/wp-content\/uploads\/sites\/11\/2026\/08\/ja-folhaderosto-facebook.jpg","og:image:secure_url":"https:\/\/www.jornalja.com.br\/economics\/wp-content\/uploads\/sites\/11\/2026\/08\/ja-folhaderosto-facebook.jpg","article:published_time":"2017-10-04T13:06:38+00:00","article:modified_time":"2017-10-04T13:06:38+00:00","twitter:card":"summary","twitter:title":"Foro da Tristeza realiza feira ecol\u00f3gica nesta quarta-feira \u00e0 tarde | Arquivo","twitter:image":"https:\/\/www.jornalja.com.br\/economics\/wp-content\/uploads\/sites\/11\/2026\/08\/ja-folhaderosto-facebook.jpg"},"aioseo_meta_data":{"post_id":"55975","title":null,"description":null,"keywords":null,"keyphrases":null,"primary_term":null,"canonical_url":null,"og_title":null,"og_description":null,"og_object_type":"default","og_image_type":"default","og_image_url":null,"og_image_width":null,"og_image_height":null,"og_image_custom_url":null,"og_image_custom_fields":null,"og_video":null,"og_custom_url":null,"og_article_section":null,"og_article_tags":null,"twitter_use_og":false,"twitter_card":"default","twitter_image_type":"default","twitter_image_url":null,"twitter_image_custom_url":null,"twitter_image_custom_fields":null,"twitter_title":null,"twitter_description":null,"schema":{"blockGraphs":[],"customGraphs":[],"default":{"data":{"Article":[],"Course":[],"Dataset":[],"FAQPage":[],"Movie":[],"Person":[],"Product":[],"ProductReview":[],"Car":[],"Recipe":[],"Service":[],"SoftwareApplication":[],"WebPage":[]},"graphName":"","isEnabled":true},"graphs":[]},"schema_type":null,"schema_type_options":null,"pillar_content":false,"robots_default":true,"robots_noindex":false,"robots_noarchive":false,"robots_nosnippet":false,"robots_nofollow":false,"robots_noimageindex":false,"robots_noodp":false,"robots_notranslate":false,"robots_max_snippet":null,"robots_max_videopreview":null,"robots_max_imagepreview":"large","priority":null,"frequency":null,"location":null,"local_seo":null,"breadcrumb_settings":null,"limit_modified_date":false,"ai":null,"created":"2020-12-20 20:24:05","updated":"2025-07-20 01:39:18","seo_analyzer_scan_date":null,"focus_keyword":null,"additional_keywords":null,"truseo_locale":null},"jetpack_sharing_enabled":true,"jetpack-related-posts":[{"id":13124,"url":"https:\/\/www.jornalja.com.br\/arquivo\/sangue-latino-no-iecine\/","url_meta":{"origin":55975,"position":0},"title":"Sangue latino no IECINE","author":"da Reda\u00e7\u00e3o","date":"18 de maio de 2014","format":false,"excerpt":"Francisco Ribeiro O Instituto Estadual de Cinema (IECINE) tem a frente, desde abril \u00faltimo, um novo diretor, o cineasta colombiano Juan Zapata, 36, que substitui Luiz Alberto Cassol. Radicado h\u00e1 dez anos em Porto Alegre, Zapata tem diante de si o desafio de conduzir at\u00e9 o final do ano um\u2026","rel":"","context":"Em &quot;Cultura-Geral&quot;","block_context":{"text":"Cultura-Geral","link":"https:\/\/www.jornalja.com.br\/arquivo\/category\/materiasecundaria\/"},"img":{"alt_text":"","src":"","width":0,"height":0},"classes":[]},{"id":13101,"url":"https:\/\/www.jornalja.com.br\/arquivo\/morre-um-guerreiro-do-texto\/","url_meta":{"origin":55975,"position":1},"title":"Morre um guerreiro do texto","author":"Patr\u00edcia Marini","date":"14 de maio de 2014","format":false,"excerpt":"Por Ricardo Kotscho Reproduzido do blog do autor, 11\/5\/2014; t\u00edtulo original \u201cE l\u00e1 se foi o nosso Myltainho, guerreiro do texto\u201d. Mi\u00fado e franzino, meu amigo Myltainho era um valente e inconformado guerreiro na luta contra as injusti\u00e7as sociais, a hipocrisia, as maracutaias, o autoritarismo, a intoler\u00e2ncia, a viol\u00eancia, o\u2026","rel":"","context":"Em &quot;Geral&quot;","block_context":{"text":"Geral","link":"https:\/\/www.jornalja.com.br\/arquivo\/category\/geral\/"},"img":{"alt_text":"","src":"","width":0,"height":0},"classes":[]}],"jetpack_shortlink":"https:\/\/wp.me\/pbQjBd-eyP","jetpack_featured_media_url":"","_links":{"self":[{"href":"https:\/\/www.jornalja.com.br\/arquivo\/wp-json\/wp\/v2\/posts\/55975","targetHints":{"allow":["GET"]}}],"collection":[{"href":"https:\/\/www.jornalja.com.br\/arquivo\/wp-json\/wp\/v2\/posts"}],"about":[{"href":"https:\/\/www.jornalja.com.br\/arquivo\/wp-json\/wp\/v2\/types\/post"}],"author":[{"embeddable":true,"href":"https:\/\/www.jornalja.com.br\/arquivo\/wp-json\/wp\/v2\/users\/4"}],"replies":[{"embeddable":true,"href":"https:\/\/www.jornalja.com.br\/arquivo\/wp-json\/wp\/v2\/comments?post=55975"}],"version-history":[{"count":0,"href":"https:\/\/www.jornalja.com.br\/arquivo\/wp-json\/wp\/v2\/posts\/55975\/revisions"}],"wp:attachment":[{"href":"https:\/\/www.jornalja.com.br\/arquivo\/wp-json\/wp\/v2\/media?parent=55975"}],"wp:term":[{"taxonomy":"category","embeddable":true,"href":"https:\/\/www.jornalja.com.br\/arquivo\/wp-json\/wp\/v2\/categories?post=55975"},{"taxonomy":"post_tag","embeddable":true,"href":"https:\/\/www.jornalja.com.br\/arquivo\/wp-json\/wp\/v2\/tags?post=55975"}],"curies":[{"name":"wp","href":"https:\/\/api.w.org\/{rel}","templated":true}]}}