{"id":55980,"date":"2017-10-04T12:59:50","date_gmt":"2017-10-04T15:59:50","guid":{"rendered":"https:\/\/www.jornalja.com.br\/?p=55980"},"modified":"2017-10-04T12:59:50","modified_gmt":"2017-10-04T15:59:50","slug":"sartori-anuncia-venda-de-49-das-acoes-ordinarias-do-banrisul","status":"publish","type":"post","link":"https:\/\/www.jornalja.com.br\/arquivo\/sartori-anuncia-venda-de-49-das-acoes-ordinarias-do-banrisul\/","title":{"rendered":"Sartori anuncia venda de 49% das a\u00e7\u00f5es ordin\u00e1rias do Banrisul"},"content":{"rendered":"<p>Foi publicada na manh\u00e3 desta quarta-feira, 04\/10, a decis\u00e3o de venda de at\u00e9 49% das a\u00e7\u00f5es ordin\u00e1rias do Banrisul (com direito a voto).<br \/>\nAinda nesta manh\u00e3, o governador Jos\u00e9 Ivo Sartori anunciou a decis\u00e3o em entrevista coletiva no Pal\u00e1cio Piratini para explicar que o Estado mant\u00e9m o controle acion\u00e1rio, de 51%, o que garante a manuten\u00e7\u00e3o do Banrisul como banco p\u00fablico. Tamb\u00e9m ser\u00e3o vendidos os 7% das a\u00e7\u00f5es preferenciais (sem direito a voto) que ainda est\u00e3o em poder da institui\u00e7\u00e3o.<br \/>\nAo fazer o an\u00fancio, Sartori explicou que o processo de aliena\u00e7\u00e3o vai envolver cerca de 128 milh\u00f5es de unidades acion\u00e1rias, das quais 28,8 milh\u00f5es de a\u00e7\u00f5es preferenciais e 99,2 milh\u00f5es de a\u00e7\u00f5es ordin\u00e1rias.<br \/>\nConsiderando o pre\u00e7o atual das a\u00e7\u00f5es, cerca de R$ 17,00, o Estado pode arrecadar com a opera\u00e7\u00e3o cerca de 2,6 bilh\u00f5es.<br \/>\n\u201cNosso governo, que produziu a maior moderniza\u00e7\u00e3o administrativa do Estado nos \u00faltimos anos, como acionista majorit\u00e1rio do Banrisul, decidiu ampliar a abertura do banco para o mercado\u201d, afirmou o governador.<br \/>\nA expectativa \u00e9 de que as opera\u00e7\u00f5es estejam conclu\u00eddas at\u00e9 o final do ano. O aporte financeiro que vir\u00e1 como resultado, conforme destacou Sartori, ser\u00e1 aplicado no reequil\u00edbrio financeiro do Estado e investido em \u00e1reas essenciais, como sa\u00fade, seguran\u00e7a e educa\u00e7\u00e3o, promete o governo.<br \/>\n\u201cEssa decis\u00e3o \u00e9 boa para o Banrisul, mas tamb\u00e9m para toda a sociedade ga\u00facha\u201d, disse Sartori.<br \/>\n\u201dEsta medida, no entanto, n\u00e3o resolve todos os nossos problemas\u201d, disse o governador, \u201cat\u00e9 porque ainda n\u00e3o podemos estimar seus resultados financeiros. Mesmo se tiver sucesso, ainda dependeremos da ades\u00e3o ao Plano de Recupera\u00e7\u00e3o Fiscal dos Estados para superarmos a crise\u201d.<br \/>\n<span class=\"intertit\">Banco tem lucro m\u00e9dio de R$ 700 milh\u00f5es nos \u00faltimos dez anos<\/span><br \/>\nO Banrisul \u00e9 hoje uma sociedade an\u00f4nima de capital aberto que atua sob a forma de banco m\u00faltiplo, ou simplesmente a \u201cjoia da coroa do Estado\u201d, entre as estatais, com um valor de mercado superior a R$ 6,2 bilh\u00f5es.<br \/>\nNo primeiro semestre de 2017, o banco teve um lucro l\u00edquido de R$ 316,2 milh\u00f5es. Somente nos \u00faltimos dez anos, o banco tem em m\u00e9dia R$ 717 milh\u00f5es de lucro por ano. O patrim\u00f4nio l\u00edquido da institui\u00e7\u00e3o atingiu R$ 6,6 bilh\u00f5es em junho de 2017, com expans\u00e3o de R$ 157,5 milh\u00f5es ou 2,4% em um ano.<br \/>\nPara a dire\u00e7\u00e3o do banco, o desempenho no primeiro semestre j\u00e1 reflete os efeitos da melhora gradual do mercado de cr\u00e9dito, especialmente no segmento da pessoa f\u00edsica, bem como os impactos nas despesas devido ao Plano de Aposentadoria Volunt\u00e1ria (PAV).<br \/>\nAo final do primeiro semestre de 2017, a Institui\u00e7\u00e3o contava com um quadro de 10.503 empregados e 1.374 estagi\u00e1rios. O saldo do per\u00edodo foi de 780 postos de trabalho fechados em rela\u00e7\u00e3o ao primeiro semestre de 2016, sendo 648 empregados desligados pelo PAV.<br \/>\nHoje, o Estado ainda possui 57% das a\u00e7\u00f5es do banco. Cerca de 80% das a\u00e7\u00f5es no mercado pertencem a investidores estrangeiros. Mas o Estado ainda tem 99,7% das a\u00e7\u00f5es com direito de voto \u2013 s\u00e3o parte dessas que ser\u00e3o colocadas a venda no mercado de a\u00e7\u00f5es.<br \/>\n<span class=\"intertit\">Enfraquecimento do banco<\/span><br \/>\nPara os setores que defendem o Banrisul p\u00fablico, a medida foi considerada preocupante, pois trata-se de mais um setor do banco que termina indo para a m\u00e3o do mercado. \u201c\u00c9 assim que os governos n\u00e3o comprometidos com o patrim\u00f4nio p\u00fablico v\u00eam privatizando e enfraquecendo o Banrisul, \u00fanico banco presente em praticamente todos os munic\u00edpios do estado e de valor incalcul\u00e1vel para a popula\u00e7\u00e3o ga\u00facha\u201d, afirma o presidente do SindBanc\u00e1rios, Everton Gimenis.<\/p>\n","protected":false},"excerpt":{"rendered":"<p>Foi publicada na manh\u00e3 desta quarta-feira, 04\/10, a decis\u00e3o de venda de at\u00e9 49% das a\u00e7\u00f5es ordin\u00e1rias do Banrisul (com direito a voto). Ainda nesta manh\u00e3, o governador Jos\u00e9 Ivo Sartori anunciou a decis\u00e3o em entrevista coletiva no Pal\u00e1cio Piratini para explicar que o Estado mant\u00e9m o controle acion\u00e1rio, de 51%, o que garante a [&hellip;]<\/p>\n","protected":false},"author":4,"featured_media":55982,"comment_status":"open","ping_status":"closed","sticky":false,"template":"","format":"standard","meta":{"_jetpack_newsletter_access":"","_jetpack_dont_email_post_to_subs":false,"_jetpack_newsletter_tier_id":0,"_jetpack_memberships_contains_paywalled_content":false,"_jetpack_feature_clip_id":0,"_jetpack_memberships_contains_paid_content":false,"footnotes":"","jetpack_post_was_ever_published":false},"categories":[26],"tags":[],"class_list":["post-55980","post","type-post","status-publish","format-standard","has-post-thumbnail","hentry","category-geral"],"aioseo_notices":[],"aioseo_head":"\n\t\t<!-- All in One SEO 5.0.1.1 - aioseo.com -->\n\t<meta name=\"robots\" content=\"max-image-preview:large\" \/>\n\t<meta name=\"author\" content=\"da Reda\u00e7\u00e3o\"\/>\n\t<link rel=\"canonical\" href=\"https:\/\/www.jornalja.com.br\/arquivo\/sartori-anuncia-venda-de-49-das-acoes-ordinarias-do-banrisul\/\" \/>\n\t<meta name=\"generator\" content=\"All in One SEO (AIOSEO) 5.0.1.1\" \/>\n\t\t<meta property=\"og:locale\" content=\"pt_BR\" \/>\n\t\t<meta property=\"og:site_name\" content=\"Arquivo | Jornal J\u00c1 | Porto Alegre\" \/>\n\t\t<meta property=\"og:type\" content=\"article\" \/>\n\t\t<meta property=\"og:title\" content=\"Sartori anuncia venda de 49% das a\u00e7\u00f5es ordin\u00e1rias do Banrisul | Arquivo\" \/>\n\t\t<meta property=\"og:url\" content=\"https:\/\/www.jornalja.com.br\/arquivo\/sartori-anuncia-venda-de-49-das-acoes-ordinarias-do-banrisul\/\" \/>\n\t\t<meta property=\"og:image\" content=\"https:\/\/www.jornalja.com.br\/economics\/wp-content\/uploads\/sites\/11\/2026\/08\/ja-folhaderosto-facebook.jpg\" \/>\n\t\t<meta property=\"og:image:secure_url\" content=\"https:\/\/www.jornalja.com.br\/economics\/wp-content\/uploads\/sites\/11\/2026\/08\/ja-folhaderosto-facebook.jpg\" \/>\n\t\t<meta property=\"article:published_time\" content=\"2017-10-04T15:59:50+00:00\" \/>\n\t\t<meta property=\"article:modified_time\" content=\"2017-10-04T15:59:50+00:00\" \/>\n\t\t<meta name=\"twitter:card\" content=\"summary\" \/>\n\t\t<meta name=\"twitter:title\" content=\"Sartori anuncia venda de 49% das a\u00e7\u00f5es ordin\u00e1rias do Banrisul | Arquivo\" \/>\n\t\t<meta name=\"twitter:image\" content=\"https:\/\/www.jornalja.com.br\/economics\/wp-content\/uploads\/sites\/11\/2026\/08\/ja-folhaderosto-facebook.jpg\" \/>\n\t\t<script type=\"application\/ld+json\" class=\"aioseo-schema\">\n\t\t\t{\"@context\":\"https:\\\/\\\/schema.org\",\"@graph\":[{\"@type\":\"BlogPosting\",\"@id\":\"https:\\\/\\\/www.jornalja.com.br\\\/arquivo\\\/sartori-anuncia-venda-de-49-das-acoes-ordinarias-do-banrisul\\\/#blogposting\",\"name\":\"Sartori anuncia venda de 49% das a\\u00e7\\u00f5es ordin\\u00e1rias do Banrisul | Arquivo\",\"headline\":\"Sartori anuncia venda de 49% das a\\u00e7\\u00f5es ordin\\u00e1rias do Banrisul\",\"author\":{\"@id\":\"https:\\\/\\\/www.jornalja.com.br\\\/arquivo\\\/author\\\/daredacao\\\/#author\"},\"publisher\":{\"@id\":\"https:\\\/\\\/www.jornalja.com.br\\\/arquivo\\\/#organization\"},\"image\":{\"@type\":\"ImageObject\",\"url\":55982},\"datePublished\":\"2017-10-04T12:59:50-03:00\",\"dateModified\":\"2017-10-04T12:59:50-03:00\",\"inLanguage\":\"pt-BR\",\"mainEntityOfPage\":{\"@id\":\"https:\\\/\\\/www.jornalja.com.br\\\/arquivo\\\/sartori-anuncia-venda-de-49-das-acoes-ordinarias-do-banrisul\\\/#webpage\"},\"isPartOf\":{\"@id\":\"https:\\\/\\\/www.jornalja.com.br\\\/arquivo\\\/sartori-anuncia-venda-de-49-das-acoes-ordinarias-do-banrisul\\\/#webpage\"},\"articleSection\":\"Geral\"},{\"@type\":\"BreadcrumbList\",\"@id\":\"https:\\\/\\\/www.jornalja.com.br\\\/arquivo\\\/sartori-anuncia-venda-de-49-das-acoes-ordinarias-do-banrisul\\\/#breadcrumblist\",\"itemListElement\":[{\"@type\":\"ListItem\",\"@id\":\"https:\\\/\\\/www.jornalja.com.br\\\/arquivo#listItem\",\"position\":1,\"name\":\"Home\",\"item\":\"https:\\\/\\\/www.jornalja.com.br\\\/arquivo\",\"nextItem\":{\"@type\":\"ListItem\",\"@id\":\"https:\\\/\\\/www.jornalja.com.br\\\/arquivo\\\/category\\\/geral\\\/#listItem\",\"name\":\"Geral\"}},{\"@type\":\"ListItem\",\"@id\":\"https:\\\/\\\/www.jornalja.com.br\\\/arquivo\\\/category\\\/geral\\\/#listItem\",\"position\":2,\"name\":\"Geral\",\"item\":\"https:\\\/\\\/www.jornalja.com.br\\\/arquivo\\\/category\\\/geral\\\/\",\"nextItem\":{\"@type\":\"ListItem\",\"@id\":\"https:\\\/\\\/www.jornalja.com.br\\\/arquivo\\\/sartori-anuncia-venda-de-49-das-acoes-ordinarias-do-banrisul\\\/#listItem\",\"name\":\"Sartori anuncia venda de 49% das a\\u00e7\\u00f5es ordin\\u00e1rias do Banrisul\"},\"previousItem\":{\"@type\":\"ListItem\",\"@id\":\"https:\\\/\\\/www.jornalja.com.br\\\/arquivo#listItem\",\"name\":\"Home\"}},{\"@type\":\"ListItem\",\"@id\":\"https:\\\/\\\/www.jornalja.com.br\\\/arquivo\\\/sartori-anuncia-venda-de-49-das-acoes-ordinarias-do-banrisul\\\/#listItem\",\"position\":3,\"name\":\"Sartori anuncia venda de 49% das a\\u00e7\\u00f5es ordin\\u00e1rias do Banrisul\",\"previousItem\":{\"@type\":\"ListItem\",\"@id\":\"https:\\\/\\\/www.jornalja.com.br\\\/arquivo\\\/category\\\/geral\\\/#listItem\",\"name\":\"Geral\"}}]},{\"@type\":\"Organization\",\"@id\":\"https:\\\/\\\/www.jornalja.com.br\\\/arquivo\\\/#organization\",\"name\":\"Jornal J\\u00c1\",\"description\":\"Jornal J\\u00c1 | Porto Alegre\",\"url\":\"https:\\\/\\\/www.jornalja.com.br\\\/arquivo\\\/\",\"telephone\":\"+555133307272\",\"logo\":{\"@type\":\"ImageObject\",\"url\":\"https:\\\/\\\/www.jornalja.com.br\\\/wp-content\\\/uploads\\\/cards\\\/JAslogan.png\",\"@id\":\"https:\\\/\\\/www.jornalja.com.br\\\/arquivo\\\/sartori-anuncia-venda-de-49-das-acoes-ordinarias-do-banrisul\\\/#organizationLogo\"},\"image\":{\"@id\":\"https:\\\/\\\/www.jornalja.com.br\\\/arquivo\\\/sartori-anuncia-venda-de-49-das-acoes-ordinarias-do-banrisul\\\/#organizationLogo\"}},{\"@type\":\"Person\",\"@id\":\"https:\\\/\\\/www.jornalja.com.br\\\/arquivo\\\/author\\\/daredacao\\\/#author\",\"url\":\"https:\\\/\\\/www.jornalja.com.br\\\/arquivo\\\/author\\\/daredacao\\\/\",\"name\":\"da Reda\\u00e7\\u00e3o\",\"image\":{\"@type\":\"ImageObject\",\"@id\":\"https:\\\/\\\/www.jornalja.com.br\\\/arquivo\\\/sartori-anuncia-venda-de-49-das-acoes-ordinarias-do-banrisul\\\/#authorImage\",\"url\":\"https:\\\/\\\/secure.gravatar.com\\\/avatar\\\/469fd857d6605ad19919d27ed29d35a968a25f6e8fd9318356bbb7f57aae9c65?s=96&d=mm&r=g\",\"width\":96,\"height\":96,\"caption\":\"da Reda\\u00e7\\u00e3o\"}},{\"@type\":\"WebPage\",\"@id\":\"https:\\\/\\\/www.jornalja.com.br\\\/arquivo\\\/sartori-anuncia-venda-de-49-das-acoes-ordinarias-do-banrisul\\\/#webpage\",\"url\":\"https:\\\/\\\/www.jornalja.com.br\\\/arquivo\\\/sartori-anuncia-venda-de-49-das-acoes-ordinarias-do-banrisul\\\/\",\"name\":\"Sartori anuncia venda de 49% das a\\u00e7\\u00f5es ordin\\u00e1rias do Banrisul | Arquivo\",\"inLanguage\":\"pt-BR\",\"isPartOf\":{\"@id\":\"https:\\\/\\\/www.jornalja.com.br\\\/arquivo\\\/#website\"},\"breadcrumb\":{\"@id\":\"https:\\\/\\\/www.jornalja.com.br\\\/arquivo\\\/sartori-anuncia-venda-de-49-das-acoes-ordinarias-do-banrisul\\\/#breadcrumblist\"},\"author\":{\"@id\":\"https:\\\/\\\/www.jornalja.com.br\\\/arquivo\\\/author\\\/daredacao\\\/#author\"},\"creator\":{\"@id\":\"https:\\\/\\\/www.jornalja.com.br\\\/arquivo\\\/author\\\/daredacao\\\/#author\"},\"image\":{\"@type\":\"ImageObject\",\"url\":55982,\"@id\":\"https:\\\/\\\/www.jornalja.com.br\\\/arquivo\\\/sartori-anuncia-venda-de-49-das-acoes-ordinarias-do-banrisul\\\/#mainImage\"},\"primaryImageOfPage\":{\"@id\":\"https:\\\/\\\/www.jornalja.com.br\\\/arquivo\\\/sartori-anuncia-venda-de-49-das-acoes-ordinarias-do-banrisul\\\/#mainImage\"},\"datePublished\":\"2017-10-04T12:59:50-03:00\",\"dateModified\":\"2017-10-04T12:59:50-03:00\"},{\"@type\":\"WebSite\",\"@id\":\"https:\\\/\\\/www.jornalja.com.br\\\/arquivo\\\/#website\",\"url\":\"https:\\\/\\\/www.jornalja.com.br\\\/arquivo\\\/\",\"name\":\"Arquivo\",\"description\":\"Jornal J\\u00c1 | Porto Alegre\",\"inLanguage\":\"pt-BR\",\"publisher\":{\"@id\":\"https:\\\/\\\/www.jornalja.com.br\\\/arquivo\\\/#organization\"}}]}\n\t\t<\/script>\n\t\t<!-- All in One SEO -->\n\n","aioseo_head_json":{"title":"Sartori anuncia venda de 49% das a\u00e7\u00f5es ordin\u00e1rias do Banrisul | Arquivo","description":"","canonical_url":"https:\/\/www.jornalja.com.br\/arquivo\/sartori-anuncia-venda-de-49-das-acoes-ordinarias-do-banrisul\/","robots":"max-image-preview:large","keywords":"","webmasterTools":{"miscellaneous":""},"schema":{"@context":"https:\/\/schema.org","@graph":[{"@type":"BlogPosting","@id":"https:\/\/www.jornalja.com.br\/arquivo\/sartori-anuncia-venda-de-49-das-acoes-ordinarias-do-banrisul\/#blogposting","name":"Sartori anuncia venda de 49% das a\u00e7\u00f5es ordin\u00e1rias do Banrisul | Arquivo","headline":"Sartori anuncia venda de 49% das a\u00e7\u00f5es ordin\u00e1rias do Banrisul","author":{"@id":"https:\/\/www.jornalja.com.br\/arquivo\/author\/daredacao\/#author"},"publisher":{"@id":"https:\/\/www.jornalja.com.br\/arquivo\/#organization"},"image":{"@type":"ImageObject","url":55982},"datePublished":"2017-10-04T12:59:50-03:00","dateModified":"2017-10-04T12:59:50-03:00","inLanguage":"pt-BR","mainEntityOfPage":{"@id":"https:\/\/www.jornalja.com.br\/arquivo\/sartori-anuncia-venda-de-49-das-acoes-ordinarias-do-banrisul\/#webpage"},"isPartOf":{"@id":"https:\/\/www.jornalja.com.br\/arquivo\/sartori-anuncia-venda-de-49-das-acoes-ordinarias-do-banrisul\/#webpage"},"articleSection":"Geral"},{"@type":"BreadcrumbList","@id":"https:\/\/www.jornalja.com.br\/arquivo\/sartori-anuncia-venda-de-49-das-acoes-ordinarias-do-banrisul\/#breadcrumblist","itemListElement":[{"@type":"ListItem","@id":"https:\/\/www.jornalja.com.br\/arquivo#listItem","position":1,"name":"Home","item":"https:\/\/www.jornalja.com.br\/arquivo","nextItem":{"@type":"ListItem","@id":"https:\/\/www.jornalja.com.br\/arquivo\/category\/geral\/#listItem","name":"Geral"}},{"@type":"ListItem","@id":"https:\/\/www.jornalja.com.br\/arquivo\/category\/geral\/#listItem","position":2,"name":"Geral","item":"https:\/\/www.jornalja.com.br\/arquivo\/category\/geral\/","nextItem":{"@type":"ListItem","@id":"https:\/\/www.jornalja.com.br\/arquivo\/sartori-anuncia-venda-de-49-das-acoes-ordinarias-do-banrisul\/#listItem","name":"Sartori anuncia venda de 49% das a\u00e7\u00f5es ordin\u00e1rias do Banrisul"},"previousItem":{"@type":"ListItem","@id":"https:\/\/www.jornalja.com.br\/arquivo#listItem","name":"Home"}},{"@type":"ListItem","@id":"https:\/\/www.jornalja.com.br\/arquivo\/sartori-anuncia-venda-de-49-das-acoes-ordinarias-do-banrisul\/#listItem","position":3,"name":"Sartori anuncia venda de 49% das a\u00e7\u00f5es ordin\u00e1rias do Banrisul","previousItem":{"@type":"ListItem","@id":"https:\/\/www.jornalja.com.br\/arquivo\/category\/geral\/#listItem","name":"Geral"}}]},{"@type":"Organization","@id":"https:\/\/www.jornalja.com.br\/arquivo\/#organization","name":"Jornal J\u00c1","description":"Jornal J\u00c1 | Porto Alegre","url":"https:\/\/www.jornalja.com.br\/arquivo\/","telephone":"+555133307272","logo":{"@type":"ImageObject","url":"https:\/\/www.jornalja.com.br\/wp-content\/uploads\/cards\/JAslogan.png","@id":"https:\/\/www.jornalja.com.br\/arquivo\/sartori-anuncia-venda-de-49-das-acoes-ordinarias-do-banrisul\/#organizationLogo"},"image":{"@id":"https:\/\/www.jornalja.com.br\/arquivo\/sartori-anuncia-venda-de-49-das-acoes-ordinarias-do-banrisul\/#organizationLogo"}},{"@type":"Person","@id":"https:\/\/www.jornalja.com.br\/arquivo\/author\/daredacao\/#author","url":"https:\/\/www.jornalja.com.br\/arquivo\/author\/daredacao\/","name":"da Reda\u00e7\u00e3o","image":{"@type":"ImageObject","@id":"https:\/\/www.jornalja.com.br\/arquivo\/sartori-anuncia-venda-de-49-das-acoes-ordinarias-do-banrisul\/#authorImage","url":"https:\/\/secure.gravatar.com\/avatar\/469fd857d6605ad19919d27ed29d35a968a25f6e8fd9318356bbb7f57aae9c65?s=96&d=mm&r=g","width":96,"height":96,"caption":"da Reda\u00e7\u00e3o"}},{"@type":"WebPage","@id":"https:\/\/www.jornalja.com.br\/arquivo\/sartori-anuncia-venda-de-49-das-acoes-ordinarias-do-banrisul\/#webpage","url":"https:\/\/www.jornalja.com.br\/arquivo\/sartori-anuncia-venda-de-49-das-acoes-ordinarias-do-banrisul\/","name":"Sartori anuncia venda de 49% das a\u00e7\u00f5es ordin\u00e1rias do Banrisul | Arquivo","inLanguage":"pt-BR","isPartOf":{"@id":"https:\/\/www.jornalja.com.br\/arquivo\/#website"},"breadcrumb":{"@id":"https:\/\/www.jornalja.com.br\/arquivo\/sartori-anuncia-venda-de-49-das-acoes-ordinarias-do-banrisul\/#breadcrumblist"},"author":{"@id":"https:\/\/www.jornalja.com.br\/arquivo\/author\/daredacao\/#author"},"creator":{"@id":"https:\/\/www.jornalja.com.br\/arquivo\/author\/daredacao\/#author"},"image":{"@type":"ImageObject","url":55982,"@id":"https:\/\/www.jornalja.com.br\/arquivo\/sartori-anuncia-venda-de-49-das-acoes-ordinarias-do-banrisul\/#mainImage"},"primaryImageOfPage":{"@id":"https:\/\/www.jornalja.com.br\/arquivo\/sartori-anuncia-venda-de-49-das-acoes-ordinarias-do-banrisul\/#mainImage"},"datePublished":"2017-10-04T12:59:50-03:00","dateModified":"2017-10-04T12:59:50-03:00"},{"@type":"WebSite","@id":"https:\/\/www.jornalja.com.br\/arquivo\/#website","url":"https:\/\/www.jornalja.com.br\/arquivo\/","name":"Arquivo","description":"Jornal J\u00c1 | Porto Alegre","inLanguage":"pt-BR","publisher":{"@id":"https:\/\/www.jornalja.com.br\/arquivo\/#organization"}}]},"og:locale":"pt_BR","og:site_name":"Arquivo | Jornal J\u00c1 | Porto Alegre","og:type":"article","og:title":"Sartori anuncia venda de 49% das a\u00e7\u00f5es ordin\u00e1rias do Banrisul | Arquivo","og:url":"https:\/\/www.jornalja.com.br\/arquivo\/sartori-anuncia-venda-de-49-das-acoes-ordinarias-do-banrisul\/","og:image":"https:\/\/www.jornalja.com.br\/economics\/wp-content\/uploads\/sites\/11\/2026\/08\/ja-folhaderosto-facebook.jpg","og:image:secure_url":"https:\/\/www.jornalja.com.br\/economics\/wp-content\/uploads\/sites\/11\/2026\/08\/ja-folhaderosto-facebook.jpg","article:published_time":"2017-10-04T15:59:50+00:00","article:modified_time":"2017-10-04T15:59:50+00:00","twitter:card":"summary","twitter:title":"Sartori anuncia venda de 49% das a\u00e7\u00f5es ordin\u00e1rias do Banrisul | Arquivo","twitter:image":"https:\/\/www.jornalja.com.br\/economics\/wp-content\/uploads\/sites\/11\/2026\/08\/ja-folhaderosto-facebook.jpg"},"aioseo_meta_data":{"post_id":"55980","title":null,"description":null,"keywords":null,"keyphrases":null,"primary_term":null,"canonical_url":null,"og_title":null,"og_description":null,"og_object_type":"default","og_image_type":"default","og_image_url":null,"og_image_width":null,"og_image_height":null,"og_image_custom_url":null,"og_image_custom_fields":null,"og_video":null,"og_custom_url":null,"og_article_section":null,"og_article_tags":null,"twitter_use_og":false,"twitter_card":"default","twitter_image_type":"default","twitter_image_url":null,"twitter_image_custom_url":null,"twitter_image_custom_fields":null,"twitter_title":null,"twitter_description":null,"schema":{"blockGraphs":[],"customGraphs":[],"default":{"data":{"Article":[],"Course":[],"Dataset":[],"FAQPage":[],"Movie":[],"Person":[],"Product":[],"ProductReview":[],"Car":[],"Recipe":[],"Service":[],"SoftwareApplication":[],"WebPage":[]},"graphName":"","isEnabled":true},"graphs":[]},"schema_type":null,"schema_type_options":null,"pillar_content":false,"robots_default":true,"robots_noindex":false,"robots_noarchive":false,"robots_nosnippet":false,"robots_nofollow":false,"robots_noimageindex":false,"robots_noodp":false,"robots_notranslate":false,"robots_max_snippet":null,"robots_max_videopreview":null,"robots_max_imagepreview":"large","priority":null,"frequency":null,"location":null,"local_seo":null,"breadcrumb_settings":null,"limit_modified_date":false,"ai":null,"created":"2020-12-20 20:24:05","updated":"2025-07-20 01:39:18","seo_analyzer_scan_date":null,"focus_keyword":null,"additional_keywords":null,"truseo_locale":null},"jetpack_sharing_enabled":true,"jetpack-related-posts":[{"id":13109,"url":"https:\/\/www.jornalja.com.br\/arquivo\/judiciario-reconhece-poluicao-eletromagnetica\/","url_meta":{"origin":55980,"position":0},"title":"Judici\u00e1rio reconhece polui\u00e7\u00e3o eletromagn\u00e9tica","author":"Patr\u00edcia Marini","date":"16 de maio de 2014","format":false,"excerpt":"A\u00e7\u00e3o de duas associa\u00e7\u00f5es de moradores foi acolhida pelo Tribunal de Justi\u00e7a de S\u00e3o Paulo que. em decis\u00e3o in\u00e9dita, determinou a redu\u00e7\u00e3o do campo eletromagn\u00e9tico gerado pelas linhas de transmiss\u00e3o de energia que cortam os bairros City Boa\u00e7ava e Alto de Pinheiros. \u00c9 a primeira vez que um tribunal do\u2026","rel":"","context":"Em &quot;X.Categorias velhas&quot;","block_context":{"text":"X.Categorias velhas","link":"https:\/\/www.jornalja.com.br\/arquivo\/category\/x-categorias-velhas\/"},"img":{"alt_text":"","src":"","width":0,"height":0},"classes":[]},{"id":13124,"url":"https:\/\/www.jornalja.com.br\/arquivo\/sangue-latino-no-iecine\/","url_meta":{"origin":55980,"position":1},"title":"Sangue latino no IECINE","author":"da Reda\u00e7\u00e3o","date":"18 de maio de 2014","format":false,"excerpt":"Francisco Ribeiro O Instituto Estadual de Cinema (IECINE) tem a frente, desde abril \u00faltimo, um novo diretor, o cineasta colombiano Juan Zapata, 36, que substitui Luiz Alberto Cassol. Radicado h\u00e1 dez anos em Porto Alegre, Zapata tem diante de si o desafio de conduzir at\u00e9 o final do ano um\u2026","rel":"","context":"Em &quot;Cultura-Geral&quot;","block_context":{"text":"Cultura-Geral","link":"https:\/\/www.jornalja.com.br\/arquivo\/category\/materiasecundaria\/"},"img":{"alt_text":"","src":"","width":0,"height":0},"classes":[]},{"id":13240,"url":"https:\/\/www.jornalja.com.br\/arquivo\/plano-diretor-estamos-construindo-o-caos\/","url_meta":{"origin":55980,"position":2},"title":"Plano diretor: &quot;Estamos construindo o caos&quot;","author":"Patr\u00edcia Marini","date":"26 de maio de 2014","format":false,"excerpt":"Desabafo que arquiteta Eliana Castilhos, delegada da Regi\u00e3o de Planejamento 1, postou nas redes sociais \u00e9 um testemunho do ambiente que se criou no Conselho do Plano Diretor de Porto Alegre, onde a aprova\u00e7\u00e3o de grandes empreendimentos \u00e9 empurrada guela abaixo dos conselheiros. Ao CMDUA Como delegada da Regi\u00e3o de\u2026","rel":"","context":"Em &quot;Geral&quot;","block_context":{"text":"Geral","link":"https:\/\/www.jornalja.com.br\/arquivo\/category\/geral\/"},"img":{"alt_text":"","src":"","width":0,"height":0},"classes":[]},{"id":13101,"url":"https:\/\/www.jornalja.com.br\/arquivo\/morre-um-guerreiro-do-texto\/","url_meta":{"origin":55980,"position":3},"title":"Morre um guerreiro do texto","author":"Patr\u00edcia Marini","date":"14 de maio de 2014","format":false,"excerpt":"Por Ricardo Kotscho Reproduzido do blog do autor, 11\/5\/2014; t\u00edtulo original \u201cE l\u00e1 se foi o nosso Myltainho, guerreiro do texto\u201d. Mi\u00fado e franzino, meu amigo Myltainho era um valente e inconformado guerreiro na luta contra as injusti\u00e7as sociais, a hipocrisia, as maracutaias, o autoritarismo, a intoler\u00e2ncia, a viol\u00eancia, o\u2026","rel":"","context":"Em &quot;Geral&quot;","block_context":{"text":"Geral","link":"https:\/\/www.jornalja.com.br\/arquivo\/category\/geral\/"},"img":{"alt_text":"","src":"","width":0,"height":0},"classes":[]},{"id":5440,"url":"https:\/\/www.jornalja.com.br\/arquivo\/casarao-da-venancio-destino-permanece-incerto\/","url_meta":{"origin":55980,"position":4},"title":"Estado ainda n\u00e3o sabe o que fazer com casar\u00e3o abandonado h\u00e1 20 anos","author":"Elmar Bones","date":"6 de julho de 2009","format":false,"excerpt":"O casar\u00e3o amarelo, numa esquina nobre de Porto Alegre (Ven\u00e2ncio Aires com Jo\u00e3o Pessoa), j\u00e1 abrigou uma escola. H\u00e1 duas d\u00e9cadas, pelo menos, est\u00e1 abandonado, porque seu propriet\u00e1rio, o governo do Estado do Rio Grande do Sul, n\u00e3o consegue achar um destino para ele. Planos n\u00e3o faltaram. O governador Ol\u00edvio\u2026","rel":"","context":"Em &quot;X.Categorias velhas&quot;","block_context":{"text":"X.Categorias velhas","link":"https:\/\/www.jornalja.com.br\/arquivo\/category\/x-categorias-velhas\/"},"img":{"alt_text":"geraldo1","src":"https:\/\/i0.wp.com\/www.jornalja.com.br\/wp-content\/uploads\/2009\/07\/geraldo1.jpg?resize=350%2C200&ssl=1","width":350,"height":200},"classes":[]},{"id":14241,"url":"https:\/\/www.jornalja.com.br\/arquivo\/o-guaiba-nas-imagens-poeticas-de-achutti\/","url_meta":{"origin":55980,"position":5},"title":"O Gua\u00edba nas imagens po\u00e9ticas de Achutti","author":"da Reda\u00e7\u00e3o","date":"18 de junho de 2014","format":false,"excerpt":"Em \u201cO Gua\u00edba por Achutti\u201d \u2013 obra financiada via Minist\u00e9rio da Cultura, produ\u00e7\u00e3o executiva de Pedro Longhi, e Fl\u00e1vio Wild como designer \u2013, o fot\u00f3grafo revela a beleza e as mazelas de um espa\u00e7o aqu\u00e1tico de \u00e1guas sempre renovadas, cheio de hist\u00f3rias e lendas como as das cidades que foram\u2026","rel":"","context":"Em &quot;Cultura-Geral&quot;","block_context":{"text":"Cultura-Geral","link":"https:\/\/www.jornalja.com.br\/arquivo\/category\/materiasecundaria\/"},"img":{"alt_text":"","src":"","width":0,"height":0},"classes":[]}],"jetpack_shortlink":"https:\/\/wp.me\/pbQjBd-eyU","jetpack_featured_media_url":"","_links":{"self":[{"href":"https:\/\/www.jornalja.com.br\/arquivo\/wp-json\/wp\/v2\/posts\/55980","targetHints":{"allow":["GET"]}}],"collection":[{"href":"https:\/\/www.jornalja.com.br\/arquivo\/wp-json\/wp\/v2\/posts"}],"about":[{"href":"https:\/\/www.jornalja.com.br\/arquivo\/wp-json\/wp\/v2\/types\/post"}],"author":[{"embeddable":true,"href":"https:\/\/www.jornalja.com.br\/arquivo\/wp-json\/wp\/v2\/users\/4"}],"replies":[{"embeddable":true,"href":"https:\/\/www.jornalja.com.br\/arquivo\/wp-json\/wp\/v2\/comments?post=55980"}],"version-history":[{"count":0,"href":"https:\/\/www.jornalja.com.br\/arquivo\/wp-json\/wp\/v2\/posts\/55980\/revisions"}],"wp:attachment":[{"href":"https:\/\/www.jornalja.com.br\/arquivo\/wp-json\/wp\/v2\/media?parent=55980"}],"wp:term":[{"taxonomy":"category","embeddable":true,"href":"https:\/\/www.jornalja.com.br\/arquivo\/wp-json\/wp\/v2\/categories?post=55980"},{"taxonomy":"post_tag","embeddable":true,"href":"https:\/\/www.jornalja.com.br\/arquivo\/wp-json\/wp\/v2\/tags?post=55980"}],"curies":[{"name":"wp","href":"https:\/\/api.w.org\/{rel}","templated":true}]}}