{"id":56085,"date":"2017-10-06T11:31:41","date_gmt":"2017-10-06T14:31:41","guid":{"rendered":"https:\/\/www.jornalja.com.br\/?p=56085"},"modified":"2017-10-06T11:31:41","modified_gmt":"2017-10-06T14:31:41","slug":"comerciantes-da-cb-debatem-decreto-e-apresentam-propostas-de-parklets-ao-prefeito","status":"publish","type":"post","link":"https:\/\/www.jornalja.com.br\/arquivo\/comerciantes-da-cb-debatem-decreto-e-apresentam-propostas-de-parklets-ao-prefeito\/","title":{"rendered":"Comerciantes da CB debatem decreto e apresentam propostas de parklets ao prefeito"},"content":{"rendered":"<p>Em um almo\u00e7o-reuni\u00e3o nesta \u00faltima quinta-feira, 05\/10, a Associa\u00e7\u00e3o dos Comerciantes da Cidade Baixa demonstrou seu interesse de se aproximar da Prefeitura Municipal e apresentou ao prefeito Nelson Marchezan J\u00fanior projetos da entidade, que objetiva revitalizar o bairro.<br \/>\nNo encontro, os comerciantes demonstraram interesse na implanta\u00e7\u00e3o de parklets em frente a v\u00e1rios pontos comerciais, com o objetivo de tornar o bairro mais atrativo. De acordo com Maria Isabel Neme, consultora da associa\u00e7\u00e3o, at\u00e9 agora 15 empres\u00e1rios mostraram-se interessados nos espa\u00e7os.<br \/>\nMarchezan elogiou a iniciativa e disse que as parcerias s\u00e3o uma forma de efetivar a\u00e7\u00f5es como esta. Os projetos foram concebidos pelo arquiteto Reinaldo Moura com o ideal de trazer o impacto de v\u00e1rios parklets na regi\u00e3o.<br \/>\nOs parklets s\u00e3o esp\u00e9cies de mini parques, que ocupam o local de vagas de estacionamento com locais de conv\u00edvio. <a href=\"http:\/\/alfa.portoalegre.rs.gov.br\/parklets\">Os parklets<\/a> podem ser instalados em vias com velocidade m\u00e1xima at\u00e9 40km\/h, devem ocupar \u00e1rea de no m\u00e1ximo duas vagas de estacionamento para autom\u00f3veis e ser\u00e3o de acesso p\u00fablico.<br \/>\nVale lembrar que a Prefeitura foi intimada pelo Minist\u00e9rio P\u00fablico a reformular um decreto que regulariza a noite bo\u00eamia do Bairro Cidade Baixa. O decreto revisado deve ser apresentado at\u00e9 o final de outubro e foi debatido na reuni\u00e3o.<br \/>\nJ\u00e1 est\u00e1 praticamente decidido que os atuais hor\u00e1rios n\u00e3o ser\u00e3o alterados e que o novo decreto dever\u00e1 versar sobre a proibi\u00e7\u00e3o da venda de qualquer bebida por ambulantes, principalmente na Rua Jo\u00e3o Alfredo. Os comerciantes pedem maior fiscaliza\u00e7\u00e3o e rigor das autua\u00e7\u00f5es do governo em rela\u00e7\u00e3o aos vendedores ambulantes e comerciantes ilegais.<br \/>\nO<a href=\"https:\/\/www.jornalja.com.br\/mp-pede-intervencao-da-prefeitura-na-noite-da-cidade-baixa\/\"> MP cobrou da Prefeitura uma interven\u00e7\u00e3o no bairro,<\/a> no dia 17 de agosto. Na \u00e9poca, os promotores justificaram a iniciativa pelas reclama\u00e7\u00f5es de moradores em rela\u00e7\u00e3o ao hor\u00e1rio de funcionamento das casas noturnas e estabelecimentos que funcionam em desacordo com os respectivos licenciamentos, foi pedida a revis\u00e3o do <a href=\"http:\/\/www2.portoalegre.rs.gov.br\/cgi-bin\/nph-brs?s1=000032334.DOCN.&amp;l=20&amp;u=%2Fnetahtml%2Fsirel%2Fsimples.html&amp;p=1&amp;r=1&amp;f=G&amp;d=atos&amp;SECT1=TEXT\">decreto 17.902<\/a>, que estabelece o hor\u00e1rio e condi\u00e7\u00f5es do funcionamento das atividades de bares, restaurantes, caf\u00e9 e lancherias da CB.<\/p>\n","protected":false},"excerpt":{"rendered":"<p>Em um almo\u00e7o-reuni\u00e3o nesta \u00faltima quinta-feira, 05\/10, a Associa\u00e7\u00e3o dos Comerciantes da Cidade Baixa demonstrou seu interesse de se aproximar da Prefeitura Municipal e apresentou ao prefeito Nelson Marchezan J\u00fanior projetos da entidade, que objetiva revitalizar o bairro. No encontro, os comerciantes demonstraram interesse na implanta\u00e7\u00e3o de parklets em frente a v\u00e1rios pontos comerciais, com [&hellip;]<\/p>\n","protected":false},"author":4,"featured_media":56086,"comment_status":"open","ping_status":"closed","sticky":false,"template":"","format":"standard","meta":{"_jetpack_newsletter_access":"","_jetpack_dont_email_post_to_subs":false,"_jetpack_newsletter_tier_id":0,"_jetpack_memberships_contains_paywalled_content":false,"_jetpack_feature_clip_id":0,"_jetpack_memberships_contains_paid_content":false,"footnotes":"","jetpack_post_was_ever_published":false},"categories":[26],"tags":[],"class_list":["post-56085","post","type-post","status-publish","format-standard","has-post-thumbnail","hentry","category-geral"],"aioseo_notices":[],"aioseo_head":"\n\t\t<!-- All in One SEO 5.0.1.1 - aioseo.com -->\n\t<meta name=\"robots\" content=\"max-image-preview:large\" \/>\n\t<meta name=\"author\" content=\"da Reda\u00e7\u00e3o\"\/>\n\t<link rel=\"canonical\" href=\"https:\/\/www.jornalja.com.br\/arquivo\/comerciantes-da-cb-debatem-decreto-e-apresentam-propostas-de-parklets-ao-prefeito\/\" \/>\n\t<meta name=\"generator\" content=\"All in One SEO (AIOSEO) 5.0.1.1\" \/>\n\t\t<meta property=\"og:locale\" content=\"pt_BR\" \/>\n\t\t<meta property=\"og:site_name\" content=\"Arquivo | Jornal J\u00c1 | Porto Alegre\" \/>\n\t\t<meta property=\"og:type\" content=\"article\" \/>\n\t\t<meta property=\"og:title\" content=\"Comerciantes da CB debatem decreto e apresentam propostas de parklets ao prefeito | Arquivo\" \/>\n\t\t<meta property=\"og:url\" content=\"https:\/\/www.jornalja.com.br\/arquivo\/comerciantes-da-cb-debatem-decreto-e-apresentam-propostas-de-parklets-ao-prefeito\/\" \/>\n\t\t<meta property=\"og:image\" content=\"https:\/\/www.jornalja.com.br\/economics\/wp-content\/uploads\/sites\/11\/2026\/08\/ja-folhaderosto-facebook.jpg\" \/>\n\t\t<meta property=\"og:image:secure_url\" content=\"https:\/\/www.jornalja.com.br\/economics\/wp-content\/uploads\/sites\/11\/2026\/08\/ja-folhaderosto-facebook.jpg\" \/>\n\t\t<meta property=\"article:published_time\" content=\"2017-10-06T14:31:41+00:00\" \/>\n\t\t<meta property=\"article:modified_time\" content=\"2017-10-06T14:31:41+00:00\" \/>\n\t\t<meta name=\"twitter:card\" content=\"summary\" \/>\n\t\t<meta name=\"twitter:title\" content=\"Comerciantes da CB debatem decreto e apresentam propostas de parklets ao prefeito | Arquivo\" \/>\n\t\t<meta name=\"twitter:image\" content=\"https:\/\/www.jornalja.com.br\/economics\/wp-content\/uploads\/sites\/11\/2026\/08\/ja-folhaderosto-facebook.jpg\" \/>\n\t\t<script type=\"application\/ld+json\" class=\"aioseo-schema\">\n\t\t\t{\"@context\":\"https:\\\/\\\/schema.org\",\"@graph\":[{\"@type\":\"BlogPosting\",\"@id\":\"https:\\\/\\\/www.jornalja.com.br\\\/arquivo\\\/comerciantes-da-cb-debatem-decreto-e-apresentam-propostas-de-parklets-ao-prefeito\\\/#blogposting\",\"name\":\"Comerciantes da CB debatem decreto e apresentam propostas de parklets ao prefeito | Arquivo\",\"headline\":\"Comerciantes da CB debatem decreto e apresentam propostas de parklets ao prefeito\",\"author\":{\"@id\":\"https:\\\/\\\/www.jornalja.com.br\\\/arquivo\\\/author\\\/daredacao\\\/#author\"},\"publisher\":{\"@id\":\"https:\\\/\\\/www.jornalja.com.br\\\/arquivo\\\/#organization\"},\"image\":{\"@type\":\"ImageObject\",\"url\":56086},\"datePublished\":\"2017-10-06T11:31:41-03:00\",\"dateModified\":\"2017-10-06T11:31:41-03:00\",\"inLanguage\":\"pt-BR\",\"commentCount\":1,\"mainEntityOfPage\":{\"@id\":\"https:\\\/\\\/www.jornalja.com.br\\\/arquivo\\\/comerciantes-da-cb-debatem-decreto-e-apresentam-propostas-de-parklets-ao-prefeito\\\/#webpage\"},\"isPartOf\":{\"@id\":\"https:\\\/\\\/www.jornalja.com.br\\\/arquivo\\\/comerciantes-da-cb-debatem-decreto-e-apresentam-propostas-de-parklets-ao-prefeito\\\/#webpage\"},\"articleSection\":\"Geral\"},{\"@type\":\"BreadcrumbList\",\"@id\":\"https:\\\/\\\/www.jornalja.com.br\\\/arquivo\\\/comerciantes-da-cb-debatem-decreto-e-apresentam-propostas-de-parklets-ao-prefeito\\\/#breadcrumblist\",\"itemListElement\":[{\"@type\":\"ListItem\",\"@id\":\"https:\\\/\\\/www.jornalja.com.br\\\/arquivo#listItem\",\"position\":1,\"name\":\"Home\",\"item\":\"https:\\\/\\\/www.jornalja.com.br\\\/arquivo\",\"nextItem\":{\"@type\":\"ListItem\",\"@id\":\"https:\\\/\\\/www.jornalja.com.br\\\/arquivo\\\/category\\\/geral\\\/#listItem\",\"name\":\"Geral\"}},{\"@type\":\"ListItem\",\"@id\":\"https:\\\/\\\/www.jornalja.com.br\\\/arquivo\\\/category\\\/geral\\\/#listItem\",\"position\":2,\"name\":\"Geral\",\"item\":\"https:\\\/\\\/www.jornalja.com.br\\\/arquivo\\\/category\\\/geral\\\/\",\"nextItem\":{\"@type\":\"ListItem\",\"@id\":\"https:\\\/\\\/www.jornalja.com.br\\\/arquivo\\\/comerciantes-da-cb-debatem-decreto-e-apresentam-propostas-de-parklets-ao-prefeito\\\/#listItem\",\"name\":\"Comerciantes da CB debatem decreto e apresentam propostas de parklets ao prefeito\"},\"previousItem\":{\"@type\":\"ListItem\",\"@id\":\"https:\\\/\\\/www.jornalja.com.br\\\/arquivo#listItem\",\"name\":\"Home\"}},{\"@type\":\"ListItem\",\"@id\":\"https:\\\/\\\/www.jornalja.com.br\\\/arquivo\\\/comerciantes-da-cb-debatem-decreto-e-apresentam-propostas-de-parklets-ao-prefeito\\\/#listItem\",\"position\":3,\"name\":\"Comerciantes da CB debatem decreto e apresentam propostas de parklets ao prefeito\",\"previousItem\":{\"@type\":\"ListItem\",\"@id\":\"https:\\\/\\\/www.jornalja.com.br\\\/arquivo\\\/category\\\/geral\\\/#listItem\",\"name\":\"Geral\"}}]},{\"@type\":\"Organization\",\"@id\":\"https:\\\/\\\/www.jornalja.com.br\\\/arquivo\\\/#organization\",\"name\":\"Jornal J\\u00c1\",\"description\":\"Jornal J\\u00c1 | Porto Alegre\",\"url\":\"https:\\\/\\\/www.jornalja.com.br\\\/arquivo\\\/\",\"telephone\":\"+555133307272\",\"logo\":{\"@type\":\"ImageObject\",\"url\":\"https:\\\/\\\/www.jornalja.com.br\\\/wp-content\\\/uploads\\\/cards\\\/JAslogan.png\",\"@id\":\"https:\\\/\\\/www.jornalja.com.br\\\/arquivo\\\/comerciantes-da-cb-debatem-decreto-e-apresentam-propostas-de-parklets-ao-prefeito\\\/#organizationLogo\"},\"image\":{\"@id\":\"https:\\\/\\\/www.jornalja.com.br\\\/arquivo\\\/comerciantes-da-cb-debatem-decreto-e-apresentam-propostas-de-parklets-ao-prefeito\\\/#organizationLogo\"}},{\"@type\":\"Person\",\"@id\":\"https:\\\/\\\/www.jornalja.com.br\\\/arquivo\\\/author\\\/daredacao\\\/#author\",\"url\":\"https:\\\/\\\/www.jornalja.com.br\\\/arquivo\\\/author\\\/daredacao\\\/\",\"name\":\"da Reda\\u00e7\\u00e3o\",\"image\":{\"@type\":\"ImageObject\",\"@id\":\"https:\\\/\\\/www.jornalja.com.br\\\/arquivo\\\/comerciantes-da-cb-debatem-decreto-e-apresentam-propostas-de-parklets-ao-prefeito\\\/#authorImage\",\"url\":\"https:\\\/\\\/secure.gravatar.com\\\/avatar\\\/469fd857d6605ad19919d27ed29d35a968a25f6e8fd9318356bbb7f57aae9c65?s=96&d=mm&r=g\",\"width\":96,\"height\":96,\"caption\":\"da Reda\\u00e7\\u00e3o\"}},{\"@type\":\"WebPage\",\"@id\":\"https:\\\/\\\/www.jornalja.com.br\\\/arquivo\\\/comerciantes-da-cb-debatem-decreto-e-apresentam-propostas-de-parklets-ao-prefeito\\\/#webpage\",\"url\":\"https:\\\/\\\/www.jornalja.com.br\\\/arquivo\\\/comerciantes-da-cb-debatem-decreto-e-apresentam-propostas-de-parklets-ao-prefeito\\\/\",\"name\":\"Comerciantes da CB debatem decreto e apresentam propostas de parklets ao prefeito | Arquivo\",\"inLanguage\":\"pt-BR\",\"isPartOf\":{\"@id\":\"https:\\\/\\\/www.jornalja.com.br\\\/arquivo\\\/#website\"},\"breadcrumb\":{\"@id\":\"https:\\\/\\\/www.jornalja.com.br\\\/arquivo\\\/comerciantes-da-cb-debatem-decreto-e-apresentam-propostas-de-parklets-ao-prefeito\\\/#breadcrumblist\"},\"author\":{\"@id\":\"https:\\\/\\\/www.jornalja.com.br\\\/arquivo\\\/author\\\/daredacao\\\/#author\"},\"creator\":{\"@id\":\"https:\\\/\\\/www.jornalja.com.br\\\/arquivo\\\/author\\\/daredacao\\\/#author\"},\"image\":{\"@type\":\"ImageObject\",\"url\":56086,\"@id\":\"https:\\\/\\\/www.jornalja.com.br\\\/arquivo\\\/comerciantes-da-cb-debatem-decreto-e-apresentam-propostas-de-parklets-ao-prefeito\\\/#mainImage\"},\"primaryImageOfPage\":{\"@id\":\"https:\\\/\\\/www.jornalja.com.br\\\/arquivo\\\/comerciantes-da-cb-debatem-decreto-e-apresentam-propostas-de-parklets-ao-prefeito\\\/#mainImage\"},\"datePublished\":\"2017-10-06T11:31:41-03:00\",\"dateModified\":\"2017-10-06T11:31:41-03:00\"},{\"@type\":\"WebSite\",\"@id\":\"https:\\\/\\\/www.jornalja.com.br\\\/arquivo\\\/#website\",\"url\":\"https:\\\/\\\/www.jornalja.com.br\\\/arquivo\\\/\",\"name\":\"Arquivo\",\"description\":\"Jornal J\\u00c1 | Porto Alegre\",\"inLanguage\":\"pt-BR\",\"publisher\":{\"@id\":\"https:\\\/\\\/www.jornalja.com.br\\\/arquivo\\\/#organization\"}}]}\n\t\t<\/script>\n\t\t<!-- All in One SEO -->\n\n","aioseo_head_json":{"title":"Comerciantes da CB debatem decreto e apresentam propostas de parklets ao prefeito | Arquivo","description":"","canonical_url":"https:\/\/www.jornalja.com.br\/arquivo\/comerciantes-da-cb-debatem-decreto-e-apresentam-propostas-de-parklets-ao-prefeito\/","robots":"max-image-preview:large","keywords":"","webmasterTools":{"miscellaneous":""},"schema":{"@context":"https:\/\/schema.org","@graph":[{"@type":"BlogPosting","@id":"https:\/\/www.jornalja.com.br\/arquivo\/comerciantes-da-cb-debatem-decreto-e-apresentam-propostas-de-parklets-ao-prefeito\/#blogposting","name":"Comerciantes da CB debatem decreto e apresentam propostas de parklets ao prefeito | Arquivo","headline":"Comerciantes da CB debatem decreto e apresentam propostas de parklets ao prefeito","author":{"@id":"https:\/\/www.jornalja.com.br\/arquivo\/author\/daredacao\/#author"},"publisher":{"@id":"https:\/\/www.jornalja.com.br\/arquivo\/#organization"},"image":{"@type":"ImageObject","url":56086},"datePublished":"2017-10-06T11:31:41-03:00","dateModified":"2017-10-06T11:31:41-03:00","inLanguage":"pt-BR","commentCount":1,"mainEntityOfPage":{"@id":"https:\/\/www.jornalja.com.br\/arquivo\/comerciantes-da-cb-debatem-decreto-e-apresentam-propostas-de-parklets-ao-prefeito\/#webpage"},"isPartOf":{"@id":"https:\/\/www.jornalja.com.br\/arquivo\/comerciantes-da-cb-debatem-decreto-e-apresentam-propostas-de-parklets-ao-prefeito\/#webpage"},"articleSection":"Geral"},{"@type":"BreadcrumbList","@id":"https:\/\/www.jornalja.com.br\/arquivo\/comerciantes-da-cb-debatem-decreto-e-apresentam-propostas-de-parklets-ao-prefeito\/#breadcrumblist","itemListElement":[{"@type":"ListItem","@id":"https:\/\/www.jornalja.com.br\/arquivo#listItem","position":1,"name":"Home","item":"https:\/\/www.jornalja.com.br\/arquivo","nextItem":{"@type":"ListItem","@id":"https:\/\/www.jornalja.com.br\/arquivo\/category\/geral\/#listItem","name":"Geral"}},{"@type":"ListItem","@id":"https:\/\/www.jornalja.com.br\/arquivo\/category\/geral\/#listItem","position":2,"name":"Geral","item":"https:\/\/www.jornalja.com.br\/arquivo\/category\/geral\/","nextItem":{"@type":"ListItem","@id":"https:\/\/www.jornalja.com.br\/arquivo\/comerciantes-da-cb-debatem-decreto-e-apresentam-propostas-de-parklets-ao-prefeito\/#listItem","name":"Comerciantes da CB debatem decreto e apresentam propostas de parklets ao prefeito"},"previousItem":{"@type":"ListItem","@id":"https:\/\/www.jornalja.com.br\/arquivo#listItem","name":"Home"}},{"@type":"ListItem","@id":"https:\/\/www.jornalja.com.br\/arquivo\/comerciantes-da-cb-debatem-decreto-e-apresentam-propostas-de-parklets-ao-prefeito\/#listItem","position":3,"name":"Comerciantes da CB debatem decreto e apresentam propostas de parklets ao prefeito","previousItem":{"@type":"ListItem","@id":"https:\/\/www.jornalja.com.br\/arquivo\/category\/geral\/#listItem","name":"Geral"}}]},{"@type":"Organization","@id":"https:\/\/www.jornalja.com.br\/arquivo\/#organization","name":"Jornal J\u00c1","description":"Jornal J\u00c1 | Porto Alegre","url":"https:\/\/www.jornalja.com.br\/arquivo\/","telephone":"+555133307272","logo":{"@type":"ImageObject","url":"https:\/\/www.jornalja.com.br\/wp-content\/uploads\/cards\/JAslogan.png","@id":"https:\/\/www.jornalja.com.br\/arquivo\/comerciantes-da-cb-debatem-decreto-e-apresentam-propostas-de-parklets-ao-prefeito\/#organizationLogo"},"image":{"@id":"https:\/\/www.jornalja.com.br\/arquivo\/comerciantes-da-cb-debatem-decreto-e-apresentam-propostas-de-parklets-ao-prefeito\/#organizationLogo"}},{"@type":"Person","@id":"https:\/\/www.jornalja.com.br\/arquivo\/author\/daredacao\/#author","url":"https:\/\/www.jornalja.com.br\/arquivo\/author\/daredacao\/","name":"da Reda\u00e7\u00e3o","image":{"@type":"ImageObject","@id":"https:\/\/www.jornalja.com.br\/arquivo\/comerciantes-da-cb-debatem-decreto-e-apresentam-propostas-de-parklets-ao-prefeito\/#authorImage","url":"https:\/\/secure.gravatar.com\/avatar\/469fd857d6605ad19919d27ed29d35a968a25f6e8fd9318356bbb7f57aae9c65?s=96&d=mm&r=g","width":96,"height":96,"caption":"da Reda\u00e7\u00e3o"}},{"@type":"WebPage","@id":"https:\/\/www.jornalja.com.br\/arquivo\/comerciantes-da-cb-debatem-decreto-e-apresentam-propostas-de-parklets-ao-prefeito\/#webpage","url":"https:\/\/www.jornalja.com.br\/arquivo\/comerciantes-da-cb-debatem-decreto-e-apresentam-propostas-de-parklets-ao-prefeito\/","name":"Comerciantes da CB debatem decreto e apresentam propostas de parklets ao prefeito | Arquivo","inLanguage":"pt-BR","isPartOf":{"@id":"https:\/\/www.jornalja.com.br\/arquivo\/#website"},"breadcrumb":{"@id":"https:\/\/www.jornalja.com.br\/arquivo\/comerciantes-da-cb-debatem-decreto-e-apresentam-propostas-de-parklets-ao-prefeito\/#breadcrumblist"},"author":{"@id":"https:\/\/www.jornalja.com.br\/arquivo\/author\/daredacao\/#author"},"creator":{"@id":"https:\/\/www.jornalja.com.br\/arquivo\/author\/daredacao\/#author"},"image":{"@type":"ImageObject","url":56086,"@id":"https:\/\/www.jornalja.com.br\/arquivo\/comerciantes-da-cb-debatem-decreto-e-apresentam-propostas-de-parklets-ao-prefeito\/#mainImage"},"primaryImageOfPage":{"@id":"https:\/\/www.jornalja.com.br\/arquivo\/comerciantes-da-cb-debatem-decreto-e-apresentam-propostas-de-parklets-ao-prefeito\/#mainImage"},"datePublished":"2017-10-06T11:31:41-03:00","dateModified":"2017-10-06T11:31:41-03:00"},{"@type":"WebSite","@id":"https:\/\/www.jornalja.com.br\/arquivo\/#website","url":"https:\/\/www.jornalja.com.br\/arquivo\/","name":"Arquivo","description":"Jornal J\u00c1 | Porto Alegre","inLanguage":"pt-BR","publisher":{"@id":"https:\/\/www.jornalja.com.br\/arquivo\/#organization"}}]},"og:locale":"pt_BR","og:site_name":"Arquivo | Jornal J\u00c1 | Porto Alegre","og:type":"article","og:title":"Comerciantes da CB debatem decreto e apresentam propostas de parklets ao prefeito | Arquivo","og:url":"https:\/\/www.jornalja.com.br\/arquivo\/comerciantes-da-cb-debatem-decreto-e-apresentam-propostas-de-parklets-ao-prefeito\/","og:image":"https:\/\/www.jornalja.com.br\/economics\/wp-content\/uploads\/sites\/11\/2026\/08\/ja-folhaderosto-facebook.jpg","og:image:secure_url":"https:\/\/www.jornalja.com.br\/economics\/wp-content\/uploads\/sites\/11\/2026\/08\/ja-folhaderosto-facebook.jpg","article:published_time":"2017-10-06T14:31:41+00:00","article:modified_time":"2017-10-06T14:31:41+00:00","twitter:card":"summary","twitter:title":"Comerciantes da CB debatem decreto e apresentam propostas de parklets ao prefeito | Arquivo","twitter:image":"https:\/\/www.jornalja.com.br\/economics\/wp-content\/uploads\/sites\/11\/2026\/08\/ja-folhaderosto-facebook.jpg"},"aioseo_meta_data":{"post_id":"56085","title":null,"description":null,"keywords":null,"keyphrases":null,"primary_term":null,"canonical_url":null,"og_title":null,"og_description":null,"og_object_type":"default","og_image_type":"default","og_image_url":null,"og_image_width":null,"og_image_height":null,"og_image_custom_url":null,"og_image_custom_fields":null,"og_video":null,"og_custom_url":null,"og_article_section":null,"og_article_tags":null,"twitter_use_og":false,"twitter_card":"default","twitter_image_type":"default","twitter_image_url":null,"twitter_image_custom_url":null,"twitter_image_custom_fields":null,"twitter_title":null,"twitter_description":null,"schema":{"blockGraphs":[],"customGraphs":[],"default":{"data":{"Article":[],"Course":[],"Dataset":[],"FAQPage":[],"Movie":[],"Person":[],"Product":[],"ProductReview":[],"Car":[],"Recipe":[],"Service":[],"SoftwareApplication":[],"WebPage":[]},"graphName":"","isEnabled":true},"graphs":[],"defaultGraph":"","defaultPostTypeGraph":""},"schema_type":null,"schema_type_options":null,"pillar_content":false,"robots_default":true,"robots_noindex":false,"robots_noarchive":false,"robots_nosnippet":false,"robots_nofollow":false,"robots_noimageindex":false,"robots_noodp":false,"robots_notranslate":false,"robots_max_snippet":null,"robots_max_videopreview":null,"robots_max_imagepreview":"large","priority":null,"frequency":null,"location":null,"local_seo":null,"breadcrumb_settings":null,"limit_modified_date":false,"ai":null,"created":"2020-12-20 20:21:53","updated":"2025-07-20 01:41:45","seo_analyzer_scan_date":null,"focus_keyword":null,"additional_keywords":null,"truseo_locale":null},"jetpack_sharing_enabled":true,"jetpack-related-posts":[{"id":13109,"url":"https:\/\/www.jornalja.com.br\/arquivo\/judiciario-reconhece-poluicao-eletromagnetica\/","url_meta":{"origin":56085,"position":0},"title":"Judici\u00e1rio reconhece polui\u00e7\u00e3o eletromagn\u00e9tica","author":"Patr\u00edcia Marini","date":"16 de maio de 2014","format":false,"excerpt":"A\u00e7\u00e3o de duas associa\u00e7\u00f5es de moradores foi acolhida pelo Tribunal de Justi\u00e7a de S\u00e3o Paulo que. em decis\u00e3o in\u00e9dita, determinou a redu\u00e7\u00e3o do campo eletromagn\u00e9tico gerado pelas linhas de transmiss\u00e3o de energia que cortam os bairros City Boa\u00e7ava e Alto de Pinheiros. \u00c9 a primeira vez que um tribunal do\u2026","rel":"","context":"Em &quot;X.Categorias velhas&quot;","block_context":{"text":"X.Categorias velhas","link":"https:\/\/www.jornalja.com.br\/arquivo\/category\/x-categorias-velhas\/"},"img":{"alt_text":"","src":"","width":0,"height":0},"classes":[]},{"id":14241,"url":"https:\/\/www.jornalja.com.br\/arquivo\/o-guaiba-nas-imagens-poeticas-de-achutti\/","url_meta":{"origin":56085,"position":1},"title":"O Gua\u00edba nas imagens po\u00e9ticas de Achutti","author":"da Reda\u00e7\u00e3o","date":"18 de junho de 2014","format":false,"excerpt":"Em \u201cO Gua\u00edba por Achutti\u201d \u2013 obra financiada via Minist\u00e9rio da Cultura, produ\u00e7\u00e3o executiva de Pedro Longhi, e Fl\u00e1vio Wild como designer \u2013, o fot\u00f3grafo revela a beleza e as mazelas de um espa\u00e7o aqu\u00e1tico de \u00e1guas sempre renovadas, cheio de hist\u00f3rias e lendas como as das cidades que foram\u2026","rel":"","context":"Em &quot;Cultura-Geral&quot;","block_context":{"text":"Cultura-Geral","link":"https:\/\/www.jornalja.com.br\/arquivo\/category\/materiasecundaria\/"},"img":{"alt_text":"","src":"","width":0,"height":0},"classes":[]},{"id":13240,"url":"https:\/\/www.jornalja.com.br\/arquivo\/plano-diretor-estamos-construindo-o-caos\/","url_meta":{"origin":56085,"position":2},"title":"Plano diretor: &quot;Estamos construindo o caos&quot;","author":"Patr\u00edcia Marini","date":"26 de maio de 2014","format":false,"excerpt":"Desabafo que arquiteta Eliana Castilhos, delegada da Regi\u00e3o de Planejamento 1, postou nas redes sociais \u00e9 um testemunho do ambiente que se criou no Conselho do Plano Diretor de Porto Alegre, onde a aprova\u00e7\u00e3o de grandes empreendimentos \u00e9 empurrada guela abaixo dos conselheiros. Ao CMDUA Como delegada da Regi\u00e3o de\u2026","rel":"","context":"Em &quot;Geral&quot;","block_context":{"text":"Geral","link":"https:\/\/www.jornalja.com.br\/arquivo\/category\/geral\/"},"img":{"alt_text":"","src":"","width":0,"height":0},"classes":[]},{"id":13239,"url":"https:\/\/www.jornalja.com.br\/arquivo\/conselho-desdenha-do-plano-diretor\/","url_meta":{"origin":56085,"position":3},"title":"Porto Alegre: Conselho detona Plano Diretor","author":"Patr\u00edcia Marini","date":"25 de maio de 2014","format":false,"excerpt":"Den\u00fancia do arquiteto e \u00a0urbanista Ibir\u00e1 Santos Lucas. Ele diz que os conselheiros est\u00e3o votando com \"enorme irresponsabilidade\". \"Mudam regime com a maior naturalidade,,,regularizam absurdos de constru\u00e7\u00f5es irregulares... \"O CMDUA est\u00e1 flexibilizando a lei do plano diretor, de uma forma impactante na vida da cidade. Mudam regime com a maior\u2026","rel":"","context":"Em &quot;Geral&quot;","block_context":{"text":"Geral","link":"https:\/\/www.jornalja.com.br\/arquivo\/category\/geral\/"},"img":{"alt_text":"","src":"","width":0,"height":0},"classes":[]},{"id":12960,"url":"https:\/\/www.jornalja.com.br\/arquivo\/populacao-culpa-empresas-pela-greve-dos-rodoviarios\/","url_meta":{"origin":56085,"position":4},"title":"Popula\u00e7\u00e3o culpa empresas pela greve","author":"Patr\u00edcia Marini","date":"14 de fevereiro de 2014","format":false,"excerpt":"Pesquisa divulgada na edi\u00e7\u00e3o do jornal Metro desta sexta-feira,14, comprova o velho ditado: \u00e9 poss\u00edvel enganar muitos por algum tempo, mas n\u00e3o \u00e9 poss\u00edvel enganar a todos o tempo inteiro. A principal revela\u00e7\u00e3o foi que 59,8% dos entrevistados apontaram as empresas como as principais respons\u00e1veis pela grave e 46% culparam\u2026","rel":"","context":"Em &quot;X.Categorias velhas&quot;","block_context":{"text":"X.Categorias velhas","link":"https:\/\/www.jornalja.com.br\/arquivo\/category\/x-categorias-velhas\/"},"img":{"alt_text":"","src":"","width":0,"height":0},"classes":[]},{"id":13124,"url":"https:\/\/www.jornalja.com.br\/arquivo\/sangue-latino-no-iecine\/","url_meta":{"origin":56085,"position":5},"title":"Sangue latino no IECINE","author":"da Reda\u00e7\u00e3o","date":"18 de maio de 2014","format":false,"excerpt":"Francisco Ribeiro O Instituto Estadual de Cinema (IECINE) tem a frente, desde abril \u00faltimo, um novo diretor, o cineasta colombiano Juan Zapata, 36, que substitui Luiz Alberto Cassol. Radicado h\u00e1 dez anos em Porto Alegre, Zapata tem diante de si o desafio de conduzir at\u00e9 o final do ano um\u2026","rel":"","context":"Em &quot;Cultura-Geral&quot;","block_context":{"text":"Cultura-Geral","link":"https:\/\/www.jornalja.com.br\/arquivo\/category\/materiasecundaria\/"},"img":{"alt_text":"","src":"","width":0,"height":0},"classes":[]}],"jetpack_shortlink":"https:\/\/wp.me\/pbQjBd-eAB","jetpack_featured_media_url":"","_links":{"self":[{"href":"https:\/\/www.jornalja.com.br\/arquivo\/wp-json\/wp\/v2\/posts\/56085","targetHints":{"allow":["GET"]}}],"collection":[{"href":"https:\/\/www.jornalja.com.br\/arquivo\/wp-json\/wp\/v2\/posts"}],"about":[{"href":"https:\/\/www.jornalja.com.br\/arquivo\/wp-json\/wp\/v2\/types\/post"}],"author":[{"embeddable":true,"href":"https:\/\/www.jornalja.com.br\/arquivo\/wp-json\/wp\/v2\/users\/4"}],"replies":[{"embeddable":true,"href":"https:\/\/www.jornalja.com.br\/arquivo\/wp-json\/wp\/v2\/comments?post=56085"}],"version-history":[{"count":0,"href":"https:\/\/www.jornalja.com.br\/arquivo\/wp-json\/wp\/v2\/posts\/56085\/revisions"}],"wp:attachment":[{"href":"https:\/\/www.jornalja.com.br\/arquivo\/wp-json\/wp\/v2\/media?parent=56085"}],"wp:term":[{"taxonomy":"category","embeddable":true,"href":"https:\/\/www.jornalja.com.br\/arquivo\/wp-json\/wp\/v2\/categories?post=56085"},{"taxonomy":"post_tag","embeddable":true,"href":"https:\/\/www.jornalja.com.br\/arquivo\/wp-json\/wp\/v2\/tags?post=56085"}],"curies":[{"name":"wp","href":"https:\/\/api.w.org\/{rel}","templated":true}]}}