{"id":56090,"date":"2017-10-06T19:04:18","date_gmt":"2017-10-06T22:04:18","guid":{"rendered":"https:\/\/www.jornalja.com.br\/?p=56090"},"modified":"2017-10-06T19:04:18","modified_gmt":"2017-10-06T22:04:18","slug":"porto-alegre-pode-ficar-mais-10-dias-sem-coletiva-seletiva","status":"publish","type":"post","link":"https:\/\/www.jornalja.com.br\/arquivo\/porto-alegre-pode-ficar-mais-10-dias-sem-coletiva-seletiva\/","title":{"rendered":"Porto Alegre pode ficar mais 10 dias sem coleta seletiva"},"content":{"rendered":"<p>Porto Alegre completou nesta sexta-feira, 06\/10, o terceiro dia sem o recolhimento do lixo seco na cidade. A coleta seletiva \u00e9 realizada pela Cooperativa de Trabalhadores Aut\u00f4nomos das Vilas de Porto Alegre (Cootravipa), mas est\u00e1 suspensa desde a ultima quarta-feira devido a falta de pagamento da Prefeitura.<br \/>\nSegundo a cooperativa, a Prefeitura n\u00e3o repassou o dinheiro refente aos servi\u00e7os de coleta prestados no m\u00eas de agosto e pagou somente metade das despesas do servi\u00e7o de conserva\u00e7\u00e3o de pra\u00e7as e parques. Os valores devidos passam de R$ 1,6 milh\u00e3o.<br \/>\nO advogado Artur Garrastazu Gomes, que representa a cooperativa, explica que n\u00e3o h\u00e1 como manter os servi\u00e7os. \u201cN\u00e3o h\u00e1 dinheiro para manuten\u00e7\u00e3o di\u00e1ria, abastecer os caminh\u00f5es, reposi\u00e7\u00e3o de material, transporte dos trabalhadores, o b\u00e1sico\u201d. O servi\u00e7o s\u00f3 deve ser retomado quando algo for pago pela prefeitura.<br \/>\nMas a Secretaria Municipal da Fazenda informa que todos os recursos que ingressarem nas contas do munic\u00edpio est\u00e3o destinados ao pagamento dos sal\u00e1rios dos servidores, que est\u00e3o sendo parcelados. E a previs\u00e3o \u00e9 que o pagamento dos sal\u00e1rios seja finalizada somente dia 16 de outubro. H\u00e1 ainda uma liminar que suspende o repasse as empresas terceirizadas, como a Cootravipa, enquanto n\u00e3o for paga a integralidade dos sal\u00e1rios dos servidores.<br \/>\nPara piorar a situa\u00e7\u00e3o, no pr\u00f3ximo dia 10 ainda deve vencer a primeira parcela, de R$ 600 mil, referentes aos servi\u00e7os de limpeza e de coleta de setembro, e que tamb\u00e9m poder\u00e1 n\u00e3o ser paga.<br \/>\nA dire\u00e7\u00e3o da Cootravipa ingressou com uma a\u00e7\u00e3o judicial, em nome dos 2 mil associados da empresa, pedindo o pagamento. Nesta sexta, 06\/10, o juiz Paulo Ernesto Dorn determinou prazo de cinco dias para que o munic\u00edpio se manifeste.<br \/>\nA Secretaria Municipal de Servi\u00e7os Urbanos (SMSUrb) orienta aos cidad\u00e3o o descarte do lixo nos Postos de Entregas Volunt\u00e1rias dispon\u00edveis na cidade.<br \/>\nEstima-se que at\u00e9 100 toneladas de lixo seletivo est\u00e3o deixando de ser recolhidas em Porto Alegre diariamente, al\u00e9m da n\u00e3o manuten\u00e7\u00e3o e limpeza de pra\u00e7as e parques. Com a falta de recolhimento, o lixo j\u00e1 se acumula pelas ruas da cidade.<br \/>\nLISTA DE POSTOS DE ENTREGA VOLUNT\u00c1RIA:<br \/>\n01- Unidade de Servi\u00e7o Bel\u00e9m Novo (Avenida Juca Batista, 10.400)<br \/>\n02- Unidade de Servi\u00e7o C\u00e2ncio Gomes (Travessa Carmem, 111)<br \/>\n03- Unidade de Servi\u00e7o Bernardino( Avenida Bernardino Silveira Amorim, 2261)<br \/>\n04 &#8211; Unidade de Servi\u00e7o Cavalhada (Avenida Otto Niemayer, 3.206)<br \/>\n05 &#8211; Unidade de Servi\u00e7o Concei\u00e7\u00e3o (Avenida\u00a0Alberto Bins, sob a elevada da Concei\u00e7\u00e3o)<br \/>\n06 &#8211; Unidade de Servi\u00e7o Cruzeiro (Avenida Cruzeiro do Sul , 1445)<br \/>\n07 &#8211; Unidade de Servi\u00e7o Di\u00e1rio (Avenida Di\u00e1rio de Not\u00edcias, 1111)<br \/>\n08 &#8211;\u00a0Unidade de Servi\u00e7o F\u00e1tima\/Pinto (Rua Alfredo Ferreira Rodrigues, 975)<br \/>\n09 &#8211; Unidade de Servi\u00e7o Freitas de Castro (Rua Prof. Freitas de Castro, 265)<br \/>\n10 &#8211; Unidade de Servi\u00e7o\u00a0Gl\u00f3ria (Avenida\u00a0Prof.\u00a0Carvalho de Freitas, 1.012)<br \/>\n11 &#8211; Unidade de Servi\u00e7o Humait\u00e1 (Rua Jos\u00e9 Alo\u00edsio Filho, 780)<br \/>\n12 &#8211; Unidade de Servi\u00e7o IAPI (Avenida Assis Brasil, 1.715)<br \/>\n13-\u00a0 Unidade de Servi\u00e7o Niter\u00f3i (Avenida Niter\u00f3i, 19)<br \/>\n14-\u00a0\u00a0Unidade de Servi\u00e7o Rep\u00fablica (Rua da Rep\u00fablica, 711)<br \/>\n15 &#8211; Unidade de Servi\u00e7o Restinga (Rua Rubem Pereira Torelly, 50)<br \/>\n16-\u00a0\u00a0Unidade de Servi\u00e7o Silva S\u00f3 (Rua Silva S\u00f3, sob o Viaduto Tiradentes)<br \/>\n17-\u00a0 Unidade de Servi\u00e7o Tenente Alpoin (Rua Jos\u00e9 Luiz \u00a0Rodrigues Sobral, 958)<br \/>\n18-\u00a0\u00a0Unidade de Servi\u00e7o\u00a0Visconde do Herval (Rua Visconde do Herval, 945)<br \/>\n19-\u00a0 Unidade de Servi\u00e7o Zeferino Dias (Rua Dom Jaime de Barros C\u00e2mara, 815)<\/p>\n","protected":false},"excerpt":{"rendered":"<p>Porto Alegre completou nesta sexta-feira, 06\/10, o terceiro dia sem o recolhimento do lixo seco na cidade. A coleta seletiva \u00e9 realizada pela Cooperativa de Trabalhadores Aut\u00f4nomos das Vilas de Porto Alegre (Cootravipa), mas est\u00e1 suspensa desde a ultima quarta-feira devido a falta de pagamento da Prefeitura. Segundo a cooperativa, a Prefeitura n\u00e3o repassou o [&hellip;]<\/p>\n","protected":false},"author":4,"featured_media":56092,"comment_status":"open","ping_status":"closed","sticky":false,"template":"","format":"standard","meta":{"_jetpack_newsletter_access":"","_jetpack_dont_email_post_to_subs":false,"_jetpack_newsletter_tier_id":0,"_jetpack_memberships_contains_paywalled_content":false,"_jetpack_feature_clip_id":0,"_jetpack_memberships_contains_paid_content":false,"footnotes":"","jetpack_post_was_ever_published":false},"categories":[2016],"tags":[],"class_list":["post-56090","post","type-post","status-publish","format-standard","has-post-thumbnail","hentry","category-materia-vencida"],"aioseo_notices":[],"aioseo_head":"\n\t\t<!-- All in One SEO 5.0.1.1 - aioseo.com -->\n\t<meta name=\"robots\" content=\"max-image-preview:large\" \/>\n\t<meta name=\"author\" content=\"da Reda\u00e7\u00e3o\"\/>\n\t<link rel=\"canonical\" href=\"https:\/\/www.jornalja.com.br\/arquivo\/porto-alegre-pode-ficar-mais-10-dias-sem-coletiva-seletiva\/\" \/>\n\t<meta name=\"generator\" content=\"All in One SEO (AIOSEO) 5.0.1.1\" \/>\n\t\t<meta property=\"og:locale\" content=\"pt_BR\" \/>\n\t\t<meta property=\"og:site_name\" content=\"Arquivo | Jornal J\u00c1 | Porto Alegre\" \/>\n\t\t<meta property=\"og:type\" content=\"article\" \/>\n\t\t<meta property=\"og:title\" content=\"Porto Alegre pode ficar mais 10 dias sem coleta seletiva | Arquivo\" \/>\n\t\t<meta property=\"og:url\" content=\"https:\/\/www.jornalja.com.br\/arquivo\/porto-alegre-pode-ficar-mais-10-dias-sem-coletiva-seletiva\/\" \/>\n\t\t<meta property=\"og:image\" content=\"https:\/\/www.jornalja.com.br\/economics\/wp-content\/uploads\/sites\/11\/2026\/08\/ja-folhaderosto-facebook.jpg\" \/>\n\t\t<meta property=\"og:image:secure_url\" content=\"https:\/\/www.jornalja.com.br\/economics\/wp-content\/uploads\/sites\/11\/2026\/08\/ja-folhaderosto-facebook.jpg\" \/>\n\t\t<meta property=\"article:published_time\" content=\"2017-10-06T22:04:18+00:00\" \/>\n\t\t<meta property=\"article:modified_time\" content=\"2017-10-06T22:04:18+00:00\" \/>\n\t\t<meta name=\"twitter:card\" content=\"summary\" \/>\n\t\t<meta name=\"twitter:title\" content=\"Porto Alegre pode ficar mais 10 dias sem coleta seletiva | Arquivo\" \/>\n\t\t<meta name=\"twitter:image\" content=\"https:\/\/www.jornalja.com.br\/economics\/wp-content\/uploads\/sites\/11\/2026\/08\/ja-folhaderosto-facebook.jpg\" \/>\n\t\t<script type=\"application\/ld+json\" class=\"aioseo-schema\">\n\t\t\t{\"@context\":\"https:\\\/\\\/schema.org\",\"@graph\":[{\"@type\":\"BlogPosting\",\"@id\":\"https:\\\/\\\/www.jornalja.com.br\\\/arquivo\\\/porto-alegre-pode-ficar-mais-10-dias-sem-coletiva-seletiva\\\/#blogposting\",\"name\":\"Porto Alegre pode ficar mais 10 dias sem coleta seletiva | Arquivo\",\"headline\":\"Porto Alegre pode ficar mais 10 dias sem coleta seletiva\",\"author\":{\"@id\":\"https:\\\/\\\/www.jornalja.com.br\\\/arquivo\\\/author\\\/daredacao\\\/#author\"},\"publisher\":{\"@id\":\"https:\\\/\\\/www.jornalja.com.br\\\/arquivo\\\/#organization\"},\"image\":{\"@type\":\"ImageObject\",\"url\":56092},\"datePublished\":\"2017-10-06T19:04:18-03:00\",\"dateModified\":\"2017-10-06T19:04:18-03:00\",\"inLanguage\":\"pt-BR\",\"mainEntityOfPage\":{\"@id\":\"https:\\\/\\\/www.jornalja.com.br\\\/arquivo\\\/porto-alegre-pode-ficar-mais-10-dias-sem-coletiva-seletiva\\\/#webpage\"},\"isPartOf\":{\"@id\":\"https:\\\/\\\/www.jornalja.com.br\\\/arquivo\\\/porto-alegre-pode-ficar-mais-10-dias-sem-coletiva-seletiva\\\/#webpage\"},\"articleSection\":\"Mat\\u00e9ria vencida\"},{\"@type\":\"BreadcrumbList\",\"@id\":\"https:\\\/\\\/www.jornalja.com.br\\\/arquivo\\\/porto-alegre-pode-ficar-mais-10-dias-sem-coletiva-seletiva\\\/#breadcrumblist\",\"itemListElement\":[{\"@type\":\"ListItem\",\"@id\":\"https:\\\/\\\/www.jornalja.com.br\\\/arquivo#listItem\",\"position\":1,\"name\":\"Home\",\"item\":\"https:\\\/\\\/www.jornalja.com.br\\\/arquivo\",\"nextItem\":{\"@type\":\"ListItem\",\"@id\":\"https:\\\/\\\/www.jornalja.com.br\\\/arquivo\\\/category\\\/materia-vencida\\\/#listItem\",\"name\":\"Mat\\u00e9ria vencida\"}},{\"@type\":\"ListItem\",\"@id\":\"https:\\\/\\\/www.jornalja.com.br\\\/arquivo\\\/category\\\/materia-vencida\\\/#listItem\",\"position\":2,\"name\":\"Mat\\u00e9ria vencida\",\"item\":\"https:\\\/\\\/www.jornalja.com.br\\\/arquivo\\\/category\\\/materia-vencida\\\/\",\"nextItem\":{\"@type\":\"ListItem\",\"@id\":\"https:\\\/\\\/www.jornalja.com.br\\\/arquivo\\\/porto-alegre-pode-ficar-mais-10-dias-sem-coletiva-seletiva\\\/#listItem\",\"name\":\"Porto Alegre pode ficar mais 10 dias sem coleta seletiva\"},\"previousItem\":{\"@type\":\"ListItem\",\"@id\":\"https:\\\/\\\/www.jornalja.com.br\\\/arquivo#listItem\",\"name\":\"Home\"}},{\"@type\":\"ListItem\",\"@id\":\"https:\\\/\\\/www.jornalja.com.br\\\/arquivo\\\/porto-alegre-pode-ficar-mais-10-dias-sem-coletiva-seletiva\\\/#listItem\",\"position\":3,\"name\":\"Porto Alegre pode ficar mais 10 dias sem coleta seletiva\",\"previousItem\":{\"@type\":\"ListItem\",\"@id\":\"https:\\\/\\\/www.jornalja.com.br\\\/arquivo\\\/category\\\/materia-vencida\\\/#listItem\",\"name\":\"Mat\\u00e9ria vencida\"}}]},{\"@type\":\"Organization\",\"@id\":\"https:\\\/\\\/www.jornalja.com.br\\\/arquivo\\\/#organization\",\"name\":\"Jornal J\\u00c1\",\"description\":\"Jornal J\\u00c1 | Porto Alegre\",\"url\":\"https:\\\/\\\/www.jornalja.com.br\\\/arquivo\\\/\",\"telephone\":\"+555133307272\",\"logo\":{\"@type\":\"ImageObject\",\"url\":\"https:\\\/\\\/www.jornalja.com.br\\\/wp-content\\\/uploads\\\/cards\\\/JAslogan.png\",\"@id\":\"https:\\\/\\\/www.jornalja.com.br\\\/arquivo\\\/porto-alegre-pode-ficar-mais-10-dias-sem-coletiva-seletiva\\\/#organizationLogo\"},\"image\":{\"@id\":\"https:\\\/\\\/www.jornalja.com.br\\\/arquivo\\\/porto-alegre-pode-ficar-mais-10-dias-sem-coletiva-seletiva\\\/#organizationLogo\"}},{\"@type\":\"Person\",\"@id\":\"https:\\\/\\\/www.jornalja.com.br\\\/arquivo\\\/author\\\/daredacao\\\/#author\",\"url\":\"https:\\\/\\\/www.jornalja.com.br\\\/arquivo\\\/author\\\/daredacao\\\/\",\"name\":\"da Reda\\u00e7\\u00e3o\",\"image\":{\"@type\":\"ImageObject\",\"@id\":\"https:\\\/\\\/www.jornalja.com.br\\\/arquivo\\\/porto-alegre-pode-ficar-mais-10-dias-sem-coletiva-seletiva\\\/#authorImage\",\"url\":\"https:\\\/\\\/secure.gravatar.com\\\/avatar\\\/469fd857d6605ad19919d27ed29d35a968a25f6e8fd9318356bbb7f57aae9c65?s=96&d=mm&r=g\",\"width\":96,\"height\":96,\"caption\":\"da Reda\\u00e7\\u00e3o\"}},{\"@type\":\"WebPage\",\"@id\":\"https:\\\/\\\/www.jornalja.com.br\\\/arquivo\\\/porto-alegre-pode-ficar-mais-10-dias-sem-coletiva-seletiva\\\/#webpage\",\"url\":\"https:\\\/\\\/www.jornalja.com.br\\\/arquivo\\\/porto-alegre-pode-ficar-mais-10-dias-sem-coletiva-seletiva\\\/\",\"name\":\"Porto Alegre pode ficar mais 10 dias sem coleta seletiva | Arquivo\",\"inLanguage\":\"pt-BR\",\"isPartOf\":{\"@id\":\"https:\\\/\\\/www.jornalja.com.br\\\/arquivo\\\/#website\"},\"breadcrumb\":{\"@id\":\"https:\\\/\\\/www.jornalja.com.br\\\/arquivo\\\/porto-alegre-pode-ficar-mais-10-dias-sem-coletiva-seletiva\\\/#breadcrumblist\"},\"author\":{\"@id\":\"https:\\\/\\\/www.jornalja.com.br\\\/arquivo\\\/author\\\/daredacao\\\/#author\"},\"creator\":{\"@id\":\"https:\\\/\\\/www.jornalja.com.br\\\/arquivo\\\/author\\\/daredacao\\\/#author\"},\"image\":{\"@type\":\"ImageObject\",\"url\":56092,\"@id\":\"https:\\\/\\\/www.jornalja.com.br\\\/arquivo\\\/porto-alegre-pode-ficar-mais-10-dias-sem-coletiva-seletiva\\\/#mainImage\"},\"primaryImageOfPage\":{\"@id\":\"https:\\\/\\\/www.jornalja.com.br\\\/arquivo\\\/porto-alegre-pode-ficar-mais-10-dias-sem-coletiva-seletiva\\\/#mainImage\"},\"datePublished\":\"2017-10-06T19:04:18-03:00\",\"dateModified\":\"2017-10-06T19:04:18-03:00\"},{\"@type\":\"WebSite\",\"@id\":\"https:\\\/\\\/www.jornalja.com.br\\\/arquivo\\\/#website\",\"url\":\"https:\\\/\\\/www.jornalja.com.br\\\/arquivo\\\/\",\"name\":\"Arquivo\",\"description\":\"Jornal J\\u00c1 | Porto Alegre\",\"inLanguage\":\"pt-BR\",\"publisher\":{\"@id\":\"https:\\\/\\\/www.jornalja.com.br\\\/arquivo\\\/#organization\"}}]}\n\t\t<\/script>\n\t\t<!-- All in One SEO -->\n\n","aioseo_head_json":{"title":"Porto Alegre pode ficar mais 10 dias sem coleta seletiva | Arquivo","description":"","canonical_url":"https:\/\/www.jornalja.com.br\/arquivo\/porto-alegre-pode-ficar-mais-10-dias-sem-coletiva-seletiva\/","robots":"max-image-preview:large","keywords":"","webmasterTools":{"miscellaneous":""},"schema":{"@context":"https:\/\/schema.org","@graph":[{"@type":"BlogPosting","@id":"https:\/\/www.jornalja.com.br\/arquivo\/porto-alegre-pode-ficar-mais-10-dias-sem-coletiva-seletiva\/#blogposting","name":"Porto Alegre pode ficar mais 10 dias sem coleta seletiva | Arquivo","headline":"Porto Alegre pode ficar mais 10 dias sem coleta seletiva","author":{"@id":"https:\/\/www.jornalja.com.br\/arquivo\/author\/daredacao\/#author"},"publisher":{"@id":"https:\/\/www.jornalja.com.br\/arquivo\/#organization"},"image":{"@type":"ImageObject","url":56092},"datePublished":"2017-10-06T19:04:18-03:00","dateModified":"2017-10-06T19:04:18-03:00","inLanguage":"pt-BR","mainEntityOfPage":{"@id":"https:\/\/www.jornalja.com.br\/arquivo\/porto-alegre-pode-ficar-mais-10-dias-sem-coletiva-seletiva\/#webpage"},"isPartOf":{"@id":"https:\/\/www.jornalja.com.br\/arquivo\/porto-alegre-pode-ficar-mais-10-dias-sem-coletiva-seletiva\/#webpage"},"articleSection":"Mat\u00e9ria vencida"},{"@type":"BreadcrumbList","@id":"https:\/\/www.jornalja.com.br\/arquivo\/porto-alegre-pode-ficar-mais-10-dias-sem-coletiva-seletiva\/#breadcrumblist","itemListElement":[{"@type":"ListItem","@id":"https:\/\/www.jornalja.com.br\/arquivo#listItem","position":1,"name":"Home","item":"https:\/\/www.jornalja.com.br\/arquivo","nextItem":{"@type":"ListItem","@id":"https:\/\/www.jornalja.com.br\/arquivo\/category\/materia-vencida\/#listItem","name":"Mat\u00e9ria vencida"}},{"@type":"ListItem","@id":"https:\/\/www.jornalja.com.br\/arquivo\/category\/materia-vencida\/#listItem","position":2,"name":"Mat\u00e9ria vencida","item":"https:\/\/www.jornalja.com.br\/arquivo\/category\/materia-vencida\/","nextItem":{"@type":"ListItem","@id":"https:\/\/www.jornalja.com.br\/arquivo\/porto-alegre-pode-ficar-mais-10-dias-sem-coletiva-seletiva\/#listItem","name":"Porto Alegre pode ficar mais 10 dias sem coleta seletiva"},"previousItem":{"@type":"ListItem","@id":"https:\/\/www.jornalja.com.br\/arquivo#listItem","name":"Home"}},{"@type":"ListItem","@id":"https:\/\/www.jornalja.com.br\/arquivo\/porto-alegre-pode-ficar-mais-10-dias-sem-coletiva-seletiva\/#listItem","position":3,"name":"Porto Alegre pode ficar mais 10 dias sem coleta seletiva","previousItem":{"@type":"ListItem","@id":"https:\/\/www.jornalja.com.br\/arquivo\/category\/materia-vencida\/#listItem","name":"Mat\u00e9ria vencida"}}]},{"@type":"Organization","@id":"https:\/\/www.jornalja.com.br\/arquivo\/#organization","name":"Jornal J\u00c1","description":"Jornal J\u00c1 | Porto Alegre","url":"https:\/\/www.jornalja.com.br\/arquivo\/","telephone":"+555133307272","logo":{"@type":"ImageObject","url":"https:\/\/www.jornalja.com.br\/wp-content\/uploads\/cards\/JAslogan.png","@id":"https:\/\/www.jornalja.com.br\/arquivo\/porto-alegre-pode-ficar-mais-10-dias-sem-coletiva-seletiva\/#organizationLogo"},"image":{"@id":"https:\/\/www.jornalja.com.br\/arquivo\/porto-alegre-pode-ficar-mais-10-dias-sem-coletiva-seletiva\/#organizationLogo"}},{"@type":"Person","@id":"https:\/\/www.jornalja.com.br\/arquivo\/author\/daredacao\/#author","url":"https:\/\/www.jornalja.com.br\/arquivo\/author\/daredacao\/","name":"da Reda\u00e7\u00e3o","image":{"@type":"ImageObject","@id":"https:\/\/www.jornalja.com.br\/arquivo\/porto-alegre-pode-ficar-mais-10-dias-sem-coletiva-seletiva\/#authorImage","url":"https:\/\/secure.gravatar.com\/avatar\/469fd857d6605ad19919d27ed29d35a968a25f6e8fd9318356bbb7f57aae9c65?s=96&d=mm&r=g","width":96,"height":96,"caption":"da Reda\u00e7\u00e3o"}},{"@type":"WebPage","@id":"https:\/\/www.jornalja.com.br\/arquivo\/porto-alegre-pode-ficar-mais-10-dias-sem-coletiva-seletiva\/#webpage","url":"https:\/\/www.jornalja.com.br\/arquivo\/porto-alegre-pode-ficar-mais-10-dias-sem-coletiva-seletiva\/","name":"Porto Alegre pode ficar mais 10 dias sem coleta seletiva | Arquivo","inLanguage":"pt-BR","isPartOf":{"@id":"https:\/\/www.jornalja.com.br\/arquivo\/#website"},"breadcrumb":{"@id":"https:\/\/www.jornalja.com.br\/arquivo\/porto-alegre-pode-ficar-mais-10-dias-sem-coletiva-seletiva\/#breadcrumblist"},"author":{"@id":"https:\/\/www.jornalja.com.br\/arquivo\/author\/daredacao\/#author"},"creator":{"@id":"https:\/\/www.jornalja.com.br\/arquivo\/author\/daredacao\/#author"},"image":{"@type":"ImageObject","url":56092,"@id":"https:\/\/www.jornalja.com.br\/arquivo\/porto-alegre-pode-ficar-mais-10-dias-sem-coletiva-seletiva\/#mainImage"},"primaryImageOfPage":{"@id":"https:\/\/www.jornalja.com.br\/arquivo\/porto-alegre-pode-ficar-mais-10-dias-sem-coletiva-seletiva\/#mainImage"},"datePublished":"2017-10-06T19:04:18-03:00","dateModified":"2017-10-06T19:04:18-03:00"},{"@type":"WebSite","@id":"https:\/\/www.jornalja.com.br\/arquivo\/#website","url":"https:\/\/www.jornalja.com.br\/arquivo\/","name":"Arquivo","description":"Jornal J\u00c1 | Porto Alegre","inLanguage":"pt-BR","publisher":{"@id":"https:\/\/www.jornalja.com.br\/arquivo\/#organization"}}]},"og:locale":"pt_BR","og:site_name":"Arquivo | Jornal J\u00c1 | Porto Alegre","og:type":"article","og:title":"Porto Alegre pode ficar mais 10 dias sem coleta seletiva | Arquivo","og:url":"https:\/\/www.jornalja.com.br\/arquivo\/porto-alegre-pode-ficar-mais-10-dias-sem-coletiva-seletiva\/","og:image":"https:\/\/www.jornalja.com.br\/economics\/wp-content\/uploads\/sites\/11\/2026\/08\/ja-folhaderosto-facebook.jpg","og:image:secure_url":"https:\/\/www.jornalja.com.br\/economics\/wp-content\/uploads\/sites\/11\/2026\/08\/ja-folhaderosto-facebook.jpg","article:published_time":"2017-10-06T22:04:18+00:00","article:modified_time":"2017-10-06T22:04:18+00:00","twitter:card":"summary","twitter:title":"Porto Alegre pode ficar mais 10 dias sem coleta seletiva | Arquivo","twitter:image":"https:\/\/www.jornalja.com.br\/economics\/wp-content\/uploads\/sites\/11\/2026\/08\/ja-folhaderosto-facebook.jpg"},"aioseo_meta_data":{"post_id":"56090","title":null,"description":null,"keywords":null,"keyphrases":null,"primary_term":null,"canonical_url":null,"og_title":null,"og_description":null,"og_object_type":"default","og_image_type":"default","og_image_url":null,"og_image_width":null,"og_image_height":null,"og_image_custom_url":null,"og_image_custom_fields":null,"og_video":null,"og_custom_url":null,"og_article_section":null,"og_article_tags":null,"twitter_use_og":false,"twitter_card":"default","twitter_image_type":"default","twitter_image_url":null,"twitter_image_custom_url":null,"twitter_image_custom_fields":null,"twitter_title":null,"twitter_description":null,"schema":{"blockGraphs":[],"customGraphs":[],"default":{"data":{"Article":[],"Course":[],"Dataset":[],"FAQPage":[],"Movie":[],"Person":[],"Product":[],"ProductReview":[],"Car":[],"Recipe":[],"Service":[],"SoftwareApplication":[],"WebPage":[]},"graphName":"","isEnabled":true},"graphs":[]},"schema_type":null,"schema_type_options":null,"pillar_content":false,"robots_default":true,"robots_noindex":false,"robots_noarchive":false,"robots_nosnippet":false,"robots_nofollow":false,"robots_noimageindex":false,"robots_noodp":false,"robots_notranslate":false,"robots_max_snippet":null,"robots_max_videopreview":null,"robots_max_imagepreview":"large","priority":null,"frequency":null,"location":null,"local_seo":null,"breadcrumb_settings":null,"limit_modified_date":false,"ai":null,"created":"2020-12-20 20:21:53","updated":"2025-07-20 01:42:38","seo_analyzer_scan_date":null,"focus_keyword":null,"additional_keywords":null,"truseo_locale":null},"jetpack_sharing_enabled":true,"jetpack-related-posts":[{"id":13124,"url":"https:\/\/www.jornalja.com.br\/arquivo\/sangue-latino-no-iecine\/","url_meta":{"origin":56090,"position":0},"title":"Sangue latino no IECINE","author":"da Reda\u00e7\u00e3o","date":"18 de maio de 2014","format":false,"excerpt":"Francisco Ribeiro O Instituto Estadual de Cinema (IECINE) tem a frente, desde abril \u00faltimo, um novo diretor, o cineasta colombiano Juan Zapata, 36, que substitui Luiz Alberto Cassol. Radicado h\u00e1 dez anos em Porto Alegre, Zapata tem diante de si o desafio de conduzir at\u00e9 o final do ano um\u2026","rel":"","context":"Em &quot;Cultura-Geral&quot;","block_context":{"text":"Cultura-Geral","link":"https:\/\/www.jornalja.com.br\/arquivo\/category\/materiasecundaria\/"},"img":{"alt_text":"","src":"","width":0,"height":0},"classes":[]},{"id":5440,"url":"https:\/\/www.jornalja.com.br\/arquivo\/casarao-da-venancio-destino-permanece-incerto\/","url_meta":{"origin":56090,"position":1},"title":"Estado ainda n\u00e3o sabe o que fazer com casar\u00e3o abandonado h\u00e1 20 anos","author":"Elmar Bones","date":"6 de julho de 2009","format":false,"excerpt":"O casar\u00e3o amarelo, numa esquina nobre de Porto Alegre (Ven\u00e2ncio Aires com Jo\u00e3o Pessoa), j\u00e1 abrigou uma escola. H\u00e1 duas d\u00e9cadas, pelo menos, est\u00e1 abandonado, porque seu propriet\u00e1rio, o governo do Estado do Rio Grande do Sul, n\u00e3o consegue achar um destino para ele. Planos n\u00e3o faltaram. O governador Ol\u00edvio\u2026","rel":"","context":"Em &quot;X.Categorias velhas&quot;","block_context":{"text":"X.Categorias velhas","link":"https:\/\/www.jornalja.com.br\/arquivo\/category\/x-categorias-velhas\/"},"img":{"alt_text":"geraldo1","src":"https:\/\/i0.wp.com\/www.jornalja.com.br\/wp-content\/uploads\/2009\/07\/geraldo1.jpg?resize=350%2C200&ssl=1","width":350,"height":200},"classes":[]},{"id":12960,"url":"https:\/\/www.jornalja.com.br\/arquivo\/populacao-culpa-empresas-pela-greve-dos-rodoviarios\/","url_meta":{"origin":56090,"position":2},"title":"Popula\u00e7\u00e3o culpa empresas pela greve","author":"Patr\u00edcia Marini","date":"14 de fevereiro de 2014","format":false,"excerpt":"Pesquisa divulgada na edi\u00e7\u00e3o do jornal Metro desta sexta-feira,14, comprova o velho ditado: \u00e9 poss\u00edvel enganar muitos por algum tempo, mas n\u00e3o \u00e9 poss\u00edvel enganar a todos o tempo inteiro. A principal revela\u00e7\u00e3o foi que 59,8% dos entrevistados apontaram as empresas como as principais respons\u00e1veis pela grave e 46% culparam\u2026","rel":"","context":"Em &quot;X.Categorias velhas&quot;","block_context":{"text":"X.Categorias velhas","link":"https:\/\/www.jornalja.com.br\/arquivo\/category\/x-categorias-velhas\/"},"img":{"alt_text":"","src":"","width":0,"height":0},"classes":[]},{"id":1280,"url":"https:\/\/www.jornalja.com.br\/arquivo\/o-menino-que-se-tornou-brizola\/","url_meta":{"origin":56090,"position":3},"title":"O Menino que se Tornou Brizola","author":"da Reda\u00e7\u00e3o","date":"28 de julho de 2008","format":false,"excerpt":"Autor: Cleber Dioni A vida de Leonel Brizola, com \u00eanfase para os primeiros anos em Porto Alegre, at\u00e9 o ex\u00edlio no Uruguai e a volta, quinze anos depois. \u00a0\"...\u00c9ramos todos jovens e nos identific\u00e1vamos com aquela massa an\u00f4nima a percorrer as ruas de Porto Alegre, gritando 'Get\u00falio', 'Get\u00falio' e empunhando\u2026","rel":"","context":"Em &quot;Livros&quot;","block_context":{"text":"Livros","link":"https:\/\/www.jornalja.com.br\/arquivo\/category\/livros\/"},"img":{"alt_text":"","src":"https:\/\/i0.wp.com\/www.jornalja.com.br\/wp-content\/uploads\/2008\/07\/brizola.gif?resize=350%2C200&ssl=1","width":350,"height":200},"classes":[]},{"id":13240,"url":"https:\/\/www.jornalja.com.br\/arquivo\/plano-diretor-estamos-construindo-o-caos\/","url_meta":{"origin":56090,"position":4},"title":"Plano diretor: &quot;Estamos construindo o caos&quot;","author":"Patr\u00edcia Marini","date":"26 de maio de 2014","format":false,"excerpt":"Desabafo que arquiteta Eliana Castilhos, delegada da Regi\u00e3o de Planejamento 1, postou nas redes sociais \u00e9 um testemunho do ambiente que se criou no Conselho do Plano Diretor de Porto Alegre, onde a aprova\u00e7\u00e3o de grandes empreendimentos \u00e9 empurrada guela abaixo dos conselheiros. Ao CMDUA Como delegada da Regi\u00e3o de\u2026","rel":"","context":"Em &quot;Geral&quot;","block_context":{"text":"Geral","link":"https:\/\/www.jornalja.com.br\/arquivo\/category\/geral\/"},"img":{"alt_text":"","src":"","width":0,"height":0},"classes":[]},{"id":14241,"url":"https:\/\/www.jornalja.com.br\/arquivo\/o-guaiba-nas-imagens-poeticas-de-achutti\/","url_meta":{"origin":56090,"position":5},"title":"O Gua\u00edba nas imagens po\u00e9ticas de Achutti","author":"da Reda\u00e7\u00e3o","date":"18 de junho de 2014","format":false,"excerpt":"Em \u201cO Gua\u00edba por Achutti\u201d \u2013 obra financiada via Minist\u00e9rio da Cultura, produ\u00e7\u00e3o executiva de Pedro Longhi, e Fl\u00e1vio Wild como designer \u2013, o fot\u00f3grafo revela a beleza e as mazelas de um espa\u00e7o aqu\u00e1tico de \u00e1guas sempre renovadas, cheio de hist\u00f3rias e lendas como as das cidades que foram\u2026","rel":"","context":"Em &quot;Cultura-Geral&quot;","block_context":{"text":"Cultura-Geral","link":"https:\/\/www.jornalja.com.br\/arquivo\/category\/materiasecundaria\/"},"img":{"alt_text":"","src":"","width":0,"height":0},"classes":[]}],"jetpack_shortlink":"https:\/\/wp.me\/pbQjBd-eAG","jetpack_featured_media_url":"","_links":{"self":[{"href":"https:\/\/www.jornalja.com.br\/arquivo\/wp-json\/wp\/v2\/posts\/56090","targetHints":{"allow":["GET"]}}],"collection":[{"href":"https:\/\/www.jornalja.com.br\/arquivo\/wp-json\/wp\/v2\/posts"}],"about":[{"href":"https:\/\/www.jornalja.com.br\/arquivo\/wp-json\/wp\/v2\/types\/post"}],"author":[{"embeddable":true,"href":"https:\/\/www.jornalja.com.br\/arquivo\/wp-json\/wp\/v2\/users\/4"}],"replies":[{"embeddable":true,"href":"https:\/\/www.jornalja.com.br\/arquivo\/wp-json\/wp\/v2\/comments?post=56090"}],"version-history":[{"count":0,"href":"https:\/\/www.jornalja.com.br\/arquivo\/wp-json\/wp\/v2\/posts\/56090\/revisions"}],"wp:attachment":[{"href":"https:\/\/www.jornalja.com.br\/arquivo\/wp-json\/wp\/v2\/media?parent=56090"}],"wp:term":[{"taxonomy":"category","embeddable":true,"href":"https:\/\/www.jornalja.com.br\/arquivo\/wp-json\/wp\/v2\/categories?post=56090"},{"taxonomy":"post_tag","embeddable":true,"href":"https:\/\/www.jornalja.com.br\/arquivo\/wp-json\/wp\/v2\/tags?post=56090"}],"curies":[{"name":"wp","href":"https:\/\/api.w.org\/{rel}","templated":true}]}}