{"id":56107,"date":"2017-10-09T12:01:07","date_gmt":"2017-10-09T15:01:07","guid":{"rendered":"https:\/\/www.jornalja.com.br\/?p=56107"},"modified":"2017-10-09T12:01:07","modified_gmt":"2017-10-09T15:01:07","slug":"bancarios-se-mobilizam-para-impedir-privatizacao-dos-bancos-publicos","status":"publish","type":"post","link":"https:\/\/www.jornalja.com.br\/arquivo\/bancarios-se-mobilizam-para-impedir-privatizacao-dos-bancos-publicos\/","title":{"rendered":"Banc\u00e1rios se mobilizam para impedir privatiza\u00e7\u00e3o dos bancos p\u00fablicos"},"content":{"rendered":"<p>Os banc\u00e1rios ga\u00fachos est\u00e3o atentos ao projeto de privatiza\u00e7\u00e3o do Banrisul e de outros bancos p\u00fablicos.\u00a0<span style=\"font-weight: 300\">Os trabalhadores preparam uma mobiliza\u00e7\u00e3o nesta segunda-feira, 09\/10, para mostrar que entregar os bancos p\u00fablicos n\u00e3o vai ser f\u00e1cil para os governos Temer e Sartori.<\/span><br \/>\nA partir das 16h, em frente \u00e0 sede da Dire\u00e7\u00e3o Geral (DG) do Banrisul, no Centro de Porto Alegre, o SindBanc\u00e1rios e a Fetrafi-RS convocam os Banrisulenses para a Mobiliza\u00e7\u00e3o em Defesa do Banrisul P\u00fablico.<br \/>\nAp\u00f3s essa mobiliza\u00e7\u00e3o, os banc\u00e1rios sair\u00e3o em caminhada para o Lan\u00e7amento da Frente Parlamentar Mista em Defesa dos Bancos P\u00fablicos, que come\u00e7a \u00e0s 18h30, na sede da Fetrafi-RS.<br \/>\nA Frente Parlamentar Mista em Defesa dos Bancos P\u00fablicos foi criada em 13 de junho no Senado Federal. O senador Lindbergh Farias (PT-RJ) \u00e9 o autor do projeto que criou a Frente, a partir da iniciativa de entidades que integram o Comit\u00ea Nacional em Defesa das Empresas P\u00fablicas.<br \/>\nNa C\u00e2mara dos Deputados, o coordenador dos trabalhos \u00e9 o deputado federal Z\u00e9 Carlos (PT-MA). A Frente, portanto, \u00e9 composta por deputados federais e senadores que t\u00eam compromisso com a defesa dos bancos p\u00fablicos e com seu papel de desenvolvimento econ\u00f4mico e social.<br \/>\n\u201cCom a chegada dos governos do PMDB, o que era ruim para os bancos p\u00fablicos ficou ainda pior. Aqui no Rio Grande do Sul, desde 2015, avisamos que o Sartori tinha um projeto ideol\u00f3gico e pol\u00edtico. A estrat\u00e9gia dele nesse tempo todo \u00e9 ficar dizendo que o Estado est\u00e1 quebrado e que a venda do patrim\u00f4nio p\u00fablico \u00e9 a chave para a sa\u00edda da crise. Isso n\u00e3o \u00e9 verdade. O Banrisul, BRDE, Badesul s\u00e3o bancos que investem no Estado. O Banrisul repassa dividendos ao Estado que \u00e9 seu maior acionista. O BRDE e o Badesul financiam mais de 300 prefeituras no Estado com recursos para asfalto, educa\u00e7\u00e3o e gera\u00e7\u00e3o de emprego\u201d, explica o presidente do SindBanc\u00e1rios, Everton Gimenis.<br \/>\n<span class=\"intertit\">Duro golpe<\/span><br \/>\nNa \u00faltima semana, o Banrisul levou um duro golpe com o acirramento da reestrutura\u00e7\u00e3o. O an\u00fancio da venda de a\u00e7\u00f5es pelo governo Sartori e o fechamento de nove das 13 ag\u00eancias em S\u00e3o Paulo, Rio de Janeiro, Bahia e Curitiba.<br \/>\n\u201cA venda de a\u00e7\u00f5es est\u00e1 abrindo espa\u00e7o para a coloca\u00e7\u00e3o de dois agentes do mercado, segundo informa o pr\u00f3prio governo do Estado, no Conselho de Administra\u00e7\u00e3o do Banrisul. O fechamento de ag\u00eancias, a interfer\u00eancia de agentes do setor privado nas decis\u00f5es do banco e a venda de a\u00e7\u00f5es configuram um processo de sucateamento do banco para facilitar uma posterior venda. Isso tudo tem a ver com a entrada no Regime de Recupera\u00e7\u00e3o Fiscal, um p\u00e9ssimo neg\u00f3cio para o Estado, e que foi criado por um banqueiro do governo Temer\u201d, acrescenta Gimenis.<br \/>\nO presidente do Sindicato se refere ao ministro da Fazenda, Henrique Meirelles. Foi ele que assinou o projeto de lei que criou o Regime de Recupera\u00e7\u00e3o Fiscal.<br \/>\nPara ingressar nesse Regime, o governo do Estado precisa dar contrapartidas, como a venda de empresas p\u00fablicas. O RS fica sem pagar a d\u00edvida com a Uni\u00e3o por tr\u00eas anos. Mas, enquanto isso, a estoque da d\u00edvida vai crescer e pode passar de R$ 50 bilh\u00f5es a R$ 80 bilh\u00f5es at\u00e9 2020, quando termina a car\u00eancia.<br \/>\nH\u00e1 outras sa\u00eddas. Uma delas \u00e9 o encontro de contas. Trata-se de apurar a d\u00edvida que a Uni\u00e3o tem com o Estado por n\u00e3o repassar cr\u00e9ditos da Lei Kandir e abater daquilo o que o Estado deve \u00e0 Uni\u00e3o.<br \/>\nH\u00e1, inclusive, uma A\u00e7\u00e3o Direta de Inconstitucionalidade (ADIN), interposta por 15 estados, entre eles o Rio Grande do Sul, que prop\u00f5e essa sa\u00edda para a crise financeira.<br \/>\nO STF, em novembro passado, definiu em sess\u00e3o que a C\u00e2mara dos Deputados tem at\u00e9 o dia 30 de novembro pr\u00f3ximo para criar uma Lei que regulamente um calend\u00e1rio de repasses de cr\u00e9ditos da Lei Kandir da Uni\u00e3o para os Estados. \u201cV\u00e1rias entidades p\u00fablicas e de representantes dos trabalhadores apresentam n\u00fameros que mostram que a d\u00edvida do Rio Grande do Sul com a Uni\u00e3o pode cair em at\u00e9 10 vezes. Se hoje devemos R$ 50 bilh\u00f5es, ter\u00edamos R$ 45 bilh\u00f5es para receber. Basta vontade pol\u00edtica do governo do Estado ir cobrar essa d\u00edvida. N\u00e3o precisa vender patrim\u00f4nio p\u00fablico\u201d, finaliza Gimenis.<br \/>\n<figure id=\"attachment_56110\" aria-describedby=\"caption-attachment-56110\" style=\"width: 388px\" class=\"wp-caption alignnone\"><img loading=\"lazy\" decoding=\"async\" class=\"size-medium wp-image-56110\" src=\"https:\/\/www.jornalja.com.br\/wp-content\/uploads\/2017\/10\/card_mobiliza_web-1-388x400.jpg\" alt=\"\" width=\"388\" height=\"400\" \/><figcaption id=\"caption-attachment-56110\" class=\"wp-caption-text\">Cartaz dos atos contra a privatiza\u00e7\u00e3o de bancos p\u00fablicos<\/figcaption><\/figure><br \/>\n<span class=\"intertit\">Agenda de Mobiliza\u00e7\u00e3o<\/span><br \/>\n16h &#8211; Mobiliza\u00e7\u00e3o em Defesa do Banrisul em frente \u00e0 sede da Dire\u00e7\u00e3o Geral (DG) do Banrisul (Rua Caldas Junior, 108, Centro Hist\u00f3rico de Porto Alegre).<br \/>\n17h &#8211; Caminhada at\u00e9 a sede da Fetrafi-RS.<br \/>\n18h30: Lan\u00e7amento da Frente Parlamentar Mista em Defesa dos Bancos P\u00fablicos. (Audit\u00f3rio da Fetrafi-RS, Rua Fernando Machado, 820, Centro Hist\u00f3rico de Porto Alegre)<br \/>\n<em>Com informa\u00e7\u00f5es do SindBanc\u00e1rios<\/em><\/p>\n","protected":false},"excerpt":{"rendered":"<p>Os banc\u00e1rios ga\u00fachos est\u00e3o atentos ao projeto de privatiza\u00e7\u00e3o do Banrisul e de outros bancos p\u00fablicos.\u00a0Os trabalhadores preparam uma mobiliza\u00e7\u00e3o nesta segunda-feira, 09\/10, para mostrar que entregar os bancos p\u00fablicos n\u00e3o vai ser f\u00e1cil para os governos Temer e Sartori. A partir das 16h, em frente \u00e0 sede da Dire\u00e7\u00e3o Geral (DG) do Banrisul, no [&hellip;]<\/p>\n","protected":false},"author":4,"featured_media":56116,"comment_status":"open","ping_status":"closed","sticky":false,"template":"","format":"standard","meta":{"_jetpack_newsletter_access":"","_jetpack_dont_email_post_to_subs":false,"_jetpack_newsletter_tier_id":0,"_jetpack_memberships_contains_paywalled_content":false,"_jetpack_feature_clip_id":0,"_jetpack_memberships_contains_paid_content":false,"footnotes":"","jetpack_post_was_ever_published":false},"categories":[26],"tags":[],"class_list":["post-56107","post","type-post","status-publish","format-standard","has-post-thumbnail","hentry","category-geral"],"aioseo_notices":[],"aioseo_head":"\n\t\t<!-- All in One SEO 5.0.1.1 - aioseo.com -->\n\t<meta name=\"robots\" content=\"max-image-preview:large\" \/>\n\t<meta name=\"author\" content=\"da Reda\u00e7\u00e3o\"\/>\n\t<link rel=\"canonical\" href=\"https:\/\/www.jornalja.com.br\/arquivo\/bancarios-se-mobilizam-para-impedir-privatizacao-dos-bancos-publicos\/\" \/>\n\t<meta name=\"generator\" content=\"All in One SEO (AIOSEO) 5.0.1.1\" \/>\n\t\t<meta property=\"og:locale\" content=\"pt_BR\" \/>\n\t\t<meta property=\"og:site_name\" content=\"Arquivo | Jornal J\u00c1 | Porto Alegre\" \/>\n\t\t<meta property=\"og:type\" content=\"article\" \/>\n\t\t<meta property=\"og:title\" content=\"Banc\u00e1rios se mobilizam para impedir privatiza\u00e7\u00e3o dos bancos p\u00fablicos | Arquivo\" \/>\n\t\t<meta property=\"og:url\" content=\"https:\/\/www.jornalja.com.br\/arquivo\/bancarios-se-mobilizam-para-impedir-privatizacao-dos-bancos-publicos\/\" \/>\n\t\t<meta property=\"og:image\" content=\"https:\/\/www.jornalja.com.br\/wp-content\/uploads\/2017\/10\/card_mobiliza_web-1-388x400.jpg\" \/>\n\t\t<meta property=\"og:image:secure_url\" content=\"https:\/\/www.jornalja.com.br\/wp-content\/uploads\/2017\/10\/card_mobiliza_web-1-388x400.jpg\" \/>\n\t\t<meta property=\"article:published_time\" content=\"2017-10-09T15:01:07+00:00\" \/>\n\t\t<meta property=\"article:modified_time\" content=\"2017-10-09T15:01:07+00:00\" \/>\n\t\t<meta name=\"twitter:card\" content=\"summary\" \/>\n\t\t<meta name=\"twitter:title\" content=\"Banc\u00e1rios se mobilizam para impedir privatiza\u00e7\u00e3o dos bancos p\u00fablicos | Arquivo\" \/>\n\t\t<meta name=\"twitter:image\" content=\"https:\/\/www.jornalja.com.br\/economics\/wp-content\/uploads\/sites\/11\/2026\/08\/ja-folhaderosto-facebook.jpg\" \/>\n\t\t<script type=\"application\/ld+json\" class=\"aioseo-schema\">\n\t\t\t{\"@context\":\"https:\\\/\\\/schema.org\",\"@graph\":[{\"@type\":\"BlogPosting\",\"@id\":\"https:\\\/\\\/www.jornalja.com.br\\\/arquivo\\\/bancarios-se-mobilizam-para-impedir-privatizacao-dos-bancos-publicos\\\/#blogposting\",\"name\":\"Banc\\u00e1rios se mobilizam para impedir privatiza\\u00e7\\u00e3o dos bancos p\\u00fablicos | Arquivo\",\"headline\":\"Banc\\u00e1rios se mobilizam para impedir privatiza\\u00e7\\u00e3o dos bancos p\\u00fablicos\",\"author\":{\"@id\":\"https:\\\/\\\/www.jornalja.com.br\\\/arquivo\\\/author\\\/daredacao\\\/#author\"},\"publisher\":{\"@id\":\"https:\\\/\\\/www.jornalja.com.br\\\/arquivo\\\/#organization\"},\"image\":{\"@type\":\"ImageObject\",\"url\":56116},\"datePublished\":\"2017-10-09T12:01:07-03:00\",\"dateModified\":\"2017-10-09T12:01:07-03:00\",\"inLanguage\":\"pt-BR\",\"mainEntityOfPage\":{\"@id\":\"https:\\\/\\\/www.jornalja.com.br\\\/arquivo\\\/bancarios-se-mobilizam-para-impedir-privatizacao-dos-bancos-publicos\\\/#webpage\"},\"isPartOf\":{\"@id\":\"https:\\\/\\\/www.jornalja.com.br\\\/arquivo\\\/bancarios-se-mobilizam-para-impedir-privatizacao-dos-bancos-publicos\\\/#webpage\"},\"articleSection\":\"Geral\"},{\"@type\":\"BreadcrumbList\",\"@id\":\"https:\\\/\\\/www.jornalja.com.br\\\/arquivo\\\/bancarios-se-mobilizam-para-impedir-privatizacao-dos-bancos-publicos\\\/#breadcrumblist\",\"itemListElement\":[{\"@type\":\"ListItem\",\"@id\":\"https:\\\/\\\/www.jornalja.com.br\\\/arquivo#listItem\",\"position\":1,\"name\":\"Home\",\"item\":\"https:\\\/\\\/www.jornalja.com.br\\\/arquivo\",\"nextItem\":{\"@type\":\"ListItem\",\"@id\":\"https:\\\/\\\/www.jornalja.com.br\\\/arquivo\\\/category\\\/geral\\\/#listItem\",\"name\":\"Geral\"}},{\"@type\":\"ListItem\",\"@id\":\"https:\\\/\\\/www.jornalja.com.br\\\/arquivo\\\/category\\\/geral\\\/#listItem\",\"position\":2,\"name\":\"Geral\",\"item\":\"https:\\\/\\\/www.jornalja.com.br\\\/arquivo\\\/category\\\/geral\\\/\",\"nextItem\":{\"@type\":\"ListItem\",\"@id\":\"https:\\\/\\\/www.jornalja.com.br\\\/arquivo\\\/bancarios-se-mobilizam-para-impedir-privatizacao-dos-bancos-publicos\\\/#listItem\",\"name\":\"Banc\\u00e1rios se mobilizam para impedir privatiza\\u00e7\\u00e3o dos bancos p\\u00fablicos\"},\"previousItem\":{\"@type\":\"ListItem\",\"@id\":\"https:\\\/\\\/www.jornalja.com.br\\\/arquivo#listItem\",\"name\":\"Home\"}},{\"@type\":\"ListItem\",\"@id\":\"https:\\\/\\\/www.jornalja.com.br\\\/arquivo\\\/bancarios-se-mobilizam-para-impedir-privatizacao-dos-bancos-publicos\\\/#listItem\",\"position\":3,\"name\":\"Banc\\u00e1rios se mobilizam para impedir privatiza\\u00e7\\u00e3o dos bancos p\\u00fablicos\",\"previousItem\":{\"@type\":\"ListItem\",\"@id\":\"https:\\\/\\\/www.jornalja.com.br\\\/arquivo\\\/category\\\/geral\\\/#listItem\",\"name\":\"Geral\"}}]},{\"@type\":\"Organization\",\"@id\":\"https:\\\/\\\/www.jornalja.com.br\\\/arquivo\\\/#organization\",\"name\":\"Jornal J\\u00c1\",\"description\":\"Jornal J\\u00c1 | Porto Alegre\",\"url\":\"https:\\\/\\\/www.jornalja.com.br\\\/arquivo\\\/\",\"telephone\":\"+555133307272\",\"logo\":{\"@type\":\"ImageObject\",\"url\":\"https:\\\/\\\/www.jornalja.com.br\\\/wp-content\\\/uploads\\\/cards\\\/JAslogan.png\",\"@id\":\"https:\\\/\\\/www.jornalja.com.br\\\/arquivo\\\/bancarios-se-mobilizam-para-impedir-privatizacao-dos-bancos-publicos\\\/#organizationLogo\"},\"image\":{\"@id\":\"https:\\\/\\\/www.jornalja.com.br\\\/arquivo\\\/bancarios-se-mobilizam-para-impedir-privatizacao-dos-bancos-publicos\\\/#organizationLogo\"}},{\"@type\":\"Person\",\"@id\":\"https:\\\/\\\/www.jornalja.com.br\\\/arquivo\\\/author\\\/daredacao\\\/#author\",\"url\":\"https:\\\/\\\/www.jornalja.com.br\\\/arquivo\\\/author\\\/daredacao\\\/\",\"name\":\"da Reda\\u00e7\\u00e3o\",\"image\":{\"@type\":\"ImageObject\",\"@id\":\"https:\\\/\\\/www.jornalja.com.br\\\/arquivo\\\/bancarios-se-mobilizam-para-impedir-privatizacao-dos-bancos-publicos\\\/#authorImage\",\"url\":\"https:\\\/\\\/secure.gravatar.com\\\/avatar\\\/469fd857d6605ad19919d27ed29d35a968a25f6e8fd9318356bbb7f57aae9c65?s=96&d=mm&r=g\",\"width\":96,\"height\":96,\"caption\":\"da Reda\\u00e7\\u00e3o\"}},{\"@type\":\"WebPage\",\"@id\":\"https:\\\/\\\/www.jornalja.com.br\\\/arquivo\\\/bancarios-se-mobilizam-para-impedir-privatizacao-dos-bancos-publicos\\\/#webpage\",\"url\":\"https:\\\/\\\/www.jornalja.com.br\\\/arquivo\\\/bancarios-se-mobilizam-para-impedir-privatizacao-dos-bancos-publicos\\\/\",\"name\":\"Banc\\u00e1rios se mobilizam para impedir privatiza\\u00e7\\u00e3o dos bancos p\\u00fablicos | Arquivo\",\"inLanguage\":\"pt-BR\",\"isPartOf\":{\"@id\":\"https:\\\/\\\/www.jornalja.com.br\\\/arquivo\\\/#website\"},\"breadcrumb\":{\"@id\":\"https:\\\/\\\/www.jornalja.com.br\\\/arquivo\\\/bancarios-se-mobilizam-para-impedir-privatizacao-dos-bancos-publicos\\\/#breadcrumblist\"},\"author\":{\"@id\":\"https:\\\/\\\/www.jornalja.com.br\\\/arquivo\\\/author\\\/daredacao\\\/#author\"},\"creator\":{\"@id\":\"https:\\\/\\\/www.jornalja.com.br\\\/arquivo\\\/author\\\/daredacao\\\/#author\"},\"image\":{\"@type\":\"ImageObject\",\"url\":56116,\"@id\":\"https:\\\/\\\/www.jornalja.com.br\\\/arquivo\\\/bancarios-se-mobilizam-para-impedir-privatizacao-dos-bancos-publicos\\\/#mainImage\"},\"primaryImageOfPage\":{\"@id\":\"https:\\\/\\\/www.jornalja.com.br\\\/arquivo\\\/bancarios-se-mobilizam-para-impedir-privatizacao-dos-bancos-publicos\\\/#mainImage\"},\"datePublished\":\"2017-10-09T12:01:07-03:00\",\"dateModified\":\"2017-10-09T12:01:07-03:00\"},{\"@type\":\"WebSite\",\"@id\":\"https:\\\/\\\/www.jornalja.com.br\\\/arquivo\\\/#website\",\"url\":\"https:\\\/\\\/www.jornalja.com.br\\\/arquivo\\\/\",\"name\":\"Arquivo\",\"description\":\"Jornal J\\u00c1 | Porto Alegre\",\"inLanguage\":\"pt-BR\",\"publisher\":{\"@id\":\"https:\\\/\\\/www.jornalja.com.br\\\/arquivo\\\/#organization\"}}]}\n\t\t<\/script>\n\t\t<!-- All in One SEO -->\n\n","aioseo_head_json":{"title":"Banc\u00e1rios se mobilizam para impedir privatiza\u00e7\u00e3o dos bancos p\u00fablicos | Arquivo","description":"","canonical_url":"https:\/\/www.jornalja.com.br\/arquivo\/bancarios-se-mobilizam-para-impedir-privatizacao-dos-bancos-publicos\/","robots":"max-image-preview:large","keywords":"","webmasterTools":{"miscellaneous":""},"schema":{"@context":"https:\/\/schema.org","@graph":[{"@type":"BlogPosting","@id":"https:\/\/www.jornalja.com.br\/arquivo\/bancarios-se-mobilizam-para-impedir-privatizacao-dos-bancos-publicos\/#blogposting","name":"Banc\u00e1rios se mobilizam para impedir privatiza\u00e7\u00e3o dos bancos p\u00fablicos | Arquivo","headline":"Banc\u00e1rios se mobilizam para impedir privatiza\u00e7\u00e3o dos bancos p\u00fablicos","author":{"@id":"https:\/\/www.jornalja.com.br\/arquivo\/author\/daredacao\/#author"},"publisher":{"@id":"https:\/\/www.jornalja.com.br\/arquivo\/#organization"},"image":{"@type":"ImageObject","url":56116},"datePublished":"2017-10-09T12:01:07-03:00","dateModified":"2017-10-09T12:01:07-03:00","inLanguage":"pt-BR","mainEntityOfPage":{"@id":"https:\/\/www.jornalja.com.br\/arquivo\/bancarios-se-mobilizam-para-impedir-privatizacao-dos-bancos-publicos\/#webpage"},"isPartOf":{"@id":"https:\/\/www.jornalja.com.br\/arquivo\/bancarios-se-mobilizam-para-impedir-privatizacao-dos-bancos-publicos\/#webpage"},"articleSection":"Geral"},{"@type":"BreadcrumbList","@id":"https:\/\/www.jornalja.com.br\/arquivo\/bancarios-se-mobilizam-para-impedir-privatizacao-dos-bancos-publicos\/#breadcrumblist","itemListElement":[{"@type":"ListItem","@id":"https:\/\/www.jornalja.com.br\/arquivo#listItem","position":1,"name":"Home","item":"https:\/\/www.jornalja.com.br\/arquivo","nextItem":{"@type":"ListItem","@id":"https:\/\/www.jornalja.com.br\/arquivo\/category\/geral\/#listItem","name":"Geral"}},{"@type":"ListItem","@id":"https:\/\/www.jornalja.com.br\/arquivo\/category\/geral\/#listItem","position":2,"name":"Geral","item":"https:\/\/www.jornalja.com.br\/arquivo\/category\/geral\/","nextItem":{"@type":"ListItem","@id":"https:\/\/www.jornalja.com.br\/arquivo\/bancarios-se-mobilizam-para-impedir-privatizacao-dos-bancos-publicos\/#listItem","name":"Banc\u00e1rios se mobilizam para impedir privatiza\u00e7\u00e3o dos bancos p\u00fablicos"},"previousItem":{"@type":"ListItem","@id":"https:\/\/www.jornalja.com.br\/arquivo#listItem","name":"Home"}},{"@type":"ListItem","@id":"https:\/\/www.jornalja.com.br\/arquivo\/bancarios-se-mobilizam-para-impedir-privatizacao-dos-bancos-publicos\/#listItem","position":3,"name":"Banc\u00e1rios se mobilizam para impedir privatiza\u00e7\u00e3o dos bancos p\u00fablicos","previousItem":{"@type":"ListItem","@id":"https:\/\/www.jornalja.com.br\/arquivo\/category\/geral\/#listItem","name":"Geral"}}]},{"@type":"Organization","@id":"https:\/\/www.jornalja.com.br\/arquivo\/#organization","name":"Jornal J\u00c1","description":"Jornal J\u00c1 | Porto Alegre","url":"https:\/\/www.jornalja.com.br\/arquivo\/","telephone":"+555133307272","logo":{"@type":"ImageObject","url":"https:\/\/www.jornalja.com.br\/wp-content\/uploads\/cards\/JAslogan.png","@id":"https:\/\/www.jornalja.com.br\/arquivo\/bancarios-se-mobilizam-para-impedir-privatizacao-dos-bancos-publicos\/#organizationLogo"},"image":{"@id":"https:\/\/www.jornalja.com.br\/arquivo\/bancarios-se-mobilizam-para-impedir-privatizacao-dos-bancos-publicos\/#organizationLogo"}},{"@type":"Person","@id":"https:\/\/www.jornalja.com.br\/arquivo\/author\/daredacao\/#author","url":"https:\/\/www.jornalja.com.br\/arquivo\/author\/daredacao\/","name":"da Reda\u00e7\u00e3o","image":{"@type":"ImageObject","@id":"https:\/\/www.jornalja.com.br\/arquivo\/bancarios-se-mobilizam-para-impedir-privatizacao-dos-bancos-publicos\/#authorImage","url":"https:\/\/secure.gravatar.com\/avatar\/469fd857d6605ad19919d27ed29d35a968a25f6e8fd9318356bbb7f57aae9c65?s=96&d=mm&r=g","width":96,"height":96,"caption":"da Reda\u00e7\u00e3o"}},{"@type":"WebPage","@id":"https:\/\/www.jornalja.com.br\/arquivo\/bancarios-se-mobilizam-para-impedir-privatizacao-dos-bancos-publicos\/#webpage","url":"https:\/\/www.jornalja.com.br\/arquivo\/bancarios-se-mobilizam-para-impedir-privatizacao-dos-bancos-publicos\/","name":"Banc\u00e1rios se mobilizam para impedir privatiza\u00e7\u00e3o dos bancos p\u00fablicos | Arquivo","inLanguage":"pt-BR","isPartOf":{"@id":"https:\/\/www.jornalja.com.br\/arquivo\/#website"},"breadcrumb":{"@id":"https:\/\/www.jornalja.com.br\/arquivo\/bancarios-se-mobilizam-para-impedir-privatizacao-dos-bancos-publicos\/#breadcrumblist"},"author":{"@id":"https:\/\/www.jornalja.com.br\/arquivo\/author\/daredacao\/#author"},"creator":{"@id":"https:\/\/www.jornalja.com.br\/arquivo\/author\/daredacao\/#author"},"image":{"@type":"ImageObject","url":56116,"@id":"https:\/\/www.jornalja.com.br\/arquivo\/bancarios-se-mobilizam-para-impedir-privatizacao-dos-bancos-publicos\/#mainImage"},"primaryImageOfPage":{"@id":"https:\/\/www.jornalja.com.br\/arquivo\/bancarios-se-mobilizam-para-impedir-privatizacao-dos-bancos-publicos\/#mainImage"},"datePublished":"2017-10-09T12:01:07-03:00","dateModified":"2017-10-09T12:01:07-03:00"},{"@type":"WebSite","@id":"https:\/\/www.jornalja.com.br\/arquivo\/#website","url":"https:\/\/www.jornalja.com.br\/arquivo\/","name":"Arquivo","description":"Jornal J\u00c1 | Porto Alegre","inLanguage":"pt-BR","publisher":{"@id":"https:\/\/www.jornalja.com.br\/arquivo\/#organization"}}]},"og:locale":"pt_BR","og:site_name":"Arquivo | Jornal J\u00c1 | Porto Alegre","og:type":"article","og:title":"Banc\u00e1rios se mobilizam para impedir privatiza\u00e7\u00e3o dos bancos p\u00fablicos | Arquivo","og:url":"https:\/\/www.jornalja.com.br\/arquivo\/bancarios-se-mobilizam-para-impedir-privatizacao-dos-bancos-publicos\/","og:image":"https:\/\/www.jornalja.com.br\/wp-content\/uploads\/2017\/10\/card_mobiliza_web-1-388x400.jpg","og:image:secure_url":"https:\/\/www.jornalja.com.br\/wp-content\/uploads\/2017\/10\/card_mobiliza_web-1-388x400.jpg","article:published_time":"2017-10-09T15:01:07+00:00","article:modified_time":"2017-10-09T15:01:07+00:00","twitter:card":"summary","twitter:title":"Banc\u00e1rios se mobilizam para impedir privatiza\u00e7\u00e3o dos bancos p\u00fablicos | Arquivo","twitter:image":"https:\/\/www.jornalja.com.br\/economics\/wp-content\/uploads\/sites\/11\/2026\/08\/ja-folhaderosto-facebook.jpg"},"aioseo_meta_data":{"post_id":"56107","title":null,"description":null,"keywords":null,"keyphrases":null,"primary_term":null,"canonical_url":null,"og_title":null,"og_description":null,"og_object_type":"default","og_image_type":"default","og_image_url":null,"og_image_width":null,"og_image_height":null,"og_image_custom_url":null,"og_image_custom_fields":null,"og_video":null,"og_custom_url":null,"og_article_section":null,"og_article_tags":null,"twitter_use_og":false,"twitter_card":"default","twitter_image_type":"default","twitter_image_url":null,"twitter_image_custom_url":null,"twitter_image_custom_fields":null,"twitter_title":null,"twitter_description":null,"schema":{"blockGraphs":[],"customGraphs":[],"default":{"data":{"Article":[],"Course":[],"Dataset":[],"FAQPage":[],"Movie":[],"Person":[],"Product":[],"ProductReview":[],"Car":[],"Recipe":[],"Service":[],"SoftwareApplication":[],"WebPage":[]},"graphName":"","isEnabled":true},"graphs":[],"defaultGraph":"","defaultPostTypeGraph":""},"schema_type":null,"schema_type_options":null,"pillar_content":false,"robots_default":true,"robots_noindex":false,"robots_noarchive":false,"robots_nosnippet":false,"robots_nofollow":false,"robots_noimageindex":false,"robots_noodp":false,"robots_notranslate":false,"robots_max_snippet":null,"robots_max_videopreview":null,"robots_max_imagepreview":"large","priority":null,"frequency":null,"location":null,"local_seo":null,"breadcrumb_settings":null,"limit_modified_date":false,"ai":null,"created":"2020-12-20 20:21:53","updated":"2025-07-20 01:42:38","seo_analyzer_scan_date":null,"focus_keyword":null,"additional_keywords":null,"truseo_locale":null},"jetpack_sharing_enabled":true,"jetpack-related-posts":[{"id":5440,"url":"https:\/\/www.jornalja.com.br\/arquivo\/casarao-da-venancio-destino-permanece-incerto\/","url_meta":{"origin":56107,"position":0},"title":"Estado ainda n\u00e3o sabe o que fazer com casar\u00e3o abandonado h\u00e1 20 anos","author":"Elmar Bones","date":"6 de julho de 2009","format":false,"excerpt":"O casar\u00e3o amarelo, numa esquina nobre de Porto Alegre (Ven\u00e2ncio Aires com Jo\u00e3o Pessoa), j\u00e1 abrigou uma escola. H\u00e1 duas d\u00e9cadas, pelo menos, est\u00e1 abandonado, porque seu propriet\u00e1rio, o governo do Estado do Rio Grande do Sul, n\u00e3o consegue achar um destino para ele. Planos n\u00e3o faltaram. O governador Ol\u00edvio\u2026","rel":"","context":"Em &quot;X.Categorias velhas&quot;","block_context":{"text":"X.Categorias velhas","link":"https:\/\/www.jornalja.com.br\/arquivo\/category\/x-categorias-velhas\/"},"img":{"alt_text":"geraldo1","src":"https:\/\/i0.wp.com\/www.jornalja.com.br\/wp-content\/uploads\/2009\/07\/geraldo1.jpg?resize=350%2C200&ssl=1","width":350,"height":200},"classes":[]},{"id":13128,"url":"https:\/\/www.jornalja.com.br\/arquivo\/maconha-terra-diz-que-uso-medicinal-e-desculpa\/","url_meta":{"origin":56107,"position":1},"title":"Maconha: Terra diz que uso medicinal \u00e9 desculpa","author":"Patr\u00edcia Marini","date":"4 de junho de 2014","format":false,"excerpt":"A condi\u00e7\u00e3o de pol\u00edtico, em \u00e9poca de campanha de campanha eleitoral, tira for\u00e7a do discurso do m\u00e9dico Osmar Terra contra a legaliza\u00e7\u00e3o da maconha. A tese dele de que a libera\u00e7\u00e3o vai ampliar exponencialmente o consumo \u00e9 discutivel, o consumo \u00e9 corrente. Mas seus alertas quanto aos riscos tem que\u2026","rel":"","context":"Em &quot;X.Categorias velhas&quot;","block_context":{"text":"X.Categorias velhas","link":"https:\/\/www.jornalja.com.br\/arquivo\/category\/x-categorias-velhas\/"},"img":{"alt_text":"","src":"","width":0,"height":0},"classes":[]},{"id":13109,"url":"https:\/\/www.jornalja.com.br\/arquivo\/judiciario-reconhece-poluicao-eletromagnetica\/","url_meta":{"origin":56107,"position":2},"title":"Judici\u00e1rio reconhece polui\u00e7\u00e3o eletromagn\u00e9tica","author":"Patr\u00edcia Marini","date":"16 de maio de 2014","format":false,"excerpt":"A\u00e7\u00e3o de duas associa\u00e7\u00f5es de moradores foi acolhida pelo Tribunal de Justi\u00e7a de S\u00e3o Paulo que. em decis\u00e3o in\u00e9dita, determinou a redu\u00e7\u00e3o do campo eletromagn\u00e9tico gerado pelas linhas de transmiss\u00e3o de energia que cortam os bairros City Boa\u00e7ava e Alto de Pinheiros. \u00c9 a primeira vez que um tribunal do\u2026","rel":"","context":"Em &quot;X.Categorias velhas&quot;","block_context":{"text":"X.Categorias velhas","link":"https:\/\/www.jornalja.com.br\/arquivo\/category\/x-categorias-velhas\/"},"img":{"alt_text":"","src":"","width":0,"height":0},"classes":[]},{"id":13124,"url":"https:\/\/www.jornalja.com.br\/arquivo\/sangue-latino-no-iecine\/","url_meta":{"origin":56107,"position":3},"title":"Sangue latino no IECINE","author":"da Reda\u00e7\u00e3o","date":"18 de maio de 2014","format":false,"excerpt":"Francisco Ribeiro O Instituto Estadual de Cinema (IECINE) tem a frente, desde abril \u00faltimo, um novo diretor, o cineasta colombiano Juan Zapata, 36, que substitui Luiz Alberto Cassol. Radicado h\u00e1 dez anos em Porto Alegre, Zapata tem diante de si o desafio de conduzir at\u00e9 o final do ano um\u2026","rel":"","context":"Em &quot;Cultura-Geral&quot;","block_context":{"text":"Cultura-Geral","link":"https:\/\/www.jornalja.com.br\/arquivo\/category\/materiasecundaria\/"},"img":{"alt_text":"","src":"","width":0,"height":0},"classes":[]},{"id":13101,"url":"https:\/\/www.jornalja.com.br\/arquivo\/morre-um-guerreiro-do-texto\/","url_meta":{"origin":56107,"position":4},"title":"Morre um guerreiro do texto","author":"Patr\u00edcia Marini","date":"14 de maio de 2014","format":false,"excerpt":"Por Ricardo Kotscho Reproduzido do blog do autor, 11\/5\/2014; t\u00edtulo original \u201cE l\u00e1 se foi o nosso Myltainho, guerreiro do texto\u201d. Mi\u00fado e franzino, meu amigo Myltainho era um valente e inconformado guerreiro na luta contra as injusti\u00e7as sociais, a hipocrisia, as maracutaias, o autoritarismo, a intoler\u00e2ncia, a viol\u00eancia, o\u2026","rel":"","context":"Em &quot;Geral&quot;","block_context":{"text":"Geral","link":"https:\/\/www.jornalja.com.br\/arquivo\/category\/geral\/"},"img":{"alt_text":"","src":"","width":0,"height":0},"classes":[]},{"id":14241,"url":"https:\/\/www.jornalja.com.br\/arquivo\/o-guaiba-nas-imagens-poeticas-de-achutti\/","url_meta":{"origin":56107,"position":5},"title":"O Gua\u00edba nas imagens po\u00e9ticas de Achutti","author":"da Reda\u00e7\u00e3o","date":"18 de junho de 2014","format":false,"excerpt":"Em \u201cO Gua\u00edba por Achutti\u201d \u2013 obra financiada via Minist\u00e9rio da Cultura, produ\u00e7\u00e3o executiva de Pedro Longhi, e Fl\u00e1vio Wild como designer \u2013, o fot\u00f3grafo revela a beleza e as mazelas de um espa\u00e7o aqu\u00e1tico de \u00e1guas sempre renovadas, cheio de hist\u00f3rias e lendas como as das cidades que foram\u2026","rel":"","context":"Em &quot;Cultura-Geral&quot;","block_context":{"text":"Cultura-Geral","link":"https:\/\/www.jornalja.com.br\/arquivo\/category\/materiasecundaria\/"},"img":{"alt_text":"","src":"","width":0,"height":0},"classes":[]}],"jetpack_shortlink":"https:\/\/wp.me\/pbQjBd-eAX","jetpack_featured_media_url":"","_links":{"self":[{"href":"https:\/\/www.jornalja.com.br\/arquivo\/wp-json\/wp\/v2\/posts\/56107","targetHints":{"allow":["GET"]}}],"collection":[{"href":"https:\/\/www.jornalja.com.br\/arquivo\/wp-json\/wp\/v2\/posts"}],"about":[{"href":"https:\/\/www.jornalja.com.br\/arquivo\/wp-json\/wp\/v2\/types\/post"}],"author":[{"embeddable":true,"href":"https:\/\/www.jornalja.com.br\/arquivo\/wp-json\/wp\/v2\/users\/4"}],"replies":[{"embeddable":true,"href":"https:\/\/www.jornalja.com.br\/arquivo\/wp-json\/wp\/v2\/comments?post=56107"}],"version-history":[{"count":0,"href":"https:\/\/www.jornalja.com.br\/arquivo\/wp-json\/wp\/v2\/posts\/56107\/revisions"}],"wp:attachment":[{"href":"https:\/\/www.jornalja.com.br\/arquivo\/wp-json\/wp\/v2\/media?parent=56107"}],"wp:term":[{"taxonomy":"category","embeddable":true,"href":"https:\/\/www.jornalja.com.br\/arquivo\/wp-json\/wp\/v2\/categories?post=56107"},{"taxonomy":"post_tag","embeddable":true,"href":"https:\/\/www.jornalja.com.br\/arquivo\/wp-json\/wp\/v2\/tags?post=56107"}],"curies":[{"name":"wp","href":"https:\/\/api.w.org\/{rel}","templated":true}]}}