{"id":56118,"date":"2017-10-09T13:28:05","date_gmt":"2017-10-09T16:28:05","guid":{"rendered":"https:\/\/www.jornalja.com.br\/?p=56118"},"modified":"2017-10-09T13:28:05","modified_gmt":"2017-10-09T16:28:05","slug":"apos-cinco-dias-servicos-de-coleta-seletiva-e-limpeza-de-pracas-sao-retomados-em-porto-alegre","status":"publish","type":"post","link":"https:\/\/www.jornalja.com.br\/arquivo\/apos-cinco-dias-servicos-de-coleta-seletiva-e-limpeza-de-pracas-sao-retomados-em-porto-alegre\/","title":{"rendered":"Ap\u00f3s cinco dias, servi\u00e7o de coleta seletiva \u00e9 retomado em Porto Alegre"},"content":{"rendered":"<p>Ap\u00f3s cinco dias de interrup\u00e7\u00e3o, os servi\u00e7os de coleta de lixo seletivo e limpeza de pra\u00e7as e parques foram retomados pela Cootravipa (Cooperativa de Trabalhadores Aut\u00f4nomos das Vilas de Porto Alegre) na manh\u00e3 desta segunda-feira, 9\/10.<br \/>\nOs servi\u00e7os tinham sido interrompidos na \u00faltima quarta-feira. A cooperativa alegou que, com a falta de repasses da Prefeitura, faltava recurso para abastecer os ve\u00edculos. Na v\u00e9spera, a Cootravipa havia ingressado na Justi\u00e7a pedindo o pagamento<br \/>\nConforme a Secretaria Municipal de Servi\u00e7os Urbanos (SMSURB), a demanda dos dois servi\u00e7os deve ser normalizada nos pr\u00f3ximos dias, seguindo o cronograma padr\u00e3o dos trabalhos. N\u00e3o haver\u00e1 refor\u00e7o nos servi\u00e7os.<br \/>\nOs trabalhos foram retomados ap\u00f3s a Prefeitura enviar tr\u00eas notifica\u00e7\u00f5es por descumprimento de contrato \u00e0 cooperativa. Segundo o Executivo municipal, a empresa\u00a0n\u00e3o pode paralisar as atividades antes de 90 dias\u00a0de atrasos nos pagamentos. A prefeitura deixou de repassar os pagamentos relativos ao m\u00eas de agosto &#8211; cerca de R$ 1,6 milh\u00e3o.<br \/>\nJ\u00e1 a presid\u00eancia da Cootravipa informa que foi reagendado o pagamento de combust\u00edveis com fornecedores para a segunda quinzena de outubro, o que facilitou a volta aos trabalhos e que permanece negociando com a prefeitura, que sinalizou pagamento de parte do d\u00e9bito para os pr\u00f3ximos dias. A Cootravipa deve ainda responder a notifica\u00e7\u00e3o da Prefeitura e pode haver san\u00e7\u00f5es.<br \/>\nO recolhimento do lixo seco foi suspenso devido \u00e0 falta de pagamento da Prefeitura. Segundo a cooperativa, a Prefeitura n\u00e3o repassou o dinheiro referente aos servi\u00e7os de coleta prestados no m\u00eas de agosto e pagou somente metade das despesas do servi\u00e7o de conserva\u00e7\u00e3o de pra\u00e7as e parques. Os valores devidos passam de R$ 1,6 milh\u00e3o.<br \/>\nH\u00e1 ainda uma liminar que suspende o repasse as empresas terceirizadas, como a Cootravipa, enquanto n\u00e3o for paga a integralidade dos sal\u00e1rios dos servidores municipais. Assim, todos os recursos que ingressarem nas contas do munic\u00edpio est\u00e3o destinados ao pagamento dos sal\u00e1rios dos servidores, que est\u00e3o sendo parcelados. E a previs\u00e3o \u00e9 que o pagamento dos sal\u00e1rios seja finalizado at\u00e9 o dia 16 de outubro.<\/p>\n","protected":false},"excerpt":{"rendered":"<p>Ap\u00f3s cinco dias de interrup\u00e7\u00e3o, os servi\u00e7os de coleta de lixo seletivo e limpeza de pra\u00e7as e parques foram retomados pela Cootravipa (Cooperativa de Trabalhadores Aut\u00f4nomos das Vilas de Porto Alegre) na manh\u00e3 desta segunda-feira, 9\/10. Os servi\u00e7os tinham sido interrompidos na \u00faltima quarta-feira. A cooperativa alegou que, com a falta de repasses da Prefeitura, [&hellip;]<\/p>\n","protected":false},"author":4,"featured_media":56119,"comment_status":"open","ping_status":"closed","sticky":false,"template":"","format":"standard","meta":{"_jetpack_newsletter_access":"","_jetpack_dont_email_post_to_subs":false,"_jetpack_newsletter_tier_id":0,"_jetpack_memberships_contains_paywalled_content":false,"_jetpack_feature_clip_id":0,"_jetpack_memberships_contains_paid_content":false,"footnotes":"","jetpack_post_was_ever_published":false},"categories":[26],"tags":[],"class_list":["post-56118","post","type-post","status-publish","format-standard","has-post-thumbnail","hentry","category-geral"],"aioseo_notices":[],"aioseo_head":"\n\t\t<!-- All in One SEO 5.0.1.1 - aioseo.com -->\n\t<meta name=\"robots\" content=\"max-image-preview:large\" \/>\n\t<meta name=\"author\" content=\"da Reda\u00e7\u00e3o\"\/>\n\t<link rel=\"canonical\" href=\"https:\/\/www.jornalja.com.br\/arquivo\/apos-cinco-dias-servicos-de-coleta-seletiva-e-limpeza-de-pracas-sao-retomados-em-porto-alegre\/\" \/>\n\t<meta name=\"generator\" content=\"All in One SEO (AIOSEO) 5.0.1.1\" \/>\n\t\t<meta property=\"og:locale\" content=\"pt_BR\" \/>\n\t\t<meta property=\"og:site_name\" content=\"Arquivo | Jornal J\u00c1 | Porto Alegre\" \/>\n\t\t<meta property=\"og:type\" content=\"article\" \/>\n\t\t<meta property=\"og:title\" content=\"Ap\u00f3s cinco dias, servi\u00e7o de coleta seletiva \u00e9 retomado em Porto Alegre | Arquivo\" \/>\n\t\t<meta property=\"og:url\" content=\"https:\/\/www.jornalja.com.br\/arquivo\/apos-cinco-dias-servicos-de-coleta-seletiva-e-limpeza-de-pracas-sao-retomados-em-porto-alegre\/\" \/>\n\t\t<meta property=\"og:image\" content=\"https:\/\/www.jornalja.com.br\/economics\/wp-content\/uploads\/sites\/11\/2026\/08\/ja-folhaderosto-facebook.jpg\" \/>\n\t\t<meta property=\"og:image:secure_url\" content=\"https:\/\/www.jornalja.com.br\/economics\/wp-content\/uploads\/sites\/11\/2026\/08\/ja-folhaderosto-facebook.jpg\" \/>\n\t\t<meta property=\"article:published_time\" content=\"2017-10-09T16:28:05+00:00\" \/>\n\t\t<meta property=\"article:modified_time\" content=\"2017-10-09T16:28:05+00:00\" \/>\n\t\t<meta name=\"twitter:card\" content=\"summary\" \/>\n\t\t<meta name=\"twitter:title\" content=\"Ap\u00f3s cinco dias, servi\u00e7o de coleta seletiva \u00e9 retomado em Porto Alegre | Arquivo\" \/>\n\t\t<meta name=\"twitter:image\" content=\"https:\/\/www.jornalja.com.br\/economics\/wp-content\/uploads\/sites\/11\/2026\/08\/ja-folhaderosto-facebook.jpg\" \/>\n\t\t<script type=\"application\/ld+json\" class=\"aioseo-schema\">\n\t\t\t{\"@context\":\"https:\\\/\\\/schema.org\",\"@graph\":[{\"@type\":\"BlogPosting\",\"@id\":\"https:\\\/\\\/www.jornalja.com.br\\\/arquivo\\\/apos-cinco-dias-servicos-de-coleta-seletiva-e-limpeza-de-pracas-sao-retomados-em-porto-alegre\\\/#blogposting\",\"name\":\"Ap\\u00f3s cinco dias, servi\\u00e7o de coleta seletiva \\u00e9 retomado em Porto Alegre | Arquivo\",\"headline\":\"Ap\\u00f3s cinco dias, servi\\u00e7o de coleta seletiva \\u00e9 retomado em Porto Alegre\",\"author\":{\"@id\":\"https:\\\/\\\/www.jornalja.com.br\\\/arquivo\\\/author\\\/daredacao\\\/#author\"},\"publisher\":{\"@id\":\"https:\\\/\\\/www.jornalja.com.br\\\/arquivo\\\/#organization\"},\"image\":{\"@type\":\"ImageObject\",\"url\":56119},\"datePublished\":\"2017-10-09T13:28:05-03:00\",\"dateModified\":\"2017-10-09T13:28:05-03:00\",\"inLanguage\":\"pt-BR\",\"mainEntityOfPage\":{\"@id\":\"https:\\\/\\\/www.jornalja.com.br\\\/arquivo\\\/apos-cinco-dias-servicos-de-coleta-seletiva-e-limpeza-de-pracas-sao-retomados-em-porto-alegre\\\/#webpage\"},\"isPartOf\":{\"@id\":\"https:\\\/\\\/www.jornalja.com.br\\\/arquivo\\\/apos-cinco-dias-servicos-de-coleta-seletiva-e-limpeza-de-pracas-sao-retomados-em-porto-alegre\\\/#webpage\"},\"articleSection\":\"Geral\"},{\"@type\":\"BreadcrumbList\",\"@id\":\"https:\\\/\\\/www.jornalja.com.br\\\/arquivo\\\/apos-cinco-dias-servicos-de-coleta-seletiva-e-limpeza-de-pracas-sao-retomados-em-porto-alegre\\\/#breadcrumblist\",\"itemListElement\":[{\"@type\":\"ListItem\",\"@id\":\"https:\\\/\\\/www.jornalja.com.br\\\/arquivo#listItem\",\"position\":1,\"name\":\"Home\",\"item\":\"https:\\\/\\\/www.jornalja.com.br\\\/arquivo\",\"nextItem\":{\"@type\":\"ListItem\",\"@id\":\"https:\\\/\\\/www.jornalja.com.br\\\/arquivo\\\/category\\\/geral\\\/#listItem\",\"name\":\"Geral\"}},{\"@type\":\"ListItem\",\"@id\":\"https:\\\/\\\/www.jornalja.com.br\\\/arquivo\\\/category\\\/geral\\\/#listItem\",\"position\":2,\"name\":\"Geral\",\"item\":\"https:\\\/\\\/www.jornalja.com.br\\\/arquivo\\\/category\\\/geral\\\/\",\"nextItem\":{\"@type\":\"ListItem\",\"@id\":\"https:\\\/\\\/www.jornalja.com.br\\\/arquivo\\\/apos-cinco-dias-servicos-de-coleta-seletiva-e-limpeza-de-pracas-sao-retomados-em-porto-alegre\\\/#listItem\",\"name\":\"Ap\\u00f3s cinco dias, servi\\u00e7o de coleta seletiva \\u00e9 retomado em Porto Alegre\"},\"previousItem\":{\"@type\":\"ListItem\",\"@id\":\"https:\\\/\\\/www.jornalja.com.br\\\/arquivo#listItem\",\"name\":\"Home\"}},{\"@type\":\"ListItem\",\"@id\":\"https:\\\/\\\/www.jornalja.com.br\\\/arquivo\\\/apos-cinco-dias-servicos-de-coleta-seletiva-e-limpeza-de-pracas-sao-retomados-em-porto-alegre\\\/#listItem\",\"position\":3,\"name\":\"Ap\\u00f3s cinco dias, servi\\u00e7o de coleta seletiva \\u00e9 retomado em Porto Alegre\",\"previousItem\":{\"@type\":\"ListItem\",\"@id\":\"https:\\\/\\\/www.jornalja.com.br\\\/arquivo\\\/category\\\/geral\\\/#listItem\",\"name\":\"Geral\"}}]},{\"@type\":\"Organization\",\"@id\":\"https:\\\/\\\/www.jornalja.com.br\\\/arquivo\\\/#organization\",\"name\":\"Jornal J\\u00c1\",\"description\":\"Jornal J\\u00c1 | Porto Alegre\",\"url\":\"https:\\\/\\\/www.jornalja.com.br\\\/arquivo\\\/\",\"telephone\":\"+555133307272\",\"logo\":{\"@type\":\"ImageObject\",\"url\":\"https:\\\/\\\/www.jornalja.com.br\\\/wp-content\\\/uploads\\\/cards\\\/JAslogan.png\",\"@id\":\"https:\\\/\\\/www.jornalja.com.br\\\/arquivo\\\/apos-cinco-dias-servicos-de-coleta-seletiva-e-limpeza-de-pracas-sao-retomados-em-porto-alegre\\\/#organizationLogo\"},\"image\":{\"@id\":\"https:\\\/\\\/www.jornalja.com.br\\\/arquivo\\\/apos-cinco-dias-servicos-de-coleta-seletiva-e-limpeza-de-pracas-sao-retomados-em-porto-alegre\\\/#organizationLogo\"}},{\"@type\":\"Person\",\"@id\":\"https:\\\/\\\/www.jornalja.com.br\\\/arquivo\\\/author\\\/daredacao\\\/#author\",\"url\":\"https:\\\/\\\/www.jornalja.com.br\\\/arquivo\\\/author\\\/daredacao\\\/\",\"name\":\"da Reda\\u00e7\\u00e3o\",\"image\":{\"@type\":\"ImageObject\",\"@id\":\"https:\\\/\\\/www.jornalja.com.br\\\/arquivo\\\/apos-cinco-dias-servicos-de-coleta-seletiva-e-limpeza-de-pracas-sao-retomados-em-porto-alegre\\\/#authorImage\",\"url\":\"https:\\\/\\\/secure.gravatar.com\\\/avatar\\\/469fd857d6605ad19919d27ed29d35a968a25f6e8fd9318356bbb7f57aae9c65?s=96&d=mm&r=g\",\"width\":96,\"height\":96,\"caption\":\"da Reda\\u00e7\\u00e3o\"}},{\"@type\":\"WebPage\",\"@id\":\"https:\\\/\\\/www.jornalja.com.br\\\/arquivo\\\/apos-cinco-dias-servicos-de-coleta-seletiva-e-limpeza-de-pracas-sao-retomados-em-porto-alegre\\\/#webpage\",\"url\":\"https:\\\/\\\/www.jornalja.com.br\\\/arquivo\\\/apos-cinco-dias-servicos-de-coleta-seletiva-e-limpeza-de-pracas-sao-retomados-em-porto-alegre\\\/\",\"name\":\"Ap\\u00f3s cinco dias, servi\\u00e7o de coleta seletiva \\u00e9 retomado em Porto Alegre | Arquivo\",\"inLanguage\":\"pt-BR\",\"isPartOf\":{\"@id\":\"https:\\\/\\\/www.jornalja.com.br\\\/arquivo\\\/#website\"},\"breadcrumb\":{\"@id\":\"https:\\\/\\\/www.jornalja.com.br\\\/arquivo\\\/apos-cinco-dias-servicos-de-coleta-seletiva-e-limpeza-de-pracas-sao-retomados-em-porto-alegre\\\/#breadcrumblist\"},\"author\":{\"@id\":\"https:\\\/\\\/www.jornalja.com.br\\\/arquivo\\\/author\\\/daredacao\\\/#author\"},\"creator\":{\"@id\":\"https:\\\/\\\/www.jornalja.com.br\\\/arquivo\\\/author\\\/daredacao\\\/#author\"},\"image\":{\"@type\":\"ImageObject\",\"url\":56119,\"@id\":\"https:\\\/\\\/www.jornalja.com.br\\\/arquivo\\\/apos-cinco-dias-servicos-de-coleta-seletiva-e-limpeza-de-pracas-sao-retomados-em-porto-alegre\\\/#mainImage\"},\"primaryImageOfPage\":{\"@id\":\"https:\\\/\\\/www.jornalja.com.br\\\/arquivo\\\/apos-cinco-dias-servicos-de-coleta-seletiva-e-limpeza-de-pracas-sao-retomados-em-porto-alegre\\\/#mainImage\"},\"datePublished\":\"2017-10-09T13:28:05-03:00\",\"dateModified\":\"2017-10-09T13:28:05-03:00\"},{\"@type\":\"WebSite\",\"@id\":\"https:\\\/\\\/www.jornalja.com.br\\\/arquivo\\\/#website\",\"url\":\"https:\\\/\\\/www.jornalja.com.br\\\/arquivo\\\/\",\"name\":\"Arquivo\",\"description\":\"Jornal J\\u00c1 | Porto Alegre\",\"inLanguage\":\"pt-BR\",\"publisher\":{\"@id\":\"https:\\\/\\\/www.jornalja.com.br\\\/arquivo\\\/#organization\"}}]}\n\t\t<\/script>\n\t\t<!-- All in One SEO -->\n\n","aioseo_head_json":{"title":"Ap\u00f3s cinco dias, servi\u00e7o de coleta seletiva \u00e9 retomado em Porto Alegre | Arquivo","description":"","canonical_url":"https:\/\/www.jornalja.com.br\/arquivo\/apos-cinco-dias-servicos-de-coleta-seletiva-e-limpeza-de-pracas-sao-retomados-em-porto-alegre\/","robots":"max-image-preview:large","keywords":"","webmasterTools":{"miscellaneous":""},"schema":{"@context":"https:\/\/schema.org","@graph":[{"@type":"BlogPosting","@id":"https:\/\/www.jornalja.com.br\/arquivo\/apos-cinco-dias-servicos-de-coleta-seletiva-e-limpeza-de-pracas-sao-retomados-em-porto-alegre\/#blogposting","name":"Ap\u00f3s cinco dias, servi\u00e7o de coleta seletiva \u00e9 retomado em Porto Alegre | Arquivo","headline":"Ap\u00f3s cinco dias, servi\u00e7o de coleta seletiva \u00e9 retomado em Porto Alegre","author":{"@id":"https:\/\/www.jornalja.com.br\/arquivo\/author\/daredacao\/#author"},"publisher":{"@id":"https:\/\/www.jornalja.com.br\/arquivo\/#organization"},"image":{"@type":"ImageObject","url":56119},"datePublished":"2017-10-09T13:28:05-03:00","dateModified":"2017-10-09T13:28:05-03:00","inLanguage":"pt-BR","mainEntityOfPage":{"@id":"https:\/\/www.jornalja.com.br\/arquivo\/apos-cinco-dias-servicos-de-coleta-seletiva-e-limpeza-de-pracas-sao-retomados-em-porto-alegre\/#webpage"},"isPartOf":{"@id":"https:\/\/www.jornalja.com.br\/arquivo\/apos-cinco-dias-servicos-de-coleta-seletiva-e-limpeza-de-pracas-sao-retomados-em-porto-alegre\/#webpage"},"articleSection":"Geral"},{"@type":"BreadcrumbList","@id":"https:\/\/www.jornalja.com.br\/arquivo\/apos-cinco-dias-servicos-de-coleta-seletiva-e-limpeza-de-pracas-sao-retomados-em-porto-alegre\/#breadcrumblist","itemListElement":[{"@type":"ListItem","@id":"https:\/\/www.jornalja.com.br\/arquivo#listItem","position":1,"name":"Home","item":"https:\/\/www.jornalja.com.br\/arquivo","nextItem":{"@type":"ListItem","@id":"https:\/\/www.jornalja.com.br\/arquivo\/category\/geral\/#listItem","name":"Geral"}},{"@type":"ListItem","@id":"https:\/\/www.jornalja.com.br\/arquivo\/category\/geral\/#listItem","position":2,"name":"Geral","item":"https:\/\/www.jornalja.com.br\/arquivo\/category\/geral\/","nextItem":{"@type":"ListItem","@id":"https:\/\/www.jornalja.com.br\/arquivo\/apos-cinco-dias-servicos-de-coleta-seletiva-e-limpeza-de-pracas-sao-retomados-em-porto-alegre\/#listItem","name":"Ap\u00f3s cinco dias, servi\u00e7o de coleta seletiva \u00e9 retomado em Porto Alegre"},"previousItem":{"@type":"ListItem","@id":"https:\/\/www.jornalja.com.br\/arquivo#listItem","name":"Home"}},{"@type":"ListItem","@id":"https:\/\/www.jornalja.com.br\/arquivo\/apos-cinco-dias-servicos-de-coleta-seletiva-e-limpeza-de-pracas-sao-retomados-em-porto-alegre\/#listItem","position":3,"name":"Ap\u00f3s cinco dias, servi\u00e7o de coleta seletiva \u00e9 retomado em Porto Alegre","previousItem":{"@type":"ListItem","@id":"https:\/\/www.jornalja.com.br\/arquivo\/category\/geral\/#listItem","name":"Geral"}}]},{"@type":"Organization","@id":"https:\/\/www.jornalja.com.br\/arquivo\/#organization","name":"Jornal J\u00c1","description":"Jornal J\u00c1 | Porto Alegre","url":"https:\/\/www.jornalja.com.br\/arquivo\/","telephone":"+555133307272","logo":{"@type":"ImageObject","url":"https:\/\/www.jornalja.com.br\/wp-content\/uploads\/cards\/JAslogan.png","@id":"https:\/\/www.jornalja.com.br\/arquivo\/apos-cinco-dias-servicos-de-coleta-seletiva-e-limpeza-de-pracas-sao-retomados-em-porto-alegre\/#organizationLogo"},"image":{"@id":"https:\/\/www.jornalja.com.br\/arquivo\/apos-cinco-dias-servicos-de-coleta-seletiva-e-limpeza-de-pracas-sao-retomados-em-porto-alegre\/#organizationLogo"}},{"@type":"Person","@id":"https:\/\/www.jornalja.com.br\/arquivo\/author\/daredacao\/#author","url":"https:\/\/www.jornalja.com.br\/arquivo\/author\/daredacao\/","name":"da Reda\u00e7\u00e3o","image":{"@type":"ImageObject","@id":"https:\/\/www.jornalja.com.br\/arquivo\/apos-cinco-dias-servicos-de-coleta-seletiva-e-limpeza-de-pracas-sao-retomados-em-porto-alegre\/#authorImage","url":"https:\/\/secure.gravatar.com\/avatar\/469fd857d6605ad19919d27ed29d35a968a25f6e8fd9318356bbb7f57aae9c65?s=96&d=mm&r=g","width":96,"height":96,"caption":"da Reda\u00e7\u00e3o"}},{"@type":"WebPage","@id":"https:\/\/www.jornalja.com.br\/arquivo\/apos-cinco-dias-servicos-de-coleta-seletiva-e-limpeza-de-pracas-sao-retomados-em-porto-alegre\/#webpage","url":"https:\/\/www.jornalja.com.br\/arquivo\/apos-cinco-dias-servicos-de-coleta-seletiva-e-limpeza-de-pracas-sao-retomados-em-porto-alegre\/","name":"Ap\u00f3s cinco dias, servi\u00e7o de coleta seletiva \u00e9 retomado em Porto Alegre | Arquivo","inLanguage":"pt-BR","isPartOf":{"@id":"https:\/\/www.jornalja.com.br\/arquivo\/#website"},"breadcrumb":{"@id":"https:\/\/www.jornalja.com.br\/arquivo\/apos-cinco-dias-servicos-de-coleta-seletiva-e-limpeza-de-pracas-sao-retomados-em-porto-alegre\/#breadcrumblist"},"author":{"@id":"https:\/\/www.jornalja.com.br\/arquivo\/author\/daredacao\/#author"},"creator":{"@id":"https:\/\/www.jornalja.com.br\/arquivo\/author\/daredacao\/#author"},"image":{"@type":"ImageObject","url":56119,"@id":"https:\/\/www.jornalja.com.br\/arquivo\/apos-cinco-dias-servicos-de-coleta-seletiva-e-limpeza-de-pracas-sao-retomados-em-porto-alegre\/#mainImage"},"primaryImageOfPage":{"@id":"https:\/\/www.jornalja.com.br\/arquivo\/apos-cinco-dias-servicos-de-coleta-seletiva-e-limpeza-de-pracas-sao-retomados-em-porto-alegre\/#mainImage"},"datePublished":"2017-10-09T13:28:05-03:00","dateModified":"2017-10-09T13:28:05-03:00"},{"@type":"WebSite","@id":"https:\/\/www.jornalja.com.br\/arquivo\/#website","url":"https:\/\/www.jornalja.com.br\/arquivo\/","name":"Arquivo","description":"Jornal J\u00c1 | Porto Alegre","inLanguage":"pt-BR","publisher":{"@id":"https:\/\/www.jornalja.com.br\/arquivo\/#organization"}}]},"og:locale":"pt_BR","og:site_name":"Arquivo | Jornal J\u00c1 | Porto Alegre","og:type":"article","og:title":"Ap\u00f3s cinco dias, servi\u00e7o de coleta seletiva \u00e9 retomado em Porto Alegre | Arquivo","og:url":"https:\/\/www.jornalja.com.br\/arquivo\/apos-cinco-dias-servicos-de-coleta-seletiva-e-limpeza-de-pracas-sao-retomados-em-porto-alegre\/","og:image":"https:\/\/www.jornalja.com.br\/economics\/wp-content\/uploads\/sites\/11\/2026\/08\/ja-folhaderosto-facebook.jpg","og:image:secure_url":"https:\/\/www.jornalja.com.br\/economics\/wp-content\/uploads\/sites\/11\/2026\/08\/ja-folhaderosto-facebook.jpg","article:published_time":"2017-10-09T16:28:05+00:00","article:modified_time":"2017-10-09T16:28:05+00:00","twitter:card":"summary","twitter:title":"Ap\u00f3s cinco dias, servi\u00e7o de coleta seletiva \u00e9 retomado em Porto Alegre | Arquivo","twitter:image":"https:\/\/www.jornalja.com.br\/economics\/wp-content\/uploads\/sites\/11\/2026\/08\/ja-folhaderosto-facebook.jpg"},"aioseo_meta_data":{"post_id":"56118","title":null,"description":null,"keywords":null,"keyphrases":null,"primary_term":null,"canonical_url":null,"og_title":null,"og_description":null,"og_object_type":"default","og_image_type":"default","og_image_url":null,"og_image_width":null,"og_image_height":null,"og_image_custom_url":null,"og_image_custom_fields":null,"og_video":null,"og_custom_url":null,"og_article_section":null,"og_article_tags":null,"twitter_use_og":false,"twitter_card":"default","twitter_image_type":"default","twitter_image_url":null,"twitter_image_custom_url":null,"twitter_image_custom_fields":null,"twitter_title":null,"twitter_description":null,"schema":{"blockGraphs":[],"customGraphs":[],"default":{"data":{"Article":[],"Course":[],"Dataset":[],"FAQPage":[],"Movie":[],"Person":[],"Product":[],"ProductReview":[],"Car":[],"Recipe":[],"Service":[],"SoftwareApplication":[],"WebPage":[]},"graphName":"","isEnabled":true},"graphs":[],"defaultGraph":"","defaultPostTypeGraph":""},"schema_type":null,"schema_type_options":null,"pillar_content":false,"robots_default":true,"robots_noindex":false,"robots_noarchive":false,"robots_nosnippet":false,"robots_nofollow":false,"robots_noimageindex":false,"robots_noodp":false,"robots_notranslate":false,"robots_max_snippet":null,"robots_max_videopreview":null,"robots_max_imagepreview":"large","priority":null,"frequency":null,"location":null,"local_seo":null,"breadcrumb_settings":null,"limit_modified_date":false,"ai":null,"created":"2020-12-20 20:21:53","updated":"2025-07-20 01:42:38","seo_analyzer_scan_date":null,"focus_keyword":null,"additional_keywords":null,"truseo_locale":null},"jetpack_sharing_enabled":true,"jetpack-related-posts":[{"id":13124,"url":"https:\/\/www.jornalja.com.br\/arquivo\/sangue-latino-no-iecine\/","url_meta":{"origin":56118,"position":0},"title":"Sangue latino no IECINE","author":"da Reda\u00e7\u00e3o","date":"18 de maio de 2014","format":false,"excerpt":"Francisco Ribeiro O Instituto Estadual de Cinema (IECINE) tem a frente, desde abril \u00faltimo, um novo diretor, o cineasta colombiano Juan Zapata, 36, que substitui Luiz Alberto Cassol. Radicado h\u00e1 dez anos em Porto Alegre, Zapata tem diante de si o desafio de conduzir at\u00e9 o final do ano um\u2026","rel":"","context":"Em &quot;Cultura-Geral&quot;","block_context":{"text":"Cultura-Geral","link":"https:\/\/www.jornalja.com.br\/arquivo\/category\/materiasecundaria\/"},"img":{"alt_text":"","src":"","width":0,"height":0},"classes":[]},{"id":1280,"url":"https:\/\/www.jornalja.com.br\/arquivo\/o-menino-que-se-tornou-brizola\/","url_meta":{"origin":56118,"position":1},"title":"O Menino que se Tornou Brizola","author":"da Reda\u00e7\u00e3o","date":"28 de julho de 2008","format":false,"excerpt":"Autor: Cleber Dioni A vida de Leonel Brizola, com \u00eanfase para os primeiros anos em Porto Alegre, at\u00e9 o ex\u00edlio no Uruguai e a volta, quinze anos depois. \u00a0\"...\u00c9ramos todos jovens e nos identific\u00e1vamos com aquela massa an\u00f4nima a percorrer as ruas de Porto Alegre, gritando 'Get\u00falio', 'Get\u00falio' e empunhando\u2026","rel":"","context":"Em &quot;Livros&quot;","block_context":{"text":"Livros","link":"https:\/\/www.jornalja.com.br\/arquivo\/category\/livros\/"},"img":{"alt_text":"","src":"https:\/\/i0.wp.com\/www.jornalja.com.br\/wp-content\/uploads\/2008\/07\/brizola.gif?resize=350%2C200&ssl=1","width":350,"height":200},"classes":[]},{"id":12960,"url":"https:\/\/www.jornalja.com.br\/arquivo\/populacao-culpa-empresas-pela-greve-dos-rodoviarios\/","url_meta":{"origin":56118,"position":2},"title":"Popula\u00e7\u00e3o culpa empresas pela greve","author":"Patr\u00edcia Marini","date":"14 de fevereiro de 2014","format":false,"excerpt":"Pesquisa divulgada na edi\u00e7\u00e3o do jornal Metro desta sexta-feira,14, comprova o velho ditado: \u00e9 poss\u00edvel enganar muitos por algum tempo, mas n\u00e3o \u00e9 poss\u00edvel enganar a todos o tempo inteiro. A principal revela\u00e7\u00e3o foi que 59,8% dos entrevistados apontaram as empresas como as principais respons\u00e1veis pela grave e 46% culparam\u2026","rel":"","context":"Em &quot;X.Categorias velhas&quot;","block_context":{"text":"X.Categorias velhas","link":"https:\/\/www.jornalja.com.br\/arquivo\/category\/x-categorias-velhas\/"},"img":{"alt_text":"","src":"","width":0,"height":0},"classes":[]},{"id":5440,"url":"https:\/\/www.jornalja.com.br\/arquivo\/casarao-da-venancio-destino-permanece-incerto\/","url_meta":{"origin":56118,"position":3},"title":"Estado ainda n\u00e3o sabe o que fazer com casar\u00e3o abandonado h\u00e1 20 anos","author":"Elmar Bones","date":"6 de julho de 2009","format":false,"excerpt":"O casar\u00e3o amarelo, numa esquina nobre de Porto Alegre (Ven\u00e2ncio Aires com Jo\u00e3o Pessoa), j\u00e1 abrigou uma escola. H\u00e1 duas d\u00e9cadas, pelo menos, est\u00e1 abandonado, porque seu propriet\u00e1rio, o governo do Estado do Rio Grande do Sul, n\u00e3o consegue achar um destino para ele. Planos n\u00e3o faltaram. O governador Ol\u00edvio\u2026","rel":"","context":"Em &quot;X.Categorias velhas&quot;","block_context":{"text":"X.Categorias velhas","link":"https:\/\/www.jornalja.com.br\/arquivo\/category\/x-categorias-velhas\/"},"img":{"alt_text":"geraldo1","src":"https:\/\/i0.wp.com\/www.jornalja.com.br\/wp-content\/uploads\/2009\/07\/geraldo1.jpg?resize=350%2C200&ssl=1","width":350,"height":200},"classes":[]},{"id":14241,"url":"https:\/\/www.jornalja.com.br\/arquivo\/o-guaiba-nas-imagens-poeticas-de-achutti\/","url_meta":{"origin":56118,"position":4},"title":"O Gua\u00edba nas imagens po\u00e9ticas de Achutti","author":"da Reda\u00e7\u00e3o","date":"18 de junho de 2014","format":false,"excerpt":"Em \u201cO Gua\u00edba por Achutti\u201d \u2013 obra financiada via Minist\u00e9rio da Cultura, produ\u00e7\u00e3o executiva de Pedro Longhi, e Fl\u00e1vio Wild como designer \u2013, o fot\u00f3grafo revela a beleza e as mazelas de um espa\u00e7o aqu\u00e1tico de \u00e1guas sempre renovadas, cheio de hist\u00f3rias e lendas como as das cidades que foram\u2026","rel":"","context":"Em &quot;Cultura-Geral&quot;","block_context":{"text":"Cultura-Geral","link":"https:\/\/www.jornalja.com.br\/arquivo\/category\/materiasecundaria\/"},"img":{"alt_text":"","src":"","width":0,"height":0},"classes":[]},{"id":13240,"url":"https:\/\/www.jornalja.com.br\/arquivo\/plano-diretor-estamos-construindo-o-caos\/","url_meta":{"origin":56118,"position":5},"title":"Plano diretor: &quot;Estamos construindo o caos&quot;","author":"Patr\u00edcia Marini","date":"26 de maio de 2014","format":false,"excerpt":"Desabafo que arquiteta Eliana Castilhos, delegada da Regi\u00e3o de Planejamento 1, postou nas redes sociais \u00e9 um testemunho do ambiente que se criou no Conselho do Plano Diretor de Porto Alegre, onde a aprova\u00e7\u00e3o de grandes empreendimentos \u00e9 empurrada guela abaixo dos conselheiros. Ao CMDUA Como delegada da Regi\u00e3o de\u2026","rel":"","context":"Em &quot;Geral&quot;","block_context":{"text":"Geral","link":"https:\/\/www.jornalja.com.br\/arquivo\/category\/geral\/"},"img":{"alt_text":"","src":"","width":0,"height":0},"classes":[]}],"jetpack_shortlink":"https:\/\/wp.me\/pbQjBd-eB8","jetpack_featured_media_url":"","_links":{"self":[{"href":"https:\/\/www.jornalja.com.br\/arquivo\/wp-json\/wp\/v2\/posts\/56118","targetHints":{"allow":["GET"]}}],"collection":[{"href":"https:\/\/www.jornalja.com.br\/arquivo\/wp-json\/wp\/v2\/posts"}],"about":[{"href":"https:\/\/www.jornalja.com.br\/arquivo\/wp-json\/wp\/v2\/types\/post"}],"author":[{"embeddable":true,"href":"https:\/\/www.jornalja.com.br\/arquivo\/wp-json\/wp\/v2\/users\/4"}],"replies":[{"embeddable":true,"href":"https:\/\/www.jornalja.com.br\/arquivo\/wp-json\/wp\/v2\/comments?post=56118"}],"version-history":[{"count":0,"href":"https:\/\/www.jornalja.com.br\/arquivo\/wp-json\/wp\/v2\/posts\/56118\/revisions"}],"wp:attachment":[{"href":"https:\/\/www.jornalja.com.br\/arquivo\/wp-json\/wp\/v2\/media?parent=56118"}],"wp:term":[{"taxonomy":"category","embeddable":true,"href":"https:\/\/www.jornalja.com.br\/arquivo\/wp-json\/wp\/v2\/categories?post=56118"},{"taxonomy":"post_tag","embeddable":true,"href":"https:\/\/www.jornalja.com.br\/arquivo\/wp-json\/wp\/v2\/tags?post=56118"}],"curies":[{"name":"wp","href":"https:\/\/api.w.org\/{rel}","templated":true}]}}