{"id":56129,"date":"2017-10-09T19:14:51","date_gmt":"2017-10-09T22:14:51","guid":{"rendered":"https:\/\/www.jornalja.com.br\/?p=56129"},"modified":"2017-10-09T19:14:51","modified_gmt":"2017-10-09T22:14:51","slug":"23-vereadores-pedem-para-que-marchezan-retire-projetos-que-alteram-plano-de-carreira-de-servidores","status":"publish","type":"post","link":"https:\/\/www.jornalja.com.br\/arquivo\/23-vereadores-pedem-para-que-marchezan-retire-projetos-que-alteram-plano-de-carreira-de-servidores\/","title":{"rendered":"23 vereadores pedem para que Marchezan retire projetos que alteram plano de carreira de servidores"},"content":{"rendered":"<p>Nesta segunda-feira, 23 vereadores, de um total de 36, assinaram um requerimento pedindo que o prefeito Nelson Marchezan J\u00fanior retire tr\u00eas projetos enviados ao legislativo e que mexem com o plano de carreira do funcionalismo. Os projetos cuja retirada foi solicitada s\u00e3o os\u00a0<a href=\"http:\/\/camarapoa.rs.gov.br\/processos\/132387\" target=\"_blank\" rel=\"noopener noreferrer\"><strong>2066\/17<\/strong><\/a>,\u00a0<a href=\"http:\/\/camarapoa.rs.gov.br\/processos\/132383\" target=\"_blank\" rel=\"noopener noreferrer\"><strong>2062\/17<\/strong><\/a>\u00a0e\u00a0<a href=\"http:\/\/camarapoa.rs.gov.br\/processos\/132384\" target=\"_blank\" rel=\"noopener noreferrer\"><strong>2063\/17<\/strong><\/a>.<br \/>\nA entrega do documento ser\u00e1 feita na manh\u00e3 desta ter\u00e7a-feira, \u00e0s 9h, quando o vice-prefeito Gustavo Paim se re\u00fane com vereadores e representantes do Sindicato dos Municip\u00e1rios de Porto Alegre (Simpa) no Pa\u00e7o Municipal. Os municip\u00e1rios est\u00e3o em greve h\u00e1 cinco dias e pedem a retirada dos projetos e o fim do parcelamento dos sal\u00e1rios por parte do Executivo.<br \/>\n<span class=\"intertit\">Tarde de cr\u00edticas ao prefeito<\/span><br \/>\nFoi um dia cheio de mobiliza\u00e7\u00f5es e cr\u00edticas contra o prefeito Nelson Marchezan J\u00fanior. Servidores municipais lotaram as galerias da C\u00e2mara de Vereadores durante a sess\u00e3o ordin\u00e1ria desta segunda.<br \/>\nPela manh\u00e3, uma reuni\u00e3o com diversos vereadores na sala ao lado do Plen\u00e1rio Ot\u00e1vio Rocha. No per\u00edodo da tarde, antes da vota\u00e7\u00e3o das diretrizes or\u00e7ament\u00e1rias, vereadores se revezaram na tribuna e pediram abertamente ao prefeito que retirasse os projetos. Parlamentares de linhas de pensamento opostas, como Fernanda Melchionna (Psol) e Valter Nagelstein (PMDB), arrancaram aplausos do p\u00fablico presente nas galerias, ao criticarem o governo.<br \/>\nApenas o vereador Ricardo Gomes (PP), ex- secret\u00e1rio da atual gest\u00e3o, foi \u00e0 Tribuna e defendeu a n\u00e3o retirada dos projetos.<br \/>\nGomes acha que os projetos devem ser discutidos e se for o caso rejeitados.<br \/>\n<strong>Assinaram o documento os vereadores:<\/strong><br \/>\nMendes Ribeiro (PMDB),<br \/>\nValter Nagelstein (PMDB),<br \/>\nAndr\u00e9 Car\u00fas (PMDB),<br \/>\nComandante N\u00e1dia (PMDB),<br \/>\nIdenir Cecchim (PMDB),<br \/>\nAlvoni Medina (PRB),<br \/>\nJos\u00e9 Freitas (PRB),<br \/>\nRodrigo Maroni (PODEMOS),<br \/>\nCl\u00e1udio Janta (SD),<br \/>\nM\u00e1rcio Bins Ely (PDT),<br \/>\nMauro Zacher (PDT),<br \/>\nDr. Thiago (DEM),<br \/>\nRoberto Robaina (PSOL),<br \/>\nFernanda Melchionna (PSOL),<br \/>\nProfessor Alex (PSOL),<br \/>\nMarcelo Sgarbossa (PT),<br \/>\nSofia Cavedon (PT),<br \/>\nAdeli Sell (PT),<br \/>\nAldacir Oliboni (PT),<br \/>\nPaulinho Motorista (PSB),<br \/>\nAirto Ferronato (PSB),<br \/>\nTarciso Flecha Negra (PSD),<br \/>\ne Cassi\u00e1 Carpes (PP).<\/p>\n","protected":false},"excerpt":{"rendered":"<p>Nesta segunda-feira, 23 vereadores, de um total de 36, assinaram um requerimento pedindo que o prefeito Nelson Marchezan J\u00fanior retire tr\u00eas projetos enviados ao legislativo e que mexem com o plano de carreira do funcionalismo. Os projetos cuja retirada foi solicitada s\u00e3o os\u00a02066\/17,\u00a02062\/17\u00a0e\u00a02063\/17. A entrega do documento ser\u00e1 feita na manh\u00e3 desta ter\u00e7a-feira, \u00e0s 9h, [&hellip;]<\/p>\n","protected":false},"author":4,"featured_media":56134,"comment_status":"open","ping_status":"closed","sticky":false,"template":"","format":"standard","meta":{"_jetpack_newsletter_access":"","_jetpack_dont_email_post_to_subs":false,"_jetpack_newsletter_tier_id":0,"_jetpack_memberships_contains_paywalled_content":false,"_jetpack_feature_clip_id":0,"_jetpack_memberships_contains_paid_content":false,"footnotes":"","jetpack_post_was_ever_published":false},"categories":[26],"tags":[],"class_list":["post-56129","post","type-post","status-publish","format-standard","has-post-thumbnail","hentry","category-geral"],"aioseo_notices":[],"aioseo_head":"\n\t\t<!-- All in One SEO 5.0.1.1 - aioseo.com -->\n\t<meta name=\"robots\" content=\"max-image-preview:large\" \/>\n\t<meta name=\"author\" content=\"da Reda\u00e7\u00e3o\"\/>\n\t<link rel=\"canonical\" href=\"https:\/\/www.jornalja.com.br\/arquivo\/23-vereadores-pedem-para-que-marchezan-retire-projetos-que-alteram-plano-de-carreira-de-servidores\/\" \/>\n\t<meta name=\"generator\" content=\"All in One SEO (AIOSEO) 5.0.1.1\" \/>\n\t\t<meta property=\"og:locale\" content=\"pt_BR\" \/>\n\t\t<meta property=\"og:site_name\" content=\"Arquivo | Jornal J\u00c1 | Porto Alegre\" \/>\n\t\t<meta property=\"og:type\" content=\"article\" \/>\n\t\t<meta property=\"og:title\" content=\"23 vereadores pedem para que Marchezan retire projetos que alteram plano de carreira de servidores | Arquivo\" \/>\n\t\t<meta property=\"og:url\" content=\"https:\/\/www.jornalja.com.br\/arquivo\/23-vereadores-pedem-para-que-marchezan-retire-projetos-que-alteram-plano-de-carreira-de-servidores\/\" \/>\n\t\t<meta property=\"og:image\" content=\"https:\/\/www.jornalja.com.br\/economics\/wp-content\/uploads\/sites\/11\/2026\/08\/ja-folhaderosto-facebook.jpg\" \/>\n\t\t<meta property=\"og:image:secure_url\" content=\"https:\/\/www.jornalja.com.br\/economics\/wp-content\/uploads\/sites\/11\/2026\/08\/ja-folhaderosto-facebook.jpg\" \/>\n\t\t<meta property=\"article:published_time\" content=\"2017-10-09T22:14:51+00:00\" \/>\n\t\t<meta property=\"article:modified_time\" content=\"2017-10-09T22:14:51+00:00\" \/>\n\t\t<meta name=\"twitter:card\" content=\"summary\" \/>\n\t\t<meta name=\"twitter:title\" content=\"23 vereadores pedem para que Marchezan retire projetos que alteram plano de carreira de servidores | Arquivo\" \/>\n\t\t<meta name=\"twitter:image\" content=\"https:\/\/www.jornalja.com.br\/economics\/wp-content\/uploads\/sites\/11\/2026\/08\/ja-folhaderosto-facebook.jpg\" \/>\n\t\t<script type=\"application\/ld+json\" class=\"aioseo-schema\">\n\t\t\t{\"@context\":\"https:\\\/\\\/schema.org\",\"@graph\":[{\"@type\":\"BlogPosting\",\"@id\":\"https:\\\/\\\/www.jornalja.com.br\\\/arquivo\\\/23-vereadores-pedem-para-que-marchezan-retire-projetos-que-alteram-plano-de-carreira-de-servidores\\\/#blogposting\",\"name\":\"23 vereadores pedem para que Marchezan retire projetos que alteram plano de carreira de servidores | Arquivo\",\"headline\":\"23 vereadores pedem para que Marchezan retire projetos que alteram plano de carreira de servidores\",\"author\":{\"@id\":\"https:\\\/\\\/www.jornalja.com.br\\\/arquivo\\\/author\\\/daredacao\\\/#author\"},\"publisher\":{\"@id\":\"https:\\\/\\\/www.jornalja.com.br\\\/arquivo\\\/#organization\"},\"image\":{\"@type\":\"ImageObject\",\"url\":56134},\"datePublished\":\"2017-10-09T19:14:51-03:00\",\"dateModified\":\"2017-10-09T19:14:51-03:00\",\"inLanguage\":\"pt-BR\",\"mainEntityOfPage\":{\"@id\":\"https:\\\/\\\/www.jornalja.com.br\\\/arquivo\\\/23-vereadores-pedem-para-que-marchezan-retire-projetos-que-alteram-plano-de-carreira-de-servidores\\\/#webpage\"},\"isPartOf\":{\"@id\":\"https:\\\/\\\/www.jornalja.com.br\\\/arquivo\\\/23-vereadores-pedem-para-que-marchezan-retire-projetos-que-alteram-plano-de-carreira-de-servidores\\\/#webpage\"},\"articleSection\":\"Geral\"},{\"@type\":\"BreadcrumbList\",\"@id\":\"https:\\\/\\\/www.jornalja.com.br\\\/arquivo\\\/23-vereadores-pedem-para-que-marchezan-retire-projetos-que-alteram-plano-de-carreira-de-servidores\\\/#breadcrumblist\",\"itemListElement\":[{\"@type\":\"ListItem\",\"@id\":\"https:\\\/\\\/www.jornalja.com.br\\\/arquivo#listItem\",\"position\":1,\"name\":\"Home\",\"item\":\"https:\\\/\\\/www.jornalja.com.br\\\/arquivo\",\"nextItem\":{\"@type\":\"ListItem\",\"@id\":\"https:\\\/\\\/www.jornalja.com.br\\\/arquivo\\\/category\\\/geral\\\/#listItem\",\"name\":\"Geral\"}},{\"@type\":\"ListItem\",\"@id\":\"https:\\\/\\\/www.jornalja.com.br\\\/arquivo\\\/category\\\/geral\\\/#listItem\",\"position\":2,\"name\":\"Geral\",\"item\":\"https:\\\/\\\/www.jornalja.com.br\\\/arquivo\\\/category\\\/geral\\\/\",\"nextItem\":{\"@type\":\"ListItem\",\"@id\":\"https:\\\/\\\/www.jornalja.com.br\\\/arquivo\\\/23-vereadores-pedem-para-que-marchezan-retire-projetos-que-alteram-plano-de-carreira-de-servidores\\\/#listItem\",\"name\":\"23 vereadores pedem para que Marchezan retire projetos que alteram plano de carreira de servidores\"},\"previousItem\":{\"@type\":\"ListItem\",\"@id\":\"https:\\\/\\\/www.jornalja.com.br\\\/arquivo#listItem\",\"name\":\"Home\"}},{\"@type\":\"ListItem\",\"@id\":\"https:\\\/\\\/www.jornalja.com.br\\\/arquivo\\\/23-vereadores-pedem-para-que-marchezan-retire-projetos-que-alteram-plano-de-carreira-de-servidores\\\/#listItem\",\"position\":3,\"name\":\"23 vereadores pedem para que Marchezan retire projetos que alteram plano de carreira de servidores\",\"previousItem\":{\"@type\":\"ListItem\",\"@id\":\"https:\\\/\\\/www.jornalja.com.br\\\/arquivo\\\/category\\\/geral\\\/#listItem\",\"name\":\"Geral\"}}]},{\"@type\":\"Organization\",\"@id\":\"https:\\\/\\\/www.jornalja.com.br\\\/arquivo\\\/#organization\",\"name\":\"Jornal J\\u00c1\",\"description\":\"Jornal J\\u00c1 | Porto Alegre\",\"url\":\"https:\\\/\\\/www.jornalja.com.br\\\/arquivo\\\/\",\"telephone\":\"+555133307272\",\"logo\":{\"@type\":\"ImageObject\",\"url\":\"https:\\\/\\\/www.jornalja.com.br\\\/wp-content\\\/uploads\\\/cards\\\/JAslogan.png\",\"@id\":\"https:\\\/\\\/www.jornalja.com.br\\\/arquivo\\\/23-vereadores-pedem-para-que-marchezan-retire-projetos-que-alteram-plano-de-carreira-de-servidores\\\/#organizationLogo\"},\"image\":{\"@id\":\"https:\\\/\\\/www.jornalja.com.br\\\/arquivo\\\/23-vereadores-pedem-para-que-marchezan-retire-projetos-que-alteram-plano-de-carreira-de-servidores\\\/#organizationLogo\"}},{\"@type\":\"Person\",\"@id\":\"https:\\\/\\\/www.jornalja.com.br\\\/arquivo\\\/author\\\/daredacao\\\/#author\",\"url\":\"https:\\\/\\\/www.jornalja.com.br\\\/arquivo\\\/author\\\/daredacao\\\/\",\"name\":\"da Reda\\u00e7\\u00e3o\",\"image\":{\"@type\":\"ImageObject\",\"@id\":\"https:\\\/\\\/www.jornalja.com.br\\\/arquivo\\\/23-vereadores-pedem-para-que-marchezan-retire-projetos-que-alteram-plano-de-carreira-de-servidores\\\/#authorImage\",\"url\":\"https:\\\/\\\/secure.gravatar.com\\\/avatar\\\/469fd857d6605ad19919d27ed29d35a968a25f6e8fd9318356bbb7f57aae9c65?s=96&d=mm&r=g\",\"width\":96,\"height\":96,\"caption\":\"da Reda\\u00e7\\u00e3o\"}},{\"@type\":\"WebPage\",\"@id\":\"https:\\\/\\\/www.jornalja.com.br\\\/arquivo\\\/23-vereadores-pedem-para-que-marchezan-retire-projetos-que-alteram-plano-de-carreira-de-servidores\\\/#webpage\",\"url\":\"https:\\\/\\\/www.jornalja.com.br\\\/arquivo\\\/23-vereadores-pedem-para-que-marchezan-retire-projetos-que-alteram-plano-de-carreira-de-servidores\\\/\",\"name\":\"23 vereadores pedem para que Marchezan retire projetos que alteram plano de carreira de servidores | Arquivo\",\"inLanguage\":\"pt-BR\",\"isPartOf\":{\"@id\":\"https:\\\/\\\/www.jornalja.com.br\\\/arquivo\\\/#website\"},\"breadcrumb\":{\"@id\":\"https:\\\/\\\/www.jornalja.com.br\\\/arquivo\\\/23-vereadores-pedem-para-que-marchezan-retire-projetos-que-alteram-plano-de-carreira-de-servidores\\\/#breadcrumblist\"},\"author\":{\"@id\":\"https:\\\/\\\/www.jornalja.com.br\\\/arquivo\\\/author\\\/daredacao\\\/#author\"},\"creator\":{\"@id\":\"https:\\\/\\\/www.jornalja.com.br\\\/arquivo\\\/author\\\/daredacao\\\/#author\"},\"image\":{\"@type\":\"ImageObject\",\"url\":56134,\"@id\":\"https:\\\/\\\/www.jornalja.com.br\\\/arquivo\\\/23-vereadores-pedem-para-que-marchezan-retire-projetos-que-alteram-plano-de-carreira-de-servidores\\\/#mainImage\"},\"primaryImageOfPage\":{\"@id\":\"https:\\\/\\\/www.jornalja.com.br\\\/arquivo\\\/23-vereadores-pedem-para-que-marchezan-retire-projetos-que-alteram-plano-de-carreira-de-servidores\\\/#mainImage\"},\"datePublished\":\"2017-10-09T19:14:51-03:00\",\"dateModified\":\"2017-10-09T19:14:51-03:00\"},{\"@type\":\"WebSite\",\"@id\":\"https:\\\/\\\/www.jornalja.com.br\\\/arquivo\\\/#website\",\"url\":\"https:\\\/\\\/www.jornalja.com.br\\\/arquivo\\\/\",\"name\":\"Arquivo\",\"description\":\"Jornal J\\u00c1 | Porto Alegre\",\"inLanguage\":\"pt-BR\",\"publisher\":{\"@id\":\"https:\\\/\\\/www.jornalja.com.br\\\/arquivo\\\/#organization\"}}]}\n\t\t<\/script>\n\t\t<!-- All in One SEO -->\n\n","aioseo_head_json":{"title":"23 vereadores pedem para que Marchezan retire projetos que alteram plano de carreira de servidores | Arquivo","description":"","canonical_url":"https:\/\/www.jornalja.com.br\/arquivo\/23-vereadores-pedem-para-que-marchezan-retire-projetos-que-alteram-plano-de-carreira-de-servidores\/","robots":"max-image-preview:large","keywords":"","webmasterTools":{"miscellaneous":""},"schema":{"@context":"https:\/\/schema.org","@graph":[{"@type":"BlogPosting","@id":"https:\/\/www.jornalja.com.br\/arquivo\/23-vereadores-pedem-para-que-marchezan-retire-projetos-que-alteram-plano-de-carreira-de-servidores\/#blogposting","name":"23 vereadores pedem para que Marchezan retire projetos que alteram plano de carreira de servidores | Arquivo","headline":"23 vereadores pedem para que Marchezan retire projetos que alteram plano de carreira de servidores","author":{"@id":"https:\/\/www.jornalja.com.br\/arquivo\/author\/daredacao\/#author"},"publisher":{"@id":"https:\/\/www.jornalja.com.br\/arquivo\/#organization"},"image":{"@type":"ImageObject","url":56134},"datePublished":"2017-10-09T19:14:51-03:00","dateModified":"2017-10-09T19:14:51-03:00","inLanguage":"pt-BR","mainEntityOfPage":{"@id":"https:\/\/www.jornalja.com.br\/arquivo\/23-vereadores-pedem-para-que-marchezan-retire-projetos-que-alteram-plano-de-carreira-de-servidores\/#webpage"},"isPartOf":{"@id":"https:\/\/www.jornalja.com.br\/arquivo\/23-vereadores-pedem-para-que-marchezan-retire-projetos-que-alteram-plano-de-carreira-de-servidores\/#webpage"},"articleSection":"Geral"},{"@type":"BreadcrumbList","@id":"https:\/\/www.jornalja.com.br\/arquivo\/23-vereadores-pedem-para-que-marchezan-retire-projetos-que-alteram-plano-de-carreira-de-servidores\/#breadcrumblist","itemListElement":[{"@type":"ListItem","@id":"https:\/\/www.jornalja.com.br\/arquivo#listItem","position":1,"name":"Home","item":"https:\/\/www.jornalja.com.br\/arquivo","nextItem":{"@type":"ListItem","@id":"https:\/\/www.jornalja.com.br\/arquivo\/category\/geral\/#listItem","name":"Geral"}},{"@type":"ListItem","@id":"https:\/\/www.jornalja.com.br\/arquivo\/category\/geral\/#listItem","position":2,"name":"Geral","item":"https:\/\/www.jornalja.com.br\/arquivo\/category\/geral\/","nextItem":{"@type":"ListItem","@id":"https:\/\/www.jornalja.com.br\/arquivo\/23-vereadores-pedem-para-que-marchezan-retire-projetos-que-alteram-plano-de-carreira-de-servidores\/#listItem","name":"23 vereadores pedem para que Marchezan retire projetos que alteram plano de carreira de servidores"},"previousItem":{"@type":"ListItem","@id":"https:\/\/www.jornalja.com.br\/arquivo#listItem","name":"Home"}},{"@type":"ListItem","@id":"https:\/\/www.jornalja.com.br\/arquivo\/23-vereadores-pedem-para-que-marchezan-retire-projetos-que-alteram-plano-de-carreira-de-servidores\/#listItem","position":3,"name":"23 vereadores pedem para que Marchezan retire projetos que alteram plano de carreira de servidores","previousItem":{"@type":"ListItem","@id":"https:\/\/www.jornalja.com.br\/arquivo\/category\/geral\/#listItem","name":"Geral"}}]},{"@type":"Organization","@id":"https:\/\/www.jornalja.com.br\/arquivo\/#organization","name":"Jornal J\u00c1","description":"Jornal J\u00c1 | Porto Alegre","url":"https:\/\/www.jornalja.com.br\/arquivo\/","telephone":"+555133307272","logo":{"@type":"ImageObject","url":"https:\/\/www.jornalja.com.br\/wp-content\/uploads\/cards\/JAslogan.png","@id":"https:\/\/www.jornalja.com.br\/arquivo\/23-vereadores-pedem-para-que-marchezan-retire-projetos-que-alteram-plano-de-carreira-de-servidores\/#organizationLogo"},"image":{"@id":"https:\/\/www.jornalja.com.br\/arquivo\/23-vereadores-pedem-para-que-marchezan-retire-projetos-que-alteram-plano-de-carreira-de-servidores\/#organizationLogo"}},{"@type":"Person","@id":"https:\/\/www.jornalja.com.br\/arquivo\/author\/daredacao\/#author","url":"https:\/\/www.jornalja.com.br\/arquivo\/author\/daredacao\/","name":"da Reda\u00e7\u00e3o","image":{"@type":"ImageObject","@id":"https:\/\/www.jornalja.com.br\/arquivo\/23-vereadores-pedem-para-que-marchezan-retire-projetos-que-alteram-plano-de-carreira-de-servidores\/#authorImage","url":"https:\/\/secure.gravatar.com\/avatar\/469fd857d6605ad19919d27ed29d35a968a25f6e8fd9318356bbb7f57aae9c65?s=96&d=mm&r=g","width":96,"height":96,"caption":"da Reda\u00e7\u00e3o"}},{"@type":"WebPage","@id":"https:\/\/www.jornalja.com.br\/arquivo\/23-vereadores-pedem-para-que-marchezan-retire-projetos-que-alteram-plano-de-carreira-de-servidores\/#webpage","url":"https:\/\/www.jornalja.com.br\/arquivo\/23-vereadores-pedem-para-que-marchezan-retire-projetos-que-alteram-plano-de-carreira-de-servidores\/","name":"23 vereadores pedem para que Marchezan retire projetos que alteram plano de carreira de servidores | Arquivo","inLanguage":"pt-BR","isPartOf":{"@id":"https:\/\/www.jornalja.com.br\/arquivo\/#website"},"breadcrumb":{"@id":"https:\/\/www.jornalja.com.br\/arquivo\/23-vereadores-pedem-para-que-marchezan-retire-projetos-que-alteram-plano-de-carreira-de-servidores\/#breadcrumblist"},"author":{"@id":"https:\/\/www.jornalja.com.br\/arquivo\/author\/daredacao\/#author"},"creator":{"@id":"https:\/\/www.jornalja.com.br\/arquivo\/author\/daredacao\/#author"},"image":{"@type":"ImageObject","url":56134,"@id":"https:\/\/www.jornalja.com.br\/arquivo\/23-vereadores-pedem-para-que-marchezan-retire-projetos-que-alteram-plano-de-carreira-de-servidores\/#mainImage"},"primaryImageOfPage":{"@id":"https:\/\/www.jornalja.com.br\/arquivo\/23-vereadores-pedem-para-que-marchezan-retire-projetos-que-alteram-plano-de-carreira-de-servidores\/#mainImage"},"datePublished":"2017-10-09T19:14:51-03:00","dateModified":"2017-10-09T19:14:51-03:00"},{"@type":"WebSite","@id":"https:\/\/www.jornalja.com.br\/arquivo\/#website","url":"https:\/\/www.jornalja.com.br\/arquivo\/","name":"Arquivo","description":"Jornal J\u00c1 | Porto Alegre","inLanguage":"pt-BR","publisher":{"@id":"https:\/\/www.jornalja.com.br\/arquivo\/#organization"}}]},"og:locale":"pt_BR","og:site_name":"Arquivo | Jornal J\u00c1 | Porto Alegre","og:type":"article","og:title":"23 vereadores pedem para que Marchezan retire projetos que alteram plano de carreira de servidores | Arquivo","og:url":"https:\/\/www.jornalja.com.br\/arquivo\/23-vereadores-pedem-para-que-marchezan-retire-projetos-que-alteram-plano-de-carreira-de-servidores\/","og:image":"https:\/\/www.jornalja.com.br\/economics\/wp-content\/uploads\/sites\/11\/2026\/08\/ja-folhaderosto-facebook.jpg","og:image:secure_url":"https:\/\/www.jornalja.com.br\/economics\/wp-content\/uploads\/sites\/11\/2026\/08\/ja-folhaderosto-facebook.jpg","article:published_time":"2017-10-09T22:14:51+00:00","article:modified_time":"2017-10-09T22:14:51+00:00","twitter:card":"summary","twitter:title":"23 vereadores pedem para que Marchezan retire projetos que alteram plano de carreira de servidores | Arquivo","twitter:image":"https:\/\/www.jornalja.com.br\/economics\/wp-content\/uploads\/sites\/11\/2026\/08\/ja-folhaderosto-facebook.jpg"},"aioseo_meta_data":{"post_id":"56129","title":null,"description":null,"keywords":null,"keyphrases":null,"primary_term":null,"canonical_url":null,"og_title":null,"og_description":null,"og_object_type":"default","og_image_type":"default","og_image_url":null,"og_image_width":null,"og_image_height":null,"og_image_custom_url":null,"og_image_custom_fields":null,"og_video":null,"og_custom_url":null,"og_article_section":null,"og_article_tags":null,"twitter_use_og":false,"twitter_card":"default","twitter_image_type":"default","twitter_image_url":null,"twitter_image_custom_url":null,"twitter_image_custom_fields":null,"twitter_title":null,"twitter_description":null,"schema":{"blockGraphs":[],"customGraphs":[],"default":{"data":{"Article":[],"Course":[],"Dataset":[],"FAQPage":[],"Movie":[],"Person":[],"Product":[],"ProductReview":[],"Car":[],"Recipe":[],"Service":[],"SoftwareApplication":[],"WebPage":[]},"graphName":"","isEnabled":true},"graphs":[],"defaultGraph":"","defaultPostTypeGraph":""},"schema_type":null,"schema_type_options":null,"pillar_content":false,"robots_default":true,"robots_noindex":false,"robots_noarchive":false,"robots_nosnippet":false,"robots_nofollow":false,"robots_noimageindex":false,"robots_noodp":false,"robots_notranslate":false,"robots_max_snippet":null,"robots_max_videopreview":null,"robots_max_imagepreview":"large","priority":null,"frequency":null,"location":null,"local_seo":null,"breadcrumb_settings":null,"limit_modified_date":false,"ai":null,"created":"2020-12-20 20:21:53","updated":"2025-07-20 01:42:38","seo_analyzer_scan_date":null,"focus_keyword":null,"additional_keywords":null,"truseo_locale":null},"jetpack_sharing_enabled":true,"jetpack-related-posts":[{"id":13240,"url":"https:\/\/www.jornalja.com.br\/arquivo\/plano-diretor-estamos-construindo-o-caos\/","url_meta":{"origin":56129,"position":0},"title":"Plano diretor: &quot;Estamos construindo o caos&quot;","author":"Patr\u00edcia Marini","date":"26 de maio de 2014","format":false,"excerpt":"Desabafo que arquiteta Eliana Castilhos, delegada da Regi\u00e3o de Planejamento 1, postou nas redes sociais \u00e9 um testemunho do ambiente que se criou no Conselho do Plano Diretor de Porto Alegre, onde a aprova\u00e7\u00e3o de grandes empreendimentos \u00e9 empurrada guela abaixo dos conselheiros. Ao CMDUA Como delegada da Regi\u00e3o de\u2026","rel":"","context":"Em &quot;Geral&quot;","block_context":{"text":"Geral","link":"https:\/\/www.jornalja.com.br\/arquivo\/category\/geral\/"},"img":{"alt_text":"","src":"","width":0,"height":0},"classes":[]},{"id":13124,"url":"https:\/\/www.jornalja.com.br\/arquivo\/sangue-latino-no-iecine\/","url_meta":{"origin":56129,"position":1},"title":"Sangue latino no IECINE","author":"da Reda\u00e7\u00e3o","date":"18 de maio de 2014","format":false,"excerpt":"Francisco Ribeiro O Instituto Estadual de Cinema (IECINE) tem a frente, desde abril \u00faltimo, um novo diretor, o cineasta colombiano Juan Zapata, 36, que substitui Luiz Alberto Cassol. Radicado h\u00e1 dez anos em Porto Alegre, Zapata tem diante de si o desafio de conduzir at\u00e9 o final do ano um\u2026","rel":"","context":"Em &quot;Cultura-Geral&quot;","block_context":{"text":"Cultura-Geral","link":"https:\/\/www.jornalja.com.br\/arquivo\/category\/materiasecundaria\/"},"img":{"alt_text":"","src":"","width":0,"height":0},"classes":[]},{"id":14241,"url":"https:\/\/www.jornalja.com.br\/arquivo\/o-guaiba-nas-imagens-poeticas-de-achutti\/","url_meta":{"origin":56129,"position":2},"title":"O Gua\u00edba nas imagens po\u00e9ticas de Achutti","author":"da Reda\u00e7\u00e3o","date":"18 de junho de 2014","format":false,"excerpt":"Em \u201cO Gua\u00edba por Achutti\u201d \u2013 obra financiada via Minist\u00e9rio da Cultura, produ\u00e7\u00e3o executiva de Pedro Longhi, e Fl\u00e1vio Wild como designer \u2013, o fot\u00f3grafo revela a beleza e as mazelas de um espa\u00e7o aqu\u00e1tico de \u00e1guas sempre renovadas, cheio de hist\u00f3rias e lendas como as das cidades que foram\u2026","rel":"","context":"Em &quot;Cultura-Geral&quot;","block_context":{"text":"Cultura-Geral","link":"https:\/\/www.jornalja.com.br\/arquivo\/category\/materiasecundaria\/"},"img":{"alt_text":"","src":"","width":0,"height":0},"classes":[]},{"id":13239,"url":"https:\/\/www.jornalja.com.br\/arquivo\/conselho-desdenha-do-plano-diretor\/","url_meta":{"origin":56129,"position":3},"title":"Porto Alegre: Conselho detona Plano Diretor","author":"Patr\u00edcia Marini","date":"25 de maio de 2014","format":false,"excerpt":"Den\u00fancia do arquiteto e \u00a0urbanista Ibir\u00e1 Santos Lucas. Ele diz que os conselheiros est\u00e3o votando com \"enorme irresponsabilidade\". \"Mudam regime com a maior naturalidade,,,regularizam absurdos de constru\u00e7\u00f5es irregulares... \"O CMDUA est\u00e1 flexibilizando a lei do plano diretor, de uma forma impactante na vida da cidade. Mudam regime com a maior\u2026","rel":"","context":"Em &quot;Geral&quot;","block_context":{"text":"Geral","link":"https:\/\/www.jornalja.com.br\/arquivo\/category\/geral\/"},"img":{"alt_text":"","src":"","width":0,"height":0},"classes":[]},{"id":5440,"url":"https:\/\/www.jornalja.com.br\/arquivo\/casarao-da-venancio-destino-permanece-incerto\/","url_meta":{"origin":56129,"position":4},"title":"Estado ainda n\u00e3o sabe o que fazer com casar\u00e3o abandonado h\u00e1 20 anos","author":"Elmar Bones","date":"6 de julho de 2009","format":false,"excerpt":"O casar\u00e3o amarelo, numa esquina nobre de Porto Alegre (Ven\u00e2ncio Aires com Jo\u00e3o Pessoa), j\u00e1 abrigou uma escola. H\u00e1 duas d\u00e9cadas, pelo menos, est\u00e1 abandonado, porque seu propriet\u00e1rio, o governo do Estado do Rio Grande do Sul, n\u00e3o consegue achar um destino para ele. Planos n\u00e3o faltaram. O governador Ol\u00edvio\u2026","rel":"","context":"Em &quot;X.Categorias velhas&quot;","block_context":{"text":"X.Categorias velhas","link":"https:\/\/www.jornalja.com.br\/arquivo\/category\/x-categorias-velhas\/"},"img":{"alt_text":"geraldo1","src":"https:\/\/i0.wp.com\/www.jornalja.com.br\/wp-content\/uploads\/2009\/07\/geraldo1.jpg?resize=350%2C200&ssl=1","width":350,"height":200},"classes":[]},{"id":13101,"url":"https:\/\/www.jornalja.com.br\/arquivo\/morre-um-guerreiro-do-texto\/","url_meta":{"origin":56129,"position":5},"title":"Morre um guerreiro do texto","author":"Patr\u00edcia Marini","date":"14 de maio de 2014","format":false,"excerpt":"Por Ricardo Kotscho Reproduzido do blog do autor, 11\/5\/2014; t\u00edtulo original \u201cE l\u00e1 se foi o nosso Myltainho, guerreiro do texto\u201d. Mi\u00fado e franzino, meu amigo Myltainho era um valente e inconformado guerreiro na luta contra as injusti\u00e7as sociais, a hipocrisia, as maracutaias, o autoritarismo, a intoler\u00e2ncia, a viol\u00eancia, o\u2026","rel":"","context":"Em &quot;Geral&quot;","block_context":{"text":"Geral","link":"https:\/\/www.jornalja.com.br\/arquivo\/category\/geral\/"},"img":{"alt_text":"","src":"","width":0,"height":0},"classes":[]}],"jetpack_shortlink":"https:\/\/wp.me\/pbQjBd-eBj","jetpack_featured_media_url":"","_links":{"self":[{"href":"https:\/\/www.jornalja.com.br\/arquivo\/wp-json\/wp\/v2\/posts\/56129","targetHints":{"allow":["GET"]}}],"collection":[{"href":"https:\/\/www.jornalja.com.br\/arquivo\/wp-json\/wp\/v2\/posts"}],"about":[{"href":"https:\/\/www.jornalja.com.br\/arquivo\/wp-json\/wp\/v2\/types\/post"}],"author":[{"embeddable":true,"href":"https:\/\/www.jornalja.com.br\/arquivo\/wp-json\/wp\/v2\/users\/4"}],"replies":[{"embeddable":true,"href":"https:\/\/www.jornalja.com.br\/arquivo\/wp-json\/wp\/v2\/comments?post=56129"}],"version-history":[{"count":0,"href":"https:\/\/www.jornalja.com.br\/arquivo\/wp-json\/wp\/v2\/posts\/56129\/revisions"}],"wp:attachment":[{"href":"https:\/\/www.jornalja.com.br\/arquivo\/wp-json\/wp\/v2\/media?parent=56129"}],"wp:term":[{"taxonomy":"category","embeddable":true,"href":"https:\/\/www.jornalja.com.br\/arquivo\/wp-json\/wp\/v2\/categories?post=56129"},{"taxonomy":"post_tag","embeddable":true,"href":"https:\/\/www.jornalja.com.br\/arquivo\/wp-json\/wp\/v2\/tags?post=56129"}],"curies":[{"name":"wp","href":"https:\/\/api.w.org\/{rel}","templated":true}]}}