{"id":56130,"date":"2017-10-09T17:02:58","date_gmt":"2017-10-09T20:02:58","guid":{"rendered":"https:\/\/www.jornalja.com.br\/?p=56130"},"modified":"2017-10-09T17:02:58","modified_gmt":"2017-10-09T20:02:58","slug":"prefeitura-publica-edital-para-adocao-das-areas-verdes-da-orla-do-guaiba","status":"publish","type":"post","link":"https:\/\/www.jornalja.com.br\/arquivo\/prefeitura-publica-edital-para-adocao-das-areas-verdes-da-orla-do-guaiba\/","title":{"rendered":"Prefeitura publica edital para ado\u00e7\u00e3o das \u00e1reas verdes da orla do Gua\u00edba"},"content":{"rendered":"<p>Est\u00e1 publicado no Di\u00e1rio Oficial de Porto Alegre desta segunda-feira, 09\/10, o edital para ado\u00e7\u00e3o das \u00e1reas verdes do trecho 1 do Parque Urbano da Orla do Gua\u00edba.<br \/>\nO objetivo, segundo a prefeitura, \u00e9 garantir sustentabilidade ao investimento dedicado \u00e0 revitaliza\u00e7\u00e3o do espa\u00e7o entre a Usina do Gas\u00f4metro e a R\u00f3tula das Cuias. O trecho, de 1,3 quil\u00f4metro inclui a Pra\u00e7a J\u00falio Mesquita. A estimativa da prefeitura \u00e9 de um custo anual de manuten\u00e7\u00e3o de R$ 1 milh\u00e3o para o trecho.<br \/>\n\u201cA proposta \u00e9 buscar a participa\u00e7\u00e3o privada para a conserva\u00e7\u00e3o. Dessa forma, pretendemos assegurar a preserva\u00e7\u00e3o dos equipamentos que ser\u00e3o entregues \u00e0 popula\u00e7\u00e3o\u201d, afirma o secret\u00e1rio municipal do Meio Ambiente e da Sustentabilidade, Maur\u00edcio Fernandes.<br \/>\nA manuten\u00e7\u00e3o inclui o paisagismo do local e estruturas como decks, passeios, ancoradouro, passarela met\u00e1lica, recantos infantis, vesti\u00e1rio, quadras esportivas e equipamentos de mobili\u00e1rio urbano, respeitando especifica\u00e7\u00f5es t\u00e9cnicas previstas no documento.<br \/>\nEm contrapartida ao investimento, o adotante poder\u00e1 instalar conjunto de placas de sinaliza\u00e7\u00e3o visual, de natureza institucional, sem explora\u00e7\u00e3o comercial, respeitando a legisla\u00e7\u00e3o e mediante an\u00e1lise da Secretaria Municipal do Meio Ambiente e da Sustentabilidade (Smams).<br \/>\nO prazo previsto para a ado\u00e7\u00e3o \u00e9 de 12 meses, que poder\u00e1 ser prorrogado por igual per\u00edodo. As propostas poder\u00e3o ser apresentadas por qualquer pessoa jur\u00eddica de direito privado.<br \/>\n<a href=\"http:\/\/dopaonlineupload.procempa.com.br\/dopaonlineupload\/2231_ce_20171009_executivo.pdf\">Clique aqui<\/a>\u00a0para acessar o documento (p\u00e1gina 25).<br \/>\n<span class=\"intertit\">Edital para \u00e1reas comerciais ser\u00e1 lan\u00e7ado ainda em 2017<\/span><br \/>\nA pr\u00f3xima etapa do projeto de sustentabilidade para a orla ser\u00e1 o lan\u00e7amento do edital para a sele\u00e7\u00e3o dos permission\u00e1rios que ir\u00e3o administrar as \u00e1reas comerciais, desenvolvido na prefeitura pelas secretarias de Parcerias Estrat\u00e9gicas (SMPE), de Desenvolvimento Econ\u00f4mico (SMDE) e Smams. O edital dever\u00e1 ser lan\u00e7ado at\u00e9 o final do ano.<br \/>\nDurante o per\u00edodo de ado\u00e7\u00e3o do parque, ser\u00e1 estruturado paralelamente um projeto de concess\u00e3o integral do espa\u00e7o.<br \/>\nA prefeitura est\u00e1 em tratativas com o Escrit\u00f3rio de Projetos das Na\u00e7\u00f5es Unidas (Unops), que apoiar\u00e1 a administra\u00e7\u00e3o municipal na modelagem dessa PPP.<br \/>\n<span class=\"intertit\">Inaugura\u00e7\u00e3o da Orla deve ser em 2018<\/span><br \/>\nPrevista inicialmente para outubro, a entrega da revitaliza\u00e7\u00e3o completa da orla do Gua\u00edba, entre a Usina do Gas\u00f4metro e a R\u00f3tula das Cuias, vai ficar para 2018. At\u00e9 o momento, 86% da obra est\u00e1 conclu\u00edda.<\/p>\n","protected":false},"excerpt":{"rendered":"<p>Est\u00e1 publicado no Di\u00e1rio Oficial de Porto Alegre desta segunda-feira, 09\/10, o edital para ado\u00e7\u00e3o das \u00e1reas verdes do trecho 1 do Parque Urbano da Orla do Gua\u00edba. O objetivo, segundo a prefeitura, \u00e9 garantir sustentabilidade ao investimento dedicado \u00e0 revitaliza\u00e7\u00e3o do espa\u00e7o entre a Usina do Gas\u00f4metro e a R\u00f3tula das Cuias. O trecho, [&hellip;]<\/p>\n","protected":false},"author":4,"featured_media":56131,"comment_status":"open","ping_status":"closed","sticky":false,"template":"","format":"standard","meta":{"_jetpack_newsletter_access":"","_jetpack_dont_email_post_to_subs":false,"_jetpack_newsletter_tier_id":0,"_jetpack_memberships_contains_paywalled_content":false,"_jetpack_feature_clip_id":0,"_jetpack_memberships_contains_paid_content":false,"footnotes":"","jetpack_post_was_ever_published":false},"categories":[26],"tags":[],"class_list":["post-56130","post","type-post","status-publish","format-standard","has-post-thumbnail","hentry","category-geral"],"aioseo_notices":[],"aioseo_head":"\n\t\t<!-- All in One SEO 5.0.1.1 - aioseo.com -->\n\t<meta name=\"robots\" content=\"max-image-preview:large\" \/>\n\t<meta name=\"author\" content=\"da Reda\u00e7\u00e3o\"\/>\n\t<link rel=\"canonical\" href=\"https:\/\/www.jornalja.com.br\/arquivo\/prefeitura-publica-edital-para-adocao-das-areas-verdes-da-orla-do-guaiba\/\" \/>\n\t<meta name=\"generator\" content=\"All in One SEO (AIOSEO) 5.0.1.1\" \/>\n\t\t<meta property=\"og:locale\" content=\"pt_BR\" \/>\n\t\t<meta property=\"og:site_name\" content=\"Arquivo | Jornal J\u00c1 | Porto Alegre\" \/>\n\t\t<meta property=\"og:type\" content=\"article\" \/>\n\t\t<meta property=\"og:title\" content=\"Prefeitura publica edital para ado\u00e7\u00e3o das \u00e1reas verdes da orla do Gua\u00edba | Arquivo\" \/>\n\t\t<meta property=\"og:url\" content=\"https:\/\/www.jornalja.com.br\/arquivo\/prefeitura-publica-edital-para-adocao-das-areas-verdes-da-orla-do-guaiba\/\" \/>\n\t\t<meta property=\"og:image\" content=\"https:\/\/www.jornalja.com.br\/economics\/wp-content\/uploads\/sites\/11\/2026\/08\/ja-folhaderosto-facebook.jpg\" \/>\n\t\t<meta property=\"og:image:secure_url\" content=\"https:\/\/www.jornalja.com.br\/economics\/wp-content\/uploads\/sites\/11\/2026\/08\/ja-folhaderosto-facebook.jpg\" \/>\n\t\t<meta property=\"article:published_time\" content=\"2017-10-09T20:02:58+00:00\" \/>\n\t\t<meta property=\"article:modified_time\" content=\"2017-10-09T20:02:58+00:00\" \/>\n\t\t<meta name=\"twitter:card\" content=\"summary\" \/>\n\t\t<meta name=\"twitter:title\" content=\"Prefeitura publica edital para ado\u00e7\u00e3o das \u00e1reas verdes da orla do Gua\u00edba | Arquivo\" \/>\n\t\t<meta name=\"twitter:image\" content=\"https:\/\/www.jornalja.com.br\/economics\/wp-content\/uploads\/sites\/11\/2026\/08\/ja-folhaderosto-facebook.jpg\" \/>\n\t\t<script type=\"application\/ld+json\" class=\"aioseo-schema\">\n\t\t\t{\"@context\":\"https:\\\/\\\/schema.org\",\"@graph\":[{\"@type\":\"BlogPosting\",\"@id\":\"https:\\\/\\\/www.jornalja.com.br\\\/arquivo\\\/prefeitura-publica-edital-para-adocao-das-areas-verdes-da-orla-do-guaiba\\\/#blogposting\",\"name\":\"Prefeitura publica edital para ado\\u00e7\\u00e3o das \\u00e1reas verdes da orla do Gua\\u00edba | Arquivo\",\"headline\":\"Prefeitura publica edital para ado\\u00e7\\u00e3o das \\u00e1reas verdes da orla do Gua\\u00edba\",\"author\":{\"@id\":\"https:\\\/\\\/www.jornalja.com.br\\\/arquivo\\\/author\\\/daredacao\\\/#author\"},\"publisher\":{\"@id\":\"https:\\\/\\\/www.jornalja.com.br\\\/arquivo\\\/#organization\"},\"image\":{\"@type\":\"ImageObject\",\"url\":56131},\"datePublished\":\"2017-10-09T17:02:58-03:00\",\"dateModified\":\"2017-10-09T17:02:58-03:00\",\"inLanguage\":\"pt-BR\",\"mainEntityOfPage\":{\"@id\":\"https:\\\/\\\/www.jornalja.com.br\\\/arquivo\\\/prefeitura-publica-edital-para-adocao-das-areas-verdes-da-orla-do-guaiba\\\/#webpage\"},\"isPartOf\":{\"@id\":\"https:\\\/\\\/www.jornalja.com.br\\\/arquivo\\\/prefeitura-publica-edital-para-adocao-das-areas-verdes-da-orla-do-guaiba\\\/#webpage\"},\"articleSection\":\"Geral\"},{\"@type\":\"BreadcrumbList\",\"@id\":\"https:\\\/\\\/www.jornalja.com.br\\\/arquivo\\\/prefeitura-publica-edital-para-adocao-das-areas-verdes-da-orla-do-guaiba\\\/#breadcrumblist\",\"itemListElement\":[{\"@type\":\"ListItem\",\"@id\":\"https:\\\/\\\/www.jornalja.com.br\\\/arquivo#listItem\",\"position\":1,\"name\":\"Home\",\"item\":\"https:\\\/\\\/www.jornalja.com.br\\\/arquivo\",\"nextItem\":{\"@type\":\"ListItem\",\"@id\":\"https:\\\/\\\/www.jornalja.com.br\\\/arquivo\\\/category\\\/geral\\\/#listItem\",\"name\":\"Geral\"}},{\"@type\":\"ListItem\",\"@id\":\"https:\\\/\\\/www.jornalja.com.br\\\/arquivo\\\/category\\\/geral\\\/#listItem\",\"position\":2,\"name\":\"Geral\",\"item\":\"https:\\\/\\\/www.jornalja.com.br\\\/arquivo\\\/category\\\/geral\\\/\",\"nextItem\":{\"@type\":\"ListItem\",\"@id\":\"https:\\\/\\\/www.jornalja.com.br\\\/arquivo\\\/prefeitura-publica-edital-para-adocao-das-areas-verdes-da-orla-do-guaiba\\\/#listItem\",\"name\":\"Prefeitura publica edital para ado\\u00e7\\u00e3o das \\u00e1reas verdes da orla do Gua\\u00edba\"},\"previousItem\":{\"@type\":\"ListItem\",\"@id\":\"https:\\\/\\\/www.jornalja.com.br\\\/arquivo#listItem\",\"name\":\"Home\"}},{\"@type\":\"ListItem\",\"@id\":\"https:\\\/\\\/www.jornalja.com.br\\\/arquivo\\\/prefeitura-publica-edital-para-adocao-das-areas-verdes-da-orla-do-guaiba\\\/#listItem\",\"position\":3,\"name\":\"Prefeitura publica edital para ado\\u00e7\\u00e3o das \\u00e1reas verdes da orla do Gua\\u00edba\",\"previousItem\":{\"@type\":\"ListItem\",\"@id\":\"https:\\\/\\\/www.jornalja.com.br\\\/arquivo\\\/category\\\/geral\\\/#listItem\",\"name\":\"Geral\"}}]},{\"@type\":\"Organization\",\"@id\":\"https:\\\/\\\/www.jornalja.com.br\\\/arquivo\\\/#organization\",\"name\":\"Jornal J\\u00c1\",\"description\":\"Jornal J\\u00c1 | Porto Alegre\",\"url\":\"https:\\\/\\\/www.jornalja.com.br\\\/arquivo\\\/\",\"telephone\":\"+555133307272\",\"logo\":{\"@type\":\"ImageObject\",\"url\":\"https:\\\/\\\/www.jornalja.com.br\\\/wp-content\\\/uploads\\\/cards\\\/JAslogan.png\",\"@id\":\"https:\\\/\\\/www.jornalja.com.br\\\/arquivo\\\/prefeitura-publica-edital-para-adocao-das-areas-verdes-da-orla-do-guaiba\\\/#organizationLogo\"},\"image\":{\"@id\":\"https:\\\/\\\/www.jornalja.com.br\\\/arquivo\\\/prefeitura-publica-edital-para-adocao-das-areas-verdes-da-orla-do-guaiba\\\/#organizationLogo\"}},{\"@type\":\"Person\",\"@id\":\"https:\\\/\\\/www.jornalja.com.br\\\/arquivo\\\/author\\\/daredacao\\\/#author\",\"url\":\"https:\\\/\\\/www.jornalja.com.br\\\/arquivo\\\/author\\\/daredacao\\\/\",\"name\":\"da Reda\\u00e7\\u00e3o\",\"image\":{\"@type\":\"ImageObject\",\"@id\":\"https:\\\/\\\/www.jornalja.com.br\\\/arquivo\\\/prefeitura-publica-edital-para-adocao-das-areas-verdes-da-orla-do-guaiba\\\/#authorImage\",\"url\":\"https:\\\/\\\/secure.gravatar.com\\\/avatar\\\/469fd857d6605ad19919d27ed29d35a968a25f6e8fd9318356bbb7f57aae9c65?s=96&d=mm&r=g\",\"width\":96,\"height\":96,\"caption\":\"da Reda\\u00e7\\u00e3o\"}},{\"@type\":\"WebPage\",\"@id\":\"https:\\\/\\\/www.jornalja.com.br\\\/arquivo\\\/prefeitura-publica-edital-para-adocao-das-areas-verdes-da-orla-do-guaiba\\\/#webpage\",\"url\":\"https:\\\/\\\/www.jornalja.com.br\\\/arquivo\\\/prefeitura-publica-edital-para-adocao-das-areas-verdes-da-orla-do-guaiba\\\/\",\"name\":\"Prefeitura publica edital para ado\\u00e7\\u00e3o das \\u00e1reas verdes da orla do Gua\\u00edba | Arquivo\",\"inLanguage\":\"pt-BR\",\"isPartOf\":{\"@id\":\"https:\\\/\\\/www.jornalja.com.br\\\/arquivo\\\/#website\"},\"breadcrumb\":{\"@id\":\"https:\\\/\\\/www.jornalja.com.br\\\/arquivo\\\/prefeitura-publica-edital-para-adocao-das-areas-verdes-da-orla-do-guaiba\\\/#breadcrumblist\"},\"author\":{\"@id\":\"https:\\\/\\\/www.jornalja.com.br\\\/arquivo\\\/author\\\/daredacao\\\/#author\"},\"creator\":{\"@id\":\"https:\\\/\\\/www.jornalja.com.br\\\/arquivo\\\/author\\\/daredacao\\\/#author\"},\"image\":{\"@type\":\"ImageObject\",\"url\":56131,\"@id\":\"https:\\\/\\\/www.jornalja.com.br\\\/arquivo\\\/prefeitura-publica-edital-para-adocao-das-areas-verdes-da-orla-do-guaiba\\\/#mainImage\"},\"primaryImageOfPage\":{\"@id\":\"https:\\\/\\\/www.jornalja.com.br\\\/arquivo\\\/prefeitura-publica-edital-para-adocao-das-areas-verdes-da-orla-do-guaiba\\\/#mainImage\"},\"datePublished\":\"2017-10-09T17:02:58-03:00\",\"dateModified\":\"2017-10-09T17:02:58-03:00\"},{\"@type\":\"WebSite\",\"@id\":\"https:\\\/\\\/www.jornalja.com.br\\\/arquivo\\\/#website\",\"url\":\"https:\\\/\\\/www.jornalja.com.br\\\/arquivo\\\/\",\"name\":\"Arquivo\",\"description\":\"Jornal J\\u00c1 | Porto Alegre\",\"inLanguage\":\"pt-BR\",\"publisher\":{\"@id\":\"https:\\\/\\\/www.jornalja.com.br\\\/arquivo\\\/#organization\"}}]}\n\t\t<\/script>\n\t\t<!-- All in One SEO -->\n\n","aioseo_head_json":{"title":"Prefeitura publica edital para ado\u00e7\u00e3o das \u00e1reas verdes da orla do Gua\u00edba | Arquivo","description":"","canonical_url":"https:\/\/www.jornalja.com.br\/arquivo\/prefeitura-publica-edital-para-adocao-das-areas-verdes-da-orla-do-guaiba\/","robots":"max-image-preview:large","keywords":"","webmasterTools":{"miscellaneous":""},"schema":{"@context":"https:\/\/schema.org","@graph":[{"@type":"BlogPosting","@id":"https:\/\/www.jornalja.com.br\/arquivo\/prefeitura-publica-edital-para-adocao-das-areas-verdes-da-orla-do-guaiba\/#blogposting","name":"Prefeitura publica edital para ado\u00e7\u00e3o das \u00e1reas verdes da orla do Gua\u00edba | Arquivo","headline":"Prefeitura publica edital para ado\u00e7\u00e3o das \u00e1reas verdes da orla do Gua\u00edba","author":{"@id":"https:\/\/www.jornalja.com.br\/arquivo\/author\/daredacao\/#author"},"publisher":{"@id":"https:\/\/www.jornalja.com.br\/arquivo\/#organization"},"image":{"@type":"ImageObject","url":56131},"datePublished":"2017-10-09T17:02:58-03:00","dateModified":"2017-10-09T17:02:58-03:00","inLanguage":"pt-BR","mainEntityOfPage":{"@id":"https:\/\/www.jornalja.com.br\/arquivo\/prefeitura-publica-edital-para-adocao-das-areas-verdes-da-orla-do-guaiba\/#webpage"},"isPartOf":{"@id":"https:\/\/www.jornalja.com.br\/arquivo\/prefeitura-publica-edital-para-adocao-das-areas-verdes-da-orla-do-guaiba\/#webpage"},"articleSection":"Geral"},{"@type":"BreadcrumbList","@id":"https:\/\/www.jornalja.com.br\/arquivo\/prefeitura-publica-edital-para-adocao-das-areas-verdes-da-orla-do-guaiba\/#breadcrumblist","itemListElement":[{"@type":"ListItem","@id":"https:\/\/www.jornalja.com.br\/arquivo#listItem","position":1,"name":"Home","item":"https:\/\/www.jornalja.com.br\/arquivo","nextItem":{"@type":"ListItem","@id":"https:\/\/www.jornalja.com.br\/arquivo\/category\/geral\/#listItem","name":"Geral"}},{"@type":"ListItem","@id":"https:\/\/www.jornalja.com.br\/arquivo\/category\/geral\/#listItem","position":2,"name":"Geral","item":"https:\/\/www.jornalja.com.br\/arquivo\/category\/geral\/","nextItem":{"@type":"ListItem","@id":"https:\/\/www.jornalja.com.br\/arquivo\/prefeitura-publica-edital-para-adocao-das-areas-verdes-da-orla-do-guaiba\/#listItem","name":"Prefeitura publica edital para ado\u00e7\u00e3o das \u00e1reas verdes da orla do Gua\u00edba"},"previousItem":{"@type":"ListItem","@id":"https:\/\/www.jornalja.com.br\/arquivo#listItem","name":"Home"}},{"@type":"ListItem","@id":"https:\/\/www.jornalja.com.br\/arquivo\/prefeitura-publica-edital-para-adocao-das-areas-verdes-da-orla-do-guaiba\/#listItem","position":3,"name":"Prefeitura publica edital para ado\u00e7\u00e3o das \u00e1reas verdes da orla do Gua\u00edba","previousItem":{"@type":"ListItem","@id":"https:\/\/www.jornalja.com.br\/arquivo\/category\/geral\/#listItem","name":"Geral"}}]},{"@type":"Organization","@id":"https:\/\/www.jornalja.com.br\/arquivo\/#organization","name":"Jornal J\u00c1","description":"Jornal J\u00c1 | Porto Alegre","url":"https:\/\/www.jornalja.com.br\/arquivo\/","telephone":"+555133307272","logo":{"@type":"ImageObject","url":"https:\/\/www.jornalja.com.br\/wp-content\/uploads\/cards\/JAslogan.png","@id":"https:\/\/www.jornalja.com.br\/arquivo\/prefeitura-publica-edital-para-adocao-das-areas-verdes-da-orla-do-guaiba\/#organizationLogo"},"image":{"@id":"https:\/\/www.jornalja.com.br\/arquivo\/prefeitura-publica-edital-para-adocao-das-areas-verdes-da-orla-do-guaiba\/#organizationLogo"}},{"@type":"Person","@id":"https:\/\/www.jornalja.com.br\/arquivo\/author\/daredacao\/#author","url":"https:\/\/www.jornalja.com.br\/arquivo\/author\/daredacao\/","name":"da Reda\u00e7\u00e3o","image":{"@type":"ImageObject","@id":"https:\/\/www.jornalja.com.br\/arquivo\/prefeitura-publica-edital-para-adocao-das-areas-verdes-da-orla-do-guaiba\/#authorImage","url":"https:\/\/secure.gravatar.com\/avatar\/469fd857d6605ad19919d27ed29d35a968a25f6e8fd9318356bbb7f57aae9c65?s=96&d=mm&r=g","width":96,"height":96,"caption":"da Reda\u00e7\u00e3o"}},{"@type":"WebPage","@id":"https:\/\/www.jornalja.com.br\/arquivo\/prefeitura-publica-edital-para-adocao-das-areas-verdes-da-orla-do-guaiba\/#webpage","url":"https:\/\/www.jornalja.com.br\/arquivo\/prefeitura-publica-edital-para-adocao-das-areas-verdes-da-orla-do-guaiba\/","name":"Prefeitura publica edital para ado\u00e7\u00e3o das \u00e1reas verdes da orla do Gua\u00edba | Arquivo","inLanguage":"pt-BR","isPartOf":{"@id":"https:\/\/www.jornalja.com.br\/arquivo\/#website"},"breadcrumb":{"@id":"https:\/\/www.jornalja.com.br\/arquivo\/prefeitura-publica-edital-para-adocao-das-areas-verdes-da-orla-do-guaiba\/#breadcrumblist"},"author":{"@id":"https:\/\/www.jornalja.com.br\/arquivo\/author\/daredacao\/#author"},"creator":{"@id":"https:\/\/www.jornalja.com.br\/arquivo\/author\/daredacao\/#author"},"image":{"@type":"ImageObject","url":56131,"@id":"https:\/\/www.jornalja.com.br\/arquivo\/prefeitura-publica-edital-para-adocao-das-areas-verdes-da-orla-do-guaiba\/#mainImage"},"primaryImageOfPage":{"@id":"https:\/\/www.jornalja.com.br\/arquivo\/prefeitura-publica-edital-para-adocao-das-areas-verdes-da-orla-do-guaiba\/#mainImage"},"datePublished":"2017-10-09T17:02:58-03:00","dateModified":"2017-10-09T17:02:58-03:00"},{"@type":"WebSite","@id":"https:\/\/www.jornalja.com.br\/arquivo\/#website","url":"https:\/\/www.jornalja.com.br\/arquivo\/","name":"Arquivo","description":"Jornal J\u00c1 | Porto Alegre","inLanguage":"pt-BR","publisher":{"@id":"https:\/\/www.jornalja.com.br\/arquivo\/#organization"}}]},"og:locale":"pt_BR","og:site_name":"Arquivo | Jornal J\u00c1 | Porto Alegre","og:type":"article","og:title":"Prefeitura publica edital para ado\u00e7\u00e3o das \u00e1reas verdes da orla do Gua\u00edba | Arquivo","og:url":"https:\/\/www.jornalja.com.br\/arquivo\/prefeitura-publica-edital-para-adocao-das-areas-verdes-da-orla-do-guaiba\/","og:image":"https:\/\/www.jornalja.com.br\/economics\/wp-content\/uploads\/sites\/11\/2026\/08\/ja-folhaderosto-facebook.jpg","og:image:secure_url":"https:\/\/www.jornalja.com.br\/economics\/wp-content\/uploads\/sites\/11\/2026\/08\/ja-folhaderosto-facebook.jpg","article:published_time":"2017-10-09T20:02:58+00:00","article:modified_time":"2017-10-09T20:02:58+00:00","twitter:card":"summary","twitter:title":"Prefeitura publica edital para ado\u00e7\u00e3o das \u00e1reas verdes da orla do Gua\u00edba | Arquivo","twitter:image":"https:\/\/www.jornalja.com.br\/economics\/wp-content\/uploads\/sites\/11\/2026\/08\/ja-folhaderosto-facebook.jpg"},"aioseo_meta_data":{"post_id":"56130","title":null,"description":null,"keywords":null,"keyphrases":null,"primary_term":null,"canonical_url":null,"og_title":null,"og_description":null,"og_object_type":"default","og_image_type":"default","og_image_url":null,"og_image_width":null,"og_image_height":null,"og_image_custom_url":null,"og_image_custom_fields":null,"og_video":null,"og_custom_url":null,"og_article_section":null,"og_article_tags":null,"twitter_use_og":false,"twitter_card":"default","twitter_image_type":"default","twitter_image_url":null,"twitter_image_custom_url":null,"twitter_image_custom_fields":null,"twitter_title":null,"twitter_description":null,"schema":{"blockGraphs":[],"customGraphs":[],"default":{"data":{"Article":[],"Course":[],"Dataset":[],"FAQPage":[],"Movie":[],"Person":[],"Product":[],"ProductReview":[],"Car":[],"Recipe":[],"Service":[],"SoftwareApplication":[],"WebPage":[]},"graphName":"","isEnabled":true},"graphs":[],"defaultGraph":"","defaultPostTypeGraph":""},"schema_type":null,"schema_type_options":null,"pillar_content":false,"robots_default":true,"robots_noindex":false,"robots_noarchive":false,"robots_nosnippet":false,"robots_nofollow":false,"robots_noimageindex":false,"robots_noodp":false,"robots_notranslate":false,"robots_max_snippet":null,"robots_max_videopreview":null,"robots_max_imagepreview":"large","priority":null,"frequency":null,"location":null,"local_seo":null,"breadcrumb_settings":null,"limit_modified_date":false,"ai":null,"created":"2020-12-20 20:21:53","updated":"2025-07-20 01:42:38","seo_analyzer_scan_date":null,"focus_keyword":null,"additional_keywords":null,"truseo_locale":null},"jetpack_sharing_enabled":true,"jetpack-related-posts":[{"id":14241,"url":"https:\/\/www.jornalja.com.br\/arquivo\/o-guaiba-nas-imagens-poeticas-de-achutti\/","url_meta":{"origin":56130,"position":0},"title":"O Gua\u00edba nas imagens po\u00e9ticas de Achutti","author":"da Reda\u00e7\u00e3o","date":"18 de junho de 2014","format":false,"excerpt":"Em \u201cO Gua\u00edba por Achutti\u201d \u2013 obra financiada via Minist\u00e9rio da Cultura, produ\u00e7\u00e3o executiva de Pedro Longhi, e Fl\u00e1vio Wild como designer \u2013, o fot\u00f3grafo revela a beleza e as mazelas de um espa\u00e7o aqu\u00e1tico de \u00e1guas sempre renovadas, cheio de hist\u00f3rias e lendas como as das cidades que foram\u2026","rel":"","context":"Em &quot;Cultura-Geral&quot;","block_context":{"text":"Cultura-Geral","link":"https:\/\/www.jornalja.com.br\/arquivo\/category\/materiasecundaria\/"},"img":{"alt_text":"","src":"","width":0,"height":0},"classes":[]},{"id":13124,"url":"https:\/\/www.jornalja.com.br\/arquivo\/sangue-latino-no-iecine\/","url_meta":{"origin":56130,"position":1},"title":"Sangue latino no IECINE","author":"da Reda\u00e7\u00e3o","date":"18 de maio de 2014","format":false,"excerpt":"Francisco Ribeiro O Instituto Estadual de Cinema (IECINE) tem a frente, desde abril \u00faltimo, um novo diretor, o cineasta colombiano Juan Zapata, 36, que substitui Luiz Alberto Cassol. Radicado h\u00e1 dez anos em Porto Alegre, Zapata tem diante de si o desafio de conduzir at\u00e9 o final do ano um\u2026","rel":"","context":"Em &quot;Cultura-Geral&quot;","block_context":{"text":"Cultura-Geral","link":"https:\/\/www.jornalja.com.br\/arquivo\/category\/materiasecundaria\/"},"img":{"alt_text":"","src":"","width":0,"height":0},"classes":[]},{"id":12960,"url":"https:\/\/www.jornalja.com.br\/arquivo\/populacao-culpa-empresas-pela-greve-dos-rodoviarios\/","url_meta":{"origin":56130,"position":2},"title":"Popula\u00e7\u00e3o culpa empresas pela greve","author":"Patr\u00edcia Marini","date":"14 de fevereiro de 2014","format":false,"excerpt":"Pesquisa divulgada na edi\u00e7\u00e3o do jornal Metro desta sexta-feira,14, comprova o velho ditado: \u00e9 poss\u00edvel enganar muitos por algum tempo, mas n\u00e3o \u00e9 poss\u00edvel enganar a todos o tempo inteiro. A principal revela\u00e7\u00e3o foi que 59,8% dos entrevistados apontaram as empresas como as principais respons\u00e1veis pela grave e 46% culparam\u2026","rel":"","context":"Em &quot;X.Categorias velhas&quot;","block_context":{"text":"X.Categorias velhas","link":"https:\/\/www.jornalja.com.br\/arquivo\/category\/x-categorias-velhas\/"},"img":{"alt_text":"","src":"","width":0,"height":0},"classes":[]},{"id":5440,"url":"https:\/\/www.jornalja.com.br\/arquivo\/casarao-da-venancio-destino-permanece-incerto\/","url_meta":{"origin":56130,"position":3},"title":"Estado ainda n\u00e3o sabe o que fazer com casar\u00e3o abandonado h\u00e1 20 anos","author":"Elmar Bones","date":"6 de julho de 2009","format":false,"excerpt":"O casar\u00e3o amarelo, numa esquina nobre de Porto Alegre (Ven\u00e2ncio Aires com Jo\u00e3o Pessoa), j\u00e1 abrigou uma escola. H\u00e1 duas d\u00e9cadas, pelo menos, est\u00e1 abandonado, porque seu propriet\u00e1rio, o governo do Estado do Rio Grande do Sul, n\u00e3o consegue achar um destino para ele. Planos n\u00e3o faltaram. O governador Ol\u00edvio\u2026","rel":"","context":"Em &quot;X.Categorias velhas&quot;","block_context":{"text":"X.Categorias velhas","link":"https:\/\/www.jornalja.com.br\/arquivo\/category\/x-categorias-velhas\/"},"img":{"alt_text":"geraldo1","src":"https:\/\/i0.wp.com\/www.jornalja.com.br\/wp-content\/uploads\/2009\/07\/geraldo1.jpg?resize=350%2C200&ssl=1","width":350,"height":200},"classes":[]},{"id":13240,"url":"https:\/\/www.jornalja.com.br\/arquivo\/plano-diretor-estamos-construindo-o-caos\/","url_meta":{"origin":56130,"position":4},"title":"Plano diretor: &quot;Estamos construindo o caos&quot;","author":"Patr\u00edcia Marini","date":"26 de maio de 2014","format":false,"excerpt":"Desabafo que arquiteta Eliana Castilhos, delegada da Regi\u00e3o de Planejamento 1, postou nas redes sociais \u00e9 um testemunho do ambiente que se criou no Conselho do Plano Diretor de Porto Alegre, onde a aprova\u00e7\u00e3o de grandes empreendimentos \u00e9 empurrada guela abaixo dos conselheiros. Ao CMDUA Como delegada da Regi\u00e3o de\u2026","rel":"","context":"Em &quot;Geral&quot;","block_context":{"text":"Geral","link":"https:\/\/www.jornalja.com.br\/arquivo\/category\/geral\/"},"img":{"alt_text":"","src":"","width":0,"height":0},"classes":[]},{"id":13101,"url":"https:\/\/www.jornalja.com.br\/arquivo\/morre-um-guerreiro-do-texto\/","url_meta":{"origin":56130,"position":5},"title":"Morre um guerreiro do texto","author":"Patr\u00edcia Marini","date":"14 de maio de 2014","format":false,"excerpt":"Por Ricardo Kotscho Reproduzido do blog do autor, 11\/5\/2014; t\u00edtulo original \u201cE l\u00e1 se foi o nosso Myltainho, guerreiro do texto\u201d. Mi\u00fado e franzino, meu amigo Myltainho era um valente e inconformado guerreiro na luta contra as injusti\u00e7as sociais, a hipocrisia, as maracutaias, o autoritarismo, a intoler\u00e2ncia, a viol\u00eancia, o\u2026","rel":"","context":"Em &quot;Geral&quot;","block_context":{"text":"Geral","link":"https:\/\/www.jornalja.com.br\/arquivo\/category\/geral\/"},"img":{"alt_text":"","src":"","width":0,"height":0},"classes":[]}],"jetpack_shortlink":"https:\/\/wp.me\/pbQjBd-eBk","jetpack_featured_media_url":"","_links":{"self":[{"href":"https:\/\/www.jornalja.com.br\/arquivo\/wp-json\/wp\/v2\/posts\/56130","targetHints":{"allow":["GET"]}}],"collection":[{"href":"https:\/\/www.jornalja.com.br\/arquivo\/wp-json\/wp\/v2\/posts"}],"about":[{"href":"https:\/\/www.jornalja.com.br\/arquivo\/wp-json\/wp\/v2\/types\/post"}],"author":[{"embeddable":true,"href":"https:\/\/www.jornalja.com.br\/arquivo\/wp-json\/wp\/v2\/users\/4"}],"replies":[{"embeddable":true,"href":"https:\/\/www.jornalja.com.br\/arquivo\/wp-json\/wp\/v2\/comments?post=56130"}],"version-history":[{"count":0,"href":"https:\/\/www.jornalja.com.br\/arquivo\/wp-json\/wp\/v2\/posts\/56130\/revisions"}],"wp:attachment":[{"href":"https:\/\/www.jornalja.com.br\/arquivo\/wp-json\/wp\/v2\/media?parent=56130"}],"wp:term":[{"taxonomy":"category","embeddable":true,"href":"https:\/\/www.jornalja.com.br\/arquivo\/wp-json\/wp\/v2\/categories?post=56130"},{"taxonomy":"post_tag","embeddable":true,"href":"https:\/\/www.jornalja.com.br\/arquivo\/wp-json\/wp\/v2\/tags?post=56130"}],"curies":[{"name":"wp","href":"https:\/\/api.w.org\/{rel}","templated":true}]}}