{"id":56186,"date":"2017-10-10T23:57:31","date_gmt":"2017-10-11T02:57:31","guid":{"rendered":"https:\/\/www.jornalja.com.br\/?p=56186"},"modified":"2017-10-10T23:57:31","modified_gmt":"2017-10-11T02:57:31","slug":"gilmar-mendes-suspende-negociacao-trabalhista-com-servidores-das-fundacoes-estaduais","status":"publish","type":"post","link":"https:\/\/www.jornalja.com.br\/arquivo\/gilmar-mendes-suspende-negociacao-trabalhista-com-servidores-das-fundacoes-estaduais\/","title":{"rendered":"Gilmar Mendes suspende negocia\u00e7\u00e3o trabalhista com servidores das funda\u00e7\u00f5es estaduais"},"content":{"rendered":"<p>O ministro do Supremo Tribunal Federal (STF), Gilmar Mendes, determinou nesta ter\u00e7a-feira, 10\/10, a suspens\u00e3o de todas decis\u00f5es judiciais do Tribunal Regional do Trabalho da 4\u00aa Regi\u00e3o que condicionam a negocia\u00e7\u00e3o coletiva pr\u00e9via para concluir o processo de extin\u00e7\u00e3o de seis funda\u00e7\u00f5es p\u00fablicas: Zoobot\u00e2nica, Cientec, FEE, Piratini, FDRH e Metroplan; da Superintend\u00eancia de Portos e Hidrovias (SPH); e da Companhia Rio-Grandense de Artes Gr\u00e1ficas (Corag).<br \/>\n\u201c<em>Assim, tendo em vista a urg\u00eancia que o assunto requer, dado o perigo de les\u00e3o grave ao or\u00e7amento estadual, defiro a liminar, ad referendum do Pleno (Lei n. 9.882, de 1999, art. 5\u00ba, \u00a7\u00a7 1\u00ba e 3\u00ba) e at\u00e9 o julgamento final desta ADPF, para determinar a suspens\u00e3o de todos os processos em curso e dos efeitos de decis\u00f5es judiciais proferidas pelos Ju\u00edzos vinculados ao Tribunal Regional do Trabalho da 4\u00aa Regi\u00e3o que condicionem a extin\u00e7\u00e3o de entidades da Administra\u00e7\u00e3o P\u00fablica do Estado do Rio Grande do Sul \u00e0 conclus\u00e3o de negocia\u00e7\u00f5es coletivas no \u00e2mbito da Justi\u00e7a do Trabalho&#8230;.\u201d<\/em>, concluiu o ministro Gilmar Mendes em seu julgamento.<br \/>\nA Procuradoria-Geral do Estado (PGE) ingressou no dia 5 deste m\u00eas de outubro com pedido de medida cautelar no STF para suspender imediatamente as decis\u00f5es judiciais que determinavam a negocia\u00e7\u00e3o coletiva pr\u00e9via para concluir o processo de extin\u00e7\u00e3o das funda\u00e7\u00f5es p\u00fablicas, da SPH e da Corag, aprovado em dezembro do ano passado pela Assembleia Legislativa.<br \/>\nA liminar ainda dever\u00e1 ser analisada no pleno do STF.<\/p>\n","protected":false},"excerpt":{"rendered":"<p>O ministro do Supremo Tribunal Federal (STF), Gilmar Mendes, determinou nesta ter\u00e7a-feira, 10\/10, a suspens\u00e3o de todas decis\u00f5es judiciais do Tribunal Regional do Trabalho da 4\u00aa Regi\u00e3o que condicionam a negocia\u00e7\u00e3o coletiva pr\u00e9via para concluir o processo de extin\u00e7\u00e3o de seis funda\u00e7\u00f5es p\u00fablicas: Zoobot\u00e2nica, Cientec, FEE, Piratini, FDRH e Metroplan; da Superintend\u00eancia de Portos e [&hellip;]<\/p>\n","protected":false},"author":4,"featured_media":41618,"comment_status":"open","ping_status":"closed","sticky":false,"template":"","format":"standard","meta":{"_jetpack_newsletter_access":"","_jetpack_dont_email_post_to_subs":false,"_jetpack_newsletter_tier_id":0,"_jetpack_memberships_contains_paywalled_content":false,"_jetpack_feature_clip_id":0,"_jetpack_memberships_contains_paid_content":false,"footnotes":"","jetpack_post_was_ever_published":false},"categories":[26],"tags":[],"class_list":["post-56186","post","type-post","status-publish","format-standard","has-post-thumbnail","hentry","category-geral"],"aioseo_notices":[],"aioseo_head":"\n\t\t<!-- All in One SEO 5.0.1.1 - aioseo.com -->\n\t<meta name=\"robots\" content=\"max-image-preview:large\" \/>\n\t<meta name=\"author\" content=\"da Reda\u00e7\u00e3o\"\/>\n\t<link rel=\"canonical\" href=\"https:\/\/www.jornalja.com.br\/arquivo\/gilmar-mendes-suspende-negociacao-trabalhista-com-servidores-das-fundacoes-estaduais\/\" \/>\n\t<meta name=\"generator\" content=\"All in One SEO (AIOSEO) 5.0.1.1\" \/>\n\t\t<meta property=\"og:locale\" content=\"pt_BR\" \/>\n\t\t<meta property=\"og:site_name\" content=\"Arquivo | Jornal J\u00c1 | Porto Alegre\" \/>\n\t\t<meta property=\"og:type\" content=\"article\" \/>\n\t\t<meta property=\"og:title\" content=\"Gilmar Mendes suspende negocia\u00e7\u00e3o trabalhista com servidores das funda\u00e7\u00f5es estaduais | Arquivo\" \/>\n\t\t<meta property=\"og:url\" content=\"https:\/\/www.jornalja.com.br\/arquivo\/gilmar-mendes-suspende-negociacao-trabalhista-com-servidores-das-fundacoes-estaduais\/\" \/>\n\t\t<meta property=\"og:image\" content=\"https:\/\/www.jornalja.com.br\/economics\/wp-content\/uploads\/sites\/11\/2026\/08\/ja-folhaderosto-facebook.jpg\" \/>\n\t\t<meta property=\"og:image:secure_url\" content=\"https:\/\/www.jornalja.com.br\/economics\/wp-content\/uploads\/sites\/11\/2026\/08\/ja-folhaderosto-facebook.jpg\" \/>\n\t\t<meta property=\"article:published_time\" content=\"2017-10-11T02:57:31+00:00\" \/>\n\t\t<meta property=\"article:modified_time\" content=\"2017-10-11T02:57:31+00:00\" \/>\n\t\t<meta name=\"twitter:card\" content=\"summary\" \/>\n\t\t<meta name=\"twitter:title\" content=\"Gilmar Mendes suspende negocia\u00e7\u00e3o trabalhista com servidores das funda\u00e7\u00f5es estaduais | Arquivo\" \/>\n\t\t<meta name=\"twitter:image\" content=\"https:\/\/www.jornalja.com.br\/economics\/wp-content\/uploads\/sites\/11\/2026\/08\/ja-folhaderosto-facebook.jpg\" \/>\n\t\t<script type=\"application\/ld+json\" class=\"aioseo-schema\">\n\t\t\t{\"@context\":\"https:\\\/\\\/schema.org\",\"@graph\":[{\"@type\":\"BlogPosting\",\"@id\":\"https:\\\/\\\/www.jornalja.com.br\\\/arquivo\\\/gilmar-mendes-suspende-negociacao-trabalhista-com-servidores-das-fundacoes-estaduais\\\/#blogposting\",\"name\":\"Gilmar Mendes suspende negocia\\u00e7\\u00e3o trabalhista com servidores das funda\\u00e7\\u00f5es estaduais | Arquivo\",\"headline\":\"Gilmar Mendes suspende negocia\\u00e7\\u00e3o trabalhista com servidores das funda\\u00e7\\u00f5es estaduais\",\"author\":{\"@id\":\"https:\\\/\\\/www.jornalja.com.br\\\/arquivo\\\/author\\\/daredacao\\\/#author\"},\"publisher\":{\"@id\":\"https:\\\/\\\/www.jornalja.com.br\\\/arquivo\\\/#organization\"},\"image\":{\"@type\":\"ImageObject\",\"url\":41618},\"datePublished\":\"2017-10-10T23:57:31-03:00\",\"dateModified\":\"2017-10-10T23:57:31-03:00\",\"inLanguage\":\"pt-BR\",\"mainEntityOfPage\":{\"@id\":\"https:\\\/\\\/www.jornalja.com.br\\\/arquivo\\\/gilmar-mendes-suspende-negociacao-trabalhista-com-servidores-das-fundacoes-estaduais\\\/#webpage\"},\"isPartOf\":{\"@id\":\"https:\\\/\\\/www.jornalja.com.br\\\/arquivo\\\/gilmar-mendes-suspende-negociacao-trabalhista-com-servidores-das-fundacoes-estaduais\\\/#webpage\"},\"articleSection\":\"Geral\"},{\"@type\":\"BreadcrumbList\",\"@id\":\"https:\\\/\\\/www.jornalja.com.br\\\/arquivo\\\/gilmar-mendes-suspende-negociacao-trabalhista-com-servidores-das-fundacoes-estaduais\\\/#breadcrumblist\",\"itemListElement\":[{\"@type\":\"ListItem\",\"@id\":\"https:\\\/\\\/www.jornalja.com.br\\\/arquivo#listItem\",\"position\":1,\"name\":\"Home\",\"item\":\"https:\\\/\\\/www.jornalja.com.br\\\/arquivo\",\"nextItem\":{\"@type\":\"ListItem\",\"@id\":\"https:\\\/\\\/www.jornalja.com.br\\\/arquivo\\\/category\\\/geral\\\/#listItem\",\"name\":\"Geral\"}},{\"@type\":\"ListItem\",\"@id\":\"https:\\\/\\\/www.jornalja.com.br\\\/arquivo\\\/category\\\/geral\\\/#listItem\",\"position\":2,\"name\":\"Geral\",\"item\":\"https:\\\/\\\/www.jornalja.com.br\\\/arquivo\\\/category\\\/geral\\\/\",\"nextItem\":{\"@type\":\"ListItem\",\"@id\":\"https:\\\/\\\/www.jornalja.com.br\\\/arquivo\\\/gilmar-mendes-suspende-negociacao-trabalhista-com-servidores-das-fundacoes-estaduais\\\/#listItem\",\"name\":\"Gilmar Mendes suspende negocia\\u00e7\\u00e3o trabalhista com servidores das funda\\u00e7\\u00f5es estaduais\"},\"previousItem\":{\"@type\":\"ListItem\",\"@id\":\"https:\\\/\\\/www.jornalja.com.br\\\/arquivo#listItem\",\"name\":\"Home\"}},{\"@type\":\"ListItem\",\"@id\":\"https:\\\/\\\/www.jornalja.com.br\\\/arquivo\\\/gilmar-mendes-suspende-negociacao-trabalhista-com-servidores-das-fundacoes-estaduais\\\/#listItem\",\"position\":3,\"name\":\"Gilmar Mendes suspende negocia\\u00e7\\u00e3o trabalhista com servidores das funda\\u00e7\\u00f5es estaduais\",\"previousItem\":{\"@type\":\"ListItem\",\"@id\":\"https:\\\/\\\/www.jornalja.com.br\\\/arquivo\\\/category\\\/geral\\\/#listItem\",\"name\":\"Geral\"}}]},{\"@type\":\"Organization\",\"@id\":\"https:\\\/\\\/www.jornalja.com.br\\\/arquivo\\\/#organization\",\"name\":\"Jornal J\\u00c1\",\"description\":\"Jornal J\\u00c1 | Porto Alegre\",\"url\":\"https:\\\/\\\/www.jornalja.com.br\\\/arquivo\\\/\",\"telephone\":\"+555133307272\",\"logo\":{\"@type\":\"ImageObject\",\"url\":\"https:\\\/\\\/www.jornalja.com.br\\\/wp-content\\\/uploads\\\/cards\\\/JAslogan.png\",\"@id\":\"https:\\\/\\\/www.jornalja.com.br\\\/arquivo\\\/gilmar-mendes-suspende-negociacao-trabalhista-com-servidores-das-fundacoes-estaduais\\\/#organizationLogo\"},\"image\":{\"@id\":\"https:\\\/\\\/www.jornalja.com.br\\\/arquivo\\\/gilmar-mendes-suspende-negociacao-trabalhista-com-servidores-das-fundacoes-estaduais\\\/#organizationLogo\"}},{\"@type\":\"Person\",\"@id\":\"https:\\\/\\\/www.jornalja.com.br\\\/arquivo\\\/author\\\/daredacao\\\/#author\",\"url\":\"https:\\\/\\\/www.jornalja.com.br\\\/arquivo\\\/author\\\/daredacao\\\/\",\"name\":\"da Reda\\u00e7\\u00e3o\",\"image\":{\"@type\":\"ImageObject\",\"@id\":\"https:\\\/\\\/www.jornalja.com.br\\\/arquivo\\\/gilmar-mendes-suspende-negociacao-trabalhista-com-servidores-das-fundacoes-estaduais\\\/#authorImage\",\"url\":\"https:\\\/\\\/secure.gravatar.com\\\/avatar\\\/469fd857d6605ad19919d27ed29d35a968a25f6e8fd9318356bbb7f57aae9c65?s=96&d=mm&r=g\",\"width\":96,\"height\":96,\"caption\":\"da Reda\\u00e7\\u00e3o\"}},{\"@type\":\"WebPage\",\"@id\":\"https:\\\/\\\/www.jornalja.com.br\\\/arquivo\\\/gilmar-mendes-suspende-negociacao-trabalhista-com-servidores-das-fundacoes-estaduais\\\/#webpage\",\"url\":\"https:\\\/\\\/www.jornalja.com.br\\\/arquivo\\\/gilmar-mendes-suspende-negociacao-trabalhista-com-servidores-das-fundacoes-estaduais\\\/\",\"name\":\"Gilmar Mendes suspende negocia\\u00e7\\u00e3o trabalhista com servidores das funda\\u00e7\\u00f5es estaduais | Arquivo\",\"inLanguage\":\"pt-BR\",\"isPartOf\":{\"@id\":\"https:\\\/\\\/www.jornalja.com.br\\\/arquivo\\\/#website\"},\"breadcrumb\":{\"@id\":\"https:\\\/\\\/www.jornalja.com.br\\\/arquivo\\\/gilmar-mendes-suspende-negociacao-trabalhista-com-servidores-das-fundacoes-estaduais\\\/#breadcrumblist\"},\"author\":{\"@id\":\"https:\\\/\\\/www.jornalja.com.br\\\/arquivo\\\/author\\\/daredacao\\\/#author\"},\"creator\":{\"@id\":\"https:\\\/\\\/www.jornalja.com.br\\\/arquivo\\\/author\\\/daredacao\\\/#author\"},\"image\":{\"@type\":\"ImageObject\",\"url\":41618,\"@id\":\"https:\\\/\\\/www.jornalja.com.br\\\/arquivo\\\/gilmar-mendes-suspende-negociacao-trabalhista-com-servidores-das-fundacoes-estaduais\\\/#mainImage\"},\"primaryImageOfPage\":{\"@id\":\"https:\\\/\\\/www.jornalja.com.br\\\/arquivo\\\/gilmar-mendes-suspende-negociacao-trabalhista-com-servidores-das-fundacoes-estaduais\\\/#mainImage\"},\"datePublished\":\"2017-10-10T23:57:31-03:00\",\"dateModified\":\"2017-10-10T23:57:31-03:00\"},{\"@type\":\"WebSite\",\"@id\":\"https:\\\/\\\/www.jornalja.com.br\\\/arquivo\\\/#website\",\"url\":\"https:\\\/\\\/www.jornalja.com.br\\\/arquivo\\\/\",\"name\":\"Arquivo\",\"description\":\"Jornal J\\u00c1 | Porto Alegre\",\"inLanguage\":\"pt-BR\",\"publisher\":{\"@id\":\"https:\\\/\\\/www.jornalja.com.br\\\/arquivo\\\/#organization\"}}]}\n\t\t<\/script>\n\t\t<!-- All in One SEO -->\n\n","aioseo_head_json":{"title":"Gilmar Mendes suspende negocia\u00e7\u00e3o trabalhista com servidores das funda\u00e7\u00f5es estaduais | Arquivo","description":"","canonical_url":"https:\/\/www.jornalja.com.br\/arquivo\/gilmar-mendes-suspende-negociacao-trabalhista-com-servidores-das-fundacoes-estaduais\/","robots":"max-image-preview:large","keywords":"","webmasterTools":{"miscellaneous":""},"schema":{"@context":"https:\/\/schema.org","@graph":[{"@type":"BlogPosting","@id":"https:\/\/www.jornalja.com.br\/arquivo\/gilmar-mendes-suspende-negociacao-trabalhista-com-servidores-das-fundacoes-estaduais\/#blogposting","name":"Gilmar Mendes suspende negocia\u00e7\u00e3o trabalhista com servidores das funda\u00e7\u00f5es estaduais | Arquivo","headline":"Gilmar Mendes suspende negocia\u00e7\u00e3o trabalhista com servidores das funda\u00e7\u00f5es estaduais","author":{"@id":"https:\/\/www.jornalja.com.br\/arquivo\/author\/daredacao\/#author"},"publisher":{"@id":"https:\/\/www.jornalja.com.br\/arquivo\/#organization"},"image":{"@type":"ImageObject","url":41618},"datePublished":"2017-10-10T23:57:31-03:00","dateModified":"2017-10-10T23:57:31-03:00","inLanguage":"pt-BR","mainEntityOfPage":{"@id":"https:\/\/www.jornalja.com.br\/arquivo\/gilmar-mendes-suspende-negociacao-trabalhista-com-servidores-das-fundacoes-estaduais\/#webpage"},"isPartOf":{"@id":"https:\/\/www.jornalja.com.br\/arquivo\/gilmar-mendes-suspende-negociacao-trabalhista-com-servidores-das-fundacoes-estaduais\/#webpage"},"articleSection":"Geral"},{"@type":"BreadcrumbList","@id":"https:\/\/www.jornalja.com.br\/arquivo\/gilmar-mendes-suspende-negociacao-trabalhista-com-servidores-das-fundacoes-estaduais\/#breadcrumblist","itemListElement":[{"@type":"ListItem","@id":"https:\/\/www.jornalja.com.br\/arquivo#listItem","position":1,"name":"Home","item":"https:\/\/www.jornalja.com.br\/arquivo","nextItem":{"@type":"ListItem","@id":"https:\/\/www.jornalja.com.br\/arquivo\/category\/geral\/#listItem","name":"Geral"}},{"@type":"ListItem","@id":"https:\/\/www.jornalja.com.br\/arquivo\/category\/geral\/#listItem","position":2,"name":"Geral","item":"https:\/\/www.jornalja.com.br\/arquivo\/category\/geral\/","nextItem":{"@type":"ListItem","@id":"https:\/\/www.jornalja.com.br\/arquivo\/gilmar-mendes-suspende-negociacao-trabalhista-com-servidores-das-fundacoes-estaduais\/#listItem","name":"Gilmar Mendes suspende negocia\u00e7\u00e3o trabalhista com servidores das funda\u00e7\u00f5es estaduais"},"previousItem":{"@type":"ListItem","@id":"https:\/\/www.jornalja.com.br\/arquivo#listItem","name":"Home"}},{"@type":"ListItem","@id":"https:\/\/www.jornalja.com.br\/arquivo\/gilmar-mendes-suspende-negociacao-trabalhista-com-servidores-das-fundacoes-estaduais\/#listItem","position":3,"name":"Gilmar Mendes suspende negocia\u00e7\u00e3o trabalhista com servidores das funda\u00e7\u00f5es estaduais","previousItem":{"@type":"ListItem","@id":"https:\/\/www.jornalja.com.br\/arquivo\/category\/geral\/#listItem","name":"Geral"}}]},{"@type":"Organization","@id":"https:\/\/www.jornalja.com.br\/arquivo\/#organization","name":"Jornal J\u00c1","description":"Jornal J\u00c1 | Porto Alegre","url":"https:\/\/www.jornalja.com.br\/arquivo\/","telephone":"+555133307272","logo":{"@type":"ImageObject","url":"https:\/\/www.jornalja.com.br\/wp-content\/uploads\/cards\/JAslogan.png","@id":"https:\/\/www.jornalja.com.br\/arquivo\/gilmar-mendes-suspende-negociacao-trabalhista-com-servidores-das-fundacoes-estaduais\/#organizationLogo"},"image":{"@id":"https:\/\/www.jornalja.com.br\/arquivo\/gilmar-mendes-suspende-negociacao-trabalhista-com-servidores-das-fundacoes-estaduais\/#organizationLogo"}},{"@type":"Person","@id":"https:\/\/www.jornalja.com.br\/arquivo\/author\/daredacao\/#author","url":"https:\/\/www.jornalja.com.br\/arquivo\/author\/daredacao\/","name":"da Reda\u00e7\u00e3o","image":{"@type":"ImageObject","@id":"https:\/\/www.jornalja.com.br\/arquivo\/gilmar-mendes-suspende-negociacao-trabalhista-com-servidores-das-fundacoes-estaduais\/#authorImage","url":"https:\/\/secure.gravatar.com\/avatar\/469fd857d6605ad19919d27ed29d35a968a25f6e8fd9318356bbb7f57aae9c65?s=96&d=mm&r=g","width":96,"height":96,"caption":"da Reda\u00e7\u00e3o"}},{"@type":"WebPage","@id":"https:\/\/www.jornalja.com.br\/arquivo\/gilmar-mendes-suspende-negociacao-trabalhista-com-servidores-das-fundacoes-estaduais\/#webpage","url":"https:\/\/www.jornalja.com.br\/arquivo\/gilmar-mendes-suspende-negociacao-trabalhista-com-servidores-das-fundacoes-estaduais\/","name":"Gilmar Mendes suspende negocia\u00e7\u00e3o trabalhista com servidores das funda\u00e7\u00f5es estaduais | Arquivo","inLanguage":"pt-BR","isPartOf":{"@id":"https:\/\/www.jornalja.com.br\/arquivo\/#website"},"breadcrumb":{"@id":"https:\/\/www.jornalja.com.br\/arquivo\/gilmar-mendes-suspende-negociacao-trabalhista-com-servidores-das-fundacoes-estaduais\/#breadcrumblist"},"author":{"@id":"https:\/\/www.jornalja.com.br\/arquivo\/author\/daredacao\/#author"},"creator":{"@id":"https:\/\/www.jornalja.com.br\/arquivo\/author\/daredacao\/#author"},"image":{"@type":"ImageObject","url":41618,"@id":"https:\/\/www.jornalja.com.br\/arquivo\/gilmar-mendes-suspende-negociacao-trabalhista-com-servidores-das-fundacoes-estaduais\/#mainImage"},"primaryImageOfPage":{"@id":"https:\/\/www.jornalja.com.br\/arquivo\/gilmar-mendes-suspende-negociacao-trabalhista-com-servidores-das-fundacoes-estaduais\/#mainImage"},"datePublished":"2017-10-10T23:57:31-03:00","dateModified":"2017-10-10T23:57:31-03:00"},{"@type":"WebSite","@id":"https:\/\/www.jornalja.com.br\/arquivo\/#website","url":"https:\/\/www.jornalja.com.br\/arquivo\/","name":"Arquivo","description":"Jornal J\u00c1 | Porto Alegre","inLanguage":"pt-BR","publisher":{"@id":"https:\/\/www.jornalja.com.br\/arquivo\/#organization"}}]},"og:locale":"pt_BR","og:site_name":"Arquivo | Jornal J\u00c1 | Porto Alegre","og:type":"article","og:title":"Gilmar Mendes suspende negocia\u00e7\u00e3o trabalhista com servidores das funda\u00e7\u00f5es estaduais | Arquivo","og:url":"https:\/\/www.jornalja.com.br\/arquivo\/gilmar-mendes-suspende-negociacao-trabalhista-com-servidores-das-fundacoes-estaduais\/","og:image":"https:\/\/www.jornalja.com.br\/economics\/wp-content\/uploads\/sites\/11\/2026\/08\/ja-folhaderosto-facebook.jpg","og:image:secure_url":"https:\/\/www.jornalja.com.br\/economics\/wp-content\/uploads\/sites\/11\/2026\/08\/ja-folhaderosto-facebook.jpg","article:published_time":"2017-10-11T02:57:31+00:00","article:modified_time":"2017-10-11T02:57:31+00:00","twitter:card":"summary","twitter:title":"Gilmar Mendes suspende negocia\u00e7\u00e3o trabalhista com servidores das funda\u00e7\u00f5es estaduais | Arquivo","twitter:image":"https:\/\/www.jornalja.com.br\/economics\/wp-content\/uploads\/sites\/11\/2026\/08\/ja-folhaderosto-facebook.jpg"},"aioseo_meta_data":{"post_id":"56186","title":null,"description":null,"keywords":null,"keyphrases":null,"primary_term":null,"canonical_url":null,"og_title":null,"og_description":null,"og_object_type":"default","og_image_type":"default","og_image_url":null,"og_image_width":null,"og_image_height":null,"og_image_custom_url":null,"og_image_custom_fields":null,"og_video":null,"og_custom_url":null,"og_article_section":null,"og_article_tags":null,"twitter_use_og":false,"twitter_card":"default","twitter_image_type":"default","twitter_image_url":null,"twitter_image_custom_url":null,"twitter_image_custom_fields":null,"twitter_title":null,"twitter_description":null,"schema":{"blockGraphs":[],"customGraphs":[],"default":{"data":{"Article":[],"Course":[],"Dataset":[],"FAQPage":[],"Movie":[],"Person":[],"Product":[],"ProductReview":[],"Car":[],"Recipe":[],"Service":[],"SoftwareApplication":[],"WebPage":[]},"graphName":"","isEnabled":true},"graphs":[],"defaultGraph":"","defaultPostTypeGraph":""},"schema_type":null,"schema_type_options":null,"pillar_content":false,"robots_default":true,"robots_noindex":false,"robots_noarchive":false,"robots_nosnippet":false,"robots_nofollow":false,"robots_noimageindex":false,"robots_noodp":false,"robots_notranslate":false,"robots_max_snippet":null,"robots_max_videopreview":null,"robots_max_imagepreview":"large","priority":null,"frequency":null,"location":null,"local_seo":null,"breadcrumb_settings":null,"limit_modified_date":false,"ai":null,"created":"2020-12-20 20:21:53","updated":"2025-07-20 01:47:52","seo_analyzer_scan_date":null,"focus_keyword":null,"additional_keywords":null,"truseo_locale":null},"jetpack_sharing_enabled":true,"jetpack-related-posts":[{"id":13109,"url":"https:\/\/www.jornalja.com.br\/arquivo\/judiciario-reconhece-poluicao-eletromagnetica\/","url_meta":{"origin":56186,"position":0},"title":"Judici\u00e1rio reconhece polui\u00e7\u00e3o eletromagn\u00e9tica","author":"Patr\u00edcia Marini","date":"16 de maio de 2014","format":false,"excerpt":"A\u00e7\u00e3o de duas associa\u00e7\u00f5es de moradores foi acolhida pelo Tribunal de Justi\u00e7a de S\u00e3o Paulo que. em decis\u00e3o in\u00e9dita, determinou a redu\u00e7\u00e3o do campo eletromagn\u00e9tico gerado pelas linhas de transmiss\u00e3o de energia que cortam os bairros City Boa\u00e7ava e Alto de Pinheiros. \u00c9 a primeira vez que um tribunal do\u2026","rel":"","context":"Em &quot;X.Categorias velhas&quot;","block_context":{"text":"X.Categorias velhas","link":"https:\/\/www.jornalja.com.br\/arquivo\/category\/x-categorias-velhas\/"},"img":{"alt_text":"","src":"","width":0,"height":0},"classes":[]},{"id":13240,"url":"https:\/\/www.jornalja.com.br\/arquivo\/plano-diretor-estamos-construindo-o-caos\/","url_meta":{"origin":56186,"position":1},"title":"Plano diretor: &quot;Estamos construindo o caos&quot;","author":"Patr\u00edcia Marini","date":"26 de maio de 2014","format":false,"excerpt":"Desabafo que arquiteta Eliana Castilhos, delegada da Regi\u00e3o de Planejamento 1, postou nas redes sociais \u00e9 um testemunho do ambiente que se criou no Conselho do Plano Diretor de Porto Alegre, onde a aprova\u00e7\u00e3o de grandes empreendimentos \u00e9 empurrada guela abaixo dos conselheiros. Ao CMDUA Como delegada da Regi\u00e3o de\u2026","rel":"","context":"Em &quot;Geral&quot;","block_context":{"text":"Geral","link":"https:\/\/www.jornalja.com.br\/arquivo\/category\/geral\/"},"img":{"alt_text":"","src":"","width":0,"height":0},"classes":[]},{"id":13239,"url":"https:\/\/www.jornalja.com.br\/arquivo\/conselho-desdenha-do-plano-diretor\/","url_meta":{"origin":56186,"position":2},"title":"Porto Alegre: Conselho detona Plano Diretor","author":"Patr\u00edcia Marini","date":"25 de maio de 2014","format":false,"excerpt":"Den\u00fancia do arquiteto e \u00a0urbanista Ibir\u00e1 Santos Lucas. Ele diz que os conselheiros est\u00e3o votando com \"enorme irresponsabilidade\". \"Mudam regime com a maior naturalidade,,,regularizam absurdos de constru\u00e7\u00f5es irregulares... \"O CMDUA est\u00e1 flexibilizando a lei do plano diretor, de uma forma impactante na vida da cidade. Mudam regime com a maior\u2026","rel":"","context":"Em &quot;Geral&quot;","block_context":{"text":"Geral","link":"https:\/\/www.jornalja.com.br\/arquivo\/category\/geral\/"},"img":{"alt_text":"","src":"","width":0,"height":0},"classes":[]},{"id":13124,"url":"https:\/\/www.jornalja.com.br\/arquivo\/sangue-latino-no-iecine\/","url_meta":{"origin":56186,"position":3},"title":"Sangue latino no IECINE","author":"da Reda\u00e7\u00e3o","date":"18 de maio de 2014","format":false,"excerpt":"Francisco Ribeiro O Instituto Estadual de Cinema (IECINE) tem a frente, desde abril \u00faltimo, um novo diretor, o cineasta colombiano Juan Zapata, 36, que substitui Luiz Alberto Cassol. Radicado h\u00e1 dez anos em Porto Alegre, Zapata tem diante de si o desafio de conduzir at\u00e9 o final do ano um\u2026","rel":"","context":"Em &quot;Cultura-Geral&quot;","block_context":{"text":"Cultura-Geral","link":"https:\/\/www.jornalja.com.br\/arquivo\/category\/materiasecundaria\/"},"img":{"alt_text":"","src":"","width":0,"height":0},"classes":[]},{"id":12960,"url":"https:\/\/www.jornalja.com.br\/arquivo\/populacao-culpa-empresas-pela-greve-dos-rodoviarios\/","url_meta":{"origin":56186,"position":4},"title":"Popula\u00e7\u00e3o culpa empresas pela greve","author":"Patr\u00edcia Marini","date":"14 de fevereiro de 2014","format":false,"excerpt":"Pesquisa divulgada na edi\u00e7\u00e3o do jornal Metro desta sexta-feira,14, comprova o velho ditado: \u00e9 poss\u00edvel enganar muitos por algum tempo, mas n\u00e3o \u00e9 poss\u00edvel enganar a todos o tempo inteiro. A principal revela\u00e7\u00e3o foi que 59,8% dos entrevistados apontaram as empresas como as principais respons\u00e1veis pela grave e 46% culparam\u2026","rel":"","context":"Em &quot;X.Categorias velhas&quot;","block_context":{"text":"X.Categorias velhas","link":"https:\/\/www.jornalja.com.br\/arquivo\/category\/x-categorias-velhas\/"},"img":{"alt_text":"","src":"","width":0,"height":0},"classes":[]},{"id":1280,"url":"https:\/\/www.jornalja.com.br\/arquivo\/o-menino-que-se-tornou-brizola\/","url_meta":{"origin":56186,"position":5},"title":"O Menino que se Tornou Brizola","author":"da Reda\u00e7\u00e3o","date":"28 de julho de 2008","format":false,"excerpt":"Autor: Cleber Dioni A vida de Leonel Brizola, com \u00eanfase para os primeiros anos em Porto Alegre, at\u00e9 o ex\u00edlio no Uruguai e a volta, quinze anos depois. \u00a0\"...\u00c9ramos todos jovens e nos identific\u00e1vamos com aquela massa an\u00f4nima a percorrer as ruas de Porto Alegre, gritando 'Get\u00falio', 'Get\u00falio' e empunhando\u2026","rel":"","context":"Em &quot;Livros&quot;","block_context":{"text":"Livros","link":"https:\/\/www.jornalja.com.br\/arquivo\/category\/livros\/"},"img":{"alt_text":"","src":"https:\/\/i0.wp.com\/www.jornalja.com.br\/wp-content\/uploads\/2008\/07\/brizola.gif?resize=350%2C200&ssl=1","width":350,"height":200},"classes":[]}],"jetpack_shortlink":"https:\/\/wp.me\/pbQjBd-eCe","jetpack_featured_media_url":"","_links":{"self":[{"href":"https:\/\/www.jornalja.com.br\/arquivo\/wp-json\/wp\/v2\/posts\/56186","targetHints":{"allow":["GET"]}}],"collection":[{"href":"https:\/\/www.jornalja.com.br\/arquivo\/wp-json\/wp\/v2\/posts"}],"about":[{"href":"https:\/\/www.jornalja.com.br\/arquivo\/wp-json\/wp\/v2\/types\/post"}],"author":[{"embeddable":true,"href":"https:\/\/www.jornalja.com.br\/arquivo\/wp-json\/wp\/v2\/users\/4"}],"replies":[{"embeddable":true,"href":"https:\/\/www.jornalja.com.br\/arquivo\/wp-json\/wp\/v2\/comments?post=56186"}],"version-history":[{"count":0,"href":"https:\/\/www.jornalja.com.br\/arquivo\/wp-json\/wp\/v2\/posts\/56186\/revisions"}],"wp:attachment":[{"href":"https:\/\/www.jornalja.com.br\/arquivo\/wp-json\/wp\/v2\/media?parent=56186"}],"wp:term":[{"taxonomy":"category","embeddable":true,"href":"https:\/\/www.jornalja.com.br\/arquivo\/wp-json\/wp\/v2\/categories?post=56186"},{"taxonomy":"post_tag","embeddable":true,"href":"https:\/\/www.jornalja.com.br\/arquivo\/wp-json\/wp\/v2\/tags?post=56186"}],"curies":[{"name":"wp","href":"https:\/\/api.w.org\/{rel}","templated":true}]}}