{"id":56226,"date":"2017-10-11T18:16:50","date_gmt":"2017-10-11T21:16:50","guid":{"rendered":"https:\/\/www.jornalja.com.br\/?p=56226"},"modified":"2017-10-11T18:16:50","modified_gmt":"2017-10-11T21:16:50","slug":"liminar-suspende-13-artigos-da-lei-que-regula-transporte-por-aplicativos-em-porto-alegre","status":"publish","type":"post","link":"https:\/\/www.jornalja.com.br\/arquivo\/liminar-suspende-13-artigos-da-lei-que-regula-transporte-por-aplicativos-em-porto-alegre\/","title":{"rendered":"Liminar suspende 13 artigos da lei que regula transporte por aplicativos em Porto Alegre"},"content":{"rendered":"<p>A Lei 12.162\/16, que regula o servi\u00e7o de intermedia\u00e7\u00e3o de transporte por aplicativos (Uber, Cabify e 99Pop, entre outros) em Porto Alegre, est\u00e1 com 13 de seus artigos suspensos em car\u00e1ter liminar a partir desta quarta-feira, 11\/10.<br \/>\nA A\u00e7\u00e3o Direta de Inconstitucionalidade (ADIN) foi proposta pelo Diret\u00f3rio Municipal do Partido NOVO, que afirma que a lei cria distor\u00e7\u00f5es, consistentes no monop\u00f3lio do transporte individual de passageiros em detrimento do consumidor e do mercado.<br \/>\nA legisla\u00e7\u00e3o tinha institu\u00eddo a obrigatoriedade do uso de dinheiro em esp\u00e9cie, emplacamento em Porto Alegre, exig\u00eancia de autoriza\u00e7\u00e3o ou valida\u00e7\u00e3o administrativa para explora\u00e7\u00e3o privada, vistoria do carro, limita\u00e7\u00e3o da idade veicular em seis anos, institui\u00e7\u00e3o de Taxa de Gerenciamento Operacional, entre outros. Estes e outros artigos est\u00e3o vetados at\u00e9 o julgamento do m\u00e9rito do caso no Tribunal de Justi\u00e7a.<br \/>\n\u201cA fundamenta\u00e7\u00e3o jur\u00eddica constante da pe\u00e7a inicial \u00e9 relevante. Com efeito, o inovador sistema de transporte individual de passageiros propiciado por plataformas digitais operadas por empresas como Uber, Cabify, 99POP e similares, conectadas em tempo real \u00e0 rede mundial de computadores, consiste em atividade econ\u00f4mica tipicamente privada. Tanto assim que os recursos materiais empregados, os agentes que prestam o servi\u00e7o, os clientes que dele se utilizam, a empresa que gerencia a presta\u00e7\u00e3o do servi\u00e7o, s\u00e3o todos desta natureza, \u00e9 dizer, privados\u201d, afirma a desembargadora Ana Paula Dalbosco, no texto.<br \/>\nEla destaca ainda que \u201cos usu\u00e1rios parecem satisfeitos, de modo geral, com a inova\u00e7\u00e3o propiciada pelos dispositivos tecnol\u00f3gicos de transporte &#8211; e todos os outros que de certa forma facilitam a vida moderna \u2013 Airbnb, Spotify, OLX, Mercado Live, plataforma de consultas de pre\u00e7os de passagens a\u00e9reas, etc, que democratizam o acesso ao desburocratizar servi\u00e7os\u201d.<br \/>\nA a\u00e7\u00e3o teve por objetivo, segundo o partido Novo, reconhecer como inconstitucional a legisla\u00e7\u00e3o em vigor, em face da Constitui\u00e7\u00e3o Estadual e da Constitui\u00e7\u00e3o Federal. \u201cEm linhas gerais, pode-se dizer que a legisla\u00e7\u00e3o municipal equipara servi\u00e7os privados inovadores a servi\u00e7os p\u00fablicos tradicionais. Em s\u00edntese, o servi\u00e7o tem funcionado em Porto Alegre de forma satisfat\u00f3ria para os consumidores, mas isso se d\u00e1 pela n\u00e3o aplica\u00e7\u00e3o da lei at\u00e9 o momento\u201d, afirma o presidente estadual do NOVO, que tamb\u00e9m assina a ADIN, Carlos Molinari.<br \/>\nEst\u00e3o suspensos 13 artigos da<a href=\"http:\/\/www.legisweb.com.br\/legislacao\/?id=333204\"> Lei n\u00ba 12.162\/2016.<\/a> at\u00e9 o julgamento do m\u00e9rito pelos demais Desembargadores do \u00d3rg\u00e3o Especial, os artigos 1\u00ba, 2\u00ba, 3\u00ba, 4\u00ba, 9\u00ba, 11, II, &#8220;a&#8221;, &#8220;b&#8221;, &#8220;c&#8221; e &#8220;d&#8221;, 13, caput e par\u00e1grafo 1\u00ba e 2\u00ba, 14,17,II,22,34 e 39.<br \/>\nA Procuradoria-Geral do Munic\u00edpio (PGM) deve recorrer da decis\u00e3o.<\/p>\n","protected":false},"excerpt":{"rendered":"<p>A Lei 12.162\/16, que regula o servi\u00e7o de intermedia\u00e7\u00e3o de transporte por aplicativos (Uber, Cabify e 99Pop, entre outros) em Porto Alegre, est\u00e1 com 13 de seus artigos suspensos em car\u00e1ter liminar a partir desta quarta-feira, 11\/10. A A\u00e7\u00e3o Direta de Inconstitucionalidade (ADIN) foi proposta pelo Diret\u00f3rio Municipal do Partido NOVO, que afirma que a [&hellip;]<\/p>\n","protected":false},"author":4,"featured_media":56227,"comment_status":"open","ping_status":"closed","sticky":false,"template":"","format":"standard","meta":{"_jetpack_newsletter_access":"","_jetpack_dont_email_post_to_subs":false,"_jetpack_newsletter_tier_id":0,"_jetpack_memberships_contains_paywalled_content":false,"_jetpack_feature_clip_id":0,"_jetpack_memberships_contains_paid_content":false,"footnotes":"","jetpack_post_was_ever_published":false},"categories":[26],"tags":[],"class_list":["post-56226","post","type-post","status-publish","format-standard","has-post-thumbnail","hentry","category-geral"],"aioseo_notices":[],"aioseo_head":"\n\t\t<!-- All in One SEO 5.0.1.1 - aioseo.com -->\n\t<meta name=\"robots\" content=\"max-image-preview:large\" \/>\n\t<meta name=\"author\" content=\"da Reda\u00e7\u00e3o\"\/>\n\t<link rel=\"canonical\" href=\"https:\/\/www.jornalja.com.br\/arquivo\/liminar-suspende-13-artigos-da-lei-que-regula-transporte-por-aplicativos-em-porto-alegre\/\" \/>\n\t<meta name=\"generator\" content=\"All in One SEO (AIOSEO) 5.0.1.1\" \/>\n\t\t<meta property=\"og:locale\" content=\"pt_BR\" \/>\n\t\t<meta property=\"og:site_name\" content=\"Arquivo | Jornal J\u00c1 | Porto Alegre\" \/>\n\t\t<meta property=\"og:type\" content=\"article\" \/>\n\t\t<meta property=\"og:title\" content=\"Liminar suspende 13 artigos da lei que regula transporte por aplicativos em Porto Alegre | Arquivo\" \/>\n\t\t<meta property=\"og:url\" content=\"https:\/\/www.jornalja.com.br\/arquivo\/liminar-suspende-13-artigos-da-lei-que-regula-transporte-por-aplicativos-em-porto-alegre\/\" \/>\n\t\t<meta property=\"og:image\" content=\"https:\/\/www.jornalja.com.br\/economics\/wp-content\/uploads\/sites\/11\/2026\/08\/ja-folhaderosto-facebook.jpg\" \/>\n\t\t<meta property=\"og:image:secure_url\" content=\"https:\/\/www.jornalja.com.br\/economics\/wp-content\/uploads\/sites\/11\/2026\/08\/ja-folhaderosto-facebook.jpg\" \/>\n\t\t<meta property=\"article:published_time\" content=\"2017-10-11T21:16:50+00:00\" \/>\n\t\t<meta property=\"article:modified_time\" content=\"2017-10-11T21:16:50+00:00\" \/>\n\t\t<meta name=\"twitter:card\" content=\"summary\" \/>\n\t\t<meta name=\"twitter:title\" content=\"Liminar suspende 13 artigos da lei que regula transporte por aplicativos em Porto Alegre | Arquivo\" \/>\n\t\t<meta name=\"twitter:image\" content=\"https:\/\/www.jornalja.com.br\/economics\/wp-content\/uploads\/sites\/11\/2026\/08\/ja-folhaderosto-facebook.jpg\" \/>\n\t\t<script type=\"application\/ld+json\" class=\"aioseo-schema\">\n\t\t\t{\"@context\":\"https:\\\/\\\/schema.org\",\"@graph\":[{\"@type\":\"BlogPosting\",\"@id\":\"https:\\\/\\\/www.jornalja.com.br\\\/arquivo\\\/liminar-suspende-13-artigos-da-lei-que-regula-transporte-por-aplicativos-em-porto-alegre\\\/#blogposting\",\"name\":\"Liminar suspende 13 artigos da lei que regula transporte por aplicativos em Porto Alegre | Arquivo\",\"headline\":\"Liminar suspende 13 artigos da lei que regula transporte por aplicativos em Porto Alegre\",\"author\":{\"@id\":\"https:\\\/\\\/www.jornalja.com.br\\\/arquivo\\\/author\\\/daredacao\\\/#author\"},\"publisher\":{\"@id\":\"https:\\\/\\\/www.jornalja.com.br\\\/arquivo\\\/#organization\"},\"image\":{\"@type\":\"ImageObject\",\"url\":56227},\"datePublished\":\"2017-10-11T18:16:50-03:00\",\"dateModified\":\"2017-10-11T18:16:50-03:00\",\"inLanguage\":\"pt-BR\",\"mainEntityOfPage\":{\"@id\":\"https:\\\/\\\/www.jornalja.com.br\\\/arquivo\\\/liminar-suspende-13-artigos-da-lei-que-regula-transporte-por-aplicativos-em-porto-alegre\\\/#webpage\"},\"isPartOf\":{\"@id\":\"https:\\\/\\\/www.jornalja.com.br\\\/arquivo\\\/liminar-suspende-13-artigos-da-lei-que-regula-transporte-por-aplicativos-em-porto-alegre\\\/#webpage\"},\"articleSection\":\"Geral\"},{\"@type\":\"BreadcrumbList\",\"@id\":\"https:\\\/\\\/www.jornalja.com.br\\\/arquivo\\\/liminar-suspende-13-artigos-da-lei-que-regula-transporte-por-aplicativos-em-porto-alegre\\\/#breadcrumblist\",\"itemListElement\":[{\"@type\":\"ListItem\",\"@id\":\"https:\\\/\\\/www.jornalja.com.br\\\/arquivo#listItem\",\"position\":1,\"name\":\"Home\",\"item\":\"https:\\\/\\\/www.jornalja.com.br\\\/arquivo\",\"nextItem\":{\"@type\":\"ListItem\",\"@id\":\"https:\\\/\\\/www.jornalja.com.br\\\/arquivo\\\/category\\\/geral\\\/#listItem\",\"name\":\"Geral\"}},{\"@type\":\"ListItem\",\"@id\":\"https:\\\/\\\/www.jornalja.com.br\\\/arquivo\\\/category\\\/geral\\\/#listItem\",\"position\":2,\"name\":\"Geral\",\"item\":\"https:\\\/\\\/www.jornalja.com.br\\\/arquivo\\\/category\\\/geral\\\/\",\"nextItem\":{\"@type\":\"ListItem\",\"@id\":\"https:\\\/\\\/www.jornalja.com.br\\\/arquivo\\\/liminar-suspende-13-artigos-da-lei-que-regula-transporte-por-aplicativos-em-porto-alegre\\\/#listItem\",\"name\":\"Liminar suspende 13 artigos da lei que regula transporte por aplicativos em Porto Alegre\"},\"previousItem\":{\"@type\":\"ListItem\",\"@id\":\"https:\\\/\\\/www.jornalja.com.br\\\/arquivo#listItem\",\"name\":\"Home\"}},{\"@type\":\"ListItem\",\"@id\":\"https:\\\/\\\/www.jornalja.com.br\\\/arquivo\\\/liminar-suspende-13-artigos-da-lei-que-regula-transporte-por-aplicativos-em-porto-alegre\\\/#listItem\",\"position\":3,\"name\":\"Liminar suspende 13 artigos da lei que regula transporte por aplicativos em Porto Alegre\",\"previousItem\":{\"@type\":\"ListItem\",\"@id\":\"https:\\\/\\\/www.jornalja.com.br\\\/arquivo\\\/category\\\/geral\\\/#listItem\",\"name\":\"Geral\"}}]},{\"@type\":\"Organization\",\"@id\":\"https:\\\/\\\/www.jornalja.com.br\\\/arquivo\\\/#organization\",\"name\":\"Jornal J\\u00c1\",\"description\":\"Jornal J\\u00c1 | Porto Alegre\",\"url\":\"https:\\\/\\\/www.jornalja.com.br\\\/arquivo\\\/\",\"telephone\":\"+555133307272\",\"logo\":{\"@type\":\"ImageObject\",\"url\":\"https:\\\/\\\/www.jornalja.com.br\\\/wp-content\\\/uploads\\\/cards\\\/JAslogan.png\",\"@id\":\"https:\\\/\\\/www.jornalja.com.br\\\/arquivo\\\/liminar-suspende-13-artigos-da-lei-que-regula-transporte-por-aplicativos-em-porto-alegre\\\/#organizationLogo\"},\"image\":{\"@id\":\"https:\\\/\\\/www.jornalja.com.br\\\/arquivo\\\/liminar-suspende-13-artigos-da-lei-que-regula-transporte-por-aplicativos-em-porto-alegre\\\/#organizationLogo\"}},{\"@type\":\"Person\",\"@id\":\"https:\\\/\\\/www.jornalja.com.br\\\/arquivo\\\/author\\\/daredacao\\\/#author\",\"url\":\"https:\\\/\\\/www.jornalja.com.br\\\/arquivo\\\/author\\\/daredacao\\\/\",\"name\":\"da Reda\\u00e7\\u00e3o\",\"image\":{\"@type\":\"ImageObject\",\"@id\":\"https:\\\/\\\/www.jornalja.com.br\\\/arquivo\\\/liminar-suspende-13-artigos-da-lei-que-regula-transporte-por-aplicativos-em-porto-alegre\\\/#authorImage\",\"url\":\"https:\\\/\\\/secure.gravatar.com\\\/avatar\\\/469fd857d6605ad19919d27ed29d35a968a25f6e8fd9318356bbb7f57aae9c65?s=96&d=mm&r=g\",\"width\":96,\"height\":96,\"caption\":\"da Reda\\u00e7\\u00e3o\"}},{\"@type\":\"WebPage\",\"@id\":\"https:\\\/\\\/www.jornalja.com.br\\\/arquivo\\\/liminar-suspende-13-artigos-da-lei-que-regula-transporte-por-aplicativos-em-porto-alegre\\\/#webpage\",\"url\":\"https:\\\/\\\/www.jornalja.com.br\\\/arquivo\\\/liminar-suspende-13-artigos-da-lei-que-regula-transporte-por-aplicativos-em-porto-alegre\\\/\",\"name\":\"Liminar suspende 13 artigos da lei que regula transporte por aplicativos em Porto Alegre | Arquivo\",\"inLanguage\":\"pt-BR\",\"isPartOf\":{\"@id\":\"https:\\\/\\\/www.jornalja.com.br\\\/arquivo\\\/#website\"},\"breadcrumb\":{\"@id\":\"https:\\\/\\\/www.jornalja.com.br\\\/arquivo\\\/liminar-suspende-13-artigos-da-lei-que-regula-transporte-por-aplicativos-em-porto-alegre\\\/#breadcrumblist\"},\"author\":{\"@id\":\"https:\\\/\\\/www.jornalja.com.br\\\/arquivo\\\/author\\\/daredacao\\\/#author\"},\"creator\":{\"@id\":\"https:\\\/\\\/www.jornalja.com.br\\\/arquivo\\\/author\\\/daredacao\\\/#author\"},\"image\":{\"@type\":\"ImageObject\",\"url\":56227,\"@id\":\"https:\\\/\\\/www.jornalja.com.br\\\/arquivo\\\/liminar-suspende-13-artigos-da-lei-que-regula-transporte-por-aplicativos-em-porto-alegre\\\/#mainImage\"},\"primaryImageOfPage\":{\"@id\":\"https:\\\/\\\/www.jornalja.com.br\\\/arquivo\\\/liminar-suspende-13-artigos-da-lei-que-regula-transporte-por-aplicativos-em-porto-alegre\\\/#mainImage\"},\"datePublished\":\"2017-10-11T18:16:50-03:00\",\"dateModified\":\"2017-10-11T18:16:50-03:00\"},{\"@type\":\"WebSite\",\"@id\":\"https:\\\/\\\/www.jornalja.com.br\\\/arquivo\\\/#website\",\"url\":\"https:\\\/\\\/www.jornalja.com.br\\\/arquivo\\\/\",\"name\":\"Arquivo\",\"description\":\"Jornal J\\u00c1 | Porto Alegre\",\"inLanguage\":\"pt-BR\",\"publisher\":{\"@id\":\"https:\\\/\\\/www.jornalja.com.br\\\/arquivo\\\/#organization\"}}]}\n\t\t<\/script>\n\t\t<!-- All in One SEO -->\n\n","aioseo_head_json":{"title":"Liminar suspende 13 artigos da lei que regula transporte por aplicativos em Porto Alegre | Arquivo","description":"","canonical_url":"https:\/\/www.jornalja.com.br\/arquivo\/liminar-suspende-13-artigos-da-lei-que-regula-transporte-por-aplicativos-em-porto-alegre\/","robots":"max-image-preview:large","keywords":"","webmasterTools":{"miscellaneous":""},"schema":{"@context":"https:\/\/schema.org","@graph":[{"@type":"BlogPosting","@id":"https:\/\/www.jornalja.com.br\/arquivo\/liminar-suspende-13-artigos-da-lei-que-regula-transporte-por-aplicativos-em-porto-alegre\/#blogposting","name":"Liminar suspende 13 artigos da lei que regula transporte por aplicativos em Porto Alegre | Arquivo","headline":"Liminar suspende 13 artigos da lei que regula transporte por aplicativos em Porto Alegre","author":{"@id":"https:\/\/www.jornalja.com.br\/arquivo\/author\/daredacao\/#author"},"publisher":{"@id":"https:\/\/www.jornalja.com.br\/arquivo\/#organization"},"image":{"@type":"ImageObject","url":56227},"datePublished":"2017-10-11T18:16:50-03:00","dateModified":"2017-10-11T18:16:50-03:00","inLanguage":"pt-BR","mainEntityOfPage":{"@id":"https:\/\/www.jornalja.com.br\/arquivo\/liminar-suspende-13-artigos-da-lei-que-regula-transporte-por-aplicativos-em-porto-alegre\/#webpage"},"isPartOf":{"@id":"https:\/\/www.jornalja.com.br\/arquivo\/liminar-suspende-13-artigos-da-lei-que-regula-transporte-por-aplicativos-em-porto-alegre\/#webpage"},"articleSection":"Geral"},{"@type":"BreadcrumbList","@id":"https:\/\/www.jornalja.com.br\/arquivo\/liminar-suspende-13-artigos-da-lei-que-regula-transporte-por-aplicativos-em-porto-alegre\/#breadcrumblist","itemListElement":[{"@type":"ListItem","@id":"https:\/\/www.jornalja.com.br\/arquivo#listItem","position":1,"name":"Home","item":"https:\/\/www.jornalja.com.br\/arquivo","nextItem":{"@type":"ListItem","@id":"https:\/\/www.jornalja.com.br\/arquivo\/category\/geral\/#listItem","name":"Geral"}},{"@type":"ListItem","@id":"https:\/\/www.jornalja.com.br\/arquivo\/category\/geral\/#listItem","position":2,"name":"Geral","item":"https:\/\/www.jornalja.com.br\/arquivo\/category\/geral\/","nextItem":{"@type":"ListItem","@id":"https:\/\/www.jornalja.com.br\/arquivo\/liminar-suspende-13-artigos-da-lei-que-regula-transporte-por-aplicativos-em-porto-alegre\/#listItem","name":"Liminar suspende 13 artigos da lei que regula transporte por aplicativos em Porto Alegre"},"previousItem":{"@type":"ListItem","@id":"https:\/\/www.jornalja.com.br\/arquivo#listItem","name":"Home"}},{"@type":"ListItem","@id":"https:\/\/www.jornalja.com.br\/arquivo\/liminar-suspende-13-artigos-da-lei-que-regula-transporte-por-aplicativos-em-porto-alegre\/#listItem","position":3,"name":"Liminar suspende 13 artigos da lei que regula transporte por aplicativos em Porto Alegre","previousItem":{"@type":"ListItem","@id":"https:\/\/www.jornalja.com.br\/arquivo\/category\/geral\/#listItem","name":"Geral"}}]},{"@type":"Organization","@id":"https:\/\/www.jornalja.com.br\/arquivo\/#organization","name":"Jornal J\u00c1","description":"Jornal J\u00c1 | Porto Alegre","url":"https:\/\/www.jornalja.com.br\/arquivo\/","telephone":"+555133307272","logo":{"@type":"ImageObject","url":"https:\/\/www.jornalja.com.br\/wp-content\/uploads\/cards\/JAslogan.png","@id":"https:\/\/www.jornalja.com.br\/arquivo\/liminar-suspende-13-artigos-da-lei-que-regula-transporte-por-aplicativos-em-porto-alegre\/#organizationLogo"},"image":{"@id":"https:\/\/www.jornalja.com.br\/arquivo\/liminar-suspende-13-artigos-da-lei-que-regula-transporte-por-aplicativos-em-porto-alegre\/#organizationLogo"}},{"@type":"Person","@id":"https:\/\/www.jornalja.com.br\/arquivo\/author\/daredacao\/#author","url":"https:\/\/www.jornalja.com.br\/arquivo\/author\/daredacao\/","name":"da Reda\u00e7\u00e3o","image":{"@type":"ImageObject","@id":"https:\/\/www.jornalja.com.br\/arquivo\/liminar-suspende-13-artigos-da-lei-que-regula-transporte-por-aplicativos-em-porto-alegre\/#authorImage","url":"https:\/\/secure.gravatar.com\/avatar\/469fd857d6605ad19919d27ed29d35a968a25f6e8fd9318356bbb7f57aae9c65?s=96&d=mm&r=g","width":96,"height":96,"caption":"da Reda\u00e7\u00e3o"}},{"@type":"WebPage","@id":"https:\/\/www.jornalja.com.br\/arquivo\/liminar-suspende-13-artigos-da-lei-que-regula-transporte-por-aplicativos-em-porto-alegre\/#webpage","url":"https:\/\/www.jornalja.com.br\/arquivo\/liminar-suspende-13-artigos-da-lei-que-regula-transporte-por-aplicativos-em-porto-alegre\/","name":"Liminar suspende 13 artigos da lei que regula transporte por aplicativos em Porto Alegre | Arquivo","inLanguage":"pt-BR","isPartOf":{"@id":"https:\/\/www.jornalja.com.br\/arquivo\/#website"},"breadcrumb":{"@id":"https:\/\/www.jornalja.com.br\/arquivo\/liminar-suspende-13-artigos-da-lei-que-regula-transporte-por-aplicativos-em-porto-alegre\/#breadcrumblist"},"author":{"@id":"https:\/\/www.jornalja.com.br\/arquivo\/author\/daredacao\/#author"},"creator":{"@id":"https:\/\/www.jornalja.com.br\/arquivo\/author\/daredacao\/#author"},"image":{"@type":"ImageObject","url":56227,"@id":"https:\/\/www.jornalja.com.br\/arquivo\/liminar-suspende-13-artigos-da-lei-que-regula-transporte-por-aplicativos-em-porto-alegre\/#mainImage"},"primaryImageOfPage":{"@id":"https:\/\/www.jornalja.com.br\/arquivo\/liminar-suspende-13-artigos-da-lei-que-regula-transporte-por-aplicativos-em-porto-alegre\/#mainImage"},"datePublished":"2017-10-11T18:16:50-03:00","dateModified":"2017-10-11T18:16:50-03:00"},{"@type":"WebSite","@id":"https:\/\/www.jornalja.com.br\/arquivo\/#website","url":"https:\/\/www.jornalja.com.br\/arquivo\/","name":"Arquivo","description":"Jornal J\u00c1 | Porto Alegre","inLanguage":"pt-BR","publisher":{"@id":"https:\/\/www.jornalja.com.br\/arquivo\/#organization"}}]},"og:locale":"pt_BR","og:site_name":"Arquivo | Jornal J\u00c1 | Porto Alegre","og:type":"article","og:title":"Liminar suspende 13 artigos da lei que regula transporte por aplicativos em Porto Alegre | Arquivo","og:url":"https:\/\/www.jornalja.com.br\/arquivo\/liminar-suspende-13-artigos-da-lei-que-regula-transporte-por-aplicativos-em-porto-alegre\/","og:image":"https:\/\/www.jornalja.com.br\/economics\/wp-content\/uploads\/sites\/11\/2026\/08\/ja-folhaderosto-facebook.jpg","og:image:secure_url":"https:\/\/www.jornalja.com.br\/economics\/wp-content\/uploads\/sites\/11\/2026\/08\/ja-folhaderosto-facebook.jpg","article:published_time":"2017-10-11T21:16:50+00:00","article:modified_time":"2017-10-11T21:16:50+00:00","twitter:card":"summary","twitter:title":"Liminar suspende 13 artigos da lei que regula transporte por aplicativos em Porto Alegre | Arquivo","twitter:image":"https:\/\/www.jornalja.com.br\/economics\/wp-content\/uploads\/sites\/11\/2026\/08\/ja-folhaderosto-facebook.jpg"},"aioseo_meta_data":{"post_id":"56226","title":null,"description":null,"keywords":null,"keyphrases":null,"primary_term":null,"canonical_url":null,"og_title":null,"og_description":null,"og_object_type":"default","og_image_type":"default","og_image_url":null,"og_image_width":null,"og_image_height":null,"og_image_custom_url":null,"og_image_custom_fields":null,"og_video":null,"og_custom_url":null,"og_article_section":null,"og_article_tags":null,"twitter_use_og":false,"twitter_card":"default","twitter_image_type":"default","twitter_image_url":null,"twitter_image_custom_url":null,"twitter_image_custom_fields":null,"twitter_title":null,"twitter_description":null,"schema":{"blockGraphs":[],"customGraphs":[],"default":{"data":{"Article":[],"Course":[],"Dataset":[],"FAQPage":[],"Movie":[],"Person":[],"Product":[],"ProductReview":[],"Car":[],"Recipe":[],"Service":[],"SoftwareApplication":[],"WebPage":[]},"graphName":"","isEnabled":true},"graphs":[],"defaultGraph":"","defaultPostTypeGraph":""},"schema_type":null,"schema_type_options":null,"pillar_content":false,"robots_default":true,"robots_noindex":false,"robots_noarchive":false,"robots_nosnippet":false,"robots_nofollow":false,"robots_noimageindex":false,"robots_noodp":false,"robots_notranslate":false,"robots_max_snippet":null,"robots_max_videopreview":null,"robots_max_imagepreview":"large","priority":null,"frequency":null,"location":null,"local_seo":null,"breadcrumb_settings":null,"limit_modified_date":false,"ai":null,"created":"2020-12-20 20:21:53","updated":"2025-07-20 01:47:52","seo_analyzer_scan_date":null,"focus_keyword":null,"additional_keywords":null,"truseo_locale":null},"jetpack_sharing_enabled":true,"jetpack-related-posts":[{"id":14241,"url":"https:\/\/www.jornalja.com.br\/arquivo\/o-guaiba-nas-imagens-poeticas-de-achutti\/","url_meta":{"origin":56226,"position":0},"title":"O Gua\u00edba nas imagens po\u00e9ticas de Achutti","author":"da Reda\u00e7\u00e3o","date":"18 de junho de 2014","format":false,"excerpt":"Em \u201cO Gua\u00edba por Achutti\u201d \u2013 obra financiada via Minist\u00e9rio da Cultura, produ\u00e7\u00e3o executiva de Pedro Longhi, e Fl\u00e1vio Wild como designer \u2013, o fot\u00f3grafo revela a beleza e as mazelas de um espa\u00e7o aqu\u00e1tico de \u00e1guas sempre renovadas, cheio de hist\u00f3rias e lendas como as das cidades que foram\u2026","rel":"","context":"Em &quot;Cultura-Geral&quot;","block_context":{"text":"Cultura-Geral","link":"https:\/\/www.jornalja.com.br\/arquivo\/category\/materiasecundaria\/"},"img":{"alt_text":"","src":"","width":0,"height":0},"classes":[]},{"id":1280,"url":"https:\/\/www.jornalja.com.br\/arquivo\/o-menino-que-se-tornou-brizola\/","url_meta":{"origin":56226,"position":1},"title":"O Menino que se Tornou Brizola","author":"da Reda\u00e7\u00e3o","date":"28 de julho de 2008","format":false,"excerpt":"Autor: Cleber Dioni A vida de Leonel Brizola, com \u00eanfase para os primeiros anos em Porto Alegre, at\u00e9 o ex\u00edlio no Uruguai e a volta, quinze anos depois. \u00a0\"...\u00c9ramos todos jovens e nos identific\u00e1vamos com aquela massa an\u00f4nima a percorrer as ruas de Porto Alegre, gritando 'Get\u00falio', 'Get\u00falio' e empunhando\u2026","rel":"","context":"Em &quot;Livros&quot;","block_context":{"text":"Livros","link":"https:\/\/www.jornalja.com.br\/arquivo\/category\/livros\/"},"img":{"alt_text":"","src":"https:\/\/i0.wp.com\/www.jornalja.com.br\/wp-content\/uploads\/2008\/07\/brizola.gif?resize=350%2C200&ssl=1","width":350,"height":200},"classes":[]},{"id":12960,"url":"https:\/\/www.jornalja.com.br\/arquivo\/populacao-culpa-empresas-pela-greve-dos-rodoviarios\/","url_meta":{"origin":56226,"position":2},"title":"Popula\u00e7\u00e3o culpa empresas pela greve","author":"Patr\u00edcia Marini","date":"14 de fevereiro de 2014","format":false,"excerpt":"Pesquisa divulgada na edi\u00e7\u00e3o do jornal Metro desta sexta-feira,14, comprova o velho ditado: \u00e9 poss\u00edvel enganar muitos por algum tempo, mas n\u00e3o \u00e9 poss\u00edvel enganar a todos o tempo inteiro. A principal revela\u00e7\u00e3o foi que 59,8% dos entrevistados apontaram as empresas como as principais respons\u00e1veis pela grave e 46% culparam\u2026","rel":"","context":"Em &quot;X.Categorias velhas&quot;","block_context":{"text":"X.Categorias velhas","link":"https:\/\/www.jornalja.com.br\/arquivo\/category\/x-categorias-velhas\/"},"img":{"alt_text":"","src":"","width":0,"height":0},"classes":[]},{"id":13239,"url":"https:\/\/www.jornalja.com.br\/arquivo\/conselho-desdenha-do-plano-diretor\/","url_meta":{"origin":56226,"position":3},"title":"Porto Alegre: Conselho detona Plano Diretor","author":"Patr\u00edcia Marini","date":"25 de maio de 2014","format":false,"excerpt":"Den\u00fancia do arquiteto e \u00a0urbanista Ibir\u00e1 Santos Lucas. Ele diz que os conselheiros est\u00e3o votando com \"enorme irresponsabilidade\". \"Mudam regime com a maior naturalidade,,,regularizam absurdos de constru\u00e7\u00f5es irregulares... \"O CMDUA est\u00e1 flexibilizando a lei do plano diretor, de uma forma impactante na vida da cidade. Mudam regime com a maior\u2026","rel":"","context":"Em &quot;Geral&quot;","block_context":{"text":"Geral","link":"https:\/\/www.jornalja.com.br\/arquivo\/category\/geral\/"},"img":{"alt_text":"","src":"","width":0,"height":0},"classes":[]},{"id":13124,"url":"https:\/\/www.jornalja.com.br\/arquivo\/sangue-latino-no-iecine\/","url_meta":{"origin":56226,"position":4},"title":"Sangue latino no IECINE","author":"da Reda\u00e7\u00e3o","date":"18 de maio de 2014","format":false,"excerpt":"Francisco Ribeiro O Instituto Estadual de Cinema (IECINE) tem a frente, desde abril \u00faltimo, um novo diretor, o cineasta colombiano Juan Zapata, 36, que substitui Luiz Alberto Cassol. Radicado h\u00e1 dez anos em Porto Alegre, Zapata tem diante de si o desafio de conduzir at\u00e9 o final do ano um\u2026","rel":"","context":"Em &quot;Cultura-Geral&quot;","block_context":{"text":"Cultura-Geral","link":"https:\/\/www.jornalja.com.br\/arquivo\/category\/materiasecundaria\/"},"img":{"alt_text":"","src":"","width":0,"height":0},"classes":[]},{"id":13240,"url":"https:\/\/www.jornalja.com.br\/arquivo\/plano-diretor-estamos-construindo-o-caos\/","url_meta":{"origin":56226,"position":5},"title":"Plano diretor: &quot;Estamos construindo o caos&quot;","author":"Patr\u00edcia Marini","date":"26 de maio de 2014","format":false,"excerpt":"Desabafo que arquiteta Eliana Castilhos, delegada da Regi\u00e3o de Planejamento 1, postou nas redes sociais \u00e9 um testemunho do ambiente que se criou no Conselho do Plano Diretor de Porto Alegre, onde a aprova\u00e7\u00e3o de grandes empreendimentos \u00e9 empurrada guela abaixo dos conselheiros. Ao CMDUA Como delegada da Regi\u00e3o de\u2026","rel":"","context":"Em &quot;Geral&quot;","block_context":{"text":"Geral","link":"https:\/\/www.jornalja.com.br\/arquivo\/category\/geral\/"},"img":{"alt_text":"","src":"","width":0,"height":0},"classes":[]}],"jetpack_shortlink":"https:\/\/wp.me\/pbQjBd-eCS","jetpack_featured_media_url":"","_links":{"self":[{"href":"https:\/\/www.jornalja.com.br\/arquivo\/wp-json\/wp\/v2\/posts\/56226","targetHints":{"allow":["GET"]}}],"collection":[{"href":"https:\/\/www.jornalja.com.br\/arquivo\/wp-json\/wp\/v2\/posts"}],"about":[{"href":"https:\/\/www.jornalja.com.br\/arquivo\/wp-json\/wp\/v2\/types\/post"}],"author":[{"embeddable":true,"href":"https:\/\/www.jornalja.com.br\/arquivo\/wp-json\/wp\/v2\/users\/4"}],"replies":[{"embeddable":true,"href":"https:\/\/www.jornalja.com.br\/arquivo\/wp-json\/wp\/v2\/comments?post=56226"}],"version-history":[{"count":0,"href":"https:\/\/www.jornalja.com.br\/arquivo\/wp-json\/wp\/v2\/posts\/56226\/revisions"}],"wp:attachment":[{"href":"https:\/\/www.jornalja.com.br\/arquivo\/wp-json\/wp\/v2\/media?parent=56226"}],"wp:term":[{"taxonomy":"category","embeddable":true,"href":"https:\/\/www.jornalja.com.br\/arquivo\/wp-json\/wp\/v2\/categories?post=56226"},{"taxonomy":"post_tag","embeddable":true,"href":"https:\/\/www.jornalja.com.br\/arquivo\/wp-json\/wp\/v2\/tags?post=56226"}],"curies":[{"name":"wp","href":"https:\/\/api.w.org\/{rel}","templated":true}]}}