{"id":56241,"date":"2017-10-13T12:51:22","date_gmt":"2017-10-13T15:51:22","guid":{"rendered":"https:\/\/www.jornalja.com.br\/?p=56241"},"modified":"2017-10-13T12:51:22","modified_gmt":"2017-10-13T15:51:22","slug":"senado-muda-lei-maria-da-penha-e-organizacoes-pedem-que-temer-vete-a-proposta","status":"publish","type":"post","link":"https:\/\/www.jornalja.com.br\/arquivo\/senado-muda-lei-maria-da-penha-e-organizacoes-pedem-que-temer-vete-a-proposta\/","title":{"rendered":"Senado muda Lei Maria da Penha e organiza\u00e7\u00f5es pedem que Temer vete a proposta"},"content":{"rendered":"<p><figure id=\"attachment_56242\" aria-describedby=\"caption-attachment-56242\" style=\"width: 400px\" class=\"wp-caption alignleft\"><img loading=\"lazy\" decoding=\"async\" class=\"size-medium wp-image-56242\" src=\"https:\/\/www.jornalja.com.br\/wp-content\/uploads\/2017\/10\/906687-manifesta\u00e7\u00e3o_mulheres_viol\u00eancia0376-400x268.jpg\" alt=\"\" width=\"400\" height=\"268\" \/><figcaption id=\"caption-attachment-56242\" class=\"wp-caption-text\">A medida foi votada simbolicamente na Casa e anunciada como positiva, mas integrantes do Minist\u00e9rio P\u00fablico, Defensores P\u00fablicos Gerais e organiza\u00e7\u00f5es feministas criticam as mudan\u00e7as \/ T\u00e2nia R\u00eago \/ Ag\u00eancia Brasil<\/figcaption><\/figure><br \/>\nO Senado aprovou, na ter\u00e7a-feira (10), Dia Nacional de Luta Contra a Viol\u00eancia \u00e0 Mulher, projeto que altera a Lei Maria da Penha, a fim de permitir ao delegado de pol\u00edcia conceder medidas protetivas de urg\u00eancia \u00e0s mulheres que sofreram viol\u00eancia e a seus dependentes, uma prerrogativa que hoje \u00e9 exclusiva dos ju\u00edzes. A medida foi votada simbolicamente na Casa e anunciada como positiva, mas integrantes do Minist\u00e9rio P\u00fablico, Defensores P\u00fablicos Gerais e organiza\u00e7\u00f5es feministas criticam as mudan\u00e7as. Elas pedem que o presidente Michel Temer vete a proposta.<br \/>\nO projeto determina que a concess\u00e3o de medidas pelo delegado s\u00f3 ser\u00e1 admitida em caso de risco real ou iminente \u00e0 vida ou \u00e0 integridade f\u00edsica e psicol\u00f3gica da mulher e de seus dependentes. A autoridade policial dever\u00e1 comunicar a decis\u00e3o ao juiz e tamb\u00e9m consultar o Minist\u00e9rio P\u00fablico em at\u00e9 24 horas, de acordo com a proposta, para definir pela manuten\u00e7\u00e3o da decis\u00e3o. Entre as medidas que podem ser aplicadas em caso de viol\u00eancia, est\u00e3o a proibi\u00e7\u00e3o de o agressor manter contato ou se aproximar da ofendida, de seus familiares e das testemunhas, vetando-o de frequentar determinados lugares a fim de preservar a integridade f\u00edsica e psicol\u00f3gica da agredida, e o encaminhamento da mulher \u00e0 rede de apoio \u00e0s v\u00edtimas de viol\u00eancia.<br \/>\nNa justificativa da proposta de autoria do deputado Sergio Vidigal (PDT-ES), consta que ela acelerar\u00e1 a aprecia\u00e7\u00e3o dos pedidos, a fim de garantir seguran\u00e7a, e que objetiva promover melhorias no sistema de combate \u00e0 viol\u00eancia dom\u00e9stica e familiar contra a mulher. Nesse sentido, tamb\u00e9m determina que deve ser priorizada a cria\u00e7\u00e3o de delegacias especializadas de atendimento \u00e0 mulher (Deam), n\u00facleos investigativos de feminic\u00eddio e equipes especializadas para o atendimento e investiga\u00e7\u00e3o de atos graves de viol\u00eancia contra a mulher; estabelece que a v\u00edtima de viol\u00eancia deve ser atendida, preferencialmente, por outras mulheres; e fixa diretrizes para a escuta de v\u00edtimas e testemunhas, como a garantia de que sejam ouvidas em local isolado e espec\u00edfico e de que n\u00e3o haver\u00e1 contato com investigados ou suspeitos.<br \/>\nA mudan\u00e7a, contudo, est\u00e1 longe de ser consensual. Antes mesmo da aprova\u00e7\u00e3o da proposta, v\u00e1rias institui\u00e7\u00f5es manifestaram-se contra, entre as quais o Grupo Nacional de Direitos Humanos e a Comiss\u00e3o Permanente de Combate \u00e0 Viol\u00eancia Dom\u00e9stica e Familiar Contra a Mulher do Conselho Nacional de Procuradores-Gerais dos Minist\u00e9rios P\u00fablicos dos Estados e da Uni\u00e3o; a Comiss\u00e3o Especial para Promo\u00e7\u00e3o e Defesa dos Direitos da Mulher do Col\u00e9gio Nacional de Defensores P\u00fablicos Gerais, bem como as organiza\u00e7\u00f5es que elaboraram o anteprojeto de lei Maria da Penha (Cepia, Cfemea, Cladem e Themis) e outros grupos feministas, de mulheres e de defesa dos direitos humanos.<br \/>\nDiante das mudan\u00e7as, Leila Linhares Barsted, diretora da ONG CEPIA \u2013 Cidadania, Estudo, Pesquisa, Informa\u00e7\u00e3o e A\u00e7\u00e3o e uma das redatoras do texto da Lei Maria da Penha, antecipou a\u00a0<strong>Ag\u00eancia Brasil<\/strong>\u00a0que organiza\u00e7\u00f5es que atuam em defesa dos direitos das mulheres pedir\u00e3o que o presidente Michel Temer vete a proposta.<br \/>\nEla explica que, em vez de significar avan\u00e7os, o projeto aprovado subverte a l\u00f3gica da Lei Maria da Penha e seu foco em garantir acesso das mulheres \u00e0 Justi\u00e7a e \u00e0 rede de apoio, como institui\u00e7\u00f5es de acolhimento e de aten\u00e7\u00e3o \u00e0 sa\u00fade. \u201cN\u00f3s, mulheres que trabalhamos na proposta original, quer\u00edamos realmente garantir \u00e0s mulheres o acesso \u00e0 Justi\u00e7a, que \u00e9 uma garantia prevista n\u00e3o apenas na Constitui\u00e7\u00e3o, mas especificamente no caso das mulheres, em conven\u00e7\u00f5es internacionais das Na\u00e7\u00f5es Unidas e da Organiza\u00e7\u00e3o dos Estados Americanos [OEA]\u201d, relembra Leila.<br \/>\n<span class=\"intertit\">Acesso \u00e0 Justi\u00e7a<\/span><br \/>\nEla explica que a norma em vigor prev\u00ea a compet\u00eancia do Judici\u00e1rio na determina\u00e7\u00e3o de medidas, dando \u00e0 pol\u00edcia o dever de orientar a v\u00edtima sobre medidas protetivas e outras quest\u00f5es, como registro de ocorr\u00eancia, al\u00e9m de apoi\u00e1-la para buscar pertences em casa. Para Leila, al\u00e9m do direito das mulheres de ter acesso ao Judici\u00e1rio, isso \u00e9 importante porque \u00e9 neste momento que a v\u00edtima \u00e9 acompanhada pela Defensoria P\u00fablica, recebe apoio e informa\u00e7\u00f5es sobre seus direitos. \u201c\u00c9 uma maneira de fortalecer essas mulheres, sabendo dos seus direitos e requerendo, de forma eficaz, as medidas protetivas, e de afastar mecanismos de concilia\u00e7\u00e3o t\u00e3o comumente utilizados\u201d, diz, relatando que, nas delegacias, as mulheres costumam ser discriminadas.<br \/>\nQuestionada sobre a efic\u00e1cia do Judici\u00e1rio nesse combate, j\u00e1 que\u00a0<a href=\"http:\/\/agenciabrasil.ebc.com.br\/direitos-humanos\/noticia\/2017-10\/brasil-tem-quase-900-mil-processos-sobre-violencia-contra-mulher-em\" target=\"_blank\" rel=\"noopener noreferrer\">900 mil processos sobre viol\u00eancia dom\u00e9stica tramitam na Justi\u00e7a brasileira\u00a0<\/a>, a advogada e representante brasileira no Mecanismo de Acompanhamento da Implementa\u00e7\u00e3o da Conven\u00e7\u00e3o Interamericana para Prevenir, Punir e Erradicar a viol\u00eancia contra a Mulher da OEA afirma que \u201ca concess\u00e3o de medidas protetivas \u00e9 um ato r\u00e1pido, enquanto o processo criminal tem que obedecer ao rito de ampla defesa\u201d e destaca que os problemas existentes n\u00e3o pode levar \u00e0 substitui\u00e7\u00e3o do Judici\u00e1rio pelas delegacias de pol\u00edcia.<br \/>\nA Associa\u00e7\u00e3o Nacional dos Membros do Minist\u00e9rio P\u00fablico (Conamp) alertou, em nota t\u00e9cnica, que ela pode impedir que as mulheres violentadas apresentem seus pleitos \u00e0 Justi\u00e7a. A proposta, para o Conamp, abole a \u201ccapacidade postulat\u00f3ria direta da v\u00edtima para o juiz para as medidas protetivas de urg\u00eancia, pois agora apenas se o delegado de pol\u00edcia entender necess\u00e1rio ele \u00e9 quem representar\u00e1 ao juiz para a aplica\u00e7\u00e3o de outras medidas protetivas\u201d.<br \/>\n<span class=\"intertit\">Direitos do acusado<\/span><br \/>\nO \u00f3rg\u00e3o defende que a altera\u00e7\u00e3o \u00e9 ilegal. Apontando que a decis\u00e3o por medidas protetivas de urg\u00eancia \u201c\u00e9 uma grave inger\u00eancia nos direitos fundamentais do investigado\u201d. \u201cA proibi\u00e7\u00e3o de aproximar-se dos parentes da v\u00edtima pode importar, inclusive, na supress\u00e3o do direito de visita regulamentado por decis\u00e3o judicial, criando a situa\u00e7\u00e3o absurda de um despacho policial revogar decis\u00e3o judicial. E restringir o direito fundamental \u00e0 liberdade do cidad\u00e3o\u201d.<br \/>\nOpini\u00e3o semelhante \u00e9 exposta por Leila Linhares Barsted. Ao mesmo tempo que o Estado tem o dever de punir agressores a fim de que as mulheres sejam protegidas e possam viver sem viol\u00eancia, diz, ele n\u00e3o pode negar direitos aos acusados. \u201cN\u00e3o podemos ampliar o poder de pol\u00edcia de limitar a liberdade de indiv\u00edduos\u201d.<br \/>\n<em>Da Ag\u00eancia Brasil<\/em><\/p>\n","protected":false},"excerpt":{"rendered":"<p>O Senado aprovou, na ter\u00e7a-feira (10), Dia Nacional de Luta Contra a Viol\u00eancia \u00e0 Mulher, projeto que altera a Lei Maria da Penha, a fim de permitir ao delegado de pol\u00edcia conceder medidas protetivas de urg\u00eancia \u00e0s mulheres que sofreram viol\u00eancia e a seus dependentes, uma prerrogativa que hoje \u00e9 exclusiva dos ju\u00edzes. A medida [&hellip;]<\/p>\n","protected":false},"author":4,"featured_media":0,"comment_status":"open","ping_status":"closed","sticky":false,"template":"","format":"standard","meta":{"_jetpack_newsletter_access":"","_jetpack_dont_email_post_to_subs":false,"_jetpack_newsletter_tier_id":0,"_jetpack_memberships_contains_paywalled_content":false,"_jetpack_feature_clip_id":0,"_jetpack_memberships_contains_paid_content":false,"footnotes":"","jetpack_post_was_ever_published":false},"categories":[2022],"tags":[],"class_list":["post-56241","post","type-post","status-publish","format-standard","hentry","category-notas"],"aioseo_notices":[],"aioseo_head":"\n\t\t<!-- All in One SEO 5.0.1.1 - aioseo.com -->\n\t<meta name=\"robots\" content=\"max-image-preview:large\" \/>\n\t<meta name=\"author\" content=\"da Reda\u00e7\u00e3o\"\/>\n\t<link rel=\"canonical\" href=\"https:\/\/www.jornalja.com.br\/arquivo\/senado-muda-lei-maria-da-penha-e-organizacoes-pedem-que-temer-vete-a-proposta\/\" \/>\n\t<meta name=\"generator\" content=\"All in One SEO (AIOSEO) 5.0.1.1\" \/>\n\t\t<meta property=\"og:locale\" content=\"pt_BR\" \/>\n\t\t<meta property=\"og:site_name\" content=\"Arquivo | Jornal J\u00c1 | Porto Alegre\" \/>\n\t\t<meta property=\"og:type\" content=\"article\" \/>\n\t\t<meta property=\"og:title\" content=\"Senado muda Lei Maria da Penha e organiza\u00e7\u00f5es pedem que Temer vete a proposta | Arquivo\" \/>\n\t\t<meta property=\"og:url\" content=\"https:\/\/www.jornalja.com.br\/arquivo\/senado-muda-lei-maria-da-penha-e-organizacoes-pedem-que-temer-vete-a-proposta\/\" \/>\n\t\t<meta property=\"og:image\" content=\"https:\/\/www.jornalja.com.br\/wp-content\/uploads\/2017\/10\/906687-manifesta\u00e7\u00e3o_mulheres_viol\u00eancia0376-400x268.jpg\" \/>\n\t\t<meta property=\"og:image:secure_url\" content=\"https:\/\/www.jornalja.com.br\/wp-content\/uploads\/2017\/10\/906687-manifesta\u00e7\u00e3o_mulheres_viol\u00eancia0376-400x268.jpg\" \/>\n\t\t<meta property=\"article:published_time\" content=\"2017-10-13T15:51:22+00:00\" \/>\n\t\t<meta property=\"article:modified_time\" content=\"2017-10-13T15:51:22+00:00\" \/>\n\t\t<meta name=\"twitter:card\" content=\"summary\" \/>\n\t\t<meta name=\"twitter:title\" content=\"Senado muda Lei Maria da Penha e organiza\u00e7\u00f5es pedem que Temer vete a proposta | Arquivo\" \/>\n\t\t<meta name=\"twitter:image\" content=\"https:\/\/www.jornalja.com.br\/economics\/wp-content\/uploads\/sites\/11\/2026\/08\/ja-folhaderosto-facebook.jpg\" \/>\n\t\t<script type=\"application\/ld+json\" class=\"aioseo-schema\">\n\t\t\t{\"@context\":\"https:\\\/\\\/schema.org\",\"@graph\":[{\"@type\":\"BlogPosting\",\"@id\":\"https:\\\/\\\/www.jornalja.com.br\\\/arquivo\\\/senado-muda-lei-maria-da-penha-e-organizacoes-pedem-que-temer-vete-a-proposta\\\/#blogposting\",\"name\":\"Senado muda Lei Maria da Penha e organiza\\u00e7\\u00f5es pedem que Temer vete a proposta | Arquivo\",\"headline\":\"Senado muda Lei Maria da Penha e organiza\\u00e7\\u00f5es pedem que Temer vete a proposta\",\"author\":{\"@id\":\"https:\\\/\\\/www.jornalja.com.br\\\/arquivo\\\/author\\\/daredacao\\\/#author\"},\"publisher\":{\"@id\":\"https:\\\/\\\/www.jornalja.com.br\\\/arquivo\\\/#organization\"},\"image\":{\"@type\":\"ImageObject\",\"url\":\"https:\\\/\\\/www.jornalja.com.br\\\/wp-content\\\/uploads\\\/2017\\\/10\\\/906687-manifesta\\u00e7\\u00e3o_mulheres_viol\\u00eancia0376-400x268.jpg\",\"@id\":\"https:\\\/\\\/www.jornalja.com.br\\\/arquivo\\\/senado-muda-lei-maria-da-penha-e-organizacoes-pedem-que-temer-vete-a-proposta\\\/#articleImage\"},\"datePublished\":\"2017-10-13T12:51:22-03:00\",\"dateModified\":\"2017-10-13T12:51:22-03:00\",\"inLanguage\":\"pt-BR\",\"mainEntityOfPage\":{\"@id\":\"https:\\\/\\\/www.jornalja.com.br\\\/arquivo\\\/senado-muda-lei-maria-da-penha-e-organizacoes-pedem-que-temer-vete-a-proposta\\\/#webpage\"},\"isPartOf\":{\"@id\":\"https:\\\/\\\/www.jornalja.com.br\\\/arquivo\\\/senado-muda-lei-maria-da-penha-e-organizacoes-pedem-que-temer-vete-a-proposta\\\/#webpage\"},\"articleSection\":\"NOTAS\"},{\"@type\":\"BreadcrumbList\",\"@id\":\"https:\\\/\\\/www.jornalja.com.br\\\/arquivo\\\/senado-muda-lei-maria-da-penha-e-organizacoes-pedem-que-temer-vete-a-proposta\\\/#breadcrumblist\",\"itemListElement\":[{\"@type\":\"ListItem\",\"@id\":\"https:\\\/\\\/www.jornalja.com.br\\\/arquivo#listItem\",\"position\":1,\"name\":\"Home\",\"item\":\"https:\\\/\\\/www.jornalja.com.br\\\/arquivo\",\"nextItem\":{\"@type\":\"ListItem\",\"@id\":\"https:\\\/\\\/www.jornalja.com.br\\\/arquivo\\\/category\\\/notas\\\/#listItem\",\"name\":\"NOTAS\"}},{\"@type\":\"ListItem\",\"@id\":\"https:\\\/\\\/www.jornalja.com.br\\\/arquivo\\\/category\\\/notas\\\/#listItem\",\"position\":2,\"name\":\"NOTAS\",\"item\":\"https:\\\/\\\/www.jornalja.com.br\\\/arquivo\\\/category\\\/notas\\\/\",\"nextItem\":{\"@type\":\"ListItem\",\"@id\":\"https:\\\/\\\/www.jornalja.com.br\\\/arquivo\\\/senado-muda-lei-maria-da-penha-e-organizacoes-pedem-que-temer-vete-a-proposta\\\/#listItem\",\"name\":\"Senado muda Lei Maria da Penha e organiza\\u00e7\\u00f5es pedem que Temer vete a proposta\"},\"previousItem\":{\"@type\":\"ListItem\",\"@id\":\"https:\\\/\\\/www.jornalja.com.br\\\/arquivo#listItem\",\"name\":\"Home\"}},{\"@type\":\"ListItem\",\"@id\":\"https:\\\/\\\/www.jornalja.com.br\\\/arquivo\\\/senado-muda-lei-maria-da-penha-e-organizacoes-pedem-que-temer-vete-a-proposta\\\/#listItem\",\"position\":3,\"name\":\"Senado muda Lei Maria da Penha e organiza\\u00e7\\u00f5es pedem que Temer vete a proposta\",\"previousItem\":{\"@type\":\"ListItem\",\"@id\":\"https:\\\/\\\/www.jornalja.com.br\\\/arquivo\\\/category\\\/notas\\\/#listItem\",\"name\":\"NOTAS\"}}]},{\"@type\":\"Organization\",\"@id\":\"https:\\\/\\\/www.jornalja.com.br\\\/arquivo\\\/#organization\",\"name\":\"Jornal J\\u00c1\",\"description\":\"Jornal J\\u00c1 | Porto Alegre\",\"url\":\"https:\\\/\\\/www.jornalja.com.br\\\/arquivo\\\/\",\"telephone\":\"+555133307272\",\"logo\":{\"@type\":\"ImageObject\",\"url\":\"https:\\\/\\\/www.jornalja.com.br\\\/wp-content\\\/uploads\\\/cards\\\/JAslogan.png\",\"@id\":\"https:\\\/\\\/www.jornalja.com.br\\\/arquivo\\\/senado-muda-lei-maria-da-penha-e-organizacoes-pedem-que-temer-vete-a-proposta\\\/#organizationLogo\"},\"image\":{\"@id\":\"https:\\\/\\\/www.jornalja.com.br\\\/arquivo\\\/senado-muda-lei-maria-da-penha-e-organizacoes-pedem-que-temer-vete-a-proposta\\\/#organizationLogo\"}},{\"@type\":\"Person\",\"@id\":\"https:\\\/\\\/www.jornalja.com.br\\\/arquivo\\\/author\\\/daredacao\\\/#author\",\"url\":\"https:\\\/\\\/www.jornalja.com.br\\\/arquivo\\\/author\\\/daredacao\\\/\",\"name\":\"da Reda\\u00e7\\u00e3o\",\"image\":{\"@type\":\"ImageObject\",\"@id\":\"https:\\\/\\\/www.jornalja.com.br\\\/arquivo\\\/senado-muda-lei-maria-da-penha-e-organizacoes-pedem-que-temer-vete-a-proposta\\\/#authorImage\",\"url\":\"https:\\\/\\\/secure.gravatar.com\\\/avatar\\\/469fd857d6605ad19919d27ed29d35a968a25f6e8fd9318356bbb7f57aae9c65?s=96&d=mm&r=g\",\"width\":96,\"height\":96,\"caption\":\"da Reda\\u00e7\\u00e3o\"}},{\"@type\":\"WebPage\",\"@id\":\"https:\\\/\\\/www.jornalja.com.br\\\/arquivo\\\/senado-muda-lei-maria-da-penha-e-organizacoes-pedem-que-temer-vete-a-proposta\\\/#webpage\",\"url\":\"https:\\\/\\\/www.jornalja.com.br\\\/arquivo\\\/senado-muda-lei-maria-da-penha-e-organizacoes-pedem-que-temer-vete-a-proposta\\\/\",\"name\":\"Senado muda Lei Maria da Penha e organiza\\u00e7\\u00f5es pedem que Temer vete a proposta | Arquivo\",\"inLanguage\":\"pt-BR\",\"isPartOf\":{\"@id\":\"https:\\\/\\\/www.jornalja.com.br\\\/arquivo\\\/#website\"},\"breadcrumb\":{\"@id\":\"https:\\\/\\\/www.jornalja.com.br\\\/arquivo\\\/senado-muda-lei-maria-da-penha-e-organizacoes-pedem-que-temer-vete-a-proposta\\\/#breadcrumblist\"},\"author\":{\"@id\":\"https:\\\/\\\/www.jornalja.com.br\\\/arquivo\\\/author\\\/daredacao\\\/#author\"},\"creator\":{\"@id\":\"https:\\\/\\\/www.jornalja.com.br\\\/arquivo\\\/author\\\/daredacao\\\/#author\"},\"datePublished\":\"2017-10-13T12:51:22-03:00\",\"dateModified\":\"2017-10-13T12:51:22-03:00\"},{\"@type\":\"WebSite\",\"@id\":\"https:\\\/\\\/www.jornalja.com.br\\\/arquivo\\\/#website\",\"url\":\"https:\\\/\\\/www.jornalja.com.br\\\/arquivo\\\/\",\"name\":\"Arquivo\",\"description\":\"Jornal J\\u00c1 | Porto Alegre\",\"inLanguage\":\"pt-BR\",\"publisher\":{\"@id\":\"https:\\\/\\\/www.jornalja.com.br\\\/arquivo\\\/#organization\"}}]}\n\t\t<\/script>\n\t\t<!-- All in One SEO -->\n\n","aioseo_head_json":{"title":"Senado muda Lei Maria da Penha e organiza\u00e7\u00f5es pedem que Temer vete a proposta | Arquivo","description":"","canonical_url":"https:\/\/www.jornalja.com.br\/arquivo\/senado-muda-lei-maria-da-penha-e-organizacoes-pedem-que-temer-vete-a-proposta\/","robots":"max-image-preview:large","keywords":"","webmasterTools":{"miscellaneous":""},"schema":{"@context":"https:\/\/schema.org","@graph":[{"@type":"BlogPosting","@id":"https:\/\/www.jornalja.com.br\/arquivo\/senado-muda-lei-maria-da-penha-e-organizacoes-pedem-que-temer-vete-a-proposta\/#blogposting","name":"Senado muda Lei Maria da Penha e organiza\u00e7\u00f5es pedem que Temer vete a proposta | Arquivo","headline":"Senado muda Lei Maria da Penha e organiza\u00e7\u00f5es pedem que Temer vete a proposta","author":{"@id":"https:\/\/www.jornalja.com.br\/arquivo\/author\/daredacao\/#author"},"publisher":{"@id":"https:\/\/www.jornalja.com.br\/arquivo\/#organization"},"image":{"@type":"ImageObject","url":"https:\/\/www.jornalja.com.br\/wp-content\/uploads\/2017\/10\/906687-manifesta\u00e7\u00e3o_mulheres_viol\u00eancia0376-400x268.jpg","@id":"https:\/\/www.jornalja.com.br\/arquivo\/senado-muda-lei-maria-da-penha-e-organizacoes-pedem-que-temer-vete-a-proposta\/#articleImage"},"datePublished":"2017-10-13T12:51:22-03:00","dateModified":"2017-10-13T12:51:22-03:00","inLanguage":"pt-BR","mainEntityOfPage":{"@id":"https:\/\/www.jornalja.com.br\/arquivo\/senado-muda-lei-maria-da-penha-e-organizacoes-pedem-que-temer-vete-a-proposta\/#webpage"},"isPartOf":{"@id":"https:\/\/www.jornalja.com.br\/arquivo\/senado-muda-lei-maria-da-penha-e-organizacoes-pedem-que-temer-vete-a-proposta\/#webpage"},"articleSection":"NOTAS"},{"@type":"BreadcrumbList","@id":"https:\/\/www.jornalja.com.br\/arquivo\/senado-muda-lei-maria-da-penha-e-organizacoes-pedem-que-temer-vete-a-proposta\/#breadcrumblist","itemListElement":[{"@type":"ListItem","@id":"https:\/\/www.jornalja.com.br\/arquivo#listItem","position":1,"name":"Home","item":"https:\/\/www.jornalja.com.br\/arquivo","nextItem":{"@type":"ListItem","@id":"https:\/\/www.jornalja.com.br\/arquivo\/category\/notas\/#listItem","name":"NOTAS"}},{"@type":"ListItem","@id":"https:\/\/www.jornalja.com.br\/arquivo\/category\/notas\/#listItem","position":2,"name":"NOTAS","item":"https:\/\/www.jornalja.com.br\/arquivo\/category\/notas\/","nextItem":{"@type":"ListItem","@id":"https:\/\/www.jornalja.com.br\/arquivo\/senado-muda-lei-maria-da-penha-e-organizacoes-pedem-que-temer-vete-a-proposta\/#listItem","name":"Senado muda Lei Maria da Penha e organiza\u00e7\u00f5es pedem que Temer vete a proposta"},"previousItem":{"@type":"ListItem","@id":"https:\/\/www.jornalja.com.br\/arquivo#listItem","name":"Home"}},{"@type":"ListItem","@id":"https:\/\/www.jornalja.com.br\/arquivo\/senado-muda-lei-maria-da-penha-e-organizacoes-pedem-que-temer-vete-a-proposta\/#listItem","position":3,"name":"Senado muda Lei Maria da Penha e organiza\u00e7\u00f5es pedem que Temer vete a proposta","previousItem":{"@type":"ListItem","@id":"https:\/\/www.jornalja.com.br\/arquivo\/category\/notas\/#listItem","name":"NOTAS"}}]},{"@type":"Organization","@id":"https:\/\/www.jornalja.com.br\/arquivo\/#organization","name":"Jornal J\u00c1","description":"Jornal J\u00c1 | Porto Alegre","url":"https:\/\/www.jornalja.com.br\/arquivo\/","telephone":"+555133307272","logo":{"@type":"ImageObject","url":"https:\/\/www.jornalja.com.br\/wp-content\/uploads\/cards\/JAslogan.png","@id":"https:\/\/www.jornalja.com.br\/arquivo\/senado-muda-lei-maria-da-penha-e-organizacoes-pedem-que-temer-vete-a-proposta\/#organizationLogo"},"image":{"@id":"https:\/\/www.jornalja.com.br\/arquivo\/senado-muda-lei-maria-da-penha-e-organizacoes-pedem-que-temer-vete-a-proposta\/#organizationLogo"}},{"@type":"Person","@id":"https:\/\/www.jornalja.com.br\/arquivo\/author\/daredacao\/#author","url":"https:\/\/www.jornalja.com.br\/arquivo\/author\/daredacao\/","name":"da Reda\u00e7\u00e3o","image":{"@type":"ImageObject","@id":"https:\/\/www.jornalja.com.br\/arquivo\/senado-muda-lei-maria-da-penha-e-organizacoes-pedem-que-temer-vete-a-proposta\/#authorImage","url":"https:\/\/secure.gravatar.com\/avatar\/469fd857d6605ad19919d27ed29d35a968a25f6e8fd9318356bbb7f57aae9c65?s=96&d=mm&r=g","width":96,"height":96,"caption":"da Reda\u00e7\u00e3o"}},{"@type":"WebPage","@id":"https:\/\/www.jornalja.com.br\/arquivo\/senado-muda-lei-maria-da-penha-e-organizacoes-pedem-que-temer-vete-a-proposta\/#webpage","url":"https:\/\/www.jornalja.com.br\/arquivo\/senado-muda-lei-maria-da-penha-e-organizacoes-pedem-que-temer-vete-a-proposta\/","name":"Senado muda Lei Maria da Penha e organiza\u00e7\u00f5es pedem que Temer vete a proposta | Arquivo","inLanguage":"pt-BR","isPartOf":{"@id":"https:\/\/www.jornalja.com.br\/arquivo\/#website"},"breadcrumb":{"@id":"https:\/\/www.jornalja.com.br\/arquivo\/senado-muda-lei-maria-da-penha-e-organizacoes-pedem-que-temer-vete-a-proposta\/#breadcrumblist"},"author":{"@id":"https:\/\/www.jornalja.com.br\/arquivo\/author\/daredacao\/#author"},"creator":{"@id":"https:\/\/www.jornalja.com.br\/arquivo\/author\/daredacao\/#author"},"datePublished":"2017-10-13T12:51:22-03:00","dateModified":"2017-10-13T12:51:22-03:00"},{"@type":"WebSite","@id":"https:\/\/www.jornalja.com.br\/arquivo\/#website","url":"https:\/\/www.jornalja.com.br\/arquivo\/","name":"Arquivo","description":"Jornal J\u00c1 | Porto Alegre","inLanguage":"pt-BR","publisher":{"@id":"https:\/\/www.jornalja.com.br\/arquivo\/#organization"}}]},"og:locale":"pt_BR","og:site_name":"Arquivo | Jornal J\u00c1 | Porto Alegre","og:type":"article","og:title":"Senado muda Lei Maria da Penha e organiza\u00e7\u00f5es pedem que Temer vete a proposta | Arquivo","og:url":"https:\/\/www.jornalja.com.br\/arquivo\/senado-muda-lei-maria-da-penha-e-organizacoes-pedem-que-temer-vete-a-proposta\/","og:image":"https:\/\/www.jornalja.com.br\/wp-content\/uploads\/2017\/10\/906687-manifesta\u00e7\u00e3o_mulheres_viol\u00eancia0376-400x268.jpg","og:image:secure_url":"https:\/\/www.jornalja.com.br\/wp-content\/uploads\/2017\/10\/906687-manifesta\u00e7\u00e3o_mulheres_viol\u00eancia0376-400x268.jpg","article:published_time":"2017-10-13T15:51:22+00:00","article:modified_time":"2017-10-13T15:51:22+00:00","twitter:card":"summary","twitter:title":"Senado muda Lei Maria da Penha e organiza\u00e7\u00f5es pedem que Temer vete a proposta | Arquivo","twitter:image":"https:\/\/www.jornalja.com.br\/economics\/wp-content\/uploads\/sites\/11\/2026\/08\/ja-folhaderosto-facebook.jpg"},"aioseo_meta_data":{"post_id":"56241","title":null,"description":null,"keywords":null,"keyphrases":null,"primary_term":null,"canonical_url":null,"og_title":null,"og_description":null,"og_object_type":"default","og_image_type":"default","og_image_url":null,"og_image_width":null,"og_image_height":null,"og_image_custom_url":null,"og_image_custom_fields":null,"og_video":null,"og_custom_url":null,"og_article_section":null,"og_article_tags":null,"twitter_use_og":false,"twitter_card":"default","twitter_image_type":"default","twitter_image_url":null,"twitter_image_custom_url":null,"twitter_image_custom_fields":null,"twitter_title":null,"twitter_description":null,"schema":{"blockGraphs":[],"customGraphs":[],"default":{"data":{"Article":[],"Course":[],"Dataset":[],"FAQPage":[],"Movie":[],"Person":[],"Product":[],"ProductReview":[],"Car":[],"Recipe":[],"Service":[],"SoftwareApplication":[],"WebPage":[]},"graphName":"","isEnabled":true},"graphs":[],"defaultGraph":"","defaultPostTypeGraph":""},"schema_type":null,"schema_type_options":null,"pillar_content":false,"robots_default":true,"robots_noindex":false,"robots_noarchive":false,"robots_nosnippet":false,"robots_nofollow":false,"robots_noimageindex":false,"robots_noodp":false,"robots_notranslate":false,"robots_max_snippet":null,"robots_max_videopreview":null,"robots_max_imagepreview":"large","priority":null,"frequency":null,"location":null,"local_seo":null,"breadcrumb_settings":null,"limit_modified_date":false,"ai":null,"created":"2020-12-20 20:21:53","updated":"2025-07-20 01:49:10","seo_analyzer_scan_date":null,"focus_keyword":null,"additional_keywords":null,"truseo_locale":null},"jetpack_sharing_enabled":true,"jetpack-related-posts":[{"id":13109,"url":"https:\/\/www.jornalja.com.br\/arquivo\/judiciario-reconhece-poluicao-eletromagnetica\/","url_meta":{"origin":56241,"position":0},"title":"Judici\u00e1rio reconhece polui\u00e7\u00e3o eletromagn\u00e9tica","author":"Patr\u00edcia Marini","date":"16 de maio de 2014","format":false,"excerpt":"A\u00e7\u00e3o de duas associa\u00e7\u00f5es de moradores foi acolhida pelo Tribunal de Justi\u00e7a de S\u00e3o Paulo que. em decis\u00e3o in\u00e9dita, determinou a redu\u00e7\u00e3o do campo eletromagn\u00e9tico gerado pelas linhas de transmiss\u00e3o de energia que cortam os bairros City Boa\u00e7ava e Alto de Pinheiros. \u00c9 a primeira vez que um tribunal do\u2026","rel":"","context":"Em &quot;X.Categorias velhas&quot;","block_context":{"text":"X.Categorias velhas","link":"https:\/\/www.jornalja.com.br\/arquivo\/category\/x-categorias-velhas\/"},"img":{"alt_text":"","src":"","width":0,"height":0},"classes":[]},{"id":13240,"url":"https:\/\/www.jornalja.com.br\/arquivo\/plano-diretor-estamos-construindo-o-caos\/","url_meta":{"origin":56241,"position":1},"title":"Plano diretor: &quot;Estamos construindo o caos&quot;","author":"Patr\u00edcia Marini","date":"26 de maio de 2014","format":false,"excerpt":"Desabafo que arquiteta Eliana Castilhos, delegada da Regi\u00e3o de Planejamento 1, postou nas redes sociais \u00e9 um testemunho do ambiente que se criou no Conselho do Plano Diretor de Porto Alegre, onde a aprova\u00e7\u00e3o de grandes empreendimentos \u00e9 empurrada guela abaixo dos conselheiros. Ao CMDUA Como delegada da Regi\u00e3o de\u2026","rel":"","context":"Em &quot;Geral&quot;","block_context":{"text":"Geral","link":"https:\/\/www.jornalja.com.br\/arquivo\/category\/geral\/"},"img":{"alt_text":"","src":"","width":0,"height":0},"classes":[]},{"id":13101,"url":"https:\/\/www.jornalja.com.br\/arquivo\/morre-um-guerreiro-do-texto\/","url_meta":{"origin":56241,"position":2},"title":"Morre um guerreiro do texto","author":"Patr\u00edcia Marini","date":"14 de maio de 2014","format":false,"excerpt":"Por Ricardo Kotscho Reproduzido do blog do autor, 11\/5\/2014; t\u00edtulo original \u201cE l\u00e1 se foi o nosso Myltainho, guerreiro do texto\u201d. Mi\u00fado e franzino, meu amigo Myltainho era um valente e inconformado guerreiro na luta contra as injusti\u00e7as sociais, a hipocrisia, as maracutaias, o autoritarismo, a intoler\u00e2ncia, a viol\u00eancia, o\u2026","rel":"","context":"Em &quot;Geral&quot;","block_context":{"text":"Geral","link":"https:\/\/www.jornalja.com.br\/arquivo\/category\/geral\/"},"img":{"alt_text":"","src":"","width":0,"height":0},"classes":[]},{"id":14241,"url":"https:\/\/www.jornalja.com.br\/arquivo\/o-guaiba-nas-imagens-poeticas-de-achutti\/","url_meta":{"origin":56241,"position":3},"title":"O Gua\u00edba nas imagens po\u00e9ticas de Achutti","author":"da Reda\u00e7\u00e3o","date":"18 de junho de 2014","format":false,"excerpt":"Em \u201cO Gua\u00edba por Achutti\u201d \u2013 obra financiada via Minist\u00e9rio da Cultura, produ\u00e7\u00e3o executiva de Pedro Longhi, e Fl\u00e1vio Wild como designer \u2013, o fot\u00f3grafo revela a beleza e as mazelas de um espa\u00e7o aqu\u00e1tico de \u00e1guas sempre renovadas, cheio de hist\u00f3rias e lendas como as das cidades que foram\u2026","rel":"","context":"Em &quot;Cultura-Geral&quot;","block_context":{"text":"Cultura-Geral","link":"https:\/\/www.jornalja.com.br\/arquivo\/category\/materiasecundaria\/"},"img":{"alt_text":"","src":"","width":0,"height":0},"classes":[]},{"id":13124,"url":"https:\/\/www.jornalja.com.br\/arquivo\/sangue-latino-no-iecine\/","url_meta":{"origin":56241,"position":4},"title":"Sangue latino no IECINE","author":"da Reda\u00e7\u00e3o","date":"18 de maio de 2014","format":false,"excerpt":"Francisco Ribeiro O Instituto Estadual de Cinema (IECINE) tem a frente, desde abril \u00faltimo, um novo diretor, o cineasta colombiano Juan Zapata, 36, que substitui Luiz Alberto Cassol. Radicado h\u00e1 dez anos em Porto Alegre, Zapata tem diante de si o desafio de conduzir at\u00e9 o final do ano um\u2026","rel":"","context":"Em &quot;Cultura-Geral&quot;","block_context":{"text":"Cultura-Geral","link":"https:\/\/www.jornalja.com.br\/arquivo\/category\/materiasecundaria\/"},"img":{"alt_text":"","src":"","width":0,"height":0},"classes":[]}],"jetpack_shortlink":"https:\/\/wp.me\/pbQjBd-eD7","jetpack_featured_media_url":"","_links":{"self":[{"href":"https:\/\/www.jornalja.com.br\/arquivo\/wp-json\/wp\/v2\/posts\/56241","targetHints":{"allow":["GET"]}}],"collection":[{"href":"https:\/\/www.jornalja.com.br\/arquivo\/wp-json\/wp\/v2\/posts"}],"about":[{"href":"https:\/\/www.jornalja.com.br\/arquivo\/wp-json\/wp\/v2\/types\/post"}],"author":[{"embeddable":true,"href":"https:\/\/www.jornalja.com.br\/arquivo\/wp-json\/wp\/v2\/users\/4"}],"replies":[{"embeddable":true,"href":"https:\/\/www.jornalja.com.br\/arquivo\/wp-json\/wp\/v2\/comments?post=56241"}],"version-history":[{"count":0,"href":"https:\/\/www.jornalja.com.br\/arquivo\/wp-json\/wp\/v2\/posts\/56241\/revisions"}],"wp:attachment":[{"href":"https:\/\/www.jornalja.com.br\/arquivo\/wp-json\/wp\/v2\/media?parent=56241"}],"wp:term":[{"taxonomy":"category","embeddable":true,"href":"https:\/\/www.jornalja.com.br\/arquivo\/wp-json\/wp\/v2\/categories?post=56241"},{"taxonomy":"post_tag","embeddable":true,"href":"https:\/\/www.jornalja.com.br\/arquivo\/wp-json\/wp\/v2\/tags?post=56241"}],"curies":[{"name":"wp","href":"https:\/\/api.w.org\/{rel}","templated":true}]}}