{"id":56244,"date":"2017-10-14T12:13:03","date_gmt":"2017-10-14T15:13:03","guid":{"rendered":"https:\/\/www.jornalja.com.br\/?p=56244"},"modified":"2017-10-14T12:13:03","modified_gmt":"2017-10-14T15:13:03","slug":"fargs-sonha-em-reativar-parque-apicola-de-taquari","status":"publish","type":"post","link":"https:\/\/www.jornalja.com.br\/arquivo\/fargs-sonha-em-reativar-parque-apicola-de-taquari\/","title":{"rendered":"Destino dos 18 centros de pesquisa agr\u00edcola da Fepagro continua indefinido"},"content":{"rendered":"<p><span class=\"assina\">Geraldo Hasse<\/span><br \/>\nVivendo uma fase de otimismo, a dire\u00e7\u00e3o da Federa\u00e7\u00e3o Ap\u00edcola do Rio Grande do Sul (FARGS) confirma ter interesse na reativa\u00e7\u00e3o dos equipamentos existentes no parque ap\u00edcola de Taquari.<br \/>\nO parque foi fechado por medida de economia h\u00e1 cinco anos, quando ningu\u00e9m imaginava que o governo do Estado extinguiria v\u00e1rias funda\u00e7\u00f5es estaduais, entre elas a Fepagro, que possui 18 centros de pesquisas no interior, um deles no interior de Taquari.<br \/>\n<figure id=\"attachment_56248\" aria-describedby=\"caption-attachment-56248\" style=\"width: 205px\" class=\"wp-caption alignleft\"><img loading=\"lazy\" decoding=\"async\" class=\"wp-image-56248 size-full\" src=\"https:\/\/www.jornalja.com.br\/wp-content\/uploads\/2017\/10\/16730231_1252847038126475_4631077996516080933_n-e1507991580694.jpg\" alt=\"\" width=\"205\" height=\"289\" \/><figcaption id=\"caption-attachment-56248\" class=\"wp-caption-text\">Dall\u00f3,\u00a0secret\u00e1rio executivo da FARGS, \u00e9 um dos apoiadores da reativa\u00e7\u00e3o do espa\u00e7o \/ Reprodu\u00e7\u00e3o Facebook<\/figcaption><\/figure><br \/>\nSegundo Rog\u00e9rio Dall\u00f3, secret\u00e1rio executivo da FARGS, o interesse pelo parque ap\u00edcola de Taquari foi explicitado h\u00e1 dois anos, quando um grupo de apicultores manifestou a disposi\u00e7\u00e3o de usar as instala\u00e7\u00f5es do parque em parceria com a prefeitura local e a Secretaria de Agricultura, Pecu\u00e1ria e Irriga\u00e7\u00e3o (Seapi).<br \/>\nOs equipamentos mais antigos s\u00e3o de 1940, quando a chamada esta\u00e7\u00e3o experimental de Taquari mantinha uma ativa parceria com o apicultor Emilio Schenk, criador de um tipo de colmeia bastante difundido e autor do livro \u2018O Apicultor Brasileiro\u2019, cuja primeira edi\u00e7\u00e3o saiu em 1923. Ap\u00f3s incorporar (em 1994) o parque ap\u00edcola criado pelo pioneiro, a esta\u00e7\u00e3o experimental passou a chamar-se centro de pesquisas Emilio Schenk.<br \/>\nEntretanto, a suposta parceria (p\u00fablico-privada) n\u00e3o avan\u00e7a porque o Estado est\u00e1 sem recursos para bancar qualquer iniciativa que implique na cria\u00e7\u00e3o de novas despesas. Pelo contr\u00e1rio, a orienta\u00e7\u00e3o \u00e9 no sentido de cortar despesas. Ainda assim, Dall\u00f3 acredita na possibilidade de fechar um acordo &#8211; \u201cno papel, at\u00e9 o final do ano\u201d; na sequ\u00eancia, \u00e9 imposs\u00edvel saber o que pode acontecer, pois o processo de extin\u00e7\u00e3o das funda\u00e7\u00f5es virou um imbr\u00f3glio judicial. A \u00faltima novidade \u00e9 uma liminar do STF que autoriza o Governo a retomar o processo de demiss\u00f5es dos servidores.<br \/>\n<figure id=\"attachment_56279\" aria-describedby=\"caption-attachment-56279\" style=\"width: 194px\" class=\"wp-caption alignright\"><img loading=\"lazy\" decoding=\"async\" class=\"size-full wp-image-56279\" src=\"https:\/\/www.jornalja.com.br\/wp-content\/uploads\/2017\/10\/download.jpg\" alt=\"\" width=\"194\" height=\"259\" \/><figcaption id=\"caption-attachment-56279\" class=\"wp-caption-text\">Schio, \u00faltimo presidente da Fepagro \/ Divulga\u00e7\u00e3o Fepagro<\/figcaption><\/figure><br \/>\n\u201cAt\u00e9 agora ningu\u00e9m veio conversar conosco sobre a reativa\u00e7\u00e3o do parque ap\u00edcola de Taquari\u201d, disse ao J\u00c1 o agr\u00f4nomo Adoralvo Schio, diretor do Departamento de Diagn\u00f3stico e Pesquisa da Seapi, \u00f3rg\u00e3o criado no in\u00edcio do ano para assumir as tarefas da Fepagro.<br \/>\n\u00daltimo presidente da Fepagro, Schio est\u00e1 empenhado em definir os centros de pesquisas que permanecer\u00e3o em atividade daqui por diante e em desativar definitivamente as unidades que vinham operando com problemas ou j\u00e1 estavam paradas por falta de recursos ou de pessoal.<br \/>\nNo momento, \u00e9 quase imposs\u00edvel fazer um balan\u00e7o da situa\u00e7\u00e3o em cada uma das unidades da ex-Fepagro porque a maioria das decis\u00f5es depende da perman\u00eancia ou n\u00e3o dos funcion\u00e1rios. O <a href=\"http:\/\/www.fepagro.rs.gov.br\/\">site da Fepagro<\/a>, por exemplo, continua no ar, podendo dar a impress\u00e3o de que nada mudou. Na realidade, por\u00e9m, h\u00e1 mudan\u00e7as formais e informais em andamento.<br \/>\nNa lista de quase 200 funcion\u00e1rios (todos est\u00e1veis) da Fepagro, alguns t\u00eam tempo suficiente de servi\u00e7o para se aposentar, mas continuam \u201csegurando a bandeira da pesquisa agropecu\u00e1ria\u201d. Os que permanecem na ativa podem ser remanejados de um centro para outro, o que nem sempre \u00e9 f\u00e1cil, pois implica em mudan\u00e7as de domic\u00edlio.<br \/>\nDos 19 centros listados no site da Fepagro, os mais importantes s\u00e3o os de Eldorado do Sul (22 pesquisadores na \u00e1rea de sa\u00fade animal), Porto Alegre (10 pesquisadores ocupados em laborat\u00f3rios e institutos), Santa Maria (6 pesquisadores concentrados em silvicultura), S\u00e3o Gabriel (4 pesquisadores de forrageiras) e Taquari (5 pesquisadores em citricultura, mandioca e sorgo) \u2013 os dados de pessoal foram atualizados pela \u00faltima vez em 2014.<br \/>\nEm alguns casos, a fus\u00e3o de centros de pesquisas parece f\u00e1cil, teoricamente: os de Terra de Areia (aquicultura e pesca) e Maquin\u00e9 (banana, palmito, cons\u00f3rcios agroflorestais), por exemplo, s\u00e3o t\u00e3o pr\u00f3ximos que t\u00eam um \u00fanico diretor. Na metade norte, s\u00e3o relativamente redundantes os centros de Santa Rosa, Julio de Castilhos, Vacaria e Veran\u00f3polis, todos lidando principalmente com sementes de gr\u00e3os. Na fronteira sudoeste, um \u00fanico diretor controla tr\u00eas centros situados em Hulha Negra, Livramento e Dom Pedrito, todos voltados para a conserva\u00e7\u00e3o do bioma pampa. Os centros de S\u00e3o Borja (arroz, trigo e soja) e Uruguaiana (arroz) s\u00e3o pr\u00f3ximos e convergentes, mas qual deles ser\u00e1 desativado?<br \/>\nEm alguns casos, pode pesar mais a vontade de um pol\u00edtico do que a op\u00e7\u00e3o racional dos t\u00e9cnicos. Al\u00e9m disso, n\u00e3o se pode descartar o peso hist\u00f3rico de antigas esta\u00e7\u00f5es experimentais como a de Veran\u00f3polis (a primeira da Serra, criada em 1919) e a de Encruzilhada do Sul (criada em 1942 para mexer com trigo &#8211; hoje mais voltada para ovinos e madeira).<br \/>\nNesse contexto prop\u00edcio a contemporiza\u00e7\u00f5es e\/ou a degolas, a falta de recursos \u00e9 tal que, no momento, segundo Adoralvo Schio, nem adiantaria conversar sobre a reativa\u00e7\u00e3o do parque ap\u00edcola de Taquari, cujo centro de pesquisas, fundado em 1929, continua operando, concentrado em c\u00edtricos, al\u00e9m de mandioca e sorgo.<br \/>\nUm dos mais antigos do pa\u00eds, hoje com 460 hectares, o centro de pesquisas de Taquari abriga um dos tr\u00eas \u00fanicos bancos brasileiros de germoplasma de c\u00edtricos \u2013 os outros dois ficam em Cruz das Almas (BA) e Limeira (SP) \u2013 e s\u00f3 isso basta para que n\u00e3o seja desativado, pois se trata de um ativo biol\u00f3gico reconhecido pela Organiza\u00e7\u00e3o das Na\u00e7\u00f5es Unidas, como lembra o pesquisador Raul Fernando Becker, que trabalha ali h\u00e1 43 anos.<br \/>\n<figure id=\"attachment_56283\" aria-describedby=\"caption-attachment-56283\" style=\"width: 580px\" class=\"wp-caption alignnone\"><img loading=\"lazy\" decoding=\"async\" class=\"wp-image-56283\" src=\"https:\/\/www.jornalja.com.br\/wp-content\/uploads\/2017\/10\/Sem-t\u00edtulo-1-c\u00f3pia-e1507993686365.jpg\" alt=\"\" width=\"580\" height=\"394\" \/><figcaption id=\"caption-attachment-56283\" class=\"wp-caption-text\">A pesquisadora Sidia Witter, especialista em abelhas da Fepagro \/ Solange Brum \/ Divulga\u00e7\u00e3o<\/figcaption><\/figure><br \/>\nNo caso da apicultura, informa Schio, a \u00fanica pesquisadora lotada em Taquari, a bi\u00f3loga Sidia Witter, foi autorizada a transferir seus projetos \u2013 sobre as famosas abelhas nativas, que n\u00e3o t\u00eam ferr\u00e3o \u2013 para o centro de pesquisa (da ex-Fepagro) em Viam\u00e3o, que se dedica \u00e0 fruticultura, piscicultura, ovinocultura, culturas protegidas e agroenergia.<br \/>\n<figure id=\"attachment_56275\" aria-describedby=\"caption-attachment-56275\" style=\"width: 580px\" class=\"wp-caption alignnone\"><img loading=\"lazy\" decoding=\"async\" class=\"wp-image-56275 size-full\" src=\"https:\/\/www.jornalja.com.br\/wp-content\/uploads\/2017\/10\/image.jpg\" alt=\"\" width=\"580\" height=\"387\" \/><figcaption id=\"caption-attachment-56275\" class=\"wp-caption-text\">Futuro do Centro ainda \u00e9 incerto \/ Divulga\u00e7\u00e3o Governo RS<\/figcaption><\/figure><\/p>\n","protected":false},"excerpt":{"rendered":"<p>Geraldo Hasse Vivendo uma fase de otimismo, a dire\u00e7\u00e3o da Federa\u00e7\u00e3o Ap\u00edcola do Rio Grande do Sul (FARGS) confirma ter interesse na reativa\u00e7\u00e3o dos equipamentos existentes no parque ap\u00edcola de Taquari. O parque foi fechado por medida de economia h\u00e1 cinco anos, quando ningu\u00e9m imaginava que o governo do Estado extinguiria v\u00e1rias funda\u00e7\u00f5es estaduais, entre [&hellip;]<\/p>\n","protected":false},"author":4,"featured_media":56276,"comment_status":"open","ping_status":"closed","sticky":false,"template":"","format":"standard","meta":{"_jetpack_newsletter_access":"","_jetpack_dont_email_post_to_subs":false,"_jetpack_newsletter_tier_id":0,"_jetpack_memberships_contains_paywalled_content":false,"_jetpack_feature_clip_id":0,"_jetpack_memberships_contains_paid_content":false,"footnotes":"","jetpack_post_was_ever_published":false},"categories":[26],"tags":[],"class_list":["post-56244","post","type-post","status-publish","format-standard","has-post-thumbnail","hentry","category-geral"],"aioseo_notices":[],"aioseo_head":"\n\t\t<!-- All in One SEO 5.0.1.1 - aioseo.com -->\n\t<meta name=\"robots\" content=\"max-image-preview:large\" \/>\n\t<meta name=\"author\" content=\"da Reda\u00e7\u00e3o\"\/>\n\t<link rel=\"canonical\" href=\"https:\/\/www.jornalja.com.br\/arquivo\/fargs-sonha-em-reativar-parque-apicola-de-taquari\/\" \/>\n\t<meta name=\"generator\" content=\"All in One SEO (AIOSEO) 5.0.1.1\" \/>\n\t\t<meta property=\"og:locale\" content=\"pt_BR\" \/>\n\t\t<meta property=\"og:site_name\" content=\"Arquivo | Jornal J\u00c1 | Porto Alegre\" \/>\n\t\t<meta property=\"og:type\" content=\"article\" \/>\n\t\t<meta property=\"og:title\" content=\"Destino dos 18 centros de pesquisa agr\u00edcola da Fepagro continua indefinido | Arquivo\" \/>\n\t\t<meta property=\"og:url\" content=\"https:\/\/www.jornalja.com.br\/arquivo\/fargs-sonha-em-reativar-parque-apicola-de-taquari\/\" \/>\n\t\t<meta property=\"og:image\" content=\"https:\/\/www.jornalja.com.br\/wp-content\/uploads\/2017\/10\/16730231_1252847038126475_4631077996516080933_n-e1507991580694.jpg\" \/>\n\t\t<meta property=\"og:image:secure_url\" content=\"https:\/\/www.jornalja.com.br\/wp-content\/uploads\/2017\/10\/16730231_1252847038126475_4631077996516080933_n-e1507991580694.jpg\" \/>\n\t\t<meta property=\"article:published_time\" content=\"2017-10-14T15:13:03+00:00\" \/>\n\t\t<meta property=\"article:modified_time\" content=\"2017-10-14T15:13:03+00:00\" \/>\n\t\t<meta name=\"twitter:card\" content=\"summary\" \/>\n\t\t<meta name=\"twitter:title\" content=\"Destino dos 18 centros de pesquisa agr\u00edcola da Fepagro continua indefinido | Arquivo\" \/>\n\t\t<meta name=\"twitter:image\" content=\"https:\/\/www.jornalja.com.br\/economics\/wp-content\/uploads\/sites\/11\/2026\/08\/ja-folhaderosto-facebook.jpg\" \/>\n\t\t<script type=\"application\/ld+json\" class=\"aioseo-schema\">\n\t\t\t{\"@context\":\"https:\\\/\\\/schema.org\",\"@graph\":[{\"@type\":\"BlogPosting\",\"@id\":\"https:\\\/\\\/www.jornalja.com.br\\\/arquivo\\\/fargs-sonha-em-reativar-parque-apicola-de-taquari\\\/#blogposting\",\"name\":\"Destino dos 18 centros de pesquisa agr\\u00edcola da Fepagro continua indefinido | Arquivo\",\"headline\":\"Destino dos 18 centros de pesquisa agr\\u00edcola da Fepagro continua indefinido\",\"author\":{\"@id\":\"https:\\\/\\\/www.jornalja.com.br\\\/arquivo\\\/author\\\/daredacao\\\/#author\"},\"publisher\":{\"@id\":\"https:\\\/\\\/www.jornalja.com.br\\\/arquivo\\\/#organization\"},\"image\":{\"@type\":\"ImageObject\",\"url\":56276},\"datePublished\":\"2017-10-14T12:13:03-03:00\",\"dateModified\":\"2017-10-14T12:13:03-03:00\",\"inLanguage\":\"pt-BR\",\"mainEntityOfPage\":{\"@id\":\"https:\\\/\\\/www.jornalja.com.br\\\/arquivo\\\/fargs-sonha-em-reativar-parque-apicola-de-taquari\\\/#webpage\"},\"isPartOf\":{\"@id\":\"https:\\\/\\\/www.jornalja.com.br\\\/arquivo\\\/fargs-sonha-em-reativar-parque-apicola-de-taquari\\\/#webpage\"},\"articleSection\":\"Geral\"},{\"@type\":\"BreadcrumbList\",\"@id\":\"https:\\\/\\\/www.jornalja.com.br\\\/arquivo\\\/fargs-sonha-em-reativar-parque-apicola-de-taquari\\\/#breadcrumblist\",\"itemListElement\":[{\"@type\":\"ListItem\",\"@id\":\"https:\\\/\\\/www.jornalja.com.br\\\/arquivo#listItem\",\"position\":1,\"name\":\"Home\",\"item\":\"https:\\\/\\\/www.jornalja.com.br\\\/arquivo\",\"nextItem\":{\"@type\":\"ListItem\",\"@id\":\"https:\\\/\\\/www.jornalja.com.br\\\/arquivo\\\/category\\\/geral\\\/#listItem\",\"name\":\"Geral\"}},{\"@type\":\"ListItem\",\"@id\":\"https:\\\/\\\/www.jornalja.com.br\\\/arquivo\\\/category\\\/geral\\\/#listItem\",\"position\":2,\"name\":\"Geral\",\"item\":\"https:\\\/\\\/www.jornalja.com.br\\\/arquivo\\\/category\\\/geral\\\/\",\"nextItem\":{\"@type\":\"ListItem\",\"@id\":\"https:\\\/\\\/www.jornalja.com.br\\\/arquivo\\\/fargs-sonha-em-reativar-parque-apicola-de-taquari\\\/#listItem\",\"name\":\"Destino dos 18 centros de pesquisa agr\\u00edcola da Fepagro continua indefinido\"},\"previousItem\":{\"@type\":\"ListItem\",\"@id\":\"https:\\\/\\\/www.jornalja.com.br\\\/arquivo#listItem\",\"name\":\"Home\"}},{\"@type\":\"ListItem\",\"@id\":\"https:\\\/\\\/www.jornalja.com.br\\\/arquivo\\\/fargs-sonha-em-reativar-parque-apicola-de-taquari\\\/#listItem\",\"position\":3,\"name\":\"Destino dos 18 centros de pesquisa agr\\u00edcola da Fepagro continua indefinido\",\"previousItem\":{\"@type\":\"ListItem\",\"@id\":\"https:\\\/\\\/www.jornalja.com.br\\\/arquivo\\\/category\\\/geral\\\/#listItem\",\"name\":\"Geral\"}}]},{\"@type\":\"Organization\",\"@id\":\"https:\\\/\\\/www.jornalja.com.br\\\/arquivo\\\/#organization\",\"name\":\"Jornal J\\u00c1\",\"description\":\"Jornal J\\u00c1 | Porto Alegre\",\"url\":\"https:\\\/\\\/www.jornalja.com.br\\\/arquivo\\\/\",\"telephone\":\"+555133307272\",\"logo\":{\"@type\":\"ImageObject\",\"url\":\"https:\\\/\\\/www.jornalja.com.br\\\/wp-content\\\/uploads\\\/cards\\\/JAslogan.png\",\"@id\":\"https:\\\/\\\/www.jornalja.com.br\\\/arquivo\\\/fargs-sonha-em-reativar-parque-apicola-de-taquari\\\/#organizationLogo\"},\"image\":{\"@id\":\"https:\\\/\\\/www.jornalja.com.br\\\/arquivo\\\/fargs-sonha-em-reativar-parque-apicola-de-taquari\\\/#organizationLogo\"}},{\"@type\":\"Person\",\"@id\":\"https:\\\/\\\/www.jornalja.com.br\\\/arquivo\\\/author\\\/daredacao\\\/#author\",\"url\":\"https:\\\/\\\/www.jornalja.com.br\\\/arquivo\\\/author\\\/daredacao\\\/\",\"name\":\"da Reda\\u00e7\\u00e3o\",\"image\":{\"@type\":\"ImageObject\",\"@id\":\"https:\\\/\\\/www.jornalja.com.br\\\/arquivo\\\/fargs-sonha-em-reativar-parque-apicola-de-taquari\\\/#authorImage\",\"url\":\"https:\\\/\\\/secure.gravatar.com\\\/avatar\\\/469fd857d6605ad19919d27ed29d35a968a25f6e8fd9318356bbb7f57aae9c65?s=96&d=mm&r=g\",\"width\":96,\"height\":96,\"caption\":\"da Reda\\u00e7\\u00e3o\"}},{\"@type\":\"WebPage\",\"@id\":\"https:\\\/\\\/www.jornalja.com.br\\\/arquivo\\\/fargs-sonha-em-reativar-parque-apicola-de-taquari\\\/#webpage\",\"url\":\"https:\\\/\\\/www.jornalja.com.br\\\/arquivo\\\/fargs-sonha-em-reativar-parque-apicola-de-taquari\\\/\",\"name\":\"Destino dos 18 centros de pesquisa agr\\u00edcola da Fepagro continua indefinido | Arquivo\",\"inLanguage\":\"pt-BR\",\"isPartOf\":{\"@id\":\"https:\\\/\\\/www.jornalja.com.br\\\/arquivo\\\/#website\"},\"breadcrumb\":{\"@id\":\"https:\\\/\\\/www.jornalja.com.br\\\/arquivo\\\/fargs-sonha-em-reativar-parque-apicola-de-taquari\\\/#breadcrumblist\"},\"author\":{\"@id\":\"https:\\\/\\\/www.jornalja.com.br\\\/arquivo\\\/author\\\/daredacao\\\/#author\"},\"creator\":{\"@id\":\"https:\\\/\\\/www.jornalja.com.br\\\/arquivo\\\/author\\\/daredacao\\\/#author\"},\"image\":{\"@type\":\"ImageObject\",\"url\":56276,\"@id\":\"https:\\\/\\\/www.jornalja.com.br\\\/arquivo\\\/fargs-sonha-em-reativar-parque-apicola-de-taquari\\\/#mainImage\"},\"primaryImageOfPage\":{\"@id\":\"https:\\\/\\\/www.jornalja.com.br\\\/arquivo\\\/fargs-sonha-em-reativar-parque-apicola-de-taquari\\\/#mainImage\"},\"datePublished\":\"2017-10-14T12:13:03-03:00\",\"dateModified\":\"2017-10-14T12:13:03-03:00\"},{\"@type\":\"WebSite\",\"@id\":\"https:\\\/\\\/www.jornalja.com.br\\\/arquivo\\\/#website\",\"url\":\"https:\\\/\\\/www.jornalja.com.br\\\/arquivo\\\/\",\"name\":\"Arquivo\",\"description\":\"Jornal J\\u00c1 | Porto Alegre\",\"inLanguage\":\"pt-BR\",\"publisher\":{\"@id\":\"https:\\\/\\\/www.jornalja.com.br\\\/arquivo\\\/#organization\"}}]}\n\t\t<\/script>\n\t\t<!-- All in One SEO -->\n\n","aioseo_head_json":{"title":"Destino dos 18 centros de pesquisa agr\u00edcola da Fepagro continua indefinido | Arquivo","description":"","canonical_url":"https:\/\/www.jornalja.com.br\/arquivo\/fargs-sonha-em-reativar-parque-apicola-de-taquari\/","robots":"max-image-preview:large","keywords":"","webmasterTools":{"miscellaneous":""},"schema":{"@context":"https:\/\/schema.org","@graph":[{"@type":"BlogPosting","@id":"https:\/\/www.jornalja.com.br\/arquivo\/fargs-sonha-em-reativar-parque-apicola-de-taquari\/#blogposting","name":"Destino dos 18 centros de pesquisa agr\u00edcola da Fepagro continua indefinido | Arquivo","headline":"Destino dos 18 centros de pesquisa agr\u00edcola da Fepagro continua indefinido","author":{"@id":"https:\/\/www.jornalja.com.br\/arquivo\/author\/daredacao\/#author"},"publisher":{"@id":"https:\/\/www.jornalja.com.br\/arquivo\/#organization"},"image":{"@type":"ImageObject","url":56276},"datePublished":"2017-10-14T12:13:03-03:00","dateModified":"2017-10-14T12:13:03-03:00","inLanguage":"pt-BR","mainEntityOfPage":{"@id":"https:\/\/www.jornalja.com.br\/arquivo\/fargs-sonha-em-reativar-parque-apicola-de-taquari\/#webpage"},"isPartOf":{"@id":"https:\/\/www.jornalja.com.br\/arquivo\/fargs-sonha-em-reativar-parque-apicola-de-taquari\/#webpage"},"articleSection":"Geral"},{"@type":"BreadcrumbList","@id":"https:\/\/www.jornalja.com.br\/arquivo\/fargs-sonha-em-reativar-parque-apicola-de-taquari\/#breadcrumblist","itemListElement":[{"@type":"ListItem","@id":"https:\/\/www.jornalja.com.br\/arquivo#listItem","position":1,"name":"Home","item":"https:\/\/www.jornalja.com.br\/arquivo","nextItem":{"@type":"ListItem","@id":"https:\/\/www.jornalja.com.br\/arquivo\/category\/geral\/#listItem","name":"Geral"}},{"@type":"ListItem","@id":"https:\/\/www.jornalja.com.br\/arquivo\/category\/geral\/#listItem","position":2,"name":"Geral","item":"https:\/\/www.jornalja.com.br\/arquivo\/category\/geral\/","nextItem":{"@type":"ListItem","@id":"https:\/\/www.jornalja.com.br\/arquivo\/fargs-sonha-em-reativar-parque-apicola-de-taquari\/#listItem","name":"Destino dos 18 centros de pesquisa agr\u00edcola da Fepagro continua indefinido"},"previousItem":{"@type":"ListItem","@id":"https:\/\/www.jornalja.com.br\/arquivo#listItem","name":"Home"}},{"@type":"ListItem","@id":"https:\/\/www.jornalja.com.br\/arquivo\/fargs-sonha-em-reativar-parque-apicola-de-taquari\/#listItem","position":3,"name":"Destino dos 18 centros de pesquisa agr\u00edcola da Fepagro continua indefinido","previousItem":{"@type":"ListItem","@id":"https:\/\/www.jornalja.com.br\/arquivo\/category\/geral\/#listItem","name":"Geral"}}]},{"@type":"Organization","@id":"https:\/\/www.jornalja.com.br\/arquivo\/#organization","name":"Jornal J\u00c1","description":"Jornal J\u00c1 | Porto Alegre","url":"https:\/\/www.jornalja.com.br\/arquivo\/","telephone":"+555133307272","logo":{"@type":"ImageObject","url":"https:\/\/www.jornalja.com.br\/wp-content\/uploads\/cards\/JAslogan.png","@id":"https:\/\/www.jornalja.com.br\/arquivo\/fargs-sonha-em-reativar-parque-apicola-de-taquari\/#organizationLogo"},"image":{"@id":"https:\/\/www.jornalja.com.br\/arquivo\/fargs-sonha-em-reativar-parque-apicola-de-taquari\/#organizationLogo"}},{"@type":"Person","@id":"https:\/\/www.jornalja.com.br\/arquivo\/author\/daredacao\/#author","url":"https:\/\/www.jornalja.com.br\/arquivo\/author\/daredacao\/","name":"da Reda\u00e7\u00e3o","image":{"@type":"ImageObject","@id":"https:\/\/www.jornalja.com.br\/arquivo\/fargs-sonha-em-reativar-parque-apicola-de-taquari\/#authorImage","url":"https:\/\/secure.gravatar.com\/avatar\/469fd857d6605ad19919d27ed29d35a968a25f6e8fd9318356bbb7f57aae9c65?s=96&d=mm&r=g","width":96,"height":96,"caption":"da Reda\u00e7\u00e3o"}},{"@type":"WebPage","@id":"https:\/\/www.jornalja.com.br\/arquivo\/fargs-sonha-em-reativar-parque-apicola-de-taquari\/#webpage","url":"https:\/\/www.jornalja.com.br\/arquivo\/fargs-sonha-em-reativar-parque-apicola-de-taquari\/","name":"Destino dos 18 centros de pesquisa agr\u00edcola da Fepagro continua indefinido | Arquivo","inLanguage":"pt-BR","isPartOf":{"@id":"https:\/\/www.jornalja.com.br\/arquivo\/#website"},"breadcrumb":{"@id":"https:\/\/www.jornalja.com.br\/arquivo\/fargs-sonha-em-reativar-parque-apicola-de-taquari\/#breadcrumblist"},"author":{"@id":"https:\/\/www.jornalja.com.br\/arquivo\/author\/daredacao\/#author"},"creator":{"@id":"https:\/\/www.jornalja.com.br\/arquivo\/author\/daredacao\/#author"},"image":{"@type":"ImageObject","url":56276,"@id":"https:\/\/www.jornalja.com.br\/arquivo\/fargs-sonha-em-reativar-parque-apicola-de-taquari\/#mainImage"},"primaryImageOfPage":{"@id":"https:\/\/www.jornalja.com.br\/arquivo\/fargs-sonha-em-reativar-parque-apicola-de-taquari\/#mainImage"},"datePublished":"2017-10-14T12:13:03-03:00","dateModified":"2017-10-14T12:13:03-03:00"},{"@type":"WebSite","@id":"https:\/\/www.jornalja.com.br\/arquivo\/#website","url":"https:\/\/www.jornalja.com.br\/arquivo\/","name":"Arquivo","description":"Jornal J\u00c1 | Porto Alegre","inLanguage":"pt-BR","publisher":{"@id":"https:\/\/www.jornalja.com.br\/arquivo\/#organization"}}]},"og:locale":"pt_BR","og:site_name":"Arquivo | Jornal J\u00c1 | Porto Alegre","og:type":"article","og:title":"Destino dos 18 centros de pesquisa agr\u00edcola da Fepagro continua indefinido | Arquivo","og:url":"https:\/\/www.jornalja.com.br\/arquivo\/fargs-sonha-em-reativar-parque-apicola-de-taquari\/","og:image":"https:\/\/www.jornalja.com.br\/wp-content\/uploads\/2017\/10\/16730231_1252847038126475_4631077996516080933_n-e1507991580694.jpg","og:image:secure_url":"https:\/\/www.jornalja.com.br\/wp-content\/uploads\/2017\/10\/16730231_1252847038126475_4631077996516080933_n-e1507991580694.jpg","article:published_time":"2017-10-14T15:13:03+00:00","article:modified_time":"2017-10-14T15:13:03+00:00","twitter:card":"summary","twitter:title":"Destino dos 18 centros de pesquisa agr\u00edcola da Fepagro continua indefinido | Arquivo","twitter:image":"https:\/\/www.jornalja.com.br\/economics\/wp-content\/uploads\/sites\/11\/2026\/08\/ja-folhaderosto-facebook.jpg"},"aioseo_meta_data":{"post_id":"56244","title":null,"description":null,"keywords":null,"keyphrases":null,"primary_term":null,"canonical_url":null,"og_title":null,"og_description":null,"og_object_type":"default","og_image_type":"default","og_image_url":null,"og_image_width":null,"og_image_height":null,"og_image_custom_url":null,"og_image_custom_fields":null,"og_video":null,"og_custom_url":null,"og_article_section":null,"og_article_tags":null,"twitter_use_og":false,"twitter_card":"default","twitter_image_type":"default","twitter_image_url":null,"twitter_image_custom_url":null,"twitter_image_custom_fields":null,"twitter_title":null,"twitter_description":null,"schema":{"blockGraphs":[],"customGraphs":[],"default":{"data":{"Article":[],"Course":[],"Dataset":[],"FAQPage":[],"Movie":[],"Person":[],"Product":[],"ProductReview":[],"Car":[],"Recipe":[],"Service":[],"SoftwareApplication":[],"WebPage":[]},"graphName":"","isEnabled":true},"graphs":[]},"schema_type":null,"schema_type_options":null,"pillar_content":false,"robots_default":true,"robots_noindex":false,"robots_noarchive":false,"robots_nosnippet":false,"robots_nofollow":false,"robots_noimageindex":false,"robots_noodp":false,"robots_notranslate":false,"robots_max_snippet":null,"robots_max_videopreview":null,"robots_max_imagepreview":"large","priority":null,"frequency":null,"location":null,"local_seo":null,"breadcrumb_settings":null,"limit_modified_date":false,"ai":null,"created":"2020-12-20 20:21:53","updated":"2025-07-20 01:49:10","seo_analyzer_scan_date":null,"focus_keyword":null,"additional_keywords":null,"truseo_locale":null},"jetpack_sharing_enabled":true,"jetpack-related-posts":[{"id":13128,"url":"https:\/\/www.jornalja.com.br\/arquivo\/maconha-terra-diz-que-uso-medicinal-e-desculpa\/","url_meta":{"origin":56244,"position":0},"title":"Maconha: Terra diz que uso medicinal \u00e9 desculpa","author":"Patr\u00edcia Marini","date":"4 de junho de 2014","format":false,"excerpt":"A condi\u00e7\u00e3o de pol\u00edtico, em \u00e9poca de campanha de campanha eleitoral, tira for\u00e7a do discurso do m\u00e9dico Osmar Terra contra a legaliza\u00e7\u00e3o da maconha. A tese dele de que a libera\u00e7\u00e3o vai ampliar exponencialmente o consumo \u00e9 discutivel, o consumo \u00e9 corrente. Mas seus alertas quanto aos riscos tem que\u2026","rel":"","context":"Em &quot;X.Categorias velhas&quot;","block_context":{"text":"X.Categorias velhas","link":"https:\/\/www.jornalja.com.br\/arquivo\/category\/x-categorias-velhas\/"},"img":{"alt_text":"","src":"","width":0,"height":0},"classes":[]},{"id":5440,"url":"https:\/\/www.jornalja.com.br\/arquivo\/casarao-da-venancio-destino-permanece-incerto\/","url_meta":{"origin":56244,"position":1},"title":"Estado ainda n\u00e3o sabe o que fazer com casar\u00e3o abandonado h\u00e1 20 anos","author":"Elmar Bones","date":"6 de julho de 2009","format":false,"excerpt":"O casar\u00e3o amarelo, numa esquina nobre de Porto Alegre (Ven\u00e2ncio Aires com Jo\u00e3o Pessoa), j\u00e1 abrigou uma escola. H\u00e1 duas d\u00e9cadas, pelo menos, est\u00e1 abandonado, porque seu propriet\u00e1rio, o governo do Estado do Rio Grande do Sul, n\u00e3o consegue achar um destino para ele. Planos n\u00e3o faltaram. O governador Ol\u00edvio\u2026","rel":"","context":"Em &quot;X.Categorias velhas&quot;","block_context":{"text":"X.Categorias velhas","link":"https:\/\/www.jornalja.com.br\/arquivo\/category\/x-categorias-velhas\/"},"img":{"alt_text":"geraldo1","src":"https:\/\/i0.wp.com\/www.jornalja.com.br\/wp-content\/uploads\/2009\/07\/geraldo1.jpg?resize=350%2C200&ssl=1","width":350,"height":200},"classes":[]},{"id":14241,"url":"https:\/\/www.jornalja.com.br\/arquivo\/o-guaiba-nas-imagens-poeticas-de-achutti\/","url_meta":{"origin":56244,"position":2},"title":"O Gua\u00edba nas imagens po\u00e9ticas de Achutti","author":"da Reda\u00e7\u00e3o","date":"18 de junho de 2014","format":false,"excerpt":"Em \u201cO Gua\u00edba por Achutti\u201d \u2013 obra financiada via Minist\u00e9rio da Cultura, produ\u00e7\u00e3o executiva de Pedro Longhi, e Fl\u00e1vio Wild como designer \u2013, o fot\u00f3grafo revela a beleza e as mazelas de um espa\u00e7o aqu\u00e1tico de \u00e1guas sempre renovadas, cheio de hist\u00f3rias e lendas como as das cidades que foram\u2026","rel":"","context":"Em &quot;Cultura-Geral&quot;","block_context":{"text":"Cultura-Geral","link":"https:\/\/www.jornalja.com.br\/arquivo\/category\/materiasecundaria\/"},"img":{"alt_text":"","src":"","width":0,"height":0},"classes":[]},{"id":13124,"url":"https:\/\/www.jornalja.com.br\/arquivo\/sangue-latino-no-iecine\/","url_meta":{"origin":56244,"position":3},"title":"Sangue latino no IECINE","author":"da Reda\u00e7\u00e3o","date":"18 de maio de 2014","format":false,"excerpt":"Francisco Ribeiro O Instituto Estadual de Cinema (IECINE) tem a frente, desde abril \u00faltimo, um novo diretor, o cineasta colombiano Juan Zapata, 36, que substitui Luiz Alberto Cassol. Radicado h\u00e1 dez anos em Porto Alegre, Zapata tem diante de si o desafio de conduzir at\u00e9 o final do ano um\u2026","rel":"","context":"Em &quot;Cultura-Geral&quot;","block_context":{"text":"Cultura-Geral","link":"https:\/\/www.jornalja.com.br\/arquivo\/category\/materiasecundaria\/"},"img":{"alt_text":"","src":"","width":0,"height":0},"classes":[]},{"id":13240,"url":"https:\/\/www.jornalja.com.br\/arquivo\/plano-diretor-estamos-construindo-o-caos\/","url_meta":{"origin":56244,"position":4},"title":"Plano diretor: &quot;Estamos construindo o caos&quot;","author":"Patr\u00edcia Marini","date":"26 de maio de 2014","format":false,"excerpt":"Desabafo que arquiteta Eliana Castilhos, delegada da Regi\u00e3o de Planejamento 1, postou nas redes sociais \u00e9 um testemunho do ambiente que se criou no Conselho do Plano Diretor de Porto Alegre, onde a aprova\u00e7\u00e3o de grandes empreendimentos \u00e9 empurrada guela abaixo dos conselheiros. Ao CMDUA Como delegada da Regi\u00e3o de\u2026","rel":"","context":"Em &quot;Geral&quot;","block_context":{"text":"Geral","link":"https:\/\/www.jornalja.com.br\/arquivo\/category\/geral\/"},"img":{"alt_text":"","src":"","width":0,"height":0},"classes":[]},{"id":13101,"url":"https:\/\/www.jornalja.com.br\/arquivo\/morre-um-guerreiro-do-texto\/","url_meta":{"origin":56244,"position":5},"title":"Morre um guerreiro do texto","author":"Patr\u00edcia Marini","date":"14 de maio de 2014","format":false,"excerpt":"Por Ricardo Kotscho Reproduzido do blog do autor, 11\/5\/2014; t\u00edtulo original \u201cE l\u00e1 se foi o nosso Myltainho, guerreiro do texto\u201d. Mi\u00fado e franzino, meu amigo Myltainho era um valente e inconformado guerreiro na luta contra as injusti\u00e7as sociais, a hipocrisia, as maracutaias, o autoritarismo, a intoler\u00e2ncia, a viol\u00eancia, o\u2026","rel":"","context":"Em &quot;Geral&quot;","block_context":{"text":"Geral","link":"https:\/\/www.jornalja.com.br\/arquivo\/category\/geral\/"},"img":{"alt_text":"","src":"","width":0,"height":0},"classes":[]}],"jetpack_shortlink":"https:\/\/wp.me\/pbQjBd-eDa","jetpack_featured_media_url":"","_links":{"self":[{"href":"https:\/\/www.jornalja.com.br\/arquivo\/wp-json\/wp\/v2\/posts\/56244","targetHints":{"allow":["GET"]}}],"collection":[{"href":"https:\/\/www.jornalja.com.br\/arquivo\/wp-json\/wp\/v2\/posts"}],"about":[{"href":"https:\/\/www.jornalja.com.br\/arquivo\/wp-json\/wp\/v2\/types\/post"}],"author":[{"embeddable":true,"href":"https:\/\/www.jornalja.com.br\/arquivo\/wp-json\/wp\/v2\/users\/4"}],"replies":[{"embeddable":true,"href":"https:\/\/www.jornalja.com.br\/arquivo\/wp-json\/wp\/v2\/comments?post=56244"}],"version-history":[{"count":0,"href":"https:\/\/www.jornalja.com.br\/arquivo\/wp-json\/wp\/v2\/posts\/56244\/revisions"}],"wp:attachment":[{"href":"https:\/\/www.jornalja.com.br\/arquivo\/wp-json\/wp\/v2\/media?parent=56244"}],"wp:term":[{"taxonomy":"category","embeddable":true,"href":"https:\/\/www.jornalja.com.br\/arquivo\/wp-json\/wp\/v2\/categories?post=56244"},{"taxonomy":"post_tag","embeddable":true,"href":"https:\/\/www.jornalja.com.br\/arquivo\/wp-json\/wp\/v2\/tags?post=56244"}],"curies":[{"name":"wp","href":"https:\/\/api.w.org\/{rel}","templated":true}]}}