{"id":56263,"date":"2017-10-13T19:24:26","date_gmt":"2017-10-13T22:24:26","guid":{"rendered":"https:\/\/www.jornalja.com.br\/?p=56263"},"modified":"2017-10-13T19:24:26","modified_gmt":"2017-10-13T22:24:26","slug":"a-importancia-das-fundacoes-e-estatais-gauchas-no-polo-carboquimico","status":"publish","type":"post","link":"https:\/\/www.jornalja.com.br\/arquivo\/a-importancia-das-fundacoes-e-estatais-gauchas-no-polo-carboquimico\/","title":{"rendered":"A import\u00e2ncia das funda\u00e7\u00f5es e estatais ga\u00fachas no Polo Carboqu\u00edmico"},"content":{"rendered":"<p>No m\u00eas de setembro, o governo do estado apresentou o Projeto de Lei n\u00ba 191\/2017, que cria a Pol\u00edtica Estadual do Carv\u00e3o Mineral e institui o Polo Carboqu\u00edmico do RS, possivelmente uma das derradeiras oportunidades para impulsionar o uso deste bem mineral no estado de forma sustent\u00e1vel em seus aspectos social, econ\u00f4mico e ambiental.<br \/>\nNeste cen\u00e1rio, em que mais se precisa de apoio t\u00e9cnico, o Poder Executivo segue atacando as funda\u00e7\u00f5es da \u00e1rea tecnol\u00f3gica e as estatais ga\u00fachas, abrindo m\u00e3o de quadros t\u00e9cnicos altamente especializados em vez de se beneficiar da sua expertise nas pol\u00edticas p\u00fablicas propostas pelo projeto.<br \/>\nAs funda\u00e7\u00f5es e as sociedades de economia mista possuem corpo t\u00e9cnico qualificado para trabalhar na implementa\u00e7\u00e3o e apoio \u00e0 instala\u00e7\u00e3o de empreendimentos carboqu\u00edmicos, assegurando requisitos de viabilidade t\u00e9cnica e econ\u00f4mica, com idoneidade e compromisso social e ambiental.<br \/>\nA ind\u00fastria carboqu\u00edmica permite que produtos qu\u00edmicos sejam obtidos a partir do carv\u00e3o mineral, assim como \u00e9 poss\u00edvel atrav\u00e9s do petr\u00f3leo na petroqu\u00edmica, aplicando modernos conceitos de Engenharia e tecnologia em prol da sociedade e do desenvolvimento do estado e da Metade Sul.<br \/>\nReconhecemos a import\u00e2ncia da Pol\u00edtica Estadual do Carv\u00e3o Mineral, uma vez que o nosso estado concentra 90% das reservas nacionais de carv\u00e3o, uma verdadeira riqueza a que podemos chamar de \u201cPr\u00e9-Sal Ga\u00facho\u201d. Entretanto, o Sindicato dos Engenheiros alerta para o imprescind\u00edvel diferencial tecnol\u00f3gico que representam os quadros t\u00e9cnicos das funda\u00e7\u00f5es e empresas p\u00fablicas na explora\u00e7\u00e3o deste potencial e para a implanta\u00e7\u00e3o de complexos carboqu\u00edmicos resilientes. Isso ir\u00e1 refletir diretamente no desenvolvimento desta importante cadeia produtiva.<br \/>\nA experi\u00eancia da CIENTEC no desenvolvimento de tecnologias aplicadas ao carv\u00e3o mineral e seus subprodutos est\u00e1 sendo desprezada, como tamb\u00e9m dados estat\u00edsticos e econ\u00f4micos da FEE na elabora\u00e7\u00e3o da pol\u00edtica p\u00fablica e no planejamento de a\u00e7\u00f5es.<br \/>\nO desenvolvimento de pol\u00edticas ambientais sem o acompanhamento de t\u00e9cnicos especialistas em conjunto com a Funda\u00e7\u00e3o Zoobot\u00e2nica (FZB), por exemplo, n\u00e3o est\u00e3o previstos nesse Projeto de Lei, tampouco os impactos do crescimento demogr\u00e1fico, na infraestrutura e log\u00edstica nas regi\u00f5es alvo do projeto, onde poderia estar presente a Metroplan. Al\u00e9m disso, temos a capacidade da CRM na explora\u00e7\u00e3o do carv\u00e3o e o poder de distribui\u00e7\u00e3o da SULG\u00c1S &#8211; \u00a0ambas sociedades de economia mista &#8211; levando g\u00e1s natural \u00e0 popula\u00e7\u00e3o e contribuindo diretamente com a ind\u00fastria e o desenvolvimento econ\u00f4mico do estado.<br \/>\nA retomada do crescimento com a moderniza\u00e7\u00e3o da estrutura p\u00fablica passa, necessariamente, pelo trabalho destas institui\u00e7\u00f5es, no sentido inverso do que est\u00e1 sendo proposto pelo governo. In\u00fameros s\u00e3o os exemplos do trabalho das funda\u00e7\u00f5es e empresas p\u00fablicas que, nos \u00faltimos anos, v\u00eam contribuindo com o desenvolvimento.<br \/>\nA instala\u00e7\u00e3o do Polo Petroqu\u00edmico do Sul h\u00e1 35 anos foi decorrente dos esfor\u00e7os conjuntos da FEE e da CIENTEC e, hoje, o complexo conta com seis empresas e aproximadamente 6.300 funcion\u00e1rios, gerando riquezas em produtos e servi\u00e7os, bem como impostos.<br \/>\nNa ind\u00fastria do carv\u00e3o mineral, temos importantes contribui\u00e7\u00f5es da CIENTEC aos estudos para gaseifica\u00e7\u00e3o do carv\u00e3o mineral de Candiota e reutiliza\u00e7\u00e3o das cinzas da sua combust\u00e3o na constru\u00e7\u00e3o civil, e ainda o trabalho da CRM no desenvolvimento da planta de beneficiamento a seco, m\u00e9todo que evita a gera\u00e7\u00e3o e o lan\u00e7amento de efluentes l\u00edquidos em nossos mananciais.<br \/>\n\u00c9 preciso aproximar e fortalecer ainda mais essas institui\u00e7\u00f5es e suas compet\u00eancias espec\u00edficas como resposta do estado e da sociedade ga\u00facha \u00e0s demandas para o desenvolvimento.<br \/>\n\u00c9 fundamental o engajamento destas estruturas nas pol\u00edticas p\u00fablicas, sob pena de implantar o Polo Carboqu\u00edmico de maneira n\u00e3o sustent\u00e1vel, com vi\u00e9s exclusivamente comercial, deixando de lado o necess\u00e1rio projeto de retomada do crescimento do estado como um todo, seguindo as boas pr\u00e1ticas para o desenvolvimento tecnol\u00f3gico sem vi\u00e9s pol\u00edtico.<br \/>\nO SENGE continuar\u00e1 denunciando as consequ\u00eancias prejudiciais dessas medidas, que representam um grave ataque \u00e0s funda\u00e7\u00f5es, empresas p\u00fablicas e seus quadros t\u00e9cnicos, bem como \u00e0 pesquisa e \u00e0 tecnologia, impactando diretamente uma \u00e1rea que deveria ser incentivada como propulsora de desenvolvimento: a Engenharia.<br \/>\n&nbsp;<br \/>\n&nbsp;<\/p>\n","protected":false},"excerpt":{"rendered":"<p>No m\u00eas de setembro, o governo do estado apresentou o Projeto de Lei n\u00ba 191\/2017, que cria a Pol\u00edtica Estadual do Carv\u00e3o Mineral e institui o Polo Carboqu\u00edmico do RS, possivelmente uma das derradeiras oportunidades para impulsionar o uso deste bem mineral no estado de forma sustent\u00e1vel em seus aspectos social, econ\u00f4mico e ambiental. Neste [&hellip;]<\/p>\n","protected":false},"author":4,"featured_media":0,"comment_status":"open","ping_status":"closed","sticky":false,"template":"","format":"standard","meta":{"_jetpack_newsletter_access":"","_jetpack_dont_email_post_to_subs":false,"_jetpack_newsletter_tier_id":0,"_jetpack_memberships_contains_paywalled_content":false,"_jetpack_feature_clip_id":0,"_jetpack_memberships_contains_paid_content":false,"footnotes":"","jetpack_post_was_ever_published":false},"categories":[10],"tags":[],"class_list":["post-56263","post","type-post","status-publish","format-standard","hentry","category-analiseopiniao"],"aioseo_notices":[],"aioseo_head":"\n\t\t<!-- All in One SEO 5.0.1.1 - aioseo.com -->\n\t<meta name=\"robots\" content=\"max-image-preview:large\" \/>\n\t<meta name=\"author\" content=\"da Reda\u00e7\u00e3o\"\/>\n\t<link rel=\"canonical\" href=\"https:\/\/www.jornalja.com.br\/arquivo\/a-importancia-das-fundacoes-e-estatais-gauchas-no-polo-carboquimico\/\" \/>\n\t<meta name=\"generator\" content=\"All in One SEO (AIOSEO) 5.0.1.1\" \/>\n\t\t<meta property=\"og:locale\" content=\"pt_BR\" \/>\n\t\t<meta property=\"og:site_name\" content=\"Arquivo | Jornal J\u00c1 | Porto Alegre\" \/>\n\t\t<meta property=\"og:type\" content=\"article\" \/>\n\t\t<meta property=\"og:title\" content=\"A import\u00e2ncia das funda\u00e7\u00f5es e estatais ga\u00fachas no Polo Carboqu\u00edmico | Arquivo\" \/>\n\t\t<meta property=\"og:url\" content=\"https:\/\/www.jornalja.com.br\/arquivo\/a-importancia-das-fundacoes-e-estatais-gauchas-no-polo-carboquimico\/\" \/>\n\t\t<meta property=\"og:image\" content=\"https:\/\/www.jornalja.com.br\/economics\/wp-content\/uploads\/sites\/11\/2026\/08\/ja-folhaderosto-facebook.jpg\" \/>\n\t\t<meta property=\"og:image:secure_url\" content=\"https:\/\/www.jornalja.com.br\/economics\/wp-content\/uploads\/sites\/11\/2026\/08\/ja-folhaderosto-facebook.jpg\" \/>\n\t\t<meta property=\"article:published_time\" content=\"2017-10-13T22:24:26+00:00\" \/>\n\t\t<meta property=\"article:modified_time\" content=\"2017-10-13T22:24:26+00:00\" \/>\n\t\t<meta name=\"twitter:card\" content=\"summary\" \/>\n\t\t<meta name=\"twitter:title\" content=\"A import\u00e2ncia das funda\u00e7\u00f5es e estatais ga\u00fachas no Polo Carboqu\u00edmico | Arquivo\" \/>\n\t\t<meta name=\"twitter:image\" content=\"https:\/\/www.jornalja.com.br\/economics\/wp-content\/uploads\/sites\/11\/2026\/08\/ja-folhaderosto-facebook.jpg\" \/>\n\t\t<script type=\"application\/ld+json\" class=\"aioseo-schema\">\n\t\t\t{\"@context\":\"https:\\\/\\\/schema.org\",\"@graph\":[{\"@type\":\"BlogPosting\",\"@id\":\"https:\\\/\\\/www.jornalja.com.br\\\/arquivo\\\/a-importancia-das-fundacoes-e-estatais-gauchas-no-polo-carboquimico\\\/#blogposting\",\"name\":\"A import\\u00e2ncia das funda\\u00e7\\u00f5es e estatais ga\\u00fachas no Polo Carboqu\\u00edmico | Arquivo\",\"headline\":\"A import\\u00e2ncia das funda\\u00e7\\u00f5es e estatais ga\\u00fachas no Polo Carboqu\\u00edmico\",\"author\":{\"@id\":\"https:\\\/\\\/www.jornalja.com.br\\\/arquivo\\\/author\\\/daredacao\\\/#author\"},\"publisher\":{\"@id\":\"https:\\\/\\\/www.jornalja.com.br\\\/arquivo\\\/#organization\"},\"image\":{\"@type\":\"ImageObject\",\"url\":\"https:\\\/\\\/www.jornalja.com.br\\\/wp-content\\\/uploads\\\/cards\\\/JAslogan.png\",\"@id\":\"https:\\\/\\\/www.jornalja.com.br\\\/arquivo\\\/#articleImage\"},\"datePublished\":\"2017-10-13T19:24:26-03:00\",\"dateModified\":\"2017-10-13T19:24:26-03:00\",\"inLanguage\":\"pt-BR\",\"commentCount\":1,\"mainEntityOfPage\":{\"@id\":\"https:\\\/\\\/www.jornalja.com.br\\\/arquivo\\\/a-importancia-das-fundacoes-e-estatais-gauchas-no-polo-carboquimico\\\/#webpage\"},\"isPartOf\":{\"@id\":\"https:\\\/\\\/www.jornalja.com.br\\\/arquivo\\\/a-importancia-das-fundacoes-e-estatais-gauchas-no-polo-carboquimico\\\/#webpage\"},\"articleSection\":\"AN\\u00c1LISE&amp;OPINI\\u00c3O\"},{\"@type\":\"BreadcrumbList\",\"@id\":\"https:\\\/\\\/www.jornalja.com.br\\\/arquivo\\\/a-importancia-das-fundacoes-e-estatais-gauchas-no-polo-carboquimico\\\/#breadcrumblist\",\"itemListElement\":[{\"@type\":\"ListItem\",\"@id\":\"https:\\\/\\\/www.jornalja.com.br\\\/arquivo#listItem\",\"position\":1,\"name\":\"Home\",\"item\":\"https:\\\/\\\/www.jornalja.com.br\\\/arquivo\",\"nextItem\":{\"@type\":\"ListItem\",\"@id\":\"https:\\\/\\\/www.jornalja.com.br\\\/arquivo\\\/category\\\/analiseopiniao\\\/#listItem\",\"name\":\"AN\\u00c1LISE&amp;OPINI\\u00c3O\"}},{\"@type\":\"ListItem\",\"@id\":\"https:\\\/\\\/www.jornalja.com.br\\\/arquivo\\\/category\\\/analiseopiniao\\\/#listItem\",\"position\":2,\"name\":\"AN\\u00c1LISE&amp;OPINI\\u00c3O\",\"item\":\"https:\\\/\\\/www.jornalja.com.br\\\/arquivo\\\/category\\\/analiseopiniao\\\/\",\"nextItem\":{\"@type\":\"ListItem\",\"@id\":\"https:\\\/\\\/www.jornalja.com.br\\\/arquivo\\\/a-importancia-das-fundacoes-e-estatais-gauchas-no-polo-carboquimico\\\/#listItem\",\"name\":\"A import\\u00e2ncia das funda\\u00e7\\u00f5es e estatais ga\\u00fachas no Polo Carboqu\\u00edmico\"},\"previousItem\":{\"@type\":\"ListItem\",\"@id\":\"https:\\\/\\\/www.jornalja.com.br\\\/arquivo#listItem\",\"name\":\"Home\"}},{\"@type\":\"ListItem\",\"@id\":\"https:\\\/\\\/www.jornalja.com.br\\\/arquivo\\\/a-importancia-das-fundacoes-e-estatais-gauchas-no-polo-carboquimico\\\/#listItem\",\"position\":3,\"name\":\"A import\\u00e2ncia das funda\\u00e7\\u00f5es e estatais ga\\u00fachas no Polo Carboqu\\u00edmico\",\"previousItem\":{\"@type\":\"ListItem\",\"@id\":\"https:\\\/\\\/www.jornalja.com.br\\\/arquivo\\\/category\\\/analiseopiniao\\\/#listItem\",\"name\":\"AN\\u00c1LISE&amp;OPINI\\u00c3O\"}}]},{\"@type\":\"Organization\",\"@id\":\"https:\\\/\\\/www.jornalja.com.br\\\/arquivo\\\/#organization\",\"name\":\"Jornal J\\u00c1\",\"description\":\"Jornal J\\u00c1 | Porto Alegre\",\"url\":\"https:\\\/\\\/www.jornalja.com.br\\\/arquivo\\\/\",\"telephone\":\"+555133307272\",\"logo\":{\"@type\":\"ImageObject\",\"url\":\"https:\\\/\\\/www.jornalja.com.br\\\/wp-content\\\/uploads\\\/cards\\\/JAslogan.png\",\"@id\":\"https:\\\/\\\/www.jornalja.com.br\\\/arquivo\\\/a-importancia-das-fundacoes-e-estatais-gauchas-no-polo-carboquimico\\\/#organizationLogo\"},\"image\":{\"@id\":\"https:\\\/\\\/www.jornalja.com.br\\\/arquivo\\\/a-importancia-das-fundacoes-e-estatais-gauchas-no-polo-carboquimico\\\/#organizationLogo\"}},{\"@type\":\"Person\",\"@id\":\"https:\\\/\\\/www.jornalja.com.br\\\/arquivo\\\/author\\\/daredacao\\\/#author\",\"url\":\"https:\\\/\\\/www.jornalja.com.br\\\/arquivo\\\/author\\\/daredacao\\\/\",\"name\":\"da Reda\\u00e7\\u00e3o\",\"image\":{\"@type\":\"ImageObject\",\"@id\":\"https:\\\/\\\/www.jornalja.com.br\\\/arquivo\\\/a-importancia-das-fundacoes-e-estatais-gauchas-no-polo-carboquimico\\\/#authorImage\",\"url\":\"https:\\\/\\\/secure.gravatar.com\\\/avatar\\\/469fd857d6605ad19919d27ed29d35a968a25f6e8fd9318356bbb7f57aae9c65?s=96&d=mm&r=g\",\"width\":96,\"height\":96,\"caption\":\"da Reda\\u00e7\\u00e3o\"}},{\"@type\":\"WebPage\",\"@id\":\"https:\\\/\\\/www.jornalja.com.br\\\/arquivo\\\/a-importancia-das-fundacoes-e-estatais-gauchas-no-polo-carboquimico\\\/#webpage\",\"url\":\"https:\\\/\\\/www.jornalja.com.br\\\/arquivo\\\/a-importancia-das-fundacoes-e-estatais-gauchas-no-polo-carboquimico\\\/\",\"name\":\"A import\\u00e2ncia das funda\\u00e7\\u00f5es e estatais ga\\u00fachas no Polo Carboqu\\u00edmico | Arquivo\",\"inLanguage\":\"pt-BR\",\"isPartOf\":{\"@id\":\"https:\\\/\\\/www.jornalja.com.br\\\/arquivo\\\/#website\"},\"breadcrumb\":{\"@id\":\"https:\\\/\\\/www.jornalja.com.br\\\/arquivo\\\/a-importancia-das-fundacoes-e-estatais-gauchas-no-polo-carboquimico\\\/#breadcrumblist\"},\"author\":{\"@id\":\"https:\\\/\\\/www.jornalja.com.br\\\/arquivo\\\/author\\\/daredacao\\\/#author\"},\"creator\":{\"@id\":\"https:\\\/\\\/www.jornalja.com.br\\\/arquivo\\\/author\\\/daredacao\\\/#author\"},\"datePublished\":\"2017-10-13T19:24:26-03:00\",\"dateModified\":\"2017-10-13T19:24:26-03:00\"},{\"@type\":\"WebSite\",\"@id\":\"https:\\\/\\\/www.jornalja.com.br\\\/arquivo\\\/#website\",\"url\":\"https:\\\/\\\/www.jornalja.com.br\\\/arquivo\\\/\",\"name\":\"Arquivo\",\"description\":\"Jornal J\\u00c1 | Porto Alegre\",\"inLanguage\":\"pt-BR\",\"publisher\":{\"@id\":\"https:\\\/\\\/www.jornalja.com.br\\\/arquivo\\\/#organization\"}}]}\n\t\t<\/script>\n\t\t<!-- All in One SEO -->\n\n","aioseo_head_json":{"title":"A import\u00e2ncia das funda\u00e7\u00f5es e estatais ga\u00fachas no Polo Carboqu\u00edmico | Arquivo","description":"","canonical_url":"https:\/\/www.jornalja.com.br\/arquivo\/a-importancia-das-fundacoes-e-estatais-gauchas-no-polo-carboquimico\/","robots":"max-image-preview:large","keywords":"","webmasterTools":{"miscellaneous":""},"schema":{"@context":"https:\/\/schema.org","@graph":[{"@type":"BlogPosting","@id":"https:\/\/www.jornalja.com.br\/arquivo\/a-importancia-das-fundacoes-e-estatais-gauchas-no-polo-carboquimico\/#blogposting","name":"A import\u00e2ncia das funda\u00e7\u00f5es e estatais ga\u00fachas no Polo Carboqu\u00edmico | Arquivo","headline":"A import\u00e2ncia das funda\u00e7\u00f5es e estatais ga\u00fachas no Polo Carboqu\u00edmico","author":{"@id":"https:\/\/www.jornalja.com.br\/arquivo\/author\/daredacao\/#author"},"publisher":{"@id":"https:\/\/www.jornalja.com.br\/arquivo\/#organization"},"image":{"@type":"ImageObject","url":"https:\/\/www.jornalja.com.br\/wp-content\/uploads\/cards\/JAslogan.png","@id":"https:\/\/www.jornalja.com.br\/arquivo\/#articleImage"},"datePublished":"2017-10-13T19:24:26-03:00","dateModified":"2017-10-13T19:24:26-03:00","inLanguage":"pt-BR","commentCount":1,"mainEntityOfPage":{"@id":"https:\/\/www.jornalja.com.br\/arquivo\/a-importancia-das-fundacoes-e-estatais-gauchas-no-polo-carboquimico\/#webpage"},"isPartOf":{"@id":"https:\/\/www.jornalja.com.br\/arquivo\/a-importancia-das-fundacoes-e-estatais-gauchas-no-polo-carboquimico\/#webpage"},"articleSection":"AN\u00c1LISE&amp;OPINI\u00c3O"},{"@type":"BreadcrumbList","@id":"https:\/\/www.jornalja.com.br\/arquivo\/a-importancia-das-fundacoes-e-estatais-gauchas-no-polo-carboquimico\/#breadcrumblist","itemListElement":[{"@type":"ListItem","@id":"https:\/\/www.jornalja.com.br\/arquivo#listItem","position":1,"name":"Home","item":"https:\/\/www.jornalja.com.br\/arquivo","nextItem":{"@type":"ListItem","@id":"https:\/\/www.jornalja.com.br\/arquivo\/category\/analiseopiniao\/#listItem","name":"AN\u00c1LISE&amp;OPINI\u00c3O"}},{"@type":"ListItem","@id":"https:\/\/www.jornalja.com.br\/arquivo\/category\/analiseopiniao\/#listItem","position":2,"name":"AN\u00c1LISE&amp;OPINI\u00c3O","item":"https:\/\/www.jornalja.com.br\/arquivo\/category\/analiseopiniao\/","nextItem":{"@type":"ListItem","@id":"https:\/\/www.jornalja.com.br\/arquivo\/a-importancia-das-fundacoes-e-estatais-gauchas-no-polo-carboquimico\/#listItem","name":"A import\u00e2ncia das funda\u00e7\u00f5es e estatais ga\u00fachas no Polo Carboqu\u00edmico"},"previousItem":{"@type":"ListItem","@id":"https:\/\/www.jornalja.com.br\/arquivo#listItem","name":"Home"}},{"@type":"ListItem","@id":"https:\/\/www.jornalja.com.br\/arquivo\/a-importancia-das-fundacoes-e-estatais-gauchas-no-polo-carboquimico\/#listItem","position":3,"name":"A import\u00e2ncia das funda\u00e7\u00f5es e estatais ga\u00fachas no Polo Carboqu\u00edmico","previousItem":{"@type":"ListItem","@id":"https:\/\/www.jornalja.com.br\/arquivo\/category\/analiseopiniao\/#listItem","name":"AN\u00c1LISE&amp;OPINI\u00c3O"}}]},{"@type":"Organization","@id":"https:\/\/www.jornalja.com.br\/arquivo\/#organization","name":"Jornal J\u00c1","description":"Jornal J\u00c1 | Porto Alegre","url":"https:\/\/www.jornalja.com.br\/arquivo\/","telephone":"+555133307272","logo":{"@type":"ImageObject","url":"https:\/\/www.jornalja.com.br\/wp-content\/uploads\/cards\/JAslogan.png","@id":"https:\/\/www.jornalja.com.br\/arquivo\/a-importancia-das-fundacoes-e-estatais-gauchas-no-polo-carboquimico\/#organizationLogo"},"image":{"@id":"https:\/\/www.jornalja.com.br\/arquivo\/a-importancia-das-fundacoes-e-estatais-gauchas-no-polo-carboquimico\/#organizationLogo"}},{"@type":"Person","@id":"https:\/\/www.jornalja.com.br\/arquivo\/author\/daredacao\/#author","url":"https:\/\/www.jornalja.com.br\/arquivo\/author\/daredacao\/","name":"da Reda\u00e7\u00e3o","image":{"@type":"ImageObject","@id":"https:\/\/www.jornalja.com.br\/arquivo\/a-importancia-das-fundacoes-e-estatais-gauchas-no-polo-carboquimico\/#authorImage","url":"https:\/\/secure.gravatar.com\/avatar\/469fd857d6605ad19919d27ed29d35a968a25f6e8fd9318356bbb7f57aae9c65?s=96&d=mm&r=g","width":96,"height":96,"caption":"da Reda\u00e7\u00e3o"}},{"@type":"WebPage","@id":"https:\/\/www.jornalja.com.br\/arquivo\/a-importancia-das-fundacoes-e-estatais-gauchas-no-polo-carboquimico\/#webpage","url":"https:\/\/www.jornalja.com.br\/arquivo\/a-importancia-das-fundacoes-e-estatais-gauchas-no-polo-carboquimico\/","name":"A import\u00e2ncia das funda\u00e7\u00f5es e estatais ga\u00fachas no Polo Carboqu\u00edmico | Arquivo","inLanguage":"pt-BR","isPartOf":{"@id":"https:\/\/www.jornalja.com.br\/arquivo\/#website"},"breadcrumb":{"@id":"https:\/\/www.jornalja.com.br\/arquivo\/a-importancia-das-fundacoes-e-estatais-gauchas-no-polo-carboquimico\/#breadcrumblist"},"author":{"@id":"https:\/\/www.jornalja.com.br\/arquivo\/author\/daredacao\/#author"},"creator":{"@id":"https:\/\/www.jornalja.com.br\/arquivo\/author\/daredacao\/#author"},"datePublished":"2017-10-13T19:24:26-03:00","dateModified":"2017-10-13T19:24:26-03:00"},{"@type":"WebSite","@id":"https:\/\/www.jornalja.com.br\/arquivo\/#website","url":"https:\/\/www.jornalja.com.br\/arquivo\/","name":"Arquivo","description":"Jornal J\u00c1 | Porto Alegre","inLanguage":"pt-BR","publisher":{"@id":"https:\/\/www.jornalja.com.br\/arquivo\/#organization"}}]},"og:locale":"pt_BR","og:site_name":"Arquivo | Jornal J\u00c1 | Porto Alegre","og:type":"article","og:title":"A import\u00e2ncia das funda\u00e7\u00f5es e estatais ga\u00fachas no Polo Carboqu\u00edmico | Arquivo","og:url":"https:\/\/www.jornalja.com.br\/arquivo\/a-importancia-das-fundacoes-e-estatais-gauchas-no-polo-carboquimico\/","og:image":"https:\/\/www.jornalja.com.br\/economics\/wp-content\/uploads\/sites\/11\/2026\/08\/ja-folhaderosto-facebook.jpg","og:image:secure_url":"https:\/\/www.jornalja.com.br\/economics\/wp-content\/uploads\/sites\/11\/2026\/08\/ja-folhaderosto-facebook.jpg","article:published_time":"2017-10-13T22:24:26+00:00","article:modified_time":"2017-10-13T22:24:26+00:00","twitter:card":"summary","twitter:title":"A import\u00e2ncia das funda\u00e7\u00f5es e estatais ga\u00fachas no Polo Carboqu\u00edmico | Arquivo","twitter:image":"https:\/\/www.jornalja.com.br\/economics\/wp-content\/uploads\/sites\/11\/2026\/08\/ja-folhaderosto-facebook.jpg"},"aioseo_meta_data":{"post_id":"56263","title":null,"description":null,"keywords":null,"keyphrases":null,"primary_term":null,"canonical_url":null,"og_title":null,"og_description":null,"og_object_type":"default","og_image_type":"default","og_image_url":null,"og_image_width":null,"og_image_height":null,"og_image_custom_url":null,"og_image_custom_fields":null,"og_video":null,"og_custom_url":null,"og_article_section":null,"og_article_tags":null,"twitter_use_og":false,"twitter_card":"default","twitter_image_type":"default","twitter_image_url":null,"twitter_image_custom_url":null,"twitter_image_custom_fields":null,"twitter_title":null,"twitter_description":null,"schema":{"blockGraphs":[],"customGraphs":[],"default":{"data":{"Article":[],"Course":[],"Dataset":[],"FAQPage":[],"Movie":[],"Person":[],"Product":[],"ProductReview":[],"Car":[],"Recipe":[],"Service":[],"SoftwareApplication":[],"WebPage":[]},"graphName":"","isEnabled":true},"graphs":[],"defaultGraph":"","defaultPostTypeGraph":""},"schema_type":null,"schema_type_options":null,"pillar_content":false,"robots_default":true,"robots_noindex":false,"robots_noarchive":false,"robots_nosnippet":false,"robots_nofollow":false,"robots_noimageindex":false,"robots_noodp":false,"robots_notranslate":false,"robots_max_snippet":null,"robots_max_videopreview":null,"robots_max_imagepreview":"large","priority":null,"frequency":null,"location":null,"local_seo":null,"breadcrumb_settings":null,"limit_modified_date":false,"ai":null,"created":"2020-12-20 20:21:53","updated":"2025-07-20 01:49:10","seo_analyzer_scan_date":null,"focus_keyword":null,"additional_keywords":null,"truseo_locale":null},"jetpack_sharing_enabled":true,"jetpack-related-posts":[{"id":13124,"url":"https:\/\/www.jornalja.com.br\/arquivo\/sangue-latino-no-iecine\/","url_meta":{"origin":56263,"position":0},"title":"Sangue latino no IECINE","author":"da Reda\u00e7\u00e3o","date":"18 de maio de 2014","format":false,"excerpt":"Francisco Ribeiro O Instituto Estadual de Cinema (IECINE) tem a frente, desde abril \u00faltimo, um novo diretor, o cineasta colombiano Juan Zapata, 36, que substitui Luiz Alberto Cassol. Radicado h\u00e1 dez anos em Porto Alegre, Zapata tem diante de si o desafio de conduzir at\u00e9 o final do ano um\u2026","rel":"","context":"Em &quot;Cultura-Geral&quot;","block_context":{"text":"Cultura-Geral","link":"https:\/\/www.jornalja.com.br\/arquivo\/category\/materiasecundaria\/"},"img":{"alt_text":"","src":"","width":0,"height":0},"classes":[]},{"id":14241,"url":"https:\/\/www.jornalja.com.br\/arquivo\/o-guaiba-nas-imagens-poeticas-de-achutti\/","url_meta":{"origin":56263,"position":1},"title":"O Gua\u00edba nas imagens po\u00e9ticas de Achutti","author":"da Reda\u00e7\u00e3o","date":"18 de junho de 2014","format":false,"excerpt":"Em \u201cO Gua\u00edba por Achutti\u201d \u2013 obra financiada via Minist\u00e9rio da Cultura, produ\u00e7\u00e3o executiva de Pedro Longhi, e Fl\u00e1vio Wild como designer \u2013, o fot\u00f3grafo revela a beleza e as mazelas de um espa\u00e7o aqu\u00e1tico de \u00e1guas sempre renovadas, cheio de hist\u00f3rias e lendas como as das cidades que foram\u2026","rel":"","context":"Em &quot;Cultura-Geral&quot;","block_context":{"text":"Cultura-Geral","link":"https:\/\/www.jornalja.com.br\/arquivo\/category\/materiasecundaria\/"},"img":{"alt_text":"","src":"","width":0,"height":0},"classes":[]},{"id":13240,"url":"https:\/\/www.jornalja.com.br\/arquivo\/plano-diretor-estamos-construindo-o-caos\/","url_meta":{"origin":56263,"position":2},"title":"Plano diretor: &quot;Estamos construindo o caos&quot;","author":"Patr\u00edcia Marini","date":"26 de maio de 2014","format":false,"excerpt":"Desabafo que arquiteta Eliana Castilhos, delegada da Regi\u00e3o de Planejamento 1, postou nas redes sociais \u00e9 um testemunho do ambiente que se criou no Conselho do Plano Diretor de Porto Alegre, onde a aprova\u00e7\u00e3o de grandes empreendimentos \u00e9 empurrada guela abaixo dos conselheiros. Ao CMDUA Como delegada da Regi\u00e3o de\u2026","rel":"","context":"Em &quot;Geral&quot;","block_context":{"text":"Geral","link":"https:\/\/www.jornalja.com.br\/arquivo\/category\/geral\/"},"img":{"alt_text":"","src":"","width":0,"height":0},"classes":[]},{"id":5440,"url":"https:\/\/www.jornalja.com.br\/arquivo\/casarao-da-venancio-destino-permanece-incerto\/","url_meta":{"origin":56263,"position":3},"title":"Estado ainda n\u00e3o sabe o que fazer com casar\u00e3o abandonado h\u00e1 20 anos","author":"Elmar Bones","date":"6 de julho de 2009","format":false,"excerpt":"O casar\u00e3o amarelo, numa esquina nobre de Porto Alegre (Ven\u00e2ncio Aires com Jo\u00e3o Pessoa), j\u00e1 abrigou uma escola. H\u00e1 duas d\u00e9cadas, pelo menos, est\u00e1 abandonado, porque seu propriet\u00e1rio, o governo do Estado do Rio Grande do Sul, n\u00e3o consegue achar um destino para ele. Planos n\u00e3o faltaram. O governador Ol\u00edvio\u2026","rel":"","context":"Em &quot;X.Categorias velhas&quot;","block_context":{"text":"X.Categorias velhas","link":"https:\/\/www.jornalja.com.br\/arquivo\/category\/x-categorias-velhas\/"},"img":{"alt_text":"geraldo1","src":"https:\/\/i0.wp.com\/www.jornalja.com.br\/wp-content\/uploads\/2009\/07\/geraldo1.jpg?resize=350%2C200&ssl=1","width":350,"height":200},"classes":[]},{"id":12960,"url":"https:\/\/www.jornalja.com.br\/arquivo\/populacao-culpa-empresas-pela-greve-dos-rodoviarios\/","url_meta":{"origin":56263,"position":4},"title":"Popula\u00e7\u00e3o culpa empresas pela greve","author":"Patr\u00edcia Marini","date":"14 de fevereiro de 2014","format":false,"excerpt":"Pesquisa divulgada na edi\u00e7\u00e3o do jornal Metro desta sexta-feira,14, comprova o velho ditado: \u00e9 poss\u00edvel enganar muitos por algum tempo, mas n\u00e3o \u00e9 poss\u00edvel enganar a todos o tempo inteiro. A principal revela\u00e7\u00e3o foi que 59,8% dos entrevistados apontaram as empresas como as principais respons\u00e1veis pela grave e 46% culparam\u2026","rel":"","context":"Em &quot;X.Categorias velhas&quot;","block_context":{"text":"X.Categorias velhas","link":"https:\/\/www.jornalja.com.br\/arquivo\/category\/x-categorias-velhas\/"},"img":{"alt_text":"","src":"","width":0,"height":0},"classes":[]},{"id":13128,"url":"https:\/\/www.jornalja.com.br\/arquivo\/maconha-terra-diz-que-uso-medicinal-e-desculpa\/","url_meta":{"origin":56263,"position":5},"title":"Maconha: Terra diz que uso medicinal \u00e9 desculpa","author":"Patr\u00edcia Marini","date":"4 de junho de 2014","format":false,"excerpt":"A condi\u00e7\u00e3o de pol\u00edtico, em \u00e9poca de campanha de campanha eleitoral, tira for\u00e7a do discurso do m\u00e9dico Osmar Terra contra a legaliza\u00e7\u00e3o da maconha. A tese dele de que a libera\u00e7\u00e3o vai ampliar exponencialmente o consumo \u00e9 discutivel, o consumo \u00e9 corrente. Mas seus alertas quanto aos riscos tem que\u2026","rel":"","context":"Em &quot;X.Categorias velhas&quot;","block_context":{"text":"X.Categorias velhas","link":"https:\/\/www.jornalja.com.br\/arquivo\/category\/x-categorias-velhas\/"},"img":{"alt_text":"","src":"","width":0,"height":0},"classes":[]}],"jetpack_shortlink":"https:\/\/wp.me\/pbQjBd-eDt","jetpack_featured_media_url":"","_links":{"self":[{"href":"https:\/\/www.jornalja.com.br\/arquivo\/wp-json\/wp\/v2\/posts\/56263","targetHints":{"allow":["GET"]}}],"collection":[{"href":"https:\/\/www.jornalja.com.br\/arquivo\/wp-json\/wp\/v2\/posts"}],"about":[{"href":"https:\/\/www.jornalja.com.br\/arquivo\/wp-json\/wp\/v2\/types\/post"}],"author":[{"embeddable":true,"href":"https:\/\/www.jornalja.com.br\/arquivo\/wp-json\/wp\/v2\/users\/4"}],"replies":[{"embeddable":true,"href":"https:\/\/www.jornalja.com.br\/arquivo\/wp-json\/wp\/v2\/comments?post=56263"}],"version-history":[{"count":0,"href":"https:\/\/www.jornalja.com.br\/arquivo\/wp-json\/wp\/v2\/posts\/56263\/revisions"}],"wp:attachment":[{"href":"https:\/\/www.jornalja.com.br\/arquivo\/wp-json\/wp\/v2\/media?parent=56263"}],"wp:term":[{"taxonomy":"category","embeddable":true,"href":"https:\/\/www.jornalja.com.br\/arquivo\/wp-json\/wp\/v2\/categories?post=56263"},{"taxonomy":"post_tag","embeddable":true,"href":"https:\/\/www.jornalja.com.br\/arquivo\/wp-json\/wp\/v2\/tags?post=56263"}],"curies":[{"name":"wp","href":"https:\/\/api.w.org\/{rel}","templated":true}]}}