{"id":56348,"date":"2017-10-16T17:31:23","date_gmt":"2017-10-16T20:31:23","guid":{"rendered":"https:\/\/www.jornalja.com.br\/?p=56348"},"modified":"2017-10-16T17:31:23","modified_gmt":"2017-10-16T20:31:23","slug":"uniao-deve-mais-de-r-50-bi-ao-rs-em-compensacoes-da-lei-kandir","status":"publish","type":"post","link":"https:\/\/www.jornalja.com.br\/arquivo\/uniao-deve-mais-de-r-50-bi-ao-rs-em-compensacoes-da-lei-kandir\/","title":{"rendered":"Uni\u00e3o deve mais de R$ 50 bi ao RS em compensa\u00e7\u00f5es da Lei Kandir"},"content":{"rendered":"<p>A Comiss\u00e3o Mista Especial do Congresso Nacional sobre a Lei Kandir promoveu nesta segunda-feira, 16\/10, na Assembleia Legislativa, em Porto Alegre, audi\u00eancia p\u00fablica para tratar do tema.<br \/>\nFoi apresentado o hist\u00f3rico da lei, criada em 1996 para estimular as exporta\u00e7\u00f5es brasileiras. E que em 21 anos de vig\u00eancia o Rio Grande do Sul acumula R$ 50 bilh\u00f5es de perdas l\u00edquidas, valor que equivale aos R$ 55,7 bilh\u00f5es da d\u00edvida com a Uni\u00e3o, cen\u00e1rio que vem desestimulando a industrializa\u00e7\u00e3o ga\u00facha e acelerando a depress\u00e3o econ\u00f4mica estadual.<br \/>\nA recupera\u00e7\u00e3o das perdas \u00e9 o que est\u00e3o propondo os l\u00edderes ga\u00fachos, como o ex-governador Pedro Simon, que conclamou \u00e0 unidade estadual para exigir da Uni\u00e3o essa compensa\u00e7\u00e3o.<br \/>\n\u201cDevemos R$ 50 bilh\u00f5es e eles nos devem R$ 50 bilh\u00f5es\u201d, afirmou Simon, que na sua manifesta\u00e7\u00e3o ainda lembrou de momentos hist\u00f3ricos de unidade do Estado em favor da industrializa\u00e7\u00e3o, como na conquista da A\u00e7os Finos Piratini, e do P\u00f3lo Petroqu\u00edmico, assim como os per\u00edodos em que o Estado assumiu as estradas federais.<br \/>\nPara o ex-senador, o Rio Grande do Sul possui diversos outros cr\u00e9ditos com a Uni\u00e3o, como valores de projetos de reforma agr\u00e1ria e at\u00e9 mesmo a depress\u00e3o econ\u00f4mica da regi\u00e3o da fronteira em decorr\u00eancia de proibi\u00e7\u00e3o de instala\u00e7\u00e3o de ind\u00fastrias por conta do ac\u00famulo de quart\u00e9is na faixa de fronteira, \u201ca refinaria de petr\u00f3leo foram fazer em Rio Grande e n\u00e3o em Uruguaiana\u201d. \u201cTemos que fazer a compensa\u00e7\u00e3o, essa \u00e9 a grande tese\u201d, disse ele, \u201cn\u00e3o fizemos um acordo leonino com um banco, \u00e9 com a Uni\u00e3o\u201d. Pela privatiza\u00e7\u00e3o do P\u00f3lo Petroqu\u00edmico a Uni\u00e3o deve R$ 1 bilh\u00e3o ao Estado, salientou, e a A\u00e7os Finos Piratini a mesma coisa, completou.<br \/>\nJ\u00e1 o presidente da Assembleia Legislativa, deputado Edegar Pretto (PT), disse que se trata de decis\u00e3o pol\u00edtica \u201cfazer articula\u00e7\u00e3o nacional para tratar da compensa\u00e7\u00e3o da conta que temos sobre o que deixamos de arrecadar\u201d, movimento que foi comunicado ao governador Jos\u00e9 Ivo Sartori, com a solicita\u00e7\u00e3o de que ao tratar da d\u00edvida da Uni\u00e3o, tamb\u00e9m fosse inclu\u00eddo o tema da Lei Kandir.<br \/>\nOs deputados federais Henrique Fontana (PT-RS), Bohn Gass (PT-RS) e o deputado estadual Luiz Fernando Mainardi (PT) tamb\u00e9m foram na mesma linha e disseram que estados e munic\u00edpios n\u00e3o devem abrir m\u00e3o dos cr\u00e9ditos passados e apoiaram o &#8220;encontro de contas&#8221;. \u201cEstou te devendo e voc\u00ea est\u00e1 me devendo. Que neg\u00f3cio \u00e9 esse de s\u00f3 eu te pagar? Que seja feita a compensa\u00e7\u00e3o\u201d, disse Mainardi.<br \/>\nRelator da Comiss\u00e3o Mista Especial da Lei Kandir, o senador Wellington Fagundes (PR-MT) destacou que houve um progresso nas negocia\u00e7\u00f5es entre a comiss\u00e3o e o Minist\u00e9rio da Fazenda, que admite que os recursos do Aux\u00edlio Financeiro para Fomento das Exporta\u00e7\u00f5es (FEX) passem a ser definidos em lei e n\u00e3o anualmente pelo governo. O FEX foi criado pela Uni\u00e3o para compensar os estados pelas perdas com a Lei Kandir.<br \/>\n<span class=\"intertit\">Nova lei deve ser votada em novembro<\/span><br \/>\nO senador Fagundes lembrou que o prazo para o Congresso aprovar a lei complementar sobre compensa\u00e7\u00f5es da Lei Kandir termina no dia 30 de novembro de 2017. \u201cH\u00e1 um espa\u00e7o muito grande entre aquilo que estados e munic\u00edpios entendem que t\u00eam direito e quilo que o governo federal entende que \u00e9 poss\u00edvel. Precisamos de um relat\u00f3rio que seja poss\u00edvel aprovar e poss\u00edvel de o governo cumprir. N\u00e3o adianta nada aprovar e o governo n\u00e3o ter como cumprir\u201d, ponderou o Senador.<br \/>\nProponente do debate, o senador Lasier Martins (PSD-RS) tamb\u00e9m disse achar pouco prov\u00e1vel que o governo federal tenha condi\u00e7\u00f5es de compensar as perdas passadas na totalidade.<span id=\"dnn_ctr8047_ViewalrsAgExibeNoticiaDestaque_lblTextoDestaque\"> O senador lembrou que a reuni\u00e3o busca sugest\u00f5es para a comiss\u00e3o que dever\u00e1 elaborar um relat\u00f3rio sobre a situa\u00e7\u00e3o dos estados exportadores diante das limita\u00e7\u00f5es impostas. Segundo Martins, at\u00e9 2003 o regramento ofereceu compensa\u00e7\u00f5es, deixando de ser atrativo nos \u00faltimos 14 anos aos estados exportadores de produtos prim\u00e1rios e industrializados semielaborados, como \u00e9 o caso do Par\u00e1, que liderou a A\u00e7\u00e3o Direta de Inconstitucionalidade por Omiss\u00e3o e resultou na manifesta\u00e7\u00e3o do STF, ano passado, determinando prazo para que o Congresso Nacional regulamente a mat\u00e9ria at\u00e9 o dia 30 de novembro. <\/span><br \/>\nO procurador-geral do Estado,\u00a0Euz\u00e9bio Ruschel, fez um balan\u00e7o das a\u00e7\u00f5es jur\u00eddicas empreendidas para alterar os efeitos da lei e conclui que \u201ca via \u00e9 pol\u00edtica, a via judicial est\u00e1 esgotada, o foco \u00e9 pol\u00edtico\u201d. Ele espera que o Congresso consiga resgatar esse d\u00e9bito pois \u201ctemos valores expressivos a serem ressarcidos\u201d.<br \/>\n<span class=\"intertit\">Lei Kandir<\/span><br \/>\nEm vigor desde 1996, a Lei Kandir isenta da incid\u00eancia do Imposto sobre Circula\u00e7\u00e3o de Mercadorias e Servi\u00e7os (ICMS) as exporta\u00e7\u00f5es de produtos n\u00e3o industrializados. At\u00e9 2003, a Lei Kandir garantiu aos estados o repasse de valores a t\u00edtulo de compensa\u00e7\u00e3o pelas perdas decorrentes da isen\u00e7\u00e3o do ICMS, mas, a partir de 2004, a Lei Complementar 115 deixou de fixar o valor, apesar de manter o direito de repasse. Com isso, os governadores passaram a negociar a cada ano com o Executivo o montante a ser repassado, mediante recursos alocados no or\u00e7amento geral da Uni\u00e3o.<br \/>\nEm 20 anos, a m\u00e9dia das compensa\u00e7\u00f5es ao RS ficou em 18,2% dos impostos que deixaram de ser cobrados sobre as exporta\u00e7\u00f5es. Nos primeiros cinco anos, a m\u00e9dia chegou a 56,4%, por\u00e9m nos \u00faltimos dois exerc\u00edcios despencou para apenas 8,5%. \u201cNos dois primeiros anos do nosso governo, as perdas s\u00e3o de R$ 8,47 bilh\u00f5es, o que se equivale ao nosso rombo financeiro previsto at\u00e9 o final de 2018\u201d, comparou o secret\u00e1rio da Fazendo do RS, Giovani Feltes, que tamb\u00e9m esteve no debate.<\/p>\n","protected":false},"excerpt":{"rendered":"<p>A Comiss\u00e3o Mista Especial do Congresso Nacional sobre a Lei Kandir promoveu nesta segunda-feira, 16\/10, na Assembleia Legislativa, em Porto Alegre, audi\u00eancia p\u00fablica para tratar do tema. Foi apresentado o hist\u00f3rico da lei, criada em 1996 para estimular as exporta\u00e7\u00f5es brasileiras. E que em 21 anos de vig\u00eancia o Rio Grande do Sul acumula R$ [&hellip;]<\/p>\n","protected":false},"author":4,"featured_media":56350,"comment_status":"open","ping_status":"closed","sticky":false,"template":"","format":"standard","meta":{"_jetpack_newsletter_access":"","_jetpack_dont_email_post_to_subs":false,"_jetpack_newsletter_tier_id":0,"_jetpack_memberships_contains_paywalled_content":false,"_jetpack_feature_clip_id":0,"_jetpack_memberships_contains_paid_content":false,"footnotes":"","jetpack_post_was_ever_published":false},"categories":[26],"tags":[],"class_list":["post-56348","post","type-post","status-publish","format-standard","has-post-thumbnail","hentry","category-geral"],"aioseo_notices":[],"aioseo_head":"\n\t\t<!-- All in One SEO 5.0.1.1 - aioseo.com -->\n\t<meta name=\"robots\" content=\"max-image-preview:large\" \/>\n\t<meta name=\"author\" content=\"da Reda\u00e7\u00e3o\"\/>\n\t<link rel=\"canonical\" href=\"https:\/\/www.jornalja.com.br\/arquivo\/uniao-deve-mais-de-r-50-bi-ao-rs-em-compensacoes-da-lei-kandir\/\" \/>\n\t<meta name=\"generator\" content=\"All in One SEO (AIOSEO) 5.0.1.1\" \/>\n\t\t<meta property=\"og:locale\" content=\"pt_BR\" \/>\n\t\t<meta property=\"og:site_name\" content=\"Arquivo | Jornal J\u00c1 | Porto Alegre\" \/>\n\t\t<meta property=\"og:type\" content=\"article\" \/>\n\t\t<meta property=\"og:title\" content=\"Uni\u00e3o deve mais de R$ 50 bi ao RS em compensa\u00e7\u00f5es da Lei Kandir | Arquivo\" \/>\n\t\t<meta property=\"og:url\" content=\"https:\/\/www.jornalja.com.br\/arquivo\/uniao-deve-mais-de-r-50-bi-ao-rs-em-compensacoes-da-lei-kandir\/\" \/>\n\t\t<meta property=\"og:image\" content=\"https:\/\/www.jornalja.com.br\/economics\/wp-content\/uploads\/sites\/11\/2026\/08\/ja-folhaderosto-facebook.jpg\" \/>\n\t\t<meta property=\"og:image:secure_url\" content=\"https:\/\/www.jornalja.com.br\/economics\/wp-content\/uploads\/sites\/11\/2026\/08\/ja-folhaderosto-facebook.jpg\" \/>\n\t\t<meta property=\"article:published_time\" content=\"2017-10-16T20:31:23+00:00\" \/>\n\t\t<meta property=\"article:modified_time\" content=\"2017-10-16T20:31:23+00:00\" \/>\n\t\t<meta name=\"twitter:card\" content=\"summary\" \/>\n\t\t<meta name=\"twitter:title\" content=\"Uni\u00e3o deve mais de R$ 50 bi ao RS em compensa\u00e7\u00f5es da Lei Kandir | Arquivo\" \/>\n\t\t<meta name=\"twitter:image\" content=\"https:\/\/www.jornalja.com.br\/economics\/wp-content\/uploads\/sites\/11\/2026\/08\/ja-folhaderosto-facebook.jpg\" \/>\n\t\t<script type=\"application\/ld+json\" class=\"aioseo-schema\">\n\t\t\t{\"@context\":\"https:\\\/\\\/schema.org\",\"@graph\":[{\"@type\":\"BlogPosting\",\"@id\":\"https:\\\/\\\/www.jornalja.com.br\\\/arquivo\\\/uniao-deve-mais-de-r-50-bi-ao-rs-em-compensacoes-da-lei-kandir\\\/#blogposting\",\"name\":\"Uni\\u00e3o deve mais de R$ 50 bi ao RS em compensa\\u00e7\\u00f5es da Lei Kandir | Arquivo\",\"headline\":\"Uni\\u00e3o deve mais de R$ 50 bi ao RS em compensa\\u00e7\\u00f5es da Lei Kandir\",\"author\":{\"@id\":\"https:\\\/\\\/www.jornalja.com.br\\\/arquivo\\\/author\\\/daredacao\\\/#author\"},\"publisher\":{\"@id\":\"https:\\\/\\\/www.jornalja.com.br\\\/arquivo\\\/#organization\"},\"image\":{\"@type\":\"ImageObject\",\"url\":56350},\"datePublished\":\"2017-10-16T17:31:23-02:00\",\"dateModified\":\"2017-10-16T17:31:23-02:00\",\"inLanguage\":\"pt-BR\",\"mainEntityOfPage\":{\"@id\":\"https:\\\/\\\/www.jornalja.com.br\\\/arquivo\\\/uniao-deve-mais-de-r-50-bi-ao-rs-em-compensacoes-da-lei-kandir\\\/#webpage\"},\"isPartOf\":{\"@id\":\"https:\\\/\\\/www.jornalja.com.br\\\/arquivo\\\/uniao-deve-mais-de-r-50-bi-ao-rs-em-compensacoes-da-lei-kandir\\\/#webpage\"},\"articleSection\":\"Geral\"},{\"@type\":\"BreadcrumbList\",\"@id\":\"https:\\\/\\\/www.jornalja.com.br\\\/arquivo\\\/uniao-deve-mais-de-r-50-bi-ao-rs-em-compensacoes-da-lei-kandir\\\/#breadcrumblist\",\"itemListElement\":[{\"@type\":\"ListItem\",\"@id\":\"https:\\\/\\\/www.jornalja.com.br\\\/arquivo#listItem\",\"position\":1,\"name\":\"Home\",\"item\":\"https:\\\/\\\/www.jornalja.com.br\\\/arquivo\",\"nextItem\":{\"@type\":\"ListItem\",\"@id\":\"https:\\\/\\\/www.jornalja.com.br\\\/arquivo\\\/category\\\/geral\\\/#listItem\",\"name\":\"Geral\"}},{\"@type\":\"ListItem\",\"@id\":\"https:\\\/\\\/www.jornalja.com.br\\\/arquivo\\\/category\\\/geral\\\/#listItem\",\"position\":2,\"name\":\"Geral\",\"item\":\"https:\\\/\\\/www.jornalja.com.br\\\/arquivo\\\/category\\\/geral\\\/\",\"nextItem\":{\"@type\":\"ListItem\",\"@id\":\"https:\\\/\\\/www.jornalja.com.br\\\/arquivo\\\/uniao-deve-mais-de-r-50-bi-ao-rs-em-compensacoes-da-lei-kandir\\\/#listItem\",\"name\":\"Uni\\u00e3o deve mais de R$ 50 bi ao RS em compensa\\u00e7\\u00f5es da Lei Kandir\"},\"previousItem\":{\"@type\":\"ListItem\",\"@id\":\"https:\\\/\\\/www.jornalja.com.br\\\/arquivo#listItem\",\"name\":\"Home\"}},{\"@type\":\"ListItem\",\"@id\":\"https:\\\/\\\/www.jornalja.com.br\\\/arquivo\\\/uniao-deve-mais-de-r-50-bi-ao-rs-em-compensacoes-da-lei-kandir\\\/#listItem\",\"position\":3,\"name\":\"Uni\\u00e3o deve mais de R$ 50 bi ao RS em compensa\\u00e7\\u00f5es da Lei Kandir\",\"previousItem\":{\"@type\":\"ListItem\",\"@id\":\"https:\\\/\\\/www.jornalja.com.br\\\/arquivo\\\/category\\\/geral\\\/#listItem\",\"name\":\"Geral\"}}]},{\"@type\":\"Organization\",\"@id\":\"https:\\\/\\\/www.jornalja.com.br\\\/arquivo\\\/#organization\",\"name\":\"Jornal J\\u00c1\",\"description\":\"Jornal J\\u00c1 | Porto Alegre\",\"url\":\"https:\\\/\\\/www.jornalja.com.br\\\/arquivo\\\/\",\"telephone\":\"+555133307272\",\"logo\":{\"@type\":\"ImageObject\",\"url\":\"https:\\\/\\\/www.jornalja.com.br\\\/wp-content\\\/uploads\\\/cards\\\/JAslogan.png\",\"@id\":\"https:\\\/\\\/www.jornalja.com.br\\\/arquivo\\\/uniao-deve-mais-de-r-50-bi-ao-rs-em-compensacoes-da-lei-kandir\\\/#organizationLogo\"},\"image\":{\"@id\":\"https:\\\/\\\/www.jornalja.com.br\\\/arquivo\\\/uniao-deve-mais-de-r-50-bi-ao-rs-em-compensacoes-da-lei-kandir\\\/#organizationLogo\"}},{\"@type\":\"Person\",\"@id\":\"https:\\\/\\\/www.jornalja.com.br\\\/arquivo\\\/author\\\/daredacao\\\/#author\",\"url\":\"https:\\\/\\\/www.jornalja.com.br\\\/arquivo\\\/author\\\/daredacao\\\/\",\"name\":\"da Reda\\u00e7\\u00e3o\",\"image\":{\"@type\":\"ImageObject\",\"@id\":\"https:\\\/\\\/www.jornalja.com.br\\\/arquivo\\\/uniao-deve-mais-de-r-50-bi-ao-rs-em-compensacoes-da-lei-kandir\\\/#authorImage\",\"url\":\"https:\\\/\\\/secure.gravatar.com\\\/avatar\\\/469fd857d6605ad19919d27ed29d35a968a25f6e8fd9318356bbb7f57aae9c65?s=96&d=mm&r=g\",\"width\":96,\"height\":96,\"caption\":\"da Reda\\u00e7\\u00e3o\"}},{\"@type\":\"WebPage\",\"@id\":\"https:\\\/\\\/www.jornalja.com.br\\\/arquivo\\\/uniao-deve-mais-de-r-50-bi-ao-rs-em-compensacoes-da-lei-kandir\\\/#webpage\",\"url\":\"https:\\\/\\\/www.jornalja.com.br\\\/arquivo\\\/uniao-deve-mais-de-r-50-bi-ao-rs-em-compensacoes-da-lei-kandir\\\/\",\"name\":\"Uni\\u00e3o deve mais de R$ 50 bi ao RS em compensa\\u00e7\\u00f5es da Lei Kandir | Arquivo\",\"inLanguage\":\"pt-BR\",\"isPartOf\":{\"@id\":\"https:\\\/\\\/www.jornalja.com.br\\\/arquivo\\\/#website\"},\"breadcrumb\":{\"@id\":\"https:\\\/\\\/www.jornalja.com.br\\\/arquivo\\\/uniao-deve-mais-de-r-50-bi-ao-rs-em-compensacoes-da-lei-kandir\\\/#breadcrumblist\"},\"author\":{\"@id\":\"https:\\\/\\\/www.jornalja.com.br\\\/arquivo\\\/author\\\/daredacao\\\/#author\"},\"creator\":{\"@id\":\"https:\\\/\\\/www.jornalja.com.br\\\/arquivo\\\/author\\\/daredacao\\\/#author\"},\"image\":{\"@type\":\"ImageObject\",\"url\":56350,\"@id\":\"https:\\\/\\\/www.jornalja.com.br\\\/arquivo\\\/uniao-deve-mais-de-r-50-bi-ao-rs-em-compensacoes-da-lei-kandir\\\/#mainImage\"},\"primaryImageOfPage\":{\"@id\":\"https:\\\/\\\/www.jornalja.com.br\\\/arquivo\\\/uniao-deve-mais-de-r-50-bi-ao-rs-em-compensacoes-da-lei-kandir\\\/#mainImage\"},\"datePublished\":\"2017-10-16T17:31:23-02:00\",\"dateModified\":\"2017-10-16T17:31:23-02:00\"},{\"@type\":\"WebSite\",\"@id\":\"https:\\\/\\\/www.jornalja.com.br\\\/arquivo\\\/#website\",\"url\":\"https:\\\/\\\/www.jornalja.com.br\\\/arquivo\\\/\",\"name\":\"Arquivo\",\"description\":\"Jornal J\\u00c1 | Porto Alegre\",\"inLanguage\":\"pt-BR\",\"publisher\":{\"@id\":\"https:\\\/\\\/www.jornalja.com.br\\\/arquivo\\\/#organization\"}}]}\n\t\t<\/script>\n\t\t<!-- All in One SEO -->\n\n","aioseo_head_json":{"title":"Uni\u00e3o deve mais de R$ 50 bi ao RS em compensa\u00e7\u00f5es da Lei Kandir | Arquivo","description":"","canonical_url":"https:\/\/www.jornalja.com.br\/arquivo\/uniao-deve-mais-de-r-50-bi-ao-rs-em-compensacoes-da-lei-kandir\/","robots":"max-image-preview:large","keywords":"","webmasterTools":{"miscellaneous":""},"schema":{"@context":"https:\/\/schema.org","@graph":[{"@type":"BlogPosting","@id":"https:\/\/www.jornalja.com.br\/arquivo\/uniao-deve-mais-de-r-50-bi-ao-rs-em-compensacoes-da-lei-kandir\/#blogposting","name":"Uni\u00e3o deve mais de R$ 50 bi ao RS em compensa\u00e7\u00f5es da Lei Kandir | Arquivo","headline":"Uni\u00e3o deve mais de R$ 50 bi ao RS em compensa\u00e7\u00f5es da Lei Kandir","author":{"@id":"https:\/\/www.jornalja.com.br\/arquivo\/author\/daredacao\/#author"},"publisher":{"@id":"https:\/\/www.jornalja.com.br\/arquivo\/#organization"},"image":{"@type":"ImageObject","url":56350},"datePublished":"2017-10-16T17:31:23-02:00","dateModified":"2017-10-16T17:31:23-02:00","inLanguage":"pt-BR","mainEntityOfPage":{"@id":"https:\/\/www.jornalja.com.br\/arquivo\/uniao-deve-mais-de-r-50-bi-ao-rs-em-compensacoes-da-lei-kandir\/#webpage"},"isPartOf":{"@id":"https:\/\/www.jornalja.com.br\/arquivo\/uniao-deve-mais-de-r-50-bi-ao-rs-em-compensacoes-da-lei-kandir\/#webpage"},"articleSection":"Geral"},{"@type":"BreadcrumbList","@id":"https:\/\/www.jornalja.com.br\/arquivo\/uniao-deve-mais-de-r-50-bi-ao-rs-em-compensacoes-da-lei-kandir\/#breadcrumblist","itemListElement":[{"@type":"ListItem","@id":"https:\/\/www.jornalja.com.br\/arquivo#listItem","position":1,"name":"Home","item":"https:\/\/www.jornalja.com.br\/arquivo","nextItem":{"@type":"ListItem","@id":"https:\/\/www.jornalja.com.br\/arquivo\/category\/geral\/#listItem","name":"Geral"}},{"@type":"ListItem","@id":"https:\/\/www.jornalja.com.br\/arquivo\/category\/geral\/#listItem","position":2,"name":"Geral","item":"https:\/\/www.jornalja.com.br\/arquivo\/category\/geral\/","nextItem":{"@type":"ListItem","@id":"https:\/\/www.jornalja.com.br\/arquivo\/uniao-deve-mais-de-r-50-bi-ao-rs-em-compensacoes-da-lei-kandir\/#listItem","name":"Uni\u00e3o deve mais de R$ 50 bi ao RS em compensa\u00e7\u00f5es da Lei Kandir"},"previousItem":{"@type":"ListItem","@id":"https:\/\/www.jornalja.com.br\/arquivo#listItem","name":"Home"}},{"@type":"ListItem","@id":"https:\/\/www.jornalja.com.br\/arquivo\/uniao-deve-mais-de-r-50-bi-ao-rs-em-compensacoes-da-lei-kandir\/#listItem","position":3,"name":"Uni\u00e3o deve mais de R$ 50 bi ao RS em compensa\u00e7\u00f5es da Lei Kandir","previousItem":{"@type":"ListItem","@id":"https:\/\/www.jornalja.com.br\/arquivo\/category\/geral\/#listItem","name":"Geral"}}]},{"@type":"Organization","@id":"https:\/\/www.jornalja.com.br\/arquivo\/#organization","name":"Jornal J\u00c1","description":"Jornal J\u00c1 | Porto Alegre","url":"https:\/\/www.jornalja.com.br\/arquivo\/","telephone":"+555133307272","logo":{"@type":"ImageObject","url":"https:\/\/www.jornalja.com.br\/wp-content\/uploads\/cards\/JAslogan.png","@id":"https:\/\/www.jornalja.com.br\/arquivo\/uniao-deve-mais-de-r-50-bi-ao-rs-em-compensacoes-da-lei-kandir\/#organizationLogo"},"image":{"@id":"https:\/\/www.jornalja.com.br\/arquivo\/uniao-deve-mais-de-r-50-bi-ao-rs-em-compensacoes-da-lei-kandir\/#organizationLogo"}},{"@type":"Person","@id":"https:\/\/www.jornalja.com.br\/arquivo\/author\/daredacao\/#author","url":"https:\/\/www.jornalja.com.br\/arquivo\/author\/daredacao\/","name":"da Reda\u00e7\u00e3o","image":{"@type":"ImageObject","@id":"https:\/\/www.jornalja.com.br\/arquivo\/uniao-deve-mais-de-r-50-bi-ao-rs-em-compensacoes-da-lei-kandir\/#authorImage","url":"https:\/\/secure.gravatar.com\/avatar\/469fd857d6605ad19919d27ed29d35a968a25f6e8fd9318356bbb7f57aae9c65?s=96&d=mm&r=g","width":96,"height":96,"caption":"da Reda\u00e7\u00e3o"}},{"@type":"WebPage","@id":"https:\/\/www.jornalja.com.br\/arquivo\/uniao-deve-mais-de-r-50-bi-ao-rs-em-compensacoes-da-lei-kandir\/#webpage","url":"https:\/\/www.jornalja.com.br\/arquivo\/uniao-deve-mais-de-r-50-bi-ao-rs-em-compensacoes-da-lei-kandir\/","name":"Uni\u00e3o deve mais de R$ 50 bi ao RS em compensa\u00e7\u00f5es da Lei Kandir | Arquivo","inLanguage":"pt-BR","isPartOf":{"@id":"https:\/\/www.jornalja.com.br\/arquivo\/#website"},"breadcrumb":{"@id":"https:\/\/www.jornalja.com.br\/arquivo\/uniao-deve-mais-de-r-50-bi-ao-rs-em-compensacoes-da-lei-kandir\/#breadcrumblist"},"author":{"@id":"https:\/\/www.jornalja.com.br\/arquivo\/author\/daredacao\/#author"},"creator":{"@id":"https:\/\/www.jornalja.com.br\/arquivo\/author\/daredacao\/#author"},"image":{"@type":"ImageObject","url":56350,"@id":"https:\/\/www.jornalja.com.br\/arquivo\/uniao-deve-mais-de-r-50-bi-ao-rs-em-compensacoes-da-lei-kandir\/#mainImage"},"primaryImageOfPage":{"@id":"https:\/\/www.jornalja.com.br\/arquivo\/uniao-deve-mais-de-r-50-bi-ao-rs-em-compensacoes-da-lei-kandir\/#mainImage"},"datePublished":"2017-10-16T17:31:23-02:00","dateModified":"2017-10-16T17:31:23-02:00"},{"@type":"WebSite","@id":"https:\/\/www.jornalja.com.br\/arquivo\/#website","url":"https:\/\/www.jornalja.com.br\/arquivo\/","name":"Arquivo","description":"Jornal J\u00c1 | Porto Alegre","inLanguage":"pt-BR","publisher":{"@id":"https:\/\/www.jornalja.com.br\/arquivo\/#organization"}}]},"og:locale":"pt_BR","og:site_name":"Arquivo | Jornal J\u00c1 | Porto Alegre","og:type":"article","og:title":"Uni\u00e3o deve mais de R$ 50 bi ao RS em compensa\u00e7\u00f5es da Lei Kandir | Arquivo","og:url":"https:\/\/www.jornalja.com.br\/arquivo\/uniao-deve-mais-de-r-50-bi-ao-rs-em-compensacoes-da-lei-kandir\/","og:image":"https:\/\/www.jornalja.com.br\/economics\/wp-content\/uploads\/sites\/11\/2026\/08\/ja-folhaderosto-facebook.jpg","og:image:secure_url":"https:\/\/www.jornalja.com.br\/economics\/wp-content\/uploads\/sites\/11\/2026\/08\/ja-folhaderosto-facebook.jpg","article:published_time":"2017-10-16T20:31:23+00:00","article:modified_time":"2017-10-16T20:31:23+00:00","twitter:card":"summary","twitter:title":"Uni\u00e3o deve mais de R$ 50 bi ao RS em compensa\u00e7\u00f5es da Lei Kandir | Arquivo","twitter:image":"https:\/\/www.jornalja.com.br\/economics\/wp-content\/uploads\/sites\/11\/2026\/08\/ja-folhaderosto-facebook.jpg"},"aioseo_meta_data":{"post_id":"56348","title":null,"description":null,"keywords":null,"keyphrases":null,"primary_term":null,"canonical_url":null,"og_title":null,"og_description":null,"og_object_type":"default","og_image_type":"default","og_image_url":null,"og_image_width":null,"og_image_height":null,"og_image_custom_url":null,"og_image_custom_fields":null,"og_video":null,"og_custom_url":null,"og_article_section":null,"og_article_tags":null,"twitter_use_og":false,"twitter_card":"default","twitter_image_type":"default","twitter_image_url":null,"twitter_image_custom_url":null,"twitter_image_custom_fields":null,"twitter_title":null,"twitter_description":null,"schema":{"blockGraphs":[],"customGraphs":[],"default":{"data":{"Article":[],"Course":[],"Dataset":[],"FAQPage":[],"Movie":[],"Person":[],"Product":[],"ProductReview":[],"Car":[],"Recipe":[],"Service":[],"SoftwareApplication":[],"WebPage":[]},"graphName":"","isEnabled":true},"graphs":[]},"schema_type":null,"schema_type_options":null,"pillar_content":false,"robots_default":true,"robots_noindex":false,"robots_noarchive":false,"robots_nosnippet":false,"robots_nofollow":false,"robots_noimageindex":false,"robots_noodp":false,"robots_notranslate":false,"robots_max_snippet":null,"robots_max_videopreview":null,"robots_max_imagepreview":"large","priority":null,"frequency":null,"location":null,"local_seo":null,"breadcrumb_settings":null,"limit_modified_date":false,"ai":null,"created":"2020-12-20 20:21:53","updated":"2025-07-20 01:50:29","seo_analyzer_scan_date":null,"focus_keyword":null,"additional_keywords":null,"truseo_locale":null},"jetpack_sharing_enabled":true,"jetpack-related-posts":[{"id":13124,"url":"https:\/\/www.jornalja.com.br\/arquivo\/sangue-latino-no-iecine\/","url_meta":{"origin":56348,"position":0},"title":"Sangue latino no IECINE","author":"da Reda\u00e7\u00e3o","date":"18 de maio de 2014","format":false,"excerpt":"Francisco Ribeiro O Instituto Estadual de Cinema (IECINE) tem a frente, desde abril \u00faltimo, um novo diretor, o cineasta colombiano Juan Zapata, 36, que substitui Luiz Alberto Cassol. Radicado h\u00e1 dez anos em Porto Alegre, Zapata tem diante de si o desafio de conduzir at\u00e9 o final do ano um\u2026","rel":"","context":"Em &quot;Cultura-Geral&quot;","block_context":{"text":"Cultura-Geral","link":"https:\/\/www.jornalja.com.br\/arquivo\/category\/materiasecundaria\/"},"img":{"alt_text":"","src":"","width":0,"height":0},"classes":[]},{"id":5440,"url":"https:\/\/www.jornalja.com.br\/arquivo\/casarao-da-venancio-destino-permanece-incerto\/","url_meta":{"origin":56348,"position":1},"title":"Estado ainda n\u00e3o sabe o que fazer com casar\u00e3o abandonado h\u00e1 20 anos","author":"Elmar Bones","date":"6 de julho de 2009","format":false,"excerpt":"O casar\u00e3o amarelo, numa esquina nobre de Porto Alegre (Ven\u00e2ncio Aires com Jo\u00e3o Pessoa), j\u00e1 abrigou uma escola. H\u00e1 duas d\u00e9cadas, pelo menos, est\u00e1 abandonado, porque seu propriet\u00e1rio, o governo do Estado do Rio Grande do Sul, n\u00e3o consegue achar um destino para ele. Planos n\u00e3o faltaram. O governador Ol\u00edvio\u2026","rel":"","context":"Em &quot;X.Categorias velhas&quot;","block_context":{"text":"X.Categorias velhas","link":"https:\/\/www.jornalja.com.br\/arquivo\/category\/x-categorias-velhas\/"},"img":{"alt_text":"geraldo1","src":"https:\/\/i0.wp.com\/www.jornalja.com.br\/wp-content\/uploads\/2009\/07\/geraldo1.jpg?resize=350%2C200&ssl=1","width":350,"height":200},"classes":[]},{"id":13239,"url":"https:\/\/www.jornalja.com.br\/arquivo\/conselho-desdenha-do-plano-diretor\/","url_meta":{"origin":56348,"position":2},"title":"Porto Alegre: Conselho detona Plano Diretor","author":"Patr\u00edcia Marini","date":"25 de maio de 2014","format":false,"excerpt":"Den\u00fancia do arquiteto e \u00a0urbanista Ibir\u00e1 Santos Lucas. Ele diz que os conselheiros est\u00e3o votando com \"enorme irresponsabilidade\". \"Mudam regime com a maior naturalidade,,,regularizam absurdos de constru\u00e7\u00f5es irregulares... \"O CMDUA est\u00e1 flexibilizando a lei do plano diretor, de uma forma impactante na vida da cidade. Mudam regime com a maior\u2026","rel":"","context":"Em &quot;Geral&quot;","block_context":{"text":"Geral","link":"https:\/\/www.jornalja.com.br\/arquivo\/category\/geral\/"},"img":{"alt_text":"","src":"","width":0,"height":0},"classes":[]},{"id":13101,"url":"https:\/\/www.jornalja.com.br\/arquivo\/morre-um-guerreiro-do-texto\/","url_meta":{"origin":56348,"position":3},"title":"Morre um guerreiro do texto","author":"Patr\u00edcia Marini","date":"14 de maio de 2014","format":false,"excerpt":"Por Ricardo Kotscho Reproduzido do blog do autor, 11\/5\/2014; t\u00edtulo original \u201cE l\u00e1 se foi o nosso Myltainho, guerreiro do texto\u201d. Mi\u00fado e franzino, meu amigo Myltainho era um valente e inconformado guerreiro na luta contra as injusti\u00e7as sociais, a hipocrisia, as maracutaias, o autoritarismo, a intoler\u00e2ncia, a viol\u00eancia, o\u2026","rel":"","context":"Em &quot;Geral&quot;","block_context":{"text":"Geral","link":"https:\/\/www.jornalja.com.br\/arquivo\/category\/geral\/"},"img":{"alt_text":"","src":"","width":0,"height":0},"classes":[]},{"id":13240,"url":"https:\/\/www.jornalja.com.br\/arquivo\/plano-diretor-estamos-construindo-o-caos\/","url_meta":{"origin":56348,"position":4},"title":"Plano diretor: &quot;Estamos construindo o caos&quot;","author":"Patr\u00edcia Marini","date":"26 de maio de 2014","format":false,"excerpt":"Desabafo que arquiteta Eliana Castilhos, delegada da Regi\u00e3o de Planejamento 1, postou nas redes sociais \u00e9 um testemunho do ambiente que se criou no Conselho do Plano Diretor de Porto Alegre, onde a aprova\u00e7\u00e3o de grandes empreendimentos \u00e9 empurrada guela abaixo dos conselheiros. Ao CMDUA Como delegada da Regi\u00e3o de\u2026","rel":"","context":"Em &quot;Geral&quot;","block_context":{"text":"Geral","link":"https:\/\/www.jornalja.com.br\/arquivo\/category\/geral\/"},"img":{"alt_text":"","src":"","width":0,"height":0},"classes":[]}],"jetpack_shortlink":"https:\/\/wp.me\/pbQjBd-eEQ","jetpack_featured_media_url":"","_links":{"self":[{"href":"https:\/\/www.jornalja.com.br\/arquivo\/wp-json\/wp\/v2\/posts\/56348","targetHints":{"allow":["GET"]}}],"collection":[{"href":"https:\/\/www.jornalja.com.br\/arquivo\/wp-json\/wp\/v2\/posts"}],"about":[{"href":"https:\/\/www.jornalja.com.br\/arquivo\/wp-json\/wp\/v2\/types\/post"}],"author":[{"embeddable":true,"href":"https:\/\/www.jornalja.com.br\/arquivo\/wp-json\/wp\/v2\/users\/4"}],"replies":[{"embeddable":true,"href":"https:\/\/www.jornalja.com.br\/arquivo\/wp-json\/wp\/v2\/comments?post=56348"}],"version-history":[{"count":0,"href":"https:\/\/www.jornalja.com.br\/arquivo\/wp-json\/wp\/v2\/posts\/56348\/revisions"}],"wp:attachment":[{"href":"https:\/\/www.jornalja.com.br\/arquivo\/wp-json\/wp\/v2\/media?parent=56348"}],"wp:term":[{"taxonomy":"category","embeddable":true,"href":"https:\/\/www.jornalja.com.br\/arquivo\/wp-json\/wp\/v2\/categories?post=56348"},{"taxonomy":"post_tag","embeddable":true,"href":"https:\/\/www.jornalja.com.br\/arquivo\/wp-json\/wp\/v2\/tags?post=56348"}],"curies":[{"name":"wp","href":"https:\/\/api.w.org\/{rel}","templated":true}]}}