{"id":56377,"date":"2017-10-17T12:30:16","date_gmt":"2017-10-17T15:30:16","guid":{"rendered":"https:\/\/www.jornalja.com.br\/?p=56377"},"modified":"2017-10-17T12:30:16","modified_gmt":"2017-10-17T15:30:16","slug":"em-nota-prefeitura-diz-que-pedido-de-impeachment-de-marchezan-nao-tem-sustentacao","status":"publish","type":"post","link":"https:\/\/www.jornalja.com.br\/arquivo\/em-nota-prefeitura-diz-que-pedido-de-impeachment-de-marchezan-nao-tem-sustentacao\/","title":{"rendered":"Em nota, Prefeitura diz que pedido de impeachment de Marchezan &quot;n\u00e3o tem sustenta\u00e7\u00e3o&quot;"},"content":{"rendered":"<p style=\"text-align: left\">Nesta ter\u00e7a-feira, a Prefeitura de Porto Alegre se manifestou, atrav\u00e9s de nota, sobre o pedido de impeachment protocolado na \u00faltima quarta-feira por dois representantes do Sindicato dos Taxistas. A Prefeitura defende que &#8220;o pedido n\u00e3o tem sustenta\u00e7\u00e3o&#8221;.<\/p>\n<p style=\"text-align: left\">No pedido, os dois taxistas alegaram que o prefeito n\u00e3o cumpriu a lei 12 162, de 2016, sancionada em mar\u00e7o pelo prefeito, e que obriga a prefeitura a cobrar a TGO (Taxa de Gerenciamento Operacional) e o Imposto Sobre Servi\u00e7os de Qualquer Natureza (ISS), das empresas operadores de aplicativos e propriet\u00e1rios de ve\u00edculos autorizados a prestar o servi\u00e7o.<\/p>\n<p style=\"text-align: left\">Para a Prefeitura, o pedido &#8220;baseia-se na hip\u00f3tese de ren\u00fancia de receita, o que n\u00e3o ocorreu por parte do Munic\u00edpio&#8221;.<\/p>\n<p><strong>Confira a \u00edntegra da nota:<\/strong><br \/>\n<em>A prop\u00f3sito da vota\u00e7\u00e3o sobre a admissibilidade do processo de impeachment marcada para a pr\u00f3xima quarta-feira, 18, a Prefeitura Municipal de Porto Alegre reafirma os seguintes aspectos sobre a regulamenta\u00e7\u00e3o do servi\u00e7o de transporte por aplicativo:<\/em><br \/>\n<em>&#8211; O pedido n\u00e3o tem sustenta\u00e7\u00e3o, porque baseia-se na hip\u00f3tese de ren\u00fancia de receita, o que n\u00e3o ocorreu por parte do Munic\u00edpio;<\/em><br \/>\n<em>&#8211; A Taxa de Gerenciamento Operacional (TGO) foi regulamentada pelo Decreto 19.700\/17, de mar\u00e7o deste ano, e deveria ser cobrada depois de 180 dias da publica\u00e7\u00e3o deste decreto. Pela regra, o pagamento deveria ser realizado no d\u00e9cimo dia do m\u00eas imediatamente posterior ao m\u00eas refer\u00eancia, ou seja, 10 de outubro de 2017;<\/em><br \/>\n<em>&#8211; Em 10 de outubro \u00faltimo, a desembargadora Ana Paula Dalbosco, do \u00d3rg\u00e3o Especial do Tribunal de Justi\u00e7a do Rio Grande do Sul (TJRS), determinou a suspens\u00e3o de 13 artigos da Lei n\u00b0 12.162\/2016, legisla\u00e7\u00e3o proposta e sancionada pela gest\u00e3o anterior;<\/em><br \/>\n<em>&#8211; Como a cobran\u00e7a da TGO deveria ser iniciada em 11 de outubro, ficou comprometida diante da decis\u00e3o judicial;<\/em><br \/>\n<em>&#8211; Sobre a incid\u00eancia do Imposto Sobre Servi\u00e7os (ISS), tamb\u00e9m n\u00e3o houve omiss\u00e3o porque o Munic\u00edpio de Porto Alegre cobra o ISS dos servi\u00e7os de transporte por aplicativo. Embora a defini\u00e7\u00e3o de qual servi\u00e7o \u00e9 prestado (transporte ou intermedia\u00e7\u00e3o) ainda seja objeto de discuss\u00e3o, o que impacta diretamente o local da incid\u00eancia do imposto, somente no ano de 2017 j\u00e1 foram recolhidos mais de R$ 5 milh\u00f5es de ISS, enquanto em 2016 essa receita foi de R$ 1,5 milh\u00e3o;<\/em><br \/>\n<em>&#8211; No que diz respeito aos motoristas, estes se enquadram como aut\u00f4nomos e est\u00e3o isentos do recolhimento do imposto, assim como os taxistas propriet\u00e1rios de apenas um ve\u00edculo;<\/em><br \/>\n<em>&#8211; Cabe destacar que a atual administra\u00e7\u00e3o encaminhou em julho deste ano, depois de discuss\u00e3o com os vereadores e o setor, novo projeto de lei que redefine parcialmente o funcionamento adequado dessa modalidade de transporte, e teve pedido de prioriza\u00e7\u00e3o formalizado pelo Executivo na \u00faltima semana;<\/em><br \/>\n<em>&#8211; Mesmo que a lei dos aplicativos estivesse em vigor, a legisla\u00e7\u00e3o tribut\u00e1ria prev\u00ea que as receitas municipais, estaduais e federais t\u00eam at\u00e9 cinco anos para cobrar taxas e impostos, de acordo com sua estrat\u00e9gia de fiscaliza\u00e7\u00e3o. Portanto, est\u00e1 descaracterizada a ren\u00fancia de receita por esta administra\u00e7\u00e3o;<\/em><br \/>\n<em>&#8211; Por fim, a gest\u00e3o n\u00e3o se omitiu e continua determinada a qualificar a regulamenta\u00e7\u00e3o de um servi\u00e7o que j\u00e1 \u00e9 realidade em n\u00edvel mundial e precisa de regras e responsabilidades claras para resguardar os direitos dos usu\u00e1rios, dos profissionais e das demais categorias envolvidas no mercado de transporte individual.<\/em><br \/>\n<em>Prefeitura Municipal de Porto Alegre<\/em><\/p>\n","protected":false},"excerpt":{"rendered":"<p>Nesta ter\u00e7a-feira, a Prefeitura de Porto Alegre se manifestou, atrav\u00e9s de nota, sobre o pedido de impeachment protocolado na \u00faltima quarta-feira por dois representantes do Sindicato dos Taxistas. A Prefeitura defende que &#8220;o pedido n\u00e3o tem sustenta\u00e7\u00e3o&#8221;. No pedido, os dois taxistas alegaram que o prefeito n\u00e3o cumpriu a lei 12 162, de 2016, sancionada [&hellip;]<\/p>\n","protected":false},"author":4,"featured_media":0,"comment_status":"open","ping_status":"closed","sticky":false,"template":"","format":"standard","meta":{"_jetpack_newsletter_access":"","_jetpack_dont_email_post_to_subs":false,"_jetpack_newsletter_tier_id":0,"_jetpack_memberships_contains_paywalled_content":false,"_jetpack_feature_clip_id":0,"_jetpack_memberships_contains_paid_content":false,"footnotes":"","jetpack_post_was_ever_published":false},"categories":[2022],"tags":[],"class_list":["post-56377","post","type-post","status-publish","format-standard","hentry","category-notas"],"aioseo_notices":[],"aioseo_head":"\n\t\t<!-- All in One SEO 5.0.1.1 - aioseo.com -->\n\t<meta name=\"robots\" content=\"max-image-preview:large\" \/>\n\t<meta name=\"author\" content=\"da Reda\u00e7\u00e3o\"\/>\n\t<link rel=\"canonical\" href=\"https:\/\/www.jornalja.com.br\/arquivo\/em-nota-prefeitura-diz-que-pedido-de-impeachment-de-marchezan-nao-tem-sustentacao\/\" \/>\n\t<meta name=\"generator\" content=\"All in One SEO (AIOSEO) 5.0.1.1\" \/>\n\t\t<meta property=\"og:locale\" content=\"pt_BR\" \/>\n\t\t<meta property=\"og:site_name\" content=\"Arquivo | Jornal J\u00c1 | Porto Alegre\" \/>\n\t\t<meta property=\"og:type\" content=\"article\" \/>\n\t\t<meta property=\"og:title\" content=\"Em nota, Prefeitura diz que pedido de impeachment de Marchezan &quot;n\u00e3o tem sustenta\u00e7\u00e3o&quot; | Arquivo\" \/>\n\t\t<meta property=\"og:url\" content=\"https:\/\/www.jornalja.com.br\/arquivo\/em-nota-prefeitura-diz-que-pedido-de-impeachment-de-marchezan-nao-tem-sustentacao\/\" \/>\n\t\t<meta property=\"og:image\" content=\"https:\/\/www.jornalja.com.br\/economics\/wp-content\/uploads\/sites\/11\/2026\/08\/ja-folhaderosto-facebook.jpg\" \/>\n\t\t<meta property=\"og:image:secure_url\" content=\"https:\/\/www.jornalja.com.br\/economics\/wp-content\/uploads\/sites\/11\/2026\/08\/ja-folhaderosto-facebook.jpg\" \/>\n\t\t<meta property=\"article:published_time\" content=\"2017-10-17T15:30:16+00:00\" \/>\n\t\t<meta property=\"article:modified_time\" content=\"2017-10-17T15:30:16+00:00\" \/>\n\t\t<meta name=\"twitter:card\" content=\"summary\" \/>\n\t\t<meta name=\"twitter:title\" content=\"Em nota, Prefeitura diz que pedido de impeachment de Marchezan &quot;n\u00e3o tem sustenta\u00e7\u00e3o&quot; | Arquivo\" \/>\n\t\t<meta name=\"twitter:image\" content=\"https:\/\/www.jornalja.com.br\/economics\/wp-content\/uploads\/sites\/11\/2026\/08\/ja-folhaderosto-facebook.jpg\" \/>\n\t\t<script type=\"application\/ld+json\" class=\"aioseo-schema\">\n\t\t\t{\"@context\":\"https:\\\/\\\/schema.org\",\"@graph\":[{\"@type\":\"BlogPosting\",\"@id\":\"https:\\\/\\\/www.jornalja.com.br\\\/arquivo\\\/em-nota-prefeitura-diz-que-pedido-de-impeachment-de-marchezan-nao-tem-sustentacao\\\/#blogposting\",\"name\":\"Em nota, Prefeitura diz que pedido de impeachment de Marchezan \\\"n\\u00e3o tem sustenta\\u00e7\\u00e3o\\\" | Arquivo\",\"headline\":\"Em nota, Prefeitura diz que pedido de impeachment de Marchezan &quot;n\\u00e3o tem sustenta\\u00e7\\u00e3o&quot;\",\"author\":{\"@id\":\"https:\\\/\\\/www.jornalja.com.br\\\/arquivo\\\/author\\\/daredacao\\\/#author\"},\"publisher\":{\"@id\":\"https:\\\/\\\/www.jornalja.com.br\\\/arquivo\\\/#organization\"},\"image\":{\"@type\":\"ImageObject\",\"url\":\"https:\\\/\\\/www.jornalja.com.br\\\/wp-content\\\/uploads\\\/cards\\\/JAslogan.png\",\"@id\":\"https:\\\/\\\/www.jornalja.com.br\\\/arquivo\\\/#articleImage\"},\"datePublished\":\"2017-10-17T12:30:16-02:00\",\"dateModified\":\"2017-10-17T12:30:16-02:00\",\"inLanguage\":\"pt-BR\",\"mainEntityOfPage\":{\"@id\":\"https:\\\/\\\/www.jornalja.com.br\\\/arquivo\\\/em-nota-prefeitura-diz-que-pedido-de-impeachment-de-marchezan-nao-tem-sustentacao\\\/#webpage\"},\"isPartOf\":{\"@id\":\"https:\\\/\\\/www.jornalja.com.br\\\/arquivo\\\/em-nota-prefeitura-diz-que-pedido-de-impeachment-de-marchezan-nao-tem-sustentacao\\\/#webpage\"},\"articleSection\":\"NOTAS\"},{\"@type\":\"BreadcrumbList\",\"@id\":\"https:\\\/\\\/www.jornalja.com.br\\\/arquivo\\\/em-nota-prefeitura-diz-que-pedido-de-impeachment-de-marchezan-nao-tem-sustentacao\\\/#breadcrumblist\",\"itemListElement\":[{\"@type\":\"ListItem\",\"@id\":\"https:\\\/\\\/www.jornalja.com.br\\\/arquivo#listItem\",\"position\":1,\"name\":\"Home\",\"item\":\"https:\\\/\\\/www.jornalja.com.br\\\/arquivo\",\"nextItem\":{\"@type\":\"ListItem\",\"@id\":\"https:\\\/\\\/www.jornalja.com.br\\\/arquivo\\\/category\\\/notas\\\/#listItem\",\"name\":\"NOTAS\"}},{\"@type\":\"ListItem\",\"@id\":\"https:\\\/\\\/www.jornalja.com.br\\\/arquivo\\\/category\\\/notas\\\/#listItem\",\"position\":2,\"name\":\"NOTAS\",\"item\":\"https:\\\/\\\/www.jornalja.com.br\\\/arquivo\\\/category\\\/notas\\\/\",\"nextItem\":{\"@type\":\"ListItem\",\"@id\":\"https:\\\/\\\/www.jornalja.com.br\\\/arquivo\\\/em-nota-prefeitura-diz-que-pedido-de-impeachment-de-marchezan-nao-tem-sustentacao\\\/#listItem\",\"name\":\"Em nota, Prefeitura diz que pedido de impeachment de Marchezan &quot;n\\u00e3o tem sustenta\\u00e7\\u00e3o&quot;\"},\"previousItem\":{\"@type\":\"ListItem\",\"@id\":\"https:\\\/\\\/www.jornalja.com.br\\\/arquivo#listItem\",\"name\":\"Home\"}},{\"@type\":\"ListItem\",\"@id\":\"https:\\\/\\\/www.jornalja.com.br\\\/arquivo\\\/em-nota-prefeitura-diz-que-pedido-de-impeachment-de-marchezan-nao-tem-sustentacao\\\/#listItem\",\"position\":3,\"name\":\"Em nota, Prefeitura diz que pedido de impeachment de Marchezan &quot;n\\u00e3o tem sustenta\\u00e7\\u00e3o&quot;\",\"previousItem\":{\"@type\":\"ListItem\",\"@id\":\"https:\\\/\\\/www.jornalja.com.br\\\/arquivo\\\/category\\\/notas\\\/#listItem\",\"name\":\"NOTAS\"}}]},{\"@type\":\"Organization\",\"@id\":\"https:\\\/\\\/www.jornalja.com.br\\\/arquivo\\\/#organization\",\"name\":\"Jornal J\\u00c1\",\"description\":\"Jornal J\\u00c1 | Porto Alegre\",\"url\":\"https:\\\/\\\/www.jornalja.com.br\\\/arquivo\\\/\",\"telephone\":\"+555133307272\",\"logo\":{\"@type\":\"ImageObject\",\"url\":\"https:\\\/\\\/www.jornalja.com.br\\\/wp-content\\\/uploads\\\/cards\\\/JAslogan.png\",\"@id\":\"https:\\\/\\\/www.jornalja.com.br\\\/arquivo\\\/em-nota-prefeitura-diz-que-pedido-de-impeachment-de-marchezan-nao-tem-sustentacao\\\/#organizationLogo\"},\"image\":{\"@id\":\"https:\\\/\\\/www.jornalja.com.br\\\/arquivo\\\/em-nota-prefeitura-diz-que-pedido-de-impeachment-de-marchezan-nao-tem-sustentacao\\\/#organizationLogo\"}},{\"@type\":\"Person\",\"@id\":\"https:\\\/\\\/www.jornalja.com.br\\\/arquivo\\\/author\\\/daredacao\\\/#author\",\"url\":\"https:\\\/\\\/www.jornalja.com.br\\\/arquivo\\\/author\\\/daredacao\\\/\",\"name\":\"da Reda\\u00e7\\u00e3o\",\"image\":{\"@type\":\"ImageObject\",\"@id\":\"https:\\\/\\\/www.jornalja.com.br\\\/arquivo\\\/em-nota-prefeitura-diz-que-pedido-de-impeachment-de-marchezan-nao-tem-sustentacao\\\/#authorImage\",\"url\":\"https:\\\/\\\/secure.gravatar.com\\\/avatar\\\/469fd857d6605ad19919d27ed29d35a968a25f6e8fd9318356bbb7f57aae9c65?s=96&d=mm&r=g\",\"width\":96,\"height\":96,\"caption\":\"da Reda\\u00e7\\u00e3o\"}},{\"@type\":\"WebPage\",\"@id\":\"https:\\\/\\\/www.jornalja.com.br\\\/arquivo\\\/em-nota-prefeitura-diz-que-pedido-de-impeachment-de-marchezan-nao-tem-sustentacao\\\/#webpage\",\"url\":\"https:\\\/\\\/www.jornalja.com.br\\\/arquivo\\\/em-nota-prefeitura-diz-que-pedido-de-impeachment-de-marchezan-nao-tem-sustentacao\\\/\",\"name\":\"Em nota, Prefeitura diz que pedido de impeachment de Marchezan \\\"n\\u00e3o tem sustenta\\u00e7\\u00e3o\\\" | Arquivo\",\"inLanguage\":\"pt-BR\",\"isPartOf\":{\"@id\":\"https:\\\/\\\/www.jornalja.com.br\\\/arquivo\\\/#website\"},\"breadcrumb\":{\"@id\":\"https:\\\/\\\/www.jornalja.com.br\\\/arquivo\\\/em-nota-prefeitura-diz-que-pedido-de-impeachment-de-marchezan-nao-tem-sustentacao\\\/#breadcrumblist\"},\"author\":{\"@id\":\"https:\\\/\\\/www.jornalja.com.br\\\/arquivo\\\/author\\\/daredacao\\\/#author\"},\"creator\":{\"@id\":\"https:\\\/\\\/www.jornalja.com.br\\\/arquivo\\\/author\\\/daredacao\\\/#author\"},\"datePublished\":\"2017-10-17T12:30:16-02:00\",\"dateModified\":\"2017-10-17T12:30:16-02:00\"},{\"@type\":\"WebSite\",\"@id\":\"https:\\\/\\\/www.jornalja.com.br\\\/arquivo\\\/#website\",\"url\":\"https:\\\/\\\/www.jornalja.com.br\\\/arquivo\\\/\",\"name\":\"Arquivo\",\"description\":\"Jornal J\\u00c1 | Porto Alegre\",\"inLanguage\":\"pt-BR\",\"publisher\":{\"@id\":\"https:\\\/\\\/www.jornalja.com.br\\\/arquivo\\\/#organization\"}}]}\n\t\t<\/script>\n\t\t<!-- All in One SEO -->\n\n","aioseo_head_json":{"title":"Em nota, Prefeitura diz que pedido de impeachment de Marchezan \"n\u00e3o tem sustenta\u00e7\u00e3o\" | Arquivo","description":"","canonical_url":"https:\/\/www.jornalja.com.br\/arquivo\/em-nota-prefeitura-diz-que-pedido-de-impeachment-de-marchezan-nao-tem-sustentacao\/","robots":"max-image-preview:large","keywords":"","webmasterTools":{"miscellaneous":""},"schema":{"@context":"https:\/\/schema.org","@graph":[{"@type":"BlogPosting","@id":"https:\/\/www.jornalja.com.br\/arquivo\/em-nota-prefeitura-diz-que-pedido-de-impeachment-de-marchezan-nao-tem-sustentacao\/#blogposting","name":"Em nota, Prefeitura diz que pedido de impeachment de Marchezan \"n\u00e3o tem sustenta\u00e7\u00e3o\" | Arquivo","headline":"Em nota, Prefeitura diz que pedido de impeachment de Marchezan &quot;n\u00e3o tem sustenta\u00e7\u00e3o&quot;","author":{"@id":"https:\/\/www.jornalja.com.br\/arquivo\/author\/daredacao\/#author"},"publisher":{"@id":"https:\/\/www.jornalja.com.br\/arquivo\/#organization"},"image":{"@type":"ImageObject","url":"https:\/\/www.jornalja.com.br\/wp-content\/uploads\/cards\/JAslogan.png","@id":"https:\/\/www.jornalja.com.br\/arquivo\/#articleImage"},"datePublished":"2017-10-17T12:30:16-02:00","dateModified":"2017-10-17T12:30:16-02:00","inLanguage":"pt-BR","mainEntityOfPage":{"@id":"https:\/\/www.jornalja.com.br\/arquivo\/em-nota-prefeitura-diz-que-pedido-de-impeachment-de-marchezan-nao-tem-sustentacao\/#webpage"},"isPartOf":{"@id":"https:\/\/www.jornalja.com.br\/arquivo\/em-nota-prefeitura-diz-que-pedido-de-impeachment-de-marchezan-nao-tem-sustentacao\/#webpage"},"articleSection":"NOTAS"},{"@type":"BreadcrumbList","@id":"https:\/\/www.jornalja.com.br\/arquivo\/em-nota-prefeitura-diz-que-pedido-de-impeachment-de-marchezan-nao-tem-sustentacao\/#breadcrumblist","itemListElement":[{"@type":"ListItem","@id":"https:\/\/www.jornalja.com.br\/arquivo#listItem","position":1,"name":"Home","item":"https:\/\/www.jornalja.com.br\/arquivo","nextItem":{"@type":"ListItem","@id":"https:\/\/www.jornalja.com.br\/arquivo\/category\/notas\/#listItem","name":"NOTAS"}},{"@type":"ListItem","@id":"https:\/\/www.jornalja.com.br\/arquivo\/category\/notas\/#listItem","position":2,"name":"NOTAS","item":"https:\/\/www.jornalja.com.br\/arquivo\/category\/notas\/","nextItem":{"@type":"ListItem","@id":"https:\/\/www.jornalja.com.br\/arquivo\/em-nota-prefeitura-diz-que-pedido-de-impeachment-de-marchezan-nao-tem-sustentacao\/#listItem","name":"Em nota, Prefeitura diz que pedido de impeachment de Marchezan &quot;n\u00e3o tem sustenta\u00e7\u00e3o&quot;"},"previousItem":{"@type":"ListItem","@id":"https:\/\/www.jornalja.com.br\/arquivo#listItem","name":"Home"}},{"@type":"ListItem","@id":"https:\/\/www.jornalja.com.br\/arquivo\/em-nota-prefeitura-diz-que-pedido-de-impeachment-de-marchezan-nao-tem-sustentacao\/#listItem","position":3,"name":"Em nota, Prefeitura diz que pedido de impeachment de Marchezan &quot;n\u00e3o tem sustenta\u00e7\u00e3o&quot;","previousItem":{"@type":"ListItem","@id":"https:\/\/www.jornalja.com.br\/arquivo\/category\/notas\/#listItem","name":"NOTAS"}}]},{"@type":"Organization","@id":"https:\/\/www.jornalja.com.br\/arquivo\/#organization","name":"Jornal J\u00c1","description":"Jornal J\u00c1 | Porto Alegre","url":"https:\/\/www.jornalja.com.br\/arquivo\/","telephone":"+555133307272","logo":{"@type":"ImageObject","url":"https:\/\/www.jornalja.com.br\/wp-content\/uploads\/cards\/JAslogan.png","@id":"https:\/\/www.jornalja.com.br\/arquivo\/em-nota-prefeitura-diz-que-pedido-de-impeachment-de-marchezan-nao-tem-sustentacao\/#organizationLogo"},"image":{"@id":"https:\/\/www.jornalja.com.br\/arquivo\/em-nota-prefeitura-diz-que-pedido-de-impeachment-de-marchezan-nao-tem-sustentacao\/#organizationLogo"}},{"@type":"Person","@id":"https:\/\/www.jornalja.com.br\/arquivo\/author\/daredacao\/#author","url":"https:\/\/www.jornalja.com.br\/arquivo\/author\/daredacao\/","name":"da Reda\u00e7\u00e3o","image":{"@type":"ImageObject","@id":"https:\/\/www.jornalja.com.br\/arquivo\/em-nota-prefeitura-diz-que-pedido-de-impeachment-de-marchezan-nao-tem-sustentacao\/#authorImage","url":"https:\/\/secure.gravatar.com\/avatar\/469fd857d6605ad19919d27ed29d35a968a25f6e8fd9318356bbb7f57aae9c65?s=96&d=mm&r=g","width":96,"height":96,"caption":"da Reda\u00e7\u00e3o"}},{"@type":"WebPage","@id":"https:\/\/www.jornalja.com.br\/arquivo\/em-nota-prefeitura-diz-que-pedido-de-impeachment-de-marchezan-nao-tem-sustentacao\/#webpage","url":"https:\/\/www.jornalja.com.br\/arquivo\/em-nota-prefeitura-diz-que-pedido-de-impeachment-de-marchezan-nao-tem-sustentacao\/","name":"Em nota, Prefeitura diz que pedido de impeachment de Marchezan \"n\u00e3o tem sustenta\u00e7\u00e3o\" | Arquivo","inLanguage":"pt-BR","isPartOf":{"@id":"https:\/\/www.jornalja.com.br\/arquivo\/#website"},"breadcrumb":{"@id":"https:\/\/www.jornalja.com.br\/arquivo\/em-nota-prefeitura-diz-que-pedido-de-impeachment-de-marchezan-nao-tem-sustentacao\/#breadcrumblist"},"author":{"@id":"https:\/\/www.jornalja.com.br\/arquivo\/author\/daredacao\/#author"},"creator":{"@id":"https:\/\/www.jornalja.com.br\/arquivo\/author\/daredacao\/#author"},"datePublished":"2017-10-17T12:30:16-02:00","dateModified":"2017-10-17T12:30:16-02:00"},{"@type":"WebSite","@id":"https:\/\/www.jornalja.com.br\/arquivo\/#website","url":"https:\/\/www.jornalja.com.br\/arquivo\/","name":"Arquivo","description":"Jornal J\u00c1 | Porto Alegre","inLanguage":"pt-BR","publisher":{"@id":"https:\/\/www.jornalja.com.br\/arquivo\/#organization"}}]},"og:locale":"pt_BR","og:site_name":"Arquivo | Jornal J\u00c1 | Porto Alegre","og:type":"article","og:title":"Em nota, Prefeitura diz que pedido de impeachment de Marchezan &quot;n\u00e3o tem sustenta\u00e7\u00e3o&quot; | Arquivo","og:url":"https:\/\/www.jornalja.com.br\/arquivo\/em-nota-prefeitura-diz-que-pedido-de-impeachment-de-marchezan-nao-tem-sustentacao\/","og:image":"https:\/\/www.jornalja.com.br\/economics\/wp-content\/uploads\/sites\/11\/2026\/08\/ja-folhaderosto-facebook.jpg","og:image:secure_url":"https:\/\/www.jornalja.com.br\/economics\/wp-content\/uploads\/sites\/11\/2026\/08\/ja-folhaderosto-facebook.jpg","article:published_time":"2017-10-17T15:30:16+00:00","article:modified_time":"2017-10-17T15:30:16+00:00","twitter:card":"summary","twitter:title":"Em nota, Prefeitura diz que pedido de impeachment de Marchezan &quot;n\u00e3o tem sustenta\u00e7\u00e3o&quot; | Arquivo","twitter:image":"https:\/\/www.jornalja.com.br\/economics\/wp-content\/uploads\/sites\/11\/2026\/08\/ja-folhaderosto-facebook.jpg"},"aioseo_meta_data":{"post_id":"56377","title":null,"description":null,"keywords":null,"keyphrases":null,"primary_term":null,"canonical_url":null,"og_title":null,"og_description":null,"og_object_type":"default","og_image_type":"default","og_image_url":null,"og_image_width":null,"og_image_height":null,"og_image_custom_url":null,"og_image_custom_fields":null,"og_video":null,"og_custom_url":null,"og_article_section":null,"og_article_tags":null,"twitter_use_og":false,"twitter_card":"default","twitter_image_type":"default","twitter_image_url":null,"twitter_image_custom_url":null,"twitter_image_custom_fields":null,"twitter_title":null,"twitter_description":null,"schema":{"blockGraphs":[],"customGraphs":[],"default":{"data":{"Article":[],"Course":[],"Dataset":[],"FAQPage":[],"Movie":[],"Person":[],"Product":[],"ProductReview":[],"Car":[],"Recipe":[],"Service":[],"SoftwareApplication":[],"WebPage":[]},"graphName":"","isEnabled":true},"graphs":[],"defaultGraph":"","defaultPostTypeGraph":""},"schema_type":null,"schema_type_options":null,"pillar_content":false,"robots_default":true,"robots_noindex":false,"robots_noarchive":false,"robots_nosnippet":false,"robots_nofollow":false,"robots_noimageindex":false,"robots_noodp":false,"robots_notranslate":false,"robots_max_snippet":null,"robots_max_videopreview":null,"robots_max_imagepreview":"large","priority":null,"frequency":null,"location":null,"local_seo":null,"breadcrumb_settings":null,"limit_modified_date":false,"ai":null,"created":"2020-12-20 20:21:53","updated":"2025-07-20 01:50:29","seo_analyzer_scan_date":null,"focus_keyword":null,"additional_keywords":null,"truseo_locale":null},"jetpack_sharing_enabled":true,"jetpack-related-posts":[{"id":13101,"url":"https:\/\/www.jornalja.com.br\/arquivo\/morre-um-guerreiro-do-texto\/","url_meta":{"origin":56377,"position":0},"title":"Morre um guerreiro do texto","author":"Patr\u00edcia Marini","date":"14 de maio de 2014","format":false,"excerpt":"Por Ricardo Kotscho Reproduzido do blog do autor, 11\/5\/2014; t\u00edtulo original \u201cE l\u00e1 se foi o nosso Myltainho, guerreiro do texto\u201d. Mi\u00fado e franzino, meu amigo Myltainho era um valente e inconformado guerreiro na luta contra as injusti\u00e7as sociais, a hipocrisia, as maracutaias, o autoritarismo, a intoler\u00e2ncia, a viol\u00eancia, o\u2026","rel":"","context":"Em &quot;Geral&quot;","block_context":{"text":"Geral","link":"https:\/\/www.jornalja.com.br\/arquivo\/category\/geral\/"},"img":{"alt_text":"","src":"","width":0,"height":0},"classes":[]},{"id":12960,"url":"https:\/\/www.jornalja.com.br\/arquivo\/populacao-culpa-empresas-pela-greve-dos-rodoviarios\/","url_meta":{"origin":56377,"position":1},"title":"Popula\u00e7\u00e3o culpa empresas pela greve","author":"Patr\u00edcia Marini","date":"14 de fevereiro de 2014","format":false,"excerpt":"Pesquisa divulgada na edi\u00e7\u00e3o do jornal Metro desta sexta-feira,14, comprova o velho ditado: \u00e9 poss\u00edvel enganar muitos por algum tempo, mas n\u00e3o \u00e9 poss\u00edvel enganar a todos o tempo inteiro. A principal revela\u00e7\u00e3o foi que 59,8% dos entrevistados apontaram as empresas como as principais respons\u00e1veis pela grave e 46% culparam\u2026","rel":"","context":"Em &quot;X.Categorias velhas&quot;","block_context":{"text":"X.Categorias velhas","link":"https:\/\/www.jornalja.com.br\/arquivo\/category\/x-categorias-velhas\/"},"img":{"alt_text":"","src":"","width":0,"height":0},"classes":[]},{"id":13240,"url":"https:\/\/www.jornalja.com.br\/arquivo\/plano-diretor-estamos-construindo-o-caos\/","url_meta":{"origin":56377,"position":2},"title":"Plano diretor: &quot;Estamos construindo o caos&quot;","author":"Patr\u00edcia Marini","date":"26 de maio de 2014","format":false,"excerpt":"Desabafo que arquiteta Eliana Castilhos, delegada da Regi\u00e3o de Planejamento 1, postou nas redes sociais \u00e9 um testemunho do ambiente que se criou no Conselho do Plano Diretor de Porto Alegre, onde a aprova\u00e7\u00e3o de grandes empreendimentos \u00e9 empurrada guela abaixo dos conselheiros. Ao CMDUA Como delegada da Regi\u00e3o de\u2026","rel":"","context":"Em &quot;Geral&quot;","block_context":{"text":"Geral","link":"https:\/\/www.jornalja.com.br\/arquivo\/category\/geral\/"},"img":{"alt_text":"","src":"","width":0,"height":0},"classes":[]},{"id":5440,"url":"https:\/\/www.jornalja.com.br\/arquivo\/casarao-da-venancio-destino-permanece-incerto\/","url_meta":{"origin":56377,"position":3},"title":"Estado ainda n\u00e3o sabe o que fazer com casar\u00e3o abandonado h\u00e1 20 anos","author":"Elmar Bones","date":"6 de julho de 2009","format":false,"excerpt":"O casar\u00e3o amarelo, numa esquina nobre de Porto Alegre (Ven\u00e2ncio Aires com Jo\u00e3o Pessoa), j\u00e1 abrigou uma escola. H\u00e1 duas d\u00e9cadas, pelo menos, est\u00e1 abandonado, porque seu propriet\u00e1rio, o governo do Estado do Rio Grande do Sul, n\u00e3o consegue achar um destino para ele. Planos n\u00e3o faltaram. O governador Ol\u00edvio\u2026","rel":"","context":"Em &quot;X.Categorias velhas&quot;","block_context":{"text":"X.Categorias velhas","link":"https:\/\/www.jornalja.com.br\/arquivo\/category\/x-categorias-velhas\/"},"img":{"alt_text":"geraldo1","src":"https:\/\/i0.wp.com\/www.jornalja.com.br\/wp-content\/uploads\/2009\/07\/geraldo1.jpg?resize=350%2C200&ssl=1","width":350,"height":200},"classes":[]},{"id":13128,"url":"https:\/\/www.jornalja.com.br\/arquivo\/maconha-terra-diz-que-uso-medicinal-e-desculpa\/","url_meta":{"origin":56377,"position":4},"title":"Maconha: Terra diz que uso medicinal \u00e9 desculpa","author":"Patr\u00edcia Marini","date":"4 de junho de 2014","format":false,"excerpt":"A condi\u00e7\u00e3o de pol\u00edtico, em \u00e9poca de campanha de campanha eleitoral, tira for\u00e7a do discurso do m\u00e9dico Osmar Terra contra a legaliza\u00e7\u00e3o da maconha. A tese dele de que a libera\u00e7\u00e3o vai ampliar exponencialmente o consumo \u00e9 discutivel, o consumo \u00e9 corrente. Mas seus alertas quanto aos riscos tem que\u2026","rel":"","context":"Em &quot;X.Categorias velhas&quot;","block_context":{"text":"X.Categorias velhas","link":"https:\/\/www.jornalja.com.br\/arquivo\/category\/x-categorias-velhas\/"},"img":{"alt_text":"","src":"","width":0,"height":0},"classes":[]},{"id":14241,"url":"https:\/\/www.jornalja.com.br\/arquivo\/o-guaiba-nas-imagens-poeticas-de-achutti\/","url_meta":{"origin":56377,"position":5},"title":"O Gua\u00edba nas imagens po\u00e9ticas de Achutti","author":"da Reda\u00e7\u00e3o","date":"18 de junho de 2014","format":false,"excerpt":"Em \u201cO Gua\u00edba por Achutti\u201d \u2013 obra financiada via Minist\u00e9rio da Cultura, produ\u00e7\u00e3o executiva de Pedro Longhi, e Fl\u00e1vio Wild como designer \u2013, o fot\u00f3grafo revela a beleza e as mazelas de um espa\u00e7o aqu\u00e1tico de \u00e1guas sempre renovadas, cheio de hist\u00f3rias e lendas como as das cidades que foram\u2026","rel":"","context":"Em &quot;Cultura-Geral&quot;","block_context":{"text":"Cultura-Geral","link":"https:\/\/www.jornalja.com.br\/arquivo\/category\/materiasecundaria\/"},"img":{"alt_text":"","src":"","width":0,"height":0},"classes":[]}],"jetpack_shortlink":"https:\/\/wp.me\/pbQjBd-eFj","jetpack_featured_media_url":"","_links":{"self":[{"href":"https:\/\/www.jornalja.com.br\/arquivo\/wp-json\/wp\/v2\/posts\/56377","targetHints":{"allow":["GET"]}}],"collection":[{"href":"https:\/\/www.jornalja.com.br\/arquivo\/wp-json\/wp\/v2\/posts"}],"about":[{"href":"https:\/\/www.jornalja.com.br\/arquivo\/wp-json\/wp\/v2\/types\/post"}],"author":[{"embeddable":true,"href":"https:\/\/www.jornalja.com.br\/arquivo\/wp-json\/wp\/v2\/users\/4"}],"replies":[{"embeddable":true,"href":"https:\/\/www.jornalja.com.br\/arquivo\/wp-json\/wp\/v2\/comments?post=56377"}],"version-history":[{"count":0,"href":"https:\/\/www.jornalja.com.br\/arquivo\/wp-json\/wp\/v2\/posts\/56377\/revisions"}],"wp:attachment":[{"href":"https:\/\/www.jornalja.com.br\/arquivo\/wp-json\/wp\/v2\/media?parent=56377"}],"wp:term":[{"taxonomy":"category","embeddable":true,"href":"https:\/\/www.jornalja.com.br\/arquivo\/wp-json\/wp\/v2\/categories?post=56377"},{"taxonomy":"post_tag","embeddable":true,"href":"https:\/\/www.jornalja.com.br\/arquivo\/wp-json\/wp\/v2\/tags?post=56377"}],"curies":[{"name":"wp","href":"https:\/\/api.w.org\/{rel}","templated":true}]}}