{"id":56411,"date":"2017-10-17T15:12:56","date_gmt":"2017-10-17T18:12:56","guid":{"rendered":"https:\/\/www.jornalja.com.br\/?p=56411"},"modified":"2017-10-17T15:12:56","modified_gmt":"2017-10-17T18:12:56","slug":"mpt-e-mpf-pedem-revogacao-de-portaria-que-dificulta-combate-ao-trabalho-escravo","status":"publish","type":"post","link":"https:\/\/www.jornalja.com.br\/arquivo\/mpt-e-mpf-pedem-revogacao-de-portaria-que-dificulta-combate-ao-trabalho-escravo\/","title":{"rendered":"MPT e MPF pedem revoga\u00e7\u00e3o de portaria que dificulta combate ao trabalho escravo"},"content":{"rendered":"<p>O Minist\u00e9rio P\u00fablico do Trabalho (MPT) e o Minist\u00e9rio P\u00fablico Federal (MPF) expediram, nesta ter\u00e7a-feira, 17\/10, recomenda\u00e7\u00e3o pela revoga\u00e7\u00e3o da Portaria n\u00ba 1129\/2017, do Minist\u00e9rio do Trabalho (MTb). O texto modifica o conceito de trabalho escravo e traz novas regras sobre a publica\u00e7\u00e3o da Lista Suja.<br \/>\nNa recomenda\u00e7\u00e3o, o MPT e o MPF afirmam que a portaria \u201c\u00e9 manifestamente ilegal\u201d, porque \u201ccontraria frontalmente o que prev\u00ea o artigo 149 do C\u00f3digo Penal e as Conven\u00e7\u00f5es 29 e 105 da Organiza\u00e7\u00e3o Internacional do Trabalho (OIT), ao condicionar a caracteriza\u00e7\u00e3o do trabalho escravo contempor\u00e2neo \u00e0 restri\u00e7\u00e3o da liberdade de locomo\u00e7\u00e3o da v\u00edtima\u201d.<br \/>\nAs institui\u00e7\u00f5es tamb\u00e9m alegam que as novas regras sobre a publica\u00e7\u00e3o da Lista Suja ferem a \u201cLei de Acesso \u00e0 Informa\u00e7\u00e3o, fragilizando um importante instrumento de transpar\u00eancia dos atos governamentais que contribui significativamente para o combate ao crime\u201d.<br \/>\n<strong>Portaria \u2013 <\/strong>Divulgada no Di\u00e1rio Oficial da Uni\u00e3o de segunda-feira (16), a Portaria MTB N\u00ba 1129\/2017 disp\u00f5e sobre os conceitos de trabalho for\u00e7ado, jornada exaustiva e condi\u00e7\u00f5es an\u00e1logas \u00e0 de escravo para fins de concess\u00e3o de seguro-desemprego ao trabalhador que vier a ser resgatado em fiscaliza\u00e7\u00e3o do Minist\u00e9rio do Trabalho.<br \/>\nSegundo a norma, para que a jornada excessiva ou a condi\u00e7\u00e3o degradante sejam caracterizadas, \u00e9 preciso haver a restri\u00e7\u00e3o de liberdade do trabalhador, o que contraria o artigo 149 do C\u00f3digo Penal, que determina que qualquer um dos quatro elementos \u00e9 suficiente para caracterizar a pr\u00e1tica de trabalho escravo.<br \/>\nAl\u00e9m disso, a portaria diz que a divulga\u00e7\u00e3o da Lista Suja ser\u00e1 feita somente por determina\u00e7\u00e3o expressa do ministro do Trabalho, o que antes era feito pela \u00e1rea t\u00e9cnica do minist\u00e9rio.<br \/>\n<strong>Caso emblem\u00e1tico \u2013 <\/strong>Na recomenda\u00e7\u00e3o, MPT e MPF mencionam determina\u00e7\u00e3o da Corte Interamericana de Direitos Humanos, institui\u00e7\u00e3o judicial aut\u00f4noma da Organiza\u00e7\u00e3o dos Estados Americanos (OEA), que \u201cpreviu expressamente que n\u00e3o poderia haver retrocessos na pol\u00edtica brasileira de combate e erradica\u00e7\u00e3o do trabalho an\u00e1logo ao de escravo\u201d.<br \/>\nEm dezembro de 2016, a Corte responsabilizou internacionalmente o Estado brasileiro por n\u00e3o prevenir a pr\u00e1tica de trabalho escravo e tr\u00e1fico de pessoas. A senten\u00e7a ocorreu no caso dos Trabalhadores da Fazenda Brasil Verde Vs. Brasil, em um processo que durou cerca de tr\u00eas anos. Nessa fazenda, no sul do Par\u00e1, mais de 300 trabalhadores foram resgatados, entre 1989 e 2002. Em 1988, foi denunciada a pr\u00e1tica e o desaparecimento de dois adolescentes que teriam tentado fugir do local.<\/p>\n","protected":false},"excerpt":{"rendered":"<p>O Minist\u00e9rio P\u00fablico do Trabalho (MPT) e o Minist\u00e9rio P\u00fablico Federal (MPF) expediram, nesta ter\u00e7a-feira, 17\/10, recomenda\u00e7\u00e3o pela revoga\u00e7\u00e3o da Portaria n\u00ba 1129\/2017, do Minist\u00e9rio do Trabalho (MTb). O texto modifica o conceito de trabalho escravo e traz novas regras sobre a publica\u00e7\u00e3o da Lista Suja. Na recomenda\u00e7\u00e3o, o MPT e o MPF afirmam que [&hellip;]<\/p>\n","protected":false},"author":4,"featured_media":0,"comment_status":"open","ping_status":"closed","sticky":false,"template":"","format":"standard","meta":{"_jetpack_newsletter_access":"","_jetpack_dont_email_post_to_subs":false,"_jetpack_newsletter_tier_id":0,"_jetpack_memberships_contains_paywalled_content":false,"_jetpack_feature_clip_id":0,"_jetpack_memberships_contains_paid_content":false,"footnotes":"","jetpack_post_was_ever_published":false},"categories":[2022],"tags":[],"class_list":["post-56411","post","type-post","status-publish","format-standard","hentry","category-notas"],"aioseo_notices":[],"aioseo_head":"\n\t\t<!-- All in One SEO 5.0.1.1 - aioseo.com -->\n\t<meta name=\"robots\" content=\"max-image-preview:large\" \/>\n\t<meta name=\"author\" content=\"da Reda\u00e7\u00e3o\"\/>\n\t<link rel=\"canonical\" href=\"https:\/\/www.jornalja.com.br\/arquivo\/mpt-e-mpf-pedem-revogacao-de-portaria-que-dificulta-combate-ao-trabalho-escravo\/\" \/>\n\t<meta name=\"generator\" content=\"All in One SEO (AIOSEO) 5.0.1.1\" \/>\n\t\t<meta property=\"og:locale\" content=\"pt_BR\" \/>\n\t\t<meta property=\"og:site_name\" content=\"Arquivo | Jornal J\u00c1 | Porto Alegre\" \/>\n\t\t<meta property=\"og:type\" content=\"article\" \/>\n\t\t<meta property=\"og:title\" content=\"MPT e MPF pedem revoga\u00e7\u00e3o de portaria que dificulta combate ao trabalho escravo | Arquivo\" \/>\n\t\t<meta property=\"og:url\" content=\"https:\/\/www.jornalja.com.br\/arquivo\/mpt-e-mpf-pedem-revogacao-de-portaria-que-dificulta-combate-ao-trabalho-escravo\/\" \/>\n\t\t<meta property=\"og:image\" content=\"https:\/\/www.jornalja.com.br\/economics\/wp-content\/uploads\/sites\/11\/2026\/08\/ja-folhaderosto-facebook.jpg\" \/>\n\t\t<meta property=\"og:image:secure_url\" content=\"https:\/\/www.jornalja.com.br\/economics\/wp-content\/uploads\/sites\/11\/2026\/08\/ja-folhaderosto-facebook.jpg\" \/>\n\t\t<meta property=\"article:published_time\" content=\"2017-10-17T18:12:56+00:00\" \/>\n\t\t<meta property=\"article:modified_time\" content=\"2017-10-17T18:12:56+00:00\" \/>\n\t\t<meta name=\"twitter:card\" content=\"summary\" \/>\n\t\t<meta name=\"twitter:title\" content=\"MPT e MPF pedem revoga\u00e7\u00e3o de portaria que dificulta combate ao trabalho escravo | Arquivo\" \/>\n\t\t<meta name=\"twitter:image\" content=\"https:\/\/www.jornalja.com.br\/economics\/wp-content\/uploads\/sites\/11\/2026\/08\/ja-folhaderosto-facebook.jpg\" \/>\n\t\t<script type=\"application\/ld+json\" class=\"aioseo-schema\">\n\t\t\t{\"@context\":\"https:\\\/\\\/schema.org\",\"@graph\":[{\"@type\":\"BlogPosting\",\"@id\":\"https:\\\/\\\/www.jornalja.com.br\\\/arquivo\\\/mpt-e-mpf-pedem-revogacao-de-portaria-que-dificulta-combate-ao-trabalho-escravo\\\/#blogposting\",\"name\":\"MPT e MPF pedem revoga\\u00e7\\u00e3o de portaria que dificulta combate ao trabalho escravo | Arquivo\",\"headline\":\"MPT e MPF pedem revoga\\u00e7\\u00e3o de portaria que dificulta combate ao trabalho escravo\",\"author\":{\"@id\":\"https:\\\/\\\/www.jornalja.com.br\\\/arquivo\\\/author\\\/daredacao\\\/#author\"},\"publisher\":{\"@id\":\"https:\\\/\\\/www.jornalja.com.br\\\/arquivo\\\/#organization\"},\"image\":{\"@type\":\"ImageObject\",\"url\":\"https:\\\/\\\/www.jornalja.com.br\\\/wp-content\\\/uploads\\\/cards\\\/JAslogan.png\",\"@id\":\"https:\\\/\\\/www.jornalja.com.br\\\/arquivo\\\/#articleImage\"},\"datePublished\":\"2017-10-17T15:12:56-02:00\",\"dateModified\":\"2017-10-17T15:12:56-02:00\",\"inLanguage\":\"pt-BR\",\"mainEntityOfPage\":{\"@id\":\"https:\\\/\\\/www.jornalja.com.br\\\/arquivo\\\/mpt-e-mpf-pedem-revogacao-de-portaria-que-dificulta-combate-ao-trabalho-escravo\\\/#webpage\"},\"isPartOf\":{\"@id\":\"https:\\\/\\\/www.jornalja.com.br\\\/arquivo\\\/mpt-e-mpf-pedem-revogacao-de-portaria-que-dificulta-combate-ao-trabalho-escravo\\\/#webpage\"},\"articleSection\":\"NOTAS\"},{\"@type\":\"BreadcrumbList\",\"@id\":\"https:\\\/\\\/www.jornalja.com.br\\\/arquivo\\\/mpt-e-mpf-pedem-revogacao-de-portaria-que-dificulta-combate-ao-trabalho-escravo\\\/#breadcrumblist\",\"itemListElement\":[{\"@type\":\"ListItem\",\"@id\":\"https:\\\/\\\/www.jornalja.com.br\\\/arquivo#listItem\",\"position\":1,\"name\":\"Home\",\"item\":\"https:\\\/\\\/www.jornalja.com.br\\\/arquivo\",\"nextItem\":{\"@type\":\"ListItem\",\"@id\":\"https:\\\/\\\/www.jornalja.com.br\\\/arquivo\\\/category\\\/notas\\\/#listItem\",\"name\":\"NOTAS\"}},{\"@type\":\"ListItem\",\"@id\":\"https:\\\/\\\/www.jornalja.com.br\\\/arquivo\\\/category\\\/notas\\\/#listItem\",\"position\":2,\"name\":\"NOTAS\",\"item\":\"https:\\\/\\\/www.jornalja.com.br\\\/arquivo\\\/category\\\/notas\\\/\",\"nextItem\":{\"@type\":\"ListItem\",\"@id\":\"https:\\\/\\\/www.jornalja.com.br\\\/arquivo\\\/mpt-e-mpf-pedem-revogacao-de-portaria-que-dificulta-combate-ao-trabalho-escravo\\\/#listItem\",\"name\":\"MPT e MPF pedem revoga\\u00e7\\u00e3o de portaria que dificulta combate ao trabalho escravo\"},\"previousItem\":{\"@type\":\"ListItem\",\"@id\":\"https:\\\/\\\/www.jornalja.com.br\\\/arquivo#listItem\",\"name\":\"Home\"}},{\"@type\":\"ListItem\",\"@id\":\"https:\\\/\\\/www.jornalja.com.br\\\/arquivo\\\/mpt-e-mpf-pedem-revogacao-de-portaria-que-dificulta-combate-ao-trabalho-escravo\\\/#listItem\",\"position\":3,\"name\":\"MPT e MPF pedem revoga\\u00e7\\u00e3o de portaria que dificulta combate ao trabalho escravo\",\"previousItem\":{\"@type\":\"ListItem\",\"@id\":\"https:\\\/\\\/www.jornalja.com.br\\\/arquivo\\\/category\\\/notas\\\/#listItem\",\"name\":\"NOTAS\"}}]},{\"@type\":\"Organization\",\"@id\":\"https:\\\/\\\/www.jornalja.com.br\\\/arquivo\\\/#organization\",\"name\":\"Jornal J\\u00c1\",\"description\":\"Jornal J\\u00c1 | Porto Alegre\",\"url\":\"https:\\\/\\\/www.jornalja.com.br\\\/arquivo\\\/\",\"telephone\":\"+555133307272\",\"logo\":{\"@type\":\"ImageObject\",\"url\":\"https:\\\/\\\/www.jornalja.com.br\\\/wp-content\\\/uploads\\\/cards\\\/JAslogan.png\",\"@id\":\"https:\\\/\\\/www.jornalja.com.br\\\/arquivo\\\/mpt-e-mpf-pedem-revogacao-de-portaria-que-dificulta-combate-ao-trabalho-escravo\\\/#organizationLogo\"},\"image\":{\"@id\":\"https:\\\/\\\/www.jornalja.com.br\\\/arquivo\\\/mpt-e-mpf-pedem-revogacao-de-portaria-que-dificulta-combate-ao-trabalho-escravo\\\/#organizationLogo\"}},{\"@type\":\"Person\",\"@id\":\"https:\\\/\\\/www.jornalja.com.br\\\/arquivo\\\/author\\\/daredacao\\\/#author\",\"url\":\"https:\\\/\\\/www.jornalja.com.br\\\/arquivo\\\/author\\\/daredacao\\\/\",\"name\":\"da Reda\\u00e7\\u00e3o\",\"image\":{\"@type\":\"ImageObject\",\"@id\":\"https:\\\/\\\/www.jornalja.com.br\\\/arquivo\\\/mpt-e-mpf-pedem-revogacao-de-portaria-que-dificulta-combate-ao-trabalho-escravo\\\/#authorImage\",\"url\":\"https:\\\/\\\/secure.gravatar.com\\\/avatar\\\/469fd857d6605ad19919d27ed29d35a968a25f6e8fd9318356bbb7f57aae9c65?s=96&d=mm&r=g\",\"width\":96,\"height\":96,\"caption\":\"da Reda\\u00e7\\u00e3o\"}},{\"@type\":\"WebPage\",\"@id\":\"https:\\\/\\\/www.jornalja.com.br\\\/arquivo\\\/mpt-e-mpf-pedem-revogacao-de-portaria-que-dificulta-combate-ao-trabalho-escravo\\\/#webpage\",\"url\":\"https:\\\/\\\/www.jornalja.com.br\\\/arquivo\\\/mpt-e-mpf-pedem-revogacao-de-portaria-que-dificulta-combate-ao-trabalho-escravo\\\/\",\"name\":\"MPT e MPF pedem revoga\\u00e7\\u00e3o de portaria que dificulta combate ao trabalho escravo | Arquivo\",\"inLanguage\":\"pt-BR\",\"isPartOf\":{\"@id\":\"https:\\\/\\\/www.jornalja.com.br\\\/arquivo\\\/#website\"},\"breadcrumb\":{\"@id\":\"https:\\\/\\\/www.jornalja.com.br\\\/arquivo\\\/mpt-e-mpf-pedem-revogacao-de-portaria-que-dificulta-combate-ao-trabalho-escravo\\\/#breadcrumblist\"},\"author\":{\"@id\":\"https:\\\/\\\/www.jornalja.com.br\\\/arquivo\\\/author\\\/daredacao\\\/#author\"},\"creator\":{\"@id\":\"https:\\\/\\\/www.jornalja.com.br\\\/arquivo\\\/author\\\/daredacao\\\/#author\"},\"datePublished\":\"2017-10-17T15:12:56-02:00\",\"dateModified\":\"2017-10-17T15:12:56-02:00\"},{\"@type\":\"WebSite\",\"@id\":\"https:\\\/\\\/www.jornalja.com.br\\\/arquivo\\\/#website\",\"url\":\"https:\\\/\\\/www.jornalja.com.br\\\/arquivo\\\/\",\"name\":\"Arquivo\",\"description\":\"Jornal J\\u00c1 | Porto Alegre\",\"inLanguage\":\"pt-BR\",\"publisher\":{\"@id\":\"https:\\\/\\\/www.jornalja.com.br\\\/arquivo\\\/#organization\"}}]}\n\t\t<\/script>\n\t\t<!-- All in One SEO -->\n\n","aioseo_head_json":{"title":"MPT e MPF pedem revoga\u00e7\u00e3o de portaria que dificulta combate ao trabalho escravo | Arquivo","description":"","canonical_url":"https:\/\/www.jornalja.com.br\/arquivo\/mpt-e-mpf-pedem-revogacao-de-portaria-que-dificulta-combate-ao-trabalho-escravo\/","robots":"max-image-preview:large","keywords":"","webmasterTools":{"miscellaneous":""},"schema":{"@context":"https:\/\/schema.org","@graph":[{"@type":"BlogPosting","@id":"https:\/\/www.jornalja.com.br\/arquivo\/mpt-e-mpf-pedem-revogacao-de-portaria-que-dificulta-combate-ao-trabalho-escravo\/#blogposting","name":"MPT e MPF pedem revoga\u00e7\u00e3o de portaria que dificulta combate ao trabalho escravo | Arquivo","headline":"MPT e MPF pedem revoga\u00e7\u00e3o de portaria que dificulta combate ao trabalho escravo","author":{"@id":"https:\/\/www.jornalja.com.br\/arquivo\/author\/daredacao\/#author"},"publisher":{"@id":"https:\/\/www.jornalja.com.br\/arquivo\/#organization"},"image":{"@type":"ImageObject","url":"https:\/\/www.jornalja.com.br\/wp-content\/uploads\/cards\/JAslogan.png","@id":"https:\/\/www.jornalja.com.br\/arquivo\/#articleImage"},"datePublished":"2017-10-17T15:12:56-02:00","dateModified":"2017-10-17T15:12:56-02:00","inLanguage":"pt-BR","mainEntityOfPage":{"@id":"https:\/\/www.jornalja.com.br\/arquivo\/mpt-e-mpf-pedem-revogacao-de-portaria-que-dificulta-combate-ao-trabalho-escravo\/#webpage"},"isPartOf":{"@id":"https:\/\/www.jornalja.com.br\/arquivo\/mpt-e-mpf-pedem-revogacao-de-portaria-que-dificulta-combate-ao-trabalho-escravo\/#webpage"},"articleSection":"NOTAS"},{"@type":"BreadcrumbList","@id":"https:\/\/www.jornalja.com.br\/arquivo\/mpt-e-mpf-pedem-revogacao-de-portaria-que-dificulta-combate-ao-trabalho-escravo\/#breadcrumblist","itemListElement":[{"@type":"ListItem","@id":"https:\/\/www.jornalja.com.br\/arquivo#listItem","position":1,"name":"Home","item":"https:\/\/www.jornalja.com.br\/arquivo","nextItem":{"@type":"ListItem","@id":"https:\/\/www.jornalja.com.br\/arquivo\/category\/notas\/#listItem","name":"NOTAS"}},{"@type":"ListItem","@id":"https:\/\/www.jornalja.com.br\/arquivo\/category\/notas\/#listItem","position":2,"name":"NOTAS","item":"https:\/\/www.jornalja.com.br\/arquivo\/category\/notas\/","nextItem":{"@type":"ListItem","@id":"https:\/\/www.jornalja.com.br\/arquivo\/mpt-e-mpf-pedem-revogacao-de-portaria-que-dificulta-combate-ao-trabalho-escravo\/#listItem","name":"MPT e MPF pedem revoga\u00e7\u00e3o de portaria que dificulta combate ao trabalho escravo"},"previousItem":{"@type":"ListItem","@id":"https:\/\/www.jornalja.com.br\/arquivo#listItem","name":"Home"}},{"@type":"ListItem","@id":"https:\/\/www.jornalja.com.br\/arquivo\/mpt-e-mpf-pedem-revogacao-de-portaria-que-dificulta-combate-ao-trabalho-escravo\/#listItem","position":3,"name":"MPT e MPF pedem revoga\u00e7\u00e3o de portaria que dificulta combate ao trabalho escravo","previousItem":{"@type":"ListItem","@id":"https:\/\/www.jornalja.com.br\/arquivo\/category\/notas\/#listItem","name":"NOTAS"}}]},{"@type":"Organization","@id":"https:\/\/www.jornalja.com.br\/arquivo\/#organization","name":"Jornal J\u00c1","description":"Jornal J\u00c1 | Porto Alegre","url":"https:\/\/www.jornalja.com.br\/arquivo\/","telephone":"+555133307272","logo":{"@type":"ImageObject","url":"https:\/\/www.jornalja.com.br\/wp-content\/uploads\/cards\/JAslogan.png","@id":"https:\/\/www.jornalja.com.br\/arquivo\/mpt-e-mpf-pedem-revogacao-de-portaria-que-dificulta-combate-ao-trabalho-escravo\/#organizationLogo"},"image":{"@id":"https:\/\/www.jornalja.com.br\/arquivo\/mpt-e-mpf-pedem-revogacao-de-portaria-que-dificulta-combate-ao-trabalho-escravo\/#organizationLogo"}},{"@type":"Person","@id":"https:\/\/www.jornalja.com.br\/arquivo\/author\/daredacao\/#author","url":"https:\/\/www.jornalja.com.br\/arquivo\/author\/daredacao\/","name":"da Reda\u00e7\u00e3o","image":{"@type":"ImageObject","@id":"https:\/\/www.jornalja.com.br\/arquivo\/mpt-e-mpf-pedem-revogacao-de-portaria-que-dificulta-combate-ao-trabalho-escravo\/#authorImage","url":"https:\/\/secure.gravatar.com\/avatar\/469fd857d6605ad19919d27ed29d35a968a25f6e8fd9318356bbb7f57aae9c65?s=96&d=mm&r=g","width":96,"height":96,"caption":"da Reda\u00e7\u00e3o"}},{"@type":"WebPage","@id":"https:\/\/www.jornalja.com.br\/arquivo\/mpt-e-mpf-pedem-revogacao-de-portaria-que-dificulta-combate-ao-trabalho-escravo\/#webpage","url":"https:\/\/www.jornalja.com.br\/arquivo\/mpt-e-mpf-pedem-revogacao-de-portaria-que-dificulta-combate-ao-trabalho-escravo\/","name":"MPT e MPF pedem revoga\u00e7\u00e3o de portaria que dificulta combate ao trabalho escravo | Arquivo","inLanguage":"pt-BR","isPartOf":{"@id":"https:\/\/www.jornalja.com.br\/arquivo\/#website"},"breadcrumb":{"@id":"https:\/\/www.jornalja.com.br\/arquivo\/mpt-e-mpf-pedem-revogacao-de-portaria-que-dificulta-combate-ao-trabalho-escravo\/#breadcrumblist"},"author":{"@id":"https:\/\/www.jornalja.com.br\/arquivo\/author\/daredacao\/#author"},"creator":{"@id":"https:\/\/www.jornalja.com.br\/arquivo\/author\/daredacao\/#author"},"datePublished":"2017-10-17T15:12:56-02:00","dateModified":"2017-10-17T15:12:56-02:00"},{"@type":"WebSite","@id":"https:\/\/www.jornalja.com.br\/arquivo\/#website","url":"https:\/\/www.jornalja.com.br\/arquivo\/","name":"Arquivo","description":"Jornal J\u00c1 | Porto Alegre","inLanguage":"pt-BR","publisher":{"@id":"https:\/\/www.jornalja.com.br\/arquivo\/#organization"}}]},"og:locale":"pt_BR","og:site_name":"Arquivo | Jornal J\u00c1 | Porto Alegre","og:type":"article","og:title":"MPT e MPF pedem revoga\u00e7\u00e3o de portaria que dificulta combate ao trabalho escravo | Arquivo","og:url":"https:\/\/www.jornalja.com.br\/arquivo\/mpt-e-mpf-pedem-revogacao-de-portaria-que-dificulta-combate-ao-trabalho-escravo\/","og:image":"https:\/\/www.jornalja.com.br\/economics\/wp-content\/uploads\/sites\/11\/2026\/08\/ja-folhaderosto-facebook.jpg","og:image:secure_url":"https:\/\/www.jornalja.com.br\/economics\/wp-content\/uploads\/sites\/11\/2026\/08\/ja-folhaderosto-facebook.jpg","article:published_time":"2017-10-17T18:12:56+00:00","article:modified_time":"2017-10-17T18:12:56+00:00","twitter:card":"summary","twitter:title":"MPT e MPF pedem revoga\u00e7\u00e3o de portaria que dificulta combate ao trabalho escravo | Arquivo","twitter:image":"https:\/\/www.jornalja.com.br\/economics\/wp-content\/uploads\/sites\/11\/2026\/08\/ja-folhaderosto-facebook.jpg"},"aioseo_meta_data":{"post_id":"56411","title":null,"description":null,"keywords":null,"keyphrases":null,"primary_term":null,"canonical_url":null,"og_title":null,"og_description":null,"og_object_type":"default","og_image_type":"default","og_image_url":null,"og_image_width":null,"og_image_height":null,"og_image_custom_url":null,"og_image_custom_fields":null,"og_video":null,"og_custom_url":null,"og_article_section":null,"og_article_tags":null,"twitter_use_og":false,"twitter_card":"default","twitter_image_type":"default","twitter_image_url":null,"twitter_image_custom_url":null,"twitter_image_custom_fields":null,"twitter_title":null,"twitter_description":null,"schema":{"blockGraphs":[],"customGraphs":[],"default":{"data":{"Article":[],"Course":[],"Dataset":[],"FAQPage":[],"Movie":[],"Person":[],"Product":[],"ProductReview":[],"Car":[],"Recipe":[],"Service":[],"SoftwareApplication":[],"WebPage":[]},"graphName":"","isEnabled":true},"graphs":[],"defaultGraph":"","defaultPostTypeGraph":""},"schema_type":null,"schema_type_options":null,"pillar_content":false,"robots_default":true,"robots_noindex":false,"robots_noarchive":false,"robots_nosnippet":false,"robots_nofollow":false,"robots_noimageindex":false,"robots_noodp":false,"robots_notranslate":false,"robots_max_snippet":null,"robots_max_videopreview":null,"robots_max_imagepreview":"large","priority":null,"frequency":null,"location":null,"local_seo":null,"breadcrumb_settings":null,"limit_modified_date":false,"ai":null,"created":"2020-12-20 20:21:53","updated":"2025-07-20 01:50:29","seo_analyzer_scan_date":null,"focus_keyword":null,"additional_keywords":null,"truseo_locale":null},"jetpack_sharing_enabled":true,"jetpack-related-posts":[{"id":14241,"url":"https:\/\/www.jornalja.com.br\/arquivo\/o-guaiba-nas-imagens-poeticas-de-achutti\/","url_meta":{"origin":56411,"position":0},"title":"O Gua\u00edba nas imagens po\u00e9ticas de Achutti","author":"da Reda\u00e7\u00e3o","date":"18 de junho de 2014","format":false,"excerpt":"Em \u201cO Gua\u00edba por Achutti\u201d \u2013 obra financiada via Minist\u00e9rio da Cultura, produ\u00e7\u00e3o executiva de Pedro Longhi, e Fl\u00e1vio Wild como designer \u2013, o fot\u00f3grafo revela a beleza e as mazelas de um espa\u00e7o aqu\u00e1tico de \u00e1guas sempre renovadas, cheio de hist\u00f3rias e lendas como as das cidades que foram\u2026","rel":"","context":"Em &quot;Cultura-Geral&quot;","block_context":{"text":"Cultura-Geral","link":"https:\/\/www.jornalja.com.br\/arquivo\/category\/materiasecundaria\/"},"img":{"alt_text":"","src":"","width":0,"height":0},"classes":[]},{"id":13101,"url":"https:\/\/www.jornalja.com.br\/arquivo\/morre-um-guerreiro-do-texto\/","url_meta":{"origin":56411,"position":1},"title":"Morre um guerreiro do texto","author":"Patr\u00edcia Marini","date":"14 de maio de 2014","format":false,"excerpt":"Por Ricardo Kotscho Reproduzido do blog do autor, 11\/5\/2014; t\u00edtulo original \u201cE l\u00e1 se foi o nosso Myltainho, guerreiro do texto\u201d. Mi\u00fado e franzino, meu amigo Myltainho era um valente e inconformado guerreiro na luta contra as injusti\u00e7as sociais, a hipocrisia, as maracutaias, o autoritarismo, a intoler\u00e2ncia, a viol\u00eancia, o\u2026","rel":"","context":"Em &quot;Geral&quot;","block_context":{"text":"Geral","link":"https:\/\/www.jornalja.com.br\/arquivo\/category\/geral\/"},"img":{"alt_text":"","src":"","width":0,"height":0},"classes":[]},{"id":13109,"url":"https:\/\/www.jornalja.com.br\/arquivo\/judiciario-reconhece-poluicao-eletromagnetica\/","url_meta":{"origin":56411,"position":2},"title":"Judici\u00e1rio reconhece polui\u00e7\u00e3o eletromagn\u00e9tica","author":"Patr\u00edcia Marini","date":"16 de maio de 2014","format":false,"excerpt":"A\u00e7\u00e3o de duas associa\u00e7\u00f5es de moradores foi acolhida pelo Tribunal de Justi\u00e7a de S\u00e3o Paulo que. em decis\u00e3o in\u00e9dita, determinou a redu\u00e7\u00e3o do campo eletromagn\u00e9tico gerado pelas linhas de transmiss\u00e3o de energia que cortam os bairros City Boa\u00e7ava e Alto de Pinheiros. \u00c9 a primeira vez que um tribunal do\u2026","rel":"","context":"Em &quot;X.Categorias velhas&quot;","block_context":{"text":"X.Categorias velhas","link":"https:\/\/www.jornalja.com.br\/arquivo\/category\/x-categorias-velhas\/"},"img":{"alt_text":"","src":"","width":0,"height":0},"classes":[]},{"id":1280,"url":"https:\/\/www.jornalja.com.br\/arquivo\/o-menino-que-se-tornou-brizola\/","url_meta":{"origin":56411,"position":3},"title":"O Menino que se Tornou Brizola","author":"da Reda\u00e7\u00e3o","date":"28 de julho de 2008","format":false,"excerpt":"Autor: Cleber Dioni A vida de Leonel Brizola, com \u00eanfase para os primeiros anos em Porto Alegre, at\u00e9 o ex\u00edlio no Uruguai e a volta, quinze anos depois. \u00a0\"...\u00c9ramos todos jovens e nos identific\u00e1vamos com aquela massa an\u00f4nima a percorrer as ruas de Porto Alegre, gritando 'Get\u00falio', 'Get\u00falio' e empunhando\u2026","rel":"","context":"Em &quot;Livros&quot;","block_context":{"text":"Livros","link":"https:\/\/www.jornalja.com.br\/arquivo\/category\/livros\/"},"img":{"alt_text":"","src":"https:\/\/i0.wp.com\/www.jornalja.com.br\/wp-content\/uploads\/2008\/07\/brizola.gif?resize=350%2C200&ssl=1","width":350,"height":200},"classes":[]},{"id":13124,"url":"https:\/\/www.jornalja.com.br\/arquivo\/sangue-latino-no-iecine\/","url_meta":{"origin":56411,"position":4},"title":"Sangue latino no IECINE","author":"da Reda\u00e7\u00e3o","date":"18 de maio de 2014","format":false,"excerpt":"Francisco Ribeiro O Instituto Estadual de Cinema (IECINE) tem a frente, desde abril \u00faltimo, um novo diretor, o cineasta colombiano Juan Zapata, 36, que substitui Luiz Alberto Cassol. Radicado h\u00e1 dez anos em Porto Alegre, Zapata tem diante de si o desafio de conduzir at\u00e9 o final do ano um\u2026","rel":"","context":"Em &quot;Cultura-Geral&quot;","block_context":{"text":"Cultura-Geral","link":"https:\/\/www.jornalja.com.br\/arquivo\/category\/materiasecundaria\/"},"img":{"alt_text":"","src":"","width":0,"height":0},"classes":[]},{"id":5440,"url":"https:\/\/www.jornalja.com.br\/arquivo\/casarao-da-venancio-destino-permanece-incerto\/","url_meta":{"origin":56411,"position":5},"title":"Estado ainda n\u00e3o sabe o que fazer com casar\u00e3o abandonado h\u00e1 20 anos","author":"Elmar Bones","date":"6 de julho de 2009","format":false,"excerpt":"O casar\u00e3o amarelo, numa esquina nobre de Porto Alegre (Ven\u00e2ncio Aires com Jo\u00e3o Pessoa), j\u00e1 abrigou uma escola. H\u00e1 duas d\u00e9cadas, pelo menos, est\u00e1 abandonado, porque seu propriet\u00e1rio, o governo do Estado do Rio Grande do Sul, n\u00e3o consegue achar um destino para ele. Planos n\u00e3o faltaram. O governador Ol\u00edvio\u2026","rel":"","context":"Em &quot;X.Categorias velhas&quot;","block_context":{"text":"X.Categorias velhas","link":"https:\/\/www.jornalja.com.br\/arquivo\/category\/x-categorias-velhas\/"},"img":{"alt_text":"geraldo1","src":"https:\/\/i0.wp.com\/www.jornalja.com.br\/wp-content\/uploads\/2009\/07\/geraldo1.jpg?resize=350%2C200&ssl=1","width":350,"height":200},"classes":[]}],"jetpack_shortlink":"https:\/\/wp.me\/pbQjBd-eFR","jetpack_featured_media_url":"","_links":{"self":[{"href":"https:\/\/www.jornalja.com.br\/arquivo\/wp-json\/wp\/v2\/posts\/56411","targetHints":{"allow":["GET"]}}],"collection":[{"href":"https:\/\/www.jornalja.com.br\/arquivo\/wp-json\/wp\/v2\/posts"}],"about":[{"href":"https:\/\/www.jornalja.com.br\/arquivo\/wp-json\/wp\/v2\/types\/post"}],"author":[{"embeddable":true,"href":"https:\/\/www.jornalja.com.br\/arquivo\/wp-json\/wp\/v2\/users\/4"}],"replies":[{"embeddable":true,"href":"https:\/\/www.jornalja.com.br\/arquivo\/wp-json\/wp\/v2\/comments?post=56411"}],"version-history":[{"count":0,"href":"https:\/\/www.jornalja.com.br\/arquivo\/wp-json\/wp\/v2\/posts\/56411\/revisions"}],"wp:attachment":[{"href":"https:\/\/www.jornalja.com.br\/arquivo\/wp-json\/wp\/v2\/media?parent=56411"}],"wp:term":[{"taxonomy":"category","embeddable":true,"href":"https:\/\/www.jornalja.com.br\/arquivo\/wp-json\/wp\/v2\/categories?post=56411"},{"taxonomy":"post_tag","embeddable":true,"href":"https:\/\/www.jornalja.com.br\/arquivo\/wp-json\/wp\/v2\/tags?post=56411"}],"curies":[{"name":"wp","href":"https:\/\/api.w.org\/{rel}","templated":true}]}}