{"id":56459,"date":"2017-10-18T15:49:03","date_gmt":"2017-10-18T18:49:03","guid":{"rendered":"https:\/\/www.jornalja.com.br\/?p=56459"},"modified":"2017-10-18T15:49:03","modified_gmt":"2017-10-18T18:49:03","slug":"quarta-no-iab-o-impacto-das-grandes-fortunas-na-economia-e-na-politica","status":"publish","type":"post","link":"https:\/\/www.jornalja.com.br\/arquivo\/quarta-no-iab-o-impacto-das-grandes-fortunas-na-economia-e-na-politica\/","title":{"rendered":"Quarta no IAB: o impacto das grandes fortunas na economia e na pol\u00edtica"},"content":{"rendered":"<p>A edi\u00e7\u00e3o desta semana da Quarta no IAB debate as grandes fortunas e seu impacto na economia e na pol\u00edtica. O evento conta com a participa\u00e7\u00e3o de Ant\u00f4nio David Cattani, autor do livro &#8220;Ricos, Podre de Ricos&#8221; e de C\u00e9sar Filomena, doutor em Ci\u00eancia Pol\u00edtica.<br \/>\nO evento acontece nesta quarta-feira, a partir das 19h30 e tem entrada gratuita. O Instituto de Arquitetos do Brasil &#8211; RS fica na General Canabarro, 363.<br \/>\n<span class=\"intertit\">Sobre os palestrantes: <\/span><br \/>\nAnt\u00f4nio David Cattani &#8211; Doutor pela Universit\u00e9 de Paris I &#8211; Panth\u00e9on-Sorbonne (1980), com p\u00f3s-doutorado na Ecole de Hautes Etudes en Sciences Sociales (Paris, 1993-1994). Professor titular de Sociologia da Universidade Federal do Rio Grande do Sul e no Programa de P\u00f3s-Gradua\u00e7\u00e3o em Sociologia; professor visitante na Universit\u00e9 Laval (Qu\u00e9bec &#8211; Canad\u00e1), Pesquisador visitante na Universidade de Oxford &#8211; 2010-2011. Consultor ad hoc : CNPQ, CAPES, FINEP, Editora da UFRGS,Scielo, revistas de Ci\u00eancias Sociais. Pr\u00eamio Fapergs 2007 Pesquisador destaque em Ci\u00eancias Humanas e Sociais. Vencedor do pr\u00eamio A\u00e7orianos de Literatura 2007- categoria Ensaios de Humanidades (c\/ L. Holzmann). Organizador e autor de v\u00e1rios livros publicados no Brasil, Argentina, Colombia, Fran\u00e7a, Inglaterra, It\u00e1lia, M\u00e9xico e Portugual. Coordenador do site www.dmtemdebate.com.br. Editor da revista Sociologias. (Qualis A1). \u00c1rea de especializa\u00e7\u00e3o: Sociologia do Trabalho, Sindicalismo, Desigualdades socioecon\u00f4micas, Riqueza e Desigualdade.<br \/>\nC\u00e9sar Filomena &#8211; Auditor do Tribunal de Contas do Estado do Rio Grande do Sul. Doutor em Ci\u00eancia Pol\u00edtica pelo PPG-Pol da UFRGS em 2015. Mestre em Ci\u00eancias Sociais com \u00eanfase em Organiza\u00e7\u00f5es e Sociedade pela PUCRS em 2006. Engenheiro Civil (1990) e Cientista Social (2016) formado na Universidade Federal do Rio Grande do Sul. P\u00f3s-graduado em Engenharia de Seguran\u00e7a do Trabalho em 2001 pela PUCRS. Gestor P\u00fablico: foi Secret\u00e1rio Adjunto da Secretaria Municipal de Obras e Via\u00e7\u00e3o (2004) e Supervisor e Diretor do Escrit\u00f3rio Municipal de Projetos e Obras (EPO\/SMOV) (2001 a 2004) da Prefeitura Municipal de Porto Alegre. Professor do Centro Universit\u00e1rio Metodista IPA desde 2007. Docente nas \u00e1reas de Administra\u00e7\u00e3o, com \u00eanfase em Administra\u00e7\u00e3o P\u00fablica, Ci\u00eancia Pol\u00edtica, Engenharia de Produ\u00e7\u00e3o e Civil. Pesquisa nas \u00e1reas de teoria organizacional e de pol\u00edtica, com foco no Estado, em pol\u00edticas p\u00fablicas e no processo de decis\u00e3o e articula\u00e7\u00e3o dos agentes pol\u00edticos. Trabalha e pesquisa nas com os temas de de planejamento e controle estatais e participa\u00e7\u00e3o da sociedade civil.<\/p>\n","protected":false},"excerpt":{"rendered":"<p>A edi\u00e7\u00e3o desta semana da Quarta no IAB debate as grandes fortunas e seu impacto na economia e na pol\u00edtica. O evento conta com a participa\u00e7\u00e3o de Ant\u00f4nio David Cattani, autor do livro &#8220;Ricos, Podre de Ricos&#8221; e de C\u00e9sar Filomena, doutor em Ci\u00eancia Pol\u00edtica. O evento acontece nesta quarta-feira, a partir das 19h30 e [&hellip;]<\/p>\n","protected":false},"author":4,"featured_media":56462,"comment_status":"open","ping_status":"closed","sticky":false,"template":"","format":"standard","meta":{"_jetpack_newsletter_access":"","_jetpack_dont_email_post_to_subs":false,"_jetpack_newsletter_tier_id":0,"_jetpack_memberships_contains_paywalled_content":false,"_jetpack_feature_clip_id":0,"_jetpack_memberships_contains_paid_content":false,"footnotes":"","jetpack_post_was_ever_published":false},"categories":[26],"tags":[],"class_list":["post-56459","post","type-post","status-publish","format-standard","has-post-thumbnail","hentry","category-geral"],"aioseo_notices":[],"aioseo_head":"\n\t\t<!-- All in One SEO 5.0.1.1 - aioseo.com -->\n\t<meta name=\"robots\" content=\"max-image-preview:large\" \/>\n\t<meta name=\"author\" content=\"da Reda\u00e7\u00e3o\"\/>\n\t<link rel=\"canonical\" href=\"https:\/\/www.jornalja.com.br\/arquivo\/quarta-no-iab-o-impacto-das-grandes-fortunas-na-economia-e-na-politica\/\" \/>\n\t<meta name=\"generator\" content=\"All in One SEO (AIOSEO) 5.0.1.1\" \/>\n\t\t<meta property=\"og:locale\" content=\"pt_BR\" \/>\n\t\t<meta property=\"og:site_name\" content=\"Arquivo | Jornal J\u00c1 | Porto Alegre\" \/>\n\t\t<meta property=\"og:type\" content=\"article\" \/>\n\t\t<meta property=\"og:title\" content=\"Quarta no IAB: o impacto das grandes fortunas na economia e na pol\u00edtica | Arquivo\" \/>\n\t\t<meta property=\"og:url\" content=\"https:\/\/www.jornalja.com.br\/arquivo\/quarta-no-iab-o-impacto-das-grandes-fortunas-na-economia-e-na-politica\/\" \/>\n\t\t<meta property=\"og:image\" content=\"https:\/\/www.jornalja.com.br\/economics\/wp-content\/uploads\/sites\/11\/2026\/08\/ja-folhaderosto-facebook.jpg\" \/>\n\t\t<meta property=\"og:image:secure_url\" content=\"https:\/\/www.jornalja.com.br\/economics\/wp-content\/uploads\/sites\/11\/2026\/08\/ja-folhaderosto-facebook.jpg\" \/>\n\t\t<meta property=\"article:published_time\" content=\"2017-10-18T18:49:03+00:00\" \/>\n\t\t<meta property=\"article:modified_time\" content=\"2017-10-18T18:49:03+00:00\" \/>\n\t\t<meta name=\"twitter:card\" content=\"summary\" \/>\n\t\t<meta name=\"twitter:title\" content=\"Quarta no IAB: o impacto das grandes fortunas na economia e na pol\u00edtica | Arquivo\" \/>\n\t\t<meta name=\"twitter:image\" content=\"https:\/\/www.jornalja.com.br\/economics\/wp-content\/uploads\/sites\/11\/2026\/08\/ja-folhaderosto-facebook.jpg\" \/>\n\t\t<script type=\"application\/ld+json\" class=\"aioseo-schema\">\n\t\t\t{\"@context\":\"https:\\\/\\\/schema.org\",\"@graph\":[{\"@type\":\"BlogPosting\",\"@id\":\"https:\\\/\\\/www.jornalja.com.br\\\/arquivo\\\/quarta-no-iab-o-impacto-das-grandes-fortunas-na-economia-e-na-politica\\\/#blogposting\",\"name\":\"Quarta no IAB: o impacto das grandes fortunas na economia e na pol\\u00edtica | Arquivo\",\"headline\":\"Quarta no IAB: o impacto das grandes fortunas na economia e na pol\\u00edtica\",\"author\":{\"@id\":\"https:\\\/\\\/www.jornalja.com.br\\\/arquivo\\\/author\\\/daredacao\\\/#author\"},\"publisher\":{\"@id\":\"https:\\\/\\\/www.jornalja.com.br\\\/arquivo\\\/#organization\"},\"image\":{\"@type\":\"ImageObject\",\"url\":56462},\"datePublished\":\"2017-10-18T15:49:03-02:00\",\"dateModified\":\"2017-10-18T15:49:03-02:00\",\"inLanguage\":\"pt-BR\",\"mainEntityOfPage\":{\"@id\":\"https:\\\/\\\/www.jornalja.com.br\\\/arquivo\\\/quarta-no-iab-o-impacto-das-grandes-fortunas-na-economia-e-na-politica\\\/#webpage\"},\"isPartOf\":{\"@id\":\"https:\\\/\\\/www.jornalja.com.br\\\/arquivo\\\/quarta-no-iab-o-impacto-das-grandes-fortunas-na-economia-e-na-politica\\\/#webpage\"},\"articleSection\":\"Geral\"},{\"@type\":\"BreadcrumbList\",\"@id\":\"https:\\\/\\\/www.jornalja.com.br\\\/arquivo\\\/quarta-no-iab-o-impacto-das-grandes-fortunas-na-economia-e-na-politica\\\/#breadcrumblist\",\"itemListElement\":[{\"@type\":\"ListItem\",\"@id\":\"https:\\\/\\\/www.jornalja.com.br\\\/arquivo#listItem\",\"position\":1,\"name\":\"Home\",\"item\":\"https:\\\/\\\/www.jornalja.com.br\\\/arquivo\",\"nextItem\":{\"@type\":\"ListItem\",\"@id\":\"https:\\\/\\\/www.jornalja.com.br\\\/arquivo\\\/category\\\/geral\\\/#listItem\",\"name\":\"Geral\"}},{\"@type\":\"ListItem\",\"@id\":\"https:\\\/\\\/www.jornalja.com.br\\\/arquivo\\\/category\\\/geral\\\/#listItem\",\"position\":2,\"name\":\"Geral\",\"item\":\"https:\\\/\\\/www.jornalja.com.br\\\/arquivo\\\/category\\\/geral\\\/\",\"nextItem\":{\"@type\":\"ListItem\",\"@id\":\"https:\\\/\\\/www.jornalja.com.br\\\/arquivo\\\/quarta-no-iab-o-impacto-das-grandes-fortunas-na-economia-e-na-politica\\\/#listItem\",\"name\":\"Quarta no IAB: o impacto das grandes fortunas na economia e na pol\\u00edtica\"},\"previousItem\":{\"@type\":\"ListItem\",\"@id\":\"https:\\\/\\\/www.jornalja.com.br\\\/arquivo#listItem\",\"name\":\"Home\"}},{\"@type\":\"ListItem\",\"@id\":\"https:\\\/\\\/www.jornalja.com.br\\\/arquivo\\\/quarta-no-iab-o-impacto-das-grandes-fortunas-na-economia-e-na-politica\\\/#listItem\",\"position\":3,\"name\":\"Quarta no IAB: o impacto das grandes fortunas na economia e na pol\\u00edtica\",\"previousItem\":{\"@type\":\"ListItem\",\"@id\":\"https:\\\/\\\/www.jornalja.com.br\\\/arquivo\\\/category\\\/geral\\\/#listItem\",\"name\":\"Geral\"}}]},{\"@type\":\"Organization\",\"@id\":\"https:\\\/\\\/www.jornalja.com.br\\\/arquivo\\\/#organization\",\"name\":\"Jornal J\\u00c1\",\"description\":\"Jornal J\\u00c1 | Porto Alegre\",\"url\":\"https:\\\/\\\/www.jornalja.com.br\\\/arquivo\\\/\",\"telephone\":\"+555133307272\",\"logo\":{\"@type\":\"ImageObject\",\"url\":\"https:\\\/\\\/www.jornalja.com.br\\\/wp-content\\\/uploads\\\/cards\\\/JAslogan.png\",\"@id\":\"https:\\\/\\\/www.jornalja.com.br\\\/arquivo\\\/quarta-no-iab-o-impacto-das-grandes-fortunas-na-economia-e-na-politica\\\/#organizationLogo\"},\"image\":{\"@id\":\"https:\\\/\\\/www.jornalja.com.br\\\/arquivo\\\/quarta-no-iab-o-impacto-das-grandes-fortunas-na-economia-e-na-politica\\\/#organizationLogo\"}},{\"@type\":\"Person\",\"@id\":\"https:\\\/\\\/www.jornalja.com.br\\\/arquivo\\\/author\\\/daredacao\\\/#author\",\"url\":\"https:\\\/\\\/www.jornalja.com.br\\\/arquivo\\\/author\\\/daredacao\\\/\",\"name\":\"da Reda\\u00e7\\u00e3o\",\"image\":{\"@type\":\"ImageObject\",\"@id\":\"https:\\\/\\\/www.jornalja.com.br\\\/arquivo\\\/quarta-no-iab-o-impacto-das-grandes-fortunas-na-economia-e-na-politica\\\/#authorImage\",\"url\":\"https:\\\/\\\/secure.gravatar.com\\\/avatar\\\/469fd857d6605ad19919d27ed29d35a968a25f6e8fd9318356bbb7f57aae9c65?s=96&d=mm&r=g\",\"width\":96,\"height\":96,\"caption\":\"da Reda\\u00e7\\u00e3o\"}},{\"@type\":\"WebPage\",\"@id\":\"https:\\\/\\\/www.jornalja.com.br\\\/arquivo\\\/quarta-no-iab-o-impacto-das-grandes-fortunas-na-economia-e-na-politica\\\/#webpage\",\"url\":\"https:\\\/\\\/www.jornalja.com.br\\\/arquivo\\\/quarta-no-iab-o-impacto-das-grandes-fortunas-na-economia-e-na-politica\\\/\",\"name\":\"Quarta no IAB: o impacto das grandes fortunas na economia e na pol\\u00edtica | Arquivo\",\"inLanguage\":\"pt-BR\",\"isPartOf\":{\"@id\":\"https:\\\/\\\/www.jornalja.com.br\\\/arquivo\\\/#website\"},\"breadcrumb\":{\"@id\":\"https:\\\/\\\/www.jornalja.com.br\\\/arquivo\\\/quarta-no-iab-o-impacto-das-grandes-fortunas-na-economia-e-na-politica\\\/#breadcrumblist\"},\"author\":{\"@id\":\"https:\\\/\\\/www.jornalja.com.br\\\/arquivo\\\/author\\\/daredacao\\\/#author\"},\"creator\":{\"@id\":\"https:\\\/\\\/www.jornalja.com.br\\\/arquivo\\\/author\\\/daredacao\\\/#author\"},\"image\":{\"@type\":\"ImageObject\",\"url\":56462,\"@id\":\"https:\\\/\\\/www.jornalja.com.br\\\/arquivo\\\/quarta-no-iab-o-impacto-das-grandes-fortunas-na-economia-e-na-politica\\\/#mainImage\"},\"primaryImageOfPage\":{\"@id\":\"https:\\\/\\\/www.jornalja.com.br\\\/arquivo\\\/quarta-no-iab-o-impacto-das-grandes-fortunas-na-economia-e-na-politica\\\/#mainImage\"},\"datePublished\":\"2017-10-18T15:49:03-02:00\",\"dateModified\":\"2017-10-18T15:49:03-02:00\"},{\"@type\":\"WebSite\",\"@id\":\"https:\\\/\\\/www.jornalja.com.br\\\/arquivo\\\/#website\",\"url\":\"https:\\\/\\\/www.jornalja.com.br\\\/arquivo\\\/\",\"name\":\"Arquivo\",\"description\":\"Jornal J\\u00c1 | Porto Alegre\",\"inLanguage\":\"pt-BR\",\"publisher\":{\"@id\":\"https:\\\/\\\/www.jornalja.com.br\\\/arquivo\\\/#organization\"}}]}\n\t\t<\/script>\n\t\t<!-- All in One SEO -->\n\n","aioseo_head_json":{"title":"Quarta no IAB: o impacto das grandes fortunas na economia e na pol\u00edtica | Arquivo","description":"","canonical_url":"https:\/\/www.jornalja.com.br\/arquivo\/quarta-no-iab-o-impacto-das-grandes-fortunas-na-economia-e-na-politica\/","robots":"max-image-preview:large","keywords":"","webmasterTools":{"miscellaneous":""},"schema":{"@context":"https:\/\/schema.org","@graph":[{"@type":"BlogPosting","@id":"https:\/\/www.jornalja.com.br\/arquivo\/quarta-no-iab-o-impacto-das-grandes-fortunas-na-economia-e-na-politica\/#blogposting","name":"Quarta no IAB: o impacto das grandes fortunas na economia e na pol\u00edtica | Arquivo","headline":"Quarta no IAB: o impacto das grandes fortunas na economia e na pol\u00edtica","author":{"@id":"https:\/\/www.jornalja.com.br\/arquivo\/author\/daredacao\/#author"},"publisher":{"@id":"https:\/\/www.jornalja.com.br\/arquivo\/#organization"},"image":{"@type":"ImageObject","url":56462},"datePublished":"2017-10-18T15:49:03-02:00","dateModified":"2017-10-18T15:49:03-02:00","inLanguage":"pt-BR","mainEntityOfPage":{"@id":"https:\/\/www.jornalja.com.br\/arquivo\/quarta-no-iab-o-impacto-das-grandes-fortunas-na-economia-e-na-politica\/#webpage"},"isPartOf":{"@id":"https:\/\/www.jornalja.com.br\/arquivo\/quarta-no-iab-o-impacto-das-grandes-fortunas-na-economia-e-na-politica\/#webpage"},"articleSection":"Geral"},{"@type":"BreadcrumbList","@id":"https:\/\/www.jornalja.com.br\/arquivo\/quarta-no-iab-o-impacto-das-grandes-fortunas-na-economia-e-na-politica\/#breadcrumblist","itemListElement":[{"@type":"ListItem","@id":"https:\/\/www.jornalja.com.br\/arquivo#listItem","position":1,"name":"Home","item":"https:\/\/www.jornalja.com.br\/arquivo","nextItem":{"@type":"ListItem","@id":"https:\/\/www.jornalja.com.br\/arquivo\/category\/geral\/#listItem","name":"Geral"}},{"@type":"ListItem","@id":"https:\/\/www.jornalja.com.br\/arquivo\/category\/geral\/#listItem","position":2,"name":"Geral","item":"https:\/\/www.jornalja.com.br\/arquivo\/category\/geral\/","nextItem":{"@type":"ListItem","@id":"https:\/\/www.jornalja.com.br\/arquivo\/quarta-no-iab-o-impacto-das-grandes-fortunas-na-economia-e-na-politica\/#listItem","name":"Quarta no IAB: o impacto das grandes fortunas na economia e na pol\u00edtica"},"previousItem":{"@type":"ListItem","@id":"https:\/\/www.jornalja.com.br\/arquivo#listItem","name":"Home"}},{"@type":"ListItem","@id":"https:\/\/www.jornalja.com.br\/arquivo\/quarta-no-iab-o-impacto-das-grandes-fortunas-na-economia-e-na-politica\/#listItem","position":3,"name":"Quarta no IAB: o impacto das grandes fortunas na economia e na pol\u00edtica","previousItem":{"@type":"ListItem","@id":"https:\/\/www.jornalja.com.br\/arquivo\/category\/geral\/#listItem","name":"Geral"}}]},{"@type":"Organization","@id":"https:\/\/www.jornalja.com.br\/arquivo\/#organization","name":"Jornal J\u00c1","description":"Jornal J\u00c1 | Porto Alegre","url":"https:\/\/www.jornalja.com.br\/arquivo\/","telephone":"+555133307272","logo":{"@type":"ImageObject","url":"https:\/\/www.jornalja.com.br\/wp-content\/uploads\/cards\/JAslogan.png","@id":"https:\/\/www.jornalja.com.br\/arquivo\/quarta-no-iab-o-impacto-das-grandes-fortunas-na-economia-e-na-politica\/#organizationLogo"},"image":{"@id":"https:\/\/www.jornalja.com.br\/arquivo\/quarta-no-iab-o-impacto-das-grandes-fortunas-na-economia-e-na-politica\/#organizationLogo"}},{"@type":"Person","@id":"https:\/\/www.jornalja.com.br\/arquivo\/author\/daredacao\/#author","url":"https:\/\/www.jornalja.com.br\/arquivo\/author\/daredacao\/","name":"da Reda\u00e7\u00e3o","image":{"@type":"ImageObject","@id":"https:\/\/www.jornalja.com.br\/arquivo\/quarta-no-iab-o-impacto-das-grandes-fortunas-na-economia-e-na-politica\/#authorImage","url":"https:\/\/secure.gravatar.com\/avatar\/469fd857d6605ad19919d27ed29d35a968a25f6e8fd9318356bbb7f57aae9c65?s=96&d=mm&r=g","width":96,"height":96,"caption":"da Reda\u00e7\u00e3o"}},{"@type":"WebPage","@id":"https:\/\/www.jornalja.com.br\/arquivo\/quarta-no-iab-o-impacto-das-grandes-fortunas-na-economia-e-na-politica\/#webpage","url":"https:\/\/www.jornalja.com.br\/arquivo\/quarta-no-iab-o-impacto-das-grandes-fortunas-na-economia-e-na-politica\/","name":"Quarta no IAB: o impacto das grandes fortunas na economia e na pol\u00edtica | Arquivo","inLanguage":"pt-BR","isPartOf":{"@id":"https:\/\/www.jornalja.com.br\/arquivo\/#website"},"breadcrumb":{"@id":"https:\/\/www.jornalja.com.br\/arquivo\/quarta-no-iab-o-impacto-das-grandes-fortunas-na-economia-e-na-politica\/#breadcrumblist"},"author":{"@id":"https:\/\/www.jornalja.com.br\/arquivo\/author\/daredacao\/#author"},"creator":{"@id":"https:\/\/www.jornalja.com.br\/arquivo\/author\/daredacao\/#author"},"image":{"@type":"ImageObject","url":56462,"@id":"https:\/\/www.jornalja.com.br\/arquivo\/quarta-no-iab-o-impacto-das-grandes-fortunas-na-economia-e-na-politica\/#mainImage"},"primaryImageOfPage":{"@id":"https:\/\/www.jornalja.com.br\/arquivo\/quarta-no-iab-o-impacto-das-grandes-fortunas-na-economia-e-na-politica\/#mainImage"},"datePublished":"2017-10-18T15:49:03-02:00","dateModified":"2017-10-18T15:49:03-02:00"},{"@type":"WebSite","@id":"https:\/\/www.jornalja.com.br\/arquivo\/#website","url":"https:\/\/www.jornalja.com.br\/arquivo\/","name":"Arquivo","description":"Jornal J\u00c1 | Porto Alegre","inLanguage":"pt-BR","publisher":{"@id":"https:\/\/www.jornalja.com.br\/arquivo\/#organization"}}]},"og:locale":"pt_BR","og:site_name":"Arquivo | Jornal J\u00c1 | Porto Alegre","og:type":"article","og:title":"Quarta no IAB: o impacto das grandes fortunas na economia e na pol\u00edtica | Arquivo","og:url":"https:\/\/www.jornalja.com.br\/arquivo\/quarta-no-iab-o-impacto-das-grandes-fortunas-na-economia-e-na-politica\/","og:image":"https:\/\/www.jornalja.com.br\/economics\/wp-content\/uploads\/sites\/11\/2026\/08\/ja-folhaderosto-facebook.jpg","og:image:secure_url":"https:\/\/www.jornalja.com.br\/economics\/wp-content\/uploads\/sites\/11\/2026\/08\/ja-folhaderosto-facebook.jpg","article:published_time":"2017-10-18T18:49:03+00:00","article:modified_time":"2017-10-18T18:49:03+00:00","twitter:card":"summary","twitter:title":"Quarta no IAB: o impacto das grandes fortunas na economia e na pol\u00edtica | Arquivo","twitter:image":"https:\/\/www.jornalja.com.br\/economics\/wp-content\/uploads\/sites\/11\/2026\/08\/ja-folhaderosto-facebook.jpg"},"aioseo_meta_data":{"post_id":"56459","title":null,"description":null,"keywords":null,"keyphrases":null,"primary_term":null,"canonical_url":null,"og_title":null,"og_description":null,"og_object_type":"default","og_image_type":"default","og_image_url":null,"og_image_width":null,"og_image_height":null,"og_image_custom_url":null,"og_image_custom_fields":null,"og_video":null,"og_custom_url":null,"og_article_section":null,"og_article_tags":null,"twitter_use_og":false,"twitter_card":"default","twitter_image_type":"default","twitter_image_url":null,"twitter_image_custom_url":null,"twitter_image_custom_fields":null,"twitter_title":null,"twitter_description":null,"schema":{"blockGraphs":[],"customGraphs":[],"default":{"data":{"Article":[],"Course":[],"Dataset":[],"FAQPage":[],"Movie":[],"Person":[],"Product":[],"ProductReview":[],"Car":[],"Recipe":[],"Service":[],"SoftwareApplication":[],"WebPage":[]},"graphName":"","isEnabled":true},"graphs":[],"defaultGraph":"","defaultPostTypeGraph":""},"schema_type":null,"schema_type_options":null,"pillar_content":false,"robots_default":true,"robots_noindex":false,"robots_noarchive":false,"robots_nosnippet":false,"robots_nofollow":false,"robots_noimageindex":false,"robots_noodp":false,"robots_notranslate":false,"robots_max_snippet":null,"robots_max_videopreview":null,"robots_max_imagepreview":"large","priority":null,"frequency":null,"location":null,"local_seo":null,"breadcrumb_settings":null,"limit_modified_date":false,"ai":null,"created":"2020-12-20 20:21:53","updated":"2025-07-20 01:52:03","seo_analyzer_scan_date":null,"focus_keyword":null,"additional_keywords":null,"truseo_locale":null},"jetpack_sharing_enabled":true,"jetpack-related-posts":[{"id":14241,"url":"https:\/\/www.jornalja.com.br\/arquivo\/o-guaiba-nas-imagens-poeticas-de-achutti\/","url_meta":{"origin":56459,"position":0},"title":"O Gua\u00edba nas imagens po\u00e9ticas de Achutti","author":"da Reda\u00e7\u00e3o","date":"18 de junho de 2014","format":false,"excerpt":"Em \u201cO Gua\u00edba por Achutti\u201d \u2013 obra financiada via Minist\u00e9rio da Cultura, produ\u00e7\u00e3o executiva de Pedro Longhi, e Fl\u00e1vio Wild como designer \u2013, o fot\u00f3grafo revela a beleza e as mazelas de um espa\u00e7o aqu\u00e1tico de \u00e1guas sempre renovadas, cheio de hist\u00f3rias e lendas como as das cidades que foram\u2026","rel":"","context":"Em &quot;Cultura-Geral&quot;","block_context":{"text":"Cultura-Geral","link":"https:\/\/www.jornalja.com.br\/arquivo\/category\/materiasecundaria\/"},"img":{"alt_text":"","src":"","width":0,"height":0},"classes":[]},{"id":13124,"url":"https:\/\/www.jornalja.com.br\/arquivo\/sangue-latino-no-iecine\/","url_meta":{"origin":56459,"position":1},"title":"Sangue latino no IECINE","author":"da Reda\u00e7\u00e3o","date":"18 de maio de 2014","format":false,"excerpt":"Francisco Ribeiro O Instituto Estadual de Cinema (IECINE) tem a frente, desde abril \u00faltimo, um novo diretor, o cineasta colombiano Juan Zapata, 36, que substitui Luiz Alberto Cassol. Radicado h\u00e1 dez anos em Porto Alegre, Zapata tem diante de si o desafio de conduzir at\u00e9 o final do ano um\u2026","rel":"","context":"Em &quot;Cultura-Geral&quot;","block_context":{"text":"Cultura-Geral","link":"https:\/\/www.jornalja.com.br\/arquivo\/category\/materiasecundaria\/"},"img":{"alt_text":"","src":"","width":0,"height":0},"classes":[]},{"id":13240,"url":"https:\/\/www.jornalja.com.br\/arquivo\/plano-diretor-estamos-construindo-o-caos\/","url_meta":{"origin":56459,"position":2},"title":"Plano diretor: &quot;Estamos construindo o caos&quot;","author":"Patr\u00edcia Marini","date":"26 de maio de 2014","format":false,"excerpt":"Desabafo que arquiteta Eliana Castilhos, delegada da Regi\u00e3o de Planejamento 1, postou nas redes sociais \u00e9 um testemunho do ambiente que se criou no Conselho do Plano Diretor de Porto Alegre, onde a aprova\u00e7\u00e3o de grandes empreendimentos \u00e9 empurrada guela abaixo dos conselheiros. Ao CMDUA Como delegada da Regi\u00e3o de\u2026","rel":"","context":"Em &quot;Geral&quot;","block_context":{"text":"Geral","link":"https:\/\/www.jornalja.com.br\/arquivo\/category\/geral\/"},"img":{"alt_text":"","src":"","width":0,"height":0},"classes":[]},{"id":13101,"url":"https:\/\/www.jornalja.com.br\/arquivo\/morre-um-guerreiro-do-texto\/","url_meta":{"origin":56459,"position":3},"title":"Morre um guerreiro do texto","author":"Patr\u00edcia Marini","date":"14 de maio de 2014","format":false,"excerpt":"Por Ricardo Kotscho Reproduzido do blog do autor, 11\/5\/2014; t\u00edtulo original \u201cE l\u00e1 se foi o nosso Myltainho, guerreiro do texto\u201d. Mi\u00fado e franzino, meu amigo Myltainho era um valente e inconformado guerreiro na luta contra as injusti\u00e7as sociais, a hipocrisia, as maracutaias, o autoritarismo, a intoler\u00e2ncia, a viol\u00eancia, o\u2026","rel":"","context":"Em &quot;Geral&quot;","block_context":{"text":"Geral","link":"https:\/\/www.jornalja.com.br\/arquivo\/category\/geral\/"},"img":{"alt_text":"","src":"","width":0,"height":0},"classes":[]},{"id":13128,"url":"https:\/\/www.jornalja.com.br\/arquivo\/maconha-terra-diz-que-uso-medicinal-e-desculpa\/","url_meta":{"origin":56459,"position":4},"title":"Maconha: Terra diz que uso medicinal \u00e9 desculpa","author":"Patr\u00edcia Marini","date":"4 de junho de 2014","format":false,"excerpt":"A condi\u00e7\u00e3o de pol\u00edtico, em \u00e9poca de campanha de campanha eleitoral, tira for\u00e7a do discurso do m\u00e9dico Osmar Terra contra a legaliza\u00e7\u00e3o da maconha. A tese dele de que a libera\u00e7\u00e3o vai ampliar exponencialmente o consumo \u00e9 discutivel, o consumo \u00e9 corrente. Mas seus alertas quanto aos riscos tem que\u2026","rel":"","context":"Em &quot;X.Categorias velhas&quot;","block_context":{"text":"X.Categorias velhas","link":"https:\/\/www.jornalja.com.br\/arquivo\/category\/x-categorias-velhas\/"},"img":{"alt_text":"","src":"","width":0,"height":0},"classes":[]},{"id":13109,"url":"https:\/\/www.jornalja.com.br\/arquivo\/judiciario-reconhece-poluicao-eletromagnetica\/","url_meta":{"origin":56459,"position":5},"title":"Judici\u00e1rio reconhece polui\u00e7\u00e3o eletromagn\u00e9tica","author":"Patr\u00edcia Marini","date":"16 de maio de 2014","format":false,"excerpt":"A\u00e7\u00e3o de duas associa\u00e7\u00f5es de moradores foi acolhida pelo Tribunal de Justi\u00e7a de S\u00e3o Paulo que. em decis\u00e3o in\u00e9dita, determinou a redu\u00e7\u00e3o do campo eletromagn\u00e9tico gerado pelas linhas de transmiss\u00e3o de energia que cortam os bairros City Boa\u00e7ava e Alto de Pinheiros. \u00c9 a primeira vez que um tribunal do\u2026","rel":"","context":"Em &quot;X.Categorias velhas&quot;","block_context":{"text":"X.Categorias velhas","link":"https:\/\/www.jornalja.com.br\/arquivo\/category\/x-categorias-velhas\/"},"img":{"alt_text":"","src":"","width":0,"height":0},"classes":[]}],"jetpack_shortlink":"https:\/\/wp.me\/pbQjBd-eGD","jetpack_featured_media_url":"","_links":{"self":[{"href":"https:\/\/www.jornalja.com.br\/arquivo\/wp-json\/wp\/v2\/posts\/56459","targetHints":{"allow":["GET"]}}],"collection":[{"href":"https:\/\/www.jornalja.com.br\/arquivo\/wp-json\/wp\/v2\/posts"}],"about":[{"href":"https:\/\/www.jornalja.com.br\/arquivo\/wp-json\/wp\/v2\/types\/post"}],"author":[{"embeddable":true,"href":"https:\/\/www.jornalja.com.br\/arquivo\/wp-json\/wp\/v2\/users\/4"}],"replies":[{"embeddable":true,"href":"https:\/\/www.jornalja.com.br\/arquivo\/wp-json\/wp\/v2\/comments?post=56459"}],"version-history":[{"count":0,"href":"https:\/\/www.jornalja.com.br\/arquivo\/wp-json\/wp\/v2\/posts\/56459\/revisions"}],"wp:attachment":[{"href":"https:\/\/www.jornalja.com.br\/arquivo\/wp-json\/wp\/v2\/media?parent=56459"}],"wp:term":[{"taxonomy":"category","embeddable":true,"href":"https:\/\/www.jornalja.com.br\/arquivo\/wp-json\/wp\/v2\/categories?post=56459"},{"taxonomy":"post_tag","embeddable":true,"href":"https:\/\/www.jornalja.com.br\/arquivo\/wp-json\/wp\/v2\/tags?post=56459"}],"curies":[{"name":"wp","href":"https:\/\/api.w.org\/{rel}","templated":true}]}}