{"id":56469,"date":"2017-10-18T16:53:48","date_gmt":"2017-10-18T19:53:48","guid":{"rendered":"https:\/\/www.jornalja.com.br\/?p=56469"},"modified":"2017-10-18T16:53:48","modified_gmt":"2017-10-18T19:53:48","slug":"conselho-da-fundacao-piratini-rejeita-indicacao-do-governo-a-presidencia","status":"publish","type":"post","link":"https:\/\/www.jornalja.com.br\/arquivo\/conselho-da-fundacao-piratini-rejeita-indicacao-do-governo-a-presidencia\/","title":{"rendered":"Conselho da Funda\u00e7\u00e3o Piratini rejeita indica\u00e7\u00e3o do Governo \u00e0 presid\u00eancia"},"content":{"rendered":"<p>Em reuni\u00e3o nesta ter\u00e7a-feira, 16\/10, o Conselho Deliberativo da Funda\u00e7\u00e3o Cultural Piratini rejeitou a indica\u00e7\u00e3o do Governo do Estado para a presid\u00eancia da Funda\u00e7\u00e3o. A indica\u00e7\u00e3o de Orestes de Andrade J\u00fanior foi reprovada por 13 votos, al\u00e9m de duas absten\u00e7\u00f5es e um voto em branco.<br \/>\nNa pr\u00e1tica, Orestes \u00e9 o presidente desde o in\u00edcio do ano. Por\u00e9m, sua indica\u00e7\u00e3o n\u00e3o havia passado pelo Conselho. \u201cEsta reuni\u00e3o que j\u00e1 devia ter acontecido h\u00e1 muito tempo, porque por lei a indica\u00e7\u00e3o do presidente tem que ser submetida ao Conselho Deliberativo\u201d, defende a presidente do conselho, Ma\u00edra Baumgarten.<br \/>\nO artigo 13 do estatuto da Funda\u00e7\u00e3o Piratini (N.\u00ba 14.596, de 01 de setembro de 2014) define que \u201ca Chefia do Poder Executivo submeter\u00e1 a escolha do(a) Presidente da Funda\u00e7\u00e3o Piratini ao Conselho Deliberativo.\u201d<br \/>\nMa\u00edra reconhece que h\u00e1 uma quest\u00e3o de interpreta\u00e7\u00e3o, em rela\u00e7\u00e3o ao termo \u201csubmeter\u201d. \u201cA \u00a0nossa interpreta\u00e7\u00e3o \u00e9 de que se o conselho n\u00e3o aprova, tem que indicar outro nome. Mas a\u00ed vai depender do que o Governador decidir.\u201d<br \/>\nNesta ter\u00e7a-feira, 17, o Conselho encaminhou of\u00edcios ao secret\u00e1rio de Comunica\u00e7\u00e3o, comunicando das posi\u00e7\u00f5es contr\u00e1rias \u00e0 extin\u00e7\u00e3o e \u00e0 nomea\u00e7\u00e3o de Orestes.<br \/>\nTamb\u00e9m na ter\u00e7a-feira, o Governo come\u00e7ou a notificar os servidores da TVE e da FM Cultura que o \u00f3rg\u00e3o ser\u00e1 extinto. Todos os 224 funcion\u00e1rios, 20 cargos comissionados e os tr\u00eas diretores ter\u00e3o oito dias, a partir desta quarta-feira, para eventual manifesta\u00e7\u00e3o contr\u00e1ria que deve ser entregue diretamente no setor de protocolo da Funda\u00e7\u00e3o.<br \/>\n<span class=\"intertit\">Conselho foi retomado em setembro<\/span><br \/>\nO Conselho Deliberativo n\u00e3o se reunia desde o fim do ano passado. Sua \u00faltima decis\u00e3o, no final de novembro, foi a rejei\u00e7\u00e3o da proposta do Governo de extinguir o \u00f3rg\u00e3o. Os trabalhos foram retomados em setembro deste ano, com chamamento para novos representantes da sociedade civil e elei\u00e7\u00e3o de presidente e vice.<br \/>\nPara a presid\u00eancia foi escolhida a professora de sociologia da UFRGS Ma\u00edra Baumgarten e para vice, o historiador e o doutor em Hist\u00f3ria e professor Francisco Marshall.<br \/>\n\u201cO Governo n\u00e3o poderia nem pensar em extinguir a Funda\u00e7\u00e3o se o Conselho rejeitou a proposta. \u00c9 uma palha\u00e7ada o conselho sequer ser ouvido. Isso significa que o governo n\u00e3o est\u00e1 minimamente interessado em um di\u00e1logo com a sociedade\u201d, defende Maira.<br \/>\nO Conselho Deliberativo \u00e9 um \u00f3rg\u00e3o de controle social do Estado e \u00e9 formado por representantes do Governo do Estado, dos funcion\u00e1rios da funda\u00e7\u00e3o, de diversos sindicatos e associa\u00e7\u00f5es e da sociedade civil.<br \/>\n<span class=\"intertit\">Em 2008, presidente assumiu por liminar<\/span><br \/>\nN\u00e3o \u00e9 a primeira vez que a indica\u00e7\u00e3o do Governo deixa de levar em conta a aprecia\u00e7\u00e3o do Conselho Deliberativo. Em 2008, durante o governo de Yeda Crusius, a dire\u00e7\u00e3o da Funda\u00e7\u00e3o Piratini assumiu atrav\u00e9s de liminar. A nomea\u00e7\u00e3o havia sido contestada pelo Tribunal de Contas do Estado (TCE), que considerou irregular o fato de as indica\u00e7\u00f5es n\u00e3o terem sido apreciadas pelo Conselho Deliberativo da funda\u00e7\u00e3o. A decis\u00e3o do TCE suspendia a nomea\u00e7\u00e3o at\u00e9 que o conselho fosse informado e avaliasse as indica\u00e7\u00f5es.<br \/>\nA posse da diretoria ocorreu no final de outubro daquele ano, no Pal\u00e1cio Piratini. Foram empossados Ricardo Azeredo, na Presid\u00eancia, e Pedro Macedo, na dire\u00e7\u00e3o de Programa\u00e7\u00e3o e Airton Nedel, na dire\u00e7\u00e3o-geral.<br \/>\n<span class=\"intertit\">O que diz a presid\u00eancia da Funda\u00e7\u00e3o Piratini<\/span><br \/>\nProcurado pela reportagem do J\u00c1, o presidente da Funda\u00e7\u00e3o Piratini, Orestes de Andrade J\u00fanior se manifestou atrav\u00e9s de nota:<br \/>\n<em>\u201cEncaro como uma opini\u00e3o do Conselho, formado por pessoas, em sua maioria, identificavas politicamente com partidos de esquerda e extrema esquerda. O Conselho n\u00e3o tem a atribui\u00e7\u00e3o legal e estatut\u00e1ria de aprovar o nome do presidente da Funda\u00e7\u00e3o Piratini. \u00c9 apenas a opini\u00e3o particular de pessoas com interesses pol\u00edticos, ideol\u00f3gicos e pessoais. Assim como foi na extin\u00e7\u00e3o da Funda\u00e7\u00e3o, quando a maioria do Conselho deu a opini\u00e3o de que era contra. Ou seja, \u00e9 uma opini\u00e3o in\u00f3cua. N\u00e3o tem valor pr\u00e1tico algum.<\/em><br \/>\n<em>Vale lembrar que o governo Tarso tirou os poderes do Conselho, inclusive de interferir sobre a programa\u00e7\u00e3o. E aparelhou o conselho, em sua maioria, com entidades ligadas ao seu partido. N\u00e3o podemos fechar os olhos pra isso!\u201d<\/em><\/p>\n","protected":false},"excerpt":{"rendered":"<p>Em reuni\u00e3o nesta ter\u00e7a-feira, 16\/10, o Conselho Deliberativo da Funda\u00e7\u00e3o Cultural Piratini rejeitou a indica\u00e7\u00e3o do Governo do Estado para a presid\u00eancia da Funda\u00e7\u00e3o. A indica\u00e7\u00e3o de Orestes de Andrade J\u00fanior foi reprovada por 13 votos, al\u00e9m de duas absten\u00e7\u00f5es e um voto em branco. Na pr\u00e1tica, Orestes \u00e9 o presidente desde o in\u00edcio do [&hellip;]<\/p>\n","protected":false},"author":4,"featured_media":56483,"comment_status":"open","ping_status":"closed","sticky":false,"template":"","format":"standard","meta":{"_jetpack_newsletter_access":"","_jetpack_dont_email_post_to_subs":false,"_jetpack_newsletter_tier_id":0,"_jetpack_memberships_contains_paywalled_content":false,"_jetpack_feature_clip_id":0,"_jetpack_memberships_contains_paid_content":false,"footnotes":"","jetpack_post_was_ever_published":false},"categories":[26],"tags":[],"class_list":["post-56469","post","type-post","status-publish","format-standard","has-post-thumbnail","hentry","category-geral"],"aioseo_notices":[],"aioseo_head":"\n\t\t<!-- All in One SEO 5.0.1.1 - aioseo.com -->\n\t<meta name=\"robots\" content=\"max-image-preview:large\" \/>\n\t<meta name=\"author\" content=\"da Reda\u00e7\u00e3o\"\/>\n\t<link rel=\"canonical\" href=\"https:\/\/www.jornalja.com.br\/arquivo\/conselho-da-fundacao-piratini-rejeita-indicacao-do-governo-a-presidencia\/\" \/>\n\t<meta name=\"generator\" content=\"All in One SEO (AIOSEO) 5.0.1.1\" \/>\n\t\t<meta property=\"og:locale\" content=\"pt_BR\" \/>\n\t\t<meta property=\"og:site_name\" content=\"Arquivo | Jornal J\u00c1 | Porto Alegre\" \/>\n\t\t<meta property=\"og:type\" content=\"article\" \/>\n\t\t<meta property=\"og:title\" content=\"Conselho da Funda\u00e7\u00e3o Piratini rejeita indica\u00e7\u00e3o do Governo \u00e0 presid\u00eancia | Arquivo\" \/>\n\t\t<meta property=\"og:url\" content=\"https:\/\/www.jornalja.com.br\/arquivo\/conselho-da-fundacao-piratini-rejeita-indicacao-do-governo-a-presidencia\/\" \/>\n\t\t<meta property=\"og:image\" content=\"https:\/\/www.jornalja.com.br\/economics\/wp-content\/uploads\/sites\/11\/2026\/08\/ja-folhaderosto-facebook.jpg\" \/>\n\t\t<meta property=\"og:image:secure_url\" content=\"https:\/\/www.jornalja.com.br\/economics\/wp-content\/uploads\/sites\/11\/2026\/08\/ja-folhaderosto-facebook.jpg\" \/>\n\t\t<meta property=\"article:published_time\" content=\"2017-10-18T19:53:48+00:00\" \/>\n\t\t<meta property=\"article:modified_time\" content=\"2017-10-18T19:53:48+00:00\" \/>\n\t\t<meta name=\"twitter:card\" content=\"summary\" \/>\n\t\t<meta name=\"twitter:title\" content=\"Conselho da Funda\u00e7\u00e3o Piratini rejeita indica\u00e7\u00e3o do Governo \u00e0 presid\u00eancia | Arquivo\" \/>\n\t\t<meta name=\"twitter:image\" content=\"https:\/\/www.jornalja.com.br\/economics\/wp-content\/uploads\/sites\/11\/2026\/08\/ja-folhaderosto-facebook.jpg\" \/>\n\t\t<script type=\"application\/ld+json\" class=\"aioseo-schema\">\n\t\t\t{\"@context\":\"https:\\\/\\\/schema.org\",\"@graph\":[{\"@type\":\"BlogPosting\",\"@id\":\"https:\\\/\\\/www.jornalja.com.br\\\/arquivo\\\/conselho-da-fundacao-piratini-rejeita-indicacao-do-governo-a-presidencia\\\/#blogposting\",\"name\":\"Conselho da Funda\\u00e7\\u00e3o Piratini rejeita indica\\u00e7\\u00e3o do Governo \\u00e0 presid\\u00eancia | Arquivo\",\"headline\":\"Conselho da Funda\\u00e7\\u00e3o Piratini rejeita indica\\u00e7\\u00e3o do Governo \\u00e0 presid\\u00eancia\",\"author\":{\"@id\":\"https:\\\/\\\/www.jornalja.com.br\\\/arquivo\\\/author\\\/daredacao\\\/#author\"},\"publisher\":{\"@id\":\"https:\\\/\\\/www.jornalja.com.br\\\/arquivo\\\/#organization\"},\"image\":{\"@type\":\"ImageObject\",\"url\":56483},\"datePublished\":\"2017-10-18T16:53:48-02:00\",\"dateModified\":\"2017-10-18T16:53:48-02:00\",\"inLanguage\":\"pt-BR\",\"commentCount\":1,\"mainEntityOfPage\":{\"@id\":\"https:\\\/\\\/www.jornalja.com.br\\\/arquivo\\\/conselho-da-fundacao-piratini-rejeita-indicacao-do-governo-a-presidencia\\\/#webpage\"},\"isPartOf\":{\"@id\":\"https:\\\/\\\/www.jornalja.com.br\\\/arquivo\\\/conselho-da-fundacao-piratini-rejeita-indicacao-do-governo-a-presidencia\\\/#webpage\"},\"articleSection\":\"Geral\"},{\"@type\":\"BreadcrumbList\",\"@id\":\"https:\\\/\\\/www.jornalja.com.br\\\/arquivo\\\/conselho-da-fundacao-piratini-rejeita-indicacao-do-governo-a-presidencia\\\/#breadcrumblist\",\"itemListElement\":[{\"@type\":\"ListItem\",\"@id\":\"https:\\\/\\\/www.jornalja.com.br\\\/arquivo#listItem\",\"position\":1,\"name\":\"Home\",\"item\":\"https:\\\/\\\/www.jornalja.com.br\\\/arquivo\",\"nextItem\":{\"@type\":\"ListItem\",\"@id\":\"https:\\\/\\\/www.jornalja.com.br\\\/arquivo\\\/category\\\/geral\\\/#listItem\",\"name\":\"Geral\"}},{\"@type\":\"ListItem\",\"@id\":\"https:\\\/\\\/www.jornalja.com.br\\\/arquivo\\\/category\\\/geral\\\/#listItem\",\"position\":2,\"name\":\"Geral\",\"item\":\"https:\\\/\\\/www.jornalja.com.br\\\/arquivo\\\/category\\\/geral\\\/\",\"nextItem\":{\"@type\":\"ListItem\",\"@id\":\"https:\\\/\\\/www.jornalja.com.br\\\/arquivo\\\/conselho-da-fundacao-piratini-rejeita-indicacao-do-governo-a-presidencia\\\/#listItem\",\"name\":\"Conselho da Funda\\u00e7\\u00e3o Piratini rejeita indica\\u00e7\\u00e3o do Governo \\u00e0 presid\\u00eancia\"},\"previousItem\":{\"@type\":\"ListItem\",\"@id\":\"https:\\\/\\\/www.jornalja.com.br\\\/arquivo#listItem\",\"name\":\"Home\"}},{\"@type\":\"ListItem\",\"@id\":\"https:\\\/\\\/www.jornalja.com.br\\\/arquivo\\\/conselho-da-fundacao-piratini-rejeita-indicacao-do-governo-a-presidencia\\\/#listItem\",\"position\":3,\"name\":\"Conselho da Funda\\u00e7\\u00e3o Piratini rejeita indica\\u00e7\\u00e3o do Governo \\u00e0 presid\\u00eancia\",\"previousItem\":{\"@type\":\"ListItem\",\"@id\":\"https:\\\/\\\/www.jornalja.com.br\\\/arquivo\\\/category\\\/geral\\\/#listItem\",\"name\":\"Geral\"}}]},{\"@type\":\"Organization\",\"@id\":\"https:\\\/\\\/www.jornalja.com.br\\\/arquivo\\\/#organization\",\"name\":\"Jornal J\\u00c1\",\"description\":\"Jornal J\\u00c1 | Porto Alegre\",\"url\":\"https:\\\/\\\/www.jornalja.com.br\\\/arquivo\\\/\",\"telephone\":\"+555133307272\",\"logo\":{\"@type\":\"ImageObject\",\"url\":\"https:\\\/\\\/www.jornalja.com.br\\\/wp-content\\\/uploads\\\/cards\\\/JAslogan.png\",\"@id\":\"https:\\\/\\\/www.jornalja.com.br\\\/arquivo\\\/conselho-da-fundacao-piratini-rejeita-indicacao-do-governo-a-presidencia\\\/#organizationLogo\"},\"image\":{\"@id\":\"https:\\\/\\\/www.jornalja.com.br\\\/arquivo\\\/conselho-da-fundacao-piratini-rejeita-indicacao-do-governo-a-presidencia\\\/#organizationLogo\"}},{\"@type\":\"Person\",\"@id\":\"https:\\\/\\\/www.jornalja.com.br\\\/arquivo\\\/author\\\/daredacao\\\/#author\",\"url\":\"https:\\\/\\\/www.jornalja.com.br\\\/arquivo\\\/author\\\/daredacao\\\/\",\"name\":\"da Reda\\u00e7\\u00e3o\",\"image\":{\"@type\":\"ImageObject\",\"@id\":\"https:\\\/\\\/www.jornalja.com.br\\\/arquivo\\\/conselho-da-fundacao-piratini-rejeita-indicacao-do-governo-a-presidencia\\\/#authorImage\",\"url\":\"https:\\\/\\\/secure.gravatar.com\\\/avatar\\\/469fd857d6605ad19919d27ed29d35a968a25f6e8fd9318356bbb7f57aae9c65?s=96&d=mm&r=g\",\"width\":96,\"height\":96,\"caption\":\"da Reda\\u00e7\\u00e3o\"}},{\"@type\":\"WebPage\",\"@id\":\"https:\\\/\\\/www.jornalja.com.br\\\/arquivo\\\/conselho-da-fundacao-piratini-rejeita-indicacao-do-governo-a-presidencia\\\/#webpage\",\"url\":\"https:\\\/\\\/www.jornalja.com.br\\\/arquivo\\\/conselho-da-fundacao-piratini-rejeita-indicacao-do-governo-a-presidencia\\\/\",\"name\":\"Conselho da Funda\\u00e7\\u00e3o Piratini rejeita indica\\u00e7\\u00e3o do Governo \\u00e0 presid\\u00eancia | Arquivo\",\"inLanguage\":\"pt-BR\",\"isPartOf\":{\"@id\":\"https:\\\/\\\/www.jornalja.com.br\\\/arquivo\\\/#website\"},\"breadcrumb\":{\"@id\":\"https:\\\/\\\/www.jornalja.com.br\\\/arquivo\\\/conselho-da-fundacao-piratini-rejeita-indicacao-do-governo-a-presidencia\\\/#breadcrumblist\"},\"author\":{\"@id\":\"https:\\\/\\\/www.jornalja.com.br\\\/arquivo\\\/author\\\/daredacao\\\/#author\"},\"creator\":{\"@id\":\"https:\\\/\\\/www.jornalja.com.br\\\/arquivo\\\/author\\\/daredacao\\\/#author\"},\"image\":{\"@type\":\"ImageObject\",\"url\":56483,\"@id\":\"https:\\\/\\\/www.jornalja.com.br\\\/arquivo\\\/conselho-da-fundacao-piratini-rejeita-indicacao-do-governo-a-presidencia\\\/#mainImage\"},\"primaryImageOfPage\":{\"@id\":\"https:\\\/\\\/www.jornalja.com.br\\\/arquivo\\\/conselho-da-fundacao-piratini-rejeita-indicacao-do-governo-a-presidencia\\\/#mainImage\"},\"datePublished\":\"2017-10-18T16:53:48-02:00\",\"dateModified\":\"2017-10-18T16:53:48-02:00\"},{\"@type\":\"WebSite\",\"@id\":\"https:\\\/\\\/www.jornalja.com.br\\\/arquivo\\\/#website\",\"url\":\"https:\\\/\\\/www.jornalja.com.br\\\/arquivo\\\/\",\"name\":\"Arquivo\",\"description\":\"Jornal J\\u00c1 | Porto Alegre\",\"inLanguage\":\"pt-BR\",\"publisher\":{\"@id\":\"https:\\\/\\\/www.jornalja.com.br\\\/arquivo\\\/#organization\"}}]}\n\t\t<\/script>\n\t\t<!-- All in One SEO -->\n\n","aioseo_head_json":{"title":"Conselho da Funda\u00e7\u00e3o Piratini rejeita indica\u00e7\u00e3o do Governo \u00e0 presid\u00eancia | Arquivo","description":"","canonical_url":"https:\/\/www.jornalja.com.br\/arquivo\/conselho-da-fundacao-piratini-rejeita-indicacao-do-governo-a-presidencia\/","robots":"max-image-preview:large","keywords":"","webmasterTools":{"miscellaneous":""},"schema":{"@context":"https:\/\/schema.org","@graph":[{"@type":"BlogPosting","@id":"https:\/\/www.jornalja.com.br\/arquivo\/conselho-da-fundacao-piratini-rejeita-indicacao-do-governo-a-presidencia\/#blogposting","name":"Conselho da Funda\u00e7\u00e3o Piratini rejeita indica\u00e7\u00e3o do Governo \u00e0 presid\u00eancia | Arquivo","headline":"Conselho da Funda\u00e7\u00e3o Piratini rejeita indica\u00e7\u00e3o do Governo \u00e0 presid\u00eancia","author":{"@id":"https:\/\/www.jornalja.com.br\/arquivo\/author\/daredacao\/#author"},"publisher":{"@id":"https:\/\/www.jornalja.com.br\/arquivo\/#organization"},"image":{"@type":"ImageObject","url":56483},"datePublished":"2017-10-18T16:53:48-02:00","dateModified":"2017-10-18T16:53:48-02:00","inLanguage":"pt-BR","commentCount":1,"mainEntityOfPage":{"@id":"https:\/\/www.jornalja.com.br\/arquivo\/conselho-da-fundacao-piratini-rejeita-indicacao-do-governo-a-presidencia\/#webpage"},"isPartOf":{"@id":"https:\/\/www.jornalja.com.br\/arquivo\/conselho-da-fundacao-piratini-rejeita-indicacao-do-governo-a-presidencia\/#webpage"},"articleSection":"Geral"},{"@type":"BreadcrumbList","@id":"https:\/\/www.jornalja.com.br\/arquivo\/conselho-da-fundacao-piratini-rejeita-indicacao-do-governo-a-presidencia\/#breadcrumblist","itemListElement":[{"@type":"ListItem","@id":"https:\/\/www.jornalja.com.br\/arquivo#listItem","position":1,"name":"Home","item":"https:\/\/www.jornalja.com.br\/arquivo","nextItem":{"@type":"ListItem","@id":"https:\/\/www.jornalja.com.br\/arquivo\/category\/geral\/#listItem","name":"Geral"}},{"@type":"ListItem","@id":"https:\/\/www.jornalja.com.br\/arquivo\/category\/geral\/#listItem","position":2,"name":"Geral","item":"https:\/\/www.jornalja.com.br\/arquivo\/category\/geral\/","nextItem":{"@type":"ListItem","@id":"https:\/\/www.jornalja.com.br\/arquivo\/conselho-da-fundacao-piratini-rejeita-indicacao-do-governo-a-presidencia\/#listItem","name":"Conselho da Funda\u00e7\u00e3o Piratini rejeita indica\u00e7\u00e3o do Governo \u00e0 presid\u00eancia"},"previousItem":{"@type":"ListItem","@id":"https:\/\/www.jornalja.com.br\/arquivo#listItem","name":"Home"}},{"@type":"ListItem","@id":"https:\/\/www.jornalja.com.br\/arquivo\/conselho-da-fundacao-piratini-rejeita-indicacao-do-governo-a-presidencia\/#listItem","position":3,"name":"Conselho da Funda\u00e7\u00e3o Piratini rejeita indica\u00e7\u00e3o do Governo \u00e0 presid\u00eancia","previousItem":{"@type":"ListItem","@id":"https:\/\/www.jornalja.com.br\/arquivo\/category\/geral\/#listItem","name":"Geral"}}]},{"@type":"Organization","@id":"https:\/\/www.jornalja.com.br\/arquivo\/#organization","name":"Jornal J\u00c1","description":"Jornal J\u00c1 | Porto Alegre","url":"https:\/\/www.jornalja.com.br\/arquivo\/","telephone":"+555133307272","logo":{"@type":"ImageObject","url":"https:\/\/www.jornalja.com.br\/wp-content\/uploads\/cards\/JAslogan.png","@id":"https:\/\/www.jornalja.com.br\/arquivo\/conselho-da-fundacao-piratini-rejeita-indicacao-do-governo-a-presidencia\/#organizationLogo"},"image":{"@id":"https:\/\/www.jornalja.com.br\/arquivo\/conselho-da-fundacao-piratini-rejeita-indicacao-do-governo-a-presidencia\/#organizationLogo"}},{"@type":"Person","@id":"https:\/\/www.jornalja.com.br\/arquivo\/author\/daredacao\/#author","url":"https:\/\/www.jornalja.com.br\/arquivo\/author\/daredacao\/","name":"da Reda\u00e7\u00e3o","image":{"@type":"ImageObject","@id":"https:\/\/www.jornalja.com.br\/arquivo\/conselho-da-fundacao-piratini-rejeita-indicacao-do-governo-a-presidencia\/#authorImage","url":"https:\/\/secure.gravatar.com\/avatar\/469fd857d6605ad19919d27ed29d35a968a25f6e8fd9318356bbb7f57aae9c65?s=96&d=mm&r=g","width":96,"height":96,"caption":"da Reda\u00e7\u00e3o"}},{"@type":"WebPage","@id":"https:\/\/www.jornalja.com.br\/arquivo\/conselho-da-fundacao-piratini-rejeita-indicacao-do-governo-a-presidencia\/#webpage","url":"https:\/\/www.jornalja.com.br\/arquivo\/conselho-da-fundacao-piratini-rejeita-indicacao-do-governo-a-presidencia\/","name":"Conselho da Funda\u00e7\u00e3o Piratini rejeita indica\u00e7\u00e3o do Governo \u00e0 presid\u00eancia | Arquivo","inLanguage":"pt-BR","isPartOf":{"@id":"https:\/\/www.jornalja.com.br\/arquivo\/#website"},"breadcrumb":{"@id":"https:\/\/www.jornalja.com.br\/arquivo\/conselho-da-fundacao-piratini-rejeita-indicacao-do-governo-a-presidencia\/#breadcrumblist"},"author":{"@id":"https:\/\/www.jornalja.com.br\/arquivo\/author\/daredacao\/#author"},"creator":{"@id":"https:\/\/www.jornalja.com.br\/arquivo\/author\/daredacao\/#author"},"image":{"@type":"ImageObject","url":56483,"@id":"https:\/\/www.jornalja.com.br\/arquivo\/conselho-da-fundacao-piratini-rejeita-indicacao-do-governo-a-presidencia\/#mainImage"},"primaryImageOfPage":{"@id":"https:\/\/www.jornalja.com.br\/arquivo\/conselho-da-fundacao-piratini-rejeita-indicacao-do-governo-a-presidencia\/#mainImage"},"datePublished":"2017-10-18T16:53:48-02:00","dateModified":"2017-10-18T16:53:48-02:00"},{"@type":"WebSite","@id":"https:\/\/www.jornalja.com.br\/arquivo\/#website","url":"https:\/\/www.jornalja.com.br\/arquivo\/","name":"Arquivo","description":"Jornal J\u00c1 | Porto Alegre","inLanguage":"pt-BR","publisher":{"@id":"https:\/\/www.jornalja.com.br\/arquivo\/#organization"}}]},"og:locale":"pt_BR","og:site_name":"Arquivo | Jornal J\u00c1 | Porto Alegre","og:type":"article","og:title":"Conselho da Funda\u00e7\u00e3o Piratini rejeita indica\u00e7\u00e3o do Governo \u00e0 presid\u00eancia | Arquivo","og:url":"https:\/\/www.jornalja.com.br\/arquivo\/conselho-da-fundacao-piratini-rejeita-indicacao-do-governo-a-presidencia\/","og:image":"https:\/\/www.jornalja.com.br\/economics\/wp-content\/uploads\/sites\/11\/2026\/08\/ja-folhaderosto-facebook.jpg","og:image:secure_url":"https:\/\/www.jornalja.com.br\/economics\/wp-content\/uploads\/sites\/11\/2026\/08\/ja-folhaderosto-facebook.jpg","article:published_time":"2017-10-18T19:53:48+00:00","article:modified_time":"2017-10-18T19:53:48+00:00","twitter:card":"summary","twitter:title":"Conselho da Funda\u00e7\u00e3o Piratini rejeita indica\u00e7\u00e3o do Governo \u00e0 presid\u00eancia | Arquivo","twitter:image":"https:\/\/www.jornalja.com.br\/economics\/wp-content\/uploads\/sites\/11\/2026\/08\/ja-folhaderosto-facebook.jpg"},"aioseo_meta_data":{"post_id":"56469","title":null,"description":null,"keywords":null,"keyphrases":null,"primary_term":null,"canonical_url":null,"og_title":null,"og_description":null,"og_object_type":"default","og_image_type":"default","og_image_url":null,"og_image_width":null,"og_image_height":null,"og_image_custom_url":null,"og_image_custom_fields":null,"og_video":null,"og_custom_url":null,"og_article_section":null,"og_article_tags":null,"twitter_use_og":false,"twitter_card":"default","twitter_image_type":"default","twitter_image_url":null,"twitter_image_custom_url":null,"twitter_image_custom_fields":null,"twitter_title":null,"twitter_description":null,"schema":{"blockGraphs":[],"customGraphs":[],"default":{"data":{"Article":[],"Course":[],"Dataset":[],"FAQPage":[],"Movie":[],"Person":[],"Product":[],"ProductReview":[],"Car":[],"Recipe":[],"Service":[],"SoftwareApplication":[],"WebPage":[]},"graphName":"","isEnabled":true},"graphs":[],"defaultGraph":"","defaultPostTypeGraph":""},"schema_type":null,"schema_type_options":null,"pillar_content":false,"robots_default":true,"robots_noindex":false,"robots_noarchive":false,"robots_nosnippet":false,"robots_nofollow":false,"robots_noimageindex":false,"robots_noodp":false,"robots_notranslate":false,"robots_max_snippet":null,"robots_max_videopreview":null,"robots_max_imagepreview":"large","priority":null,"frequency":null,"location":null,"local_seo":null,"breadcrumb_settings":null,"limit_modified_date":false,"ai":null,"created":"2020-12-20 20:21:53","updated":"2025-07-20 01:52:03","seo_analyzer_scan_date":null,"focus_keyword":null,"additional_keywords":null,"truseo_locale":null},"jetpack_sharing_enabled":true,"jetpack-related-posts":[{"id":13239,"url":"https:\/\/www.jornalja.com.br\/arquivo\/conselho-desdenha-do-plano-diretor\/","url_meta":{"origin":56469,"position":0},"title":"Porto Alegre: Conselho detona Plano Diretor","author":"Patr\u00edcia Marini","date":"25 de maio de 2014","format":false,"excerpt":"Den\u00fancia do arquiteto e \u00a0urbanista Ibir\u00e1 Santos Lucas. Ele diz que os conselheiros est\u00e3o votando com \"enorme irresponsabilidade\". \"Mudam regime com a maior naturalidade,,,regularizam absurdos de constru\u00e7\u00f5es irregulares... \"O CMDUA est\u00e1 flexibilizando a lei do plano diretor, de uma forma impactante na vida da cidade. Mudam regime com a maior\u2026","rel":"","context":"Em &quot;Geral&quot;","block_context":{"text":"Geral","link":"https:\/\/www.jornalja.com.br\/arquivo\/category\/geral\/"},"img":{"alt_text":"","src":"","width":0,"height":0},"classes":[]},{"id":13240,"url":"https:\/\/www.jornalja.com.br\/arquivo\/plano-diretor-estamos-construindo-o-caos\/","url_meta":{"origin":56469,"position":1},"title":"Plano diretor: &quot;Estamos construindo o caos&quot;","author":"Patr\u00edcia Marini","date":"26 de maio de 2014","format":false,"excerpt":"Desabafo que arquiteta Eliana Castilhos, delegada da Regi\u00e3o de Planejamento 1, postou nas redes sociais \u00e9 um testemunho do ambiente que se criou no Conselho do Plano Diretor de Porto Alegre, onde a aprova\u00e7\u00e3o de grandes empreendimentos \u00e9 empurrada guela abaixo dos conselheiros. Ao CMDUA Como delegada da Regi\u00e3o de\u2026","rel":"","context":"Em &quot;Geral&quot;","block_context":{"text":"Geral","link":"https:\/\/www.jornalja.com.br\/arquivo\/category\/geral\/"},"img":{"alt_text":"","src":"","width":0,"height":0},"classes":[]}],"jetpack_shortlink":"https:\/\/wp.me\/pbQjBd-eGN","jetpack_featured_media_url":"","_links":{"self":[{"href":"https:\/\/www.jornalja.com.br\/arquivo\/wp-json\/wp\/v2\/posts\/56469","targetHints":{"allow":["GET"]}}],"collection":[{"href":"https:\/\/www.jornalja.com.br\/arquivo\/wp-json\/wp\/v2\/posts"}],"about":[{"href":"https:\/\/www.jornalja.com.br\/arquivo\/wp-json\/wp\/v2\/types\/post"}],"author":[{"embeddable":true,"href":"https:\/\/www.jornalja.com.br\/arquivo\/wp-json\/wp\/v2\/users\/4"}],"replies":[{"embeddable":true,"href":"https:\/\/www.jornalja.com.br\/arquivo\/wp-json\/wp\/v2\/comments?post=56469"}],"version-history":[{"count":0,"href":"https:\/\/www.jornalja.com.br\/arquivo\/wp-json\/wp\/v2\/posts\/56469\/revisions"}],"wp:attachment":[{"href":"https:\/\/www.jornalja.com.br\/arquivo\/wp-json\/wp\/v2\/media?parent=56469"}],"wp:term":[{"taxonomy":"category","embeddable":true,"href":"https:\/\/www.jornalja.com.br\/arquivo\/wp-json\/wp\/v2\/categories?post=56469"},{"taxonomy":"post_tag","embeddable":true,"href":"https:\/\/www.jornalja.com.br\/arquivo\/wp-json\/wp\/v2\/tags?post=56469"}],"curies":[{"name":"wp","href":"https:\/\/api.w.org\/{rel}","templated":true}]}}