{"id":56492,"date":"2017-10-18T18:35:11","date_gmt":"2017-10-18T21:35:11","guid":{"rendered":"https:\/\/www.jornalja.com.br\/?p=56492"},"modified":"2017-10-18T18:35:11","modified_gmt":"2017-10-18T21:35:11","slug":"presidente-do-tjrs-considera-inconstitucional-parte-do-plano-do-regime-de-recuperacao-fiscal","status":"publish","type":"post","link":"https:\/\/www.jornalja.com.br\/arquivo\/presidente-do-tjrs-considera-inconstitucional-parte-do-plano-do-regime-de-recuperacao-fiscal\/","title":{"rendered":"Presidente do TJ\/RS considera inconstitucional parte do plano do Regime de Recupera\u00e7\u00e3o Fiscal"},"content":{"rendered":"<p><figure id=\"attachment_56493\" aria-describedby=\"caption-attachment-56493\" style=\"width: 400px\" class=\"wp-caption alignnone\"><img loading=\"lazy\" decoding=\"async\" class=\"size-medium wp-image-56493\" src=\"https:\/\/www.jornalja.com.br\/wp-content\/uploads\/2017\/10\/222772_G-400x267.jpg\" alt=\"\" width=\"400\" height=\"267\" \/><figcaption id=\"caption-attachment-56493\" class=\"wp-caption-text\">Presidente do Tribunal de Justi\u00e7a Luiz Felipe Difini teve encontro com deputados de Frente Parlamentar que analisa ades\u00e3o do RS ao Regime de Recupera\u00e7\u00e3o Fiscal \/ Caco Argemi \/ ALRS<\/figcaption><\/figure><br \/>\nEm audi\u00eancia realizada na presid\u00eancia da Assembleia Legislativa, o presidente do Tribunal de Justi\u00e7a do Rio Grande do Sul, desembargador Luiz Felipe Silveira Difini, afirmou ver com preocupa\u00e7\u00e3o &#8211; e at\u00e9 mesmo inconstitucional \u2013 ao menos dois pontos previstos na proposta do governo federal para que o RS venha aderir ao plano de ades\u00e3o do Estado ao Regime de Recupera\u00e7\u00e3o Fiscal (RRF).<br \/>\nSegundo Difini, a cl\u00e1usula que pro\u00edbe as nomea\u00e7\u00f5es de novos servidores e a que prev\u00ea a retirada de todas as a\u00e7\u00f5es judiciais que questionam o passivo do Estado s\u00e3o problem\u00e1ticas. Para o desembargador, tamb\u00e9m \u00e9 fundamental que eventual ades\u00e3o ao RRF seja objeto de um amplo debate com toda a sociedade. &#8220;Parece haver consenso de que a quest\u00e3o da d\u00edvida seja de alguma forma equacionada. Mas algumas quest\u00f5es nos preocupam, como a que condiciona a retirada das a\u00e7\u00f5es que s\u00e3o movidas questionando a pr\u00f3pria d\u00edvida, que nos parece ferir a Constitui\u00e7\u00e3o, pois esta garante a todos o acesso \u00e0 Justi\u00e7a. Tamb\u00e9m \u00e9 nossa preocupa\u00e7\u00e3o a disposi\u00e7\u00e3o da lei que limita nomea\u00e7\u00f5es em todos os \u00f3rg\u00e3os por um per\u00edodo de seis anos, o que no caso do Judici\u00e1rio ir\u00e1 precarizar o acesso e o servi\u00e7o prestado \u00e0 sociedade ga\u00facha&#8221;, afirmou, destacando que ambos devem ser privilegiados no debate.<br \/>\nEm rela\u00e7\u00e3o a Lei Kandir, Difini afirmou que o instrumento de compensar valores devidos e a receber quando de um acerto de contas \u00e9 uma disposi\u00e7\u00e3o prevista no C\u00f3digo Civil, mas a dificuldade hoje \u00e9 &#8220;que o valor a que temos a receber ainda n\u00e3o est\u00e1 quantificado, se isso vai abranger o passado, em que termos, em que tempo&#8221;. E justamente porque ainda n\u00e3o terminou o prazo fixado pelo STF para que o Congresso Nacional para delibere sobre a quest\u00e3o (ele termina em 30 de novembro), \u00e9 que o desembargador fez um apelo. &#8220;\u00c9 importante que o legislativo federal dispusesse sobre a quest\u00e3o. \u00c9 um apelo que devemos fazer \u00e0 nossa bancada federal e \u00e0 dos estados atingidos pela medida, pois n\u00e3o fazer isso \u00e9 abrir m\u00e3o do poder de um \u00f3rg\u00e3o de representa\u00e7\u00e3o pol\u00edtica da sociedade. O Tribunal de Contas \u00e9 importante, mas n\u00e3o tem o mesmo car\u00e1ter representativo do Congresso&#8221;, declarou.<\/p>\n<div id=\"dvtextodestaque\" dir=\"ltr\">\n&#8220;N\u00f3s vamos nacionalizar esse debate atrav\u00e9s de uma articula\u00e7\u00e3o com a Unale (Uni\u00e3o Nacional dos Legisladores e Legislativos Estaduais) para que, principalmente, os 16 estados que s\u00e3o os principais exportadores possam unir as suas bancadas nesse momento, pois o prazo final est\u00e1 chegando. Como \u00e9 uma decis\u00e3o pol\u00edtica tem de haver uma movimenta\u00e7\u00e3o pol\u00edtica nesse sentido&#8221;, pontuou o presidente da Assembleia, deputado Edegar Pretto (PT), destacando que a quest\u00e3o \u00e9 algo muito importante para a vida do RS &#8220;n\u00e3o somente para hoje e para amanh\u00e3, mas para um futuro longo. Diminuir o estado n\u00e3o \u00e9 o melhor caminho&#8221;, disse.<br \/>\nIndagado sobre como avaliar todo o processo se o pr\u00f3prio Executivo estadual n\u00e3o abre para a sociedade todos os n\u00fameros do Estado, incluindo os relacionados aos incentivos fiscais, sonega\u00e7\u00e3o, entre outros, Difini foi claro. &#8220;Eu acho que os n\u00fameros da Receita, inclusive existem a\u00e7\u00f5es judiciais postas para isso, devem ser totalmente transparentes. N\u00e3o se admite hoje, em que h\u00e1 um movimento grande pela transpar\u00eancia na sociedade, n\u00e3o vejo justificativa para que sejam p\u00fablicos os sal\u00e1rios dos servidores e n\u00e3o sejam as isen\u00e7\u00f5es concedidas a empresas&#8221;, pontuou o presidente do TJ, destacando ser esse momento importante para que o programa de recupera\u00e7\u00e3o fiscal, e eventual ades\u00e3o a ele, possa ser objeto de um amplo debate com toda a sociedade.<br \/>\nParticiparam tamb\u00e9m da audi\u00eancia o subdefensor p\u00fablico-geral do RS, Ant\u00f4nio Flavio de Oliveira, al\u00e9m de deputados que integram a Frente Parlamentar de Acompanhamento da Ades\u00e3o do Rio Grande do Sul ao Regime de Recupera\u00e7\u00e3o Fiscal, entre eles o seu presidente, o deputado Lu\u00eds Augusto Lara (PTB).\n<\/div>\n<p>&nbsp;<\/p>\n","protected":false},"excerpt":{"rendered":"<p>Em audi\u00eancia realizada na presid\u00eancia da Assembleia Legislativa, o presidente do Tribunal de Justi\u00e7a do Rio Grande do Sul, desembargador Luiz Felipe Silveira Difini, afirmou ver com preocupa\u00e7\u00e3o &#8211; e at\u00e9 mesmo inconstitucional \u2013 ao menos dois pontos previstos na proposta do governo federal para que o RS venha aderir ao plano de ades\u00e3o do [&hellip;]<\/p>\n","protected":false},"author":4,"featured_media":0,"comment_status":"open","ping_status":"closed","sticky":false,"template":"","format":"standard","meta":{"_jetpack_newsletter_access":"","_jetpack_dont_email_post_to_subs":false,"_jetpack_newsletter_tier_id":0,"_jetpack_memberships_contains_paywalled_content":false,"_jetpack_feature_clip_id":0,"_jetpack_memberships_contains_paid_content":false,"footnotes":"","jetpack_post_was_ever_published":false},"categories":[2022],"tags":[],"class_list":["post-56492","post","type-post","status-publish","format-standard","hentry","category-notas"],"aioseo_notices":[],"aioseo_head":"\n\t\t<!-- All in One SEO 5.0.1.1 - aioseo.com -->\n\t<meta name=\"robots\" content=\"max-image-preview:large\" \/>\n\t<meta name=\"author\" content=\"da Reda\u00e7\u00e3o\"\/>\n\t<link rel=\"canonical\" href=\"https:\/\/www.jornalja.com.br\/arquivo\/presidente-do-tjrs-considera-inconstitucional-parte-do-plano-do-regime-de-recuperacao-fiscal\/\" \/>\n\t<meta name=\"generator\" content=\"All in One SEO (AIOSEO) 5.0.1.1\" \/>\n\t\t<meta property=\"og:locale\" content=\"pt_BR\" \/>\n\t\t<meta property=\"og:site_name\" content=\"Arquivo | Jornal J\u00c1 | Porto Alegre\" \/>\n\t\t<meta property=\"og:type\" content=\"article\" \/>\n\t\t<meta property=\"og:title\" content=\"Presidente do TJ\/RS considera inconstitucional parte do plano do Regime de Recupera\u00e7\u00e3o Fiscal | Arquivo\" \/>\n\t\t<meta property=\"og:url\" content=\"https:\/\/www.jornalja.com.br\/arquivo\/presidente-do-tjrs-considera-inconstitucional-parte-do-plano-do-regime-de-recuperacao-fiscal\/\" \/>\n\t\t<meta property=\"og:image\" content=\"https:\/\/www.jornalja.com.br\/wp-content\/uploads\/2017\/10\/222772_G-400x267.jpg\" \/>\n\t\t<meta property=\"og:image:secure_url\" content=\"https:\/\/www.jornalja.com.br\/wp-content\/uploads\/2017\/10\/222772_G-400x267.jpg\" \/>\n\t\t<meta property=\"article:published_time\" content=\"2017-10-18T21:35:11+00:00\" \/>\n\t\t<meta property=\"article:modified_time\" content=\"2017-10-18T21:35:11+00:00\" \/>\n\t\t<meta name=\"twitter:card\" content=\"summary\" \/>\n\t\t<meta name=\"twitter:title\" content=\"Presidente do TJ\/RS considera inconstitucional parte do plano do Regime de Recupera\u00e7\u00e3o Fiscal | Arquivo\" \/>\n\t\t<meta name=\"twitter:image\" content=\"https:\/\/www.jornalja.com.br\/economics\/wp-content\/uploads\/sites\/11\/2026\/08\/ja-folhaderosto-facebook.jpg\" \/>\n\t\t<script type=\"application\/ld+json\" class=\"aioseo-schema\">\n\t\t\t{\"@context\":\"https:\\\/\\\/schema.org\",\"@graph\":[{\"@type\":\"BlogPosting\",\"@id\":\"https:\\\/\\\/www.jornalja.com.br\\\/arquivo\\\/presidente-do-tjrs-considera-inconstitucional-parte-do-plano-do-regime-de-recuperacao-fiscal\\\/#blogposting\",\"name\":\"Presidente do TJ\\\/RS considera inconstitucional parte do plano do Regime de Recupera\\u00e7\\u00e3o Fiscal | Arquivo\",\"headline\":\"Presidente do TJ\\\/RS considera inconstitucional parte do plano do Regime de Recupera\\u00e7\\u00e3o Fiscal\",\"author\":{\"@id\":\"https:\\\/\\\/www.jornalja.com.br\\\/arquivo\\\/author\\\/daredacao\\\/#author\"},\"publisher\":{\"@id\":\"https:\\\/\\\/www.jornalja.com.br\\\/arquivo\\\/#organization\"},\"image\":{\"@type\":\"ImageObject\",\"url\":\"https:\\\/\\\/www.jornalja.com.br\\\/wp-content\\\/uploads\\\/2017\\\/10\\\/222772_G-400x267.jpg\",\"@id\":\"https:\\\/\\\/www.jornalja.com.br\\\/arquivo\\\/presidente-do-tjrs-considera-inconstitucional-parte-do-plano-do-regime-de-recuperacao-fiscal\\\/#articleImage\"},\"datePublished\":\"2017-10-18T18:35:11-02:00\",\"dateModified\":\"2017-10-18T18:35:11-02:00\",\"inLanguage\":\"pt-BR\",\"mainEntityOfPage\":{\"@id\":\"https:\\\/\\\/www.jornalja.com.br\\\/arquivo\\\/presidente-do-tjrs-considera-inconstitucional-parte-do-plano-do-regime-de-recuperacao-fiscal\\\/#webpage\"},\"isPartOf\":{\"@id\":\"https:\\\/\\\/www.jornalja.com.br\\\/arquivo\\\/presidente-do-tjrs-considera-inconstitucional-parte-do-plano-do-regime-de-recuperacao-fiscal\\\/#webpage\"},\"articleSection\":\"NOTAS\"},{\"@type\":\"BreadcrumbList\",\"@id\":\"https:\\\/\\\/www.jornalja.com.br\\\/arquivo\\\/presidente-do-tjrs-considera-inconstitucional-parte-do-plano-do-regime-de-recuperacao-fiscal\\\/#breadcrumblist\",\"itemListElement\":[{\"@type\":\"ListItem\",\"@id\":\"https:\\\/\\\/www.jornalja.com.br\\\/arquivo#listItem\",\"position\":1,\"name\":\"Home\",\"item\":\"https:\\\/\\\/www.jornalja.com.br\\\/arquivo\",\"nextItem\":{\"@type\":\"ListItem\",\"@id\":\"https:\\\/\\\/www.jornalja.com.br\\\/arquivo\\\/category\\\/notas\\\/#listItem\",\"name\":\"NOTAS\"}},{\"@type\":\"ListItem\",\"@id\":\"https:\\\/\\\/www.jornalja.com.br\\\/arquivo\\\/category\\\/notas\\\/#listItem\",\"position\":2,\"name\":\"NOTAS\",\"item\":\"https:\\\/\\\/www.jornalja.com.br\\\/arquivo\\\/category\\\/notas\\\/\",\"nextItem\":{\"@type\":\"ListItem\",\"@id\":\"https:\\\/\\\/www.jornalja.com.br\\\/arquivo\\\/presidente-do-tjrs-considera-inconstitucional-parte-do-plano-do-regime-de-recuperacao-fiscal\\\/#listItem\",\"name\":\"Presidente do TJ\\\/RS considera inconstitucional parte do plano do Regime de Recupera\\u00e7\\u00e3o Fiscal\"},\"previousItem\":{\"@type\":\"ListItem\",\"@id\":\"https:\\\/\\\/www.jornalja.com.br\\\/arquivo#listItem\",\"name\":\"Home\"}},{\"@type\":\"ListItem\",\"@id\":\"https:\\\/\\\/www.jornalja.com.br\\\/arquivo\\\/presidente-do-tjrs-considera-inconstitucional-parte-do-plano-do-regime-de-recuperacao-fiscal\\\/#listItem\",\"position\":3,\"name\":\"Presidente do TJ\\\/RS considera inconstitucional parte do plano do Regime de Recupera\\u00e7\\u00e3o Fiscal\",\"previousItem\":{\"@type\":\"ListItem\",\"@id\":\"https:\\\/\\\/www.jornalja.com.br\\\/arquivo\\\/category\\\/notas\\\/#listItem\",\"name\":\"NOTAS\"}}]},{\"@type\":\"Organization\",\"@id\":\"https:\\\/\\\/www.jornalja.com.br\\\/arquivo\\\/#organization\",\"name\":\"Jornal J\\u00c1\",\"description\":\"Jornal J\\u00c1 | Porto Alegre\",\"url\":\"https:\\\/\\\/www.jornalja.com.br\\\/arquivo\\\/\",\"telephone\":\"+555133307272\",\"logo\":{\"@type\":\"ImageObject\",\"url\":\"https:\\\/\\\/www.jornalja.com.br\\\/wp-content\\\/uploads\\\/cards\\\/JAslogan.png\",\"@id\":\"https:\\\/\\\/www.jornalja.com.br\\\/arquivo\\\/presidente-do-tjrs-considera-inconstitucional-parte-do-plano-do-regime-de-recuperacao-fiscal\\\/#organizationLogo\"},\"image\":{\"@id\":\"https:\\\/\\\/www.jornalja.com.br\\\/arquivo\\\/presidente-do-tjrs-considera-inconstitucional-parte-do-plano-do-regime-de-recuperacao-fiscal\\\/#organizationLogo\"}},{\"@type\":\"Person\",\"@id\":\"https:\\\/\\\/www.jornalja.com.br\\\/arquivo\\\/author\\\/daredacao\\\/#author\",\"url\":\"https:\\\/\\\/www.jornalja.com.br\\\/arquivo\\\/author\\\/daredacao\\\/\",\"name\":\"da Reda\\u00e7\\u00e3o\",\"image\":{\"@type\":\"ImageObject\",\"@id\":\"https:\\\/\\\/www.jornalja.com.br\\\/arquivo\\\/presidente-do-tjrs-considera-inconstitucional-parte-do-plano-do-regime-de-recuperacao-fiscal\\\/#authorImage\",\"url\":\"https:\\\/\\\/secure.gravatar.com\\\/avatar\\\/469fd857d6605ad19919d27ed29d35a968a25f6e8fd9318356bbb7f57aae9c65?s=96&d=mm&r=g\",\"width\":96,\"height\":96,\"caption\":\"da Reda\\u00e7\\u00e3o\"}},{\"@type\":\"WebPage\",\"@id\":\"https:\\\/\\\/www.jornalja.com.br\\\/arquivo\\\/presidente-do-tjrs-considera-inconstitucional-parte-do-plano-do-regime-de-recuperacao-fiscal\\\/#webpage\",\"url\":\"https:\\\/\\\/www.jornalja.com.br\\\/arquivo\\\/presidente-do-tjrs-considera-inconstitucional-parte-do-plano-do-regime-de-recuperacao-fiscal\\\/\",\"name\":\"Presidente do TJ\\\/RS considera inconstitucional parte do plano do Regime de Recupera\\u00e7\\u00e3o Fiscal | Arquivo\",\"inLanguage\":\"pt-BR\",\"isPartOf\":{\"@id\":\"https:\\\/\\\/www.jornalja.com.br\\\/arquivo\\\/#website\"},\"breadcrumb\":{\"@id\":\"https:\\\/\\\/www.jornalja.com.br\\\/arquivo\\\/presidente-do-tjrs-considera-inconstitucional-parte-do-plano-do-regime-de-recuperacao-fiscal\\\/#breadcrumblist\"},\"author\":{\"@id\":\"https:\\\/\\\/www.jornalja.com.br\\\/arquivo\\\/author\\\/daredacao\\\/#author\"},\"creator\":{\"@id\":\"https:\\\/\\\/www.jornalja.com.br\\\/arquivo\\\/author\\\/daredacao\\\/#author\"},\"datePublished\":\"2017-10-18T18:35:11-02:00\",\"dateModified\":\"2017-10-18T18:35:11-02:00\"},{\"@type\":\"WebSite\",\"@id\":\"https:\\\/\\\/www.jornalja.com.br\\\/arquivo\\\/#website\",\"url\":\"https:\\\/\\\/www.jornalja.com.br\\\/arquivo\\\/\",\"name\":\"Arquivo\",\"description\":\"Jornal J\\u00c1 | Porto Alegre\",\"inLanguage\":\"pt-BR\",\"publisher\":{\"@id\":\"https:\\\/\\\/www.jornalja.com.br\\\/arquivo\\\/#organization\"}}]}\n\t\t<\/script>\n\t\t<!-- All in One SEO -->\n\n","aioseo_head_json":{"title":"Presidente do TJ\/RS considera inconstitucional parte do plano do Regime de Recupera\u00e7\u00e3o Fiscal | Arquivo","description":"","canonical_url":"https:\/\/www.jornalja.com.br\/arquivo\/presidente-do-tjrs-considera-inconstitucional-parte-do-plano-do-regime-de-recuperacao-fiscal\/","robots":"max-image-preview:large","keywords":"","webmasterTools":{"miscellaneous":""},"schema":{"@context":"https:\/\/schema.org","@graph":[{"@type":"BlogPosting","@id":"https:\/\/www.jornalja.com.br\/arquivo\/presidente-do-tjrs-considera-inconstitucional-parte-do-plano-do-regime-de-recuperacao-fiscal\/#blogposting","name":"Presidente do TJ\/RS considera inconstitucional parte do plano do Regime de Recupera\u00e7\u00e3o Fiscal | Arquivo","headline":"Presidente do TJ\/RS considera inconstitucional parte do plano do Regime de Recupera\u00e7\u00e3o Fiscal","author":{"@id":"https:\/\/www.jornalja.com.br\/arquivo\/author\/daredacao\/#author"},"publisher":{"@id":"https:\/\/www.jornalja.com.br\/arquivo\/#organization"},"image":{"@type":"ImageObject","url":"https:\/\/www.jornalja.com.br\/wp-content\/uploads\/2017\/10\/222772_G-400x267.jpg","@id":"https:\/\/www.jornalja.com.br\/arquivo\/presidente-do-tjrs-considera-inconstitucional-parte-do-plano-do-regime-de-recuperacao-fiscal\/#articleImage"},"datePublished":"2017-10-18T18:35:11-02:00","dateModified":"2017-10-18T18:35:11-02:00","inLanguage":"pt-BR","mainEntityOfPage":{"@id":"https:\/\/www.jornalja.com.br\/arquivo\/presidente-do-tjrs-considera-inconstitucional-parte-do-plano-do-regime-de-recuperacao-fiscal\/#webpage"},"isPartOf":{"@id":"https:\/\/www.jornalja.com.br\/arquivo\/presidente-do-tjrs-considera-inconstitucional-parte-do-plano-do-regime-de-recuperacao-fiscal\/#webpage"},"articleSection":"NOTAS"},{"@type":"BreadcrumbList","@id":"https:\/\/www.jornalja.com.br\/arquivo\/presidente-do-tjrs-considera-inconstitucional-parte-do-plano-do-regime-de-recuperacao-fiscal\/#breadcrumblist","itemListElement":[{"@type":"ListItem","@id":"https:\/\/www.jornalja.com.br\/arquivo#listItem","position":1,"name":"Home","item":"https:\/\/www.jornalja.com.br\/arquivo","nextItem":{"@type":"ListItem","@id":"https:\/\/www.jornalja.com.br\/arquivo\/category\/notas\/#listItem","name":"NOTAS"}},{"@type":"ListItem","@id":"https:\/\/www.jornalja.com.br\/arquivo\/category\/notas\/#listItem","position":2,"name":"NOTAS","item":"https:\/\/www.jornalja.com.br\/arquivo\/category\/notas\/","nextItem":{"@type":"ListItem","@id":"https:\/\/www.jornalja.com.br\/arquivo\/presidente-do-tjrs-considera-inconstitucional-parte-do-plano-do-regime-de-recuperacao-fiscal\/#listItem","name":"Presidente do TJ\/RS considera inconstitucional parte do plano do Regime de Recupera\u00e7\u00e3o Fiscal"},"previousItem":{"@type":"ListItem","@id":"https:\/\/www.jornalja.com.br\/arquivo#listItem","name":"Home"}},{"@type":"ListItem","@id":"https:\/\/www.jornalja.com.br\/arquivo\/presidente-do-tjrs-considera-inconstitucional-parte-do-plano-do-regime-de-recuperacao-fiscal\/#listItem","position":3,"name":"Presidente do TJ\/RS considera inconstitucional parte do plano do Regime de Recupera\u00e7\u00e3o Fiscal","previousItem":{"@type":"ListItem","@id":"https:\/\/www.jornalja.com.br\/arquivo\/category\/notas\/#listItem","name":"NOTAS"}}]},{"@type":"Organization","@id":"https:\/\/www.jornalja.com.br\/arquivo\/#organization","name":"Jornal J\u00c1","description":"Jornal J\u00c1 | Porto Alegre","url":"https:\/\/www.jornalja.com.br\/arquivo\/","telephone":"+555133307272","logo":{"@type":"ImageObject","url":"https:\/\/www.jornalja.com.br\/wp-content\/uploads\/cards\/JAslogan.png","@id":"https:\/\/www.jornalja.com.br\/arquivo\/presidente-do-tjrs-considera-inconstitucional-parte-do-plano-do-regime-de-recuperacao-fiscal\/#organizationLogo"},"image":{"@id":"https:\/\/www.jornalja.com.br\/arquivo\/presidente-do-tjrs-considera-inconstitucional-parte-do-plano-do-regime-de-recuperacao-fiscal\/#organizationLogo"}},{"@type":"Person","@id":"https:\/\/www.jornalja.com.br\/arquivo\/author\/daredacao\/#author","url":"https:\/\/www.jornalja.com.br\/arquivo\/author\/daredacao\/","name":"da Reda\u00e7\u00e3o","image":{"@type":"ImageObject","@id":"https:\/\/www.jornalja.com.br\/arquivo\/presidente-do-tjrs-considera-inconstitucional-parte-do-plano-do-regime-de-recuperacao-fiscal\/#authorImage","url":"https:\/\/secure.gravatar.com\/avatar\/469fd857d6605ad19919d27ed29d35a968a25f6e8fd9318356bbb7f57aae9c65?s=96&d=mm&r=g","width":96,"height":96,"caption":"da Reda\u00e7\u00e3o"}},{"@type":"WebPage","@id":"https:\/\/www.jornalja.com.br\/arquivo\/presidente-do-tjrs-considera-inconstitucional-parte-do-plano-do-regime-de-recuperacao-fiscal\/#webpage","url":"https:\/\/www.jornalja.com.br\/arquivo\/presidente-do-tjrs-considera-inconstitucional-parte-do-plano-do-regime-de-recuperacao-fiscal\/","name":"Presidente do TJ\/RS considera inconstitucional parte do plano do Regime de Recupera\u00e7\u00e3o Fiscal | Arquivo","inLanguage":"pt-BR","isPartOf":{"@id":"https:\/\/www.jornalja.com.br\/arquivo\/#website"},"breadcrumb":{"@id":"https:\/\/www.jornalja.com.br\/arquivo\/presidente-do-tjrs-considera-inconstitucional-parte-do-plano-do-regime-de-recuperacao-fiscal\/#breadcrumblist"},"author":{"@id":"https:\/\/www.jornalja.com.br\/arquivo\/author\/daredacao\/#author"},"creator":{"@id":"https:\/\/www.jornalja.com.br\/arquivo\/author\/daredacao\/#author"},"datePublished":"2017-10-18T18:35:11-02:00","dateModified":"2017-10-18T18:35:11-02:00"},{"@type":"WebSite","@id":"https:\/\/www.jornalja.com.br\/arquivo\/#website","url":"https:\/\/www.jornalja.com.br\/arquivo\/","name":"Arquivo","description":"Jornal J\u00c1 | Porto Alegre","inLanguage":"pt-BR","publisher":{"@id":"https:\/\/www.jornalja.com.br\/arquivo\/#organization"}}]},"og:locale":"pt_BR","og:site_name":"Arquivo | Jornal J\u00c1 | Porto Alegre","og:type":"article","og:title":"Presidente do TJ\/RS considera inconstitucional parte do plano do Regime de Recupera\u00e7\u00e3o Fiscal | Arquivo","og:url":"https:\/\/www.jornalja.com.br\/arquivo\/presidente-do-tjrs-considera-inconstitucional-parte-do-plano-do-regime-de-recuperacao-fiscal\/","og:image":"https:\/\/www.jornalja.com.br\/wp-content\/uploads\/2017\/10\/222772_G-400x267.jpg","og:image:secure_url":"https:\/\/www.jornalja.com.br\/wp-content\/uploads\/2017\/10\/222772_G-400x267.jpg","article:published_time":"2017-10-18T21:35:11+00:00","article:modified_time":"2017-10-18T21:35:11+00:00","twitter:card":"summary","twitter:title":"Presidente do TJ\/RS considera inconstitucional parte do plano do Regime de Recupera\u00e7\u00e3o Fiscal | Arquivo","twitter:image":"https:\/\/www.jornalja.com.br\/economics\/wp-content\/uploads\/sites\/11\/2026\/08\/ja-folhaderosto-facebook.jpg"},"aioseo_meta_data":{"post_id":"56492","title":null,"description":null,"keywords":null,"keyphrases":null,"primary_term":null,"canonical_url":null,"og_title":null,"og_description":null,"og_object_type":"default","og_image_type":"default","og_image_url":null,"og_image_width":null,"og_image_height":null,"og_image_custom_url":null,"og_image_custom_fields":null,"og_video":null,"og_custom_url":null,"og_article_section":null,"og_article_tags":null,"twitter_use_og":false,"twitter_card":"default","twitter_image_type":"default","twitter_image_url":null,"twitter_image_custom_url":null,"twitter_image_custom_fields":null,"twitter_title":null,"twitter_description":null,"schema":{"blockGraphs":[],"customGraphs":[],"default":{"data":{"Article":[],"Course":[],"Dataset":[],"FAQPage":[],"Movie":[],"Person":[],"Product":[],"ProductReview":[],"Car":[],"Recipe":[],"Service":[],"SoftwareApplication":[],"WebPage":[]},"graphName":"","isEnabled":true},"graphs":[],"defaultGraph":"","defaultPostTypeGraph":""},"schema_type":null,"schema_type_options":null,"pillar_content":false,"robots_default":true,"robots_noindex":false,"robots_noarchive":false,"robots_nosnippet":false,"robots_nofollow":false,"robots_noimageindex":false,"robots_noodp":false,"robots_notranslate":false,"robots_max_snippet":null,"robots_max_videopreview":null,"robots_max_imagepreview":"large","priority":null,"frequency":null,"location":null,"local_seo":null,"breadcrumb_settings":null,"limit_modified_date":false,"ai":null,"created":"2020-12-20 20:21:53","updated":"2025-07-20 01:52:03","seo_analyzer_scan_date":null,"focus_keyword":null,"additional_keywords":null,"truseo_locale":null},"jetpack_sharing_enabled":true,"jetpack-related-posts":[{"id":13239,"url":"https:\/\/www.jornalja.com.br\/arquivo\/conselho-desdenha-do-plano-diretor\/","url_meta":{"origin":56492,"position":0},"title":"Porto Alegre: Conselho detona Plano Diretor","author":"Patr\u00edcia Marini","date":"25 de maio de 2014","format":false,"excerpt":"Den\u00fancia do arquiteto e \u00a0urbanista Ibir\u00e1 Santos Lucas. Ele diz que os conselheiros est\u00e3o votando com \"enorme irresponsabilidade\". \"Mudam regime com a maior naturalidade,,,regularizam absurdos de constru\u00e7\u00f5es irregulares... \"O CMDUA est\u00e1 flexibilizando a lei do plano diretor, de uma forma impactante na vida da cidade. Mudam regime com a maior\u2026","rel":"","context":"Em &quot;Geral&quot;","block_context":{"text":"Geral","link":"https:\/\/www.jornalja.com.br\/arquivo\/category\/geral\/"},"img":{"alt_text":"","src":"","width":0,"height":0},"classes":[]},{"id":13128,"url":"https:\/\/www.jornalja.com.br\/arquivo\/maconha-terra-diz-que-uso-medicinal-e-desculpa\/","url_meta":{"origin":56492,"position":1},"title":"Maconha: Terra diz que uso medicinal \u00e9 desculpa","author":"Patr\u00edcia Marini","date":"4 de junho de 2014","format":false,"excerpt":"A condi\u00e7\u00e3o de pol\u00edtico, em \u00e9poca de campanha de campanha eleitoral, tira for\u00e7a do discurso do m\u00e9dico Osmar Terra contra a legaliza\u00e7\u00e3o da maconha. A tese dele de que a libera\u00e7\u00e3o vai ampliar exponencialmente o consumo \u00e9 discutivel, o consumo \u00e9 corrente. Mas seus alertas quanto aos riscos tem que\u2026","rel":"","context":"Em &quot;X.Categorias velhas&quot;","block_context":{"text":"X.Categorias velhas","link":"https:\/\/www.jornalja.com.br\/arquivo\/category\/x-categorias-velhas\/"},"img":{"alt_text":"","src":"","width":0,"height":0},"classes":[]},{"id":13109,"url":"https:\/\/www.jornalja.com.br\/arquivo\/judiciario-reconhece-poluicao-eletromagnetica\/","url_meta":{"origin":56492,"position":2},"title":"Judici\u00e1rio reconhece polui\u00e7\u00e3o eletromagn\u00e9tica","author":"Patr\u00edcia Marini","date":"16 de maio de 2014","format":false,"excerpt":"A\u00e7\u00e3o de duas associa\u00e7\u00f5es de moradores foi acolhida pelo Tribunal de Justi\u00e7a de S\u00e3o Paulo que. em decis\u00e3o in\u00e9dita, determinou a redu\u00e7\u00e3o do campo eletromagn\u00e9tico gerado pelas linhas de transmiss\u00e3o de energia que cortam os bairros City Boa\u00e7ava e Alto de Pinheiros. \u00c9 a primeira vez que um tribunal do\u2026","rel":"","context":"Em &quot;X.Categorias velhas&quot;","block_context":{"text":"X.Categorias velhas","link":"https:\/\/www.jornalja.com.br\/arquivo\/category\/x-categorias-velhas\/"},"img":{"alt_text":"","src":"","width":0,"height":0},"classes":[]},{"id":13240,"url":"https:\/\/www.jornalja.com.br\/arquivo\/plano-diretor-estamos-construindo-o-caos\/","url_meta":{"origin":56492,"position":3},"title":"Plano diretor: &quot;Estamos construindo o caos&quot;","author":"Patr\u00edcia Marini","date":"26 de maio de 2014","format":false,"excerpt":"Desabafo que arquiteta Eliana Castilhos, delegada da Regi\u00e3o de Planejamento 1, postou nas redes sociais \u00e9 um testemunho do ambiente que se criou no Conselho do Plano Diretor de Porto Alegre, onde a aprova\u00e7\u00e3o de grandes empreendimentos \u00e9 empurrada guela abaixo dos conselheiros. Ao CMDUA Como delegada da Regi\u00e3o de\u2026","rel":"","context":"Em &quot;Geral&quot;","block_context":{"text":"Geral","link":"https:\/\/www.jornalja.com.br\/arquivo\/category\/geral\/"},"img":{"alt_text":"","src":"","width":0,"height":0},"classes":[]},{"id":13124,"url":"https:\/\/www.jornalja.com.br\/arquivo\/sangue-latino-no-iecine\/","url_meta":{"origin":56492,"position":4},"title":"Sangue latino no IECINE","author":"da Reda\u00e7\u00e3o","date":"18 de maio de 2014","format":false,"excerpt":"Francisco Ribeiro O Instituto Estadual de Cinema (IECINE) tem a frente, desde abril \u00faltimo, um novo diretor, o cineasta colombiano Juan Zapata, 36, que substitui Luiz Alberto Cassol. Radicado h\u00e1 dez anos em Porto Alegre, Zapata tem diante de si o desafio de conduzir at\u00e9 o final do ano um\u2026","rel":"","context":"Em &quot;Cultura-Geral&quot;","block_context":{"text":"Cultura-Geral","link":"https:\/\/www.jornalja.com.br\/arquivo\/category\/materiasecundaria\/"},"img":{"alt_text":"","src":"","width":0,"height":0},"classes":[]},{"id":5440,"url":"https:\/\/www.jornalja.com.br\/arquivo\/casarao-da-venancio-destino-permanece-incerto\/","url_meta":{"origin":56492,"position":5},"title":"Estado ainda n\u00e3o sabe o que fazer com casar\u00e3o abandonado h\u00e1 20 anos","author":"Elmar Bones","date":"6 de julho de 2009","format":false,"excerpt":"O casar\u00e3o amarelo, numa esquina nobre de Porto Alegre (Ven\u00e2ncio Aires com Jo\u00e3o Pessoa), j\u00e1 abrigou uma escola. H\u00e1 duas d\u00e9cadas, pelo menos, est\u00e1 abandonado, porque seu propriet\u00e1rio, o governo do Estado do Rio Grande do Sul, n\u00e3o consegue achar um destino para ele. Planos n\u00e3o faltaram. O governador Ol\u00edvio\u2026","rel":"","context":"Em &quot;X.Categorias velhas&quot;","block_context":{"text":"X.Categorias velhas","link":"https:\/\/www.jornalja.com.br\/arquivo\/category\/x-categorias-velhas\/"},"img":{"alt_text":"geraldo1","src":"https:\/\/i0.wp.com\/www.jornalja.com.br\/wp-content\/uploads\/2009\/07\/geraldo1.jpg?resize=350%2C200&ssl=1","width":350,"height":200},"classes":[]}],"jetpack_shortlink":"https:\/\/wp.me\/pbQjBd-eHa","jetpack_featured_media_url":"","_links":{"self":[{"href":"https:\/\/www.jornalja.com.br\/arquivo\/wp-json\/wp\/v2\/posts\/56492","targetHints":{"allow":["GET"]}}],"collection":[{"href":"https:\/\/www.jornalja.com.br\/arquivo\/wp-json\/wp\/v2\/posts"}],"about":[{"href":"https:\/\/www.jornalja.com.br\/arquivo\/wp-json\/wp\/v2\/types\/post"}],"author":[{"embeddable":true,"href":"https:\/\/www.jornalja.com.br\/arquivo\/wp-json\/wp\/v2\/users\/4"}],"replies":[{"embeddable":true,"href":"https:\/\/www.jornalja.com.br\/arquivo\/wp-json\/wp\/v2\/comments?post=56492"}],"version-history":[{"count":0,"href":"https:\/\/www.jornalja.com.br\/arquivo\/wp-json\/wp\/v2\/posts\/56492\/revisions"}],"wp:attachment":[{"href":"https:\/\/www.jornalja.com.br\/arquivo\/wp-json\/wp\/v2\/media?parent=56492"}],"wp:term":[{"taxonomy":"category","embeddable":true,"href":"https:\/\/www.jornalja.com.br\/arquivo\/wp-json\/wp\/v2\/categories?post=56492"},{"taxonomy":"post_tag","embeddable":true,"href":"https:\/\/www.jornalja.com.br\/arquivo\/wp-json\/wp\/v2\/tags?post=56492"}],"curies":[{"name":"wp","href":"https:\/\/api.w.org\/{rel}","templated":true}]}}