{"id":56508,"date":"2017-10-19T17:25:06","date_gmt":"2017-10-19T20:25:06","guid":{"rendered":"https:\/\/www.jornalja.com.br\/?p=56508"},"modified":"2017-10-19T17:25:06","modified_gmt":"2017-10-19T20:25:06","slug":"pela-1a-vez-energia-eolica-atinge-10-da-matriz-eletrica-nacional","status":"publish","type":"post","link":"https:\/\/www.jornalja.com.br\/arquivo\/pela-1a-vez-energia-eolica-atinge-10-da-matriz-eletrica-nacional\/","title":{"rendered":"Pela 1\u00aa vez, energia e\u00f3lica atinge 10% da matriz el\u00e9trica nacional"},"content":{"rendered":"<p>No m\u00eas de agosto, a gera\u00e7\u00e3o de energia e\u00f3lica foi respons\u00e1vel por 10% de energia da matriz el\u00e9trica brasileira, com 5.825 MWm\u00e9dios. \u00c9 a primeira vez que a fonte atinge os dois d\u00edgitos de representa\u00e7\u00e3o na matriz.<br \/>\nOs dados s\u00e3o da CCEE e constam do boletim de \u201cDados Mensais ABEE\u00f3lica\u201d de outubro de 2017, que apresenta dados consolidados pela Associa\u00e7\u00e3o Brasileira de Energia E\u00f3lica (ABEE\u00f3lica) e informa\u00e7\u00f5es da contabiliza\u00e7\u00e3o da CCEE.<br \/>\n\u201cEstamos em plena safra do vento, batendo recordes not\u00e1veis de gera\u00e7\u00e3o. Este dado nacional representa um novo patamar para o setor. E se formos avaliar regionalmente, temos algo muito importante acontecendo no Nordeste, onde estamos atendendo acima de 60% da carga em v\u00e1rios dias, um resultado que est\u00e1 salvando a regi\u00e3o em tempos de reservat\u00f3rios baixos. Al\u00e9m do fato de estarmos passando um momento de seca, \u00e9 necess\u00e1rio entender que e\u00f3lica e hidrel\u00e9trica t\u00eam ciclos diferentes e se complementam, j\u00e1 que em tempos de mais chuvas, temos menos ventos e vice-versa.<br \/>\nA inclus\u00e3o de mais e\u00f3licas na matriz aumenta, portanto, a seguran\u00e7a do sistema, especialmente considerando que as ferramentas para trabalhar com a variabilidade natural da fonte e\u00f3lica evolu\u00edram muito nos \u00faltimos anos e hoje o ONS (Operador Nacional do Sistema El\u00e9trico) atua com alt\u00edssima previsibilidade em rela\u00e7\u00e3o \u00e0 gera\u00e7\u00e3o e\u00f3lica. Este cen\u00e1rio nos mostra que a e\u00f3lica \u00e9 uma fonte madura, segura e pronta para se expandir ainda mais na matriz\u201d, explica Elbia Gannoum, presidente da ABEE\u00f3lica.<br \/>\nOs dados mensais da ABEE\u00f3lica tamb\u00e9m mostram que o Brasil chega a outubro com 12,33 GW de capacidade instalada de energia e\u00f3lica, em 491 parques e\u00f3licos. Em constru\u00e7\u00e3o e contratados, h\u00e1 5,12\u00a0GW em outros 228 parques que estar\u00e3o prontos at\u00e9 2020.<br \/>\nO balan\u00e7o mensal cont\u00e9m atualiza\u00e7\u00e3o sobre a divis\u00e3o da matriz el\u00e9trica, gera\u00e7\u00e3o das diversas fontes, gr\u00e1ficos com informa\u00e7\u00f5es sobre capacidade instalada e em instala\u00e7\u00e3o nos diferentes estados, dados de gera\u00e7\u00e3o e fator de capacidade, al\u00e9m dos valores de emiss\u00e3o de CO\u2082\u00a0evitados pela fonte e\u00f3lica.<br \/>\nPara ler o documento completo, clique <a href=\"http:\/\/bit.ly\/2gTr3w8\">aqui<\/a>.<br \/>\nE para consultar dados compilados do setor, consulte\u00a0<a href=\"http:\/\/bit.ly\/2fWhTy0\">InfoVento.<\/a><\/p>\n","protected":false},"excerpt":{"rendered":"<p>No m\u00eas de agosto, a gera\u00e7\u00e3o de energia e\u00f3lica foi respons\u00e1vel por 10% de energia da matriz el\u00e9trica brasileira, com 5.825 MWm\u00e9dios. \u00c9 a primeira vez que a fonte atinge os dois d\u00edgitos de representa\u00e7\u00e3o na matriz. Os dados s\u00e3o da CCEE e constam do boletim de \u201cDados Mensais ABEE\u00f3lica\u201d de outubro de 2017, que [&hellip;]<\/p>\n","protected":false},"author":4,"featured_media":16123,"comment_status":"open","ping_status":"closed","sticky":false,"template":"","format":"standard","meta":{"_jetpack_newsletter_access":"","_jetpack_dont_email_post_to_subs":false,"_jetpack_newsletter_tier_id":0,"_jetpack_memberships_contains_paywalled_content":false,"_jetpack_feature_clip_id":0,"_jetpack_memberships_contains_paid_content":false,"footnotes":"","jetpack_post_was_ever_published":false},"categories":[26],"tags":[],"class_list":["post-56508","post","type-post","status-publish","format-standard","has-post-thumbnail","hentry","category-geral"],"aioseo_notices":[],"aioseo_head":"\n\t\t<!-- All in One SEO 5.0.1.1 - aioseo.com -->\n\t<meta name=\"robots\" content=\"max-image-preview:large\" \/>\n\t<meta name=\"author\" content=\"da Reda\u00e7\u00e3o\"\/>\n\t<link rel=\"canonical\" href=\"https:\/\/www.jornalja.com.br\/arquivo\/pela-1a-vez-energia-eolica-atinge-10-da-matriz-eletrica-nacional\/\" \/>\n\t<meta name=\"generator\" content=\"All in One SEO (AIOSEO) 5.0.1.1\" \/>\n\t\t<meta property=\"og:locale\" content=\"pt_BR\" \/>\n\t\t<meta property=\"og:site_name\" content=\"Arquivo | Jornal J\u00c1 | Porto Alegre\" \/>\n\t\t<meta property=\"og:type\" content=\"article\" \/>\n\t\t<meta property=\"og:title\" content=\"Pela 1\u00aa vez, energia e\u00f3lica atinge 10% da matriz el\u00e9trica nacional | Arquivo\" \/>\n\t\t<meta property=\"og:url\" content=\"https:\/\/www.jornalja.com.br\/arquivo\/pela-1a-vez-energia-eolica-atinge-10-da-matriz-eletrica-nacional\/\" \/>\n\t\t<meta property=\"og:image\" content=\"https:\/\/www.jornalja.com.br\/economics\/wp-content\/uploads\/sites\/11\/2026\/08\/ja-folhaderosto-facebook.jpg\" \/>\n\t\t<meta property=\"og:image:secure_url\" content=\"https:\/\/www.jornalja.com.br\/economics\/wp-content\/uploads\/sites\/11\/2026\/08\/ja-folhaderosto-facebook.jpg\" \/>\n\t\t<meta property=\"article:published_time\" content=\"2017-10-19T20:25:06+00:00\" \/>\n\t\t<meta property=\"article:modified_time\" content=\"2017-10-19T20:25:06+00:00\" \/>\n\t\t<meta name=\"twitter:card\" content=\"summary\" \/>\n\t\t<meta name=\"twitter:title\" content=\"Pela 1\u00aa vez, energia e\u00f3lica atinge 10% da matriz el\u00e9trica nacional | Arquivo\" \/>\n\t\t<meta name=\"twitter:image\" content=\"https:\/\/www.jornalja.com.br\/economics\/wp-content\/uploads\/sites\/11\/2026\/08\/ja-folhaderosto-facebook.jpg\" \/>\n\t\t<script type=\"application\/ld+json\" class=\"aioseo-schema\">\n\t\t\t{\"@context\":\"https:\\\/\\\/schema.org\",\"@graph\":[{\"@type\":\"BlogPosting\",\"@id\":\"https:\\\/\\\/www.jornalja.com.br\\\/arquivo\\\/pela-1a-vez-energia-eolica-atinge-10-da-matriz-eletrica-nacional\\\/#blogposting\",\"name\":\"Pela 1\\u00aa vez, energia e\\u00f3lica atinge 10% da matriz el\\u00e9trica nacional | Arquivo\",\"headline\":\"Pela 1\\u00aa vez, energia e\\u00f3lica atinge 10% da matriz el\\u00e9trica nacional\",\"author\":{\"@id\":\"https:\\\/\\\/www.jornalja.com.br\\\/arquivo\\\/author\\\/daredacao\\\/#author\"},\"publisher\":{\"@id\":\"https:\\\/\\\/www.jornalja.com.br\\\/arquivo\\\/#organization\"},\"image\":{\"@type\":\"ImageObject\",\"url\":16123},\"datePublished\":\"2017-10-19T17:25:06-02:00\",\"dateModified\":\"2017-10-19T17:25:06-02:00\",\"inLanguage\":\"pt-BR\",\"mainEntityOfPage\":{\"@id\":\"https:\\\/\\\/www.jornalja.com.br\\\/arquivo\\\/pela-1a-vez-energia-eolica-atinge-10-da-matriz-eletrica-nacional\\\/#webpage\"},\"isPartOf\":{\"@id\":\"https:\\\/\\\/www.jornalja.com.br\\\/arquivo\\\/pela-1a-vez-energia-eolica-atinge-10-da-matriz-eletrica-nacional\\\/#webpage\"},\"articleSection\":\"Geral\"},{\"@type\":\"BreadcrumbList\",\"@id\":\"https:\\\/\\\/www.jornalja.com.br\\\/arquivo\\\/pela-1a-vez-energia-eolica-atinge-10-da-matriz-eletrica-nacional\\\/#breadcrumblist\",\"itemListElement\":[{\"@type\":\"ListItem\",\"@id\":\"https:\\\/\\\/www.jornalja.com.br\\\/arquivo#listItem\",\"position\":1,\"name\":\"Home\",\"item\":\"https:\\\/\\\/www.jornalja.com.br\\\/arquivo\",\"nextItem\":{\"@type\":\"ListItem\",\"@id\":\"https:\\\/\\\/www.jornalja.com.br\\\/arquivo\\\/category\\\/geral\\\/#listItem\",\"name\":\"Geral\"}},{\"@type\":\"ListItem\",\"@id\":\"https:\\\/\\\/www.jornalja.com.br\\\/arquivo\\\/category\\\/geral\\\/#listItem\",\"position\":2,\"name\":\"Geral\",\"item\":\"https:\\\/\\\/www.jornalja.com.br\\\/arquivo\\\/category\\\/geral\\\/\",\"nextItem\":{\"@type\":\"ListItem\",\"@id\":\"https:\\\/\\\/www.jornalja.com.br\\\/arquivo\\\/pela-1a-vez-energia-eolica-atinge-10-da-matriz-eletrica-nacional\\\/#listItem\",\"name\":\"Pela 1\\u00aa vez, energia e\\u00f3lica atinge 10% da matriz el\\u00e9trica nacional\"},\"previousItem\":{\"@type\":\"ListItem\",\"@id\":\"https:\\\/\\\/www.jornalja.com.br\\\/arquivo#listItem\",\"name\":\"Home\"}},{\"@type\":\"ListItem\",\"@id\":\"https:\\\/\\\/www.jornalja.com.br\\\/arquivo\\\/pela-1a-vez-energia-eolica-atinge-10-da-matriz-eletrica-nacional\\\/#listItem\",\"position\":3,\"name\":\"Pela 1\\u00aa vez, energia e\\u00f3lica atinge 10% da matriz el\\u00e9trica nacional\",\"previousItem\":{\"@type\":\"ListItem\",\"@id\":\"https:\\\/\\\/www.jornalja.com.br\\\/arquivo\\\/category\\\/geral\\\/#listItem\",\"name\":\"Geral\"}}]},{\"@type\":\"Organization\",\"@id\":\"https:\\\/\\\/www.jornalja.com.br\\\/arquivo\\\/#organization\",\"name\":\"Jornal J\\u00c1\",\"description\":\"Jornal J\\u00c1 | Porto Alegre\",\"url\":\"https:\\\/\\\/www.jornalja.com.br\\\/arquivo\\\/\",\"telephone\":\"+555133307272\",\"logo\":{\"@type\":\"ImageObject\",\"url\":\"https:\\\/\\\/www.jornalja.com.br\\\/wp-content\\\/uploads\\\/cards\\\/JAslogan.png\",\"@id\":\"https:\\\/\\\/www.jornalja.com.br\\\/arquivo\\\/pela-1a-vez-energia-eolica-atinge-10-da-matriz-eletrica-nacional\\\/#organizationLogo\"},\"image\":{\"@id\":\"https:\\\/\\\/www.jornalja.com.br\\\/arquivo\\\/pela-1a-vez-energia-eolica-atinge-10-da-matriz-eletrica-nacional\\\/#organizationLogo\"}},{\"@type\":\"Person\",\"@id\":\"https:\\\/\\\/www.jornalja.com.br\\\/arquivo\\\/author\\\/daredacao\\\/#author\",\"url\":\"https:\\\/\\\/www.jornalja.com.br\\\/arquivo\\\/author\\\/daredacao\\\/\",\"name\":\"da Reda\\u00e7\\u00e3o\",\"image\":{\"@type\":\"ImageObject\",\"@id\":\"https:\\\/\\\/www.jornalja.com.br\\\/arquivo\\\/pela-1a-vez-energia-eolica-atinge-10-da-matriz-eletrica-nacional\\\/#authorImage\",\"url\":\"https:\\\/\\\/secure.gravatar.com\\\/avatar\\\/469fd857d6605ad19919d27ed29d35a968a25f6e8fd9318356bbb7f57aae9c65?s=96&d=mm&r=g\",\"width\":96,\"height\":96,\"caption\":\"da Reda\\u00e7\\u00e3o\"}},{\"@type\":\"WebPage\",\"@id\":\"https:\\\/\\\/www.jornalja.com.br\\\/arquivo\\\/pela-1a-vez-energia-eolica-atinge-10-da-matriz-eletrica-nacional\\\/#webpage\",\"url\":\"https:\\\/\\\/www.jornalja.com.br\\\/arquivo\\\/pela-1a-vez-energia-eolica-atinge-10-da-matriz-eletrica-nacional\\\/\",\"name\":\"Pela 1\\u00aa vez, energia e\\u00f3lica atinge 10% da matriz el\\u00e9trica nacional | Arquivo\",\"inLanguage\":\"pt-BR\",\"isPartOf\":{\"@id\":\"https:\\\/\\\/www.jornalja.com.br\\\/arquivo\\\/#website\"},\"breadcrumb\":{\"@id\":\"https:\\\/\\\/www.jornalja.com.br\\\/arquivo\\\/pela-1a-vez-energia-eolica-atinge-10-da-matriz-eletrica-nacional\\\/#breadcrumblist\"},\"author\":{\"@id\":\"https:\\\/\\\/www.jornalja.com.br\\\/arquivo\\\/author\\\/daredacao\\\/#author\"},\"creator\":{\"@id\":\"https:\\\/\\\/www.jornalja.com.br\\\/arquivo\\\/author\\\/daredacao\\\/#author\"},\"image\":{\"@type\":\"ImageObject\",\"url\":16123,\"@id\":\"https:\\\/\\\/www.jornalja.com.br\\\/arquivo\\\/pela-1a-vez-energia-eolica-atinge-10-da-matriz-eletrica-nacional\\\/#mainImage\"},\"primaryImageOfPage\":{\"@id\":\"https:\\\/\\\/www.jornalja.com.br\\\/arquivo\\\/pela-1a-vez-energia-eolica-atinge-10-da-matriz-eletrica-nacional\\\/#mainImage\"},\"datePublished\":\"2017-10-19T17:25:06-02:00\",\"dateModified\":\"2017-10-19T17:25:06-02:00\"},{\"@type\":\"WebSite\",\"@id\":\"https:\\\/\\\/www.jornalja.com.br\\\/arquivo\\\/#website\",\"url\":\"https:\\\/\\\/www.jornalja.com.br\\\/arquivo\\\/\",\"name\":\"Arquivo\",\"description\":\"Jornal J\\u00c1 | Porto Alegre\",\"inLanguage\":\"pt-BR\",\"publisher\":{\"@id\":\"https:\\\/\\\/www.jornalja.com.br\\\/arquivo\\\/#organization\"}}]}\n\t\t<\/script>\n\t\t<!-- All in One SEO -->\n\n","aioseo_head_json":{"title":"Pela 1\u00aa vez, energia e\u00f3lica atinge 10% da matriz el\u00e9trica nacional | Arquivo","description":"","canonical_url":"https:\/\/www.jornalja.com.br\/arquivo\/pela-1a-vez-energia-eolica-atinge-10-da-matriz-eletrica-nacional\/","robots":"max-image-preview:large","keywords":"","webmasterTools":{"miscellaneous":""},"schema":{"@context":"https:\/\/schema.org","@graph":[{"@type":"BlogPosting","@id":"https:\/\/www.jornalja.com.br\/arquivo\/pela-1a-vez-energia-eolica-atinge-10-da-matriz-eletrica-nacional\/#blogposting","name":"Pela 1\u00aa vez, energia e\u00f3lica atinge 10% da matriz el\u00e9trica nacional | Arquivo","headline":"Pela 1\u00aa vez, energia e\u00f3lica atinge 10% da matriz el\u00e9trica nacional","author":{"@id":"https:\/\/www.jornalja.com.br\/arquivo\/author\/daredacao\/#author"},"publisher":{"@id":"https:\/\/www.jornalja.com.br\/arquivo\/#organization"},"image":{"@type":"ImageObject","url":16123},"datePublished":"2017-10-19T17:25:06-02:00","dateModified":"2017-10-19T17:25:06-02:00","inLanguage":"pt-BR","mainEntityOfPage":{"@id":"https:\/\/www.jornalja.com.br\/arquivo\/pela-1a-vez-energia-eolica-atinge-10-da-matriz-eletrica-nacional\/#webpage"},"isPartOf":{"@id":"https:\/\/www.jornalja.com.br\/arquivo\/pela-1a-vez-energia-eolica-atinge-10-da-matriz-eletrica-nacional\/#webpage"},"articleSection":"Geral"},{"@type":"BreadcrumbList","@id":"https:\/\/www.jornalja.com.br\/arquivo\/pela-1a-vez-energia-eolica-atinge-10-da-matriz-eletrica-nacional\/#breadcrumblist","itemListElement":[{"@type":"ListItem","@id":"https:\/\/www.jornalja.com.br\/arquivo#listItem","position":1,"name":"Home","item":"https:\/\/www.jornalja.com.br\/arquivo","nextItem":{"@type":"ListItem","@id":"https:\/\/www.jornalja.com.br\/arquivo\/category\/geral\/#listItem","name":"Geral"}},{"@type":"ListItem","@id":"https:\/\/www.jornalja.com.br\/arquivo\/category\/geral\/#listItem","position":2,"name":"Geral","item":"https:\/\/www.jornalja.com.br\/arquivo\/category\/geral\/","nextItem":{"@type":"ListItem","@id":"https:\/\/www.jornalja.com.br\/arquivo\/pela-1a-vez-energia-eolica-atinge-10-da-matriz-eletrica-nacional\/#listItem","name":"Pela 1\u00aa vez, energia e\u00f3lica atinge 10% da matriz el\u00e9trica nacional"},"previousItem":{"@type":"ListItem","@id":"https:\/\/www.jornalja.com.br\/arquivo#listItem","name":"Home"}},{"@type":"ListItem","@id":"https:\/\/www.jornalja.com.br\/arquivo\/pela-1a-vez-energia-eolica-atinge-10-da-matriz-eletrica-nacional\/#listItem","position":3,"name":"Pela 1\u00aa vez, energia e\u00f3lica atinge 10% da matriz el\u00e9trica nacional","previousItem":{"@type":"ListItem","@id":"https:\/\/www.jornalja.com.br\/arquivo\/category\/geral\/#listItem","name":"Geral"}}]},{"@type":"Organization","@id":"https:\/\/www.jornalja.com.br\/arquivo\/#organization","name":"Jornal J\u00c1","description":"Jornal J\u00c1 | Porto Alegre","url":"https:\/\/www.jornalja.com.br\/arquivo\/","telephone":"+555133307272","logo":{"@type":"ImageObject","url":"https:\/\/www.jornalja.com.br\/wp-content\/uploads\/cards\/JAslogan.png","@id":"https:\/\/www.jornalja.com.br\/arquivo\/pela-1a-vez-energia-eolica-atinge-10-da-matriz-eletrica-nacional\/#organizationLogo"},"image":{"@id":"https:\/\/www.jornalja.com.br\/arquivo\/pela-1a-vez-energia-eolica-atinge-10-da-matriz-eletrica-nacional\/#organizationLogo"}},{"@type":"Person","@id":"https:\/\/www.jornalja.com.br\/arquivo\/author\/daredacao\/#author","url":"https:\/\/www.jornalja.com.br\/arquivo\/author\/daredacao\/","name":"da Reda\u00e7\u00e3o","image":{"@type":"ImageObject","@id":"https:\/\/www.jornalja.com.br\/arquivo\/pela-1a-vez-energia-eolica-atinge-10-da-matriz-eletrica-nacional\/#authorImage","url":"https:\/\/secure.gravatar.com\/avatar\/469fd857d6605ad19919d27ed29d35a968a25f6e8fd9318356bbb7f57aae9c65?s=96&d=mm&r=g","width":96,"height":96,"caption":"da Reda\u00e7\u00e3o"}},{"@type":"WebPage","@id":"https:\/\/www.jornalja.com.br\/arquivo\/pela-1a-vez-energia-eolica-atinge-10-da-matriz-eletrica-nacional\/#webpage","url":"https:\/\/www.jornalja.com.br\/arquivo\/pela-1a-vez-energia-eolica-atinge-10-da-matriz-eletrica-nacional\/","name":"Pela 1\u00aa vez, energia e\u00f3lica atinge 10% da matriz el\u00e9trica nacional | Arquivo","inLanguage":"pt-BR","isPartOf":{"@id":"https:\/\/www.jornalja.com.br\/arquivo\/#website"},"breadcrumb":{"@id":"https:\/\/www.jornalja.com.br\/arquivo\/pela-1a-vez-energia-eolica-atinge-10-da-matriz-eletrica-nacional\/#breadcrumblist"},"author":{"@id":"https:\/\/www.jornalja.com.br\/arquivo\/author\/daredacao\/#author"},"creator":{"@id":"https:\/\/www.jornalja.com.br\/arquivo\/author\/daredacao\/#author"},"image":{"@type":"ImageObject","url":16123,"@id":"https:\/\/www.jornalja.com.br\/arquivo\/pela-1a-vez-energia-eolica-atinge-10-da-matriz-eletrica-nacional\/#mainImage"},"primaryImageOfPage":{"@id":"https:\/\/www.jornalja.com.br\/arquivo\/pela-1a-vez-energia-eolica-atinge-10-da-matriz-eletrica-nacional\/#mainImage"},"datePublished":"2017-10-19T17:25:06-02:00","dateModified":"2017-10-19T17:25:06-02:00"},{"@type":"WebSite","@id":"https:\/\/www.jornalja.com.br\/arquivo\/#website","url":"https:\/\/www.jornalja.com.br\/arquivo\/","name":"Arquivo","description":"Jornal J\u00c1 | Porto Alegre","inLanguage":"pt-BR","publisher":{"@id":"https:\/\/www.jornalja.com.br\/arquivo\/#organization"}}]},"og:locale":"pt_BR","og:site_name":"Arquivo | Jornal J\u00c1 | Porto Alegre","og:type":"article","og:title":"Pela 1\u00aa vez, energia e\u00f3lica atinge 10% da matriz el\u00e9trica nacional | Arquivo","og:url":"https:\/\/www.jornalja.com.br\/arquivo\/pela-1a-vez-energia-eolica-atinge-10-da-matriz-eletrica-nacional\/","og:image":"https:\/\/www.jornalja.com.br\/economics\/wp-content\/uploads\/sites\/11\/2026\/08\/ja-folhaderosto-facebook.jpg","og:image:secure_url":"https:\/\/www.jornalja.com.br\/economics\/wp-content\/uploads\/sites\/11\/2026\/08\/ja-folhaderosto-facebook.jpg","article:published_time":"2017-10-19T20:25:06+00:00","article:modified_time":"2017-10-19T20:25:06+00:00","twitter:card":"summary","twitter:title":"Pela 1\u00aa vez, energia e\u00f3lica atinge 10% da matriz el\u00e9trica nacional | Arquivo","twitter:image":"https:\/\/www.jornalja.com.br\/economics\/wp-content\/uploads\/sites\/11\/2026\/08\/ja-folhaderosto-facebook.jpg"},"aioseo_meta_data":{"post_id":"56508","title":null,"description":null,"keywords":null,"keyphrases":null,"primary_term":null,"canonical_url":null,"og_title":null,"og_description":null,"og_object_type":"default","og_image_type":"default","og_image_url":null,"og_image_width":null,"og_image_height":null,"og_image_custom_url":null,"og_image_custom_fields":null,"og_video":null,"og_custom_url":null,"og_article_section":null,"og_article_tags":null,"twitter_use_og":false,"twitter_card":"default","twitter_image_type":"default","twitter_image_url":null,"twitter_image_custom_url":null,"twitter_image_custom_fields":null,"twitter_title":null,"twitter_description":null,"schema":{"blockGraphs":[],"customGraphs":[],"default":{"data":{"Article":[],"Course":[],"Dataset":[],"FAQPage":[],"Movie":[],"Person":[],"Product":[],"ProductReview":[],"Car":[],"Recipe":[],"Service":[],"SoftwareApplication":[],"WebPage":[]},"graphName":"","isEnabled":true},"graphs":[],"defaultGraph":"","defaultPostTypeGraph":""},"schema_type":null,"schema_type_options":null,"pillar_content":false,"robots_default":true,"robots_noindex":false,"robots_noarchive":false,"robots_nosnippet":false,"robots_nofollow":false,"robots_noimageindex":false,"robots_noodp":false,"robots_notranslate":false,"robots_max_snippet":null,"robots_max_videopreview":null,"robots_max_imagepreview":"large","priority":null,"frequency":null,"location":null,"local_seo":null,"breadcrumb_settings":null,"limit_modified_date":false,"ai":null,"created":"2020-12-20 20:21:53","updated":"2025-07-20 01:53:06","seo_analyzer_scan_date":null,"focus_keyword":null,"additional_keywords":null,"truseo_locale":null},"jetpack_sharing_enabled":true,"jetpack-related-posts":[{"id":13109,"url":"https:\/\/www.jornalja.com.br\/arquivo\/judiciario-reconhece-poluicao-eletromagnetica\/","url_meta":{"origin":56508,"position":0},"title":"Judici\u00e1rio reconhece polui\u00e7\u00e3o eletromagn\u00e9tica","author":"Patr\u00edcia Marini","date":"16 de maio de 2014","format":false,"excerpt":"A\u00e7\u00e3o de duas associa\u00e7\u00f5es de moradores foi acolhida pelo Tribunal de Justi\u00e7a de S\u00e3o Paulo que. em decis\u00e3o in\u00e9dita, determinou a redu\u00e7\u00e3o do campo eletromagn\u00e9tico gerado pelas linhas de transmiss\u00e3o de energia que cortam os bairros City Boa\u00e7ava e Alto de Pinheiros. \u00c9 a primeira vez que um tribunal do\u2026","rel":"","context":"Em &quot;X.Categorias velhas&quot;","block_context":{"text":"X.Categorias velhas","link":"https:\/\/www.jornalja.com.br\/arquivo\/category\/x-categorias-velhas\/"},"img":{"alt_text":"","src":"","width":0,"height":0},"classes":[]},{"id":13101,"url":"https:\/\/www.jornalja.com.br\/arquivo\/morre-um-guerreiro-do-texto\/","url_meta":{"origin":56508,"position":1},"title":"Morre um guerreiro do texto","author":"Patr\u00edcia Marini","date":"14 de maio de 2014","format":false,"excerpt":"Por Ricardo Kotscho Reproduzido do blog do autor, 11\/5\/2014; t\u00edtulo original \u201cE l\u00e1 se foi o nosso Myltainho, guerreiro do texto\u201d. Mi\u00fado e franzino, meu amigo Myltainho era um valente e inconformado guerreiro na luta contra as injusti\u00e7as sociais, a hipocrisia, as maracutaias, o autoritarismo, a intoler\u00e2ncia, a viol\u00eancia, o\u2026","rel":"","context":"Em &quot;Geral&quot;","block_context":{"text":"Geral","link":"https:\/\/www.jornalja.com.br\/arquivo\/category\/geral\/"},"img":{"alt_text":"","src":"","width":0,"height":0},"classes":[]},{"id":12960,"url":"https:\/\/www.jornalja.com.br\/arquivo\/populacao-culpa-empresas-pela-greve-dos-rodoviarios\/","url_meta":{"origin":56508,"position":2},"title":"Popula\u00e7\u00e3o culpa empresas pela greve","author":"Patr\u00edcia Marini","date":"14 de fevereiro de 2014","format":false,"excerpt":"Pesquisa divulgada na edi\u00e7\u00e3o do jornal Metro desta sexta-feira,14, comprova o velho ditado: \u00e9 poss\u00edvel enganar muitos por algum tempo, mas n\u00e3o \u00e9 poss\u00edvel enganar a todos o tempo inteiro. A principal revela\u00e7\u00e3o foi que 59,8% dos entrevistados apontaram as empresas como as principais respons\u00e1veis pela grave e 46% culparam\u2026","rel":"","context":"Em &quot;X.Categorias velhas&quot;","block_context":{"text":"X.Categorias velhas","link":"https:\/\/www.jornalja.com.br\/arquivo\/category\/x-categorias-velhas\/"},"img":{"alt_text":"","src":"","width":0,"height":0},"classes":[]},{"id":14241,"url":"https:\/\/www.jornalja.com.br\/arquivo\/o-guaiba-nas-imagens-poeticas-de-achutti\/","url_meta":{"origin":56508,"position":3},"title":"O Gua\u00edba nas imagens po\u00e9ticas de Achutti","author":"da Reda\u00e7\u00e3o","date":"18 de junho de 2014","format":false,"excerpt":"Em \u201cO Gua\u00edba por Achutti\u201d \u2013 obra financiada via Minist\u00e9rio da Cultura, produ\u00e7\u00e3o executiva de Pedro Longhi, e Fl\u00e1vio Wild como designer \u2013, o fot\u00f3grafo revela a beleza e as mazelas de um espa\u00e7o aqu\u00e1tico de \u00e1guas sempre renovadas, cheio de hist\u00f3rias e lendas como as das cidades que foram\u2026","rel":"","context":"Em &quot;Cultura-Geral&quot;","block_context":{"text":"Cultura-Geral","link":"https:\/\/www.jornalja.com.br\/arquivo\/category\/materiasecundaria\/"},"img":{"alt_text":"","src":"","width":0,"height":0},"classes":[]},{"id":13240,"url":"https:\/\/www.jornalja.com.br\/arquivo\/plano-diretor-estamos-construindo-o-caos\/","url_meta":{"origin":56508,"position":4},"title":"Plano diretor: &quot;Estamos construindo o caos&quot;","author":"Patr\u00edcia Marini","date":"26 de maio de 2014","format":false,"excerpt":"Desabafo que arquiteta Eliana Castilhos, delegada da Regi\u00e3o de Planejamento 1, postou nas redes sociais \u00e9 um testemunho do ambiente que se criou no Conselho do Plano Diretor de Porto Alegre, onde a aprova\u00e7\u00e3o de grandes empreendimentos \u00e9 empurrada guela abaixo dos conselheiros. Ao CMDUA Como delegada da Regi\u00e3o de\u2026","rel":"","context":"Em &quot;Geral&quot;","block_context":{"text":"Geral","link":"https:\/\/www.jornalja.com.br\/arquivo\/category\/geral\/"},"img":{"alt_text":"","src":"","width":0,"height":0},"classes":[]},{"id":13124,"url":"https:\/\/www.jornalja.com.br\/arquivo\/sangue-latino-no-iecine\/","url_meta":{"origin":56508,"position":5},"title":"Sangue latino no IECINE","author":"da Reda\u00e7\u00e3o","date":"18 de maio de 2014","format":false,"excerpt":"Francisco Ribeiro O Instituto Estadual de Cinema (IECINE) tem a frente, desde abril \u00faltimo, um novo diretor, o cineasta colombiano Juan Zapata, 36, que substitui Luiz Alberto Cassol. Radicado h\u00e1 dez anos em Porto Alegre, Zapata tem diante de si o desafio de conduzir at\u00e9 o final do ano um\u2026","rel":"","context":"Em &quot;Cultura-Geral&quot;","block_context":{"text":"Cultura-Geral","link":"https:\/\/www.jornalja.com.br\/arquivo\/category\/materiasecundaria\/"},"img":{"alt_text":"","src":"","width":0,"height":0},"classes":[]}],"jetpack_shortlink":"https:\/\/wp.me\/pbQjBd-eHq","jetpack_featured_media_url":"","_links":{"self":[{"href":"https:\/\/www.jornalja.com.br\/arquivo\/wp-json\/wp\/v2\/posts\/56508","targetHints":{"allow":["GET"]}}],"collection":[{"href":"https:\/\/www.jornalja.com.br\/arquivo\/wp-json\/wp\/v2\/posts"}],"about":[{"href":"https:\/\/www.jornalja.com.br\/arquivo\/wp-json\/wp\/v2\/types\/post"}],"author":[{"embeddable":true,"href":"https:\/\/www.jornalja.com.br\/arquivo\/wp-json\/wp\/v2\/users\/4"}],"replies":[{"embeddable":true,"href":"https:\/\/www.jornalja.com.br\/arquivo\/wp-json\/wp\/v2\/comments?post=56508"}],"version-history":[{"count":0,"href":"https:\/\/www.jornalja.com.br\/arquivo\/wp-json\/wp\/v2\/posts\/56508\/revisions"}],"wp:attachment":[{"href":"https:\/\/www.jornalja.com.br\/arquivo\/wp-json\/wp\/v2\/media?parent=56508"}],"wp:term":[{"taxonomy":"category","embeddable":true,"href":"https:\/\/www.jornalja.com.br\/arquivo\/wp-json\/wp\/v2\/categories?post=56508"},{"taxonomy":"post_tag","embeddable":true,"href":"https:\/\/www.jornalja.com.br\/arquivo\/wp-json\/wp\/v2\/tags?post=56508"}],"curies":[{"name":"wp","href":"https:\/\/api.w.org\/{rel}","templated":true}]}}