{"id":56514,"date":"2017-10-19T17:56:27","date_gmt":"2017-10-19T20:56:27","guid":{"rendered":"https:\/\/www.jornalja.com.br\/?p=56514"},"modified":"2017-10-19T17:56:27","modified_gmt":"2017-10-19T20:56:27","slug":"oit-mudanca-de-regra-no-combate-ao-trabalho-escravo-pode-provocar-retrocessos","status":"publish","type":"post","link":"https:\/\/www.jornalja.com.br\/arquivo\/oit-mudanca-de-regra-no-combate-ao-trabalho-escravo-pode-provocar-retrocessos\/","title":{"rendered":"OIT: mudan\u00e7a de regra no combate ao trabalho escravo pode provocar retrocessos"},"content":{"rendered":"<p><figure id=\"attachment_56516\" aria-describedby=\"caption-attachment-56516\" style=\"width: 400px\" class=\"wp-caption alignnone\"><img loading=\"lazy\" decoding=\"async\" class=\"size-medium wp-image-56516\" src=\"https:\/\/www.jornalja.com.br\/wp-content\/uploads\/2017\/10\/trabalho_escravo4-400x268.jpg\" alt=\"\" width=\"400\" height=\"268\" \/><figcaption id=\"caption-attachment-56516\" class=\"wp-caption-text\">Fiscal encontra pessoas em condi\u00e7\u00e3o an\u00e1loga ao trabalho escravo \/ Marcello Casal Jr \/ Ag\u00eancia Brasil<\/figcaption><\/figure><br \/>\nA Organiza\u00e7\u00e3o Internacional do Trabalho (OIT) afirmou hoje (19) que a iniciativa do governo federal de <a href=\"http:\/\/agenciabrasil.ebc.com.br\/politica\/noticia\/2017-10\/ministerio-altera-regras-para-divulgacao-de-lista-suja-do-trabalho-escravo\">alterar a conceitua\u00e7\u00e3o de trabalho escravo<\/a> e mudar as regras para a fiscaliza\u00e7\u00e3o e de divulga\u00e7\u00e3o da lista com o nome de empregadores que pratiquem esse crime amea\u00e7a \u201cinterromper uma trajet\u00f3ria de sucesso que tornou o Brasil uma refer\u00eancia e um modelo de lideran\u00e7a mundial no combate ao trabalho escravo\u201d.<br \/>\nBra\u00e7o da Organiza\u00e7\u00e3o das Na\u00e7\u00f5es Unidas (ONU) respons\u00e1vel por zelar por condi\u00e7\u00f5es globais de trabalho decente e produtivo, a OIT sustenta que a <a href=\"http:\/\/pesquisa.in.gov.br\/imprensa\/jsp\/visualiza\/index.jsp?jornal=1&amp;pagina=82&amp;data=16\/10\/2017)\" target=\"_blank\" rel=\"noopener noreferrer\">Portaria 1.129<\/a> do Minist\u00e9rio do Trabalho, pode enfraquecer e limitar a efetiva atua\u00e7\u00e3o dos fiscais do trabalho, deixando uma \u201cparcela da popula\u00e7\u00e3o brasileira j\u00e1 muito fragilizada ainda mais desprotegida e vulner\u00e1vel\u201d.<br \/>\nPublicada no <em>Di\u00e1rio Oficial da Uni\u00e3o <\/em>na \u00faltima segunda-feira (16), a Portaria 1.129 estabelece novas regras para a caracteriza\u00e7\u00e3o de trabalho escravo \u2013 o que despertou cr\u00edticas de entidades de classe e organiza\u00e7\u00f5es sociais que afirmam que a iniciativa afronta conven\u00e7\u00f5es internacionais das quais o pa\u00eds \u00e9 signat\u00e1rio e o pr\u00f3prio ordenamento jur\u00eddico brasileiro, como, por exemplo, o C\u00f3digo Penal.<br \/>\nO artigo 149 do C\u00f3digo Penal estabelece que o trabalho an\u00e1logo ao de escravo se caracteriza pela sujei\u00e7\u00e3o de algu\u00e9m a condi\u00e7\u00f5es degradantes de trabalho (caracterizadas pela viola\u00e7\u00e3o de direitos fundamentais e\/ou que coloquem em risco a sa\u00fade e a vida do trabalhador), ou a jornadas exaustivas (quando o trabalhador \u00e9 submetido a esfor\u00e7o excessivo ou sobrecarga de trabalho que acarrete danos \u00e0 sua sa\u00fade ou risco de vida), trabalho for\u00e7ado (manter a pessoa no servi\u00e7o atrav\u00e9s de fraudes, isolamento geogr\u00e1fico, amea\u00e7as e viol\u00eancias f\u00edsicas e psicol\u00f3gicas) e servid\u00e3o por d\u00edvida (fazer o trabalhador contrair ilegalmente um d\u00e9bito e prend\u00ea-lo a ele).<br \/>\nJ\u00e1 a portaria ministerial classifica como escravid\u00e3o apenas a atividade exercida sob coa\u00e7\u00e3o ou cerceamento da liberdade de ir e vir. Segundo a OIT, estas circunst\u00e2ncias s\u00f3 ficariam patentes quando os fiscais flagrassem a presen\u00e7a de seguran\u00e7as armados limitando a movimenta\u00e7\u00e3o dos trabalhadores ou a apreens\u00e3o de documentos dos trabalhadores.<br \/>\nAl\u00e9m disso, a portaria altera as regras para atualiza\u00e7\u00e3o e divulga\u00e7\u00e3o do cadastro de empregadores que submeterem pessoas a condi\u00e7\u00e3o semelhante ao trabalho for\u00e7ado. At\u00e9 a semana passada, a chamada <a href=\"http:\/\/www.trtsp.jus.br\/geral\/tribunal2\/ORGAOS\/MTE\/Portaria\/P02_11.html\" target=\"_blank\" rel=\"noopener noreferrer\">lista suja do trabalho escravo<\/a> era obrigatoriamente divulgada a cada seis meses, pelo Minist\u00e9rio do Trabalho. Eram inclu\u00eddos na lista os nomes de todos os empregadores infratores flagrados pelos fiscais do trabalho e cujos autos de infra\u00e7\u00e3o j\u00e1 tivessem esgotado todos os recursos a que tinham direito nos respectivos processos administrativos. Com a entrada em vigor da nova portaria, caber\u00e1 ao ministro do Trabalho autorizar a inclus\u00e3o dos nomes dos infratores e decidir sobre a divulga\u00e7\u00e3o da lista.<br \/>\nSegundo a OIT, os eventuais desdobramentos da Portaria 1.129 poder\u00e3o ser objeto de an\u00e1lise pelo Comit\u00ea de Peritos da ag\u00eancia, que destaca o risco de que, com a mudan\u00e7a na regra, o Brasil n\u00e3o alcance at\u00e9 2030 os compromissos dos Objetivos de Desenvolvimento Sustent\u00e1vel (ODSs) da ONU relativos \u00e0 erradica\u00e7\u00e3o do trabalho an\u00e1logo ao de escravo.<\/p>\n","protected":false},"excerpt":{"rendered":"<p>A Organiza\u00e7\u00e3o Internacional do Trabalho (OIT) afirmou hoje (19) que a iniciativa do governo federal de alterar a conceitua\u00e7\u00e3o de trabalho escravo e mudar as regras para a fiscaliza\u00e7\u00e3o e de divulga\u00e7\u00e3o da lista com o nome de empregadores que pratiquem esse crime amea\u00e7a \u201cinterromper uma trajet\u00f3ria de sucesso que tornou o Brasil uma refer\u00eancia [&hellip;]<\/p>\n","protected":false},"author":4,"featured_media":0,"comment_status":"open","ping_status":"closed","sticky":false,"template":"","format":"standard","meta":{"_jetpack_newsletter_access":"","_jetpack_dont_email_post_to_subs":false,"_jetpack_newsletter_tier_id":0,"_jetpack_memberships_contains_paywalled_content":false,"_jetpack_feature_clip_id":0,"_jetpack_memberships_contains_paid_content":false,"footnotes":"","jetpack_post_was_ever_published":false},"categories":[2022],"tags":[],"class_list":["post-56514","post","type-post","status-publish","format-standard","hentry","category-notas"],"aioseo_notices":[],"aioseo_head":"\n\t\t<!-- All in One SEO 5.0.1.1 - aioseo.com -->\n\t<meta name=\"robots\" content=\"max-image-preview:large\" \/>\n\t<meta name=\"author\" content=\"da Reda\u00e7\u00e3o\"\/>\n\t<link rel=\"canonical\" href=\"https:\/\/www.jornalja.com.br\/arquivo\/oit-mudanca-de-regra-no-combate-ao-trabalho-escravo-pode-provocar-retrocessos\/\" \/>\n\t<meta name=\"generator\" content=\"All in One SEO (AIOSEO) 5.0.1.1\" \/>\n\t\t<meta property=\"og:locale\" content=\"pt_BR\" \/>\n\t\t<meta property=\"og:site_name\" content=\"Arquivo | Jornal J\u00c1 | Porto Alegre\" \/>\n\t\t<meta property=\"og:type\" content=\"article\" \/>\n\t\t<meta property=\"og:title\" content=\"OIT: mudan\u00e7a de regra no combate ao trabalho escravo pode provocar retrocessos | Arquivo\" \/>\n\t\t<meta property=\"og:url\" content=\"https:\/\/www.jornalja.com.br\/arquivo\/oit-mudanca-de-regra-no-combate-ao-trabalho-escravo-pode-provocar-retrocessos\/\" \/>\n\t\t<meta property=\"og:image\" content=\"https:\/\/www.jornalja.com.br\/wp-content\/uploads\/2017\/10\/trabalho_escravo4-400x268.jpg\" \/>\n\t\t<meta property=\"og:image:secure_url\" content=\"https:\/\/www.jornalja.com.br\/wp-content\/uploads\/2017\/10\/trabalho_escravo4-400x268.jpg\" \/>\n\t\t<meta property=\"article:published_time\" content=\"2017-10-19T20:56:27+00:00\" \/>\n\t\t<meta property=\"article:modified_time\" content=\"2017-10-19T20:56:27+00:00\" \/>\n\t\t<meta name=\"twitter:card\" content=\"summary\" \/>\n\t\t<meta name=\"twitter:title\" content=\"OIT: mudan\u00e7a de regra no combate ao trabalho escravo pode provocar retrocessos | Arquivo\" \/>\n\t\t<meta name=\"twitter:image\" content=\"https:\/\/www.jornalja.com.br\/economics\/wp-content\/uploads\/sites\/11\/2026\/08\/ja-folhaderosto-facebook.jpg\" \/>\n\t\t<script type=\"application\/ld+json\" class=\"aioseo-schema\">\n\t\t\t{\"@context\":\"https:\\\/\\\/schema.org\",\"@graph\":[{\"@type\":\"BlogPosting\",\"@id\":\"https:\\\/\\\/www.jornalja.com.br\\\/arquivo\\\/oit-mudanca-de-regra-no-combate-ao-trabalho-escravo-pode-provocar-retrocessos\\\/#blogposting\",\"name\":\"OIT: mudan\\u00e7a de regra no combate ao trabalho escravo pode provocar retrocessos | Arquivo\",\"headline\":\"OIT: mudan\\u00e7a de regra no combate ao trabalho escravo pode provocar retrocessos\",\"author\":{\"@id\":\"https:\\\/\\\/www.jornalja.com.br\\\/arquivo\\\/author\\\/daredacao\\\/#author\"},\"publisher\":{\"@id\":\"https:\\\/\\\/www.jornalja.com.br\\\/arquivo\\\/#organization\"},\"image\":{\"@type\":\"ImageObject\",\"url\":\"https:\\\/\\\/www.jornalja.com.br\\\/wp-content\\\/uploads\\\/2017\\\/10\\\/trabalho_escravo4-400x268.jpg\",\"@id\":\"https:\\\/\\\/www.jornalja.com.br\\\/arquivo\\\/oit-mudanca-de-regra-no-combate-ao-trabalho-escravo-pode-provocar-retrocessos\\\/#articleImage\"},\"datePublished\":\"2017-10-19T17:56:27-02:00\",\"dateModified\":\"2017-10-19T17:56:27-02:00\",\"inLanguage\":\"pt-BR\",\"mainEntityOfPage\":{\"@id\":\"https:\\\/\\\/www.jornalja.com.br\\\/arquivo\\\/oit-mudanca-de-regra-no-combate-ao-trabalho-escravo-pode-provocar-retrocessos\\\/#webpage\"},\"isPartOf\":{\"@id\":\"https:\\\/\\\/www.jornalja.com.br\\\/arquivo\\\/oit-mudanca-de-regra-no-combate-ao-trabalho-escravo-pode-provocar-retrocessos\\\/#webpage\"},\"articleSection\":\"NOTAS\"},{\"@type\":\"BreadcrumbList\",\"@id\":\"https:\\\/\\\/www.jornalja.com.br\\\/arquivo\\\/oit-mudanca-de-regra-no-combate-ao-trabalho-escravo-pode-provocar-retrocessos\\\/#breadcrumblist\",\"itemListElement\":[{\"@type\":\"ListItem\",\"@id\":\"https:\\\/\\\/www.jornalja.com.br\\\/arquivo#listItem\",\"position\":1,\"name\":\"Home\",\"item\":\"https:\\\/\\\/www.jornalja.com.br\\\/arquivo\",\"nextItem\":{\"@type\":\"ListItem\",\"@id\":\"https:\\\/\\\/www.jornalja.com.br\\\/arquivo\\\/category\\\/notas\\\/#listItem\",\"name\":\"NOTAS\"}},{\"@type\":\"ListItem\",\"@id\":\"https:\\\/\\\/www.jornalja.com.br\\\/arquivo\\\/category\\\/notas\\\/#listItem\",\"position\":2,\"name\":\"NOTAS\",\"item\":\"https:\\\/\\\/www.jornalja.com.br\\\/arquivo\\\/category\\\/notas\\\/\",\"nextItem\":{\"@type\":\"ListItem\",\"@id\":\"https:\\\/\\\/www.jornalja.com.br\\\/arquivo\\\/oit-mudanca-de-regra-no-combate-ao-trabalho-escravo-pode-provocar-retrocessos\\\/#listItem\",\"name\":\"OIT: mudan\\u00e7a de regra no combate ao trabalho escravo pode provocar retrocessos\"},\"previousItem\":{\"@type\":\"ListItem\",\"@id\":\"https:\\\/\\\/www.jornalja.com.br\\\/arquivo#listItem\",\"name\":\"Home\"}},{\"@type\":\"ListItem\",\"@id\":\"https:\\\/\\\/www.jornalja.com.br\\\/arquivo\\\/oit-mudanca-de-regra-no-combate-ao-trabalho-escravo-pode-provocar-retrocessos\\\/#listItem\",\"position\":3,\"name\":\"OIT: mudan\\u00e7a de regra no combate ao trabalho escravo pode provocar retrocessos\",\"previousItem\":{\"@type\":\"ListItem\",\"@id\":\"https:\\\/\\\/www.jornalja.com.br\\\/arquivo\\\/category\\\/notas\\\/#listItem\",\"name\":\"NOTAS\"}}]},{\"@type\":\"Organization\",\"@id\":\"https:\\\/\\\/www.jornalja.com.br\\\/arquivo\\\/#organization\",\"name\":\"Jornal J\\u00c1\",\"description\":\"Jornal J\\u00c1 | Porto Alegre\",\"url\":\"https:\\\/\\\/www.jornalja.com.br\\\/arquivo\\\/\",\"telephone\":\"+555133307272\",\"logo\":{\"@type\":\"ImageObject\",\"url\":\"https:\\\/\\\/www.jornalja.com.br\\\/wp-content\\\/uploads\\\/cards\\\/JAslogan.png\",\"@id\":\"https:\\\/\\\/www.jornalja.com.br\\\/arquivo\\\/oit-mudanca-de-regra-no-combate-ao-trabalho-escravo-pode-provocar-retrocessos\\\/#organizationLogo\"},\"image\":{\"@id\":\"https:\\\/\\\/www.jornalja.com.br\\\/arquivo\\\/oit-mudanca-de-regra-no-combate-ao-trabalho-escravo-pode-provocar-retrocessos\\\/#organizationLogo\"}},{\"@type\":\"Person\",\"@id\":\"https:\\\/\\\/www.jornalja.com.br\\\/arquivo\\\/author\\\/daredacao\\\/#author\",\"url\":\"https:\\\/\\\/www.jornalja.com.br\\\/arquivo\\\/author\\\/daredacao\\\/\",\"name\":\"da Reda\\u00e7\\u00e3o\",\"image\":{\"@type\":\"ImageObject\",\"@id\":\"https:\\\/\\\/www.jornalja.com.br\\\/arquivo\\\/oit-mudanca-de-regra-no-combate-ao-trabalho-escravo-pode-provocar-retrocessos\\\/#authorImage\",\"url\":\"https:\\\/\\\/secure.gravatar.com\\\/avatar\\\/469fd857d6605ad19919d27ed29d35a968a25f6e8fd9318356bbb7f57aae9c65?s=96&d=mm&r=g\",\"width\":96,\"height\":96,\"caption\":\"da Reda\\u00e7\\u00e3o\"}},{\"@type\":\"WebPage\",\"@id\":\"https:\\\/\\\/www.jornalja.com.br\\\/arquivo\\\/oit-mudanca-de-regra-no-combate-ao-trabalho-escravo-pode-provocar-retrocessos\\\/#webpage\",\"url\":\"https:\\\/\\\/www.jornalja.com.br\\\/arquivo\\\/oit-mudanca-de-regra-no-combate-ao-trabalho-escravo-pode-provocar-retrocessos\\\/\",\"name\":\"OIT: mudan\\u00e7a de regra no combate ao trabalho escravo pode provocar retrocessos | Arquivo\",\"inLanguage\":\"pt-BR\",\"isPartOf\":{\"@id\":\"https:\\\/\\\/www.jornalja.com.br\\\/arquivo\\\/#website\"},\"breadcrumb\":{\"@id\":\"https:\\\/\\\/www.jornalja.com.br\\\/arquivo\\\/oit-mudanca-de-regra-no-combate-ao-trabalho-escravo-pode-provocar-retrocessos\\\/#breadcrumblist\"},\"author\":{\"@id\":\"https:\\\/\\\/www.jornalja.com.br\\\/arquivo\\\/author\\\/daredacao\\\/#author\"},\"creator\":{\"@id\":\"https:\\\/\\\/www.jornalja.com.br\\\/arquivo\\\/author\\\/daredacao\\\/#author\"},\"datePublished\":\"2017-10-19T17:56:27-02:00\",\"dateModified\":\"2017-10-19T17:56:27-02:00\"},{\"@type\":\"WebSite\",\"@id\":\"https:\\\/\\\/www.jornalja.com.br\\\/arquivo\\\/#website\",\"url\":\"https:\\\/\\\/www.jornalja.com.br\\\/arquivo\\\/\",\"name\":\"Arquivo\",\"description\":\"Jornal J\\u00c1 | Porto Alegre\",\"inLanguage\":\"pt-BR\",\"publisher\":{\"@id\":\"https:\\\/\\\/www.jornalja.com.br\\\/arquivo\\\/#organization\"}}]}\n\t\t<\/script>\n\t\t<!-- All in One SEO -->\n\n","aioseo_head_json":{"title":"OIT: mudan\u00e7a de regra no combate ao trabalho escravo pode provocar retrocessos | Arquivo","description":"","canonical_url":"https:\/\/www.jornalja.com.br\/arquivo\/oit-mudanca-de-regra-no-combate-ao-trabalho-escravo-pode-provocar-retrocessos\/","robots":"max-image-preview:large","keywords":"","webmasterTools":{"miscellaneous":""},"schema":{"@context":"https:\/\/schema.org","@graph":[{"@type":"BlogPosting","@id":"https:\/\/www.jornalja.com.br\/arquivo\/oit-mudanca-de-regra-no-combate-ao-trabalho-escravo-pode-provocar-retrocessos\/#blogposting","name":"OIT: mudan\u00e7a de regra no combate ao trabalho escravo pode provocar retrocessos | Arquivo","headline":"OIT: mudan\u00e7a de regra no combate ao trabalho escravo pode provocar retrocessos","author":{"@id":"https:\/\/www.jornalja.com.br\/arquivo\/author\/daredacao\/#author"},"publisher":{"@id":"https:\/\/www.jornalja.com.br\/arquivo\/#organization"},"image":{"@type":"ImageObject","url":"https:\/\/www.jornalja.com.br\/wp-content\/uploads\/2017\/10\/trabalho_escravo4-400x268.jpg","@id":"https:\/\/www.jornalja.com.br\/arquivo\/oit-mudanca-de-regra-no-combate-ao-trabalho-escravo-pode-provocar-retrocessos\/#articleImage"},"datePublished":"2017-10-19T17:56:27-02:00","dateModified":"2017-10-19T17:56:27-02:00","inLanguage":"pt-BR","mainEntityOfPage":{"@id":"https:\/\/www.jornalja.com.br\/arquivo\/oit-mudanca-de-regra-no-combate-ao-trabalho-escravo-pode-provocar-retrocessos\/#webpage"},"isPartOf":{"@id":"https:\/\/www.jornalja.com.br\/arquivo\/oit-mudanca-de-regra-no-combate-ao-trabalho-escravo-pode-provocar-retrocessos\/#webpage"},"articleSection":"NOTAS"},{"@type":"BreadcrumbList","@id":"https:\/\/www.jornalja.com.br\/arquivo\/oit-mudanca-de-regra-no-combate-ao-trabalho-escravo-pode-provocar-retrocessos\/#breadcrumblist","itemListElement":[{"@type":"ListItem","@id":"https:\/\/www.jornalja.com.br\/arquivo#listItem","position":1,"name":"Home","item":"https:\/\/www.jornalja.com.br\/arquivo","nextItem":{"@type":"ListItem","@id":"https:\/\/www.jornalja.com.br\/arquivo\/category\/notas\/#listItem","name":"NOTAS"}},{"@type":"ListItem","@id":"https:\/\/www.jornalja.com.br\/arquivo\/category\/notas\/#listItem","position":2,"name":"NOTAS","item":"https:\/\/www.jornalja.com.br\/arquivo\/category\/notas\/","nextItem":{"@type":"ListItem","@id":"https:\/\/www.jornalja.com.br\/arquivo\/oit-mudanca-de-regra-no-combate-ao-trabalho-escravo-pode-provocar-retrocessos\/#listItem","name":"OIT: mudan\u00e7a de regra no combate ao trabalho escravo pode provocar retrocessos"},"previousItem":{"@type":"ListItem","@id":"https:\/\/www.jornalja.com.br\/arquivo#listItem","name":"Home"}},{"@type":"ListItem","@id":"https:\/\/www.jornalja.com.br\/arquivo\/oit-mudanca-de-regra-no-combate-ao-trabalho-escravo-pode-provocar-retrocessos\/#listItem","position":3,"name":"OIT: mudan\u00e7a de regra no combate ao trabalho escravo pode provocar retrocessos","previousItem":{"@type":"ListItem","@id":"https:\/\/www.jornalja.com.br\/arquivo\/category\/notas\/#listItem","name":"NOTAS"}}]},{"@type":"Organization","@id":"https:\/\/www.jornalja.com.br\/arquivo\/#organization","name":"Jornal J\u00c1","description":"Jornal J\u00c1 | Porto Alegre","url":"https:\/\/www.jornalja.com.br\/arquivo\/","telephone":"+555133307272","logo":{"@type":"ImageObject","url":"https:\/\/www.jornalja.com.br\/wp-content\/uploads\/cards\/JAslogan.png","@id":"https:\/\/www.jornalja.com.br\/arquivo\/oit-mudanca-de-regra-no-combate-ao-trabalho-escravo-pode-provocar-retrocessos\/#organizationLogo"},"image":{"@id":"https:\/\/www.jornalja.com.br\/arquivo\/oit-mudanca-de-regra-no-combate-ao-trabalho-escravo-pode-provocar-retrocessos\/#organizationLogo"}},{"@type":"Person","@id":"https:\/\/www.jornalja.com.br\/arquivo\/author\/daredacao\/#author","url":"https:\/\/www.jornalja.com.br\/arquivo\/author\/daredacao\/","name":"da Reda\u00e7\u00e3o","image":{"@type":"ImageObject","@id":"https:\/\/www.jornalja.com.br\/arquivo\/oit-mudanca-de-regra-no-combate-ao-trabalho-escravo-pode-provocar-retrocessos\/#authorImage","url":"https:\/\/secure.gravatar.com\/avatar\/469fd857d6605ad19919d27ed29d35a968a25f6e8fd9318356bbb7f57aae9c65?s=96&d=mm&r=g","width":96,"height":96,"caption":"da Reda\u00e7\u00e3o"}},{"@type":"WebPage","@id":"https:\/\/www.jornalja.com.br\/arquivo\/oit-mudanca-de-regra-no-combate-ao-trabalho-escravo-pode-provocar-retrocessos\/#webpage","url":"https:\/\/www.jornalja.com.br\/arquivo\/oit-mudanca-de-regra-no-combate-ao-trabalho-escravo-pode-provocar-retrocessos\/","name":"OIT: mudan\u00e7a de regra no combate ao trabalho escravo pode provocar retrocessos | Arquivo","inLanguage":"pt-BR","isPartOf":{"@id":"https:\/\/www.jornalja.com.br\/arquivo\/#website"},"breadcrumb":{"@id":"https:\/\/www.jornalja.com.br\/arquivo\/oit-mudanca-de-regra-no-combate-ao-trabalho-escravo-pode-provocar-retrocessos\/#breadcrumblist"},"author":{"@id":"https:\/\/www.jornalja.com.br\/arquivo\/author\/daredacao\/#author"},"creator":{"@id":"https:\/\/www.jornalja.com.br\/arquivo\/author\/daredacao\/#author"},"datePublished":"2017-10-19T17:56:27-02:00","dateModified":"2017-10-19T17:56:27-02:00"},{"@type":"WebSite","@id":"https:\/\/www.jornalja.com.br\/arquivo\/#website","url":"https:\/\/www.jornalja.com.br\/arquivo\/","name":"Arquivo","description":"Jornal J\u00c1 | Porto Alegre","inLanguage":"pt-BR","publisher":{"@id":"https:\/\/www.jornalja.com.br\/arquivo\/#organization"}}]},"og:locale":"pt_BR","og:site_name":"Arquivo | Jornal J\u00c1 | Porto Alegre","og:type":"article","og:title":"OIT: mudan\u00e7a de regra no combate ao trabalho escravo pode provocar retrocessos | Arquivo","og:url":"https:\/\/www.jornalja.com.br\/arquivo\/oit-mudanca-de-regra-no-combate-ao-trabalho-escravo-pode-provocar-retrocessos\/","og:image":"https:\/\/www.jornalja.com.br\/wp-content\/uploads\/2017\/10\/trabalho_escravo4-400x268.jpg","og:image:secure_url":"https:\/\/www.jornalja.com.br\/wp-content\/uploads\/2017\/10\/trabalho_escravo4-400x268.jpg","article:published_time":"2017-10-19T20:56:27+00:00","article:modified_time":"2017-10-19T20:56:27+00:00","twitter:card":"summary","twitter:title":"OIT: mudan\u00e7a de regra no combate ao trabalho escravo pode provocar retrocessos | Arquivo","twitter:image":"https:\/\/www.jornalja.com.br\/economics\/wp-content\/uploads\/sites\/11\/2026\/08\/ja-folhaderosto-facebook.jpg"},"aioseo_meta_data":{"post_id":"56514","title":null,"description":null,"keywords":null,"keyphrases":null,"primary_term":null,"canonical_url":null,"og_title":null,"og_description":null,"og_object_type":"default","og_image_type":"default","og_image_url":null,"og_image_width":null,"og_image_height":null,"og_image_custom_url":null,"og_image_custom_fields":null,"og_video":null,"og_custom_url":null,"og_article_section":null,"og_article_tags":null,"twitter_use_og":false,"twitter_card":"default","twitter_image_type":"default","twitter_image_url":null,"twitter_image_custom_url":null,"twitter_image_custom_fields":null,"twitter_title":null,"twitter_description":null,"schema":{"blockGraphs":[],"customGraphs":[],"default":{"data":{"Article":[],"Course":[],"Dataset":[],"FAQPage":[],"Movie":[],"Person":[],"Product":[],"ProductReview":[],"Car":[],"Recipe":[],"Service":[],"SoftwareApplication":[],"WebPage":[]},"graphName":"","isEnabled":true},"graphs":[],"defaultGraph":"","defaultPostTypeGraph":""},"schema_type":null,"schema_type_options":null,"pillar_content":false,"robots_default":true,"robots_noindex":false,"robots_noarchive":false,"robots_nosnippet":false,"robots_nofollow":false,"robots_noimageindex":false,"robots_noodp":false,"robots_notranslate":false,"robots_max_snippet":null,"robots_max_videopreview":null,"robots_max_imagepreview":"large","priority":null,"frequency":null,"location":null,"local_seo":null,"breadcrumb_settings":null,"limit_modified_date":false,"ai":null,"created":"2020-12-20 20:21:53","updated":"2025-07-20 01:53:06","seo_analyzer_scan_date":null,"focus_keyword":null,"additional_keywords":null,"truseo_locale":null},"jetpack_sharing_enabled":true,"jetpack-related-posts":[{"id":13101,"url":"https:\/\/www.jornalja.com.br\/arquivo\/morre-um-guerreiro-do-texto\/","url_meta":{"origin":56514,"position":0},"title":"Morre um guerreiro do texto","author":"Patr\u00edcia Marini","date":"14 de maio de 2014","format":false,"excerpt":"Por Ricardo Kotscho Reproduzido do blog do autor, 11\/5\/2014; t\u00edtulo original \u201cE l\u00e1 se foi o nosso Myltainho, guerreiro do texto\u201d. Mi\u00fado e franzino, meu amigo Myltainho era um valente e inconformado guerreiro na luta contra as injusti\u00e7as sociais, a hipocrisia, as maracutaias, o autoritarismo, a intoler\u00e2ncia, a viol\u00eancia, o\u2026","rel":"","context":"Em &quot;Geral&quot;","block_context":{"text":"Geral","link":"https:\/\/www.jornalja.com.br\/arquivo\/category\/geral\/"},"img":{"alt_text":"","src":"","width":0,"height":0},"classes":[]},{"id":13124,"url":"https:\/\/www.jornalja.com.br\/arquivo\/sangue-latino-no-iecine\/","url_meta":{"origin":56514,"position":1},"title":"Sangue latino no IECINE","author":"da Reda\u00e7\u00e3o","date":"18 de maio de 2014","format":false,"excerpt":"Francisco Ribeiro O Instituto Estadual de Cinema (IECINE) tem a frente, desde abril \u00faltimo, um novo diretor, o cineasta colombiano Juan Zapata, 36, que substitui Luiz Alberto Cassol. Radicado h\u00e1 dez anos em Porto Alegre, Zapata tem diante de si o desafio de conduzir at\u00e9 o final do ano um\u2026","rel":"","context":"Em &quot;Cultura-Geral&quot;","block_context":{"text":"Cultura-Geral","link":"https:\/\/www.jornalja.com.br\/arquivo\/category\/materiasecundaria\/"},"img":{"alt_text":"","src":"","width":0,"height":0},"classes":[]},{"id":13109,"url":"https:\/\/www.jornalja.com.br\/arquivo\/judiciario-reconhece-poluicao-eletromagnetica\/","url_meta":{"origin":56514,"position":2},"title":"Judici\u00e1rio reconhece polui\u00e7\u00e3o eletromagn\u00e9tica","author":"Patr\u00edcia Marini","date":"16 de maio de 2014","format":false,"excerpt":"A\u00e7\u00e3o de duas associa\u00e7\u00f5es de moradores foi acolhida pelo Tribunal de Justi\u00e7a de S\u00e3o Paulo que. em decis\u00e3o in\u00e9dita, determinou a redu\u00e7\u00e3o do campo eletromagn\u00e9tico gerado pelas linhas de transmiss\u00e3o de energia que cortam os bairros City Boa\u00e7ava e Alto de Pinheiros. \u00c9 a primeira vez que um tribunal do\u2026","rel":"","context":"Em &quot;X.Categorias velhas&quot;","block_context":{"text":"X.Categorias velhas","link":"https:\/\/www.jornalja.com.br\/arquivo\/category\/x-categorias-velhas\/"},"img":{"alt_text":"","src":"","width":0,"height":0},"classes":[]},{"id":1280,"url":"https:\/\/www.jornalja.com.br\/arquivo\/o-menino-que-se-tornou-brizola\/","url_meta":{"origin":56514,"position":3},"title":"O Menino que se Tornou Brizola","author":"da Reda\u00e7\u00e3o","date":"28 de julho de 2008","format":false,"excerpt":"Autor: Cleber Dioni A vida de Leonel Brizola, com \u00eanfase para os primeiros anos em Porto Alegre, at\u00e9 o ex\u00edlio no Uruguai e a volta, quinze anos depois. \u00a0\"...\u00c9ramos todos jovens e nos identific\u00e1vamos com aquela massa an\u00f4nima a percorrer as ruas de Porto Alegre, gritando 'Get\u00falio', 'Get\u00falio' e empunhando\u2026","rel":"","context":"Em &quot;Livros&quot;","block_context":{"text":"Livros","link":"https:\/\/www.jornalja.com.br\/arquivo\/category\/livros\/"},"img":{"alt_text":"","src":"https:\/\/i0.wp.com\/www.jornalja.com.br\/wp-content\/uploads\/2008\/07\/brizola.gif?resize=350%2C200&ssl=1","width":350,"height":200},"classes":[]},{"id":14241,"url":"https:\/\/www.jornalja.com.br\/arquivo\/o-guaiba-nas-imagens-poeticas-de-achutti\/","url_meta":{"origin":56514,"position":4},"title":"O Gua\u00edba nas imagens po\u00e9ticas de Achutti","author":"da Reda\u00e7\u00e3o","date":"18 de junho de 2014","format":false,"excerpt":"Em \u201cO Gua\u00edba por Achutti\u201d \u2013 obra financiada via Minist\u00e9rio da Cultura, produ\u00e7\u00e3o executiva de Pedro Longhi, e Fl\u00e1vio Wild como designer \u2013, o fot\u00f3grafo revela a beleza e as mazelas de um espa\u00e7o aqu\u00e1tico de \u00e1guas sempre renovadas, cheio de hist\u00f3rias e lendas como as das cidades que foram\u2026","rel":"","context":"Em &quot;Cultura-Geral&quot;","block_context":{"text":"Cultura-Geral","link":"https:\/\/www.jornalja.com.br\/arquivo\/category\/materiasecundaria\/"},"img":{"alt_text":"","src":"","width":0,"height":0},"classes":[]},{"id":5440,"url":"https:\/\/www.jornalja.com.br\/arquivo\/casarao-da-venancio-destino-permanece-incerto\/","url_meta":{"origin":56514,"position":5},"title":"Estado ainda n\u00e3o sabe o que fazer com casar\u00e3o abandonado h\u00e1 20 anos","author":"Elmar Bones","date":"6 de julho de 2009","format":false,"excerpt":"O casar\u00e3o amarelo, numa esquina nobre de Porto Alegre (Ven\u00e2ncio Aires com Jo\u00e3o Pessoa), j\u00e1 abrigou uma escola. H\u00e1 duas d\u00e9cadas, pelo menos, est\u00e1 abandonado, porque seu propriet\u00e1rio, o governo do Estado do Rio Grande do Sul, n\u00e3o consegue achar um destino para ele. Planos n\u00e3o faltaram. O governador Ol\u00edvio\u2026","rel":"","context":"Em &quot;X.Categorias velhas&quot;","block_context":{"text":"X.Categorias velhas","link":"https:\/\/www.jornalja.com.br\/arquivo\/category\/x-categorias-velhas\/"},"img":{"alt_text":"geraldo1","src":"https:\/\/i0.wp.com\/www.jornalja.com.br\/wp-content\/uploads\/2009\/07\/geraldo1.jpg?resize=350%2C200&ssl=1","width":350,"height":200},"classes":[]}],"jetpack_shortlink":"https:\/\/wp.me\/pbQjBd-eHw","jetpack_featured_media_url":"","_links":{"self":[{"href":"https:\/\/www.jornalja.com.br\/arquivo\/wp-json\/wp\/v2\/posts\/56514","targetHints":{"allow":["GET"]}}],"collection":[{"href":"https:\/\/www.jornalja.com.br\/arquivo\/wp-json\/wp\/v2\/posts"}],"about":[{"href":"https:\/\/www.jornalja.com.br\/arquivo\/wp-json\/wp\/v2\/types\/post"}],"author":[{"embeddable":true,"href":"https:\/\/www.jornalja.com.br\/arquivo\/wp-json\/wp\/v2\/users\/4"}],"replies":[{"embeddable":true,"href":"https:\/\/www.jornalja.com.br\/arquivo\/wp-json\/wp\/v2\/comments?post=56514"}],"version-history":[{"count":0,"href":"https:\/\/www.jornalja.com.br\/arquivo\/wp-json\/wp\/v2\/posts\/56514\/revisions"}],"wp:attachment":[{"href":"https:\/\/www.jornalja.com.br\/arquivo\/wp-json\/wp\/v2\/media?parent=56514"}],"wp:term":[{"taxonomy":"category","embeddable":true,"href":"https:\/\/www.jornalja.com.br\/arquivo\/wp-json\/wp\/v2\/categories?post=56514"},{"taxonomy":"post_tag","embeddable":true,"href":"https:\/\/www.jornalja.com.br\/arquivo\/wp-json\/wp\/v2\/tags?post=56514"}],"curies":[{"name":"wp","href":"https:\/\/api.w.org\/{rel}","templated":true}]}}