{"id":56519,"date":"2017-10-20T03:18:59","date_gmt":"2017-10-20T06:18:59","guid":{"rendered":"https:\/\/www.jornalja.com.br\/?p=56519"},"modified":"2017-10-20T03:18:59","modified_gmt":"2017-10-20T06:18:59","slug":"servidores-das-fundacoes-preparam-grande-mobilizacao-para-julgamento-do-tce","status":"publish","type":"post","link":"https:\/\/www.jornalja.com.br\/arquivo\/servidores-das-fundacoes-preparam-grande-mobilizacao-para-julgamento-do-tce\/","title":{"rendered":"Servidores das funda\u00e7\u00f5es preparam grande mobiliza\u00e7\u00e3o para julgamento do TCE"},"content":{"rendered":"<p>No mesmo dia em que o Di\u00e1rio Oficial do Estado publicou decreto do governador Jos\u00e9 Ivo Sartori determinando a extin\u00e7\u00e3o de todas as atividades das funda\u00e7\u00f5es estaduais, num prazo de at\u00e9 180 dias, ganhou for\u00e7a a mobiliza\u00e7\u00e3o dos servidores para acompanhar a sess\u00e3o no Tribunal de Contas do Estado que ir\u00e1 retomar o tema, marcada para pr\u00f3xima quarta-feira, dia 25, \u00e0s 14 horas.<br \/>\nNesta quinta-feira, foi criado um evento no facebook: <a href=\"http:\/\/www.facebook.com\/events\/1447655528620926\/?acontext=%7B%22action_history%22%3A[%7B%22mechanism%22%3A%22bookmarks%22%2C%22surface%22%3A%22bookmarks_menu%22%2C%22extra_data%22%3A%22[]%22%7D%2C%7B%22surface%22%3A%22dashboard%22%2C%22mechanism%22%3A%22calendar_tab_invitation%22%2C%22extra_data%22%3A%22[]%22%7D]%2C%22ref%22%3A46%2C%22source%22%3A2%7D\">Grande Mobiliza\u00e7\u00e3o: Julgamento da Extin\u00e7\u00e3o das Funda\u00e7\u00f5es-TCE<\/a>, organizado pelo Movimento dos Servidores da TVE e FM Cultura, Apoio \u00e0 Funda\u00e7\u00e3o Zoobot\u00e2nica do RS, Comunidade RS, Cientec Eu Apoio, Em defesa da FDRH, Mogdema (Movimento Ga\u00facho em Defesa do Meio Ambiente) e pela deputada Juliana Brizola (PDT).<br \/>\nA parlamentar trabalhista protocolou no in\u00edcio deste m\u00eas de outubro, na Assembleia, <a href=\"https:\/\/www.jornalja.com.br\/deputada-propoe-leis-que-revoguem-extincao-das-fundacoes\/\">dois projetos de Lei que buscam revogar as leis que autorizaram o governo a extinguir as funda\u00e7\u00f5es e a Corag<\/a>.<br \/>\nCom a chamada #NENHUMAFUNDA\u00c7\u00c3OAMENOS, o texto na rede social diz que \u00e9 poss\u00edvel reverter o processo de extin\u00e7\u00e3o das funda\u00e7\u00f5es e, por isso, pede mobiliza\u00e7\u00e3o m\u00e1xima em frente ao TCE. Dos 3.568 convidados, at\u00e9 esta manh\u00e3 de sexta, dia 20, 370 pessoas haviam confirmado presen\u00e7a e 669 manifestaram interesse em comparecer.<br \/>\n<span class=\"intertit\">Conselheiro pediu vistas do processo<\/span><br \/>\nOs conselheiros do TCE est\u00e3o julgando uma representa\u00e7\u00e3o do procurador-geral do Minist\u00e9rio P\u00fablico de Contas (MPC), Geraldo Da Camino, que questiona a Lei sobre as extin\u00e7\u00f5es e solicita que os processos sejam suspensos. O processo envolve as funda\u00e7\u00f5es Zoobot\u00e2nica (FZB), de Ci\u00eancia e Tecnologia (Cientec), de Economia e Estat\u00edstica (FEE), Piratini, de Desenvolvimento de Recursos Humanos (FDRH) e de Planejamento Metropolitano e Regional (Metroplan).<br \/>\n<figure id=\"attachment_54810\" aria-describedby=\"caption-attachment-54810\" style=\"width: 1150px\" class=\"wp-caption alignnone\"><img loading=\"lazy\" decoding=\"async\" class=\"wp-image-54810 size-full\" src=\"https:\/\/www.jornalja.com.br\/wp-content\/uploads\/2017\/09\/Fotos-Claudir-Tigre-TCE.jpg\" alt=\"\" width=\"1150\" height=\"768\" \/><figcaption id=\"caption-attachment-54810\" class=\"wp-caption-text\">Cezar Miola, relator do processo, votou pela aceita\u00e7\u00e3o da medida cautelar \/ Fotos Claudir Tigre \/ TCE \/ Divulga\u00e7\u00e3o<\/figcaption><\/figure><br \/>\nO julgamento da a\u00e7\u00e3o iniciou\u00a0em 6 de setembro e o primeiro voto, do relator, o conselheiro Cezar Miola, foi favor\u00e1vel ao pleito do procurador Da Camino. Mas a sess\u00e3o foi suspensa devido aos pedidos de vistas do processo feito pelos conselheiros Pedro Henrique Figueiredo e Estilac Xavier.<br \/>\n<span class=\"intertit\">Iniciativas tentam barrar extin\u00e7\u00f5es e demiss\u00f5es<\/span><br \/>\nNo decorrer deste m\u00eas, v\u00e1rias cartas, manifestos e documentos chegaram at\u00e9 o procurador da Camino, do MP de Contas, e aos conselheiros do TCE. Nesta semana, servidores da FEE e Cientec fizeram-se presentes.<br \/>\n<a href=\"https:\/\/www.jornalja.com.br\/papel-da-zoobotanica-e-insubstituivel-diz-parecer-tecnico-do-instituto-de-biociencias-da-ufrgs\/\">Professores e pesquisadores dos Institutos de Bioci\u00eancias e de Geoci\u00eancias da Universidade Federal do Rio Grande do Sul (UFRGS) enviaram um Parecer T\u00e9cnico<\/a> ao presidente do TCE, Marco Peixoto, e aos demais conselheiros, em defesa da FZB.<br \/>\nNa ter\u00e7a-feira, representantes das associa\u00e7\u00f5es de funcion\u00e1rios da SEMA e da FEPAM entregaram ao MP de Contas documento em que reafirmam que ambas institui\u00e7\u00f5es n\u00e3o possuem servidores capacitados para absorver as fun\u00e7\u00f5es dos funcion\u00e1rios da Zoobot\u00e2nica.<br \/>\n<figure id=\"attachment_56523\" aria-describedby=\"caption-attachment-56523\" style=\"width: 400px\" class=\"wp-caption alignnone\"><img loading=\"lazy\" decoding=\"async\" class=\"size-medium wp-image-56523\" src=\"https:\/\/www.jornalja.com.br\/wp-content\/uploads\/2017\/10\/DMXYbo-WAAEeR3c-1-400x390.jpg\" alt=\"\" width=\"400\" height=\"390\" \/><figcaption id=\"caption-attachment-56523\" class=\"wp-caption-text\">Servidores da SEMA e FEPAM entregaram carta ao procurador Da Camino \/ MP de Contas \/ Divulga\u00e7\u00e3o<\/figcaption><\/figure><br \/>\n&#8220;Nos preocupa, por exemplo, a cessa\u00e7\u00e3o do aporte t\u00e9cnico-cient\u00edfico para projetos priorit\u00e1rios do Estado como: o Zoneamento Ecol\u00f3gico-Econ\u00f4mico do RS; o licenciamento de oito linhas de transmiss\u00e3o que atravessam o Estado de norte a sul e de leste a oeste e o maior complexo e\u00f3lico a ser implantado no Rio Grande do Sul (Ventos do Atl\u00e2ntico); os trabalhos de mapeamento das condi\u00e7\u00f5es de sanidade ambiental das margens de recurso h\u00eddrico, integrante do Zoneamento para atividade de minera\u00e7\u00e3o de areia do rio Jacu\u00ed (em andamento), e proposto para o Zoneamento equivalente para o lago Gua\u00edba, ambos por imposi\u00e7\u00e3o judicial; o conv\u00eanio FZB-DAER que visa ao atendimento das avalia\u00e7\u00f5es sobre fauna e s\u00edtios paleontol\u00f3gicos na constru\u00e7\u00e3o de rodovias do RS; a identifica\u00e7\u00e3o das esp\u00e9cies da fauna e flora amea\u00e7adas no Estado; a produ\u00e7\u00e3o de planos de manejo para diversas Unidades de Conserva\u00e7\u00e3o; al\u00e9m do assessoramento t\u00e9cnico \u00e0s promotorias e \u00e0s varas ambientais do Estado&#8221;, diz trecho do documento encaminhado ao TCE e ao MPC.<br \/>\nOs sindicados dos Engenheiros (Senge\/RS) e dos Empregados em Empresas de Assessoramento (Semapi\/RS), atrav\u00e9s do escrit\u00f3rio Buchabqui e Pinheiro Machado Advogados Associados, ingressaram no Tribunal de Justi\u00e7a com uma A\u00e7\u00e3o Direta de Inconstitucionalidade, com pedido de liminar, contra a Lei n\u00ba 14.982\/2017 que autorizou o fechamento da Cientec.<br \/>\nTodas a\u00e7\u00f5es foram motivadas pela <a href=\"https:\/\/www.jornalja.com.br\/gilmar-mendes-suspende-negociacao-trabalhista-com-servidores-das-fundacoes-estaduais\/\">liminar concedida pelo ministro Gilmar Mendes, do Supremo Tribunal Federal,<\/a> que tornou sem efeito a continuidade das negocia\u00e7\u00f5es da Procuradoria-Geral do Estado (PGE) com a Frente Jur\u00eddica, que estavam sendo realizadas com a <a href=\"https:\/\/www.jornalja.com.br\/governo-apresenta-proposta-para-demissao-de-servidores-de-fundacoes-e-corag\/\">media\u00e7\u00e3o do desembargador Jo\u00e3o Pedro Silvestrin, vice-presidente do Tribunal Regional do Trabalho da 4\u00aa Regi\u00e3o<\/a>. Uma nova audi\u00eancia no TRT4 ficou agendada para o dia 7 de novembro.<br \/>\nOutra a\u00e7\u00e3o judicial corre na\u00a010\u00aa Vara da Fazenda P\u00fablica de Porto Alegre, por conta de uma <a href=\"https:\/\/www.jornalja.com.br\/mp-pede-agilidade-da-justica-para-proteger-patrimonio-da-zoobotanica\/\">A\u00e7\u00e3o Civil P\u00fablica<\/a>, com pedido de liminar, solicitada pela Promotoria de Justi\u00e7a de Defesa do Meio Ambiente de Porto Alegre. A ACP impede que o Estado demita o <a href=\"https:\/\/www.jornalja.com.br\/juiz-busca-argumentos-do-mp-de-contas-para-julgar-acao-da-zoobotanica\/\">quadro t\u00e9cnico-cient\u00edfico e se desfa\u00e7a de qualquer bem, m\u00f3vel, im\u00f3vel e de animais que constituem o patrim\u00f4nio material e imaterial do Jardim Bot\u00e2nico e do Museu de Ci\u00eancias Naturai<\/a>s, duas das tr\u00eas institui\u00e7\u00f5es vinculadas \u00e0 FZB.<br \/>\nO juiz Eug\u00eanio Couto Terra ainda analisa os documentos apresentados pelas partes referentes \u00e0s duas <a href=\"https:\/\/www.jornalja.com.br\/juiz-faz-inspecao-no-local-antes-de-decidir-sobre-fundacao-zoobotanica\/\">inspe\u00e7\u00f5es judiciais que o magistrado realizou para verificar as condi\u00e7\u00f5es das estruturas f\u00edsicas do Jardim Bot\u00e2nico e conhecer as cole\u00e7\u00f5es do Museu de Ci\u00eancias Naturais<\/a>.<br \/>\n&nbsp;<\/p>\n","protected":false},"excerpt":{"rendered":"<p>No mesmo dia em que o Di\u00e1rio Oficial do Estado publicou decreto do governador Jos\u00e9 Ivo Sartori determinando a extin\u00e7\u00e3o de todas as atividades das funda\u00e7\u00f5es estaduais, num prazo de at\u00e9 180 dias, ganhou for\u00e7a a mobiliza\u00e7\u00e3o dos servidores para acompanhar a sess\u00e3o no Tribunal de Contas do Estado que ir\u00e1 retomar o tema, marcada [&hellip;]<\/p>\n","protected":false},"author":4,"featured_media":56520,"comment_status":"open","ping_status":"closed","sticky":false,"template":"","format":"standard","meta":{"_jetpack_newsletter_access":"","_jetpack_dont_email_post_to_subs":false,"_jetpack_newsletter_tier_id":0,"_jetpack_memberships_contains_paywalled_content":false,"_jetpack_feature_clip_id":0,"_jetpack_memberships_contains_paid_content":false,"footnotes":"","jetpack_post_was_ever_published":false},"categories":[26],"tags":[],"class_list":["post-56519","post","type-post","status-publish","format-standard","has-post-thumbnail","hentry","category-geral"],"aioseo_notices":[],"aioseo_head":"\n\t\t<!-- All in One SEO 5.0.1.1 - aioseo.com -->\n\t<meta name=\"robots\" content=\"max-image-preview:large\" \/>\n\t<meta name=\"author\" content=\"da Reda\u00e7\u00e3o\"\/>\n\t<link rel=\"canonical\" href=\"https:\/\/www.jornalja.com.br\/arquivo\/servidores-das-fundacoes-preparam-grande-mobilizacao-para-julgamento-do-tce\/\" \/>\n\t<meta name=\"generator\" content=\"All in One SEO (AIOSEO) 5.0.1.1\" \/>\n\t\t<meta property=\"og:locale\" content=\"pt_BR\" \/>\n\t\t<meta property=\"og:site_name\" content=\"Arquivo | Jornal J\u00c1 | Porto Alegre\" \/>\n\t\t<meta property=\"og:type\" content=\"article\" \/>\n\t\t<meta property=\"og:title\" content=\"Servidores das funda\u00e7\u00f5es preparam grande mobiliza\u00e7\u00e3o para julgamento do TCE | Arquivo\" \/>\n\t\t<meta property=\"og:url\" content=\"https:\/\/www.jornalja.com.br\/arquivo\/servidores-das-fundacoes-preparam-grande-mobilizacao-para-julgamento-do-tce\/\" \/>\n\t\t<meta property=\"og:image\" content=\"https:\/\/www.jornalja.com.br\/wp-content\/uploads\/2017\/09\/Fotos-Claudir-Tigre-TCE.jpg\" \/>\n\t\t<meta property=\"og:image:secure_url\" content=\"https:\/\/www.jornalja.com.br\/wp-content\/uploads\/2017\/09\/Fotos-Claudir-Tigre-TCE.jpg\" \/>\n\t\t<meta property=\"article:published_time\" content=\"2017-10-20T06:18:59+00:00\" \/>\n\t\t<meta property=\"article:modified_time\" content=\"2017-10-20T06:18:59+00:00\" \/>\n\t\t<meta name=\"twitter:card\" content=\"summary\" \/>\n\t\t<meta name=\"twitter:title\" content=\"Servidores das funda\u00e7\u00f5es preparam grande mobiliza\u00e7\u00e3o para julgamento do TCE | Arquivo\" \/>\n\t\t<meta name=\"twitter:image\" content=\"https:\/\/www.jornalja.com.br\/economics\/wp-content\/uploads\/sites\/11\/2026\/08\/ja-folhaderosto-facebook.jpg\" \/>\n\t\t<script type=\"application\/ld+json\" class=\"aioseo-schema\">\n\t\t\t{\"@context\":\"https:\\\/\\\/schema.org\",\"@graph\":[{\"@type\":\"BlogPosting\",\"@id\":\"https:\\\/\\\/www.jornalja.com.br\\\/arquivo\\\/servidores-das-fundacoes-preparam-grande-mobilizacao-para-julgamento-do-tce\\\/#blogposting\",\"name\":\"Servidores das funda\\u00e7\\u00f5es preparam grande mobiliza\\u00e7\\u00e3o para julgamento do TCE | Arquivo\",\"headline\":\"Servidores das funda\\u00e7\\u00f5es preparam grande mobiliza\\u00e7\\u00e3o para julgamento do TCE\",\"author\":{\"@id\":\"https:\\\/\\\/www.jornalja.com.br\\\/arquivo\\\/author\\\/daredacao\\\/#author\"},\"publisher\":{\"@id\":\"https:\\\/\\\/www.jornalja.com.br\\\/arquivo\\\/#organization\"},\"image\":{\"@type\":\"ImageObject\",\"url\":56520},\"datePublished\":\"2017-10-20T03:18:59-02:00\",\"dateModified\":\"2017-10-20T03:18:59-02:00\",\"inLanguage\":\"pt-BR\",\"mainEntityOfPage\":{\"@id\":\"https:\\\/\\\/www.jornalja.com.br\\\/arquivo\\\/servidores-das-fundacoes-preparam-grande-mobilizacao-para-julgamento-do-tce\\\/#webpage\"},\"isPartOf\":{\"@id\":\"https:\\\/\\\/www.jornalja.com.br\\\/arquivo\\\/servidores-das-fundacoes-preparam-grande-mobilizacao-para-julgamento-do-tce\\\/#webpage\"},\"articleSection\":\"Geral\"},{\"@type\":\"BreadcrumbList\",\"@id\":\"https:\\\/\\\/www.jornalja.com.br\\\/arquivo\\\/servidores-das-fundacoes-preparam-grande-mobilizacao-para-julgamento-do-tce\\\/#breadcrumblist\",\"itemListElement\":[{\"@type\":\"ListItem\",\"@id\":\"https:\\\/\\\/www.jornalja.com.br\\\/arquivo#listItem\",\"position\":1,\"name\":\"Home\",\"item\":\"https:\\\/\\\/www.jornalja.com.br\\\/arquivo\",\"nextItem\":{\"@type\":\"ListItem\",\"@id\":\"https:\\\/\\\/www.jornalja.com.br\\\/arquivo\\\/category\\\/geral\\\/#listItem\",\"name\":\"Geral\"}},{\"@type\":\"ListItem\",\"@id\":\"https:\\\/\\\/www.jornalja.com.br\\\/arquivo\\\/category\\\/geral\\\/#listItem\",\"position\":2,\"name\":\"Geral\",\"item\":\"https:\\\/\\\/www.jornalja.com.br\\\/arquivo\\\/category\\\/geral\\\/\",\"nextItem\":{\"@type\":\"ListItem\",\"@id\":\"https:\\\/\\\/www.jornalja.com.br\\\/arquivo\\\/servidores-das-fundacoes-preparam-grande-mobilizacao-para-julgamento-do-tce\\\/#listItem\",\"name\":\"Servidores das funda\\u00e7\\u00f5es preparam grande mobiliza\\u00e7\\u00e3o para julgamento do TCE\"},\"previousItem\":{\"@type\":\"ListItem\",\"@id\":\"https:\\\/\\\/www.jornalja.com.br\\\/arquivo#listItem\",\"name\":\"Home\"}},{\"@type\":\"ListItem\",\"@id\":\"https:\\\/\\\/www.jornalja.com.br\\\/arquivo\\\/servidores-das-fundacoes-preparam-grande-mobilizacao-para-julgamento-do-tce\\\/#listItem\",\"position\":3,\"name\":\"Servidores das funda\\u00e7\\u00f5es preparam grande mobiliza\\u00e7\\u00e3o para julgamento do TCE\",\"previousItem\":{\"@type\":\"ListItem\",\"@id\":\"https:\\\/\\\/www.jornalja.com.br\\\/arquivo\\\/category\\\/geral\\\/#listItem\",\"name\":\"Geral\"}}]},{\"@type\":\"Organization\",\"@id\":\"https:\\\/\\\/www.jornalja.com.br\\\/arquivo\\\/#organization\",\"name\":\"Jornal J\\u00c1\",\"description\":\"Jornal J\\u00c1 | Porto Alegre\",\"url\":\"https:\\\/\\\/www.jornalja.com.br\\\/arquivo\\\/\",\"telephone\":\"+555133307272\",\"logo\":{\"@type\":\"ImageObject\",\"url\":\"https:\\\/\\\/www.jornalja.com.br\\\/wp-content\\\/uploads\\\/cards\\\/JAslogan.png\",\"@id\":\"https:\\\/\\\/www.jornalja.com.br\\\/arquivo\\\/servidores-das-fundacoes-preparam-grande-mobilizacao-para-julgamento-do-tce\\\/#organizationLogo\"},\"image\":{\"@id\":\"https:\\\/\\\/www.jornalja.com.br\\\/arquivo\\\/servidores-das-fundacoes-preparam-grande-mobilizacao-para-julgamento-do-tce\\\/#organizationLogo\"}},{\"@type\":\"Person\",\"@id\":\"https:\\\/\\\/www.jornalja.com.br\\\/arquivo\\\/author\\\/daredacao\\\/#author\",\"url\":\"https:\\\/\\\/www.jornalja.com.br\\\/arquivo\\\/author\\\/daredacao\\\/\",\"name\":\"da Reda\\u00e7\\u00e3o\",\"image\":{\"@type\":\"ImageObject\",\"@id\":\"https:\\\/\\\/www.jornalja.com.br\\\/arquivo\\\/servidores-das-fundacoes-preparam-grande-mobilizacao-para-julgamento-do-tce\\\/#authorImage\",\"url\":\"https:\\\/\\\/secure.gravatar.com\\\/avatar\\\/469fd857d6605ad19919d27ed29d35a968a25f6e8fd9318356bbb7f57aae9c65?s=96&d=mm&r=g\",\"width\":96,\"height\":96,\"caption\":\"da Reda\\u00e7\\u00e3o\"}},{\"@type\":\"WebPage\",\"@id\":\"https:\\\/\\\/www.jornalja.com.br\\\/arquivo\\\/servidores-das-fundacoes-preparam-grande-mobilizacao-para-julgamento-do-tce\\\/#webpage\",\"url\":\"https:\\\/\\\/www.jornalja.com.br\\\/arquivo\\\/servidores-das-fundacoes-preparam-grande-mobilizacao-para-julgamento-do-tce\\\/\",\"name\":\"Servidores das funda\\u00e7\\u00f5es preparam grande mobiliza\\u00e7\\u00e3o para julgamento do TCE | Arquivo\",\"inLanguage\":\"pt-BR\",\"isPartOf\":{\"@id\":\"https:\\\/\\\/www.jornalja.com.br\\\/arquivo\\\/#website\"},\"breadcrumb\":{\"@id\":\"https:\\\/\\\/www.jornalja.com.br\\\/arquivo\\\/servidores-das-fundacoes-preparam-grande-mobilizacao-para-julgamento-do-tce\\\/#breadcrumblist\"},\"author\":{\"@id\":\"https:\\\/\\\/www.jornalja.com.br\\\/arquivo\\\/author\\\/daredacao\\\/#author\"},\"creator\":{\"@id\":\"https:\\\/\\\/www.jornalja.com.br\\\/arquivo\\\/author\\\/daredacao\\\/#author\"},\"image\":{\"@type\":\"ImageObject\",\"url\":56520,\"@id\":\"https:\\\/\\\/www.jornalja.com.br\\\/arquivo\\\/servidores-das-fundacoes-preparam-grande-mobilizacao-para-julgamento-do-tce\\\/#mainImage\"},\"primaryImageOfPage\":{\"@id\":\"https:\\\/\\\/www.jornalja.com.br\\\/arquivo\\\/servidores-das-fundacoes-preparam-grande-mobilizacao-para-julgamento-do-tce\\\/#mainImage\"},\"datePublished\":\"2017-10-20T03:18:59-02:00\",\"dateModified\":\"2017-10-20T03:18:59-02:00\"},{\"@type\":\"WebSite\",\"@id\":\"https:\\\/\\\/www.jornalja.com.br\\\/arquivo\\\/#website\",\"url\":\"https:\\\/\\\/www.jornalja.com.br\\\/arquivo\\\/\",\"name\":\"Arquivo\",\"description\":\"Jornal J\\u00c1 | Porto Alegre\",\"inLanguage\":\"pt-BR\",\"publisher\":{\"@id\":\"https:\\\/\\\/www.jornalja.com.br\\\/arquivo\\\/#organization\"}}]}\n\t\t<\/script>\n\t\t<!-- All in One SEO -->\n\n","aioseo_head_json":{"title":"Servidores das funda\u00e7\u00f5es preparam grande mobiliza\u00e7\u00e3o para julgamento do TCE | Arquivo","description":"","canonical_url":"https:\/\/www.jornalja.com.br\/arquivo\/servidores-das-fundacoes-preparam-grande-mobilizacao-para-julgamento-do-tce\/","robots":"max-image-preview:large","keywords":"","webmasterTools":{"miscellaneous":""},"schema":{"@context":"https:\/\/schema.org","@graph":[{"@type":"BlogPosting","@id":"https:\/\/www.jornalja.com.br\/arquivo\/servidores-das-fundacoes-preparam-grande-mobilizacao-para-julgamento-do-tce\/#blogposting","name":"Servidores das funda\u00e7\u00f5es preparam grande mobiliza\u00e7\u00e3o para julgamento do TCE | Arquivo","headline":"Servidores das funda\u00e7\u00f5es preparam grande mobiliza\u00e7\u00e3o para julgamento do TCE","author":{"@id":"https:\/\/www.jornalja.com.br\/arquivo\/author\/daredacao\/#author"},"publisher":{"@id":"https:\/\/www.jornalja.com.br\/arquivo\/#organization"},"image":{"@type":"ImageObject","url":56520},"datePublished":"2017-10-20T03:18:59-02:00","dateModified":"2017-10-20T03:18:59-02:00","inLanguage":"pt-BR","mainEntityOfPage":{"@id":"https:\/\/www.jornalja.com.br\/arquivo\/servidores-das-fundacoes-preparam-grande-mobilizacao-para-julgamento-do-tce\/#webpage"},"isPartOf":{"@id":"https:\/\/www.jornalja.com.br\/arquivo\/servidores-das-fundacoes-preparam-grande-mobilizacao-para-julgamento-do-tce\/#webpage"},"articleSection":"Geral"},{"@type":"BreadcrumbList","@id":"https:\/\/www.jornalja.com.br\/arquivo\/servidores-das-fundacoes-preparam-grande-mobilizacao-para-julgamento-do-tce\/#breadcrumblist","itemListElement":[{"@type":"ListItem","@id":"https:\/\/www.jornalja.com.br\/arquivo#listItem","position":1,"name":"Home","item":"https:\/\/www.jornalja.com.br\/arquivo","nextItem":{"@type":"ListItem","@id":"https:\/\/www.jornalja.com.br\/arquivo\/category\/geral\/#listItem","name":"Geral"}},{"@type":"ListItem","@id":"https:\/\/www.jornalja.com.br\/arquivo\/category\/geral\/#listItem","position":2,"name":"Geral","item":"https:\/\/www.jornalja.com.br\/arquivo\/category\/geral\/","nextItem":{"@type":"ListItem","@id":"https:\/\/www.jornalja.com.br\/arquivo\/servidores-das-fundacoes-preparam-grande-mobilizacao-para-julgamento-do-tce\/#listItem","name":"Servidores das funda\u00e7\u00f5es preparam grande mobiliza\u00e7\u00e3o para julgamento do TCE"},"previousItem":{"@type":"ListItem","@id":"https:\/\/www.jornalja.com.br\/arquivo#listItem","name":"Home"}},{"@type":"ListItem","@id":"https:\/\/www.jornalja.com.br\/arquivo\/servidores-das-fundacoes-preparam-grande-mobilizacao-para-julgamento-do-tce\/#listItem","position":3,"name":"Servidores das funda\u00e7\u00f5es preparam grande mobiliza\u00e7\u00e3o para julgamento do TCE","previousItem":{"@type":"ListItem","@id":"https:\/\/www.jornalja.com.br\/arquivo\/category\/geral\/#listItem","name":"Geral"}}]},{"@type":"Organization","@id":"https:\/\/www.jornalja.com.br\/arquivo\/#organization","name":"Jornal J\u00c1","description":"Jornal J\u00c1 | Porto Alegre","url":"https:\/\/www.jornalja.com.br\/arquivo\/","telephone":"+555133307272","logo":{"@type":"ImageObject","url":"https:\/\/www.jornalja.com.br\/wp-content\/uploads\/cards\/JAslogan.png","@id":"https:\/\/www.jornalja.com.br\/arquivo\/servidores-das-fundacoes-preparam-grande-mobilizacao-para-julgamento-do-tce\/#organizationLogo"},"image":{"@id":"https:\/\/www.jornalja.com.br\/arquivo\/servidores-das-fundacoes-preparam-grande-mobilizacao-para-julgamento-do-tce\/#organizationLogo"}},{"@type":"Person","@id":"https:\/\/www.jornalja.com.br\/arquivo\/author\/daredacao\/#author","url":"https:\/\/www.jornalja.com.br\/arquivo\/author\/daredacao\/","name":"da Reda\u00e7\u00e3o","image":{"@type":"ImageObject","@id":"https:\/\/www.jornalja.com.br\/arquivo\/servidores-das-fundacoes-preparam-grande-mobilizacao-para-julgamento-do-tce\/#authorImage","url":"https:\/\/secure.gravatar.com\/avatar\/469fd857d6605ad19919d27ed29d35a968a25f6e8fd9318356bbb7f57aae9c65?s=96&d=mm&r=g","width":96,"height":96,"caption":"da Reda\u00e7\u00e3o"}},{"@type":"WebPage","@id":"https:\/\/www.jornalja.com.br\/arquivo\/servidores-das-fundacoes-preparam-grande-mobilizacao-para-julgamento-do-tce\/#webpage","url":"https:\/\/www.jornalja.com.br\/arquivo\/servidores-das-fundacoes-preparam-grande-mobilizacao-para-julgamento-do-tce\/","name":"Servidores das funda\u00e7\u00f5es preparam grande mobiliza\u00e7\u00e3o para julgamento do TCE | Arquivo","inLanguage":"pt-BR","isPartOf":{"@id":"https:\/\/www.jornalja.com.br\/arquivo\/#website"},"breadcrumb":{"@id":"https:\/\/www.jornalja.com.br\/arquivo\/servidores-das-fundacoes-preparam-grande-mobilizacao-para-julgamento-do-tce\/#breadcrumblist"},"author":{"@id":"https:\/\/www.jornalja.com.br\/arquivo\/author\/daredacao\/#author"},"creator":{"@id":"https:\/\/www.jornalja.com.br\/arquivo\/author\/daredacao\/#author"},"image":{"@type":"ImageObject","url":56520,"@id":"https:\/\/www.jornalja.com.br\/arquivo\/servidores-das-fundacoes-preparam-grande-mobilizacao-para-julgamento-do-tce\/#mainImage"},"primaryImageOfPage":{"@id":"https:\/\/www.jornalja.com.br\/arquivo\/servidores-das-fundacoes-preparam-grande-mobilizacao-para-julgamento-do-tce\/#mainImage"},"datePublished":"2017-10-20T03:18:59-02:00","dateModified":"2017-10-20T03:18:59-02:00"},{"@type":"WebSite","@id":"https:\/\/www.jornalja.com.br\/arquivo\/#website","url":"https:\/\/www.jornalja.com.br\/arquivo\/","name":"Arquivo","description":"Jornal J\u00c1 | Porto Alegre","inLanguage":"pt-BR","publisher":{"@id":"https:\/\/www.jornalja.com.br\/arquivo\/#organization"}}]},"og:locale":"pt_BR","og:site_name":"Arquivo | Jornal J\u00c1 | Porto Alegre","og:type":"article","og:title":"Servidores das funda\u00e7\u00f5es preparam grande mobiliza\u00e7\u00e3o para julgamento do TCE | Arquivo","og:url":"https:\/\/www.jornalja.com.br\/arquivo\/servidores-das-fundacoes-preparam-grande-mobilizacao-para-julgamento-do-tce\/","og:image":"https:\/\/www.jornalja.com.br\/wp-content\/uploads\/2017\/09\/Fotos-Claudir-Tigre-TCE.jpg","og:image:secure_url":"https:\/\/www.jornalja.com.br\/wp-content\/uploads\/2017\/09\/Fotos-Claudir-Tigre-TCE.jpg","article:published_time":"2017-10-20T06:18:59+00:00","article:modified_time":"2017-10-20T06:18:59+00:00","twitter:card":"summary","twitter:title":"Servidores das funda\u00e7\u00f5es preparam grande mobiliza\u00e7\u00e3o para julgamento do TCE | Arquivo","twitter:image":"https:\/\/www.jornalja.com.br\/economics\/wp-content\/uploads\/sites\/11\/2026\/08\/ja-folhaderosto-facebook.jpg"},"aioseo_meta_data":{"post_id":"56519","title":null,"description":null,"keywords":null,"keyphrases":null,"primary_term":null,"canonical_url":null,"og_title":null,"og_description":null,"og_object_type":"default","og_image_type":"default","og_image_url":null,"og_image_width":null,"og_image_height":null,"og_image_custom_url":null,"og_image_custom_fields":null,"og_video":null,"og_custom_url":null,"og_article_section":null,"og_article_tags":null,"twitter_use_og":false,"twitter_card":"default","twitter_image_type":"default","twitter_image_url":null,"twitter_image_custom_url":null,"twitter_image_custom_fields":null,"twitter_title":null,"twitter_description":null,"schema":{"blockGraphs":[],"customGraphs":[],"default":{"data":{"Article":[],"Course":[],"Dataset":[],"FAQPage":[],"Movie":[],"Person":[],"Product":[],"ProductReview":[],"Car":[],"Recipe":[],"Service":[],"SoftwareApplication":[],"WebPage":[]},"graphName":"","isEnabled":true},"graphs":[],"defaultGraph":"","defaultPostTypeGraph":""},"schema_type":null,"schema_type_options":null,"pillar_content":false,"robots_default":true,"robots_noindex":false,"robots_noarchive":false,"robots_nosnippet":false,"robots_nofollow":false,"robots_noimageindex":false,"robots_noodp":false,"robots_notranslate":false,"robots_max_snippet":null,"robots_max_videopreview":null,"robots_max_imagepreview":"large","priority":null,"frequency":null,"location":null,"local_seo":null,"breadcrumb_settings":null,"limit_modified_date":false,"ai":null,"created":"2020-12-20 20:21:53","updated":"2025-07-20 01:53:06","seo_analyzer_scan_date":null,"focus_keyword":null,"additional_keywords":null,"truseo_locale":null},"jetpack_sharing_enabled":true,"jetpack-related-posts":[{"id":13128,"url":"https:\/\/www.jornalja.com.br\/arquivo\/maconha-terra-diz-que-uso-medicinal-e-desculpa\/","url_meta":{"origin":56519,"position":0},"title":"Maconha: Terra diz que uso medicinal \u00e9 desculpa","author":"Patr\u00edcia Marini","date":"4 de junho de 2014","format":false,"excerpt":"A condi\u00e7\u00e3o de pol\u00edtico, em \u00e9poca de campanha de campanha eleitoral, tira for\u00e7a do discurso do m\u00e9dico Osmar Terra contra a legaliza\u00e7\u00e3o da maconha. A tese dele de que a libera\u00e7\u00e3o vai ampliar exponencialmente o consumo \u00e9 discutivel, o consumo \u00e9 corrente. Mas seus alertas quanto aos riscos tem que\u2026","rel":"","context":"Em &quot;X.Categorias velhas&quot;","block_context":{"text":"X.Categorias velhas","link":"https:\/\/www.jornalja.com.br\/arquivo\/category\/x-categorias-velhas\/"},"img":{"alt_text":"","src":"","width":0,"height":0},"classes":[]},{"id":13240,"url":"https:\/\/www.jornalja.com.br\/arquivo\/plano-diretor-estamos-construindo-o-caos\/","url_meta":{"origin":56519,"position":1},"title":"Plano diretor: &quot;Estamos construindo o caos&quot;","author":"Patr\u00edcia Marini","date":"26 de maio de 2014","format":false,"excerpt":"Desabafo que arquiteta Eliana Castilhos, delegada da Regi\u00e3o de Planejamento 1, postou nas redes sociais \u00e9 um testemunho do ambiente que se criou no Conselho do Plano Diretor de Porto Alegre, onde a aprova\u00e7\u00e3o de grandes empreendimentos \u00e9 empurrada guela abaixo dos conselheiros. Ao CMDUA Como delegada da Regi\u00e3o de\u2026","rel":"","context":"Em &quot;Geral&quot;","block_context":{"text":"Geral","link":"https:\/\/www.jornalja.com.br\/arquivo\/category\/geral\/"},"img":{"alt_text":"","src":"","width":0,"height":0},"classes":[]},{"id":12960,"url":"https:\/\/www.jornalja.com.br\/arquivo\/populacao-culpa-empresas-pela-greve-dos-rodoviarios\/","url_meta":{"origin":56519,"position":2},"title":"Popula\u00e7\u00e3o culpa empresas pela greve","author":"Patr\u00edcia Marini","date":"14 de fevereiro de 2014","format":false,"excerpt":"Pesquisa divulgada na edi\u00e7\u00e3o do jornal Metro desta sexta-feira,14, comprova o velho ditado: \u00e9 poss\u00edvel enganar muitos por algum tempo, mas n\u00e3o \u00e9 poss\u00edvel enganar a todos o tempo inteiro. A principal revela\u00e7\u00e3o foi que 59,8% dos entrevistados apontaram as empresas como as principais respons\u00e1veis pela grave e 46% culparam\u2026","rel":"","context":"Em &quot;X.Categorias velhas&quot;","block_context":{"text":"X.Categorias velhas","link":"https:\/\/www.jornalja.com.br\/arquivo\/category\/x-categorias-velhas\/"},"img":{"alt_text":"","src":"","width":0,"height":0},"classes":[]},{"id":13109,"url":"https:\/\/www.jornalja.com.br\/arquivo\/judiciario-reconhece-poluicao-eletromagnetica\/","url_meta":{"origin":56519,"position":3},"title":"Judici\u00e1rio reconhece polui\u00e7\u00e3o eletromagn\u00e9tica","author":"Patr\u00edcia Marini","date":"16 de maio de 2014","format":false,"excerpt":"A\u00e7\u00e3o de duas associa\u00e7\u00f5es de moradores foi acolhida pelo Tribunal de Justi\u00e7a de S\u00e3o Paulo que. em decis\u00e3o in\u00e9dita, determinou a redu\u00e7\u00e3o do campo eletromagn\u00e9tico gerado pelas linhas de transmiss\u00e3o de energia que cortam os bairros City Boa\u00e7ava e Alto de Pinheiros. \u00c9 a primeira vez que um tribunal do\u2026","rel":"","context":"Em &quot;X.Categorias velhas&quot;","block_context":{"text":"X.Categorias velhas","link":"https:\/\/www.jornalja.com.br\/arquivo\/category\/x-categorias-velhas\/"},"img":{"alt_text":"","src":"","width":0,"height":0},"classes":[]},{"id":14241,"url":"https:\/\/www.jornalja.com.br\/arquivo\/o-guaiba-nas-imagens-poeticas-de-achutti\/","url_meta":{"origin":56519,"position":4},"title":"O Gua\u00edba nas imagens po\u00e9ticas de Achutti","author":"da Reda\u00e7\u00e3o","date":"18 de junho de 2014","format":false,"excerpt":"Em \u201cO Gua\u00edba por Achutti\u201d \u2013 obra financiada via Minist\u00e9rio da Cultura, produ\u00e7\u00e3o executiva de Pedro Longhi, e Fl\u00e1vio Wild como designer \u2013, o fot\u00f3grafo revela a beleza e as mazelas de um espa\u00e7o aqu\u00e1tico de \u00e1guas sempre renovadas, cheio de hist\u00f3rias e lendas como as das cidades que foram\u2026","rel":"","context":"Em &quot;Cultura-Geral&quot;","block_context":{"text":"Cultura-Geral","link":"https:\/\/www.jornalja.com.br\/arquivo\/category\/materiasecundaria\/"},"img":{"alt_text":"","src":"","width":0,"height":0},"classes":[]},{"id":13124,"url":"https:\/\/www.jornalja.com.br\/arquivo\/sangue-latino-no-iecine\/","url_meta":{"origin":56519,"position":5},"title":"Sangue latino no IECINE","author":"da Reda\u00e7\u00e3o","date":"18 de maio de 2014","format":false,"excerpt":"Francisco Ribeiro O Instituto Estadual de Cinema (IECINE) tem a frente, desde abril \u00faltimo, um novo diretor, o cineasta colombiano Juan Zapata, 36, que substitui Luiz Alberto Cassol. Radicado h\u00e1 dez anos em Porto Alegre, Zapata tem diante de si o desafio de conduzir at\u00e9 o final do ano um\u2026","rel":"","context":"Em &quot;Cultura-Geral&quot;","block_context":{"text":"Cultura-Geral","link":"https:\/\/www.jornalja.com.br\/arquivo\/category\/materiasecundaria\/"},"img":{"alt_text":"","src":"","width":0,"height":0},"classes":[]}],"jetpack_shortlink":"https:\/\/wp.me\/pbQjBd-eHB","jetpack_featured_media_url":"","_links":{"self":[{"href":"https:\/\/www.jornalja.com.br\/arquivo\/wp-json\/wp\/v2\/posts\/56519","targetHints":{"allow":["GET"]}}],"collection":[{"href":"https:\/\/www.jornalja.com.br\/arquivo\/wp-json\/wp\/v2\/posts"}],"about":[{"href":"https:\/\/www.jornalja.com.br\/arquivo\/wp-json\/wp\/v2\/types\/post"}],"author":[{"embeddable":true,"href":"https:\/\/www.jornalja.com.br\/arquivo\/wp-json\/wp\/v2\/users\/4"}],"replies":[{"embeddable":true,"href":"https:\/\/www.jornalja.com.br\/arquivo\/wp-json\/wp\/v2\/comments?post=56519"}],"version-history":[{"count":0,"href":"https:\/\/www.jornalja.com.br\/arquivo\/wp-json\/wp\/v2\/posts\/56519\/revisions"}],"wp:attachment":[{"href":"https:\/\/www.jornalja.com.br\/arquivo\/wp-json\/wp\/v2\/media?parent=56519"}],"wp:term":[{"taxonomy":"category","embeddable":true,"href":"https:\/\/www.jornalja.com.br\/arquivo\/wp-json\/wp\/v2\/categories?post=56519"},{"taxonomy":"post_tag","embeddable":true,"href":"https:\/\/www.jornalja.com.br\/arquivo\/wp-json\/wp\/v2\/tags?post=56519"}],"curies":[{"name":"wp","href":"https:\/\/api.w.org\/{rel}","templated":true}]}}