{"id":56584,"date":"2017-10-21T19:20:42","date_gmt":"2017-10-21T22:20:42","guid":{"rendered":"https:\/\/www.jornalja.com.br\/?p=56584"},"modified":"2017-10-21T19:20:42","modified_gmt":"2017-10-21T22:20:42","slug":"acoes-nao-afrontam-decisao-de-gilmar-mendes-diz-frente-juridica-em-defesa-das-fundacoes","status":"publish","type":"post","link":"https:\/\/www.jornalja.com.br\/arquivo\/acoes-nao-afrontam-decisao-de-gilmar-mendes-diz-frente-juridica-em-defesa-das-fundacoes\/","title":{"rendered":"&quot;A\u00e7\u00f5es n\u00e3o afrontam decis\u00e3o de Gilmar Mendes&quot;, diz Frente Jur\u00eddica em Defesa das Funda\u00e7\u00f5es"},"content":{"rendered":"<p>A Frente Jur\u00eddica de Defesa das Funda\u00e7\u00f5es divulgou nota sobre as decis\u00f5es liminares da Justi\u00e7a do Trabalho, emitidas na sexta-feira, 20, que beneficiam trabalhadores da Funda\u00e7\u00e3o Piratini, respons\u00e1vel pela TVE e FM Cultura, e da Superintend\u00eancia de Portos e Hidrovias (SPH), da Funda\u00e7\u00e3o Zoobot\u00e2nica (FZB) e Funda\u00e7\u00e3o de Economia e Estat\u00edstica (FEE).<br \/>\nA nota<br \/>\n<em>A Frente Jur\u00eddica de Defesa das Funda\u00e7\u00f5es vem a p\u00fablico, tendo em vista a publiciza\u00e7\u00e3o de not\u00edcias equivocadas sobre as medidas liminares concedidas nesta sexta-feira, dia 20 de outubro, pela 18\u00ba Vara do Trabalho de Porto Alegre, prestar os seguintes esclarecimentos \u00e0 opini\u00e3o p\u00fablica de nosso Estado.<\/em><br \/>\n<em>N\u00e3o existe contrariedade alguma entre as medidas liminares agora concedidas e a decis\u00e3o do Ministro Gilmar Mendes na ADPF 486 ajuizada h\u00e1 alguns dias pelo Governo do Estado, n\u00e3o se constituindo, portanto, em nenhuma forma de descumprimento daquela liminar.<\/em><br \/>\n<em>Aquela decis\u00e3o tinha como objeto as negocia\u00e7\u00f5es coletivas que estavam em andamento e tinha como fundamento te\u00f3rico uma poss\u00edvel obstru\u00e7\u00e3o ao cumprimento da lei 14.982\/17. O Estado do Rio Grande do Sul postulou ao STF a oportunidade para demitir os funcion\u00e1rios n\u00e3o-est\u00e1veis das funda\u00e7\u00f5es.<\/em><br \/>\n<em>As decis\u00f5es ora concedidas pela Justi\u00e7a do Trabalho tratam, exatamente, do preciso cumprimento daquela lei. Esta norma, que autorizou a extin\u00e7\u00e3o de seis funda\u00e7\u00f5es p\u00fablicas, prev\u00ea expressamente que n\u00e3o ser\u00e3o demitidos os funcion\u00e1rios est\u00e1veis em seus empregos.<\/em><br \/>\n<em>As a\u00e7\u00f5es que foram agora ajuizadas pelos Sindicatos dos trabalhadores discutem exatamente quem s\u00e3o os funcion\u00e1rios est\u00e1veis que n\u00e3o poder\u00e3o, ent\u00e3o, ser demitidos.<\/em><br \/>\n<em>Frise-se que foi o pr\u00f3prio Estado quem autolimitou-se na lei 14982 e vedou a demiss\u00e3o de funcion\u00e1rios est\u00e1veis e as decis\u00f5es da Justi\u00e7a do Trabalho apenas aplicaram a pac\u00edfica jurisprud\u00eancia do Tribunal Superior do Trabalho na mat\u00e9ria.<\/em><\/p>\n","protected":false},"excerpt":{"rendered":"<p>A Frente Jur\u00eddica de Defesa das Funda\u00e7\u00f5es divulgou nota sobre as decis\u00f5es liminares da Justi\u00e7a do Trabalho, emitidas na sexta-feira, 20, que beneficiam trabalhadores da Funda\u00e7\u00e3o Piratini, respons\u00e1vel pela TVE e FM Cultura, e da Superintend\u00eancia de Portos e Hidrovias (SPH), da Funda\u00e7\u00e3o Zoobot\u00e2nica (FZB) e Funda\u00e7\u00e3o de Economia e Estat\u00edstica (FEE). A nota A [&hellip;]<\/p>\n","protected":false},"author":4,"featured_media":56583,"comment_status":"open","ping_status":"closed","sticky":false,"template":"","format":"standard","meta":{"_jetpack_newsletter_access":"","_jetpack_dont_email_post_to_subs":false,"_jetpack_newsletter_tier_id":0,"_jetpack_memberships_contains_paywalled_content":false,"_jetpack_feature_clip_id":0,"_jetpack_memberships_contains_paid_content":false,"footnotes":"","jetpack_post_was_ever_published":false},"categories":[26],"tags":[],"class_list":["post-56584","post","type-post","status-publish","format-standard","has-post-thumbnail","hentry","category-geral"],"aioseo_notices":[],"aioseo_head":"\n\t\t<!-- All in One SEO 5.0.1.1 - aioseo.com -->\n\t<meta name=\"robots\" content=\"max-image-preview:large\" \/>\n\t<meta name=\"author\" content=\"da Reda\u00e7\u00e3o\"\/>\n\t<link rel=\"canonical\" href=\"https:\/\/www.jornalja.com.br\/arquivo\/acoes-nao-afrontam-decisao-de-gilmar-mendes-diz-frente-juridica-em-defesa-das-fundacoes\/\" \/>\n\t<meta name=\"generator\" content=\"All in One SEO (AIOSEO) 5.0.1.1\" \/>\n\t\t<meta property=\"og:locale\" content=\"pt_BR\" \/>\n\t\t<meta property=\"og:site_name\" content=\"Arquivo | Jornal J\u00c1 | Porto Alegre\" \/>\n\t\t<meta property=\"og:type\" content=\"article\" \/>\n\t\t<meta property=\"og:title\" content=\"&quot;A\u00e7\u00f5es n\u00e3o afrontam decis\u00e3o de Gilmar Mendes&quot;, diz Frente Jur\u00eddica em Defesa das Funda\u00e7\u00f5es | Arquivo\" \/>\n\t\t<meta property=\"og:url\" content=\"https:\/\/www.jornalja.com.br\/arquivo\/acoes-nao-afrontam-decisao-de-gilmar-mendes-diz-frente-juridica-em-defesa-das-fundacoes\/\" \/>\n\t\t<meta property=\"og:image\" content=\"https:\/\/www.jornalja.com.br\/economics\/wp-content\/uploads\/sites\/11\/2026\/08\/ja-folhaderosto-facebook.jpg\" \/>\n\t\t<meta property=\"og:image:secure_url\" content=\"https:\/\/www.jornalja.com.br\/economics\/wp-content\/uploads\/sites\/11\/2026\/08\/ja-folhaderosto-facebook.jpg\" \/>\n\t\t<meta property=\"article:published_time\" content=\"2017-10-21T22:20:42+00:00\" \/>\n\t\t<meta property=\"article:modified_time\" content=\"2017-10-21T22:20:42+00:00\" \/>\n\t\t<meta name=\"twitter:card\" content=\"summary\" \/>\n\t\t<meta name=\"twitter:title\" content=\"&quot;A\u00e7\u00f5es n\u00e3o afrontam decis\u00e3o de Gilmar Mendes&quot;, diz Frente Jur\u00eddica em Defesa das Funda\u00e7\u00f5es | Arquivo\" \/>\n\t\t<meta name=\"twitter:image\" content=\"https:\/\/www.jornalja.com.br\/economics\/wp-content\/uploads\/sites\/11\/2026\/08\/ja-folhaderosto-facebook.jpg\" \/>\n\t\t<script type=\"application\/ld+json\" class=\"aioseo-schema\">\n\t\t\t{\"@context\":\"https:\\\/\\\/schema.org\",\"@graph\":[{\"@type\":\"BlogPosting\",\"@id\":\"https:\\\/\\\/www.jornalja.com.br\\\/arquivo\\\/acoes-nao-afrontam-decisao-de-gilmar-mendes-diz-frente-juridica-em-defesa-das-fundacoes\\\/#blogposting\",\"name\":\"\\\"A\\u00e7\\u00f5es n\\u00e3o afrontam decis\\u00e3o de Gilmar Mendes\\\", diz Frente Jur\\u00eddica em Defesa das Funda\\u00e7\\u00f5es | Arquivo\",\"headline\":\"&quot;A\\u00e7\\u00f5es n\\u00e3o afrontam decis\\u00e3o de Gilmar Mendes&quot;, diz Frente Jur\\u00eddica em Defesa das Funda\\u00e7\\u00f5es\",\"author\":{\"@id\":\"https:\\\/\\\/www.jornalja.com.br\\\/arquivo\\\/author\\\/daredacao\\\/#author\"},\"publisher\":{\"@id\":\"https:\\\/\\\/www.jornalja.com.br\\\/arquivo\\\/#organization\"},\"image\":{\"@type\":\"ImageObject\",\"url\":56583},\"datePublished\":\"2017-10-21T19:20:42-02:00\",\"dateModified\":\"2017-10-21T19:20:42-02:00\",\"inLanguage\":\"pt-BR\",\"mainEntityOfPage\":{\"@id\":\"https:\\\/\\\/www.jornalja.com.br\\\/arquivo\\\/acoes-nao-afrontam-decisao-de-gilmar-mendes-diz-frente-juridica-em-defesa-das-fundacoes\\\/#webpage\"},\"isPartOf\":{\"@id\":\"https:\\\/\\\/www.jornalja.com.br\\\/arquivo\\\/acoes-nao-afrontam-decisao-de-gilmar-mendes-diz-frente-juridica-em-defesa-das-fundacoes\\\/#webpage\"},\"articleSection\":\"Geral\"},{\"@type\":\"BreadcrumbList\",\"@id\":\"https:\\\/\\\/www.jornalja.com.br\\\/arquivo\\\/acoes-nao-afrontam-decisao-de-gilmar-mendes-diz-frente-juridica-em-defesa-das-fundacoes\\\/#breadcrumblist\",\"itemListElement\":[{\"@type\":\"ListItem\",\"@id\":\"https:\\\/\\\/www.jornalja.com.br\\\/arquivo#listItem\",\"position\":1,\"name\":\"Home\",\"item\":\"https:\\\/\\\/www.jornalja.com.br\\\/arquivo\",\"nextItem\":{\"@type\":\"ListItem\",\"@id\":\"https:\\\/\\\/www.jornalja.com.br\\\/arquivo\\\/category\\\/geral\\\/#listItem\",\"name\":\"Geral\"}},{\"@type\":\"ListItem\",\"@id\":\"https:\\\/\\\/www.jornalja.com.br\\\/arquivo\\\/category\\\/geral\\\/#listItem\",\"position\":2,\"name\":\"Geral\",\"item\":\"https:\\\/\\\/www.jornalja.com.br\\\/arquivo\\\/category\\\/geral\\\/\",\"nextItem\":{\"@type\":\"ListItem\",\"@id\":\"https:\\\/\\\/www.jornalja.com.br\\\/arquivo\\\/acoes-nao-afrontam-decisao-de-gilmar-mendes-diz-frente-juridica-em-defesa-das-fundacoes\\\/#listItem\",\"name\":\"&quot;A\\u00e7\\u00f5es n\\u00e3o afrontam decis\\u00e3o de Gilmar Mendes&quot;, diz Frente Jur\\u00eddica em Defesa das Funda\\u00e7\\u00f5es\"},\"previousItem\":{\"@type\":\"ListItem\",\"@id\":\"https:\\\/\\\/www.jornalja.com.br\\\/arquivo#listItem\",\"name\":\"Home\"}},{\"@type\":\"ListItem\",\"@id\":\"https:\\\/\\\/www.jornalja.com.br\\\/arquivo\\\/acoes-nao-afrontam-decisao-de-gilmar-mendes-diz-frente-juridica-em-defesa-das-fundacoes\\\/#listItem\",\"position\":3,\"name\":\"&quot;A\\u00e7\\u00f5es n\\u00e3o afrontam decis\\u00e3o de Gilmar Mendes&quot;, diz Frente Jur\\u00eddica em Defesa das Funda\\u00e7\\u00f5es\",\"previousItem\":{\"@type\":\"ListItem\",\"@id\":\"https:\\\/\\\/www.jornalja.com.br\\\/arquivo\\\/category\\\/geral\\\/#listItem\",\"name\":\"Geral\"}}]},{\"@type\":\"Organization\",\"@id\":\"https:\\\/\\\/www.jornalja.com.br\\\/arquivo\\\/#organization\",\"name\":\"Jornal J\\u00c1\",\"description\":\"Jornal J\\u00c1 | Porto Alegre\",\"url\":\"https:\\\/\\\/www.jornalja.com.br\\\/arquivo\\\/\",\"telephone\":\"+555133307272\",\"logo\":{\"@type\":\"ImageObject\",\"url\":\"https:\\\/\\\/www.jornalja.com.br\\\/wp-content\\\/uploads\\\/cards\\\/JAslogan.png\",\"@id\":\"https:\\\/\\\/www.jornalja.com.br\\\/arquivo\\\/acoes-nao-afrontam-decisao-de-gilmar-mendes-diz-frente-juridica-em-defesa-das-fundacoes\\\/#organizationLogo\"},\"image\":{\"@id\":\"https:\\\/\\\/www.jornalja.com.br\\\/arquivo\\\/acoes-nao-afrontam-decisao-de-gilmar-mendes-diz-frente-juridica-em-defesa-das-fundacoes\\\/#organizationLogo\"}},{\"@type\":\"Person\",\"@id\":\"https:\\\/\\\/www.jornalja.com.br\\\/arquivo\\\/author\\\/daredacao\\\/#author\",\"url\":\"https:\\\/\\\/www.jornalja.com.br\\\/arquivo\\\/author\\\/daredacao\\\/\",\"name\":\"da Reda\\u00e7\\u00e3o\",\"image\":{\"@type\":\"ImageObject\",\"@id\":\"https:\\\/\\\/www.jornalja.com.br\\\/arquivo\\\/acoes-nao-afrontam-decisao-de-gilmar-mendes-diz-frente-juridica-em-defesa-das-fundacoes\\\/#authorImage\",\"url\":\"https:\\\/\\\/secure.gravatar.com\\\/avatar\\\/469fd857d6605ad19919d27ed29d35a968a25f6e8fd9318356bbb7f57aae9c65?s=96&d=mm&r=g\",\"width\":96,\"height\":96,\"caption\":\"da Reda\\u00e7\\u00e3o\"}},{\"@type\":\"WebPage\",\"@id\":\"https:\\\/\\\/www.jornalja.com.br\\\/arquivo\\\/acoes-nao-afrontam-decisao-de-gilmar-mendes-diz-frente-juridica-em-defesa-das-fundacoes\\\/#webpage\",\"url\":\"https:\\\/\\\/www.jornalja.com.br\\\/arquivo\\\/acoes-nao-afrontam-decisao-de-gilmar-mendes-diz-frente-juridica-em-defesa-das-fundacoes\\\/\",\"name\":\"\\\"A\\u00e7\\u00f5es n\\u00e3o afrontam decis\\u00e3o de Gilmar Mendes\\\", diz Frente Jur\\u00eddica em Defesa das Funda\\u00e7\\u00f5es | Arquivo\",\"inLanguage\":\"pt-BR\",\"isPartOf\":{\"@id\":\"https:\\\/\\\/www.jornalja.com.br\\\/arquivo\\\/#website\"},\"breadcrumb\":{\"@id\":\"https:\\\/\\\/www.jornalja.com.br\\\/arquivo\\\/acoes-nao-afrontam-decisao-de-gilmar-mendes-diz-frente-juridica-em-defesa-das-fundacoes\\\/#breadcrumblist\"},\"author\":{\"@id\":\"https:\\\/\\\/www.jornalja.com.br\\\/arquivo\\\/author\\\/daredacao\\\/#author\"},\"creator\":{\"@id\":\"https:\\\/\\\/www.jornalja.com.br\\\/arquivo\\\/author\\\/daredacao\\\/#author\"},\"image\":{\"@type\":\"ImageObject\",\"url\":56583,\"@id\":\"https:\\\/\\\/www.jornalja.com.br\\\/arquivo\\\/acoes-nao-afrontam-decisao-de-gilmar-mendes-diz-frente-juridica-em-defesa-das-fundacoes\\\/#mainImage\"},\"primaryImageOfPage\":{\"@id\":\"https:\\\/\\\/www.jornalja.com.br\\\/arquivo\\\/acoes-nao-afrontam-decisao-de-gilmar-mendes-diz-frente-juridica-em-defesa-das-fundacoes\\\/#mainImage\"},\"datePublished\":\"2017-10-21T19:20:42-02:00\",\"dateModified\":\"2017-10-21T19:20:42-02:00\"},{\"@type\":\"WebSite\",\"@id\":\"https:\\\/\\\/www.jornalja.com.br\\\/arquivo\\\/#website\",\"url\":\"https:\\\/\\\/www.jornalja.com.br\\\/arquivo\\\/\",\"name\":\"Arquivo\",\"description\":\"Jornal J\\u00c1 | Porto Alegre\",\"inLanguage\":\"pt-BR\",\"publisher\":{\"@id\":\"https:\\\/\\\/www.jornalja.com.br\\\/arquivo\\\/#organization\"}}]}\n\t\t<\/script>\n\t\t<!-- All in One SEO -->\n\n","aioseo_head_json":{"title":"\"A\u00e7\u00f5es n\u00e3o afrontam decis\u00e3o de Gilmar Mendes\", diz Frente Jur\u00eddica em Defesa das Funda\u00e7\u00f5es | Arquivo","description":"","canonical_url":"https:\/\/www.jornalja.com.br\/arquivo\/acoes-nao-afrontam-decisao-de-gilmar-mendes-diz-frente-juridica-em-defesa-das-fundacoes\/","robots":"max-image-preview:large","keywords":"","webmasterTools":{"miscellaneous":""},"schema":{"@context":"https:\/\/schema.org","@graph":[{"@type":"BlogPosting","@id":"https:\/\/www.jornalja.com.br\/arquivo\/acoes-nao-afrontam-decisao-de-gilmar-mendes-diz-frente-juridica-em-defesa-das-fundacoes\/#blogposting","name":"\"A\u00e7\u00f5es n\u00e3o afrontam decis\u00e3o de Gilmar Mendes\", diz Frente Jur\u00eddica em Defesa das Funda\u00e7\u00f5es | Arquivo","headline":"&quot;A\u00e7\u00f5es n\u00e3o afrontam decis\u00e3o de Gilmar Mendes&quot;, diz Frente Jur\u00eddica em Defesa das Funda\u00e7\u00f5es","author":{"@id":"https:\/\/www.jornalja.com.br\/arquivo\/author\/daredacao\/#author"},"publisher":{"@id":"https:\/\/www.jornalja.com.br\/arquivo\/#organization"},"image":{"@type":"ImageObject","url":56583},"datePublished":"2017-10-21T19:20:42-02:00","dateModified":"2017-10-21T19:20:42-02:00","inLanguage":"pt-BR","mainEntityOfPage":{"@id":"https:\/\/www.jornalja.com.br\/arquivo\/acoes-nao-afrontam-decisao-de-gilmar-mendes-diz-frente-juridica-em-defesa-das-fundacoes\/#webpage"},"isPartOf":{"@id":"https:\/\/www.jornalja.com.br\/arquivo\/acoes-nao-afrontam-decisao-de-gilmar-mendes-diz-frente-juridica-em-defesa-das-fundacoes\/#webpage"},"articleSection":"Geral"},{"@type":"BreadcrumbList","@id":"https:\/\/www.jornalja.com.br\/arquivo\/acoes-nao-afrontam-decisao-de-gilmar-mendes-diz-frente-juridica-em-defesa-das-fundacoes\/#breadcrumblist","itemListElement":[{"@type":"ListItem","@id":"https:\/\/www.jornalja.com.br\/arquivo#listItem","position":1,"name":"Home","item":"https:\/\/www.jornalja.com.br\/arquivo","nextItem":{"@type":"ListItem","@id":"https:\/\/www.jornalja.com.br\/arquivo\/category\/geral\/#listItem","name":"Geral"}},{"@type":"ListItem","@id":"https:\/\/www.jornalja.com.br\/arquivo\/category\/geral\/#listItem","position":2,"name":"Geral","item":"https:\/\/www.jornalja.com.br\/arquivo\/category\/geral\/","nextItem":{"@type":"ListItem","@id":"https:\/\/www.jornalja.com.br\/arquivo\/acoes-nao-afrontam-decisao-de-gilmar-mendes-diz-frente-juridica-em-defesa-das-fundacoes\/#listItem","name":"&quot;A\u00e7\u00f5es n\u00e3o afrontam decis\u00e3o de Gilmar Mendes&quot;, diz Frente Jur\u00eddica em Defesa das Funda\u00e7\u00f5es"},"previousItem":{"@type":"ListItem","@id":"https:\/\/www.jornalja.com.br\/arquivo#listItem","name":"Home"}},{"@type":"ListItem","@id":"https:\/\/www.jornalja.com.br\/arquivo\/acoes-nao-afrontam-decisao-de-gilmar-mendes-diz-frente-juridica-em-defesa-das-fundacoes\/#listItem","position":3,"name":"&quot;A\u00e7\u00f5es n\u00e3o afrontam decis\u00e3o de Gilmar Mendes&quot;, diz Frente Jur\u00eddica em Defesa das Funda\u00e7\u00f5es","previousItem":{"@type":"ListItem","@id":"https:\/\/www.jornalja.com.br\/arquivo\/category\/geral\/#listItem","name":"Geral"}}]},{"@type":"Organization","@id":"https:\/\/www.jornalja.com.br\/arquivo\/#organization","name":"Jornal J\u00c1","description":"Jornal J\u00c1 | Porto Alegre","url":"https:\/\/www.jornalja.com.br\/arquivo\/","telephone":"+555133307272","logo":{"@type":"ImageObject","url":"https:\/\/www.jornalja.com.br\/wp-content\/uploads\/cards\/JAslogan.png","@id":"https:\/\/www.jornalja.com.br\/arquivo\/acoes-nao-afrontam-decisao-de-gilmar-mendes-diz-frente-juridica-em-defesa-das-fundacoes\/#organizationLogo"},"image":{"@id":"https:\/\/www.jornalja.com.br\/arquivo\/acoes-nao-afrontam-decisao-de-gilmar-mendes-diz-frente-juridica-em-defesa-das-fundacoes\/#organizationLogo"}},{"@type":"Person","@id":"https:\/\/www.jornalja.com.br\/arquivo\/author\/daredacao\/#author","url":"https:\/\/www.jornalja.com.br\/arquivo\/author\/daredacao\/","name":"da Reda\u00e7\u00e3o","image":{"@type":"ImageObject","@id":"https:\/\/www.jornalja.com.br\/arquivo\/acoes-nao-afrontam-decisao-de-gilmar-mendes-diz-frente-juridica-em-defesa-das-fundacoes\/#authorImage","url":"https:\/\/secure.gravatar.com\/avatar\/469fd857d6605ad19919d27ed29d35a968a25f6e8fd9318356bbb7f57aae9c65?s=96&d=mm&r=g","width":96,"height":96,"caption":"da Reda\u00e7\u00e3o"}},{"@type":"WebPage","@id":"https:\/\/www.jornalja.com.br\/arquivo\/acoes-nao-afrontam-decisao-de-gilmar-mendes-diz-frente-juridica-em-defesa-das-fundacoes\/#webpage","url":"https:\/\/www.jornalja.com.br\/arquivo\/acoes-nao-afrontam-decisao-de-gilmar-mendes-diz-frente-juridica-em-defesa-das-fundacoes\/","name":"\"A\u00e7\u00f5es n\u00e3o afrontam decis\u00e3o de Gilmar Mendes\", diz Frente Jur\u00eddica em Defesa das Funda\u00e7\u00f5es | Arquivo","inLanguage":"pt-BR","isPartOf":{"@id":"https:\/\/www.jornalja.com.br\/arquivo\/#website"},"breadcrumb":{"@id":"https:\/\/www.jornalja.com.br\/arquivo\/acoes-nao-afrontam-decisao-de-gilmar-mendes-diz-frente-juridica-em-defesa-das-fundacoes\/#breadcrumblist"},"author":{"@id":"https:\/\/www.jornalja.com.br\/arquivo\/author\/daredacao\/#author"},"creator":{"@id":"https:\/\/www.jornalja.com.br\/arquivo\/author\/daredacao\/#author"},"image":{"@type":"ImageObject","url":56583,"@id":"https:\/\/www.jornalja.com.br\/arquivo\/acoes-nao-afrontam-decisao-de-gilmar-mendes-diz-frente-juridica-em-defesa-das-fundacoes\/#mainImage"},"primaryImageOfPage":{"@id":"https:\/\/www.jornalja.com.br\/arquivo\/acoes-nao-afrontam-decisao-de-gilmar-mendes-diz-frente-juridica-em-defesa-das-fundacoes\/#mainImage"},"datePublished":"2017-10-21T19:20:42-02:00","dateModified":"2017-10-21T19:20:42-02:00"},{"@type":"WebSite","@id":"https:\/\/www.jornalja.com.br\/arquivo\/#website","url":"https:\/\/www.jornalja.com.br\/arquivo\/","name":"Arquivo","description":"Jornal J\u00c1 | Porto Alegre","inLanguage":"pt-BR","publisher":{"@id":"https:\/\/www.jornalja.com.br\/arquivo\/#organization"}}]},"og:locale":"pt_BR","og:site_name":"Arquivo | Jornal J\u00c1 | Porto Alegre","og:type":"article","og:title":"&quot;A\u00e7\u00f5es n\u00e3o afrontam decis\u00e3o de Gilmar Mendes&quot;, diz Frente Jur\u00eddica em Defesa das Funda\u00e7\u00f5es | Arquivo","og:url":"https:\/\/www.jornalja.com.br\/arquivo\/acoes-nao-afrontam-decisao-de-gilmar-mendes-diz-frente-juridica-em-defesa-das-fundacoes\/","og:image":"https:\/\/www.jornalja.com.br\/economics\/wp-content\/uploads\/sites\/11\/2026\/08\/ja-folhaderosto-facebook.jpg","og:image:secure_url":"https:\/\/www.jornalja.com.br\/economics\/wp-content\/uploads\/sites\/11\/2026\/08\/ja-folhaderosto-facebook.jpg","article:published_time":"2017-10-21T22:20:42+00:00","article:modified_time":"2017-10-21T22:20:42+00:00","twitter:card":"summary","twitter:title":"&quot;A\u00e7\u00f5es n\u00e3o afrontam decis\u00e3o de Gilmar Mendes&quot;, diz Frente Jur\u00eddica em Defesa das Funda\u00e7\u00f5es | Arquivo","twitter:image":"https:\/\/www.jornalja.com.br\/economics\/wp-content\/uploads\/sites\/11\/2026\/08\/ja-folhaderosto-facebook.jpg"},"aioseo_meta_data":{"post_id":"56584","title":null,"description":null,"keywords":null,"keyphrases":null,"primary_term":null,"canonical_url":null,"og_title":null,"og_description":null,"og_object_type":"default","og_image_type":"default","og_image_url":null,"og_image_width":null,"og_image_height":null,"og_image_custom_url":null,"og_image_custom_fields":null,"og_video":null,"og_custom_url":null,"og_article_section":null,"og_article_tags":null,"twitter_use_og":false,"twitter_card":"default","twitter_image_type":"default","twitter_image_url":null,"twitter_image_custom_url":null,"twitter_image_custom_fields":null,"twitter_title":null,"twitter_description":null,"schema":{"blockGraphs":[],"customGraphs":[],"default":{"data":{"Article":[],"Course":[],"Dataset":[],"FAQPage":[],"Movie":[],"Person":[],"Product":[],"ProductReview":[],"Car":[],"Recipe":[],"Service":[],"SoftwareApplication":[],"WebPage":[]},"graphName":"","isEnabled":true},"graphs":[],"defaultGraph":"","defaultPostTypeGraph":""},"schema_type":null,"schema_type_options":null,"pillar_content":false,"robots_default":true,"robots_noindex":false,"robots_noarchive":false,"robots_nosnippet":false,"robots_nofollow":false,"robots_noimageindex":false,"robots_noodp":false,"robots_notranslate":false,"robots_max_snippet":null,"robots_max_videopreview":null,"robots_max_imagepreview":"large","priority":null,"frequency":null,"location":null,"local_seo":null,"breadcrumb_settings":null,"limit_modified_date":false,"ai":null,"created":"2020-12-20 20:21:53","updated":"2025-07-20 01:55:09","seo_analyzer_scan_date":null,"focus_keyword":null,"additional_keywords":null,"truseo_locale":null},"jetpack_sharing_enabled":true,"jetpack-related-posts":[{"id":13109,"url":"https:\/\/www.jornalja.com.br\/arquivo\/judiciario-reconhece-poluicao-eletromagnetica\/","url_meta":{"origin":56584,"position":0},"title":"Judici\u00e1rio reconhece polui\u00e7\u00e3o eletromagn\u00e9tica","author":"Patr\u00edcia Marini","date":"16 de maio de 2014","format":false,"excerpt":"A\u00e7\u00e3o de duas associa\u00e7\u00f5es de moradores foi acolhida pelo Tribunal de Justi\u00e7a de S\u00e3o Paulo que. em decis\u00e3o in\u00e9dita, determinou a redu\u00e7\u00e3o do campo eletromagn\u00e9tico gerado pelas linhas de transmiss\u00e3o de energia que cortam os bairros City Boa\u00e7ava e Alto de Pinheiros. \u00c9 a primeira vez que um tribunal do\u2026","rel":"","context":"Em &quot;X.Categorias velhas&quot;","block_context":{"text":"X.Categorias velhas","link":"https:\/\/www.jornalja.com.br\/arquivo\/category\/x-categorias-velhas\/"},"img":{"alt_text":"","src":"","width":0,"height":0},"classes":[]},{"id":5440,"url":"https:\/\/www.jornalja.com.br\/arquivo\/casarao-da-venancio-destino-permanece-incerto\/","url_meta":{"origin":56584,"position":1},"title":"Estado ainda n\u00e3o sabe o que fazer com casar\u00e3o abandonado h\u00e1 20 anos","author":"Elmar Bones","date":"6 de julho de 2009","format":false,"excerpt":"O casar\u00e3o amarelo, numa esquina nobre de Porto Alegre (Ven\u00e2ncio Aires com Jo\u00e3o Pessoa), j\u00e1 abrigou uma escola. H\u00e1 duas d\u00e9cadas, pelo menos, est\u00e1 abandonado, porque seu propriet\u00e1rio, o governo do Estado do Rio Grande do Sul, n\u00e3o consegue achar um destino para ele. Planos n\u00e3o faltaram. O governador Ol\u00edvio\u2026","rel":"","context":"Em &quot;X.Categorias velhas&quot;","block_context":{"text":"X.Categorias velhas","link":"https:\/\/www.jornalja.com.br\/arquivo\/category\/x-categorias-velhas\/"},"img":{"alt_text":"geraldo1","src":"https:\/\/i0.wp.com\/www.jornalja.com.br\/wp-content\/uploads\/2009\/07\/geraldo1.jpg?resize=350%2C200&ssl=1","width":350,"height":200},"classes":[]},{"id":13124,"url":"https:\/\/www.jornalja.com.br\/arquivo\/sangue-latino-no-iecine\/","url_meta":{"origin":56584,"position":2},"title":"Sangue latino no IECINE","author":"da Reda\u00e7\u00e3o","date":"18 de maio de 2014","format":false,"excerpt":"Francisco Ribeiro O Instituto Estadual de Cinema (IECINE) tem a frente, desde abril \u00faltimo, um novo diretor, o cineasta colombiano Juan Zapata, 36, que substitui Luiz Alberto Cassol. Radicado h\u00e1 dez anos em Porto Alegre, Zapata tem diante de si o desafio de conduzir at\u00e9 o final do ano um\u2026","rel":"","context":"Em &quot;Cultura-Geral&quot;","block_context":{"text":"Cultura-Geral","link":"https:\/\/www.jornalja.com.br\/arquivo\/category\/materiasecundaria\/"},"img":{"alt_text":"","src":"","width":0,"height":0},"classes":[]},{"id":12960,"url":"https:\/\/www.jornalja.com.br\/arquivo\/populacao-culpa-empresas-pela-greve-dos-rodoviarios\/","url_meta":{"origin":56584,"position":3},"title":"Popula\u00e7\u00e3o culpa empresas pela greve","author":"Patr\u00edcia Marini","date":"14 de fevereiro de 2014","format":false,"excerpt":"Pesquisa divulgada na edi\u00e7\u00e3o do jornal Metro desta sexta-feira,14, comprova o velho ditado: \u00e9 poss\u00edvel enganar muitos por algum tempo, mas n\u00e3o \u00e9 poss\u00edvel enganar a todos o tempo inteiro. A principal revela\u00e7\u00e3o foi que 59,8% dos entrevistados apontaram as empresas como as principais respons\u00e1veis pela grave e 46% culparam\u2026","rel":"","context":"Em &quot;X.Categorias velhas&quot;","block_context":{"text":"X.Categorias velhas","link":"https:\/\/www.jornalja.com.br\/arquivo\/category\/x-categorias-velhas\/"},"img":{"alt_text":"","src":"","width":0,"height":0},"classes":[]},{"id":13101,"url":"https:\/\/www.jornalja.com.br\/arquivo\/morre-um-guerreiro-do-texto\/","url_meta":{"origin":56584,"position":4},"title":"Morre um guerreiro do texto","author":"Patr\u00edcia Marini","date":"14 de maio de 2014","format":false,"excerpt":"Por Ricardo Kotscho Reproduzido do blog do autor, 11\/5\/2014; t\u00edtulo original \u201cE l\u00e1 se foi o nosso Myltainho, guerreiro do texto\u201d. Mi\u00fado e franzino, meu amigo Myltainho era um valente e inconformado guerreiro na luta contra as injusti\u00e7as sociais, a hipocrisia, as maracutaias, o autoritarismo, a intoler\u00e2ncia, a viol\u00eancia, o\u2026","rel":"","context":"Em &quot;Geral&quot;","block_context":{"text":"Geral","link":"https:\/\/www.jornalja.com.br\/arquivo\/category\/geral\/"},"img":{"alt_text":"","src":"","width":0,"height":0},"classes":[]},{"id":14241,"url":"https:\/\/www.jornalja.com.br\/arquivo\/o-guaiba-nas-imagens-poeticas-de-achutti\/","url_meta":{"origin":56584,"position":5},"title":"O Gua\u00edba nas imagens po\u00e9ticas de Achutti","author":"da Reda\u00e7\u00e3o","date":"18 de junho de 2014","format":false,"excerpt":"Em \u201cO Gua\u00edba por Achutti\u201d \u2013 obra financiada via Minist\u00e9rio da Cultura, produ\u00e7\u00e3o executiva de Pedro Longhi, e Fl\u00e1vio Wild como designer \u2013, o fot\u00f3grafo revela a beleza e as mazelas de um espa\u00e7o aqu\u00e1tico de \u00e1guas sempre renovadas, cheio de hist\u00f3rias e lendas como as das cidades que foram\u2026","rel":"","context":"Em &quot;Cultura-Geral&quot;","block_context":{"text":"Cultura-Geral","link":"https:\/\/www.jornalja.com.br\/arquivo\/category\/materiasecundaria\/"},"img":{"alt_text":"","src":"","width":0,"height":0},"classes":[]}],"jetpack_shortlink":"https:\/\/wp.me\/pbQjBd-eIE","jetpack_featured_media_url":"","_links":{"self":[{"href":"https:\/\/www.jornalja.com.br\/arquivo\/wp-json\/wp\/v2\/posts\/56584","targetHints":{"allow":["GET"]}}],"collection":[{"href":"https:\/\/www.jornalja.com.br\/arquivo\/wp-json\/wp\/v2\/posts"}],"about":[{"href":"https:\/\/www.jornalja.com.br\/arquivo\/wp-json\/wp\/v2\/types\/post"}],"author":[{"embeddable":true,"href":"https:\/\/www.jornalja.com.br\/arquivo\/wp-json\/wp\/v2\/users\/4"}],"replies":[{"embeddable":true,"href":"https:\/\/www.jornalja.com.br\/arquivo\/wp-json\/wp\/v2\/comments?post=56584"}],"version-history":[{"count":0,"href":"https:\/\/www.jornalja.com.br\/arquivo\/wp-json\/wp\/v2\/posts\/56584\/revisions"}],"wp:attachment":[{"href":"https:\/\/www.jornalja.com.br\/arquivo\/wp-json\/wp\/v2\/media?parent=56584"}],"wp:term":[{"taxonomy":"category","embeddable":true,"href":"https:\/\/www.jornalja.com.br\/arquivo\/wp-json\/wp\/v2\/categories?post=56584"},{"taxonomy":"post_tag","embeddable":true,"href":"https:\/\/www.jornalja.com.br\/arquivo\/wp-json\/wp\/v2\/tags?post=56584"}],"curies":[{"name":"wp","href":"https:\/\/api.w.org\/{rel}","templated":true}]}}