{"id":56629,"date":"2017-10-23T15:43:55","date_gmt":"2017-10-23T18:43:55","guid":{"rendered":"https:\/\/www.jornalja.com.br\/?p=56629"},"modified":"2017-10-23T15:43:55","modified_gmt":"2017-10-23T18:43:55","slug":"relatorio-de-cpi-do-senado-diz-que-previdencia-social-nao-tem-deficit","status":"publish","type":"post","link":"https:\/\/www.jornalja.com.br\/arquivo\/relatorio-de-cpi-do-senado-diz-que-previdencia-social-nao-tem-deficit\/","title":{"rendered":"Relat\u00f3rio de CPI do Senado diz que Previd\u00eancia Social n\u00e3o tem d\u00e9ficit"},"content":{"rendered":"<p>O relator da Comiss\u00e3o Parlamentar de Inqu\u00e9rito (CPI) da Previd\u00eancia, senador H\u00e9lio Jos\u00e9 (PROS-DF), apresentou nesta segunda-feira, 23\/10, no Senado Federal em Bras\u00edlia, o relat\u00f3rio final dos trabalhos ao colegiado, com a conclus\u00e3o de que a Previd\u00eancia Social n\u00e3o \u00e9 deficit\u00e1ria, mas, sim, alvo de m\u00e1 gest\u00e3o.<br \/>\nSegundo o senador, &#8220;est\u00e1 havendo manipula\u00e7\u00e3o de dados por parte do governo para que seja aprovada a reforma da Previd\u00eancia&#8221;. Ele acrescentou que &#8220;quando o assunto \u00e9 Previd\u00eancia, h\u00e1 uma s\u00e9rie de c\u00e1lculos for\u00e7ados e irreais&#8221;.<br \/>\nEm 253 p\u00e1ginas, o relat\u00f3rio destaca que o &#8220;maior e mais grave problema da Previd\u00eancia Social vem da vulnerabilidade e da fragilidade das fontes de custeio do sistema de seguridade social&#8221;. No documento, o relator destaca que, &#8220;antes de falar em d\u00e9ficit, \u00e9 preciso corrigir distor\u00e7\u00f5es&#8221;.<br \/>\nOutro trecho do documento ressalta que \u201ca lei, ao inv\u00e9s de premiar o bom contribuinte, premia a sonega\u00e7\u00e3o e at\u00e9 a apropria\u00e7\u00e3o ind\u00e9bita, com programas de parcelamento de d\u00edvidas (Refis), que qualquer cidad\u00e3o endividado desse pa\u00eds gostaria de poder acessar\u201d.<br \/>\n<span class=\"intertit\">Proposta<\/span><br \/>\nAo contr\u00e1rio da maioria das CPIs, que, segundo H\u00e9lio Jos\u00e9, ao final costumam pedir o indiciamento de pessoas, desta vez, o relat\u00f3rio \u00e9 apenas propositivo. Nesse sentido, sugere dois projetos de lei (PLS) e tr\u00eas propostas de emenda constitucional (PECs). Uma delas pro\u00edbe a aplica\u00e7\u00e3o da Desvincula\u00e7\u00e3o de Receitas da Uni\u00e3o \u00e0s receitas da seguridade social.<br \/>\n<span class=\"intertit\">Vota\u00e7\u00e3o<\/span><br \/>\nAp\u00f3s um pedido de vista coletiva &#8211; mais tempo para analisar o parecer \u2013 o relat\u00f3rio precisa ser votado at\u00e9 o dia 6 de novembro, quando termina o prazo de funcionamento da comiss\u00e3o. Antes da vota\u00e7\u00e3o final os membros da CPI podem sugerir mudan\u00e7as no documento.<br \/>\n<strong>Hist\u00f3rico &#8211; <\/strong>Instalada no fim de abril , em pouco mais de seis meses, a CPI realizou 26 audi\u00eancias p\u00fablicas e ouviu mais de 140 pessoas entre representantes de \u00f3rg\u00e3os governamentais, sindicatos, associa\u00e7\u00f5es, empresas, al\u00e9m de membros do Minist\u00e9rio P\u00fablico e da Justi\u00e7a do Trabalho, deputados, auditores, especialistas e professores. A comiss\u00e3o \u00e9 presidida pelo senador Paulo Paim (PT-RS), e \u00e9 formada por seis senadores titulares e cinco suplentes.<br \/>\n<em>Da Ag\u00eancia Brasil<\/em><\/p>\n","protected":false},"excerpt":{"rendered":"<p>O relator da Comiss\u00e3o Parlamentar de Inqu\u00e9rito (CPI) da Previd\u00eancia, senador H\u00e9lio Jos\u00e9 (PROS-DF), apresentou nesta segunda-feira, 23\/10, no Senado Federal em Bras\u00edlia, o relat\u00f3rio final dos trabalhos ao colegiado, com a conclus\u00e3o de que a Previd\u00eancia Social n\u00e3o \u00e9 deficit\u00e1ria, mas, sim, alvo de m\u00e1 gest\u00e3o. Segundo o senador, &#8220;est\u00e1 havendo manipula\u00e7\u00e3o de dados [&hellip;]<\/p>\n","protected":false},"author":4,"featured_media":56630,"comment_status":"open","ping_status":"closed","sticky":false,"template":"","format":"standard","meta":{"_jetpack_newsletter_access":"","_jetpack_dont_email_post_to_subs":false,"_jetpack_newsletter_tier_id":0,"_jetpack_memberships_contains_paywalled_content":false,"_jetpack_feature_clip_id":0,"_jetpack_memberships_contains_paid_content":false,"footnotes":"","jetpack_post_was_ever_published":false},"categories":[26],"tags":[],"class_list":["post-56629","post","type-post","status-publish","format-standard","has-post-thumbnail","hentry","category-geral"],"aioseo_notices":[],"aioseo_head":"\n\t\t<!-- All in One SEO 5.0.1.1 - aioseo.com -->\n\t<meta name=\"robots\" content=\"max-image-preview:large\" \/>\n\t<meta name=\"author\" content=\"da Reda\u00e7\u00e3o\"\/>\n\t<link rel=\"canonical\" href=\"https:\/\/www.jornalja.com.br\/arquivo\/relatorio-de-cpi-do-senado-diz-que-previdencia-social-nao-tem-deficit\/\" \/>\n\t<meta name=\"generator\" content=\"All in One SEO (AIOSEO) 5.0.1.1\" \/>\n\t\t<meta property=\"og:locale\" content=\"pt_BR\" \/>\n\t\t<meta property=\"og:site_name\" content=\"Arquivo | Jornal J\u00c1 | Porto Alegre\" \/>\n\t\t<meta property=\"og:type\" content=\"article\" \/>\n\t\t<meta property=\"og:title\" content=\"Relat\u00f3rio de CPI do Senado diz que Previd\u00eancia Social n\u00e3o tem d\u00e9ficit | Arquivo\" \/>\n\t\t<meta property=\"og:url\" content=\"https:\/\/www.jornalja.com.br\/arquivo\/relatorio-de-cpi-do-senado-diz-que-previdencia-social-nao-tem-deficit\/\" \/>\n\t\t<meta property=\"og:image\" content=\"https:\/\/www.jornalja.com.br\/economics\/wp-content\/uploads\/sites\/11\/2026\/08\/ja-folhaderosto-facebook.jpg\" \/>\n\t\t<meta property=\"og:image:secure_url\" content=\"https:\/\/www.jornalja.com.br\/economics\/wp-content\/uploads\/sites\/11\/2026\/08\/ja-folhaderosto-facebook.jpg\" \/>\n\t\t<meta property=\"article:published_time\" content=\"2017-10-23T18:43:55+00:00\" \/>\n\t\t<meta property=\"article:modified_time\" content=\"2017-10-23T18:43:55+00:00\" \/>\n\t\t<meta name=\"twitter:card\" content=\"summary\" \/>\n\t\t<meta name=\"twitter:title\" content=\"Relat\u00f3rio de CPI do Senado diz que Previd\u00eancia Social n\u00e3o tem d\u00e9ficit | Arquivo\" \/>\n\t\t<meta name=\"twitter:image\" content=\"https:\/\/www.jornalja.com.br\/economics\/wp-content\/uploads\/sites\/11\/2026\/08\/ja-folhaderosto-facebook.jpg\" \/>\n\t\t<script type=\"application\/ld+json\" class=\"aioseo-schema\">\n\t\t\t{\"@context\":\"https:\\\/\\\/schema.org\",\"@graph\":[{\"@type\":\"BlogPosting\",\"@id\":\"https:\\\/\\\/www.jornalja.com.br\\\/arquivo\\\/relatorio-de-cpi-do-senado-diz-que-previdencia-social-nao-tem-deficit\\\/#blogposting\",\"name\":\"Relat\\u00f3rio de CPI do Senado diz que Previd\\u00eancia Social n\\u00e3o tem d\\u00e9ficit | Arquivo\",\"headline\":\"Relat\\u00f3rio de CPI do Senado diz que Previd\\u00eancia Social n\\u00e3o tem d\\u00e9ficit\",\"author\":{\"@id\":\"https:\\\/\\\/www.jornalja.com.br\\\/arquivo\\\/author\\\/daredacao\\\/#author\"},\"publisher\":{\"@id\":\"https:\\\/\\\/www.jornalja.com.br\\\/arquivo\\\/#organization\"},\"image\":{\"@type\":\"ImageObject\",\"url\":56630},\"datePublished\":\"2017-10-23T15:43:55-02:00\",\"dateModified\":\"2017-10-23T15:43:55-02:00\",\"inLanguage\":\"pt-BR\",\"mainEntityOfPage\":{\"@id\":\"https:\\\/\\\/www.jornalja.com.br\\\/arquivo\\\/relatorio-de-cpi-do-senado-diz-que-previdencia-social-nao-tem-deficit\\\/#webpage\"},\"isPartOf\":{\"@id\":\"https:\\\/\\\/www.jornalja.com.br\\\/arquivo\\\/relatorio-de-cpi-do-senado-diz-que-previdencia-social-nao-tem-deficit\\\/#webpage\"},\"articleSection\":\"Geral\"},{\"@type\":\"BreadcrumbList\",\"@id\":\"https:\\\/\\\/www.jornalja.com.br\\\/arquivo\\\/relatorio-de-cpi-do-senado-diz-que-previdencia-social-nao-tem-deficit\\\/#breadcrumblist\",\"itemListElement\":[{\"@type\":\"ListItem\",\"@id\":\"https:\\\/\\\/www.jornalja.com.br\\\/arquivo#listItem\",\"position\":1,\"name\":\"Home\",\"item\":\"https:\\\/\\\/www.jornalja.com.br\\\/arquivo\",\"nextItem\":{\"@type\":\"ListItem\",\"@id\":\"https:\\\/\\\/www.jornalja.com.br\\\/arquivo\\\/category\\\/geral\\\/#listItem\",\"name\":\"Geral\"}},{\"@type\":\"ListItem\",\"@id\":\"https:\\\/\\\/www.jornalja.com.br\\\/arquivo\\\/category\\\/geral\\\/#listItem\",\"position\":2,\"name\":\"Geral\",\"item\":\"https:\\\/\\\/www.jornalja.com.br\\\/arquivo\\\/category\\\/geral\\\/\",\"nextItem\":{\"@type\":\"ListItem\",\"@id\":\"https:\\\/\\\/www.jornalja.com.br\\\/arquivo\\\/relatorio-de-cpi-do-senado-diz-que-previdencia-social-nao-tem-deficit\\\/#listItem\",\"name\":\"Relat\\u00f3rio de CPI do Senado diz que Previd\\u00eancia Social n\\u00e3o tem d\\u00e9ficit\"},\"previousItem\":{\"@type\":\"ListItem\",\"@id\":\"https:\\\/\\\/www.jornalja.com.br\\\/arquivo#listItem\",\"name\":\"Home\"}},{\"@type\":\"ListItem\",\"@id\":\"https:\\\/\\\/www.jornalja.com.br\\\/arquivo\\\/relatorio-de-cpi-do-senado-diz-que-previdencia-social-nao-tem-deficit\\\/#listItem\",\"position\":3,\"name\":\"Relat\\u00f3rio de CPI do Senado diz que Previd\\u00eancia Social n\\u00e3o tem d\\u00e9ficit\",\"previousItem\":{\"@type\":\"ListItem\",\"@id\":\"https:\\\/\\\/www.jornalja.com.br\\\/arquivo\\\/category\\\/geral\\\/#listItem\",\"name\":\"Geral\"}}]},{\"@type\":\"Organization\",\"@id\":\"https:\\\/\\\/www.jornalja.com.br\\\/arquivo\\\/#organization\",\"name\":\"Jornal J\\u00c1\",\"description\":\"Jornal J\\u00c1 | Porto Alegre\",\"url\":\"https:\\\/\\\/www.jornalja.com.br\\\/arquivo\\\/\",\"telephone\":\"+555133307272\",\"logo\":{\"@type\":\"ImageObject\",\"url\":\"https:\\\/\\\/www.jornalja.com.br\\\/wp-content\\\/uploads\\\/cards\\\/JAslogan.png\",\"@id\":\"https:\\\/\\\/www.jornalja.com.br\\\/arquivo\\\/relatorio-de-cpi-do-senado-diz-que-previdencia-social-nao-tem-deficit\\\/#organizationLogo\"},\"image\":{\"@id\":\"https:\\\/\\\/www.jornalja.com.br\\\/arquivo\\\/relatorio-de-cpi-do-senado-diz-que-previdencia-social-nao-tem-deficit\\\/#organizationLogo\"}},{\"@type\":\"Person\",\"@id\":\"https:\\\/\\\/www.jornalja.com.br\\\/arquivo\\\/author\\\/daredacao\\\/#author\",\"url\":\"https:\\\/\\\/www.jornalja.com.br\\\/arquivo\\\/author\\\/daredacao\\\/\",\"name\":\"da Reda\\u00e7\\u00e3o\",\"image\":{\"@type\":\"ImageObject\",\"@id\":\"https:\\\/\\\/www.jornalja.com.br\\\/arquivo\\\/relatorio-de-cpi-do-senado-diz-que-previdencia-social-nao-tem-deficit\\\/#authorImage\",\"url\":\"https:\\\/\\\/secure.gravatar.com\\\/avatar\\\/469fd857d6605ad19919d27ed29d35a968a25f6e8fd9318356bbb7f57aae9c65?s=96&d=mm&r=g\",\"width\":96,\"height\":96,\"caption\":\"da Reda\\u00e7\\u00e3o\"}},{\"@type\":\"WebPage\",\"@id\":\"https:\\\/\\\/www.jornalja.com.br\\\/arquivo\\\/relatorio-de-cpi-do-senado-diz-que-previdencia-social-nao-tem-deficit\\\/#webpage\",\"url\":\"https:\\\/\\\/www.jornalja.com.br\\\/arquivo\\\/relatorio-de-cpi-do-senado-diz-que-previdencia-social-nao-tem-deficit\\\/\",\"name\":\"Relat\\u00f3rio de CPI do Senado diz que Previd\\u00eancia Social n\\u00e3o tem d\\u00e9ficit | Arquivo\",\"inLanguage\":\"pt-BR\",\"isPartOf\":{\"@id\":\"https:\\\/\\\/www.jornalja.com.br\\\/arquivo\\\/#website\"},\"breadcrumb\":{\"@id\":\"https:\\\/\\\/www.jornalja.com.br\\\/arquivo\\\/relatorio-de-cpi-do-senado-diz-que-previdencia-social-nao-tem-deficit\\\/#breadcrumblist\"},\"author\":{\"@id\":\"https:\\\/\\\/www.jornalja.com.br\\\/arquivo\\\/author\\\/daredacao\\\/#author\"},\"creator\":{\"@id\":\"https:\\\/\\\/www.jornalja.com.br\\\/arquivo\\\/author\\\/daredacao\\\/#author\"},\"image\":{\"@type\":\"ImageObject\",\"url\":56630,\"@id\":\"https:\\\/\\\/www.jornalja.com.br\\\/arquivo\\\/relatorio-de-cpi-do-senado-diz-que-previdencia-social-nao-tem-deficit\\\/#mainImage\"},\"primaryImageOfPage\":{\"@id\":\"https:\\\/\\\/www.jornalja.com.br\\\/arquivo\\\/relatorio-de-cpi-do-senado-diz-que-previdencia-social-nao-tem-deficit\\\/#mainImage\"},\"datePublished\":\"2017-10-23T15:43:55-02:00\",\"dateModified\":\"2017-10-23T15:43:55-02:00\"},{\"@type\":\"WebSite\",\"@id\":\"https:\\\/\\\/www.jornalja.com.br\\\/arquivo\\\/#website\",\"url\":\"https:\\\/\\\/www.jornalja.com.br\\\/arquivo\\\/\",\"name\":\"Arquivo\",\"description\":\"Jornal J\\u00c1 | Porto Alegre\",\"inLanguage\":\"pt-BR\",\"publisher\":{\"@id\":\"https:\\\/\\\/www.jornalja.com.br\\\/arquivo\\\/#organization\"}}]}\n\t\t<\/script>\n\t\t<!-- All in One SEO -->\n\n","aioseo_head_json":{"title":"Relat\u00f3rio de CPI do Senado diz que Previd\u00eancia Social n\u00e3o tem d\u00e9ficit | Arquivo","description":"","canonical_url":"https:\/\/www.jornalja.com.br\/arquivo\/relatorio-de-cpi-do-senado-diz-que-previdencia-social-nao-tem-deficit\/","robots":"max-image-preview:large","keywords":"","webmasterTools":{"miscellaneous":""},"schema":{"@context":"https:\/\/schema.org","@graph":[{"@type":"BlogPosting","@id":"https:\/\/www.jornalja.com.br\/arquivo\/relatorio-de-cpi-do-senado-diz-que-previdencia-social-nao-tem-deficit\/#blogposting","name":"Relat\u00f3rio de CPI do Senado diz que Previd\u00eancia Social n\u00e3o tem d\u00e9ficit | Arquivo","headline":"Relat\u00f3rio de CPI do Senado diz que Previd\u00eancia Social n\u00e3o tem d\u00e9ficit","author":{"@id":"https:\/\/www.jornalja.com.br\/arquivo\/author\/daredacao\/#author"},"publisher":{"@id":"https:\/\/www.jornalja.com.br\/arquivo\/#organization"},"image":{"@type":"ImageObject","url":56630},"datePublished":"2017-10-23T15:43:55-02:00","dateModified":"2017-10-23T15:43:55-02:00","inLanguage":"pt-BR","mainEntityOfPage":{"@id":"https:\/\/www.jornalja.com.br\/arquivo\/relatorio-de-cpi-do-senado-diz-que-previdencia-social-nao-tem-deficit\/#webpage"},"isPartOf":{"@id":"https:\/\/www.jornalja.com.br\/arquivo\/relatorio-de-cpi-do-senado-diz-que-previdencia-social-nao-tem-deficit\/#webpage"},"articleSection":"Geral"},{"@type":"BreadcrumbList","@id":"https:\/\/www.jornalja.com.br\/arquivo\/relatorio-de-cpi-do-senado-diz-que-previdencia-social-nao-tem-deficit\/#breadcrumblist","itemListElement":[{"@type":"ListItem","@id":"https:\/\/www.jornalja.com.br\/arquivo#listItem","position":1,"name":"Home","item":"https:\/\/www.jornalja.com.br\/arquivo","nextItem":{"@type":"ListItem","@id":"https:\/\/www.jornalja.com.br\/arquivo\/category\/geral\/#listItem","name":"Geral"}},{"@type":"ListItem","@id":"https:\/\/www.jornalja.com.br\/arquivo\/category\/geral\/#listItem","position":2,"name":"Geral","item":"https:\/\/www.jornalja.com.br\/arquivo\/category\/geral\/","nextItem":{"@type":"ListItem","@id":"https:\/\/www.jornalja.com.br\/arquivo\/relatorio-de-cpi-do-senado-diz-que-previdencia-social-nao-tem-deficit\/#listItem","name":"Relat\u00f3rio de CPI do Senado diz que Previd\u00eancia Social n\u00e3o tem d\u00e9ficit"},"previousItem":{"@type":"ListItem","@id":"https:\/\/www.jornalja.com.br\/arquivo#listItem","name":"Home"}},{"@type":"ListItem","@id":"https:\/\/www.jornalja.com.br\/arquivo\/relatorio-de-cpi-do-senado-diz-que-previdencia-social-nao-tem-deficit\/#listItem","position":3,"name":"Relat\u00f3rio de CPI do Senado diz que Previd\u00eancia Social n\u00e3o tem d\u00e9ficit","previousItem":{"@type":"ListItem","@id":"https:\/\/www.jornalja.com.br\/arquivo\/category\/geral\/#listItem","name":"Geral"}}]},{"@type":"Organization","@id":"https:\/\/www.jornalja.com.br\/arquivo\/#organization","name":"Jornal J\u00c1","description":"Jornal J\u00c1 | Porto Alegre","url":"https:\/\/www.jornalja.com.br\/arquivo\/","telephone":"+555133307272","logo":{"@type":"ImageObject","url":"https:\/\/www.jornalja.com.br\/wp-content\/uploads\/cards\/JAslogan.png","@id":"https:\/\/www.jornalja.com.br\/arquivo\/relatorio-de-cpi-do-senado-diz-que-previdencia-social-nao-tem-deficit\/#organizationLogo"},"image":{"@id":"https:\/\/www.jornalja.com.br\/arquivo\/relatorio-de-cpi-do-senado-diz-que-previdencia-social-nao-tem-deficit\/#organizationLogo"}},{"@type":"Person","@id":"https:\/\/www.jornalja.com.br\/arquivo\/author\/daredacao\/#author","url":"https:\/\/www.jornalja.com.br\/arquivo\/author\/daredacao\/","name":"da Reda\u00e7\u00e3o","image":{"@type":"ImageObject","@id":"https:\/\/www.jornalja.com.br\/arquivo\/relatorio-de-cpi-do-senado-diz-que-previdencia-social-nao-tem-deficit\/#authorImage","url":"https:\/\/secure.gravatar.com\/avatar\/469fd857d6605ad19919d27ed29d35a968a25f6e8fd9318356bbb7f57aae9c65?s=96&d=mm&r=g","width":96,"height":96,"caption":"da Reda\u00e7\u00e3o"}},{"@type":"WebPage","@id":"https:\/\/www.jornalja.com.br\/arquivo\/relatorio-de-cpi-do-senado-diz-que-previdencia-social-nao-tem-deficit\/#webpage","url":"https:\/\/www.jornalja.com.br\/arquivo\/relatorio-de-cpi-do-senado-diz-que-previdencia-social-nao-tem-deficit\/","name":"Relat\u00f3rio de CPI do Senado diz que Previd\u00eancia Social n\u00e3o tem d\u00e9ficit | Arquivo","inLanguage":"pt-BR","isPartOf":{"@id":"https:\/\/www.jornalja.com.br\/arquivo\/#website"},"breadcrumb":{"@id":"https:\/\/www.jornalja.com.br\/arquivo\/relatorio-de-cpi-do-senado-diz-que-previdencia-social-nao-tem-deficit\/#breadcrumblist"},"author":{"@id":"https:\/\/www.jornalja.com.br\/arquivo\/author\/daredacao\/#author"},"creator":{"@id":"https:\/\/www.jornalja.com.br\/arquivo\/author\/daredacao\/#author"},"image":{"@type":"ImageObject","url":56630,"@id":"https:\/\/www.jornalja.com.br\/arquivo\/relatorio-de-cpi-do-senado-diz-que-previdencia-social-nao-tem-deficit\/#mainImage"},"primaryImageOfPage":{"@id":"https:\/\/www.jornalja.com.br\/arquivo\/relatorio-de-cpi-do-senado-diz-que-previdencia-social-nao-tem-deficit\/#mainImage"},"datePublished":"2017-10-23T15:43:55-02:00","dateModified":"2017-10-23T15:43:55-02:00"},{"@type":"WebSite","@id":"https:\/\/www.jornalja.com.br\/arquivo\/#website","url":"https:\/\/www.jornalja.com.br\/arquivo\/","name":"Arquivo","description":"Jornal J\u00c1 | Porto Alegre","inLanguage":"pt-BR","publisher":{"@id":"https:\/\/www.jornalja.com.br\/arquivo\/#organization"}}]},"og:locale":"pt_BR","og:site_name":"Arquivo | Jornal J\u00c1 | Porto Alegre","og:type":"article","og:title":"Relat\u00f3rio de CPI do Senado diz que Previd\u00eancia Social n\u00e3o tem d\u00e9ficit | Arquivo","og:url":"https:\/\/www.jornalja.com.br\/arquivo\/relatorio-de-cpi-do-senado-diz-que-previdencia-social-nao-tem-deficit\/","og:image":"https:\/\/www.jornalja.com.br\/economics\/wp-content\/uploads\/sites\/11\/2026\/08\/ja-folhaderosto-facebook.jpg","og:image:secure_url":"https:\/\/www.jornalja.com.br\/economics\/wp-content\/uploads\/sites\/11\/2026\/08\/ja-folhaderosto-facebook.jpg","article:published_time":"2017-10-23T18:43:55+00:00","article:modified_time":"2017-10-23T18:43:55+00:00","twitter:card":"summary","twitter:title":"Relat\u00f3rio de CPI do Senado diz que Previd\u00eancia Social n\u00e3o tem d\u00e9ficit | Arquivo","twitter:image":"https:\/\/www.jornalja.com.br\/economics\/wp-content\/uploads\/sites\/11\/2026\/08\/ja-folhaderosto-facebook.jpg"},"aioseo_meta_data":{"post_id":"56629","title":null,"description":null,"keywords":null,"keyphrases":null,"primary_term":null,"canonical_url":null,"og_title":null,"og_description":null,"og_object_type":"default","og_image_type":"default","og_image_url":null,"og_image_width":null,"og_image_height":null,"og_image_custom_url":null,"og_image_custom_fields":null,"og_video":null,"og_custom_url":null,"og_article_section":null,"og_article_tags":null,"twitter_use_og":false,"twitter_card":"default","twitter_image_type":"default","twitter_image_url":null,"twitter_image_custom_url":null,"twitter_image_custom_fields":null,"twitter_title":null,"twitter_description":null,"schema":{"blockGraphs":[],"customGraphs":[],"default":{"data":{"Article":[],"Course":[],"Dataset":[],"FAQPage":[],"Movie":[],"Person":[],"Product":[],"ProductReview":[],"Car":[],"Recipe":[],"Service":[],"SoftwareApplication":[],"WebPage":[]},"graphName":"","isEnabled":true},"graphs":[],"defaultGraph":"","defaultPostTypeGraph":""},"schema_type":null,"schema_type_options":null,"pillar_content":false,"robots_default":true,"robots_noindex":false,"robots_noarchive":false,"robots_nosnippet":false,"robots_nofollow":false,"robots_noimageindex":false,"robots_noodp":false,"robots_notranslate":false,"robots_max_snippet":null,"robots_max_videopreview":null,"robots_max_imagepreview":"large","priority":null,"frequency":null,"location":null,"local_seo":null,"breadcrumb_settings":null,"limit_modified_date":false,"ai":null,"created":"2020-12-20 20:21:53","updated":"2025-07-20 01:55:09","seo_analyzer_scan_date":null,"focus_keyword":null,"additional_keywords":null,"truseo_locale":null},"jetpack_sharing_enabled":true,"jetpack-related-posts":[{"id":13239,"url":"https:\/\/www.jornalja.com.br\/arquivo\/conselho-desdenha-do-plano-diretor\/","url_meta":{"origin":56629,"position":0},"title":"Porto Alegre: Conselho detona Plano Diretor","author":"Patr\u00edcia Marini","date":"25 de maio de 2014","format":false,"excerpt":"Den\u00fancia do arquiteto e \u00a0urbanista Ibir\u00e1 Santos Lucas. Ele diz que os conselheiros est\u00e3o votando com \"enorme irresponsabilidade\". \"Mudam regime com a maior naturalidade,,,regularizam absurdos de constru\u00e7\u00f5es irregulares... \"O CMDUA est\u00e1 flexibilizando a lei do plano diretor, de uma forma impactante na vida da cidade. Mudam regime com a maior\u2026","rel":"","context":"Em &quot;Geral&quot;","block_context":{"text":"Geral","link":"https:\/\/www.jornalja.com.br\/arquivo\/category\/geral\/"},"img":{"alt_text":"","src":"","width":0,"height":0},"classes":[]},{"id":13240,"url":"https:\/\/www.jornalja.com.br\/arquivo\/plano-diretor-estamos-construindo-o-caos\/","url_meta":{"origin":56629,"position":1},"title":"Plano diretor: &quot;Estamos construindo o caos&quot;","author":"Patr\u00edcia Marini","date":"26 de maio de 2014","format":false,"excerpt":"Desabafo que arquiteta Eliana Castilhos, delegada da Regi\u00e3o de Planejamento 1, postou nas redes sociais \u00e9 um testemunho do ambiente que se criou no Conselho do Plano Diretor de Porto Alegre, onde a aprova\u00e7\u00e3o de grandes empreendimentos \u00e9 empurrada guela abaixo dos conselheiros. Ao CMDUA Como delegada da Regi\u00e3o de\u2026","rel":"","context":"Em &quot;Geral&quot;","block_context":{"text":"Geral","link":"https:\/\/www.jornalja.com.br\/arquivo\/category\/geral\/"},"img":{"alt_text":"","src":"","width":0,"height":0},"classes":[]},{"id":12960,"url":"https:\/\/www.jornalja.com.br\/arquivo\/populacao-culpa-empresas-pela-greve-dos-rodoviarios\/","url_meta":{"origin":56629,"position":2},"title":"Popula\u00e7\u00e3o culpa empresas pela greve","author":"Patr\u00edcia Marini","date":"14 de fevereiro de 2014","format":false,"excerpt":"Pesquisa divulgada na edi\u00e7\u00e3o do jornal Metro desta sexta-feira,14, comprova o velho ditado: \u00e9 poss\u00edvel enganar muitos por algum tempo, mas n\u00e3o \u00e9 poss\u00edvel enganar a todos o tempo inteiro. A principal revela\u00e7\u00e3o foi que 59,8% dos entrevistados apontaram as empresas como as principais respons\u00e1veis pela grave e 46% culparam\u2026","rel":"","context":"Em &quot;X.Categorias velhas&quot;","block_context":{"text":"X.Categorias velhas","link":"https:\/\/www.jornalja.com.br\/arquivo\/category\/x-categorias-velhas\/"},"img":{"alt_text":"","src":"","width":0,"height":0},"classes":[]},{"id":5440,"url":"https:\/\/www.jornalja.com.br\/arquivo\/casarao-da-venancio-destino-permanece-incerto\/","url_meta":{"origin":56629,"position":3},"title":"Estado ainda n\u00e3o sabe o que fazer com casar\u00e3o abandonado h\u00e1 20 anos","author":"Elmar Bones","date":"6 de julho de 2009","format":false,"excerpt":"O casar\u00e3o amarelo, numa esquina nobre de Porto Alegre (Ven\u00e2ncio Aires com Jo\u00e3o Pessoa), j\u00e1 abrigou uma escola. H\u00e1 duas d\u00e9cadas, pelo menos, est\u00e1 abandonado, porque seu propriet\u00e1rio, o governo do Estado do Rio Grande do Sul, n\u00e3o consegue achar um destino para ele. Planos n\u00e3o faltaram. O governador Ol\u00edvio\u2026","rel":"","context":"Em &quot;X.Categorias velhas&quot;","block_context":{"text":"X.Categorias velhas","link":"https:\/\/www.jornalja.com.br\/arquivo\/category\/x-categorias-velhas\/"},"img":{"alt_text":"geraldo1","src":"https:\/\/i0.wp.com\/www.jornalja.com.br\/wp-content\/uploads\/2009\/07\/geraldo1.jpg?resize=350%2C200&ssl=1","width":350,"height":200},"classes":[]},{"id":13124,"url":"https:\/\/www.jornalja.com.br\/arquivo\/sangue-latino-no-iecine\/","url_meta":{"origin":56629,"position":4},"title":"Sangue latino no IECINE","author":"da Reda\u00e7\u00e3o","date":"18 de maio de 2014","format":false,"excerpt":"Francisco Ribeiro O Instituto Estadual de Cinema (IECINE) tem a frente, desde abril \u00faltimo, um novo diretor, o cineasta colombiano Juan Zapata, 36, que substitui Luiz Alberto Cassol. Radicado h\u00e1 dez anos em Porto Alegre, Zapata tem diante de si o desafio de conduzir at\u00e9 o final do ano um\u2026","rel":"","context":"Em &quot;Cultura-Geral&quot;","block_context":{"text":"Cultura-Geral","link":"https:\/\/www.jornalja.com.br\/arquivo\/category\/materiasecundaria\/"},"img":{"alt_text":"","src":"","width":0,"height":0},"classes":[]},{"id":13101,"url":"https:\/\/www.jornalja.com.br\/arquivo\/morre-um-guerreiro-do-texto\/","url_meta":{"origin":56629,"position":5},"title":"Morre um guerreiro do texto","author":"Patr\u00edcia Marini","date":"14 de maio de 2014","format":false,"excerpt":"Por Ricardo Kotscho Reproduzido do blog do autor, 11\/5\/2014; t\u00edtulo original \u201cE l\u00e1 se foi o nosso Myltainho, guerreiro do texto\u201d. Mi\u00fado e franzino, meu amigo Myltainho era um valente e inconformado guerreiro na luta contra as injusti\u00e7as sociais, a hipocrisia, as maracutaias, o autoritarismo, a intoler\u00e2ncia, a viol\u00eancia, o\u2026","rel":"","context":"Em &quot;Geral&quot;","block_context":{"text":"Geral","link":"https:\/\/www.jornalja.com.br\/arquivo\/category\/geral\/"},"img":{"alt_text":"","src":"","width":0,"height":0},"classes":[]}],"jetpack_shortlink":"https:\/\/wp.me\/pbQjBd-eJn","jetpack_featured_media_url":"","_links":{"self":[{"href":"https:\/\/www.jornalja.com.br\/arquivo\/wp-json\/wp\/v2\/posts\/56629","targetHints":{"allow":["GET"]}}],"collection":[{"href":"https:\/\/www.jornalja.com.br\/arquivo\/wp-json\/wp\/v2\/posts"}],"about":[{"href":"https:\/\/www.jornalja.com.br\/arquivo\/wp-json\/wp\/v2\/types\/post"}],"author":[{"embeddable":true,"href":"https:\/\/www.jornalja.com.br\/arquivo\/wp-json\/wp\/v2\/users\/4"}],"replies":[{"embeddable":true,"href":"https:\/\/www.jornalja.com.br\/arquivo\/wp-json\/wp\/v2\/comments?post=56629"}],"version-history":[{"count":0,"href":"https:\/\/www.jornalja.com.br\/arquivo\/wp-json\/wp\/v2\/posts\/56629\/revisions"}],"wp:attachment":[{"href":"https:\/\/www.jornalja.com.br\/arquivo\/wp-json\/wp\/v2\/media?parent=56629"}],"wp:term":[{"taxonomy":"category","embeddable":true,"href":"https:\/\/www.jornalja.com.br\/arquivo\/wp-json\/wp\/v2\/categories?post=56629"},{"taxonomy":"post_tag","embeddable":true,"href":"https:\/\/www.jornalja.com.br\/arquivo\/wp-json\/wp\/v2\/tags?post=56629"}],"curies":[{"name":"wp","href":"https:\/\/api.w.org\/{rel}","templated":true}]}}