{"id":56644,"date":"2017-10-23T18:29:50","date_gmt":"2017-10-23T21:29:50","guid":{"rendered":"https:\/\/www.jornalja.com.br\/?p=56644"},"modified":"2017-10-23T18:29:50","modified_gmt":"2017-10-23T21:29:50","slug":"liminar-da-justica-suspende-votacao-sobre-projetos-de-podas-em-porto-alegre","status":"publish","type":"post","link":"https:\/\/www.jornalja.com.br\/arquivo\/liminar-da-justica-suspende-votacao-sobre-projetos-de-podas-em-porto-alegre\/","title":{"rendered":"Liminar suspende vota\u00e7\u00e3o sobre projeto de podas em Porto Alegre"},"content":{"rendered":"<p>O juiz Eug\u00eanio Couto Terra suspendeu na tarde desta segunda-feira, 23\/10, a vota\u00e7\u00e3o do projeto de lei complementar, de autoria do vereador Mois\u00e9s Barboza (PSDB), que muda o sistema de podas em Porto Alegre. A proposta \u00e9 de que a prefeitura resolva em at\u00e9 90 dias os pedidos de poda e, se n\u00e3o atender ao prazo, o cidad\u00e3o fica autorizado a\u00a0contratar o servi\u00e7o particular com a autoriza\u00e7\u00e3o pr\u00e9via do \u00f3rg\u00e3o respons\u00e1vel.<br \/>\nA liminar atende ao pedido de uma a\u00e7\u00e3o cautelar realizada por <a href=\"https:\/\/www.jornalja.com.br\/entidades-ambientais-fazem-abaixo-assinado-contra-projeto-que-altera-podas-em-porto-alegre\/\">entidades ambientais contr\u00e1rias<\/a> ao projeto. O juiz, em sua decis\u00e3o, destacou o parecer da Procuradoria-Geral da C\u00e2mara, que <em>&#8220;observa o v\u00edcio de iniciativa do PLC no tocante a alguns dos seus dispositivos, porque consubstanciam interfer\u00eancia no funcionamento da administra\u00e7\u00e3o municipal, incidindo em viola\u00e7\u00e3o ao disposto no artigo 94, inciso IV, da Lei Org\u00e2nica do Munic\u00edpio&#8221;.\u00a0<\/em><br \/>\n<span class=\"intertit\">Nem Conselho Municipal nem Comiss\u00e3o do Meio Ambiente discutiram o projeto<\/span><br \/>\nO projeto come\u00e7ou a ser votado na \u00faltima quarta-feira, mas n\u00e3o foi conclu\u00eddo por falta de qu\u00f3rum. Nesta segunda, a ordem do dia tamb\u00e9m n\u00e3o teve n\u00famero m\u00ednimo de presen\u00e7as para ser iniciada e os vereadores apenas come\u00e7aram a discutir o or\u00e7amento de 2018.<br \/>\nProtocolado em mar\u00e7o pelo vereador Mois\u00e9s, <a href=\"https:\/\/www.jornalja.com.br\/vereadores-discutem-projeto-que-permite-cidadao-contratar-servico-de-poda-em-porto-alegre\/\">o projeto foi discutido apenas <\/a>uma vez na C\u00e2mara de Vereadores em uma reuni\u00e3o da Frente Parlamentar\u00a0de Empreendedorismo e Desburocratiza\u00e7\u00e3o, a pedido do vereador Felipe Camozzatto (NOVO). Antes disso, o projeto foi comentado em um reuni\u00e3o da Comiss\u00e3o de sa\u00fade e Meio Ambiente (Cosmam), em uma pauta sobre arboriza\u00e7\u00e3o, mas nunca chegou a ser assunto espec\u00edfico da reuni\u00e3o.<br \/>\nPara chegar em plen\u00e1rio, uma vota\u00e7\u00e3o em regime urg\u00eancia foi pedida, o que retirou o PLC das demais comiss\u00f5es, tendo apenas o parecer da Comiss\u00e3o de Constitui\u00e7\u00e3o e Justi\u00e7a. O vereador Andr\u00e9 Car\u00fas (PMDB), presidente da Cosmam, n\u00e3o quis falar sobre o assunto, apenas lamentou o ocorrido. &#8220;Acho que poderia ter sido discutido pela Comiss\u00e3o&#8221;.<br \/>\n<span class=\"intertit\">Entenda o projeto<strong><br \/>\n<\/strong><\/span><br \/>\nO projeto\u00a0que altera a Lei Complementar n\u00ba 757, de 14 de janeiro de 2015, que trata sobre supress\u00e3o e poda de \u00e1rvores e vegetais em Porto Alegre, est\u00e1 em tramita\u00e7\u00e3o na C\u00e2mara de Vereadores. A proposta do vereador Mois\u00e9s Barboza (PSDB) visa reduzir o tempo de espera entre o pedido de poda e a execu\u00e7\u00e3o do servi\u00e7o e permitir que o cidad\u00e3o contrate um servi\u00e7o privado para a realiza\u00e7\u00e3o da supress\u00e3o ou retirada dos vegetais, em at\u00e9 90 dias.<br \/>\nO Projeto tamb\u00e9m altera a divis\u00e3o do Fundo Municipal Pr\u00f3-Ambiental. Hoje, compensa\u00e7\u00f5es ambientais, verbas de licen\u00e7as ou infra\u00e7\u00f5es ambientais v\u00e3o para o Fumpr\u00f3amb. Conforme a lei 757, \u00e9 poss\u00edvel usar at\u00e9 15% para a manuten\u00e7\u00e3o de parques e pra\u00e7as. A proposta de Barboza quer alterar para 30%.<br \/>\n&nbsp;<br \/>\n&nbsp;<\/p>\n","protected":false},"excerpt":{"rendered":"<p>O juiz Eug\u00eanio Couto Terra suspendeu na tarde desta segunda-feira, 23\/10, a vota\u00e7\u00e3o do projeto de lei complementar, de autoria do vereador Mois\u00e9s Barboza (PSDB), que muda o sistema de podas em Porto Alegre. A proposta \u00e9 de que a prefeitura resolva em at\u00e9 90 dias os pedidos de poda e, se n\u00e3o atender ao [&hellip;]<\/p>\n","protected":false},"author":4,"featured_media":56649,"comment_status":"open","ping_status":"closed","sticky":false,"template":"","format":"standard","meta":{"_jetpack_newsletter_access":"","_jetpack_dont_email_post_to_subs":false,"_jetpack_newsletter_tier_id":0,"_jetpack_memberships_contains_paywalled_content":false,"_jetpack_feature_clip_id":0,"_jetpack_memberships_contains_paid_content":false,"footnotes":"","jetpack_post_was_ever_published":false},"categories":[26],"tags":[],"class_list":["post-56644","post","type-post","status-publish","format-standard","has-post-thumbnail","hentry","category-geral"],"aioseo_notices":[],"aioseo_head":"\n\t\t<!-- All in One SEO 5.0.1.1 - aioseo.com -->\n\t<meta name=\"robots\" content=\"max-image-preview:large\" \/>\n\t<meta name=\"author\" content=\"da Reda\u00e7\u00e3o\"\/>\n\t<link rel=\"canonical\" href=\"https:\/\/www.jornalja.com.br\/arquivo\/liminar-da-justica-suspende-votacao-sobre-projetos-de-podas-em-porto-alegre\/\" \/>\n\t<meta name=\"generator\" content=\"All in One SEO (AIOSEO) 5.0.1.1\" \/>\n\t\t<meta property=\"og:locale\" content=\"pt_BR\" \/>\n\t\t<meta property=\"og:site_name\" content=\"Arquivo | Jornal J\u00c1 | Porto Alegre\" \/>\n\t\t<meta property=\"og:type\" content=\"article\" \/>\n\t\t<meta property=\"og:title\" content=\"Liminar suspende vota\u00e7\u00e3o sobre projeto de podas em Porto Alegre | Arquivo\" \/>\n\t\t<meta property=\"og:url\" content=\"https:\/\/www.jornalja.com.br\/arquivo\/liminar-da-justica-suspende-votacao-sobre-projetos-de-podas-em-porto-alegre\/\" \/>\n\t\t<meta property=\"og:image\" content=\"https:\/\/www.jornalja.com.br\/economics\/wp-content\/uploads\/sites\/11\/2026\/08\/ja-folhaderosto-facebook.jpg\" \/>\n\t\t<meta property=\"og:image:secure_url\" content=\"https:\/\/www.jornalja.com.br\/economics\/wp-content\/uploads\/sites\/11\/2026\/08\/ja-folhaderosto-facebook.jpg\" \/>\n\t\t<meta property=\"article:published_time\" content=\"2017-10-23T21:29:50+00:00\" \/>\n\t\t<meta property=\"article:modified_time\" content=\"2017-10-23T21:29:50+00:00\" \/>\n\t\t<meta name=\"twitter:card\" content=\"summary\" \/>\n\t\t<meta name=\"twitter:title\" content=\"Liminar suspende vota\u00e7\u00e3o sobre projeto de podas em Porto Alegre | Arquivo\" \/>\n\t\t<meta name=\"twitter:image\" content=\"https:\/\/www.jornalja.com.br\/economics\/wp-content\/uploads\/sites\/11\/2026\/08\/ja-folhaderosto-facebook.jpg\" \/>\n\t\t<script type=\"application\/ld+json\" class=\"aioseo-schema\">\n\t\t\t{\"@context\":\"https:\\\/\\\/schema.org\",\"@graph\":[{\"@type\":\"BlogPosting\",\"@id\":\"https:\\\/\\\/www.jornalja.com.br\\\/arquivo\\\/liminar-da-justica-suspende-votacao-sobre-projetos-de-podas-em-porto-alegre\\\/#blogposting\",\"name\":\"Liminar suspende vota\\u00e7\\u00e3o sobre projeto de podas em Porto Alegre | Arquivo\",\"headline\":\"Liminar suspende vota\\u00e7\\u00e3o sobre projeto de podas em Porto Alegre\",\"author\":{\"@id\":\"https:\\\/\\\/www.jornalja.com.br\\\/arquivo\\\/author\\\/daredacao\\\/#author\"},\"publisher\":{\"@id\":\"https:\\\/\\\/www.jornalja.com.br\\\/arquivo\\\/#organization\"},\"image\":{\"@type\":\"ImageObject\",\"url\":56649},\"datePublished\":\"2017-10-23T18:29:50-02:00\",\"dateModified\":\"2017-10-23T18:29:50-02:00\",\"inLanguage\":\"pt-BR\",\"mainEntityOfPage\":{\"@id\":\"https:\\\/\\\/www.jornalja.com.br\\\/arquivo\\\/liminar-da-justica-suspende-votacao-sobre-projetos-de-podas-em-porto-alegre\\\/#webpage\"},\"isPartOf\":{\"@id\":\"https:\\\/\\\/www.jornalja.com.br\\\/arquivo\\\/liminar-da-justica-suspende-votacao-sobre-projetos-de-podas-em-porto-alegre\\\/#webpage\"},\"articleSection\":\"Geral\"},{\"@type\":\"BreadcrumbList\",\"@id\":\"https:\\\/\\\/www.jornalja.com.br\\\/arquivo\\\/liminar-da-justica-suspende-votacao-sobre-projetos-de-podas-em-porto-alegre\\\/#breadcrumblist\",\"itemListElement\":[{\"@type\":\"ListItem\",\"@id\":\"https:\\\/\\\/www.jornalja.com.br\\\/arquivo#listItem\",\"position\":1,\"name\":\"Home\",\"item\":\"https:\\\/\\\/www.jornalja.com.br\\\/arquivo\",\"nextItem\":{\"@type\":\"ListItem\",\"@id\":\"https:\\\/\\\/www.jornalja.com.br\\\/arquivo\\\/category\\\/geral\\\/#listItem\",\"name\":\"Geral\"}},{\"@type\":\"ListItem\",\"@id\":\"https:\\\/\\\/www.jornalja.com.br\\\/arquivo\\\/category\\\/geral\\\/#listItem\",\"position\":2,\"name\":\"Geral\",\"item\":\"https:\\\/\\\/www.jornalja.com.br\\\/arquivo\\\/category\\\/geral\\\/\",\"nextItem\":{\"@type\":\"ListItem\",\"@id\":\"https:\\\/\\\/www.jornalja.com.br\\\/arquivo\\\/liminar-da-justica-suspende-votacao-sobre-projetos-de-podas-em-porto-alegre\\\/#listItem\",\"name\":\"Liminar suspende vota\\u00e7\\u00e3o sobre projeto de podas em Porto Alegre\"},\"previousItem\":{\"@type\":\"ListItem\",\"@id\":\"https:\\\/\\\/www.jornalja.com.br\\\/arquivo#listItem\",\"name\":\"Home\"}},{\"@type\":\"ListItem\",\"@id\":\"https:\\\/\\\/www.jornalja.com.br\\\/arquivo\\\/liminar-da-justica-suspende-votacao-sobre-projetos-de-podas-em-porto-alegre\\\/#listItem\",\"position\":3,\"name\":\"Liminar suspende vota\\u00e7\\u00e3o sobre projeto de podas em Porto Alegre\",\"previousItem\":{\"@type\":\"ListItem\",\"@id\":\"https:\\\/\\\/www.jornalja.com.br\\\/arquivo\\\/category\\\/geral\\\/#listItem\",\"name\":\"Geral\"}}]},{\"@type\":\"Organization\",\"@id\":\"https:\\\/\\\/www.jornalja.com.br\\\/arquivo\\\/#organization\",\"name\":\"Jornal J\\u00c1\",\"description\":\"Jornal J\\u00c1 | Porto Alegre\",\"url\":\"https:\\\/\\\/www.jornalja.com.br\\\/arquivo\\\/\",\"telephone\":\"+555133307272\",\"logo\":{\"@type\":\"ImageObject\",\"url\":\"https:\\\/\\\/www.jornalja.com.br\\\/wp-content\\\/uploads\\\/cards\\\/JAslogan.png\",\"@id\":\"https:\\\/\\\/www.jornalja.com.br\\\/arquivo\\\/liminar-da-justica-suspende-votacao-sobre-projetos-de-podas-em-porto-alegre\\\/#organizationLogo\"},\"image\":{\"@id\":\"https:\\\/\\\/www.jornalja.com.br\\\/arquivo\\\/liminar-da-justica-suspende-votacao-sobre-projetos-de-podas-em-porto-alegre\\\/#organizationLogo\"}},{\"@type\":\"Person\",\"@id\":\"https:\\\/\\\/www.jornalja.com.br\\\/arquivo\\\/author\\\/daredacao\\\/#author\",\"url\":\"https:\\\/\\\/www.jornalja.com.br\\\/arquivo\\\/author\\\/daredacao\\\/\",\"name\":\"da Reda\\u00e7\\u00e3o\",\"image\":{\"@type\":\"ImageObject\",\"@id\":\"https:\\\/\\\/www.jornalja.com.br\\\/arquivo\\\/liminar-da-justica-suspende-votacao-sobre-projetos-de-podas-em-porto-alegre\\\/#authorImage\",\"url\":\"https:\\\/\\\/secure.gravatar.com\\\/avatar\\\/469fd857d6605ad19919d27ed29d35a968a25f6e8fd9318356bbb7f57aae9c65?s=96&d=mm&r=g\",\"width\":96,\"height\":96,\"caption\":\"da Reda\\u00e7\\u00e3o\"}},{\"@type\":\"WebPage\",\"@id\":\"https:\\\/\\\/www.jornalja.com.br\\\/arquivo\\\/liminar-da-justica-suspende-votacao-sobre-projetos-de-podas-em-porto-alegre\\\/#webpage\",\"url\":\"https:\\\/\\\/www.jornalja.com.br\\\/arquivo\\\/liminar-da-justica-suspende-votacao-sobre-projetos-de-podas-em-porto-alegre\\\/\",\"name\":\"Liminar suspende vota\\u00e7\\u00e3o sobre projeto de podas em Porto Alegre | Arquivo\",\"inLanguage\":\"pt-BR\",\"isPartOf\":{\"@id\":\"https:\\\/\\\/www.jornalja.com.br\\\/arquivo\\\/#website\"},\"breadcrumb\":{\"@id\":\"https:\\\/\\\/www.jornalja.com.br\\\/arquivo\\\/liminar-da-justica-suspende-votacao-sobre-projetos-de-podas-em-porto-alegre\\\/#breadcrumblist\"},\"author\":{\"@id\":\"https:\\\/\\\/www.jornalja.com.br\\\/arquivo\\\/author\\\/daredacao\\\/#author\"},\"creator\":{\"@id\":\"https:\\\/\\\/www.jornalja.com.br\\\/arquivo\\\/author\\\/daredacao\\\/#author\"},\"image\":{\"@type\":\"ImageObject\",\"url\":56649,\"@id\":\"https:\\\/\\\/www.jornalja.com.br\\\/arquivo\\\/liminar-da-justica-suspende-votacao-sobre-projetos-de-podas-em-porto-alegre\\\/#mainImage\"},\"primaryImageOfPage\":{\"@id\":\"https:\\\/\\\/www.jornalja.com.br\\\/arquivo\\\/liminar-da-justica-suspende-votacao-sobre-projetos-de-podas-em-porto-alegre\\\/#mainImage\"},\"datePublished\":\"2017-10-23T18:29:50-02:00\",\"dateModified\":\"2017-10-23T18:29:50-02:00\"},{\"@type\":\"WebSite\",\"@id\":\"https:\\\/\\\/www.jornalja.com.br\\\/arquivo\\\/#website\",\"url\":\"https:\\\/\\\/www.jornalja.com.br\\\/arquivo\\\/\",\"name\":\"Arquivo\",\"description\":\"Jornal J\\u00c1 | Porto Alegre\",\"inLanguage\":\"pt-BR\",\"publisher\":{\"@id\":\"https:\\\/\\\/www.jornalja.com.br\\\/arquivo\\\/#organization\"}}]}\n\t\t<\/script>\n\t\t<!-- All in One SEO -->\n\n","aioseo_head_json":{"title":"Liminar suspende vota\u00e7\u00e3o sobre projeto de podas em Porto Alegre | Arquivo","description":"","canonical_url":"https:\/\/www.jornalja.com.br\/arquivo\/liminar-da-justica-suspende-votacao-sobre-projetos-de-podas-em-porto-alegre\/","robots":"max-image-preview:large","keywords":"","webmasterTools":{"miscellaneous":""},"schema":{"@context":"https:\/\/schema.org","@graph":[{"@type":"BlogPosting","@id":"https:\/\/www.jornalja.com.br\/arquivo\/liminar-da-justica-suspende-votacao-sobre-projetos-de-podas-em-porto-alegre\/#blogposting","name":"Liminar suspende vota\u00e7\u00e3o sobre projeto de podas em Porto Alegre | Arquivo","headline":"Liminar suspende vota\u00e7\u00e3o sobre projeto de podas em Porto Alegre","author":{"@id":"https:\/\/www.jornalja.com.br\/arquivo\/author\/daredacao\/#author"},"publisher":{"@id":"https:\/\/www.jornalja.com.br\/arquivo\/#organization"},"image":{"@type":"ImageObject","url":56649},"datePublished":"2017-10-23T18:29:50-02:00","dateModified":"2017-10-23T18:29:50-02:00","inLanguage":"pt-BR","mainEntityOfPage":{"@id":"https:\/\/www.jornalja.com.br\/arquivo\/liminar-da-justica-suspende-votacao-sobre-projetos-de-podas-em-porto-alegre\/#webpage"},"isPartOf":{"@id":"https:\/\/www.jornalja.com.br\/arquivo\/liminar-da-justica-suspende-votacao-sobre-projetos-de-podas-em-porto-alegre\/#webpage"},"articleSection":"Geral"},{"@type":"BreadcrumbList","@id":"https:\/\/www.jornalja.com.br\/arquivo\/liminar-da-justica-suspende-votacao-sobre-projetos-de-podas-em-porto-alegre\/#breadcrumblist","itemListElement":[{"@type":"ListItem","@id":"https:\/\/www.jornalja.com.br\/arquivo#listItem","position":1,"name":"Home","item":"https:\/\/www.jornalja.com.br\/arquivo","nextItem":{"@type":"ListItem","@id":"https:\/\/www.jornalja.com.br\/arquivo\/category\/geral\/#listItem","name":"Geral"}},{"@type":"ListItem","@id":"https:\/\/www.jornalja.com.br\/arquivo\/category\/geral\/#listItem","position":2,"name":"Geral","item":"https:\/\/www.jornalja.com.br\/arquivo\/category\/geral\/","nextItem":{"@type":"ListItem","@id":"https:\/\/www.jornalja.com.br\/arquivo\/liminar-da-justica-suspende-votacao-sobre-projetos-de-podas-em-porto-alegre\/#listItem","name":"Liminar suspende vota\u00e7\u00e3o sobre projeto de podas em Porto Alegre"},"previousItem":{"@type":"ListItem","@id":"https:\/\/www.jornalja.com.br\/arquivo#listItem","name":"Home"}},{"@type":"ListItem","@id":"https:\/\/www.jornalja.com.br\/arquivo\/liminar-da-justica-suspende-votacao-sobre-projetos-de-podas-em-porto-alegre\/#listItem","position":3,"name":"Liminar suspende vota\u00e7\u00e3o sobre projeto de podas em Porto Alegre","previousItem":{"@type":"ListItem","@id":"https:\/\/www.jornalja.com.br\/arquivo\/category\/geral\/#listItem","name":"Geral"}}]},{"@type":"Organization","@id":"https:\/\/www.jornalja.com.br\/arquivo\/#organization","name":"Jornal J\u00c1","description":"Jornal J\u00c1 | Porto Alegre","url":"https:\/\/www.jornalja.com.br\/arquivo\/","telephone":"+555133307272","logo":{"@type":"ImageObject","url":"https:\/\/www.jornalja.com.br\/wp-content\/uploads\/cards\/JAslogan.png","@id":"https:\/\/www.jornalja.com.br\/arquivo\/liminar-da-justica-suspende-votacao-sobre-projetos-de-podas-em-porto-alegre\/#organizationLogo"},"image":{"@id":"https:\/\/www.jornalja.com.br\/arquivo\/liminar-da-justica-suspende-votacao-sobre-projetos-de-podas-em-porto-alegre\/#organizationLogo"}},{"@type":"Person","@id":"https:\/\/www.jornalja.com.br\/arquivo\/author\/daredacao\/#author","url":"https:\/\/www.jornalja.com.br\/arquivo\/author\/daredacao\/","name":"da Reda\u00e7\u00e3o","image":{"@type":"ImageObject","@id":"https:\/\/www.jornalja.com.br\/arquivo\/liminar-da-justica-suspende-votacao-sobre-projetos-de-podas-em-porto-alegre\/#authorImage","url":"https:\/\/secure.gravatar.com\/avatar\/469fd857d6605ad19919d27ed29d35a968a25f6e8fd9318356bbb7f57aae9c65?s=96&d=mm&r=g","width":96,"height":96,"caption":"da Reda\u00e7\u00e3o"}},{"@type":"WebPage","@id":"https:\/\/www.jornalja.com.br\/arquivo\/liminar-da-justica-suspende-votacao-sobre-projetos-de-podas-em-porto-alegre\/#webpage","url":"https:\/\/www.jornalja.com.br\/arquivo\/liminar-da-justica-suspende-votacao-sobre-projetos-de-podas-em-porto-alegre\/","name":"Liminar suspende vota\u00e7\u00e3o sobre projeto de podas em Porto Alegre | Arquivo","inLanguage":"pt-BR","isPartOf":{"@id":"https:\/\/www.jornalja.com.br\/arquivo\/#website"},"breadcrumb":{"@id":"https:\/\/www.jornalja.com.br\/arquivo\/liminar-da-justica-suspende-votacao-sobre-projetos-de-podas-em-porto-alegre\/#breadcrumblist"},"author":{"@id":"https:\/\/www.jornalja.com.br\/arquivo\/author\/daredacao\/#author"},"creator":{"@id":"https:\/\/www.jornalja.com.br\/arquivo\/author\/daredacao\/#author"},"image":{"@type":"ImageObject","url":56649,"@id":"https:\/\/www.jornalja.com.br\/arquivo\/liminar-da-justica-suspende-votacao-sobre-projetos-de-podas-em-porto-alegre\/#mainImage"},"primaryImageOfPage":{"@id":"https:\/\/www.jornalja.com.br\/arquivo\/liminar-da-justica-suspende-votacao-sobre-projetos-de-podas-em-porto-alegre\/#mainImage"},"datePublished":"2017-10-23T18:29:50-02:00","dateModified":"2017-10-23T18:29:50-02:00"},{"@type":"WebSite","@id":"https:\/\/www.jornalja.com.br\/arquivo\/#website","url":"https:\/\/www.jornalja.com.br\/arquivo\/","name":"Arquivo","description":"Jornal J\u00c1 | Porto Alegre","inLanguage":"pt-BR","publisher":{"@id":"https:\/\/www.jornalja.com.br\/arquivo\/#organization"}}]},"og:locale":"pt_BR","og:site_name":"Arquivo | Jornal J\u00c1 | Porto Alegre","og:type":"article","og:title":"Liminar suspende vota\u00e7\u00e3o sobre projeto de podas em Porto Alegre | Arquivo","og:url":"https:\/\/www.jornalja.com.br\/arquivo\/liminar-da-justica-suspende-votacao-sobre-projetos-de-podas-em-porto-alegre\/","og:image":"https:\/\/www.jornalja.com.br\/economics\/wp-content\/uploads\/sites\/11\/2026\/08\/ja-folhaderosto-facebook.jpg","og:image:secure_url":"https:\/\/www.jornalja.com.br\/economics\/wp-content\/uploads\/sites\/11\/2026\/08\/ja-folhaderosto-facebook.jpg","article:published_time":"2017-10-23T21:29:50+00:00","article:modified_time":"2017-10-23T21:29:50+00:00","twitter:card":"summary","twitter:title":"Liminar suspende vota\u00e7\u00e3o sobre projeto de podas em Porto Alegre | Arquivo","twitter:image":"https:\/\/www.jornalja.com.br\/economics\/wp-content\/uploads\/sites\/11\/2026\/08\/ja-folhaderosto-facebook.jpg"},"aioseo_meta_data":{"post_id":"56644","title":null,"description":null,"keywords":null,"keyphrases":null,"primary_term":null,"canonical_url":null,"og_title":null,"og_description":null,"og_object_type":"default","og_image_type":"default","og_image_url":null,"og_image_width":null,"og_image_height":null,"og_image_custom_url":null,"og_image_custom_fields":null,"og_video":null,"og_custom_url":null,"og_article_section":null,"og_article_tags":null,"twitter_use_og":false,"twitter_card":"default","twitter_image_type":"default","twitter_image_url":null,"twitter_image_custom_url":null,"twitter_image_custom_fields":null,"twitter_title":null,"twitter_description":null,"schema":{"blockGraphs":[],"customGraphs":[],"default":{"data":{"Article":[],"Course":[],"Dataset":[],"FAQPage":[],"Movie":[],"Person":[],"Product":[],"ProductReview":[],"Car":[],"Recipe":[],"Service":[],"SoftwareApplication":[],"WebPage":[]},"graphName":"","isEnabled":true},"graphs":[]},"schema_type":null,"schema_type_options":null,"pillar_content":false,"robots_default":true,"robots_noindex":false,"robots_noarchive":false,"robots_nosnippet":false,"robots_nofollow":false,"robots_noimageindex":false,"robots_noodp":false,"robots_notranslate":false,"robots_max_snippet":null,"robots_max_videopreview":null,"robots_max_imagepreview":"large","priority":null,"frequency":null,"location":null,"local_seo":null,"breadcrumb_settings":null,"limit_modified_date":false,"ai":null,"created":"2020-12-20 20:21:53","updated":"2025-07-20 02:00:03","seo_analyzer_scan_date":null,"focus_keyword":null,"additional_keywords":null,"truseo_locale":null},"jetpack_sharing_enabled":true,"jetpack-related-posts":[{"id":13240,"url":"https:\/\/www.jornalja.com.br\/arquivo\/plano-diretor-estamos-construindo-o-caos\/","url_meta":{"origin":56644,"position":0},"title":"Plano diretor: &quot;Estamos construindo o caos&quot;","author":"Patr\u00edcia Marini","date":"26 de maio de 2014","format":false,"excerpt":"Desabafo que arquiteta Eliana Castilhos, delegada da Regi\u00e3o de Planejamento 1, postou nas redes sociais \u00e9 um testemunho do ambiente que se criou no Conselho do Plano Diretor de Porto Alegre, onde a aprova\u00e7\u00e3o de grandes empreendimentos \u00e9 empurrada guela abaixo dos conselheiros. Ao CMDUA Como delegada da Regi\u00e3o de\u2026","rel":"","context":"Em &quot;Geral&quot;","block_context":{"text":"Geral","link":"https:\/\/www.jornalja.com.br\/arquivo\/category\/geral\/"},"img":{"alt_text":"","src":"","width":0,"height":0},"classes":[]},{"id":13239,"url":"https:\/\/www.jornalja.com.br\/arquivo\/conselho-desdenha-do-plano-diretor\/","url_meta":{"origin":56644,"position":1},"title":"Porto Alegre: Conselho detona Plano Diretor","author":"Patr\u00edcia Marini","date":"25 de maio de 2014","format":false,"excerpt":"Den\u00fancia do arquiteto e \u00a0urbanista Ibir\u00e1 Santos Lucas. Ele diz que os conselheiros est\u00e3o votando com \"enorme irresponsabilidade\". \"Mudam regime com a maior naturalidade,,,regularizam absurdos de constru\u00e7\u00f5es irregulares... \"O CMDUA est\u00e1 flexibilizando a lei do plano diretor, de uma forma impactante na vida da cidade. Mudam regime com a maior\u2026","rel":"","context":"Em &quot;Geral&quot;","block_context":{"text":"Geral","link":"https:\/\/www.jornalja.com.br\/arquivo\/category\/geral\/"},"img":{"alt_text":"","src":"","width":0,"height":0},"classes":[]},{"id":13124,"url":"https:\/\/www.jornalja.com.br\/arquivo\/sangue-latino-no-iecine\/","url_meta":{"origin":56644,"position":2},"title":"Sangue latino no IECINE","author":"da Reda\u00e7\u00e3o","date":"18 de maio de 2014","format":false,"excerpt":"Francisco Ribeiro O Instituto Estadual de Cinema (IECINE) tem a frente, desde abril \u00faltimo, um novo diretor, o cineasta colombiano Juan Zapata, 36, que substitui Luiz Alberto Cassol. Radicado h\u00e1 dez anos em Porto Alegre, Zapata tem diante de si o desafio de conduzir at\u00e9 o final do ano um\u2026","rel":"","context":"Em &quot;Cultura-Geral&quot;","block_context":{"text":"Cultura-Geral","link":"https:\/\/www.jornalja.com.br\/arquivo\/category\/materiasecundaria\/"},"img":{"alt_text":"","src":"","width":0,"height":0},"classes":[]},{"id":14241,"url":"https:\/\/www.jornalja.com.br\/arquivo\/o-guaiba-nas-imagens-poeticas-de-achutti\/","url_meta":{"origin":56644,"position":3},"title":"O Gua\u00edba nas imagens po\u00e9ticas de Achutti","author":"da Reda\u00e7\u00e3o","date":"18 de junho de 2014","format":false,"excerpt":"Em \u201cO Gua\u00edba por Achutti\u201d \u2013 obra financiada via Minist\u00e9rio da Cultura, produ\u00e7\u00e3o executiva de Pedro Longhi, e Fl\u00e1vio Wild como designer \u2013, o fot\u00f3grafo revela a beleza e as mazelas de um espa\u00e7o aqu\u00e1tico de \u00e1guas sempre renovadas, cheio de hist\u00f3rias e lendas como as das cidades que foram\u2026","rel":"","context":"Em &quot;Cultura-Geral&quot;","block_context":{"text":"Cultura-Geral","link":"https:\/\/www.jornalja.com.br\/arquivo\/category\/materiasecundaria\/"},"img":{"alt_text":"","src":"","width":0,"height":0},"classes":[]},{"id":1280,"url":"https:\/\/www.jornalja.com.br\/arquivo\/o-menino-que-se-tornou-brizola\/","url_meta":{"origin":56644,"position":4},"title":"O Menino que se Tornou Brizola","author":"da Reda\u00e7\u00e3o","date":"28 de julho de 2008","format":false,"excerpt":"Autor: Cleber Dioni A vida de Leonel Brizola, com \u00eanfase para os primeiros anos em Porto Alegre, at\u00e9 o ex\u00edlio no Uruguai e a volta, quinze anos depois. \u00a0\"...\u00c9ramos todos jovens e nos identific\u00e1vamos com aquela massa an\u00f4nima a percorrer as ruas de Porto Alegre, gritando 'Get\u00falio', 'Get\u00falio' e empunhando\u2026","rel":"","context":"Em &quot;Livros&quot;","block_context":{"text":"Livros","link":"https:\/\/www.jornalja.com.br\/arquivo\/category\/livros\/"},"img":{"alt_text":"","src":"https:\/\/i0.wp.com\/www.jornalja.com.br\/wp-content\/uploads\/2008\/07\/brizola.gif?resize=350%2C200&ssl=1","width":350,"height":200},"classes":[]},{"id":5440,"url":"https:\/\/www.jornalja.com.br\/arquivo\/casarao-da-venancio-destino-permanece-incerto\/","url_meta":{"origin":56644,"position":5},"title":"Estado ainda n\u00e3o sabe o que fazer com casar\u00e3o abandonado h\u00e1 20 anos","author":"Elmar Bones","date":"6 de julho de 2009","format":false,"excerpt":"O casar\u00e3o amarelo, numa esquina nobre de Porto Alegre (Ven\u00e2ncio Aires com Jo\u00e3o Pessoa), j\u00e1 abrigou uma escola. H\u00e1 duas d\u00e9cadas, pelo menos, est\u00e1 abandonado, porque seu propriet\u00e1rio, o governo do Estado do Rio Grande do Sul, n\u00e3o consegue achar um destino para ele. Planos n\u00e3o faltaram. O governador Ol\u00edvio\u2026","rel":"","context":"Em &quot;X.Categorias velhas&quot;","block_context":{"text":"X.Categorias velhas","link":"https:\/\/www.jornalja.com.br\/arquivo\/category\/x-categorias-velhas\/"},"img":{"alt_text":"geraldo1","src":"https:\/\/i0.wp.com\/www.jornalja.com.br\/wp-content\/uploads\/2009\/07\/geraldo1.jpg?resize=350%2C200&ssl=1","width":350,"height":200},"classes":[]}],"jetpack_shortlink":"https:\/\/wp.me\/pbQjBd-eJC","jetpack_featured_media_url":"","_links":{"self":[{"href":"https:\/\/www.jornalja.com.br\/arquivo\/wp-json\/wp\/v2\/posts\/56644","targetHints":{"allow":["GET"]}}],"collection":[{"href":"https:\/\/www.jornalja.com.br\/arquivo\/wp-json\/wp\/v2\/posts"}],"about":[{"href":"https:\/\/www.jornalja.com.br\/arquivo\/wp-json\/wp\/v2\/types\/post"}],"author":[{"embeddable":true,"href":"https:\/\/www.jornalja.com.br\/arquivo\/wp-json\/wp\/v2\/users\/4"}],"replies":[{"embeddable":true,"href":"https:\/\/www.jornalja.com.br\/arquivo\/wp-json\/wp\/v2\/comments?post=56644"}],"version-history":[{"count":0,"href":"https:\/\/www.jornalja.com.br\/arquivo\/wp-json\/wp\/v2\/posts\/56644\/revisions"}],"wp:attachment":[{"href":"https:\/\/www.jornalja.com.br\/arquivo\/wp-json\/wp\/v2\/media?parent=56644"}],"wp:term":[{"taxonomy":"category","embeddable":true,"href":"https:\/\/www.jornalja.com.br\/arquivo\/wp-json\/wp\/v2\/categories?post=56644"},{"taxonomy":"post_tag","embeddable":true,"href":"https:\/\/www.jornalja.com.br\/arquivo\/wp-json\/wp\/v2\/tags?post=56644"}],"curies":[{"name":"wp","href":"https:\/\/api.w.org\/{rel}","templated":true}]}}