{"id":56657,"date":"2017-10-23T19:54:50","date_gmt":"2017-10-23T22:54:50","guid":{"rendered":"https:\/\/www.jornalja.com.br\/?p=56657"},"modified":"2017-10-23T19:54:50","modified_gmt":"2017-10-23T22:54:50","slug":"projetos-sao-suspensos-ate-dezembro-apos-reuniao-entre-marchezan-e-municiparios","status":"publish","type":"post","link":"https:\/\/www.jornalja.com.br\/arquivo\/projetos-sao-suspensos-ate-dezembro-apos-reuniao-entre-marchezan-e-municiparios\/","title":{"rendered":"Projetos s\u00e3o suspensos at\u00e9 dezembro, ap\u00f3s reuni\u00e3o entre Marchezan e municip\u00e1rios"},"content":{"rendered":"<p>Antes do dia quatro de dezembro os quatro projetos enviados pelo executivo de Porto Alegre \u00e0 C\u00e2mara, que comp\u00f5e a pauta da greve dos municip\u00e1rios, n\u00e3o ser\u00e3o votados. Este foi o saldo de tr\u00eas horas de reuni\u00e3o entre o Prefeito Nelson Marchezan J\u00fanior, o comando de greve dos municip\u00e1rios, al\u00e9m de diversos vereadores e secret\u00e1rios.<br \/>\nO acordo foi de que os projetos ser\u00e3o suspensos por quarenta dias. Neste per\u00edodo, um grupo de trabalho formado pela Procuradoria geral do Munic\u00edpio e secretarias da Fazenda e de Planejamento de Gest\u00e3o ir\u00e1 negociar com o Sindicato dos Municip\u00e1rios (Simpa) poss\u00edveis altera\u00e7\u00f5es.<br \/>\nAl\u00e9m do parcelamento de sal\u00e1rios por parte da Prefeitura, a principal reivindica\u00e7\u00e3o do movimento grevista \u00e9 a retirada de quatro projetos de autoria do executivo que tramitam na C\u00e2mara.<a href=\"https:\/\/www.jornalja.com.br\/projetos-autorizam-parcelamento-de-salarios-e-alteram-gratificacoes-de-servidores-de-porto-alegre\/\"> Tr\u00eas deles mexem em direitos dos servidores<\/a>, alterando o calend\u00e1rio de pagamento e permitindo o parcelamento de sal\u00e1rios, extinguindo a licen\u00e7a-pr\u00eamio e alterando os regime especiais de trabalho.<br \/>\nO quarto projeto \u00e9 uma altera\u00e7\u00e3o da Lei Org\u00e2nica do Munic\u00edpio para permitir a concess\u00e3o \u00e0 iniciativa privada dos servi\u00e7os de saneamento b\u00e1sico em Porto Alegre. Segundo o movimento, o projeto representa a privatiza\u00e7\u00e3o do DMAE. A proposta gerou manifesta\u00e7\u00f5es de ex-prefeitos e ex-diretores do departamento.<br \/>\nTamb\u00e9m ser\u00e1 discutida uma altera\u00e7\u00e3o na lei Org\u00e2nica para que o Munic\u00edpio possa contratar servidores para 40h. Atualmente, a Lei Org\u00e2nica do Munic\u00edpio s\u00f3 permite contrata\u00e7\u00f5es de at\u00e9 30h. Segundo Marchezan, isso gera a distor\u00e7\u00e3o do regime diferenciado. \u201cO servidor passa num concurso para 30 horas, \u00e9 chamado para trabalhar 40. E por essas horas ele ganha de 50 a 200% a mais em cima do sal\u00e1rio base.\u201d<br \/>\nEm rela\u00e7\u00e3o ao pagamento de sal\u00e1rios, Marchezan voltou a afirmar que os atrasos se repetir\u00e3o em novembro e dezembro e seguir\u00e3o em 2018. Em rela\u00e7\u00e3o ao ponto dos servidores em greve, Marchezan afirmou que a prefeitura vai cumprir o que a Justi\u00e7a decidir. H\u00e1 uma liminar que reconhece a legitimidade da greve e pro\u00edbe o corte de ponto.<br \/>\nPara o Simpa, o fato de Marchezan ter recebido a comiss\u00e3o de negocia\u00e7\u00e3o foi positivo. \u201c\u00c9 resultado da unidade da categoria e da press\u00e3o dos servidores, porque precisamos de 19 dias de greve para conseguir arrancar do governo uma mesa de negocia\u00e7\u00e3o. Isso \u00e9 positivo por si s\u00f3\u201d, afirmou Alberto Terres, diretor geral do Simpa.<br \/>\nA continuidade ou n\u00e3o da greve ser\u00e1 decidida em assembleia do Simpa nesta ter\u00e7a-feira, a partir das 14h, na Casa do Ga\u00facho.<br \/>\n<span class=\"intertit\">Mobiliza\u00e7\u00e3o em frente \u00e0 prefeitura come\u00e7ou cedo<\/span><br \/>\nA reuni\u00e3o estava marcada para as 16h, mas antes das 14h a concentra\u00e7\u00e3o j\u00e1 era grande em frente ao pr\u00e9dio da Prefeitura de Porto Alegre. Os servidores lotaram o pa\u00e7o municipal. Os apita\u00e7os e buzina\u00e7os duraram a tarde inteira e podiam ser ouvidos dentro do pr\u00e9dio.<br \/>\nNo carro de som, representantes de diversas categorias de servidores do munic\u00edpio discursaram pedindo a retirada dos projetos. Um vasto repert\u00f3rio de par\u00f3dias a Marchezan foi apresentado ao longo da tarde. Sertanejo, funk, marchinhas, Molejo e at\u00e9 o jingle de campanha do Prefeito ganhou vers\u00e3o sat\u00edrica.<\/p>\n","protected":false},"excerpt":{"rendered":"<p>Antes do dia quatro de dezembro os quatro projetos enviados pelo executivo de Porto Alegre \u00e0 C\u00e2mara, que comp\u00f5e a pauta da greve dos municip\u00e1rios, n\u00e3o ser\u00e3o votados. Este foi o saldo de tr\u00eas horas de reuni\u00e3o entre o Prefeito Nelson Marchezan J\u00fanior, o comando de greve dos municip\u00e1rios, al\u00e9m de diversos vereadores e secret\u00e1rios. [&hellip;]<\/p>\n","protected":false},"author":4,"featured_media":56659,"comment_status":"open","ping_status":"closed","sticky":false,"template":"","format":"standard","meta":{"_jetpack_newsletter_access":"","_jetpack_dont_email_post_to_subs":false,"_jetpack_newsletter_tier_id":0,"_jetpack_memberships_contains_paywalled_content":false,"_jetpack_feature_clip_id":0,"_jetpack_memberships_contains_paid_content":false,"footnotes":"","jetpack_post_was_ever_published":false},"categories":[26],"tags":[],"class_list":["post-56657","post","type-post","status-publish","format-standard","has-post-thumbnail","hentry","category-geral"],"aioseo_notices":[],"aioseo_head":"\n\t\t<!-- All in One SEO 5.0.1.1 - aioseo.com -->\n\t<meta name=\"robots\" content=\"max-image-preview:large\" \/>\n\t<meta name=\"author\" content=\"da Reda\u00e7\u00e3o\"\/>\n\t<link rel=\"canonical\" href=\"https:\/\/www.jornalja.com.br\/arquivo\/projetos-sao-suspensos-ate-dezembro-apos-reuniao-entre-marchezan-e-municiparios\/\" \/>\n\t<meta name=\"generator\" content=\"All in One SEO (AIOSEO) 5.0.1.1\" \/>\n\t\t<meta property=\"og:locale\" content=\"pt_BR\" \/>\n\t\t<meta property=\"og:site_name\" content=\"Arquivo | Jornal J\u00c1 | Porto Alegre\" \/>\n\t\t<meta property=\"og:type\" content=\"article\" \/>\n\t\t<meta property=\"og:title\" content=\"Projetos s\u00e3o suspensos at\u00e9 dezembro, ap\u00f3s reuni\u00e3o entre Marchezan e municip\u00e1rios | Arquivo\" \/>\n\t\t<meta property=\"og:url\" content=\"https:\/\/www.jornalja.com.br\/arquivo\/projetos-sao-suspensos-ate-dezembro-apos-reuniao-entre-marchezan-e-municiparios\/\" \/>\n\t\t<meta property=\"og:image\" content=\"https:\/\/www.jornalja.com.br\/economics\/wp-content\/uploads\/sites\/11\/2026\/08\/ja-folhaderosto-facebook.jpg\" \/>\n\t\t<meta property=\"og:image:secure_url\" content=\"https:\/\/www.jornalja.com.br\/economics\/wp-content\/uploads\/sites\/11\/2026\/08\/ja-folhaderosto-facebook.jpg\" \/>\n\t\t<meta property=\"article:published_time\" content=\"2017-10-23T22:54:50+00:00\" \/>\n\t\t<meta property=\"article:modified_time\" content=\"2017-10-23T22:54:50+00:00\" \/>\n\t\t<meta name=\"twitter:card\" content=\"summary\" \/>\n\t\t<meta name=\"twitter:title\" content=\"Projetos s\u00e3o suspensos at\u00e9 dezembro, ap\u00f3s reuni\u00e3o entre Marchezan e municip\u00e1rios | Arquivo\" \/>\n\t\t<meta name=\"twitter:image\" content=\"https:\/\/www.jornalja.com.br\/economics\/wp-content\/uploads\/sites\/11\/2026\/08\/ja-folhaderosto-facebook.jpg\" \/>\n\t\t<script type=\"application\/ld+json\" class=\"aioseo-schema\">\n\t\t\t{\"@context\":\"https:\\\/\\\/schema.org\",\"@graph\":[{\"@type\":\"BlogPosting\",\"@id\":\"https:\\\/\\\/www.jornalja.com.br\\\/arquivo\\\/projetos-sao-suspensos-ate-dezembro-apos-reuniao-entre-marchezan-e-municiparios\\\/#blogposting\",\"name\":\"Projetos s\\u00e3o suspensos at\\u00e9 dezembro, ap\\u00f3s reuni\\u00e3o entre Marchezan e municip\\u00e1rios | Arquivo\",\"headline\":\"Projetos s\\u00e3o suspensos at\\u00e9 dezembro, ap\\u00f3s reuni\\u00e3o entre Marchezan e municip\\u00e1rios\",\"author\":{\"@id\":\"https:\\\/\\\/www.jornalja.com.br\\\/arquivo\\\/author\\\/daredacao\\\/#author\"},\"publisher\":{\"@id\":\"https:\\\/\\\/www.jornalja.com.br\\\/arquivo\\\/#organization\"},\"image\":{\"@type\":\"ImageObject\",\"url\":56659},\"datePublished\":\"2017-10-23T19:54:50-02:00\",\"dateModified\":\"2017-10-23T19:54:50-02:00\",\"inLanguage\":\"pt-BR\",\"mainEntityOfPage\":{\"@id\":\"https:\\\/\\\/www.jornalja.com.br\\\/arquivo\\\/projetos-sao-suspensos-ate-dezembro-apos-reuniao-entre-marchezan-e-municiparios\\\/#webpage\"},\"isPartOf\":{\"@id\":\"https:\\\/\\\/www.jornalja.com.br\\\/arquivo\\\/projetos-sao-suspensos-ate-dezembro-apos-reuniao-entre-marchezan-e-municiparios\\\/#webpage\"},\"articleSection\":\"Geral\"},{\"@type\":\"BreadcrumbList\",\"@id\":\"https:\\\/\\\/www.jornalja.com.br\\\/arquivo\\\/projetos-sao-suspensos-ate-dezembro-apos-reuniao-entre-marchezan-e-municiparios\\\/#breadcrumblist\",\"itemListElement\":[{\"@type\":\"ListItem\",\"@id\":\"https:\\\/\\\/www.jornalja.com.br\\\/arquivo#listItem\",\"position\":1,\"name\":\"Home\",\"item\":\"https:\\\/\\\/www.jornalja.com.br\\\/arquivo\",\"nextItem\":{\"@type\":\"ListItem\",\"@id\":\"https:\\\/\\\/www.jornalja.com.br\\\/arquivo\\\/category\\\/geral\\\/#listItem\",\"name\":\"Geral\"}},{\"@type\":\"ListItem\",\"@id\":\"https:\\\/\\\/www.jornalja.com.br\\\/arquivo\\\/category\\\/geral\\\/#listItem\",\"position\":2,\"name\":\"Geral\",\"item\":\"https:\\\/\\\/www.jornalja.com.br\\\/arquivo\\\/category\\\/geral\\\/\",\"nextItem\":{\"@type\":\"ListItem\",\"@id\":\"https:\\\/\\\/www.jornalja.com.br\\\/arquivo\\\/projetos-sao-suspensos-ate-dezembro-apos-reuniao-entre-marchezan-e-municiparios\\\/#listItem\",\"name\":\"Projetos s\\u00e3o suspensos at\\u00e9 dezembro, ap\\u00f3s reuni\\u00e3o entre Marchezan e municip\\u00e1rios\"},\"previousItem\":{\"@type\":\"ListItem\",\"@id\":\"https:\\\/\\\/www.jornalja.com.br\\\/arquivo#listItem\",\"name\":\"Home\"}},{\"@type\":\"ListItem\",\"@id\":\"https:\\\/\\\/www.jornalja.com.br\\\/arquivo\\\/projetos-sao-suspensos-ate-dezembro-apos-reuniao-entre-marchezan-e-municiparios\\\/#listItem\",\"position\":3,\"name\":\"Projetos s\\u00e3o suspensos at\\u00e9 dezembro, ap\\u00f3s reuni\\u00e3o entre Marchezan e municip\\u00e1rios\",\"previousItem\":{\"@type\":\"ListItem\",\"@id\":\"https:\\\/\\\/www.jornalja.com.br\\\/arquivo\\\/category\\\/geral\\\/#listItem\",\"name\":\"Geral\"}}]},{\"@type\":\"Organization\",\"@id\":\"https:\\\/\\\/www.jornalja.com.br\\\/arquivo\\\/#organization\",\"name\":\"Jornal J\\u00c1\",\"description\":\"Jornal J\\u00c1 | Porto Alegre\",\"url\":\"https:\\\/\\\/www.jornalja.com.br\\\/arquivo\\\/\",\"telephone\":\"+555133307272\",\"logo\":{\"@type\":\"ImageObject\",\"url\":\"https:\\\/\\\/www.jornalja.com.br\\\/wp-content\\\/uploads\\\/cards\\\/JAslogan.png\",\"@id\":\"https:\\\/\\\/www.jornalja.com.br\\\/arquivo\\\/projetos-sao-suspensos-ate-dezembro-apos-reuniao-entre-marchezan-e-municiparios\\\/#organizationLogo\"},\"image\":{\"@id\":\"https:\\\/\\\/www.jornalja.com.br\\\/arquivo\\\/projetos-sao-suspensos-ate-dezembro-apos-reuniao-entre-marchezan-e-municiparios\\\/#organizationLogo\"}},{\"@type\":\"Person\",\"@id\":\"https:\\\/\\\/www.jornalja.com.br\\\/arquivo\\\/author\\\/daredacao\\\/#author\",\"url\":\"https:\\\/\\\/www.jornalja.com.br\\\/arquivo\\\/author\\\/daredacao\\\/\",\"name\":\"da Reda\\u00e7\\u00e3o\",\"image\":{\"@type\":\"ImageObject\",\"@id\":\"https:\\\/\\\/www.jornalja.com.br\\\/arquivo\\\/projetos-sao-suspensos-ate-dezembro-apos-reuniao-entre-marchezan-e-municiparios\\\/#authorImage\",\"url\":\"https:\\\/\\\/secure.gravatar.com\\\/avatar\\\/469fd857d6605ad19919d27ed29d35a968a25f6e8fd9318356bbb7f57aae9c65?s=96&d=mm&r=g\",\"width\":96,\"height\":96,\"caption\":\"da Reda\\u00e7\\u00e3o\"}},{\"@type\":\"WebPage\",\"@id\":\"https:\\\/\\\/www.jornalja.com.br\\\/arquivo\\\/projetos-sao-suspensos-ate-dezembro-apos-reuniao-entre-marchezan-e-municiparios\\\/#webpage\",\"url\":\"https:\\\/\\\/www.jornalja.com.br\\\/arquivo\\\/projetos-sao-suspensos-ate-dezembro-apos-reuniao-entre-marchezan-e-municiparios\\\/\",\"name\":\"Projetos s\\u00e3o suspensos at\\u00e9 dezembro, ap\\u00f3s reuni\\u00e3o entre Marchezan e municip\\u00e1rios | Arquivo\",\"inLanguage\":\"pt-BR\",\"isPartOf\":{\"@id\":\"https:\\\/\\\/www.jornalja.com.br\\\/arquivo\\\/#website\"},\"breadcrumb\":{\"@id\":\"https:\\\/\\\/www.jornalja.com.br\\\/arquivo\\\/projetos-sao-suspensos-ate-dezembro-apos-reuniao-entre-marchezan-e-municiparios\\\/#breadcrumblist\"},\"author\":{\"@id\":\"https:\\\/\\\/www.jornalja.com.br\\\/arquivo\\\/author\\\/daredacao\\\/#author\"},\"creator\":{\"@id\":\"https:\\\/\\\/www.jornalja.com.br\\\/arquivo\\\/author\\\/daredacao\\\/#author\"},\"image\":{\"@type\":\"ImageObject\",\"url\":56659,\"@id\":\"https:\\\/\\\/www.jornalja.com.br\\\/arquivo\\\/projetos-sao-suspensos-ate-dezembro-apos-reuniao-entre-marchezan-e-municiparios\\\/#mainImage\"},\"primaryImageOfPage\":{\"@id\":\"https:\\\/\\\/www.jornalja.com.br\\\/arquivo\\\/projetos-sao-suspensos-ate-dezembro-apos-reuniao-entre-marchezan-e-municiparios\\\/#mainImage\"},\"datePublished\":\"2017-10-23T19:54:50-02:00\",\"dateModified\":\"2017-10-23T19:54:50-02:00\"},{\"@type\":\"WebSite\",\"@id\":\"https:\\\/\\\/www.jornalja.com.br\\\/arquivo\\\/#website\",\"url\":\"https:\\\/\\\/www.jornalja.com.br\\\/arquivo\\\/\",\"name\":\"Arquivo\",\"description\":\"Jornal J\\u00c1 | Porto Alegre\",\"inLanguage\":\"pt-BR\",\"publisher\":{\"@id\":\"https:\\\/\\\/www.jornalja.com.br\\\/arquivo\\\/#organization\"}}]}\n\t\t<\/script>\n\t\t<!-- All in One SEO -->\n\n","aioseo_head_json":{"title":"Projetos s\u00e3o suspensos at\u00e9 dezembro, ap\u00f3s reuni\u00e3o entre Marchezan e municip\u00e1rios | Arquivo","description":"","canonical_url":"https:\/\/www.jornalja.com.br\/arquivo\/projetos-sao-suspensos-ate-dezembro-apos-reuniao-entre-marchezan-e-municiparios\/","robots":"max-image-preview:large","keywords":"","webmasterTools":{"miscellaneous":""},"schema":{"@context":"https:\/\/schema.org","@graph":[{"@type":"BlogPosting","@id":"https:\/\/www.jornalja.com.br\/arquivo\/projetos-sao-suspensos-ate-dezembro-apos-reuniao-entre-marchezan-e-municiparios\/#blogposting","name":"Projetos s\u00e3o suspensos at\u00e9 dezembro, ap\u00f3s reuni\u00e3o entre Marchezan e municip\u00e1rios | Arquivo","headline":"Projetos s\u00e3o suspensos at\u00e9 dezembro, ap\u00f3s reuni\u00e3o entre Marchezan e municip\u00e1rios","author":{"@id":"https:\/\/www.jornalja.com.br\/arquivo\/author\/daredacao\/#author"},"publisher":{"@id":"https:\/\/www.jornalja.com.br\/arquivo\/#organization"},"image":{"@type":"ImageObject","url":56659},"datePublished":"2017-10-23T19:54:50-02:00","dateModified":"2017-10-23T19:54:50-02:00","inLanguage":"pt-BR","mainEntityOfPage":{"@id":"https:\/\/www.jornalja.com.br\/arquivo\/projetos-sao-suspensos-ate-dezembro-apos-reuniao-entre-marchezan-e-municiparios\/#webpage"},"isPartOf":{"@id":"https:\/\/www.jornalja.com.br\/arquivo\/projetos-sao-suspensos-ate-dezembro-apos-reuniao-entre-marchezan-e-municiparios\/#webpage"},"articleSection":"Geral"},{"@type":"BreadcrumbList","@id":"https:\/\/www.jornalja.com.br\/arquivo\/projetos-sao-suspensos-ate-dezembro-apos-reuniao-entre-marchezan-e-municiparios\/#breadcrumblist","itemListElement":[{"@type":"ListItem","@id":"https:\/\/www.jornalja.com.br\/arquivo#listItem","position":1,"name":"Home","item":"https:\/\/www.jornalja.com.br\/arquivo","nextItem":{"@type":"ListItem","@id":"https:\/\/www.jornalja.com.br\/arquivo\/category\/geral\/#listItem","name":"Geral"}},{"@type":"ListItem","@id":"https:\/\/www.jornalja.com.br\/arquivo\/category\/geral\/#listItem","position":2,"name":"Geral","item":"https:\/\/www.jornalja.com.br\/arquivo\/category\/geral\/","nextItem":{"@type":"ListItem","@id":"https:\/\/www.jornalja.com.br\/arquivo\/projetos-sao-suspensos-ate-dezembro-apos-reuniao-entre-marchezan-e-municiparios\/#listItem","name":"Projetos s\u00e3o suspensos at\u00e9 dezembro, ap\u00f3s reuni\u00e3o entre Marchezan e municip\u00e1rios"},"previousItem":{"@type":"ListItem","@id":"https:\/\/www.jornalja.com.br\/arquivo#listItem","name":"Home"}},{"@type":"ListItem","@id":"https:\/\/www.jornalja.com.br\/arquivo\/projetos-sao-suspensos-ate-dezembro-apos-reuniao-entre-marchezan-e-municiparios\/#listItem","position":3,"name":"Projetos s\u00e3o suspensos at\u00e9 dezembro, ap\u00f3s reuni\u00e3o entre Marchezan e municip\u00e1rios","previousItem":{"@type":"ListItem","@id":"https:\/\/www.jornalja.com.br\/arquivo\/category\/geral\/#listItem","name":"Geral"}}]},{"@type":"Organization","@id":"https:\/\/www.jornalja.com.br\/arquivo\/#organization","name":"Jornal J\u00c1","description":"Jornal J\u00c1 | Porto Alegre","url":"https:\/\/www.jornalja.com.br\/arquivo\/","telephone":"+555133307272","logo":{"@type":"ImageObject","url":"https:\/\/www.jornalja.com.br\/wp-content\/uploads\/cards\/JAslogan.png","@id":"https:\/\/www.jornalja.com.br\/arquivo\/projetos-sao-suspensos-ate-dezembro-apos-reuniao-entre-marchezan-e-municiparios\/#organizationLogo"},"image":{"@id":"https:\/\/www.jornalja.com.br\/arquivo\/projetos-sao-suspensos-ate-dezembro-apos-reuniao-entre-marchezan-e-municiparios\/#organizationLogo"}},{"@type":"Person","@id":"https:\/\/www.jornalja.com.br\/arquivo\/author\/daredacao\/#author","url":"https:\/\/www.jornalja.com.br\/arquivo\/author\/daredacao\/","name":"da Reda\u00e7\u00e3o","image":{"@type":"ImageObject","@id":"https:\/\/www.jornalja.com.br\/arquivo\/projetos-sao-suspensos-ate-dezembro-apos-reuniao-entre-marchezan-e-municiparios\/#authorImage","url":"https:\/\/secure.gravatar.com\/avatar\/469fd857d6605ad19919d27ed29d35a968a25f6e8fd9318356bbb7f57aae9c65?s=96&d=mm&r=g","width":96,"height":96,"caption":"da Reda\u00e7\u00e3o"}},{"@type":"WebPage","@id":"https:\/\/www.jornalja.com.br\/arquivo\/projetos-sao-suspensos-ate-dezembro-apos-reuniao-entre-marchezan-e-municiparios\/#webpage","url":"https:\/\/www.jornalja.com.br\/arquivo\/projetos-sao-suspensos-ate-dezembro-apos-reuniao-entre-marchezan-e-municiparios\/","name":"Projetos s\u00e3o suspensos at\u00e9 dezembro, ap\u00f3s reuni\u00e3o entre Marchezan e municip\u00e1rios | Arquivo","inLanguage":"pt-BR","isPartOf":{"@id":"https:\/\/www.jornalja.com.br\/arquivo\/#website"},"breadcrumb":{"@id":"https:\/\/www.jornalja.com.br\/arquivo\/projetos-sao-suspensos-ate-dezembro-apos-reuniao-entre-marchezan-e-municiparios\/#breadcrumblist"},"author":{"@id":"https:\/\/www.jornalja.com.br\/arquivo\/author\/daredacao\/#author"},"creator":{"@id":"https:\/\/www.jornalja.com.br\/arquivo\/author\/daredacao\/#author"},"image":{"@type":"ImageObject","url":56659,"@id":"https:\/\/www.jornalja.com.br\/arquivo\/projetos-sao-suspensos-ate-dezembro-apos-reuniao-entre-marchezan-e-municiparios\/#mainImage"},"primaryImageOfPage":{"@id":"https:\/\/www.jornalja.com.br\/arquivo\/projetos-sao-suspensos-ate-dezembro-apos-reuniao-entre-marchezan-e-municiparios\/#mainImage"},"datePublished":"2017-10-23T19:54:50-02:00","dateModified":"2017-10-23T19:54:50-02:00"},{"@type":"WebSite","@id":"https:\/\/www.jornalja.com.br\/arquivo\/#website","url":"https:\/\/www.jornalja.com.br\/arquivo\/","name":"Arquivo","description":"Jornal J\u00c1 | Porto Alegre","inLanguage":"pt-BR","publisher":{"@id":"https:\/\/www.jornalja.com.br\/arquivo\/#organization"}}]},"og:locale":"pt_BR","og:site_name":"Arquivo | Jornal J\u00c1 | Porto Alegre","og:type":"article","og:title":"Projetos s\u00e3o suspensos at\u00e9 dezembro, ap\u00f3s reuni\u00e3o entre Marchezan e municip\u00e1rios | Arquivo","og:url":"https:\/\/www.jornalja.com.br\/arquivo\/projetos-sao-suspensos-ate-dezembro-apos-reuniao-entre-marchezan-e-municiparios\/","og:image":"https:\/\/www.jornalja.com.br\/economics\/wp-content\/uploads\/sites\/11\/2026\/08\/ja-folhaderosto-facebook.jpg","og:image:secure_url":"https:\/\/www.jornalja.com.br\/economics\/wp-content\/uploads\/sites\/11\/2026\/08\/ja-folhaderosto-facebook.jpg","article:published_time":"2017-10-23T22:54:50+00:00","article:modified_time":"2017-10-23T22:54:50+00:00","twitter:card":"summary","twitter:title":"Projetos s\u00e3o suspensos at\u00e9 dezembro, ap\u00f3s reuni\u00e3o entre Marchezan e municip\u00e1rios | Arquivo","twitter:image":"https:\/\/www.jornalja.com.br\/economics\/wp-content\/uploads\/sites\/11\/2026\/08\/ja-folhaderosto-facebook.jpg"},"aioseo_meta_data":{"post_id":"56657","title":null,"description":null,"keywords":null,"keyphrases":null,"primary_term":null,"canonical_url":null,"og_title":null,"og_description":null,"og_object_type":"default","og_image_type":"default","og_image_url":null,"og_image_width":null,"og_image_height":null,"og_image_custom_url":null,"og_image_custom_fields":null,"og_video":null,"og_custom_url":null,"og_article_section":null,"og_article_tags":null,"twitter_use_og":false,"twitter_card":"default","twitter_image_type":"default","twitter_image_url":null,"twitter_image_custom_url":null,"twitter_image_custom_fields":null,"twitter_title":null,"twitter_description":null,"schema":{"blockGraphs":[],"customGraphs":[],"default":{"data":{"Article":[],"Course":[],"Dataset":[],"FAQPage":[],"Movie":[],"Person":[],"Product":[],"ProductReview":[],"Car":[],"Recipe":[],"Service":[],"SoftwareApplication":[],"WebPage":[]},"graphName":"","isEnabled":true},"graphs":[],"defaultGraph":"","defaultPostTypeGraph":""},"schema_type":null,"schema_type_options":null,"pillar_content":false,"robots_default":true,"robots_noindex":false,"robots_noarchive":false,"robots_nosnippet":false,"robots_nofollow":false,"robots_noimageindex":false,"robots_noodp":false,"robots_notranslate":false,"robots_max_snippet":null,"robots_max_videopreview":null,"robots_max_imagepreview":"large","priority":null,"frequency":null,"location":null,"local_seo":null,"breadcrumb_settings":null,"limit_modified_date":false,"ai":null,"created":"2020-12-20 20:21:53","updated":"2025-07-20 02:00:03","seo_analyzer_scan_date":null,"focus_keyword":null,"additional_keywords":null,"truseo_locale":null},"jetpack_sharing_enabled":true,"jetpack-related-posts":[{"id":12960,"url":"https:\/\/www.jornalja.com.br\/arquivo\/populacao-culpa-empresas-pela-greve-dos-rodoviarios\/","url_meta":{"origin":56657,"position":0},"title":"Popula\u00e7\u00e3o culpa empresas pela greve","author":"Patr\u00edcia Marini","date":"14 de fevereiro de 2014","format":false,"excerpt":"Pesquisa divulgada na edi\u00e7\u00e3o do jornal Metro desta sexta-feira,14, comprova o velho ditado: \u00e9 poss\u00edvel enganar muitos por algum tempo, mas n\u00e3o \u00e9 poss\u00edvel enganar a todos o tempo inteiro. A principal revela\u00e7\u00e3o foi que 59,8% dos entrevistados apontaram as empresas como as principais respons\u00e1veis pela grave e 46% culparam\u2026","rel":"","context":"Em &quot;X.Categorias velhas&quot;","block_context":{"text":"X.Categorias velhas","link":"https:\/\/www.jornalja.com.br\/arquivo\/category\/x-categorias-velhas\/"},"img":{"alt_text":"","src":"","width":0,"height":0},"classes":[]},{"id":13240,"url":"https:\/\/www.jornalja.com.br\/arquivo\/plano-diretor-estamos-construindo-o-caos\/","url_meta":{"origin":56657,"position":1},"title":"Plano diretor: &quot;Estamos construindo o caos&quot;","author":"Patr\u00edcia Marini","date":"26 de maio de 2014","format":false,"excerpt":"Desabafo que arquiteta Eliana Castilhos, delegada da Regi\u00e3o de Planejamento 1, postou nas redes sociais \u00e9 um testemunho do ambiente que se criou no Conselho do Plano Diretor de Porto Alegre, onde a aprova\u00e7\u00e3o de grandes empreendimentos \u00e9 empurrada guela abaixo dos conselheiros. Ao CMDUA Como delegada da Regi\u00e3o de\u2026","rel":"","context":"Em &quot;Geral&quot;","block_context":{"text":"Geral","link":"https:\/\/www.jornalja.com.br\/arquivo\/category\/geral\/"},"img":{"alt_text":"","src":"","width":0,"height":0},"classes":[]},{"id":13124,"url":"https:\/\/www.jornalja.com.br\/arquivo\/sangue-latino-no-iecine\/","url_meta":{"origin":56657,"position":2},"title":"Sangue latino no IECINE","author":"da Reda\u00e7\u00e3o","date":"18 de maio de 2014","format":false,"excerpt":"Francisco Ribeiro O Instituto Estadual de Cinema (IECINE) tem a frente, desde abril \u00faltimo, um novo diretor, o cineasta colombiano Juan Zapata, 36, que substitui Luiz Alberto Cassol. Radicado h\u00e1 dez anos em Porto Alegre, Zapata tem diante de si o desafio de conduzir at\u00e9 o final do ano um\u2026","rel":"","context":"Em &quot;Cultura-Geral&quot;","block_context":{"text":"Cultura-Geral","link":"https:\/\/www.jornalja.com.br\/arquivo\/category\/materiasecundaria\/"},"img":{"alt_text":"","src":"","width":0,"height":0},"classes":[]},{"id":14241,"url":"https:\/\/www.jornalja.com.br\/arquivo\/o-guaiba-nas-imagens-poeticas-de-achutti\/","url_meta":{"origin":56657,"position":3},"title":"O Gua\u00edba nas imagens po\u00e9ticas de Achutti","author":"da Reda\u00e7\u00e3o","date":"18 de junho de 2014","format":false,"excerpt":"Em \u201cO Gua\u00edba por Achutti\u201d \u2013 obra financiada via Minist\u00e9rio da Cultura, produ\u00e7\u00e3o executiva de Pedro Longhi, e Fl\u00e1vio Wild como designer \u2013, o fot\u00f3grafo revela a beleza e as mazelas de um espa\u00e7o aqu\u00e1tico de \u00e1guas sempre renovadas, cheio de hist\u00f3rias e lendas como as das cidades que foram\u2026","rel":"","context":"Em &quot;Cultura-Geral&quot;","block_context":{"text":"Cultura-Geral","link":"https:\/\/www.jornalja.com.br\/arquivo\/category\/materiasecundaria\/"},"img":{"alt_text":"","src":"","width":0,"height":0},"classes":[]},{"id":5440,"url":"https:\/\/www.jornalja.com.br\/arquivo\/casarao-da-venancio-destino-permanece-incerto\/","url_meta":{"origin":56657,"position":4},"title":"Estado ainda n\u00e3o sabe o que fazer com casar\u00e3o abandonado h\u00e1 20 anos","author":"Elmar Bones","date":"6 de julho de 2009","format":false,"excerpt":"O casar\u00e3o amarelo, numa esquina nobre de Porto Alegre (Ven\u00e2ncio Aires com Jo\u00e3o Pessoa), j\u00e1 abrigou uma escola. H\u00e1 duas d\u00e9cadas, pelo menos, est\u00e1 abandonado, porque seu propriet\u00e1rio, o governo do Estado do Rio Grande do Sul, n\u00e3o consegue achar um destino para ele. Planos n\u00e3o faltaram. O governador Ol\u00edvio\u2026","rel":"","context":"Em &quot;X.Categorias velhas&quot;","block_context":{"text":"X.Categorias velhas","link":"https:\/\/www.jornalja.com.br\/arquivo\/category\/x-categorias-velhas\/"},"img":{"alt_text":"geraldo1","src":"https:\/\/i0.wp.com\/www.jornalja.com.br\/wp-content\/uploads\/2009\/07\/geraldo1.jpg?resize=350%2C200&ssl=1","width":350,"height":200},"classes":[]},{"id":13109,"url":"https:\/\/www.jornalja.com.br\/arquivo\/judiciario-reconhece-poluicao-eletromagnetica\/","url_meta":{"origin":56657,"position":5},"title":"Judici\u00e1rio reconhece polui\u00e7\u00e3o eletromagn\u00e9tica","author":"Patr\u00edcia Marini","date":"16 de maio de 2014","format":false,"excerpt":"A\u00e7\u00e3o de duas associa\u00e7\u00f5es de moradores foi acolhida pelo Tribunal de Justi\u00e7a de S\u00e3o Paulo que. em decis\u00e3o in\u00e9dita, determinou a redu\u00e7\u00e3o do campo eletromagn\u00e9tico gerado pelas linhas de transmiss\u00e3o de energia que cortam os bairros City Boa\u00e7ava e Alto de Pinheiros. \u00c9 a primeira vez que um tribunal do\u2026","rel":"","context":"Em &quot;X.Categorias velhas&quot;","block_context":{"text":"X.Categorias velhas","link":"https:\/\/www.jornalja.com.br\/arquivo\/category\/x-categorias-velhas\/"},"img":{"alt_text":"","src":"","width":0,"height":0},"classes":[]}],"jetpack_shortlink":"https:\/\/wp.me\/pbQjBd-eJP","jetpack_featured_media_url":"","_links":{"self":[{"href":"https:\/\/www.jornalja.com.br\/arquivo\/wp-json\/wp\/v2\/posts\/56657","targetHints":{"allow":["GET"]}}],"collection":[{"href":"https:\/\/www.jornalja.com.br\/arquivo\/wp-json\/wp\/v2\/posts"}],"about":[{"href":"https:\/\/www.jornalja.com.br\/arquivo\/wp-json\/wp\/v2\/types\/post"}],"author":[{"embeddable":true,"href":"https:\/\/www.jornalja.com.br\/arquivo\/wp-json\/wp\/v2\/users\/4"}],"replies":[{"embeddable":true,"href":"https:\/\/www.jornalja.com.br\/arquivo\/wp-json\/wp\/v2\/comments?post=56657"}],"version-history":[{"count":0,"href":"https:\/\/www.jornalja.com.br\/arquivo\/wp-json\/wp\/v2\/posts\/56657\/revisions"}],"wp:attachment":[{"href":"https:\/\/www.jornalja.com.br\/arquivo\/wp-json\/wp\/v2\/media?parent=56657"}],"wp:term":[{"taxonomy":"category","embeddable":true,"href":"https:\/\/www.jornalja.com.br\/arquivo\/wp-json\/wp\/v2\/categories?post=56657"},{"taxonomy":"post_tag","embeddable":true,"href":"https:\/\/www.jornalja.com.br\/arquivo\/wp-json\/wp\/v2\/tags?post=56657"}],"curies":[{"name":"wp","href":"https:\/\/api.w.org\/{rel}","templated":true}]}}