{"id":56729,"date":"2017-10-25T10:13:43","date_gmt":"2017-10-25T13:13:43","guid":{"rendered":"https:\/\/www.jornalja.com.br\/?p=56729"},"modified":"2017-10-25T10:13:43","modified_gmt":"2017-10-25T13:13:43","slug":"servidores-das-fundacoes-fazem-mobilizacao-para-julgamento-do-tce-nesta-quarta","status":"publish","type":"post","link":"https:\/\/www.jornalja.com.br\/arquivo\/servidores-das-fundacoes-fazem-mobilizacao-para-julgamento-do-tce-nesta-quarta\/","title":{"rendered":"Servidores das funda\u00e7\u00f5es fazem mobiliza\u00e7\u00e3o para julgamento do TCE nesta quarta"},"content":{"rendered":"<p>Servidores das Funda\u00e7\u00f5es estaduais amea\u00e7ados de demiss\u00e3o far\u00e3o grande mobiliza\u00e7\u00e3o para acompanhar a sess\u00e3o no Tribunal de Contas do Estado que ir\u00e1 retomar o tema, marcada para \u00e0s 14h desta quarta-feira, 25\/10.<br \/>\nFoi criado um evento no facebook:\u00a0<a href=\"http:\/\/www.facebook.com\/events\/1447655528620926\/?acontext=%7B%22action_history%22%3A[%7B%22mechanism%22%3A%22bookmarks%22%2C%22surface%22%3A%22bookmarks_menu%22%2C%22extra_data%22%3A%22[]%22%7D%2C%7B%22surface%22%3A%22dashboard%22%2C%22mechanism%22%3A%22calendar_tab_invitation%22%2C%22extra_data%22%3A%22[]%22%7D]%2C%22ref%22%3A46%2C%22source%22%3A2%7D\">Grande Mobiliza\u00e7\u00e3o: Julgamento da Extin\u00e7\u00e3o das Funda\u00e7\u00f5es-TCE<\/a>, organizado pelo Movimento dos Servidores da TVE e FM Cultura, Apoio \u00e0 Funda\u00e7\u00e3o Zoobot\u00e2nica do RS, Comunidade RS, Cientec Eu Apoio, Em defesa da FDRH, Mogdema (Movimento Ga\u00facho em Defesa do Meio Ambiente) e pela deputada Juliana Brizola (PDT).<br \/>\nA parlamentar trabalhista protocolou no in\u00edcio deste m\u00eas de outubro, na Assembleia,\u00a0<a href=\"https:\/\/www.jornalja.com.br\/deputada-propoe-leis-que-revoguem-extincao-das-fundacoes\/\">dois projetos de Lei que buscam revogar as leis que autorizaram o governo a extinguir as funda\u00e7\u00f5es e a Corag<\/a>.<br \/>\nCom a chamada #NENHUMAFUNDA\u00c7\u00c3OAMENOS, o texto na rede social diz que \u00e9 poss\u00edvel reverter o processo de extin\u00e7\u00e3o das funda\u00e7\u00f5es e, por isso, pede mobiliza\u00e7\u00e3o m\u00e1xima em frente ao TCE. Dos 3.568 convidados, at\u00e9 esta manh\u00e3 de sexta, dia 20, cerca de mil pessoas haviam confirmado presen\u00e7a e mais de 1,5\u00a0 mil manifestaram interesse em comparecer.<br \/>\n<span class=\"intertit\">Conselheiro pediu vistas do processo<\/span><br \/>\nOs conselheiros do TCE est\u00e3o julgando uma representa\u00e7\u00e3o do procurador-geral do Minist\u00e9rio P\u00fablico de Contas (MPC), Geraldo Da Camino, que questiona a Lei sobre as extin\u00e7\u00f5es e solicita que os processos sejam suspensos. O processo envolve as funda\u00e7\u00f5es Zoobot\u00e2nica (FZB), de Ci\u00eancia e Tecnologia (Cientec), de Economia e Estat\u00edstica (FEE), Piratini, de Desenvolvimento de Recursos Humanos (FDRH) e de Planejamento Metropolitano e Regional (Metroplan).<br \/>\nO julgamento da a\u00e7\u00e3o iniciou\u00a0em 6 de setembro e o primeiro voto, do relator, o conselheiro Cezar Miola, foi favor\u00e1vel ao pleito do procurador Da Camino. Mas a sess\u00e3o foi suspensa devido aos pedidos de vistas do processo feito pelos conselheiros Pedro Henrique Figueiredo e Estilac Xavier.<br \/>\nNo decorrer deste m\u00eas, v\u00e1rias cartas, manifestos e documentos chegaram at\u00e9 o procurador da Camino, do MP de Contas, e aos conselheiros do TCE. Nesta semana, servidores da FEE e Cientec fizeram-se presentes.<br \/>\n<a href=\"https:\/\/www.jornalja.com.br\/papel-da-zoobotanica-e-insubstituivel-diz-parecer-tecnico-do-instituto-de-biociencias-da-ufrgs\/\">Professores e pesquisadores dos Institutos de Bioci\u00eancias e de Geoci\u00eancias da Universidade Federal do Rio Grande do Sul (UFRGS) enviaram um Parecer T\u00e9cnico<\/a>\u00a0ao presidente do TCE, Marco Peixoto, e aos demais conselheiros, em defesa da FZB.<br \/>\nNa ter\u00e7a-feira passada, representantes das associa\u00e7\u00f5es de funcion\u00e1rios da SEMA e da FEPAM entregaram ao MP de Contas documento em que reafirmam que ambas institui\u00e7\u00f5es n\u00e3o possuem servidores capacitados para absorver as fun\u00e7\u00f5es dos funcion\u00e1rios da Zoobot\u00e2nica.<\/p>\n","protected":false},"excerpt":{"rendered":"<p>Servidores das Funda\u00e7\u00f5es estaduais amea\u00e7ados de demiss\u00e3o far\u00e3o grande mobiliza\u00e7\u00e3o para acompanhar a sess\u00e3o no Tribunal de Contas do Estado que ir\u00e1 retomar o tema, marcada para \u00e0s 14h desta quarta-feira, 25\/10. Foi criado um evento no facebook:\u00a0Grande Mobiliza\u00e7\u00e3o: Julgamento da Extin\u00e7\u00e3o das Funda\u00e7\u00f5es-TCE, organizado pelo Movimento dos Servidores da TVE e FM Cultura, Apoio [&hellip;]<\/p>\n","protected":false},"author":4,"featured_media":56583,"comment_status":"open","ping_status":"closed","sticky":false,"template":"","format":"standard","meta":{"_jetpack_newsletter_access":"","_jetpack_dont_email_post_to_subs":false,"_jetpack_newsletter_tier_id":0,"_jetpack_memberships_contains_paywalled_content":false,"_jetpack_feature_clip_id":0,"_jetpack_memberships_contains_paid_content":false,"footnotes":"","jetpack_post_was_ever_published":false},"categories":[26],"tags":[],"class_list":["post-56729","post","type-post","status-publish","format-standard","has-post-thumbnail","hentry","category-geral"],"aioseo_notices":[],"aioseo_head":"\n\t\t<!-- All in One SEO 5.0.1.1 - aioseo.com -->\n\t<meta name=\"robots\" content=\"max-image-preview:large\" \/>\n\t<meta name=\"author\" content=\"da Reda\u00e7\u00e3o\"\/>\n\t<link rel=\"canonical\" href=\"https:\/\/www.jornalja.com.br\/arquivo\/servidores-das-fundacoes-fazem-mobilizacao-para-julgamento-do-tce-nesta-quarta\/\" \/>\n\t<meta name=\"generator\" content=\"All in One SEO (AIOSEO) 5.0.1.1\" \/>\n\t\t<meta property=\"og:locale\" content=\"pt_BR\" \/>\n\t\t<meta property=\"og:site_name\" content=\"Arquivo | Jornal J\u00c1 | Porto Alegre\" \/>\n\t\t<meta property=\"og:type\" content=\"article\" \/>\n\t\t<meta property=\"og:title\" content=\"Servidores das funda\u00e7\u00f5es fazem mobiliza\u00e7\u00e3o para julgamento do TCE nesta quarta | Arquivo\" \/>\n\t\t<meta property=\"og:url\" content=\"https:\/\/www.jornalja.com.br\/arquivo\/servidores-das-fundacoes-fazem-mobilizacao-para-julgamento-do-tce-nesta-quarta\/\" \/>\n\t\t<meta property=\"og:image\" content=\"https:\/\/www.jornalja.com.br\/economics\/wp-content\/uploads\/sites\/11\/2026\/08\/ja-folhaderosto-facebook.jpg\" \/>\n\t\t<meta property=\"og:image:secure_url\" content=\"https:\/\/www.jornalja.com.br\/economics\/wp-content\/uploads\/sites\/11\/2026\/08\/ja-folhaderosto-facebook.jpg\" \/>\n\t\t<meta property=\"article:published_time\" content=\"2017-10-25T13:13:43+00:00\" \/>\n\t\t<meta property=\"article:modified_time\" content=\"2017-10-25T13:13:43+00:00\" \/>\n\t\t<meta name=\"twitter:card\" content=\"summary\" \/>\n\t\t<meta name=\"twitter:title\" content=\"Servidores das funda\u00e7\u00f5es fazem mobiliza\u00e7\u00e3o para julgamento do TCE nesta quarta | Arquivo\" \/>\n\t\t<meta name=\"twitter:image\" content=\"https:\/\/www.jornalja.com.br\/economics\/wp-content\/uploads\/sites\/11\/2026\/08\/ja-folhaderosto-facebook.jpg\" \/>\n\t\t<script type=\"application\/ld+json\" class=\"aioseo-schema\">\n\t\t\t{\"@context\":\"https:\\\/\\\/schema.org\",\"@graph\":[{\"@type\":\"BlogPosting\",\"@id\":\"https:\\\/\\\/www.jornalja.com.br\\\/arquivo\\\/servidores-das-fundacoes-fazem-mobilizacao-para-julgamento-do-tce-nesta-quarta\\\/#blogposting\",\"name\":\"Servidores das funda\\u00e7\\u00f5es fazem mobiliza\\u00e7\\u00e3o para julgamento do TCE nesta quarta | Arquivo\",\"headline\":\"Servidores das funda\\u00e7\\u00f5es fazem mobiliza\\u00e7\\u00e3o para julgamento do TCE nesta quarta\",\"author\":{\"@id\":\"https:\\\/\\\/www.jornalja.com.br\\\/arquivo\\\/author\\\/daredacao\\\/#author\"},\"publisher\":{\"@id\":\"https:\\\/\\\/www.jornalja.com.br\\\/arquivo\\\/#organization\"},\"image\":{\"@type\":\"ImageObject\",\"url\":56583},\"datePublished\":\"2017-10-25T10:13:43-02:00\",\"dateModified\":\"2017-10-25T10:13:43-02:00\",\"inLanguage\":\"pt-BR\",\"mainEntityOfPage\":{\"@id\":\"https:\\\/\\\/www.jornalja.com.br\\\/arquivo\\\/servidores-das-fundacoes-fazem-mobilizacao-para-julgamento-do-tce-nesta-quarta\\\/#webpage\"},\"isPartOf\":{\"@id\":\"https:\\\/\\\/www.jornalja.com.br\\\/arquivo\\\/servidores-das-fundacoes-fazem-mobilizacao-para-julgamento-do-tce-nesta-quarta\\\/#webpage\"},\"articleSection\":\"Geral\"},{\"@type\":\"BreadcrumbList\",\"@id\":\"https:\\\/\\\/www.jornalja.com.br\\\/arquivo\\\/servidores-das-fundacoes-fazem-mobilizacao-para-julgamento-do-tce-nesta-quarta\\\/#breadcrumblist\",\"itemListElement\":[{\"@type\":\"ListItem\",\"@id\":\"https:\\\/\\\/www.jornalja.com.br\\\/arquivo#listItem\",\"position\":1,\"name\":\"Home\",\"item\":\"https:\\\/\\\/www.jornalja.com.br\\\/arquivo\",\"nextItem\":{\"@type\":\"ListItem\",\"@id\":\"https:\\\/\\\/www.jornalja.com.br\\\/arquivo\\\/category\\\/geral\\\/#listItem\",\"name\":\"Geral\"}},{\"@type\":\"ListItem\",\"@id\":\"https:\\\/\\\/www.jornalja.com.br\\\/arquivo\\\/category\\\/geral\\\/#listItem\",\"position\":2,\"name\":\"Geral\",\"item\":\"https:\\\/\\\/www.jornalja.com.br\\\/arquivo\\\/category\\\/geral\\\/\",\"nextItem\":{\"@type\":\"ListItem\",\"@id\":\"https:\\\/\\\/www.jornalja.com.br\\\/arquivo\\\/servidores-das-fundacoes-fazem-mobilizacao-para-julgamento-do-tce-nesta-quarta\\\/#listItem\",\"name\":\"Servidores das funda\\u00e7\\u00f5es fazem mobiliza\\u00e7\\u00e3o para julgamento do TCE nesta quarta\"},\"previousItem\":{\"@type\":\"ListItem\",\"@id\":\"https:\\\/\\\/www.jornalja.com.br\\\/arquivo#listItem\",\"name\":\"Home\"}},{\"@type\":\"ListItem\",\"@id\":\"https:\\\/\\\/www.jornalja.com.br\\\/arquivo\\\/servidores-das-fundacoes-fazem-mobilizacao-para-julgamento-do-tce-nesta-quarta\\\/#listItem\",\"position\":3,\"name\":\"Servidores das funda\\u00e7\\u00f5es fazem mobiliza\\u00e7\\u00e3o para julgamento do TCE nesta quarta\",\"previousItem\":{\"@type\":\"ListItem\",\"@id\":\"https:\\\/\\\/www.jornalja.com.br\\\/arquivo\\\/category\\\/geral\\\/#listItem\",\"name\":\"Geral\"}}]},{\"@type\":\"Organization\",\"@id\":\"https:\\\/\\\/www.jornalja.com.br\\\/arquivo\\\/#organization\",\"name\":\"Jornal J\\u00c1\",\"description\":\"Jornal J\\u00c1 | Porto Alegre\",\"url\":\"https:\\\/\\\/www.jornalja.com.br\\\/arquivo\\\/\",\"telephone\":\"+555133307272\",\"logo\":{\"@type\":\"ImageObject\",\"url\":\"https:\\\/\\\/www.jornalja.com.br\\\/wp-content\\\/uploads\\\/cards\\\/JAslogan.png\",\"@id\":\"https:\\\/\\\/www.jornalja.com.br\\\/arquivo\\\/servidores-das-fundacoes-fazem-mobilizacao-para-julgamento-do-tce-nesta-quarta\\\/#organizationLogo\"},\"image\":{\"@id\":\"https:\\\/\\\/www.jornalja.com.br\\\/arquivo\\\/servidores-das-fundacoes-fazem-mobilizacao-para-julgamento-do-tce-nesta-quarta\\\/#organizationLogo\"}},{\"@type\":\"Person\",\"@id\":\"https:\\\/\\\/www.jornalja.com.br\\\/arquivo\\\/author\\\/daredacao\\\/#author\",\"url\":\"https:\\\/\\\/www.jornalja.com.br\\\/arquivo\\\/author\\\/daredacao\\\/\",\"name\":\"da Reda\\u00e7\\u00e3o\",\"image\":{\"@type\":\"ImageObject\",\"@id\":\"https:\\\/\\\/www.jornalja.com.br\\\/arquivo\\\/servidores-das-fundacoes-fazem-mobilizacao-para-julgamento-do-tce-nesta-quarta\\\/#authorImage\",\"url\":\"https:\\\/\\\/secure.gravatar.com\\\/avatar\\\/469fd857d6605ad19919d27ed29d35a968a25f6e8fd9318356bbb7f57aae9c65?s=96&d=mm&r=g\",\"width\":96,\"height\":96,\"caption\":\"da Reda\\u00e7\\u00e3o\"}},{\"@type\":\"WebPage\",\"@id\":\"https:\\\/\\\/www.jornalja.com.br\\\/arquivo\\\/servidores-das-fundacoes-fazem-mobilizacao-para-julgamento-do-tce-nesta-quarta\\\/#webpage\",\"url\":\"https:\\\/\\\/www.jornalja.com.br\\\/arquivo\\\/servidores-das-fundacoes-fazem-mobilizacao-para-julgamento-do-tce-nesta-quarta\\\/\",\"name\":\"Servidores das funda\\u00e7\\u00f5es fazem mobiliza\\u00e7\\u00e3o para julgamento do TCE nesta quarta | Arquivo\",\"inLanguage\":\"pt-BR\",\"isPartOf\":{\"@id\":\"https:\\\/\\\/www.jornalja.com.br\\\/arquivo\\\/#website\"},\"breadcrumb\":{\"@id\":\"https:\\\/\\\/www.jornalja.com.br\\\/arquivo\\\/servidores-das-fundacoes-fazem-mobilizacao-para-julgamento-do-tce-nesta-quarta\\\/#breadcrumblist\"},\"author\":{\"@id\":\"https:\\\/\\\/www.jornalja.com.br\\\/arquivo\\\/author\\\/daredacao\\\/#author\"},\"creator\":{\"@id\":\"https:\\\/\\\/www.jornalja.com.br\\\/arquivo\\\/author\\\/daredacao\\\/#author\"},\"image\":{\"@type\":\"ImageObject\",\"url\":56583,\"@id\":\"https:\\\/\\\/www.jornalja.com.br\\\/arquivo\\\/servidores-das-fundacoes-fazem-mobilizacao-para-julgamento-do-tce-nesta-quarta\\\/#mainImage\"},\"primaryImageOfPage\":{\"@id\":\"https:\\\/\\\/www.jornalja.com.br\\\/arquivo\\\/servidores-das-fundacoes-fazem-mobilizacao-para-julgamento-do-tce-nesta-quarta\\\/#mainImage\"},\"datePublished\":\"2017-10-25T10:13:43-02:00\",\"dateModified\":\"2017-10-25T10:13:43-02:00\"},{\"@type\":\"WebSite\",\"@id\":\"https:\\\/\\\/www.jornalja.com.br\\\/arquivo\\\/#website\",\"url\":\"https:\\\/\\\/www.jornalja.com.br\\\/arquivo\\\/\",\"name\":\"Arquivo\",\"description\":\"Jornal J\\u00c1 | Porto Alegre\",\"inLanguage\":\"pt-BR\",\"publisher\":{\"@id\":\"https:\\\/\\\/www.jornalja.com.br\\\/arquivo\\\/#organization\"}}]}\n\t\t<\/script>\n\t\t<!-- All in One SEO -->\n\n","aioseo_head_json":{"title":"Servidores das funda\u00e7\u00f5es fazem mobiliza\u00e7\u00e3o para julgamento do TCE nesta quarta | Arquivo","description":"","canonical_url":"https:\/\/www.jornalja.com.br\/arquivo\/servidores-das-fundacoes-fazem-mobilizacao-para-julgamento-do-tce-nesta-quarta\/","robots":"max-image-preview:large","keywords":"","webmasterTools":{"miscellaneous":""},"schema":{"@context":"https:\/\/schema.org","@graph":[{"@type":"BlogPosting","@id":"https:\/\/www.jornalja.com.br\/arquivo\/servidores-das-fundacoes-fazem-mobilizacao-para-julgamento-do-tce-nesta-quarta\/#blogposting","name":"Servidores das funda\u00e7\u00f5es fazem mobiliza\u00e7\u00e3o para julgamento do TCE nesta quarta | Arquivo","headline":"Servidores das funda\u00e7\u00f5es fazem mobiliza\u00e7\u00e3o para julgamento do TCE nesta quarta","author":{"@id":"https:\/\/www.jornalja.com.br\/arquivo\/author\/daredacao\/#author"},"publisher":{"@id":"https:\/\/www.jornalja.com.br\/arquivo\/#organization"},"image":{"@type":"ImageObject","url":56583},"datePublished":"2017-10-25T10:13:43-02:00","dateModified":"2017-10-25T10:13:43-02:00","inLanguage":"pt-BR","mainEntityOfPage":{"@id":"https:\/\/www.jornalja.com.br\/arquivo\/servidores-das-fundacoes-fazem-mobilizacao-para-julgamento-do-tce-nesta-quarta\/#webpage"},"isPartOf":{"@id":"https:\/\/www.jornalja.com.br\/arquivo\/servidores-das-fundacoes-fazem-mobilizacao-para-julgamento-do-tce-nesta-quarta\/#webpage"},"articleSection":"Geral"},{"@type":"BreadcrumbList","@id":"https:\/\/www.jornalja.com.br\/arquivo\/servidores-das-fundacoes-fazem-mobilizacao-para-julgamento-do-tce-nesta-quarta\/#breadcrumblist","itemListElement":[{"@type":"ListItem","@id":"https:\/\/www.jornalja.com.br\/arquivo#listItem","position":1,"name":"Home","item":"https:\/\/www.jornalja.com.br\/arquivo","nextItem":{"@type":"ListItem","@id":"https:\/\/www.jornalja.com.br\/arquivo\/category\/geral\/#listItem","name":"Geral"}},{"@type":"ListItem","@id":"https:\/\/www.jornalja.com.br\/arquivo\/category\/geral\/#listItem","position":2,"name":"Geral","item":"https:\/\/www.jornalja.com.br\/arquivo\/category\/geral\/","nextItem":{"@type":"ListItem","@id":"https:\/\/www.jornalja.com.br\/arquivo\/servidores-das-fundacoes-fazem-mobilizacao-para-julgamento-do-tce-nesta-quarta\/#listItem","name":"Servidores das funda\u00e7\u00f5es fazem mobiliza\u00e7\u00e3o para julgamento do TCE nesta quarta"},"previousItem":{"@type":"ListItem","@id":"https:\/\/www.jornalja.com.br\/arquivo#listItem","name":"Home"}},{"@type":"ListItem","@id":"https:\/\/www.jornalja.com.br\/arquivo\/servidores-das-fundacoes-fazem-mobilizacao-para-julgamento-do-tce-nesta-quarta\/#listItem","position":3,"name":"Servidores das funda\u00e7\u00f5es fazem mobiliza\u00e7\u00e3o para julgamento do TCE nesta quarta","previousItem":{"@type":"ListItem","@id":"https:\/\/www.jornalja.com.br\/arquivo\/category\/geral\/#listItem","name":"Geral"}}]},{"@type":"Organization","@id":"https:\/\/www.jornalja.com.br\/arquivo\/#organization","name":"Jornal J\u00c1","description":"Jornal J\u00c1 | Porto Alegre","url":"https:\/\/www.jornalja.com.br\/arquivo\/","telephone":"+555133307272","logo":{"@type":"ImageObject","url":"https:\/\/www.jornalja.com.br\/wp-content\/uploads\/cards\/JAslogan.png","@id":"https:\/\/www.jornalja.com.br\/arquivo\/servidores-das-fundacoes-fazem-mobilizacao-para-julgamento-do-tce-nesta-quarta\/#organizationLogo"},"image":{"@id":"https:\/\/www.jornalja.com.br\/arquivo\/servidores-das-fundacoes-fazem-mobilizacao-para-julgamento-do-tce-nesta-quarta\/#organizationLogo"}},{"@type":"Person","@id":"https:\/\/www.jornalja.com.br\/arquivo\/author\/daredacao\/#author","url":"https:\/\/www.jornalja.com.br\/arquivo\/author\/daredacao\/","name":"da Reda\u00e7\u00e3o","image":{"@type":"ImageObject","@id":"https:\/\/www.jornalja.com.br\/arquivo\/servidores-das-fundacoes-fazem-mobilizacao-para-julgamento-do-tce-nesta-quarta\/#authorImage","url":"https:\/\/secure.gravatar.com\/avatar\/469fd857d6605ad19919d27ed29d35a968a25f6e8fd9318356bbb7f57aae9c65?s=96&d=mm&r=g","width":96,"height":96,"caption":"da Reda\u00e7\u00e3o"}},{"@type":"WebPage","@id":"https:\/\/www.jornalja.com.br\/arquivo\/servidores-das-fundacoes-fazem-mobilizacao-para-julgamento-do-tce-nesta-quarta\/#webpage","url":"https:\/\/www.jornalja.com.br\/arquivo\/servidores-das-fundacoes-fazem-mobilizacao-para-julgamento-do-tce-nesta-quarta\/","name":"Servidores das funda\u00e7\u00f5es fazem mobiliza\u00e7\u00e3o para julgamento do TCE nesta quarta | Arquivo","inLanguage":"pt-BR","isPartOf":{"@id":"https:\/\/www.jornalja.com.br\/arquivo\/#website"},"breadcrumb":{"@id":"https:\/\/www.jornalja.com.br\/arquivo\/servidores-das-fundacoes-fazem-mobilizacao-para-julgamento-do-tce-nesta-quarta\/#breadcrumblist"},"author":{"@id":"https:\/\/www.jornalja.com.br\/arquivo\/author\/daredacao\/#author"},"creator":{"@id":"https:\/\/www.jornalja.com.br\/arquivo\/author\/daredacao\/#author"},"image":{"@type":"ImageObject","url":56583,"@id":"https:\/\/www.jornalja.com.br\/arquivo\/servidores-das-fundacoes-fazem-mobilizacao-para-julgamento-do-tce-nesta-quarta\/#mainImage"},"primaryImageOfPage":{"@id":"https:\/\/www.jornalja.com.br\/arquivo\/servidores-das-fundacoes-fazem-mobilizacao-para-julgamento-do-tce-nesta-quarta\/#mainImage"},"datePublished":"2017-10-25T10:13:43-02:00","dateModified":"2017-10-25T10:13:43-02:00"},{"@type":"WebSite","@id":"https:\/\/www.jornalja.com.br\/arquivo\/#website","url":"https:\/\/www.jornalja.com.br\/arquivo\/","name":"Arquivo","description":"Jornal J\u00c1 | Porto Alegre","inLanguage":"pt-BR","publisher":{"@id":"https:\/\/www.jornalja.com.br\/arquivo\/#organization"}}]},"og:locale":"pt_BR","og:site_name":"Arquivo | Jornal J\u00c1 | Porto Alegre","og:type":"article","og:title":"Servidores das funda\u00e7\u00f5es fazem mobiliza\u00e7\u00e3o para julgamento do TCE nesta quarta | Arquivo","og:url":"https:\/\/www.jornalja.com.br\/arquivo\/servidores-das-fundacoes-fazem-mobilizacao-para-julgamento-do-tce-nesta-quarta\/","og:image":"https:\/\/www.jornalja.com.br\/economics\/wp-content\/uploads\/sites\/11\/2026\/08\/ja-folhaderosto-facebook.jpg","og:image:secure_url":"https:\/\/www.jornalja.com.br\/economics\/wp-content\/uploads\/sites\/11\/2026\/08\/ja-folhaderosto-facebook.jpg","article:published_time":"2017-10-25T13:13:43+00:00","article:modified_time":"2017-10-25T13:13:43+00:00","twitter:card":"summary","twitter:title":"Servidores das funda\u00e7\u00f5es fazem mobiliza\u00e7\u00e3o para julgamento do TCE nesta quarta | Arquivo","twitter:image":"https:\/\/www.jornalja.com.br\/economics\/wp-content\/uploads\/sites\/11\/2026\/08\/ja-folhaderosto-facebook.jpg"},"aioseo_meta_data":{"post_id":"56729","title":null,"description":null,"keywords":null,"keyphrases":null,"primary_term":null,"canonical_url":null,"og_title":null,"og_description":null,"og_object_type":"default","og_image_type":"default","og_image_url":null,"og_image_width":null,"og_image_height":null,"og_image_custom_url":null,"og_image_custom_fields":null,"og_video":null,"og_custom_url":null,"og_article_section":null,"og_article_tags":null,"twitter_use_og":false,"twitter_card":"default","twitter_image_type":"default","twitter_image_url":null,"twitter_image_custom_url":null,"twitter_image_custom_fields":null,"twitter_title":null,"twitter_description":null,"schema":{"blockGraphs":[],"customGraphs":[],"default":{"data":{"Article":[],"Course":[],"Dataset":[],"FAQPage":[],"Movie":[],"Person":[],"Product":[],"ProductReview":[],"Car":[],"Recipe":[],"Service":[],"SoftwareApplication":[],"WebPage":[]},"graphName":"","isEnabled":true},"graphs":[]},"schema_type":null,"schema_type_options":null,"pillar_content":false,"robots_default":true,"robots_noindex":false,"robots_noarchive":false,"robots_nosnippet":false,"robots_nofollow":false,"robots_noimageindex":false,"robots_noodp":false,"robots_notranslate":false,"robots_max_snippet":null,"robots_max_videopreview":null,"robots_max_imagepreview":"large","priority":null,"frequency":null,"location":null,"local_seo":null,"breadcrumb_settings":null,"limit_modified_date":false,"ai":null,"created":"2020-12-20 20:21:53","updated":"2025-07-20 02:00:03","seo_analyzer_scan_date":null,"focus_keyword":null,"additional_keywords":null,"truseo_locale":null},"jetpack_sharing_enabled":true,"jetpack-related-posts":[{"id":13128,"url":"https:\/\/www.jornalja.com.br\/arquivo\/maconha-terra-diz-que-uso-medicinal-e-desculpa\/","url_meta":{"origin":56729,"position":0},"title":"Maconha: Terra diz que uso medicinal \u00e9 desculpa","author":"Patr\u00edcia Marini","date":"4 de junho de 2014","format":false,"excerpt":"A condi\u00e7\u00e3o de pol\u00edtico, em \u00e9poca de campanha de campanha eleitoral, tira for\u00e7a do discurso do m\u00e9dico Osmar Terra contra a legaliza\u00e7\u00e3o da maconha. A tese dele de que a libera\u00e7\u00e3o vai ampliar exponencialmente o consumo \u00e9 discutivel, o consumo \u00e9 corrente. Mas seus alertas quanto aos riscos tem que\u2026","rel":"","context":"Em &quot;X.Categorias velhas&quot;","block_context":{"text":"X.Categorias velhas","link":"https:\/\/www.jornalja.com.br\/arquivo\/category\/x-categorias-velhas\/"},"img":{"alt_text":"","src":"","width":0,"height":0},"classes":[]},{"id":13240,"url":"https:\/\/www.jornalja.com.br\/arquivo\/plano-diretor-estamos-construindo-o-caos\/","url_meta":{"origin":56729,"position":1},"title":"Plano diretor: &quot;Estamos construindo o caos&quot;","author":"Patr\u00edcia Marini","date":"26 de maio de 2014","format":false,"excerpt":"Desabafo que arquiteta Eliana Castilhos, delegada da Regi\u00e3o de Planejamento 1, postou nas redes sociais \u00e9 um testemunho do ambiente que se criou no Conselho do Plano Diretor de Porto Alegre, onde a aprova\u00e7\u00e3o de grandes empreendimentos \u00e9 empurrada guela abaixo dos conselheiros. Ao CMDUA Como delegada da Regi\u00e3o de\u2026","rel":"","context":"Em &quot;Geral&quot;","block_context":{"text":"Geral","link":"https:\/\/www.jornalja.com.br\/arquivo\/category\/geral\/"},"img":{"alt_text":"","src":"","width":0,"height":0},"classes":[]},{"id":12960,"url":"https:\/\/www.jornalja.com.br\/arquivo\/populacao-culpa-empresas-pela-greve-dos-rodoviarios\/","url_meta":{"origin":56729,"position":2},"title":"Popula\u00e7\u00e3o culpa empresas pela greve","author":"Patr\u00edcia Marini","date":"14 de fevereiro de 2014","format":false,"excerpt":"Pesquisa divulgada na edi\u00e7\u00e3o do jornal Metro desta sexta-feira,14, comprova o velho ditado: \u00e9 poss\u00edvel enganar muitos por algum tempo, mas n\u00e3o \u00e9 poss\u00edvel enganar a todos o tempo inteiro. A principal revela\u00e7\u00e3o foi que 59,8% dos entrevistados apontaram as empresas como as principais respons\u00e1veis pela grave e 46% culparam\u2026","rel":"","context":"Em &quot;X.Categorias velhas&quot;","block_context":{"text":"X.Categorias velhas","link":"https:\/\/www.jornalja.com.br\/arquivo\/category\/x-categorias-velhas\/"},"img":{"alt_text":"","src":"","width":0,"height":0},"classes":[]},{"id":13109,"url":"https:\/\/www.jornalja.com.br\/arquivo\/judiciario-reconhece-poluicao-eletromagnetica\/","url_meta":{"origin":56729,"position":3},"title":"Judici\u00e1rio reconhece polui\u00e7\u00e3o eletromagn\u00e9tica","author":"Patr\u00edcia Marini","date":"16 de maio de 2014","format":false,"excerpt":"A\u00e7\u00e3o de duas associa\u00e7\u00f5es de moradores foi acolhida pelo Tribunal de Justi\u00e7a de S\u00e3o Paulo que. em decis\u00e3o in\u00e9dita, determinou a redu\u00e7\u00e3o do campo eletromagn\u00e9tico gerado pelas linhas de transmiss\u00e3o de energia que cortam os bairros City Boa\u00e7ava e Alto de Pinheiros. \u00c9 a primeira vez que um tribunal do\u2026","rel":"","context":"Em &quot;X.Categorias velhas&quot;","block_context":{"text":"X.Categorias velhas","link":"https:\/\/www.jornalja.com.br\/arquivo\/category\/x-categorias-velhas\/"},"img":{"alt_text":"","src":"","width":0,"height":0},"classes":[]},{"id":14241,"url":"https:\/\/www.jornalja.com.br\/arquivo\/o-guaiba-nas-imagens-poeticas-de-achutti\/","url_meta":{"origin":56729,"position":4},"title":"O Gua\u00edba nas imagens po\u00e9ticas de Achutti","author":"da Reda\u00e7\u00e3o","date":"18 de junho de 2014","format":false,"excerpt":"Em \u201cO Gua\u00edba por Achutti\u201d \u2013 obra financiada via Minist\u00e9rio da Cultura, produ\u00e7\u00e3o executiva de Pedro Longhi, e Fl\u00e1vio Wild como designer \u2013, o fot\u00f3grafo revela a beleza e as mazelas de um espa\u00e7o aqu\u00e1tico de \u00e1guas sempre renovadas, cheio de hist\u00f3rias e lendas como as das cidades que foram\u2026","rel":"","context":"Em &quot;Cultura-Geral&quot;","block_context":{"text":"Cultura-Geral","link":"https:\/\/www.jornalja.com.br\/arquivo\/category\/materiasecundaria\/"},"img":{"alt_text":"","src":"","width":0,"height":0},"classes":[]},{"id":13124,"url":"https:\/\/www.jornalja.com.br\/arquivo\/sangue-latino-no-iecine\/","url_meta":{"origin":56729,"position":5},"title":"Sangue latino no IECINE","author":"da Reda\u00e7\u00e3o","date":"18 de maio de 2014","format":false,"excerpt":"Francisco Ribeiro O Instituto Estadual de Cinema (IECINE) tem a frente, desde abril \u00faltimo, um novo diretor, o cineasta colombiano Juan Zapata, 36, que substitui Luiz Alberto Cassol. Radicado h\u00e1 dez anos em Porto Alegre, Zapata tem diante de si o desafio de conduzir at\u00e9 o final do ano um\u2026","rel":"","context":"Em &quot;Cultura-Geral&quot;","block_context":{"text":"Cultura-Geral","link":"https:\/\/www.jornalja.com.br\/arquivo\/category\/materiasecundaria\/"},"img":{"alt_text":"","src":"","width":0,"height":0},"classes":[]}],"jetpack_shortlink":"https:\/\/wp.me\/pbQjBd-eKZ","jetpack_featured_media_url":"","_links":{"self":[{"href":"https:\/\/www.jornalja.com.br\/arquivo\/wp-json\/wp\/v2\/posts\/56729","targetHints":{"allow":["GET"]}}],"collection":[{"href":"https:\/\/www.jornalja.com.br\/arquivo\/wp-json\/wp\/v2\/posts"}],"about":[{"href":"https:\/\/www.jornalja.com.br\/arquivo\/wp-json\/wp\/v2\/types\/post"}],"author":[{"embeddable":true,"href":"https:\/\/www.jornalja.com.br\/arquivo\/wp-json\/wp\/v2\/users\/4"}],"replies":[{"embeddable":true,"href":"https:\/\/www.jornalja.com.br\/arquivo\/wp-json\/wp\/v2\/comments?post=56729"}],"version-history":[{"count":0,"href":"https:\/\/www.jornalja.com.br\/arquivo\/wp-json\/wp\/v2\/posts\/56729\/revisions"}],"wp:attachment":[{"href":"https:\/\/www.jornalja.com.br\/arquivo\/wp-json\/wp\/v2\/media?parent=56729"}],"wp:term":[{"taxonomy":"category","embeddable":true,"href":"https:\/\/www.jornalja.com.br\/arquivo\/wp-json\/wp\/v2\/categories?post=56729"},{"taxonomy":"post_tag","embeddable":true,"href":"https:\/\/www.jornalja.com.br\/arquivo\/wp-json\/wp\/v2\/tags?post=56729"}],"curies":[{"name":"wp","href":"https:\/\/api.w.org\/{rel}","templated":true}]}}