{"id":56731,"date":"2017-10-25T10:18:04","date_gmt":"2017-10-25T13:18:04","guid":{"rendered":"https:\/\/www.jornalja.com.br\/?p=56731"},"modified":"2017-10-25T10:18:04","modified_gmt":"2017-10-25T13:18:04","slug":"embaixador-celso-amorim-e-palestrante-na-al","status":"publish","type":"post","link":"https:\/\/www.jornalja.com.br\/arquivo\/embaixador-celso-amorim-e-palestrante-na-al\/","title":{"rendered":"Embaixador Celso Amorim \u00e9 palestrante na AL"},"content":{"rendered":"<p>A pol\u00edtica externa e o desenvolvimento ser\u00e1 o tema da s\u00e9tima edi\u00e7\u00e3o do F\u00f3rum dos Grandes Debates em 2017. A atividade, que \u00e9 promovida pelo F\u00f3rum Democr\u00e1tico de Desenvolvimento Regional, ter\u00e1 o embaixador Celso Amorim e ocorre nesta quarta-feira, 25\/10, no Teatro Dante Barone da Assembleia Legislativa , no Centro de Porto Alegre. A entrada \u00e9 franca.<br \/>\nO presidente da AL, deputado Edegar Pretto (PT), destacou a relev\u00e2ncia do evento. &#8220;Se trata de um importante debate, num momento em que o Brasil passa por diversos reveses e retrocessos em sua democracia, com resultados negativos para a popula\u00e7\u00e3o, incluindo a inser\u00e7\u00e3o do pa\u00eds no cen\u00e1rio internacional, que resulta numa perda significativa do protagonismo que hav\u00edamos conquistado na \u00faltima d\u00e9cada\u201d, afirmou.<br \/>\n<strong>Palestrante &#8211; <\/strong>O embaixador Celso Amorim, formado pelo Instituto Rio Branco e p\u00f3s-graduado em Rela\u00e7\u00f5es Internacionais pela Academia Diplom\u00e1tica de Viena (\u00c1ustria), ocupou por duas vezes o cargo de ministro das Rela\u00e7\u00f5es Exteriores do Brasil: de 1993 a1995, no governo Itamar Franco, e de 2003 a 2010, no governo Lula. Tamb\u00e9m foi ministro da Defesa de 2001 a 2015, no governo Dilma Rousseff.<br \/>\nDurante o governo Lula, Amorim foi respons\u00e1vel pela formula\u00e7\u00e3o e coordena\u00e7\u00e3o da chamada \u201cdiplomacia ativa e altiva\u201d, que caracterizou a pol\u00edtica externa independente, soberana e multilateralista do pa\u00eds durante o per\u00edodo. Incluiu entre os principais objetivos da pol\u00edtica exterior a luta contra a fome, a pobreza e o unilateralismo, a defesa da integra\u00e7\u00e3o latino-americana e sul-americana, al\u00e9m da paz entre os povos. Tamb\u00e9m formulou coaliz\u00f5es com pa\u00edses do hemisf\u00e9rio sul e participou ativamente na institucionaliza\u00e7\u00e3o dos BRICs.<br \/>\n<img loading=\"lazy\" decoding=\"async\" class=\"alignnone size-medium wp-image-56732\" src=\"https:\/\/www.jornalja.com.br\/wp-content\/uploads\/2017\/10\/222812_G-400x266.jpg\" alt=\"\" width=\"400\" height=\"266\" \/><\/p>\n","protected":false},"excerpt":{"rendered":"<p>A pol\u00edtica externa e o desenvolvimento ser\u00e1 o tema da s\u00e9tima edi\u00e7\u00e3o do F\u00f3rum dos Grandes Debates em 2017. A atividade, que \u00e9 promovida pelo F\u00f3rum Democr\u00e1tico de Desenvolvimento Regional, ter\u00e1 o embaixador Celso Amorim e ocorre nesta quarta-feira, 25\/10, no Teatro Dante Barone da Assembleia Legislativa , no Centro de Porto Alegre. A entrada [&hellip;]<\/p>\n","protected":false},"author":4,"featured_media":0,"comment_status":"open","ping_status":"closed","sticky":false,"template":"","format":"standard","meta":{"_jetpack_newsletter_access":"","_jetpack_dont_email_post_to_subs":false,"_jetpack_newsletter_tier_id":0,"_jetpack_memberships_contains_paywalled_content":false,"_jetpack_feature_clip_id":0,"_jetpack_memberships_contains_paid_content":false,"footnotes":"","jetpack_post_was_ever_published":false},"categories":[2016],"tags":[],"class_list":["post-56731","post","type-post","status-publish","format-standard","hentry","category-materia-vencida"],"aioseo_notices":[],"aioseo_head":"\n\t\t<!-- All in One SEO 5.0.1.1 - aioseo.com -->\n\t<meta name=\"robots\" content=\"max-image-preview:large\" \/>\n\t<meta name=\"author\" content=\"da Reda\u00e7\u00e3o\"\/>\n\t<link rel=\"canonical\" href=\"https:\/\/www.jornalja.com.br\/arquivo\/embaixador-celso-amorim-e-palestrante-na-al\/\" \/>\n\t<meta name=\"generator\" content=\"All in One SEO (AIOSEO) 5.0.1.1\" \/>\n\t\t<meta property=\"og:locale\" content=\"pt_BR\" \/>\n\t\t<meta property=\"og:site_name\" content=\"Arquivo | Jornal J\u00c1 | Porto Alegre\" \/>\n\t\t<meta property=\"og:type\" content=\"article\" \/>\n\t\t<meta property=\"og:title\" content=\"Embaixador Celso Amorim \u00e9 palestrante na AL | Arquivo\" \/>\n\t\t<meta property=\"og:url\" content=\"https:\/\/www.jornalja.com.br\/arquivo\/embaixador-celso-amorim-e-palestrante-na-al\/\" \/>\n\t\t<meta property=\"og:image\" content=\"https:\/\/www.jornalja.com.br\/wp-content\/uploads\/2017\/10\/222812_G-400x266.jpg\" \/>\n\t\t<meta property=\"og:image:secure_url\" content=\"https:\/\/www.jornalja.com.br\/wp-content\/uploads\/2017\/10\/222812_G-400x266.jpg\" \/>\n\t\t<meta property=\"article:published_time\" content=\"2017-10-25T13:18:04+00:00\" \/>\n\t\t<meta property=\"article:modified_time\" content=\"2017-10-25T13:18:04+00:00\" \/>\n\t\t<meta name=\"twitter:card\" content=\"summary\" \/>\n\t\t<meta name=\"twitter:title\" content=\"Embaixador Celso Amorim \u00e9 palestrante na AL | Arquivo\" \/>\n\t\t<meta name=\"twitter:image\" content=\"https:\/\/www.jornalja.com.br\/economics\/wp-content\/uploads\/sites\/11\/2026\/08\/ja-folhaderosto-facebook.jpg\" \/>\n\t\t<script type=\"application\/ld+json\" class=\"aioseo-schema\">\n\t\t\t{\"@context\":\"https:\\\/\\\/schema.org\",\"@graph\":[{\"@type\":\"BlogPosting\",\"@id\":\"https:\\\/\\\/www.jornalja.com.br\\\/arquivo\\\/embaixador-celso-amorim-e-palestrante-na-al\\\/#blogposting\",\"name\":\"Embaixador Celso Amorim \\u00e9 palestrante na AL | Arquivo\",\"headline\":\"Embaixador Celso Amorim \\u00e9 palestrante na AL\",\"author\":{\"@id\":\"https:\\\/\\\/www.jornalja.com.br\\\/arquivo\\\/author\\\/daredacao\\\/#author\"},\"publisher\":{\"@id\":\"https:\\\/\\\/www.jornalja.com.br\\\/arquivo\\\/#organization\"},\"image\":{\"@type\":\"ImageObject\",\"url\":\"https:\\\/\\\/www.jornalja.com.br\\\/wp-content\\\/uploads\\\/2017\\\/10\\\/222812_G-400x266.jpg\",\"@id\":\"https:\\\/\\\/www.jornalja.com.br\\\/arquivo\\\/embaixador-celso-amorim-e-palestrante-na-al\\\/#articleImage\"},\"datePublished\":\"2017-10-25T10:18:04-02:00\",\"dateModified\":\"2017-10-25T10:18:04-02:00\",\"inLanguage\":\"pt-BR\",\"mainEntityOfPage\":{\"@id\":\"https:\\\/\\\/www.jornalja.com.br\\\/arquivo\\\/embaixador-celso-amorim-e-palestrante-na-al\\\/#webpage\"},\"isPartOf\":{\"@id\":\"https:\\\/\\\/www.jornalja.com.br\\\/arquivo\\\/embaixador-celso-amorim-e-palestrante-na-al\\\/#webpage\"},\"articleSection\":\"Mat\\u00e9ria vencida\"},{\"@type\":\"BreadcrumbList\",\"@id\":\"https:\\\/\\\/www.jornalja.com.br\\\/arquivo\\\/embaixador-celso-amorim-e-palestrante-na-al\\\/#breadcrumblist\",\"itemListElement\":[{\"@type\":\"ListItem\",\"@id\":\"https:\\\/\\\/www.jornalja.com.br\\\/arquivo#listItem\",\"position\":1,\"name\":\"Home\",\"item\":\"https:\\\/\\\/www.jornalja.com.br\\\/arquivo\",\"nextItem\":{\"@type\":\"ListItem\",\"@id\":\"https:\\\/\\\/www.jornalja.com.br\\\/arquivo\\\/category\\\/materia-vencida\\\/#listItem\",\"name\":\"Mat\\u00e9ria vencida\"}},{\"@type\":\"ListItem\",\"@id\":\"https:\\\/\\\/www.jornalja.com.br\\\/arquivo\\\/category\\\/materia-vencida\\\/#listItem\",\"position\":2,\"name\":\"Mat\\u00e9ria vencida\",\"item\":\"https:\\\/\\\/www.jornalja.com.br\\\/arquivo\\\/category\\\/materia-vencida\\\/\",\"nextItem\":{\"@type\":\"ListItem\",\"@id\":\"https:\\\/\\\/www.jornalja.com.br\\\/arquivo\\\/embaixador-celso-amorim-e-palestrante-na-al\\\/#listItem\",\"name\":\"Embaixador Celso Amorim \\u00e9 palestrante na AL\"},\"previousItem\":{\"@type\":\"ListItem\",\"@id\":\"https:\\\/\\\/www.jornalja.com.br\\\/arquivo#listItem\",\"name\":\"Home\"}},{\"@type\":\"ListItem\",\"@id\":\"https:\\\/\\\/www.jornalja.com.br\\\/arquivo\\\/embaixador-celso-amorim-e-palestrante-na-al\\\/#listItem\",\"position\":3,\"name\":\"Embaixador Celso Amorim \\u00e9 palestrante na AL\",\"previousItem\":{\"@type\":\"ListItem\",\"@id\":\"https:\\\/\\\/www.jornalja.com.br\\\/arquivo\\\/category\\\/materia-vencida\\\/#listItem\",\"name\":\"Mat\\u00e9ria vencida\"}}]},{\"@type\":\"Organization\",\"@id\":\"https:\\\/\\\/www.jornalja.com.br\\\/arquivo\\\/#organization\",\"name\":\"Jornal J\\u00c1\",\"description\":\"Jornal J\\u00c1 | Porto Alegre\",\"url\":\"https:\\\/\\\/www.jornalja.com.br\\\/arquivo\\\/\",\"telephone\":\"+555133307272\",\"logo\":{\"@type\":\"ImageObject\",\"url\":\"https:\\\/\\\/www.jornalja.com.br\\\/wp-content\\\/uploads\\\/cards\\\/JAslogan.png\",\"@id\":\"https:\\\/\\\/www.jornalja.com.br\\\/arquivo\\\/embaixador-celso-amorim-e-palestrante-na-al\\\/#organizationLogo\"},\"image\":{\"@id\":\"https:\\\/\\\/www.jornalja.com.br\\\/arquivo\\\/embaixador-celso-amorim-e-palestrante-na-al\\\/#organizationLogo\"}},{\"@type\":\"Person\",\"@id\":\"https:\\\/\\\/www.jornalja.com.br\\\/arquivo\\\/author\\\/daredacao\\\/#author\",\"url\":\"https:\\\/\\\/www.jornalja.com.br\\\/arquivo\\\/author\\\/daredacao\\\/\",\"name\":\"da Reda\\u00e7\\u00e3o\",\"image\":{\"@type\":\"ImageObject\",\"@id\":\"https:\\\/\\\/www.jornalja.com.br\\\/arquivo\\\/embaixador-celso-amorim-e-palestrante-na-al\\\/#authorImage\",\"url\":\"https:\\\/\\\/secure.gravatar.com\\\/avatar\\\/469fd857d6605ad19919d27ed29d35a968a25f6e8fd9318356bbb7f57aae9c65?s=96&d=mm&r=g\",\"width\":96,\"height\":96,\"caption\":\"da Reda\\u00e7\\u00e3o\"}},{\"@type\":\"WebPage\",\"@id\":\"https:\\\/\\\/www.jornalja.com.br\\\/arquivo\\\/embaixador-celso-amorim-e-palestrante-na-al\\\/#webpage\",\"url\":\"https:\\\/\\\/www.jornalja.com.br\\\/arquivo\\\/embaixador-celso-amorim-e-palestrante-na-al\\\/\",\"name\":\"Embaixador Celso Amorim \\u00e9 palestrante na AL | Arquivo\",\"inLanguage\":\"pt-BR\",\"isPartOf\":{\"@id\":\"https:\\\/\\\/www.jornalja.com.br\\\/arquivo\\\/#website\"},\"breadcrumb\":{\"@id\":\"https:\\\/\\\/www.jornalja.com.br\\\/arquivo\\\/embaixador-celso-amorim-e-palestrante-na-al\\\/#breadcrumblist\"},\"author\":{\"@id\":\"https:\\\/\\\/www.jornalja.com.br\\\/arquivo\\\/author\\\/daredacao\\\/#author\"},\"creator\":{\"@id\":\"https:\\\/\\\/www.jornalja.com.br\\\/arquivo\\\/author\\\/daredacao\\\/#author\"},\"datePublished\":\"2017-10-25T10:18:04-02:00\",\"dateModified\":\"2017-10-25T10:18:04-02:00\"},{\"@type\":\"WebSite\",\"@id\":\"https:\\\/\\\/www.jornalja.com.br\\\/arquivo\\\/#website\",\"url\":\"https:\\\/\\\/www.jornalja.com.br\\\/arquivo\\\/\",\"name\":\"Arquivo\",\"description\":\"Jornal J\\u00c1 | Porto Alegre\",\"inLanguage\":\"pt-BR\",\"publisher\":{\"@id\":\"https:\\\/\\\/www.jornalja.com.br\\\/arquivo\\\/#organization\"}}]}\n\t\t<\/script>\n\t\t<!-- All in One SEO -->\n\n","aioseo_head_json":{"title":"Embaixador Celso Amorim \u00e9 palestrante na AL | Arquivo","description":"","canonical_url":"https:\/\/www.jornalja.com.br\/arquivo\/embaixador-celso-amorim-e-palestrante-na-al\/","robots":"max-image-preview:large","keywords":"","webmasterTools":{"miscellaneous":""},"schema":{"@context":"https:\/\/schema.org","@graph":[{"@type":"BlogPosting","@id":"https:\/\/www.jornalja.com.br\/arquivo\/embaixador-celso-amorim-e-palestrante-na-al\/#blogposting","name":"Embaixador Celso Amorim \u00e9 palestrante na AL | Arquivo","headline":"Embaixador Celso Amorim \u00e9 palestrante na AL","author":{"@id":"https:\/\/www.jornalja.com.br\/arquivo\/author\/daredacao\/#author"},"publisher":{"@id":"https:\/\/www.jornalja.com.br\/arquivo\/#organization"},"image":{"@type":"ImageObject","url":"https:\/\/www.jornalja.com.br\/wp-content\/uploads\/2017\/10\/222812_G-400x266.jpg","@id":"https:\/\/www.jornalja.com.br\/arquivo\/embaixador-celso-amorim-e-palestrante-na-al\/#articleImage"},"datePublished":"2017-10-25T10:18:04-02:00","dateModified":"2017-10-25T10:18:04-02:00","inLanguage":"pt-BR","mainEntityOfPage":{"@id":"https:\/\/www.jornalja.com.br\/arquivo\/embaixador-celso-amorim-e-palestrante-na-al\/#webpage"},"isPartOf":{"@id":"https:\/\/www.jornalja.com.br\/arquivo\/embaixador-celso-amorim-e-palestrante-na-al\/#webpage"},"articleSection":"Mat\u00e9ria vencida"},{"@type":"BreadcrumbList","@id":"https:\/\/www.jornalja.com.br\/arquivo\/embaixador-celso-amorim-e-palestrante-na-al\/#breadcrumblist","itemListElement":[{"@type":"ListItem","@id":"https:\/\/www.jornalja.com.br\/arquivo#listItem","position":1,"name":"Home","item":"https:\/\/www.jornalja.com.br\/arquivo","nextItem":{"@type":"ListItem","@id":"https:\/\/www.jornalja.com.br\/arquivo\/category\/materia-vencida\/#listItem","name":"Mat\u00e9ria vencida"}},{"@type":"ListItem","@id":"https:\/\/www.jornalja.com.br\/arquivo\/category\/materia-vencida\/#listItem","position":2,"name":"Mat\u00e9ria vencida","item":"https:\/\/www.jornalja.com.br\/arquivo\/category\/materia-vencida\/","nextItem":{"@type":"ListItem","@id":"https:\/\/www.jornalja.com.br\/arquivo\/embaixador-celso-amorim-e-palestrante-na-al\/#listItem","name":"Embaixador Celso Amorim \u00e9 palestrante na AL"},"previousItem":{"@type":"ListItem","@id":"https:\/\/www.jornalja.com.br\/arquivo#listItem","name":"Home"}},{"@type":"ListItem","@id":"https:\/\/www.jornalja.com.br\/arquivo\/embaixador-celso-amorim-e-palestrante-na-al\/#listItem","position":3,"name":"Embaixador Celso Amorim \u00e9 palestrante na AL","previousItem":{"@type":"ListItem","@id":"https:\/\/www.jornalja.com.br\/arquivo\/category\/materia-vencida\/#listItem","name":"Mat\u00e9ria vencida"}}]},{"@type":"Organization","@id":"https:\/\/www.jornalja.com.br\/arquivo\/#organization","name":"Jornal J\u00c1","description":"Jornal J\u00c1 | Porto Alegre","url":"https:\/\/www.jornalja.com.br\/arquivo\/","telephone":"+555133307272","logo":{"@type":"ImageObject","url":"https:\/\/www.jornalja.com.br\/wp-content\/uploads\/cards\/JAslogan.png","@id":"https:\/\/www.jornalja.com.br\/arquivo\/embaixador-celso-amorim-e-palestrante-na-al\/#organizationLogo"},"image":{"@id":"https:\/\/www.jornalja.com.br\/arquivo\/embaixador-celso-amorim-e-palestrante-na-al\/#organizationLogo"}},{"@type":"Person","@id":"https:\/\/www.jornalja.com.br\/arquivo\/author\/daredacao\/#author","url":"https:\/\/www.jornalja.com.br\/arquivo\/author\/daredacao\/","name":"da Reda\u00e7\u00e3o","image":{"@type":"ImageObject","@id":"https:\/\/www.jornalja.com.br\/arquivo\/embaixador-celso-amorim-e-palestrante-na-al\/#authorImage","url":"https:\/\/secure.gravatar.com\/avatar\/469fd857d6605ad19919d27ed29d35a968a25f6e8fd9318356bbb7f57aae9c65?s=96&d=mm&r=g","width":96,"height":96,"caption":"da Reda\u00e7\u00e3o"}},{"@type":"WebPage","@id":"https:\/\/www.jornalja.com.br\/arquivo\/embaixador-celso-amorim-e-palestrante-na-al\/#webpage","url":"https:\/\/www.jornalja.com.br\/arquivo\/embaixador-celso-amorim-e-palestrante-na-al\/","name":"Embaixador Celso Amorim \u00e9 palestrante na AL | Arquivo","inLanguage":"pt-BR","isPartOf":{"@id":"https:\/\/www.jornalja.com.br\/arquivo\/#website"},"breadcrumb":{"@id":"https:\/\/www.jornalja.com.br\/arquivo\/embaixador-celso-amorim-e-palestrante-na-al\/#breadcrumblist"},"author":{"@id":"https:\/\/www.jornalja.com.br\/arquivo\/author\/daredacao\/#author"},"creator":{"@id":"https:\/\/www.jornalja.com.br\/arquivo\/author\/daredacao\/#author"},"datePublished":"2017-10-25T10:18:04-02:00","dateModified":"2017-10-25T10:18:04-02:00"},{"@type":"WebSite","@id":"https:\/\/www.jornalja.com.br\/arquivo\/#website","url":"https:\/\/www.jornalja.com.br\/arquivo\/","name":"Arquivo","description":"Jornal J\u00c1 | Porto Alegre","inLanguage":"pt-BR","publisher":{"@id":"https:\/\/www.jornalja.com.br\/arquivo\/#organization"}}]},"og:locale":"pt_BR","og:site_name":"Arquivo | Jornal J\u00c1 | Porto Alegre","og:type":"article","og:title":"Embaixador Celso Amorim \u00e9 palestrante na AL | Arquivo","og:url":"https:\/\/www.jornalja.com.br\/arquivo\/embaixador-celso-amorim-e-palestrante-na-al\/","og:image":"https:\/\/www.jornalja.com.br\/wp-content\/uploads\/2017\/10\/222812_G-400x266.jpg","og:image:secure_url":"https:\/\/www.jornalja.com.br\/wp-content\/uploads\/2017\/10\/222812_G-400x266.jpg","article:published_time":"2017-10-25T13:18:04+00:00","article:modified_time":"2017-10-25T13:18:04+00:00","twitter:card":"summary","twitter:title":"Embaixador Celso Amorim \u00e9 palestrante na AL | Arquivo","twitter:image":"https:\/\/www.jornalja.com.br\/economics\/wp-content\/uploads\/sites\/11\/2026\/08\/ja-folhaderosto-facebook.jpg"},"aioseo_meta_data":{"post_id":"56731","title":null,"description":null,"keywords":null,"keyphrases":null,"primary_term":null,"canonical_url":null,"og_title":null,"og_description":null,"og_object_type":"default","og_image_type":"default","og_image_url":null,"og_image_width":null,"og_image_height":null,"og_image_custom_url":null,"og_image_custom_fields":null,"og_video":null,"og_custom_url":null,"og_article_section":null,"og_article_tags":null,"twitter_use_og":false,"twitter_card":"default","twitter_image_type":"default","twitter_image_url":null,"twitter_image_custom_url":null,"twitter_image_custom_fields":null,"twitter_title":null,"twitter_description":null,"schema":{"blockGraphs":[],"customGraphs":[],"default":{"data":{"Article":[],"Course":[],"Dataset":[],"FAQPage":[],"Movie":[],"Person":[],"Product":[],"ProductReview":[],"Car":[],"Recipe":[],"Service":[],"SoftwareApplication":[],"WebPage":[]},"graphName":"","isEnabled":true},"graphs":[]},"schema_type":null,"schema_type_options":null,"pillar_content":false,"robots_default":true,"robots_noindex":false,"robots_noarchive":false,"robots_nosnippet":false,"robots_nofollow":false,"robots_noimageindex":false,"robots_noodp":false,"robots_notranslate":false,"robots_max_snippet":null,"robots_max_videopreview":null,"robots_max_imagepreview":"large","priority":null,"frequency":null,"location":null,"local_seo":null,"breadcrumb_settings":null,"limit_modified_date":false,"ai":null,"created":"2020-12-20 20:21:53","updated":"2025-07-20 02:01:09","seo_analyzer_scan_date":null,"focus_keyword":null,"additional_keywords":null,"truseo_locale":null},"jetpack_sharing_enabled":true,"jetpack-related-posts":[{"id":13128,"url":"https:\/\/www.jornalja.com.br\/arquivo\/maconha-terra-diz-que-uso-medicinal-e-desculpa\/","url_meta":{"origin":56731,"position":0},"title":"Maconha: Terra diz que uso medicinal \u00e9 desculpa","author":"Patr\u00edcia Marini","date":"4 de junho de 2014","format":false,"excerpt":"A condi\u00e7\u00e3o de pol\u00edtico, em \u00e9poca de campanha de campanha eleitoral, tira for\u00e7a do discurso do m\u00e9dico Osmar Terra contra a legaliza\u00e7\u00e3o da maconha. A tese dele de que a libera\u00e7\u00e3o vai ampliar exponencialmente o consumo \u00e9 discutivel, o consumo \u00e9 corrente. Mas seus alertas quanto aos riscos tem que\u2026","rel":"","context":"Em &quot;X.Categorias velhas&quot;","block_context":{"text":"X.Categorias velhas","link":"https:\/\/www.jornalja.com.br\/arquivo\/category\/x-categorias-velhas\/"},"img":{"alt_text":"","src":"","width":0,"height":0},"classes":[]},{"id":13124,"url":"https:\/\/www.jornalja.com.br\/arquivo\/sangue-latino-no-iecine\/","url_meta":{"origin":56731,"position":1},"title":"Sangue latino no IECINE","author":"da Reda\u00e7\u00e3o","date":"18 de maio de 2014","format":false,"excerpt":"Francisco Ribeiro O Instituto Estadual de Cinema (IECINE) tem a frente, desde abril \u00faltimo, um novo diretor, o cineasta colombiano Juan Zapata, 36, que substitui Luiz Alberto Cassol. Radicado h\u00e1 dez anos em Porto Alegre, Zapata tem diante de si o desafio de conduzir at\u00e9 o final do ano um\u2026","rel":"","context":"Em &quot;Cultura-Geral&quot;","block_context":{"text":"Cultura-Geral","link":"https:\/\/www.jornalja.com.br\/arquivo\/category\/materiasecundaria\/"},"img":{"alt_text":"","src":"","width":0,"height":0},"classes":[]},{"id":12960,"url":"https:\/\/www.jornalja.com.br\/arquivo\/populacao-culpa-empresas-pela-greve-dos-rodoviarios\/","url_meta":{"origin":56731,"position":2},"title":"Popula\u00e7\u00e3o culpa empresas pela greve","author":"Patr\u00edcia Marini","date":"14 de fevereiro de 2014","format":false,"excerpt":"Pesquisa divulgada na edi\u00e7\u00e3o do jornal Metro desta sexta-feira,14, comprova o velho ditado: \u00e9 poss\u00edvel enganar muitos por algum tempo, mas n\u00e3o \u00e9 poss\u00edvel enganar a todos o tempo inteiro. A principal revela\u00e7\u00e3o foi que 59,8% dos entrevistados apontaram as empresas como as principais respons\u00e1veis pela grave e 46% culparam\u2026","rel":"","context":"Em &quot;X.Categorias velhas&quot;","block_context":{"text":"X.Categorias velhas","link":"https:\/\/www.jornalja.com.br\/arquivo\/category\/x-categorias-velhas\/"},"img":{"alt_text":"","src":"","width":0,"height":0},"classes":[]}],"jetpack_shortlink":"https:\/\/wp.me\/pbQjBd-eL1","jetpack_featured_media_url":"","_links":{"self":[{"href":"https:\/\/www.jornalja.com.br\/arquivo\/wp-json\/wp\/v2\/posts\/56731","targetHints":{"allow":["GET"]}}],"collection":[{"href":"https:\/\/www.jornalja.com.br\/arquivo\/wp-json\/wp\/v2\/posts"}],"about":[{"href":"https:\/\/www.jornalja.com.br\/arquivo\/wp-json\/wp\/v2\/types\/post"}],"author":[{"embeddable":true,"href":"https:\/\/www.jornalja.com.br\/arquivo\/wp-json\/wp\/v2\/users\/4"}],"replies":[{"embeddable":true,"href":"https:\/\/www.jornalja.com.br\/arquivo\/wp-json\/wp\/v2\/comments?post=56731"}],"version-history":[{"count":0,"href":"https:\/\/www.jornalja.com.br\/arquivo\/wp-json\/wp\/v2\/posts\/56731\/revisions"}],"wp:attachment":[{"href":"https:\/\/www.jornalja.com.br\/arquivo\/wp-json\/wp\/v2\/media?parent=56731"}],"wp:term":[{"taxonomy":"category","embeddable":true,"href":"https:\/\/www.jornalja.com.br\/arquivo\/wp-json\/wp\/v2\/categories?post=56731"},{"taxonomy":"post_tag","embeddable":true,"href":"https:\/\/www.jornalja.com.br\/arquivo\/wp-json\/wp\/v2\/tags?post=56731"}],"curies":[{"name":"wp","href":"https:\/\/api.w.org\/{rel}","templated":true}]}}